{"id":112722,"date":"2020-05-07T00:00:00","date_gmt":"2020-05-07T00:00:00","guid":{"rendered":"http:\/\/kt.printandscreen.rs\/eshte-larguar-gjendja-e-jashtezakonshme-ne-republiken-e-serbise\/"},"modified":"2024-07-30T18:04:55","modified_gmt":"2024-07-30T18:04:55","slug":"eshte-larguar-gjendja-e-jashtezakonshme-ne-republiken-e-serbise","status":"publish","type":"post","link":"https:\/\/kt.gov.rs\/sq\/eshte-larguar-gjendja-e-jashtezakonshme-ne-republiken-e-serbise\/","title":{"rendered":"\u00cbSHT\u00cb LARGUAR GJENDJA E JASHT\u00cbZAKONSHME N\u00cb REPUBLIK\u00cbN E SERBIS\u00cb"},"content":{"rendered":"<p>\n\t<strong><img decoding=\"async\" alt=\"\" src=\"https:\/\/kt.gov.rs\/wp-content\/uploads\/2024\/07\/1588840968_070520_1v-4.jpg\" style=\"width: 640px; height: 347px;\" \/><\/strong><\/p>\n<p>\n\t<strong>Beograd \u2013<\/strong> Kuvendi i Republik\u00ebs s\u00eb Serbis\u00eb mbr\u00ebm\u00eb ka larguar gjendjen e jasht\u00ebzakonshme, e cila \u00ebsht\u00eb vendosur m\u00eb 15 mars, p\u00ebr shkak t\u00eb epidemis\u00eb s\u00eb virusit korona.<\/p>\n<p>\n\tP\u00ebr heqjen e situat\u00ebs s\u00eb jasht\u00ebzakonshme kan\u00eb votuar 155 deputet\u00eb dhe nuk ka pasur deputet\u00eb q\u00eb ka votuar kund\u00ebr.<\/p>\n<p>\n\tHeqja e gjendjes s\u00eb jasht\u00ebzakonshme nuk do t\u00eb thot\u00eb q\u00eb t\u00eb kthehemi n\u00eb rutin\u00ebn para 15 marsit, sepse masa t\u00eb caktuara q\u00eb u prezantuan me q\u00ebllim t\u00eb zvog\u00eblimit t\u00eb mund\u00ebsis\u00eb s\u00eb p\u00ebrhapjes s\u00eb virusit korona mbeten ende n\u00eb fuqi. Ora policore u shfuqizua. Doreza dhe maska \u200b\u200bdo t\u00eb k\u00ebrkohen n\u00eb transportin publik, si dhe n\u00eb restorante dhe kafene. Mbajtja e nj\u00eb distanc\u00eb prej dy metrash mbetet n\u00eb fuqi, derisa kontaktet e njoftimit t\u00eb m\u00ebtejsh\u00ebm \u2013 p\u00ebrqafimet dhe shtr\u00ebngimet e duarve do t\u00eb duhet t\u00eb shmangen, nd\u00ebrsa ata mbi 65 vje\u00e7 do t\u00eb jen\u00eb n\u00eb gjendje t\u00eb l\u00ebvizin sa her\u00eb q\u00eb d\u00ebshirojn\u00eb, por rekomandohet q\u00eb ata t\u00eb vazhdojn\u00eb t\u00eb kalojn\u00eb m\u00eb shum\u00eb koh\u00eb n\u00eb sht\u00ebpit\u00eb e tyre. Ecja lejohet, por jo n\u00eb nj\u00eb grup. Festimet si dasmat, pag\u00ebzimet dhe dit\u00eblindjet do t\u00eb lejohen nga 15 qershori.<\/p>\n<p>\n\tKinemat\u00eb dhe teatrot nuk do t\u00eb fillojn\u00eb t\u00eb punojn\u00eb deri m\u00eb 31 maj. N\u00eb shkolla nuk do t\u00eb mbahet m\u00ebsim, vet\u00ebm q\u00ebndrimi ditor\u00a0 n\u00eb m\u00ebnyr\u00eb q\u00eb t\u00eb plot\u00ebsoj\u00eb nevojat e prind\u00ebrve q\u00eb duhet t\u00eb punojn\u00eb. Fakultetet do t\u00eb hapin dyert e tyre vet\u00ebm n\u00eb fund t\u00eb majit ose n\u00eb fillim t\u00eb qershorit, por vet\u00ebm p\u00ebr student\u00ebt q\u00eb i n\u00ebnshtrohen provimeve dhe q\u00eb duhet t\u00eb b\u00ebjn\u00eb ushtrime laboratorike.<\/p>\n<p>\n\tDeri n\u00eb 20 persona do t\u00eb lejohen t\u00eb mblidhen n\u00eb hap\u00ebsirat e hapura, k\u00ebshtu q\u00eb nuk do t\u00eb ket\u00eb aktivitete sportive para audienc\u00ebs. Transporti publik n\u00eb shumic\u00ebn e qyteteve ka filluar t\u00eb funksionoj\u00eb, por vet\u00ebm punonj\u00ebsit do t\u00eb jen\u00eb n\u00eb gjendje t\u00eb hipin n\u00eb autobus\u00eb.<\/p>\n<p>\n\tNj\u00ebmb\u00ebdhjet\u00eb dekrete q\u00eb ishin n\u00eb fuqi gjat\u00eb gjendjes s\u00eb jasht\u00ebzakonshme ishin shfuqizuar dhe kishin t\u00eb b\u00ebnin me organizimin e pun\u00ebs, pjes\u00eb e masave tatimore, m\u00ebnyr\u00ebn e huazimit dhe pjes\u00ebmarrjen n\u00eb procedurat penale.<\/p>\n<p>\n\tM\u00eb 11 maj, komisionet zgjedhore kompetente do t\u00eb marrin vendime p\u00ebr vazhdimin e kryerjes s\u00eb veprimtarive zgjedhore.<\/p>\n<p>\n\t<strong>Burimi: Ve\u00e7ernje Novosti, Danas dhe Trupi Koordinues<\/strong><\/p>\n<p>\n\t\u00a0<\/p>\n","protected":false},"excerpt":{"rendered":"<p>Beograd \u2013\u00a0Kuvendi i Republik\u00ebs s\u00eb Serbis\u00eb mbr\u00ebm\u00eb ka larguar gjendjen e jasht\u00ebzakonshme, e cila \u00ebsht\u00eb vendosur m\u00eb 15 mars, p\u00ebr shkak t\u00eb epidemis\u00eb s\u00eb virusit korona.<\/p>\n","protected":false},"author":1,"featured_media":112727,"comment_status":"closed","ping_status":"closed","sticky":false,"template":"","format":"standard","meta":{"footnotes":""},"categories":[55],"tags":[],"class_list":["post-112722","post","type-post","status-publish","format-standard","has-post-thumbnail","hentry","category-lajme"],"yoast_head":"<!-- This site is optimized with the Yoast SEO plugin v27.5 - https:\/\/yoast.com\/product\/yoast-seo-wordpress\/ -->\n<title>\u00cbSHT\u00cb LARGUAR GJENDJA E JASHT\u00cbZAKONSHME N\u00cb REPUBLIK\u00cbN E SERBIS\u00cb - Republika e S\u00ebrbis\u00eb Trupi Koordinues p\u00ebr komunat Bujanoc, Preshev\u00eb dhe Medvegj\u00eb<\/title>\n<meta name=\"robots\" content=\"index, follow, max-snippet:-1, max-image-preview:large, max-video-preview:-1\" \/>\n<link rel=\"canonical\" href=\"https:\/\/kt.gov.rs\/sq\/eshte-larguar-gjendja-e-jashtezakonshme-ne-republiken-e-serbise\/\" \/>\n<meta property=\"og:locale\" content=\"sq_AL\" \/>\n<meta property=\"og:type\" content=\"article\" \/>\n<meta property=\"og:title\" content=\"\u00cbSHT\u00cb LARGUAR GJENDJA E JASHT\u00cbZAKONSHME N\u00cb REPUBLIK\u00cbN E SERBIS\u00cb - Republika e S\u00ebrbis\u00eb Trupi Koordinues p\u00ebr komunat Bujanoc, Preshev\u00eb dhe Medvegj\u00eb\" \/>\n<meta property=\"og:description\" content=\"Beograd \u2013\u00a0Kuvendi i Republik\u00ebs s\u00eb Serbis\u00eb mbr\u00ebm\u00eb ka larguar gjendjen e jasht\u00ebzakonshme, e cila \u00ebsht\u00eb vendosur m\u00eb 15 mars, p\u00ebr shkak t\u00eb epidemis\u00eb s\u00eb virusit korona.\" \/>\n<meta property=\"og:url\" content=\"https:\/\/kt.gov.rs\/sq\/eshte-larguar-gjendja-e-jashtezakonshme-ne-republiken-e-serbise\/\" \/>\n<meta property=\"og:site_name\" content=\"Republika e S\u00ebrbis\u00eb Trupi Koordinues p\u00ebr komunat Bujanoc, Preshev\u00eb dhe Medvegj\u00eb\" \/>\n<meta property=\"article:publisher\" content=\"https:\/\/www.facebook.com\/SluzbaKoordinacionogTelaVladeRepublikeSrbije\" \/>\n<meta property=\"article:published_time\" content=\"2020-05-07T00:00:00+00:00\" \/>\n<meta property=\"article:modified_time\" content=\"2024-07-30T18:04:55+00:00\" \/>\n<meta property=\"og:image\" content=\"https:\/\/kt.gov.rs\/wp-content\/uploads\/2024\/07\/1588840968_070520_1v-5.jpg\" \/>\n\t<meta property=\"og:image:width\" content=\"640\" \/>\n\t<meta property=\"og:image:height\" content=\"347\" \/>\n\t<meta property=\"og:image:type\" content=\"image\/jpeg\" \/>\n<meta name=\"author\" content=\"ktmin\" \/>\n<meta name=\"twitter:card\" content=\"summary_large_image\" \/>\n<meta name=\"twitter:creator\" content=\"@kt_gov\" \/>\n<meta name=\"twitter:site\" content=\"@kt_gov\" \/>\n<meta name=\"twitter:label1\" content=\"Written by\" \/>\n\t<meta name=\"twitter:data1\" content=\"ktmin\" \/>\n\t<meta name=\"twitter:label2\" content=\"Est. reading time\" \/>\n\t<meta name=\"twitter:data2\" content=\"3 minutes\" \/>\n<script type=\"application\/ld+json\" class=\"yoast-schema-graph\">{\"@context\":\"https:\\\/\\\/schema.org\",\"@graph\":[{\"@type\":\"Article\",\"@id\":\"https:\\\/\\\/kt.gov.rs\\\/sq\\\/eshte-larguar-gjendja-e-jashtezakonshme-ne-republiken-e-serbise\\\/#article\",\"isPartOf\":{\"@id\":\"https:\\\/\\\/kt.gov.rs\\\/sq\\\/eshte-larguar-gjendja-e-jashtezakonshme-ne-republiken-e-serbise\\\/\"},\"author\":{\"name\":\"ktmin\",\"@id\":\"https:\\\/\\\/kt.gov.rs\\\/#\\\/schema\\\/person\\\/e426459ddb4173309103390602694571\"},\"headline\":\"\u00cbSHT\u00cb LARGUAR GJENDJA E JASHT\u00cbZAKONSHME N\u00cb REPUBLIK\u00cbN E SERBIS\u00cb\",\"datePublished\":\"2020-05-07T00:00:00+00:00\",\"dateModified\":\"2024-07-30T18:04:55+00:00\",\"mainEntityOfPage\":{\"@id\":\"https:\\\/\\\/kt.gov.rs\\\/sq\\\/eshte-larguar-gjendja-e-jashtezakonshme-ne-republiken-e-serbise\\\/\"},\"wordCount\":570,\"publisher\":{\"@id\":\"https:\\\/\\\/kt.gov.rs\\\/#organization\"},\"image\":{\"@id\":\"https:\\\/\\\/kt.gov.rs\\\/sq\\\/eshte-larguar-gjendja-e-jashtezakonshme-ne-republiken-e-serbise\\\/#primaryimage\"},\"thumbnailUrl\":\"https:\\\/\\\/kt.gov.rs\\\/wp-content\\\/uploads\\\/2024\\\/07\\\/1588840968_070520_1v-5.jpg\",\"articleSection\":[\"Lajme\"],\"inLanguage\":\"sq-AL\"},{\"@type\":\"WebPage\",\"@id\":\"https:\\\/\\\/kt.gov.rs\\\/sq\\\/eshte-larguar-gjendja-e-jashtezakonshme-ne-republiken-e-serbise\\\/\",\"url\":\"https:\\\/\\\/kt.gov.rs\\\/sq\\\/eshte-larguar-gjendja-e-jashtezakonshme-ne-republiken-e-serbise\\\/\",\"name\":\"\u00cbSHT\u00cb LARGUAR GJENDJA E JASHT\u00cbZAKONSHME N\u00cb REPUBLIK\u00cbN E SERBIS\u00cb - Republika e S\u00ebrbis\u00eb Trupi Koordinues p\u00ebr komunat Bujanoc, Preshev\u00eb dhe Medvegj\u00eb\",\"isPartOf\":{\"@id\":\"https:\\\/\\\/kt.gov.rs\\\/#website\"},\"primaryImageOfPage\":{\"@id\":\"https:\\\/\\\/kt.gov.rs\\\/sq\\\/eshte-larguar-gjendja-e-jashtezakonshme-ne-republiken-e-serbise\\\/#primaryimage\"},\"image\":{\"@id\":\"https:\\\/\\\/kt.gov.rs\\\/sq\\\/eshte-larguar-gjendja-e-jashtezakonshme-ne-republiken-e-serbise\\\/#primaryimage\"},\"thumbnailUrl\":\"https:\\\/\\\/kt.gov.rs\\\/wp-content\\\/uploads\\\/2024\\\/07\\\/1588840968_070520_1v-5.jpg\",\"datePublished\":\"2020-05-07T00:00:00+00:00\",\"dateModified\":\"2024-07-30T18:04:55+00:00\",\"breadcrumb\":{\"@id\":\"https:\\\/\\\/kt.gov.rs\\\/sq\\\/eshte-larguar-gjendja-e-jashtezakonshme-ne-republiken-e-serbise\\\/#breadcrumb\"},\"inLanguage\":\"sq-AL\",\"potentialAction\":[{\"@type\":\"ReadAction\",\"target\":[\"https:\\\/\\\/kt.gov.rs\\\/sq\\\/eshte-larguar-gjendja-e-jashtezakonshme-ne-republiken-e-serbise\\\/\"]}]},{\"@type\":\"ImageObject\",\"inLanguage\":\"sq-AL\",\"@id\":\"https:\\\/\\\/kt.gov.rs\\\/sq\\\/eshte-larguar-gjendja-e-jashtezakonshme-ne-republiken-e-serbise\\\/#primaryimage\",\"url\":\"https:\\\/\\\/kt.gov.rs\\\/wp-content\\\/uploads\\\/2024\\\/07\\\/1588840968_070520_1v-5.jpg\",\"contentUrl\":\"https:\\\/\\\/kt.gov.rs\\\/wp-content\\\/uploads\\\/2024\\\/07\\\/1588840968_070520_1v-5.jpg\",\"width\":640,\"height\":347},{\"@type\":\"BreadcrumbList\",\"@id\":\"https:\\\/\\\/kt.gov.rs\\\/sq\\\/eshte-larguar-gjendja-e-jashtezakonshme-ne-republiken-e-serbise\\\/#breadcrumb\",\"itemListElement\":[{\"@type\":\"ListItem\",\"position\":1,\"name\":\"\u041f\u043e\u0447\u0435\u0442\u043d\u0430\",\"item\":\"https:\\\/\\\/kt.gov.rs\\\/sq\\\/\"},{\"@type\":\"ListItem\",\"position\":2,\"name\":\"\u00cbSHT\u00cb LARGUAR GJENDJA E JASHT\u00cbZAKONSHME N\u00cb REPUBLIK\u00cbN E SERBIS\u00cb\"}]},{\"@type\":\"WebSite\",\"@id\":\"https:\\\/\\\/kt.gov.rs\\\/#website\",\"url\":\"https:\\\/\\\/kt.gov.rs\\\/\",\"name\":\"\u041a\u043e\u043e\u0440\u0434\u0438\u043d\u0430\u0446\u0438\u043e\u043d\u043e \u0442\u0435\u043b\u043e \u0412\u043b\u0430\u0434\u0435 \u0420\u0435\u043f\u0443\u0431\u043b\u0438\u043a\u0435 \u0421\u0440\u0431\u0438\u0458\u0435 \u0437\u0430 \u043e\u043f\u0448\u0442\u0438\u043d\u0435 \u041f\u0440\u0435\u0448\u0435\u0432\u043e, \u0411\u0443\u0458\u0430\u043d\u043e\u0432\u0430\u0446 \u0438 \u041c\u0435\u0434\u0432\u0435\u0452a\",\"description\":\"\",\"publisher\":{\"@id\":\"https:\\\/\\\/kt.gov.rs\\\/#organization\"},\"alternateName\":\"\u041a\u043e\u043e\u0440\u0434\u0438\u043d\u0430\u0446\u0438\u043e\u043d\u043e \u0442\u0435\u043b\u043e\",\"potentialAction\":[{\"@type\":\"SearchAction\",\"target\":{\"@type\":\"EntryPoint\",\"urlTemplate\":\"https:\\\/\\\/kt.gov.rs\\\/?s={search_term_string}\"},\"query-input\":{\"@type\":\"PropertyValueSpecification\",\"valueRequired\":true,\"valueName\":\"search_term_string\"}}],\"inLanguage\":\"sq-AL\"},{\"@type\":\"Organization\",\"@id\":\"https:\\\/\\\/kt.gov.rs\\\/#organization\",\"name\":\"\u041a\u043e\u043e\u0440\u0434\u0438\u043d\u0430\u0446\u0438\u043e\u043d\u043e \u0442\u0435\u043b\u043e \u0412\u043b\u0430\u0434\u0435 \u0420\u0435\u043f\u0443\u0431\u043b\u0438\u043a\u0435 \u0421\u0440\u0431\u0438\u0458\u0435 \u0437\u0430 \u043e\u043f\u0448\u0442\u0438\u043d\u0435 \u041f\u0440\u0435\u0448\u0435\u0432\u043e, \u0411\u0443\u0458\u0430\u043d\u043e\u0432\u0430\u0446 \u0438 \u041c\u0435\u0434\u0432\u0435\u0452a\",\"alternateName\":\"\u041a\u043e\u043e\u0440\u0434\u0438\u043d\u0430\u0446\u0438\u043e\u043d\u043e \u0442\u0435\u043b\u043e\",\"url\":\"https:\\\/\\\/kt.gov.rs\\\/\",\"logo\":{\"@type\":\"ImageObject\",\"inLanguage\":\"sq-AL\",\"@id\":\"https:\\\/\\\/kt.gov.rs\\\/#\\\/schema\\\/logo\\\/image\\\/\",\"url\":\"https:\\\/\\\/kt.gov.rs\\\/wp-content\\\/uploads\\\/2024\\\/12\\\/koord2.jpg\",\"contentUrl\":\"https:\\\/\\\/kt.gov.rs\\\/wp-content\\\/uploads\\\/2024\\\/12\\\/koord2.jpg\",\"width\":640,\"height\":480,\"caption\":\"\u041a\u043e\u043e\u0440\u0434\u0438\u043d\u0430\u0446\u0438\u043e\u043d\u043e \u0442\u0435\u043b\u043e \u0412\u043b\u0430\u0434\u0435 \u0420\u0435\u043f\u0443\u0431\u043b\u0438\u043a\u0435 \u0421\u0440\u0431\u0438\u0458\u0435 \u0437\u0430 \u043e\u043f\u0448\u0442\u0438\u043d\u0435 \u041f\u0440\u0435\u0448\u0435\u0432\u043e, \u0411\u0443\u0458\u0430\u043d\u043e\u0432\u0430\u0446 \u0438 \u041c\u0435\u0434\u0432\u0435\u0452a\"},\"image\":{\"@id\":\"https:\\\/\\\/kt.gov.rs\\\/#\\\/schema\\\/logo\\\/image\\\/\"},\"sameAs\":[\"https:\\\/\\\/www.facebook.com\\\/SluzbaKoordinacionogTelaVladeRepublikeSrbije\",\"https:\\\/\\\/x.com\\\/kt_gov\",\"https:\\\/\\\/www.youtube.com\\\/@koordinacionotelo\"]},{\"@type\":\"Person\",\"@id\":\"https:\\\/\\\/kt.gov.rs\\\/#\\\/schema\\\/person\\\/e426459ddb4173309103390602694571\",\"name\":\"ktmin\",\"image\":{\"@type\":\"ImageObject\",\"inLanguage\":\"sq-AL\",\"@id\":\"https:\\\/\\\/secure.gravatar.com\\\/avatar\\\/3985c961109853010c3fbc7ba30365bfba5db3dd6c525831d9c595c7525a615a?s=96&d=mm&r=g\",\"url\":\"https:\\\/\\\/secure.gravatar.com\\\/avatar\\\/3985c961109853010c3fbc7ba30365bfba5db3dd6c525831d9c595c7525a615a?s=96&d=mm&r=g\",\"contentUrl\":\"https:\\\/\\\/secure.gravatar.com\\\/avatar\\\/3985c961109853010c3fbc7ba30365bfba5db3dd6c525831d9c595c7525a615a?s=96&d=mm&r=g\",\"caption\":\"ktmin\"},\"sameAs\":[\"https:\\\/\\\/kt.gov.rs\"],\"url\":\"https:\\\/\\\/kt.gov.rs\\\/sq\\\/author\\\/ktmin\\\/\"}]}<\/script>\n<!-- \/ Yoast SEO plugin. -->","yoast_head_json":{"title":"\u00cbSHT\u00cb LARGUAR GJENDJA E JASHT\u00cbZAKONSHME N\u00cb REPUBLIK\u00cbN E SERBIS\u00cb - Republika e S\u00ebrbis\u00eb Trupi Koordinues p\u00ebr komunat Bujanoc, Preshev\u00eb dhe Medvegj\u00eb","robots":{"index":"index","follow":"follow","max-snippet":"max-snippet:-1","max-image-preview":"max-image-preview:large","max-video-preview":"max-video-preview:-1"},"canonical":"https:\/\/kt.gov.rs\/sq\/eshte-larguar-gjendja-e-jashtezakonshme-ne-republiken-e-serbise\/","og_locale":"sq_AL","og_type":"article","og_title":"\u00cbSHT\u00cb LARGUAR GJENDJA E JASHT\u00cbZAKONSHME N\u00cb REPUBLIK\u00cbN E SERBIS\u00cb - Republika e S\u00ebrbis\u00eb Trupi Koordinues p\u00ebr komunat Bujanoc, Preshev\u00eb dhe Medvegj\u00eb","og_description":"Beograd \u2013\u00a0Kuvendi i Republik\u00ebs s\u00eb Serbis\u00eb mbr\u00ebm\u00eb ka larguar gjendjen e jasht\u00ebzakonshme, e cila \u00ebsht\u00eb vendosur m\u00eb 15 mars, p\u00ebr shkak t\u00eb epidemis\u00eb s\u00eb virusit korona.","og_url":"https:\/\/kt.gov.rs\/sq\/eshte-larguar-gjendja-e-jashtezakonshme-ne-republiken-e-serbise\/","og_site_name":"Republika e S\u00ebrbis\u00eb Trupi Koordinues p\u00ebr komunat Bujanoc, Preshev\u00eb dhe Medvegj\u00eb","article_publisher":"https:\/\/www.facebook.com\/SluzbaKoordinacionogTelaVladeRepublikeSrbije","article_published_time":"2020-05-07T00:00:00+00:00","article_modified_time":"2024-07-30T18:04:55+00:00","og_image":[{"width":640,"height":347,"url":"https:\/\/kt.gov.rs\/wp-content\/uploads\/2024\/07\/1588840968_070520_1v-5.jpg","type":"image\/jpeg"}],"author":"ktmin","twitter_card":"summary_large_image","twitter_creator":"@kt_gov","twitter_site":"@kt_gov","twitter_misc":{"Written by":"ktmin","Est. reading time":"3 minutes"},"schema":{"@context":"https:\/\/schema.org","@graph":[{"@type":"Article","@id":"https:\/\/kt.gov.rs\/sq\/eshte-larguar-gjendja-e-jashtezakonshme-ne-republiken-e-serbise\/#article","isPartOf":{"@id":"https:\/\/kt.gov.rs\/sq\/eshte-larguar-gjendja-e-jashtezakonshme-ne-republiken-e-serbise\/"},"author":{"name":"ktmin","@id":"https:\/\/kt.gov.rs\/#\/schema\/person\/e426459ddb4173309103390602694571"},"headline":"\u00cbSHT\u00cb LARGUAR GJENDJA E JASHT\u00cbZAKONSHME N\u00cb REPUBLIK\u00cbN E SERBIS\u00cb","datePublished":"2020-05-07T00:00:00+00:00","dateModified":"2024-07-30T18:04:55+00:00","mainEntityOfPage":{"@id":"https:\/\/kt.gov.rs\/sq\/eshte-larguar-gjendja-e-jashtezakonshme-ne-republiken-e-serbise\/"},"wordCount":570,"publisher":{"@id":"https:\/\/kt.gov.rs\/#organization"},"image":{"@id":"https:\/\/kt.gov.rs\/sq\/eshte-larguar-gjendja-e-jashtezakonshme-ne-republiken-e-serbise\/#primaryimage"},"thumbnailUrl":"https:\/\/kt.gov.rs\/wp-content\/uploads\/2024\/07\/1588840968_070520_1v-5.jpg","articleSection":["Lajme"],"inLanguage":"sq-AL"},{"@type":"WebPage","@id":"https:\/\/kt.gov.rs\/sq\/eshte-larguar-gjendja-e-jashtezakonshme-ne-republiken-e-serbise\/","url":"https:\/\/kt.gov.rs\/sq\/eshte-larguar-gjendja-e-jashtezakonshme-ne-republiken-e-serbise\/","name":"\u00cbSHT\u00cb LARGUAR GJENDJA E JASHT\u00cbZAKONSHME N\u00cb REPUBLIK\u00cbN E SERBIS\u00cb - Republika e S\u00ebrbis\u00eb Trupi Koordinues p\u00ebr komunat Bujanoc, Preshev\u00eb dhe Medvegj\u00eb","isPartOf":{"@id":"https:\/\/kt.gov.rs\/#website"},"primaryImageOfPage":{"@id":"https:\/\/kt.gov.rs\/sq\/eshte-larguar-gjendja-e-jashtezakonshme-ne-republiken-e-serbise\/#primaryimage"},"image":{"@id":"https:\/\/kt.gov.rs\/sq\/eshte-larguar-gjendja-e-jashtezakonshme-ne-republiken-e-serbise\/#primaryimage"},"thumbnailUrl":"https:\/\/kt.gov.rs\/wp-content\/uploads\/2024\/07\/1588840968_070520_1v-5.jpg","datePublished":"2020-05-07T00:00:00+00:00","dateModified":"2024-07-30T18:04:55+00:00","breadcrumb":{"@id":"https:\/\/kt.gov.rs\/sq\/eshte-larguar-gjendja-e-jashtezakonshme-ne-republiken-e-serbise\/#breadcrumb"},"inLanguage":"sq-AL","potentialAction":[{"@type":"ReadAction","target":["https:\/\/kt.gov.rs\/sq\/eshte-larguar-gjendja-e-jashtezakonshme-ne-republiken-e-serbise\/"]}]},{"@type":"ImageObject","inLanguage":"sq-AL","@id":"https:\/\/kt.gov.rs\/sq\/eshte-larguar-gjendja-e-jashtezakonshme-ne-republiken-e-serbise\/#primaryimage","url":"https:\/\/kt.gov.rs\/wp-content\/uploads\/2024\/07\/1588840968_070520_1v-5.jpg","contentUrl":"https:\/\/kt.gov.rs\/wp-content\/uploads\/2024\/07\/1588840968_070520_1v-5.jpg","width":640,"height":347},{"@type":"BreadcrumbList","@id":"https:\/\/kt.gov.rs\/sq\/eshte-larguar-gjendja-e-jashtezakonshme-ne-republiken-e-serbise\/#breadcrumb","itemListElement":[{"@type":"ListItem","position":1,"name":"\u041f\u043e\u0447\u0435\u0442\u043d\u0430","item":"https:\/\/kt.gov.rs\/sq\/"},{"@type":"ListItem","position":2,"name":"\u00cbSHT\u00cb LARGUAR GJENDJA E JASHT\u00cbZAKONSHME N\u00cb REPUBLIK\u00cbN E SERBIS\u00cb"}]},{"@type":"WebSite","@id":"https:\/\/kt.gov.rs\/#website","url":"https:\/\/kt.gov.rs\/","name":"\u041a\u043e\u043e\u0440\u0434\u0438\u043d\u0430\u0446\u0438\u043e\u043d\u043e \u0442\u0435\u043b\u043e \u0412\u043b\u0430\u0434\u0435 \u0420\u0435\u043f\u0443\u0431\u043b\u0438\u043a\u0435 \u0421\u0440\u0431\u0438\u0458\u0435 \u0437\u0430 \u043e\u043f\u0448\u0442\u0438\u043d\u0435 \u041f\u0440\u0435\u0448\u0435\u0432\u043e, \u0411\u0443\u0458\u0430\u043d\u043e\u0432\u0430\u0446 \u0438 \u041c\u0435\u0434\u0432\u0435\u0452a","description":"","publisher":{"@id":"https:\/\/kt.gov.rs\/#organization"},"alternateName":"\u041a\u043e\u043e\u0440\u0434\u0438\u043d\u0430\u0446\u0438\u043e\u043d\u043e \u0442\u0435\u043b\u043e","potentialAction":[{"@type":"SearchAction","target":{"@type":"EntryPoint","urlTemplate":"https:\/\/kt.gov.rs\/?s={search_term_string}"},"query-input":{"@type":"PropertyValueSpecification","valueRequired":true,"valueName":"search_term_string"}}],"inLanguage":"sq-AL"},{"@type":"Organization","@id":"https:\/\/kt.gov.rs\/#organization","name":"\u041a\u043e\u043e\u0440\u0434\u0438\u043d\u0430\u0446\u0438\u043e\u043d\u043e \u0442\u0435\u043b\u043e \u0412\u043b\u0430\u0434\u0435 \u0420\u0435\u043f\u0443\u0431\u043b\u0438\u043a\u0435 \u0421\u0440\u0431\u0438\u0458\u0435 \u0437\u0430 \u043e\u043f\u0448\u0442\u0438\u043d\u0435 \u041f\u0440\u0435\u0448\u0435\u0432\u043e, \u0411\u0443\u0458\u0430\u043d\u043e\u0432\u0430\u0446 \u0438 \u041c\u0435\u0434\u0432\u0435\u0452a","alternateName":"\u041a\u043e\u043e\u0440\u0434\u0438\u043d\u0430\u0446\u0438\u043e\u043d\u043e \u0442\u0435\u043b\u043e","url":"https:\/\/kt.gov.rs\/","logo":{"@type":"ImageObject","inLanguage":"sq-AL","@id":"https:\/\/kt.gov.rs\/#\/schema\/logo\/image\/","url":"https:\/\/kt.gov.rs\/wp-content\/uploads\/2024\/12\/koord2.jpg","contentUrl":"https:\/\/kt.gov.rs\/wp-content\/uploads\/2024\/12\/koord2.jpg","width":640,"height":480,"caption":"\u041a\u043e\u043e\u0440\u0434\u0438\u043d\u0430\u0446\u0438\u043e\u043d\u043e \u0442\u0435\u043b\u043e \u0412\u043b\u0430\u0434\u0435 \u0420\u0435\u043f\u0443\u0431\u043b\u0438\u043a\u0435 \u0421\u0440\u0431\u0438\u0458\u0435 \u0437\u0430 \u043e\u043f\u0448\u0442\u0438\u043d\u0435 \u041f\u0440\u0435\u0448\u0435\u0432\u043e, \u0411\u0443\u0458\u0430\u043d\u043e\u0432\u0430\u0446 \u0438 \u041c\u0435\u0434\u0432\u0435\u0452a"},"image":{"@id":"https:\/\/kt.gov.rs\/#\/schema\/logo\/image\/"},"sameAs":["https:\/\/www.facebook.com\/SluzbaKoordinacionogTelaVladeRepublikeSrbije","https:\/\/x.com\/kt_gov","https:\/\/www.youtube.com\/@koordinacionotelo"]},{"@type":"Person","@id":"https:\/\/kt.gov.rs\/#\/schema\/person\/e426459ddb4173309103390602694571","name":"ktmin","image":{"@type":"ImageObject","inLanguage":"sq-AL","@id":"https:\/\/secure.gravatar.com\/avatar\/3985c961109853010c3fbc7ba30365bfba5db3dd6c525831d9c595c7525a615a?s=96&d=mm&r=g","url":"https:\/\/secure.gravatar.com\/avatar\/3985c961109853010c3fbc7ba30365bfba5db3dd6c525831d9c595c7525a615a?s=96&d=mm&r=g","contentUrl":"https:\/\/secure.gravatar.com\/avatar\/3985c961109853010c3fbc7ba30365bfba5db3dd6c525831d9c595c7525a615a?s=96&d=mm&r=g","caption":"ktmin"},"sameAs":["https:\/\/kt.gov.rs"],"url":"https:\/\/kt.gov.rs\/sq\/author\/ktmin\/"}]}},"_links":{"self":[{"href":"https:\/\/kt.gov.rs\/sq\/wp-json\/wp\/v2\/posts\/112722","targetHints":{"allow":["GET"]}}],"collection":[{"href":"https:\/\/kt.gov.rs\/sq\/wp-json\/wp\/v2\/posts"}],"about":[{"href":"https:\/\/kt.gov.rs\/sq\/wp-json\/wp\/v2\/types\/post"}],"author":[{"embeddable":true,"href":"https:\/\/kt.gov.rs\/sq\/wp-json\/wp\/v2\/users\/1"}],"replies":[{"embeddable":true,"href":"https:\/\/kt.gov.rs\/sq\/wp-json\/wp\/v2\/comments?post=112722"}],"version-history":[{"count":1,"href":"https:\/\/kt.gov.rs\/sq\/wp-json\/wp\/v2\/posts\/112722\/revisions"}],"predecessor-version":[{"id":112726,"href":"https:\/\/kt.gov.rs\/sq\/wp-json\/wp\/v2\/posts\/112722\/revisions\/112726"}],"wp:featuredmedia":[{"embeddable":true,"href":"https:\/\/kt.gov.rs\/sq\/wp-json\/wp\/v2\/media\/112727"}],"wp:attachment":[{"href":"https:\/\/kt.gov.rs\/sq\/wp-json\/wp\/v2\/media?parent=112722"}],"wp:term":[{"taxonomy":"category","embeddable":true,"href":"https:\/\/kt.gov.rs\/sq\/wp-json\/wp\/v2\/categories?post=112722"},{"taxonomy":"post_tag","embeddable":true,"href":"https:\/\/kt.gov.rs\/sq\/wp-json\/wp\/v2\/tags?post=112722"}],"curies":[{"name":"wp","href":"https:\/\/api.w.org\/{rel}","templated":true}]}}