{"id":112714,"date":"2020-05-07T00:00:00","date_gmt":"2020-05-07T00:00:00","guid":{"rendered":"http:\/\/kt.printandscreen.rs\/takimi-per-caj-per-nxenesit-e-bujanocit\/"},"modified":"2024-07-30T18:04:54","modified_gmt":"2024-07-30T18:04:54","slug":"takimi-per-caj-per-nxenesit-e-bujanocit","status":"publish","type":"post","link":"https:\/\/kt.gov.rs\/sq\/takimi-per-caj-per-nxenesit-e-bujanocit\/","title":{"rendered":"TAKIMI P\u00cbR \u00c7AJ P\u00cbR NX\u00cbN\u00cbSIT E BUJANOCIT"},"content":{"rendered":"<p>\n\t<strong><img decoding=\"async\" alt=\"\" src=\"https:\/\/kt.gov.rs\/wp-content\/uploads\/2024\/07\/1588841073_070520_2-4.jpg\" style=\"width: 315px; height: 230px; float: left;\" \/><\/strong><\/p>\n<p>\n\t<strong>Bujanoc \u2013<\/strong> Aktivitetet n\u00eb internet p\u00ebr t\u00eb rinjt\u00eb e quajtur &quot;\u010cajanka&quot; ose &quot;Ftes\u00eb p\u00ebr \u00e7aj&quot; mbahen n\u00eb platform\u00ebn Zoom p\u00ebr 40 nx\u00ebn\u00ebs nga shkollat n\u00eb Bujanoc n\u00eb kuad\u00ebr t\u00eb projektit &quot;Qyteti yn\u00eb, shkollat tona&quot;, i cili realizohet nga Sh\u00ebrbimi i Trupit Koordinues i Qeveris\u00eb s\u00eb Republik\u00ebs s\u00eb Serbis\u00eb p\u00ebr komunat e Preshev\u00eb, Bujanoc dhe Medvegj\u00eb dhe Grupit 484, me mb\u00ebshtetjen e Fondacionit t\u00eb F\u00ebmij\u00ebve Pestalozzi nga Zvicra.<\/p>\n<p>\n\tShk\u00ebmbimi nd\u00ebrkulturor, si nj\u00eb nga aktivitetet n\u00eb kuad\u00ebr t\u00eb projektit &quot;Qyteti yn\u00eb, shkollat tona&quot;, ishte menduar t\u00eb zhvillohej n\u00eb periudh\u00ebn nga 18 mars deri n\u00eb 4 prill t\u00eb vitit 2020 n\u00eb SOS Fshatin e F\u00ebmij\u00ebve n\u00eb Trogen midis nx\u00ebn\u00ebsve nga Bujanoci dhe Zvicra, por u anulua p\u00ebr shkak t\u00eb pandemis\u00eb globale t\u00eb virusit korona. Socializimi me nj\u00eb grup f\u00ebmij\u00ebsh t\u00eb komb\u00ebsis\u00eb serbe, shqiptare dhe rome, i cili filloi n\u00eb pun\u00ebtori n\u00eb tetor 2019 n\u00eb Departamentin e Fakultetit t\u00eb Ekonomis\u00eb t\u00eb Subotic\u00ebs n\u00eb Bujanoc, vazhdoi p\u00ebrmes nj\u00eb platforme n\u00eb internet.<\/p>\n<p>\n\tTakimi i par\u00eb &quot;Tea Party&quot; u mbajt t\u00eb diel\u00ebn, 11 prill 2020, p\u00ebrmes aplikacionit Zoom me nx\u00ebn\u00ebsit q\u00eb nuk shkuan n\u00eb shk\u00ebmbimin e par\u00eb nd\u00ebrkulturor n\u00eb Zvic\u00ebr, kur shk\u00ebmbyen p\u00ebrvoja nga karantina me \u00e7aj. Ata m\u00ebsuan nga nj\u00ebri-tjetri se bisedat me njer\u00ebzit e af\u00ebrt, muzika, vall\u00ebzimi, hobi kreativ jan\u00eb shtylla kryesore p\u00ebr t\u00eb kap\u00ebrcyer momentet kur ndihemi t\u00eb shqet\u00ebsuar ose t\u00eb frik\u00ebsuar. Komunikimi i rregullt me nx\u00ebn\u00ebsit zhvillohet p\u00ebrmes nj\u00eb grupi t\u00eb p\u00ebrbashk\u00ebt Viber dhe e diela \u00ebsht\u00eb nj\u00eb dit\u00eb p\u00ebr ftes\u00ebn p\u00ebr \u00e7aj p\u00ebrmes internetit.<\/p>\n<p>\n\tNj\u00eb nga aktivitetet q\u00eb u b\u00eb me t\u00eb rinjt\u00eb ishte &quot;Shkruaj nj\u00eb let\u00ebr shokut\/shoqes nga nga nj\u00eb qytet \/ shtet tjet\u00ebr&quot;, ku nx\u00ebn\u00ebsve iu dha detyra t\u00eb prezantonin veten p\u00ebrmes form\u00ebs s\u00eb nj\u00eb letre p\u00ebr miqt\u00eb q\u00eb do t\u00eb takoheshin gjat\u00eb nj\u00eb shk\u00ebmbimi nd\u00ebrkulturor n\u00eb Zvic\u00ebr. P\u00ebrmes shoq\u00ebrimit n\u00eb internet, ata diskutuan n\u00ebse kishin d\u00ebrguar ndonj\u00ebher\u00eb nj\u00eb let\u00ebr me post\u00eb, dhe m\u00eb pas nx\u00ebn\u00ebsit lexuan pjes\u00ebt m\u00eb interesante t\u00eb letrave dhe menduan se kush ishin pronar\u00ebt e tyre. Letrat i d\u00ebrguan me email miqve zviceran\u00eb, duke premtuar se do t\u00eb d\u00ebrgonin letra t\u00eb v\u00ebrteta kur t\u00eb hiqeshin masat e jasht\u00ebzakonshme n\u00eb vend.<\/p>\n<p>\n\tT\u00eb dielen, m\u00eb 10 maj 2020, \u00ebsht\u00eb duke u p\u00ebrgaditur takimi special p\u00ebr \u00e7aj i em\u00ebruar si \u201eUn\u00eb kam talent\u201c, kur nx\u00ebn\u00ebsit dhe nx\u00ebn\u00ebset do t\u00eb ken\u00eb p\u00ebr detyr\u00eb q\u00eb n\u00eb platform\u00ebn Zoom t\u00eb prezantojn\u00eb talentin e tyre n\u00eb form\u00ebn e shkurt deri n\u00eb 2 minuta.<\/p>\n<p>\n\tGjat\u00eb muajit maj realizimi i aktiviteteve n\u00eb internet vazhdon derisa t\u00eb arrihen t\u00eb gjitha kushtet e nevojshme p\u00ebr organizim t\u00eb sigurt t\u00eb pun\u00ebtorive dhe trainim me t\u00eb rinjt\u00eb n\u00eb Bujanoc.<\/p>\n<p>\n\t<strong>Burimi: Iniciativa Qytetare dhe Trupi Koordinues<\/strong><\/p>\n<p>\n\t\u00a0<\/p>\n","protected":false},"excerpt":{"rendered":"<p>Bujanoc \u2013\u00a0Aktivitetet n\u00eb internet p\u00ebr t\u00eb rinjt\u00eb e quajtur &quot;\u010cajanka&quot; ose &quot;Ftes\u00eb p\u00ebr \u00e7aj&quot; mbahen n\u00eb platform\u00ebn Zoom p\u00ebr 40 nx\u00ebn\u00ebs nga shkollat n\u00eb Bujanoc n\u00eb kuad\u00ebr t\u00eb projektit &quot;Qyteti yn\u00eb, shkollat tona&quot;, i cili realizohet nga Sh\u00ebrbimi i Trupit Koordinues i Qeveris\u00eb s\u00eb Republik\u00ebs s\u00eb Serbis\u00eb\u2026<\/p>\n","protected":false},"author":1,"featured_media":112719,"comment_status":"closed","ping_status":"closed","sticky":false,"template":"","format":"standard","meta":{"footnotes":""},"categories":[55],"tags":[],"class_list":["post-112714","post","type-post","status-publish","format-standard","has-post-thumbnail","hentry","category-lajme"],"yoast_head":"<!-- This site is optimized with the Yoast SEO plugin v27.5 - https:\/\/yoast.com\/product\/yoast-seo-wordpress\/ -->\n<title>TAKIMI P\u00cbR \u00c7AJ P\u00cbR NX\u00cbN\u00cbSIT E BUJANOCIT - Republika e S\u00ebrbis\u00eb Trupi Koordinues p\u00ebr komunat Bujanoc, Preshev\u00eb dhe Medvegj\u00eb<\/title>\n<meta name=\"robots\" content=\"index, follow, max-snippet:-1, max-image-preview:large, max-video-preview:-1\" \/>\n<link rel=\"canonical\" href=\"https:\/\/kt.gov.rs\/sq\/takimi-per-caj-per-nxenesit-e-bujanocit\/\" \/>\n<meta property=\"og:locale\" content=\"sq_AL\" \/>\n<meta property=\"og:type\" content=\"article\" \/>\n<meta property=\"og:title\" content=\"TAKIMI P\u00cbR \u00c7AJ P\u00cbR NX\u00cbN\u00cbSIT E BUJANOCIT - Republika e S\u00ebrbis\u00eb Trupi Koordinues p\u00ebr komunat Bujanoc, Preshev\u00eb dhe Medvegj\u00eb\" \/>\n<meta property=\"og:description\" content=\"Bujanoc -\u00a0Aktivitetet n\u00eb internet p\u00ebr t\u00eb rinjt\u00eb e quajtur &quot;\u010cajanka&quot; ose &quot;Ftes\u00eb p\u00ebr \u00e7aj&quot; mbahen n\u00eb platform\u00ebn Zoom p\u00ebr 40 nx\u00ebn\u00ebs nga shkollat n\u00eb Bujanoc n\u00eb kuad\u00ebr t\u00eb projektit &quot;Qyteti yn\u00eb, shkollat tona&quot;, i cili realizohet nga Sh\u00ebrbimi i Trupit Koordinues i Qeveris\u00eb s\u00eb Republik\u00ebs s\u00eb Serbis\u00eb...\" \/>\n<meta property=\"og:url\" content=\"https:\/\/kt.gov.rs\/sq\/takimi-per-caj-per-nxenesit-e-bujanocit\/\" \/>\n<meta property=\"og:site_name\" content=\"Republika e S\u00ebrbis\u00eb Trupi Koordinues p\u00ebr komunat Bujanoc, Preshev\u00eb dhe Medvegj\u00eb\" \/>\n<meta property=\"article:publisher\" content=\"https:\/\/www.facebook.com\/SluzbaKoordinacionogTelaVladeRepublikeSrbije\" \/>\n<meta property=\"article:published_time\" content=\"2020-05-07T00:00:00+00:00\" \/>\n<meta property=\"article:modified_time\" content=\"2024-07-30T18:04:54+00:00\" \/>\n<meta property=\"og:image\" content=\"https:\/\/kt.gov.rs\/wp-content\/uploads\/2024\/07\/1588841073_070520_2-5.jpg\" \/>\n\t<meta property=\"og:image:width\" content=\"315\" \/>\n\t<meta property=\"og:image:height\" content=\"230\" \/>\n\t<meta property=\"og:image:type\" content=\"image\/jpeg\" \/>\n<meta name=\"author\" content=\"ktmin\" \/>\n<meta name=\"twitter:card\" content=\"summary_large_image\" \/>\n<meta name=\"twitter:creator\" content=\"@kt_gov\" \/>\n<meta name=\"twitter:site\" content=\"@kt_gov\" \/>\n<meta name=\"twitter:label1\" content=\"Written by\" \/>\n\t<meta name=\"twitter:data1\" content=\"ktmin\" \/>\n\t<meta name=\"twitter:label2\" content=\"Est. reading time\" \/>\n\t<meta name=\"twitter:data2\" content=\"4 minutes\" \/>\n<script type=\"application\/ld+json\" class=\"yoast-schema-graph\">{\"@context\":\"https:\\\/\\\/schema.org\",\"@graph\":[{\"@type\":\"Article\",\"@id\":\"https:\\\/\\\/kt.gov.rs\\\/sq\\\/takimi-per-caj-per-nxenesit-e-bujanocit\\\/#article\",\"isPartOf\":{\"@id\":\"https:\\\/\\\/kt.gov.rs\\\/sq\\\/takimi-per-caj-per-nxenesit-e-bujanocit\\\/\"},\"author\":{\"name\":\"ktmin\",\"@id\":\"https:\\\/\\\/kt.gov.rs\\\/#\\\/schema\\\/person\\\/e426459ddb4173309103390602694571\"},\"headline\":\"TAKIMI P\u00cbR \u00c7AJ P\u00cbR NX\u00cbN\u00cbSIT E BUJANOCIT\",\"datePublished\":\"2020-05-07T00:00:00+00:00\",\"dateModified\":\"2024-07-30T18:04:54+00:00\",\"mainEntityOfPage\":{\"@id\":\"https:\\\/\\\/kt.gov.rs\\\/sq\\\/takimi-per-caj-per-nxenesit-e-bujanocit\\\/\"},\"wordCount\":735,\"publisher\":{\"@id\":\"https:\\\/\\\/kt.gov.rs\\\/#organization\"},\"image\":{\"@id\":\"https:\\\/\\\/kt.gov.rs\\\/sq\\\/takimi-per-caj-per-nxenesit-e-bujanocit\\\/#primaryimage\"},\"thumbnailUrl\":\"https:\\\/\\\/kt.gov.rs\\\/wp-content\\\/uploads\\\/2024\\\/07\\\/1588841073_070520_2-5.jpg\",\"articleSection\":[\"Lajme\"],\"inLanguage\":\"sq-AL\"},{\"@type\":\"WebPage\",\"@id\":\"https:\\\/\\\/kt.gov.rs\\\/sq\\\/takimi-per-caj-per-nxenesit-e-bujanocit\\\/\",\"url\":\"https:\\\/\\\/kt.gov.rs\\\/sq\\\/takimi-per-caj-per-nxenesit-e-bujanocit\\\/\",\"name\":\"TAKIMI P\u00cbR \u00c7AJ P\u00cbR NX\u00cbN\u00cbSIT E BUJANOCIT - Republika e S\u00ebrbis\u00eb Trupi Koordinues p\u00ebr komunat Bujanoc, Preshev\u00eb dhe Medvegj\u00eb\",\"isPartOf\":{\"@id\":\"https:\\\/\\\/kt.gov.rs\\\/#website\"},\"primaryImageOfPage\":{\"@id\":\"https:\\\/\\\/kt.gov.rs\\\/sq\\\/takimi-per-caj-per-nxenesit-e-bujanocit\\\/#primaryimage\"},\"image\":{\"@id\":\"https:\\\/\\\/kt.gov.rs\\\/sq\\\/takimi-per-caj-per-nxenesit-e-bujanocit\\\/#primaryimage\"},\"thumbnailUrl\":\"https:\\\/\\\/kt.gov.rs\\\/wp-content\\\/uploads\\\/2024\\\/07\\\/1588841073_070520_2-5.jpg\",\"datePublished\":\"2020-05-07T00:00:00+00:00\",\"dateModified\":\"2024-07-30T18:04:54+00:00\",\"breadcrumb\":{\"@id\":\"https:\\\/\\\/kt.gov.rs\\\/sq\\\/takimi-per-caj-per-nxenesit-e-bujanocit\\\/#breadcrumb\"},\"inLanguage\":\"sq-AL\",\"potentialAction\":[{\"@type\":\"ReadAction\",\"target\":[\"https:\\\/\\\/kt.gov.rs\\\/sq\\\/takimi-per-caj-per-nxenesit-e-bujanocit\\\/\"]}]},{\"@type\":\"ImageObject\",\"inLanguage\":\"sq-AL\",\"@id\":\"https:\\\/\\\/kt.gov.rs\\\/sq\\\/takimi-per-caj-per-nxenesit-e-bujanocit\\\/#primaryimage\",\"url\":\"https:\\\/\\\/kt.gov.rs\\\/wp-content\\\/uploads\\\/2024\\\/07\\\/1588841073_070520_2-5.jpg\",\"contentUrl\":\"https:\\\/\\\/kt.gov.rs\\\/wp-content\\\/uploads\\\/2024\\\/07\\\/1588841073_070520_2-5.jpg\",\"width\":315,\"height\":230},{\"@type\":\"BreadcrumbList\",\"@id\":\"https:\\\/\\\/kt.gov.rs\\\/sq\\\/takimi-per-caj-per-nxenesit-e-bujanocit\\\/#breadcrumb\",\"itemListElement\":[{\"@type\":\"ListItem\",\"position\":1,\"name\":\"\u041f\u043e\u0447\u0435\u0442\u043d\u0430\",\"item\":\"https:\\\/\\\/kt.gov.rs\\\/sq\\\/\"},{\"@type\":\"ListItem\",\"position\":2,\"name\":\"TAKIMI P\u00cbR \u00c7AJ P\u00cbR NX\u00cbN\u00cbSIT E BUJANOCIT\"}]},{\"@type\":\"WebSite\",\"@id\":\"https:\\\/\\\/kt.gov.rs\\\/#website\",\"url\":\"https:\\\/\\\/kt.gov.rs\\\/\",\"name\":\"\u041a\u043e\u043e\u0440\u0434\u0438\u043d\u0430\u0446\u0438\u043e\u043d\u043e \u0442\u0435\u043b\u043e \u0412\u043b\u0430\u0434\u0435 \u0420\u0435\u043f\u0443\u0431\u043b\u0438\u043a\u0435 \u0421\u0440\u0431\u0438\u0458\u0435 \u0437\u0430 \u043e\u043f\u0448\u0442\u0438\u043d\u0435 \u041f\u0440\u0435\u0448\u0435\u0432\u043e, \u0411\u0443\u0458\u0430\u043d\u043e\u0432\u0430\u0446 \u0438 \u041c\u0435\u0434\u0432\u0435\u0452a\",\"description\":\"\",\"publisher\":{\"@id\":\"https:\\\/\\\/kt.gov.rs\\\/#organization\"},\"alternateName\":\"\u041a\u043e\u043e\u0440\u0434\u0438\u043d\u0430\u0446\u0438\u043e\u043d\u043e \u0442\u0435\u043b\u043e\",\"potentialAction\":[{\"@type\":\"SearchAction\",\"target\":{\"@type\":\"EntryPoint\",\"urlTemplate\":\"https:\\\/\\\/kt.gov.rs\\\/?s={search_term_string}\"},\"query-input\":{\"@type\":\"PropertyValueSpecification\",\"valueRequired\":true,\"valueName\":\"search_term_string\"}}],\"inLanguage\":\"sq-AL\"},{\"@type\":\"Organization\",\"@id\":\"https:\\\/\\\/kt.gov.rs\\\/#organization\",\"name\":\"\u041a\u043e\u043e\u0440\u0434\u0438\u043d\u0430\u0446\u0438\u043e\u043d\u043e \u0442\u0435\u043b\u043e \u0412\u043b\u0430\u0434\u0435 \u0420\u0435\u043f\u0443\u0431\u043b\u0438\u043a\u0435 \u0421\u0440\u0431\u0438\u0458\u0435 \u0437\u0430 \u043e\u043f\u0448\u0442\u0438\u043d\u0435 \u041f\u0440\u0435\u0448\u0435\u0432\u043e, \u0411\u0443\u0458\u0430\u043d\u043e\u0432\u0430\u0446 \u0438 \u041c\u0435\u0434\u0432\u0435\u0452a\",\"alternateName\":\"\u041a\u043e\u043e\u0440\u0434\u0438\u043d\u0430\u0446\u0438\u043e\u043d\u043e \u0442\u0435\u043b\u043e\",\"url\":\"https:\\\/\\\/kt.gov.rs\\\/\",\"logo\":{\"@type\":\"ImageObject\",\"inLanguage\":\"sq-AL\",\"@id\":\"https:\\\/\\\/kt.gov.rs\\\/#\\\/schema\\\/logo\\\/image\\\/\",\"url\":\"https:\\\/\\\/kt.gov.rs\\\/wp-content\\\/uploads\\\/2024\\\/12\\\/koord2.jpg\",\"contentUrl\":\"https:\\\/\\\/kt.gov.rs\\\/wp-content\\\/uploads\\\/2024\\\/12\\\/koord2.jpg\",\"width\":640,\"height\":480,\"caption\":\"\u041a\u043e\u043e\u0440\u0434\u0438\u043d\u0430\u0446\u0438\u043e\u043d\u043e \u0442\u0435\u043b\u043e \u0412\u043b\u0430\u0434\u0435 \u0420\u0435\u043f\u0443\u0431\u043b\u0438\u043a\u0435 \u0421\u0440\u0431\u0438\u0458\u0435 \u0437\u0430 \u043e\u043f\u0448\u0442\u0438\u043d\u0435 \u041f\u0440\u0435\u0448\u0435\u0432\u043e, \u0411\u0443\u0458\u0430\u043d\u043e\u0432\u0430\u0446 \u0438 \u041c\u0435\u0434\u0432\u0435\u0452a\"},\"image\":{\"@id\":\"https:\\\/\\\/kt.gov.rs\\\/#\\\/schema\\\/logo\\\/image\\\/\"},\"sameAs\":[\"https:\\\/\\\/www.facebook.com\\\/SluzbaKoordinacionogTelaVladeRepublikeSrbije\",\"https:\\\/\\\/x.com\\\/kt_gov\",\"https:\\\/\\\/www.youtube.com\\\/@koordinacionotelo\"]},{\"@type\":\"Person\",\"@id\":\"https:\\\/\\\/kt.gov.rs\\\/#\\\/schema\\\/person\\\/e426459ddb4173309103390602694571\",\"name\":\"ktmin\",\"image\":{\"@type\":\"ImageObject\",\"inLanguage\":\"sq-AL\",\"@id\":\"https:\\\/\\\/secure.gravatar.com\\\/avatar\\\/3985c961109853010c3fbc7ba30365bfba5db3dd6c525831d9c595c7525a615a?s=96&d=mm&r=g\",\"url\":\"https:\\\/\\\/secure.gravatar.com\\\/avatar\\\/3985c961109853010c3fbc7ba30365bfba5db3dd6c525831d9c595c7525a615a?s=96&d=mm&r=g\",\"contentUrl\":\"https:\\\/\\\/secure.gravatar.com\\\/avatar\\\/3985c961109853010c3fbc7ba30365bfba5db3dd6c525831d9c595c7525a615a?s=96&d=mm&r=g\",\"caption\":\"ktmin\"},\"sameAs\":[\"https:\\\/\\\/kt.gov.rs\"],\"url\":\"https:\\\/\\\/kt.gov.rs\\\/sq\\\/author\\\/ktmin\\\/\"}]}<\/script>\n<!-- \/ Yoast SEO plugin. -->","yoast_head_json":{"title":"TAKIMI P\u00cbR \u00c7AJ P\u00cbR NX\u00cbN\u00cbSIT E BUJANOCIT - Republika e S\u00ebrbis\u00eb Trupi Koordinues p\u00ebr komunat Bujanoc, Preshev\u00eb dhe Medvegj\u00eb","robots":{"index":"index","follow":"follow","max-snippet":"max-snippet:-1","max-image-preview":"max-image-preview:large","max-video-preview":"max-video-preview:-1"},"canonical":"https:\/\/kt.gov.rs\/sq\/takimi-per-caj-per-nxenesit-e-bujanocit\/","og_locale":"sq_AL","og_type":"article","og_title":"TAKIMI P\u00cbR \u00c7AJ P\u00cbR NX\u00cbN\u00cbSIT E BUJANOCIT - Republika e S\u00ebrbis\u00eb Trupi Koordinues p\u00ebr komunat Bujanoc, Preshev\u00eb dhe Medvegj\u00eb","og_description":"Bujanoc -\u00a0Aktivitetet n\u00eb internet p\u00ebr t\u00eb rinjt\u00eb e quajtur &quot;\u010cajanka&quot; ose &quot;Ftes\u00eb p\u00ebr \u00e7aj&quot; mbahen n\u00eb platform\u00ebn Zoom p\u00ebr 40 nx\u00ebn\u00ebs nga shkollat n\u00eb Bujanoc n\u00eb kuad\u00ebr t\u00eb projektit &quot;Qyteti yn\u00eb, shkollat tona&quot;, i cili realizohet nga Sh\u00ebrbimi i Trupit Koordinues i Qeveris\u00eb s\u00eb Republik\u00ebs s\u00eb Serbis\u00eb...","og_url":"https:\/\/kt.gov.rs\/sq\/takimi-per-caj-per-nxenesit-e-bujanocit\/","og_site_name":"Republika e S\u00ebrbis\u00eb Trupi Koordinues p\u00ebr komunat Bujanoc, Preshev\u00eb dhe Medvegj\u00eb","article_publisher":"https:\/\/www.facebook.com\/SluzbaKoordinacionogTelaVladeRepublikeSrbije","article_published_time":"2020-05-07T00:00:00+00:00","article_modified_time":"2024-07-30T18:04:54+00:00","og_image":[{"width":315,"height":230,"url":"https:\/\/kt.gov.rs\/wp-content\/uploads\/2024\/07\/1588841073_070520_2-5.jpg","type":"image\/jpeg"}],"author":"ktmin","twitter_card":"summary_large_image","twitter_creator":"@kt_gov","twitter_site":"@kt_gov","twitter_misc":{"Written by":"ktmin","Est. reading time":"4 minutes"},"schema":{"@context":"https:\/\/schema.org","@graph":[{"@type":"Article","@id":"https:\/\/kt.gov.rs\/sq\/takimi-per-caj-per-nxenesit-e-bujanocit\/#article","isPartOf":{"@id":"https:\/\/kt.gov.rs\/sq\/takimi-per-caj-per-nxenesit-e-bujanocit\/"},"author":{"name":"ktmin","@id":"https:\/\/kt.gov.rs\/#\/schema\/person\/e426459ddb4173309103390602694571"},"headline":"TAKIMI P\u00cbR \u00c7AJ P\u00cbR NX\u00cbN\u00cbSIT E BUJANOCIT","datePublished":"2020-05-07T00:00:00+00:00","dateModified":"2024-07-30T18:04:54+00:00","mainEntityOfPage":{"@id":"https:\/\/kt.gov.rs\/sq\/takimi-per-caj-per-nxenesit-e-bujanocit\/"},"wordCount":735,"publisher":{"@id":"https:\/\/kt.gov.rs\/#organization"},"image":{"@id":"https:\/\/kt.gov.rs\/sq\/takimi-per-caj-per-nxenesit-e-bujanocit\/#primaryimage"},"thumbnailUrl":"https:\/\/kt.gov.rs\/wp-content\/uploads\/2024\/07\/1588841073_070520_2-5.jpg","articleSection":["Lajme"],"inLanguage":"sq-AL"},{"@type":"WebPage","@id":"https:\/\/kt.gov.rs\/sq\/takimi-per-caj-per-nxenesit-e-bujanocit\/","url":"https:\/\/kt.gov.rs\/sq\/takimi-per-caj-per-nxenesit-e-bujanocit\/","name":"TAKIMI P\u00cbR \u00c7AJ P\u00cbR NX\u00cbN\u00cbSIT E BUJANOCIT - Republika e S\u00ebrbis\u00eb Trupi Koordinues p\u00ebr komunat Bujanoc, Preshev\u00eb dhe Medvegj\u00eb","isPartOf":{"@id":"https:\/\/kt.gov.rs\/#website"},"primaryImageOfPage":{"@id":"https:\/\/kt.gov.rs\/sq\/takimi-per-caj-per-nxenesit-e-bujanocit\/#primaryimage"},"image":{"@id":"https:\/\/kt.gov.rs\/sq\/takimi-per-caj-per-nxenesit-e-bujanocit\/#primaryimage"},"thumbnailUrl":"https:\/\/kt.gov.rs\/wp-content\/uploads\/2024\/07\/1588841073_070520_2-5.jpg","datePublished":"2020-05-07T00:00:00+00:00","dateModified":"2024-07-30T18:04:54+00:00","breadcrumb":{"@id":"https:\/\/kt.gov.rs\/sq\/takimi-per-caj-per-nxenesit-e-bujanocit\/#breadcrumb"},"inLanguage":"sq-AL","potentialAction":[{"@type":"ReadAction","target":["https:\/\/kt.gov.rs\/sq\/takimi-per-caj-per-nxenesit-e-bujanocit\/"]}]},{"@type":"ImageObject","inLanguage":"sq-AL","@id":"https:\/\/kt.gov.rs\/sq\/takimi-per-caj-per-nxenesit-e-bujanocit\/#primaryimage","url":"https:\/\/kt.gov.rs\/wp-content\/uploads\/2024\/07\/1588841073_070520_2-5.jpg","contentUrl":"https:\/\/kt.gov.rs\/wp-content\/uploads\/2024\/07\/1588841073_070520_2-5.jpg","width":315,"height":230},{"@type":"BreadcrumbList","@id":"https:\/\/kt.gov.rs\/sq\/takimi-per-caj-per-nxenesit-e-bujanocit\/#breadcrumb","itemListElement":[{"@type":"ListItem","position":1,"name":"\u041f\u043e\u0447\u0435\u0442\u043d\u0430","item":"https:\/\/kt.gov.rs\/sq\/"},{"@type":"ListItem","position":2,"name":"TAKIMI P\u00cbR \u00c7AJ P\u00cbR NX\u00cbN\u00cbSIT E BUJANOCIT"}]},{"@type":"WebSite","@id":"https:\/\/kt.gov.rs\/#website","url":"https:\/\/kt.gov.rs\/","name":"\u041a\u043e\u043e\u0440\u0434\u0438\u043d\u0430\u0446\u0438\u043e\u043d\u043e \u0442\u0435\u043b\u043e \u0412\u043b\u0430\u0434\u0435 \u0420\u0435\u043f\u0443\u0431\u043b\u0438\u043a\u0435 \u0421\u0440\u0431\u0438\u0458\u0435 \u0437\u0430 \u043e\u043f\u0448\u0442\u0438\u043d\u0435 \u041f\u0440\u0435\u0448\u0435\u0432\u043e, \u0411\u0443\u0458\u0430\u043d\u043e\u0432\u0430\u0446 \u0438 \u041c\u0435\u0434\u0432\u0435\u0452a","description":"","publisher":{"@id":"https:\/\/kt.gov.rs\/#organization"},"alternateName":"\u041a\u043e\u043e\u0440\u0434\u0438\u043d\u0430\u0446\u0438\u043e\u043d\u043e \u0442\u0435\u043b\u043e","potentialAction":[{"@type":"SearchAction","target":{"@type":"EntryPoint","urlTemplate":"https:\/\/kt.gov.rs\/?s={search_term_string}"},"query-input":{"@type":"PropertyValueSpecification","valueRequired":true,"valueName":"search_term_string"}}],"inLanguage":"sq-AL"},{"@type":"Organization","@id":"https:\/\/kt.gov.rs\/#organization","name":"\u041a\u043e\u043e\u0440\u0434\u0438\u043d\u0430\u0446\u0438\u043e\u043d\u043e \u0442\u0435\u043b\u043e \u0412\u043b\u0430\u0434\u0435 \u0420\u0435\u043f\u0443\u0431\u043b\u0438\u043a\u0435 \u0421\u0440\u0431\u0438\u0458\u0435 \u0437\u0430 \u043e\u043f\u0448\u0442\u0438\u043d\u0435 \u041f\u0440\u0435\u0448\u0435\u0432\u043e, \u0411\u0443\u0458\u0430\u043d\u043e\u0432\u0430\u0446 \u0438 \u041c\u0435\u0434\u0432\u0435\u0452a","alternateName":"\u041a\u043e\u043e\u0440\u0434\u0438\u043d\u0430\u0446\u0438\u043e\u043d\u043e \u0442\u0435\u043b\u043e","url":"https:\/\/kt.gov.rs\/","logo":{"@type":"ImageObject","inLanguage":"sq-AL","@id":"https:\/\/kt.gov.rs\/#\/schema\/logo\/image\/","url":"https:\/\/kt.gov.rs\/wp-content\/uploads\/2024\/12\/koord2.jpg","contentUrl":"https:\/\/kt.gov.rs\/wp-content\/uploads\/2024\/12\/koord2.jpg","width":640,"height":480,"caption":"\u041a\u043e\u043e\u0440\u0434\u0438\u043d\u0430\u0446\u0438\u043e\u043d\u043e \u0442\u0435\u043b\u043e \u0412\u043b\u0430\u0434\u0435 \u0420\u0435\u043f\u0443\u0431\u043b\u0438\u043a\u0435 \u0421\u0440\u0431\u0438\u0458\u0435 \u0437\u0430 \u043e\u043f\u0448\u0442\u0438\u043d\u0435 \u041f\u0440\u0435\u0448\u0435\u0432\u043e, \u0411\u0443\u0458\u0430\u043d\u043e\u0432\u0430\u0446 \u0438 \u041c\u0435\u0434\u0432\u0435\u0452a"},"image":{"@id":"https:\/\/kt.gov.rs\/#\/schema\/logo\/image\/"},"sameAs":["https:\/\/www.facebook.com\/SluzbaKoordinacionogTelaVladeRepublikeSrbije","https:\/\/x.com\/kt_gov","https:\/\/www.youtube.com\/@koordinacionotelo"]},{"@type":"Person","@id":"https:\/\/kt.gov.rs\/#\/schema\/person\/e426459ddb4173309103390602694571","name":"ktmin","image":{"@type":"ImageObject","inLanguage":"sq-AL","@id":"https:\/\/secure.gravatar.com\/avatar\/3985c961109853010c3fbc7ba30365bfba5db3dd6c525831d9c595c7525a615a?s=96&d=mm&r=g","url":"https:\/\/secure.gravatar.com\/avatar\/3985c961109853010c3fbc7ba30365bfba5db3dd6c525831d9c595c7525a615a?s=96&d=mm&r=g","contentUrl":"https:\/\/secure.gravatar.com\/avatar\/3985c961109853010c3fbc7ba30365bfba5db3dd6c525831d9c595c7525a615a?s=96&d=mm&r=g","caption":"ktmin"},"sameAs":["https:\/\/kt.gov.rs"],"url":"https:\/\/kt.gov.rs\/sq\/author\/ktmin\/"}]}},"_links":{"self":[{"href":"https:\/\/kt.gov.rs\/sq\/wp-json\/wp\/v2\/posts\/112714","targetHints":{"allow":["GET"]}}],"collection":[{"href":"https:\/\/kt.gov.rs\/sq\/wp-json\/wp\/v2\/posts"}],"about":[{"href":"https:\/\/kt.gov.rs\/sq\/wp-json\/wp\/v2\/types\/post"}],"author":[{"embeddable":true,"href":"https:\/\/kt.gov.rs\/sq\/wp-json\/wp\/v2\/users\/1"}],"replies":[{"embeddable":true,"href":"https:\/\/kt.gov.rs\/sq\/wp-json\/wp\/v2\/comments?post=112714"}],"version-history":[{"count":1,"href":"https:\/\/kt.gov.rs\/sq\/wp-json\/wp\/v2\/posts\/112714\/revisions"}],"predecessor-version":[{"id":112718,"href":"https:\/\/kt.gov.rs\/sq\/wp-json\/wp\/v2\/posts\/112714\/revisions\/112718"}],"wp:featuredmedia":[{"embeddable":true,"href":"https:\/\/kt.gov.rs\/sq\/wp-json\/wp\/v2\/media\/112719"}],"wp:attachment":[{"href":"https:\/\/kt.gov.rs\/sq\/wp-json\/wp\/v2\/media?parent=112714"}],"wp:term":[{"taxonomy":"category","embeddable":true,"href":"https:\/\/kt.gov.rs\/sq\/wp-json\/wp\/v2\/categories?post=112714"},{"taxonomy":"post_tag","embeddable":true,"href":"https:\/\/kt.gov.rs\/sq\/wp-json\/wp\/v2\/tags?post=112714"}],"curies":[{"name":"wp","href":"https:\/\/api.w.org\/{rel}","templated":true}]}}