{"id":112674,"date":"2020-05-13T00:00:00","date_gmt":"2020-05-13T00:00:00","guid":{"rendered":"http:\/\/kt.printandscreen.rs\/civitates-forcimi-i-organizatave-gazetareske-afati-30-qershor-2020\/"},"modified":"2024-07-30T18:04:50","modified_gmt":"2024-07-30T18:04:50","slug":"civitates-forcimi-i-organizatave-gazetareske-afati-30-qershor-2020","status":"publish","type":"post","link":"https:\/\/kt.gov.rs\/sq\/civitates-forcimi-i-organizatave-gazetareske-afati-30-qershor-2020\/","title":{"rendered":"CIVITATES: FORCIMI I ORGANIZATAVE GAZETARESKE (Afati: 30 qershor 2020)"},"content":{"rendered":"<p>\n\t<img decoding=\"async\" alt=\"\" src=\"https:\/\/kt.gov.rs\/wp-content\/uploads\/2024\/07\/1589365100_130520_2-4.jpg\" style=\"width: 315px; height: 230px; float: left;\" \/><\/p>\n<p>\n\tCivitates \u00ebsht\u00eb nj\u00eb iniciativ\u00eb filantropike kushtuar ruajtjes s\u00eb vlerave demokratike n\u00eb Evrop\u00eb dhe synon t\u00eb krijoj\u00eb nj\u00eb rrjet t\u00eb fort\u00eb t\u00eb organizatave t\u00eb pavarura t\u00eb lajmeve me interes publik q\u00eb mbrojn\u00eb demokracin\u00eb n\u00eb Evrop\u00eb duke mbuluar histori me r\u00ebnd\u00ebsi shoq\u00ebrore.<\/p>\n<p>\n\tP\u00ebrmes k\u00ebtij projekti, Fondi synon t\u00eb siguroj\u00eb mb\u00ebshtetje n\u00eb fush\u00ebn e forcimit operacional dhe institucional t\u00eb partner\u00ebve t\u00eb tij, n\u00eb m\u00ebnyr\u00eb q\u00eb t\u00eb nd\u00ebrtoj\u00eb organizata lajmesh m\u00eb t\u00eb p\u00ebrhershme, q\u00ebndrueshme, t\u00eb rrjet\u00ebzuara dhe me ndikim me interes publik n\u00eb Evrop\u00eb.<\/p>\n<p>\n\tP\u00ebr t\u00eb aplikuar p\u00ebr konkurs, organizatat e lajmeve duhet t\u00eb plot\u00ebsojn\u00eb kushtet e m\u00ebposhtme:<\/p>\n<p>\n\t\u2013 Ata merren me gazetari me r\u00ebnd\u00ebsi publike q\u00eb informon publikun p\u00ebr at\u00eb q\u00eb \u00ebsht\u00eb e r\u00ebnd\u00ebsishme p\u00ebr t\u00eb gjith\u00eb n\u00eb shoq\u00ebri, duke raportuar p\u00ebr t\u00eb mir\u00ebn e p\u00ebrbashk\u00ebt, mir\u00ebqenien e p\u00ebrgjithshme dhe sigurin\u00eb dhe mir\u00ebqenien e t\u00eb gjith\u00eb n\u00eb komunitet;<\/p>\n<p>\n\t\u2013 T\u00eb jan\u00eb t\u00eb pavarur nga interesat politike, tregtare dhe fetare;<\/p>\n<p>\n\t\u2013 T\u00eb jan\u00eb t\u00eb angazhuar n\u00eb gazetari hulumtuese;<\/p>\n<p>\n\t\u2013 T\u00eb jan\u00eb regjistruar si organizata jofitimprur\u00ebse;<\/p>\n<p>\n\t\u2013 T\u00eb jan\u00eb regjistruara si nj\u00eb person juridik dhe kan\u00eb nj\u00eb praktik\u00eb t\u00eb provuar me t\u00eb pakt\u00ebn 12 muaj mbulim aktiv;<\/p>\n<p>\n\t\u2013 T\u00eb rrespektojn\u00eb standardet e larta profesionale, duke p\u00ebrfshir\u00eb nj\u00eb angazhim p\u00ebr t\u00eb v\u00ebrtet\u00ebn dhe sakt\u00ebsin\u00eb, drejt\u00ebsin\u00eb dhe paanshm\u00ebrin\u00eb, njer\u00ebzimin, transparenc\u00ebn dhe p\u00ebrgjegjshm\u00ebrin\u00eb.<\/p>\n<p>\n\tShumat e grantit mund t\u00eb ndryshojn\u00eb n\u00eb p\u00ebrputhje me kushtet e m\u00ebposhtme:<\/p>\n<p>\n\t\u2013 Organizatat me nj\u00eb buxhet vjetor deri n\u00eb 100,000 EUR mund t\u00eb aplikojn\u00eb p\u00ebr fonde deri n\u00eb 50% t\u00eb buxhetit t\u00eb tyre vjetor;<\/p>\n<p>\n\t\u2013 Organizatat me nj\u00eb buxhet vjetor deri n\u00eb 200,000 EUR mund t\u00eb aplikojn\u00eb p\u00ebr fonde deri n\u00eb 40% t\u00eb buxhetit t\u00eb tyre vjetor;<\/p>\n<p>\n\t\u2013 Organizatat me nj\u00eb buxhet vjetor m\u00eb shum\u00eb se 200,000 EUR mund t\u00eb aplikojn\u00eb p\u00ebr fonde deri n\u00eb 30% t\u00eb buxhetit t\u00eb tyre vjetor.<\/p>\n<p>\n\tKoh\u00ebzgjatja e grantit mund t\u00eb jet\u00eb deri n\u00eb 3 vjet (potencialisht e rinovueshme p\u00ebr dy vjet t\u00eb tjera).<\/p>\n<p>\n\tAfati i fundit p\u00ebr t\u00eb aplikuar n\u00eb konkurs \u00ebsht\u00eb 30 qershor 2020.<\/p>\n<p>\n\tM\u00eb shum\u00eb informacion mbi kushtet e konkursit mund t\u00eb gjenden n\u00eb<a href=\"https:\/\/civitates-eu.org\/request-for-proposals-independent-public-interest-journalism\/\">https:\/\/civitates-eu.org\/request-for-proposals-independent-public-interest-journalism\/<\/a><\/p>\n<p>\n\t<strong>Burimi: Civitates dhe Trupi Koordinues<\/strong><\/p>\n<p>\n\t\u00a0<\/p>\n","protected":false},"excerpt":{"rendered":"<p>Civitates \u00ebsht\u00eb nj\u00eb iniciativ\u00eb filantropike kushtuar ruajtjes s\u00eb vlerave demokratike n\u00eb Evrop\u00eb dhe synon t\u00eb krijoj\u00eb nj\u00eb rrjet t\u00eb fort\u00eb t\u00eb organizatave t\u00eb pavarura t\u00eb lajmeve me interes publik q\u00eb mbrojn\u00eb demokracin\u00eb n\u00eb Evrop\u00eb duke mbuluar histori me r\u00ebnd\u00ebsi shoq\u00ebrore.<\/p>\n","protected":false},"author":1,"featured_media":112679,"comment_status":"closed","ping_status":"closed","sticky":false,"template":"","format":"standard","meta":{"footnotes":""},"categories":[55],"tags":[],"class_list":["post-112674","post","type-post","status-publish","format-standard","has-post-thumbnail","hentry","category-lajme"],"yoast_head":"<!-- This site is optimized with the Yoast SEO plugin v27.5 - https:\/\/yoast.com\/product\/yoast-seo-wordpress\/ -->\n<title>CIVITATES: FORCIMI I ORGANIZATAVE GAZETARESKE (Afati: 30 qershor 2020) - Republika e S\u00ebrbis\u00eb Trupi Koordinues p\u00ebr komunat Bujanoc, Preshev\u00eb dhe Medvegj\u00eb<\/title>\n<meta name=\"robots\" content=\"index, follow, max-snippet:-1, max-image-preview:large, max-video-preview:-1\" \/>\n<link rel=\"canonical\" href=\"https:\/\/kt.gov.rs\/sq\/civitates-forcimi-i-organizatave-gazetareske-afati-30-qershor-2020\/\" \/>\n<meta property=\"og:locale\" content=\"sq_AL\" \/>\n<meta property=\"og:type\" content=\"article\" \/>\n<meta property=\"og:title\" content=\"CIVITATES: FORCIMI I ORGANIZATAVE GAZETARESKE (Afati: 30 qershor 2020) - Republika e S\u00ebrbis\u00eb Trupi Koordinues p\u00ebr komunat Bujanoc, Preshev\u00eb dhe Medvegj\u00eb\" \/>\n<meta property=\"og:description\" content=\"Civitates \u00ebsht\u00eb nj\u00eb iniciativ\u00eb filantropike kushtuar ruajtjes s\u00eb vlerave demokratike n\u00eb Evrop\u00eb dhe synon t\u00eb krijoj\u00eb nj\u00eb rrjet t\u00eb fort\u00eb t\u00eb organizatave t\u00eb pavarura t\u00eb lajmeve me interes publik q\u00eb mbrojn\u00eb demokracin\u00eb n\u00eb Evrop\u00eb duke mbuluar histori me r\u00ebnd\u00ebsi shoq\u00ebrore.\" \/>\n<meta property=\"og:url\" content=\"https:\/\/kt.gov.rs\/sq\/civitates-forcimi-i-organizatave-gazetareske-afati-30-qershor-2020\/\" \/>\n<meta property=\"og:site_name\" content=\"Republika e S\u00ebrbis\u00eb Trupi Koordinues p\u00ebr komunat Bujanoc, Preshev\u00eb dhe Medvegj\u00eb\" \/>\n<meta property=\"article:publisher\" content=\"https:\/\/www.facebook.com\/SluzbaKoordinacionogTelaVladeRepublikeSrbije\" \/>\n<meta property=\"article:published_time\" content=\"2020-05-13T00:00:00+00:00\" \/>\n<meta property=\"article:modified_time\" content=\"2024-07-30T18:04:50+00:00\" \/>\n<meta property=\"og:image\" content=\"https:\/\/kt.gov.rs\/wp-content\/uploads\/2024\/07\/1589365100_130520_2-5.jpg\" \/>\n\t<meta property=\"og:image:width\" content=\"315\" \/>\n\t<meta property=\"og:image:height\" content=\"230\" \/>\n\t<meta property=\"og:image:type\" content=\"image\/jpeg\" \/>\n<meta name=\"author\" content=\"ktmin\" \/>\n<meta name=\"twitter:card\" content=\"summary_large_image\" \/>\n<meta name=\"twitter:creator\" content=\"@kt_gov\" \/>\n<meta name=\"twitter:site\" content=\"@kt_gov\" \/>\n<meta name=\"twitter:label1\" content=\"Written by\" \/>\n\t<meta name=\"twitter:data1\" content=\"ktmin\" \/>\n\t<meta name=\"twitter:label2\" content=\"Est. reading time\" \/>\n\t<meta name=\"twitter:data2\" content=\"3 minutes\" \/>\n<script type=\"application\/ld+json\" class=\"yoast-schema-graph\">{\"@context\":\"https:\\\/\\\/schema.org\",\"@graph\":[{\"@type\":\"Article\",\"@id\":\"https:\\\/\\\/kt.gov.rs\\\/sq\\\/civitates-forcimi-i-organizatave-gazetareske-afati-30-qershor-2020\\\/#article\",\"isPartOf\":{\"@id\":\"https:\\\/\\\/kt.gov.rs\\\/sq\\\/civitates-forcimi-i-organizatave-gazetareske-afati-30-qershor-2020\\\/\"},\"author\":{\"name\":\"ktmin\",\"@id\":\"https:\\\/\\\/kt.gov.rs\\\/#\\\/schema\\\/person\\\/e426459ddb4173309103390602694571\"},\"headline\":\"CIVITATES: FORCIMI I ORGANIZATAVE GAZETARESKE (Afati: 30 qershor 2020)\",\"datePublished\":\"2020-05-13T00:00:00+00:00\",\"dateModified\":\"2024-07-30T18:04:50+00:00\",\"mainEntityOfPage\":{\"@id\":\"https:\\\/\\\/kt.gov.rs\\\/sq\\\/civitates-forcimi-i-organizatave-gazetareske-afati-30-qershor-2020\\\/\"},\"wordCount\":553,\"publisher\":{\"@id\":\"https:\\\/\\\/kt.gov.rs\\\/#organization\"},\"image\":{\"@id\":\"https:\\\/\\\/kt.gov.rs\\\/sq\\\/civitates-forcimi-i-organizatave-gazetareske-afati-30-qershor-2020\\\/#primaryimage\"},\"thumbnailUrl\":\"https:\\\/\\\/kt.gov.rs\\\/wp-content\\\/uploads\\\/2024\\\/07\\\/1589365100_130520_2-5.jpg\",\"articleSection\":[\"Lajme\"],\"inLanguage\":\"sq-AL\"},{\"@type\":\"WebPage\",\"@id\":\"https:\\\/\\\/kt.gov.rs\\\/sq\\\/civitates-forcimi-i-organizatave-gazetareske-afati-30-qershor-2020\\\/\",\"url\":\"https:\\\/\\\/kt.gov.rs\\\/sq\\\/civitates-forcimi-i-organizatave-gazetareske-afati-30-qershor-2020\\\/\",\"name\":\"CIVITATES: FORCIMI I ORGANIZATAVE GAZETARESKE (Afati: 30 qershor 2020) - Republika e S\u00ebrbis\u00eb Trupi Koordinues p\u00ebr komunat Bujanoc, Preshev\u00eb dhe Medvegj\u00eb\",\"isPartOf\":{\"@id\":\"https:\\\/\\\/kt.gov.rs\\\/#website\"},\"primaryImageOfPage\":{\"@id\":\"https:\\\/\\\/kt.gov.rs\\\/sq\\\/civitates-forcimi-i-organizatave-gazetareske-afati-30-qershor-2020\\\/#primaryimage\"},\"image\":{\"@id\":\"https:\\\/\\\/kt.gov.rs\\\/sq\\\/civitates-forcimi-i-organizatave-gazetareske-afati-30-qershor-2020\\\/#primaryimage\"},\"thumbnailUrl\":\"https:\\\/\\\/kt.gov.rs\\\/wp-content\\\/uploads\\\/2024\\\/07\\\/1589365100_130520_2-5.jpg\",\"datePublished\":\"2020-05-13T00:00:00+00:00\",\"dateModified\":\"2024-07-30T18:04:50+00:00\",\"breadcrumb\":{\"@id\":\"https:\\\/\\\/kt.gov.rs\\\/sq\\\/civitates-forcimi-i-organizatave-gazetareske-afati-30-qershor-2020\\\/#breadcrumb\"},\"inLanguage\":\"sq-AL\",\"potentialAction\":[{\"@type\":\"ReadAction\",\"target\":[\"https:\\\/\\\/kt.gov.rs\\\/sq\\\/civitates-forcimi-i-organizatave-gazetareske-afati-30-qershor-2020\\\/\"]}]},{\"@type\":\"ImageObject\",\"inLanguage\":\"sq-AL\",\"@id\":\"https:\\\/\\\/kt.gov.rs\\\/sq\\\/civitates-forcimi-i-organizatave-gazetareske-afati-30-qershor-2020\\\/#primaryimage\",\"url\":\"https:\\\/\\\/kt.gov.rs\\\/wp-content\\\/uploads\\\/2024\\\/07\\\/1589365100_130520_2-5.jpg\",\"contentUrl\":\"https:\\\/\\\/kt.gov.rs\\\/wp-content\\\/uploads\\\/2024\\\/07\\\/1589365100_130520_2-5.jpg\",\"width\":315,\"height\":230},{\"@type\":\"BreadcrumbList\",\"@id\":\"https:\\\/\\\/kt.gov.rs\\\/sq\\\/civitates-forcimi-i-organizatave-gazetareske-afati-30-qershor-2020\\\/#breadcrumb\",\"itemListElement\":[{\"@type\":\"ListItem\",\"position\":1,\"name\":\"\u041f\u043e\u0447\u0435\u0442\u043d\u0430\",\"item\":\"https:\\\/\\\/kt.gov.rs\\\/sq\\\/\"},{\"@type\":\"ListItem\",\"position\":2,\"name\":\"CIVITATES: FORCIMI I ORGANIZATAVE GAZETARESKE (Afati: 30 qershor 2020)\"}]},{\"@type\":\"WebSite\",\"@id\":\"https:\\\/\\\/kt.gov.rs\\\/#website\",\"url\":\"https:\\\/\\\/kt.gov.rs\\\/\",\"name\":\"\u041a\u043e\u043e\u0440\u0434\u0438\u043d\u0430\u0446\u0438\u043e\u043d\u043e \u0442\u0435\u043b\u043e \u0412\u043b\u0430\u0434\u0435 \u0420\u0435\u043f\u0443\u0431\u043b\u0438\u043a\u0435 \u0421\u0440\u0431\u0438\u0458\u0435 \u0437\u0430 \u043e\u043f\u0448\u0442\u0438\u043d\u0435 \u041f\u0440\u0435\u0448\u0435\u0432\u043e, \u0411\u0443\u0458\u0430\u043d\u043e\u0432\u0430\u0446 \u0438 \u041c\u0435\u0434\u0432\u0435\u0452a\",\"description\":\"\",\"publisher\":{\"@id\":\"https:\\\/\\\/kt.gov.rs\\\/#organization\"},\"alternateName\":\"\u041a\u043e\u043e\u0440\u0434\u0438\u043d\u0430\u0446\u0438\u043e\u043d\u043e \u0442\u0435\u043b\u043e\",\"potentialAction\":[{\"@type\":\"SearchAction\",\"target\":{\"@type\":\"EntryPoint\",\"urlTemplate\":\"https:\\\/\\\/kt.gov.rs\\\/?s={search_term_string}\"},\"query-input\":{\"@type\":\"PropertyValueSpecification\",\"valueRequired\":true,\"valueName\":\"search_term_string\"}}],\"inLanguage\":\"sq-AL\"},{\"@type\":\"Organization\",\"@id\":\"https:\\\/\\\/kt.gov.rs\\\/#organization\",\"name\":\"\u041a\u043e\u043e\u0440\u0434\u0438\u043d\u0430\u0446\u0438\u043e\u043d\u043e \u0442\u0435\u043b\u043e \u0412\u043b\u0430\u0434\u0435 \u0420\u0435\u043f\u0443\u0431\u043b\u0438\u043a\u0435 \u0421\u0440\u0431\u0438\u0458\u0435 \u0437\u0430 \u043e\u043f\u0448\u0442\u0438\u043d\u0435 \u041f\u0440\u0435\u0448\u0435\u0432\u043e, \u0411\u0443\u0458\u0430\u043d\u043e\u0432\u0430\u0446 \u0438 \u041c\u0435\u0434\u0432\u0435\u0452a\",\"alternateName\":\"\u041a\u043e\u043e\u0440\u0434\u0438\u043d\u0430\u0446\u0438\u043e\u043d\u043e \u0442\u0435\u043b\u043e\",\"url\":\"https:\\\/\\\/kt.gov.rs\\\/\",\"logo\":{\"@type\":\"ImageObject\",\"inLanguage\":\"sq-AL\",\"@id\":\"https:\\\/\\\/kt.gov.rs\\\/#\\\/schema\\\/logo\\\/image\\\/\",\"url\":\"https:\\\/\\\/kt.gov.rs\\\/wp-content\\\/uploads\\\/2024\\\/12\\\/koord2.jpg\",\"contentUrl\":\"https:\\\/\\\/kt.gov.rs\\\/wp-content\\\/uploads\\\/2024\\\/12\\\/koord2.jpg\",\"width\":640,\"height\":480,\"caption\":\"\u041a\u043e\u043e\u0440\u0434\u0438\u043d\u0430\u0446\u0438\u043e\u043d\u043e \u0442\u0435\u043b\u043e \u0412\u043b\u0430\u0434\u0435 \u0420\u0435\u043f\u0443\u0431\u043b\u0438\u043a\u0435 \u0421\u0440\u0431\u0438\u0458\u0435 \u0437\u0430 \u043e\u043f\u0448\u0442\u0438\u043d\u0435 \u041f\u0440\u0435\u0448\u0435\u0432\u043e, \u0411\u0443\u0458\u0430\u043d\u043e\u0432\u0430\u0446 \u0438 \u041c\u0435\u0434\u0432\u0435\u0452a\"},\"image\":{\"@id\":\"https:\\\/\\\/kt.gov.rs\\\/#\\\/schema\\\/logo\\\/image\\\/\"},\"sameAs\":[\"https:\\\/\\\/www.facebook.com\\\/SluzbaKoordinacionogTelaVladeRepublikeSrbije\",\"https:\\\/\\\/x.com\\\/kt_gov\",\"https:\\\/\\\/www.youtube.com\\\/@koordinacionotelo\"]},{\"@type\":\"Person\",\"@id\":\"https:\\\/\\\/kt.gov.rs\\\/#\\\/schema\\\/person\\\/e426459ddb4173309103390602694571\",\"name\":\"ktmin\",\"image\":{\"@type\":\"ImageObject\",\"inLanguage\":\"sq-AL\",\"@id\":\"https:\\\/\\\/secure.gravatar.com\\\/avatar\\\/3985c961109853010c3fbc7ba30365bfba5db3dd6c525831d9c595c7525a615a?s=96&d=mm&r=g\",\"url\":\"https:\\\/\\\/secure.gravatar.com\\\/avatar\\\/3985c961109853010c3fbc7ba30365bfba5db3dd6c525831d9c595c7525a615a?s=96&d=mm&r=g\",\"contentUrl\":\"https:\\\/\\\/secure.gravatar.com\\\/avatar\\\/3985c961109853010c3fbc7ba30365bfba5db3dd6c525831d9c595c7525a615a?s=96&d=mm&r=g\",\"caption\":\"ktmin\"},\"sameAs\":[\"https:\\\/\\\/kt.gov.rs\"],\"url\":\"https:\\\/\\\/kt.gov.rs\\\/sq\\\/author\\\/ktmin\\\/\"}]}<\/script>\n<!-- \/ Yoast SEO plugin. -->","yoast_head_json":{"title":"CIVITATES: FORCIMI I ORGANIZATAVE GAZETARESKE (Afati: 30 qershor 2020) - Republika e S\u00ebrbis\u00eb Trupi Koordinues p\u00ebr komunat Bujanoc, Preshev\u00eb dhe Medvegj\u00eb","robots":{"index":"index","follow":"follow","max-snippet":"max-snippet:-1","max-image-preview":"max-image-preview:large","max-video-preview":"max-video-preview:-1"},"canonical":"https:\/\/kt.gov.rs\/sq\/civitates-forcimi-i-organizatave-gazetareske-afati-30-qershor-2020\/","og_locale":"sq_AL","og_type":"article","og_title":"CIVITATES: FORCIMI I ORGANIZATAVE GAZETARESKE (Afati: 30 qershor 2020) - Republika e S\u00ebrbis\u00eb Trupi Koordinues p\u00ebr komunat Bujanoc, Preshev\u00eb dhe Medvegj\u00eb","og_description":"Civitates \u00ebsht\u00eb nj\u00eb iniciativ\u00eb filantropike kushtuar ruajtjes s\u00eb vlerave demokratike n\u00eb Evrop\u00eb dhe synon t\u00eb krijoj\u00eb nj\u00eb rrjet t\u00eb fort\u00eb t\u00eb organizatave t\u00eb pavarura t\u00eb lajmeve me interes publik q\u00eb mbrojn\u00eb demokracin\u00eb n\u00eb Evrop\u00eb duke mbuluar histori me r\u00ebnd\u00ebsi shoq\u00ebrore.","og_url":"https:\/\/kt.gov.rs\/sq\/civitates-forcimi-i-organizatave-gazetareske-afati-30-qershor-2020\/","og_site_name":"Republika e S\u00ebrbis\u00eb Trupi Koordinues p\u00ebr komunat Bujanoc, Preshev\u00eb dhe Medvegj\u00eb","article_publisher":"https:\/\/www.facebook.com\/SluzbaKoordinacionogTelaVladeRepublikeSrbije","article_published_time":"2020-05-13T00:00:00+00:00","article_modified_time":"2024-07-30T18:04:50+00:00","og_image":[{"width":315,"height":230,"url":"https:\/\/kt.gov.rs\/wp-content\/uploads\/2024\/07\/1589365100_130520_2-5.jpg","type":"image\/jpeg"}],"author":"ktmin","twitter_card":"summary_large_image","twitter_creator":"@kt_gov","twitter_site":"@kt_gov","twitter_misc":{"Written by":"ktmin","Est. reading time":"3 minutes"},"schema":{"@context":"https:\/\/schema.org","@graph":[{"@type":"Article","@id":"https:\/\/kt.gov.rs\/sq\/civitates-forcimi-i-organizatave-gazetareske-afati-30-qershor-2020\/#article","isPartOf":{"@id":"https:\/\/kt.gov.rs\/sq\/civitates-forcimi-i-organizatave-gazetareske-afati-30-qershor-2020\/"},"author":{"name":"ktmin","@id":"https:\/\/kt.gov.rs\/#\/schema\/person\/e426459ddb4173309103390602694571"},"headline":"CIVITATES: FORCIMI I ORGANIZATAVE GAZETARESKE (Afati: 30 qershor 2020)","datePublished":"2020-05-13T00:00:00+00:00","dateModified":"2024-07-30T18:04:50+00:00","mainEntityOfPage":{"@id":"https:\/\/kt.gov.rs\/sq\/civitates-forcimi-i-organizatave-gazetareske-afati-30-qershor-2020\/"},"wordCount":553,"publisher":{"@id":"https:\/\/kt.gov.rs\/#organization"},"image":{"@id":"https:\/\/kt.gov.rs\/sq\/civitates-forcimi-i-organizatave-gazetareske-afati-30-qershor-2020\/#primaryimage"},"thumbnailUrl":"https:\/\/kt.gov.rs\/wp-content\/uploads\/2024\/07\/1589365100_130520_2-5.jpg","articleSection":["Lajme"],"inLanguage":"sq-AL"},{"@type":"WebPage","@id":"https:\/\/kt.gov.rs\/sq\/civitates-forcimi-i-organizatave-gazetareske-afati-30-qershor-2020\/","url":"https:\/\/kt.gov.rs\/sq\/civitates-forcimi-i-organizatave-gazetareske-afati-30-qershor-2020\/","name":"CIVITATES: FORCIMI I ORGANIZATAVE GAZETARESKE (Afati: 30 qershor 2020) - Republika e S\u00ebrbis\u00eb Trupi Koordinues p\u00ebr komunat Bujanoc, Preshev\u00eb dhe Medvegj\u00eb","isPartOf":{"@id":"https:\/\/kt.gov.rs\/#website"},"primaryImageOfPage":{"@id":"https:\/\/kt.gov.rs\/sq\/civitates-forcimi-i-organizatave-gazetareske-afati-30-qershor-2020\/#primaryimage"},"image":{"@id":"https:\/\/kt.gov.rs\/sq\/civitates-forcimi-i-organizatave-gazetareske-afati-30-qershor-2020\/#primaryimage"},"thumbnailUrl":"https:\/\/kt.gov.rs\/wp-content\/uploads\/2024\/07\/1589365100_130520_2-5.jpg","datePublished":"2020-05-13T00:00:00+00:00","dateModified":"2024-07-30T18:04:50+00:00","breadcrumb":{"@id":"https:\/\/kt.gov.rs\/sq\/civitates-forcimi-i-organizatave-gazetareske-afati-30-qershor-2020\/#breadcrumb"},"inLanguage":"sq-AL","potentialAction":[{"@type":"ReadAction","target":["https:\/\/kt.gov.rs\/sq\/civitates-forcimi-i-organizatave-gazetareske-afati-30-qershor-2020\/"]}]},{"@type":"ImageObject","inLanguage":"sq-AL","@id":"https:\/\/kt.gov.rs\/sq\/civitates-forcimi-i-organizatave-gazetareske-afati-30-qershor-2020\/#primaryimage","url":"https:\/\/kt.gov.rs\/wp-content\/uploads\/2024\/07\/1589365100_130520_2-5.jpg","contentUrl":"https:\/\/kt.gov.rs\/wp-content\/uploads\/2024\/07\/1589365100_130520_2-5.jpg","width":315,"height":230},{"@type":"BreadcrumbList","@id":"https:\/\/kt.gov.rs\/sq\/civitates-forcimi-i-organizatave-gazetareske-afati-30-qershor-2020\/#breadcrumb","itemListElement":[{"@type":"ListItem","position":1,"name":"\u041f\u043e\u0447\u0435\u0442\u043d\u0430","item":"https:\/\/kt.gov.rs\/sq\/"},{"@type":"ListItem","position":2,"name":"CIVITATES: FORCIMI I ORGANIZATAVE GAZETARESKE (Afati: 30 qershor 2020)"}]},{"@type":"WebSite","@id":"https:\/\/kt.gov.rs\/#website","url":"https:\/\/kt.gov.rs\/","name":"\u041a\u043e\u043e\u0440\u0434\u0438\u043d\u0430\u0446\u0438\u043e\u043d\u043e \u0442\u0435\u043b\u043e \u0412\u043b\u0430\u0434\u0435 \u0420\u0435\u043f\u0443\u0431\u043b\u0438\u043a\u0435 \u0421\u0440\u0431\u0438\u0458\u0435 \u0437\u0430 \u043e\u043f\u0448\u0442\u0438\u043d\u0435 \u041f\u0440\u0435\u0448\u0435\u0432\u043e, \u0411\u0443\u0458\u0430\u043d\u043e\u0432\u0430\u0446 \u0438 \u041c\u0435\u0434\u0432\u0435\u0452a","description":"","publisher":{"@id":"https:\/\/kt.gov.rs\/#organization"},"alternateName":"\u041a\u043e\u043e\u0440\u0434\u0438\u043d\u0430\u0446\u0438\u043e\u043d\u043e \u0442\u0435\u043b\u043e","potentialAction":[{"@type":"SearchAction","target":{"@type":"EntryPoint","urlTemplate":"https:\/\/kt.gov.rs\/?s={search_term_string}"},"query-input":{"@type":"PropertyValueSpecification","valueRequired":true,"valueName":"search_term_string"}}],"inLanguage":"sq-AL"},{"@type":"Organization","@id":"https:\/\/kt.gov.rs\/#organization","name":"\u041a\u043e\u043e\u0440\u0434\u0438\u043d\u0430\u0446\u0438\u043e\u043d\u043e \u0442\u0435\u043b\u043e \u0412\u043b\u0430\u0434\u0435 \u0420\u0435\u043f\u0443\u0431\u043b\u0438\u043a\u0435 \u0421\u0440\u0431\u0438\u0458\u0435 \u0437\u0430 \u043e\u043f\u0448\u0442\u0438\u043d\u0435 \u041f\u0440\u0435\u0448\u0435\u0432\u043e, \u0411\u0443\u0458\u0430\u043d\u043e\u0432\u0430\u0446 \u0438 \u041c\u0435\u0434\u0432\u0435\u0452a","alternateName":"\u041a\u043e\u043e\u0440\u0434\u0438\u043d\u0430\u0446\u0438\u043e\u043d\u043e \u0442\u0435\u043b\u043e","url":"https:\/\/kt.gov.rs\/","logo":{"@type":"ImageObject","inLanguage":"sq-AL","@id":"https:\/\/kt.gov.rs\/#\/schema\/logo\/image\/","url":"https:\/\/kt.gov.rs\/wp-content\/uploads\/2024\/12\/koord2.jpg","contentUrl":"https:\/\/kt.gov.rs\/wp-content\/uploads\/2024\/12\/koord2.jpg","width":640,"height":480,"caption":"\u041a\u043e\u043e\u0440\u0434\u0438\u043d\u0430\u0446\u0438\u043e\u043d\u043e \u0442\u0435\u043b\u043e \u0412\u043b\u0430\u0434\u0435 \u0420\u0435\u043f\u0443\u0431\u043b\u0438\u043a\u0435 \u0421\u0440\u0431\u0438\u0458\u0435 \u0437\u0430 \u043e\u043f\u0448\u0442\u0438\u043d\u0435 \u041f\u0440\u0435\u0448\u0435\u0432\u043e, \u0411\u0443\u0458\u0430\u043d\u043e\u0432\u0430\u0446 \u0438 \u041c\u0435\u0434\u0432\u0435\u0452a"},"image":{"@id":"https:\/\/kt.gov.rs\/#\/schema\/logo\/image\/"},"sameAs":["https:\/\/www.facebook.com\/SluzbaKoordinacionogTelaVladeRepublikeSrbije","https:\/\/x.com\/kt_gov","https:\/\/www.youtube.com\/@koordinacionotelo"]},{"@type":"Person","@id":"https:\/\/kt.gov.rs\/#\/schema\/person\/e426459ddb4173309103390602694571","name":"ktmin","image":{"@type":"ImageObject","inLanguage":"sq-AL","@id":"https:\/\/secure.gravatar.com\/avatar\/3985c961109853010c3fbc7ba30365bfba5db3dd6c525831d9c595c7525a615a?s=96&d=mm&r=g","url":"https:\/\/secure.gravatar.com\/avatar\/3985c961109853010c3fbc7ba30365bfba5db3dd6c525831d9c595c7525a615a?s=96&d=mm&r=g","contentUrl":"https:\/\/secure.gravatar.com\/avatar\/3985c961109853010c3fbc7ba30365bfba5db3dd6c525831d9c595c7525a615a?s=96&d=mm&r=g","caption":"ktmin"},"sameAs":["https:\/\/kt.gov.rs"],"url":"https:\/\/kt.gov.rs\/sq\/author\/ktmin\/"}]}},"_links":{"self":[{"href":"https:\/\/kt.gov.rs\/sq\/wp-json\/wp\/v2\/posts\/112674","targetHints":{"allow":["GET"]}}],"collection":[{"href":"https:\/\/kt.gov.rs\/sq\/wp-json\/wp\/v2\/posts"}],"about":[{"href":"https:\/\/kt.gov.rs\/sq\/wp-json\/wp\/v2\/types\/post"}],"author":[{"embeddable":true,"href":"https:\/\/kt.gov.rs\/sq\/wp-json\/wp\/v2\/users\/1"}],"replies":[{"embeddable":true,"href":"https:\/\/kt.gov.rs\/sq\/wp-json\/wp\/v2\/comments?post=112674"}],"version-history":[{"count":1,"href":"https:\/\/kt.gov.rs\/sq\/wp-json\/wp\/v2\/posts\/112674\/revisions"}],"predecessor-version":[{"id":112678,"href":"https:\/\/kt.gov.rs\/sq\/wp-json\/wp\/v2\/posts\/112674\/revisions\/112678"}],"wp:featuredmedia":[{"embeddable":true,"href":"https:\/\/kt.gov.rs\/sq\/wp-json\/wp\/v2\/media\/112679"}],"wp:attachment":[{"href":"https:\/\/kt.gov.rs\/sq\/wp-json\/wp\/v2\/media?parent=112674"}],"wp:term":[{"taxonomy":"category","embeddable":true,"href":"https:\/\/kt.gov.rs\/sq\/wp-json\/wp\/v2\/categories?post=112674"},{"taxonomy":"post_tag","embeddable":true,"href":"https:\/\/kt.gov.rs\/sq\/wp-json\/wp\/v2\/tags?post=112674"}],"curies":[{"name":"wp","href":"https:\/\/api.w.org\/{rel}","templated":true}]}}