{"id":112658,"date":"2020-05-13T00:00:00","date_gmt":"2020-05-13T00:00:00","guid":{"rendered":"http:\/\/kt.printandscreen.rs\/banja-e-bujanocit-hapet-per-paciente-me-nje-organizim-te-ri-te-punes\/"},"modified":"2024-07-30T18:04:49","modified_gmt":"2024-07-30T18:04:49","slug":"banja-e-bujanocit-hapet-per-paciente-me-nje-organizim-te-ri-te-punes","status":"publish","type":"post","link":"https:\/\/kt.gov.rs\/sq\/banja-e-bujanocit-hapet-per-paciente-me-nje-organizim-te-ri-te-punes\/","title":{"rendered":"BANJA E BUJANOCIT HAPET P\u00cbR PACIENT\u00cb ME NJ\u00cb ORGANIZIM T\u00cb RI T\u00cb PUN\u00cbS"},"content":{"rendered":"<p>\n\t<strong><img decoding=\"async\" alt=\"\" src=\"https:\/\/kt.gov.rs\/wp-content\/uploads\/2024\/07\/1589365320_130520_4-4.jpg\" style=\"width: 315px; height: 230px; float: left;\" \/><\/strong><\/p>\n<p>\n\t<strong>Bujanoc \u2013<\/strong> Banja e Bujanocit do t\u00eb jet\u00eb e gatshme p\u00ebr pritjen e pacient\u00ebve t\u00eb par\u00eb pas gjendjes s\u00eb jasht\u00ebzakonshme nga e h\u00ebna m\u00eb dat\u00eb 18 maj, njoftoi deputeti popullor Nenad Mitroviq.<\/p>\n<p>\n\tSipas fjal\u00ebve t\u00eb deputetit dhe pun\u00ebtor\u00ebve t\u00eb k\u00ebtij vendpushimi sh\u00ebndet\u00ebsor, Ministria e Sh\u00ebndet\u00ebsis\u00eb urdh\u00ebroi q\u00eb objekti t\u00eb dezinfektohet dhe t\u00eb gjitha p\u00ebrgatitjet p\u00ebr vazhdimin e pun\u00ebs nga e h\u00ebna, 11 maj, mir\u00ebpo fillimi u shty p\u00ebr nj\u00eb jav\u00eb.<\/p>\n<p>\n\t&quot;Ne kemi vendosur t\u00eb l\u00ebvizim afatin n\u00eb m\u00ebnyr\u00eb q\u00eb t\u00eb jemi plot\u00ebsisht t\u00eb sigurt se kemi siguruar t\u00eb gjitha kushtet p\u00ebr pacient\u00ebt q\u00eb vijn\u00eb t\u00eb jen\u00eb t\u00eb sigurt. Ne po prezantojm\u00eb ofrimin e sh\u00ebrbimeve ditore p\u00ebr sh\u00ebrbimet sh\u00ebndet\u00ebsore, gj\u00eb q\u00eb deri m\u00eb tani \u00ebsht\u00eb b\u00ebr\u00eb vet\u00ebm n\u00eb nd\u00ebrrimin e par\u00eb. &quot;Tani, n\u00eb nd\u00ebrrimin e par\u00eb, do t\u00eb trajtohen pacient\u00ebt ambulant\u00eb, p\u00ebr t\u00eb cil\u00ebt do t\u00eb sigurohet nj\u00eb hyrje e ve\u00e7ant\u00eb, n\u00eb m\u00ebnyr\u00eb q\u00eb t\u00eb ndahen nga pacient\u00ebt n\u00eb trajtimin spitalor, terapit\u00eb e t\u00eb cil\u00ebve do t\u00eb kryhen n\u00eb nd\u00ebrrimin e dyt\u00eb&quot;, tha Mitroviq.<\/p>\n<p>\n\tAi thekson se t\u00eb gjitha rekomandimet do t\u00eb rrespektohen p\u00ebr parandalimin e p\u00ebrhapjes s\u00eb virusit t\u00eb koron\u00ebs n\u00eb Spitalin Special, i cili, n\u00eb mes t\u00eb luft\u00ebs kund\u00ebr epidemis\u00eb, sh\u00ebrbeu si karantin\u00eb p\u00ebr banor\u00ebt e k\u00ebsaj zone q\u00eb po ktheheshin nga jasht\u00eb.<\/p>\n<p>\n\t&quot;Nj\u00eb m\u00ebnyr\u00eb tjet\u00ebr p\u00ebr t\u00eb punuar \u00ebsht\u00eb nj\u00eb risi p\u00ebr t\u00eb gjith\u00eb ne. Sh\u00ebndeti yn\u00eb \u00ebsht\u00eb n\u00eb radh\u00eb t\u00eb par\u00eb, si p\u00ebr pacient\u00ebt q\u00eb do t\u00eb vijn\u00eb n\u00eb Banj\u00ebn e Bujanocit p\u00ebr rehabilitim, dhe p\u00ebr 68 punonj\u00ebs. Ne do t\u00eb kujdesemi p\u00ebr t\u00eb dy&quot;, p\u00ebrfundoi Mitroviq.<\/p>\n<p>\n\t<strong>Burimi: Bujanova\u00e7ke dhe Trupi Koordinues <\/strong><\/p>\n<p>\n\t\u00a0<\/p>\n<p>\n\t\u00a0<\/p>\n","protected":false},"excerpt":{"rendered":"<p>Bujanoc \u2013\u00a0Banja e Bujanocit do t\u00eb jet\u00eb e gatshme p\u00ebr pritjen e pacient\u00ebve t\u00eb par\u00eb pas gjendjes s\u00eb jasht\u00ebzakonshme nga e h\u00ebna m\u00eb dat\u00eb 18 maj, njoftoi deputeti popullor Nenad Mitroviq.<\/p>\n","protected":false},"author":1,"featured_media":112663,"comment_status":"closed","ping_status":"closed","sticky":false,"template":"","format":"standard","meta":{"footnotes":""},"categories":[55],"tags":[],"class_list":["post-112658","post","type-post","status-publish","format-standard","has-post-thumbnail","hentry","category-lajme"],"yoast_head":"<!-- This site is optimized with the Yoast SEO plugin v27.5 - https:\/\/yoast.com\/product\/yoast-seo-wordpress\/ -->\n<title>BANJA E BUJANOCIT HAPET P\u00cbR PACIENT\u00cb ME NJ\u00cb ORGANIZIM T\u00cb RI T\u00cb PUN\u00cbS - Republika e S\u00ebrbis\u00eb Trupi Koordinues p\u00ebr komunat Bujanoc, Preshev\u00eb dhe Medvegj\u00eb<\/title>\n<meta name=\"robots\" content=\"index, follow, max-snippet:-1, max-image-preview:large, max-video-preview:-1\" \/>\n<link rel=\"canonical\" href=\"https:\/\/kt.gov.rs\/sq\/banja-e-bujanocit-hapet-per-paciente-me-nje-organizim-te-ri-te-punes\/\" \/>\n<meta property=\"og:locale\" content=\"sq_AL\" \/>\n<meta property=\"og:type\" content=\"article\" \/>\n<meta property=\"og:title\" content=\"BANJA E BUJANOCIT HAPET P\u00cbR PACIENT\u00cb ME NJ\u00cb ORGANIZIM T\u00cb RI T\u00cb PUN\u00cbS - Republika e S\u00ebrbis\u00eb Trupi Koordinues p\u00ebr komunat Bujanoc, Preshev\u00eb dhe Medvegj\u00eb\" \/>\n<meta property=\"og:description\" content=\"Bujanoc \u2013\u00a0Banja e Bujanocit do t\u00eb jet\u00eb e gatshme p\u00ebr pritjen e pacient\u00ebve t\u00eb par\u00eb pas gjendjes s\u00eb jasht\u00ebzakonshme nga e h\u00ebna m\u00eb dat\u00eb 18 maj, njoftoi deputeti popullor Nenad Mitroviq.\" \/>\n<meta property=\"og:url\" content=\"https:\/\/kt.gov.rs\/sq\/banja-e-bujanocit-hapet-per-paciente-me-nje-organizim-te-ri-te-punes\/\" \/>\n<meta property=\"og:site_name\" content=\"Republika e S\u00ebrbis\u00eb Trupi Koordinues p\u00ebr komunat Bujanoc, Preshev\u00eb dhe Medvegj\u00eb\" \/>\n<meta property=\"article:publisher\" content=\"https:\/\/www.facebook.com\/SluzbaKoordinacionogTelaVladeRepublikeSrbije\" \/>\n<meta property=\"article:published_time\" content=\"2020-05-13T00:00:00+00:00\" \/>\n<meta property=\"article:modified_time\" content=\"2024-07-30T18:04:49+00:00\" \/>\n<meta property=\"og:image\" content=\"https:\/\/kt.gov.rs\/wp-content\/uploads\/2024\/07\/1589365320_130520_4-5.jpg\" \/>\n\t<meta property=\"og:image:width\" content=\"315\" \/>\n\t<meta property=\"og:image:height\" content=\"230\" \/>\n\t<meta property=\"og:image:type\" content=\"image\/jpeg\" \/>\n<meta name=\"author\" content=\"ktmin\" \/>\n<meta name=\"twitter:card\" content=\"summary_large_image\" \/>\n<meta name=\"twitter:creator\" content=\"@kt_gov\" \/>\n<meta name=\"twitter:site\" content=\"@kt_gov\" \/>\n<meta name=\"twitter:label1\" content=\"Written by\" \/>\n\t<meta name=\"twitter:data1\" content=\"ktmin\" \/>\n\t<meta name=\"twitter:label2\" content=\"Est. reading time\" \/>\n\t<meta name=\"twitter:data2\" content=\"2 minutes\" \/>\n<script type=\"application\/ld+json\" class=\"yoast-schema-graph\">{\"@context\":\"https:\\\/\\\/schema.org\",\"@graph\":[{\"@type\":\"Article\",\"@id\":\"https:\\\/\\\/kt.gov.rs\\\/sq\\\/banja-e-bujanocit-hapet-per-paciente-me-nje-organizim-te-ri-te-punes\\\/#article\",\"isPartOf\":{\"@id\":\"https:\\\/\\\/kt.gov.rs\\\/sq\\\/banja-e-bujanocit-hapet-per-paciente-me-nje-organizim-te-ri-te-punes\\\/\"},\"author\":{\"name\":\"ktmin\",\"@id\":\"https:\\\/\\\/kt.gov.rs\\\/#\\\/schema\\\/person\\\/e426459ddb4173309103390602694571\"},\"headline\":\"BANJA E BUJANOCIT HAPET P\u00cbR PACIENT\u00cb ME NJ\u00cb ORGANIZIM T\u00cb RI T\u00cb PUN\u00cbS\",\"datePublished\":\"2020-05-13T00:00:00+00:00\",\"dateModified\":\"2024-07-30T18:04:49+00:00\",\"mainEntityOfPage\":{\"@id\":\"https:\\\/\\\/kt.gov.rs\\\/sq\\\/banja-e-bujanocit-hapet-per-paciente-me-nje-organizim-te-ri-te-punes\\\/\"},\"wordCount\":488,\"publisher\":{\"@id\":\"https:\\\/\\\/kt.gov.rs\\\/#organization\"},\"image\":{\"@id\":\"https:\\\/\\\/kt.gov.rs\\\/sq\\\/banja-e-bujanocit-hapet-per-paciente-me-nje-organizim-te-ri-te-punes\\\/#primaryimage\"},\"thumbnailUrl\":\"https:\\\/\\\/kt.gov.rs\\\/wp-content\\\/uploads\\\/2024\\\/07\\\/1589365320_130520_4-5.jpg\",\"articleSection\":[\"Lajme\"],\"inLanguage\":\"sq-AL\"},{\"@type\":\"WebPage\",\"@id\":\"https:\\\/\\\/kt.gov.rs\\\/sq\\\/banja-e-bujanocit-hapet-per-paciente-me-nje-organizim-te-ri-te-punes\\\/\",\"url\":\"https:\\\/\\\/kt.gov.rs\\\/sq\\\/banja-e-bujanocit-hapet-per-paciente-me-nje-organizim-te-ri-te-punes\\\/\",\"name\":\"BANJA E BUJANOCIT HAPET P\u00cbR PACIENT\u00cb ME NJ\u00cb ORGANIZIM T\u00cb RI T\u00cb PUN\u00cbS - Republika e S\u00ebrbis\u00eb Trupi Koordinues p\u00ebr komunat Bujanoc, Preshev\u00eb dhe Medvegj\u00eb\",\"isPartOf\":{\"@id\":\"https:\\\/\\\/kt.gov.rs\\\/#website\"},\"primaryImageOfPage\":{\"@id\":\"https:\\\/\\\/kt.gov.rs\\\/sq\\\/banja-e-bujanocit-hapet-per-paciente-me-nje-organizim-te-ri-te-punes\\\/#primaryimage\"},\"image\":{\"@id\":\"https:\\\/\\\/kt.gov.rs\\\/sq\\\/banja-e-bujanocit-hapet-per-paciente-me-nje-organizim-te-ri-te-punes\\\/#primaryimage\"},\"thumbnailUrl\":\"https:\\\/\\\/kt.gov.rs\\\/wp-content\\\/uploads\\\/2024\\\/07\\\/1589365320_130520_4-5.jpg\",\"datePublished\":\"2020-05-13T00:00:00+00:00\",\"dateModified\":\"2024-07-30T18:04:49+00:00\",\"breadcrumb\":{\"@id\":\"https:\\\/\\\/kt.gov.rs\\\/sq\\\/banja-e-bujanocit-hapet-per-paciente-me-nje-organizim-te-ri-te-punes\\\/#breadcrumb\"},\"inLanguage\":\"sq-AL\",\"potentialAction\":[{\"@type\":\"ReadAction\",\"target\":[\"https:\\\/\\\/kt.gov.rs\\\/sq\\\/banja-e-bujanocit-hapet-per-paciente-me-nje-organizim-te-ri-te-punes\\\/\"]}]},{\"@type\":\"ImageObject\",\"inLanguage\":\"sq-AL\",\"@id\":\"https:\\\/\\\/kt.gov.rs\\\/sq\\\/banja-e-bujanocit-hapet-per-paciente-me-nje-organizim-te-ri-te-punes\\\/#primaryimage\",\"url\":\"https:\\\/\\\/kt.gov.rs\\\/wp-content\\\/uploads\\\/2024\\\/07\\\/1589365320_130520_4-5.jpg\",\"contentUrl\":\"https:\\\/\\\/kt.gov.rs\\\/wp-content\\\/uploads\\\/2024\\\/07\\\/1589365320_130520_4-5.jpg\",\"width\":315,\"height\":230},{\"@type\":\"BreadcrumbList\",\"@id\":\"https:\\\/\\\/kt.gov.rs\\\/sq\\\/banja-e-bujanocit-hapet-per-paciente-me-nje-organizim-te-ri-te-punes\\\/#breadcrumb\",\"itemListElement\":[{\"@type\":\"ListItem\",\"position\":1,\"name\":\"\u041f\u043e\u0447\u0435\u0442\u043d\u0430\",\"item\":\"https:\\\/\\\/kt.gov.rs\\\/sq\\\/\"},{\"@type\":\"ListItem\",\"position\":2,\"name\":\"BANJA E BUJANOCIT HAPET P\u00cbR PACIENT\u00cb ME NJ\u00cb ORGANIZIM T\u00cb RI T\u00cb PUN\u00cbS\"}]},{\"@type\":\"WebSite\",\"@id\":\"https:\\\/\\\/kt.gov.rs\\\/#website\",\"url\":\"https:\\\/\\\/kt.gov.rs\\\/\",\"name\":\"\u041a\u043e\u043e\u0440\u0434\u0438\u043d\u0430\u0446\u0438\u043e\u043d\u043e \u0442\u0435\u043b\u043e \u0412\u043b\u0430\u0434\u0435 \u0420\u0435\u043f\u0443\u0431\u043b\u0438\u043a\u0435 \u0421\u0440\u0431\u0438\u0458\u0435 \u0437\u0430 \u043e\u043f\u0448\u0442\u0438\u043d\u0435 \u041f\u0440\u0435\u0448\u0435\u0432\u043e, \u0411\u0443\u0458\u0430\u043d\u043e\u0432\u0430\u0446 \u0438 \u041c\u0435\u0434\u0432\u0435\u0452a\",\"description\":\"\",\"publisher\":{\"@id\":\"https:\\\/\\\/kt.gov.rs\\\/#organization\"},\"alternateName\":\"\u041a\u043e\u043e\u0440\u0434\u0438\u043d\u0430\u0446\u0438\u043e\u043d\u043e \u0442\u0435\u043b\u043e\",\"potentialAction\":[{\"@type\":\"SearchAction\",\"target\":{\"@type\":\"EntryPoint\",\"urlTemplate\":\"https:\\\/\\\/kt.gov.rs\\\/?s={search_term_string}\"},\"query-input\":{\"@type\":\"PropertyValueSpecification\",\"valueRequired\":true,\"valueName\":\"search_term_string\"}}],\"inLanguage\":\"sq-AL\"},{\"@type\":\"Organization\",\"@id\":\"https:\\\/\\\/kt.gov.rs\\\/#organization\",\"name\":\"\u041a\u043e\u043e\u0440\u0434\u0438\u043d\u0430\u0446\u0438\u043e\u043d\u043e \u0442\u0435\u043b\u043e \u0412\u043b\u0430\u0434\u0435 \u0420\u0435\u043f\u0443\u0431\u043b\u0438\u043a\u0435 \u0421\u0440\u0431\u0438\u0458\u0435 \u0437\u0430 \u043e\u043f\u0448\u0442\u0438\u043d\u0435 \u041f\u0440\u0435\u0448\u0435\u0432\u043e, \u0411\u0443\u0458\u0430\u043d\u043e\u0432\u0430\u0446 \u0438 \u041c\u0435\u0434\u0432\u0435\u0452a\",\"alternateName\":\"\u041a\u043e\u043e\u0440\u0434\u0438\u043d\u0430\u0446\u0438\u043e\u043d\u043e \u0442\u0435\u043b\u043e\",\"url\":\"https:\\\/\\\/kt.gov.rs\\\/\",\"logo\":{\"@type\":\"ImageObject\",\"inLanguage\":\"sq-AL\",\"@id\":\"https:\\\/\\\/kt.gov.rs\\\/#\\\/schema\\\/logo\\\/image\\\/\",\"url\":\"https:\\\/\\\/kt.gov.rs\\\/wp-content\\\/uploads\\\/2024\\\/12\\\/koord2.jpg\",\"contentUrl\":\"https:\\\/\\\/kt.gov.rs\\\/wp-content\\\/uploads\\\/2024\\\/12\\\/koord2.jpg\",\"width\":640,\"height\":480,\"caption\":\"\u041a\u043e\u043e\u0440\u0434\u0438\u043d\u0430\u0446\u0438\u043e\u043d\u043e \u0442\u0435\u043b\u043e \u0412\u043b\u0430\u0434\u0435 \u0420\u0435\u043f\u0443\u0431\u043b\u0438\u043a\u0435 \u0421\u0440\u0431\u0438\u0458\u0435 \u0437\u0430 \u043e\u043f\u0448\u0442\u0438\u043d\u0435 \u041f\u0440\u0435\u0448\u0435\u0432\u043e, \u0411\u0443\u0458\u0430\u043d\u043e\u0432\u0430\u0446 \u0438 \u041c\u0435\u0434\u0432\u0435\u0452a\"},\"image\":{\"@id\":\"https:\\\/\\\/kt.gov.rs\\\/#\\\/schema\\\/logo\\\/image\\\/\"},\"sameAs\":[\"https:\\\/\\\/www.facebook.com\\\/SluzbaKoordinacionogTelaVladeRepublikeSrbije\",\"https:\\\/\\\/x.com\\\/kt_gov\",\"https:\\\/\\\/www.youtube.com\\\/@koordinacionotelo\"]},{\"@type\":\"Person\",\"@id\":\"https:\\\/\\\/kt.gov.rs\\\/#\\\/schema\\\/person\\\/e426459ddb4173309103390602694571\",\"name\":\"ktmin\",\"image\":{\"@type\":\"ImageObject\",\"inLanguage\":\"sq-AL\",\"@id\":\"https:\\\/\\\/secure.gravatar.com\\\/avatar\\\/3985c961109853010c3fbc7ba30365bfba5db3dd6c525831d9c595c7525a615a?s=96&d=mm&r=g\",\"url\":\"https:\\\/\\\/secure.gravatar.com\\\/avatar\\\/3985c961109853010c3fbc7ba30365bfba5db3dd6c525831d9c595c7525a615a?s=96&d=mm&r=g\",\"contentUrl\":\"https:\\\/\\\/secure.gravatar.com\\\/avatar\\\/3985c961109853010c3fbc7ba30365bfba5db3dd6c525831d9c595c7525a615a?s=96&d=mm&r=g\",\"caption\":\"ktmin\"},\"sameAs\":[\"https:\\\/\\\/kt.gov.rs\"],\"url\":\"https:\\\/\\\/kt.gov.rs\\\/sq\\\/author\\\/ktmin\\\/\"}]}<\/script>\n<!-- \/ Yoast SEO plugin. -->","yoast_head_json":{"title":"BANJA E BUJANOCIT HAPET P\u00cbR PACIENT\u00cb ME NJ\u00cb ORGANIZIM T\u00cb RI T\u00cb PUN\u00cbS - Republika e S\u00ebrbis\u00eb Trupi Koordinues p\u00ebr komunat Bujanoc, Preshev\u00eb dhe Medvegj\u00eb","robots":{"index":"index","follow":"follow","max-snippet":"max-snippet:-1","max-image-preview":"max-image-preview:large","max-video-preview":"max-video-preview:-1"},"canonical":"https:\/\/kt.gov.rs\/sq\/banja-e-bujanocit-hapet-per-paciente-me-nje-organizim-te-ri-te-punes\/","og_locale":"sq_AL","og_type":"article","og_title":"BANJA E BUJANOCIT HAPET P\u00cbR PACIENT\u00cb ME NJ\u00cb ORGANIZIM T\u00cb RI T\u00cb PUN\u00cbS - Republika e S\u00ebrbis\u00eb Trupi Koordinues p\u00ebr komunat Bujanoc, Preshev\u00eb dhe Medvegj\u00eb","og_description":"Bujanoc \u2013\u00a0Banja e Bujanocit do t\u00eb jet\u00eb e gatshme p\u00ebr pritjen e pacient\u00ebve t\u00eb par\u00eb pas gjendjes s\u00eb jasht\u00ebzakonshme nga e h\u00ebna m\u00eb dat\u00eb 18 maj, njoftoi deputeti popullor Nenad Mitroviq.","og_url":"https:\/\/kt.gov.rs\/sq\/banja-e-bujanocit-hapet-per-paciente-me-nje-organizim-te-ri-te-punes\/","og_site_name":"Republika e S\u00ebrbis\u00eb Trupi Koordinues p\u00ebr komunat Bujanoc, Preshev\u00eb dhe Medvegj\u00eb","article_publisher":"https:\/\/www.facebook.com\/SluzbaKoordinacionogTelaVladeRepublikeSrbije","article_published_time":"2020-05-13T00:00:00+00:00","article_modified_time":"2024-07-30T18:04:49+00:00","og_image":[{"width":315,"height":230,"url":"https:\/\/kt.gov.rs\/wp-content\/uploads\/2024\/07\/1589365320_130520_4-5.jpg","type":"image\/jpeg"}],"author":"ktmin","twitter_card":"summary_large_image","twitter_creator":"@kt_gov","twitter_site":"@kt_gov","twitter_misc":{"Written by":"ktmin","Est. reading time":"2 minutes"},"schema":{"@context":"https:\/\/schema.org","@graph":[{"@type":"Article","@id":"https:\/\/kt.gov.rs\/sq\/banja-e-bujanocit-hapet-per-paciente-me-nje-organizim-te-ri-te-punes\/#article","isPartOf":{"@id":"https:\/\/kt.gov.rs\/sq\/banja-e-bujanocit-hapet-per-paciente-me-nje-organizim-te-ri-te-punes\/"},"author":{"name":"ktmin","@id":"https:\/\/kt.gov.rs\/#\/schema\/person\/e426459ddb4173309103390602694571"},"headline":"BANJA E BUJANOCIT HAPET P\u00cbR PACIENT\u00cb ME NJ\u00cb ORGANIZIM T\u00cb RI T\u00cb PUN\u00cbS","datePublished":"2020-05-13T00:00:00+00:00","dateModified":"2024-07-30T18:04:49+00:00","mainEntityOfPage":{"@id":"https:\/\/kt.gov.rs\/sq\/banja-e-bujanocit-hapet-per-paciente-me-nje-organizim-te-ri-te-punes\/"},"wordCount":488,"publisher":{"@id":"https:\/\/kt.gov.rs\/#organization"},"image":{"@id":"https:\/\/kt.gov.rs\/sq\/banja-e-bujanocit-hapet-per-paciente-me-nje-organizim-te-ri-te-punes\/#primaryimage"},"thumbnailUrl":"https:\/\/kt.gov.rs\/wp-content\/uploads\/2024\/07\/1589365320_130520_4-5.jpg","articleSection":["Lajme"],"inLanguage":"sq-AL"},{"@type":"WebPage","@id":"https:\/\/kt.gov.rs\/sq\/banja-e-bujanocit-hapet-per-paciente-me-nje-organizim-te-ri-te-punes\/","url":"https:\/\/kt.gov.rs\/sq\/banja-e-bujanocit-hapet-per-paciente-me-nje-organizim-te-ri-te-punes\/","name":"BANJA E BUJANOCIT HAPET P\u00cbR PACIENT\u00cb ME NJ\u00cb ORGANIZIM T\u00cb RI T\u00cb PUN\u00cbS - Republika e S\u00ebrbis\u00eb Trupi Koordinues p\u00ebr komunat Bujanoc, Preshev\u00eb dhe Medvegj\u00eb","isPartOf":{"@id":"https:\/\/kt.gov.rs\/#website"},"primaryImageOfPage":{"@id":"https:\/\/kt.gov.rs\/sq\/banja-e-bujanocit-hapet-per-paciente-me-nje-organizim-te-ri-te-punes\/#primaryimage"},"image":{"@id":"https:\/\/kt.gov.rs\/sq\/banja-e-bujanocit-hapet-per-paciente-me-nje-organizim-te-ri-te-punes\/#primaryimage"},"thumbnailUrl":"https:\/\/kt.gov.rs\/wp-content\/uploads\/2024\/07\/1589365320_130520_4-5.jpg","datePublished":"2020-05-13T00:00:00+00:00","dateModified":"2024-07-30T18:04:49+00:00","breadcrumb":{"@id":"https:\/\/kt.gov.rs\/sq\/banja-e-bujanocit-hapet-per-paciente-me-nje-organizim-te-ri-te-punes\/#breadcrumb"},"inLanguage":"sq-AL","potentialAction":[{"@type":"ReadAction","target":["https:\/\/kt.gov.rs\/sq\/banja-e-bujanocit-hapet-per-paciente-me-nje-organizim-te-ri-te-punes\/"]}]},{"@type":"ImageObject","inLanguage":"sq-AL","@id":"https:\/\/kt.gov.rs\/sq\/banja-e-bujanocit-hapet-per-paciente-me-nje-organizim-te-ri-te-punes\/#primaryimage","url":"https:\/\/kt.gov.rs\/wp-content\/uploads\/2024\/07\/1589365320_130520_4-5.jpg","contentUrl":"https:\/\/kt.gov.rs\/wp-content\/uploads\/2024\/07\/1589365320_130520_4-5.jpg","width":315,"height":230},{"@type":"BreadcrumbList","@id":"https:\/\/kt.gov.rs\/sq\/banja-e-bujanocit-hapet-per-paciente-me-nje-organizim-te-ri-te-punes\/#breadcrumb","itemListElement":[{"@type":"ListItem","position":1,"name":"\u041f\u043e\u0447\u0435\u0442\u043d\u0430","item":"https:\/\/kt.gov.rs\/sq\/"},{"@type":"ListItem","position":2,"name":"BANJA E BUJANOCIT HAPET P\u00cbR PACIENT\u00cb ME NJ\u00cb ORGANIZIM T\u00cb RI T\u00cb PUN\u00cbS"}]},{"@type":"WebSite","@id":"https:\/\/kt.gov.rs\/#website","url":"https:\/\/kt.gov.rs\/","name":"\u041a\u043e\u043e\u0440\u0434\u0438\u043d\u0430\u0446\u0438\u043e\u043d\u043e \u0442\u0435\u043b\u043e \u0412\u043b\u0430\u0434\u0435 \u0420\u0435\u043f\u0443\u0431\u043b\u0438\u043a\u0435 \u0421\u0440\u0431\u0438\u0458\u0435 \u0437\u0430 \u043e\u043f\u0448\u0442\u0438\u043d\u0435 \u041f\u0440\u0435\u0448\u0435\u0432\u043e, \u0411\u0443\u0458\u0430\u043d\u043e\u0432\u0430\u0446 \u0438 \u041c\u0435\u0434\u0432\u0435\u0452a","description":"","publisher":{"@id":"https:\/\/kt.gov.rs\/#organization"},"alternateName":"\u041a\u043e\u043e\u0440\u0434\u0438\u043d\u0430\u0446\u0438\u043e\u043d\u043e \u0442\u0435\u043b\u043e","potentialAction":[{"@type":"SearchAction","target":{"@type":"EntryPoint","urlTemplate":"https:\/\/kt.gov.rs\/?s={search_term_string}"},"query-input":{"@type":"PropertyValueSpecification","valueRequired":true,"valueName":"search_term_string"}}],"inLanguage":"sq-AL"},{"@type":"Organization","@id":"https:\/\/kt.gov.rs\/#organization","name":"\u041a\u043e\u043e\u0440\u0434\u0438\u043d\u0430\u0446\u0438\u043e\u043d\u043e \u0442\u0435\u043b\u043e \u0412\u043b\u0430\u0434\u0435 \u0420\u0435\u043f\u0443\u0431\u043b\u0438\u043a\u0435 \u0421\u0440\u0431\u0438\u0458\u0435 \u0437\u0430 \u043e\u043f\u0448\u0442\u0438\u043d\u0435 \u041f\u0440\u0435\u0448\u0435\u0432\u043e, \u0411\u0443\u0458\u0430\u043d\u043e\u0432\u0430\u0446 \u0438 \u041c\u0435\u0434\u0432\u0435\u0452a","alternateName":"\u041a\u043e\u043e\u0440\u0434\u0438\u043d\u0430\u0446\u0438\u043e\u043d\u043e \u0442\u0435\u043b\u043e","url":"https:\/\/kt.gov.rs\/","logo":{"@type":"ImageObject","inLanguage":"sq-AL","@id":"https:\/\/kt.gov.rs\/#\/schema\/logo\/image\/","url":"https:\/\/kt.gov.rs\/wp-content\/uploads\/2024\/12\/koord2.jpg","contentUrl":"https:\/\/kt.gov.rs\/wp-content\/uploads\/2024\/12\/koord2.jpg","width":640,"height":480,"caption":"\u041a\u043e\u043e\u0440\u0434\u0438\u043d\u0430\u0446\u0438\u043e\u043d\u043e \u0442\u0435\u043b\u043e \u0412\u043b\u0430\u0434\u0435 \u0420\u0435\u043f\u0443\u0431\u043b\u0438\u043a\u0435 \u0421\u0440\u0431\u0438\u0458\u0435 \u0437\u0430 \u043e\u043f\u0448\u0442\u0438\u043d\u0435 \u041f\u0440\u0435\u0448\u0435\u0432\u043e, \u0411\u0443\u0458\u0430\u043d\u043e\u0432\u0430\u0446 \u0438 \u041c\u0435\u0434\u0432\u0435\u0452a"},"image":{"@id":"https:\/\/kt.gov.rs\/#\/schema\/logo\/image\/"},"sameAs":["https:\/\/www.facebook.com\/SluzbaKoordinacionogTelaVladeRepublikeSrbije","https:\/\/x.com\/kt_gov","https:\/\/www.youtube.com\/@koordinacionotelo"]},{"@type":"Person","@id":"https:\/\/kt.gov.rs\/#\/schema\/person\/e426459ddb4173309103390602694571","name":"ktmin","image":{"@type":"ImageObject","inLanguage":"sq-AL","@id":"https:\/\/secure.gravatar.com\/avatar\/3985c961109853010c3fbc7ba30365bfba5db3dd6c525831d9c595c7525a615a?s=96&d=mm&r=g","url":"https:\/\/secure.gravatar.com\/avatar\/3985c961109853010c3fbc7ba30365bfba5db3dd6c525831d9c595c7525a615a?s=96&d=mm&r=g","contentUrl":"https:\/\/secure.gravatar.com\/avatar\/3985c961109853010c3fbc7ba30365bfba5db3dd6c525831d9c595c7525a615a?s=96&d=mm&r=g","caption":"ktmin"},"sameAs":["https:\/\/kt.gov.rs"],"url":"https:\/\/kt.gov.rs\/sq\/author\/ktmin\/"}]}},"_links":{"self":[{"href":"https:\/\/kt.gov.rs\/sq\/wp-json\/wp\/v2\/posts\/112658","targetHints":{"allow":["GET"]}}],"collection":[{"href":"https:\/\/kt.gov.rs\/sq\/wp-json\/wp\/v2\/posts"}],"about":[{"href":"https:\/\/kt.gov.rs\/sq\/wp-json\/wp\/v2\/types\/post"}],"author":[{"embeddable":true,"href":"https:\/\/kt.gov.rs\/sq\/wp-json\/wp\/v2\/users\/1"}],"replies":[{"embeddable":true,"href":"https:\/\/kt.gov.rs\/sq\/wp-json\/wp\/v2\/comments?post=112658"}],"version-history":[{"count":1,"href":"https:\/\/kt.gov.rs\/sq\/wp-json\/wp\/v2\/posts\/112658\/revisions"}],"predecessor-version":[{"id":112662,"href":"https:\/\/kt.gov.rs\/sq\/wp-json\/wp\/v2\/posts\/112658\/revisions\/112662"}],"wp:featuredmedia":[{"embeddable":true,"href":"https:\/\/kt.gov.rs\/sq\/wp-json\/wp\/v2\/media\/112663"}],"wp:attachment":[{"href":"https:\/\/kt.gov.rs\/sq\/wp-json\/wp\/v2\/media?parent=112658"}],"wp:term":[{"taxonomy":"category","embeddable":true,"href":"https:\/\/kt.gov.rs\/sq\/wp-json\/wp\/v2\/categories?post=112658"},{"taxonomy":"post_tag","embeddable":true,"href":"https:\/\/kt.gov.rs\/sq\/wp-json\/wp\/v2\/tags?post=112658"}],"curies":[{"name":"wp","href":"https:\/\/api.w.org\/{rel}","templated":true}]}}