{"id":112578,"date":"2020-05-06T00:00:00","date_gmt":"2020-05-06T00:00:00","guid":{"rendered":"http:\/\/kt.printandscreen.rs\/webinar-tregime-nga-karantina-virusi-i-vertete-dhe-lajmet-te-rreme\/"},"modified":"2024-07-30T18:04:41","modified_gmt":"2024-07-30T18:04:41","slug":"webinar-tregime-nga-karantina-virusi-i-vertete-dhe-lajmet-te-rreme","status":"publish","type":"post","link":"https:\/\/kt.gov.rs\/sq\/webinar-tregime-nga-karantina-virusi-i-vertete-dhe-lajmet-te-rreme\/","title":{"rendered":"WEBINAR \u201cTREGIME NGA KARANTINA\u201d-VIRUSI I V\u00cbRTET\u00cb DHE LAJMET T\u00cb RREME"},"content":{"rendered":"<p>\n\t<img decoding=\"async\" alt=\"\" src=\"https:\/\/kt.gov.rs\/wp-content\/uploads\/2024\/07\/1588755021_060520_2-4.jpg\" style=\"width: 315px; height: 230px; float: left;\" \/><\/p>\n<p>\n\tFar\u00eb mund t\u00eb jet\u00eb e rreme n\u00eb lajmet e rreme? Pse jan\u00eb lajmet e rrem\u00eb dhe dezinformatat kaq t\u00eb suksessh\u00ebm? Pse \u00ebsht\u00eb m\u00eb e leht\u00eb t\u00eb besojm\u00eb n\u00eb to n\u00eb kushte kur ekziston rreziku p\u00ebr sh\u00ebndetin ton\u00eb? Dhe s\u00eb fundi, si t\u2019i njohim dhe si t\u2019i rezistojm\u00eb? K\u00ebto jan\u00eb disa nga pyetjet q\u00eb do t\u00eb b\u00ebhen si pjes\u00eb e uebinarit t\u00eb ri &quot;Virusi i v\u00ebrtet\u00eb dhe lajmet e rreme&quot;, i cili do t\u00eb zhvillohet t\u00eb enjten (7.maj) nga ora 18:00.<\/p>\n<p>\n\tS\u00eb bashku me shfaqjen e pandemis\u00eb, nj\u00eb infodemi trokiti n\u00eb der\u00ebn ton\u00eb.<\/p>\n<p>\n\tNe jemi t\u00eb p\u00ebrqendruar n\u00eb lajmet q\u00eb marrim p\u00ebrmes mediave pasi ato kan\u00eb t\u00eb b\u00ebjn\u00eb me sh\u00ebndetin ton\u00eb dhe sh\u00ebndetin e t\u00eb dashurve tan\u00eb. <em>\u00cbsht\u00eb e kuptueshme <\/em>q\u00eb ne k\u00ebrkojm\u00eb informata t\u00eb besueshme, udh\u00ebzime dhe k\u00ebshilla. Sidoqoft\u00eb\u00a0 n\u00eb rrethanat e dh\u00ebna, ne t\u00eb gjith\u00eb jemi t\u00eb ndjesh\u00ebm dhe i n\u00ebnshtrohemi t\u00eb pav\u00ebrtetave dhe t\u00eb menduarit jokritik.<\/p>\n<p>\n\tLajmet e rreme jan\u00eb kudo, nga fakti se virusi \u00ebsht\u00eb p\u00ebrhapur p\u00ebrmes sup\u00ebs\u00a0 deri n\u00eb p\u00ebrhapjen e virusit p\u00ebrmes rrjetit t\u00eb celular\u00ebve.Gjat\u00eb webinarit personat e m\u00ebposht\u00ebm do t\u00eb flasin p\u00ebr fuqin\u00eb e tyre dhe si aft\u00ebsit\u00eb e leximit t\u00eb mediave na ndihmojn\u00eb t\u00eb mbrohemi:<\/p>\n<p>\n\tdr Marijan Ivanusha,p\u00ebrfaq\u00ebsues\u00a0nga\u00a0Organizata Bot\u00ebrore\u00a0e\u00a0Sh\u00ebndet\u00ebsis\u00eb<\/p>\n<p>\n\tTijana Femiq,k\u00ebrkues i lajmeve t\u00eb rreme\/Shkolla e Gazetaris\u00eb Novi Sad<\/p>\n<p>\n\tSasha Mirkoviq, ekspert i shkatht\u00ebsis\u00eb s\u00eb mediave n\u00eb projektin Mb\u00ebshtetja p\u00ebr Reformat e Mediave n\u00eb Serb<\/p>\n<p>\n\tModeratori: Dragan Illiq, gazetar dhe psikolog<\/p>\n<p>\n\tMund\u00a0t\u00eb\u00a0aplikoni\u00a0n\u00eb\u00a0<a href=\"http:\/\/euinfo.rs\/euinfo-webinar\/\">http:\/\/euinfo.rs\/euinfo-webinar\/<\/a><\/p>\n<p>\n\t<strong>Burimi: Info Qendra dhe Trupi Koordinues<\/strong><\/p>\n","protected":false},"excerpt":{"rendered":"<p>Far\u00eb mund t\u00eb jet\u00eb e rreme n\u00eb lajmet e rreme? Pse jan\u00eb lajmet e rrem\u00eb dhe dezinformatat kaq t\u00eb suksessh\u00ebm? Pse \u00ebsht\u00eb m\u00eb e leht\u00eb t\u00eb besojm\u00eb n\u00eb to n\u00eb kushte kur ekziston rreziku p\u00ebr sh\u00ebndetin ton\u00eb? Dhe s\u00eb fundi, si t\u2019i njohim dhe si t\u2019i rezistojm\u00eb?<\/p>\n","protected":false},"author":1,"featured_media":112583,"comment_status":"closed","ping_status":"closed","sticky":false,"template":"","format":"standard","meta":{"footnotes":""},"categories":[55],"tags":[],"class_list":["post-112578","post","type-post","status-publish","format-standard","has-post-thumbnail","hentry","category-lajme"],"yoast_head":"<!-- This site is optimized with the Yoast SEO plugin v27.5 - https:\/\/yoast.com\/product\/yoast-seo-wordpress\/ -->\n<title>WEBINAR \u201cTREGIME NGA KARANTINA\u201d-VIRUSI I V\u00cbRTET\u00cb DHE LAJMET T\u00cb RREME - Republika e S\u00ebrbis\u00eb Trupi Koordinues p\u00ebr komunat Bujanoc, Preshev\u00eb dhe Medvegj\u00eb<\/title>\n<meta name=\"robots\" content=\"index, follow, max-snippet:-1, max-image-preview:large, max-video-preview:-1\" \/>\n<link rel=\"canonical\" href=\"https:\/\/kt.gov.rs\/sq\/webinar-tregime-nga-karantina-virusi-i-vertete-dhe-lajmet-te-rreme\/\" \/>\n<meta property=\"og:locale\" content=\"sq_AL\" \/>\n<meta property=\"og:type\" content=\"article\" \/>\n<meta property=\"og:title\" content=\"WEBINAR \u201cTREGIME NGA KARANTINA\u201d-VIRUSI I V\u00cbRTET\u00cb DHE LAJMET T\u00cb RREME - Republika e S\u00ebrbis\u00eb Trupi Koordinues p\u00ebr komunat Bujanoc, Preshev\u00eb dhe Medvegj\u00eb\" \/>\n<meta property=\"og:description\" content=\"Far\u00eb mund t\u00eb jet\u00eb e rreme n\u00eb lajmet e rreme? Pse jan\u00eb lajmet e rrem\u00eb dhe dezinformatat kaq t\u00eb suksessh\u00ebm? Pse \u00ebsht\u00eb m\u00eb e leht\u00eb t\u00eb besojm\u00eb n\u00eb to n\u00eb kushte kur ekziston rreziku p\u00ebr sh\u00ebndetin ton\u00eb? Dhe s\u00eb fundi, si t\u2019i njohim dhe si t\u2019i rezistojm\u00eb?\" \/>\n<meta property=\"og:url\" content=\"https:\/\/kt.gov.rs\/sq\/webinar-tregime-nga-karantina-virusi-i-vertete-dhe-lajmet-te-rreme\/\" \/>\n<meta property=\"og:site_name\" content=\"Republika e S\u00ebrbis\u00eb Trupi Koordinues p\u00ebr komunat Bujanoc, Preshev\u00eb dhe Medvegj\u00eb\" \/>\n<meta property=\"article:publisher\" content=\"https:\/\/www.facebook.com\/SluzbaKoordinacionogTelaVladeRepublikeSrbije\" \/>\n<meta property=\"article:published_time\" content=\"2020-05-06T00:00:00+00:00\" \/>\n<meta property=\"article:modified_time\" content=\"2024-07-30T18:04:41+00:00\" \/>\n<meta property=\"og:image\" content=\"https:\/\/kt.gov.rs\/wp-content\/uploads\/2024\/07\/1588755021_060520_2-5.jpg\" \/>\n\t<meta property=\"og:image:width\" content=\"315\" \/>\n\t<meta property=\"og:image:height\" content=\"230\" \/>\n\t<meta property=\"og:image:type\" content=\"image\/jpeg\" \/>\n<meta name=\"author\" content=\"ktmin\" \/>\n<meta name=\"twitter:card\" content=\"summary_large_image\" \/>\n<meta name=\"twitter:creator\" content=\"@kt_gov\" \/>\n<meta name=\"twitter:site\" content=\"@kt_gov\" \/>\n<meta name=\"twitter:label1\" content=\"Written by\" \/>\n\t<meta name=\"twitter:data1\" content=\"ktmin\" \/>\n\t<meta name=\"twitter:label2\" content=\"Est. reading time\" \/>\n\t<meta name=\"twitter:data2\" content=\"2 minutes\" \/>\n<script type=\"application\/ld+json\" class=\"yoast-schema-graph\">{\"@context\":\"https:\\\/\\\/schema.org\",\"@graph\":[{\"@type\":\"Article\",\"@id\":\"https:\\\/\\\/kt.gov.rs\\\/sq\\\/webinar-tregime-nga-karantina-virusi-i-vertete-dhe-lajmet-te-rreme\\\/#article\",\"isPartOf\":{\"@id\":\"https:\\\/\\\/kt.gov.rs\\\/sq\\\/webinar-tregime-nga-karantina-virusi-i-vertete-dhe-lajmet-te-rreme\\\/\"},\"author\":{\"name\":\"ktmin\",\"@id\":\"https:\\\/\\\/kt.gov.rs\\\/#\\\/schema\\\/person\\\/e426459ddb4173309103390602694571\"},\"headline\":\"WEBINAR \u201cTREGIME NGA KARANTINA\u201d-VIRUSI I V\u00cbRTET\u00cb DHE LAJMET T\u00cb RREME\",\"datePublished\":\"2020-05-06T00:00:00+00:00\",\"dateModified\":\"2024-07-30T18:04:41+00:00\",\"mainEntityOfPage\":{\"@id\":\"https:\\\/\\\/kt.gov.rs\\\/sq\\\/webinar-tregime-nga-karantina-virusi-i-vertete-dhe-lajmet-te-rreme\\\/\"},\"wordCount\":426,\"publisher\":{\"@id\":\"https:\\\/\\\/kt.gov.rs\\\/#organization\"},\"image\":{\"@id\":\"https:\\\/\\\/kt.gov.rs\\\/sq\\\/webinar-tregime-nga-karantina-virusi-i-vertete-dhe-lajmet-te-rreme\\\/#primaryimage\"},\"thumbnailUrl\":\"https:\\\/\\\/kt.gov.rs\\\/wp-content\\\/uploads\\\/2024\\\/07\\\/1588755021_060520_2-5.jpg\",\"articleSection\":[\"Lajme\"],\"inLanguage\":\"sq-AL\"},{\"@type\":\"WebPage\",\"@id\":\"https:\\\/\\\/kt.gov.rs\\\/sq\\\/webinar-tregime-nga-karantina-virusi-i-vertete-dhe-lajmet-te-rreme\\\/\",\"url\":\"https:\\\/\\\/kt.gov.rs\\\/sq\\\/webinar-tregime-nga-karantina-virusi-i-vertete-dhe-lajmet-te-rreme\\\/\",\"name\":\"WEBINAR \u201cTREGIME NGA KARANTINA\u201d-VIRUSI I V\u00cbRTET\u00cb DHE LAJMET T\u00cb RREME - Republika e S\u00ebrbis\u00eb Trupi Koordinues p\u00ebr komunat Bujanoc, Preshev\u00eb dhe Medvegj\u00eb\",\"isPartOf\":{\"@id\":\"https:\\\/\\\/kt.gov.rs\\\/#website\"},\"primaryImageOfPage\":{\"@id\":\"https:\\\/\\\/kt.gov.rs\\\/sq\\\/webinar-tregime-nga-karantina-virusi-i-vertete-dhe-lajmet-te-rreme\\\/#primaryimage\"},\"image\":{\"@id\":\"https:\\\/\\\/kt.gov.rs\\\/sq\\\/webinar-tregime-nga-karantina-virusi-i-vertete-dhe-lajmet-te-rreme\\\/#primaryimage\"},\"thumbnailUrl\":\"https:\\\/\\\/kt.gov.rs\\\/wp-content\\\/uploads\\\/2024\\\/07\\\/1588755021_060520_2-5.jpg\",\"datePublished\":\"2020-05-06T00:00:00+00:00\",\"dateModified\":\"2024-07-30T18:04:41+00:00\",\"breadcrumb\":{\"@id\":\"https:\\\/\\\/kt.gov.rs\\\/sq\\\/webinar-tregime-nga-karantina-virusi-i-vertete-dhe-lajmet-te-rreme\\\/#breadcrumb\"},\"inLanguage\":\"sq-AL\",\"potentialAction\":[{\"@type\":\"ReadAction\",\"target\":[\"https:\\\/\\\/kt.gov.rs\\\/sq\\\/webinar-tregime-nga-karantina-virusi-i-vertete-dhe-lajmet-te-rreme\\\/\"]}]},{\"@type\":\"ImageObject\",\"inLanguage\":\"sq-AL\",\"@id\":\"https:\\\/\\\/kt.gov.rs\\\/sq\\\/webinar-tregime-nga-karantina-virusi-i-vertete-dhe-lajmet-te-rreme\\\/#primaryimage\",\"url\":\"https:\\\/\\\/kt.gov.rs\\\/wp-content\\\/uploads\\\/2024\\\/07\\\/1588755021_060520_2-5.jpg\",\"contentUrl\":\"https:\\\/\\\/kt.gov.rs\\\/wp-content\\\/uploads\\\/2024\\\/07\\\/1588755021_060520_2-5.jpg\",\"width\":315,\"height\":230},{\"@type\":\"BreadcrumbList\",\"@id\":\"https:\\\/\\\/kt.gov.rs\\\/sq\\\/webinar-tregime-nga-karantina-virusi-i-vertete-dhe-lajmet-te-rreme\\\/#breadcrumb\",\"itemListElement\":[{\"@type\":\"ListItem\",\"position\":1,\"name\":\"\u041f\u043e\u0447\u0435\u0442\u043d\u0430\",\"item\":\"https:\\\/\\\/kt.gov.rs\\\/sq\\\/\"},{\"@type\":\"ListItem\",\"position\":2,\"name\":\"WEBINAR \u201cTREGIME NGA KARANTINA\u201d-VIRUSI I V\u00cbRTET\u00cb DHE LAJMET T\u00cb RREME\"}]},{\"@type\":\"WebSite\",\"@id\":\"https:\\\/\\\/kt.gov.rs\\\/#website\",\"url\":\"https:\\\/\\\/kt.gov.rs\\\/\",\"name\":\"\u041a\u043e\u043e\u0440\u0434\u0438\u043d\u0430\u0446\u0438\u043e\u043d\u043e \u0442\u0435\u043b\u043e \u0412\u043b\u0430\u0434\u0435 \u0420\u0435\u043f\u0443\u0431\u043b\u0438\u043a\u0435 \u0421\u0440\u0431\u0438\u0458\u0435 \u0437\u0430 \u043e\u043f\u0448\u0442\u0438\u043d\u0435 \u041f\u0440\u0435\u0448\u0435\u0432\u043e, \u0411\u0443\u0458\u0430\u043d\u043e\u0432\u0430\u0446 \u0438 \u041c\u0435\u0434\u0432\u0435\u0452a\",\"description\":\"\",\"publisher\":{\"@id\":\"https:\\\/\\\/kt.gov.rs\\\/#organization\"},\"alternateName\":\"\u041a\u043e\u043e\u0440\u0434\u0438\u043d\u0430\u0446\u0438\u043e\u043d\u043e \u0442\u0435\u043b\u043e\",\"potentialAction\":[{\"@type\":\"SearchAction\",\"target\":{\"@type\":\"EntryPoint\",\"urlTemplate\":\"https:\\\/\\\/kt.gov.rs\\\/?s={search_term_string}\"},\"query-input\":{\"@type\":\"PropertyValueSpecification\",\"valueRequired\":true,\"valueName\":\"search_term_string\"}}],\"inLanguage\":\"sq-AL\"},{\"@type\":\"Organization\",\"@id\":\"https:\\\/\\\/kt.gov.rs\\\/#organization\",\"name\":\"\u041a\u043e\u043e\u0440\u0434\u0438\u043d\u0430\u0446\u0438\u043e\u043d\u043e \u0442\u0435\u043b\u043e \u0412\u043b\u0430\u0434\u0435 \u0420\u0435\u043f\u0443\u0431\u043b\u0438\u043a\u0435 \u0421\u0440\u0431\u0438\u0458\u0435 \u0437\u0430 \u043e\u043f\u0448\u0442\u0438\u043d\u0435 \u041f\u0440\u0435\u0448\u0435\u0432\u043e, \u0411\u0443\u0458\u0430\u043d\u043e\u0432\u0430\u0446 \u0438 \u041c\u0435\u0434\u0432\u0435\u0452a\",\"alternateName\":\"\u041a\u043e\u043e\u0440\u0434\u0438\u043d\u0430\u0446\u0438\u043e\u043d\u043e \u0442\u0435\u043b\u043e\",\"url\":\"https:\\\/\\\/kt.gov.rs\\\/\",\"logo\":{\"@type\":\"ImageObject\",\"inLanguage\":\"sq-AL\",\"@id\":\"https:\\\/\\\/kt.gov.rs\\\/#\\\/schema\\\/logo\\\/image\\\/\",\"url\":\"https:\\\/\\\/kt.gov.rs\\\/wp-content\\\/uploads\\\/2024\\\/12\\\/koord2.jpg\",\"contentUrl\":\"https:\\\/\\\/kt.gov.rs\\\/wp-content\\\/uploads\\\/2024\\\/12\\\/koord2.jpg\",\"width\":640,\"height\":480,\"caption\":\"\u041a\u043e\u043e\u0440\u0434\u0438\u043d\u0430\u0446\u0438\u043e\u043d\u043e \u0442\u0435\u043b\u043e \u0412\u043b\u0430\u0434\u0435 \u0420\u0435\u043f\u0443\u0431\u043b\u0438\u043a\u0435 \u0421\u0440\u0431\u0438\u0458\u0435 \u0437\u0430 \u043e\u043f\u0448\u0442\u0438\u043d\u0435 \u041f\u0440\u0435\u0448\u0435\u0432\u043e, \u0411\u0443\u0458\u0430\u043d\u043e\u0432\u0430\u0446 \u0438 \u041c\u0435\u0434\u0432\u0435\u0452a\"},\"image\":{\"@id\":\"https:\\\/\\\/kt.gov.rs\\\/#\\\/schema\\\/logo\\\/image\\\/\"},\"sameAs\":[\"https:\\\/\\\/www.facebook.com\\\/SluzbaKoordinacionogTelaVladeRepublikeSrbije\",\"https:\\\/\\\/x.com\\\/kt_gov\",\"https:\\\/\\\/www.youtube.com\\\/@koordinacionotelo\"]},{\"@type\":\"Person\",\"@id\":\"https:\\\/\\\/kt.gov.rs\\\/#\\\/schema\\\/person\\\/e426459ddb4173309103390602694571\",\"name\":\"ktmin\",\"image\":{\"@type\":\"ImageObject\",\"inLanguage\":\"sq-AL\",\"@id\":\"https:\\\/\\\/secure.gravatar.com\\\/avatar\\\/3985c961109853010c3fbc7ba30365bfba5db3dd6c525831d9c595c7525a615a?s=96&d=mm&r=g\",\"url\":\"https:\\\/\\\/secure.gravatar.com\\\/avatar\\\/3985c961109853010c3fbc7ba30365bfba5db3dd6c525831d9c595c7525a615a?s=96&d=mm&r=g\",\"contentUrl\":\"https:\\\/\\\/secure.gravatar.com\\\/avatar\\\/3985c961109853010c3fbc7ba30365bfba5db3dd6c525831d9c595c7525a615a?s=96&d=mm&r=g\",\"caption\":\"ktmin\"},\"sameAs\":[\"https:\\\/\\\/kt.gov.rs\"],\"url\":\"https:\\\/\\\/kt.gov.rs\\\/sq\\\/author\\\/ktmin\\\/\"}]}<\/script>\n<!-- \/ Yoast SEO plugin. -->","yoast_head_json":{"title":"WEBINAR \u201cTREGIME NGA KARANTINA\u201d-VIRUSI I V\u00cbRTET\u00cb DHE LAJMET T\u00cb RREME - Republika e S\u00ebrbis\u00eb Trupi Koordinues p\u00ebr komunat Bujanoc, Preshev\u00eb dhe Medvegj\u00eb","robots":{"index":"index","follow":"follow","max-snippet":"max-snippet:-1","max-image-preview":"max-image-preview:large","max-video-preview":"max-video-preview:-1"},"canonical":"https:\/\/kt.gov.rs\/sq\/webinar-tregime-nga-karantina-virusi-i-vertete-dhe-lajmet-te-rreme\/","og_locale":"sq_AL","og_type":"article","og_title":"WEBINAR \u201cTREGIME NGA KARANTINA\u201d-VIRUSI I V\u00cbRTET\u00cb DHE LAJMET T\u00cb RREME - Republika e S\u00ebrbis\u00eb Trupi Koordinues p\u00ebr komunat Bujanoc, Preshev\u00eb dhe Medvegj\u00eb","og_description":"Far\u00eb mund t\u00eb jet\u00eb e rreme n\u00eb lajmet e rreme? Pse jan\u00eb lajmet e rrem\u00eb dhe dezinformatat kaq t\u00eb suksessh\u00ebm? Pse \u00ebsht\u00eb m\u00eb e leht\u00eb t\u00eb besojm\u00eb n\u00eb to n\u00eb kushte kur ekziston rreziku p\u00ebr sh\u00ebndetin ton\u00eb? Dhe s\u00eb fundi, si t\u2019i njohim dhe si t\u2019i rezistojm\u00eb?","og_url":"https:\/\/kt.gov.rs\/sq\/webinar-tregime-nga-karantina-virusi-i-vertete-dhe-lajmet-te-rreme\/","og_site_name":"Republika e S\u00ebrbis\u00eb Trupi Koordinues p\u00ebr komunat Bujanoc, Preshev\u00eb dhe Medvegj\u00eb","article_publisher":"https:\/\/www.facebook.com\/SluzbaKoordinacionogTelaVladeRepublikeSrbije","article_published_time":"2020-05-06T00:00:00+00:00","article_modified_time":"2024-07-30T18:04:41+00:00","og_image":[{"width":315,"height":230,"url":"https:\/\/kt.gov.rs\/wp-content\/uploads\/2024\/07\/1588755021_060520_2-5.jpg","type":"image\/jpeg"}],"author":"ktmin","twitter_card":"summary_large_image","twitter_creator":"@kt_gov","twitter_site":"@kt_gov","twitter_misc":{"Written by":"ktmin","Est. reading time":"2 minutes"},"schema":{"@context":"https:\/\/schema.org","@graph":[{"@type":"Article","@id":"https:\/\/kt.gov.rs\/sq\/webinar-tregime-nga-karantina-virusi-i-vertete-dhe-lajmet-te-rreme\/#article","isPartOf":{"@id":"https:\/\/kt.gov.rs\/sq\/webinar-tregime-nga-karantina-virusi-i-vertete-dhe-lajmet-te-rreme\/"},"author":{"name":"ktmin","@id":"https:\/\/kt.gov.rs\/#\/schema\/person\/e426459ddb4173309103390602694571"},"headline":"WEBINAR \u201cTREGIME NGA KARANTINA\u201d-VIRUSI I V\u00cbRTET\u00cb DHE LAJMET T\u00cb RREME","datePublished":"2020-05-06T00:00:00+00:00","dateModified":"2024-07-30T18:04:41+00:00","mainEntityOfPage":{"@id":"https:\/\/kt.gov.rs\/sq\/webinar-tregime-nga-karantina-virusi-i-vertete-dhe-lajmet-te-rreme\/"},"wordCount":426,"publisher":{"@id":"https:\/\/kt.gov.rs\/#organization"},"image":{"@id":"https:\/\/kt.gov.rs\/sq\/webinar-tregime-nga-karantina-virusi-i-vertete-dhe-lajmet-te-rreme\/#primaryimage"},"thumbnailUrl":"https:\/\/kt.gov.rs\/wp-content\/uploads\/2024\/07\/1588755021_060520_2-5.jpg","articleSection":["Lajme"],"inLanguage":"sq-AL"},{"@type":"WebPage","@id":"https:\/\/kt.gov.rs\/sq\/webinar-tregime-nga-karantina-virusi-i-vertete-dhe-lajmet-te-rreme\/","url":"https:\/\/kt.gov.rs\/sq\/webinar-tregime-nga-karantina-virusi-i-vertete-dhe-lajmet-te-rreme\/","name":"WEBINAR \u201cTREGIME NGA KARANTINA\u201d-VIRUSI I V\u00cbRTET\u00cb DHE LAJMET T\u00cb RREME - Republika e S\u00ebrbis\u00eb Trupi Koordinues p\u00ebr komunat Bujanoc, Preshev\u00eb dhe Medvegj\u00eb","isPartOf":{"@id":"https:\/\/kt.gov.rs\/#website"},"primaryImageOfPage":{"@id":"https:\/\/kt.gov.rs\/sq\/webinar-tregime-nga-karantina-virusi-i-vertete-dhe-lajmet-te-rreme\/#primaryimage"},"image":{"@id":"https:\/\/kt.gov.rs\/sq\/webinar-tregime-nga-karantina-virusi-i-vertete-dhe-lajmet-te-rreme\/#primaryimage"},"thumbnailUrl":"https:\/\/kt.gov.rs\/wp-content\/uploads\/2024\/07\/1588755021_060520_2-5.jpg","datePublished":"2020-05-06T00:00:00+00:00","dateModified":"2024-07-30T18:04:41+00:00","breadcrumb":{"@id":"https:\/\/kt.gov.rs\/sq\/webinar-tregime-nga-karantina-virusi-i-vertete-dhe-lajmet-te-rreme\/#breadcrumb"},"inLanguage":"sq-AL","potentialAction":[{"@type":"ReadAction","target":["https:\/\/kt.gov.rs\/sq\/webinar-tregime-nga-karantina-virusi-i-vertete-dhe-lajmet-te-rreme\/"]}]},{"@type":"ImageObject","inLanguage":"sq-AL","@id":"https:\/\/kt.gov.rs\/sq\/webinar-tregime-nga-karantina-virusi-i-vertete-dhe-lajmet-te-rreme\/#primaryimage","url":"https:\/\/kt.gov.rs\/wp-content\/uploads\/2024\/07\/1588755021_060520_2-5.jpg","contentUrl":"https:\/\/kt.gov.rs\/wp-content\/uploads\/2024\/07\/1588755021_060520_2-5.jpg","width":315,"height":230},{"@type":"BreadcrumbList","@id":"https:\/\/kt.gov.rs\/sq\/webinar-tregime-nga-karantina-virusi-i-vertete-dhe-lajmet-te-rreme\/#breadcrumb","itemListElement":[{"@type":"ListItem","position":1,"name":"\u041f\u043e\u0447\u0435\u0442\u043d\u0430","item":"https:\/\/kt.gov.rs\/sq\/"},{"@type":"ListItem","position":2,"name":"WEBINAR \u201cTREGIME NGA KARANTINA\u201d-VIRUSI I V\u00cbRTET\u00cb DHE LAJMET T\u00cb RREME"}]},{"@type":"WebSite","@id":"https:\/\/kt.gov.rs\/#website","url":"https:\/\/kt.gov.rs\/","name":"\u041a\u043e\u043e\u0440\u0434\u0438\u043d\u0430\u0446\u0438\u043e\u043d\u043e \u0442\u0435\u043b\u043e \u0412\u043b\u0430\u0434\u0435 \u0420\u0435\u043f\u0443\u0431\u043b\u0438\u043a\u0435 \u0421\u0440\u0431\u0438\u0458\u0435 \u0437\u0430 \u043e\u043f\u0448\u0442\u0438\u043d\u0435 \u041f\u0440\u0435\u0448\u0435\u0432\u043e, \u0411\u0443\u0458\u0430\u043d\u043e\u0432\u0430\u0446 \u0438 \u041c\u0435\u0434\u0432\u0435\u0452a","description":"","publisher":{"@id":"https:\/\/kt.gov.rs\/#organization"},"alternateName":"\u041a\u043e\u043e\u0440\u0434\u0438\u043d\u0430\u0446\u0438\u043e\u043d\u043e \u0442\u0435\u043b\u043e","potentialAction":[{"@type":"SearchAction","target":{"@type":"EntryPoint","urlTemplate":"https:\/\/kt.gov.rs\/?s={search_term_string}"},"query-input":{"@type":"PropertyValueSpecification","valueRequired":true,"valueName":"search_term_string"}}],"inLanguage":"sq-AL"},{"@type":"Organization","@id":"https:\/\/kt.gov.rs\/#organization","name":"\u041a\u043e\u043e\u0440\u0434\u0438\u043d\u0430\u0446\u0438\u043e\u043d\u043e \u0442\u0435\u043b\u043e \u0412\u043b\u0430\u0434\u0435 \u0420\u0435\u043f\u0443\u0431\u043b\u0438\u043a\u0435 \u0421\u0440\u0431\u0438\u0458\u0435 \u0437\u0430 \u043e\u043f\u0448\u0442\u0438\u043d\u0435 \u041f\u0440\u0435\u0448\u0435\u0432\u043e, \u0411\u0443\u0458\u0430\u043d\u043e\u0432\u0430\u0446 \u0438 \u041c\u0435\u0434\u0432\u0435\u0452a","alternateName":"\u041a\u043e\u043e\u0440\u0434\u0438\u043d\u0430\u0446\u0438\u043e\u043d\u043e \u0442\u0435\u043b\u043e","url":"https:\/\/kt.gov.rs\/","logo":{"@type":"ImageObject","inLanguage":"sq-AL","@id":"https:\/\/kt.gov.rs\/#\/schema\/logo\/image\/","url":"https:\/\/kt.gov.rs\/wp-content\/uploads\/2024\/12\/koord2.jpg","contentUrl":"https:\/\/kt.gov.rs\/wp-content\/uploads\/2024\/12\/koord2.jpg","width":640,"height":480,"caption":"\u041a\u043e\u043e\u0440\u0434\u0438\u043d\u0430\u0446\u0438\u043e\u043d\u043e \u0442\u0435\u043b\u043e \u0412\u043b\u0430\u0434\u0435 \u0420\u0435\u043f\u0443\u0431\u043b\u0438\u043a\u0435 \u0421\u0440\u0431\u0438\u0458\u0435 \u0437\u0430 \u043e\u043f\u0448\u0442\u0438\u043d\u0435 \u041f\u0440\u0435\u0448\u0435\u0432\u043e, \u0411\u0443\u0458\u0430\u043d\u043e\u0432\u0430\u0446 \u0438 \u041c\u0435\u0434\u0432\u0435\u0452a"},"image":{"@id":"https:\/\/kt.gov.rs\/#\/schema\/logo\/image\/"},"sameAs":["https:\/\/www.facebook.com\/SluzbaKoordinacionogTelaVladeRepublikeSrbije","https:\/\/x.com\/kt_gov","https:\/\/www.youtube.com\/@koordinacionotelo"]},{"@type":"Person","@id":"https:\/\/kt.gov.rs\/#\/schema\/person\/e426459ddb4173309103390602694571","name":"ktmin","image":{"@type":"ImageObject","inLanguage":"sq-AL","@id":"https:\/\/secure.gravatar.com\/avatar\/3985c961109853010c3fbc7ba30365bfba5db3dd6c525831d9c595c7525a615a?s=96&d=mm&r=g","url":"https:\/\/secure.gravatar.com\/avatar\/3985c961109853010c3fbc7ba30365bfba5db3dd6c525831d9c595c7525a615a?s=96&d=mm&r=g","contentUrl":"https:\/\/secure.gravatar.com\/avatar\/3985c961109853010c3fbc7ba30365bfba5db3dd6c525831d9c595c7525a615a?s=96&d=mm&r=g","caption":"ktmin"},"sameAs":["https:\/\/kt.gov.rs"],"url":"https:\/\/kt.gov.rs\/sq\/author\/ktmin\/"}]}},"_links":{"self":[{"href":"https:\/\/kt.gov.rs\/sq\/wp-json\/wp\/v2\/posts\/112578","targetHints":{"allow":["GET"]}}],"collection":[{"href":"https:\/\/kt.gov.rs\/sq\/wp-json\/wp\/v2\/posts"}],"about":[{"href":"https:\/\/kt.gov.rs\/sq\/wp-json\/wp\/v2\/types\/post"}],"author":[{"embeddable":true,"href":"https:\/\/kt.gov.rs\/sq\/wp-json\/wp\/v2\/users\/1"}],"replies":[{"embeddable":true,"href":"https:\/\/kt.gov.rs\/sq\/wp-json\/wp\/v2\/comments?post=112578"}],"version-history":[{"count":1,"href":"https:\/\/kt.gov.rs\/sq\/wp-json\/wp\/v2\/posts\/112578\/revisions"}],"predecessor-version":[{"id":112582,"href":"https:\/\/kt.gov.rs\/sq\/wp-json\/wp\/v2\/posts\/112578\/revisions\/112582"}],"wp:featuredmedia":[{"embeddable":true,"href":"https:\/\/kt.gov.rs\/sq\/wp-json\/wp\/v2\/media\/112583"}],"wp:attachment":[{"href":"https:\/\/kt.gov.rs\/sq\/wp-json\/wp\/v2\/media?parent=112578"}],"wp:term":[{"taxonomy":"category","embeddable":true,"href":"https:\/\/kt.gov.rs\/sq\/wp-json\/wp\/v2\/categories?post=112578"},{"taxonomy":"post_tag","embeddable":true,"href":"https:\/\/kt.gov.rs\/sq\/wp-json\/wp\/v2\/tags?post=112578"}],"curies":[{"name":"wp","href":"https:\/\/api.w.org\/{rel}","templated":true}]}}