{"id":112570,"date":"2020-05-08T00:00:00","date_gmt":"2020-05-08T00:00:00","guid":{"rendered":"http:\/\/kt.printandscreen.rs\/projekti-rinia-e-sotme-udheheqesit-e-se-nesermes\/"},"modified":"2024-07-30T18:04:40","modified_gmt":"2024-07-30T18:04:40","slug":"projekti-rinia-e-sotme-udheheqesit-e-se-nesermes","status":"publish","type":"post","link":"https:\/\/kt.gov.rs\/sq\/projekti-rinia-e-sotme-udheheqesit-e-se-nesermes\/","title":{"rendered":"PROJEKTI \u201cRINIA E SOTME, UDH\u00cbHEQ\u00cbSIT E S\u00cb NES\u00cbRMES\u201d"},"content":{"rendered":"<p>\n\t<img decoding=\"async\" alt=\"\" src=\"https:\/\/kt.gov.rs\/wp-content\/uploads\/2024\/07\/1588930298_080520_1-4.jpg\" style=\"width: 315px; height: 230px; float: left;\" \/><\/p>\n<p>\n\t&quot;Dua t\u00eb punoj&quot; (https:\/\/hocu-da-radim.rs\/) \u00ebsht\u00eb nj\u00eb platform\u00eb n\u00eb internet e destinuar p\u00ebr lidhjen e pun\u00ebdh\u00ebn\u00ebsve me njer\u00ebzit q\u00eb jan\u00eb n\u00eb k\u00ebrkim t\u00eb nj\u00eb pune t\u00eb p\u00ebrshtatshme, por edhe p\u00ebr t\u00eb rinjt\u00eb pa p\u00ebrvoj\u00eb pune q\u00eb duan t\u00eb hyjn\u00eb n\u00eb tregun e pun\u00ebs. . &quot;Dua t\u00eb punoj&quot; ofron informacione mbi ofertat p\u00ebr pun\u00eb, praktikat profesionale dhe trajnimet, si dhe p\u00ebr aktivitete t\u00eb shumta q\u00eb ndihmojn\u00eb udh\u00ebzimin profesional dhe pun\u00ebsimin m\u00eb t\u00eb leht\u00eb. Ajo u krijua si rezultat i projektit &quot;Rinia e sotme, udh\u00ebheq\u00ebsit e s\u00eb nes\u00ebrmes&quot; i financuar nga Bashkimi Evropian dhe i bashk\u00ebfinancuar nga Qeveria e Republik\u00ebs s\u00eb Serbis\u00eb.<\/p>\n<p>\n\tProjekti &quot;Rinia e sotme, udh\u00ebheq\u00ebsit e s\u00eb nes\u00ebrmes&quot; synon t\u00eb siguroj\u00eb mb\u00ebshtetje p\u00ebr t\u00eb rinjt\u00eb n\u00eb pun\u00ebsim, nd\u00ebrtimin e aft\u00ebsive profesionale dhe marrjen e njohurive p\u00ebrmes arsimit joformal. Gjat\u00eb vitit 2019, p\u00ebrmes projektit \u00a0pun\u00ebtori u realizuan n\u00eb 5 qytete dhe komuna t\u00eb Serbis\u00eb, ku nj\u00eb ekip pedagog\u00ebsh mbajt\u00ebn trajnime p\u00ebr t\u00eb rinjt\u00eb midis 16 dhe 26 vje\u00e7, n\u00eb fush\u00ebn e teknologjis\u00eb s\u00eb informacionit, si dhe pun\u00ebtori p\u00ebr udh\u00ebheqje, aktiviz\u00ebm dhe orientim profesional.<\/p>\n<p>\n\tMe q\u00ebllimin p\u00ebr t\u00eb b\u00ebr\u00eb t\u00eb mundur p\u00ebr t\u00eb gjith\u00eb qasje t\u00eb barabart\u00eb n\u00eb njohuri, teknikat dhe aft\u00ebsit\u00eb e k\u00ebrkuara nga tregu modern i pun\u00ebs, ekipi i projektit &quot;Rinia e sotme, udh\u00ebheq\u00ebsit e s\u00eb nes\u00ebrmes&quot; themeloi Qendra Rinore n\u00eb Novi Sad, si dhe platform\u00ebn &quot;Dua t\u00eb punoj&quot;, e cila do t\u00eb vazhdoj\u00eb me duke zbatuar aktivitete t\u00eb ngjashme n\u00eb t\u00eb ardhmen. Qendra ofron ndihm\u00eb n\u00eb pun\u00ebsim p\u00ebrmes sh\u00ebrbimeve t\u00eb k\u00ebshillimit n\u00eb karrier\u00eb si dhe organizimin e trajnimeve, seminareve dhe pun\u00ebtorive nd\u00ebrsa n\u00eb faqen e internetit &quot;Dua t\u00eb punoj&quot; mund t\u00eb gjeni udh\u00ebzues, k\u00ebshilla dhe p\u00ebrgjigje p\u00ebr pyetje t\u00eb shumta dhe tema aktuale nga bota e pun\u00ebsimit.<\/p>\n<p>\n\tT\u00eb gjith\u00eb element\u00ebt e projektit &quot;Rinia e sotme, udh\u00ebheq\u00ebsit e s\u00eb nes\u00ebrmes&quot; u krijuan n\u00eb d\u00ebshir\u00ebn p\u00ebr t\u00eb rritur nivelin e pun\u00ebsimit n\u00eb Republik\u00ebn e Serbis\u00eb. Kjo faqe realizon aktivitetet e saj me q\u00ebllimin p\u00ebr t\u00eb ndikuar pozitivisht n\u00eb tregun e pun\u00ebs, duke ofruar ndihm\u00eb dhe mb\u00ebshtetje p\u00ebr pun\u00ebdh\u00ebn\u00ebsit dhe kandidat\u00ebt.<\/p>\n<p>\n\t&quot;Dua t\u00eb punoj&quot; u mund\u00ebson njer\u00ebzve q\u00eb jan\u00eb n\u00eb fillim t\u00eb karrier\u00ebs s\u00eb tyre ose po mendojn\u00eb p\u00ebr ndryshimin e profesioneve, t\u00eb gjejn\u00eb m\u00eb leht\u00eb pun\u00ebn e d\u00ebshiruar, por edhe t\u00eb zbulojn\u00eb se si mund t\u00eb rrisin konkurrenc\u00ebn e tyre n\u00eb treg, t\u00eb zgjerojn\u00eb njohurit\u00eb e tyre dhe t\u00eb p\u00ebrmir\u00ebsojn\u00eb aft\u00ebsit\u00eb e tyre.<\/p>\n<p>\n\t&quot;Dua t\u00eb punoj&quot; d\u00ebshiron t\u00eb ndihmoj\u00eb pun\u00ebdh\u00ebn\u00ebsit t\u00eb gjejn\u00eb kandidat\u00eb q\u00eb do t\u00eb kontribuojn\u00eb n\u00eb suksesin e biznesit, dhe t&#39;i frym\u00ebzoj\u00eb ata t\u00eb punojn\u00eb n\u00eb zhvillimin e politikave t\u00eb tyre t\u00eb pun\u00ebsimit dhe t\u00eb investojn\u00eb n\u00eb burimet njer\u00ebzore. N\u00eb at\u00eb m\u00ebnyr\u00eb, puna b\u00ebhet k\u00ebnaq\u00ebsi reciproke, dhe ndarja \u00ebsht\u00eb e p\u00ebrgjegjshme shoq\u00ebrore dhe nj\u00eb shembull p\u00ebr t\u00eb tjer\u00ebt.<\/p>\n<p>\n\t<strong>Burimi: Dua t\u00eb punoj dhe Trupi Koordinues<\/strong><\/p>\n<p>\n\t\u00a0<\/p>\n","protected":false},"excerpt":{"rendered":"<p>&quot;Dua t\u00eb punoj&quot; (https:\/\/hocu-da-radim.rs\/) \u00ebsht\u00eb nj\u00eb platform\u00eb n\u00eb internet e destinuar p\u00ebr lidhjen e pun\u00ebdh\u00ebn\u00ebsve me njer\u00ebzit q\u00eb jan\u00eb n\u00eb k\u00ebrkim t\u00eb nj\u00eb pune t\u00eb p\u00ebrshtatshme, por edhe p\u00ebr t\u00eb rinjt\u00eb pa p\u00ebrvoj\u00eb pune q\u00eb duan t\u00eb hyjn\u00eb n\u00eb tregun e pun\u00ebs.<\/p>\n","protected":false},"author":1,"featured_media":112575,"comment_status":"closed","ping_status":"closed","sticky":false,"template":"","format":"standard","meta":{"footnotes":""},"categories":[55],"tags":[],"class_list":["post-112570","post","type-post","status-publish","format-standard","has-post-thumbnail","hentry","category-lajme"],"yoast_head":"<!-- This site is optimized with the Yoast SEO plugin v27.5 - https:\/\/yoast.com\/product\/yoast-seo-wordpress\/ -->\n<title>PROJEKTI &quot;RINIA E SOTME, UDH\u00cbHEQ\u00cbSIT E S\u00cb NES\u00cbRMES&quot; - Republika e S\u00ebrbis\u00eb Trupi Koordinues p\u00ebr komunat Bujanoc, Preshev\u00eb dhe Medvegj\u00eb<\/title>\n<meta name=\"robots\" content=\"index, follow, max-snippet:-1, max-image-preview:large, max-video-preview:-1\" \/>\n<link rel=\"canonical\" href=\"https:\/\/kt.gov.rs\/sq\/projekti-rinia-e-sotme-udheheqesit-e-se-nesermes\/\" \/>\n<meta property=\"og:locale\" content=\"sq_AL\" \/>\n<meta property=\"og:type\" content=\"article\" \/>\n<meta property=\"og:title\" content=\"PROJEKTI &quot;RINIA E SOTME, UDH\u00cbHEQ\u00cbSIT E S\u00cb NES\u00cbRMES&quot; - Republika e S\u00ebrbis\u00eb Trupi Koordinues p\u00ebr komunat Bujanoc, Preshev\u00eb dhe Medvegj\u00eb\" \/>\n<meta property=\"og:description\" content=\"&quot;Dua t\u00eb punoj&quot; (https:\/\/hocu-da-radim.rs\/) \u00ebsht\u00eb nj\u00eb platform\u00eb n\u00eb internet e destinuar p\u00ebr lidhjen e pun\u00ebdh\u00ebn\u00ebsve me njer\u00ebzit q\u00eb jan\u00eb n\u00eb k\u00ebrkim t\u00eb nj\u00eb pune t\u00eb p\u00ebrshtatshme, por edhe p\u00ebr t\u00eb rinjt\u00eb pa p\u00ebrvoj\u00eb pune q\u00eb duan t\u00eb hyjn\u00eb n\u00eb tregun e pun\u00ebs.\" \/>\n<meta property=\"og:url\" content=\"https:\/\/kt.gov.rs\/sq\/projekti-rinia-e-sotme-udheheqesit-e-se-nesermes\/\" \/>\n<meta property=\"og:site_name\" content=\"Republika e S\u00ebrbis\u00eb Trupi Koordinues p\u00ebr komunat Bujanoc, Preshev\u00eb dhe Medvegj\u00eb\" \/>\n<meta property=\"article:publisher\" content=\"https:\/\/www.facebook.com\/SluzbaKoordinacionogTelaVladeRepublikeSrbije\" \/>\n<meta property=\"article:published_time\" content=\"2020-05-08T00:00:00+00:00\" \/>\n<meta property=\"article:modified_time\" content=\"2024-07-30T18:04:40+00:00\" \/>\n<meta property=\"og:image\" content=\"https:\/\/kt.gov.rs\/wp-content\/uploads\/2024\/07\/1588930298_080520_1-5.jpg\" \/>\n\t<meta property=\"og:image:width\" content=\"315\" \/>\n\t<meta property=\"og:image:height\" content=\"230\" \/>\n\t<meta property=\"og:image:type\" content=\"image\/jpeg\" \/>\n<meta name=\"author\" content=\"ktmin\" \/>\n<meta name=\"twitter:card\" content=\"summary_large_image\" \/>\n<meta name=\"twitter:creator\" content=\"@kt_gov\" \/>\n<meta name=\"twitter:site\" content=\"@kt_gov\" \/>\n<meta name=\"twitter:label1\" content=\"Written by\" \/>\n\t<meta name=\"twitter:data1\" content=\"ktmin\" \/>\n\t<meta name=\"twitter:label2\" content=\"Est. reading time\" \/>\n\t<meta name=\"twitter:data2\" content=\"4 minutes\" \/>\n<script type=\"application\/ld+json\" class=\"yoast-schema-graph\">{\"@context\":\"https:\\\/\\\/schema.org\",\"@graph\":[{\"@type\":\"Article\",\"@id\":\"https:\\\/\\\/kt.gov.rs\\\/sq\\\/projekti-rinia-e-sotme-udheheqesit-e-se-nesermes\\\/#article\",\"isPartOf\":{\"@id\":\"https:\\\/\\\/kt.gov.rs\\\/sq\\\/projekti-rinia-e-sotme-udheheqesit-e-se-nesermes\\\/\"},\"author\":{\"name\":\"ktmin\",\"@id\":\"https:\\\/\\\/kt.gov.rs\\\/#\\\/schema\\\/person\\\/e426459ddb4173309103390602694571\"},\"headline\":\"PROJEKTI \u201cRINIA E SOTME, UDH\u00cbHEQ\u00cbSIT E S\u00cb NES\u00cbRMES\u201d\",\"datePublished\":\"2020-05-08T00:00:00+00:00\",\"dateModified\":\"2024-07-30T18:04:40+00:00\",\"mainEntityOfPage\":{\"@id\":\"https:\\\/\\\/kt.gov.rs\\\/sq\\\/projekti-rinia-e-sotme-udheheqesit-e-se-nesermes\\\/\"},\"wordCount\":813,\"publisher\":{\"@id\":\"https:\\\/\\\/kt.gov.rs\\\/#organization\"},\"image\":{\"@id\":\"https:\\\/\\\/kt.gov.rs\\\/sq\\\/projekti-rinia-e-sotme-udheheqesit-e-se-nesermes\\\/#primaryimage\"},\"thumbnailUrl\":\"https:\\\/\\\/kt.gov.rs\\\/wp-content\\\/uploads\\\/2024\\\/07\\\/1588930298_080520_1-5.jpg\",\"articleSection\":[\"Lajme\"],\"inLanguage\":\"sq-AL\"},{\"@type\":\"WebPage\",\"@id\":\"https:\\\/\\\/kt.gov.rs\\\/sq\\\/projekti-rinia-e-sotme-udheheqesit-e-se-nesermes\\\/\",\"url\":\"https:\\\/\\\/kt.gov.rs\\\/sq\\\/projekti-rinia-e-sotme-udheheqesit-e-se-nesermes\\\/\",\"name\":\"PROJEKTI \\\"RINIA E SOTME, UDH\u00cbHEQ\u00cbSIT E S\u00cb NES\u00cbRMES\\\" - Republika e S\u00ebrbis\u00eb Trupi Koordinues p\u00ebr komunat Bujanoc, Preshev\u00eb dhe Medvegj\u00eb\",\"isPartOf\":{\"@id\":\"https:\\\/\\\/kt.gov.rs\\\/#website\"},\"primaryImageOfPage\":{\"@id\":\"https:\\\/\\\/kt.gov.rs\\\/sq\\\/projekti-rinia-e-sotme-udheheqesit-e-se-nesermes\\\/#primaryimage\"},\"image\":{\"@id\":\"https:\\\/\\\/kt.gov.rs\\\/sq\\\/projekti-rinia-e-sotme-udheheqesit-e-se-nesermes\\\/#primaryimage\"},\"thumbnailUrl\":\"https:\\\/\\\/kt.gov.rs\\\/wp-content\\\/uploads\\\/2024\\\/07\\\/1588930298_080520_1-5.jpg\",\"datePublished\":\"2020-05-08T00:00:00+00:00\",\"dateModified\":\"2024-07-30T18:04:40+00:00\",\"breadcrumb\":{\"@id\":\"https:\\\/\\\/kt.gov.rs\\\/sq\\\/projekti-rinia-e-sotme-udheheqesit-e-se-nesermes\\\/#breadcrumb\"},\"inLanguage\":\"sq-AL\",\"potentialAction\":[{\"@type\":\"ReadAction\",\"target\":[\"https:\\\/\\\/kt.gov.rs\\\/sq\\\/projekti-rinia-e-sotme-udheheqesit-e-se-nesermes\\\/\"]}]},{\"@type\":\"ImageObject\",\"inLanguage\":\"sq-AL\",\"@id\":\"https:\\\/\\\/kt.gov.rs\\\/sq\\\/projekti-rinia-e-sotme-udheheqesit-e-se-nesermes\\\/#primaryimage\",\"url\":\"https:\\\/\\\/kt.gov.rs\\\/wp-content\\\/uploads\\\/2024\\\/07\\\/1588930298_080520_1-5.jpg\",\"contentUrl\":\"https:\\\/\\\/kt.gov.rs\\\/wp-content\\\/uploads\\\/2024\\\/07\\\/1588930298_080520_1-5.jpg\",\"width\":315,\"height\":230},{\"@type\":\"BreadcrumbList\",\"@id\":\"https:\\\/\\\/kt.gov.rs\\\/sq\\\/projekti-rinia-e-sotme-udheheqesit-e-se-nesermes\\\/#breadcrumb\",\"itemListElement\":[{\"@type\":\"ListItem\",\"position\":1,\"name\":\"\u041f\u043e\u0447\u0435\u0442\u043d\u0430\",\"item\":\"https:\\\/\\\/kt.gov.rs\\\/sq\\\/\"},{\"@type\":\"ListItem\",\"position\":2,\"name\":\"PROJEKTI \u201cRINIA E SOTME, UDH\u00cbHEQ\u00cbSIT E S\u00cb NES\u00cbRMES\u201d\"}]},{\"@type\":\"WebSite\",\"@id\":\"https:\\\/\\\/kt.gov.rs\\\/#website\",\"url\":\"https:\\\/\\\/kt.gov.rs\\\/\",\"name\":\"\u041a\u043e\u043e\u0440\u0434\u0438\u043d\u0430\u0446\u0438\u043e\u043d\u043e \u0442\u0435\u043b\u043e \u0412\u043b\u0430\u0434\u0435 \u0420\u0435\u043f\u0443\u0431\u043b\u0438\u043a\u0435 \u0421\u0440\u0431\u0438\u0458\u0435 \u0437\u0430 \u043e\u043f\u0448\u0442\u0438\u043d\u0435 \u041f\u0440\u0435\u0448\u0435\u0432\u043e, \u0411\u0443\u0458\u0430\u043d\u043e\u0432\u0430\u0446 \u0438 \u041c\u0435\u0434\u0432\u0435\u0452a\",\"description\":\"\",\"publisher\":{\"@id\":\"https:\\\/\\\/kt.gov.rs\\\/#organization\"},\"alternateName\":\"\u041a\u043e\u043e\u0440\u0434\u0438\u043d\u0430\u0446\u0438\u043e\u043d\u043e \u0442\u0435\u043b\u043e\",\"potentialAction\":[{\"@type\":\"SearchAction\",\"target\":{\"@type\":\"EntryPoint\",\"urlTemplate\":\"https:\\\/\\\/kt.gov.rs\\\/?s={search_term_string}\"},\"query-input\":{\"@type\":\"PropertyValueSpecification\",\"valueRequired\":true,\"valueName\":\"search_term_string\"}}],\"inLanguage\":\"sq-AL\"},{\"@type\":\"Organization\",\"@id\":\"https:\\\/\\\/kt.gov.rs\\\/#organization\",\"name\":\"\u041a\u043e\u043e\u0440\u0434\u0438\u043d\u0430\u0446\u0438\u043e\u043d\u043e \u0442\u0435\u043b\u043e \u0412\u043b\u0430\u0434\u0435 \u0420\u0435\u043f\u0443\u0431\u043b\u0438\u043a\u0435 \u0421\u0440\u0431\u0438\u0458\u0435 \u0437\u0430 \u043e\u043f\u0448\u0442\u0438\u043d\u0435 \u041f\u0440\u0435\u0448\u0435\u0432\u043e, \u0411\u0443\u0458\u0430\u043d\u043e\u0432\u0430\u0446 \u0438 \u041c\u0435\u0434\u0432\u0435\u0452a\",\"alternateName\":\"\u041a\u043e\u043e\u0440\u0434\u0438\u043d\u0430\u0446\u0438\u043e\u043d\u043e \u0442\u0435\u043b\u043e\",\"url\":\"https:\\\/\\\/kt.gov.rs\\\/\",\"logo\":{\"@type\":\"ImageObject\",\"inLanguage\":\"sq-AL\",\"@id\":\"https:\\\/\\\/kt.gov.rs\\\/#\\\/schema\\\/logo\\\/image\\\/\",\"url\":\"https:\\\/\\\/kt.gov.rs\\\/wp-content\\\/uploads\\\/2024\\\/12\\\/koord2.jpg\",\"contentUrl\":\"https:\\\/\\\/kt.gov.rs\\\/wp-content\\\/uploads\\\/2024\\\/12\\\/koord2.jpg\",\"width\":640,\"height\":480,\"caption\":\"\u041a\u043e\u043e\u0440\u0434\u0438\u043d\u0430\u0446\u0438\u043e\u043d\u043e \u0442\u0435\u043b\u043e \u0412\u043b\u0430\u0434\u0435 \u0420\u0435\u043f\u0443\u0431\u043b\u0438\u043a\u0435 \u0421\u0440\u0431\u0438\u0458\u0435 \u0437\u0430 \u043e\u043f\u0448\u0442\u0438\u043d\u0435 \u041f\u0440\u0435\u0448\u0435\u0432\u043e, \u0411\u0443\u0458\u0430\u043d\u043e\u0432\u0430\u0446 \u0438 \u041c\u0435\u0434\u0432\u0435\u0452a\"},\"image\":{\"@id\":\"https:\\\/\\\/kt.gov.rs\\\/#\\\/schema\\\/logo\\\/image\\\/\"},\"sameAs\":[\"https:\\\/\\\/www.facebook.com\\\/SluzbaKoordinacionogTelaVladeRepublikeSrbije\",\"https:\\\/\\\/x.com\\\/kt_gov\",\"https:\\\/\\\/www.youtube.com\\\/@koordinacionotelo\"]},{\"@type\":\"Person\",\"@id\":\"https:\\\/\\\/kt.gov.rs\\\/#\\\/schema\\\/person\\\/e426459ddb4173309103390602694571\",\"name\":\"ktmin\",\"image\":{\"@type\":\"ImageObject\",\"inLanguage\":\"sq-AL\",\"@id\":\"https:\\\/\\\/secure.gravatar.com\\\/avatar\\\/3985c961109853010c3fbc7ba30365bfba5db3dd6c525831d9c595c7525a615a?s=96&d=mm&r=g\",\"url\":\"https:\\\/\\\/secure.gravatar.com\\\/avatar\\\/3985c961109853010c3fbc7ba30365bfba5db3dd6c525831d9c595c7525a615a?s=96&d=mm&r=g\",\"contentUrl\":\"https:\\\/\\\/secure.gravatar.com\\\/avatar\\\/3985c961109853010c3fbc7ba30365bfba5db3dd6c525831d9c595c7525a615a?s=96&d=mm&r=g\",\"caption\":\"ktmin\"},\"sameAs\":[\"https:\\\/\\\/kt.gov.rs\"],\"url\":\"https:\\\/\\\/kt.gov.rs\\\/sq\\\/author\\\/ktmin\\\/\"}]}<\/script>\n<!-- \/ Yoast SEO plugin. -->","yoast_head_json":{"title":"PROJEKTI \"RINIA E SOTME, UDH\u00cbHEQ\u00cbSIT E S\u00cb NES\u00cbRMES\" - Republika e S\u00ebrbis\u00eb Trupi Koordinues p\u00ebr komunat Bujanoc, Preshev\u00eb dhe Medvegj\u00eb","robots":{"index":"index","follow":"follow","max-snippet":"max-snippet:-1","max-image-preview":"max-image-preview:large","max-video-preview":"max-video-preview:-1"},"canonical":"https:\/\/kt.gov.rs\/sq\/projekti-rinia-e-sotme-udheheqesit-e-se-nesermes\/","og_locale":"sq_AL","og_type":"article","og_title":"PROJEKTI \"RINIA E SOTME, UDH\u00cbHEQ\u00cbSIT E S\u00cb NES\u00cbRMES\" - Republika e S\u00ebrbis\u00eb Trupi Koordinues p\u00ebr komunat Bujanoc, Preshev\u00eb dhe Medvegj\u00eb","og_description":"&quot;Dua t\u00eb punoj&quot; (https:\/\/hocu-da-radim.rs\/) \u00ebsht\u00eb nj\u00eb platform\u00eb n\u00eb internet e destinuar p\u00ebr lidhjen e pun\u00ebdh\u00ebn\u00ebsve me njer\u00ebzit q\u00eb jan\u00eb n\u00eb k\u00ebrkim t\u00eb nj\u00eb pune t\u00eb p\u00ebrshtatshme, por edhe p\u00ebr t\u00eb rinjt\u00eb pa p\u00ebrvoj\u00eb pune q\u00eb duan t\u00eb hyjn\u00eb n\u00eb tregun e pun\u00ebs.","og_url":"https:\/\/kt.gov.rs\/sq\/projekti-rinia-e-sotme-udheheqesit-e-se-nesermes\/","og_site_name":"Republika e S\u00ebrbis\u00eb Trupi Koordinues p\u00ebr komunat Bujanoc, Preshev\u00eb dhe Medvegj\u00eb","article_publisher":"https:\/\/www.facebook.com\/SluzbaKoordinacionogTelaVladeRepublikeSrbije","article_published_time":"2020-05-08T00:00:00+00:00","article_modified_time":"2024-07-30T18:04:40+00:00","og_image":[{"width":315,"height":230,"url":"https:\/\/kt.gov.rs\/wp-content\/uploads\/2024\/07\/1588930298_080520_1-5.jpg","type":"image\/jpeg"}],"author":"ktmin","twitter_card":"summary_large_image","twitter_creator":"@kt_gov","twitter_site":"@kt_gov","twitter_misc":{"Written by":"ktmin","Est. reading time":"4 minutes"},"schema":{"@context":"https:\/\/schema.org","@graph":[{"@type":"Article","@id":"https:\/\/kt.gov.rs\/sq\/projekti-rinia-e-sotme-udheheqesit-e-se-nesermes\/#article","isPartOf":{"@id":"https:\/\/kt.gov.rs\/sq\/projekti-rinia-e-sotme-udheheqesit-e-se-nesermes\/"},"author":{"name":"ktmin","@id":"https:\/\/kt.gov.rs\/#\/schema\/person\/e426459ddb4173309103390602694571"},"headline":"PROJEKTI \u201cRINIA E SOTME, UDH\u00cbHEQ\u00cbSIT E S\u00cb NES\u00cbRMES\u201d","datePublished":"2020-05-08T00:00:00+00:00","dateModified":"2024-07-30T18:04:40+00:00","mainEntityOfPage":{"@id":"https:\/\/kt.gov.rs\/sq\/projekti-rinia-e-sotme-udheheqesit-e-se-nesermes\/"},"wordCount":813,"publisher":{"@id":"https:\/\/kt.gov.rs\/#organization"},"image":{"@id":"https:\/\/kt.gov.rs\/sq\/projekti-rinia-e-sotme-udheheqesit-e-se-nesermes\/#primaryimage"},"thumbnailUrl":"https:\/\/kt.gov.rs\/wp-content\/uploads\/2024\/07\/1588930298_080520_1-5.jpg","articleSection":["Lajme"],"inLanguage":"sq-AL"},{"@type":"WebPage","@id":"https:\/\/kt.gov.rs\/sq\/projekti-rinia-e-sotme-udheheqesit-e-se-nesermes\/","url":"https:\/\/kt.gov.rs\/sq\/projekti-rinia-e-sotme-udheheqesit-e-se-nesermes\/","name":"PROJEKTI \"RINIA E SOTME, UDH\u00cbHEQ\u00cbSIT E S\u00cb NES\u00cbRMES\" - Republika e S\u00ebrbis\u00eb Trupi Koordinues p\u00ebr komunat Bujanoc, Preshev\u00eb dhe Medvegj\u00eb","isPartOf":{"@id":"https:\/\/kt.gov.rs\/#website"},"primaryImageOfPage":{"@id":"https:\/\/kt.gov.rs\/sq\/projekti-rinia-e-sotme-udheheqesit-e-se-nesermes\/#primaryimage"},"image":{"@id":"https:\/\/kt.gov.rs\/sq\/projekti-rinia-e-sotme-udheheqesit-e-se-nesermes\/#primaryimage"},"thumbnailUrl":"https:\/\/kt.gov.rs\/wp-content\/uploads\/2024\/07\/1588930298_080520_1-5.jpg","datePublished":"2020-05-08T00:00:00+00:00","dateModified":"2024-07-30T18:04:40+00:00","breadcrumb":{"@id":"https:\/\/kt.gov.rs\/sq\/projekti-rinia-e-sotme-udheheqesit-e-se-nesermes\/#breadcrumb"},"inLanguage":"sq-AL","potentialAction":[{"@type":"ReadAction","target":["https:\/\/kt.gov.rs\/sq\/projekti-rinia-e-sotme-udheheqesit-e-se-nesermes\/"]}]},{"@type":"ImageObject","inLanguage":"sq-AL","@id":"https:\/\/kt.gov.rs\/sq\/projekti-rinia-e-sotme-udheheqesit-e-se-nesermes\/#primaryimage","url":"https:\/\/kt.gov.rs\/wp-content\/uploads\/2024\/07\/1588930298_080520_1-5.jpg","contentUrl":"https:\/\/kt.gov.rs\/wp-content\/uploads\/2024\/07\/1588930298_080520_1-5.jpg","width":315,"height":230},{"@type":"BreadcrumbList","@id":"https:\/\/kt.gov.rs\/sq\/projekti-rinia-e-sotme-udheheqesit-e-se-nesermes\/#breadcrumb","itemListElement":[{"@type":"ListItem","position":1,"name":"\u041f\u043e\u0447\u0435\u0442\u043d\u0430","item":"https:\/\/kt.gov.rs\/sq\/"},{"@type":"ListItem","position":2,"name":"PROJEKTI \u201cRINIA E SOTME, UDH\u00cbHEQ\u00cbSIT E S\u00cb NES\u00cbRMES\u201d"}]},{"@type":"WebSite","@id":"https:\/\/kt.gov.rs\/#website","url":"https:\/\/kt.gov.rs\/","name":"\u041a\u043e\u043e\u0440\u0434\u0438\u043d\u0430\u0446\u0438\u043e\u043d\u043e \u0442\u0435\u043b\u043e \u0412\u043b\u0430\u0434\u0435 \u0420\u0435\u043f\u0443\u0431\u043b\u0438\u043a\u0435 \u0421\u0440\u0431\u0438\u0458\u0435 \u0437\u0430 \u043e\u043f\u0448\u0442\u0438\u043d\u0435 \u041f\u0440\u0435\u0448\u0435\u0432\u043e, \u0411\u0443\u0458\u0430\u043d\u043e\u0432\u0430\u0446 \u0438 \u041c\u0435\u0434\u0432\u0435\u0452a","description":"","publisher":{"@id":"https:\/\/kt.gov.rs\/#organization"},"alternateName":"\u041a\u043e\u043e\u0440\u0434\u0438\u043d\u0430\u0446\u0438\u043e\u043d\u043e \u0442\u0435\u043b\u043e","potentialAction":[{"@type":"SearchAction","target":{"@type":"EntryPoint","urlTemplate":"https:\/\/kt.gov.rs\/?s={search_term_string}"},"query-input":{"@type":"PropertyValueSpecification","valueRequired":true,"valueName":"search_term_string"}}],"inLanguage":"sq-AL"},{"@type":"Organization","@id":"https:\/\/kt.gov.rs\/#organization","name":"\u041a\u043e\u043e\u0440\u0434\u0438\u043d\u0430\u0446\u0438\u043e\u043d\u043e \u0442\u0435\u043b\u043e \u0412\u043b\u0430\u0434\u0435 \u0420\u0435\u043f\u0443\u0431\u043b\u0438\u043a\u0435 \u0421\u0440\u0431\u0438\u0458\u0435 \u0437\u0430 \u043e\u043f\u0448\u0442\u0438\u043d\u0435 \u041f\u0440\u0435\u0448\u0435\u0432\u043e, \u0411\u0443\u0458\u0430\u043d\u043e\u0432\u0430\u0446 \u0438 \u041c\u0435\u0434\u0432\u0435\u0452a","alternateName":"\u041a\u043e\u043e\u0440\u0434\u0438\u043d\u0430\u0446\u0438\u043e\u043d\u043e \u0442\u0435\u043b\u043e","url":"https:\/\/kt.gov.rs\/","logo":{"@type":"ImageObject","inLanguage":"sq-AL","@id":"https:\/\/kt.gov.rs\/#\/schema\/logo\/image\/","url":"https:\/\/kt.gov.rs\/wp-content\/uploads\/2024\/12\/koord2.jpg","contentUrl":"https:\/\/kt.gov.rs\/wp-content\/uploads\/2024\/12\/koord2.jpg","width":640,"height":480,"caption":"\u041a\u043e\u043e\u0440\u0434\u0438\u043d\u0430\u0446\u0438\u043e\u043d\u043e \u0442\u0435\u043b\u043e \u0412\u043b\u0430\u0434\u0435 \u0420\u0435\u043f\u0443\u0431\u043b\u0438\u043a\u0435 \u0421\u0440\u0431\u0438\u0458\u0435 \u0437\u0430 \u043e\u043f\u0448\u0442\u0438\u043d\u0435 \u041f\u0440\u0435\u0448\u0435\u0432\u043e, \u0411\u0443\u0458\u0430\u043d\u043e\u0432\u0430\u0446 \u0438 \u041c\u0435\u0434\u0432\u0435\u0452a"},"image":{"@id":"https:\/\/kt.gov.rs\/#\/schema\/logo\/image\/"},"sameAs":["https:\/\/www.facebook.com\/SluzbaKoordinacionogTelaVladeRepublikeSrbije","https:\/\/x.com\/kt_gov","https:\/\/www.youtube.com\/@koordinacionotelo"]},{"@type":"Person","@id":"https:\/\/kt.gov.rs\/#\/schema\/person\/e426459ddb4173309103390602694571","name":"ktmin","image":{"@type":"ImageObject","inLanguage":"sq-AL","@id":"https:\/\/secure.gravatar.com\/avatar\/3985c961109853010c3fbc7ba30365bfba5db3dd6c525831d9c595c7525a615a?s=96&d=mm&r=g","url":"https:\/\/secure.gravatar.com\/avatar\/3985c961109853010c3fbc7ba30365bfba5db3dd6c525831d9c595c7525a615a?s=96&d=mm&r=g","contentUrl":"https:\/\/secure.gravatar.com\/avatar\/3985c961109853010c3fbc7ba30365bfba5db3dd6c525831d9c595c7525a615a?s=96&d=mm&r=g","caption":"ktmin"},"sameAs":["https:\/\/kt.gov.rs"],"url":"https:\/\/kt.gov.rs\/sq\/author\/ktmin\/"}]}},"_links":{"self":[{"href":"https:\/\/kt.gov.rs\/sq\/wp-json\/wp\/v2\/posts\/112570","targetHints":{"allow":["GET"]}}],"collection":[{"href":"https:\/\/kt.gov.rs\/sq\/wp-json\/wp\/v2\/posts"}],"about":[{"href":"https:\/\/kt.gov.rs\/sq\/wp-json\/wp\/v2\/types\/post"}],"author":[{"embeddable":true,"href":"https:\/\/kt.gov.rs\/sq\/wp-json\/wp\/v2\/users\/1"}],"replies":[{"embeddable":true,"href":"https:\/\/kt.gov.rs\/sq\/wp-json\/wp\/v2\/comments?post=112570"}],"version-history":[{"count":1,"href":"https:\/\/kt.gov.rs\/sq\/wp-json\/wp\/v2\/posts\/112570\/revisions"}],"predecessor-version":[{"id":112574,"href":"https:\/\/kt.gov.rs\/sq\/wp-json\/wp\/v2\/posts\/112570\/revisions\/112574"}],"wp:featuredmedia":[{"embeddable":true,"href":"https:\/\/kt.gov.rs\/sq\/wp-json\/wp\/v2\/media\/112575"}],"wp:attachment":[{"href":"https:\/\/kt.gov.rs\/sq\/wp-json\/wp\/v2\/media?parent=112570"}],"wp:term":[{"taxonomy":"category","embeddable":true,"href":"https:\/\/kt.gov.rs\/sq\/wp-json\/wp\/v2\/categories?post=112570"},{"taxonomy":"post_tag","embeddable":true,"href":"https:\/\/kt.gov.rs\/sq\/wp-json\/wp\/v2\/tags?post=112570"}],"curies":[{"name":"wp","href":"https:\/\/api.w.org\/{rel}","templated":true}]}}