{"id":112554,"date":"2020-05-08T00:00:00","date_gmt":"2020-05-08T00:00:00","guid":{"rendered":"http:\/\/kt.printandscreen.rs\/dr-jovanoviq-bujanoci-mban-nen-kontroll-koronavirusin\/"},"modified":"2024-07-30T18:04:39","modified_gmt":"2024-07-30T18:04:39","slug":"dr-jovanoviq-bujanoci-mban-nen-kontroll-koronavirusin","status":"publish","type":"post","link":"https:\/\/kt.gov.rs\/sq\/dr-jovanoviq-bujanoci-mban-nen-kontroll-koronavirusin\/","title":{"rendered":"DR.JOVANOVIQ: BUJANOCI MBAN N\u00cbN KONTROLL KORONAVIRUSIN"},"content":{"rendered":"<p>\n\t<strong><img decoding=\"async\" alt=\"\" src=\"https:\/\/kt.gov.rs\/wp-content\/uploads\/2024\/07\/1588930388_080520_3-4.jpg\" style=\"width: 315px; height: 230px; float: left;\" \/><\/strong><\/p>\n<p>\n\t<strong>Bujanoc<\/strong>-Situata epidemiologjike n\u00eb komun\u00ebn e Bujanocit ishte n\u00ebn kontroll n\u00eb dit\u00ebn kur u largua gjendja e jasht\u00ebzakonshme n\u00eb vend, m\u00eb 6 maj 2020, nd\u00ebrsa 7 raste t\u00eb infeksionit ishin regjistruar q\u00eb nga fillimi i epidemis\u00eb s\u00eb koronavirusit, raportoi Shtabi Komunal p\u00ebr Situata t\u00eb Jasht\u00ebzakonshme dr.Lela Jovanoviq drejtoresha e Sht\u00ebpis\u00eb s\u00eb Sh\u00ebndetit n\u00eb Bujanoc.<\/p>\n<p>\n\tRasti i fundit i COVID-19 u konfirmua t\u00eb shtun\u00ebn me 2 maj, dhe rezultatet e t\u00eb gjith\u00eb banor\u00ebve t\u00eb tjer\u00eb t\u00eb komun\u00ebs t\u00eb cil\u00ebt nd\u00ebrkoh\u00eb u ekzaminuan n\u00eb Sht\u00ebpin\u00eb e Sh\u00ebndetit n\u00eb Bujanoc. jan\u00eb negative.<\/p>\n<p>\n\tDr. Jovanoviq theksoi se p\u00ebrve\u00e7 kthimit gradual t\u00eb normalitetit n\u00eb pothuajse t\u00eb gjitha fushat e jet\u00ebs, institucionet e kujdesit sh\u00ebndet\u00ebsor praktikisht mbeten n\u00eb gjendje t\u00eb jasht\u00ebzakonshme.<\/p>\n<p>\n\t&quot;Ne nuk po dalim nga gjendja e jasht\u00ebzakonshme, por vazhdojm\u00eb t\u00eb funksionojm\u00eb si m\u00eb par\u00eb, pra me masa mbrojt\u00ebse t\u00eb forcuara dhe nj\u00eb ambulanc\u00eb t\u00eb ve\u00e7ant\u00eb p\u00ebr infeksionet &quot;. Si komun\u00eb, ne kemi rezistuar deri m\u00eb tani dhe duhet t\u00eb mbajm\u00eb kontrollin, &quot;tha ajo.<\/p>\n<p>\n\tN\u00eb luft\u00ebn e deritanishme kund\u00ebr koronavirusit, komuna e Bujanocit ka humbur dy banor\u00eb tre jan\u00eb sh\u00ebruar, nd\u00ebrsa sipas informacioneve t\u00eb fundit dy persona jan\u00eb duke u trajtuar.<\/p>\n<p>\n\t<strong>Burimi: Bujanova\u00e7ke dhe Trupi Koordinues<\/strong><\/p>\n<p>\n\t\u00a0<\/p>\n","protected":false},"excerpt":{"rendered":"<p>Bujanoc-Situata epidemiologjike n\u00eb komun\u00ebn e Bujanocit ishte n\u00ebn kontroll n\u00eb dit\u00ebn kur u largua gjendja e jasht\u00ebzakonshme n\u00eb vend, m\u00eb 6 maj 2020, nd\u00ebrsa 7 raste t\u00eb infeksionit ishin regjistruar q\u00eb nga fillimi i epidemis\u00eb s\u00eb koronavirusit, raportoi Shtabi Komunal p\u00ebr Situata t\u00eb Jasht\u00ebzakonshme dr.Lela Jovanoviq drejtoresha e Sht\u00ebpis\u00eb s\u00eb Sh\u00ebndetit n\u00eb Bujanoc.<\/p>\n","protected":false},"author":1,"featured_media":112559,"comment_status":"closed","ping_status":"closed","sticky":false,"template":"","format":"standard","meta":{"footnotes":""},"categories":[55],"tags":[],"class_list":["post-112554","post","type-post","status-publish","format-standard","has-post-thumbnail","hentry","category-lajme"],"yoast_head":"<!-- This site is optimized with the Yoast SEO plugin v27.5 - https:\/\/yoast.com\/product\/yoast-seo-wordpress\/ -->\n<title>DR.JOVANOVIQ: BUJANOCI MBAN N\u00cbN KONTROLL KORONAVIRUSIN - Republika e S\u00ebrbis\u00eb Trupi Koordinues p\u00ebr komunat Bujanoc, Preshev\u00eb dhe Medvegj\u00eb<\/title>\n<meta name=\"robots\" content=\"index, follow, max-snippet:-1, max-image-preview:large, max-video-preview:-1\" \/>\n<link rel=\"canonical\" href=\"https:\/\/kt.gov.rs\/sq\/dr-jovanoviq-bujanoci-mban-nen-kontroll-koronavirusin\/\" \/>\n<meta property=\"og:locale\" content=\"sq_AL\" \/>\n<meta property=\"og:type\" content=\"article\" \/>\n<meta property=\"og:title\" content=\"DR.JOVANOVIQ: BUJANOCI MBAN N\u00cbN KONTROLL KORONAVIRUSIN - Republika e S\u00ebrbis\u00eb Trupi Koordinues p\u00ebr komunat Bujanoc, Preshev\u00eb dhe Medvegj\u00eb\" \/>\n<meta property=\"og:description\" content=\"Bujanoc-Situata epidemiologjike n\u00eb komun\u00ebn e Bujanocit ishte n\u00ebn kontroll n\u00eb dit\u00ebn kur u largua gjendja e jasht\u00ebzakonshme n\u00eb vend, m\u00eb 6 maj 2020, nd\u00ebrsa 7 raste t\u00eb infeksionit ishin regjistruar q\u00eb nga fillimi i epidemis\u00eb s\u00eb koronavirusit, raportoi Shtabi Komunal p\u00ebr Situata t\u00eb Jasht\u00ebzakonshme dr.Lela Jovanoviq drejtoresha e Sht\u00ebpis\u00eb s\u00eb Sh\u00ebndetit n\u00eb Bujanoc.\" \/>\n<meta property=\"og:url\" content=\"https:\/\/kt.gov.rs\/sq\/dr-jovanoviq-bujanoci-mban-nen-kontroll-koronavirusin\/\" \/>\n<meta property=\"og:site_name\" content=\"Republika e S\u00ebrbis\u00eb Trupi Koordinues p\u00ebr komunat Bujanoc, Preshev\u00eb dhe Medvegj\u00eb\" \/>\n<meta property=\"article:publisher\" content=\"https:\/\/www.facebook.com\/SluzbaKoordinacionogTelaVladeRepublikeSrbije\" \/>\n<meta property=\"article:published_time\" content=\"2020-05-08T00:00:00+00:00\" \/>\n<meta property=\"article:modified_time\" content=\"2024-07-30T18:04:39+00:00\" \/>\n<meta property=\"og:image\" content=\"https:\/\/kt.gov.rs\/wp-content\/uploads\/2024\/07\/1588930388_080520_3-5.jpg\" \/>\n\t<meta property=\"og:image:width\" content=\"315\" \/>\n\t<meta property=\"og:image:height\" content=\"230\" \/>\n\t<meta property=\"og:image:type\" content=\"image\/jpeg\" \/>\n<meta name=\"author\" content=\"ktmin\" \/>\n<meta name=\"twitter:card\" content=\"summary_large_image\" \/>\n<meta name=\"twitter:creator\" content=\"@kt_gov\" \/>\n<meta name=\"twitter:site\" content=\"@kt_gov\" \/>\n<meta name=\"twitter:label1\" content=\"Written by\" \/>\n\t<meta name=\"twitter:data1\" content=\"ktmin\" \/>\n\t<meta name=\"twitter:label2\" content=\"Est. reading time\" \/>\n\t<meta name=\"twitter:data2\" content=\"1 minute\" \/>\n<script type=\"application\/ld+json\" class=\"yoast-schema-graph\">{\"@context\":\"https:\\\/\\\/schema.org\",\"@graph\":[{\"@type\":\"Article\",\"@id\":\"https:\\\/\\\/kt.gov.rs\\\/sq\\\/dr-jovanoviq-bujanoci-mban-nen-kontroll-koronavirusin\\\/#article\",\"isPartOf\":{\"@id\":\"https:\\\/\\\/kt.gov.rs\\\/sq\\\/dr-jovanoviq-bujanoci-mban-nen-kontroll-koronavirusin\\\/\"},\"author\":{\"name\":\"ktmin\",\"@id\":\"https:\\\/\\\/kt.gov.rs\\\/#\\\/schema\\\/person\\\/e426459ddb4173309103390602694571\"},\"headline\":\"DR.JOVANOVIQ: BUJANOCI MBAN N\u00cbN KONTROLL KORONAVIRUSIN\",\"datePublished\":\"2020-05-08T00:00:00+00:00\",\"dateModified\":\"2024-07-30T18:04:39+00:00\",\"mainEntityOfPage\":{\"@id\":\"https:\\\/\\\/kt.gov.rs\\\/sq\\\/dr-jovanoviq-bujanoci-mban-nen-kontroll-koronavirusin\\\/\"},\"wordCount\":307,\"publisher\":{\"@id\":\"https:\\\/\\\/kt.gov.rs\\\/#organization\"},\"image\":{\"@id\":\"https:\\\/\\\/kt.gov.rs\\\/sq\\\/dr-jovanoviq-bujanoci-mban-nen-kontroll-koronavirusin\\\/#primaryimage\"},\"thumbnailUrl\":\"https:\\\/\\\/kt.gov.rs\\\/wp-content\\\/uploads\\\/2024\\\/07\\\/1588930388_080520_3-5.jpg\",\"articleSection\":[\"Lajme\"],\"inLanguage\":\"sq-AL\"},{\"@type\":\"WebPage\",\"@id\":\"https:\\\/\\\/kt.gov.rs\\\/sq\\\/dr-jovanoviq-bujanoci-mban-nen-kontroll-koronavirusin\\\/\",\"url\":\"https:\\\/\\\/kt.gov.rs\\\/sq\\\/dr-jovanoviq-bujanoci-mban-nen-kontroll-koronavirusin\\\/\",\"name\":\"DR.JOVANOVIQ: BUJANOCI MBAN N\u00cbN KONTROLL KORONAVIRUSIN - Republika e S\u00ebrbis\u00eb Trupi Koordinues p\u00ebr komunat Bujanoc, Preshev\u00eb dhe Medvegj\u00eb\",\"isPartOf\":{\"@id\":\"https:\\\/\\\/kt.gov.rs\\\/#website\"},\"primaryImageOfPage\":{\"@id\":\"https:\\\/\\\/kt.gov.rs\\\/sq\\\/dr-jovanoviq-bujanoci-mban-nen-kontroll-koronavirusin\\\/#primaryimage\"},\"image\":{\"@id\":\"https:\\\/\\\/kt.gov.rs\\\/sq\\\/dr-jovanoviq-bujanoci-mban-nen-kontroll-koronavirusin\\\/#primaryimage\"},\"thumbnailUrl\":\"https:\\\/\\\/kt.gov.rs\\\/wp-content\\\/uploads\\\/2024\\\/07\\\/1588930388_080520_3-5.jpg\",\"datePublished\":\"2020-05-08T00:00:00+00:00\",\"dateModified\":\"2024-07-30T18:04:39+00:00\",\"breadcrumb\":{\"@id\":\"https:\\\/\\\/kt.gov.rs\\\/sq\\\/dr-jovanoviq-bujanoci-mban-nen-kontroll-koronavirusin\\\/#breadcrumb\"},\"inLanguage\":\"sq-AL\",\"potentialAction\":[{\"@type\":\"ReadAction\",\"target\":[\"https:\\\/\\\/kt.gov.rs\\\/sq\\\/dr-jovanoviq-bujanoci-mban-nen-kontroll-koronavirusin\\\/\"]}]},{\"@type\":\"ImageObject\",\"inLanguage\":\"sq-AL\",\"@id\":\"https:\\\/\\\/kt.gov.rs\\\/sq\\\/dr-jovanoviq-bujanoci-mban-nen-kontroll-koronavirusin\\\/#primaryimage\",\"url\":\"https:\\\/\\\/kt.gov.rs\\\/wp-content\\\/uploads\\\/2024\\\/07\\\/1588930388_080520_3-5.jpg\",\"contentUrl\":\"https:\\\/\\\/kt.gov.rs\\\/wp-content\\\/uploads\\\/2024\\\/07\\\/1588930388_080520_3-5.jpg\",\"width\":315,\"height\":230},{\"@type\":\"BreadcrumbList\",\"@id\":\"https:\\\/\\\/kt.gov.rs\\\/sq\\\/dr-jovanoviq-bujanoci-mban-nen-kontroll-koronavirusin\\\/#breadcrumb\",\"itemListElement\":[{\"@type\":\"ListItem\",\"position\":1,\"name\":\"\u041f\u043e\u0447\u0435\u0442\u043d\u0430\",\"item\":\"https:\\\/\\\/kt.gov.rs\\\/sq\\\/\"},{\"@type\":\"ListItem\",\"position\":2,\"name\":\"DR.JOVANOVIQ: BUJANOCI MBAN N\u00cbN KONTROLL KORONAVIRUSIN\"}]},{\"@type\":\"WebSite\",\"@id\":\"https:\\\/\\\/kt.gov.rs\\\/#website\",\"url\":\"https:\\\/\\\/kt.gov.rs\\\/\",\"name\":\"\u041a\u043e\u043e\u0440\u0434\u0438\u043d\u0430\u0446\u0438\u043e\u043d\u043e \u0442\u0435\u043b\u043e \u0412\u043b\u0430\u0434\u0435 \u0420\u0435\u043f\u0443\u0431\u043b\u0438\u043a\u0435 \u0421\u0440\u0431\u0438\u0458\u0435 \u0437\u0430 \u043e\u043f\u0448\u0442\u0438\u043d\u0435 \u041f\u0440\u0435\u0448\u0435\u0432\u043e, \u0411\u0443\u0458\u0430\u043d\u043e\u0432\u0430\u0446 \u0438 \u041c\u0435\u0434\u0432\u0435\u0452a\",\"description\":\"\",\"publisher\":{\"@id\":\"https:\\\/\\\/kt.gov.rs\\\/#organization\"},\"alternateName\":\"\u041a\u043e\u043e\u0440\u0434\u0438\u043d\u0430\u0446\u0438\u043e\u043d\u043e \u0442\u0435\u043b\u043e\",\"potentialAction\":[{\"@type\":\"SearchAction\",\"target\":{\"@type\":\"EntryPoint\",\"urlTemplate\":\"https:\\\/\\\/kt.gov.rs\\\/?s={search_term_string}\"},\"query-input\":{\"@type\":\"PropertyValueSpecification\",\"valueRequired\":true,\"valueName\":\"search_term_string\"}}],\"inLanguage\":\"sq-AL\"},{\"@type\":\"Organization\",\"@id\":\"https:\\\/\\\/kt.gov.rs\\\/#organization\",\"name\":\"\u041a\u043e\u043e\u0440\u0434\u0438\u043d\u0430\u0446\u0438\u043e\u043d\u043e \u0442\u0435\u043b\u043e \u0412\u043b\u0430\u0434\u0435 \u0420\u0435\u043f\u0443\u0431\u043b\u0438\u043a\u0435 \u0421\u0440\u0431\u0438\u0458\u0435 \u0437\u0430 \u043e\u043f\u0448\u0442\u0438\u043d\u0435 \u041f\u0440\u0435\u0448\u0435\u0432\u043e, \u0411\u0443\u0458\u0430\u043d\u043e\u0432\u0430\u0446 \u0438 \u041c\u0435\u0434\u0432\u0435\u0452a\",\"alternateName\":\"\u041a\u043e\u043e\u0440\u0434\u0438\u043d\u0430\u0446\u0438\u043e\u043d\u043e \u0442\u0435\u043b\u043e\",\"url\":\"https:\\\/\\\/kt.gov.rs\\\/\",\"logo\":{\"@type\":\"ImageObject\",\"inLanguage\":\"sq-AL\",\"@id\":\"https:\\\/\\\/kt.gov.rs\\\/#\\\/schema\\\/logo\\\/image\\\/\",\"url\":\"https:\\\/\\\/kt.gov.rs\\\/wp-content\\\/uploads\\\/2024\\\/12\\\/koord2.jpg\",\"contentUrl\":\"https:\\\/\\\/kt.gov.rs\\\/wp-content\\\/uploads\\\/2024\\\/12\\\/koord2.jpg\",\"width\":640,\"height\":480,\"caption\":\"\u041a\u043e\u043e\u0440\u0434\u0438\u043d\u0430\u0446\u0438\u043e\u043d\u043e \u0442\u0435\u043b\u043e \u0412\u043b\u0430\u0434\u0435 \u0420\u0435\u043f\u0443\u0431\u043b\u0438\u043a\u0435 \u0421\u0440\u0431\u0438\u0458\u0435 \u0437\u0430 \u043e\u043f\u0448\u0442\u0438\u043d\u0435 \u041f\u0440\u0435\u0448\u0435\u0432\u043e, \u0411\u0443\u0458\u0430\u043d\u043e\u0432\u0430\u0446 \u0438 \u041c\u0435\u0434\u0432\u0435\u0452a\"},\"image\":{\"@id\":\"https:\\\/\\\/kt.gov.rs\\\/#\\\/schema\\\/logo\\\/image\\\/\"},\"sameAs\":[\"https:\\\/\\\/www.facebook.com\\\/SluzbaKoordinacionogTelaVladeRepublikeSrbije\",\"https:\\\/\\\/x.com\\\/kt_gov\",\"https:\\\/\\\/www.youtube.com\\\/@koordinacionotelo\"]},{\"@type\":\"Person\",\"@id\":\"https:\\\/\\\/kt.gov.rs\\\/#\\\/schema\\\/person\\\/e426459ddb4173309103390602694571\",\"name\":\"ktmin\",\"image\":{\"@type\":\"ImageObject\",\"inLanguage\":\"sq-AL\",\"@id\":\"https:\\\/\\\/secure.gravatar.com\\\/avatar\\\/3985c961109853010c3fbc7ba30365bfba5db3dd6c525831d9c595c7525a615a?s=96&d=mm&r=g\",\"url\":\"https:\\\/\\\/secure.gravatar.com\\\/avatar\\\/3985c961109853010c3fbc7ba30365bfba5db3dd6c525831d9c595c7525a615a?s=96&d=mm&r=g\",\"contentUrl\":\"https:\\\/\\\/secure.gravatar.com\\\/avatar\\\/3985c961109853010c3fbc7ba30365bfba5db3dd6c525831d9c595c7525a615a?s=96&d=mm&r=g\",\"caption\":\"ktmin\"},\"sameAs\":[\"https:\\\/\\\/kt.gov.rs\"],\"url\":\"https:\\\/\\\/kt.gov.rs\\\/sq\\\/author\\\/ktmin\\\/\"}]}<\/script>\n<!-- \/ Yoast SEO plugin. -->","yoast_head_json":{"title":"DR.JOVANOVIQ: BUJANOCI MBAN N\u00cbN KONTROLL KORONAVIRUSIN - Republika e S\u00ebrbis\u00eb Trupi Koordinues p\u00ebr komunat Bujanoc, Preshev\u00eb dhe Medvegj\u00eb","robots":{"index":"index","follow":"follow","max-snippet":"max-snippet:-1","max-image-preview":"max-image-preview:large","max-video-preview":"max-video-preview:-1"},"canonical":"https:\/\/kt.gov.rs\/sq\/dr-jovanoviq-bujanoci-mban-nen-kontroll-koronavirusin\/","og_locale":"sq_AL","og_type":"article","og_title":"DR.JOVANOVIQ: BUJANOCI MBAN N\u00cbN KONTROLL KORONAVIRUSIN - Republika e S\u00ebrbis\u00eb Trupi Koordinues p\u00ebr komunat Bujanoc, Preshev\u00eb dhe Medvegj\u00eb","og_description":"Bujanoc-Situata epidemiologjike n\u00eb komun\u00ebn e Bujanocit ishte n\u00ebn kontroll n\u00eb dit\u00ebn kur u largua gjendja e jasht\u00ebzakonshme n\u00eb vend, m\u00eb 6 maj 2020, nd\u00ebrsa 7 raste t\u00eb infeksionit ishin regjistruar q\u00eb nga fillimi i epidemis\u00eb s\u00eb koronavirusit, raportoi Shtabi Komunal p\u00ebr Situata t\u00eb Jasht\u00ebzakonshme dr.Lela Jovanoviq drejtoresha e Sht\u00ebpis\u00eb s\u00eb Sh\u00ebndetit n\u00eb Bujanoc.","og_url":"https:\/\/kt.gov.rs\/sq\/dr-jovanoviq-bujanoci-mban-nen-kontroll-koronavirusin\/","og_site_name":"Republika e S\u00ebrbis\u00eb Trupi Koordinues p\u00ebr komunat Bujanoc, Preshev\u00eb dhe Medvegj\u00eb","article_publisher":"https:\/\/www.facebook.com\/SluzbaKoordinacionogTelaVladeRepublikeSrbije","article_published_time":"2020-05-08T00:00:00+00:00","article_modified_time":"2024-07-30T18:04:39+00:00","og_image":[{"width":315,"height":230,"url":"https:\/\/kt.gov.rs\/wp-content\/uploads\/2024\/07\/1588930388_080520_3-5.jpg","type":"image\/jpeg"}],"author":"ktmin","twitter_card":"summary_large_image","twitter_creator":"@kt_gov","twitter_site":"@kt_gov","twitter_misc":{"Written by":"ktmin","Est. reading time":"1 minute"},"schema":{"@context":"https:\/\/schema.org","@graph":[{"@type":"Article","@id":"https:\/\/kt.gov.rs\/sq\/dr-jovanoviq-bujanoci-mban-nen-kontroll-koronavirusin\/#article","isPartOf":{"@id":"https:\/\/kt.gov.rs\/sq\/dr-jovanoviq-bujanoci-mban-nen-kontroll-koronavirusin\/"},"author":{"name":"ktmin","@id":"https:\/\/kt.gov.rs\/#\/schema\/person\/e426459ddb4173309103390602694571"},"headline":"DR.JOVANOVIQ: BUJANOCI MBAN N\u00cbN KONTROLL KORONAVIRUSIN","datePublished":"2020-05-08T00:00:00+00:00","dateModified":"2024-07-30T18:04:39+00:00","mainEntityOfPage":{"@id":"https:\/\/kt.gov.rs\/sq\/dr-jovanoviq-bujanoci-mban-nen-kontroll-koronavirusin\/"},"wordCount":307,"publisher":{"@id":"https:\/\/kt.gov.rs\/#organization"},"image":{"@id":"https:\/\/kt.gov.rs\/sq\/dr-jovanoviq-bujanoci-mban-nen-kontroll-koronavirusin\/#primaryimage"},"thumbnailUrl":"https:\/\/kt.gov.rs\/wp-content\/uploads\/2024\/07\/1588930388_080520_3-5.jpg","articleSection":["Lajme"],"inLanguage":"sq-AL"},{"@type":"WebPage","@id":"https:\/\/kt.gov.rs\/sq\/dr-jovanoviq-bujanoci-mban-nen-kontroll-koronavirusin\/","url":"https:\/\/kt.gov.rs\/sq\/dr-jovanoviq-bujanoci-mban-nen-kontroll-koronavirusin\/","name":"DR.JOVANOVIQ: BUJANOCI MBAN N\u00cbN KONTROLL KORONAVIRUSIN - Republika e S\u00ebrbis\u00eb Trupi Koordinues p\u00ebr komunat Bujanoc, Preshev\u00eb dhe Medvegj\u00eb","isPartOf":{"@id":"https:\/\/kt.gov.rs\/#website"},"primaryImageOfPage":{"@id":"https:\/\/kt.gov.rs\/sq\/dr-jovanoviq-bujanoci-mban-nen-kontroll-koronavirusin\/#primaryimage"},"image":{"@id":"https:\/\/kt.gov.rs\/sq\/dr-jovanoviq-bujanoci-mban-nen-kontroll-koronavirusin\/#primaryimage"},"thumbnailUrl":"https:\/\/kt.gov.rs\/wp-content\/uploads\/2024\/07\/1588930388_080520_3-5.jpg","datePublished":"2020-05-08T00:00:00+00:00","dateModified":"2024-07-30T18:04:39+00:00","breadcrumb":{"@id":"https:\/\/kt.gov.rs\/sq\/dr-jovanoviq-bujanoci-mban-nen-kontroll-koronavirusin\/#breadcrumb"},"inLanguage":"sq-AL","potentialAction":[{"@type":"ReadAction","target":["https:\/\/kt.gov.rs\/sq\/dr-jovanoviq-bujanoci-mban-nen-kontroll-koronavirusin\/"]}]},{"@type":"ImageObject","inLanguage":"sq-AL","@id":"https:\/\/kt.gov.rs\/sq\/dr-jovanoviq-bujanoci-mban-nen-kontroll-koronavirusin\/#primaryimage","url":"https:\/\/kt.gov.rs\/wp-content\/uploads\/2024\/07\/1588930388_080520_3-5.jpg","contentUrl":"https:\/\/kt.gov.rs\/wp-content\/uploads\/2024\/07\/1588930388_080520_3-5.jpg","width":315,"height":230},{"@type":"BreadcrumbList","@id":"https:\/\/kt.gov.rs\/sq\/dr-jovanoviq-bujanoci-mban-nen-kontroll-koronavirusin\/#breadcrumb","itemListElement":[{"@type":"ListItem","position":1,"name":"\u041f\u043e\u0447\u0435\u0442\u043d\u0430","item":"https:\/\/kt.gov.rs\/sq\/"},{"@type":"ListItem","position":2,"name":"DR.JOVANOVIQ: BUJANOCI MBAN N\u00cbN KONTROLL KORONAVIRUSIN"}]},{"@type":"WebSite","@id":"https:\/\/kt.gov.rs\/#website","url":"https:\/\/kt.gov.rs\/","name":"\u041a\u043e\u043e\u0440\u0434\u0438\u043d\u0430\u0446\u0438\u043e\u043d\u043e \u0442\u0435\u043b\u043e \u0412\u043b\u0430\u0434\u0435 \u0420\u0435\u043f\u0443\u0431\u043b\u0438\u043a\u0435 \u0421\u0440\u0431\u0438\u0458\u0435 \u0437\u0430 \u043e\u043f\u0448\u0442\u0438\u043d\u0435 \u041f\u0440\u0435\u0448\u0435\u0432\u043e, \u0411\u0443\u0458\u0430\u043d\u043e\u0432\u0430\u0446 \u0438 \u041c\u0435\u0434\u0432\u0435\u0452a","description":"","publisher":{"@id":"https:\/\/kt.gov.rs\/#organization"},"alternateName":"\u041a\u043e\u043e\u0440\u0434\u0438\u043d\u0430\u0446\u0438\u043e\u043d\u043e \u0442\u0435\u043b\u043e","potentialAction":[{"@type":"SearchAction","target":{"@type":"EntryPoint","urlTemplate":"https:\/\/kt.gov.rs\/?s={search_term_string}"},"query-input":{"@type":"PropertyValueSpecification","valueRequired":true,"valueName":"search_term_string"}}],"inLanguage":"sq-AL"},{"@type":"Organization","@id":"https:\/\/kt.gov.rs\/#organization","name":"\u041a\u043e\u043e\u0440\u0434\u0438\u043d\u0430\u0446\u0438\u043e\u043d\u043e \u0442\u0435\u043b\u043e \u0412\u043b\u0430\u0434\u0435 \u0420\u0435\u043f\u0443\u0431\u043b\u0438\u043a\u0435 \u0421\u0440\u0431\u0438\u0458\u0435 \u0437\u0430 \u043e\u043f\u0448\u0442\u0438\u043d\u0435 \u041f\u0440\u0435\u0448\u0435\u0432\u043e, \u0411\u0443\u0458\u0430\u043d\u043e\u0432\u0430\u0446 \u0438 \u041c\u0435\u0434\u0432\u0435\u0452a","alternateName":"\u041a\u043e\u043e\u0440\u0434\u0438\u043d\u0430\u0446\u0438\u043e\u043d\u043e \u0442\u0435\u043b\u043e","url":"https:\/\/kt.gov.rs\/","logo":{"@type":"ImageObject","inLanguage":"sq-AL","@id":"https:\/\/kt.gov.rs\/#\/schema\/logo\/image\/","url":"https:\/\/kt.gov.rs\/wp-content\/uploads\/2024\/12\/koord2.jpg","contentUrl":"https:\/\/kt.gov.rs\/wp-content\/uploads\/2024\/12\/koord2.jpg","width":640,"height":480,"caption":"\u041a\u043e\u043e\u0440\u0434\u0438\u043d\u0430\u0446\u0438\u043e\u043d\u043e \u0442\u0435\u043b\u043e \u0412\u043b\u0430\u0434\u0435 \u0420\u0435\u043f\u0443\u0431\u043b\u0438\u043a\u0435 \u0421\u0440\u0431\u0438\u0458\u0435 \u0437\u0430 \u043e\u043f\u0448\u0442\u0438\u043d\u0435 \u041f\u0440\u0435\u0448\u0435\u0432\u043e, \u0411\u0443\u0458\u0430\u043d\u043e\u0432\u0430\u0446 \u0438 \u041c\u0435\u0434\u0432\u0435\u0452a"},"image":{"@id":"https:\/\/kt.gov.rs\/#\/schema\/logo\/image\/"},"sameAs":["https:\/\/www.facebook.com\/SluzbaKoordinacionogTelaVladeRepublikeSrbije","https:\/\/x.com\/kt_gov","https:\/\/www.youtube.com\/@koordinacionotelo"]},{"@type":"Person","@id":"https:\/\/kt.gov.rs\/#\/schema\/person\/e426459ddb4173309103390602694571","name":"ktmin","image":{"@type":"ImageObject","inLanguage":"sq-AL","@id":"https:\/\/secure.gravatar.com\/avatar\/3985c961109853010c3fbc7ba30365bfba5db3dd6c525831d9c595c7525a615a?s=96&d=mm&r=g","url":"https:\/\/secure.gravatar.com\/avatar\/3985c961109853010c3fbc7ba30365bfba5db3dd6c525831d9c595c7525a615a?s=96&d=mm&r=g","contentUrl":"https:\/\/secure.gravatar.com\/avatar\/3985c961109853010c3fbc7ba30365bfba5db3dd6c525831d9c595c7525a615a?s=96&d=mm&r=g","caption":"ktmin"},"sameAs":["https:\/\/kt.gov.rs"],"url":"https:\/\/kt.gov.rs\/sq\/author\/ktmin\/"}]}},"_links":{"self":[{"href":"https:\/\/kt.gov.rs\/sq\/wp-json\/wp\/v2\/posts\/112554","targetHints":{"allow":["GET"]}}],"collection":[{"href":"https:\/\/kt.gov.rs\/sq\/wp-json\/wp\/v2\/posts"}],"about":[{"href":"https:\/\/kt.gov.rs\/sq\/wp-json\/wp\/v2\/types\/post"}],"author":[{"embeddable":true,"href":"https:\/\/kt.gov.rs\/sq\/wp-json\/wp\/v2\/users\/1"}],"replies":[{"embeddable":true,"href":"https:\/\/kt.gov.rs\/sq\/wp-json\/wp\/v2\/comments?post=112554"}],"version-history":[{"count":1,"href":"https:\/\/kt.gov.rs\/sq\/wp-json\/wp\/v2\/posts\/112554\/revisions"}],"predecessor-version":[{"id":112558,"href":"https:\/\/kt.gov.rs\/sq\/wp-json\/wp\/v2\/posts\/112554\/revisions\/112558"}],"wp:featuredmedia":[{"embeddable":true,"href":"https:\/\/kt.gov.rs\/sq\/wp-json\/wp\/v2\/media\/112559"}],"wp:attachment":[{"href":"https:\/\/kt.gov.rs\/sq\/wp-json\/wp\/v2\/media?parent=112554"}],"wp:term":[{"taxonomy":"category","embeddable":true,"href":"https:\/\/kt.gov.rs\/sq\/wp-json\/wp\/v2\/categories?post=112554"},{"taxonomy":"post_tag","embeddable":true,"href":"https:\/\/kt.gov.rs\/sq\/wp-json\/wp\/v2\/tags?post=112554"}],"curies":[{"name":"wp","href":"https:\/\/api.w.org\/{rel}","templated":true}]}}