{"id":112546,"date":"2020-05-12T00:00:00","date_gmt":"2020-05-12T00:00:00","guid":{"rendered":"http:\/\/kt.printandscreen.rs\/konkurs-per-nxenesit-familja-ime-liria-ime-afati-15-maj-2020\/"},"modified":"2024-07-30T18:04:38","modified_gmt":"2024-07-30T18:04:38","slug":"konkurs-per-nxenesit-familja-ime-liria-ime-afati-15-maj-2020","status":"publish","type":"post","link":"https:\/\/kt.gov.rs\/sq\/konkurs-per-nxenesit-familja-ime-liria-ime-afati-15-maj-2020\/","title":{"rendered":"KONKURS P\u00cbR NX\u00cbN\u00cbSIT-\u201cFAMILJA IME \u2013 LIRIA IME\u201d(AFATI:15 MAJ 2020)"},"content":{"rendered":"<p>\n\t<img decoding=\"async\" alt=\"\" src=\"https:\/\/kt.gov.rs\/wp-content\/uploads\/2024\/07\/1589271373_120520_1-4.jpg\" style=\"width: 315px; height: 230px; float: left;\" \/><\/p>\n<p>\n\tMinistria e Arsimit, Shkenc\u00ebs dhe Zhvillimit Teknologjik ka shpallur konkurs p\u00ebr nx\u00ebn\u00ebsit e shkollave fillore dhe t\u00eb mesme me tem\u00ebn &quot;Familja ime \u2013 liria ime&quot;. T\u00eb gjith\u00eb nx\u00ebn\u00ebsit e shkollave fillore dhe t\u00eb mesme mund t\u00eb marrin pjes\u00eb n\u00eb k\u00ebt\u00eb konkurs si dhe nx\u00ebn\u00ebsit q\u00eb vijojn\u00eb m\u00ebsimet sipas nj\u00eb programi t\u00eb ve\u00e7ant\u00eb t\u00eb pun\u00ebs arsimore n\u00eb gjuh\u00ebn serbe n\u00eb shkollat \u200b\u200bplot\u00ebsuese jasht\u00eb vendit.<\/p>\n<p>\n\tQ\u00ebllimi \u00a0i konkursit\u00a0 \u00ebsht\u00eb t\u00eb inkurajoj\u00eb shprehjen krijuese t\u00eb nx\u00ebn\u00ebsve, dukshm\u00ebrin\u00eb dhe promovimin e krijimtaris\u00eb s\u00eb nx\u00ebn\u00ebsve \u00a0n\u00eb fusha t\u00eb ndryshme t\u00eb industrive krijuese.<\/p>\n<p>\n\tT\u00eb gjith\u00eb nx\u00ebn\u00ebsit\u00a0 e interesuar mund t&#39;i d\u00ebrgojn\u00eb punimet e tyre n\u00eb format dixhital me post\u00eb elektronike n\u00eb adres\u00ebn: kreativni.konkurs@mpn.gov.rs. Shpejtoni me aplikimin sepse konkursi zgjat deri m\u00eb 15 maj 2020.<\/p>\n<p>\n\tInformacione m\u00eb t\u00eb holl\u00ebsishme n\u00eb lidhje me konkursin gjenden n\u00eb\u00a0 <a href=\"https:\/\/zuov.gov.rs\/konkurs-za-ucenike-osnovnih-i-srednjih-skola-moja-porodica-moja-sloboda\/\">https:\/\/zuov.gov.rs\/konkurs-za-ucenike-osnovnih-i-srednjih-skola-moja-porodica-moja-sloboda\/<\/a><\/p>\n<p>\n\t<strong>Burimi:Instituti p\u00ebr promovimin e arsimit dhe edukimit dhe Trupi Koordinues<\/strong><\/p>\n<p>\n\t\u00a0<\/p>\n","protected":false},"excerpt":{"rendered":"<p>Ministria e Arsimit, Shkenc\u00ebs dhe Zhvillimit Teknologjik ka shpallur konkurs p\u00ebr nx\u00ebn\u00ebsit e shkollave fillore dhe t\u00eb mesme me tem\u00ebn &quot;Familja ime \u2013 liria ime&quot;. T\u00eb gjith\u00eb nx\u00ebn\u00ebsit e shkollave fillore dhe t\u00eb mesme mund t\u00eb marrin pjes\u00eb n\u00eb k\u00ebt\u00eb konkurs si dhe nx\u00ebn\u00ebsit q\u00eb vijojn\u00eb m\u00ebsimet sipas nj\u00eb programi t\u00eb ve\u00e7ant\u00eb t\u00eb pun\u00ebs arsimore n\u00eb gjuh\u00ebn serbe n\u00eb shkollat \u200b\u200bplot\u00ebsuese jasht\u00eb vendit.<\/p>\n","protected":false},"author":1,"featured_media":112551,"comment_status":"closed","ping_status":"closed","sticky":false,"template":"","format":"standard","meta":{"footnotes":""},"categories":[55],"tags":[],"class_list":["post-112546","post","type-post","status-publish","format-standard","has-post-thumbnail","hentry","category-lajme"],"yoast_head":"<!-- This site is optimized with the Yoast SEO plugin v27.5 - https:\/\/yoast.com\/product\/yoast-seo-wordpress\/ -->\n<title>KONKURS P\u00cbR NX\u00cbN\u00cbSIT-&quot;FAMILJA IME - LIRIA IME&quot;(AFATI:15 MAJ 2020) - Republika e S\u00ebrbis\u00eb Trupi Koordinues p\u00ebr komunat Bujanoc, Preshev\u00eb dhe Medvegj\u00eb<\/title>\n<meta name=\"robots\" content=\"index, follow, max-snippet:-1, max-image-preview:large, max-video-preview:-1\" \/>\n<link rel=\"canonical\" href=\"https:\/\/kt.gov.rs\/sq\/konkurs-per-nxenesit-familja-ime-liria-ime-afati-15-maj-2020\/\" \/>\n<meta property=\"og:locale\" content=\"sq_AL\" \/>\n<meta property=\"og:type\" content=\"article\" \/>\n<meta property=\"og:title\" content=\"KONKURS P\u00cbR NX\u00cbN\u00cbSIT-&quot;FAMILJA IME - LIRIA IME&quot;(AFATI:15 MAJ 2020) - Republika e S\u00ebrbis\u00eb Trupi Koordinues p\u00ebr komunat Bujanoc, Preshev\u00eb dhe Medvegj\u00eb\" \/>\n<meta property=\"og:description\" content=\"Ministria e Arsimit, Shkenc\u00ebs dhe Zhvillimit Teknologjik ka shpallur konkurs p\u00ebr nx\u00ebn\u00ebsit e shkollave fillore dhe t\u00eb mesme me tem\u00ebn &quot;Familja ime - liria ime&quot;. T\u00eb gjith\u00eb nx\u00ebn\u00ebsit e shkollave fillore dhe t\u00eb mesme mund t\u00eb marrin pjes\u00eb n\u00eb k\u00ebt\u00eb konkurs si dhe nx\u00ebn\u00ebsit q\u00eb vijojn\u00eb m\u00ebsimet sipas nj\u00eb programi t\u00eb ve\u00e7ant\u00eb t\u00eb pun\u00ebs arsimore n\u00eb gjuh\u00ebn serbe n\u00eb shkollat \u200b\u200bplot\u00ebsuese jasht\u00eb vendit.\" \/>\n<meta property=\"og:url\" content=\"https:\/\/kt.gov.rs\/sq\/konkurs-per-nxenesit-familja-ime-liria-ime-afati-15-maj-2020\/\" \/>\n<meta property=\"og:site_name\" content=\"Republika e S\u00ebrbis\u00eb Trupi Koordinues p\u00ebr komunat Bujanoc, Preshev\u00eb dhe Medvegj\u00eb\" \/>\n<meta property=\"article:publisher\" content=\"https:\/\/www.facebook.com\/SluzbaKoordinacionogTelaVladeRepublikeSrbije\" \/>\n<meta property=\"article:published_time\" content=\"2020-05-12T00:00:00+00:00\" \/>\n<meta property=\"article:modified_time\" content=\"2024-07-30T18:04:38+00:00\" \/>\n<meta property=\"og:image\" content=\"https:\/\/kt.gov.rs\/wp-content\/uploads\/2024\/07\/1589271373_120520_1-5.jpg\" \/>\n\t<meta property=\"og:image:width\" content=\"315\" \/>\n\t<meta property=\"og:image:height\" content=\"230\" \/>\n\t<meta property=\"og:image:type\" content=\"image\/jpeg\" \/>\n<meta name=\"author\" content=\"ktmin\" \/>\n<meta name=\"twitter:card\" content=\"summary_large_image\" \/>\n<meta name=\"twitter:creator\" content=\"@kt_gov\" \/>\n<meta name=\"twitter:site\" content=\"@kt_gov\" \/>\n<meta name=\"twitter:label1\" content=\"Written by\" \/>\n\t<meta name=\"twitter:data1\" content=\"ktmin\" \/>\n\t<meta name=\"twitter:label2\" content=\"Est. reading time\" \/>\n\t<meta name=\"twitter:data2\" content=\"1 minute\" \/>\n<script type=\"application\/ld+json\" class=\"yoast-schema-graph\">{\"@context\":\"https:\\\/\\\/schema.org\",\"@graph\":[{\"@type\":\"Article\",\"@id\":\"https:\\\/\\\/kt.gov.rs\\\/sq\\\/konkurs-per-nxenesit-familja-ime-liria-ime-afati-15-maj-2020\\\/#article\",\"isPartOf\":{\"@id\":\"https:\\\/\\\/kt.gov.rs\\\/sq\\\/konkurs-per-nxenesit-familja-ime-liria-ime-afati-15-maj-2020\\\/\"},\"author\":{\"name\":\"ktmin\",\"@id\":\"https:\\\/\\\/kt.gov.rs\\\/#\\\/schema\\\/person\\\/e426459ddb4173309103390602694571\"},\"headline\":\"KONKURS P\u00cbR NX\u00cbN\u00cbSIT-\u201cFAMILJA IME \u2013 LIRIA IME\u201d(AFATI:15 MAJ 2020)\",\"datePublished\":\"2020-05-12T00:00:00+00:00\",\"dateModified\":\"2024-07-30T18:04:38+00:00\",\"mainEntityOfPage\":{\"@id\":\"https:\\\/\\\/kt.gov.rs\\\/sq\\\/konkurs-per-nxenesit-familja-ime-liria-ime-afati-15-maj-2020\\\/\"},\"wordCount\":261,\"publisher\":{\"@id\":\"https:\\\/\\\/kt.gov.rs\\\/#organization\"},\"image\":{\"@id\":\"https:\\\/\\\/kt.gov.rs\\\/sq\\\/konkurs-per-nxenesit-familja-ime-liria-ime-afati-15-maj-2020\\\/#primaryimage\"},\"thumbnailUrl\":\"https:\\\/\\\/kt.gov.rs\\\/wp-content\\\/uploads\\\/2024\\\/07\\\/1589271373_120520_1-5.jpg\",\"articleSection\":[\"Lajme\"],\"inLanguage\":\"sq-AL\"},{\"@type\":\"WebPage\",\"@id\":\"https:\\\/\\\/kt.gov.rs\\\/sq\\\/konkurs-per-nxenesit-familja-ime-liria-ime-afati-15-maj-2020\\\/\",\"url\":\"https:\\\/\\\/kt.gov.rs\\\/sq\\\/konkurs-per-nxenesit-familja-ime-liria-ime-afati-15-maj-2020\\\/\",\"name\":\"KONKURS P\u00cbR NX\u00cbN\u00cbSIT-\\\"FAMILJA IME - LIRIA IME\\\"(AFATI:15 MAJ 2020) - Republika e S\u00ebrbis\u00eb Trupi Koordinues p\u00ebr komunat Bujanoc, Preshev\u00eb dhe Medvegj\u00eb\",\"isPartOf\":{\"@id\":\"https:\\\/\\\/kt.gov.rs\\\/#website\"},\"primaryImageOfPage\":{\"@id\":\"https:\\\/\\\/kt.gov.rs\\\/sq\\\/konkurs-per-nxenesit-familja-ime-liria-ime-afati-15-maj-2020\\\/#primaryimage\"},\"image\":{\"@id\":\"https:\\\/\\\/kt.gov.rs\\\/sq\\\/konkurs-per-nxenesit-familja-ime-liria-ime-afati-15-maj-2020\\\/#primaryimage\"},\"thumbnailUrl\":\"https:\\\/\\\/kt.gov.rs\\\/wp-content\\\/uploads\\\/2024\\\/07\\\/1589271373_120520_1-5.jpg\",\"datePublished\":\"2020-05-12T00:00:00+00:00\",\"dateModified\":\"2024-07-30T18:04:38+00:00\",\"breadcrumb\":{\"@id\":\"https:\\\/\\\/kt.gov.rs\\\/sq\\\/konkurs-per-nxenesit-familja-ime-liria-ime-afati-15-maj-2020\\\/#breadcrumb\"},\"inLanguage\":\"sq-AL\",\"potentialAction\":[{\"@type\":\"ReadAction\",\"target\":[\"https:\\\/\\\/kt.gov.rs\\\/sq\\\/konkurs-per-nxenesit-familja-ime-liria-ime-afati-15-maj-2020\\\/\"]}]},{\"@type\":\"ImageObject\",\"inLanguage\":\"sq-AL\",\"@id\":\"https:\\\/\\\/kt.gov.rs\\\/sq\\\/konkurs-per-nxenesit-familja-ime-liria-ime-afati-15-maj-2020\\\/#primaryimage\",\"url\":\"https:\\\/\\\/kt.gov.rs\\\/wp-content\\\/uploads\\\/2024\\\/07\\\/1589271373_120520_1-5.jpg\",\"contentUrl\":\"https:\\\/\\\/kt.gov.rs\\\/wp-content\\\/uploads\\\/2024\\\/07\\\/1589271373_120520_1-5.jpg\",\"width\":315,\"height\":230},{\"@type\":\"BreadcrumbList\",\"@id\":\"https:\\\/\\\/kt.gov.rs\\\/sq\\\/konkurs-per-nxenesit-familja-ime-liria-ime-afati-15-maj-2020\\\/#breadcrumb\",\"itemListElement\":[{\"@type\":\"ListItem\",\"position\":1,\"name\":\"\u041f\u043e\u0447\u0435\u0442\u043d\u0430\",\"item\":\"https:\\\/\\\/kt.gov.rs\\\/sq\\\/\"},{\"@type\":\"ListItem\",\"position\":2,\"name\":\"KONKURS P\u00cbR NX\u00cbN\u00cbSIT-\u201cFAMILJA IME \u2013 LIRIA IME\u201d(AFATI:15 MAJ 2020)\"}]},{\"@type\":\"WebSite\",\"@id\":\"https:\\\/\\\/kt.gov.rs\\\/#website\",\"url\":\"https:\\\/\\\/kt.gov.rs\\\/\",\"name\":\"\u041a\u043e\u043e\u0440\u0434\u0438\u043d\u0430\u0446\u0438\u043e\u043d\u043e \u0442\u0435\u043b\u043e \u0412\u043b\u0430\u0434\u0435 \u0420\u0435\u043f\u0443\u0431\u043b\u0438\u043a\u0435 \u0421\u0440\u0431\u0438\u0458\u0435 \u0437\u0430 \u043e\u043f\u0448\u0442\u0438\u043d\u0435 \u041f\u0440\u0435\u0448\u0435\u0432\u043e, \u0411\u0443\u0458\u0430\u043d\u043e\u0432\u0430\u0446 \u0438 \u041c\u0435\u0434\u0432\u0435\u0452a\",\"description\":\"\",\"publisher\":{\"@id\":\"https:\\\/\\\/kt.gov.rs\\\/#organization\"},\"alternateName\":\"\u041a\u043e\u043e\u0440\u0434\u0438\u043d\u0430\u0446\u0438\u043e\u043d\u043e \u0442\u0435\u043b\u043e\",\"potentialAction\":[{\"@type\":\"SearchAction\",\"target\":{\"@type\":\"EntryPoint\",\"urlTemplate\":\"https:\\\/\\\/kt.gov.rs\\\/?s={search_term_string}\"},\"query-input\":{\"@type\":\"PropertyValueSpecification\",\"valueRequired\":true,\"valueName\":\"search_term_string\"}}],\"inLanguage\":\"sq-AL\"},{\"@type\":\"Organization\",\"@id\":\"https:\\\/\\\/kt.gov.rs\\\/#organization\",\"name\":\"\u041a\u043e\u043e\u0440\u0434\u0438\u043d\u0430\u0446\u0438\u043e\u043d\u043e \u0442\u0435\u043b\u043e \u0412\u043b\u0430\u0434\u0435 \u0420\u0435\u043f\u0443\u0431\u043b\u0438\u043a\u0435 \u0421\u0440\u0431\u0438\u0458\u0435 \u0437\u0430 \u043e\u043f\u0448\u0442\u0438\u043d\u0435 \u041f\u0440\u0435\u0448\u0435\u0432\u043e, \u0411\u0443\u0458\u0430\u043d\u043e\u0432\u0430\u0446 \u0438 \u041c\u0435\u0434\u0432\u0435\u0452a\",\"alternateName\":\"\u041a\u043e\u043e\u0440\u0434\u0438\u043d\u0430\u0446\u0438\u043e\u043d\u043e \u0442\u0435\u043b\u043e\",\"url\":\"https:\\\/\\\/kt.gov.rs\\\/\",\"logo\":{\"@type\":\"ImageObject\",\"inLanguage\":\"sq-AL\",\"@id\":\"https:\\\/\\\/kt.gov.rs\\\/#\\\/schema\\\/logo\\\/image\\\/\",\"url\":\"https:\\\/\\\/kt.gov.rs\\\/wp-content\\\/uploads\\\/2024\\\/12\\\/koord2.jpg\",\"contentUrl\":\"https:\\\/\\\/kt.gov.rs\\\/wp-content\\\/uploads\\\/2024\\\/12\\\/koord2.jpg\",\"width\":640,\"height\":480,\"caption\":\"\u041a\u043e\u043e\u0440\u0434\u0438\u043d\u0430\u0446\u0438\u043e\u043d\u043e \u0442\u0435\u043b\u043e \u0412\u043b\u0430\u0434\u0435 \u0420\u0435\u043f\u0443\u0431\u043b\u0438\u043a\u0435 \u0421\u0440\u0431\u0438\u0458\u0435 \u0437\u0430 \u043e\u043f\u0448\u0442\u0438\u043d\u0435 \u041f\u0440\u0435\u0448\u0435\u0432\u043e, \u0411\u0443\u0458\u0430\u043d\u043e\u0432\u0430\u0446 \u0438 \u041c\u0435\u0434\u0432\u0435\u0452a\"},\"image\":{\"@id\":\"https:\\\/\\\/kt.gov.rs\\\/#\\\/schema\\\/logo\\\/image\\\/\"},\"sameAs\":[\"https:\\\/\\\/www.facebook.com\\\/SluzbaKoordinacionogTelaVladeRepublikeSrbije\",\"https:\\\/\\\/x.com\\\/kt_gov\",\"https:\\\/\\\/www.youtube.com\\\/@koordinacionotelo\"]},{\"@type\":\"Person\",\"@id\":\"https:\\\/\\\/kt.gov.rs\\\/#\\\/schema\\\/person\\\/e426459ddb4173309103390602694571\",\"name\":\"ktmin\",\"image\":{\"@type\":\"ImageObject\",\"inLanguage\":\"sq-AL\",\"@id\":\"https:\\\/\\\/secure.gravatar.com\\\/avatar\\\/3985c961109853010c3fbc7ba30365bfba5db3dd6c525831d9c595c7525a615a?s=96&d=mm&r=g\",\"url\":\"https:\\\/\\\/secure.gravatar.com\\\/avatar\\\/3985c961109853010c3fbc7ba30365bfba5db3dd6c525831d9c595c7525a615a?s=96&d=mm&r=g\",\"contentUrl\":\"https:\\\/\\\/secure.gravatar.com\\\/avatar\\\/3985c961109853010c3fbc7ba30365bfba5db3dd6c525831d9c595c7525a615a?s=96&d=mm&r=g\",\"caption\":\"ktmin\"},\"sameAs\":[\"https:\\\/\\\/kt.gov.rs\"],\"url\":\"https:\\\/\\\/kt.gov.rs\\\/sq\\\/author\\\/ktmin\\\/\"}]}<\/script>\n<!-- \/ Yoast SEO plugin. -->","yoast_head_json":{"title":"KONKURS P\u00cbR NX\u00cbN\u00cbSIT-\"FAMILJA IME - LIRIA IME\"(AFATI:15 MAJ 2020) - Republika e S\u00ebrbis\u00eb Trupi Koordinues p\u00ebr komunat Bujanoc, Preshev\u00eb dhe Medvegj\u00eb","robots":{"index":"index","follow":"follow","max-snippet":"max-snippet:-1","max-image-preview":"max-image-preview:large","max-video-preview":"max-video-preview:-1"},"canonical":"https:\/\/kt.gov.rs\/sq\/konkurs-per-nxenesit-familja-ime-liria-ime-afati-15-maj-2020\/","og_locale":"sq_AL","og_type":"article","og_title":"KONKURS P\u00cbR NX\u00cbN\u00cbSIT-\"FAMILJA IME - LIRIA IME\"(AFATI:15 MAJ 2020) - Republika e S\u00ebrbis\u00eb Trupi Koordinues p\u00ebr komunat Bujanoc, Preshev\u00eb dhe Medvegj\u00eb","og_description":"Ministria e Arsimit, Shkenc\u00ebs dhe Zhvillimit Teknologjik ka shpallur konkurs p\u00ebr nx\u00ebn\u00ebsit e shkollave fillore dhe t\u00eb mesme me tem\u00ebn &quot;Familja ime - liria ime&quot;. T\u00eb gjith\u00eb nx\u00ebn\u00ebsit e shkollave fillore dhe t\u00eb mesme mund t\u00eb marrin pjes\u00eb n\u00eb k\u00ebt\u00eb konkurs si dhe nx\u00ebn\u00ebsit q\u00eb vijojn\u00eb m\u00ebsimet sipas nj\u00eb programi t\u00eb ve\u00e7ant\u00eb t\u00eb pun\u00ebs arsimore n\u00eb gjuh\u00ebn serbe n\u00eb shkollat \u200b\u200bplot\u00ebsuese jasht\u00eb vendit.","og_url":"https:\/\/kt.gov.rs\/sq\/konkurs-per-nxenesit-familja-ime-liria-ime-afati-15-maj-2020\/","og_site_name":"Republika e S\u00ebrbis\u00eb Trupi Koordinues p\u00ebr komunat Bujanoc, Preshev\u00eb dhe Medvegj\u00eb","article_publisher":"https:\/\/www.facebook.com\/SluzbaKoordinacionogTelaVladeRepublikeSrbije","article_published_time":"2020-05-12T00:00:00+00:00","article_modified_time":"2024-07-30T18:04:38+00:00","og_image":[{"width":315,"height":230,"url":"https:\/\/kt.gov.rs\/wp-content\/uploads\/2024\/07\/1589271373_120520_1-5.jpg","type":"image\/jpeg"}],"author":"ktmin","twitter_card":"summary_large_image","twitter_creator":"@kt_gov","twitter_site":"@kt_gov","twitter_misc":{"Written by":"ktmin","Est. reading time":"1 minute"},"schema":{"@context":"https:\/\/schema.org","@graph":[{"@type":"Article","@id":"https:\/\/kt.gov.rs\/sq\/konkurs-per-nxenesit-familja-ime-liria-ime-afati-15-maj-2020\/#article","isPartOf":{"@id":"https:\/\/kt.gov.rs\/sq\/konkurs-per-nxenesit-familja-ime-liria-ime-afati-15-maj-2020\/"},"author":{"name":"ktmin","@id":"https:\/\/kt.gov.rs\/#\/schema\/person\/e426459ddb4173309103390602694571"},"headline":"KONKURS P\u00cbR NX\u00cbN\u00cbSIT-\u201cFAMILJA IME \u2013 LIRIA IME\u201d(AFATI:15 MAJ 2020)","datePublished":"2020-05-12T00:00:00+00:00","dateModified":"2024-07-30T18:04:38+00:00","mainEntityOfPage":{"@id":"https:\/\/kt.gov.rs\/sq\/konkurs-per-nxenesit-familja-ime-liria-ime-afati-15-maj-2020\/"},"wordCount":261,"publisher":{"@id":"https:\/\/kt.gov.rs\/#organization"},"image":{"@id":"https:\/\/kt.gov.rs\/sq\/konkurs-per-nxenesit-familja-ime-liria-ime-afati-15-maj-2020\/#primaryimage"},"thumbnailUrl":"https:\/\/kt.gov.rs\/wp-content\/uploads\/2024\/07\/1589271373_120520_1-5.jpg","articleSection":["Lajme"],"inLanguage":"sq-AL"},{"@type":"WebPage","@id":"https:\/\/kt.gov.rs\/sq\/konkurs-per-nxenesit-familja-ime-liria-ime-afati-15-maj-2020\/","url":"https:\/\/kt.gov.rs\/sq\/konkurs-per-nxenesit-familja-ime-liria-ime-afati-15-maj-2020\/","name":"KONKURS P\u00cbR NX\u00cbN\u00cbSIT-\"FAMILJA IME - LIRIA IME\"(AFATI:15 MAJ 2020) - Republika e S\u00ebrbis\u00eb Trupi Koordinues p\u00ebr komunat Bujanoc, Preshev\u00eb dhe Medvegj\u00eb","isPartOf":{"@id":"https:\/\/kt.gov.rs\/#website"},"primaryImageOfPage":{"@id":"https:\/\/kt.gov.rs\/sq\/konkurs-per-nxenesit-familja-ime-liria-ime-afati-15-maj-2020\/#primaryimage"},"image":{"@id":"https:\/\/kt.gov.rs\/sq\/konkurs-per-nxenesit-familja-ime-liria-ime-afati-15-maj-2020\/#primaryimage"},"thumbnailUrl":"https:\/\/kt.gov.rs\/wp-content\/uploads\/2024\/07\/1589271373_120520_1-5.jpg","datePublished":"2020-05-12T00:00:00+00:00","dateModified":"2024-07-30T18:04:38+00:00","breadcrumb":{"@id":"https:\/\/kt.gov.rs\/sq\/konkurs-per-nxenesit-familja-ime-liria-ime-afati-15-maj-2020\/#breadcrumb"},"inLanguage":"sq-AL","potentialAction":[{"@type":"ReadAction","target":["https:\/\/kt.gov.rs\/sq\/konkurs-per-nxenesit-familja-ime-liria-ime-afati-15-maj-2020\/"]}]},{"@type":"ImageObject","inLanguage":"sq-AL","@id":"https:\/\/kt.gov.rs\/sq\/konkurs-per-nxenesit-familja-ime-liria-ime-afati-15-maj-2020\/#primaryimage","url":"https:\/\/kt.gov.rs\/wp-content\/uploads\/2024\/07\/1589271373_120520_1-5.jpg","contentUrl":"https:\/\/kt.gov.rs\/wp-content\/uploads\/2024\/07\/1589271373_120520_1-5.jpg","width":315,"height":230},{"@type":"BreadcrumbList","@id":"https:\/\/kt.gov.rs\/sq\/konkurs-per-nxenesit-familja-ime-liria-ime-afati-15-maj-2020\/#breadcrumb","itemListElement":[{"@type":"ListItem","position":1,"name":"\u041f\u043e\u0447\u0435\u0442\u043d\u0430","item":"https:\/\/kt.gov.rs\/sq\/"},{"@type":"ListItem","position":2,"name":"KONKURS P\u00cbR NX\u00cbN\u00cbSIT-\u201cFAMILJA IME \u2013 LIRIA IME\u201d(AFATI:15 MAJ 2020)"}]},{"@type":"WebSite","@id":"https:\/\/kt.gov.rs\/#website","url":"https:\/\/kt.gov.rs\/","name":"\u041a\u043e\u043e\u0440\u0434\u0438\u043d\u0430\u0446\u0438\u043e\u043d\u043e \u0442\u0435\u043b\u043e \u0412\u043b\u0430\u0434\u0435 \u0420\u0435\u043f\u0443\u0431\u043b\u0438\u043a\u0435 \u0421\u0440\u0431\u0438\u0458\u0435 \u0437\u0430 \u043e\u043f\u0448\u0442\u0438\u043d\u0435 \u041f\u0440\u0435\u0448\u0435\u0432\u043e, \u0411\u0443\u0458\u0430\u043d\u043e\u0432\u0430\u0446 \u0438 \u041c\u0435\u0434\u0432\u0435\u0452a","description":"","publisher":{"@id":"https:\/\/kt.gov.rs\/#organization"},"alternateName":"\u041a\u043e\u043e\u0440\u0434\u0438\u043d\u0430\u0446\u0438\u043e\u043d\u043e \u0442\u0435\u043b\u043e","potentialAction":[{"@type":"SearchAction","target":{"@type":"EntryPoint","urlTemplate":"https:\/\/kt.gov.rs\/?s={search_term_string}"},"query-input":{"@type":"PropertyValueSpecification","valueRequired":true,"valueName":"search_term_string"}}],"inLanguage":"sq-AL"},{"@type":"Organization","@id":"https:\/\/kt.gov.rs\/#organization","name":"\u041a\u043e\u043e\u0440\u0434\u0438\u043d\u0430\u0446\u0438\u043e\u043d\u043e \u0442\u0435\u043b\u043e \u0412\u043b\u0430\u0434\u0435 \u0420\u0435\u043f\u0443\u0431\u043b\u0438\u043a\u0435 \u0421\u0440\u0431\u0438\u0458\u0435 \u0437\u0430 \u043e\u043f\u0448\u0442\u0438\u043d\u0435 \u041f\u0440\u0435\u0448\u0435\u0432\u043e, \u0411\u0443\u0458\u0430\u043d\u043e\u0432\u0430\u0446 \u0438 \u041c\u0435\u0434\u0432\u0435\u0452a","alternateName":"\u041a\u043e\u043e\u0440\u0434\u0438\u043d\u0430\u0446\u0438\u043e\u043d\u043e \u0442\u0435\u043b\u043e","url":"https:\/\/kt.gov.rs\/","logo":{"@type":"ImageObject","inLanguage":"sq-AL","@id":"https:\/\/kt.gov.rs\/#\/schema\/logo\/image\/","url":"https:\/\/kt.gov.rs\/wp-content\/uploads\/2024\/12\/koord2.jpg","contentUrl":"https:\/\/kt.gov.rs\/wp-content\/uploads\/2024\/12\/koord2.jpg","width":640,"height":480,"caption":"\u041a\u043e\u043e\u0440\u0434\u0438\u043d\u0430\u0446\u0438\u043e\u043d\u043e \u0442\u0435\u043b\u043e \u0412\u043b\u0430\u0434\u0435 \u0420\u0435\u043f\u0443\u0431\u043b\u0438\u043a\u0435 \u0421\u0440\u0431\u0438\u0458\u0435 \u0437\u0430 \u043e\u043f\u0448\u0442\u0438\u043d\u0435 \u041f\u0440\u0435\u0448\u0435\u0432\u043e, \u0411\u0443\u0458\u0430\u043d\u043e\u0432\u0430\u0446 \u0438 \u041c\u0435\u0434\u0432\u0435\u0452a"},"image":{"@id":"https:\/\/kt.gov.rs\/#\/schema\/logo\/image\/"},"sameAs":["https:\/\/www.facebook.com\/SluzbaKoordinacionogTelaVladeRepublikeSrbije","https:\/\/x.com\/kt_gov","https:\/\/www.youtube.com\/@koordinacionotelo"]},{"@type":"Person","@id":"https:\/\/kt.gov.rs\/#\/schema\/person\/e426459ddb4173309103390602694571","name":"ktmin","image":{"@type":"ImageObject","inLanguage":"sq-AL","@id":"https:\/\/secure.gravatar.com\/avatar\/3985c961109853010c3fbc7ba30365bfba5db3dd6c525831d9c595c7525a615a?s=96&d=mm&r=g","url":"https:\/\/secure.gravatar.com\/avatar\/3985c961109853010c3fbc7ba30365bfba5db3dd6c525831d9c595c7525a615a?s=96&d=mm&r=g","contentUrl":"https:\/\/secure.gravatar.com\/avatar\/3985c961109853010c3fbc7ba30365bfba5db3dd6c525831d9c595c7525a615a?s=96&d=mm&r=g","caption":"ktmin"},"sameAs":["https:\/\/kt.gov.rs"],"url":"https:\/\/kt.gov.rs\/sq\/author\/ktmin\/"}]}},"_links":{"self":[{"href":"https:\/\/kt.gov.rs\/sq\/wp-json\/wp\/v2\/posts\/112546","targetHints":{"allow":["GET"]}}],"collection":[{"href":"https:\/\/kt.gov.rs\/sq\/wp-json\/wp\/v2\/posts"}],"about":[{"href":"https:\/\/kt.gov.rs\/sq\/wp-json\/wp\/v2\/types\/post"}],"author":[{"embeddable":true,"href":"https:\/\/kt.gov.rs\/sq\/wp-json\/wp\/v2\/users\/1"}],"replies":[{"embeddable":true,"href":"https:\/\/kt.gov.rs\/sq\/wp-json\/wp\/v2\/comments?post=112546"}],"version-history":[{"count":1,"href":"https:\/\/kt.gov.rs\/sq\/wp-json\/wp\/v2\/posts\/112546\/revisions"}],"predecessor-version":[{"id":112550,"href":"https:\/\/kt.gov.rs\/sq\/wp-json\/wp\/v2\/posts\/112546\/revisions\/112550"}],"wp:featuredmedia":[{"embeddable":true,"href":"https:\/\/kt.gov.rs\/sq\/wp-json\/wp\/v2\/media\/112551"}],"wp:attachment":[{"href":"https:\/\/kt.gov.rs\/sq\/wp-json\/wp\/v2\/media?parent=112546"}],"wp:term":[{"taxonomy":"category","embeddable":true,"href":"https:\/\/kt.gov.rs\/sq\/wp-json\/wp\/v2\/categories?post=112546"},{"taxonomy":"post_tag","embeddable":true,"href":"https:\/\/kt.gov.rs\/sq\/wp-json\/wp\/v2\/tags?post=112546"}],"curies":[{"name":"wp","href":"https:\/\/api.w.org\/{rel}","templated":true}]}}