{"id":112538,"date":"2020-05-12T00:00:00","date_gmt":"2020-05-12T00:00:00","guid":{"rendered":"http:\/\/kt.printandscreen.rs\/ministria-e-puneve-te-jashtme-e-republikes-se-bullgarise-konsullata-e-pergjithshme-e-republikes-se-bullgarise-ne-nish-thirrje-per-dorezimin-e-propozim-projekteve-per-dhenien-e-granteve-afati-10-korrik\/"},"modified":"2024-07-30T18:04:37","modified_gmt":"2024-07-30T18:04:37","slug":"ministria-e-puneve-te-jashtme-e-republikes-se-bullgarise-konsullata-e-pergjithshme-e-republikes-se-bullgarise-ne-nish-thirrje-per-dorezimin-e-propozim-projekteve-per-dhenien-e-granteve-afati-10-korrik","status":"publish","type":"post","link":"https:\/\/kt.gov.rs\/sq\/ministria-e-puneve-te-jashtme-e-republikes-se-bullgarise-konsullata-e-pergjithshme-e-republikes-se-bullgarise-ne-nish-thirrje-per-dorezimin-e-propozim-projekteve-per-dhenien-e-granteve-afati-10-korrik\/","title":{"rendered":"MINISTRIA E PUN\u00cbVE T\u00cb JASHTME E REPUBLIK\u00cbS S\u00cb BULLGARIS\u00cb- KONSULLATA E P\u00cbRGJITHSHME E REPUBLIK\u00cbS S\u00cb BULLGARIS\u00cb N\u00cb NISH: THIRRJE  P\u00cbR DOR\u00cbZIMIN E PROPOZIM PROJEKTEVE P\u00cbR  DH\u00cbNIEN E GRANTEVE (AFATI: 10 KORRIK 2020)"},"content":{"rendered":"<p>\n\t<img decoding=\"async\" alt=\"\" src=\"https:\/\/kt.gov.rs\/wp-content\/uploads\/2024\/07\/1589271416_120520_2-4.jpg\" style=\"width: 315px; height: 230px; float: left;\" \/><\/p>\n<p>\n\tMinistria e Pun\u00ebve t\u00eb Jashtme e Republik\u00ebs s\u00eb Bullgaris\u00eb, p\u00ebrmes Konsullat\u00ebs s\u00eb P\u00ebrgjithshme t\u00eb Republik\u00ebs s\u00eb Bullgaris\u00eb n\u00eb Nish, shpall nj\u00eb thirrje p\u00ebr projekt propozime q\u00eb do t\u00eb zbatohen me nj\u00eb grant p\u00ebrmes ndihm\u00ebs zyrtare t\u00eb zhvillimit t\u00eb Republik\u00ebs s\u00eb Bullgaris\u00eb, duke filluar nga viti 2021.<\/p>\n<p>\n\tQ\u00ebllimet e projektit jan\u00eb:<\/p>\n<p>\n\t\u2013 Sigurimi i mb\u00ebshtetjes n\u00eb proceset e reformave demokratike, mbrojtjen e t\u00eb drejtave t\u00eb njeriut dhe t\u00eb pakicave, forcimin e sundimit t\u00eb ligjit, shoq\u00ebris\u00eb civile, ekonomin\u00eb e tregut, etj. n\u00eb kontekstin e integrimit evropian;<\/p>\n<p>\n\t\u2013 Inkurajimi dhe mb\u00ebshtetja e ngritjes s\u00eb aft\u00ebsive administrative t\u00eb Republik\u00ebs s\u00eb Serbis\u00eb p\u00ebr t\u00eb arritur procese demokratike t\u00eb reform\u00ebs dhe \u00a0respektimit t\u00eb t\u00eb drejtave t\u00eb njeriut dhe t\u00eb pakicave, ve\u00e7an\u00ebrisht n\u00eb lidhje me institucionet q\u00eb aktualisht nuk kan\u00eb p\u00ebrvoj\u00eb dhe aft\u00ebsi t\u00eb mjaftueshme p\u00ebr funksione dhe aktivitete p\u00ebrkat\u00ebse;<\/p>\n<p>\n\t-Mb\u00ebshtetje p\u00ebr lirin\u00eb e shprehjes dhe media duke promovuar gazetari t\u00eb pavarur dhe cil\u00ebsore.<\/p>\n<p>\n\tShuma minimale e grantit \u00ebsht\u00eb deri n\u00eb 2.500 EUR.<\/p>\n<p>\n\tShuma maksimale e grantit \u00ebsht\u00eb deri n\u00eb 135,000 EUR.<\/p>\n<p>\n\tAfati i fundit p\u00ebr t\u00eb aplikuar n\u00eb konkurs \u00ebsht\u00eb 10 korriku 2020.<\/p>\n<p>\n\tInformacione shtes\u00eb mbi kushtet e konkursit jan\u00eb n\u00eb dispozicion n\u00eb <a href=\"https:\/\/www.mfa.bg\/en\/embassies\/serbiagc\/news\/25167\">https:\/\/www.mfa.bg\/en\/embassies\/serbiagc\/news\/25167<\/a><\/p>\n<p>\n\t<strong>Burimi: Ambasada e Republik\u00ebs s\u00eb Bullgaris\u00eb <\/strong>n\u00eb Serbi<strong> dhe Trupi Koordinues<\/strong><\/p>\n<p>\n\t\u00a0<\/p>\n","protected":false},"excerpt":{"rendered":"<p>Ministria e Pun\u00ebve t\u00eb Jashtme e Republik\u00ebs s\u00eb Bullgaris\u00eb, p\u00ebrmes Konsullat\u00ebs s\u00eb P\u00ebrgjithshme t\u00eb Republik\u00ebs s\u00eb Bullgaris\u00eb n\u00eb Nish, shpall nj\u00eb thirrje p\u00ebr projekt propozime q\u00eb do t\u00eb zbatohen me nj\u00eb grant p\u00ebrmes\u2026<\/p>\n","protected":false},"author":1,"featured_media":112543,"comment_status":"closed","ping_status":"closed","sticky":false,"template":"","format":"standard","meta":{"footnotes":""},"categories":[55],"tags":[],"class_list":["post-112538","post","type-post","status-publish","format-standard","has-post-thumbnail","hentry","category-lajme"],"yoast_head":"<!-- This site is optimized with the Yoast SEO plugin v27.5 - https:\/\/yoast.com\/product\/yoast-seo-wordpress\/ -->\n<title>MINISTRIA E PUN\u00cbVE T\u00cb JASHTME E REPUBLIK\u00cbS S\u00cb BULLGARIS\u00cb- KONSULLATA E P\u00cbRGJITHSHME E REPUBLIK\u00cbS S\u00cb BULLGARIS\u00cb N\u00cb NISH: THIRRJE P\u00cbR DOR\u00cbZIMIN E PROPOZIM PROJEKTEVE P\u00cbR DH\u00cbNIEN E GRANTEVE (AFATI: 10 KORRIK 2020) - Republika e S\u00ebrbis\u00eb Trupi Koordinues p\u00ebr komunat Bujanoc, Preshev\u00eb dhe Medvegj\u00eb<\/title>\n<meta name=\"robots\" content=\"index, follow, max-snippet:-1, max-image-preview:large, max-video-preview:-1\" \/>\n<link rel=\"canonical\" href=\"https:\/\/kt.gov.rs\/sq\/ministria-e-puneve-te-jashtme-e-republikes-se-bullgarise-konsullata-e-pergjithshme-e-republikes-se-bullgarise-ne-nish-thirrje-per-dorezimin-e-propozim-projekteve-per-dhenien-e-granteve-afati-10-korrik\/\" \/>\n<meta property=\"og:locale\" content=\"sq_AL\" \/>\n<meta property=\"og:type\" content=\"article\" \/>\n<meta property=\"og:title\" content=\"MINISTRIA E PUN\u00cbVE T\u00cb JASHTME E REPUBLIK\u00cbS S\u00cb BULLGARIS\u00cb- KONSULLATA E P\u00cbRGJITHSHME E REPUBLIK\u00cbS S\u00cb BULLGARIS\u00cb N\u00cb NISH: THIRRJE P\u00cbR DOR\u00cbZIMIN E PROPOZIM PROJEKTEVE P\u00cbR DH\u00cbNIEN E GRANTEVE (AFATI: 10 KORRIK 2020) - Republika e S\u00ebrbis\u00eb Trupi Koordinues p\u00ebr komunat Bujanoc, Preshev\u00eb dhe Medvegj\u00eb\" \/>\n<meta property=\"og:description\" content=\"Ministria e Pun\u00ebve t\u00eb Jashtme e Republik\u00ebs s\u00eb Bullgaris\u00eb, p\u00ebrmes Konsullat\u00ebs s\u00eb P\u00ebrgjithshme t\u00eb Republik\u00ebs s\u00eb Bullgaris\u00eb n\u00eb Nish, shpall nj\u00eb thirrje p\u00ebr projekt propozime q\u00eb do t\u00eb zbatohen me nj\u00eb grant p\u00ebrmes...\" \/>\n<meta property=\"og:url\" content=\"https:\/\/kt.gov.rs\/sq\/ministria-e-puneve-te-jashtme-e-republikes-se-bullgarise-konsullata-e-pergjithshme-e-republikes-se-bullgarise-ne-nish-thirrje-per-dorezimin-e-propozim-projekteve-per-dhenien-e-granteve-afati-10-korrik\/\" \/>\n<meta property=\"og:site_name\" content=\"Republika e S\u00ebrbis\u00eb Trupi Koordinues p\u00ebr komunat Bujanoc, Preshev\u00eb dhe Medvegj\u00eb\" \/>\n<meta property=\"article:publisher\" content=\"https:\/\/www.facebook.com\/SluzbaKoordinacionogTelaVladeRepublikeSrbije\" \/>\n<meta property=\"article:published_time\" content=\"2020-05-12T00:00:00+00:00\" \/>\n<meta property=\"article:modified_time\" content=\"2024-07-30T18:04:37+00:00\" \/>\n<meta property=\"og:image\" content=\"https:\/\/kt.gov.rs\/wp-content\/uploads\/2024\/07\/1589271416_120520_2-5.jpg\" \/>\n\t<meta property=\"og:image:width\" content=\"315\" \/>\n\t<meta property=\"og:image:height\" content=\"230\" \/>\n\t<meta property=\"og:image:type\" content=\"image\/jpeg\" \/>\n<meta name=\"author\" content=\"ktmin\" \/>\n<meta name=\"twitter:card\" content=\"summary_large_image\" \/>\n<meta name=\"twitter:creator\" content=\"@kt_gov\" \/>\n<meta name=\"twitter:site\" content=\"@kt_gov\" \/>\n<meta name=\"twitter:label1\" content=\"Written by\" \/>\n\t<meta name=\"twitter:data1\" content=\"ktmin\" \/>\n\t<meta name=\"twitter:label2\" content=\"Est. reading time\" \/>\n\t<meta name=\"twitter:data2\" content=\"2 minutes\" \/>\n<script type=\"application\/ld+json\" class=\"yoast-schema-graph\">{\"@context\":\"https:\\\/\\\/schema.org\",\"@graph\":[{\"@type\":\"Article\",\"@id\":\"https:\\\/\\\/kt.gov.rs\\\/sq\\\/ministria-e-puneve-te-jashtme-e-republikes-se-bullgarise-konsullata-e-pergjithshme-e-republikes-se-bullgarise-ne-nish-thirrje-per-dorezimin-e-propozim-projekteve-per-dhenien-e-granteve-afati-10-korrik\\\/#article\",\"isPartOf\":{\"@id\":\"https:\\\/\\\/kt.gov.rs\\\/sq\\\/ministria-e-puneve-te-jashtme-e-republikes-se-bullgarise-konsullata-e-pergjithshme-e-republikes-se-bullgarise-ne-nish-thirrje-per-dorezimin-e-propozim-projekteve-per-dhenien-e-granteve-afati-10-korrik\\\/\"},\"author\":{\"name\":\"ktmin\",\"@id\":\"https:\\\/\\\/kt.gov.rs\\\/#\\\/schema\\\/person\\\/e426459ddb4173309103390602694571\"},\"headline\":\"MINISTRIA E PUN\u00cbVE T\u00cb JASHTME E REPUBLIK\u00cbS S\u00cb BULLGARIS\u00cb- KONSULLATA E P\u00cbRGJITHSHME E REPUBLIK\u00cbS S\u00cb BULLGARIS\u00cb N\u00cb NISH: THIRRJE P\u00cbR DOR\u00cbZIMIN E PROPOZIM PROJEKTEVE P\u00cbR DH\u00cbNIEN E GRANTEVE (AFATI: 10 KORRIK 2020)\",\"datePublished\":\"2020-05-12T00:00:00+00:00\",\"dateModified\":\"2024-07-30T18:04:37+00:00\",\"mainEntityOfPage\":{\"@id\":\"https:\\\/\\\/kt.gov.rs\\\/sq\\\/ministria-e-puneve-te-jashtme-e-republikes-se-bullgarise-konsullata-e-pergjithshme-e-republikes-se-bullgarise-ne-nish-thirrje-per-dorezimin-e-propozim-projekteve-per-dhenien-e-granteve-afati-10-korrik\\\/\"},\"wordCount\":361,\"publisher\":{\"@id\":\"https:\\\/\\\/kt.gov.rs\\\/#organization\"},\"image\":{\"@id\":\"https:\\\/\\\/kt.gov.rs\\\/sq\\\/ministria-e-puneve-te-jashtme-e-republikes-se-bullgarise-konsullata-e-pergjithshme-e-republikes-se-bullgarise-ne-nish-thirrje-per-dorezimin-e-propozim-projekteve-per-dhenien-e-granteve-afati-10-korrik\\\/#primaryimage\"},\"thumbnailUrl\":\"https:\\\/\\\/kt.gov.rs\\\/wp-content\\\/uploads\\\/2024\\\/07\\\/1589271416_120520_2-5.jpg\",\"articleSection\":[\"Lajme\"],\"inLanguage\":\"sq-AL\"},{\"@type\":\"WebPage\",\"@id\":\"https:\\\/\\\/kt.gov.rs\\\/sq\\\/ministria-e-puneve-te-jashtme-e-republikes-se-bullgarise-konsullata-e-pergjithshme-e-republikes-se-bullgarise-ne-nish-thirrje-per-dorezimin-e-propozim-projekteve-per-dhenien-e-granteve-afati-10-korrik\\\/\",\"url\":\"https:\\\/\\\/kt.gov.rs\\\/sq\\\/ministria-e-puneve-te-jashtme-e-republikes-se-bullgarise-konsullata-e-pergjithshme-e-republikes-se-bullgarise-ne-nish-thirrje-per-dorezimin-e-propozim-projekteve-per-dhenien-e-granteve-afati-10-korrik\\\/\",\"name\":\"MINISTRIA E PUN\u00cbVE T\u00cb JASHTME E REPUBLIK\u00cbS S\u00cb BULLGARIS\u00cb- KONSULLATA E P\u00cbRGJITHSHME E REPUBLIK\u00cbS S\u00cb BULLGARIS\u00cb N\u00cb NISH: THIRRJE P\u00cbR DOR\u00cbZIMIN E PROPOZIM PROJEKTEVE P\u00cbR DH\u00cbNIEN E GRANTEVE (AFATI: 10 KORRIK 2020) - Republika e S\u00ebrbis\u00eb Trupi Koordinues p\u00ebr komunat Bujanoc, Preshev\u00eb dhe Medvegj\u00eb\",\"isPartOf\":{\"@id\":\"https:\\\/\\\/kt.gov.rs\\\/#website\"},\"primaryImageOfPage\":{\"@id\":\"https:\\\/\\\/kt.gov.rs\\\/sq\\\/ministria-e-puneve-te-jashtme-e-republikes-se-bullgarise-konsullata-e-pergjithshme-e-republikes-se-bullgarise-ne-nish-thirrje-per-dorezimin-e-propozim-projekteve-per-dhenien-e-granteve-afati-10-korrik\\\/#primaryimage\"},\"image\":{\"@id\":\"https:\\\/\\\/kt.gov.rs\\\/sq\\\/ministria-e-puneve-te-jashtme-e-republikes-se-bullgarise-konsullata-e-pergjithshme-e-republikes-se-bullgarise-ne-nish-thirrje-per-dorezimin-e-propozim-projekteve-per-dhenien-e-granteve-afati-10-korrik\\\/#primaryimage\"},\"thumbnailUrl\":\"https:\\\/\\\/kt.gov.rs\\\/wp-content\\\/uploads\\\/2024\\\/07\\\/1589271416_120520_2-5.jpg\",\"datePublished\":\"2020-05-12T00:00:00+00:00\",\"dateModified\":\"2024-07-30T18:04:37+00:00\",\"breadcrumb\":{\"@id\":\"https:\\\/\\\/kt.gov.rs\\\/sq\\\/ministria-e-puneve-te-jashtme-e-republikes-se-bullgarise-konsullata-e-pergjithshme-e-republikes-se-bullgarise-ne-nish-thirrje-per-dorezimin-e-propozim-projekteve-per-dhenien-e-granteve-afati-10-korrik\\\/#breadcrumb\"},\"inLanguage\":\"sq-AL\",\"potentialAction\":[{\"@type\":\"ReadAction\",\"target\":[\"https:\\\/\\\/kt.gov.rs\\\/sq\\\/ministria-e-puneve-te-jashtme-e-republikes-se-bullgarise-konsullata-e-pergjithshme-e-republikes-se-bullgarise-ne-nish-thirrje-per-dorezimin-e-propozim-projekteve-per-dhenien-e-granteve-afati-10-korrik\\\/\"]}]},{\"@type\":\"ImageObject\",\"inLanguage\":\"sq-AL\",\"@id\":\"https:\\\/\\\/kt.gov.rs\\\/sq\\\/ministria-e-puneve-te-jashtme-e-republikes-se-bullgarise-konsullata-e-pergjithshme-e-republikes-se-bullgarise-ne-nish-thirrje-per-dorezimin-e-propozim-projekteve-per-dhenien-e-granteve-afati-10-korrik\\\/#primaryimage\",\"url\":\"https:\\\/\\\/kt.gov.rs\\\/wp-content\\\/uploads\\\/2024\\\/07\\\/1589271416_120520_2-5.jpg\",\"contentUrl\":\"https:\\\/\\\/kt.gov.rs\\\/wp-content\\\/uploads\\\/2024\\\/07\\\/1589271416_120520_2-5.jpg\",\"width\":315,\"height\":230},{\"@type\":\"BreadcrumbList\",\"@id\":\"https:\\\/\\\/kt.gov.rs\\\/sq\\\/ministria-e-puneve-te-jashtme-e-republikes-se-bullgarise-konsullata-e-pergjithshme-e-republikes-se-bullgarise-ne-nish-thirrje-per-dorezimin-e-propozim-projekteve-per-dhenien-e-granteve-afati-10-korrik\\\/#breadcrumb\",\"itemListElement\":[{\"@type\":\"ListItem\",\"position\":1,\"name\":\"Po\u010detna\",\"item\":\"https:\\\/\\\/kt.gov.rs\\\/sq\\\/\"},{\"@type\":\"ListItem\",\"position\":2,\"name\":\"MINISTRIA E PUN\u00cbVE T\u00cb JASHTME E REPUBLIK\u00cbS S\u00cb BULLGARIS\u00cb- KONSULLATA E P\u00cbRGJITHSHME E REPUBLIK\u00cbS S\u00cb BULLGARIS\u00cb N\u00cb NISH: THIRRJE P\u00cbR DOR\u00cbZIMIN E PROPOZIM PROJEKTEVE P\u00cbR DH\u00cbNIEN E GRANTEVE (AFATI: 10 KORRIK 2020)\"}]},{\"@type\":\"WebSite\",\"@id\":\"https:\\\/\\\/kt.gov.rs\\\/#website\",\"url\":\"https:\\\/\\\/kt.gov.rs\\\/\",\"name\":\"Koordinaciono telo Vlade Republike Srbije za op\u0161tine Pre\u0161evo, Bujanovac i Medve\u0111a\",\"description\":\"\",\"publisher\":{\"@id\":\"https:\\\/\\\/kt.gov.rs\\\/#organization\"},\"alternateName\":\"Koordinaciono telo\",\"potentialAction\":[{\"@type\":\"SearchAction\",\"target\":{\"@type\":\"EntryPoint\",\"urlTemplate\":\"https:\\\/\\\/kt.gov.rs\\\/?s={search_term_string}\"},\"query-input\":{\"@type\":\"PropertyValueSpecification\",\"valueRequired\":true,\"valueName\":\"search_term_string\"}}],\"inLanguage\":\"sq-AL\"},{\"@type\":\"Organization\",\"@id\":\"https:\\\/\\\/kt.gov.rs\\\/#organization\",\"name\":\"Koordinaciono telo Vlade Republike Srbije za op\u0161tine Pre\u0161evo, Bujanovac i Medve\u0111a\",\"alternateName\":\"Koordinaciono telo\",\"url\":\"https:\\\/\\\/kt.gov.rs\\\/\",\"logo\":{\"@type\":\"ImageObject\",\"inLanguage\":\"sq-AL\",\"@id\":\"https:\\\/\\\/kt.gov.rs\\\/#\\\/schema\\\/logo\\\/image\\\/\",\"url\":\"https:\\\/\\\/kt.gov.rs\\\/wp-content\\\/uploads\\\/2024\\\/12\\\/koord2.jpg\",\"contentUrl\":\"https:\\\/\\\/kt.gov.rs\\\/wp-content\\\/uploads\\\/2024\\\/12\\\/koord2.jpg\",\"width\":640,\"height\":480,\"caption\":\"Koordinaciono telo Vlade Republike Srbije za op\u0161tine Pre\u0161evo, Bujanovac i Medve\u0111a\"},\"image\":{\"@id\":\"https:\\\/\\\/kt.gov.rs\\\/#\\\/schema\\\/logo\\\/image\\\/\"},\"sameAs\":[\"https:\\\/\\\/www.facebook.com\\\/SluzbaKoordinacionogTelaVladeRepublikeSrbije\",\"https:\\\/\\\/x.com\\\/kt_gov\",\"https:\\\/\\\/www.youtube.com\\\/@koordinacionotelo\"]},{\"@type\":\"Person\",\"@id\":\"https:\\\/\\\/kt.gov.rs\\\/#\\\/schema\\\/person\\\/e426459ddb4173309103390602694571\",\"name\":\"ktmin\",\"image\":{\"@type\":\"ImageObject\",\"inLanguage\":\"sq-AL\",\"@id\":\"https:\\\/\\\/secure.gravatar.com\\\/avatar\\\/3985c961109853010c3fbc7ba30365bfba5db3dd6c525831d9c595c7525a615a?s=96&d=mm&r=g\",\"url\":\"https:\\\/\\\/secure.gravatar.com\\\/avatar\\\/3985c961109853010c3fbc7ba30365bfba5db3dd6c525831d9c595c7525a615a?s=96&d=mm&r=g\",\"contentUrl\":\"https:\\\/\\\/secure.gravatar.com\\\/avatar\\\/3985c961109853010c3fbc7ba30365bfba5db3dd6c525831d9c595c7525a615a?s=96&d=mm&r=g\",\"caption\":\"ktmin\"},\"sameAs\":[\"https:\\\/\\\/kt.gov.rs\"],\"url\":\"https:\\\/\\\/kt.gov.rs\\\/sq\\\/author\\\/ktmin\\\/\"}]}<\/script>\n<!-- \/ Yoast SEO plugin. -->","yoast_head_json":{"title":"MINISTRIA E PUN\u00cbVE T\u00cb JASHTME E REPUBLIK\u00cbS S\u00cb BULLGARIS\u00cb- KONSULLATA E P\u00cbRGJITHSHME E REPUBLIK\u00cbS S\u00cb BULLGARIS\u00cb N\u00cb NISH: THIRRJE P\u00cbR DOR\u00cbZIMIN E PROPOZIM PROJEKTEVE P\u00cbR DH\u00cbNIEN E GRANTEVE (AFATI: 10 KORRIK 2020) - Republika e S\u00ebrbis\u00eb Trupi Koordinues p\u00ebr komunat Bujanoc, Preshev\u00eb dhe Medvegj\u00eb","robots":{"index":"index","follow":"follow","max-snippet":"max-snippet:-1","max-image-preview":"max-image-preview:large","max-video-preview":"max-video-preview:-1"},"canonical":"https:\/\/kt.gov.rs\/sq\/ministria-e-puneve-te-jashtme-e-republikes-se-bullgarise-konsullata-e-pergjithshme-e-republikes-se-bullgarise-ne-nish-thirrje-per-dorezimin-e-propozim-projekteve-per-dhenien-e-granteve-afati-10-korrik\/","og_locale":"sq_AL","og_type":"article","og_title":"MINISTRIA E PUN\u00cbVE T\u00cb JASHTME E REPUBLIK\u00cbS S\u00cb BULLGARIS\u00cb- KONSULLATA E P\u00cbRGJITHSHME E REPUBLIK\u00cbS S\u00cb BULLGARIS\u00cb N\u00cb NISH: THIRRJE P\u00cbR DOR\u00cbZIMIN E PROPOZIM PROJEKTEVE P\u00cbR DH\u00cbNIEN E GRANTEVE (AFATI: 10 KORRIK 2020) - Republika e S\u00ebrbis\u00eb Trupi Koordinues p\u00ebr komunat Bujanoc, Preshev\u00eb dhe Medvegj\u00eb","og_description":"Ministria e Pun\u00ebve t\u00eb Jashtme e Republik\u00ebs s\u00eb Bullgaris\u00eb, p\u00ebrmes Konsullat\u00ebs s\u00eb P\u00ebrgjithshme t\u00eb Republik\u00ebs s\u00eb Bullgaris\u00eb n\u00eb Nish, shpall nj\u00eb thirrje p\u00ebr projekt propozime q\u00eb do t\u00eb zbatohen me nj\u00eb grant p\u00ebrmes...","og_url":"https:\/\/kt.gov.rs\/sq\/ministria-e-puneve-te-jashtme-e-republikes-se-bullgarise-konsullata-e-pergjithshme-e-republikes-se-bullgarise-ne-nish-thirrje-per-dorezimin-e-propozim-projekteve-per-dhenien-e-granteve-afati-10-korrik\/","og_site_name":"Republika e S\u00ebrbis\u00eb Trupi Koordinues p\u00ebr komunat Bujanoc, Preshev\u00eb dhe Medvegj\u00eb","article_publisher":"https:\/\/www.facebook.com\/SluzbaKoordinacionogTelaVladeRepublikeSrbije","article_published_time":"2020-05-12T00:00:00+00:00","article_modified_time":"2024-07-30T18:04:37+00:00","og_image":[{"width":315,"height":230,"url":"https:\/\/kt.gov.rs\/wp-content\/uploads\/2024\/07\/1589271416_120520_2-5.jpg","type":"image\/jpeg"}],"author":"ktmin","twitter_card":"summary_large_image","twitter_creator":"@kt_gov","twitter_site":"@kt_gov","twitter_misc":{"Written by":"ktmin","Est. reading time":"2 minutes"},"schema":{"@context":"https:\/\/schema.org","@graph":[{"@type":"Article","@id":"https:\/\/kt.gov.rs\/sq\/ministria-e-puneve-te-jashtme-e-republikes-se-bullgarise-konsullata-e-pergjithshme-e-republikes-se-bullgarise-ne-nish-thirrje-per-dorezimin-e-propozim-projekteve-per-dhenien-e-granteve-afati-10-korrik\/#article","isPartOf":{"@id":"https:\/\/kt.gov.rs\/sq\/ministria-e-puneve-te-jashtme-e-republikes-se-bullgarise-konsullata-e-pergjithshme-e-republikes-se-bullgarise-ne-nish-thirrje-per-dorezimin-e-propozim-projekteve-per-dhenien-e-granteve-afati-10-korrik\/"},"author":{"name":"ktmin","@id":"https:\/\/kt.gov.rs\/#\/schema\/person\/e426459ddb4173309103390602694571"},"headline":"MINISTRIA E PUN\u00cbVE T\u00cb JASHTME E REPUBLIK\u00cbS S\u00cb BULLGARIS\u00cb- KONSULLATA E P\u00cbRGJITHSHME E REPUBLIK\u00cbS S\u00cb BULLGARIS\u00cb N\u00cb NISH: THIRRJE P\u00cbR DOR\u00cbZIMIN E PROPOZIM PROJEKTEVE P\u00cbR DH\u00cbNIEN E GRANTEVE (AFATI: 10 KORRIK 2020)","datePublished":"2020-05-12T00:00:00+00:00","dateModified":"2024-07-30T18:04:37+00:00","mainEntityOfPage":{"@id":"https:\/\/kt.gov.rs\/sq\/ministria-e-puneve-te-jashtme-e-republikes-se-bullgarise-konsullata-e-pergjithshme-e-republikes-se-bullgarise-ne-nish-thirrje-per-dorezimin-e-propozim-projekteve-per-dhenien-e-granteve-afati-10-korrik\/"},"wordCount":361,"publisher":{"@id":"https:\/\/kt.gov.rs\/#organization"},"image":{"@id":"https:\/\/kt.gov.rs\/sq\/ministria-e-puneve-te-jashtme-e-republikes-se-bullgarise-konsullata-e-pergjithshme-e-republikes-se-bullgarise-ne-nish-thirrje-per-dorezimin-e-propozim-projekteve-per-dhenien-e-granteve-afati-10-korrik\/#primaryimage"},"thumbnailUrl":"https:\/\/kt.gov.rs\/wp-content\/uploads\/2024\/07\/1589271416_120520_2-5.jpg","articleSection":["Lajme"],"inLanguage":"sq-AL"},{"@type":"WebPage","@id":"https:\/\/kt.gov.rs\/sq\/ministria-e-puneve-te-jashtme-e-republikes-se-bullgarise-konsullata-e-pergjithshme-e-republikes-se-bullgarise-ne-nish-thirrje-per-dorezimin-e-propozim-projekteve-per-dhenien-e-granteve-afati-10-korrik\/","url":"https:\/\/kt.gov.rs\/sq\/ministria-e-puneve-te-jashtme-e-republikes-se-bullgarise-konsullata-e-pergjithshme-e-republikes-se-bullgarise-ne-nish-thirrje-per-dorezimin-e-propozim-projekteve-per-dhenien-e-granteve-afati-10-korrik\/","name":"MINISTRIA E PUN\u00cbVE T\u00cb JASHTME E REPUBLIK\u00cbS S\u00cb BULLGARIS\u00cb- KONSULLATA E P\u00cbRGJITHSHME E REPUBLIK\u00cbS S\u00cb BULLGARIS\u00cb N\u00cb NISH: THIRRJE P\u00cbR DOR\u00cbZIMIN E PROPOZIM PROJEKTEVE P\u00cbR DH\u00cbNIEN E GRANTEVE (AFATI: 10 KORRIK 2020) - Republika e S\u00ebrbis\u00eb Trupi Koordinues p\u00ebr komunat Bujanoc, Preshev\u00eb dhe Medvegj\u00eb","isPartOf":{"@id":"https:\/\/kt.gov.rs\/#website"},"primaryImageOfPage":{"@id":"https:\/\/kt.gov.rs\/sq\/ministria-e-puneve-te-jashtme-e-republikes-se-bullgarise-konsullata-e-pergjithshme-e-republikes-se-bullgarise-ne-nish-thirrje-per-dorezimin-e-propozim-projekteve-per-dhenien-e-granteve-afati-10-korrik\/#primaryimage"},"image":{"@id":"https:\/\/kt.gov.rs\/sq\/ministria-e-puneve-te-jashtme-e-republikes-se-bullgarise-konsullata-e-pergjithshme-e-republikes-se-bullgarise-ne-nish-thirrje-per-dorezimin-e-propozim-projekteve-per-dhenien-e-granteve-afati-10-korrik\/#primaryimage"},"thumbnailUrl":"https:\/\/kt.gov.rs\/wp-content\/uploads\/2024\/07\/1589271416_120520_2-5.jpg","datePublished":"2020-05-12T00:00:00+00:00","dateModified":"2024-07-30T18:04:37+00:00","breadcrumb":{"@id":"https:\/\/kt.gov.rs\/sq\/ministria-e-puneve-te-jashtme-e-republikes-se-bullgarise-konsullata-e-pergjithshme-e-republikes-se-bullgarise-ne-nish-thirrje-per-dorezimin-e-propozim-projekteve-per-dhenien-e-granteve-afati-10-korrik\/#breadcrumb"},"inLanguage":"sq-AL","potentialAction":[{"@type":"ReadAction","target":["https:\/\/kt.gov.rs\/sq\/ministria-e-puneve-te-jashtme-e-republikes-se-bullgarise-konsullata-e-pergjithshme-e-republikes-se-bullgarise-ne-nish-thirrje-per-dorezimin-e-propozim-projekteve-per-dhenien-e-granteve-afati-10-korrik\/"]}]},{"@type":"ImageObject","inLanguage":"sq-AL","@id":"https:\/\/kt.gov.rs\/sq\/ministria-e-puneve-te-jashtme-e-republikes-se-bullgarise-konsullata-e-pergjithshme-e-republikes-se-bullgarise-ne-nish-thirrje-per-dorezimin-e-propozim-projekteve-per-dhenien-e-granteve-afati-10-korrik\/#primaryimage","url":"https:\/\/kt.gov.rs\/wp-content\/uploads\/2024\/07\/1589271416_120520_2-5.jpg","contentUrl":"https:\/\/kt.gov.rs\/wp-content\/uploads\/2024\/07\/1589271416_120520_2-5.jpg","width":315,"height":230},{"@type":"BreadcrumbList","@id":"https:\/\/kt.gov.rs\/sq\/ministria-e-puneve-te-jashtme-e-republikes-se-bullgarise-konsullata-e-pergjithshme-e-republikes-se-bullgarise-ne-nish-thirrje-per-dorezimin-e-propozim-projekteve-per-dhenien-e-granteve-afati-10-korrik\/#breadcrumb","itemListElement":[{"@type":"ListItem","position":1,"name":"Po\u010detna","item":"https:\/\/kt.gov.rs\/sq\/"},{"@type":"ListItem","position":2,"name":"MINISTRIA E PUN\u00cbVE T\u00cb JASHTME E REPUBLIK\u00cbS S\u00cb BULLGARIS\u00cb- KONSULLATA E P\u00cbRGJITHSHME E REPUBLIK\u00cbS S\u00cb BULLGARIS\u00cb N\u00cb NISH: THIRRJE P\u00cbR DOR\u00cbZIMIN E PROPOZIM PROJEKTEVE P\u00cbR DH\u00cbNIEN E GRANTEVE (AFATI: 10 KORRIK 2020)"}]},{"@type":"WebSite","@id":"https:\/\/kt.gov.rs\/#website","url":"https:\/\/kt.gov.rs\/","name":"Koordinaciono telo Vlade Republike Srbije za op\u0161tine Pre\u0161evo, Bujanovac i Medve\u0111a","description":"","publisher":{"@id":"https:\/\/kt.gov.rs\/#organization"},"alternateName":"Koordinaciono telo","potentialAction":[{"@type":"SearchAction","target":{"@type":"EntryPoint","urlTemplate":"https:\/\/kt.gov.rs\/?s={search_term_string}"},"query-input":{"@type":"PropertyValueSpecification","valueRequired":true,"valueName":"search_term_string"}}],"inLanguage":"sq-AL"},{"@type":"Organization","@id":"https:\/\/kt.gov.rs\/#organization","name":"Koordinaciono telo Vlade Republike Srbije za op\u0161tine Pre\u0161evo, Bujanovac i Medve\u0111a","alternateName":"Koordinaciono telo","url":"https:\/\/kt.gov.rs\/","logo":{"@type":"ImageObject","inLanguage":"sq-AL","@id":"https:\/\/kt.gov.rs\/#\/schema\/logo\/image\/","url":"https:\/\/kt.gov.rs\/wp-content\/uploads\/2024\/12\/koord2.jpg","contentUrl":"https:\/\/kt.gov.rs\/wp-content\/uploads\/2024\/12\/koord2.jpg","width":640,"height":480,"caption":"Koordinaciono telo Vlade Republike Srbije za op\u0161tine Pre\u0161evo, Bujanovac i Medve\u0111a"},"image":{"@id":"https:\/\/kt.gov.rs\/#\/schema\/logo\/image\/"},"sameAs":["https:\/\/www.facebook.com\/SluzbaKoordinacionogTelaVladeRepublikeSrbije","https:\/\/x.com\/kt_gov","https:\/\/www.youtube.com\/@koordinacionotelo"]},{"@type":"Person","@id":"https:\/\/kt.gov.rs\/#\/schema\/person\/e426459ddb4173309103390602694571","name":"ktmin","image":{"@type":"ImageObject","inLanguage":"sq-AL","@id":"https:\/\/secure.gravatar.com\/avatar\/3985c961109853010c3fbc7ba30365bfba5db3dd6c525831d9c595c7525a615a?s=96&d=mm&r=g","url":"https:\/\/secure.gravatar.com\/avatar\/3985c961109853010c3fbc7ba30365bfba5db3dd6c525831d9c595c7525a615a?s=96&d=mm&r=g","contentUrl":"https:\/\/secure.gravatar.com\/avatar\/3985c961109853010c3fbc7ba30365bfba5db3dd6c525831d9c595c7525a615a?s=96&d=mm&r=g","caption":"ktmin"},"sameAs":["https:\/\/kt.gov.rs"],"url":"https:\/\/kt.gov.rs\/sq\/author\/ktmin\/"}]}},"_links":{"self":[{"href":"https:\/\/kt.gov.rs\/sq\/wp-json\/wp\/v2\/posts\/112538","targetHints":{"allow":["GET"]}}],"collection":[{"href":"https:\/\/kt.gov.rs\/sq\/wp-json\/wp\/v2\/posts"}],"about":[{"href":"https:\/\/kt.gov.rs\/sq\/wp-json\/wp\/v2\/types\/post"}],"author":[{"embeddable":true,"href":"https:\/\/kt.gov.rs\/sq\/wp-json\/wp\/v2\/users\/1"}],"replies":[{"embeddable":true,"href":"https:\/\/kt.gov.rs\/sq\/wp-json\/wp\/v2\/comments?post=112538"}],"version-history":[{"count":1,"href":"https:\/\/kt.gov.rs\/sq\/wp-json\/wp\/v2\/posts\/112538\/revisions"}],"predecessor-version":[{"id":112542,"href":"https:\/\/kt.gov.rs\/sq\/wp-json\/wp\/v2\/posts\/112538\/revisions\/112542"}],"wp:featuredmedia":[{"embeddable":true,"href":"https:\/\/kt.gov.rs\/sq\/wp-json\/wp\/v2\/media\/112543"}],"wp:attachment":[{"href":"https:\/\/kt.gov.rs\/sq\/wp-json\/wp\/v2\/media?parent=112538"}],"wp:term":[{"taxonomy":"category","embeddable":true,"href":"https:\/\/kt.gov.rs\/sq\/wp-json\/wp\/v2\/categories?post=112538"},{"taxonomy":"post_tag","embeddable":true,"href":"https:\/\/kt.gov.rs\/sq\/wp-json\/wp\/v2\/tags?post=112538"}],"curies":[{"name":"wp","href":"https:\/\/api.w.org\/{rel}","templated":true}]}}