{"id":112498,"date":"2020-05-15T00:00:00","date_gmt":"2020-05-15T00:00:00","guid":{"rendered":"http:\/\/kt.printandscreen.rs\/epale-trajnimi-profesional-afati-22-maj-2020\/"},"modified":"2024-07-30T18:04:34","modified_gmt":"2024-07-30T18:04:34","slug":"epale-trajnimi-profesional-afati-22-maj-2020","status":"publish","type":"post","link":"https:\/\/kt.gov.rs\/sq\/epale-trajnimi-profesional-afati-22-maj-2020\/","title":{"rendered":"EPALE TRAJNIMI PROFESIONAL (AFATI: 22 MAJ 2020)"},"content":{"rendered":"<p>\n\t<img decoding=\"async\" alt=\"\" src=\"https:\/\/kt.gov.rs\/wp-content\/uploads\/2024\/07\/1589528952_150520_3-4.jpg\" style=\"width: 315px; height: 230px; float: left;\" \/><\/p>\n<p>\n\tFondacioni Tempus \u2013 Ekipi komb\u00ebtar i ndihm\u00ebs EPALE n\u00eb Republik\u00ebn e Serbis\u00eb po organizon nj\u00eb trajnim n\u00eb internet me titull &quot;Zhvillimi i kompetencave dixhitale dhe p\u00ebrdorimi i mjeteve TIK n\u00eb pun\u00ebn me nx\u00ebn\u00ebsit e rritur&quot;, i cili do t\u00eb mbahet nga 25 deri m\u00eb 29 maj.<\/p>\n<p>\n\tTrajnimi do t\u00eb p\u00ebrb\u00ebhet nga tre uebfaqe dhe dy detyra praktike. Vebinar\u00ebt (ligj\u00ebratat n\u00eb internet) do t\u00eb mbahen me 25 dhe 27 maj nga 3 deri n\u00eb 17:00, si dhe m\u00eb 29 maj nga 1 deri n\u00eb 3 pasdite. Trajnimi ka p\u00ebr q\u00ebllim kryesisht p\u00ebr m\u00ebsuesit n\u00eb arsimin fillor t\u00eb t\u00eb rriturve, asistent\u00ebt andragogjik\u00eb, drejtor\u00ebt e shkollave q\u00eb kryejn\u00eb arsimin fillor t\u00eb t\u00eb rriturve, por edhe p\u00ebr t\u00eb tjer\u00ebt q\u00eb ofrojn\u00eb sh\u00ebrbime t\u00eb arsimit p\u00ebr t\u00eb rritur, punojn\u00eb me nx\u00ebn\u00ebs t\u00eb rritur ose jan\u00eb t\u00eb angazhuar n\u00eb m\u00ebnyr\u00eb aktive n\u00eb k\u00ebt\u00eb fush\u00eb.<\/p>\n<p>\n\tGjat\u00eb trajnimit, pjes\u00ebmarr\u00ebsit do t\u00eb m\u00ebsojn\u00eb m\u00eb shum\u00eb rreth korniz\u00ebs s\u00eb kompetencave dixhitale, m\u00ebnyrave p\u00ebr t\u00eb zhvilluar dhe p\u00ebrmir\u00ebsuar kompetencat dixhitale si p\u00ebr student\u00ebt e rritur ashtu edhe p\u00ebr m\u00ebsuesit, lidhjen midis p\u00ebrdorimit t\u00eb mjeteve t\u00eb TIK-ut dhe rezultateve t\u00eb t\u00eb nx\u00ebnit, si dhe mjeteve specifike t\u00eb TIK-ut q\u00eb ata mund t\u00eb p\u00ebrdorin n\u00eb m\u00ebsimdh\u00ebnie. Pjes\u00ebmarr\u00ebsit q\u00eb ndjekin t\u00eb gjitha ligj\u00ebratat dhe p\u00ebrfundojn\u00eb me sukses detyra praktike do t\u00eb marrin nj\u00eb certifikat\u00eb t\u00eb pjes\u00ebmarrjes.<\/p>\n<p>\n\tRegjistrimi p\u00ebr pjes\u00ebmarrje n\u00eb trajnim \u00ebsht\u00eb i hapur deri m\u00eb 22 maj 2020 n\u00eb or\u00ebn 12, dhe b\u00ebhet ekskluzivisht p\u00ebrmes formularit t\u00eb regjistrimit. Pas afatit, lidhjet p\u00ebr t\u00eb hyr\u00eb n\u00eb vebinar\u00ebt do t&#39;u d\u00ebrgohen pjes\u00ebmarr\u00ebsve t\u00eb regjistruar me email. Pjes\u00ebmarr\u00ebsit n\u00eb trajnime duhet t\u00eb jen\u00eb an\u00ebtar\u00eb t\u00eb regjistruar n\u00eb platform\u00ebn EPALE.<\/p>\n<p>\n\tM\u00eb shum\u00eb informacion mbi procedur\u00ebn e regjistrimit mund t\u00eb gjendeni n\u00eb Udh\u00ebzimet p\u00ebr regjistrim n\u00eb platform\u00ebn EPALE. Platforma EPALE \u00ebsht\u00eb nj\u00eb platform\u00eb e zhvilluar n\u00eb kuad\u00ebr t\u00eb programit Erasmus +, i cili lejon t\u00eb gjith\u00eb ata q\u00eb jan\u00eb t\u00eb p\u00ebrfshir\u00eb ose t\u00eb interesuar n\u00eb arsimin e t\u00eb rriturve n\u00eb Evrop\u00eb t\u00eb takohen praktikisht n\u00eb nj\u00eb vend dhe t\u00eb ndajn\u00eb njohurit\u00eb, p\u00ebrvojat, pyetjet dhe praktikat e mira t\u00eb tyre.<\/p>\n<p>\n\tT\u00eb gjitha informacionet shtes\u00eb mund t\u00eb merren me telefon 011\/3342 430, opsioni 3 dhe me post\u00eb elektronike: <a href=\"mailto:adult-education@tempus.ac.rs\">adult-education@tempus.ac.rs<\/a><\/p>\n<p>\n\t<strong>Burimi: Iniciativa p\u00ebr Qytetar\u00ebt dhe Trupi Koordinues<\/strong><\/p>\n<p>\n\t\u00a0<\/p>\n","protected":false},"excerpt":{"rendered":"<p>Fondacioni Tempus \u2013 Ekipi komb\u00ebtar i ndihm\u00ebs EPALE n\u00eb Republik\u00ebn e Serbis\u00eb po organizon nj\u00eb trajnim n\u00eb internet me titull &quot;Zhvillimi i kompetencave dixhitale dhe p\u00ebrdorimi i mjeteve TIK n\u00eb pun\u00ebn me nx\u00ebn\u00ebsit e rritur&quot;, i cili do t\u00eb mbahet nga 25 deri m\u00eb 29 maj.<\/p>\n","protected":false},"author":1,"featured_media":112503,"comment_status":"closed","ping_status":"closed","sticky":false,"template":"","format":"standard","meta":{"footnotes":""},"categories":[55],"tags":[],"class_list":["post-112498","post","type-post","status-publish","format-standard","has-post-thumbnail","hentry","category-lajme"],"yoast_head":"<!-- This site is optimized with the Yoast SEO plugin v27.5 - https:\/\/yoast.com\/product\/yoast-seo-wordpress\/ -->\n<title>EPALE TRAJNIMI PROFESIONAL (AFATI: 22 MAJ 2020) - Republika e S\u00ebrbis\u00eb Trupi Koordinues p\u00ebr komunat Bujanoc, Preshev\u00eb dhe Medvegj\u00eb<\/title>\n<meta name=\"robots\" content=\"index, follow, max-snippet:-1, max-image-preview:large, max-video-preview:-1\" \/>\n<link rel=\"canonical\" href=\"https:\/\/kt.gov.rs\/sq\/epale-trajnimi-profesional-afati-22-maj-2020\/\" \/>\n<meta property=\"og:locale\" content=\"sq_AL\" \/>\n<meta property=\"og:type\" content=\"article\" \/>\n<meta property=\"og:title\" content=\"EPALE TRAJNIMI PROFESIONAL (AFATI: 22 MAJ 2020) - Republika e S\u00ebrbis\u00eb Trupi Koordinues p\u00ebr komunat Bujanoc, Preshev\u00eb dhe Medvegj\u00eb\" \/>\n<meta property=\"og:description\" content=\"Fondacioni Tempus - Ekipi komb\u00ebtar i ndihm\u00ebs EPALE n\u00eb Republik\u00ebn e Serbis\u00eb po organizon nj\u00eb trajnim n\u00eb internet me titull &quot;Zhvillimi i kompetencave dixhitale dhe p\u00ebrdorimi i mjeteve TIK n\u00eb pun\u00ebn me nx\u00ebn\u00ebsit e rritur&quot;, i cili do t\u00eb mbahet nga 25 deri m\u00eb 29 maj.\" \/>\n<meta property=\"og:url\" content=\"https:\/\/kt.gov.rs\/sq\/epale-trajnimi-profesional-afati-22-maj-2020\/\" \/>\n<meta property=\"og:site_name\" content=\"Republika e S\u00ebrbis\u00eb Trupi Koordinues p\u00ebr komunat Bujanoc, Preshev\u00eb dhe Medvegj\u00eb\" \/>\n<meta property=\"article:publisher\" content=\"https:\/\/www.facebook.com\/SluzbaKoordinacionogTelaVladeRepublikeSrbije\" \/>\n<meta property=\"article:published_time\" content=\"2020-05-15T00:00:00+00:00\" \/>\n<meta property=\"article:modified_time\" content=\"2024-07-30T18:04:34+00:00\" \/>\n<meta property=\"og:image\" content=\"https:\/\/kt.gov.rs\/wp-content\/uploads\/2024\/07\/1589528952_150520_3-5.jpg\" \/>\n\t<meta property=\"og:image:width\" content=\"315\" \/>\n\t<meta property=\"og:image:height\" content=\"230\" \/>\n\t<meta property=\"og:image:type\" content=\"image\/jpeg\" \/>\n<meta name=\"author\" content=\"ktmin\" \/>\n<meta name=\"twitter:card\" content=\"summary_large_image\" \/>\n<meta name=\"twitter:creator\" content=\"@kt_gov\" \/>\n<meta name=\"twitter:site\" content=\"@kt_gov\" \/>\n<meta name=\"twitter:label1\" content=\"Written by\" \/>\n\t<meta name=\"twitter:data1\" content=\"ktmin\" \/>\n\t<meta name=\"twitter:label2\" content=\"Est. reading time\" \/>\n\t<meta name=\"twitter:data2\" content=\"3 minutes\" \/>\n<script type=\"application\/ld+json\" class=\"yoast-schema-graph\">{\"@context\":\"https:\\\/\\\/schema.org\",\"@graph\":[{\"@type\":\"Article\",\"@id\":\"https:\\\/\\\/kt.gov.rs\\\/sq\\\/epale-trajnimi-profesional-afati-22-maj-2020\\\/#article\",\"isPartOf\":{\"@id\":\"https:\\\/\\\/kt.gov.rs\\\/sq\\\/epale-trajnimi-profesional-afati-22-maj-2020\\\/\"},\"author\":{\"name\":\"ktmin\",\"@id\":\"https:\\\/\\\/kt.gov.rs\\\/#\\\/schema\\\/person\\\/e426459ddb4173309103390602694571\"},\"headline\":\"EPALE TRAJNIMI PROFESIONAL (AFATI: 22 MAJ 2020)\",\"datePublished\":\"2020-05-15T00:00:00+00:00\",\"dateModified\":\"2024-07-30T18:04:34+00:00\",\"mainEntityOfPage\":{\"@id\":\"https:\\\/\\\/kt.gov.rs\\\/sq\\\/epale-trajnimi-profesional-afati-22-maj-2020\\\/\"},\"wordCount\":598,\"publisher\":{\"@id\":\"https:\\\/\\\/kt.gov.rs\\\/#organization\"},\"image\":{\"@id\":\"https:\\\/\\\/kt.gov.rs\\\/sq\\\/epale-trajnimi-profesional-afati-22-maj-2020\\\/#primaryimage\"},\"thumbnailUrl\":\"https:\\\/\\\/kt.gov.rs\\\/wp-content\\\/uploads\\\/2024\\\/07\\\/1589528952_150520_3-5.jpg\",\"articleSection\":[\"Lajme\"],\"inLanguage\":\"sq-AL\"},{\"@type\":\"WebPage\",\"@id\":\"https:\\\/\\\/kt.gov.rs\\\/sq\\\/epale-trajnimi-profesional-afati-22-maj-2020\\\/\",\"url\":\"https:\\\/\\\/kt.gov.rs\\\/sq\\\/epale-trajnimi-profesional-afati-22-maj-2020\\\/\",\"name\":\"EPALE TRAJNIMI PROFESIONAL (AFATI: 22 MAJ 2020) - Republika e S\u00ebrbis\u00eb Trupi Koordinues p\u00ebr komunat Bujanoc, Preshev\u00eb dhe Medvegj\u00eb\",\"isPartOf\":{\"@id\":\"https:\\\/\\\/kt.gov.rs\\\/#website\"},\"primaryImageOfPage\":{\"@id\":\"https:\\\/\\\/kt.gov.rs\\\/sq\\\/epale-trajnimi-profesional-afati-22-maj-2020\\\/#primaryimage\"},\"image\":{\"@id\":\"https:\\\/\\\/kt.gov.rs\\\/sq\\\/epale-trajnimi-profesional-afati-22-maj-2020\\\/#primaryimage\"},\"thumbnailUrl\":\"https:\\\/\\\/kt.gov.rs\\\/wp-content\\\/uploads\\\/2024\\\/07\\\/1589528952_150520_3-5.jpg\",\"datePublished\":\"2020-05-15T00:00:00+00:00\",\"dateModified\":\"2024-07-30T18:04:34+00:00\",\"breadcrumb\":{\"@id\":\"https:\\\/\\\/kt.gov.rs\\\/sq\\\/epale-trajnimi-profesional-afati-22-maj-2020\\\/#breadcrumb\"},\"inLanguage\":\"sq-AL\",\"potentialAction\":[{\"@type\":\"ReadAction\",\"target\":[\"https:\\\/\\\/kt.gov.rs\\\/sq\\\/epale-trajnimi-profesional-afati-22-maj-2020\\\/\"]}]},{\"@type\":\"ImageObject\",\"inLanguage\":\"sq-AL\",\"@id\":\"https:\\\/\\\/kt.gov.rs\\\/sq\\\/epale-trajnimi-profesional-afati-22-maj-2020\\\/#primaryimage\",\"url\":\"https:\\\/\\\/kt.gov.rs\\\/wp-content\\\/uploads\\\/2024\\\/07\\\/1589528952_150520_3-5.jpg\",\"contentUrl\":\"https:\\\/\\\/kt.gov.rs\\\/wp-content\\\/uploads\\\/2024\\\/07\\\/1589528952_150520_3-5.jpg\",\"width\":315,\"height\":230},{\"@type\":\"BreadcrumbList\",\"@id\":\"https:\\\/\\\/kt.gov.rs\\\/sq\\\/epale-trajnimi-profesional-afati-22-maj-2020\\\/#breadcrumb\",\"itemListElement\":[{\"@type\":\"ListItem\",\"position\":1,\"name\":\"\u041f\u043e\u0447\u0435\u0442\u043d\u0430\",\"item\":\"https:\\\/\\\/kt.gov.rs\\\/sq\\\/\"},{\"@type\":\"ListItem\",\"position\":2,\"name\":\"EPALE TRAJNIMI PROFESIONAL (AFATI: 22 MAJ 2020)\"}]},{\"@type\":\"WebSite\",\"@id\":\"https:\\\/\\\/kt.gov.rs\\\/#website\",\"url\":\"https:\\\/\\\/kt.gov.rs\\\/\",\"name\":\"\u041a\u043e\u043e\u0440\u0434\u0438\u043d\u0430\u0446\u0438\u043e\u043d\u043e \u0442\u0435\u043b\u043e \u0412\u043b\u0430\u0434\u0435 \u0420\u0435\u043f\u0443\u0431\u043b\u0438\u043a\u0435 \u0421\u0440\u0431\u0438\u0458\u0435 \u0437\u0430 \u043e\u043f\u0448\u0442\u0438\u043d\u0435 \u041f\u0440\u0435\u0448\u0435\u0432\u043e, \u0411\u0443\u0458\u0430\u043d\u043e\u0432\u0430\u0446 \u0438 \u041c\u0435\u0434\u0432\u0435\u0452a\",\"description\":\"\",\"publisher\":{\"@id\":\"https:\\\/\\\/kt.gov.rs\\\/#organization\"},\"alternateName\":\"\u041a\u043e\u043e\u0440\u0434\u0438\u043d\u0430\u0446\u0438\u043e\u043d\u043e \u0442\u0435\u043b\u043e\",\"potentialAction\":[{\"@type\":\"SearchAction\",\"target\":{\"@type\":\"EntryPoint\",\"urlTemplate\":\"https:\\\/\\\/kt.gov.rs\\\/?s={search_term_string}\"},\"query-input\":{\"@type\":\"PropertyValueSpecification\",\"valueRequired\":true,\"valueName\":\"search_term_string\"}}],\"inLanguage\":\"sq-AL\"},{\"@type\":\"Organization\",\"@id\":\"https:\\\/\\\/kt.gov.rs\\\/#organization\",\"name\":\"\u041a\u043e\u043e\u0440\u0434\u0438\u043d\u0430\u0446\u0438\u043e\u043d\u043e \u0442\u0435\u043b\u043e \u0412\u043b\u0430\u0434\u0435 \u0420\u0435\u043f\u0443\u0431\u043b\u0438\u043a\u0435 \u0421\u0440\u0431\u0438\u0458\u0435 \u0437\u0430 \u043e\u043f\u0448\u0442\u0438\u043d\u0435 \u041f\u0440\u0435\u0448\u0435\u0432\u043e, \u0411\u0443\u0458\u0430\u043d\u043e\u0432\u0430\u0446 \u0438 \u041c\u0435\u0434\u0432\u0435\u0452a\",\"alternateName\":\"\u041a\u043e\u043e\u0440\u0434\u0438\u043d\u0430\u0446\u0438\u043e\u043d\u043e \u0442\u0435\u043b\u043e\",\"url\":\"https:\\\/\\\/kt.gov.rs\\\/\",\"logo\":{\"@type\":\"ImageObject\",\"inLanguage\":\"sq-AL\",\"@id\":\"https:\\\/\\\/kt.gov.rs\\\/#\\\/schema\\\/logo\\\/image\\\/\",\"url\":\"https:\\\/\\\/kt.gov.rs\\\/wp-content\\\/uploads\\\/2024\\\/12\\\/koord2.jpg\",\"contentUrl\":\"https:\\\/\\\/kt.gov.rs\\\/wp-content\\\/uploads\\\/2024\\\/12\\\/koord2.jpg\",\"width\":640,\"height\":480,\"caption\":\"\u041a\u043e\u043e\u0440\u0434\u0438\u043d\u0430\u0446\u0438\u043e\u043d\u043e \u0442\u0435\u043b\u043e \u0412\u043b\u0430\u0434\u0435 \u0420\u0435\u043f\u0443\u0431\u043b\u0438\u043a\u0435 \u0421\u0440\u0431\u0438\u0458\u0435 \u0437\u0430 \u043e\u043f\u0448\u0442\u0438\u043d\u0435 \u041f\u0440\u0435\u0448\u0435\u0432\u043e, \u0411\u0443\u0458\u0430\u043d\u043e\u0432\u0430\u0446 \u0438 \u041c\u0435\u0434\u0432\u0435\u0452a\"},\"image\":{\"@id\":\"https:\\\/\\\/kt.gov.rs\\\/#\\\/schema\\\/logo\\\/image\\\/\"},\"sameAs\":[\"https:\\\/\\\/www.facebook.com\\\/SluzbaKoordinacionogTelaVladeRepublikeSrbije\",\"https:\\\/\\\/x.com\\\/kt_gov\",\"https:\\\/\\\/www.youtube.com\\\/@koordinacionotelo\"]},{\"@type\":\"Person\",\"@id\":\"https:\\\/\\\/kt.gov.rs\\\/#\\\/schema\\\/person\\\/e426459ddb4173309103390602694571\",\"name\":\"ktmin\",\"image\":{\"@type\":\"ImageObject\",\"inLanguage\":\"sq-AL\",\"@id\":\"https:\\\/\\\/secure.gravatar.com\\\/avatar\\\/3985c961109853010c3fbc7ba30365bfba5db3dd6c525831d9c595c7525a615a?s=96&d=mm&r=g\",\"url\":\"https:\\\/\\\/secure.gravatar.com\\\/avatar\\\/3985c961109853010c3fbc7ba30365bfba5db3dd6c525831d9c595c7525a615a?s=96&d=mm&r=g\",\"contentUrl\":\"https:\\\/\\\/secure.gravatar.com\\\/avatar\\\/3985c961109853010c3fbc7ba30365bfba5db3dd6c525831d9c595c7525a615a?s=96&d=mm&r=g\",\"caption\":\"ktmin\"},\"sameAs\":[\"https:\\\/\\\/kt.gov.rs\"],\"url\":\"https:\\\/\\\/kt.gov.rs\\\/sq\\\/author\\\/ktmin\\\/\"}]}<\/script>\n<!-- \/ Yoast SEO plugin. -->","yoast_head_json":{"title":"EPALE TRAJNIMI PROFESIONAL (AFATI: 22 MAJ 2020) - Republika e S\u00ebrbis\u00eb Trupi Koordinues p\u00ebr komunat Bujanoc, Preshev\u00eb dhe Medvegj\u00eb","robots":{"index":"index","follow":"follow","max-snippet":"max-snippet:-1","max-image-preview":"max-image-preview:large","max-video-preview":"max-video-preview:-1"},"canonical":"https:\/\/kt.gov.rs\/sq\/epale-trajnimi-profesional-afati-22-maj-2020\/","og_locale":"sq_AL","og_type":"article","og_title":"EPALE TRAJNIMI PROFESIONAL (AFATI: 22 MAJ 2020) - Republika e S\u00ebrbis\u00eb Trupi Koordinues p\u00ebr komunat Bujanoc, Preshev\u00eb dhe Medvegj\u00eb","og_description":"Fondacioni Tempus - Ekipi komb\u00ebtar i ndihm\u00ebs EPALE n\u00eb Republik\u00ebn e Serbis\u00eb po organizon nj\u00eb trajnim n\u00eb internet me titull &quot;Zhvillimi i kompetencave dixhitale dhe p\u00ebrdorimi i mjeteve TIK n\u00eb pun\u00ebn me nx\u00ebn\u00ebsit e rritur&quot;, i cili do t\u00eb mbahet nga 25 deri m\u00eb 29 maj.","og_url":"https:\/\/kt.gov.rs\/sq\/epale-trajnimi-profesional-afati-22-maj-2020\/","og_site_name":"Republika e S\u00ebrbis\u00eb Trupi Koordinues p\u00ebr komunat Bujanoc, Preshev\u00eb dhe Medvegj\u00eb","article_publisher":"https:\/\/www.facebook.com\/SluzbaKoordinacionogTelaVladeRepublikeSrbije","article_published_time":"2020-05-15T00:00:00+00:00","article_modified_time":"2024-07-30T18:04:34+00:00","og_image":[{"width":315,"height":230,"url":"https:\/\/kt.gov.rs\/wp-content\/uploads\/2024\/07\/1589528952_150520_3-5.jpg","type":"image\/jpeg"}],"author":"ktmin","twitter_card":"summary_large_image","twitter_creator":"@kt_gov","twitter_site":"@kt_gov","twitter_misc":{"Written by":"ktmin","Est. reading time":"3 minutes"},"schema":{"@context":"https:\/\/schema.org","@graph":[{"@type":"Article","@id":"https:\/\/kt.gov.rs\/sq\/epale-trajnimi-profesional-afati-22-maj-2020\/#article","isPartOf":{"@id":"https:\/\/kt.gov.rs\/sq\/epale-trajnimi-profesional-afati-22-maj-2020\/"},"author":{"name":"ktmin","@id":"https:\/\/kt.gov.rs\/#\/schema\/person\/e426459ddb4173309103390602694571"},"headline":"EPALE TRAJNIMI PROFESIONAL (AFATI: 22 MAJ 2020)","datePublished":"2020-05-15T00:00:00+00:00","dateModified":"2024-07-30T18:04:34+00:00","mainEntityOfPage":{"@id":"https:\/\/kt.gov.rs\/sq\/epale-trajnimi-profesional-afati-22-maj-2020\/"},"wordCount":598,"publisher":{"@id":"https:\/\/kt.gov.rs\/#organization"},"image":{"@id":"https:\/\/kt.gov.rs\/sq\/epale-trajnimi-profesional-afati-22-maj-2020\/#primaryimage"},"thumbnailUrl":"https:\/\/kt.gov.rs\/wp-content\/uploads\/2024\/07\/1589528952_150520_3-5.jpg","articleSection":["Lajme"],"inLanguage":"sq-AL"},{"@type":"WebPage","@id":"https:\/\/kt.gov.rs\/sq\/epale-trajnimi-profesional-afati-22-maj-2020\/","url":"https:\/\/kt.gov.rs\/sq\/epale-trajnimi-profesional-afati-22-maj-2020\/","name":"EPALE TRAJNIMI PROFESIONAL (AFATI: 22 MAJ 2020) - Republika e S\u00ebrbis\u00eb Trupi Koordinues p\u00ebr komunat Bujanoc, Preshev\u00eb dhe Medvegj\u00eb","isPartOf":{"@id":"https:\/\/kt.gov.rs\/#website"},"primaryImageOfPage":{"@id":"https:\/\/kt.gov.rs\/sq\/epale-trajnimi-profesional-afati-22-maj-2020\/#primaryimage"},"image":{"@id":"https:\/\/kt.gov.rs\/sq\/epale-trajnimi-profesional-afati-22-maj-2020\/#primaryimage"},"thumbnailUrl":"https:\/\/kt.gov.rs\/wp-content\/uploads\/2024\/07\/1589528952_150520_3-5.jpg","datePublished":"2020-05-15T00:00:00+00:00","dateModified":"2024-07-30T18:04:34+00:00","breadcrumb":{"@id":"https:\/\/kt.gov.rs\/sq\/epale-trajnimi-profesional-afati-22-maj-2020\/#breadcrumb"},"inLanguage":"sq-AL","potentialAction":[{"@type":"ReadAction","target":["https:\/\/kt.gov.rs\/sq\/epale-trajnimi-profesional-afati-22-maj-2020\/"]}]},{"@type":"ImageObject","inLanguage":"sq-AL","@id":"https:\/\/kt.gov.rs\/sq\/epale-trajnimi-profesional-afati-22-maj-2020\/#primaryimage","url":"https:\/\/kt.gov.rs\/wp-content\/uploads\/2024\/07\/1589528952_150520_3-5.jpg","contentUrl":"https:\/\/kt.gov.rs\/wp-content\/uploads\/2024\/07\/1589528952_150520_3-5.jpg","width":315,"height":230},{"@type":"BreadcrumbList","@id":"https:\/\/kt.gov.rs\/sq\/epale-trajnimi-profesional-afati-22-maj-2020\/#breadcrumb","itemListElement":[{"@type":"ListItem","position":1,"name":"\u041f\u043e\u0447\u0435\u0442\u043d\u0430","item":"https:\/\/kt.gov.rs\/sq\/"},{"@type":"ListItem","position":2,"name":"EPALE TRAJNIMI PROFESIONAL (AFATI: 22 MAJ 2020)"}]},{"@type":"WebSite","@id":"https:\/\/kt.gov.rs\/#website","url":"https:\/\/kt.gov.rs\/","name":"\u041a\u043e\u043e\u0440\u0434\u0438\u043d\u0430\u0446\u0438\u043e\u043d\u043e \u0442\u0435\u043b\u043e \u0412\u043b\u0430\u0434\u0435 \u0420\u0435\u043f\u0443\u0431\u043b\u0438\u043a\u0435 \u0421\u0440\u0431\u0438\u0458\u0435 \u0437\u0430 \u043e\u043f\u0448\u0442\u0438\u043d\u0435 \u041f\u0440\u0435\u0448\u0435\u0432\u043e, \u0411\u0443\u0458\u0430\u043d\u043e\u0432\u0430\u0446 \u0438 \u041c\u0435\u0434\u0432\u0435\u0452a","description":"","publisher":{"@id":"https:\/\/kt.gov.rs\/#organization"},"alternateName":"\u041a\u043e\u043e\u0440\u0434\u0438\u043d\u0430\u0446\u0438\u043e\u043d\u043e \u0442\u0435\u043b\u043e","potentialAction":[{"@type":"SearchAction","target":{"@type":"EntryPoint","urlTemplate":"https:\/\/kt.gov.rs\/?s={search_term_string}"},"query-input":{"@type":"PropertyValueSpecification","valueRequired":true,"valueName":"search_term_string"}}],"inLanguage":"sq-AL"},{"@type":"Organization","@id":"https:\/\/kt.gov.rs\/#organization","name":"\u041a\u043e\u043e\u0440\u0434\u0438\u043d\u0430\u0446\u0438\u043e\u043d\u043e \u0442\u0435\u043b\u043e \u0412\u043b\u0430\u0434\u0435 \u0420\u0435\u043f\u0443\u0431\u043b\u0438\u043a\u0435 \u0421\u0440\u0431\u0438\u0458\u0435 \u0437\u0430 \u043e\u043f\u0448\u0442\u0438\u043d\u0435 \u041f\u0440\u0435\u0448\u0435\u0432\u043e, \u0411\u0443\u0458\u0430\u043d\u043e\u0432\u0430\u0446 \u0438 \u041c\u0435\u0434\u0432\u0435\u0452a","alternateName":"\u041a\u043e\u043e\u0440\u0434\u0438\u043d\u0430\u0446\u0438\u043e\u043d\u043e \u0442\u0435\u043b\u043e","url":"https:\/\/kt.gov.rs\/","logo":{"@type":"ImageObject","inLanguage":"sq-AL","@id":"https:\/\/kt.gov.rs\/#\/schema\/logo\/image\/","url":"https:\/\/kt.gov.rs\/wp-content\/uploads\/2024\/12\/koord2.jpg","contentUrl":"https:\/\/kt.gov.rs\/wp-content\/uploads\/2024\/12\/koord2.jpg","width":640,"height":480,"caption":"\u041a\u043e\u043e\u0440\u0434\u0438\u043d\u0430\u0446\u0438\u043e\u043d\u043e \u0442\u0435\u043b\u043e \u0412\u043b\u0430\u0434\u0435 \u0420\u0435\u043f\u0443\u0431\u043b\u0438\u043a\u0435 \u0421\u0440\u0431\u0438\u0458\u0435 \u0437\u0430 \u043e\u043f\u0448\u0442\u0438\u043d\u0435 \u041f\u0440\u0435\u0448\u0435\u0432\u043e, \u0411\u0443\u0458\u0430\u043d\u043e\u0432\u0430\u0446 \u0438 \u041c\u0435\u0434\u0432\u0435\u0452a"},"image":{"@id":"https:\/\/kt.gov.rs\/#\/schema\/logo\/image\/"},"sameAs":["https:\/\/www.facebook.com\/SluzbaKoordinacionogTelaVladeRepublikeSrbije","https:\/\/x.com\/kt_gov","https:\/\/www.youtube.com\/@koordinacionotelo"]},{"@type":"Person","@id":"https:\/\/kt.gov.rs\/#\/schema\/person\/e426459ddb4173309103390602694571","name":"ktmin","image":{"@type":"ImageObject","inLanguage":"sq-AL","@id":"https:\/\/secure.gravatar.com\/avatar\/3985c961109853010c3fbc7ba30365bfba5db3dd6c525831d9c595c7525a615a?s=96&d=mm&r=g","url":"https:\/\/secure.gravatar.com\/avatar\/3985c961109853010c3fbc7ba30365bfba5db3dd6c525831d9c595c7525a615a?s=96&d=mm&r=g","contentUrl":"https:\/\/secure.gravatar.com\/avatar\/3985c961109853010c3fbc7ba30365bfba5db3dd6c525831d9c595c7525a615a?s=96&d=mm&r=g","caption":"ktmin"},"sameAs":["https:\/\/kt.gov.rs"],"url":"https:\/\/kt.gov.rs\/sq\/author\/ktmin\/"}]}},"_links":{"self":[{"href":"https:\/\/kt.gov.rs\/sq\/wp-json\/wp\/v2\/posts\/112498","targetHints":{"allow":["GET"]}}],"collection":[{"href":"https:\/\/kt.gov.rs\/sq\/wp-json\/wp\/v2\/posts"}],"about":[{"href":"https:\/\/kt.gov.rs\/sq\/wp-json\/wp\/v2\/types\/post"}],"author":[{"embeddable":true,"href":"https:\/\/kt.gov.rs\/sq\/wp-json\/wp\/v2\/users\/1"}],"replies":[{"embeddable":true,"href":"https:\/\/kt.gov.rs\/sq\/wp-json\/wp\/v2\/comments?post=112498"}],"version-history":[{"count":1,"href":"https:\/\/kt.gov.rs\/sq\/wp-json\/wp\/v2\/posts\/112498\/revisions"}],"predecessor-version":[{"id":112502,"href":"https:\/\/kt.gov.rs\/sq\/wp-json\/wp\/v2\/posts\/112498\/revisions\/112502"}],"wp:featuredmedia":[{"embeddable":true,"href":"https:\/\/kt.gov.rs\/sq\/wp-json\/wp\/v2\/media\/112503"}],"wp:attachment":[{"href":"https:\/\/kt.gov.rs\/sq\/wp-json\/wp\/v2\/media?parent=112498"}],"wp:term":[{"taxonomy":"category","embeddable":true,"href":"https:\/\/kt.gov.rs\/sq\/wp-json\/wp\/v2\/categories?post=112498"},{"taxonomy":"post_tag","embeddable":true,"href":"https:\/\/kt.gov.rs\/sq\/wp-json\/wp\/v2\/tags?post=112498"}],"curies":[{"name":"wp","href":"https:\/\/api.w.org\/{rel}","templated":true}]}}