{"id":112442,"date":"2020-05-14T00:00:00","date_gmt":"2020-05-14T00:00:00","guid":{"rendered":"http:\/\/kt.printandscreen.rs\/kontrata-e-nenshkruar-per-transferime-te-dedikuara-ne-mbrojtje-sociale\/"},"modified":"2024-07-30T18:04:29","modified_gmt":"2024-07-30T18:04:29","slug":"kontrata-e-nenshkruar-per-transferime-te-dedikuara-ne-mbrojtje-sociale","status":"publish","type":"post","link":"https:\/\/kt.gov.rs\/sq\/kontrata-e-nenshkruar-per-transferime-te-dedikuara-ne-mbrojtje-sociale\/","title":{"rendered":"KONTRATA E N\u00cbNSHKRUAR P\u00cbR TRANSFERIME T\u00cb DEDIKUARA N\u00cb MBROJTJE SOCIALE"},"content":{"rendered":"<p>\n\t<strong><img decoding=\"async\" alt=\"\" src=\"https:\/\/kt.gov.rs\/wp-content\/uploads\/2024\/07\/1589450669_140520_5-4.jpg\" style=\"width: 315px; height: 230px; float: left;\" \/><\/strong><\/p>\n<p>\n\t<span style=\"color:black\"><strong>Medvegj\u00eb<\/strong>\u2013 Sektretari shtet\u00ebror n\u00eb Ministrin\u00eb e Pun\u00ebs, Pun\u00ebsimit, Veteran\u00ebve dhe \u00e7\u00ebshtjeve Sociale Nenad Neriq n\u00ebnshkroi nj\u00eb marr\u00ebveshje me p\u00ebrfaq\u00ebsuesin e vet\u00ebqeverisjes lokale t\u00eb komun\u00ebs s\u00eb Medvegj\u00ebs p\u00ebr transferime t\u00eb caktuara n\u00eb mbrojtje sociale.<o_p><\/o_p><\/span><\/p>\n<p>\n\t<span style=\"color:black\">Fondi i p\u00ebrgjithsh\u00ebm i akorduar nga Ministria e Pun\u00ebs, Pun\u00ebsimit, \u00c7\u00ebshtjeve Veterane dhe Sociale p\u00ebr vet\u00ebqeverisjet lokale n\u00eb t\u00ebr\u00eb Serbin\u00eb p\u00ebr k\u00ebt\u00eb q\u00ebllim \u00ebsht\u00eb 756 milion dinar\u00eb dhe p\u00ebrpar\u00ebsia iu dha komunave \/ qyteteve me nj\u00eb nivel m\u00eb t\u00eb ul\u00ebt zhvillimi. Duke marr\u00eb parasysh q\u00eb komuna e Medvegj\u00ebs i p\u00ebrket grupit t\u00eb IV t\u00eb zhvillimit, transferimi i caktuar u dha pa marr\u00eb parasysh pjes\u00ebmarrjen e siguruar n\u00eb financimin e sh\u00ebrbimeve t\u00eb mbrojtjes sociale n\u00eb kompetenc\u00ebn e saj.<o_p><\/o_p><\/span><\/p>\n<p>\n\t<span style=\"color:black\">Komun\u00ebs s\u00eb Medvegj\u00ebs i \u00ebsht\u00eb akorduar shuma prej 1.485.181,59 dinar\u00eb n\u00eb nivel vjetor, p\u00ebr p\u00ebrmir\u00ebsimin e ekzistimit dhe zhvillimit t\u00eb sh\u00ebrbimeve t\u00eb reja t\u00eb mbrojtjes sociale n\u00eb vet\u00ebqeverisjet lokale, n\u00eb baz\u00eb t\u00eb dekretit p\u00ebr transferime t\u00eb caktuara n\u00eb mbrojtjen sociale.<o_p><\/o_p><\/span><\/p>\n<p>\n\t<span style=\"color:black\">N\u00eb em\u00ebr t\u00eb komun\u00ebs s\u00eb Medvegj\u00ebs, kontrata u n\u00ebnshkrua nga kryetari i komun\u00ebs Nebojsha Arsiq.<o_p><\/o_p><\/span><\/p>\n<p>\n\t<span style=\"color:black\">Sh\u00ebrbimet brenda juridiksionit t\u00eb nj\u00ebsive t\u00eb vet\u00ebqeverisjes lokale q\u00eb do t\u00eb financohen nga fondet nga transferimet e caktuara p\u00ebrfshijn\u00eb sh\u00ebrbime t\u00eb p\u00ebrditshme t\u00eb komunitetit, sh\u00ebrbime t\u00eb akomodimit t\u00eb strehimit, sh\u00ebrbime personale t\u00eb shoq\u00ebrimit p\u00ebr f\u00ebmij\u00eb me aft\u00ebsi t\u00eb kufizuara, sh\u00ebrbime t\u00eb ndihm\u00ebs personale t\u00eb disponueshme p\u00ebr t\u00eb rriturit me aft\u00ebsi t\u00eb kufizuara, sh\u00ebrbime k\u00ebshilluese-terapeutike dhe sociale-edukative, si dhe sh\u00ebrbime t\u00eb tjera t\u00eb mbrojtjes sociale.<o_p><\/o_p><\/span><\/p>\n<p>\n\t<strong><span style=\"color:black\">Burimi: Jugmedia dhe Trupi Koordinues<\/span><\/strong><\/p>\n<p>\n\t\u00a0<\/p>\n","protected":false},"excerpt":{"rendered":"<p>Medvegj\u00eb- Sektretari shtet\u00ebror n\u00eb Ministrin\u00eb e Pun\u00ebs, Pun\u00ebsimit, Veteran\u00ebve dhe \u00e7\u00ebshtjeve Sociale Nenad Neriq n\u00ebnshkroi nj\u00eb marr\u00ebveshje me p\u00ebrfaq\u00ebsuesin e vet\u00ebqeverisjes lokale t\u00eb komun\u00ebs s\u00eb Medvegj\u00ebs p\u00ebr transferime t\u00eb caktuara n\u00eb mbrojtje sociale.<\/p>\n","protected":false},"author":1,"featured_media":112447,"comment_status":"closed","ping_status":"closed","sticky":false,"template":"","format":"standard","meta":{"footnotes":""},"categories":[55],"tags":[],"class_list":["post-112442","post","type-post","status-publish","format-standard","has-post-thumbnail","hentry","category-lajme"],"yoast_head":"<!-- This site is optimized with the Yoast SEO plugin v27.5 - https:\/\/yoast.com\/product\/yoast-seo-wordpress\/ -->\n<title>KONTRATA E N\u00cbNSHKRUAR P\u00cbR TRANSFERIME T\u00cb DEDIKUARA N\u00cb MBROJTJE SOCIALE - Republika e S\u00ebrbis\u00eb Trupi Koordinues p\u00ebr komunat Bujanoc, Preshev\u00eb dhe Medvegj\u00eb<\/title>\n<meta name=\"robots\" content=\"index, follow, max-snippet:-1, max-image-preview:large, max-video-preview:-1\" \/>\n<link rel=\"canonical\" href=\"https:\/\/kt.gov.rs\/sq\/kontrata-e-nenshkruar-per-transferime-te-dedikuara-ne-mbrojtje-sociale\/\" \/>\n<meta property=\"og:locale\" content=\"sq_AL\" \/>\n<meta property=\"og:type\" content=\"article\" \/>\n<meta property=\"og:title\" content=\"KONTRATA E N\u00cbNSHKRUAR P\u00cbR TRANSFERIME T\u00cb DEDIKUARA N\u00cb MBROJTJE SOCIALE - Republika e S\u00ebrbis\u00eb Trupi Koordinues p\u00ebr komunat Bujanoc, Preshev\u00eb dhe Medvegj\u00eb\" \/>\n<meta property=\"og:description\" content=\"Medvegj\u00eb- Sektretari shtet\u00ebror n\u00eb Ministrin\u00eb e Pun\u00ebs, Pun\u00ebsimit, Veteran\u00ebve dhe \u00e7\u00ebshtjeve Sociale Nenad Neriq n\u00ebnshkroi nj\u00eb marr\u00ebveshje me p\u00ebrfaq\u00ebsuesin e vet\u00ebqeverisjes lokale t\u00eb komun\u00ebs s\u00eb Medvegj\u00ebs p\u00ebr transferime t\u00eb caktuara n\u00eb mbrojtje sociale.\" \/>\n<meta property=\"og:url\" content=\"https:\/\/kt.gov.rs\/sq\/kontrata-e-nenshkruar-per-transferime-te-dedikuara-ne-mbrojtje-sociale\/\" \/>\n<meta property=\"og:site_name\" content=\"Republika e S\u00ebrbis\u00eb Trupi Koordinues p\u00ebr komunat Bujanoc, Preshev\u00eb dhe Medvegj\u00eb\" \/>\n<meta property=\"article:publisher\" content=\"https:\/\/www.facebook.com\/SluzbaKoordinacionogTelaVladeRepublikeSrbije\" \/>\n<meta property=\"article:published_time\" content=\"2020-05-14T00:00:00+00:00\" \/>\n<meta property=\"article:modified_time\" content=\"2024-07-30T18:04:29+00:00\" \/>\n<meta property=\"og:image\" content=\"https:\/\/kt.gov.rs\/wp-content\/uploads\/2024\/07\/1589450669_140520_5-5.jpg\" \/>\n\t<meta property=\"og:image:width\" content=\"315\" \/>\n\t<meta property=\"og:image:height\" content=\"230\" \/>\n\t<meta property=\"og:image:type\" content=\"image\/jpeg\" \/>\n<meta name=\"author\" content=\"ktmin\" \/>\n<meta name=\"twitter:card\" content=\"summary_large_image\" \/>\n<meta name=\"twitter:creator\" content=\"@kt_gov\" \/>\n<meta name=\"twitter:site\" content=\"@kt_gov\" \/>\n<meta name=\"twitter:label1\" content=\"Written by\" \/>\n\t<meta name=\"twitter:data1\" content=\"ktmin\" \/>\n\t<meta name=\"twitter:label2\" content=\"Est. reading time\" \/>\n\t<meta name=\"twitter:data2\" content=\"2 minutes\" \/>\n<script type=\"application\/ld+json\" class=\"yoast-schema-graph\">{\"@context\":\"https:\\\/\\\/schema.org\",\"@graph\":[{\"@type\":\"Article\",\"@id\":\"https:\\\/\\\/kt.gov.rs\\\/sq\\\/kontrata-e-nenshkruar-per-transferime-te-dedikuara-ne-mbrojtje-sociale\\\/#article\",\"isPartOf\":{\"@id\":\"https:\\\/\\\/kt.gov.rs\\\/sq\\\/kontrata-e-nenshkruar-per-transferime-te-dedikuara-ne-mbrojtje-sociale\\\/\"},\"author\":{\"name\":\"ktmin\",\"@id\":\"https:\\\/\\\/kt.gov.rs\\\/#\\\/schema\\\/person\\\/e426459ddb4173309103390602694571\"},\"headline\":\"KONTRATA E N\u00cbNSHKRUAR P\u00cbR TRANSFERIME T\u00cb DEDIKUARA N\u00cb MBROJTJE SOCIALE\",\"datePublished\":\"2020-05-14T00:00:00+00:00\",\"dateModified\":\"2024-07-30T18:04:29+00:00\",\"mainEntityOfPage\":{\"@id\":\"https:\\\/\\\/kt.gov.rs\\\/sq\\\/kontrata-e-nenshkruar-per-transferime-te-dedikuara-ne-mbrojtje-sociale\\\/\"},\"wordCount\":434,\"publisher\":{\"@id\":\"https:\\\/\\\/kt.gov.rs\\\/#organization\"},\"image\":{\"@id\":\"https:\\\/\\\/kt.gov.rs\\\/sq\\\/kontrata-e-nenshkruar-per-transferime-te-dedikuara-ne-mbrojtje-sociale\\\/#primaryimage\"},\"thumbnailUrl\":\"https:\\\/\\\/kt.gov.rs\\\/wp-content\\\/uploads\\\/2024\\\/07\\\/1589450669_140520_5-5.jpg\",\"articleSection\":[\"Lajme\"],\"inLanguage\":\"sq-AL\"},{\"@type\":\"WebPage\",\"@id\":\"https:\\\/\\\/kt.gov.rs\\\/sq\\\/kontrata-e-nenshkruar-per-transferime-te-dedikuara-ne-mbrojtje-sociale\\\/\",\"url\":\"https:\\\/\\\/kt.gov.rs\\\/sq\\\/kontrata-e-nenshkruar-per-transferime-te-dedikuara-ne-mbrojtje-sociale\\\/\",\"name\":\"KONTRATA E N\u00cbNSHKRUAR P\u00cbR TRANSFERIME T\u00cb DEDIKUARA N\u00cb MBROJTJE SOCIALE - Republika e S\u00ebrbis\u00eb Trupi Koordinues p\u00ebr komunat Bujanoc, Preshev\u00eb dhe Medvegj\u00eb\",\"isPartOf\":{\"@id\":\"https:\\\/\\\/kt.gov.rs\\\/#website\"},\"primaryImageOfPage\":{\"@id\":\"https:\\\/\\\/kt.gov.rs\\\/sq\\\/kontrata-e-nenshkruar-per-transferime-te-dedikuara-ne-mbrojtje-sociale\\\/#primaryimage\"},\"image\":{\"@id\":\"https:\\\/\\\/kt.gov.rs\\\/sq\\\/kontrata-e-nenshkruar-per-transferime-te-dedikuara-ne-mbrojtje-sociale\\\/#primaryimage\"},\"thumbnailUrl\":\"https:\\\/\\\/kt.gov.rs\\\/wp-content\\\/uploads\\\/2024\\\/07\\\/1589450669_140520_5-5.jpg\",\"datePublished\":\"2020-05-14T00:00:00+00:00\",\"dateModified\":\"2024-07-30T18:04:29+00:00\",\"breadcrumb\":{\"@id\":\"https:\\\/\\\/kt.gov.rs\\\/sq\\\/kontrata-e-nenshkruar-per-transferime-te-dedikuara-ne-mbrojtje-sociale\\\/#breadcrumb\"},\"inLanguage\":\"sq-AL\",\"potentialAction\":[{\"@type\":\"ReadAction\",\"target\":[\"https:\\\/\\\/kt.gov.rs\\\/sq\\\/kontrata-e-nenshkruar-per-transferime-te-dedikuara-ne-mbrojtje-sociale\\\/\"]}]},{\"@type\":\"ImageObject\",\"inLanguage\":\"sq-AL\",\"@id\":\"https:\\\/\\\/kt.gov.rs\\\/sq\\\/kontrata-e-nenshkruar-per-transferime-te-dedikuara-ne-mbrojtje-sociale\\\/#primaryimage\",\"url\":\"https:\\\/\\\/kt.gov.rs\\\/wp-content\\\/uploads\\\/2024\\\/07\\\/1589450669_140520_5-5.jpg\",\"contentUrl\":\"https:\\\/\\\/kt.gov.rs\\\/wp-content\\\/uploads\\\/2024\\\/07\\\/1589450669_140520_5-5.jpg\",\"width\":315,\"height\":230},{\"@type\":\"BreadcrumbList\",\"@id\":\"https:\\\/\\\/kt.gov.rs\\\/sq\\\/kontrata-e-nenshkruar-per-transferime-te-dedikuara-ne-mbrojtje-sociale\\\/#breadcrumb\",\"itemListElement\":[{\"@type\":\"ListItem\",\"position\":1,\"name\":\"\u041f\u043e\u0447\u0435\u0442\u043d\u0430\",\"item\":\"https:\\\/\\\/kt.gov.rs\\\/sq\\\/\"},{\"@type\":\"ListItem\",\"position\":2,\"name\":\"KONTRATA E N\u00cbNSHKRUAR P\u00cbR TRANSFERIME T\u00cb DEDIKUARA N\u00cb MBROJTJE SOCIALE\"}]},{\"@type\":\"WebSite\",\"@id\":\"https:\\\/\\\/kt.gov.rs\\\/#website\",\"url\":\"https:\\\/\\\/kt.gov.rs\\\/\",\"name\":\"\u041a\u043e\u043e\u0440\u0434\u0438\u043d\u0430\u0446\u0438\u043e\u043d\u043e \u0442\u0435\u043b\u043e \u0412\u043b\u0430\u0434\u0435 \u0420\u0435\u043f\u0443\u0431\u043b\u0438\u043a\u0435 \u0421\u0440\u0431\u0438\u0458\u0435 \u0437\u0430 \u043e\u043f\u0448\u0442\u0438\u043d\u0435 \u041f\u0440\u0435\u0448\u0435\u0432\u043e, \u0411\u0443\u0458\u0430\u043d\u043e\u0432\u0430\u0446 \u0438 \u041c\u0435\u0434\u0432\u0435\u0452a\",\"description\":\"\",\"publisher\":{\"@id\":\"https:\\\/\\\/kt.gov.rs\\\/#organization\"},\"alternateName\":\"\u041a\u043e\u043e\u0440\u0434\u0438\u043d\u0430\u0446\u0438\u043e\u043d\u043e \u0442\u0435\u043b\u043e\",\"potentialAction\":[{\"@type\":\"SearchAction\",\"target\":{\"@type\":\"EntryPoint\",\"urlTemplate\":\"https:\\\/\\\/kt.gov.rs\\\/?s={search_term_string}\"},\"query-input\":{\"@type\":\"PropertyValueSpecification\",\"valueRequired\":true,\"valueName\":\"search_term_string\"}}],\"inLanguage\":\"sq-AL\"},{\"@type\":\"Organization\",\"@id\":\"https:\\\/\\\/kt.gov.rs\\\/#organization\",\"name\":\"\u041a\u043e\u043e\u0440\u0434\u0438\u043d\u0430\u0446\u0438\u043e\u043d\u043e \u0442\u0435\u043b\u043e \u0412\u043b\u0430\u0434\u0435 \u0420\u0435\u043f\u0443\u0431\u043b\u0438\u043a\u0435 \u0421\u0440\u0431\u0438\u0458\u0435 \u0437\u0430 \u043e\u043f\u0448\u0442\u0438\u043d\u0435 \u041f\u0440\u0435\u0448\u0435\u0432\u043e, \u0411\u0443\u0458\u0430\u043d\u043e\u0432\u0430\u0446 \u0438 \u041c\u0435\u0434\u0432\u0435\u0452a\",\"alternateName\":\"\u041a\u043e\u043e\u0440\u0434\u0438\u043d\u0430\u0446\u0438\u043e\u043d\u043e \u0442\u0435\u043b\u043e\",\"url\":\"https:\\\/\\\/kt.gov.rs\\\/\",\"logo\":{\"@type\":\"ImageObject\",\"inLanguage\":\"sq-AL\",\"@id\":\"https:\\\/\\\/kt.gov.rs\\\/#\\\/schema\\\/logo\\\/image\\\/\",\"url\":\"https:\\\/\\\/kt.gov.rs\\\/wp-content\\\/uploads\\\/2024\\\/12\\\/koord2.jpg\",\"contentUrl\":\"https:\\\/\\\/kt.gov.rs\\\/wp-content\\\/uploads\\\/2024\\\/12\\\/koord2.jpg\",\"width\":640,\"height\":480,\"caption\":\"\u041a\u043e\u043e\u0440\u0434\u0438\u043d\u0430\u0446\u0438\u043e\u043d\u043e \u0442\u0435\u043b\u043e \u0412\u043b\u0430\u0434\u0435 \u0420\u0435\u043f\u0443\u0431\u043b\u0438\u043a\u0435 \u0421\u0440\u0431\u0438\u0458\u0435 \u0437\u0430 \u043e\u043f\u0448\u0442\u0438\u043d\u0435 \u041f\u0440\u0435\u0448\u0435\u0432\u043e, \u0411\u0443\u0458\u0430\u043d\u043e\u0432\u0430\u0446 \u0438 \u041c\u0435\u0434\u0432\u0435\u0452a\"},\"image\":{\"@id\":\"https:\\\/\\\/kt.gov.rs\\\/#\\\/schema\\\/logo\\\/image\\\/\"},\"sameAs\":[\"https:\\\/\\\/www.facebook.com\\\/SluzbaKoordinacionogTelaVladeRepublikeSrbije\",\"https:\\\/\\\/x.com\\\/kt_gov\",\"https:\\\/\\\/www.youtube.com\\\/@koordinacionotelo\"]},{\"@type\":\"Person\",\"@id\":\"https:\\\/\\\/kt.gov.rs\\\/#\\\/schema\\\/person\\\/e426459ddb4173309103390602694571\",\"name\":\"ktmin\",\"image\":{\"@type\":\"ImageObject\",\"inLanguage\":\"sq-AL\",\"@id\":\"https:\\\/\\\/secure.gravatar.com\\\/avatar\\\/3985c961109853010c3fbc7ba30365bfba5db3dd6c525831d9c595c7525a615a?s=96&d=mm&r=g\",\"url\":\"https:\\\/\\\/secure.gravatar.com\\\/avatar\\\/3985c961109853010c3fbc7ba30365bfba5db3dd6c525831d9c595c7525a615a?s=96&d=mm&r=g\",\"contentUrl\":\"https:\\\/\\\/secure.gravatar.com\\\/avatar\\\/3985c961109853010c3fbc7ba30365bfba5db3dd6c525831d9c595c7525a615a?s=96&d=mm&r=g\",\"caption\":\"ktmin\"},\"sameAs\":[\"https:\\\/\\\/kt.gov.rs\"],\"url\":\"https:\\\/\\\/kt.gov.rs\\\/sq\\\/author\\\/ktmin\\\/\"}]}<\/script>\n<!-- \/ Yoast SEO plugin. -->","yoast_head_json":{"title":"KONTRATA E N\u00cbNSHKRUAR P\u00cbR TRANSFERIME T\u00cb DEDIKUARA N\u00cb MBROJTJE SOCIALE - Republika e S\u00ebrbis\u00eb Trupi Koordinues p\u00ebr komunat Bujanoc, Preshev\u00eb dhe Medvegj\u00eb","robots":{"index":"index","follow":"follow","max-snippet":"max-snippet:-1","max-image-preview":"max-image-preview:large","max-video-preview":"max-video-preview:-1"},"canonical":"https:\/\/kt.gov.rs\/sq\/kontrata-e-nenshkruar-per-transferime-te-dedikuara-ne-mbrojtje-sociale\/","og_locale":"sq_AL","og_type":"article","og_title":"KONTRATA E N\u00cbNSHKRUAR P\u00cbR TRANSFERIME T\u00cb DEDIKUARA N\u00cb MBROJTJE SOCIALE - Republika e S\u00ebrbis\u00eb Trupi Koordinues p\u00ebr komunat Bujanoc, Preshev\u00eb dhe Medvegj\u00eb","og_description":"Medvegj\u00eb- Sektretari shtet\u00ebror n\u00eb Ministrin\u00eb e Pun\u00ebs, Pun\u00ebsimit, Veteran\u00ebve dhe \u00e7\u00ebshtjeve Sociale Nenad Neriq n\u00ebnshkroi nj\u00eb marr\u00ebveshje me p\u00ebrfaq\u00ebsuesin e vet\u00ebqeverisjes lokale t\u00eb komun\u00ebs s\u00eb Medvegj\u00ebs p\u00ebr transferime t\u00eb caktuara n\u00eb mbrojtje sociale.","og_url":"https:\/\/kt.gov.rs\/sq\/kontrata-e-nenshkruar-per-transferime-te-dedikuara-ne-mbrojtje-sociale\/","og_site_name":"Republika e S\u00ebrbis\u00eb Trupi Koordinues p\u00ebr komunat Bujanoc, Preshev\u00eb dhe Medvegj\u00eb","article_publisher":"https:\/\/www.facebook.com\/SluzbaKoordinacionogTelaVladeRepublikeSrbije","article_published_time":"2020-05-14T00:00:00+00:00","article_modified_time":"2024-07-30T18:04:29+00:00","og_image":[{"width":315,"height":230,"url":"https:\/\/kt.gov.rs\/wp-content\/uploads\/2024\/07\/1589450669_140520_5-5.jpg","type":"image\/jpeg"}],"author":"ktmin","twitter_card":"summary_large_image","twitter_creator":"@kt_gov","twitter_site":"@kt_gov","twitter_misc":{"Written by":"ktmin","Est. reading time":"2 minutes"},"schema":{"@context":"https:\/\/schema.org","@graph":[{"@type":"Article","@id":"https:\/\/kt.gov.rs\/sq\/kontrata-e-nenshkruar-per-transferime-te-dedikuara-ne-mbrojtje-sociale\/#article","isPartOf":{"@id":"https:\/\/kt.gov.rs\/sq\/kontrata-e-nenshkruar-per-transferime-te-dedikuara-ne-mbrojtje-sociale\/"},"author":{"name":"ktmin","@id":"https:\/\/kt.gov.rs\/#\/schema\/person\/e426459ddb4173309103390602694571"},"headline":"KONTRATA E N\u00cbNSHKRUAR P\u00cbR TRANSFERIME T\u00cb DEDIKUARA N\u00cb MBROJTJE SOCIALE","datePublished":"2020-05-14T00:00:00+00:00","dateModified":"2024-07-30T18:04:29+00:00","mainEntityOfPage":{"@id":"https:\/\/kt.gov.rs\/sq\/kontrata-e-nenshkruar-per-transferime-te-dedikuara-ne-mbrojtje-sociale\/"},"wordCount":434,"publisher":{"@id":"https:\/\/kt.gov.rs\/#organization"},"image":{"@id":"https:\/\/kt.gov.rs\/sq\/kontrata-e-nenshkruar-per-transferime-te-dedikuara-ne-mbrojtje-sociale\/#primaryimage"},"thumbnailUrl":"https:\/\/kt.gov.rs\/wp-content\/uploads\/2024\/07\/1589450669_140520_5-5.jpg","articleSection":["Lajme"],"inLanguage":"sq-AL"},{"@type":"WebPage","@id":"https:\/\/kt.gov.rs\/sq\/kontrata-e-nenshkruar-per-transferime-te-dedikuara-ne-mbrojtje-sociale\/","url":"https:\/\/kt.gov.rs\/sq\/kontrata-e-nenshkruar-per-transferime-te-dedikuara-ne-mbrojtje-sociale\/","name":"KONTRATA E N\u00cbNSHKRUAR P\u00cbR TRANSFERIME T\u00cb DEDIKUARA N\u00cb MBROJTJE SOCIALE - Republika e S\u00ebrbis\u00eb Trupi Koordinues p\u00ebr komunat Bujanoc, Preshev\u00eb dhe Medvegj\u00eb","isPartOf":{"@id":"https:\/\/kt.gov.rs\/#website"},"primaryImageOfPage":{"@id":"https:\/\/kt.gov.rs\/sq\/kontrata-e-nenshkruar-per-transferime-te-dedikuara-ne-mbrojtje-sociale\/#primaryimage"},"image":{"@id":"https:\/\/kt.gov.rs\/sq\/kontrata-e-nenshkruar-per-transferime-te-dedikuara-ne-mbrojtje-sociale\/#primaryimage"},"thumbnailUrl":"https:\/\/kt.gov.rs\/wp-content\/uploads\/2024\/07\/1589450669_140520_5-5.jpg","datePublished":"2020-05-14T00:00:00+00:00","dateModified":"2024-07-30T18:04:29+00:00","breadcrumb":{"@id":"https:\/\/kt.gov.rs\/sq\/kontrata-e-nenshkruar-per-transferime-te-dedikuara-ne-mbrojtje-sociale\/#breadcrumb"},"inLanguage":"sq-AL","potentialAction":[{"@type":"ReadAction","target":["https:\/\/kt.gov.rs\/sq\/kontrata-e-nenshkruar-per-transferime-te-dedikuara-ne-mbrojtje-sociale\/"]}]},{"@type":"ImageObject","inLanguage":"sq-AL","@id":"https:\/\/kt.gov.rs\/sq\/kontrata-e-nenshkruar-per-transferime-te-dedikuara-ne-mbrojtje-sociale\/#primaryimage","url":"https:\/\/kt.gov.rs\/wp-content\/uploads\/2024\/07\/1589450669_140520_5-5.jpg","contentUrl":"https:\/\/kt.gov.rs\/wp-content\/uploads\/2024\/07\/1589450669_140520_5-5.jpg","width":315,"height":230},{"@type":"BreadcrumbList","@id":"https:\/\/kt.gov.rs\/sq\/kontrata-e-nenshkruar-per-transferime-te-dedikuara-ne-mbrojtje-sociale\/#breadcrumb","itemListElement":[{"@type":"ListItem","position":1,"name":"\u041f\u043e\u0447\u0435\u0442\u043d\u0430","item":"https:\/\/kt.gov.rs\/sq\/"},{"@type":"ListItem","position":2,"name":"KONTRATA E N\u00cbNSHKRUAR P\u00cbR TRANSFERIME T\u00cb DEDIKUARA N\u00cb MBROJTJE SOCIALE"}]},{"@type":"WebSite","@id":"https:\/\/kt.gov.rs\/#website","url":"https:\/\/kt.gov.rs\/","name":"\u041a\u043e\u043e\u0440\u0434\u0438\u043d\u0430\u0446\u0438\u043e\u043d\u043e \u0442\u0435\u043b\u043e \u0412\u043b\u0430\u0434\u0435 \u0420\u0435\u043f\u0443\u0431\u043b\u0438\u043a\u0435 \u0421\u0440\u0431\u0438\u0458\u0435 \u0437\u0430 \u043e\u043f\u0448\u0442\u0438\u043d\u0435 \u041f\u0440\u0435\u0448\u0435\u0432\u043e, \u0411\u0443\u0458\u0430\u043d\u043e\u0432\u0430\u0446 \u0438 \u041c\u0435\u0434\u0432\u0435\u0452a","description":"","publisher":{"@id":"https:\/\/kt.gov.rs\/#organization"},"alternateName":"\u041a\u043e\u043e\u0440\u0434\u0438\u043d\u0430\u0446\u0438\u043e\u043d\u043e \u0442\u0435\u043b\u043e","potentialAction":[{"@type":"SearchAction","target":{"@type":"EntryPoint","urlTemplate":"https:\/\/kt.gov.rs\/?s={search_term_string}"},"query-input":{"@type":"PropertyValueSpecification","valueRequired":true,"valueName":"search_term_string"}}],"inLanguage":"sq-AL"},{"@type":"Organization","@id":"https:\/\/kt.gov.rs\/#organization","name":"\u041a\u043e\u043e\u0440\u0434\u0438\u043d\u0430\u0446\u0438\u043e\u043d\u043e \u0442\u0435\u043b\u043e \u0412\u043b\u0430\u0434\u0435 \u0420\u0435\u043f\u0443\u0431\u043b\u0438\u043a\u0435 \u0421\u0440\u0431\u0438\u0458\u0435 \u0437\u0430 \u043e\u043f\u0448\u0442\u0438\u043d\u0435 \u041f\u0440\u0435\u0448\u0435\u0432\u043e, \u0411\u0443\u0458\u0430\u043d\u043e\u0432\u0430\u0446 \u0438 \u041c\u0435\u0434\u0432\u0435\u0452a","alternateName":"\u041a\u043e\u043e\u0440\u0434\u0438\u043d\u0430\u0446\u0438\u043e\u043d\u043e \u0442\u0435\u043b\u043e","url":"https:\/\/kt.gov.rs\/","logo":{"@type":"ImageObject","inLanguage":"sq-AL","@id":"https:\/\/kt.gov.rs\/#\/schema\/logo\/image\/","url":"https:\/\/kt.gov.rs\/wp-content\/uploads\/2024\/12\/koord2.jpg","contentUrl":"https:\/\/kt.gov.rs\/wp-content\/uploads\/2024\/12\/koord2.jpg","width":640,"height":480,"caption":"\u041a\u043e\u043e\u0440\u0434\u0438\u043d\u0430\u0446\u0438\u043e\u043d\u043e \u0442\u0435\u043b\u043e \u0412\u043b\u0430\u0434\u0435 \u0420\u0435\u043f\u0443\u0431\u043b\u0438\u043a\u0435 \u0421\u0440\u0431\u0438\u0458\u0435 \u0437\u0430 \u043e\u043f\u0448\u0442\u0438\u043d\u0435 \u041f\u0440\u0435\u0448\u0435\u0432\u043e, \u0411\u0443\u0458\u0430\u043d\u043e\u0432\u0430\u0446 \u0438 \u041c\u0435\u0434\u0432\u0435\u0452a"},"image":{"@id":"https:\/\/kt.gov.rs\/#\/schema\/logo\/image\/"},"sameAs":["https:\/\/www.facebook.com\/SluzbaKoordinacionogTelaVladeRepublikeSrbije","https:\/\/x.com\/kt_gov","https:\/\/www.youtube.com\/@koordinacionotelo"]},{"@type":"Person","@id":"https:\/\/kt.gov.rs\/#\/schema\/person\/e426459ddb4173309103390602694571","name":"ktmin","image":{"@type":"ImageObject","inLanguage":"sq-AL","@id":"https:\/\/secure.gravatar.com\/avatar\/3985c961109853010c3fbc7ba30365bfba5db3dd6c525831d9c595c7525a615a?s=96&d=mm&r=g","url":"https:\/\/secure.gravatar.com\/avatar\/3985c961109853010c3fbc7ba30365bfba5db3dd6c525831d9c595c7525a615a?s=96&d=mm&r=g","contentUrl":"https:\/\/secure.gravatar.com\/avatar\/3985c961109853010c3fbc7ba30365bfba5db3dd6c525831d9c595c7525a615a?s=96&d=mm&r=g","caption":"ktmin"},"sameAs":["https:\/\/kt.gov.rs"],"url":"https:\/\/kt.gov.rs\/sq\/author\/ktmin\/"}]}},"_links":{"self":[{"href":"https:\/\/kt.gov.rs\/sq\/wp-json\/wp\/v2\/posts\/112442","targetHints":{"allow":["GET"]}}],"collection":[{"href":"https:\/\/kt.gov.rs\/sq\/wp-json\/wp\/v2\/posts"}],"about":[{"href":"https:\/\/kt.gov.rs\/sq\/wp-json\/wp\/v2\/types\/post"}],"author":[{"embeddable":true,"href":"https:\/\/kt.gov.rs\/sq\/wp-json\/wp\/v2\/users\/1"}],"replies":[{"embeddable":true,"href":"https:\/\/kt.gov.rs\/sq\/wp-json\/wp\/v2\/comments?post=112442"}],"version-history":[{"count":1,"href":"https:\/\/kt.gov.rs\/sq\/wp-json\/wp\/v2\/posts\/112442\/revisions"}],"predecessor-version":[{"id":112446,"href":"https:\/\/kt.gov.rs\/sq\/wp-json\/wp\/v2\/posts\/112442\/revisions\/112446"}],"wp:featuredmedia":[{"embeddable":true,"href":"https:\/\/kt.gov.rs\/sq\/wp-json\/wp\/v2\/media\/112447"}],"wp:attachment":[{"href":"https:\/\/kt.gov.rs\/sq\/wp-json\/wp\/v2\/media?parent=112442"}],"wp:term":[{"taxonomy":"category","embeddable":true,"href":"https:\/\/kt.gov.rs\/sq\/wp-json\/wp\/v2\/categories?post=112442"},{"taxonomy":"post_tag","embeddable":true,"href":"https:\/\/kt.gov.rs\/sq\/wp-json\/wp\/v2\/tags?post=112442"}],"curies":[{"name":"wp","href":"https:\/\/api.w.org\/{rel}","templated":true}]}}