{"id":112434,"date":"2020-05-14T00:00:00","date_gmt":"2020-05-14T00:00:00","guid":{"rendered":"http:\/\/kt.printandscreen.rs\/kryqi-i-kuq-paketat-e-ndihmes-te-gatshme\/"},"modified":"2024-07-30T18:04:28","modified_gmt":"2024-07-30T18:04:28","slug":"kryqi-i-kuq-paketat-e-ndihmes-te-gatshme","status":"publish","type":"post","link":"https:\/\/kt.gov.rs\/sq\/kryqi-i-kuq-paketat-e-ndihmes-te-gatshme\/","title":{"rendered":"KRYQI I KUQ: PAKETAT E NDIHM\u00cbS T\u00cb GATSHME"},"content":{"rendered":"<p>\n\t<strong><img decoding=\"async\" alt=\"\" src=\"https:\/\/kt.gov.rs\/wp-content\/uploads\/2024\/07\/1589450734_140520_6-4.jpg\" style=\"width: 315px; height: 230px; float: left;\" \/><\/strong><\/p>\n<p>\n\t<strong>Bujanoc<\/strong> \u2013 Kryqi i Kuq i Bujanocit nga e H\u00ebna (18 maj) do t\u00eb filloj\u00eb shp\u00ebrndarjen e paketave humanitare t\u00eb ushqimit, produkteve higjienike dhe miellit p\u00ebr banor\u00ebt e komun\u00ebs s\u00eb Bujanocit, t\u00eb cil\u00ebt jetojn\u00eb n\u00eb t\u00eb ashtuquajturat vendbanime n\u00ebn standarde &quot;Jaqima Djoshiqa&quot;, &quot;Morava 76&quot;, n\u00eb Lagjen e Re, rrug\u00ebn t\u00eb Morav\u00ebs dhe rrug\u00ebn e Gjilanit.<\/p>\n<p>\n\t&quot;Ministria e Pun\u00ebs, Pun\u00ebsimit dhe dhe politik\u00ebs sociale ka siguruar pako q\u00eb p\u00ebrmbajn\u00eb 10 kilogram sende ushqimore, 6 kilogram produkte higjiene dhe 10 kilogram miell p\u00ebr 1200 familjeve t\u00eb rrezikuara sociale, kryesisht rom\u00eb,&quot; tha Bratislav Lazareviq, sekretari i Kryqit t\u00eb Kuq.<\/p>\n<p>\n\tSipas tij, ndihma do t&#39;u jepet familjeve nga listat e b\u00ebra nga p\u00ebrfaq\u00ebsuesit e komuniteteve rome nga vendbanimet e p\u00ebrmendura duke u kujdesur q\u00eb paketat t\u00eb p\u00ebrfundojn\u00eb n\u00eb familjet me t\u00eb v\u00ebrtet\u00eb m\u00eb t\u00eb rrezikuara.<\/p>\n<p>\n\t&quot;Si\u00e7 kam njoftuar edhe m\u00eb her\u00ebt ne kemi k\u00ebrkuar nga autoritetet e vet\u00ebqeverisjes lokale p\u00ebr listat e qytetar\u00ebve q\u00eb kan\u00eb marr\u00eb tashm\u00eb ndihm\u00eb, si nga komuna ashtu edhe nga donacionet n\u00eb m\u00ebnyr\u00eb q\u00eb t\u00eb mos ndodhte q\u00eb dikush t\u00eb marr\u00eb ndihm\u00eb m\u00eb shum\u00eb se nj\u00eb her\u00eb dhe dikush kurr\u00eb&quot;, tha Lazareviq. .<\/p>\n<p>\n\tNdihma do t\u00eb shp\u00ebrndahet n\u00eb Kryqin e Kuq, dhe nj\u00eb orar \u00ebsht\u00eb publikuar n\u00eb baz\u00eb t\u00eb datave kur banor\u00ebt e disa vendbanimeve do t\u00eb jen\u00eb n\u00eb gjendje t\u00eb marrin paketat.<\/p>\n<p>\n\tFillon me<em> <\/em>Lagjen e Re<em> <\/em>m\u00eb 18 maj dhe pastaj &quot;Jaqima Djoshiqa&quot;,&quot;Morava 76&quot;, rrug\u00ebn e Morav\u00ebs dhe rrug\u00ebn e Gjilanit.<\/p>\n<p>\n\tKryqi i Kuq thekson se orari duhet t\u00eb respektohet rrept\u00ebsisht si dhe masat e p\u00ebrcaktuara p\u00ebr t\u00eb parandaluar p\u00ebrhapjen e virusit Covid-19, d.m.th q\u00eb \u00ebsht\u00eb e detyrueshme t\u00eb vishni maska mbrojt\u00ebse dhe doreza dhe t\u00eb ruani distanc\u00ebn.<\/p>\n<p>\n\tK\u00ebrkohet nj\u00eb kart\u00eb identiteti e vlefshme dhe n\u00ebse nuk arrijn\u00eb t\u00eb marrin paket\u00ebn brenda periudh\u00ebs s\u00eb caktuar atyre do t&#39;ju lejohet ta b\u00ebjn\u00eb 7 dit\u00eb pas dit\u00ebs s\u00eb fundit t\u00eb shp\u00ebrndarjes.<\/p>\n<p>\n\tLazareviq njoftoi gjithashtu ndihm\u00eb p\u00ebr familjet e moshuara dhe familjet me t\u00eb rrezikuara n\u00eb komunitetet lokale.<\/p>\n<p>\n\tMenj\u00ebher\u00eb pas k\u00ebsaj shp\u00ebrndarjeje, ne do t&#39;i shp\u00ebrndajm\u00eb edhe 400 pako t\u00eb tjera nga UNHCR p\u00ebr personat m\u00eb t\u00eb prekur n\u00eb komunitetet lokale. Gjithashtu, s\u00eb shpejti do t\u00eb ket\u00eb ndihm\u00eb p\u00ebr 80 familje me nj\u00eb num\u00ebr m\u00eb t\u00eb madh t\u00eb f\u00ebmij\u00ebve t\u00eb siguruar nga UNICEF,&quot;tha Lazareviq.<\/p>\n<p>\n\t<strong>Burimi: Bujanova\u00e7ke dhe Trupi Koordinues<\/strong><\/p>\n<p>\n\t\u00a0<\/p>\n","protected":false},"excerpt":{"rendered":"<p>Bujanoc\u00a0\u2013 Kryqi i Kuq i Bujanocit nga e H\u00ebna (18 maj) do t\u00eb filloj\u00eb shp\u00ebrndarjen e paketave humanitare t\u00eb ushqimit, produkteve higjienike dhe miellit p\u00ebr banor\u00ebt e komun\u00ebs s\u00eb Bujanocit, t\u00eb cil\u00ebt jetojn\u00eb n\u00eb t\u00eb ashtuquajturat vendbanime n\u00ebn standarde &quot;Jaqima Djoshiqa&quot;, &quot;Morava 76&quot;,\u00a0n\u00eb Lagjen e Re, rrug\u00ebn t\u00eb Morav\u00ebs dhe rrug\u00ebn e Gjilanit.<\/p>\n","protected":false},"author":1,"featured_media":112439,"comment_status":"closed","ping_status":"closed","sticky":false,"template":"","format":"standard","meta":{"footnotes":""},"categories":[55],"tags":[],"class_list":["post-112434","post","type-post","status-publish","format-standard","has-post-thumbnail","hentry","category-lajme"],"yoast_head":"<!-- This site is optimized with the Yoast SEO plugin v27.5 - https:\/\/yoast.com\/product\/yoast-seo-wordpress\/ -->\n<title>KRYQI I KUQ: PAKETAT E NDIHM\u00cbS T\u00cb GATSHME - Republika e S\u00ebrbis\u00eb Trupi Koordinues p\u00ebr komunat Bujanoc, Preshev\u00eb dhe Medvegj\u00eb<\/title>\n<meta name=\"robots\" content=\"index, follow, max-snippet:-1, max-image-preview:large, max-video-preview:-1\" \/>\n<link rel=\"canonical\" href=\"https:\/\/kt.gov.rs\/sq\/kryqi-i-kuq-paketat-e-ndihmes-te-gatshme\/\" \/>\n<meta property=\"og:locale\" content=\"sq_AL\" \/>\n<meta property=\"og:type\" content=\"article\" \/>\n<meta property=\"og:title\" content=\"KRYQI I KUQ: PAKETAT E NDIHM\u00cbS T\u00cb GATSHME - Republika e S\u00ebrbis\u00eb Trupi Koordinues p\u00ebr komunat Bujanoc, Preshev\u00eb dhe Medvegj\u00eb\" \/>\n<meta property=\"og:description\" content=\"Bujanoc\u00a0- Kryqi i Kuq i Bujanocit nga e H\u00ebna (18 maj) do t\u00eb filloj\u00eb shp\u00ebrndarjen e paketave humanitare t\u00eb ushqimit, produkteve higjienike dhe miellit p\u00ebr banor\u00ebt e komun\u00ebs s\u00eb Bujanocit, t\u00eb cil\u00ebt jetojn\u00eb n\u00eb t\u00eb ashtuquajturat vendbanime n\u00ebn standarde &quot;Jaqima Djoshiqa&quot;, &quot;Morava 76&quot;,\u00a0n\u00eb Lagjen e Re, rrug\u00ebn t\u00eb Morav\u00ebs dhe rrug\u00ebn e Gjilanit.\" \/>\n<meta property=\"og:url\" content=\"https:\/\/kt.gov.rs\/sq\/kryqi-i-kuq-paketat-e-ndihmes-te-gatshme\/\" \/>\n<meta property=\"og:site_name\" content=\"Republika e S\u00ebrbis\u00eb Trupi Koordinues p\u00ebr komunat Bujanoc, Preshev\u00eb dhe Medvegj\u00eb\" \/>\n<meta property=\"article:publisher\" content=\"https:\/\/www.facebook.com\/SluzbaKoordinacionogTelaVladeRepublikeSrbije\" \/>\n<meta property=\"article:published_time\" content=\"2020-05-14T00:00:00+00:00\" \/>\n<meta property=\"article:modified_time\" content=\"2024-07-30T18:04:28+00:00\" \/>\n<meta property=\"og:image\" content=\"https:\/\/kt.gov.rs\/wp-content\/uploads\/2024\/07\/1589450734_140520_6-5.jpg\" \/>\n\t<meta property=\"og:image:width\" content=\"315\" \/>\n\t<meta property=\"og:image:height\" content=\"230\" \/>\n\t<meta property=\"og:image:type\" content=\"image\/jpeg\" \/>\n<meta name=\"author\" content=\"ktmin\" \/>\n<meta name=\"twitter:card\" content=\"summary_large_image\" \/>\n<meta name=\"twitter:creator\" content=\"@kt_gov\" \/>\n<meta name=\"twitter:site\" content=\"@kt_gov\" \/>\n<meta name=\"twitter:label1\" content=\"Written by\" \/>\n\t<meta name=\"twitter:data1\" content=\"ktmin\" \/>\n\t<meta name=\"twitter:label2\" content=\"Est. reading time\" \/>\n\t<meta name=\"twitter:data2\" content=\"3 minutes\" \/>\n<script type=\"application\/ld+json\" class=\"yoast-schema-graph\">{\"@context\":\"https:\\\/\\\/schema.org\",\"@graph\":[{\"@type\":\"Article\",\"@id\":\"https:\\\/\\\/kt.gov.rs\\\/sq\\\/kryqi-i-kuq-paketat-e-ndihmes-te-gatshme\\\/#article\",\"isPartOf\":{\"@id\":\"https:\\\/\\\/kt.gov.rs\\\/sq\\\/kryqi-i-kuq-paketat-e-ndihmes-te-gatshme\\\/\"},\"author\":{\"name\":\"ktmin\",\"@id\":\"https:\\\/\\\/kt.gov.rs\\\/#\\\/schema\\\/person\\\/e426459ddb4173309103390602694571\"},\"headline\":\"KRYQI I KUQ: PAKETAT E NDIHM\u00cbS T\u00cb GATSHME\",\"datePublished\":\"2020-05-14T00:00:00+00:00\",\"dateModified\":\"2024-07-30T18:04:28+00:00\",\"mainEntityOfPage\":{\"@id\":\"https:\\\/\\\/kt.gov.rs\\\/sq\\\/kryqi-i-kuq-paketat-e-ndihmes-te-gatshme\\\/\"},\"wordCount\":588,\"publisher\":{\"@id\":\"https:\\\/\\\/kt.gov.rs\\\/#organization\"},\"image\":{\"@id\":\"https:\\\/\\\/kt.gov.rs\\\/sq\\\/kryqi-i-kuq-paketat-e-ndihmes-te-gatshme\\\/#primaryimage\"},\"thumbnailUrl\":\"https:\\\/\\\/kt.gov.rs\\\/wp-content\\\/uploads\\\/2024\\\/07\\\/1589450734_140520_6-5.jpg\",\"articleSection\":[\"Lajme\"],\"inLanguage\":\"sq-AL\"},{\"@type\":\"WebPage\",\"@id\":\"https:\\\/\\\/kt.gov.rs\\\/sq\\\/kryqi-i-kuq-paketat-e-ndihmes-te-gatshme\\\/\",\"url\":\"https:\\\/\\\/kt.gov.rs\\\/sq\\\/kryqi-i-kuq-paketat-e-ndihmes-te-gatshme\\\/\",\"name\":\"KRYQI I KUQ: PAKETAT E NDIHM\u00cbS T\u00cb GATSHME - Republika e S\u00ebrbis\u00eb Trupi Koordinues p\u00ebr komunat Bujanoc, Preshev\u00eb dhe Medvegj\u00eb\",\"isPartOf\":{\"@id\":\"https:\\\/\\\/kt.gov.rs\\\/#website\"},\"primaryImageOfPage\":{\"@id\":\"https:\\\/\\\/kt.gov.rs\\\/sq\\\/kryqi-i-kuq-paketat-e-ndihmes-te-gatshme\\\/#primaryimage\"},\"image\":{\"@id\":\"https:\\\/\\\/kt.gov.rs\\\/sq\\\/kryqi-i-kuq-paketat-e-ndihmes-te-gatshme\\\/#primaryimage\"},\"thumbnailUrl\":\"https:\\\/\\\/kt.gov.rs\\\/wp-content\\\/uploads\\\/2024\\\/07\\\/1589450734_140520_6-5.jpg\",\"datePublished\":\"2020-05-14T00:00:00+00:00\",\"dateModified\":\"2024-07-30T18:04:28+00:00\",\"breadcrumb\":{\"@id\":\"https:\\\/\\\/kt.gov.rs\\\/sq\\\/kryqi-i-kuq-paketat-e-ndihmes-te-gatshme\\\/#breadcrumb\"},\"inLanguage\":\"sq-AL\",\"potentialAction\":[{\"@type\":\"ReadAction\",\"target\":[\"https:\\\/\\\/kt.gov.rs\\\/sq\\\/kryqi-i-kuq-paketat-e-ndihmes-te-gatshme\\\/\"]}]},{\"@type\":\"ImageObject\",\"inLanguage\":\"sq-AL\",\"@id\":\"https:\\\/\\\/kt.gov.rs\\\/sq\\\/kryqi-i-kuq-paketat-e-ndihmes-te-gatshme\\\/#primaryimage\",\"url\":\"https:\\\/\\\/kt.gov.rs\\\/wp-content\\\/uploads\\\/2024\\\/07\\\/1589450734_140520_6-5.jpg\",\"contentUrl\":\"https:\\\/\\\/kt.gov.rs\\\/wp-content\\\/uploads\\\/2024\\\/07\\\/1589450734_140520_6-5.jpg\",\"width\":315,\"height\":230},{\"@type\":\"BreadcrumbList\",\"@id\":\"https:\\\/\\\/kt.gov.rs\\\/sq\\\/kryqi-i-kuq-paketat-e-ndihmes-te-gatshme\\\/#breadcrumb\",\"itemListElement\":[{\"@type\":\"ListItem\",\"position\":1,\"name\":\"\u041f\u043e\u0447\u0435\u0442\u043d\u0430\",\"item\":\"https:\\\/\\\/kt.gov.rs\\\/sq\\\/\"},{\"@type\":\"ListItem\",\"position\":2,\"name\":\"KRYQI I KUQ: PAKETAT E NDIHM\u00cbS T\u00cb GATSHME\"}]},{\"@type\":\"WebSite\",\"@id\":\"https:\\\/\\\/kt.gov.rs\\\/#website\",\"url\":\"https:\\\/\\\/kt.gov.rs\\\/\",\"name\":\"\u041a\u043e\u043e\u0440\u0434\u0438\u043d\u0430\u0446\u0438\u043e\u043d\u043e \u0442\u0435\u043b\u043e \u0412\u043b\u0430\u0434\u0435 \u0420\u0435\u043f\u0443\u0431\u043b\u0438\u043a\u0435 \u0421\u0440\u0431\u0438\u0458\u0435 \u0437\u0430 \u043e\u043f\u0448\u0442\u0438\u043d\u0435 \u041f\u0440\u0435\u0448\u0435\u0432\u043e, \u0411\u0443\u0458\u0430\u043d\u043e\u0432\u0430\u0446 \u0438 \u041c\u0435\u0434\u0432\u0435\u0452a\",\"description\":\"\",\"publisher\":{\"@id\":\"https:\\\/\\\/kt.gov.rs\\\/#organization\"},\"alternateName\":\"\u041a\u043e\u043e\u0440\u0434\u0438\u043d\u0430\u0446\u0438\u043e\u043d\u043e \u0442\u0435\u043b\u043e\",\"potentialAction\":[{\"@type\":\"SearchAction\",\"target\":{\"@type\":\"EntryPoint\",\"urlTemplate\":\"https:\\\/\\\/kt.gov.rs\\\/?s={search_term_string}\"},\"query-input\":{\"@type\":\"PropertyValueSpecification\",\"valueRequired\":true,\"valueName\":\"search_term_string\"}}],\"inLanguage\":\"sq-AL\"},{\"@type\":\"Organization\",\"@id\":\"https:\\\/\\\/kt.gov.rs\\\/#organization\",\"name\":\"\u041a\u043e\u043e\u0440\u0434\u0438\u043d\u0430\u0446\u0438\u043e\u043d\u043e \u0442\u0435\u043b\u043e \u0412\u043b\u0430\u0434\u0435 \u0420\u0435\u043f\u0443\u0431\u043b\u0438\u043a\u0435 \u0421\u0440\u0431\u0438\u0458\u0435 \u0437\u0430 \u043e\u043f\u0448\u0442\u0438\u043d\u0435 \u041f\u0440\u0435\u0448\u0435\u0432\u043e, \u0411\u0443\u0458\u0430\u043d\u043e\u0432\u0430\u0446 \u0438 \u041c\u0435\u0434\u0432\u0435\u0452a\",\"alternateName\":\"\u041a\u043e\u043e\u0440\u0434\u0438\u043d\u0430\u0446\u0438\u043e\u043d\u043e \u0442\u0435\u043b\u043e\",\"url\":\"https:\\\/\\\/kt.gov.rs\\\/\",\"logo\":{\"@type\":\"ImageObject\",\"inLanguage\":\"sq-AL\",\"@id\":\"https:\\\/\\\/kt.gov.rs\\\/#\\\/schema\\\/logo\\\/image\\\/\",\"url\":\"https:\\\/\\\/kt.gov.rs\\\/wp-content\\\/uploads\\\/2024\\\/12\\\/koord2.jpg\",\"contentUrl\":\"https:\\\/\\\/kt.gov.rs\\\/wp-content\\\/uploads\\\/2024\\\/12\\\/koord2.jpg\",\"width\":640,\"height\":480,\"caption\":\"\u041a\u043e\u043e\u0440\u0434\u0438\u043d\u0430\u0446\u0438\u043e\u043d\u043e \u0442\u0435\u043b\u043e \u0412\u043b\u0430\u0434\u0435 \u0420\u0435\u043f\u0443\u0431\u043b\u0438\u043a\u0435 \u0421\u0440\u0431\u0438\u0458\u0435 \u0437\u0430 \u043e\u043f\u0448\u0442\u0438\u043d\u0435 \u041f\u0440\u0435\u0448\u0435\u0432\u043e, \u0411\u0443\u0458\u0430\u043d\u043e\u0432\u0430\u0446 \u0438 \u041c\u0435\u0434\u0432\u0435\u0452a\"},\"image\":{\"@id\":\"https:\\\/\\\/kt.gov.rs\\\/#\\\/schema\\\/logo\\\/image\\\/\"},\"sameAs\":[\"https:\\\/\\\/www.facebook.com\\\/SluzbaKoordinacionogTelaVladeRepublikeSrbije\",\"https:\\\/\\\/x.com\\\/kt_gov\",\"https:\\\/\\\/www.youtube.com\\\/@koordinacionotelo\"]},{\"@type\":\"Person\",\"@id\":\"https:\\\/\\\/kt.gov.rs\\\/#\\\/schema\\\/person\\\/e426459ddb4173309103390602694571\",\"name\":\"ktmin\",\"image\":{\"@type\":\"ImageObject\",\"inLanguage\":\"sq-AL\",\"@id\":\"https:\\\/\\\/secure.gravatar.com\\\/avatar\\\/3985c961109853010c3fbc7ba30365bfba5db3dd6c525831d9c595c7525a615a?s=96&d=mm&r=g\",\"url\":\"https:\\\/\\\/secure.gravatar.com\\\/avatar\\\/3985c961109853010c3fbc7ba30365bfba5db3dd6c525831d9c595c7525a615a?s=96&d=mm&r=g\",\"contentUrl\":\"https:\\\/\\\/secure.gravatar.com\\\/avatar\\\/3985c961109853010c3fbc7ba30365bfba5db3dd6c525831d9c595c7525a615a?s=96&d=mm&r=g\",\"caption\":\"ktmin\"},\"sameAs\":[\"https:\\\/\\\/kt.gov.rs\"],\"url\":\"https:\\\/\\\/kt.gov.rs\\\/sq\\\/author\\\/ktmin\\\/\"}]}<\/script>\n<!-- \/ Yoast SEO plugin. -->","yoast_head_json":{"title":"KRYQI I KUQ: PAKETAT E NDIHM\u00cbS T\u00cb GATSHME - Republika e S\u00ebrbis\u00eb Trupi Koordinues p\u00ebr komunat Bujanoc, Preshev\u00eb dhe Medvegj\u00eb","robots":{"index":"index","follow":"follow","max-snippet":"max-snippet:-1","max-image-preview":"max-image-preview:large","max-video-preview":"max-video-preview:-1"},"canonical":"https:\/\/kt.gov.rs\/sq\/kryqi-i-kuq-paketat-e-ndihmes-te-gatshme\/","og_locale":"sq_AL","og_type":"article","og_title":"KRYQI I KUQ: PAKETAT E NDIHM\u00cbS T\u00cb GATSHME - Republika e S\u00ebrbis\u00eb Trupi Koordinues p\u00ebr komunat Bujanoc, Preshev\u00eb dhe Medvegj\u00eb","og_description":"Bujanoc\u00a0- Kryqi i Kuq i Bujanocit nga e H\u00ebna (18 maj) do t\u00eb filloj\u00eb shp\u00ebrndarjen e paketave humanitare t\u00eb ushqimit, produkteve higjienike dhe miellit p\u00ebr banor\u00ebt e komun\u00ebs s\u00eb Bujanocit, t\u00eb cil\u00ebt jetojn\u00eb n\u00eb t\u00eb ashtuquajturat vendbanime n\u00ebn standarde &quot;Jaqima Djoshiqa&quot;, &quot;Morava 76&quot;,\u00a0n\u00eb Lagjen e Re, rrug\u00ebn t\u00eb Morav\u00ebs dhe rrug\u00ebn e Gjilanit.","og_url":"https:\/\/kt.gov.rs\/sq\/kryqi-i-kuq-paketat-e-ndihmes-te-gatshme\/","og_site_name":"Republika e S\u00ebrbis\u00eb Trupi Koordinues p\u00ebr komunat Bujanoc, Preshev\u00eb dhe Medvegj\u00eb","article_publisher":"https:\/\/www.facebook.com\/SluzbaKoordinacionogTelaVladeRepublikeSrbije","article_published_time":"2020-05-14T00:00:00+00:00","article_modified_time":"2024-07-30T18:04:28+00:00","og_image":[{"width":315,"height":230,"url":"https:\/\/kt.gov.rs\/wp-content\/uploads\/2024\/07\/1589450734_140520_6-5.jpg","type":"image\/jpeg"}],"author":"ktmin","twitter_card":"summary_large_image","twitter_creator":"@kt_gov","twitter_site":"@kt_gov","twitter_misc":{"Written by":"ktmin","Est. reading time":"3 minutes"},"schema":{"@context":"https:\/\/schema.org","@graph":[{"@type":"Article","@id":"https:\/\/kt.gov.rs\/sq\/kryqi-i-kuq-paketat-e-ndihmes-te-gatshme\/#article","isPartOf":{"@id":"https:\/\/kt.gov.rs\/sq\/kryqi-i-kuq-paketat-e-ndihmes-te-gatshme\/"},"author":{"name":"ktmin","@id":"https:\/\/kt.gov.rs\/#\/schema\/person\/e426459ddb4173309103390602694571"},"headline":"KRYQI I KUQ: PAKETAT E NDIHM\u00cbS T\u00cb GATSHME","datePublished":"2020-05-14T00:00:00+00:00","dateModified":"2024-07-30T18:04:28+00:00","mainEntityOfPage":{"@id":"https:\/\/kt.gov.rs\/sq\/kryqi-i-kuq-paketat-e-ndihmes-te-gatshme\/"},"wordCount":588,"publisher":{"@id":"https:\/\/kt.gov.rs\/#organization"},"image":{"@id":"https:\/\/kt.gov.rs\/sq\/kryqi-i-kuq-paketat-e-ndihmes-te-gatshme\/#primaryimage"},"thumbnailUrl":"https:\/\/kt.gov.rs\/wp-content\/uploads\/2024\/07\/1589450734_140520_6-5.jpg","articleSection":["Lajme"],"inLanguage":"sq-AL"},{"@type":"WebPage","@id":"https:\/\/kt.gov.rs\/sq\/kryqi-i-kuq-paketat-e-ndihmes-te-gatshme\/","url":"https:\/\/kt.gov.rs\/sq\/kryqi-i-kuq-paketat-e-ndihmes-te-gatshme\/","name":"KRYQI I KUQ: PAKETAT E NDIHM\u00cbS T\u00cb GATSHME - Republika e S\u00ebrbis\u00eb Trupi Koordinues p\u00ebr komunat Bujanoc, Preshev\u00eb dhe Medvegj\u00eb","isPartOf":{"@id":"https:\/\/kt.gov.rs\/#website"},"primaryImageOfPage":{"@id":"https:\/\/kt.gov.rs\/sq\/kryqi-i-kuq-paketat-e-ndihmes-te-gatshme\/#primaryimage"},"image":{"@id":"https:\/\/kt.gov.rs\/sq\/kryqi-i-kuq-paketat-e-ndihmes-te-gatshme\/#primaryimage"},"thumbnailUrl":"https:\/\/kt.gov.rs\/wp-content\/uploads\/2024\/07\/1589450734_140520_6-5.jpg","datePublished":"2020-05-14T00:00:00+00:00","dateModified":"2024-07-30T18:04:28+00:00","breadcrumb":{"@id":"https:\/\/kt.gov.rs\/sq\/kryqi-i-kuq-paketat-e-ndihmes-te-gatshme\/#breadcrumb"},"inLanguage":"sq-AL","potentialAction":[{"@type":"ReadAction","target":["https:\/\/kt.gov.rs\/sq\/kryqi-i-kuq-paketat-e-ndihmes-te-gatshme\/"]}]},{"@type":"ImageObject","inLanguage":"sq-AL","@id":"https:\/\/kt.gov.rs\/sq\/kryqi-i-kuq-paketat-e-ndihmes-te-gatshme\/#primaryimage","url":"https:\/\/kt.gov.rs\/wp-content\/uploads\/2024\/07\/1589450734_140520_6-5.jpg","contentUrl":"https:\/\/kt.gov.rs\/wp-content\/uploads\/2024\/07\/1589450734_140520_6-5.jpg","width":315,"height":230},{"@type":"BreadcrumbList","@id":"https:\/\/kt.gov.rs\/sq\/kryqi-i-kuq-paketat-e-ndihmes-te-gatshme\/#breadcrumb","itemListElement":[{"@type":"ListItem","position":1,"name":"\u041f\u043e\u0447\u0435\u0442\u043d\u0430","item":"https:\/\/kt.gov.rs\/sq\/"},{"@type":"ListItem","position":2,"name":"KRYQI I KUQ: PAKETAT E NDIHM\u00cbS T\u00cb GATSHME"}]},{"@type":"WebSite","@id":"https:\/\/kt.gov.rs\/#website","url":"https:\/\/kt.gov.rs\/","name":"\u041a\u043e\u043e\u0440\u0434\u0438\u043d\u0430\u0446\u0438\u043e\u043d\u043e \u0442\u0435\u043b\u043e \u0412\u043b\u0430\u0434\u0435 \u0420\u0435\u043f\u0443\u0431\u043b\u0438\u043a\u0435 \u0421\u0440\u0431\u0438\u0458\u0435 \u0437\u0430 \u043e\u043f\u0448\u0442\u0438\u043d\u0435 \u041f\u0440\u0435\u0448\u0435\u0432\u043e, \u0411\u0443\u0458\u0430\u043d\u043e\u0432\u0430\u0446 \u0438 \u041c\u0435\u0434\u0432\u0435\u0452a","description":"","publisher":{"@id":"https:\/\/kt.gov.rs\/#organization"},"alternateName":"\u041a\u043e\u043e\u0440\u0434\u0438\u043d\u0430\u0446\u0438\u043e\u043d\u043e \u0442\u0435\u043b\u043e","potentialAction":[{"@type":"SearchAction","target":{"@type":"EntryPoint","urlTemplate":"https:\/\/kt.gov.rs\/?s={search_term_string}"},"query-input":{"@type":"PropertyValueSpecification","valueRequired":true,"valueName":"search_term_string"}}],"inLanguage":"sq-AL"},{"@type":"Organization","@id":"https:\/\/kt.gov.rs\/#organization","name":"\u041a\u043e\u043e\u0440\u0434\u0438\u043d\u0430\u0446\u0438\u043e\u043d\u043e \u0442\u0435\u043b\u043e \u0412\u043b\u0430\u0434\u0435 \u0420\u0435\u043f\u0443\u0431\u043b\u0438\u043a\u0435 \u0421\u0440\u0431\u0438\u0458\u0435 \u0437\u0430 \u043e\u043f\u0448\u0442\u0438\u043d\u0435 \u041f\u0440\u0435\u0448\u0435\u0432\u043e, \u0411\u0443\u0458\u0430\u043d\u043e\u0432\u0430\u0446 \u0438 \u041c\u0435\u0434\u0432\u0435\u0452a","alternateName":"\u041a\u043e\u043e\u0440\u0434\u0438\u043d\u0430\u0446\u0438\u043e\u043d\u043e \u0442\u0435\u043b\u043e","url":"https:\/\/kt.gov.rs\/","logo":{"@type":"ImageObject","inLanguage":"sq-AL","@id":"https:\/\/kt.gov.rs\/#\/schema\/logo\/image\/","url":"https:\/\/kt.gov.rs\/wp-content\/uploads\/2024\/12\/koord2.jpg","contentUrl":"https:\/\/kt.gov.rs\/wp-content\/uploads\/2024\/12\/koord2.jpg","width":640,"height":480,"caption":"\u041a\u043e\u043e\u0440\u0434\u0438\u043d\u0430\u0446\u0438\u043e\u043d\u043e \u0442\u0435\u043b\u043e \u0412\u043b\u0430\u0434\u0435 \u0420\u0435\u043f\u0443\u0431\u043b\u0438\u043a\u0435 \u0421\u0440\u0431\u0438\u0458\u0435 \u0437\u0430 \u043e\u043f\u0448\u0442\u0438\u043d\u0435 \u041f\u0440\u0435\u0448\u0435\u0432\u043e, \u0411\u0443\u0458\u0430\u043d\u043e\u0432\u0430\u0446 \u0438 \u041c\u0435\u0434\u0432\u0435\u0452a"},"image":{"@id":"https:\/\/kt.gov.rs\/#\/schema\/logo\/image\/"},"sameAs":["https:\/\/www.facebook.com\/SluzbaKoordinacionogTelaVladeRepublikeSrbije","https:\/\/x.com\/kt_gov","https:\/\/www.youtube.com\/@koordinacionotelo"]},{"@type":"Person","@id":"https:\/\/kt.gov.rs\/#\/schema\/person\/e426459ddb4173309103390602694571","name":"ktmin","image":{"@type":"ImageObject","inLanguage":"sq-AL","@id":"https:\/\/secure.gravatar.com\/avatar\/3985c961109853010c3fbc7ba30365bfba5db3dd6c525831d9c595c7525a615a?s=96&d=mm&r=g","url":"https:\/\/secure.gravatar.com\/avatar\/3985c961109853010c3fbc7ba30365bfba5db3dd6c525831d9c595c7525a615a?s=96&d=mm&r=g","contentUrl":"https:\/\/secure.gravatar.com\/avatar\/3985c961109853010c3fbc7ba30365bfba5db3dd6c525831d9c595c7525a615a?s=96&d=mm&r=g","caption":"ktmin"},"sameAs":["https:\/\/kt.gov.rs"],"url":"https:\/\/kt.gov.rs\/sq\/author\/ktmin\/"}]}},"_links":{"self":[{"href":"https:\/\/kt.gov.rs\/sq\/wp-json\/wp\/v2\/posts\/112434","targetHints":{"allow":["GET"]}}],"collection":[{"href":"https:\/\/kt.gov.rs\/sq\/wp-json\/wp\/v2\/posts"}],"about":[{"href":"https:\/\/kt.gov.rs\/sq\/wp-json\/wp\/v2\/types\/post"}],"author":[{"embeddable":true,"href":"https:\/\/kt.gov.rs\/sq\/wp-json\/wp\/v2\/users\/1"}],"replies":[{"embeddable":true,"href":"https:\/\/kt.gov.rs\/sq\/wp-json\/wp\/v2\/comments?post=112434"}],"version-history":[{"count":1,"href":"https:\/\/kt.gov.rs\/sq\/wp-json\/wp\/v2\/posts\/112434\/revisions"}],"predecessor-version":[{"id":112438,"href":"https:\/\/kt.gov.rs\/sq\/wp-json\/wp\/v2\/posts\/112434\/revisions\/112438"}],"wp:featuredmedia":[{"embeddable":true,"href":"https:\/\/kt.gov.rs\/sq\/wp-json\/wp\/v2\/media\/112439"}],"wp:attachment":[{"href":"https:\/\/kt.gov.rs\/sq\/wp-json\/wp\/v2\/media?parent=112434"}],"wp:term":[{"taxonomy":"category","embeddable":true,"href":"https:\/\/kt.gov.rs\/sq\/wp-json\/wp\/v2\/categories?post=112434"},{"taxonomy":"post_tag","embeddable":true,"href":"https:\/\/kt.gov.rs\/sq\/wp-json\/wp\/v2\/tags?post=112434"}],"curies":[{"name":"wp","href":"https:\/\/api.w.org\/{rel}","templated":true}]}}