{"id":112330,"date":"2020-05-20T00:00:00","date_gmt":"2020-05-20T00:00:00","guid":{"rendered":"http:\/\/kt.printandscreen.rs\/iniciativa-e-komisionit-evropian-njihuni-me-fqinjet-e-fqinjeve-permes-festivalit-te-filmit-ne-internet\/"},"modified":"2024-07-30T18:04:18","modified_gmt":"2024-07-30T18:04:18","slug":"iniciativa-e-komisionit-evropian-njihuni-me-fqinjet-e-fqinjeve-permes-festivalit-te-filmit-ne-internet","status":"publish","type":"post","link":"https:\/\/kt.gov.rs\/sq\/iniciativa-e-komisionit-evropian-njihuni-me-fqinjet-e-fqinjeve-permes-festivalit-te-filmit-ne-internet\/","title":{"rendered":"INICIATIVA E KOMISIONIT EVROPIAN: NJIHUNI ME FQINJ\u00cbT E FQINJ\u00cbVE P\u00cbRMES FESTIVALIT T\u00cb FILMIT N\u00cb INTERNET"},"content":{"rendered":"<p>\n\t<img decoding=\"async\" alt=\"\" src=\"https:\/\/kt.gov.rs\/wp-content\/uploads\/2024\/07\/1589965550_200520_2-4.jpg\" style=\"width: 315px; height: 230px; float: left;\" \/><\/p>\n<p>\n\tKomisioni Evropian ka iniciuar nj\u00eb festival t\u00eb filmave n\u00eb internet p\u00ebr t\u00eb afruar t\u00eb rinjt\u00eb nga Evropa, Afrika dhe Mesdheu pran\u00eb nj\u00ebri-tjetrit.<\/p>\n<p>\n\tNd\u00ebrsa kriza COVID-19 parandalon nx\u00ebn\u00ebsit dhe student\u00ebt n\u00eb t\u00eb gjith\u00eb bot\u00ebn t\u00eb ndjekin shkoll\u00ebn, Bashkimi Evropian ka filluar nj\u00eb iniciativ\u00eb p\u00ebr t\u00eb inkurajuar t\u00eb rinjt\u00eb nga shtetet an\u00ebtare dhe vendet partnere p\u00ebr t\u00eb hyr\u00eb n\u00eb p\u00ebrmbajtje t\u00eb larmishme kulturore n\u00eb m\u00ebnyr\u00eb q\u00eb t\u00eb promovojn\u00eb iden\u00eb e qytetaris\u00eb globale dhe solidaritetit, p\u00ebr t\u00eb ngjallur interes midis tyre p\u00ebr t\u00eb zbuluar bot\u00eb dhe kultura t\u00eb reja nd\u00ebrsa jan\u00eb n\u00eb sht\u00ebpi.<\/p>\n<p>\n\tIniciativa &quot;<em> <\/em>Njihuni\u00a0me fqinj\u00ebt e fqinj\u00ebve n\u00eb koh\u00ebn e COVID-19\u201d u siguron nx\u00ebn\u00ebsve dhe student\u00ebve si dhe t\u00eb gjith\u00eb t\u00eb rinjve nga Afrika dhe Mesdheu, qasje falas n\u00eb nj\u00eb p\u00ebrzgjedhje t\u00eb rreth 40 filmave me metrazh t\u00eb lart\u00eb t\u00eb kualitetit t\u00eb lart\u00eb p\u00ebrmes platforma transmetuese <a href=\"https:\/\/www.festivalscope.com\/all\/festival\/euffestival-online-film-festival\/2020\" target=\"_blank\" rel=\"noopener\">\u00a0FestivalScope.com<\/a> \u00a0(<a href=\"https:\/\/www.festivalscope.com\/all\/festival\/euffestival-online-film-festival\/2020\">https:\/\/www.festivalscope.com\/all\/festival\/euffestival-online-film-festival\/2020<\/a>).Rreth 20 filma evropian\u00eb jan\u00eb n\u00eb dispozicion t\u00eb t\u00eb rinjve n\u00eb Afrik\u00eb dhe Mesdhe, nd\u00ebrsa nj\u00ebzet filma nga Afrika dhe Mesdheu jan\u00eb n\u00eb dispozicion p\u00ebr shikuesit e rinj n\u00eb Evrop\u00eb dhe Ballkan. Shfaqja e filmave do t\u00eb zgjas\u00eb m\u00eb shum\u00eb se 27 dit\u00eb duke filluar nga 9 maj n\u00eb dit\u00ebn e sh\u00ebnimit t\u00eb 70-vjetorit t\u00eb n\u00ebnshkrimit t\u00eb Deklarat\u00ebs s\u00eb Schuman\u00a0 deri n\u00eb 4 qershor. Qasja n\u00eb platform\u00ebn transmetuese \u00ebsht\u00eb falas.<\/p>\n<p>\n\t\u00a0\u201cNjihuni\u00a0me fqinj\u00ebt e fqinj\u00ebve\u201d \u00ebsht\u00eb nj\u00eb iniciativ\u00eb e zbatuar si pjes\u00eb e projektit Mb\u00ebshtetje p\u00ebr Festivalet e filmit Evropian.<\/p>\n<p>\n\t<strong>Burimi:\u00a0<a href=\"https:\/\/europa.rs\/upoznajte-susede-suseda-kroz-online-filmski-festival\/\" target=\"_blank\" rel=\"noopener\">europa.rs<\/a><\/strong><strong> <strong>dhe Trupi Koordinues<\/strong><\/strong><\/p>\n<p>\n\t\u00a0<\/p>\n","protected":false},"excerpt":{"rendered":"<p>Komisioni Evropian ka iniciuar nj\u00eb festival t\u00eb filmave n\u00eb internet p\u00ebr t\u00eb afruar t\u00eb rinjt\u00eb nga Evropa, Afrika dhe Mesdheu pran\u00eb nj\u00ebri-tjetrit.<\/p>\n","protected":false},"author":1,"featured_media":112335,"comment_status":"closed","ping_status":"closed","sticky":false,"template":"","format":"standard","meta":{"footnotes":""},"categories":[55],"tags":[],"class_list":["post-112330","post","type-post","status-publish","format-standard","has-post-thumbnail","hentry","category-lajme"],"yoast_head":"<!-- This site is optimized with the Yoast SEO plugin v27.5 - https:\/\/yoast.com\/product\/yoast-seo-wordpress\/ -->\n<title>INICIATIVA E KOMISIONIT EVROPIAN: NJIHUNI ME FQINJ\u00cbT E FQINJ\u00cbVE P\u00cbRMES FESTIVALIT T\u00cb FILMIT N\u00cb INTERNET - Republika e S\u00ebrbis\u00eb Trupi Koordinues p\u00ebr komunat Bujanoc, Preshev\u00eb dhe Medvegj\u00eb<\/title>\n<meta name=\"robots\" content=\"index, follow, max-snippet:-1, max-image-preview:large, max-video-preview:-1\" \/>\n<link rel=\"canonical\" href=\"https:\/\/kt.gov.rs\/sq\/iniciativa-e-komisionit-evropian-njihuni-me-fqinjet-e-fqinjeve-permes-festivalit-te-filmit-ne-internet\/\" \/>\n<meta property=\"og:locale\" content=\"sq_AL\" \/>\n<meta property=\"og:type\" content=\"article\" \/>\n<meta property=\"og:title\" content=\"INICIATIVA E KOMISIONIT EVROPIAN: NJIHUNI ME FQINJ\u00cbT E FQINJ\u00cbVE P\u00cbRMES FESTIVALIT T\u00cb FILMIT N\u00cb INTERNET - Republika e S\u00ebrbis\u00eb Trupi Koordinues p\u00ebr komunat Bujanoc, Preshev\u00eb dhe Medvegj\u00eb\" \/>\n<meta property=\"og:description\" content=\"Komisioni Evropian ka iniciuar nj\u00eb festival t\u00eb filmave n\u00eb internet p\u00ebr t\u00eb afruar t\u00eb rinjt\u00eb nga Evropa, Afrika dhe Mesdheu pran\u00eb nj\u00ebri-tjetrit.\" \/>\n<meta property=\"og:url\" content=\"https:\/\/kt.gov.rs\/sq\/iniciativa-e-komisionit-evropian-njihuni-me-fqinjet-e-fqinjeve-permes-festivalit-te-filmit-ne-internet\/\" \/>\n<meta property=\"og:site_name\" content=\"Republika e S\u00ebrbis\u00eb Trupi Koordinues p\u00ebr komunat Bujanoc, Preshev\u00eb dhe Medvegj\u00eb\" \/>\n<meta property=\"article:publisher\" content=\"https:\/\/www.facebook.com\/SluzbaKoordinacionogTelaVladeRepublikeSrbije\" \/>\n<meta property=\"article:published_time\" content=\"2020-05-20T00:00:00+00:00\" \/>\n<meta property=\"article:modified_time\" content=\"2024-07-30T18:04:18+00:00\" \/>\n<meta property=\"og:image\" content=\"https:\/\/kt.gov.rs\/wp-content\/uploads\/2024\/07\/1589965550_200520_2-5.jpg\" \/>\n\t<meta property=\"og:image:width\" content=\"315\" \/>\n\t<meta property=\"og:image:height\" content=\"230\" \/>\n\t<meta property=\"og:image:type\" content=\"image\/jpeg\" \/>\n<meta name=\"author\" content=\"ktmin\" \/>\n<meta name=\"twitter:card\" content=\"summary_large_image\" \/>\n<meta name=\"twitter:creator\" content=\"@kt_gov\" \/>\n<meta name=\"twitter:site\" content=\"@kt_gov\" \/>\n<meta name=\"twitter:label1\" content=\"Written by\" \/>\n\t<meta name=\"twitter:data1\" content=\"ktmin\" \/>\n\t<meta name=\"twitter:label2\" content=\"Est. reading time\" \/>\n\t<meta name=\"twitter:data2\" content=\"2 minutes\" \/>\n<script type=\"application\/ld+json\" class=\"yoast-schema-graph\">{\"@context\":\"https:\\\/\\\/schema.org\",\"@graph\":[{\"@type\":\"Article\",\"@id\":\"https:\\\/\\\/kt.gov.rs\\\/sq\\\/iniciativa-e-komisionit-evropian-njihuni-me-fqinjet-e-fqinjeve-permes-festivalit-te-filmit-ne-internet\\\/#article\",\"isPartOf\":{\"@id\":\"https:\\\/\\\/kt.gov.rs\\\/sq\\\/iniciativa-e-komisionit-evropian-njihuni-me-fqinjet-e-fqinjeve-permes-festivalit-te-filmit-ne-internet\\\/\"},\"author\":{\"name\":\"ktmin\",\"@id\":\"https:\\\/\\\/kt.gov.rs\\\/#\\\/schema\\\/person\\\/e426459ddb4173309103390602694571\"},\"headline\":\"INICIATIVA E KOMISIONIT EVROPIAN: NJIHUNI ME FQINJ\u00cbT E FQINJ\u00cbVE P\u00cbRMES FESTIVALIT T\u00cb FILMIT N\u00cb INTERNET\",\"datePublished\":\"2020-05-20T00:00:00+00:00\",\"dateModified\":\"2024-07-30T18:04:18+00:00\",\"mainEntityOfPage\":{\"@id\":\"https:\\\/\\\/kt.gov.rs\\\/sq\\\/iniciativa-e-komisionit-evropian-njihuni-me-fqinjet-e-fqinjeve-permes-festivalit-te-filmit-ne-internet\\\/\"},\"wordCount\":414,\"publisher\":{\"@id\":\"https:\\\/\\\/kt.gov.rs\\\/#organization\"},\"image\":{\"@id\":\"https:\\\/\\\/kt.gov.rs\\\/sq\\\/iniciativa-e-komisionit-evropian-njihuni-me-fqinjet-e-fqinjeve-permes-festivalit-te-filmit-ne-internet\\\/#primaryimage\"},\"thumbnailUrl\":\"https:\\\/\\\/kt.gov.rs\\\/wp-content\\\/uploads\\\/2024\\\/07\\\/1589965550_200520_2-5.jpg\",\"articleSection\":[\"Lajme\"],\"inLanguage\":\"sq-AL\"},{\"@type\":\"WebPage\",\"@id\":\"https:\\\/\\\/kt.gov.rs\\\/sq\\\/iniciativa-e-komisionit-evropian-njihuni-me-fqinjet-e-fqinjeve-permes-festivalit-te-filmit-ne-internet\\\/\",\"url\":\"https:\\\/\\\/kt.gov.rs\\\/sq\\\/iniciativa-e-komisionit-evropian-njihuni-me-fqinjet-e-fqinjeve-permes-festivalit-te-filmit-ne-internet\\\/\",\"name\":\"INICIATIVA E KOMISIONIT EVROPIAN: NJIHUNI ME FQINJ\u00cbT E FQINJ\u00cbVE P\u00cbRMES FESTIVALIT T\u00cb FILMIT N\u00cb INTERNET - Republika e S\u00ebrbis\u00eb Trupi Koordinues p\u00ebr komunat Bujanoc, Preshev\u00eb dhe Medvegj\u00eb\",\"isPartOf\":{\"@id\":\"https:\\\/\\\/kt.gov.rs\\\/#website\"},\"primaryImageOfPage\":{\"@id\":\"https:\\\/\\\/kt.gov.rs\\\/sq\\\/iniciativa-e-komisionit-evropian-njihuni-me-fqinjet-e-fqinjeve-permes-festivalit-te-filmit-ne-internet\\\/#primaryimage\"},\"image\":{\"@id\":\"https:\\\/\\\/kt.gov.rs\\\/sq\\\/iniciativa-e-komisionit-evropian-njihuni-me-fqinjet-e-fqinjeve-permes-festivalit-te-filmit-ne-internet\\\/#primaryimage\"},\"thumbnailUrl\":\"https:\\\/\\\/kt.gov.rs\\\/wp-content\\\/uploads\\\/2024\\\/07\\\/1589965550_200520_2-5.jpg\",\"datePublished\":\"2020-05-20T00:00:00+00:00\",\"dateModified\":\"2024-07-30T18:04:18+00:00\",\"breadcrumb\":{\"@id\":\"https:\\\/\\\/kt.gov.rs\\\/sq\\\/iniciativa-e-komisionit-evropian-njihuni-me-fqinjet-e-fqinjeve-permes-festivalit-te-filmit-ne-internet\\\/#breadcrumb\"},\"inLanguage\":\"sq-AL\",\"potentialAction\":[{\"@type\":\"ReadAction\",\"target\":[\"https:\\\/\\\/kt.gov.rs\\\/sq\\\/iniciativa-e-komisionit-evropian-njihuni-me-fqinjet-e-fqinjeve-permes-festivalit-te-filmit-ne-internet\\\/\"]}]},{\"@type\":\"ImageObject\",\"inLanguage\":\"sq-AL\",\"@id\":\"https:\\\/\\\/kt.gov.rs\\\/sq\\\/iniciativa-e-komisionit-evropian-njihuni-me-fqinjet-e-fqinjeve-permes-festivalit-te-filmit-ne-internet\\\/#primaryimage\",\"url\":\"https:\\\/\\\/kt.gov.rs\\\/wp-content\\\/uploads\\\/2024\\\/07\\\/1589965550_200520_2-5.jpg\",\"contentUrl\":\"https:\\\/\\\/kt.gov.rs\\\/wp-content\\\/uploads\\\/2024\\\/07\\\/1589965550_200520_2-5.jpg\",\"width\":315,\"height\":230},{\"@type\":\"BreadcrumbList\",\"@id\":\"https:\\\/\\\/kt.gov.rs\\\/sq\\\/iniciativa-e-komisionit-evropian-njihuni-me-fqinjet-e-fqinjeve-permes-festivalit-te-filmit-ne-internet\\\/#breadcrumb\",\"itemListElement\":[{\"@type\":\"ListItem\",\"position\":1,\"name\":\"\u041f\u043e\u0447\u0435\u0442\u043d\u0430\",\"item\":\"https:\\\/\\\/kt.gov.rs\\\/sq\\\/\"},{\"@type\":\"ListItem\",\"position\":2,\"name\":\"INICIATIVA E KOMISIONIT EVROPIAN: NJIHUNI ME FQINJ\u00cbT E FQINJ\u00cbVE P\u00cbRMES FESTIVALIT T\u00cb FILMIT N\u00cb INTERNET\"}]},{\"@type\":\"WebSite\",\"@id\":\"https:\\\/\\\/kt.gov.rs\\\/#website\",\"url\":\"https:\\\/\\\/kt.gov.rs\\\/\",\"name\":\"\u041a\u043e\u043e\u0440\u0434\u0438\u043d\u0430\u0446\u0438\u043e\u043d\u043e \u0442\u0435\u043b\u043e \u0412\u043b\u0430\u0434\u0435 \u0420\u0435\u043f\u0443\u0431\u043b\u0438\u043a\u0435 \u0421\u0440\u0431\u0438\u0458\u0435 \u0437\u0430 \u043e\u043f\u0448\u0442\u0438\u043d\u0435 \u041f\u0440\u0435\u0448\u0435\u0432\u043e, \u0411\u0443\u0458\u0430\u043d\u043e\u0432\u0430\u0446 \u0438 \u041c\u0435\u0434\u0432\u0435\u0452a\",\"description\":\"\",\"publisher\":{\"@id\":\"https:\\\/\\\/kt.gov.rs\\\/#organization\"},\"alternateName\":\"\u041a\u043e\u043e\u0440\u0434\u0438\u043d\u0430\u0446\u0438\u043e\u043d\u043e \u0442\u0435\u043b\u043e\",\"potentialAction\":[{\"@type\":\"SearchAction\",\"target\":{\"@type\":\"EntryPoint\",\"urlTemplate\":\"https:\\\/\\\/kt.gov.rs\\\/?s={search_term_string}\"},\"query-input\":{\"@type\":\"PropertyValueSpecification\",\"valueRequired\":true,\"valueName\":\"search_term_string\"}}],\"inLanguage\":\"sq-AL\"},{\"@type\":\"Organization\",\"@id\":\"https:\\\/\\\/kt.gov.rs\\\/#organization\",\"name\":\"\u041a\u043e\u043e\u0440\u0434\u0438\u043d\u0430\u0446\u0438\u043e\u043d\u043e \u0442\u0435\u043b\u043e \u0412\u043b\u0430\u0434\u0435 \u0420\u0435\u043f\u0443\u0431\u043b\u0438\u043a\u0435 \u0421\u0440\u0431\u0438\u0458\u0435 \u0437\u0430 \u043e\u043f\u0448\u0442\u0438\u043d\u0435 \u041f\u0440\u0435\u0448\u0435\u0432\u043e, \u0411\u0443\u0458\u0430\u043d\u043e\u0432\u0430\u0446 \u0438 \u041c\u0435\u0434\u0432\u0435\u0452a\",\"alternateName\":\"\u041a\u043e\u043e\u0440\u0434\u0438\u043d\u0430\u0446\u0438\u043e\u043d\u043e \u0442\u0435\u043b\u043e\",\"url\":\"https:\\\/\\\/kt.gov.rs\\\/\",\"logo\":{\"@type\":\"ImageObject\",\"inLanguage\":\"sq-AL\",\"@id\":\"https:\\\/\\\/kt.gov.rs\\\/#\\\/schema\\\/logo\\\/image\\\/\",\"url\":\"https:\\\/\\\/kt.gov.rs\\\/wp-content\\\/uploads\\\/2024\\\/12\\\/koord2.jpg\",\"contentUrl\":\"https:\\\/\\\/kt.gov.rs\\\/wp-content\\\/uploads\\\/2024\\\/12\\\/koord2.jpg\",\"width\":640,\"height\":480,\"caption\":\"\u041a\u043e\u043e\u0440\u0434\u0438\u043d\u0430\u0446\u0438\u043e\u043d\u043e \u0442\u0435\u043b\u043e \u0412\u043b\u0430\u0434\u0435 \u0420\u0435\u043f\u0443\u0431\u043b\u0438\u043a\u0435 \u0421\u0440\u0431\u0438\u0458\u0435 \u0437\u0430 \u043e\u043f\u0448\u0442\u0438\u043d\u0435 \u041f\u0440\u0435\u0448\u0435\u0432\u043e, \u0411\u0443\u0458\u0430\u043d\u043e\u0432\u0430\u0446 \u0438 \u041c\u0435\u0434\u0432\u0435\u0452a\"},\"image\":{\"@id\":\"https:\\\/\\\/kt.gov.rs\\\/#\\\/schema\\\/logo\\\/image\\\/\"},\"sameAs\":[\"https:\\\/\\\/www.facebook.com\\\/SluzbaKoordinacionogTelaVladeRepublikeSrbije\",\"https:\\\/\\\/x.com\\\/kt_gov\",\"https:\\\/\\\/www.youtube.com\\\/@koordinacionotelo\"]},{\"@type\":\"Person\",\"@id\":\"https:\\\/\\\/kt.gov.rs\\\/#\\\/schema\\\/person\\\/e426459ddb4173309103390602694571\",\"name\":\"ktmin\",\"image\":{\"@type\":\"ImageObject\",\"inLanguage\":\"sq-AL\",\"@id\":\"https:\\\/\\\/secure.gravatar.com\\\/avatar\\\/3985c961109853010c3fbc7ba30365bfba5db3dd6c525831d9c595c7525a615a?s=96&d=mm&r=g\",\"url\":\"https:\\\/\\\/secure.gravatar.com\\\/avatar\\\/3985c961109853010c3fbc7ba30365bfba5db3dd6c525831d9c595c7525a615a?s=96&d=mm&r=g\",\"contentUrl\":\"https:\\\/\\\/secure.gravatar.com\\\/avatar\\\/3985c961109853010c3fbc7ba30365bfba5db3dd6c525831d9c595c7525a615a?s=96&d=mm&r=g\",\"caption\":\"ktmin\"},\"sameAs\":[\"https:\\\/\\\/kt.gov.rs\"],\"url\":\"https:\\\/\\\/kt.gov.rs\\\/sq\\\/author\\\/ktmin\\\/\"}]}<\/script>\n<!-- \/ Yoast SEO plugin. -->","yoast_head_json":{"title":"INICIATIVA E KOMISIONIT EVROPIAN: NJIHUNI ME FQINJ\u00cbT E FQINJ\u00cbVE P\u00cbRMES FESTIVALIT T\u00cb FILMIT N\u00cb INTERNET - Republika e S\u00ebrbis\u00eb Trupi Koordinues p\u00ebr komunat Bujanoc, Preshev\u00eb dhe Medvegj\u00eb","robots":{"index":"index","follow":"follow","max-snippet":"max-snippet:-1","max-image-preview":"max-image-preview:large","max-video-preview":"max-video-preview:-1"},"canonical":"https:\/\/kt.gov.rs\/sq\/iniciativa-e-komisionit-evropian-njihuni-me-fqinjet-e-fqinjeve-permes-festivalit-te-filmit-ne-internet\/","og_locale":"sq_AL","og_type":"article","og_title":"INICIATIVA E KOMISIONIT EVROPIAN: NJIHUNI ME FQINJ\u00cbT E FQINJ\u00cbVE P\u00cbRMES FESTIVALIT T\u00cb FILMIT N\u00cb INTERNET - Republika e S\u00ebrbis\u00eb Trupi Koordinues p\u00ebr komunat Bujanoc, Preshev\u00eb dhe Medvegj\u00eb","og_description":"Komisioni Evropian ka iniciuar nj\u00eb festival t\u00eb filmave n\u00eb internet p\u00ebr t\u00eb afruar t\u00eb rinjt\u00eb nga Evropa, Afrika dhe Mesdheu pran\u00eb nj\u00ebri-tjetrit.","og_url":"https:\/\/kt.gov.rs\/sq\/iniciativa-e-komisionit-evropian-njihuni-me-fqinjet-e-fqinjeve-permes-festivalit-te-filmit-ne-internet\/","og_site_name":"Republika e S\u00ebrbis\u00eb Trupi Koordinues p\u00ebr komunat Bujanoc, Preshev\u00eb dhe Medvegj\u00eb","article_publisher":"https:\/\/www.facebook.com\/SluzbaKoordinacionogTelaVladeRepublikeSrbije","article_published_time":"2020-05-20T00:00:00+00:00","article_modified_time":"2024-07-30T18:04:18+00:00","og_image":[{"width":315,"height":230,"url":"https:\/\/kt.gov.rs\/wp-content\/uploads\/2024\/07\/1589965550_200520_2-5.jpg","type":"image\/jpeg"}],"author":"ktmin","twitter_card":"summary_large_image","twitter_creator":"@kt_gov","twitter_site":"@kt_gov","twitter_misc":{"Written by":"ktmin","Est. reading time":"2 minutes"},"schema":{"@context":"https:\/\/schema.org","@graph":[{"@type":"Article","@id":"https:\/\/kt.gov.rs\/sq\/iniciativa-e-komisionit-evropian-njihuni-me-fqinjet-e-fqinjeve-permes-festivalit-te-filmit-ne-internet\/#article","isPartOf":{"@id":"https:\/\/kt.gov.rs\/sq\/iniciativa-e-komisionit-evropian-njihuni-me-fqinjet-e-fqinjeve-permes-festivalit-te-filmit-ne-internet\/"},"author":{"name":"ktmin","@id":"https:\/\/kt.gov.rs\/#\/schema\/person\/e426459ddb4173309103390602694571"},"headline":"INICIATIVA E KOMISIONIT EVROPIAN: NJIHUNI ME FQINJ\u00cbT E FQINJ\u00cbVE P\u00cbRMES FESTIVALIT T\u00cb FILMIT N\u00cb INTERNET","datePublished":"2020-05-20T00:00:00+00:00","dateModified":"2024-07-30T18:04:18+00:00","mainEntityOfPage":{"@id":"https:\/\/kt.gov.rs\/sq\/iniciativa-e-komisionit-evropian-njihuni-me-fqinjet-e-fqinjeve-permes-festivalit-te-filmit-ne-internet\/"},"wordCount":414,"publisher":{"@id":"https:\/\/kt.gov.rs\/#organization"},"image":{"@id":"https:\/\/kt.gov.rs\/sq\/iniciativa-e-komisionit-evropian-njihuni-me-fqinjet-e-fqinjeve-permes-festivalit-te-filmit-ne-internet\/#primaryimage"},"thumbnailUrl":"https:\/\/kt.gov.rs\/wp-content\/uploads\/2024\/07\/1589965550_200520_2-5.jpg","articleSection":["Lajme"],"inLanguage":"sq-AL"},{"@type":"WebPage","@id":"https:\/\/kt.gov.rs\/sq\/iniciativa-e-komisionit-evropian-njihuni-me-fqinjet-e-fqinjeve-permes-festivalit-te-filmit-ne-internet\/","url":"https:\/\/kt.gov.rs\/sq\/iniciativa-e-komisionit-evropian-njihuni-me-fqinjet-e-fqinjeve-permes-festivalit-te-filmit-ne-internet\/","name":"INICIATIVA E KOMISIONIT EVROPIAN: NJIHUNI ME FQINJ\u00cbT E FQINJ\u00cbVE P\u00cbRMES FESTIVALIT T\u00cb FILMIT N\u00cb INTERNET - Republika e S\u00ebrbis\u00eb Trupi Koordinues p\u00ebr komunat Bujanoc, Preshev\u00eb dhe Medvegj\u00eb","isPartOf":{"@id":"https:\/\/kt.gov.rs\/#website"},"primaryImageOfPage":{"@id":"https:\/\/kt.gov.rs\/sq\/iniciativa-e-komisionit-evropian-njihuni-me-fqinjet-e-fqinjeve-permes-festivalit-te-filmit-ne-internet\/#primaryimage"},"image":{"@id":"https:\/\/kt.gov.rs\/sq\/iniciativa-e-komisionit-evropian-njihuni-me-fqinjet-e-fqinjeve-permes-festivalit-te-filmit-ne-internet\/#primaryimage"},"thumbnailUrl":"https:\/\/kt.gov.rs\/wp-content\/uploads\/2024\/07\/1589965550_200520_2-5.jpg","datePublished":"2020-05-20T00:00:00+00:00","dateModified":"2024-07-30T18:04:18+00:00","breadcrumb":{"@id":"https:\/\/kt.gov.rs\/sq\/iniciativa-e-komisionit-evropian-njihuni-me-fqinjet-e-fqinjeve-permes-festivalit-te-filmit-ne-internet\/#breadcrumb"},"inLanguage":"sq-AL","potentialAction":[{"@type":"ReadAction","target":["https:\/\/kt.gov.rs\/sq\/iniciativa-e-komisionit-evropian-njihuni-me-fqinjet-e-fqinjeve-permes-festivalit-te-filmit-ne-internet\/"]}]},{"@type":"ImageObject","inLanguage":"sq-AL","@id":"https:\/\/kt.gov.rs\/sq\/iniciativa-e-komisionit-evropian-njihuni-me-fqinjet-e-fqinjeve-permes-festivalit-te-filmit-ne-internet\/#primaryimage","url":"https:\/\/kt.gov.rs\/wp-content\/uploads\/2024\/07\/1589965550_200520_2-5.jpg","contentUrl":"https:\/\/kt.gov.rs\/wp-content\/uploads\/2024\/07\/1589965550_200520_2-5.jpg","width":315,"height":230},{"@type":"BreadcrumbList","@id":"https:\/\/kt.gov.rs\/sq\/iniciativa-e-komisionit-evropian-njihuni-me-fqinjet-e-fqinjeve-permes-festivalit-te-filmit-ne-internet\/#breadcrumb","itemListElement":[{"@type":"ListItem","position":1,"name":"\u041f\u043e\u0447\u0435\u0442\u043d\u0430","item":"https:\/\/kt.gov.rs\/sq\/"},{"@type":"ListItem","position":2,"name":"INICIATIVA E KOMISIONIT EVROPIAN: NJIHUNI ME FQINJ\u00cbT E FQINJ\u00cbVE P\u00cbRMES FESTIVALIT T\u00cb FILMIT N\u00cb INTERNET"}]},{"@type":"WebSite","@id":"https:\/\/kt.gov.rs\/#website","url":"https:\/\/kt.gov.rs\/","name":"\u041a\u043e\u043e\u0440\u0434\u0438\u043d\u0430\u0446\u0438\u043e\u043d\u043e \u0442\u0435\u043b\u043e \u0412\u043b\u0430\u0434\u0435 \u0420\u0435\u043f\u0443\u0431\u043b\u0438\u043a\u0435 \u0421\u0440\u0431\u0438\u0458\u0435 \u0437\u0430 \u043e\u043f\u0448\u0442\u0438\u043d\u0435 \u041f\u0440\u0435\u0448\u0435\u0432\u043e, \u0411\u0443\u0458\u0430\u043d\u043e\u0432\u0430\u0446 \u0438 \u041c\u0435\u0434\u0432\u0435\u0452a","description":"","publisher":{"@id":"https:\/\/kt.gov.rs\/#organization"},"alternateName":"\u041a\u043e\u043e\u0440\u0434\u0438\u043d\u0430\u0446\u0438\u043e\u043d\u043e \u0442\u0435\u043b\u043e","potentialAction":[{"@type":"SearchAction","target":{"@type":"EntryPoint","urlTemplate":"https:\/\/kt.gov.rs\/?s={search_term_string}"},"query-input":{"@type":"PropertyValueSpecification","valueRequired":true,"valueName":"search_term_string"}}],"inLanguage":"sq-AL"},{"@type":"Organization","@id":"https:\/\/kt.gov.rs\/#organization","name":"\u041a\u043e\u043e\u0440\u0434\u0438\u043d\u0430\u0446\u0438\u043e\u043d\u043e \u0442\u0435\u043b\u043e \u0412\u043b\u0430\u0434\u0435 \u0420\u0435\u043f\u0443\u0431\u043b\u0438\u043a\u0435 \u0421\u0440\u0431\u0438\u0458\u0435 \u0437\u0430 \u043e\u043f\u0448\u0442\u0438\u043d\u0435 \u041f\u0440\u0435\u0448\u0435\u0432\u043e, \u0411\u0443\u0458\u0430\u043d\u043e\u0432\u0430\u0446 \u0438 \u041c\u0435\u0434\u0432\u0435\u0452a","alternateName":"\u041a\u043e\u043e\u0440\u0434\u0438\u043d\u0430\u0446\u0438\u043e\u043d\u043e \u0442\u0435\u043b\u043e","url":"https:\/\/kt.gov.rs\/","logo":{"@type":"ImageObject","inLanguage":"sq-AL","@id":"https:\/\/kt.gov.rs\/#\/schema\/logo\/image\/","url":"https:\/\/kt.gov.rs\/wp-content\/uploads\/2024\/12\/koord2.jpg","contentUrl":"https:\/\/kt.gov.rs\/wp-content\/uploads\/2024\/12\/koord2.jpg","width":640,"height":480,"caption":"\u041a\u043e\u043e\u0440\u0434\u0438\u043d\u0430\u0446\u0438\u043e\u043d\u043e \u0442\u0435\u043b\u043e \u0412\u043b\u0430\u0434\u0435 \u0420\u0435\u043f\u0443\u0431\u043b\u0438\u043a\u0435 \u0421\u0440\u0431\u0438\u0458\u0435 \u0437\u0430 \u043e\u043f\u0448\u0442\u0438\u043d\u0435 \u041f\u0440\u0435\u0448\u0435\u0432\u043e, \u0411\u0443\u0458\u0430\u043d\u043e\u0432\u0430\u0446 \u0438 \u041c\u0435\u0434\u0432\u0435\u0452a"},"image":{"@id":"https:\/\/kt.gov.rs\/#\/schema\/logo\/image\/"},"sameAs":["https:\/\/www.facebook.com\/SluzbaKoordinacionogTelaVladeRepublikeSrbije","https:\/\/x.com\/kt_gov","https:\/\/www.youtube.com\/@koordinacionotelo"]},{"@type":"Person","@id":"https:\/\/kt.gov.rs\/#\/schema\/person\/e426459ddb4173309103390602694571","name":"ktmin","image":{"@type":"ImageObject","inLanguage":"sq-AL","@id":"https:\/\/secure.gravatar.com\/avatar\/3985c961109853010c3fbc7ba30365bfba5db3dd6c525831d9c595c7525a615a?s=96&d=mm&r=g","url":"https:\/\/secure.gravatar.com\/avatar\/3985c961109853010c3fbc7ba30365bfba5db3dd6c525831d9c595c7525a615a?s=96&d=mm&r=g","contentUrl":"https:\/\/secure.gravatar.com\/avatar\/3985c961109853010c3fbc7ba30365bfba5db3dd6c525831d9c595c7525a615a?s=96&d=mm&r=g","caption":"ktmin"},"sameAs":["https:\/\/kt.gov.rs"],"url":"https:\/\/kt.gov.rs\/sq\/author\/ktmin\/"}]}},"_links":{"self":[{"href":"https:\/\/kt.gov.rs\/sq\/wp-json\/wp\/v2\/posts\/112330","targetHints":{"allow":["GET"]}}],"collection":[{"href":"https:\/\/kt.gov.rs\/sq\/wp-json\/wp\/v2\/posts"}],"about":[{"href":"https:\/\/kt.gov.rs\/sq\/wp-json\/wp\/v2\/types\/post"}],"author":[{"embeddable":true,"href":"https:\/\/kt.gov.rs\/sq\/wp-json\/wp\/v2\/users\/1"}],"replies":[{"embeddable":true,"href":"https:\/\/kt.gov.rs\/sq\/wp-json\/wp\/v2\/comments?post=112330"}],"version-history":[{"count":1,"href":"https:\/\/kt.gov.rs\/sq\/wp-json\/wp\/v2\/posts\/112330\/revisions"}],"predecessor-version":[{"id":112334,"href":"https:\/\/kt.gov.rs\/sq\/wp-json\/wp\/v2\/posts\/112330\/revisions\/112334"}],"wp:featuredmedia":[{"embeddable":true,"href":"https:\/\/kt.gov.rs\/sq\/wp-json\/wp\/v2\/media\/112335"}],"wp:attachment":[{"href":"https:\/\/kt.gov.rs\/sq\/wp-json\/wp\/v2\/media?parent=112330"}],"wp:term":[{"taxonomy":"category","embeddable":true,"href":"https:\/\/kt.gov.rs\/sq\/wp-json\/wp\/v2\/categories?post=112330"},{"taxonomy":"post_tag","embeddable":true,"href":"https:\/\/kt.gov.rs\/sq\/wp-json\/wp\/v2\/tags?post=112330"}],"curies":[{"name":"wp","href":"https:\/\/api.w.org\/{rel}","templated":true}]}}