{"id":112290,"date":"2020-05-27T00:00:00","date_gmt":"2020-05-27T00:00:00","guid":{"rendered":"http:\/\/kt.printandscreen.rs\/delegacioni-i-ue-se-ne-serbi-ne-konkurs-zgjedh-10-heronje-te-pandemise-afati-11-qershor-2020\/"},"modified":"2024-07-30T18:04:15","modified_gmt":"2024-07-30T18:04:15","slug":"delegacioni-i-ue-se-ne-serbi-ne-konkurs-zgjedh-10-heronje-te-pandemise-afati-11-qershor-2020","status":"publish","type":"post","link":"https:\/\/kt.gov.rs\/sq\/delegacioni-i-ue-se-ne-serbi-ne-konkurs-zgjedh-10-heronje-te-pandemise-afati-11-qershor-2020\/","title":{"rendered":"DELEGACIONI I UE-S\u00cb N\u00cb SERBI N\u00cb KONKURS ZGJEDH 10 HERONJ\u00cb T\u00cb PANDEMIS\u00cb (AFATI: 11 QERSHOR 2020)"},"content":{"rendered":"<p>\n\t<img decoding=\"async\" alt=\"\" src=\"https:\/\/kt.gov.rs\/wp-content\/uploads\/2024\/07\/1590568675_270520_1-4.jpg\" style=\"width: 315px; height: 230px; float: left;\" \/>Delegacioni i Bashkimit Evropian n\u00eb Serbi ka shpallur nj\u00eb konkurs p\u00ebr zgjedhjen e 10 heronjve gjat\u00eb pandemis\u00eb COVID-19, dhe kushdo q\u00eb ka b\u00ebr\u00eb jet\u00ebn m\u00eb t\u00eb leht\u00eb p\u00ebr qytetar\u00ebt gjat\u00eb pandemis\u00eb n\u00eb \u00e7far\u00ebdo m\u00ebnyre, mund t\u00eb propozohet.<\/p>\n<p>\n\t&quot;Heronjt\u00eb jan\u00eb vullnetar\u00eb, shit\u00ebs, fqinj\u00eb, m\u00ebsues n\u00eb distanc\u00eb, polic\u00eb, tezja juaj, prindi, tezja, daja ose postieri q\u00eb, pavar\u00ebsisht gjith\u00e7kaje, ju solli letrat e r\u00ebnd\u00ebsishme gjat\u00eb pandemis\u00eb q\u00eb p\u00ebrfshiu bot\u00ebn&quot;, thuhet n\u00eb tekstin e konkursit.<\/p>\n<p>\n\tDelegacioni i BE ftoi qytetar\u00ebt t\u00eb propozojn\u00eb heronj dhe m\u00ebnyr\u00ebn se si ata d\u00ebshirojn\u00eb t&#39;i fal\u00ebnderojn\u00eb ata, plot\u00ebsojn\u00eb aplikacionin, e ndajn\u00eb at\u00eb p\u00ebrmes rrjeteve sociale dhe ftojn\u00eb miqt\u00eb q\u00eb t\u00eb votojn\u00eb, dhe<strong> 10 heronjt\u00eb e zgjedhur do t\u00eb marrin dy bileta avioni n\u00eb nj\u00eb nga vendet e Bashkimit Evropian. <\/strong>P\u00ebrve\u00e7 \u00e7mimeve p\u00ebr 10 heronj me numrin m\u00eb t\u00eb madh t\u00eb votave, u p\u00ebrgatit\u00ebn pako dhuratash p\u00ebr t\u00eb gjith\u00eb pjes\u00ebmarr\u00ebsit n\u00eb konkurs.<\/p>\n<p>\n\tP\u00ebr k\u00eb do t\u00eb donit t\u00eb thoni bravo dhe faleminderit p\u00ebr solidaritetin, guximin dhe mb\u00ebshtetjen tuaj? Dor\u00ebzoni k\u00ebrkes\u00ebn tuaj dhe fal\u00ebnderoni heroin tuaj. Forma n\u00eb t\u00eb cil\u00ebn mund ta b\u00ebni k\u00ebt\u00eb \u00ebsht\u00eb falas \u2013 n\u00eb form\u00ebn e nj\u00eb fotografie, nj\u00eb k\u00ebnge, disa fjal\u00ebve t\u00eb sinqerta mir\u00ebnjohjeje, nj\u00eb vizatim ose ndonj\u00eb m\u00ebnyr\u00eb tjet\u00ebr krijuese p\u00ebr t\u00eb shprehur mir\u00ebnjohjen. Mos harroni se mund t\u00eb d\u00ebrgoni m\u00eb shum\u00eb aplikime n\u00eb konkurs dhe k\u00ebshtu t\u00eb em\u00ebroni m\u00eb shum\u00eb heronj.<\/p>\n<p>\n\tOrganizator i konkursit \u00ebsht\u00eb Delegacioni i Bashkimit Evropian n\u00eb Serbi.<\/p>\n<p>\n\tKonkursi p\u00ebr \u00e7mime \u00ebsht\u00eb i hapur n\u00eb 22 maj, dhe aplikimet mund t\u00eb d\u00ebrgohen deri m\u00eb 11 qershor. Votimi zgjat deri m\u00eb 15 qershor, dhe shpallja e fituesit \u00ebsht\u00eb caktuar m\u00eb 17 qershor.<\/p>\n<p>\n\tP\u00ebr m\u00eb shum\u00eb detaje rreth konkursit vizitoni <a href=\"https:\/\/www.onisuheroji.rs\/\">https:\/\/www.onisuheroji.rs\/<\/a><\/p>\n<p>\n\t<strong>Burimi: Beta dhe Trupi Koordinues<\/strong><\/p>\n<p>\n\t\u00a0<\/p>\n","protected":false},"excerpt":{"rendered":"<p>Delegacioni i Bashkimit Evropian n\u00eb Serbi ka shpallur nj\u00eb konkurs p\u00ebr zgjedhjen e 10 heronjve gjat\u00eb pandemis\u00eb COVID-19, dhe kushdo q\u00eb ka b\u00ebr\u00eb jet\u00ebn m\u00eb t\u00eb leht\u00eb p\u00ebr qytetar\u00ebt gjat\u00eb pandemis\u00eb n\u00eb \u00e7far\u00ebdo m\u00ebnyre, mund t\u00eb propozohet.<\/p>\n","protected":false},"author":1,"featured_media":112295,"comment_status":"closed","ping_status":"closed","sticky":false,"template":"","format":"standard","meta":{"footnotes":""},"categories":[55],"tags":[],"class_list":["post-112290","post","type-post","status-publish","format-standard","has-post-thumbnail","hentry","category-lajme"],"yoast_head":"<!-- This site is optimized with the Yoast SEO plugin v27.5 - https:\/\/yoast.com\/product\/yoast-seo-wordpress\/ -->\n<title>DELEGACIONI I UE-S\u00cb N\u00cb SERBI N\u00cb KONKURS ZGJEDH 10 HERONJ\u00cb T\u00cb PANDEMIS\u00cb (AFATI: 11 QERSHOR 2020) - Republika e S\u00ebrbis\u00eb Trupi Koordinues p\u00ebr komunat Bujanoc, Preshev\u00eb dhe Medvegj\u00eb<\/title>\n<meta name=\"robots\" content=\"index, follow, max-snippet:-1, max-image-preview:large, max-video-preview:-1\" \/>\n<link rel=\"canonical\" href=\"https:\/\/kt.gov.rs\/sq\/delegacioni-i-ue-se-ne-serbi-ne-konkurs-zgjedh-10-heronje-te-pandemise-afati-11-qershor-2020\/\" \/>\n<meta property=\"og:locale\" content=\"sq_AL\" \/>\n<meta property=\"og:type\" content=\"article\" \/>\n<meta property=\"og:title\" content=\"DELEGACIONI I UE-S\u00cb N\u00cb SERBI N\u00cb KONKURS ZGJEDH 10 HERONJ\u00cb T\u00cb PANDEMIS\u00cb (AFATI: 11 QERSHOR 2020) - Republika e S\u00ebrbis\u00eb Trupi Koordinues p\u00ebr komunat Bujanoc, Preshev\u00eb dhe Medvegj\u00eb\" \/>\n<meta property=\"og:description\" content=\"Delegacioni i Bashkimit Evropian n\u00eb Serbi ka shpallur nj\u00eb konkurs p\u00ebr zgjedhjen e 10 heronjve gjat\u00eb pandemis\u00eb COVID-19, dhe kushdo q\u00eb ka b\u00ebr\u00eb jet\u00ebn m\u00eb t\u00eb leht\u00eb p\u00ebr qytetar\u00ebt gjat\u00eb pandemis\u00eb n\u00eb \u00e7far\u00ebdo m\u00ebnyre, mund t\u00eb propozohet.\" \/>\n<meta property=\"og:url\" content=\"https:\/\/kt.gov.rs\/sq\/delegacioni-i-ue-se-ne-serbi-ne-konkurs-zgjedh-10-heronje-te-pandemise-afati-11-qershor-2020\/\" \/>\n<meta property=\"og:site_name\" content=\"Republika e S\u00ebrbis\u00eb Trupi Koordinues p\u00ebr komunat Bujanoc, Preshev\u00eb dhe Medvegj\u00eb\" \/>\n<meta property=\"article:publisher\" content=\"https:\/\/www.facebook.com\/SluzbaKoordinacionogTelaVladeRepublikeSrbije\" \/>\n<meta property=\"article:published_time\" content=\"2020-05-27T00:00:00+00:00\" \/>\n<meta property=\"article:modified_time\" content=\"2024-07-30T18:04:15+00:00\" \/>\n<meta property=\"og:image\" content=\"https:\/\/kt.gov.rs\/wp-content\/uploads\/2024\/07\/1590568675_270520_1-5.jpg\" \/>\n\t<meta property=\"og:image:width\" content=\"315\" \/>\n\t<meta property=\"og:image:height\" content=\"230\" \/>\n\t<meta property=\"og:image:type\" content=\"image\/jpeg\" \/>\n<meta name=\"author\" content=\"ktmin\" \/>\n<meta name=\"twitter:card\" content=\"summary_large_image\" \/>\n<meta name=\"twitter:creator\" content=\"@kt_gov\" \/>\n<meta name=\"twitter:site\" content=\"@kt_gov\" \/>\n<meta name=\"twitter:label1\" content=\"Written by\" \/>\n\t<meta name=\"twitter:data1\" content=\"ktmin\" \/>\n\t<meta name=\"twitter:label2\" content=\"Est. reading time\" \/>\n\t<meta name=\"twitter:data2\" content=\"2 minutes\" \/>\n<script type=\"application\/ld+json\" class=\"yoast-schema-graph\">{\"@context\":\"https:\\\/\\\/schema.org\",\"@graph\":[{\"@type\":\"Article\",\"@id\":\"https:\\\/\\\/kt.gov.rs\\\/sq\\\/delegacioni-i-ue-se-ne-serbi-ne-konkurs-zgjedh-10-heronje-te-pandemise-afati-11-qershor-2020\\\/#article\",\"isPartOf\":{\"@id\":\"https:\\\/\\\/kt.gov.rs\\\/sq\\\/delegacioni-i-ue-se-ne-serbi-ne-konkurs-zgjedh-10-heronje-te-pandemise-afati-11-qershor-2020\\\/\"},\"author\":{\"name\":\"ktmin\",\"@id\":\"https:\\\/\\\/kt.gov.rs\\\/#\\\/schema\\\/person\\\/e426459ddb4173309103390602694571\"},\"headline\":\"DELEGACIONI I UE-S\u00cb N\u00cb SERBI N\u00cb KONKURS ZGJEDH 10 HERONJ\u00cb T\u00cb PANDEMIS\u00cb (AFATI: 11 QERSHOR 2020)\",\"datePublished\":\"2020-05-27T00:00:00+00:00\",\"dateModified\":\"2024-07-30T18:04:15+00:00\",\"mainEntityOfPage\":{\"@id\":\"https:\\\/\\\/kt.gov.rs\\\/sq\\\/delegacioni-i-ue-se-ne-serbi-ne-konkurs-zgjedh-10-heronje-te-pandemise-afati-11-qershor-2020\\\/\"},\"wordCount\":480,\"publisher\":{\"@id\":\"https:\\\/\\\/kt.gov.rs\\\/#organization\"},\"image\":{\"@id\":\"https:\\\/\\\/kt.gov.rs\\\/sq\\\/delegacioni-i-ue-se-ne-serbi-ne-konkurs-zgjedh-10-heronje-te-pandemise-afati-11-qershor-2020\\\/#primaryimage\"},\"thumbnailUrl\":\"https:\\\/\\\/kt.gov.rs\\\/wp-content\\\/uploads\\\/2024\\\/07\\\/1590568675_270520_1-5.jpg\",\"articleSection\":[\"Lajme\"],\"inLanguage\":\"sq-AL\"},{\"@type\":\"WebPage\",\"@id\":\"https:\\\/\\\/kt.gov.rs\\\/sq\\\/delegacioni-i-ue-se-ne-serbi-ne-konkurs-zgjedh-10-heronje-te-pandemise-afati-11-qershor-2020\\\/\",\"url\":\"https:\\\/\\\/kt.gov.rs\\\/sq\\\/delegacioni-i-ue-se-ne-serbi-ne-konkurs-zgjedh-10-heronje-te-pandemise-afati-11-qershor-2020\\\/\",\"name\":\"DELEGACIONI I UE-S\u00cb N\u00cb SERBI N\u00cb KONKURS ZGJEDH 10 HERONJ\u00cb T\u00cb PANDEMIS\u00cb (AFATI: 11 QERSHOR 2020) - Republika e S\u00ebrbis\u00eb Trupi Koordinues p\u00ebr komunat Bujanoc, Preshev\u00eb dhe Medvegj\u00eb\",\"isPartOf\":{\"@id\":\"https:\\\/\\\/kt.gov.rs\\\/#website\"},\"primaryImageOfPage\":{\"@id\":\"https:\\\/\\\/kt.gov.rs\\\/sq\\\/delegacioni-i-ue-se-ne-serbi-ne-konkurs-zgjedh-10-heronje-te-pandemise-afati-11-qershor-2020\\\/#primaryimage\"},\"image\":{\"@id\":\"https:\\\/\\\/kt.gov.rs\\\/sq\\\/delegacioni-i-ue-se-ne-serbi-ne-konkurs-zgjedh-10-heronje-te-pandemise-afati-11-qershor-2020\\\/#primaryimage\"},\"thumbnailUrl\":\"https:\\\/\\\/kt.gov.rs\\\/wp-content\\\/uploads\\\/2024\\\/07\\\/1590568675_270520_1-5.jpg\",\"datePublished\":\"2020-05-27T00:00:00+00:00\",\"dateModified\":\"2024-07-30T18:04:15+00:00\",\"breadcrumb\":{\"@id\":\"https:\\\/\\\/kt.gov.rs\\\/sq\\\/delegacioni-i-ue-se-ne-serbi-ne-konkurs-zgjedh-10-heronje-te-pandemise-afati-11-qershor-2020\\\/#breadcrumb\"},\"inLanguage\":\"sq-AL\",\"potentialAction\":[{\"@type\":\"ReadAction\",\"target\":[\"https:\\\/\\\/kt.gov.rs\\\/sq\\\/delegacioni-i-ue-se-ne-serbi-ne-konkurs-zgjedh-10-heronje-te-pandemise-afati-11-qershor-2020\\\/\"]}]},{\"@type\":\"ImageObject\",\"inLanguage\":\"sq-AL\",\"@id\":\"https:\\\/\\\/kt.gov.rs\\\/sq\\\/delegacioni-i-ue-se-ne-serbi-ne-konkurs-zgjedh-10-heronje-te-pandemise-afati-11-qershor-2020\\\/#primaryimage\",\"url\":\"https:\\\/\\\/kt.gov.rs\\\/wp-content\\\/uploads\\\/2024\\\/07\\\/1590568675_270520_1-5.jpg\",\"contentUrl\":\"https:\\\/\\\/kt.gov.rs\\\/wp-content\\\/uploads\\\/2024\\\/07\\\/1590568675_270520_1-5.jpg\",\"width\":315,\"height\":230},{\"@type\":\"BreadcrumbList\",\"@id\":\"https:\\\/\\\/kt.gov.rs\\\/sq\\\/delegacioni-i-ue-se-ne-serbi-ne-konkurs-zgjedh-10-heronje-te-pandemise-afati-11-qershor-2020\\\/#breadcrumb\",\"itemListElement\":[{\"@type\":\"ListItem\",\"position\":1,\"name\":\"\u041f\u043e\u0447\u0435\u0442\u043d\u0430\",\"item\":\"https:\\\/\\\/kt.gov.rs\\\/sq\\\/\"},{\"@type\":\"ListItem\",\"position\":2,\"name\":\"DELEGACIONI I UE-S\u00cb N\u00cb SERBI N\u00cb KONKURS ZGJEDH 10 HERONJ\u00cb T\u00cb PANDEMIS\u00cb (AFATI: 11 QERSHOR 2020)\"}]},{\"@type\":\"WebSite\",\"@id\":\"https:\\\/\\\/kt.gov.rs\\\/#website\",\"url\":\"https:\\\/\\\/kt.gov.rs\\\/\",\"name\":\"\u041a\u043e\u043e\u0440\u0434\u0438\u043d\u0430\u0446\u0438\u043e\u043d\u043e \u0442\u0435\u043b\u043e \u0412\u043b\u0430\u0434\u0435 \u0420\u0435\u043f\u0443\u0431\u043b\u0438\u043a\u0435 \u0421\u0440\u0431\u0438\u0458\u0435 \u0437\u0430 \u043e\u043f\u0448\u0442\u0438\u043d\u0435 \u041f\u0440\u0435\u0448\u0435\u0432\u043e, \u0411\u0443\u0458\u0430\u043d\u043e\u0432\u0430\u0446 \u0438 \u041c\u0435\u0434\u0432\u0435\u0452a\",\"description\":\"\",\"publisher\":{\"@id\":\"https:\\\/\\\/kt.gov.rs\\\/#organization\"},\"alternateName\":\"\u041a\u043e\u043e\u0440\u0434\u0438\u043d\u0430\u0446\u0438\u043e\u043d\u043e \u0442\u0435\u043b\u043e\",\"potentialAction\":[{\"@type\":\"SearchAction\",\"target\":{\"@type\":\"EntryPoint\",\"urlTemplate\":\"https:\\\/\\\/kt.gov.rs\\\/?s={search_term_string}\"},\"query-input\":{\"@type\":\"PropertyValueSpecification\",\"valueRequired\":true,\"valueName\":\"search_term_string\"}}],\"inLanguage\":\"sq-AL\"},{\"@type\":\"Organization\",\"@id\":\"https:\\\/\\\/kt.gov.rs\\\/#organization\",\"name\":\"\u041a\u043e\u043e\u0440\u0434\u0438\u043d\u0430\u0446\u0438\u043e\u043d\u043e \u0442\u0435\u043b\u043e \u0412\u043b\u0430\u0434\u0435 \u0420\u0435\u043f\u0443\u0431\u043b\u0438\u043a\u0435 \u0421\u0440\u0431\u0438\u0458\u0435 \u0437\u0430 \u043e\u043f\u0448\u0442\u0438\u043d\u0435 \u041f\u0440\u0435\u0448\u0435\u0432\u043e, \u0411\u0443\u0458\u0430\u043d\u043e\u0432\u0430\u0446 \u0438 \u041c\u0435\u0434\u0432\u0435\u0452a\",\"alternateName\":\"\u041a\u043e\u043e\u0440\u0434\u0438\u043d\u0430\u0446\u0438\u043e\u043d\u043e \u0442\u0435\u043b\u043e\",\"url\":\"https:\\\/\\\/kt.gov.rs\\\/\",\"logo\":{\"@type\":\"ImageObject\",\"inLanguage\":\"sq-AL\",\"@id\":\"https:\\\/\\\/kt.gov.rs\\\/#\\\/schema\\\/logo\\\/image\\\/\",\"url\":\"https:\\\/\\\/kt.gov.rs\\\/wp-content\\\/uploads\\\/2024\\\/12\\\/koord2.jpg\",\"contentUrl\":\"https:\\\/\\\/kt.gov.rs\\\/wp-content\\\/uploads\\\/2024\\\/12\\\/koord2.jpg\",\"width\":640,\"height\":480,\"caption\":\"\u041a\u043e\u043e\u0440\u0434\u0438\u043d\u0430\u0446\u0438\u043e\u043d\u043e \u0442\u0435\u043b\u043e \u0412\u043b\u0430\u0434\u0435 \u0420\u0435\u043f\u0443\u0431\u043b\u0438\u043a\u0435 \u0421\u0440\u0431\u0438\u0458\u0435 \u0437\u0430 \u043e\u043f\u0448\u0442\u0438\u043d\u0435 \u041f\u0440\u0435\u0448\u0435\u0432\u043e, \u0411\u0443\u0458\u0430\u043d\u043e\u0432\u0430\u0446 \u0438 \u041c\u0435\u0434\u0432\u0435\u0452a\"},\"image\":{\"@id\":\"https:\\\/\\\/kt.gov.rs\\\/#\\\/schema\\\/logo\\\/image\\\/\"},\"sameAs\":[\"https:\\\/\\\/www.facebook.com\\\/SluzbaKoordinacionogTelaVladeRepublikeSrbije\",\"https:\\\/\\\/x.com\\\/kt_gov\",\"https:\\\/\\\/www.youtube.com\\\/@koordinacionotelo\"]},{\"@type\":\"Person\",\"@id\":\"https:\\\/\\\/kt.gov.rs\\\/#\\\/schema\\\/person\\\/e426459ddb4173309103390602694571\",\"name\":\"ktmin\",\"image\":{\"@type\":\"ImageObject\",\"inLanguage\":\"sq-AL\",\"@id\":\"https:\\\/\\\/secure.gravatar.com\\\/avatar\\\/3985c961109853010c3fbc7ba30365bfba5db3dd6c525831d9c595c7525a615a?s=96&d=mm&r=g\",\"url\":\"https:\\\/\\\/secure.gravatar.com\\\/avatar\\\/3985c961109853010c3fbc7ba30365bfba5db3dd6c525831d9c595c7525a615a?s=96&d=mm&r=g\",\"contentUrl\":\"https:\\\/\\\/secure.gravatar.com\\\/avatar\\\/3985c961109853010c3fbc7ba30365bfba5db3dd6c525831d9c595c7525a615a?s=96&d=mm&r=g\",\"caption\":\"ktmin\"},\"sameAs\":[\"https:\\\/\\\/kt.gov.rs\"],\"url\":\"https:\\\/\\\/kt.gov.rs\\\/sq\\\/author\\\/ktmin\\\/\"}]}<\/script>\n<!-- \/ Yoast SEO plugin. -->","yoast_head_json":{"title":"DELEGACIONI I UE-S\u00cb N\u00cb SERBI N\u00cb KONKURS ZGJEDH 10 HERONJ\u00cb T\u00cb PANDEMIS\u00cb (AFATI: 11 QERSHOR 2020) - Republika e S\u00ebrbis\u00eb Trupi Koordinues p\u00ebr komunat Bujanoc, Preshev\u00eb dhe Medvegj\u00eb","robots":{"index":"index","follow":"follow","max-snippet":"max-snippet:-1","max-image-preview":"max-image-preview:large","max-video-preview":"max-video-preview:-1"},"canonical":"https:\/\/kt.gov.rs\/sq\/delegacioni-i-ue-se-ne-serbi-ne-konkurs-zgjedh-10-heronje-te-pandemise-afati-11-qershor-2020\/","og_locale":"sq_AL","og_type":"article","og_title":"DELEGACIONI I UE-S\u00cb N\u00cb SERBI N\u00cb KONKURS ZGJEDH 10 HERONJ\u00cb T\u00cb PANDEMIS\u00cb (AFATI: 11 QERSHOR 2020) - Republika e S\u00ebrbis\u00eb Trupi Koordinues p\u00ebr komunat Bujanoc, Preshev\u00eb dhe Medvegj\u00eb","og_description":"Delegacioni i Bashkimit Evropian n\u00eb Serbi ka shpallur nj\u00eb konkurs p\u00ebr zgjedhjen e 10 heronjve gjat\u00eb pandemis\u00eb COVID-19, dhe kushdo q\u00eb ka b\u00ebr\u00eb jet\u00ebn m\u00eb t\u00eb leht\u00eb p\u00ebr qytetar\u00ebt gjat\u00eb pandemis\u00eb n\u00eb \u00e7far\u00ebdo m\u00ebnyre, mund t\u00eb propozohet.","og_url":"https:\/\/kt.gov.rs\/sq\/delegacioni-i-ue-se-ne-serbi-ne-konkurs-zgjedh-10-heronje-te-pandemise-afati-11-qershor-2020\/","og_site_name":"Republika e S\u00ebrbis\u00eb Trupi Koordinues p\u00ebr komunat Bujanoc, Preshev\u00eb dhe Medvegj\u00eb","article_publisher":"https:\/\/www.facebook.com\/SluzbaKoordinacionogTelaVladeRepublikeSrbije","article_published_time":"2020-05-27T00:00:00+00:00","article_modified_time":"2024-07-30T18:04:15+00:00","og_image":[{"width":315,"height":230,"url":"https:\/\/kt.gov.rs\/wp-content\/uploads\/2024\/07\/1590568675_270520_1-5.jpg","type":"image\/jpeg"}],"author":"ktmin","twitter_card":"summary_large_image","twitter_creator":"@kt_gov","twitter_site":"@kt_gov","twitter_misc":{"Written by":"ktmin","Est. reading time":"2 minutes"},"schema":{"@context":"https:\/\/schema.org","@graph":[{"@type":"Article","@id":"https:\/\/kt.gov.rs\/sq\/delegacioni-i-ue-se-ne-serbi-ne-konkurs-zgjedh-10-heronje-te-pandemise-afati-11-qershor-2020\/#article","isPartOf":{"@id":"https:\/\/kt.gov.rs\/sq\/delegacioni-i-ue-se-ne-serbi-ne-konkurs-zgjedh-10-heronje-te-pandemise-afati-11-qershor-2020\/"},"author":{"name":"ktmin","@id":"https:\/\/kt.gov.rs\/#\/schema\/person\/e426459ddb4173309103390602694571"},"headline":"DELEGACIONI I UE-S\u00cb N\u00cb SERBI N\u00cb KONKURS ZGJEDH 10 HERONJ\u00cb T\u00cb PANDEMIS\u00cb (AFATI: 11 QERSHOR 2020)","datePublished":"2020-05-27T00:00:00+00:00","dateModified":"2024-07-30T18:04:15+00:00","mainEntityOfPage":{"@id":"https:\/\/kt.gov.rs\/sq\/delegacioni-i-ue-se-ne-serbi-ne-konkurs-zgjedh-10-heronje-te-pandemise-afati-11-qershor-2020\/"},"wordCount":480,"publisher":{"@id":"https:\/\/kt.gov.rs\/#organization"},"image":{"@id":"https:\/\/kt.gov.rs\/sq\/delegacioni-i-ue-se-ne-serbi-ne-konkurs-zgjedh-10-heronje-te-pandemise-afati-11-qershor-2020\/#primaryimage"},"thumbnailUrl":"https:\/\/kt.gov.rs\/wp-content\/uploads\/2024\/07\/1590568675_270520_1-5.jpg","articleSection":["Lajme"],"inLanguage":"sq-AL"},{"@type":"WebPage","@id":"https:\/\/kt.gov.rs\/sq\/delegacioni-i-ue-se-ne-serbi-ne-konkurs-zgjedh-10-heronje-te-pandemise-afati-11-qershor-2020\/","url":"https:\/\/kt.gov.rs\/sq\/delegacioni-i-ue-se-ne-serbi-ne-konkurs-zgjedh-10-heronje-te-pandemise-afati-11-qershor-2020\/","name":"DELEGACIONI I UE-S\u00cb N\u00cb SERBI N\u00cb KONKURS ZGJEDH 10 HERONJ\u00cb T\u00cb PANDEMIS\u00cb (AFATI: 11 QERSHOR 2020) - Republika e S\u00ebrbis\u00eb Trupi Koordinues p\u00ebr komunat Bujanoc, Preshev\u00eb dhe Medvegj\u00eb","isPartOf":{"@id":"https:\/\/kt.gov.rs\/#website"},"primaryImageOfPage":{"@id":"https:\/\/kt.gov.rs\/sq\/delegacioni-i-ue-se-ne-serbi-ne-konkurs-zgjedh-10-heronje-te-pandemise-afati-11-qershor-2020\/#primaryimage"},"image":{"@id":"https:\/\/kt.gov.rs\/sq\/delegacioni-i-ue-se-ne-serbi-ne-konkurs-zgjedh-10-heronje-te-pandemise-afati-11-qershor-2020\/#primaryimage"},"thumbnailUrl":"https:\/\/kt.gov.rs\/wp-content\/uploads\/2024\/07\/1590568675_270520_1-5.jpg","datePublished":"2020-05-27T00:00:00+00:00","dateModified":"2024-07-30T18:04:15+00:00","breadcrumb":{"@id":"https:\/\/kt.gov.rs\/sq\/delegacioni-i-ue-se-ne-serbi-ne-konkurs-zgjedh-10-heronje-te-pandemise-afati-11-qershor-2020\/#breadcrumb"},"inLanguage":"sq-AL","potentialAction":[{"@type":"ReadAction","target":["https:\/\/kt.gov.rs\/sq\/delegacioni-i-ue-se-ne-serbi-ne-konkurs-zgjedh-10-heronje-te-pandemise-afati-11-qershor-2020\/"]}]},{"@type":"ImageObject","inLanguage":"sq-AL","@id":"https:\/\/kt.gov.rs\/sq\/delegacioni-i-ue-se-ne-serbi-ne-konkurs-zgjedh-10-heronje-te-pandemise-afati-11-qershor-2020\/#primaryimage","url":"https:\/\/kt.gov.rs\/wp-content\/uploads\/2024\/07\/1590568675_270520_1-5.jpg","contentUrl":"https:\/\/kt.gov.rs\/wp-content\/uploads\/2024\/07\/1590568675_270520_1-5.jpg","width":315,"height":230},{"@type":"BreadcrumbList","@id":"https:\/\/kt.gov.rs\/sq\/delegacioni-i-ue-se-ne-serbi-ne-konkurs-zgjedh-10-heronje-te-pandemise-afati-11-qershor-2020\/#breadcrumb","itemListElement":[{"@type":"ListItem","position":1,"name":"\u041f\u043e\u0447\u0435\u0442\u043d\u0430","item":"https:\/\/kt.gov.rs\/sq\/"},{"@type":"ListItem","position":2,"name":"DELEGACIONI I UE-S\u00cb N\u00cb SERBI N\u00cb KONKURS ZGJEDH 10 HERONJ\u00cb T\u00cb PANDEMIS\u00cb (AFATI: 11 QERSHOR 2020)"}]},{"@type":"WebSite","@id":"https:\/\/kt.gov.rs\/#website","url":"https:\/\/kt.gov.rs\/","name":"\u041a\u043e\u043e\u0440\u0434\u0438\u043d\u0430\u0446\u0438\u043e\u043d\u043e \u0442\u0435\u043b\u043e \u0412\u043b\u0430\u0434\u0435 \u0420\u0435\u043f\u0443\u0431\u043b\u0438\u043a\u0435 \u0421\u0440\u0431\u0438\u0458\u0435 \u0437\u0430 \u043e\u043f\u0448\u0442\u0438\u043d\u0435 \u041f\u0440\u0435\u0448\u0435\u0432\u043e, \u0411\u0443\u0458\u0430\u043d\u043e\u0432\u0430\u0446 \u0438 \u041c\u0435\u0434\u0432\u0435\u0452a","description":"","publisher":{"@id":"https:\/\/kt.gov.rs\/#organization"},"alternateName":"\u041a\u043e\u043e\u0440\u0434\u0438\u043d\u0430\u0446\u0438\u043e\u043d\u043e \u0442\u0435\u043b\u043e","potentialAction":[{"@type":"SearchAction","target":{"@type":"EntryPoint","urlTemplate":"https:\/\/kt.gov.rs\/?s={search_term_string}"},"query-input":{"@type":"PropertyValueSpecification","valueRequired":true,"valueName":"search_term_string"}}],"inLanguage":"sq-AL"},{"@type":"Organization","@id":"https:\/\/kt.gov.rs\/#organization","name":"\u041a\u043e\u043e\u0440\u0434\u0438\u043d\u0430\u0446\u0438\u043e\u043d\u043e \u0442\u0435\u043b\u043e \u0412\u043b\u0430\u0434\u0435 \u0420\u0435\u043f\u0443\u0431\u043b\u0438\u043a\u0435 \u0421\u0440\u0431\u0438\u0458\u0435 \u0437\u0430 \u043e\u043f\u0448\u0442\u0438\u043d\u0435 \u041f\u0440\u0435\u0448\u0435\u0432\u043e, \u0411\u0443\u0458\u0430\u043d\u043e\u0432\u0430\u0446 \u0438 \u041c\u0435\u0434\u0432\u0435\u0452a","alternateName":"\u041a\u043e\u043e\u0440\u0434\u0438\u043d\u0430\u0446\u0438\u043e\u043d\u043e \u0442\u0435\u043b\u043e","url":"https:\/\/kt.gov.rs\/","logo":{"@type":"ImageObject","inLanguage":"sq-AL","@id":"https:\/\/kt.gov.rs\/#\/schema\/logo\/image\/","url":"https:\/\/kt.gov.rs\/wp-content\/uploads\/2024\/12\/koord2.jpg","contentUrl":"https:\/\/kt.gov.rs\/wp-content\/uploads\/2024\/12\/koord2.jpg","width":640,"height":480,"caption":"\u041a\u043e\u043e\u0440\u0434\u0438\u043d\u0430\u0446\u0438\u043e\u043d\u043e \u0442\u0435\u043b\u043e \u0412\u043b\u0430\u0434\u0435 \u0420\u0435\u043f\u0443\u0431\u043b\u0438\u043a\u0435 \u0421\u0440\u0431\u0438\u0458\u0435 \u0437\u0430 \u043e\u043f\u0448\u0442\u0438\u043d\u0435 \u041f\u0440\u0435\u0448\u0435\u0432\u043e, \u0411\u0443\u0458\u0430\u043d\u043e\u0432\u0430\u0446 \u0438 \u041c\u0435\u0434\u0432\u0435\u0452a"},"image":{"@id":"https:\/\/kt.gov.rs\/#\/schema\/logo\/image\/"},"sameAs":["https:\/\/www.facebook.com\/SluzbaKoordinacionogTelaVladeRepublikeSrbije","https:\/\/x.com\/kt_gov","https:\/\/www.youtube.com\/@koordinacionotelo"]},{"@type":"Person","@id":"https:\/\/kt.gov.rs\/#\/schema\/person\/e426459ddb4173309103390602694571","name":"ktmin","image":{"@type":"ImageObject","inLanguage":"sq-AL","@id":"https:\/\/secure.gravatar.com\/avatar\/3985c961109853010c3fbc7ba30365bfba5db3dd6c525831d9c595c7525a615a?s=96&d=mm&r=g","url":"https:\/\/secure.gravatar.com\/avatar\/3985c961109853010c3fbc7ba30365bfba5db3dd6c525831d9c595c7525a615a?s=96&d=mm&r=g","contentUrl":"https:\/\/secure.gravatar.com\/avatar\/3985c961109853010c3fbc7ba30365bfba5db3dd6c525831d9c595c7525a615a?s=96&d=mm&r=g","caption":"ktmin"},"sameAs":["https:\/\/kt.gov.rs"],"url":"https:\/\/kt.gov.rs\/sq\/author\/ktmin\/"}]}},"_links":{"self":[{"href":"https:\/\/kt.gov.rs\/sq\/wp-json\/wp\/v2\/posts\/112290","targetHints":{"allow":["GET"]}}],"collection":[{"href":"https:\/\/kt.gov.rs\/sq\/wp-json\/wp\/v2\/posts"}],"about":[{"href":"https:\/\/kt.gov.rs\/sq\/wp-json\/wp\/v2\/types\/post"}],"author":[{"embeddable":true,"href":"https:\/\/kt.gov.rs\/sq\/wp-json\/wp\/v2\/users\/1"}],"replies":[{"embeddable":true,"href":"https:\/\/kt.gov.rs\/sq\/wp-json\/wp\/v2\/comments?post=112290"}],"version-history":[{"count":1,"href":"https:\/\/kt.gov.rs\/sq\/wp-json\/wp\/v2\/posts\/112290\/revisions"}],"predecessor-version":[{"id":112294,"href":"https:\/\/kt.gov.rs\/sq\/wp-json\/wp\/v2\/posts\/112290\/revisions\/112294"}],"wp:featuredmedia":[{"embeddable":true,"href":"https:\/\/kt.gov.rs\/sq\/wp-json\/wp\/v2\/media\/112295"}],"wp:attachment":[{"href":"https:\/\/kt.gov.rs\/sq\/wp-json\/wp\/v2\/media?parent=112290"}],"wp:term":[{"taxonomy":"category","embeddable":true,"href":"https:\/\/kt.gov.rs\/sq\/wp-json\/wp\/v2\/categories?post=112290"},{"taxonomy":"post_tag","embeddable":true,"href":"https:\/\/kt.gov.rs\/sq\/wp-json\/wp\/v2\/tags?post=112290"}],"curies":[{"name":"wp","href":"https:\/\/api.w.org\/{rel}","templated":true}]}}