{"id":112274,"date":"2020-05-27T00:00:00","date_gmt":"2020-05-27T00:00:00","guid":{"rendered":"http:\/\/kt.printandscreen.rs\/konkursi-i-fondacionit-peace-nexus-per-ballkanin-perendimor-ne-vitin-2020-afati-7-qershor-2020\/"},"modified":"2024-07-30T18:04:14","modified_gmt":"2024-07-30T18:04:14","slug":"konkursi-i-fondacionit-peace-nexus-per-ballkanin-perendimor-ne-vitin-2020-afati-7-qershor-2020","status":"publish","type":"post","link":"https:\/\/kt.gov.rs\/sq\/konkursi-i-fondacionit-peace-nexus-per-ballkanin-perendimor-ne-vitin-2020-afati-7-qershor-2020\/","title":{"rendered":"KONKURSI I FONDACIONIT PEACE NEXUS P\u00cbR BALLKANIN PERENDIMOR N\u00cb VITIN 2020 (Afati: 7 qershor 2020)"},"content":{"rendered":"<p>\n\t<img decoding=\"async\" alt=\"\" src=\"https:\/\/kt.gov.rs\/wp-content\/uploads\/2024\/07\/1590568803_270520_3-4.jpg\" style=\"width: 315px; height: 230px; float: left;\" \/>Me k\u00ebt\u00eb thirrje, Fondacioni Paqja Nexus k\u00ebrkon t\u00eb mb\u00ebshtes\u00eb organizatat q\u00eb kontribuojn\u00eb n\u00eb kohezionin social n\u00eb Ballkanin Per\u00ebndimor dhe organizatat q\u00eb veprojn\u00eb n\u00eb nivelin rajonal. Fondacioni \u00ebsht\u00eb ve\u00e7an\u00ebrisht i interesuar t\u00eb mb\u00ebshtes\u00eb aktor\u00ebt q\u00eb punojn\u00eb p\u00ebr t\u00eb rritur cil\u00ebsin\u00eb dhe intensitetin e bashk\u00ebpunimit n\u00eb nivelin etnik dhe komb\u00ebtar, dhe k\u00ebshtu t\u00eb kontribuojn\u00eb n\u00eb l\u00ebvizshm\u00ebrin\u00eb, dialogun dhe pajtimin rajonal.<\/p>\n<p>\n\tMe k\u00ebt\u00eb thirrje, Fondacioni nuk siguron fonde institucionale (themelore).<\/p>\n<p>\n\tN\u00eb vend t\u00eb k\u00ebsaj, Fondacioni ofron mb\u00ebshtetje n\u00eb fushat e m\u00ebposhtme:<\/p>\n<p>\n\t1. Dob\u00ebsit\u00eb e konfliktit p\u00ebr t\u00eb mb\u00ebshtetur organizatat p\u00ebr t&#39;u p\u00ebrshtatur me kontekstin dhe p\u00ebr t\u00eb kontribuar n\u00eb kohezionin social;<\/p>\n<p>\n\t2. Mb\u00ebshtetje organizative p\u00ebr nd\u00ebrtimin e paqes dhe rritjen e efikasitetit t\u00eb tyre n\u00eb pun\u00eb;<\/p>\n<p>\n\t3. Dialog gjith\u00ebp\u00ebrfshir\u00ebs me sektorin e biznesit, me q\u00ebllim p\u00ebrfshirjen e aktor\u00ebve p\u00ebrkat\u00ebs n\u00eb gjetjen e zgjidhjeve dhe kontributeve t\u00eb p\u00ebrbashk\u00ebta p\u00ebr kohezionin social n\u00eb sektorin e marr\u00ebdh\u00ebnieve t\u00eb biznesit \u2013 komuniteti \u2013 autoritetet publike.<\/p>\n<p>\n\tN\u00eb t\u00eb tre fushat e mb\u00ebshtetjes, n\u00ebnkuptohet bashk\u00ebpunimi me partner\u00ebt n\u00eb tejkalimin e sfidave t\u00eb brendshme ose t\u00eb jashtme q\u00eb parandalojn\u00eb efikasitetin dhe aft\u00ebsin\u00eb p\u00ebr t\u00eb arritur q\u00ebllimet e tyre.<\/p>\n<p>\n\tAfati p\u00ebr dor\u00ebzimin e propozim projekteve<strong> \u00ebsht\u00eb 7 qershor 2020. <\/strong><\/p>\n<p>\n\tInformacione shtes\u00eb rreth konkursit jan\u00eb t\u00eb qasura n\u00eb <a href=\"https:\/\/peacenexus.org\/western-balkans-call\">https:\/\/peacenexus.org\/western-balkans-call<\/a>.<\/p>\n<p>\n\t<strong>Burimi<\/strong><strong>: Fondacioni Peace Nexus dhe Trupi Koordinues<\/strong><\/p>\n<p>\n\t\u00a0<\/p>\n","protected":false},"excerpt":{"rendered":"<p>Me k\u00ebt\u00eb thirrje, Fondacioni Paqja Nexus k\u00ebrkon t\u00eb mb\u00ebshtes\u00eb organizatat q\u00eb kontribuojn\u00eb n\u00eb kohezionin social n\u00eb Ballkanin Per\u00ebndimor dhe organizatat q\u00eb veprojn\u00eb n\u00eb nivelin rajonal.<\/p>\n","protected":false},"author":1,"featured_media":112279,"comment_status":"closed","ping_status":"closed","sticky":false,"template":"","format":"standard","meta":{"footnotes":""},"categories":[55],"tags":[],"class_list":["post-112274","post","type-post","status-publish","format-standard","has-post-thumbnail","hentry","category-lajme"],"yoast_head":"<!-- This site is optimized with the Yoast SEO plugin v27.5 - https:\/\/yoast.com\/product\/yoast-seo-wordpress\/ -->\n<title>KONKURSI I FONDACIONIT PEACE NEXUS P\u00cbR BALLKANIN PERENDIMOR N\u00cb VITIN 2020 (Afati: 7 qershor 2020) - Republika e S\u00ebrbis\u00eb Trupi Koordinues p\u00ebr komunat Bujanoc, Preshev\u00eb dhe Medvegj\u00eb<\/title>\n<meta name=\"robots\" content=\"index, follow, max-snippet:-1, max-image-preview:large, max-video-preview:-1\" \/>\n<link rel=\"canonical\" href=\"https:\/\/kt.gov.rs\/sq\/konkursi-i-fondacionit-peace-nexus-per-ballkanin-perendimor-ne-vitin-2020-afati-7-qershor-2020\/\" \/>\n<meta property=\"og:locale\" content=\"sq_AL\" \/>\n<meta property=\"og:type\" content=\"article\" \/>\n<meta property=\"og:title\" content=\"KONKURSI I FONDACIONIT PEACE NEXUS P\u00cbR BALLKANIN PERENDIMOR N\u00cb VITIN 2020 (Afati: 7 qershor 2020) - Republika e S\u00ebrbis\u00eb Trupi Koordinues p\u00ebr komunat Bujanoc, Preshev\u00eb dhe Medvegj\u00eb\" \/>\n<meta property=\"og:description\" content=\"Me k\u00ebt\u00eb thirrje, Fondacioni Paqja Nexus k\u00ebrkon t\u00eb mb\u00ebshtes\u00eb organizatat q\u00eb kontribuojn\u00eb n\u00eb kohezionin social n\u00eb Ballkanin Per\u00ebndimor dhe organizatat q\u00eb veprojn\u00eb n\u00eb nivelin rajonal.\" \/>\n<meta property=\"og:url\" content=\"https:\/\/kt.gov.rs\/sq\/konkursi-i-fondacionit-peace-nexus-per-ballkanin-perendimor-ne-vitin-2020-afati-7-qershor-2020\/\" \/>\n<meta property=\"og:site_name\" content=\"Republika e S\u00ebrbis\u00eb Trupi Koordinues p\u00ebr komunat Bujanoc, Preshev\u00eb dhe Medvegj\u00eb\" \/>\n<meta property=\"article:publisher\" content=\"https:\/\/www.facebook.com\/SluzbaKoordinacionogTelaVladeRepublikeSrbije\" \/>\n<meta property=\"article:published_time\" content=\"2020-05-27T00:00:00+00:00\" \/>\n<meta property=\"article:modified_time\" content=\"2024-07-30T18:04:14+00:00\" \/>\n<meta property=\"og:image\" content=\"https:\/\/kt.gov.rs\/wp-content\/uploads\/2024\/07\/1590568803_270520_3-5.jpg\" \/>\n\t<meta property=\"og:image:width\" content=\"315\" \/>\n\t<meta property=\"og:image:height\" content=\"230\" \/>\n\t<meta property=\"og:image:type\" content=\"image\/jpeg\" \/>\n<meta name=\"author\" content=\"ktmin\" \/>\n<meta name=\"twitter:card\" content=\"summary_large_image\" \/>\n<meta name=\"twitter:creator\" content=\"@kt_gov\" \/>\n<meta name=\"twitter:site\" content=\"@kt_gov\" \/>\n<meta name=\"twitter:label1\" content=\"Written by\" \/>\n\t<meta name=\"twitter:data1\" content=\"ktmin\" \/>\n\t<meta name=\"twitter:label2\" content=\"Est. reading time\" \/>\n\t<meta name=\"twitter:data2\" content=\"2 minutes\" \/>\n<script type=\"application\/ld+json\" class=\"yoast-schema-graph\">{\"@context\":\"https:\\\/\\\/schema.org\",\"@graph\":[{\"@type\":\"Article\",\"@id\":\"https:\\\/\\\/kt.gov.rs\\\/sq\\\/konkursi-i-fondacionit-peace-nexus-per-ballkanin-perendimor-ne-vitin-2020-afati-7-qershor-2020\\\/#article\",\"isPartOf\":{\"@id\":\"https:\\\/\\\/kt.gov.rs\\\/sq\\\/konkursi-i-fondacionit-peace-nexus-per-ballkanin-perendimor-ne-vitin-2020-afati-7-qershor-2020\\\/\"},\"author\":{\"name\":\"ktmin\",\"@id\":\"https:\\\/\\\/kt.gov.rs\\\/#\\\/schema\\\/person\\\/e426459ddb4173309103390602694571\"},\"headline\":\"KONKURSI I FONDACIONIT PEACE NEXUS P\u00cbR BALLKANIN PERENDIMOR N\u00cb VITIN 2020 (Afati: 7 qershor 2020)\",\"datePublished\":\"2020-05-27T00:00:00+00:00\",\"dateModified\":\"2024-07-30T18:04:14+00:00\",\"mainEntityOfPage\":{\"@id\":\"https:\\\/\\\/kt.gov.rs\\\/sq\\\/konkursi-i-fondacionit-peace-nexus-per-ballkanin-perendimor-ne-vitin-2020-afati-7-qershor-2020\\\/\"},\"wordCount\":370,\"publisher\":{\"@id\":\"https:\\\/\\\/kt.gov.rs\\\/#organization\"},\"image\":{\"@id\":\"https:\\\/\\\/kt.gov.rs\\\/sq\\\/konkursi-i-fondacionit-peace-nexus-per-ballkanin-perendimor-ne-vitin-2020-afati-7-qershor-2020\\\/#primaryimage\"},\"thumbnailUrl\":\"https:\\\/\\\/kt.gov.rs\\\/wp-content\\\/uploads\\\/2024\\\/07\\\/1590568803_270520_3-5.jpg\",\"articleSection\":[\"Lajme\"],\"inLanguage\":\"sq-AL\"},{\"@type\":\"WebPage\",\"@id\":\"https:\\\/\\\/kt.gov.rs\\\/sq\\\/konkursi-i-fondacionit-peace-nexus-per-ballkanin-perendimor-ne-vitin-2020-afati-7-qershor-2020\\\/\",\"url\":\"https:\\\/\\\/kt.gov.rs\\\/sq\\\/konkursi-i-fondacionit-peace-nexus-per-ballkanin-perendimor-ne-vitin-2020-afati-7-qershor-2020\\\/\",\"name\":\"KONKURSI I FONDACIONIT PEACE NEXUS P\u00cbR BALLKANIN PERENDIMOR N\u00cb VITIN 2020 (Afati: 7 qershor 2020) - Republika e S\u00ebrbis\u00eb Trupi Koordinues p\u00ebr komunat Bujanoc, Preshev\u00eb dhe Medvegj\u00eb\",\"isPartOf\":{\"@id\":\"https:\\\/\\\/kt.gov.rs\\\/#website\"},\"primaryImageOfPage\":{\"@id\":\"https:\\\/\\\/kt.gov.rs\\\/sq\\\/konkursi-i-fondacionit-peace-nexus-per-ballkanin-perendimor-ne-vitin-2020-afati-7-qershor-2020\\\/#primaryimage\"},\"image\":{\"@id\":\"https:\\\/\\\/kt.gov.rs\\\/sq\\\/konkursi-i-fondacionit-peace-nexus-per-ballkanin-perendimor-ne-vitin-2020-afati-7-qershor-2020\\\/#primaryimage\"},\"thumbnailUrl\":\"https:\\\/\\\/kt.gov.rs\\\/wp-content\\\/uploads\\\/2024\\\/07\\\/1590568803_270520_3-5.jpg\",\"datePublished\":\"2020-05-27T00:00:00+00:00\",\"dateModified\":\"2024-07-30T18:04:14+00:00\",\"breadcrumb\":{\"@id\":\"https:\\\/\\\/kt.gov.rs\\\/sq\\\/konkursi-i-fondacionit-peace-nexus-per-ballkanin-perendimor-ne-vitin-2020-afati-7-qershor-2020\\\/#breadcrumb\"},\"inLanguage\":\"sq-AL\",\"potentialAction\":[{\"@type\":\"ReadAction\",\"target\":[\"https:\\\/\\\/kt.gov.rs\\\/sq\\\/konkursi-i-fondacionit-peace-nexus-per-ballkanin-perendimor-ne-vitin-2020-afati-7-qershor-2020\\\/\"]}]},{\"@type\":\"ImageObject\",\"inLanguage\":\"sq-AL\",\"@id\":\"https:\\\/\\\/kt.gov.rs\\\/sq\\\/konkursi-i-fondacionit-peace-nexus-per-ballkanin-perendimor-ne-vitin-2020-afati-7-qershor-2020\\\/#primaryimage\",\"url\":\"https:\\\/\\\/kt.gov.rs\\\/wp-content\\\/uploads\\\/2024\\\/07\\\/1590568803_270520_3-5.jpg\",\"contentUrl\":\"https:\\\/\\\/kt.gov.rs\\\/wp-content\\\/uploads\\\/2024\\\/07\\\/1590568803_270520_3-5.jpg\",\"width\":315,\"height\":230},{\"@type\":\"BreadcrumbList\",\"@id\":\"https:\\\/\\\/kt.gov.rs\\\/sq\\\/konkursi-i-fondacionit-peace-nexus-per-ballkanin-perendimor-ne-vitin-2020-afati-7-qershor-2020\\\/#breadcrumb\",\"itemListElement\":[{\"@type\":\"ListItem\",\"position\":1,\"name\":\"\u041f\u043e\u0447\u0435\u0442\u043d\u0430\",\"item\":\"https:\\\/\\\/kt.gov.rs\\\/sq\\\/\"},{\"@type\":\"ListItem\",\"position\":2,\"name\":\"KONKURSI I FONDACIONIT PEACE NEXUS P\u00cbR BALLKANIN PERENDIMOR N\u00cb VITIN 2020 (Afati: 7 qershor 2020)\"}]},{\"@type\":\"WebSite\",\"@id\":\"https:\\\/\\\/kt.gov.rs\\\/#website\",\"url\":\"https:\\\/\\\/kt.gov.rs\\\/\",\"name\":\"\u041a\u043e\u043e\u0440\u0434\u0438\u043d\u0430\u0446\u0438\u043e\u043d\u043e \u0442\u0435\u043b\u043e \u0412\u043b\u0430\u0434\u0435 \u0420\u0435\u043f\u0443\u0431\u043b\u0438\u043a\u0435 \u0421\u0440\u0431\u0438\u0458\u0435 \u0437\u0430 \u043e\u043f\u0448\u0442\u0438\u043d\u0435 \u041f\u0440\u0435\u0448\u0435\u0432\u043e, \u0411\u0443\u0458\u0430\u043d\u043e\u0432\u0430\u0446 \u0438 \u041c\u0435\u0434\u0432\u0435\u0452a\",\"description\":\"\",\"publisher\":{\"@id\":\"https:\\\/\\\/kt.gov.rs\\\/#organization\"},\"alternateName\":\"\u041a\u043e\u043e\u0440\u0434\u0438\u043d\u0430\u0446\u0438\u043e\u043d\u043e \u0442\u0435\u043b\u043e\",\"potentialAction\":[{\"@type\":\"SearchAction\",\"target\":{\"@type\":\"EntryPoint\",\"urlTemplate\":\"https:\\\/\\\/kt.gov.rs\\\/?s={search_term_string}\"},\"query-input\":{\"@type\":\"PropertyValueSpecification\",\"valueRequired\":true,\"valueName\":\"search_term_string\"}}],\"inLanguage\":\"sq-AL\"},{\"@type\":\"Organization\",\"@id\":\"https:\\\/\\\/kt.gov.rs\\\/#organization\",\"name\":\"\u041a\u043e\u043e\u0440\u0434\u0438\u043d\u0430\u0446\u0438\u043e\u043d\u043e \u0442\u0435\u043b\u043e \u0412\u043b\u0430\u0434\u0435 \u0420\u0435\u043f\u0443\u0431\u043b\u0438\u043a\u0435 \u0421\u0440\u0431\u0438\u0458\u0435 \u0437\u0430 \u043e\u043f\u0448\u0442\u0438\u043d\u0435 \u041f\u0440\u0435\u0448\u0435\u0432\u043e, \u0411\u0443\u0458\u0430\u043d\u043e\u0432\u0430\u0446 \u0438 \u041c\u0435\u0434\u0432\u0435\u0452a\",\"alternateName\":\"\u041a\u043e\u043e\u0440\u0434\u0438\u043d\u0430\u0446\u0438\u043e\u043d\u043e \u0442\u0435\u043b\u043e\",\"url\":\"https:\\\/\\\/kt.gov.rs\\\/\",\"logo\":{\"@type\":\"ImageObject\",\"inLanguage\":\"sq-AL\",\"@id\":\"https:\\\/\\\/kt.gov.rs\\\/#\\\/schema\\\/logo\\\/image\\\/\",\"url\":\"https:\\\/\\\/kt.gov.rs\\\/wp-content\\\/uploads\\\/2024\\\/12\\\/koord2.jpg\",\"contentUrl\":\"https:\\\/\\\/kt.gov.rs\\\/wp-content\\\/uploads\\\/2024\\\/12\\\/koord2.jpg\",\"width\":640,\"height\":480,\"caption\":\"\u041a\u043e\u043e\u0440\u0434\u0438\u043d\u0430\u0446\u0438\u043e\u043d\u043e \u0442\u0435\u043b\u043e \u0412\u043b\u0430\u0434\u0435 \u0420\u0435\u043f\u0443\u0431\u043b\u0438\u043a\u0435 \u0421\u0440\u0431\u0438\u0458\u0435 \u0437\u0430 \u043e\u043f\u0448\u0442\u0438\u043d\u0435 \u041f\u0440\u0435\u0448\u0435\u0432\u043e, \u0411\u0443\u0458\u0430\u043d\u043e\u0432\u0430\u0446 \u0438 \u041c\u0435\u0434\u0432\u0435\u0452a\"},\"image\":{\"@id\":\"https:\\\/\\\/kt.gov.rs\\\/#\\\/schema\\\/logo\\\/image\\\/\"},\"sameAs\":[\"https:\\\/\\\/www.facebook.com\\\/SluzbaKoordinacionogTelaVladeRepublikeSrbije\",\"https:\\\/\\\/x.com\\\/kt_gov\",\"https:\\\/\\\/www.youtube.com\\\/@koordinacionotelo\"]},{\"@type\":\"Person\",\"@id\":\"https:\\\/\\\/kt.gov.rs\\\/#\\\/schema\\\/person\\\/e426459ddb4173309103390602694571\",\"name\":\"ktmin\",\"image\":{\"@type\":\"ImageObject\",\"inLanguage\":\"sq-AL\",\"@id\":\"https:\\\/\\\/secure.gravatar.com\\\/avatar\\\/3985c961109853010c3fbc7ba30365bfba5db3dd6c525831d9c595c7525a615a?s=96&d=mm&r=g\",\"url\":\"https:\\\/\\\/secure.gravatar.com\\\/avatar\\\/3985c961109853010c3fbc7ba30365bfba5db3dd6c525831d9c595c7525a615a?s=96&d=mm&r=g\",\"contentUrl\":\"https:\\\/\\\/secure.gravatar.com\\\/avatar\\\/3985c961109853010c3fbc7ba30365bfba5db3dd6c525831d9c595c7525a615a?s=96&d=mm&r=g\",\"caption\":\"ktmin\"},\"sameAs\":[\"https:\\\/\\\/kt.gov.rs\"],\"url\":\"https:\\\/\\\/kt.gov.rs\\\/sq\\\/author\\\/ktmin\\\/\"}]}<\/script>\n<!-- \/ Yoast SEO plugin. -->","yoast_head_json":{"title":"KONKURSI I FONDACIONIT PEACE NEXUS P\u00cbR BALLKANIN PERENDIMOR N\u00cb VITIN 2020 (Afati: 7 qershor 2020) - Republika e S\u00ebrbis\u00eb Trupi Koordinues p\u00ebr komunat Bujanoc, Preshev\u00eb dhe Medvegj\u00eb","robots":{"index":"index","follow":"follow","max-snippet":"max-snippet:-1","max-image-preview":"max-image-preview:large","max-video-preview":"max-video-preview:-1"},"canonical":"https:\/\/kt.gov.rs\/sq\/konkursi-i-fondacionit-peace-nexus-per-ballkanin-perendimor-ne-vitin-2020-afati-7-qershor-2020\/","og_locale":"sq_AL","og_type":"article","og_title":"KONKURSI I FONDACIONIT PEACE NEXUS P\u00cbR BALLKANIN PERENDIMOR N\u00cb VITIN 2020 (Afati: 7 qershor 2020) - Republika e S\u00ebrbis\u00eb Trupi Koordinues p\u00ebr komunat Bujanoc, Preshev\u00eb dhe Medvegj\u00eb","og_description":"Me k\u00ebt\u00eb thirrje, Fondacioni Paqja Nexus k\u00ebrkon t\u00eb mb\u00ebshtes\u00eb organizatat q\u00eb kontribuojn\u00eb n\u00eb kohezionin social n\u00eb Ballkanin Per\u00ebndimor dhe organizatat q\u00eb veprojn\u00eb n\u00eb nivelin rajonal.","og_url":"https:\/\/kt.gov.rs\/sq\/konkursi-i-fondacionit-peace-nexus-per-ballkanin-perendimor-ne-vitin-2020-afati-7-qershor-2020\/","og_site_name":"Republika e S\u00ebrbis\u00eb Trupi Koordinues p\u00ebr komunat Bujanoc, Preshev\u00eb dhe Medvegj\u00eb","article_publisher":"https:\/\/www.facebook.com\/SluzbaKoordinacionogTelaVladeRepublikeSrbije","article_published_time":"2020-05-27T00:00:00+00:00","article_modified_time":"2024-07-30T18:04:14+00:00","og_image":[{"width":315,"height":230,"url":"https:\/\/kt.gov.rs\/wp-content\/uploads\/2024\/07\/1590568803_270520_3-5.jpg","type":"image\/jpeg"}],"author":"ktmin","twitter_card":"summary_large_image","twitter_creator":"@kt_gov","twitter_site":"@kt_gov","twitter_misc":{"Written by":"ktmin","Est. reading time":"2 minutes"},"schema":{"@context":"https:\/\/schema.org","@graph":[{"@type":"Article","@id":"https:\/\/kt.gov.rs\/sq\/konkursi-i-fondacionit-peace-nexus-per-ballkanin-perendimor-ne-vitin-2020-afati-7-qershor-2020\/#article","isPartOf":{"@id":"https:\/\/kt.gov.rs\/sq\/konkursi-i-fondacionit-peace-nexus-per-ballkanin-perendimor-ne-vitin-2020-afati-7-qershor-2020\/"},"author":{"name":"ktmin","@id":"https:\/\/kt.gov.rs\/#\/schema\/person\/e426459ddb4173309103390602694571"},"headline":"KONKURSI I FONDACIONIT PEACE NEXUS P\u00cbR BALLKANIN PERENDIMOR N\u00cb VITIN 2020 (Afati: 7 qershor 2020)","datePublished":"2020-05-27T00:00:00+00:00","dateModified":"2024-07-30T18:04:14+00:00","mainEntityOfPage":{"@id":"https:\/\/kt.gov.rs\/sq\/konkursi-i-fondacionit-peace-nexus-per-ballkanin-perendimor-ne-vitin-2020-afati-7-qershor-2020\/"},"wordCount":370,"publisher":{"@id":"https:\/\/kt.gov.rs\/#organization"},"image":{"@id":"https:\/\/kt.gov.rs\/sq\/konkursi-i-fondacionit-peace-nexus-per-ballkanin-perendimor-ne-vitin-2020-afati-7-qershor-2020\/#primaryimage"},"thumbnailUrl":"https:\/\/kt.gov.rs\/wp-content\/uploads\/2024\/07\/1590568803_270520_3-5.jpg","articleSection":["Lajme"],"inLanguage":"sq-AL"},{"@type":"WebPage","@id":"https:\/\/kt.gov.rs\/sq\/konkursi-i-fondacionit-peace-nexus-per-ballkanin-perendimor-ne-vitin-2020-afati-7-qershor-2020\/","url":"https:\/\/kt.gov.rs\/sq\/konkursi-i-fondacionit-peace-nexus-per-ballkanin-perendimor-ne-vitin-2020-afati-7-qershor-2020\/","name":"KONKURSI I FONDACIONIT PEACE NEXUS P\u00cbR BALLKANIN PERENDIMOR N\u00cb VITIN 2020 (Afati: 7 qershor 2020) - Republika e S\u00ebrbis\u00eb Trupi Koordinues p\u00ebr komunat Bujanoc, Preshev\u00eb dhe Medvegj\u00eb","isPartOf":{"@id":"https:\/\/kt.gov.rs\/#website"},"primaryImageOfPage":{"@id":"https:\/\/kt.gov.rs\/sq\/konkursi-i-fondacionit-peace-nexus-per-ballkanin-perendimor-ne-vitin-2020-afati-7-qershor-2020\/#primaryimage"},"image":{"@id":"https:\/\/kt.gov.rs\/sq\/konkursi-i-fondacionit-peace-nexus-per-ballkanin-perendimor-ne-vitin-2020-afati-7-qershor-2020\/#primaryimage"},"thumbnailUrl":"https:\/\/kt.gov.rs\/wp-content\/uploads\/2024\/07\/1590568803_270520_3-5.jpg","datePublished":"2020-05-27T00:00:00+00:00","dateModified":"2024-07-30T18:04:14+00:00","breadcrumb":{"@id":"https:\/\/kt.gov.rs\/sq\/konkursi-i-fondacionit-peace-nexus-per-ballkanin-perendimor-ne-vitin-2020-afati-7-qershor-2020\/#breadcrumb"},"inLanguage":"sq-AL","potentialAction":[{"@type":"ReadAction","target":["https:\/\/kt.gov.rs\/sq\/konkursi-i-fondacionit-peace-nexus-per-ballkanin-perendimor-ne-vitin-2020-afati-7-qershor-2020\/"]}]},{"@type":"ImageObject","inLanguage":"sq-AL","@id":"https:\/\/kt.gov.rs\/sq\/konkursi-i-fondacionit-peace-nexus-per-ballkanin-perendimor-ne-vitin-2020-afati-7-qershor-2020\/#primaryimage","url":"https:\/\/kt.gov.rs\/wp-content\/uploads\/2024\/07\/1590568803_270520_3-5.jpg","contentUrl":"https:\/\/kt.gov.rs\/wp-content\/uploads\/2024\/07\/1590568803_270520_3-5.jpg","width":315,"height":230},{"@type":"BreadcrumbList","@id":"https:\/\/kt.gov.rs\/sq\/konkursi-i-fondacionit-peace-nexus-per-ballkanin-perendimor-ne-vitin-2020-afati-7-qershor-2020\/#breadcrumb","itemListElement":[{"@type":"ListItem","position":1,"name":"\u041f\u043e\u0447\u0435\u0442\u043d\u0430","item":"https:\/\/kt.gov.rs\/sq\/"},{"@type":"ListItem","position":2,"name":"KONKURSI I FONDACIONIT PEACE NEXUS P\u00cbR BALLKANIN PERENDIMOR N\u00cb VITIN 2020 (Afati: 7 qershor 2020)"}]},{"@type":"WebSite","@id":"https:\/\/kt.gov.rs\/#website","url":"https:\/\/kt.gov.rs\/","name":"\u041a\u043e\u043e\u0440\u0434\u0438\u043d\u0430\u0446\u0438\u043e\u043d\u043e \u0442\u0435\u043b\u043e \u0412\u043b\u0430\u0434\u0435 \u0420\u0435\u043f\u0443\u0431\u043b\u0438\u043a\u0435 \u0421\u0440\u0431\u0438\u0458\u0435 \u0437\u0430 \u043e\u043f\u0448\u0442\u0438\u043d\u0435 \u041f\u0440\u0435\u0448\u0435\u0432\u043e, \u0411\u0443\u0458\u0430\u043d\u043e\u0432\u0430\u0446 \u0438 \u041c\u0435\u0434\u0432\u0435\u0452a","description":"","publisher":{"@id":"https:\/\/kt.gov.rs\/#organization"},"alternateName":"\u041a\u043e\u043e\u0440\u0434\u0438\u043d\u0430\u0446\u0438\u043e\u043d\u043e \u0442\u0435\u043b\u043e","potentialAction":[{"@type":"SearchAction","target":{"@type":"EntryPoint","urlTemplate":"https:\/\/kt.gov.rs\/?s={search_term_string}"},"query-input":{"@type":"PropertyValueSpecification","valueRequired":true,"valueName":"search_term_string"}}],"inLanguage":"sq-AL"},{"@type":"Organization","@id":"https:\/\/kt.gov.rs\/#organization","name":"\u041a\u043e\u043e\u0440\u0434\u0438\u043d\u0430\u0446\u0438\u043e\u043d\u043e \u0442\u0435\u043b\u043e \u0412\u043b\u0430\u0434\u0435 \u0420\u0435\u043f\u0443\u0431\u043b\u0438\u043a\u0435 \u0421\u0440\u0431\u0438\u0458\u0435 \u0437\u0430 \u043e\u043f\u0448\u0442\u0438\u043d\u0435 \u041f\u0440\u0435\u0448\u0435\u0432\u043e, \u0411\u0443\u0458\u0430\u043d\u043e\u0432\u0430\u0446 \u0438 \u041c\u0435\u0434\u0432\u0435\u0452a","alternateName":"\u041a\u043e\u043e\u0440\u0434\u0438\u043d\u0430\u0446\u0438\u043e\u043d\u043e \u0442\u0435\u043b\u043e","url":"https:\/\/kt.gov.rs\/","logo":{"@type":"ImageObject","inLanguage":"sq-AL","@id":"https:\/\/kt.gov.rs\/#\/schema\/logo\/image\/","url":"https:\/\/kt.gov.rs\/wp-content\/uploads\/2024\/12\/koord2.jpg","contentUrl":"https:\/\/kt.gov.rs\/wp-content\/uploads\/2024\/12\/koord2.jpg","width":640,"height":480,"caption":"\u041a\u043e\u043e\u0440\u0434\u0438\u043d\u0430\u0446\u0438\u043e\u043d\u043e \u0442\u0435\u043b\u043e \u0412\u043b\u0430\u0434\u0435 \u0420\u0435\u043f\u0443\u0431\u043b\u0438\u043a\u0435 \u0421\u0440\u0431\u0438\u0458\u0435 \u0437\u0430 \u043e\u043f\u0448\u0442\u0438\u043d\u0435 \u041f\u0440\u0435\u0448\u0435\u0432\u043e, \u0411\u0443\u0458\u0430\u043d\u043e\u0432\u0430\u0446 \u0438 \u041c\u0435\u0434\u0432\u0435\u0452a"},"image":{"@id":"https:\/\/kt.gov.rs\/#\/schema\/logo\/image\/"},"sameAs":["https:\/\/www.facebook.com\/SluzbaKoordinacionogTelaVladeRepublikeSrbije","https:\/\/x.com\/kt_gov","https:\/\/www.youtube.com\/@koordinacionotelo"]},{"@type":"Person","@id":"https:\/\/kt.gov.rs\/#\/schema\/person\/e426459ddb4173309103390602694571","name":"ktmin","image":{"@type":"ImageObject","inLanguage":"sq-AL","@id":"https:\/\/secure.gravatar.com\/avatar\/3985c961109853010c3fbc7ba30365bfba5db3dd6c525831d9c595c7525a615a?s=96&d=mm&r=g","url":"https:\/\/secure.gravatar.com\/avatar\/3985c961109853010c3fbc7ba30365bfba5db3dd6c525831d9c595c7525a615a?s=96&d=mm&r=g","contentUrl":"https:\/\/secure.gravatar.com\/avatar\/3985c961109853010c3fbc7ba30365bfba5db3dd6c525831d9c595c7525a615a?s=96&d=mm&r=g","caption":"ktmin"},"sameAs":["https:\/\/kt.gov.rs"],"url":"https:\/\/kt.gov.rs\/sq\/author\/ktmin\/"}]}},"_links":{"self":[{"href":"https:\/\/kt.gov.rs\/sq\/wp-json\/wp\/v2\/posts\/112274","targetHints":{"allow":["GET"]}}],"collection":[{"href":"https:\/\/kt.gov.rs\/sq\/wp-json\/wp\/v2\/posts"}],"about":[{"href":"https:\/\/kt.gov.rs\/sq\/wp-json\/wp\/v2\/types\/post"}],"author":[{"embeddable":true,"href":"https:\/\/kt.gov.rs\/sq\/wp-json\/wp\/v2\/users\/1"}],"replies":[{"embeddable":true,"href":"https:\/\/kt.gov.rs\/sq\/wp-json\/wp\/v2\/comments?post=112274"}],"version-history":[{"count":1,"href":"https:\/\/kt.gov.rs\/sq\/wp-json\/wp\/v2\/posts\/112274\/revisions"}],"predecessor-version":[{"id":112278,"href":"https:\/\/kt.gov.rs\/sq\/wp-json\/wp\/v2\/posts\/112274\/revisions\/112278"}],"wp:featuredmedia":[{"embeddable":true,"href":"https:\/\/kt.gov.rs\/sq\/wp-json\/wp\/v2\/media\/112279"}],"wp:attachment":[{"href":"https:\/\/kt.gov.rs\/sq\/wp-json\/wp\/v2\/media?parent=112274"}],"wp:term":[{"taxonomy":"category","embeddable":true,"href":"https:\/\/kt.gov.rs\/sq\/wp-json\/wp\/v2\/categories?post=112274"},{"taxonomy":"post_tag","embeddable":true,"href":"https:\/\/kt.gov.rs\/sq\/wp-json\/wp\/v2\/tags?post=112274"}],"curies":[{"name":"wp","href":"https:\/\/api.w.org\/{rel}","templated":true}]}}