{"id":112258,"date":"2020-05-26T00:00:00","date_gmt":"2020-05-26T00:00:00","guid":{"rendered":"http:\/\/kt.printandscreen.rs\/konkursi-per-per-ndarjene-fondeve-ne-vitin-2020-per-te-mbeshtetur-projektet-e-shoqatave-ne-fushen-e-fuqizimit-ekonomik-te-grave-nga-kategoria-e-familjeve-me-nje-prind-afati-5-qershor-2020\/"},"modified":"2024-07-30T18:04:12","modified_gmt":"2024-07-30T18:04:12","slug":"konkursi-per-per-ndarjene-fondeve-ne-vitin-2020-per-te-mbeshtetur-projektet-e-shoqatave-ne-fushen-e-fuqizimit-ekonomik-te-grave-nga-kategoria-e-familjeve-me-nje-prind-afati-5-qershor-2020","status":"publish","type":"post","link":"https:\/\/kt.gov.rs\/sq\/konkursi-per-per-ndarjene-fondeve-ne-vitin-2020-per-te-mbeshtetur-projektet-e-shoqatave-ne-fushen-e-fuqizimit-ekonomik-te-grave-nga-kategoria-e-familjeve-me-nje-prind-afati-5-qershor-2020\/","title":{"rendered":"KONKURSI P\u00cbR P\u00cbR NDARJENE FONDEVE N\u00cb VITIN 2020 P\u00cbR T\u00cb MB\u00cbSHTETUR PROJEKTET E SHOQATAVE N\u00cb FUSH\u00cbN E FUQIZIMIT EKONOMIK T\u00cb GRAVE NGA KATEGORIA E FAMILJEVE ME NJ\u00cb PRIND (AFATI: 5 QERSHOR 2020)"},"content":{"rendered":"<p>\n\t<img decoding=\"async\" alt=\"\" src=\"https:\/\/kt.gov.rs\/wp-content\/uploads\/2024\/07\/1590482287_260520_2-4.jpg\" style=\"width: 315px; height: 230px; float: left;\" \/><\/p>\n<p>\n\tMinistria e Pun\u00ebs, Pun\u00ebsimit, \u00c7\u00ebshtjeve Veterane dhe Sociale\u00a0 ka shpallur konkurs p\u00ebr ndarjen e fondeve n\u00eb vitin 2020 p\u00ebr t\u00eb mb\u00ebshtetur projektet e shoqatave n\u00eb fush\u00ebn e fuqizimit ekonomik t\u00eb grave nga kategoria e familjeve me nj\u00eb prind t\u00eb vet\u00ebm. Projektet zbatohen nga shoqatat si organizata vullnetare, joqeveritare dhe jofitimprur\u00ebse n\u00eb fushat me interes publik.<\/p>\n<p>\n\tQ\u00ebllimi i k\u00ebtij konkursi \u00ebsht\u00eb t\u00eb p\u00ebrmir\u00ebsoj\u00eb pozicionin ekonomik dhe statusin e grave nga kategoria e familjeve me nj\u00eb prind p\u00ebrmes kushteve t\u00eb p\u00ebrmir\u00ebsuara p\u00ebr pajtimin e biznesit t\u00eb tyre dhe jet\u00ebs private, ngritjen e kompetencave arsimore, profesionale dhe t\u00eb tjera p\u00ebr pun\u00ebsim ose fillimin e biznesit t\u00eb tyre, mb\u00ebshtetje sociale n\u00eb kujdesin e f\u00ebmij\u00ebve, ofrimin e sh\u00ebrbimeve p\u00ebr kujdes p\u00ebr f\u00ebmij\u00eb t\u00eb moshave t\u00eb ndryshme ose bursa p\u00ebr edukimin dhe aft\u00ebsimin e f\u00ebmij\u00ebve t\u00eb tyre.<\/p>\n<p>\n\tGrat\u00eb nga kategoria e familjeve me nj\u00eb prind i p\u00ebrkasin nj\u00eb prej grupeve m\u00eb t\u00eb rrezikuara shoq\u00ebrore p\u00ebr sa i p\u00ebrket mund\u00ebsive dhe mund\u00ebsive t\u00eb barabarta p\u00ebr t\u00eb pajtuar jet\u00ebn private dhe t\u00eb biznesit. Grat\u00eb nga kategoria me nj\u00eb prind\u00a0 gjithashtu kan\u00eb nevoj\u00eb p\u00ebr v\u00ebmendje dhe mb\u00ebshtetje shtes\u00eb sociale p\u00ebr t\u00eb kap\u00ebrcyer stereotipet gjinore, p\u00ebr t\u00eb p\u00ebrmir\u00ebsuar nivelin e tyre t\u00eb arsimimit, njohurit\u00eb dhe aft\u00ebsit\u00eb profesionale dhe p\u00ebr t\u00eb siguruar pun\u00ebsimin e tyre t\u00eb q\u00ebndruesh\u00ebm ose fuqizimin p\u00ebr t\u00eb filluar biznesin e tyre. P\u00ebr t\u00eb arritur k\u00ebt\u00eb q\u00ebllim, \u00ebsht\u00eb e nevojshme t\u00eb hartohen forma t\u00eb reja t\u00eb ofrimit t\u00eb sh\u00ebrbimeve sociale p\u00ebr sa i p\u00ebrket kujdesit p\u00ebr f\u00ebmij\u00ebt e tyre.<\/p>\n<p>\n\tM\u00eb shum\u00eb informacion\u00a0p\u00ebr m\u00ebnyr\u00ebn e realizimit t\u00eb tem\u00ebs s\u00eb p\u00ebrmendur jan\u00eb dh\u00ebn\u00eb n\u00eb Udh\u00ebzimet p\u00ebr aplikant\u00ebt e projekteve, t\u00eb cilat jan\u00eb pjes\u00eb p\u00ebrb\u00ebr\u00ebse e k\u00ebtij konkursi publik.<\/p>\n<p>\n\tFondet p\u00ebr konkursin jan\u00eb 2.100.000,00 dinar\u00eb, nd\u00ebrsa shuma maksimale q\u00eb mund t\u00eb k\u00ebrkohet p\u00ebr nj\u00eb projekt t\u00eb propozuar \u00ebsht\u00eb 300.000.00 dinar\u00eb.<\/p>\n<p>\n\tKoha e pritur e realizimit t\u00eb projekteve t\u00eb zgjedhura \u00ebsht\u00eb nga 17 gusht 2020 deri n\u00eb 17 janar 2021.<\/p>\n<p>\n\tTeksti i konkursit dhe dokumentacioni mund t\u00eb shkarkohet n\u00eb <a href=\"https:\/\/www.minrzs.gov.rs\/sr\/konkursi\/javni-konkurs-za-udruzenja-na-temu-ekonomsko-osnazivanje-zena-iz-kategorije-jednoroditeljskih-porodica-0\">https:\/\/www.minrzs.gov.rs\/sr\/konkursi\/javni-konkurs-za-udruzenja-na-temu-ekonomsko-osnazivanje-zena-iz-kategorije-jednoroditeljskih-porodica-0<\/a><\/p>\n<p>\n\tAfati i fundit p\u00ebr paraqitjen e aplikimeve \u00ebsht\u00eb deri m\u00eb 5 qershor 2020.<\/p>\n<p>\n\tSh\u00ebnim: Shoqatat q\u00eb kan\u00eb paraqitur dokumentacionin e konkursit sipas konkursit t\u00eb shpallur m\u00eb par\u00eb i cili u anulua p\u00ebr shkak t\u00eb gjendjes s\u00eb jasht\u00ebzakonshme, mund t\u00eb aplikojn\u00eb me t\u00eb nj\u00ebjtin propozim t\u00eb projektit. \u00cbsht\u00eb e nevojshme t\u00eb korrigjoni dat\u00ebn n\u00eb dokumentacionin p\u00ebr zbatimin e aktiviteteve t\u00eb projektit si dhe shum\u00ebn e fondeve t\u00eb k\u00ebrkuara. Dokumentacioni duhet t\u00eb dor\u00ebzohet n\u00eb adres\u00ebn eMinistris\u00eb s\u00eb Pun\u00ebs, Pun\u00ebsimit, \u00e7\u00ebshtjeve Socialeose n\u00eb Regjistrin e organeve t\u00eb Republik\u00ebs, Nemanjina 22-26, 11000 Beograd.<\/p>\n<p>\n\t<strong>Burimi: Ministria e Pun\u00ebs, Pun\u00ebsimit, \u00e7\u00ebshtjeve Veterane dhe Sociale dhe Trupi Koordinues<\/strong><\/p>\n<p>\n\t\u00a0<\/p>\n","protected":false},"excerpt":{"rendered":"<p>Ministria\u00a0e\u00a0Pun\u00ebs, Pun\u00ebsimit, \u00c7\u00ebshtjeve Veterane dhe Sociale\u00a0 ka shpallur konkurs p\u00ebr ndarjen e fondeve n\u00eb vitin 2020 p\u00ebr t\u00eb mb\u00ebshtetur projektet e shoqatave n\u00eb fush\u00ebn e fuqizimit ekonomik t\u00eb grave nga kategoria e familjeve me nj\u00eb prind t\u00eb vet\u00ebm.\u00a0<\/p>\n","protected":false},"author":1,"featured_media":112263,"comment_status":"closed","ping_status":"closed","sticky":false,"template":"","format":"standard","meta":{"footnotes":""},"categories":[55],"tags":[],"class_list":["post-112258","post","type-post","status-publish","format-standard","has-post-thumbnail","hentry","category-lajme"],"yoast_head":"<!-- This site is optimized with the Yoast SEO plugin v27.5 - https:\/\/yoast.com\/product\/yoast-seo-wordpress\/ -->\n<title>KONKURSI P\u00cbR P\u00cbR NDARJENE FONDEVE N\u00cb VITIN 2020 P\u00cbR T\u00cb MB\u00cbSHTETUR PROJEKTET E SHOQATAVE N\u00cb FUSH\u00cbN E FUQIZIMIT EKONOMIK T\u00cb GRAVE NGA KATEGORIA E FAMILJEVE ME NJ\u00cb PRIND (AFATI: 5 QERSHOR 2020) - Republika e S\u00ebrbis\u00eb Trupi Koordinues p\u00ebr komunat Bujanoc, Preshev\u00eb dhe Medvegj\u00eb<\/title>\n<meta name=\"robots\" content=\"index, follow, max-snippet:-1, max-image-preview:large, max-video-preview:-1\" \/>\n<link rel=\"canonical\" href=\"https:\/\/kt.gov.rs\/sq\/konkursi-per-per-ndarjene-fondeve-ne-vitin-2020-per-te-mbeshtetur-projektet-e-shoqatave-ne-fushen-e-fuqizimit-ekonomik-te-grave-nga-kategoria-e-familjeve-me-nje-prind-afati-5-qershor-2020\/\" \/>\n<meta property=\"og:locale\" content=\"sq_AL\" \/>\n<meta property=\"og:type\" content=\"article\" \/>\n<meta property=\"og:title\" content=\"KONKURSI P\u00cbR P\u00cbR NDARJENE FONDEVE N\u00cb VITIN 2020 P\u00cbR T\u00cb MB\u00cbSHTETUR PROJEKTET E SHOQATAVE N\u00cb FUSH\u00cbN E FUQIZIMIT EKONOMIK T\u00cb GRAVE NGA KATEGORIA E FAMILJEVE ME NJ\u00cb PRIND (AFATI: 5 QERSHOR 2020) - Republika e S\u00ebrbis\u00eb Trupi Koordinues p\u00ebr komunat Bujanoc, Preshev\u00eb dhe Medvegj\u00eb\" \/>\n<meta property=\"og:description\" content=\"Ministria\u00a0e\u00a0Pun\u00ebs, Pun\u00ebsimit, \u00c7\u00ebshtjeve Veterane dhe Sociale\u00a0 ka shpallur konkurs p\u00ebr ndarjen e fondeve n\u00eb vitin 2020 p\u00ebr t\u00eb mb\u00ebshtetur projektet e shoqatave n\u00eb fush\u00ebn e fuqizimit ekonomik t\u00eb grave nga kategoria e familjeve me nj\u00eb prind t\u00eb vet\u00ebm.\u00a0\" \/>\n<meta property=\"og:url\" content=\"https:\/\/kt.gov.rs\/sq\/konkursi-per-per-ndarjene-fondeve-ne-vitin-2020-per-te-mbeshtetur-projektet-e-shoqatave-ne-fushen-e-fuqizimit-ekonomik-te-grave-nga-kategoria-e-familjeve-me-nje-prind-afati-5-qershor-2020\/\" \/>\n<meta property=\"og:site_name\" content=\"Republika e S\u00ebrbis\u00eb Trupi Koordinues p\u00ebr komunat Bujanoc, Preshev\u00eb dhe Medvegj\u00eb\" \/>\n<meta property=\"article:publisher\" content=\"https:\/\/www.facebook.com\/SluzbaKoordinacionogTelaVladeRepublikeSrbije\" \/>\n<meta property=\"article:published_time\" content=\"2020-05-26T00:00:00+00:00\" \/>\n<meta property=\"article:modified_time\" content=\"2024-07-30T18:04:12+00:00\" \/>\n<meta property=\"og:image\" content=\"https:\/\/kt.gov.rs\/wp-content\/uploads\/2024\/07\/1590482287_260520_2-5.jpg\" \/>\n\t<meta property=\"og:image:width\" content=\"315\" \/>\n\t<meta property=\"og:image:height\" content=\"230\" \/>\n\t<meta property=\"og:image:type\" content=\"image\/jpeg\" \/>\n<meta name=\"author\" content=\"ktmin\" \/>\n<meta name=\"twitter:card\" content=\"summary_large_image\" \/>\n<meta name=\"twitter:creator\" content=\"@kt_gov\" \/>\n<meta name=\"twitter:site\" content=\"@kt_gov\" \/>\n<meta name=\"twitter:label1\" content=\"Written by\" \/>\n\t<meta name=\"twitter:data1\" content=\"ktmin\" \/>\n\t<meta name=\"twitter:label2\" content=\"Est. reading time\" \/>\n\t<meta name=\"twitter:data2\" content=\"4 minutes\" \/>\n<script type=\"application\/ld+json\" class=\"yoast-schema-graph\">{\"@context\":\"https:\\\/\\\/schema.org\",\"@graph\":[{\"@type\":\"Article\",\"@id\":\"https:\\\/\\\/kt.gov.rs\\\/sq\\\/konkursi-per-per-ndarjene-fondeve-ne-vitin-2020-per-te-mbeshtetur-projektet-e-shoqatave-ne-fushen-e-fuqizimit-ekonomik-te-grave-nga-kategoria-e-familjeve-me-nje-prind-afati-5-qershor-2020\\\/#article\",\"isPartOf\":{\"@id\":\"https:\\\/\\\/kt.gov.rs\\\/sq\\\/konkursi-per-per-ndarjene-fondeve-ne-vitin-2020-per-te-mbeshtetur-projektet-e-shoqatave-ne-fushen-e-fuqizimit-ekonomik-te-grave-nga-kategoria-e-familjeve-me-nje-prind-afati-5-qershor-2020\\\/\"},\"author\":{\"name\":\"ktmin\",\"@id\":\"https:\\\/\\\/kt.gov.rs\\\/#\\\/schema\\\/person\\\/e426459ddb4173309103390602694571\"},\"headline\":\"KONKURSI P\u00cbR P\u00cbR NDARJENE FONDEVE N\u00cb VITIN 2020 P\u00cbR T\u00cb MB\u00cbSHTETUR PROJEKTET E SHOQATAVE N\u00cb FUSH\u00cbN E FUQIZIMIT EKONOMIK T\u00cb GRAVE NGA KATEGORIA E FAMILJEVE ME NJ\u00cb PRIND (AFATI: 5 QERSHOR 2020)\",\"datePublished\":\"2020-05-26T00:00:00+00:00\",\"dateModified\":\"2024-07-30T18:04:12+00:00\",\"mainEntityOfPage\":{\"@id\":\"https:\\\/\\\/kt.gov.rs\\\/sq\\\/konkursi-per-per-ndarjene-fondeve-ne-vitin-2020-per-te-mbeshtetur-projektet-e-shoqatave-ne-fushen-e-fuqizimit-ekonomik-te-grave-nga-kategoria-e-familjeve-me-nje-prind-afati-5-qershor-2020\\\/\"},\"wordCount\":751,\"publisher\":{\"@id\":\"https:\\\/\\\/kt.gov.rs\\\/#organization\"},\"image\":{\"@id\":\"https:\\\/\\\/kt.gov.rs\\\/sq\\\/konkursi-per-per-ndarjene-fondeve-ne-vitin-2020-per-te-mbeshtetur-projektet-e-shoqatave-ne-fushen-e-fuqizimit-ekonomik-te-grave-nga-kategoria-e-familjeve-me-nje-prind-afati-5-qershor-2020\\\/#primaryimage\"},\"thumbnailUrl\":\"https:\\\/\\\/kt.gov.rs\\\/wp-content\\\/uploads\\\/2024\\\/07\\\/1590482287_260520_2-5.jpg\",\"articleSection\":[\"Lajme\"],\"inLanguage\":\"sq-AL\"},{\"@type\":\"WebPage\",\"@id\":\"https:\\\/\\\/kt.gov.rs\\\/sq\\\/konkursi-per-per-ndarjene-fondeve-ne-vitin-2020-per-te-mbeshtetur-projektet-e-shoqatave-ne-fushen-e-fuqizimit-ekonomik-te-grave-nga-kategoria-e-familjeve-me-nje-prind-afati-5-qershor-2020\\\/\",\"url\":\"https:\\\/\\\/kt.gov.rs\\\/sq\\\/konkursi-per-per-ndarjene-fondeve-ne-vitin-2020-per-te-mbeshtetur-projektet-e-shoqatave-ne-fushen-e-fuqizimit-ekonomik-te-grave-nga-kategoria-e-familjeve-me-nje-prind-afati-5-qershor-2020\\\/\",\"name\":\"KONKURSI P\u00cbR P\u00cbR NDARJENE FONDEVE N\u00cb VITIN 2020 P\u00cbR T\u00cb MB\u00cbSHTETUR PROJEKTET E SHOQATAVE N\u00cb FUSH\u00cbN E FUQIZIMIT EKONOMIK T\u00cb GRAVE NGA KATEGORIA E FAMILJEVE ME NJ\u00cb PRIND (AFATI: 5 QERSHOR 2020) - Republika e S\u00ebrbis\u00eb Trupi Koordinues p\u00ebr komunat Bujanoc, Preshev\u00eb dhe Medvegj\u00eb\",\"isPartOf\":{\"@id\":\"https:\\\/\\\/kt.gov.rs\\\/#website\"},\"primaryImageOfPage\":{\"@id\":\"https:\\\/\\\/kt.gov.rs\\\/sq\\\/konkursi-per-per-ndarjene-fondeve-ne-vitin-2020-per-te-mbeshtetur-projektet-e-shoqatave-ne-fushen-e-fuqizimit-ekonomik-te-grave-nga-kategoria-e-familjeve-me-nje-prind-afati-5-qershor-2020\\\/#primaryimage\"},\"image\":{\"@id\":\"https:\\\/\\\/kt.gov.rs\\\/sq\\\/konkursi-per-per-ndarjene-fondeve-ne-vitin-2020-per-te-mbeshtetur-projektet-e-shoqatave-ne-fushen-e-fuqizimit-ekonomik-te-grave-nga-kategoria-e-familjeve-me-nje-prind-afati-5-qershor-2020\\\/#primaryimage\"},\"thumbnailUrl\":\"https:\\\/\\\/kt.gov.rs\\\/wp-content\\\/uploads\\\/2024\\\/07\\\/1590482287_260520_2-5.jpg\",\"datePublished\":\"2020-05-26T00:00:00+00:00\",\"dateModified\":\"2024-07-30T18:04:12+00:00\",\"breadcrumb\":{\"@id\":\"https:\\\/\\\/kt.gov.rs\\\/sq\\\/konkursi-per-per-ndarjene-fondeve-ne-vitin-2020-per-te-mbeshtetur-projektet-e-shoqatave-ne-fushen-e-fuqizimit-ekonomik-te-grave-nga-kategoria-e-familjeve-me-nje-prind-afati-5-qershor-2020\\\/#breadcrumb\"},\"inLanguage\":\"sq-AL\",\"potentialAction\":[{\"@type\":\"ReadAction\",\"target\":[\"https:\\\/\\\/kt.gov.rs\\\/sq\\\/konkursi-per-per-ndarjene-fondeve-ne-vitin-2020-per-te-mbeshtetur-projektet-e-shoqatave-ne-fushen-e-fuqizimit-ekonomik-te-grave-nga-kategoria-e-familjeve-me-nje-prind-afati-5-qershor-2020\\\/\"]}]},{\"@type\":\"ImageObject\",\"inLanguage\":\"sq-AL\",\"@id\":\"https:\\\/\\\/kt.gov.rs\\\/sq\\\/konkursi-per-per-ndarjene-fondeve-ne-vitin-2020-per-te-mbeshtetur-projektet-e-shoqatave-ne-fushen-e-fuqizimit-ekonomik-te-grave-nga-kategoria-e-familjeve-me-nje-prind-afati-5-qershor-2020\\\/#primaryimage\",\"url\":\"https:\\\/\\\/kt.gov.rs\\\/wp-content\\\/uploads\\\/2024\\\/07\\\/1590482287_260520_2-5.jpg\",\"contentUrl\":\"https:\\\/\\\/kt.gov.rs\\\/wp-content\\\/uploads\\\/2024\\\/07\\\/1590482287_260520_2-5.jpg\",\"width\":315,\"height\":230},{\"@type\":\"BreadcrumbList\",\"@id\":\"https:\\\/\\\/kt.gov.rs\\\/sq\\\/konkursi-per-per-ndarjene-fondeve-ne-vitin-2020-per-te-mbeshtetur-projektet-e-shoqatave-ne-fushen-e-fuqizimit-ekonomik-te-grave-nga-kategoria-e-familjeve-me-nje-prind-afati-5-qershor-2020\\\/#breadcrumb\",\"itemListElement\":[{\"@type\":\"ListItem\",\"position\":1,\"name\":\"\u041f\u043e\u0447\u0435\u0442\u043d\u0430\",\"item\":\"https:\\\/\\\/kt.gov.rs\\\/sq\\\/\"},{\"@type\":\"ListItem\",\"position\":2,\"name\":\"KONKURSI P\u00cbR P\u00cbR NDARJENE FONDEVE N\u00cb VITIN 2020 P\u00cbR T\u00cb MB\u00cbSHTETUR PROJEKTET E SHOQATAVE N\u00cb FUSH\u00cbN E FUQIZIMIT EKONOMIK T\u00cb GRAVE NGA KATEGORIA E FAMILJEVE ME NJ\u00cb PRIND (AFATI: 5 QERSHOR 2020)\"}]},{\"@type\":\"WebSite\",\"@id\":\"https:\\\/\\\/kt.gov.rs\\\/#website\",\"url\":\"https:\\\/\\\/kt.gov.rs\\\/\",\"name\":\"\u041a\u043e\u043e\u0440\u0434\u0438\u043d\u0430\u0446\u0438\u043e\u043d\u043e \u0442\u0435\u043b\u043e \u0412\u043b\u0430\u0434\u0435 \u0420\u0435\u043f\u0443\u0431\u043b\u0438\u043a\u0435 \u0421\u0440\u0431\u0438\u0458\u0435 \u0437\u0430 \u043e\u043f\u0448\u0442\u0438\u043d\u0435 \u041f\u0440\u0435\u0448\u0435\u0432\u043e, \u0411\u0443\u0458\u0430\u043d\u043e\u0432\u0430\u0446 \u0438 \u041c\u0435\u0434\u0432\u0435\u0452a\",\"description\":\"\",\"publisher\":{\"@id\":\"https:\\\/\\\/kt.gov.rs\\\/#organization\"},\"alternateName\":\"\u041a\u043e\u043e\u0440\u0434\u0438\u043d\u0430\u0446\u0438\u043e\u043d\u043e \u0442\u0435\u043b\u043e\",\"potentialAction\":[{\"@type\":\"SearchAction\",\"target\":{\"@type\":\"EntryPoint\",\"urlTemplate\":\"https:\\\/\\\/kt.gov.rs\\\/?s={search_term_string}\"},\"query-input\":{\"@type\":\"PropertyValueSpecification\",\"valueRequired\":true,\"valueName\":\"search_term_string\"}}],\"inLanguage\":\"sq-AL\"},{\"@type\":\"Organization\",\"@id\":\"https:\\\/\\\/kt.gov.rs\\\/#organization\",\"name\":\"\u041a\u043e\u043e\u0440\u0434\u0438\u043d\u0430\u0446\u0438\u043e\u043d\u043e \u0442\u0435\u043b\u043e \u0412\u043b\u0430\u0434\u0435 \u0420\u0435\u043f\u0443\u0431\u043b\u0438\u043a\u0435 \u0421\u0440\u0431\u0438\u0458\u0435 \u0437\u0430 \u043e\u043f\u0448\u0442\u0438\u043d\u0435 \u041f\u0440\u0435\u0448\u0435\u0432\u043e, \u0411\u0443\u0458\u0430\u043d\u043e\u0432\u0430\u0446 \u0438 \u041c\u0435\u0434\u0432\u0435\u0452a\",\"alternateName\":\"\u041a\u043e\u043e\u0440\u0434\u0438\u043d\u0430\u0446\u0438\u043e\u043d\u043e \u0442\u0435\u043b\u043e\",\"url\":\"https:\\\/\\\/kt.gov.rs\\\/\",\"logo\":{\"@type\":\"ImageObject\",\"inLanguage\":\"sq-AL\",\"@id\":\"https:\\\/\\\/kt.gov.rs\\\/#\\\/schema\\\/logo\\\/image\\\/\",\"url\":\"https:\\\/\\\/kt.gov.rs\\\/wp-content\\\/uploads\\\/2024\\\/12\\\/koord2.jpg\",\"contentUrl\":\"https:\\\/\\\/kt.gov.rs\\\/wp-content\\\/uploads\\\/2024\\\/12\\\/koord2.jpg\",\"width\":640,\"height\":480,\"caption\":\"\u041a\u043e\u043e\u0440\u0434\u0438\u043d\u0430\u0446\u0438\u043e\u043d\u043e \u0442\u0435\u043b\u043e \u0412\u043b\u0430\u0434\u0435 \u0420\u0435\u043f\u0443\u0431\u043b\u0438\u043a\u0435 \u0421\u0440\u0431\u0438\u0458\u0435 \u0437\u0430 \u043e\u043f\u0448\u0442\u0438\u043d\u0435 \u041f\u0440\u0435\u0448\u0435\u0432\u043e, \u0411\u0443\u0458\u0430\u043d\u043e\u0432\u0430\u0446 \u0438 \u041c\u0435\u0434\u0432\u0435\u0452a\"},\"image\":{\"@id\":\"https:\\\/\\\/kt.gov.rs\\\/#\\\/schema\\\/logo\\\/image\\\/\"},\"sameAs\":[\"https:\\\/\\\/www.facebook.com\\\/SluzbaKoordinacionogTelaVladeRepublikeSrbije\",\"https:\\\/\\\/x.com\\\/kt_gov\",\"https:\\\/\\\/www.youtube.com\\\/@koordinacionotelo\"]},{\"@type\":\"Person\",\"@id\":\"https:\\\/\\\/kt.gov.rs\\\/#\\\/schema\\\/person\\\/e426459ddb4173309103390602694571\",\"name\":\"ktmin\",\"image\":{\"@type\":\"ImageObject\",\"inLanguage\":\"sq-AL\",\"@id\":\"https:\\\/\\\/secure.gravatar.com\\\/avatar\\\/3985c961109853010c3fbc7ba30365bfba5db3dd6c525831d9c595c7525a615a?s=96&d=mm&r=g\",\"url\":\"https:\\\/\\\/secure.gravatar.com\\\/avatar\\\/3985c961109853010c3fbc7ba30365bfba5db3dd6c525831d9c595c7525a615a?s=96&d=mm&r=g\",\"contentUrl\":\"https:\\\/\\\/secure.gravatar.com\\\/avatar\\\/3985c961109853010c3fbc7ba30365bfba5db3dd6c525831d9c595c7525a615a?s=96&d=mm&r=g\",\"caption\":\"ktmin\"},\"sameAs\":[\"https:\\\/\\\/kt.gov.rs\"],\"url\":\"https:\\\/\\\/kt.gov.rs\\\/sq\\\/author\\\/ktmin\\\/\"}]}<\/script>\n<!-- \/ Yoast SEO plugin. -->","yoast_head_json":{"title":"KONKURSI P\u00cbR P\u00cbR NDARJENE FONDEVE N\u00cb VITIN 2020 P\u00cbR T\u00cb MB\u00cbSHTETUR PROJEKTET E SHOQATAVE N\u00cb FUSH\u00cbN E FUQIZIMIT EKONOMIK T\u00cb GRAVE NGA KATEGORIA E FAMILJEVE ME NJ\u00cb PRIND (AFATI: 5 QERSHOR 2020) - Republika e S\u00ebrbis\u00eb Trupi Koordinues p\u00ebr komunat Bujanoc, Preshev\u00eb dhe Medvegj\u00eb","robots":{"index":"index","follow":"follow","max-snippet":"max-snippet:-1","max-image-preview":"max-image-preview:large","max-video-preview":"max-video-preview:-1"},"canonical":"https:\/\/kt.gov.rs\/sq\/konkursi-per-per-ndarjene-fondeve-ne-vitin-2020-per-te-mbeshtetur-projektet-e-shoqatave-ne-fushen-e-fuqizimit-ekonomik-te-grave-nga-kategoria-e-familjeve-me-nje-prind-afati-5-qershor-2020\/","og_locale":"sq_AL","og_type":"article","og_title":"KONKURSI P\u00cbR P\u00cbR NDARJENE FONDEVE N\u00cb VITIN 2020 P\u00cbR T\u00cb MB\u00cbSHTETUR PROJEKTET E SHOQATAVE N\u00cb FUSH\u00cbN E FUQIZIMIT EKONOMIK T\u00cb GRAVE NGA KATEGORIA E FAMILJEVE ME NJ\u00cb PRIND (AFATI: 5 QERSHOR 2020) - Republika e S\u00ebrbis\u00eb Trupi Koordinues p\u00ebr komunat Bujanoc, Preshev\u00eb dhe Medvegj\u00eb","og_description":"Ministria\u00a0e\u00a0Pun\u00ebs, Pun\u00ebsimit, \u00c7\u00ebshtjeve Veterane dhe Sociale\u00a0 ka shpallur konkurs p\u00ebr ndarjen e fondeve n\u00eb vitin 2020 p\u00ebr t\u00eb mb\u00ebshtetur projektet e shoqatave n\u00eb fush\u00ebn e fuqizimit ekonomik t\u00eb grave nga kategoria e familjeve me nj\u00eb prind t\u00eb vet\u00ebm.\u00a0","og_url":"https:\/\/kt.gov.rs\/sq\/konkursi-per-per-ndarjene-fondeve-ne-vitin-2020-per-te-mbeshtetur-projektet-e-shoqatave-ne-fushen-e-fuqizimit-ekonomik-te-grave-nga-kategoria-e-familjeve-me-nje-prind-afati-5-qershor-2020\/","og_site_name":"Republika e S\u00ebrbis\u00eb Trupi Koordinues p\u00ebr komunat Bujanoc, Preshev\u00eb dhe Medvegj\u00eb","article_publisher":"https:\/\/www.facebook.com\/SluzbaKoordinacionogTelaVladeRepublikeSrbije","article_published_time":"2020-05-26T00:00:00+00:00","article_modified_time":"2024-07-30T18:04:12+00:00","og_image":[{"width":315,"height":230,"url":"https:\/\/kt.gov.rs\/wp-content\/uploads\/2024\/07\/1590482287_260520_2-5.jpg","type":"image\/jpeg"}],"author":"ktmin","twitter_card":"summary_large_image","twitter_creator":"@kt_gov","twitter_site":"@kt_gov","twitter_misc":{"Written by":"ktmin","Est. reading time":"4 minutes"},"schema":{"@context":"https:\/\/schema.org","@graph":[{"@type":"Article","@id":"https:\/\/kt.gov.rs\/sq\/konkursi-per-per-ndarjene-fondeve-ne-vitin-2020-per-te-mbeshtetur-projektet-e-shoqatave-ne-fushen-e-fuqizimit-ekonomik-te-grave-nga-kategoria-e-familjeve-me-nje-prind-afati-5-qershor-2020\/#article","isPartOf":{"@id":"https:\/\/kt.gov.rs\/sq\/konkursi-per-per-ndarjene-fondeve-ne-vitin-2020-per-te-mbeshtetur-projektet-e-shoqatave-ne-fushen-e-fuqizimit-ekonomik-te-grave-nga-kategoria-e-familjeve-me-nje-prind-afati-5-qershor-2020\/"},"author":{"name":"ktmin","@id":"https:\/\/kt.gov.rs\/#\/schema\/person\/e426459ddb4173309103390602694571"},"headline":"KONKURSI P\u00cbR P\u00cbR NDARJENE FONDEVE N\u00cb VITIN 2020 P\u00cbR T\u00cb MB\u00cbSHTETUR PROJEKTET E SHOQATAVE N\u00cb FUSH\u00cbN E FUQIZIMIT EKONOMIK T\u00cb GRAVE NGA KATEGORIA E FAMILJEVE ME NJ\u00cb PRIND (AFATI: 5 QERSHOR 2020)","datePublished":"2020-05-26T00:00:00+00:00","dateModified":"2024-07-30T18:04:12+00:00","mainEntityOfPage":{"@id":"https:\/\/kt.gov.rs\/sq\/konkursi-per-per-ndarjene-fondeve-ne-vitin-2020-per-te-mbeshtetur-projektet-e-shoqatave-ne-fushen-e-fuqizimit-ekonomik-te-grave-nga-kategoria-e-familjeve-me-nje-prind-afati-5-qershor-2020\/"},"wordCount":751,"publisher":{"@id":"https:\/\/kt.gov.rs\/#organization"},"image":{"@id":"https:\/\/kt.gov.rs\/sq\/konkursi-per-per-ndarjene-fondeve-ne-vitin-2020-per-te-mbeshtetur-projektet-e-shoqatave-ne-fushen-e-fuqizimit-ekonomik-te-grave-nga-kategoria-e-familjeve-me-nje-prind-afati-5-qershor-2020\/#primaryimage"},"thumbnailUrl":"https:\/\/kt.gov.rs\/wp-content\/uploads\/2024\/07\/1590482287_260520_2-5.jpg","articleSection":["Lajme"],"inLanguage":"sq-AL"},{"@type":"WebPage","@id":"https:\/\/kt.gov.rs\/sq\/konkursi-per-per-ndarjene-fondeve-ne-vitin-2020-per-te-mbeshtetur-projektet-e-shoqatave-ne-fushen-e-fuqizimit-ekonomik-te-grave-nga-kategoria-e-familjeve-me-nje-prind-afati-5-qershor-2020\/","url":"https:\/\/kt.gov.rs\/sq\/konkursi-per-per-ndarjene-fondeve-ne-vitin-2020-per-te-mbeshtetur-projektet-e-shoqatave-ne-fushen-e-fuqizimit-ekonomik-te-grave-nga-kategoria-e-familjeve-me-nje-prind-afati-5-qershor-2020\/","name":"KONKURSI P\u00cbR P\u00cbR NDARJENE FONDEVE N\u00cb VITIN 2020 P\u00cbR T\u00cb MB\u00cbSHTETUR PROJEKTET E SHOQATAVE N\u00cb FUSH\u00cbN E FUQIZIMIT EKONOMIK T\u00cb GRAVE NGA KATEGORIA E FAMILJEVE ME NJ\u00cb PRIND (AFATI: 5 QERSHOR 2020) - Republika e S\u00ebrbis\u00eb Trupi Koordinues p\u00ebr komunat Bujanoc, Preshev\u00eb dhe Medvegj\u00eb","isPartOf":{"@id":"https:\/\/kt.gov.rs\/#website"},"primaryImageOfPage":{"@id":"https:\/\/kt.gov.rs\/sq\/konkursi-per-per-ndarjene-fondeve-ne-vitin-2020-per-te-mbeshtetur-projektet-e-shoqatave-ne-fushen-e-fuqizimit-ekonomik-te-grave-nga-kategoria-e-familjeve-me-nje-prind-afati-5-qershor-2020\/#primaryimage"},"image":{"@id":"https:\/\/kt.gov.rs\/sq\/konkursi-per-per-ndarjene-fondeve-ne-vitin-2020-per-te-mbeshtetur-projektet-e-shoqatave-ne-fushen-e-fuqizimit-ekonomik-te-grave-nga-kategoria-e-familjeve-me-nje-prind-afati-5-qershor-2020\/#primaryimage"},"thumbnailUrl":"https:\/\/kt.gov.rs\/wp-content\/uploads\/2024\/07\/1590482287_260520_2-5.jpg","datePublished":"2020-05-26T00:00:00+00:00","dateModified":"2024-07-30T18:04:12+00:00","breadcrumb":{"@id":"https:\/\/kt.gov.rs\/sq\/konkursi-per-per-ndarjene-fondeve-ne-vitin-2020-per-te-mbeshtetur-projektet-e-shoqatave-ne-fushen-e-fuqizimit-ekonomik-te-grave-nga-kategoria-e-familjeve-me-nje-prind-afati-5-qershor-2020\/#breadcrumb"},"inLanguage":"sq-AL","potentialAction":[{"@type":"ReadAction","target":["https:\/\/kt.gov.rs\/sq\/konkursi-per-per-ndarjene-fondeve-ne-vitin-2020-per-te-mbeshtetur-projektet-e-shoqatave-ne-fushen-e-fuqizimit-ekonomik-te-grave-nga-kategoria-e-familjeve-me-nje-prind-afati-5-qershor-2020\/"]}]},{"@type":"ImageObject","inLanguage":"sq-AL","@id":"https:\/\/kt.gov.rs\/sq\/konkursi-per-per-ndarjene-fondeve-ne-vitin-2020-per-te-mbeshtetur-projektet-e-shoqatave-ne-fushen-e-fuqizimit-ekonomik-te-grave-nga-kategoria-e-familjeve-me-nje-prind-afati-5-qershor-2020\/#primaryimage","url":"https:\/\/kt.gov.rs\/wp-content\/uploads\/2024\/07\/1590482287_260520_2-5.jpg","contentUrl":"https:\/\/kt.gov.rs\/wp-content\/uploads\/2024\/07\/1590482287_260520_2-5.jpg","width":315,"height":230},{"@type":"BreadcrumbList","@id":"https:\/\/kt.gov.rs\/sq\/konkursi-per-per-ndarjene-fondeve-ne-vitin-2020-per-te-mbeshtetur-projektet-e-shoqatave-ne-fushen-e-fuqizimit-ekonomik-te-grave-nga-kategoria-e-familjeve-me-nje-prind-afati-5-qershor-2020\/#breadcrumb","itemListElement":[{"@type":"ListItem","position":1,"name":"\u041f\u043e\u0447\u0435\u0442\u043d\u0430","item":"https:\/\/kt.gov.rs\/sq\/"},{"@type":"ListItem","position":2,"name":"KONKURSI P\u00cbR P\u00cbR NDARJENE FONDEVE N\u00cb VITIN 2020 P\u00cbR T\u00cb MB\u00cbSHTETUR PROJEKTET E SHOQATAVE N\u00cb FUSH\u00cbN E FUQIZIMIT EKONOMIK T\u00cb GRAVE NGA KATEGORIA E FAMILJEVE ME NJ\u00cb PRIND (AFATI: 5 QERSHOR 2020)"}]},{"@type":"WebSite","@id":"https:\/\/kt.gov.rs\/#website","url":"https:\/\/kt.gov.rs\/","name":"\u041a\u043e\u043e\u0440\u0434\u0438\u043d\u0430\u0446\u0438\u043e\u043d\u043e \u0442\u0435\u043b\u043e \u0412\u043b\u0430\u0434\u0435 \u0420\u0435\u043f\u0443\u0431\u043b\u0438\u043a\u0435 \u0421\u0440\u0431\u0438\u0458\u0435 \u0437\u0430 \u043e\u043f\u0448\u0442\u0438\u043d\u0435 \u041f\u0440\u0435\u0448\u0435\u0432\u043e, \u0411\u0443\u0458\u0430\u043d\u043e\u0432\u0430\u0446 \u0438 \u041c\u0435\u0434\u0432\u0435\u0452a","description":"","publisher":{"@id":"https:\/\/kt.gov.rs\/#organization"},"alternateName":"\u041a\u043e\u043e\u0440\u0434\u0438\u043d\u0430\u0446\u0438\u043e\u043d\u043e \u0442\u0435\u043b\u043e","potentialAction":[{"@type":"SearchAction","target":{"@type":"EntryPoint","urlTemplate":"https:\/\/kt.gov.rs\/?s={search_term_string}"},"query-input":{"@type":"PropertyValueSpecification","valueRequired":true,"valueName":"search_term_string"}}],"inLanguage":"sq-AL"},{"@type":"Organization","@id":"https:\/\/kt.gov.rs\/#organization","name":"\u041a\u043e\u043e\u0440\u0434\u0438\u043d\u0430\u0446\u0438\u043e\u043d\u043e \u0442\u0435\u043b\u043e \u0412\u043b\u0430\u0434\u0435 \u0420\u0435\u043f\u0443\u0431\u043b\u0438\u043a\u0435 \u0421\u0440\u0431\u0438\u0458\u0435 \u0437\u0430 \u043e\u043f\u0448\u0442\u0438\u043d\u0435 \u041f\u0440\u0435\u0448\u0435\u0432\u043e, \u0411\u0443\u0458\u0430\u043d\u043e\u0432\u0430\u0446 \u0438 \u041c\u0435\u0434\u0432\u0435\u0452a","alternateName":"\u041a\u043e\u043e\u0440\u0434\u0438\u043d\u0430\u0446\u0438\u043e\u043d\u043e \u0442\u0435\u043b\u043e","url":"https:\/\/kt.gov.rs\/","logo":{"@type":"ImageObject","inLanguage":"sq-AL","@id":"https:\/\/kt.gov.rs\/#\/schema\/logo\/image\/","url":"https:\/\/kt.gov.rs\/wp-content\/uploads\/2024\/12\/koord2.jpg","contentUrl":"https:\/\/kt.gov.rs\/wp-content\/uploads\/2024\/12\/koord2.jpg","width":640,"height":480,"caption":"\u041a\u043e\u043e\u0440\u0434\u0438\u043d\u0430\u0446\u0438\u043e\u043d\u043e \u0442\u0435\u043b\u043e \u0412\u043b\u0430\u0434\u0435 \u0420\u0435\u043f\u0443\u0431\u043b\u0438\u043a\u0435 \u0421\u0440\u0431\u0438\u0458\u0435 \u0437\u0430 \u043e\u043f\u0448\u0442\u0438\u043d\u0435 \u041f\u0440\u0435\u0448\u0435\u0432\u043e, \u0411\u0443\u0458\u0430\u043d\u043e\u0432\u0430\u0446 \u0438 \u041c\u0435\u0434\u0432\u0435\u0452a"},"image":{"@id":"https:\/\/kt.gov.rs\/#\/schema\/logo\/image\/"},"sameAs":["https:\/\/www.facebook.com\/SluzbaKoordinacionogTelaVladeRepublikeSrbije","https:\/\/x.com\/kt_gov","https:\/\/www.youtube.com\/@koordinacionotelo"]},{"@type":"Person","@id":"https:\/\/kt.gov.rs\/#\/schema\/person\/e426459ddb4173309103390602694571","name":"ktmin","image":{"@type":"ImageObject","inLanguage":"sq-AL","@id":"https:\/\/secure.gravatar.com\/avatar\/3985c961109853010c3fbc7ba30365bfba5db3dd6c525831d9c595c7525a615a?s=96&d=mm&r=g","url":"https:\/\/secure.gravatar.com\/avatar\/3985c961109853010c3fbc7ba30365bfba5db3dd6c525831d9c595c7525a615a?s=96&d=mm&r=g","contentUrl":"https:\/\/secure.gravatar.com\/avatar\/3985c961109853010c3fbc7ba30365bfba5db3dd6c525831d9c595c7525a615a?s=96&d=mm&r=g","caption":"ktmin"},"sameAs":["https:\/\/kt.gov.rs"],"url":"https:\/\/kt.gov.rs\/sq\/author\/ktmin\/"}]}},"_links":{"self":[{"href":"https:\/\/kt.gov.rs\/sq\/wp-json\/wp\/v2\/posts\/112258","targetHints":{"allow":["GET"]}}],"collection":[{"href":"https:\/\/kt.gov.rs\/sq\/wp-json\/wp\/v2\/posts"}],"about":[{"href":"https:\/\/kt.gov.rs\/sq\/wp-json\/wp\/v2\/types\/post"}],"author":[{"embeddable":true,"href":"https:\/\/kt.gov.rs\/sq\/wp-json\/wp\/v2\/users\/1"}],"replies":[{"embeddable":true,"href":"https:\/\/kt.gov.rs\/sq\/wp-json\/wp\/v2\/comments?post=112258"}],"version-history":[{"count":1,"href":"https:\/\/kt.gov.rs\/sq\/wp-json\/wp\/v2\/posts\/112258\/revisions"}],"predecessor-version":[{"id":112262,"href":"https:\/\/kt.gov.rs\/sq\/wp-json\/wp\/v2\/posts\/112258\/revisions\/112262"}],"wp:featuredmedia":[{"embeddable":true,"href":"https:\/\/kt.gov.rs\/sq\/wp-json\/wp\/v2\/media\/112263"}],"wp:attachment":[{"href":"https:\/\/kt.gov.rs\/sq\/wp-json\/wp\/v2\/media?parent=112258"}],"wp:term":[{"taxonomy":"category","embeddable":true,"href":"https:\/\/kt.gov.rs\/sq\/wp-json\/wp\/v2\/categories?post=112258"},{"taxonomy":"post_tag","embeddable":true,"href":"https:\/\/kt.gov.rs\/sq\/wp-json\/wp\/v2\/tags?post=112258"}],"curies":[{"name":"wp","href":"https:\/\/api.w.org\/{rel}","templated":true}]}}