{"id":112186,"date":"2020-06-02T00:00:00","date_gmt":"2020-06-02T00:00:00","guid":{"rendered":"http:\/\/kt.printandscreen.rs\/dr-tiodoroviq-situata-epidemiologjike-ne-jug-te-serbise-nen-kontroll\/"},"modified":"2024-07-30T18:04:06","modified_gmt":"2024-07-30T18:04:06","slug":"dr-tiodoroviq-situata-epidemiologjike-ne-jug-te-serbise-nen-kontroll","status":"publish","type":"post","link":"https:\/\/kt.gov.rs\/sq\/dr-tiodoroviq-situata-epidemiologjike-ne-jug-te-serbise-nen-kontroll\/","title":{"rendered":"DR. TIODOROVIQ: SITUATA EPIDEMIOLOGJIKE N\u00cb JUG T\u00cb SERBIS\u00cb N\u00cbN KONTROLL"},"content":{"rendered":"<p>\n\t<strong><img decoding=\"async\" alt=\"\" src=\"https:\/\/kt.gov.rs\/wp-content\/uploads\/2024\/07\/1591086736_020620_3-4.jpg\" style=\"width: 315px; height: 230px; float: left;\" \/><\/strong><\/p>\n<p>\n\tAi tha p\u00ebr Radio Televizionin e Serbis\u00eb se aktualisht 44 pacient\u00eb me koronavirus jan\u00eb duke u trajtuar n\u00eb Qendr\u00ebn Klinike t\u00eb Nishit, ka rreth tridhjet\u00eb pacient\u00eb n\u00eb spitalin COVID n\u00eb Leskoc dhe rreth 80 pacient\u00eb n\u00eb spitalin COVID n\u00eb Vraj\u00eb.<\/p>\n<p>\n\tSipas tij, ka shum\u00eb t\u00eb rinj dhe shum\u00eb fotografi klinike asimptomatike n\u00eb mesin e pacient\u00ebve n\u00eb Vranj\u00eb.<\/p>\n<p>\n\t&quot;Shum\u00eb masa p\u00ebr t\u00eb luftuar epidemin\u00eb jan\u00eb relaksuar, por qytetar\u00ebt ende kan\u00eb detyrim t\u00eb vendosin maska \u200b\u200bbrenda dhe t\u00eb mbajn\u00eb distanc\u00ebn e tyre. Doreza jan\u00eb t\u00eb nevojshme n\u00eb kompanit\u00eb, tregje apo dyqane. Gjithashtu, \u00ebsht\u00eb e nevojshme q\u00eb t\u2019i lani duart disa her\u00eb dhe t\u2019i dezinfektoni \u201d, tha Tiodoroviq.<\/p>\n<p>\n\tN\u00ebse njer\u00ebzit i p\u00ebrmbahen k\u00ebsaj, shtoi ai, situata do t\u00eb jet\u00eb shum\u00eb m\u00eb e mir\u00eb n\u00eb 14 dit\u00eb, megjith\u00ebse, si\u00e7 tha ai, epidemia mund t\u00eb njoftohet zyrtarisht vet\u00ebm pas 28 dit\u00ebsh pa t\u00eb s\u00ebmur\u00eb dhe pozitiv.<\/p>\n<p>\n\t&quot;Deri m\u00eb tani, 42.6 p\u00ebrqind e atyre q\u00eb jan\u00eb jasht\u00eb Nishit jan\u00eb trajtuar n\u00eb Qendr\u00ebn Klinike n\u00eb Nish, ka pasur mbi 32 p\u00ebrqind t\u00eb t\u00eb rinjve, dhe gjith\u00e7ka q\u00eb flet p\u00ebr m\u00ebnyr\u00ebn se si ne sillemi n\u00eb mes t\u00eb epidemis\u00eb. Situata \u00ebsht\u00eb shum\u00eb m\u00eb mir\u00eb tani, &quot;theksoi Tiodoroviq.<\/p>\n<p>\n\tAi theksoi se epidemiolog\u00ebt n\u00eb Serbi kan\u00eb qen\u00eb t\u00eb sigurt q\u00eb nga fillimi i epidemis\u00eb se \u00e7far\u00eb duhet t\u00eb b\u00ebjn\u00eb, sepse ekziston nj\u00eb doktrin\u00eb bot\u00ebrore n\u00eb epidemiologji se si parandalohen dhe shtypen epidemit\u00eb dhe pandemit\u00eb.<\/p>\n<p>\n\t&quot;Ajo q\u00eb u tha q\u00eb ne nuk e dinim se \u00e7far\u00eb duhet t\u00eb b\u00ebnim n\u00eb fillim, nuk \u00ebsht\u00eb absolutisht e v\u00ebrtet\u00eb,&quot; theksoi Tiodroviq.<\/p>\n<p>\n\t<strong>Burimi: Beta dhe Trupi Koordinues<\/strong><\/p>\n<p>\n\t\u00a0<\/p>\n","protected":false},"excerpt":{"rendered":"<p>Ai tha p\u00ebr Radio Televizionin e Serbis\u00eb se aktualisht 44 pacient\u00eb me koronavirus jan\u00eb duke u trajtuar n\u00eb Qendr\u00ebn Klinike t\u00eb Nishit, ka rreth tridhjet\u00eb pacient\u00eb n\u00eb spitalin COVID n\u00eb Leskoc dhe rreth 80 pacient\u00eb n\u00eb spitalin COVID n\u00eb Vraj\u00eb.<\/p>\n","protected":false},"author":1,"featured_media":112191,"comment_status":"closed","ping_status":"closed","sticky":false,"template":"","format":"standard","meta":{"footnotes":""},"categories":[55],"tags":[],"class_list":["post-112186","post","type-post","status-publish","format-standard","has-post-thumbnail","hentry","category-lajme"],"yoast_head":"<!-- This site is optimized with the Yoast SEO plugin v27.5 - https:\/\/yoast.com\/product\/yoast-seo-wordpress\/ -->\n<title>DR. TIODOROVIQ: SITUATA EPIDEMIOLOGJIKE N\u00cb JUG T\u00cb SERBIS\u00cb N\u00cbN KONTROLL - Republika e S\u00ebrbis\u00eb Trupi Koordinues p\u00ebr komunat Bujanoc, Preshev\u00eb dhe Medvegj\u00eb<\/title>\n<meta name=\"robots\" content=\"index, follow, max-snippet:-1, max-image-preview:large, max-video-preview:-1\" \/>\n<link rel=\"canonical\" href=\"https:\/\/kt.gov.rs\/sq\/dr-tiodoroviq-situata-epidemiologjike-ne-jug-te-serbise-nen-kontroll\/\" \/>\n<meta property=\"og:locale\" content=\"sq_AL\" \/>\n<meta property=\"og:type\" content=\"article\" \/>\n<meta property=\"og:title\" content=\"DR. TIODOROVIQ: SITUATA EPIDEMIOLOGJIKE N\u00cb JUG T\u00cb SERBIS\u00cb N\u00cbN KONTROLL - Republika e S\u00ebrbis\u00eb Trupi Koordinues p\u00ebr komunat Bujanoc, Preshev\u00eb dhe Medvegj\u00eb\" \/>\n<meta property=\"og:description\" content=\"Ai tha p\u00ebr Radio Televizionin e Serbis\u00eb se aktualisht 44 pacient\u00eb me koronavirus jan\u00eb duke u trajtuar n\u00eb Qendr\u00ebn Klinike t\u00eb Nishit, ka rreth tridhjet\u00eb pacient\u00eb n\u00eb spitalin COVID n\u00eb Leskoc dhe rreth 80 pacient\u00eb n\u00eb spitalin COVID n\u00eb Vraj\u00eb.\" \/>\n<meta property=\"og:url\" content=\"https:\/\/kt.gov.rs\/sq\/dr-tiodoroviq-situata-epidemiologjike-ne-jug-te-serbise-nen-kontroll\/\" \/>\n<meta property=\"og:site_name\" content=\"Republika e S\u00ebrbis\u00eb Trupi Koordinues p\u00ebr komunat Bujanoc, Preshev\u00eb dhe Medvegj\u00eb\" \/>\n<meta property=\"article:publisher\" content=\"https:\/\/www.facebook.com\/SluzbaKoordinacionogTelaVladeRepublikeSrbije\" \/>\n<meta property=\"article:published_time\" content=\"2020-06-02T00:00:00+00:00\" \/>\n<meta property=\"article:modified_time\" content=\"2024-07-30T18:04:06+00:00\" \/>\n<meta property=\"og:image\" content=\"https:\/\/kt.gov.rs\/wp-content\/uploads\/2024\/07\/1591086736_020620_3-5.jpg\" \/>\n\t<meta property=\"og:image:width\" content=\"315\" \/>\n\t<meta property=\"og:image:height\" content=\"230\" \/>\n\t<meta property=\"og:image:type\" content=\"image\/jpeg\" \/>\n<meta name=\"author\" content=\"ktmin\" \/>\n<meta name=\"twitter:card\" content=\"summary_large_image\" \/>\n<meta name=\"twitter:creator\" content=\"@kt_gov\" \/>\n<meta name=\"twitter:site\" content=\"@kt_gov\" \/>\n<meta name=\"twitter:label1\" content=\"Written by\" \/>\n\t<meta name=\"twitter:data1\" content=\"ktmin\" \/>\n\t<meta name=\"twitter:label2\" content=\"Est. reading time\" \/>\n\t<meta name=\"twitter:data2\" content=\"2 minutes\" \/>\n<script type=\"application\/ld+json\" class=\"yoast-schema-graph\">{\"@context\":\"https:\\\/\\\/schema.org\",\"@graph\":[{\"@type\":\"Article\",\"@id\":\"https:\\\/\\\/kt.gov.rs\\\/sq\\\/dr-tiodoroviq-situata-epidemiologjike-ne-jug-te-serbise-nen-kontroll\\\/#article\",\"isPartOf\":{\"@id\":\"https:\\\/\\\/kt.gov.rs\\\/sq\\\/dr-tiodoroviq-situata-epidemiologjike-ne-jug-te-serbise-nen-kontroll\\\/\"},\"author\":{\"name\":\"ktmin\",\"@id\":\"https:\\\/\\\/kt.gov.rs\\\/#\\\/schema\\\/person\\\/e426459ddb4173309103390602694571\"},\"headline\":\"DR. TIODOROVIQ: SITUATA EPIDEMIOLOGJIKE N\u00cb JUG T\u00cb SERBIS\u00cb N\u00cbN KONTROLL\",\"datePublished\":\"2020-06-02T00:00:00+00:00\",\"dateModified\":\"2024-07-30T18:04:06+00:00\",\"mainEntityOfPage\":{\"@id\":\"https:\\\/\\\/kt.gov.rs\\\/sq\\\/dr-tiodoroviq-situata-epidemiologjike-ne-jug-te-serbise-nen-kontroll\\\/\"},\"wordCount\":407,\"publisher\":{\"@id\":\"https:\\\/\\\/kt.gov.rs\\\/#organization\"},\"image\":{\"@id\":\"https:\\\/\\\/kt.gov.rs\\\/sq\\\/dr-tiodoroviq-situata-epidemiologjike-ne-jug-te-serbise-nen-kontroll\\\/#primaryimage\"},\"thumbnailUrl\":\"https:\\\/\\\/kt.gov.rs\\\/wp-content\\\/uploads\\\/2024\\\/07\\\/1591086736_020620_3-5.jpg\",\"articleSection\":[\"Lajme\"],\"inLanguage\":\"sq-AL\"},{\"@type\":\"WebPage\",\"@id\":\"https:\\\/\\\/kt.gov.rs\\\/sq\\\/dr-tiodoroviq-situata-epidemiologjike-ne-jug-te-serbise-nen-kontroll\\\/\",\"url\":\"https:\\\/\\\/kt.gov.rs\\\/sq\\\/dr-tiodoroviq-situata-epidemiologjike-ne-jug-te-serbise-nen-kontroll\\\/\",\"name\":\"DR. TIODOROVIQ: SITUATA EPIDEMIOLOGJIKE N\u00cb JUG T\u00cb SERBIS\u00cb N\u00cbN KONTROLL - Republika e S\u00ebrbis\u00eb Trupi Koordinues p\u00ebr komunat Bujanoc, Preshev\u00eb dhe Medvegj\u00eb\",\"isPartOf\":{\"@id\":\"https:\\\/\\\/kt.gov.rs\\\/#website\"},\"primaryImageOfPage\":{\"@id\":\"https:\\\/\\\/kt.gov.rs\\\/sq\\\/dr-tiodoroviq-situata-epidemiologjike-ne-jug-te-serbise-nen-kontroll\\\/#primaryimage\"},\"image\":{\"@id\":\"https:\\\/\\\/kt.gov.rs\\\/sq\\\/dr-tiodoroviq-situata-epidemiologjike-ne-jug-te-serbise-nen-kontroll\\\/#primaryimage\"},\"thumbnailUrl\":\"https:\\\/\\\/kt.gov.rs\\\/wp-content\\\/uploads\\\/2024\\\/07\\\/1591086736_020620_3-5.jpg\",\"datePublished\":\"2020-06-02T00:00:00+00:00\",\"dateModified\":\"2024-07-30T18:04:06+00:00\",\"breadcrumb\":{\"@id\":\"https:\\\/\\\/kt.gov.rs\\\/sq\\\/dr-tiodoroviq-situata-epidemiologjike-ne-jug-te-serbise-nen-kontroll\\\/#breadcrumb\"},\"inLanguage\":\"sq-AL\",\"potentialAction\":[{\"@type\":\"ReadAction\",\"target\":[\"https:\\\/\\\/kt.gov.rs\\\/sq\\\/dr-tiodoroviq-situata-epidemiologjike-ne-jug-te-serbise-nen-kontroll\\\/\"]}]},{\"@type\":\"ImageObject\",\"inLanguage\":\"sq-AL\",\"@id\":\"https:\\\/\\\/kt.gov.rs\\\/sq\\\/dr-tiodoroviq-situata-epidemiologjike-ne-jug-te-serbise-nen-kontroll\\\/#primaryimage\",\"url\":\"https:\\\/\\\/kt.gov.rs\\\/wp-content\\\/uploads\\\/2024\\\/07\\\/1591086736_020620_3-5.jpg\",\"contentUrl\":\"https:\\\/\\\/kt.gov.rs\\\/wp-content\\\/uploads\\\/2024\\\/07\\\/1591086736_020620_3-5.jpg\",\"width\":315,\"height\":230},{\"@type\":\"BreadcrumbList\",\"@id\":\"https:\\\/\\\/kt.gov.rs\\\/sq\\\/dr-tiodoroviq-situata-epidemiologjike-ne-jug-te-serbise-nen-kontroll\\\/#breadcrumb\",\"itemListElement\":[{\"@type\":\"ListItem\",\"position\":1,\"name\":\"\u041f\u043e\u0447\u0435\u0442\u043d\u0430\",\"item\":\"https:\\\/\\\/kt.gov.rs\\\/sq\\\/\"},{\"@type\":\"ListItem\",\"position\":2,\"name\":\"DR. TIODOROVIQ: SITUATA EPIDEMIOLOGJIKE N\u00cb JUG T\u00cb SERBIS\u00cb N\u00cbN KONTROLL\"}]},{\"@type\":\"WebSite\",\"@id\":\"https:\\\/\\\/kt.gov.rs\\\/#website\",\"url\":\"https:\\\/\\\/kt.gov.rs\\\/\",\"name\":\"\u041a\u043e\u043e\u0440\u0434\u0438\u043d\u0430\u0446\u0438\u043e\u043d\u043e \u0442\u0435\u043b\u043e \u0412\u043b\u0430\u0434\u0435 \u0420\u0435\u043f\u0443\u0431\u043b\u0438\u043a\u0435 \u0421\u0440\u0431\u0438\u0458\u0435 \u0437\u0430 \u043e\u043f\u0448\u0442\u0438\u043d\u0435 \u041f\u0440\u0435\u0448\u0435\u0432\u043e, \u0411\u0443\u0458\u0430\u043d\u043e\u0432\u0430\u0446 \u0438 \u041c\u0435\u0434\u0432\u0435\u0452a\",\"description\":\"\",\"publisher\":{\"@id\":\"https:\\\/\\\/kt.gov.rs\\\/#organization\"},\"alternateName\":\"\u041a\u043e\u043e\u0440\u0434\u0438\u043d\u0430\u0446\u0438\u043e\u043d\u043e \u0442\u0435\u043b\u043e\",\"potentialAction\":[{\"@type\":\"SearchAction\",\"target\":{\"@type\":\"EntryPoint\",\"urlTemplate\":\"https:\\\/\\\/kt.gov.rs\\\/?s={search_term_string}\"},\"query-input\":{\"@type\":\"PropertyValueSpecification\",\"valueRequired\":true,\"valueName\":\"search_term_string\"}}],\"inLanguage\":\"sq-AL\"},{\"@type\":\"Organization\",\"@id\":\"https:\\\/\\\/kt.gov.rs\\\/#organization\",\"name\":\"\u041a\u043e\u043e\u0440\u0434\u0438\u043d\u0430\u0446\u0438\u043e\u043d\u043e \u0442\u0435\u043b\u043e \u0412\u043b\u0430\u0434\u0435 \u0420\u0435\u043f\u0443\u0431\u043b\u0438\u043a\u0435 \u0421\u0440\u0431\u0438\u0458\u0435 \u0437\u0430 \u043e\u043f\u0448\u0442\u0438\u043d\u0435 \u041f\u0440\u0435\u0448\u0435\u0432\u043e, \u0411\u0443\u0458\u0430\u043d\u043e\u0432\u0430\u0446 \u0438 \u041c\u0435\u0434\u0432\u0435\u0452a\",\"alternateName\":\"\u041a\u043e\u043e\u0440\u0434\u0438\u043d\u0430\u0446\u0438\u043e\u043d\u043e \u0442\u0435\u043b\u043e\",\"url\":\"https:\\\/\\\/kt.gov.rs\\\/\",\"logo\":{\"@type\":\"ImageObject\",\"inLanguage\":\"sq-AL\",\"@id\":\"https:\\\/\\\/kt.gov.rs\\\/#\\\/schema\\\/logo\\\/image\\\/\",\"url\":\"https:\\\/\\\/kt.gov.rs\\\/wp-content\\\/uploads\\\/2024\\\/12\\\/koord2.jpg\",\"contentUrl\":\"https:\\\/\\\/kt.gov.rs\\\/wp-content\\\/uploads\\\/2024\\\/12\\\/koord2.jpg\",\"width\":640,\"height\":480,\"caption\":\"\u041a\u043e\u043e\u0440\u0434\u0438\u043d\u0430\u0446\u0438\u043e\u043d\u043e \u0442\u0435\u043b\u043e \u0412\u043b\u0430\u0434\u0435 \u0420\u0435\u043f\u0443\u0431\u043b\u0438\u043a\u0435 \u0421\u0440\u0431\u0438\u0458\u0435 \u0437\u0430 \u043e\u043f\u0448\u0442\u0438\u043d\u0435 \u041f\u0440\u0435\u0448\u0435\u0432\u043e, \u0411\u0443\u0458\u0430\u043d\u043e\u0432\u0430\u0446 \u0438 \u041c\u0435\u0434\u0432\u0435\u0452a\"},\"image\":{\"@id\":\"https:\\\/\\\/kt.gov.rs\\\/#\\\/schema\\\/logo\\\/image\\\/\"},\"sameAs\":[\"https:\\\/\\\/www.facebook.com\\\/SluzbaKoordinacionogTelaVladeRepublikeSrbije\",\"https:\\\/\\\/x.com\\\/kt_gov\",\"https:\\\/\\\/www.youtube.com\\\/@koordinacionotelo\"]},{\"@type\":\"Person\",\"@id\":\"https:\\\/\\\/kt.gov.rs\\\/#\\\/schema\\\/person\\\/e426459ddb4173309103390602694571\",\"name\":\"ktmin\",\"image\":{\"@type\":\"ImageObject\",\"inLanguage\":\"sq-AL\",\"@id\":\"https:\\\/\\\/secure.gravatar.com\\\/avatar\\\/3985c961109853010c3fbc7ba30365bfba5db3dd6c525831d9c595c7525a615a?s=96&d=mm&r=g\",\"url\":\"https:\\\/\\\/secure.gravatar.com\\\/avatar\\\/3985c961109853010c3fbc7ba30365bfba5db3dd6c525831d9c595c7525a615a?s=96&d=mm&r=g\",\"contentUrl\":\"https:\\\/\\\/secure.gravatar.com\\\/avatar\\\/3985c961109853010c3fbc7ba30365bfba5db3dd6c525831d9c595c7525a615a?s=96&d=mm&r=g\",\"caption\":\"ktmin\"},\"sameAs\":[\"https:\\\/\\\/kt.gov.rs\"],\"url\":\"https:\\\/\\\/kt.gov.rs\\\/sq\\\/author\\\/ktmin\\\/\"}]}<\/script>\n<!-- \/ Yoast SEO plugin. -->","yoast_head_json":{"title":"DR. TIODOROVIQ: SITUATA EPIDEMIOLOGJIKE N\u00cb JUG T\u00cb SERBIS\u00cb N\u00cbN KONTROLL - Republika e S\u00ebrbis\u00eb Trupi Koordinues p\u00ebr komunat Bujanoc, Preshev\u00eb dhe Medvegj\u00eb","robots":{"index":"index","follow":"follow","max-snippet":"max-snippet:-1","max-image-preview":"max-image-preview:large","max-video-preview":"max-video-preview:-1"},"canonical":"https:\/\/kt.gov.rs\/sq\/dr-tiodoroviq-situata-epidemiologjike-ne-jug-te-serbise-nen-kontroll\/","og_locale":"sq_AL","og_type":"article","og_title":"DR. TIODOROVIQ: SITUATA EPIDEMIOLOGJIKE N\u00cb JUG T\u00cb SERBIS\u00cb N\u00cbN KONTROLL - Republika e S\u00ebrbis\u00eb Trupi Koordinues p\u00ebr komunat Bujanoc, Preshev\u00eb dhe Medvegj\u00eb","og_description":"Ai tha p\u00ebr Radio Televizionin e Serbis\u00eb se aktualisht 44 pacient\u00eb me koronavirus jan\u00eb duke u trajtuar n\u00eb Qendr\u00ebn Klinike t\u00eb Nishit, ka rreth tridhjet\u00eb pacient\u00eb n\u00eb spitalin COVID n\u00eb Leskoc dhe rreth 80 pacient\u00eb n\u00eb spitalin COVID n\u00eb Vraj\u00eb.","og_url":"https:\/\/kt.gov.rs\/sq\/dr-tiodoroviq-situata-epidemiologjike-ne-jug-te-serbise-nen-kontroll\/","og_site_name":"Republika e S\u00ebrbis\u00eb Trupi Koordinues p\u00ebr komunat Bujanoc, Preshev\u00eb dhe Medvegj\u00eb","article_publisher":"https:\/\/www.facebook.com\/SluzbaKoordinacionogTelaVladeRepublikeSrbije","article_published_time":"2020-06-02T00:00:00+00:00","article_modified_time":"2024-07-30T18:04:06+00:00","og_image":[{"width":315,"height":230,"url":"https:\/\/kt.gov.rs\/wp-content\/uploads\/2024\/07\/1591086736_020620_3-5.jpg","type":"image\/jpeg"}],"author":"ktmin","twitter_card":"summary_large_image","twitter_creator":"@kt_gov","twitter_site":"@kt_gov","twitter_misc":{"Written by":"ktmin","Est. reading time":"2 minutes"},"schema":{"@context":"https:\/\/schema.org","@graph":[{"@type":"Article","@id":"https:\/\/kt.gov.rs\/sq\/dr-tiodoroviq-situata-epidemiologjike-ne-jug-te-serbise-nen-kontroll\/#article","isPartOf":{"@id":"https:\/\/kt.gov.rs\/sq\/dr-tiodoroviq-situata-epidemiologjike-ne-jug-te-serbise-nen-kontroll\/"},"author":{"name":"ktmin","@id":"https:\/\/kt.gov.rs\/#\/schema\/person\/e426459ddb4173309103390602694571"},"headline":"DR. TIODOROVIQ: SITUATA EPIDEMIOLOGJIKE N\u00cb JUG T\u00cb SERBIS\u00cb N\u00cbN KONTROLL","datePublished":"2020-06-02T00:00:00+00:00","dateModified":"2024-07-30T18:04:06+00:00","mainEntityOfPage":{"@id":"https:\/\/kt.gov.rs\/sq\/dr-tiodoroviq-situata-epidemiologjike-ne-jug-te-serbise-nen-kontroll\/"},"wordCount":407,"publisher":{"@id":"https:\/\/kt.gov.rs\/#organization"},"image":{"@id":"https:\/\/kt.gov.rs\/sq\/dr-tiodoroviq-situata-epidemiologjike-ne-jug-te-serbise-nen-kontroll\/#primaryimage"},"thumbnailUrl":"https:\/\/kt.gov.rs\/wp-content\/uploads\/2024\/07\/1591086736_020620_3-5.jpg","articleSection":["Lajme"],"inLanguage":"sq-AL"},{"@type":"WebPage","@id":"https:\/\/kt.gov.rs\/sq\/dr-tiodoroviq-situata-epidemiologjike-ne-jug-te-serbise-nen-kontroll\/","url":"https:\/\/kt.gov.rs\/sq\/dr-tiodoroviq-situata-epidemiologjike-ne-jug-te-serbise-nen-kontroll\/","name":"DR. TIODOROVIQ: SITUATA EPIDEMIOLOGJIKE N\u00cb JUG T\u00cb SERBIS\u00cb N\u00cbN KONTROLL - Republika e S\u00ebrbis\u00eb Trupi Koordinues p\u00ebr komunat Bujanoc, Preshev\u00eb dhe Medvegj\u00eb","isPartOf":{"@id":"https:\/\/kt.gov.rs\/#website"},"primaryImageOfPage":{"@id":"https:\/\/kt.gov.rs\/sq\/dr-tiodoroviq-situata-epidemiologjike-ne-jug-te-serbise-nen-kontroll\/#primaryimage"},"image":{"@id":"https:\/\/kt.gov.rs\/sq\/dr-tiodoroviq-situata-epidemiologjike-ne-jug-te-serbise-nen-kontroll\/#primaryimage"},"thumbnailUrl":"https:\/\/kt.gov.rs\/wp-content\/uploads\/2024\/07\/1591086736_020620_3-5.jpg","datePublished":"2020-06-02T00:00:00+00:00","dateModified":"2024-07-30T18:04:06+00:00","breadcrumb":{"@id":"https:\/\/kt.gov.rs\/sq\/dr-tiodoroviq-situata-epidemiologjike-ne-jug-te-serbise-nen-kontroll\/#breadcrumb"},"inLanguage":"sq-AL","potentialAction":[{"@type":"ReadAction","target":["https:\/\/kt.gov.rs\/sq\/dr-tiodoroviq-situata-epidemiologjike-ne-jug-te-serbise-nen-kontroll\/"]}]},{"@type":"ImageObject","inLanguage":"sq-AL","@id":"https:\/\/kt.gov.rs\/sq\/dr-tiodoroviq-situata-epidemiologjike-ne-jug-te-serbise-nen-kontroll\/#primaryimage","url":"https:\/\/kt.gov.rs\/wp-content\/uploads\/2024\/07\/1591086736_020620_3-5.jpg","contentUrl":"https:\/\/kt.gov.rs\/wp-content\/uploads\/2024\/07\/1591086736_020620_3-5.jpg","width":315,"height":230},{"@type":"BreadcrumbList","@id":"https:\/\/kt.gov.rs\/sq\/dr-tiodoroviq-situata-epidemiologjike-ne-jug-te-serbise-nen-kontroll\/#breadcrumb","itemListElement":[{"@type":"ListItem","position":1,"name":"\u041f\u043e\u0447\u0435\u0442\u043d\u0430","item":"https:\/\/kt.gov.rs\/sq\/"},{"@type":"ListItem","position":2,"name":"DR. TIODOROVIQ: SITUATA EPIDEMIOLOGJIKE N\u00cb JUG T\u00cb SERBIS\u00cb N\u00cbN KONTROLL"}]},{"@type":"WebSite","@id":"https:\/\/kt.gov.rs\/#website","url":"https:\/\/kt.gov.rs\/","name":"\u041a\u043e\u043e\u0440\u0434\u0438\u043d\u0430\u0446\u0438\u043e\u043d\u043e \u0442\u0435\u043b\u043e \u0412\u043b\u0430\u0434\u0435 \u0420\u0435\u043f\u0443\u0431\u043b\u0438\u043a\u0435 \u0421\u0440\u0431\u0438\u0458\u0435 \u0437\u0430 \u043e\u043f\u0448\u0442\u0438\u043d\u0435 \u041f\u0440\u0435\u0448\u0435\u0432\u043e, \u0411\u0443\u0458\u0430\u043d\u043e\u0432\u0430\u0446 \u0438 \u041c\u0435\u0434\u0432\u0435\u0452a","description":"","publisher":{"@id":"https:\/\/kt.gov.rs\/#organization"},"alternateName":"\u041a\u043e\u043e\u0440\u0434\u0438\u043d\u0430\u0446\u0438\u043e\u043d\u043e \u0442\u0435\u043b\u043e","potentialAction":[{"@type":"SearchAction","target":{"@type":"EntryPoint","urlTemplate":"https:\/\/kt.gov.rs\/?s={search_term_string}"},"query-input":{"@type":"PropertyValueSpecification","valueRequired":true,"valueName":"search_term_string"}}],"inLanguage":"sq-AL"},{"@type":"Organization","@id":"https:\/\/kt.gov.rs\/#organization","name":"\u041a\u043e\u043e\u0440\u0434\u0438\u043d\u0430\u0446\u0438\u043e\u043d\u043e \u0442\u0435\u043b\u043e \u0412\u043b\u0430\u0434\u0435 \u0420\u0435\u043f\u0443\u0431\u043b\u0438\u043a\u0435 \u0421\u0440\u0431\u0438\u0458\u0435 \u0437\u0430 \u043e\u043f\u0448\u0442\u0438\u043d\u0435 \u041f\u0440\u0435\u0448\u0435\u0432\u043e, \u0411\u0443\u0458\u0430\u043d\u043e\u0432\u0430\u0446 \u0438 \u041c\u0435\u0434\u0432\u0435\u0452a","alternateName":"\u041a\u043e\u043e\u0440\u0434\u0438\u043d\u0430\u0446\u0438\u043e\u043d\u043e \u0442\u0435\u043b\u043e","url":"https:\/\/kt.gov.rs\/","logo":{"@type":"ImageObject","inLanguage":"sq-AL","@id":"https:\/\/kt.gov.rs\/#\/schema\/logo\/image\/","url":"https:\/\/kt.gov.rs\/wp-content\/uploads\/2024\/12\/koord2.jpg","contentUrl":"https:\/\/kt.gov.rs\/wp-content\/uploads\/2024\/12\/koord2.jpg","width":640,"height":480,"caption":"\u041a\u043e\u043e\u0440\u0434\u0438\u043d\u0430\u0446\u0438\u043e\u043d\u043e \u0442\u0435\u043b\u043e \u0412\u043b\u0430\u0434\u0435 \u0420\u0435\u043f\u0443\u0431\u043b\u0438\u043a\u0435 \u0421\u0440\u0431\u0438\u0458\u0435 \u0437\u0430 \u043e\u043f\u0448\u0442\u0438\u043d\u0435 \u041f\u0440\u0435\u0448\u0435\u0432\u043e, \u0411\u0443\u0458\u0430\u043d\u043e\u0432\u0430\u0446 \u0438 \u041c\u0435\u0434\u0432\u0435\u0452a"},"image":{"@id":"https:\/\/kt.gov.rs\/#\/schema\/logo\/image\/"},"sameAs":["https:\/\/www.facebook.com\/SluzbaKoordinacionogTelaVladeRepublikeSrbije","https:\/\/x.com\/kt_gov","https:\/\/www.youtube.com\/@koordinacionotelo"]},{"@type":"Person","@id":"https:\/\/kt.gov.rs\/#\/schema\/person\/e426459ddb4173309103390602694571","name":"ktmin","image":{"@type":"ImageObject","inLanguage":"sq-AL","@id":"https:\/\/secure.gravatar.com\/avatar\/3985c961109853010c3fbc7ba30365bfba5db3dd6c525831d9c595c7525a615a?s=96&d=mm&r=g","url":"https:\/\/secure.gravatar.com\/avatar\/3985c961109853010c3fbc7ba30365bfba5db3dd6c525831d9c595c7525a615a?s=96&d=mm&r=g","contentUrl":"https:\/\/secure.gravatar.com\/avatar\/3985c961109853010c3fbc7ba30365bfba5db3dd6c525831d9c595c7525a615a?s=96&d=mm&r=g","caption":"ktmin"},"sameAs":["https:\/\/kt.gov.rs"],"url":"https:\/\/kt.gov.rs\/sq\/author\/ktmin\/"}]}},"_links":{"self":[{"href":"https:\/\/kt.gov.rs\/sq\/wp-json\/wp\/v2\/posts\/112186","targetHints":{"allow":["GET"]}}],"collection":[{"href":"https:\/\/kt.gov.rs\/sq\/wp-json\/wp\/v2\/posts"}],"about":[{"href":"https:\/\/kt.gov.rs\/sq\/wp-json\/wp\/v2\/types\/post"}],"author":[{"embeddable":true,"href":"https:\/\/kt.gov.rs\/sq\/wp-json\/wp\/v2\/users\/1"}],"replies":[{"embeddable":true,"href":"https:\/\/kt.gov.rs\/sq\/wp-json\/wp\/v2\/comments?post=112186"}],"version-history":[{"count":1,"href":"https:\/\/kt.gov.rs\/sq\/wp-json\/wp\/v2\/posts\/112186\/revisions"}],"predecessor-version":[{"id":112190,"href":"https:\/\/kt.gov.rs\/sq\/wp-json\/wp\/v2\/posts\/112186\/revisions\/112190"}],"wp:featuredmedia":[{"embeddable":true,"href":"https:\/\/kt.gov.rs\/sq\/wp-json\/wp\/v2\/media\/112191"}],"wp:attachment":[{"href":"https:\/\/kt.gov.rs\/sq\/wp-json\/wp\/v2\/media?parent=112186"}],"wp:term":[{"taxonomy":"category","embeddable":true,"href":"https:\/\/kt.gov.rs\/sq\/wp-json\/wp\/v2\/categories?post=112186"},{"taxonomy":"post_tag","embeddable":true,"href":"https:\/\/kt.gov.rs\/sq\/wp-json\/wp\/v2\/tags?post=112186"}],"curies":[{"name":"wp","href":"https:\/\/api.w.org\/{rel}","templated":true}]}}