{"id":112170,"date":"2020-06-02T00:00:00","date_gmt":"2020-06-02T00:00:00","guid":{"rendered":"http:\/\/kt.printandscreen.rs\/oda-ekonomike-ka-dorezuar-mirenjohje-sipermarresve-dhe-institucioneve-per-bashkepunim-per-gjate-kohes-se-pandemise-covid-19\/"},"modified":"2024-07-30T18:04:05","modified_gmt":"2024-07-30T18:04:05","slug":"oda-ekonomike-ka-dorezuar-mirenjohje-sipermarresve-dhe-institucioneve-per-bashkepunim-per-gjate-kohes-se-pandemise-covid-19","status":"publish","type":"post","link":"https:\/\/kt.gov.rs\/sq\/oda-ekonomike-ka-dorezuar-mirenjohje-sipermarresve-dhe-institucioneve-per-bashkepunim-per-gjate-kohes-se-pandemise-covid-19\/","title":{"rendered":"ODA EKONOMIKE KA DOR\u00cbZUAR MIR\u00cbNJOHJE SIP\u00cbRMARR\u00cbSVE DHE INSTITUCIONEVE P\u00cbR BASHK\u00cbPUNIM P\u00cbR GJAT\u00cb KOH\u00cbS S\u00cb PANDEMIS\u00cb COVID-19"},"content":{"rendered":"<p>\n\t<strong><img decoding=\"async\" alt=\"\" src=\"https:\/\/kt.gov.rs\/wp-content\/uploads\/2024\/07\/1591086844_020620_5-4.jpg\" style=\"width: 315px; height: 230px; float: left;\" \/><\/strong><\/p>\n<p>\n\t<strong>Leskoc<\/strong> \u2013 Oda e Tregtis\u00eb s\u00ebSerbis\u00eb \u2013 Oda Ekonomike Rajonale (RPK \u2013 RPK) e rretheve administrative Jabllanic\u00ebs dhe P\u00e7inj\u00ebs gjat\u00eb gjendjes s\u00eb jasht\u00ebzakonshme kishin bashk\u00ebpunim t\u00eb jasht\u00ebzakonsh\u00ebm me subjektet e biznesit, nj\u00ebsit\u00eb e vet\u00ebqeverisjes lokale, si dhe administratat e policis\u00eb nga rrethet e Jabllanic\u00ebs dhe P\u00e7inj\u00ebs<\/p>\n<p>\n\tN\u00eb shenj\u00eb mir\u00ebnjohjeje p\u00ebr angazhimin gjat\u00eb gjendjes s\u00eb jasht\u00ebzakonshme dhe pandemis\u00eb s\u00eb shkaktuar nga virusi COVID-19, PKS-RPK Leskoc u dha \u00e7mime subjekteve ekonomike dhe institucioneve.<\/p>\n<p>\n\tP\u00ebrve\u00e7 subjekteve dhe institucioneve ekonomike, \u00e7mimet iu dhuruan edhe<strong> p\u00ebrfaq\u00ebsuesve t\u00eb Policis\u00eb Kufitare \u2013 Stacionit Policor Preshev\u00eb.<\/strong><\/p>\n<p>\n\tSlagjan Disiq, Kryetar i Parlamentit t\u00eb Biznesmen\u00ebve t\u00eb Dhom\u00ebs Rajonale t\u00eb Tregtis\u00eb, tha se edhe nj\u00eb her\u00eb \u00ebsht\u00eb treguar q\u00eb fat\u00ebkeq\u00ebsist\u00eb i bashkojn\u00eb njer\u00ebzit.<\/p>\n<p>\n\t\u00a0&quot;Nuk m\u00eb kujtohet q\u00eb kemi pasur ndonj\u00ebher\u00eb nj\u00eb bashk\u00ebpunim dhe koordinim t\u00eb till\u00eb midis biznesmen\u00ebve, RPK Leskoc dhe institucioneve. <strong>Policia ishte nj\u00eb nga faktor\u00ebt kryesor\u00eb n\u00eb siguri, por edhe n\u00eb rrjedh\u00ebn e mallrave dhe njer\u00ebzve<\/strong>. Ishte me t\u00eb v\u00ebrtet\u00eb nj\u00eb bashk\u00ebpunim q\u00eb do t\u00eb merret si shembull n\u00eb periudhat e m\u00ebvonshme, &quot;tha Disiq.<\/p>\n<p>\n\t<strong>Burimi: OK Radio dhe Trupi Koordinues<\/strong><\/p>\n<p>\n\t\u00a0<\/p>\n","protected":false},"excerpt":{"rendered":"<p>Leskoc\u00a0\u2013 Oda e Tregtis\u00eb s\u00ebSerbis\u00eb \u2013 Oda Ekonomike Rajonale (RPK \u2013 RPK) e rretheve administrative Jabllanic\u00ebs dhe P\u00e7inj\u00ebs gjat\u00eb gjendjes s\u00eb jasht\u00ebzakonshme kishin bashk\u00ebpunim t\u00eb jasht\u00ebzakonsh\u00ebm me subjektet e biznesit, nj\u00ebsit\u00eb e vet\u00ebqeverisjes lokale, si dhe administratat e policis\u00eb nga rrethet e Jabllanic\u00ebs dhe P\u00e7inj\u00ebs<\/p>\n","protected":false},"author":1,"featured_media":112175,"comment_status":"closed","ping_status":"closed","sticky":false,"template":"","format":"standard","meta":{"footnotes":""},"categories":[55],"tags":[],"class_list":["post-112170","post","type-post","status-publish","format-standard","has-post-thumbnail","hentry","category-lajme"],"yoast_head":"<!-- This site is optimized with the Yoast SEO plugin v27.5 - https:\/\/yoast.com\/product\/yoast-seo-wordpress\/ -->\n<title>ODA EKONOMIKE KA DOR\u00cbZUAR MIR\u00cbNJOHJE SIP\u00cbRMARR\u00cbSVE DHE INSTITUCIONEVE P\u00cbR BASHK\u00cbPUNIM P\u00cbR GJAT\u00cb KOH\u00cbS S\u00cb PANDEMIS\u00cb COVID-19 - Republika e S\u00ebrbis\u00eb Trupi Koordinues p\u00ebr komunat Bujanoc, Preshev\u00eb dhe Medvegj\u00eb<\/title>\n<meta name=\"robots\" content=\"index, follow, max-snippet:-1, max-image-preview:large, max-video-preview:-1\" \/>\n<link rel=\"canonical\" href=\"https:\/\/kt.gov.rs\/sq\/oda-ekonomike-ka-dorezuar-mirenjohje-sipermarresve-dhe-institucioneve-per-bashkepunim-per-gjate-kohes-se-pandemise-covid-19\/\" \/>\n<meta property=\"og:locale\" content=\"sq_AL\" \/>\n<meta property=\"og:type\" content=\"article\" \/>\n<meta property=\"og:title\" content=\"ODA EKONOMIKE KA DOR\u00cbZUAR MIR\u00cbNJOHJE SIP\u00cbRMARR\u00cbSVE DHE INSTITUCIONEVE P\u00cbR BASHK\u00cbPUNIM P\u00cbR GJAT\u00cb KOH\u00cbS S\u00cb PANDEMIS\u00cb COVID-19 - Republika e S\u00ebrbis\u00eb Trupi Koordinues p\u00ebr komunat Bujanoc, Preshev\u00eb dhe Medvegj\u00eb\" \/>\n<meta property=\"og:description\" content=\"Leskoc\u00a0\u2013 Oda e Tregtis\u00eb s\u00ebSerbis\u00eb - Oda Ekonomike Rajonale (RPK - RPK) e rretheve administrative Jabllanic\u00ebs dhe P\u00e7inj\u00ebs gjat\u00eb gjendjes s\u00eb jasht\u00ebzakonshme kishin bashk\u00ebpunim t\u00eb jasht\u00ebzakonsh\u00ebm me subjektet e biznesit, nj\u00ebsit\u00eb e vet\u00ebqeverisjes lokale, si dhe administratat e policis\u00eb nga rrethet e Jabllanic\u00ebs dhe P\u00e7inj\u00ebs\" \/>\n<meta property=\"og:url\" content=\"https:\/\/kt.gov.rs\/sq\/oda-ekonomike-ka-dorezuar-mirenjohje-sipermarresve-dhe-institucioneve-per-bashkepunim-per-gjate-kohes-se-pandemise-covid-19\/\" \/>\n<meta property=\"og:site_name\" content=\"Republika e S\u00ebrbis\u00eb Trupi Koordinues p\u00ebr komunat Bujanoc, Preshev\u00eb dhe Medvegj\u00eb\" \/>\n<meta property=\"article:publisher\" content=\"https:\/\/www.facebook.com\/SluzbaKoordinacionogTelaVladeRepublikeSrbije\" \/>\n<meta property=\"article:published_time\" content=\"2020-06-02T00:00:00+00:00\" \/>\n<meta property=\"article:modified_time\" content=\"2024-07-30T18:04:05+00:00\" \/>\n<meta property=\"og:image\" content=\"https:\/\/kt.gov.rs\/wp-content\/uploads\/2024\/07\/1591086844_020620_5-5.jpg\" \/>\n\t<meta property=\"og:image:width\" content=\"315\" \/>\n\t<meta property=\"og:image:height\" content=\"230\" \/>\n\t<meta property=\"og:image:type\" content=\"image\/jpeg\" \/>\n<meta name=\"author\" content=\"ktmin\" \/>\n<meta name=\"twitter:card\" content=\"summary_large_image\" \/>\n<meta name=\"twitter:creator\" content=\"@kt_gov\" \/>\n<meta name=\"twitter:site\" content=\"@kt_gov\" \/>\n<meta name=\"twitter:label1\" content=\"Written by\" \/>\n\t<meta name=\"twitter:data1\" content=\"ktmin\" \/>\n\t<meta name=\"twitter:label2\" content=\"Est. reading time\" \/>\n\t<meta name=\"twitter:data2\" content=\"1 minute\" \/>\n<script type=\"application\/ld+json\" class=\"yoast-schema-graph\">{\"@context\":\"https:\\\/\\\/schema.org\",\"@graph\":[{\"@type\":\"Article\",\"@id\":\"https:\\\/\\\/kt.gov.rs\\\/sq\\\/oda-ekonomike-ka-dorezuar-mirenjohje-sipermarresve-dhe-institucioneve-per-bashkepunim-per-gjate-kohes-se-pandemise-covid-19\\\/#article\",\"isPartOf\":{\"@id\":\"https:\\\/\\\/kt.gov.rs\\\/sq\\\/oda-ekonomike-ka-dorezuar-mirenjohje-sipermarresve-dhe-institucioneve-per-bashkepunim-per-gjate-kohes-se-pandemise-covid-19\\\/\"},\"author\":{\"name\":\"ktmin\",\"@id\":\"https:\\\/\\\/kt.gov.rs\\\/#\\\/schema\\\/person\\\/e426459ddb4173309103390602694571\"},\"headline\":\"ODA EKONOMIKE KA DOR\u00cbZUAR MIR\u00cbNJOHJE SIP\u00cbRMARR\u00cbSVE DHE INSTITUCIONEVE P\u00cbR BASHK\u00cbPUNIM P\u00cbR GJAT\u00cb KOH\u00cbS S\u00cb PANDEMIS\u00cb COVID-19\",\"datePublished\":\"2020-06-02T00:00:00+00:00\",\"dateModified\":\"2024-07-30T18:04:05+00:00\",\"mainEntityOfPage\":{\"@id\":\"https:\\\/\\\/kt.gov.rs\\\/sq\\\/oda-ekonomike-ka-dorezuar-mirenjohje-sipermarresve-dhe-institucioneve-per-bashkepunim-per-gjate-kohes-se-pandemise-covid-19\\\/\"},\"wordCount\":311,\"publisher\":{\"@id\":\"https:\\\/\\\/kt.gov.rs\\\/#organization\"},\"image\":{\"@id\":\"https:\\\/\\\/kt.gov.rs\\\/sq\\\/oda-ekonomike-ka-dorezuar-mirenjohje-sipermarresve-dhe-institucioneve-per-bashkepunim-per-gjate-kohes-se-pandemise-covid-19\\\/#primaryimage\"},\"thumbnailUrl\":\"https:\\\/\\\/kt.gov.rs\\\/wp-content\\\/uploads\\\/2024\\\/07\\\/1591086844_020620_5-5.jpg\",\"articleSection\":[\"Lajme\"],\"inLanguage\":\"sq-AL\"},{\"@type\":\"WebPage\",\"@id\":\"https:\\\/\\\/kt.gov.rs\\\/sq\\\/oda-ekonomike-ka-dorezuar-mirenjohje-sipermarresve-dhe-institucioneve-per-bashkepunim-per-gjate-kohes-se-pandemise-covid-19\\\/\",\"url\":\"https:\\\/\\\/kt.gov.rs\\\/sq\\\/oda-ekonomike-ka-dorezuar-mirenjohje-sipermarresve-dhe-institucioneve-per-bashkepunim-per-gjate-kohes-se-pandemise-covid-19\\\/\",\"name\":\"ODA EKONOMIKE KA DOR\u00cbZUAR MIR\u00cbNJOHJE SIP\u00cbRMARR\u00cbSVE DHE INSTITUCIONEVE P\u00cbR BASHK\u00cbPUNIM P\u00cbR GJAT\u00cb KOH\u00cbS S\u00cb PANDEMIS\u00cb COVID-19 - Republika e S\u00ebrbis\u00eb Trupi Koordinues p\u00ebr komunat Bujanoc, Preshev\u00eb dhe Medvegj\u00eb\",\"isPartOf\":{\"@id\":\"https:\\\/\\\/kt.gov.rs\\\/#website\"},\"primaryImageOfPage\":{\"@id\":\"https:\\\/\\\/kt.gov.rs\\\/sq\\\/oda-ekonomike-ka-dorezuar-mirenjohje-sipermarresve-dhe-institucioneve-per-bashkepunim-per-gjate-kohes-se-pandemise-covid-19\\\/#primaryimage\"},\"image\":{\"@id\":\"https:\\\/\\\/kt.gov.rs\\\/sq\\\/oda-ekonomike-ka-dorezuar-mirenjohje-sipermarresve-dhe-institucioneve-per-bashkepunim-per-gjate-kohes-se-pandemise-covid-19\\\/#primaryimage\"},\"thumbnailUrl\":\"https:\\\/\\\/kt.gov.rs\\\/wp-content\\\/uploads\\\/2024\\\/07\\\/1591086844_020620_5-5.jpg\",\"datePublished\":\"2020-06-02T00:00:00+00:00\",\"dateModified\":\"2024-07-30T18:04:05+00:00\",\"breadcrumb\":{\"@id\":\"https:\\\/\\\/kt.gov.rs\\\/sq\\\/oda-ekonomike-ka-dorezuar-mirenjohje-sipermarresve-dhe-institucioneve-per-bashkepunim-per-gjate-kohes-se-pandemise-covid-19\\\/#breadcrumb\"},\"inLanguage\":\"sq-AL\",\"potentialAction\":[{\"@type\":\"ReadAction\",\"target\":[\"https:\\\/\\\/kt.gov.rs\\\/sq\\\/oda-ekonomike-ka-dorezuar-mirenjohje-sipermarresve-dhe-institucioneve-per-bashkepunim-per-gjate-kohes-se-pandemise-covid-19\\\/\"]}]},{\"@type\":\"ImageObject\",\"inLanguage\":\"sq-AL\",\"@id\":\"https:\\\/\\\/kt.gov.rs\\\/sq\\\/oda-ekonomike-ka-dorezuar-mirenjohje-sipermarresve-dhe-institucioneve-per-bashkepunim-per-gjate-kohes-se-pandemise-covid-19\\\/#primaryimage\",\"url\":\"https:\\\/\\\/kt.gov.rs\\\/wp-content\\\/uploads\\\/2024\\\/07\\\/1591086844_020620_5-5.jpg\",\"contentUrl\":\"https:\\\/\\\/kt.gov.rs\\\/wp-content\\\/uploads\\\/2024\\\/07\\\/1591086844_020620_5-5.jpg\",\"width\":315,\"height\":230},{\"@type\":\"BreadcrumbList\",\"@id\":\"https:\\\/\\\/kt.gov.rs\\\/sq\\\/oda-ekonomike-ka-dorezuar-mirenjohje-sipermarresve-dhe-institucioneve-per-bashkepunim-per-gjate-kohes-se-pandemise-covid-19\\\/#breadcrumb\",\"itemListElement\":[{\"@type\":\"ListItem\",\"position\":1,\"name\":\"\u041f\u043e\u0447\u0435\u0442\u043d\u0430\",\"item\":\"https:\\\/\\\/kt.gov.rs\\\/sq\\\/\"},{\"@type\":\"ListItem\",\"position\":2,\"name\":\"ODA EKONOMIKE KA DOR\u00cbZUAR MIR\u00cbNJOHJE SIP\u00cbRMARR\u00cbSVE DHE INSTITUCIONEVE P\u00cbR BASHK\u00cbPUNIM P\u00cbR GJAT\u00cb KOH\u00cbS S\u00cb PANDEMIS\u00cb COVID-19\"}]},{\"@type\":\"WebSite\",\"@id\":\"https:\\\/\\\/kt.gov.rs\\\/#website\",\"url\":\"https:\\\/\\\/kt.gov.rs\\\/\",\"name\":\"\u041a\u043e\u043e\u0440\u0434\u0438\u043d\u0430\u0446\u0438\u043e\u043d\u043e \u0442\u0435\u043b\u043e \u0412\u043b\u0430\u0434\u0435 \u0420\u0435\u043f\u0443\u0431\u043b\u0438\u043a\u0435 \u0421\u0440\u0431\u0438\u0458\u0435 \u0437\u0430 \u043e\u043f\u0448\u0442\u0438\u043d\u0435 \u041f\u0440\u0435\u0448\u0435\u0432\u043e, \u0411\u0443\u0458\u0430\u043d\u043e\u0432\u0430\u0446 \u0438 \u041c\u0435\u0434\u0432\u0435\u0452a\",\"description\":\"\",\"publisher\":{\"@id\":\"https:\\\/\\\/kt.gov.rs\\\/#organization\"},\"alternateName\":\"\u041a\u043e\u043e\u0440\u0434\u0438\u043d\u0430\u0446\u0438\u043e\u043d\u043e \u0442\u0435\u043b\u043e\",\"potentialAction\":[{\"@type\":\"SearchAction\",\"target\":{\"@type\":\"EntryPoint\",\"urlTemplate\":\"https:\\\/\\\/kt.gov.rs\\\/?s={search_term_string}\"},\"query-input\":{\"@type\":\"PropertyValueSpecification\",\"valueRequired\":true,\"valueName\":\"search_term_string\"}}],\"inLanguage\":\"sq-AL\"},{\"@type\":\"Organization\",\"@id\":\"https:\\\/\\\/kt.gov.rs\\\/#organization\",\"name\":\"\u041a\u043e\u043e\u0440\u0434\u0438\u043d\u0430\u0446\u0438\u043e\u043d\u043e \u0442\u0435\u043b\u043e \u0412\u043b\u0430\u0434\u0435 \u0420\u0435\u043f\u0443\u0431\u043b\u0438\u043a\u0435 \u0421\u0440\u0431\u0438\u0458\u0435 \u0437\u0430 \u043e\u043f\u0448\u0442\u0438\u043d\u0435 \u041f\u0440\u0435\u0448\u0435\u0432\u043e, \u0411\u0443\u0458\u0430\u043d\u043e\u0432\u0430\u0446 \u0438 \u041c\u0435\u0434\u0432\u0435\u0452a\",\"alternateName\":\"\u041a\u043e\u043e\u0440\u0434\u0438\u043d\u0430\u0446\u0438\u043e\u043d\u043e \u0442\u0435\u043b\u043e\",\"url\":\"https:\\\/\\\/kt.gov.rs\\\/\",\"logo\":{\"@type\":\"ImageObject\",\"inLanguage\":\"sq-AL\",\"@id\":\"https:\\\/\\\/kt.gov.rs\\\/#\\\/schema\\\/logo\\\/image\\\/\",\"url\":\"https:\\\/\\\/kt.gov.rs\\\/wp-content\\\/uploads\\\/2024\\\/12\\\/koord2.jpg\",\"contentUrl\":\"https:\\\/\\\/kt.gov.rs\\\/wp-content\\\/uploads\\\/2024\\\/12\\\/koord2.jpg\",\"width\":640,\"height\":480,\"caption\":\"\u041a\u043e\u043e\u0440\u0434\u0438\u043d\u0430\u0446\u0438\u043e\u043d\u043e \u0442\u0435\u043b\u043e \u0412\u043b\u0430\u0434\u0435 \u0420\u0435\u043f\u0443\u0431\u043b\u0438\u043a\u0435 \u0421\u0440\u0431\u0438\u0458\u0435 \u0437\u0430 \u043e\u043f\u0448\u0442\u0438\u043d\u0435 \u041f\u0440\u0435\u0448\u0435\u0432\u043e, \u0411\u0443\u0458\u0430\u043d\u043e\u0432\u0430\u0446 \u0438 \u041c\u0435\u0434\u0432\u0435\u0452a\"},\"image\":{\"@id\":\"https:\\\/\\\/kt.gov.rs\\\/#\\\/schema\\\/logo\\\/image\\\/\"},\"sameAs\":[\"https:\\\/\\\/www.facebook.com\\\/SluzbaKoordinacionogTelaVladeRepublikeSrbije\",\"https:\\\/\\\/x.com\\\/kt_gov\",\"https:\\\/\\\/www.youtube.com\\\/@koordinacionotelo\"]},{\"@type\":\"Person\",\"@id\":\"https:\\\/\\\/kt.gov.rs\\\/#\\\/schema\\\/person\\\/e426459ddb4173309103390602694571\",\"name\":\"ktmin\",\"image\":{\"@type\":\"ImageObject\",\"inLanguage\":\"sq-AL\",\"@id\":\"https:\\\/\\\/secure.gravatar.com\\\/avatar\\\/3985c961109853010c3fbc7ba30365bfba5db3dd6c525831d9c595c7525a615a?s=96&d=mm&r=g\",\"url\":\"https:\\\/\\\/secure.gravatar.com\\\/avatar\\\/3985c961109853010c3fbc7ba30365bfba5db3dd6c525831d9c595c7525a615a?s=96&d=mm&r=g\",\"contentUrl\":\"https:\\\/\\\/secure.gravatar.com\\\/avatar\\\/3985c961109853010c3fbc7ba30365bfba5db3dd6c525831d9c595c7525a615a?s=96&d=mm&r=g\",\"caption\":\"ktmin\"},\"sameAs\":[\"https:\\\/\\\/kt.gov.rs\"],\"url\":\"https:\\\/\\\/kt.gov.rs\\\/sq\\\/author\\\/ktmin\\\/\"}]}<\/script>\n<!-- \/ Yoast SEO plugin. -->","yoast_head_json":{"title":"ODA EKONOMIKE KA DOR\u00cbZUAR MIR\u00cbNJOHJE SIP\u00cbRMARR\u00cbSVE DHE INSTITUCIONEVE P\u00cbR BASHK\u00cbPUNIM P\u00cbR GJAT\u00cb KOH\u00cbS S\u00cb PANDEMIS\u00cb COVID-19 - Republika e S\u00ebrbis\u00eb Trupi Koordinues p\u00ebr komunat Bujanoc, Preshev\u00eb dhe Medvegj\u00eb","robots":{"index":"index","follow":"follow","max-snippet":"max-snippet:-1","max-image-preview":"max-image-preview:large","max-video-preview":"max-video-preview:-1"},"canonical":"https:\/\/kt.gov.rs\/sq\/oda-ekonomike-ka-dorezuar-mirenjohje-sipermarresve-dhe-institucioneve-per-bashkepunim-per-gjate-kohes-se-pandemise-covid-19\/","og_locale":"sq_AL","og_type":"article","og_title":"ODA EKONOMIKE KA DOR\u00cbZUAR MIR\u00cbNJOHJE SIP\u00cbRMARR\u00cbSVE DHE INSTITUCIONEVE P\u00cbR BASHK\u00cbPUNIM P\u00cbR GJAT\u00cb KOH\u00cbS S\u00cb PANDEMIS\u00cb COVID-19 - Republika e S\u00ebrbis\u00eb Trupi Koordinues p\u00ebr komunat Bujanoc, Preshev\u00eb dhe Medvegj\u00eb","og_description":"Leskoc\u00a0\u2013 Oda e Tregtis\u00eb s\u00ebSerbis\u00eb - Oda Ekonomike Rajonale (RPK - RPK) e rretheve administrative Jabllanic\u00ebs dhe P\u00e7inj\u00ebs gjat\u00eb gjendjes s\u00eb jasht\u00ebzakonshme kishin bashk\u00ebpunim t\u00eb jasht\u00ebzakonsh\u00ebm me subjektet e biznesit, nj\u00ebsit\u00eb e vet\u00ebqeverisjes lokale, si dhe administratat e policis\u00eb nga rrethet e Jabllanic\u00ebs dhe P\u00e7inj\u00ebs","og_url":"https:\/\/kt.gov.rs\/sq\/oda-ekonomike-ka-dorezuar-mirenjohje-sipermarresve-dhe-institucioneve-per-bashkepunim-per-gjate-kohes-se-pandemise-covid-19\/","og_site_name":"Republika e S\u00ebrbis\u00eb Trupi Koordinues p\u00ebr komunat Bujanoc, Preshev\u00eb dhe Medvegj\u00eb","article_publisher":"https:\/\/www.facebook.com\/SluzbaKoordinacionogTelaVladeRepublikeSrbije","article_published_time":"2020-06-02T00:00:00+00:00","article_modified_time":"2024-07-30T18:04:05+00:00","og_image":[{"width":315,"height":230,"url":"https:\/\/kt.gov.rs\/wp-content\/uploads\/2024\/07\/1591086844_020620_5-5.jpg","type":"image\/jpeg"}],"author":"ktmin","twitter_card":"summary_large_image","twitter_creator":"@kt_gov","twitter_site":"@kt_gov","twitter_misc":{"Written by":"ktmin","Est. reading time":"1 minute"},"schema":{"@context":"https:\/\/schema.org","@graph":[{"@type":"Article","@id":"https:\/\/kt.gov.rs\/sq\/oda-ekonomike-ka-dorezuar-mirenjohje-sipermarresve-dhe-institucioneve-per-bashkepunim-per-gjate-kohes-se-pandemise-covid-19\/#article","isPartOf":{"@id":"https:\/\/kt.gov.rs\/sq\/oda-ekonomike-ka-dorezuar-mirenjohje-sipermarresve-dhe-institucioneve-per-bashkepunim-per-gjate-kohes-se-pandemise-covid-19\/"},"author":{"name":"ktmin","@id":"https:\/\/kt.gov.rs\/#\/schema\/person\/e426459ddb4173309103390602694571"},"headline":"ODA EKONOMIKE KA DOR\u00cbZUAR MIR\u00cbNJOHJE SIP\u00cbRMARR\u00cbSVE DHE INSTITUCIONEVE P\u00cbR BASHK\u00cbPUNIM P\u00cbR GJAT\u00cb KOH\u00cbS S\u00cb PANDEMIS\u00cb COVID-19","datePublished":"2020-06-02T00:00:00+00:00","dateModified":"2024-07-30T18:04:05+00:00","mainEntityOfPage":{"@id":"https:\/\/kt.gov.rs\/sq\/oda-ekonomike-ka-dorezuar-mirenjohje-sipermarresve-dhe-institucioneve-per-bashkepunim-per-gjate-kohes-se-pandemise-covid-19\/"},"wordCount":311,"publisher":{"@id":"https:\/\/kt.gov.rs\/#organization"},"image":{"@id":"https:\/\/kt.gov.rs\/sq\/oda-ekonomike-ka-dorezuar-mirenjohje-sipermarresve-dhe-institucioneve-per-bashkepunim-per-gjate-kohes-se-pandemise-covid-19\/#primaryimage"},"thumbnailUrl":"https:\/\/kt.gov.rs\/wp-content\/uploads\/2024\/07\/1591086844_020620_5-5.jpg","articleSection":["Lajme"],"inLanguage":"sq-AL"},{"@type":"WebPage","@id":"https:\/\/kt.gov.rs\/sq\/oda-ekonomike-ka-dorezuar-mirenjohje-sipermarresve-dhe-institucioneve-per-bashkepunim-per-gjate-kohes-se-pandemise-covid-19\/","url":"https:\/\/kt.gov.rs\/sq\/oda-ekonomike-ka-dorezuar-mirenjohje-sipermarresve-dhe-institucioneve-per-bashkepunim-per-gjate-kohes-se-pandemise-covid-19\/","name":"ODA EKONOMIKE KA DOR\u00cbZUAR MIR\u00cbNJOHJE SIP\u00cbRMARR\u00cbSVE DHE INSTITUCIONEVE P\u00cbR BASHK\u00cbPUNIM P\u00cbR GJAT\u00cb KOH\u00cbS S\u00cb PANDEMIS\u00cb COVID-19 - Republika e S\u00ebrbis\u00eb Trupi Koordinues p\u00ebr komunat Bujanoc, Preshev\u00eb dhe Medvegj\u00eb","isPartOf":{"@id":"https:\/\/kt.gov.rs\/#website"},"primaryImageOfPage":{"@id":"https:\/\/kt.gov.rs\/sq\/oda-ekonomike-ka-dorezuar-mirenjohje-sipermarresve-dhe-institucioneve-per-bashkepunim-per-gjate-kohes-se-pandemise-covid-19\/#primaryimage"},"image":{"@id":"https:\/\/kt.gov.rs\/sq\/oda-ekonomike-ka-dorezuar-mirenjohje-sipermarresve-dhe-institucioneve-per-bashkepunim-per-gjate-kohes-se-pandemise-covid-19\/#primaryimage"},"thumbnailUrl":"https:\/\/kt.gov.rs\/wp-content\/uploads\/2024\/07\/1591086844_020620_5-5.jpg","datePublished":"2020-06-02T00:00:00+00:00","dateModified":"2024-07-30T18:04:05+00:00","breadcrumb":{"@id":"https:\/\/kt.gov.rs\/sq\/oda-ekonomike-ka-dorezuar-mirenjohje-sipermarresve-dhe-institucioneve-per-bashkepunim-per-gjate-kohes-se-pandemise-covid-19\/#breadcrumb"},"inLanguage":"sq-AL","potentialAction":[{"@type":"ReadAction","target":["https:\/\/kt.gov.rs\/sq\/oda-ekonomike-ka-dorezuar-mirenjohje-sipermarresve-dhe-institucioneve-per-bashkepunim-per-gjate-kohes-se-pandemise-covid-19\/"]}]},{"@type":"ImageObject","inLanguage":"sq-AL","@id":"https:\/\/kt.gov.rs\/sq\/oda-ekonomike-ka-dorezuar-mirenjohje-sipermarresve-dhe-institucioneve-per-bashkepunim-per-gjate-kohes-se-pandemise-covid-19\/#primaryimage","url":"https:\/\/kt.gov.rs\/wp-content\/uploads\/2024\/07\/1591086844_020620_5-5.jpg","contentUrl":"https:\/\/kt.gov.rs\/wp-content\/uploads\/2024\/07\/1591086844_020620_5-5.jpg","width":315,"height":230},{"@type":"BreadcrumbList","@id":"https:\/\/kt.gov.rs\/sq\/oda-ekonomike-ka-dorezuar-mirenjohje-sipermarresve-dhe-institucioneve-per-bashkepunim-per-gjate-kohes-se-pandemise-covid-19\/#breadcrumb","itemListElement":[{"@type":"ListItem","position":1,"name":"\u041f\u043e\u0447\u0435\u0442\u043d\u0430","item":"https:\/\/kt.gov.rs\/sq\/"},{"@type":"ListItem","position":2,"name":"ODA EKONOMIKE KA DOR\u00cbZUAR MIR\u00cbNJOHJE SIP\u00cbRMARR\u00cbSVE DHE INSTITUCIONEVE P\u00cbR BASHK\u00cbPUNIM P\u00cbR GJAT\u00cb KOH\u00cbS S\u00cb PANDEMIS\u00cb COVID-19"}]},{"@type":"WebSite","@id":"https:\/\/kt.gov.rs\/#website","url":"https:\/\/kt.gov.rs\/","name":"\u041a\u043e\u043e\u0440\u0434\u0438\u043d\u0430\u0446\u0438\u043e\u043d\u043e \u0442\u0435\u043b\u043e \u0412\u043b\u0430\u0434\u0435 \u0420\u0435\u043f\u0443\u0431\u043b\u0438\u043a\u0435 \u0421\u0440\u0431\u0438\u0458\u0435 \u0437\u0430 \u043e\u043f\u0448\u0442\u0438\u043d\u0435 \u041f\u0440\u0435\u0448\u0435\u0432\u043e, \u0411\u0443\u0458\u0430\u043d\u043e\u0432\u0430\u0446 \u0438 \u041c\u0435\u0434\u0432\u0435\u0452a","description":"","publisher":{"@id":"https:\/\/kt.gov.rs\/#organization"},"alternateName":"\u041a\u043e\u043e\u0440\u0434\u0438\u043d\u0430\u0446\u0438\u043e\u043d\u043e \u0442\u0435\u043b\u043e","potentialAction":[{"@type":"SearchAction","target":{"@type":"EntryPoint","urlTemplate":"https:\/\/kt.gov.rs\/?s={search_term_string}"},"query-input":{"@type":"PropertyValueSpecification","valueRequired":true,"valueName":"search_term_string"}}],"inLanguage":"sq-AL"},{"@type":"Organization","@id":"https:\/\/kt.gov.rs\/#organization","name":"\u041a\u043e\u043e\u0440\u0434\u0438\u043d\u0430\u0446\u0438\u043e\u043d\u043e \u0442\u0435\u043b\u043e \u0412\u043b\u0430\u0434\u0435 \u0420\u0435\u043f\u0443\u0431\u043b\u0438\u043a\u0435 \u0421\u0440\u0431\u0438\u0458\u0435 \u0437\u0430 \u043e\u043f\u0448\u0442\u0438\u043d\u0435 \u041f\u0440\u0435\u0448\u0435\u0432\u043e, \u0411\u0443\u0458\u0430\u043d\u043e\u0432\u0430\u0446 \u0438 \u041c\u0435\u0434\u0432\u0435\u0452a","alternateName":"\u041a\u043e\u043e\u0440\u0434\u0438\u043d\u0430\u0446\u0438\u043e\u043d\u043e \u0442\u0435\u043b\u043e","url":"https:\/\/kt.gov.rs\/","logo":{"@type":"ImageObject","inLanguage":"sq-AL","@id":"https:\/\/kt.gov.rs\/#\/schema\/logo\/image\/","url":"https:\/\/kt.gov.rs\/wp-content\/uploads\/2024\/12\/koord2.jpg","contentUrl":"https:\/\/kt.gov.rs\/wp-content\/uploads\/2024\/12\/koord2.jpg","width":640,"height":480,"caption":"\u041a\u043e\u043e\u0440\u0434\u0438\u043d\u0430\u0446\u0438\u043e\u043d\u043e \u0442\u0435\u043b\u043e \u0412\u043b\u0430\u0434\u0435 \u0420\u0435\u043f\u0443\u0431\u043b\u0438\u043a\u0435 \u0421\u0440\u0431\u0438\u0458\u0435 \u0437\u0430 \u043e\u043f\u0448\u0442\u0438\u043d\u0435 \u041f\u0440\u0435\u0448\u0435\u0432\u043e, \u0411\u0443\u0458\u0430\u043d\u043e\u0432\u0430\u0446 \u0438 \u041c\u0435\u0434\u0432\u0435\u0452a"},"image":{"@id":"https:\/\/kt.gov.rs\/#\/schema\/logo\/image\/"},"sameAs":["https:\/\/www.facebook.com\/SluzbaKoordinacionogTelaVladeRepublikeSrbije","https:\/\/x.com\/kt_gov","https:\/\/www.youtube.com\/@koordinacionotelo"]},{"@type":"Person","@id":"https:\/\/kt.gov.rs\/#\/schema\/person\/e426459ddb4173309103390602694571","name":"ktmin","image":{"@type":"ImageObject","inLanguage":"sq-AL","@id":"https:\/\/secure.gravatar.com\/avatar\/3985c961109853010c3fbc7ba30365bfba5db3dd6c525831d9c595c7525a615a?s=96&d=mm&r=g","url":"https:\/\/secure.gravatar.com\/avatar\/3985c961109853010c3fbc7ba30365bfba5db3dd6c525831d9c595c7525a615a?s=96&d=mm&r=g","contentUrl":"https:\/\/secure.gravatar.com\/avatar\/3985c961109853010c3fbc7ba30365bfba5db3dd6c525831d9c595c7525a615a?s=96&d=mm&r=g","caption":"ktmin"},"sameAs":["https:\/\/kt.gov.rs"],"url":"https:\/\/kt.gov.rs\/sq\/author\/ktmin\/"}]}},"_links":{"self":[{"href":"https:\/\/kt.gov.rs\/sq\/wp-json\/wp\/v2\/posts\/112170","targetHints":{"allow":["GET"]}}],"collection":[{"href":"https:\/\/kt.gov.rs\/sq\/wp-json\/wp\/v2\/posts"}],"about":[{"href":"https:\/\/kt.gov.rs\/sq\/wp-json\/wp\/v2\/types\/post"}],"author":[{"embeddable":true,"href":"https:\/\/kt.gov.rs\/sq\/wp-json\/wp\/v2\/users\/1"}],"replies":[{"embeddable":true,"href":"https:\/\/kt.gov.rs\/sq\/wp-json\/wp\/v2\/comments?post=112170"}],"version-history":[{"count":1,"href":"https:\/\/kt.gov.rs\/sq\/wp-json\/wp\/v2\/posts\/112170\/revisions"}],"predecessor-version":[{"id":112174,"href":"https:\/\/kt.gov.rs\/sq\/wp-json\/wp\/v2\/posts\/112170\/revisions\/112174"}],"wp:featuredmedia":[{"embeddable":true,"href":"https:\/\/kt.gov.rs\/sq\/wp-json\/wp\/v2\/media\/112175"}],"wp:attachment":[{"href":"https:\/\/kt.gov.rs\/sq\/wp-json\/wp\/v2\/media?parent=112170"}],"wp:term":[{"taxonomy":"category","embeddable":true,"href":"https:\/\/kt.gov.rs\/sq\/wp-json\/wp\/v2\/categories?post=112170"},{"taxonomy":"post_tag","embeddable":true,"href":"https:\/\/kt.gov.rs\/sq\/wp-json\/wp\/v2\/tags?post=112170"}],"curies":[{"name":"wp","href":"https:\/\/api.w.org\/{rel}","templated":true}]}}