{"id":111983,"date":"2020-06-11T00:00:00","date_gmt":"2020-06-11T00:00:00","guid":{"rendered":"http:\/\/kt.printandscreen.rs\/bletarja-e-pare-nga-jugu-i-serbise-nga-mjalti-bene-cudira-te-cilat-shiten-edhe-jashte-kufijve-te-shtetit\/"},"modified":"2024-07-30T18:03:45","modified_gmt":"2024-07-30T18:03:45","slug":"bletarja-e-pare-nga-jugu-i-serbise-nga-mjalti-bene-cudira-te-cilat-shiten-edhe-jashte-kufijve-te-shtetit","status":"publish","type":"post","link":"https:\/\/kt.gov.rs\/sq\/bletarja-e-pare-nga-jugu-i-serbise-nga-mjalti-bene-cudira-te-cilat-shiten-edhe-jashte-kufijve-te-shtetit\/","title":{"rendered":"BLETARJA E PAR\u00cb NGA JUGU I SERBIS\u00cb NGA MJALTI B\u00cbN\u00cb \u00c7UDIRA T\u00cb CILAT SHITEN EDHE JASHT\u00cb KUFIJVE T\u00cb SHTETIT"},"content":{"rendered":"<p>\n\t<strong><img decoding=\"async\" alt=\"\" src=\"https:\/\/kt.gov.rs\/wp-content\/uploads\/2024\/07\/1591871298_110620_4-4.jpg\" style=\"width: 315px; height: 230px; float: left;\" \/><\/strong><\/p>\n<p>\n\t<strong>Leskoc \u2013<\/strong> N\u00ebse grat\u00eb e reja kan\u00eb nj\u00eb q\u00ebllim dhe d\u00ebshir\u00eb p\u00ebr t\u00eb filluar nj\u00eb biznes m\u00eb vete, l\u00ebrini t\u00eb fillojn\u00eb t\u00eb investojn\u00eb n\u00eb njohurit\u00eb e tyre pa frik\u00eb nga d\u00ebshtimi, sepse \u00ebsht\u00eb e mundur t\u00eb kap\u00ebrceni \u00e7do penges\u00eb n\u00eb jet\u00eb me nj\u00eb q\u00ebndrim pozitiv dhe besim n\u00eb veten tuaj, thot\u00eb bletarja Marina Petkoviq nga fshati Donji Bunibrod i komun\u00ebs s\u00eb Leskocit, e cila filloi bletarin\u00eb para 16 vjet\u00ebsh, duke vazhduar tradit\u00ebn e gjyshit t\u00eb tij i cili kishte blet\u00ebt si hobi.<\/p>\n<p>\n\tN\u00eb oborr ka mbi nj\u00ebqind koshere blet\u00ebsh, dhe n\u00eb muret e pun\u00ebtoris\u00eb ka citate si kjo &quot;atje ku mendohet, ka forc\u00eb&quot;, dhe n\u00eb tryez\u00eb nuk jan\u00eb vet\u00ebm mjalti, por edhe produktet medicinale, propolisi dhe sapun\u00ebt bazuar nga k\u00ebto produkte. E gjith\u00eb kjo \u00ebsht\u00eb nga duart e k\u00ebsaj biznesmene q\u00eb investon n\u00eb ide t\u00eb reja \u00e7do vit dhe i vendos produktet e saj jasht\u00eb kufijve t\u00eb Serbis\u00eb.<\/p>\n<p>\n\t&quot;Fillimet e mia ishin shum\u00eb t\u00eb v\u00ebshtira, hapat e mia t\u00eb para n\u00eb biznes ishin shum\u00eb t\u00eb vegj\u00ebl, m\u00eb mungonte p\u00ebrpjekja e dijes, guximit, vet\u00ebbesimit. Shpejt b\u00ebra hapa t\u00eb m\u00ebdhenj p\u00ebrpara, formova biznesin tim dhe fillova ta ekspozoj dhe prezantoj n\u00eb qytetin tim, k\u00ebshtu q\u00eb u v\u00ebrejta shum\u00eb shpejt dhe n\u00eb vitin 2016 pata mund\u00ebsin\u00eb t\u00eb merrja pjes\u00eb n\u00eb dit\u00ebt e kultur\u00ebs serbe n\u00eb Istria. Kam pasur nderin dhe k\u00ebnaq\u00ebsin\u00eb t\u00eb jem pjes\u00eb e projektit p\u00ebr inkurajimin dhe pun\u00ebsimin e t\u00eb rinjve, ku u njoha si mentor &quot;, thot\u00eb kjo biznesmene dyzet e tet\u00eb vje\u00e7are p\u00ebr rrug\u00ebn e suksesit t\u00eb saj.<\/p>\n<p>\n\tP\u00ebrmes k\u00ebtij projekti, ajo prezantoi bletar\u00eb t\u00eb rinj n\u00eb biznes, i ndihmoi ata t\u00eb b\u00ebhen t\u00eb pavarur, dhe sot ajo u shet blet\u00eb mbret\u00ebresh\u00eb koleg\u00ebve t\u00eb tyre vendas p\u00ebr nevojat e tyre.<\/p>\n<p>\n\t&quot;Dashuria ime p\u00ebr k\u00ebt\u00eb pun\u00eb vet\u00ebm m\u00eb shtyn p\u00ebrpara. Vet\u00eb mendimi i blet\u00ebve t\u00eb mia q\u00eb tunden n\u00eb t\u00eb gjith\u00eb Rrethin e P\u00e7inj\u00ebs m\u00eb b\u00ebn t\u00eb lumtur \u201d, thot\u00eb ajo.<\/p>\n<p>\n\tDuke pasur parasysh q\u00eb grat\u00eb n\u00eb bujq\u00ebsi, dhe ve\u00e7an\u00ebrisht n\u00eb bletarin\u00eb e rrall\u00eb, dallohen si menaxhere t\u00eb fermave, suksesi q\u00eb ka arritur kjo grua e fort\u00eb \u00ebsht\u00eb befasuese.<\/p>\n<p>\n\t&quot;Un\u00eb luftoj p\u00ebr cil\u00ebsi me klient\u00ebt, vazhdimisht investoj n\u00eb prodhim, edukoj veten time, p\u00ebrmir\u00ebsoj dhe zhvilloj pun\u00ebtori dhe leksione p\u00ebr bletar\u00eb t\u00eb rinj t\u00eb ardhsh\u00ebm&quot;, shton ai.<\/p>\n<p>\n\tEdhe pse po vijn\u00eb koh\u00eb gjithnj\u00eb e m\u00eb t\u00eb v\u00ebshtira p\u00ebr bletar\u00ebt, ajo nuk heq dor\u00eb dhe inkurajon t\u00eb tjer\u00ebt t\u00eb shkojn\u00eb n\u00eb t\u00eb nj\u00ebjt\u00ebn m\u00ebnyr\u00eb.<\/p>\n<p>\n\t&quot;Kjo \u00ebsht\u00eb dashuria m\u00eb e r\u00ebnd\u00ebsishme. N\u00ebse nuk ka dashuri, nuk ka pun\u00eb t\u00eb mir\u00eb. Vet\u00ebm at\u00ebher\u00eb vjen durimi dhe p\u00ebrpjekja e pashmangshme \u201d, p\u00ebrfundon ai.<\/p>\n<p>\n\tEntuziazmi, njohuria dhe dashuria p\u00ebr pun\u00ebn jan\u00eb t\u00eb dukshme n\u00eb \u00e7do fjali t\u00eb th\u00ebn\u00eb nga kjo mjeshtre e bletaris\u00eb. Ishin k\u00ebto cil\u00ebsi q\u00eb ndihmuan Marin\u00ebs t\u00eb luftonte p\u00ebr vendin e saj n\u00eb treg dhe hap pas hapi t\u00eb nd\u00ebrtonte mbret\u00ebrin\u00eb e saj t\u00eb vog\u00ebl t\u00eb mjaltit.<\/p>\n<p>\n\t<strong>Burimi: Jugmedia dhe Trupi Koordinues<\/strong><\/p>\n<p>\n\t\u00a0<\/p>\n","protected":false},"excerpt":{"rendered":"<p>Leskoc \u2013\u00a0N\u00ebse grat\u00eb e reja kan\u00eb nj\u00eb q\u00ebllim dhe d\u00ebshir\u00eb p\u00ebr t\u00eb filluar nj\u00eb biznes m\u00eb vete, l\u00ebrini t\u00eb fillojn\u00eb t\u00eb investojn\u00eb n\u00eb njohurit\u00eb e tyre pa frik\u00eb nga d\u00ebshtimi, sepse \u00ebsht\u00eb e mundur t\u00eb kap\u00ebrceni \u00e7do penges\u00eb n\u00eb jet\u00eb me nj\u00eb q\u00ebndrim pozitiv dhe besim n\u00eb veten tuaj, thot\u00eb bletarja Marina Petkoviq nga fshati Donji Bunibrod i komun\u00ebs s\u00eb Leskocit\u2026<\/p>\n","protected":false},"author":1,"featured_media":111988,"comment_status":"closed","ping_status":"closed","sticky":false,"template":"","format":"standard","meta":{"footnotes":""},"categories":[55],"tags":[],"class_list":["post-111983","post","type-post","status-publish","format-standard","has-post-thumbnail","hentry","category-lajme"],"yoast_head":"<!-- This site is optimized with the Yoast SEO plugin v27.5 - https:\/\/yoast.com\/product\/yoast-seo-wordpress\/ -->\n<title>BLETARJA E PAR\u00cb NGA JUGU I SERBIS\u00cb NGA MJALTI B\u00cbN\u00cb \u00c7UDIRA T\u00cb CILAT SHITEN EDHE JASHT\u00cb KUFIJVE T\u00cb SHTETIT - Republika e S\u00ebrbis\u00eb Trupi Koordinues p\u00ebr komunat Bujanoc, Preshev\u00eb dhe Medvegj\u00eb<\/title>\n<meta name=\"robots\" content=\"index, follow, max-snippet:-1, max-image-preview:large, max-video-preview:-1\" \/>\n<link rel=\"canonical\" href=\"https:\/\/kt.gov.rs\/sq\/bletarja-e-pare-nga-jugu-i-serbise-nga-mjalti-bene-cudira-te-cilat-shiten-edhe-jashte-kufijve-te-shtetit\/\" \/>\n<meta property=\"og:locale\" content=\"sq_AL\" \/>\n<meta property=\"og:type\" content=\"article\" \/>\n<meta property=\"og:title\" content=\"BLETARJA E PAR\u00cb NGA JUGU I SERBIS\u00cb NGA MJALTI B\u00cbN\u00cb \u00c7UDIRA T\u00cb CILAT SHITEN EDHE JASHT\u00cb KUFIJVE T\u00cb SHTETIT - Republika e S\u00ebrbis\u00eb Trupi Koordinues p\u00ebr komunat Bujanoc, Preshev\u00eb dhe Medvegj\u00eb\" \/>\n<meta property=\"og:description\" content=\"Leskoc -\u00a0N\u00ebse grat\u00eb e reja kan\u00eb nj\u00eb q\u00ebllim dhe d\u00ebshir\u00eb p\u00ebr t\u00eb filluar nj\u00eb biznes m\u00eb vete, l\u00ebrini t\u00eb fillojn\u00eb t\u00eb investojn\u00eb n\u00eb njohurit\u00eb e tyre pa frik\u00eb nga d\u00ebshtimi, sepse \u00ebsht\u00eb e mundur t\u00eb kap\u00ebrceni \u00e7do penges\u00eb n\u00eb jet\u00eb me nj\u00eb q\u00ebndrim pozitiv dhe besim n\u00eb veten tuaj, thot\u00eb bletarja Marina Petkoviq nga fshati Donji Bunibrod i komun\u00ebs s\u00eb Leskocit...\" \/>\n<meta property=\"og:url\" content=\"https:\/\/kt.gov.rs\/sq\/bletarja-e-pare-nga-jugu-i-serbise-nga-mjalti-bene-cudira-te-cilat-shiten-edhe-jashte-kufijve-te-shtetit\/\" \/>\n<meta property=\"og:site_name\" content=\"Republika e S\u00ebrbis\u00eb Trupi Koordinues p\u00ebr komunat Bujanoc, Preshev\u00eb dhe Medvegj\u00eb\" \/>\n<meta property=\"article:publisher\" content=\"https:\/\/www.facebook.com\/SluzbaKoordinacionogTelaVladeRepublikeSrbije\" \/>\n<meta property=\"article:published_time\" content=\"2020-06-11T00:00:00+00:00\" \/>\n<meta property=\"article:modified_time\" content=\"2024-07-30T18:03:45+00:00\" \/>\n<meta property=\"og:image\" content=\"https:\/\/kt.gov.rs\/wp-content\/uploads\/2024\/07\/1591871298_110620_4-5.jpg\" \/>\n\t<meta property=\"og:image:width\" content=\"315\" \/>\n\t<meta property=\"og:image:height\" content=\"230\" \/>\n\t<meta property=\"og:image:type\" content=\"image\/jpeg\" \/>\n<meta name=\"author\" content=\"ktmin\" \/>\n<meta name=\"twitter:card\" content=\"summary_large_image\" \/>\n<meta name=\"twitter:creator\" content=\"@kt_gov\" \/>\n<meta name=\"twitter:site\" content=\"@kt_gov\" \/>\n<meta name=\"twitter:label1\" content=\"Written by\" \/>\n\t<meta name=\"twitter:data1\" content=\"ktmin\" \/>\n\t<meta name=\"twitter:label2\" content=\"Est. reading time\" \/>\n\t<meta name=\"twitter:data2\" content=\"4 minutes\" \/>\n<script type=\"application\/ld+json\" class=\"yoast-schema-graph\">{\"@context\":\"https:\\\/\\\/schema.org\",\"@graph\":[{\"@type\":\"Article\",\"@id\":\"https:\\\/\\\/kt.gov.rs\\\/sq\\\/bletarja-e-pare-nga-jugu-i-serbise-nga-mjalti-bene-cudira-te-cilat-shiten-edhe-jashte-kufijve-te-shtetit\\\/#article\",\"isPartOf\":{\"@id\":\"https:\\\/\\\/kt.gov.rs\\\/sq\\\/bletarja-e-pare-nga-jugu-i-serbise-nga-mjalti-bene-cudira-te-cilat-shiten-edhe-jashte-kufijve-te-shtetit\\\/\"},\"author\":{\"name\":\"ktmin\",\"@id\":\"https:\\\/\\\/kt.gov.rs\\\/#\\\/schema\\\/person\\\/e426459ddb4173309103390602694571\"},\"headline\":\"BLETARJA E PAR\u00cb NGA JUGU I SERBIS\u00cb NGA MJALTI B\u00cbN\u00cb \u00c7UDIRA T\u00cb CILAT SHITEN EDHE JASHT\u00cb KUFIJVE T\u00cb SHTETIT\",\"datePublished\":\"2020-06-11T00:00:00+00:00\",\"dateModified\":\"2024-07-30T18:03:45+00:00\",\"mainEntityOfPage\":{\"@id\":\"https:\\\/\\\/kt.gov.rs\\\/sq\\\/bletarja-e-pare-nga-jugu-i-serbise-nga-mjalti-bene-cudira-te-cilat-shiten-edhe-jashte-kufijve-te-shtetit\\\/\"},\"wordCount\":806,\"publisher\":{\"@id\":\"https:\\\/\\\/kt.gov.rs\\\/#organization\"},\"image\":{\"@id\":\"https:\\\/\\\/kt.gov.rs\\\/sq\\\/bletarja-e-pare-nga-jugu-i-serbise-nga-mjalti-bene-cudira-te-cilat-shiten-edhe-jashte-kufijve-te-shtetit\\\/#primaryimage\"},\"thumbnailUrl\":\"https:\\\/\\\/kt.gov.rs\\\/wp-content\\\/uploads\\\/2024\\\/07\\\/1591871298_110620_4-5.jpg\",\"articleSection\":[\"Lajme\"],\"inLanguage\":\"sq-AL\"},{\"@type\":\"WebPage\",\"@id\":\"https:\\\/\\\/kt.gov.rs\\\/sq\\\/bletarja-e-pare-nga-jugu-i-serbise-nga-mjalti-bene-cudira-te-cilat-shiten-edhe-jashte-kufijve-te-shtetit\\\/\",\"url\":\"https:\\\/\\\/kt.gov.rs\\\/sq\\\/bletarja-e-pare-nga-jugu-i-serbise-nga-mjalti-bene-cudira-te-cilat-shiten-edhe-jashte-kufijve-te-shtetit\\\/\",\"name\":\"BLETARJA E PAR\u00cb NGA JUGU I SERBIS\u00cb NGA MJALTI B\u00cbN\u00cb \u00c7UDIRA T\u00cb CILAT SHITEN EDHE JASHT\u00cb KUFIJVE T\u00cb SHTETIT - Republika e S\u00ebrbis\u00eb Trupi Koordinues p\u00ebr komunat Bujanoc, Preshev\u00eb dhe Medvegj\u00eb\",\"isPartOf\":{\"@id\":\"https:\\\/\\\/kt.gov.rs\\\/#website\"},\"primaryImageOfPage\":{\"@id\":\"https:\\\/\\\/kt.gov.rs\\\/sq\\\/bletarja-e-pare-nga-jugu-i-serbise-nga-mjalti-bene-cudira-te-cilat-shiten-edhe-jashte-kufijve-te-shtetit\\\/#primaryimage\"},\"image\":{\"@id\":\"https:\\\/\\\/kt.gov.rs\\\/sq\\\/bletarja-e-pare-nga-jugu-i-serbise-nga-mjalti-bene-cudira-te-cilat-shiten-edhe-jashte-kufijve-te-shtetit\\\/#primaryimage\"},\"thumbnailUrl\":\"https:\\\/\\\/kt.gov.rs\\\/wp-content\\\/uploads\\\/2024\\\/07\\\/1591871298_110620_4-5.jpg\",\"datePublished\":\"2020-06-11T00:00:00+00:00\",\"dateModified\":\"2024-07-30T18:03:45+00:00\",\"breadcrumb\":{\"@id\":\"https:\\\/\\\/kt.gov.rs\\\/sq\\\/bletarja-e-pare-nga-jugu-i-serbise-nga-mjalti-bene-cudira-te-cilat-shiten-edhe-jashte-kufijve-te-shtetit\\\/#breadcrumb\"},\"inLanguage\":\"sq-AL\",\"potentialAction\":[{\"@type\":\"ReadAction\",\"target\":[\"https:\\\/\\\/kt.gov.rs\\\/sq\\\/bletarja-e-pare-nga-jugu-i-serbise-nga-mjalti-bene-cudira-te-cilat-shiten-edhe-jashte-kufijve-te-shtetit\\\/\"]}]},{\"@type\":\"ImageObject\",\"inLanguage\":\"sq-AL\",\"@id\":\"https:\\\/\\\/kt.gov.rs\\\/sq\\\/bletarja-e-pare-nga-jugu-i-serbise-nga-mjalti-bene-cudira-te-cilat-shiten-edhe-jashte-kufijve-te-shtetit\\\/#primaryimage\",\"url\":\"https:\\\/\\\/kt.gov.rs\\\/wp-content\\\/uploads\\\/2024\\\/07\\\/1591871298_110620_4-5.jpg\",\"contentUrl\":\"https:\\\/\\\/kt.gov.rs\\\/wp-content\\\/uploads\\\/2024\\\/07\\\/1591871298_110620_4-5.jpg\",\"width\":315,\"height\":230},{\"@type\":\"BreadcrumbList\",\"@id\":\"https:\\\/\\\/kt.gov.rs\\\/sq\\\/bletarja-e-pare-nga-jugu-i-serbise-nga-mjalti-bene-cudira-te-cilat-shiten-edhe-jashte-kufijve-te-shtetit\\\/#breadcrumb\",\"itemListElement\":[{\"@type\":\"ListItem\",\"position\":1,\"name\":\"\u041f\u043e\u0447\u0435\u0442\u043d\u0430\",\"item\":\"https:\\\/\\\/kt.gov.rs\\\/sq\\\/\"},{\"@type\":\"ListItem\",\"position\":2,\"name\":\"BLETARJA E PAR\u00cb NGA JUGU I SERBIS\u00cb NGA MJALTI B\u00cbN\u00cb \u00c7UDIRA T\u00cb CILAT SHITEN EDHE JASHT\u00cb KUFIJVE T\u00cb SHTETIT\"}]},{\"@type\":\"WebSite\",\"@id\":\"https:\\\/\\\/kt.gov.rs\\\/#website\",\"url\":\"https:\\\/\\\/kt.gov.rs\\\/\",\"name\":\"\u041a\u043e\u043e\u0440\u0434\u0438\u043d\u0430\u0446\u0438\u043e\u043d\u043e \u0442\u0435\u043b\u043e \u0412\u043b\u0430\u0434\u0435 \u0420\u0435\u043f\u0443\u0431\u043b\u0438\u043a\u0435 \u0421\u0440\u0431\u0438\u0458\u0435 \u0437\u0430 \u043e\u043f\u0448\u0442\u0438\u043d\u0435 \u041f\u0440\u0435\u0448\u0435\u0432\u043e, \u0411\u0443\u0458\u0430\u043d\u043e\u0432\u0430\u0446 \u0438 \u041c\u0435\u0434\u0432\u0435\u0452a\",\"description\":\"\",\"publisher\":{\"@id\":\"https:\\\/\\\/kt.gov.rs\\\/#organization\"},\"alternateName\":\"\u041a\u043e\u043e\u0440\u0434\u0438\u043d\u0430\u0446\u0438\u043e\u043d\u043e \u0442\u0435\u043b\u043e\",\"potentialAction\":[{\"@type\":\"SearchAction\",\"target\":{\"@type\":\"EntryPoint\",\"urlTemplate\":\"https:\\\/\\\/kt.gov.rs\\\/?s={search_term_string}\"},\"query-input\":{\"@type\":\"PropertyValueSpecification\",\"valueRequired\":true,\"valueName\":\"search_term_string\"}}],\"inLanguage\":\"sq-AL\"},{\"@type\":\"Organization\",\"@id\":\"https:\\\/\\\/kt.gov.rs\\\/#organization\",\"name\":\"\u041a\u043e\u043e\u0440\u0434\u0438\u043d\u0430\u0446\u0438\u043e\u043d\u043e \u0442\u0435\u043b\u043e \u0412\u043b\u0430\u0434\u0435 \u0420\u0435\u043f\u0443\u0431\u043b\u0438\u043a\u0435 \u0421\u0440\u0431\u0438\u0458\u0435 \u0437\u0430 \u043e\u043f\u0448\u0442\u0438\u043d\u0435 \u041f\u0440\u0435\u0448\u0435\u0432\u043e, \u0411\u0443\u0458\u0430\u043d\u043e\u0432\u0430\u0446 \u0438 \u041c\u0435\u0434\u0432\u0435\u0452a\",\"alternateName\":\"\u041a\u043e\u043e\u0440\u0434\u0438\u043d\u0430\u0446\u0438\u043e\u043d\u043e \u0442\u0435\u043b\u043e\",\"url\":\"https:\\\/\\\/kt.gov.rs\\\/\",\"logo\":{\"@type\":\"ImageObject\",\"inLanguage\":\"sq-AL\",\"@id\":\"https:\\\/\\\/kt.gov.rs\\\/#\\\/schema\\\/logo\\\/image\\\/\",\"url\":\"https:\\\/\\\/kt.gov.rs\\\/wp-content\\\/uploads\\\/2024\\\/12\\\/koord2.jpg\",\"contentUrl\":\"https:\\\/\\\/kt.gov.rs\\\/wp-content\\\/uploads\\\/2024\\\/12\\\/koord2.jpg\",\"width\":640,\"height\":480,\"caption\":\"\u041a\u043e\u043e\u0440\u0434\u0438\u043d\u0430\u0446\u0438\u043e\u043d\u043e \u0442\u0435\u043b\u043e \u0412\u043b\u0430\u0434\u0435 \u0420\u0435\u043f\u0443\u0431\u043b\u0438\u043a\u0435 \u0421\u0440\u0431\u0438\u0458\u0435 \u0437\u0430 \u043e\u043f\u0448\u0442\u0438\u043d\u0435 \u041f\u0440\u0435\u0448\u0435\u0432\u043e, \u0411\u0443\u0458\u0430\u043d\u043e\u0432\u0430\u0446 \u0438 \u041c\u0435\u0434\u0432\u0435\u0452a\"},\"image\":{\"@id\":\"https:\\\/\\\/kt.gov.rs\\\/#\\\/schema\\\/logo\\\/image\\\/\"},\"sameAs\":[\"https:\\\/\\\/www.facebook.com\\\/SluzbaKoordinacionogTelaVladeRepublikeSrbije\",\"https:\\\/\\\/x.com\\\/kt_gov\",\"https:\\\/\\\/www.youtube.com\\\/@koordinacionotelo\"]},{\"@type\":\"Person\",\"@id\":\"https:\\\/\\\/kt.gov.rs\\\/#\\\/schema\\\/person\\\/e426459ddb4173309103390602694571\",\"name\":\"ktmin\",\"image\":{\"@type\":\"ImageObject\",\"inLanguage\":\"sq-AL\",\"@id\":\"https:\\\/\\\/secure.gravatar.com\\\/avatar\\\/3985c961109853010c3fbc7ba30365bfba5db3dd6c525831d9c595c7525a615a?s=96&d=mm&r=g\",\"url\":\"https:\\\/\\\/secure.gravatar.com\\\/avatar\\\/3985c961109853010c3fbc7ba30365bfba5db3dd6c525831d9c595c7525a615a?s=96&d=mm&r=g\",\"contentUrl\":\"https:\\\/\\\/secure.gravatar.com\\\/avatar\\\/3985c961109853010c3fbc7ba30365bfba5db3dd6c525831d9c595c7525a615a?s=96&d=mm&r=g\",\"caption\":\"ktmin\"},\"sameAs\":[\"https:\\\/\\\/kt.gov.rs\"],\"url\":\"https:\\\/\\\/kt.gov.rs\\\/sq\\\/author\\\/ktmin\\\/\"}]}<\/script>\n<!-- \/ Yoast SEO plugin. -->","yoast_head_json":{"title":"BLETARJA E PAR\u00cb NGA JUGU I SERBIS\u00cb NGA MJALTI B\u00cbN\u00cb \u00c7UDIRA T\u00cb CILAT SHITEN EDHE JASHT\u00cb KUFIJVE T\u00cb SHTETIT - Republika e S\u00ebrbis\u00eb Trupi Koordinues p\u00ebr komunat Bujanoc, Preshev\u00eb dhe Medvegj\u00eb","robots":{"index":"index","follow":"follow","max-snippet":"max-snippet:-1","max-image-preview":"max-image-preview:large","max-video-preview":"max-video-preview:-1"},"canonical":"https:\/\/kt.gov.rs\/sq\/bletarja-e-pare-nga-jugu-i-serbise-nga-mjalti-bene-cudira-te-cilat-shiten-edhe-jashte-kufijve-te-shtetit\/","og_locale":"sq_AL","og_type":"article","og_title":"BLETARJA E PAR\u00cb NGA JUGU I SERBIS\u00cb NGA MJALTI B\u00cbN\u00cb \u00c7UDIRA T\u00cb CILAT SHITEN EDHE JASHT\u00cb KUFIJVE T\u00cb SHTETIT - Republika e S\u00ebrbis\u00eb Trupi Koordinues p\u00ebr komunat Bujanoc, Preshev\u00eb dhe Medvegj\u00eb","og_description":"Leskoc -\u00a0N\u00ebse grat\u00eb e reja kan\u00eb nj\u00eb q\u00ebllim dhe d\u00ebshir\u00eb p\u00ebr t\u00eb filluar nj\u00eb biznes m\u00eb vete, l\u00ebrini t\u00eb fillojn\u00eb t\u00eb investojn\u00eb n\u00eb njohurit\u00eb e tyre pa frik\u00eb nga d\u00ebshtimi, sepse \u00ebsht\u00eb e mundur t\u00eb kap\u00ebrceni \u00e7do penges\u00eb n\u00eb jet\u00eb me nj\u00eb q\u00ebndrim pozitiv dhe besim n\u00eb veten tuaj, thot\u00eb bletarja Marina Petkoviq nga fshati Donji Bunibrod i komun\u00ebs s\u00eb Leskocit...","og_url":"https:\/\/kt.gov.rs\/sq\/bletarja-e-pare-nga-jugu-i-serbise-nga-mjalti-bene-cudira-te-cilat-shiten-edhe-jashte-kufijve-te-shtetit\/","og_site_name":"Republika e S\u00ebrbis\u00eb Trupi Koordinues p\u00ebr komunat Bujanoc, Preshev\u00eb dhe Medvegj\u00eb","article_publisher":"https:\/\/www.facebook.com\/SluzbaKoordinacionogTelaVladeRepublikeSrbije","article_published_time":"2020-06-11T00:00:00+00:00","article_modified_time":"2024-07-30T18:03:45+00:00","og_image":[{"width":315,"height":230,"url":"https:\/\/kt.gov.rs\/wp-content\/uploads\/2024\/07\/1591871298_110620_4-5.jpg","type":"image\/jpeg"}],"author":"ktmin","twitter_card":"summary_large_image","twitter_creator":"@kt_gov","twitter_site":"@kt_gov","twitter_misc":{"Written by":"ktmin","Est. reading time":"4 minutes"},"schema":{"@context":"https:\/\/schema.org","@graph":[{"@type":"Article","@id":"https:\/\/kt.gov.rs\/sq\/bletarja-e-pare-nga-jugu-i-serbise-nga-mjalti-bene-cudira-te-cilat-shiten-edhe-jashte-kufijve-te-shtetit\/#article","isPartOf":{"@id":"https:\/\/kt.gov.rs\/sq\/bletarja-e-pare-nga-jugu-i-serbise-nga-mjalti-bene-cudira-te-cilat-shiten-edhe-jashte-kufijve-te-shtetit\/"},"author":{"name":"ktmin","@id":"https:\/\/kt.gov.rs\/#\/schema\/person\/e426459ddb4173309103390602694571"},"headline":"BLETARJA E PAR\u00cb NGA JUGU I SERBIS\u00cb NGA MJALTI B\u00cbN\u00cb \u00c7UDIRA T\u00cb CILAT SHITEN EDHE JASHT\u00cb KUFIJVE T\u00cb SHTETIT","datePublished":"2020-06-11T00:00:00+00:00","dateModified":"2024-07-30T18:03:45+00:00","mainEntityOfPage":{"@id":"https:\/\/kt.gov.rs\/sq\/bletarja-e-pare-nga-jugu-i-serbise-nga-mjalti-bene-cudira-te-cilat-shiten-edhe-jashte-kufijve-te-shtetit\/"},"wordCount":806,"publisher":{"@id":"https:\/\/kt.gov.rs\/#organization"},"image":{"@id":"https:\/\/kt.gov.rs\/sq\/bletarja-e-pare-nga-jugu-i-serbise-nga-mjalti-bene-cudira-te-cilat-shiten-edhe-jashte-kufijve-te-shtetit\/#primaryimage"},"thumbnailUrl":"https:\/\/kt.gov.rs\/wp-content\/uploads\/2024\/07\/1591871298_110620_4-5.jpg","articleSection":["Lajme"],"inLanguage":"sq-AL"},{"@type":"WebPage","@id":"https:\/\/kt.gov.rs\/sq\/bletarja-e-pare-nga-jugu-i-serbise-nga-mjalti-bene-cudira-te-cilat-shiten-edhe-jashte-kufijve-te-shtetit\/","url":"https:\/\/kt.gov.rs\/sq\/bletarja-e-pare-nga-jugu-i-serbise-nga-mjalti-bene-cudira-te-cilat-shiten-edhe-jashte-kufijve-te-shtetit\/","name":"BLETARJA E PAR\u00cb NGA JUGU I SERBIS\u00cb NGA MJALTI B\u00cbN\u00cb \u00c7UDIRA T\u00cb CILAT SHITEN EDHE JASHT\u00cb KUFIJVE T\u00cb SHTETIT - Republika e S\u00ebrbis\u00eb Trupi Koordinues p\u00ebr komunat Bujanoc, Preshev\u00eb dhe Medvegj\u00eb","isPartOf":{"@id":"https:\/\/kt.gov.rs\/#website"},"primaryImageOfPage":{"@id":"https:\/\/kt.gov.rs\/sq\/bletarja-e-pare-nga-jugu-i-serbise-nga-mjalti-bene-cudira-te-cilat-shiten-edhe-jashte-kufijve-te-shtetit\/#primaryimage"},"image":{"@id":"https:\/\/kt.gov.rs\/sq\/bletarja-e-pare-nga-jugu-i-serbise-nga-mjalti-bene-cudira-te-cilat-shiten-edhe-jashte-kufijve-te-shtetit\/#primaryimage"},"thumbnailUrl":"https:\/\/kt.gov.rs\/wp-content\/uploads\/2024\/07\/1591871298_110620_4-5.jpg","datePublished":"2020-06-11T00:00:00+00:00","dateModified":"2024-07-30T18:03:45+00:00","breadcrumb":{"@id":"https:\/\/kt.gov.rs\/sq\/bletarja-e-pare-nga-jugu-i-serbise-nga-mjalti-bene-cudira-te-cilat-shiten-edhe-jashte-kufijve-te-shtetit\/#breadcrumb"},"inLanguage":"sq-AL","potentialAction":[{"@type":"ReadAction","target":["https:\/\/kt.gov.rs\/sq\/bletarja-e-pare-nga-jugu-i-serbise-nga-mjalti-bene-cudira-te-cilat-shiten-edhe-jashte-kufijve-te-shtetit\/"]}]},{"@type":"ImageObject","inLanguage":"sq-AL","@id":"https:\/\/kt.gov.rs\/sq\/bletarja-e-pare-nga-jugu-i-serbise-nga-mjalti-bene-cudira-te-cilat-shiten-edhe-jashte-kufijve-te-shtetit\/#primaryimage","url":"https:\/\/kt.gov.rs\/wp-content\/uploads\/2024\/07\/1591871298_110620_4-5.jpg","contentUrl":"https:\/\/kt.gov.rs\/wp-content\/uploads\/2024\/07\/1591871298_110620_4-5.jpg","width":315,"height":230},{"@type":"BreadcrumbList","@id":"https:\/\/kt.gov.rs\/sq\/bletarja-e-pare-nga-jugu-i-serbise-nga-mjalti-bene-cudira-te-cilat-shiten-edhe-jashte-kufijve-te-shtetit\/#breadcrumb","itemListElement":[{"@type":"ListItem","position":1,"name":"\u041f\u043e\u0447\u0435\u0442\u043d\u0430","item":"https:\/\/kt.gov.rs\/sq\/"},{"@type":"ListItem","position":2,"name":"BLETARJA E PAR\u00cb NGA JUGU I SERBIS\u00cb NGA MJALTI B\u00cbN\u00cb \u00c7UDIRA T\u00cb CILAT SHITEN EDHE JASHT\u00cb KUFIJVE T\u00cb SHTETIT"}]},{"@type":"WebSite","@id":"https:\/\/kt.gov.rs\/#website","url":"https:\/\/kt.gov.rs\/","name":"\u041a\u043e\u043e\u0440\u0434\u0438\u043d\u0430\u0446\u0438\u043e\u043d\u043e \u0442\u0435\u043b\u043e \u0412\u043b\u0430\u0434\u0435 \u0420\u0435\u043f\u0443\u0431\u043b\u0438\u043a\u0435 \u0421\u0440\u0431\u0438\u0458\u0435 \u0437\u0430 \u043e\u043f\u0448\u0442\u0438\u043d\u0435 \u041f\u0440\u0435\u0448\u0435\u0432\u043e, \u0411\u0443\u0458\u0430\u043d\u043e\u0432\u0430\u0446 \u0438 \u041c\u0435\u0434\u0432\u0435\u0452a","description":"","publisher":{"@id":"https:\/\/kt.gov.rs\/#organization"},"alternateName":"\u041a\u043e\u043e\u0440\u0434\u0438\u043d\u0430\u0446\u0438\u043e\u043d\u043e \u0442\u0435\u043b\u043e","potentialAction":[{"@type":"SearchAction","target":{"@type":"EntryPoint","urlTemplate":"https:\/\/kt.gov.rs\/?s={search_term_string}"},"query-input":{"@type":"PropertyValueSpecification","valueRequired":true,"valueName":"search_term_string"}}],"inLanguage":"sq-AL"},{"@type":"Organization","@id":"https:\/\/kt.gov.rs\/#organization","name":"\u041a\u043e\u043e\u0440\u0434\u0438\u043d\u0430\u0446\u0438\u043e\u043d\u043e \u0442\u0435\u043b\u043e \u0412\u043b\u0430\u0434\u0435 \u0420\u0435\u043f\u0443\u0431\u043b\u0438\u043a\u0435 \u0421\u0440\u0431\u0438\u0458\u0435 \u0437\u0430 \u043e\u043f\u0448\u0442\u0438\u043d\u0435 \u041f\u0440\u0435\u0448\u0435\u0432\u043e, \u0411\u0443\u0458\u0430\u043d\u043e\u0432\u0430\u0446 \u0438 \u041c\u0435\u0434\u0432\u0435\u0452a","alternateName":"\u041a\u043e\u043e\u0440\u0434\u0438\u043d\u0430\u0446\u0438\u043e\u043d\u043e \u0442\u0435\u043b\u043e","url":"https:\/\/kt.gov.rs\/","logo":{"@type":"ImageObject","inLanguage":"sq-AL","@id":"https:\/\/kt.gov.rs\/#\/schema\/logo\/image\/","url":"https:\/\/kt.gov.rs\/wp-content\/uploads\/2024\/12\/koord2.jpg","contentUrl":"https:\/\/kt.gov.rs\/wp-content\/uploads\/2024\/12\/koord2.jpg","width":640,"height":480,"caption":"\u041a\u043e\u043e\u0440\u0434\u0438\u043d\u0430\u0446\u0438\u043e\u043d\u043e \u0442\u0435\u043b\u043e \u0412\u043b\u0430\u0434\u0435 \u0420\u0435\u043f\u0443\u0431\u043b\u0438\u043a\u0435 \u0421\u0440\u0431\u0438\u0458\u0435 \u0437\u0430 \u043e\u043f\u0448\u0442\u0438\u043d\u0435 \u041f\u0440\u0435\u0448\u0435\u0432\u043e, \u0411\u0443\u0458\u0430\u043d\u043e\u0432\u0430\u0446 \u0438 \u041c\u0435\u0434\u0432\u0435\u0452a"},"image":{"@id":"https:\/\/kt.gov.rs\/#\/schema\/logo\/image\/"},"sameAs":["https:\/\/www.facebook.com\/SluzbaKoordinacionogTelaVladeRepublikeSrbije","https:\/\/x.com\/kt_gov","https:\/\/www.youtube.com\/@koordinacionotelo"]},{"@type":"Person","@id":"https:\/\/kt.gov.rs\/#\/schema\/person\/e426459ddb4173309103390602694571","name":"ktmin","image":{"@type":"ImageObject","inLanguage":"sq-AL","@id":"https:\/\/secure.gravatar.com\/avatar\/3985c961109853010c3fbc7ba30365bfba5db3dd6c525831d9c595c7525a615a?s=96&d=mm&r=g","url":"https:\/\/secure.gravatar.com\/avatar\/3985c961109853010c3fbc7ba30365bfba5db3dd6c525831d9c595c7525a615a?s=96&d=mm&r=g","contentUrl":"https:\/\/secure.gravatar.com\/avatar\/3985c961109853010c3fbc7ba30365bfba5db3dd6c525831d9c595c7525a615a?s=96&d=mm&r=g","caption":"ktmin"},"sameAs":["https:\/\/kt.gov.rs"],"url":"https:\/\/kt.gov.rs\/sq\/author\/ktmin\/"}]}},"_links":{"self":[{"href":"https:\/\/kt.gov.rs\/sq\/wp-json\/wp\/v2\/posts\/111983","targetHints":{"allow":["GET"]}}],"collection":[{"href":"https:\/\/kt.gov.rs\/sq\/wp-json\/wp\/v2\/posts"}],"about":[{"href":"https:\/\/kt.gov.rs\/sq\/wp-json\/wp\/v2\/types\/post"}],"author":[{"embeddable":true,"href":"https:\/\/kt.gov.rs\/sq\/wp-json\/wp\/v2\/users\/1"}],"replies":[{"embeddable":true,"href":"https:\/\/kt.gov.rs\/sq\/wp-json\/wp\/v2\/comments?post=111983"}],"version-history":[{"count":1,"href":"https:\/\/kt.gov.rs\/sq\/wp-json\/wp\/v2\/posts\/111983\/revisions"}],"predecessor-version":[{"id":111987,"href":"https:\/\/kt.gov.rs\/sq\/wp-json\/wp\/v2\/posts\/111983\/revisions\/111987"}],"wp:featuredmedia":[{"embeddable":true,"href":"https:\/\/kt.gov.rs\/sq\/wp-json\/wp\/v2\/media\/111988"}],"wp:attachment":[{"href":"https:\/\/kt.gov.rs\/sq\/wp-json\/wp\/v2\/media?parent=111983"}],"wp:term":[{"taxonomy":"category","embeddable":true,"href":"https:\/\/kt.gov.rs\/sq\/wp-json\/wp\/v2\/categories?post=111983"},{"taxonomy":"post_tag","embeddable":true,"href":"https:\/\/kt.gov.rs\/sq\/wp-json\/wp\/v2\/tags?post=111983"}],"curies":[{"name":"wp","href":"https:\/\/api.w.org\/{rel}","templated":true}]}}