{"id":111695,"date":"2020-07-13T00:00:00","date_gmt":"2020-07-13T00:00:00","guid":{"rendered":"http:\/\/kt.printandscreen.rs\/fondi-pio-ka-sjellur-rregullore-te-re-ne-te-ardhmen-ne-banje-vetem-nje-here\/"},"modified":"2024-07-30T18:03:19","modified_gmt":"2024-07-30T18:03:19","slug":"fondi-pio-ka-sjellur-rregullore-te-re-ne-te-ardhmen-ne-banje-vetem-nje-here","status":"publish","type":"post","link":"https:\/\/kt.gov.rs\/sq\/fondi-pio-ka-sjellur-rregullore-te-re-ne-te-ardhmen-ne-banje-vetem-nje-here\/","title":{"rendered":"FONDI PIO KA SJELLUR RREGULLORE T\u00cb RE, N\u00cb T\u00cb ARDHMEN N\u00cb BANJ\u00cb VET\u00cbM NJ\u00cb HER\u00cb"},"content":{"rendered":"<p>\n\t<strong><img decoding=\"async\" alt=\"\" src=\"https:\/\/kt.gov.rs\/wp-content\/uploads\/2024\/07\/1594633652_13072020_04-4.jpg\" style=\"width: 315px; height: 230px; float: left;\" \/><\/strong><\/p>\n<p>\n\t<strong>Beograd <\/strong>\u2013 N\u00ebse nuk do t\u00eb ishte pandemia e Kovid 19, shumica e pensionist\u00ebve do t\u00eb dinin se ku dhe n\u00eb cil\u00ebn banj\u00eb mund t\u00eb shkojn\u00eb me buxhet t\u00eb Fondit t\u00eb Sigurimit Pensional dhe Invalidor.<\/p>\n<p>\n\tK\u00ebshtu, nd\u00ebrsa gj\u00ebrat q\u00ebndrojn\u00eb tani, konkursi p\u00ebr rehabilitim falas do t\u00eb shpallet kur t\u00eb plot\u00ebsohen kushtet sh\u00ebndet\u00ebsore dhe t\u00eb siguris\u00eb p\u00ebr shfryt\u00ebzuesit m\u00eb t\u00eb vjet\u00ebs k\u00ebt\u00eb t\u00eb drejt\u00eb.<\/p>\n<p>\n\tKjo \u00ebsht\u00eb pik\u00ebrisht ajo q\u00eb konfirmon Fondi i Sigurimit Pensional dhe Invalidor, duke shtuar se ka shum\u00eb risi kur b\u00ebhet fjal\u00eb p\u00ebr standardin shoq\u00ebror t\u00eb pensionist\u00ebve. P\u00ebrkat\u00ebsisht, rregulloja e re, e cila hy n\u00eb fuqi m\u00eb 11 qershor t\u00eb k\u00ebtij viti, do t`i jepet e drejt\u00eb shfryt\u00ebzimi vet\u00ebm nj\u00eb her\u00eb gjat\u00eb marrjes s\u00eb pensionit.<\/p>\n<p>\n\tSipas rregullores s\u00eb m\u00ebparshme, \u00e7do pensionist q\u00eb nuk e ka p\u00ebrdorur k\u00ebt\u00eb t\u00eb drejt\u00eb p\u00ebr pes\u00eb vjet, mund t\u00eb k\u00ebrkoj\u00eb sh\u00ebrim falas.Pra, n\u00eb t\u00eb ardhmen, pensionist\u00ebt do t\u00eb jen\u00eb n\u00eb gjendje t\u00eb shkojn\u00eb n\u00eb banj\u00eb vet\u00ebm nj\u00eb her\u00eb.<\/p>\n<p>\n\tMund t\u00eb lexoni m\u00eb shum\u00eb informacione n\u00eb<\/p>\n<p>\n\t<a href=\"http:\/\/www.politika.rs\/sr\/clanak\/458152\/Ubuduce-besplatno-u-banje-samo-jednom\">http:\/\/www.politika.rs\/sr\/clanak\/458152\/Ubuduce-besplatno-u-banje-samo-jednom<\/a><\/p>\n<p>\n\t<strong>\u0418\u0437\u0432\u043e\u0440: \u041f\u043e\u043b\u0438\u0442\u0438\u043a\u0430, \u041192, \u0408\u0443\u0433\u043c\u0435\u0434\u0438\u0430 \u0438 \u041a\u043e\u043e\u0440\u0434\u0438\u043d\u0430\u0446\u0438\u043e\u043d\u043e \u0442\u0435\u043b\u043e Burimi: Politika, B92, Jugmedia dhe Trupi Koordinues<\/strong><\/p>\n<p>\n\t\u00a0<\/p>\n","protected":false},"excerpt":{"rendered":"<p>Beograd\u00a0\u2013 N\u00ebse nuk do t\u00eb ishte pandemia e Kovid 19, shumica e pensionist\u00ebve do t\u00eb dinin se ku dhe n\u00eb cil\u00ebn banj\u00eb mund t\u00eb shkojn\u00eb me buxhet t\u00eb Fondit t\u00eb Sigurimit Pensional dhe Invalidor.<\/p>\n<p>\t\u00a0<\/p>\n","protected":false},"author":1,"featured_media":111700,"comment_status":"closed","ping_status":"closed","sticky":false,"template":"","format":"standard","meta":{"footnotes":""},"categories":[55],"tags":[],"class_list":["post-111695","post","type-post","status-publish","format-standard","has-post-thumbnail","hentry","category-lajme"],"yoast_head":"<!-- This site is optimized with the Yoast SEO plugin v27.5 - https:\/\/yoast.com\/product\/yoast-seo-wordpress\/ -->\n<title>FONDI PIO KA SJELLUR RREGULLORE T\u00cb RE, N\u00cb T\u00cb ARDHMEN N\u00cb BANJ\u00cb VET\u00cbM NJ\u00cb HER\u00cb - Republika e S\u00ebrbis\u00eb Trupi Koordinues p\u00ebr komunat Bujanoc, Preshev\u00eb dhe Medvegj\u00eb<\/title>\n<meta name=\"robots\" content=\"index, follow, max-snippet:-1, max-image-preview:large, max-video-preview:-1\" \/>\n<link rel=\"canonical\" href=\"https:\/\/kt.gov.rs\/sq\/fondi-pio-ka-sjellur-rregullore-te-re-ne-te-ardhmen-ne-banje-vetem-nje-here\/\" \/>\n<meta property=\"og:locale\" content=\"sq_AL\" \/>\n<meta property=\"og:type\" content=\"article\" \/>\n<meta property=\"og:title\" content=\"FONDI PIO KA SJELLUR RREGULLORE T\u00cb RE, N\u00cb T\u00cb ARDHMEN N\u00cb BANJ\u00cb VET\u00cbM NJ\u00cb HER\u00cb - Republika e S\u00ebrbis\u00eb Trupi Koordinues p\u00ebr komunat Bujanoc, Preshev\u00eb dhe Medvegj\u00eb\" \/>\n<meta property=\"og:description\" content=\"Beograd\u00a0- N\u00ebse nuk do t\u00eb ishte pandemia e Kovid 19, shumica e pensionist\u00ebve do t\u00eb dinin se ku dhe n\u00eb cil\u00ebn banj\u00eb mund t\u00eb shkojn\u00eb me buxhet t\u00eb Fondit t\u00eb Sigurimit Pensional dhe Invalidor.  \u00a0\" \/>\n<meta property=\"og:url\" content=\"https:\/\/kt.gov.rs\/sq\/fondi-pio-ka-sjellur-rregullore-te-re-ne-te-ardhmen-ne-banje-vetem-nje-here\/\" \/>\n<meta property=\"og:site_name\" content=\"Republika e S\u00ebrbis\u00eb Trupi Koordinues p\u00ebr komunat Bujanoc, Preshev\u00eb dhe Medvegj\u00eb\" \/>\n<meta property=\"article:publisher\" content=\"https:\/\/www.facebook.com\/SluzbaKoordinacionogTelaVladeRepublikeSrbije\" \/>\n<meta property=\"article:published_time\" content=\"2020-07-13T00:00:00+00:00\" \/>\n<meta property=\"article:modified_time\" content=\"2024-07-30T18:03:19+00:00\" \/>\n<meta property=\"og:image\" content=\"https:\/\/kt.gov.rs\/wp-content\/uploads\/2024\/07\/1594633652_13072020_04-5.jpg\" \/>\n\t<meta property=\"og:image:width\" content=\"315\" \/>\n\t<meta property=\"og:image:height\" content=\"230\" \/>\n\t<meta property=\"og:image:type\" content=\"image\/jpeg\" \/>\n<meta name=\"author\" content=\"ktmin\" \/>\n<meta name=\"twitter:card\" content=\"summary_large_image\" \/>\n<meta name=\"twitter:creator\" content=\"@kt_gov\" \/>\n<meta name=\"twitter:site\" content=\"@kt_gov\" \/>\n<meta name=\"twitter:label1\" content=\"Written by\" \/>\n\t<meta name=\"twitter:data1\" content=\"ktmin\" \/>\n\t<meta name=\"twitter:label2\" content=\"Est. reading time\" \/>\n\t<meta name=\"twitter:data2\" content=\"1 minute\" \/>\n<script type=\"application\/ld+json\" class=\"yoast-schema-graph\">{\"@context\":\"https:\\\/\\\/schema.org\",\"@graph\":[{\"@type\":\"Article\",\"@id\":\"https:\\\/\\\/kt.gov.rs\\\/sq\\\/fondi-pio-ka-sjellur-rregullore-te-re-ne-te-ardhmen-ne-banje-vetem-nje-here\\\/#article\",\"isPartOf\":{\"@id\":\"https:\\\/\\\/kt.gov.rs\\\/sq\\\/fondi-pio-ka-sjellur-rregullore-te-re-ne-te-ardhmen-ne-banje-vetem-nje-here\\\/\"},\"author\":{\"name\":\"ktmin\",\"@id\":\"https:\\\/\\\/kt.gov.rs\\\/#\\\/schema\\\/person\\\/e426459ddb4173309103390602694571\"},\"headline\":\"FONDI PIO KA SJELLUR RREGULLORE T\u00cb RE, N\u00cb T\u00cb ARDHMEN N\u00cb BANJ\u00cb VET\u00cbM NJ\u00cb HER\u00cb\",\"datePublished\":\"2020-07-13T00:00:00+00:00\",\"dateModified\":\"2024-07-30T18:03:19+00:00\",\"mainEntityOfPage\":{\"@id\":\"https:\\\/\\\/kt.gov.rs\\\/sq\\\/fondi-pio-ka-sjellur-rregullore-te-re-ne-te-ardhmen-ne-banje-vetem-nje-here\\\/\"},\"wordCount\":322,\"publisher\":{\"@id\":\"https:\\\/\\\/kt.gov.rs\\\/#organization\"},\"image\":{\"@id\":\"https:\\\/\\\/kt.gov.rs\\\/sq\\\/fondi-pio-ka-sjellur-rregullore-te-re-ne-te-ardhmen-ne-banje-vetem-nje-here\\\/#primaryimage\"},\"thumbnailUrl\":\"https:\\\/\\\/kt.gov.rs\\\/wp-content\\\/uploads\\\/2024\\\/07\\\/1594633652_13072020_04-5.jpg\",\"articleSection\":[\"Lajme\"],\"inLanguage\":\"sq-AL\"},{\"@type\":\"WebPage\",\"@id\":\"https:\\\/\\\/kt.gov.rs\\\/sq\\\/fondi-pio-ka-sjellur-rregullore-te-re-ne-te-ardhmen-ne-banje-vetem-nje-here\\\/\",\"url\":\"https:\\\/\\\/kt.gov.rs\\\/sq\\\/fondi-pio-ka-sjellur-rregullore-te-re-ne-te-ardhmen-ne-banje-vetem-nje-here\\\/\",\"name\":\"FONDI PIO KA SJELLUR RREGULLORE T\u00cb RE, N\u00cb T\u00cb ARDHMEN N\u00cb BANJ\u00cb VET\u00cbM NJ\u00cb HER\u00cb - Republika e S\u00ebrbis\u00eb Trupi Koordinues p\u00ebr komunat Bujanoc, Preshev\u00eb dhe Medvegj\u00eb\",\"isPartOf\":{\"@id\":\"https:\\\/\\\/kt.gov.rs\\\/#website\"},\"primaryImageOfPage\":{\"@id\":\"https:\\\/\\\/kt.gov.rs\\\/sq\\\/fondi-pio-ka-sjellur-rregullore-te-re-ne-te-ardhmen-ne-banje-vetem-nje-here\\\/#primaryimage\"},\"image\":{\"@id\":\"https:\\\/\\\/kt.gov.rs\\\/sq\\\/fondi-pio-ka-sjellur-rregullore-te-re-ne-te-ardhmen-ne-banje-vetem-nje-here\\\/#primaryimage\"},\"thumbnailUrl\":\"https:\\\/\\\/kt.gov.rs\\\/wp-content\\\/uploads\\\/2024\\\/07\\\/1594633652_13072020_04-5.jpg\",\"datePublished\":\"2020-07-13T00:00:00+00:00\",\"dateModified\":\"2024-07-30T18:03:19+00:00\",\"breadcrumb\":{\"@id\":\"https:\\\/\\\/kt.gov.rs\\\/sq\\\/fondi-pio-ka-sjellur-rregullore-te-re-ne-te-ardhmen-ne-banje-vetem-nje-here\\\/#breadcrumb\"},\"inLanguage\":\"sq-AL\",\"potentialAction\":[{\"@type\":\"ReadAction\",\"target\":[\"https:\\\/\\\/kt.gov.rs\\\/sq\\\/fondi-pio-ka-sjellur-rregullore-te-re-ne-te-ardhmen-ne-banje-vetem-nje-here\\\/\"]}]},{\"@type\":\"ImageObject\",\"inLanguage\":\"sq-AL\",\"@id\":\"https:\\\/\\\/kt.gov.rs\\\/sq\\\/fondi-pio-ka-sjellur-rregullore-te-re-ne-te-ardhmen-ne-banje-vetem-nje-here\\\/#primaryimage\",\"url\":\"https:\\\/\\\/kt.gov.rs\\\/wp-content\\\/uploads\\\/2024\\\/07\\\/1594633652_13072020_04-5.jpg\",\"contentUrl\":\"https:\\\/\\\/kt.gov.rs\\\/wp-content\\\/uploads\\\/2024\\\/07\\\/1594633652_13072020_04-5.jpg\",\"width\":315,\"height\":230},{\"@type\":\"BreadcrumbList\",\"@id\":\"https:\\\/\\\/kt.gov.rs\\\/sq\\\/fondi-pio-ka-sjellur-rregullore-te-re-ne-te-ardhmen-ne-banje-vetem-nje-here\\\/#breadcrumb\",\"itemListElement\":[{\"@type\":\"ListItem\",\"position\":1,\"name\":\"\u041f\u043e\u0447\u0435\u0442\u043d\u0430\",\"item\":\"https:\\\/\\\/kt.gov.rs\\\/sq\\\/\"},{\"@type\":\"ListItem\",\"position\":2,\"name\":\"FONDI PIO KA SJELLUR RREGULLORE T\u00cb RE, N\u00cb T\u00cb ARDHMEN N\u00cb BANJ\u00cb VET\u00cbM NJ\u00cb HER\u00cb\"}]},{\"@type\":\"WebSite\",\"@id\":\"https:\\\/\\\/kt.gov.rs\\\/#website\",\"url\":\"https:\\\/\\\/kt.gov.rs\\\/\",\"name\":\"\u041a\u043e\u043e\u0440\u0434\u0438\u043d\u0430\u0446\u0438\u043e\u043d\u043e \u0442\u0435\u043b\u043e \u0412\u043b\u0430\u0434\u0435 \u0420\u0435\u043f\u0443\u0431\u043b\u0438\u043a\u0435 \u0421\u0440\u0431\u0438\u0458\u0435 \u0437\u0430 \u043e\u043f\u0448\u0442\u0438\u043d\u0435 \u041f\u0440\u0435\u0448\u0435\u0432\u043e, \u0411\u0443\u0458\u0430\u043d\u043e\u0432\u0430\u0446 \u0438 \u041c\u0435\u0434\u0432\u0435\u0452a\",\"description\":\"\",\"publisher\":{\"@id\":\"https:\\\/\\\/kt.gov.rs\\\/#organization\"},\"alternateName\":\"\u041a\u043e\u043e\u0440\u0434\u0438\u043d\u0430\u0446\u0438\u043e\u043d\u043e \u0442\u0435\u043b\u043e\",\"potentialAction\":[{\"@type\":\"SearchAction\",\"target\":{\"@type\":\"EntryPoint\",\"urlTemplate\":\"https:\\\/\\\/kt.gov.rs\\\/?s={search_term_string}\"},\"query-input\":{\"@type\":\"PropertyValueSpecification\",\"valueRequired\":true,\"valueName\":\"search_term_string\"}}],\"inLanguage\":\"sq-AL\"},{\"@type\":\"Organization\",\"@id\":\"https:\\\/\\\/kt.gov.rs\\\/#organization\",\"name\":\"\u041a\u043e\u043e\u0440\u0434\u0438\u043d\u0430\u0446\u0438\u043e\u043d\u043e \u0442\u0435\u043b\u043e \u0412\u043b\u0430\u0434\u0435 \u0420\u0435\u043f\u0443\u0431\u043b\u0438\u043a\u0435 \u0421\u0440\u0431\u0438\u0458\u0435 \u0437\u0430 \u043e\u043f\u0448\u0442\u0438\u043d\u0435 \u041f\u0440\u0435\u0448\u0435\u0432\u043e, \u0411\u0443\u0458\u0430\u043d\u043e\u0432\u0430\u0446 \u0438 \u041c\u0435\u0434\u0432\u0435\u0452a\",\"alternateName\":\"\u041a\u043e\u043e\u0440\u0434\u0438\u043d\u0430\u0446\u0438\u043e\u043d\u043e \u0442\u0435\u043b\u043e\",\"url\":\"https:\\\/\\\/kt.gov.rs\\\/\",\"logo\":{\"@type\":\"ImageObject\",\"inLanguage\":\"sq-AL\",\"@id\":\"https:\\\/\\\/kt.gov.rs\\\/#\\\/schema\\\/logo\\\/image\\\/\",\"url\":\"https:\\\/\\\/kt.gov.rs\\\/wp-content\\\/uploads\\\/2024\\\/12\\\/koord2.jpg\",\"contentUrl\":\"https:\\\/\\\/kt.gov.rs\\\/wp-content\\\/uploads\\\/2024\\\/12\\\/koord2.jpg\",\"width\":640,\"height\":480,\"caption\":\"\u041a\u043e\u043e\u0440\u0434\u0438\u043d\u0430\u0446\u0438\u043e\u043d\u043e \u0442\u0435\u043b\u043e \u0412\u043b\u0430\u0434\u0435 \u0420\u0435\u043f\u0443\u0431\u043b\u0438\u043a\u0435 \u0421\u0440\u0431\u0438\u0458\u0435 \u0437\u0430 \u043e\u043f\u0448\u0442\u0438\u043d\u0435 \u041f\u0440\u0435\u0448\u0435\u0432\u043e, \u0411\u0443\u0458\u0430\u043d\u043e\u0432\u0430\u0446 \u0438 \u041c\u0435\u0434\u0432\u0435\u0452a\"},\"image\":{\"@id\":\"https:\\\/\\\/kt.gov.rs\\\/#\\\/schema\\\/logo\\\/image\\\/\"},\"sameAs\":[\"https:\\\/\\\/www.facebook.com\\\/SluzbaKoordinacionogTelaVladeRepublikeSrbije\",\"https:\\\/\\\/x.com\\\/kt_gov\",\"https:\\\/\\\/www.youtube.com\\\/@koordinacionotelo\"]},{\"@type\":\"Person\",\"@id\":\"https:\\\/\\\/kt.gov.rs\\\/#\\\/schema\\\/person\\\/e426459ddb4173309103390602694571\",\"name\":\"ktmin\",\"image\":{\"@type\":\"ImageObject\",\"inLanguage\":\"sq-AL\",\"@id\":\"https:\\\/\\\/secure.gravatar.com\\\/avatar\\\/3985c961109853010c3fbc7ba30365bfba5db3dd6c525831d9c595c7525a615a?s=96&d=mm&r=g\",\"url\":\"https:\\\/\\\/secure.gravatar.com\\\/avatar\\\/3985c961109853010c3fbc7ba30365bfba5db3dd6c525831d9c595c7525a615a?s=96&d=mm&r=g\",\"contentUrl\":\"https:\\\/\\\/secure.gravatar.com\\\/avatar\\\/3985c961109853010c3fbc7ba30365bfba5db3dd6c525831d9c595c7525a615a?s=96&d=mm&r=g\",\"caption\":\"ktmin\"},\"sameAs\":[\"https:\\\/\\\/kt.gov.rs\"],\"url\":\"https:\\\/\\\/kt.gov.rs\\\/sq\\\/author\\\/ktmin\\\/\"}]}<\/script>\n<!-- \/ Yoast SEO plugin. -->","yoast_head_json":{"title":"FONDI PIO KA SJELLUR RREGULLORE T\u00cb RE, N\u00cb T\u00cb ARDHMEN N\u00cb BANJ\u00cb VET\u00cbM NJ\u00cb HER\u00cb - Republika e S\u00ebrbis\u00eb Trupi Koordinues p\u00ebr komunat Bujanoc, Preshev\u00eb dhe Medvegj\u00eb","robots":{"index":"index","follow":"follow","max-snippet":"max-snippet:-1","max-image-preview":"max-image-preview:large","max-video-preview":"max-video-preview:-1"},"canonical":"https:\/\/kt.gov.rs\/sq\/fondi-pio-ka-sjellur-rregullore-te-re-ne-te-ardhmen-ne-banje-vetem-nje-here\/","og_locale":"sq_AL","og_type":"article","og_title":"FONDI PIO KA SJELLUR RREGULLORE T\u00cb RE, N\u00cb T\u00cb ARDHMEN N\u00cb BANJ\u00cb VET\u00cbM NJ\u00cb HER\u00cb - Republika e S\u00ebrbis\u00eb Trupi Koordinues p\u00ebr komunat Bujanoc, Preshev\u00eb dhe Medvegj\u00eb","og_description":"Beograd\u00a0- N\u00ebse nuk do t\u00eb ishte pandemia e Kovid 19, shumica e pensionist\u00ebve do t\u00eb dinin se ku dhe n\u00eb cil\u00ebn banj\u00eb mund t\u00eb shkojn\u00eb me buxhet t\u00eb Fondit t\u00eb Sigurimit Pensional dhe Invalidor.  \u00a0","og_url":"https:\/\/kt.gov.rs\/sq\/fondi-pio-ka-sjellur-rregullore-te-re-ne-te-ardhmen-ne-banje-vetem-nje-here\/","og_site_name":"Republika e S\u00ebrbis\u00eb Trupi Koordinues p\u00ebr komunat Bujanoc, Preshev\u00eb dhe Medvegj\u00eb","article_publisher":"https:\/\/www.facebook.com\/SluzbaKoordinacionogTelaVladeRepublikeSrbije","article_published_time":"2020-07-13T00:00:00+00:00","article_modified_time":"2024-07-30T18:03:19+00:00","og_image":[{"width":315,"height":230,"url":"https:\/\/kt.gov.rs\/wp-content\/uploads\/2024\/07\/1594633652_13072020_04-5.jpg","type":"image\/jpeg"}],"author":"ktmin","twitter_card":"summary_large_image","twitter_creator":"@kt_gov","twitter_site":"@kt_gov","twitter_misc":{"Written by":"ktmin","Est. reading time":"1 minute"},"schema":{"@context":"https:\/\/schema.org","@graph":[{"@type":"Article","@id":"https:\/\/kt.gov.rs\/sq\/fondi-pio-ka-sjellur-rregullore-te-re-ne-te-ardhmen-ne-banje-vetem-nje-here\/#article","isPartOf":{"@id":"https:\/\/kt.gov.rs\/sq\/fondi-pio-ka-sjellur-rregullore-te-re-ne-te-ardhmen-ne-banje-vetem-nje-here\/"},"author":{"name":"ktmin","@id":"https:\/\/kt.gov.rs\/#\/schema\/person\/e426459ddb4173309103390602694571"},"headline":"FONDI PIO KA SJELLUR RREGULLORE T\u00cb RE, N\u00cb T\u00cb ARDHMEN N\u00cb BANJ\u00cb VET\u00cbM NJ\u00cb HER\u00cb","datePublished":"2020-07-13T00:00:00+00:00","dateModified":"2024-07-30T18:03:19+00:00","mainEntityOfPage":{"@id":"https:\/\/kt.gov.rs\/sq\/fondi-pio-ka-sjellur-rregullore-te-re-ne-te-ardhmen-ne-banje-vetem-nje-here\/"},"wordCount":322,"publisher":{"@id":"https:\/\/kt.gov.rs\/#organization"},"image":{"@id":"https:\/\/kt.gov.rs\/sq\/fondi-pio-ka-sjellur-rregullore-te-re-ne-te-ardhmen-ne-banje-vetem-nje-here\/#primaryimage"},"thumbnailUrl":"https:\/\/kt.gov.rs\/wp-content\/uploads\/2024\/07\/1594633652_13072020_04-5.jpg","articleSection":["Lajme"],"inLanguage":"sq-AL"},{"@type":"WebPage","@id":"https:\/\/kt.gov.rs\/sq\/fondi-pio-ka-sjellur-rregullore-te-re-ne-te-ardhmen-ne-banje-vetem-nje-here\/","url":"https:\/\/kt.gov.rs\/sq\/fondi-pio-ka-sjellur-rregullore-te-re-ne-te-ardhmen-ne-banje-vetem-nje-here\/","name":"FONDI PIO KA SJELLUR RREGULLORE T\u00cb RE, N\u00cb T\u00cb ARDHMEN N\u00cb BANJ\u00cb VET\u00cbM NJ\u00cb HER\u00cb - Republika e S\u00ebrbis\u00eb Trupi Koordinues p\u00ebr komunat Bujanoc, Preshev\u00eb dhe Medvegj\u00eb","isPartOf":{"@id":"https:\/\/kt.gov.rs\/#website"},"primaryImageOfPage":{"@id":"https:\/\/kt.gov.rs\/sq\/fondi-pio-ka-sjellur-rregullore-te-re-ne-te-ardhmen-ne-banje-vetem-nje-here\/#primaryimage"},"image":{"@id":"https:\/\/kt.gov.rs\/sq\/fondi-pio-ka-sjellur-rregullore-te-re-ne-te-ardhmen-ne-banje-vetem-nje-here\/#primaryimage"},"thumbnailUrl":"https:\/\/kt.gov.rs\/wp-content\/uploads\/2024\/07\/1594633652_13072020_04-5.jpg","datePublished":"2020-07-13T00:00:00+00:00","dateModified":"2024-07-30T18:03:19+00:00","breadcrumb":{"@id":"https:\/\/kt.gov.rs\/sq\/fondi-pio-ka-sjellur-rregullore-te-re-ne-te-ardhmen-ne-banje-vetem-nje-here\/#breadcrumb"},"inLanguage":"sq-AL","potentialAction":[{"@type":"ReadAction","target":["https:\/\/kt.gov.rs\/sq\/fondi-pio-ka-sjellur-rregullore-te-re-ne-te-ardhmen-ne-banje-vetem-nje-here\/"]}]},{"@type":"ImageObject","inLanguage":"sq-AL","@id":"https:\/\/kt.gov.rs\/sq\/fondi-pio-ka-sjellur-rregullore-te-re-ne-te-ardhmen-ne-banje-vetem-nje-here\/#primaryimage","url":"https:\/\/kt.gov.rs\/wp-content\/uploads\/2024\/07\/1594633652_13072020_04-5.jpg","contentUrl":"https:\/\/kt.gov.rs\/wp-content\/uploads\/2024\/07\/1594633652_13072020_04-5.jpg","width":315,"height":230},{"@type":"BreadcrumbList","@id":"https:\/\/kt.gov.rs\/sq\/fondi-pio-ka-sjellur-rregullore-te-re-ne-te-ardhmen-ne-banje-vetem-nje-here\/#breadcrumb","itemListElement":[{"@type":"ListItem","position":1,"name":"\u041f\u043e\u0447\u0435\u0442\u043d\u0430","item":"https:\/\/kt.gov.rs\/sq\/"},{"@type":"ListItem","position":2,"name":"FONDI PIO KA SJELLUR RREGULLORE T\u00cb RE, N\u00cb T\u00cb ARDHMEN N\u00cb BANJ\u00cb VET\u00cbM NJ\u00cb HER\u00cb"}]},{"@type":"WebSite","@id":"https:\/\/kt.gov.rs\/#website","url":"https:\/\/kt.gov.rs\/","name":"\u041a\u043e\u043e\u0440\u0434\u0438\u043d\u0430\u0446\u0438\u043e\u043d\u043e \u0442\u0435\u043b\u043e \u0412\u043b\u0430\u0434\u0435 \u0420\u0435\u043f\u0443\u0431\u043b\u0438\u043a\u0435 \u0421\u0440\u0431\u0438\u0458\u0435 \u0437\u0430 \u043e\u043f\u0448\u0442\u0438\u043d\u0435 \u041f\u0440\u0435\u0448\u0435\u0432\u043e, \u0411\u0443\u0458\u0430\u043d\u043e\u0432\u0430\u0446 \u0438 \u041c\u0435\u0434\u0432\u0435\u0452a","description":"","publisher":{"@id":"https:\/\/kt.gov.rs\/#organization"},"alternateName":"\u041a\u043e\u043e\u0440\u0434\u0438\u043d\u0430\u0446\u0438\u043e\u043d\u043e \u0442\u0435\u043b\u043e","potentialAction":[{"@type":"SearchAction","target":{"@type":"EntryPoint","urlTemplate":"https:\/\/kt.gov.rs\/?s={search_term_string}"},"query-input":{"@type":"PropertyValueSpecification","valueRequired":true,"valueName":"search_term_string"}}],"inLanguage":"sq-AL"},{"@type":"Organization","@id":"https:\/\/kt.gov.rs\/#organization","name":"\u041a\u043e\u043e\u0440\u0434\u0438\u043d\u0430\u0446\u0438\u043e\u043d\u043e \u0442\u0435\u043b\u043e \u0412\u043b\u0430\u0434\u0435 \u0420\u0435\u043f\u0443\u0431\u043b\u0438\u043a\u0435 \u0421\u0440\u0431\u0438\u0458\u0435 \u0437\u0430 \u043e\u043f\u0448\u0442\u0438\u043d\u0435 \u041f\u0440\u0435\u0448\u0435\u0432\u043e, \u0411\u0443\u0458\u0430\u043d\u043e\u0432\u0430\u0446 \u0438 \u041c\u0435\u0434\u0432\u0435\u0452a","alternateName":"\u041a\u043e\u043e\u0440\u0434\u0438\u043d\u0430\u0446\u0438\u043e\u043d\u043e \u0442\u0435\u043b\u043e","url":"https:\/\/kt.gov.rs\/","logo":{"@type":"ImageObject","inLanguage":"sq-AL","@id":"https:\/\/kt.gov.rs\/#\/schema\/logo\/image\/","url":"https:\/\/kt.gov.rs\/wp-content\/uploads\/2024\/12\/koord2.jpg","contentUrl":"https:\/\/kt.gov.rs\/wp-content\/uploads\/2024\/12\/koord2.jpg","width":640,"height":480,"caption":"\u041a\u043e\u043e\u0440\u0434\u0438\u043d\u0430\u0446\u0438\u043e\u043d\u043e \u0442\u0435\u043b\u043e \u0412\u043b\u0430\u0434\u0435 \u0420\u0435\u043f\u0443\u0431\u043b\u0438\u043a\u0435 \u0421\u0440\u0431\u0438\u0458\u0435 \u0437\u0430 \u043e\u043f\u0448\u0442\u0438\u043d\u0435 \u041f\u0440\u0435\u0448\u0435\u0432\u043e, \u0411\u0443\u0458\u0430\u043d\u043e\u0432\u0430\u0446 \u0438 \u041c\u0435\u0434\u0432\u0435\u0452a"},"image":{"@id":"https:\/\/kt.gov.rs\/#\/schema\/logo\/image\/"},"sameAs":["https:\/\/www.facebook.com\/SluzbaKoordinacionogTelaVladeRepublikeSrbije","https:\/\/x.com\/kt_gov","https:\/\/www.youtube.com\/@koordinacionotelo"]},{"@type":"Person","@id":"https:\/\/kt.gov.rs\/#\/schema\/person\/e426459ddb4173309103390602694571","name":"ktmin","image":{"@type":"ImageObject","inLanguage":"sq-AL","@id":"https:\/\/secure.gravatar.com\/avatar\/3985c961109853010c3fbc7ba30365bfba5db3dd6c525831d9c595c7525a615a?s=96&d=mm&r=g","url":"https:\/\/secure.gravatar.com\/avatar\/3985c961109853010c3fbc7ba30365bfba5db3dd6c525831d9c595c7525a615a?s=96&d=mm&r=g","contentUrl":"https:\/\/secure.gravatar.com\/avatar\/3985c961109853010c3fbc7ba30365bfba5db3dd6c525831d9c595c7525a615a?s=96&d=mm&r=g","caption":"ktmin"},"sameAs":["https:\/\/kt.gov.rs"],"url":"https:\/\/kt.gov.rs\/sq\/author\/ktmin\/"}]}},"_links":{"self":[{"href":"https:\/\/kt.gov.rs\/sq\/wp-json\/wp\/v2\/posts\/111695","targetHints":{"allow":["GET"]}}],"collection":[{"href":"https:\/\/kt.gov.rs\/sq\/wp-json\/wp\/v2\/posts"}],"about":[{"href":"https:\/\/kt.gov.rs\/sq\/wp-json\/wp\/v2\/types\/post"}],"author":[{"embeddable":true,"href":"https:\/\/kt.gov.rs\/sq\/wp-json\/wp\/v2\/users\/1"}],"replies":[{"embeddable":true,"href":"https:\/\/kt.gov.rs\/sq\/wp-json\/wp\/v2\/comments?post=111695"}],"version-history":[{"count":1,"href":"https:\/\/kt.gov.rs\/sq\/wp-json\/wp\/v2\/posts\/111695\/revisions"}],"predecessor-version":[{"id":111699,"href":"https:\/\/kt.gov.rs\/sq\/wp-json\/wp\/v2\/posts\/111695\/revisions\/111699"}],"wp:featuredmedia":[{"embeddable":true,"href":"https:\/\/kt.gov.rs\/sq\/wp-json\/wp\/v2\/media\/111700"}],"wp:attachment":[{"href":"https:\/\/kt.gov.rs\/sq\/wp-json\/wp\/v2\/media?parent=111695"}],"wp:term":[{"taxonomy":"category","embeddable":true,"href":"https:\/\/kt.gov.rs\/sq\/wp-json\/wp\/v2\/categories?post=111695"},{"taxonomy":"post_tag","embeddable":true,"href":"https:\/\/kt.gov.rs\/sq\/wp-json\/wp\/v2\/tags?post=111695"}],"curies":[{"name":"wp","href":"https:\/\/api.w.org\/{rel}","templated":true}]}}