{"id":111156,"date":"2021-01-21T00:00:00","date_gmt":"2021-01-21T00:00:00","guid":{"rendered":"http:\/\/kt.printandscreen.rs\/ne-bujanoc-ka-filluar-imunizimi-kunder-korona-virusit\/"},"modified":"2024-07-30T18:02:29","modified_gmt":"2024-07-30T18:02:29","slug":"ne-bujanoc-ka-filluar-imunizimi-kunder-korona-virusit","status":"publish","type":"post","link":"https:\/\/kt.gov.rs\/sq\/ne-bujanoc-ka-filluar-imunizimi-kunder-korona-virusit\/","title":{"rendered":"N\u00cb BUJANOC KA FILLUAR IMUNIZIMI KUND\u00cbR KORONA VIRUSIT"},"content":{"rendered":"<p>\n\t<strong><img decoding=\"async\" alt=\"\" src=\"https:\/\/kt.gov.rs\/wp-content\/uploads\/2024\/07\/1611217958_21012021_01-4.jpg\" style=\"width: 315px; height: 230px; float: left;\" \/><\/strong><strong>Bujanoc \u2013<\/strong> Imunizimi masiv i banor\u00ebve t\u00eb Bujanocit kund\u00ebr koronavirusit ka filluar t\u00eb m\u00ebrkur\u00ebn n\u00eb m\u00ebngjes n\u00eb hap\u00ebsirat e Fakultetit Ekonomik.<\/p>\n<p>\n\tVaksina duhet t&#39;u jepet 56 personave q\u00eb jan\u00eb regjistruar elektronikisht n\u00eb uebfaqen E-uprava.\u00a0 Banor\u00ebt e Bujanocit do t\u00eb marrin vaksin\u00ebn kineze.<\/p>\n<p>\n\tN\u00eb fillim t\u00eb list\u00ebs kan\u00eb qen\u00eb persona t\u00eb t\u00eb gjitha moshave, nga m\u00eb i vjetri ilindur n\u00eb vitin 1931, deri tek m\u00eb riu i lindur n\u00eb 2001.<\/p>\n<p>\n\tSipas drejtoresh\u00ebs s\u00eb Sht\u00ebpis\u00eb s\u00eb Sh\u00ebndetit, Dr. Daliborka Pavlovi\u0107, nga instanca t\u00eb larta kan\u00eb sjellur vendim q\u00eb vaksinimi t\u00eb kryhet ekskluzivisht n\u00eb baz\u00eb t\u00eb aplikimeve elektronike, n\u00eb m\u00ebnyr\u00eb q\u00eb thirrja e Sht\u00ebpis\u00eb s\u00eb Sh\u00ebndetit p\u00ebr qytetar\u00ebt m\u00eb t\u00eb vjet\u00ebr se 75 vje\u00e7 dhe \u00a0pacient\u00ebt kronik\u00eb m\u00eb nuk \u00ebsht\u00eb aktuale.<\/p>\n<p>\n\t&quot;Sht\u00ebpia e Sh\u00ebndetit s\u00eb fundmi d\u00ebrgoi nj\u00eb ftes\u00eb p\u00ebr q\u00ebllim t\u00eb organizimit n\u00eb koh\u00eb qytetar\u00ebt t\u00eb kontaktojn\u00eb mjek\u00ebt e p\u00ebrzgjedhur p\u00ebr vaksinim, por \u00ebsht\u00eb prap vendim p\u00ebrfundimtar<\/p>\n<p>\n\ti autoriteteve q\u00eb gjith\u00e7ka kalon p\u00ebrmes aplikimeve elektronike. E mor\u00ebm t\u00eb par\u00ebn list\u00eb me 56 persona, ne i kemi kontaktuar t\u00eb gjith\u00eb ata individualisht dhe kemi informuar p\u00ebr datat dhe<\/p>\n<p>\n\tvendi i vaksinimit, me njoftime automatike t\u00eb marra n\u00eb baz\u00eb t\u00eb aplikacioneve &quot;, tha dr Pavloviq.<\/p>\n<p>\n\tDy ekipe a jan\u00eb caktuar, me nj\u00eb mjek dhe dy teknik\u00eb mjek\u00ebsor\u00eb, dhe para vaksinimit mjeku kreu nj\u00eb kontrollimin, p\u00ebrcaktoi indikacionin ose kund\u00ebrindikacionin, pastaj tekniku sh\u00ebnoi t\u00eb dh\u00ebnat n\u00eb sistemin elektronik, dhe m\u00eb pas vijoi vaksinimi.<\/p>\n<p>\n\tDr. Pavloviov tha se krijohet p\u00ebrshtypja se \u00ebsht\u00eb nj\u00eb vaksin\u00eb kineze t\u00eb cil\u00ebn bujanocasit do ta marrin, \u00ebsht\u00eb m\u00eb e thjeshta p\u00ebr tu marr\u00eb.<\/p>\n<p>\n\t&quot;Merret n\u00eb dy doza, me nj\u00eb interval prej 14 deri n\u00eb 28 dit\u00eb. Kemi nj\u00eb num\u00ebr t\u00eb caktuar doza, jo vet\u00ebm 56, dhe ne presim d\u00ebrgesa t\u00eb reja &quot;, tha ajo.<\/p>\n<p>\n\tMustafa Xhemaili nga Bujanoci, i cili ka lindur n\u00eb vitin 1939, \u00ebsht\u00eb nd\u00ebr t\u00eb par\u00ebt mor\u00ebn vaksin\u00ebn, dhe deri n\u00eb or\u00ebn 11 u vaksinuan rreth 30 persona nga Bujanoci.<\/p>\n<p>\n\t<strong>Burimi: Bujanova\u00e7ke dhe Trupi Koordinues <\/strong><\/p>\n<p>\n\t\u00a0<\/p>\n","protected":false},"excerpt":{"rendered":"<p>Bujanoc \u2013\u00a0Imunizimi masiv i banor\u00ebve t\u00eb Bujanocit kund\u00ebr koronavirusit ka filluar t\u00eb m\u00ebrkur\u00ebn n\u00eb m\u00ebngjes n\u00eb hap\u00ebsirat e Fakultetit Ekonomik.<\/p>\n","protected":false},"author":1,"featured_media":111161,"comment_status":"closed","ping_status":"closed","sticky":false,"template":"","format":"standard","meta":{"footnotes":""},"categories":[55],"tags":[],"class_list":["post-111156","post","type-post","status-publish","format-standard","has-post-thumbnail","hentry","category-lajme"],"yoast_head":"<!-- This site is optimized with the Yoast SEO plugin v27.5 - https:\/\/yoast.com\/product\/yoast-seo-wordpress\/ -->\n<title>N\u00cb BUJANOC KA FILLUAR IMUNIZIMI KUND\u00cbR KORONA VIRUSIT - Republika e S\u00ebrbis\u00eb Trupi Koordinues p\u00ebr komunat Bujanoc, Preshev\u00eb dhe Medvegj\u00eb<\/title>\n<meta name=\"robots\" content=\"index, follow, max-snippet:-1, max-image-preview:large, max-video-preview:-1\" \/>\n<link rel=\"canonical\" href=\"https:\/\/kt.gov.rs\/sq\/ne-bujanoc-ka-filluar-imunizimi-kunder-korona-virusit\/\" \/>\n<meta property=\"og:locale\" content=\"sq_AL\" \/>\n<meta property=\"og:type\" content=\"article\" \/>\n<meta property=\"og:title\" content=\"N\u00cb BUJANOC KA FILLUAR IMUNIZIMI KUND\u00cbR KORONA VIRUSIT - Republika e S\u00ebrbis\u00eb Trupi Koordinues p\u00ebr komunat Bujanoc, Preshev\u00eb dhe Medvegj\u00eb\" \/>\n<meta property=\"og:description\" content=\"Bujanoc -\u00a0Imunizimi masiv i banor\u00ebve t\u00eb Bujanocit kund\u00ebr koronavirusit ka filluar t\u00eb m\u00ebrkur\u00ebn n\u00eb m\u00ebngjes n\u00eb hap\u00ebsirat e Fakultetit Ekonomik.\" \/>\n<meta property=\"og:url\" content=\"https:\/\/kt.gov.rs\/sq\/ne-bujanoc-ka-filluar-imunizimi-kunder-korona-virusit\/\" \/>\n<meta property=\"og:site_name\" content=\"Republika e S\u00ebrbis\u00eb Trupi Koordinues p\u00ebr komunat Bujanoc, Preshev\u00eb dhe Medvegj\u00eb\" \/>\n<meta property=\"article:publisher\" content=\"https:\/\/www.facebook.com\/SluzbaKoordinacionogTelaVladeRepublikeSrbije\" \/>\n<meta property=\"article:published_time\" content=\"2021-01-21T00:00:00+00:00\" \/>\n<meta property=\"article:modified_time\" content=\"2024-07-30T18:02:29+00:00\" \/>\n<meta property=\"og:image\" content=\"https:\/\/kt.gov.rs\/wp-content\/uploads\/2024\/07\/1611217958_21012021_01-5.jpg\" \/>\n\t<meta property=\"og:image:width\" content=\"315\" \/>\n\t<meta property=\"og:image:height\" content=\"230\" \/>\n\t<meta property=\"og:image:type\" content=\"image\/jpeg\" \/>\n<meta name=\"author\" content=\"ktmin\" \/>\n<meta name=\"twitter:card\" content=\"summary_large_image\" \/>\n<meta name=\"twitter:creator\" content=\"@kt_gov\" \/>\n<meta name=\"twitter:site\" content=\"@kt_gov\" \/>\n<meta name=\"twitter:label1\" content=\"Written by\" \/>\n\t<meta name=\"twitter:data1\" content=\"ktmin\" \/>\n\t<meta name=\"twitter:label2\" content=\"Est. reading time\" \/>\n\t<meta name=\"twitter:data2\" content=\"3 minutes\" \/>\n<script type=\"application\/ld+json\" class=\"yoast-schema-graph\">{\"@context\":\"https:\\\/\\\/schema.org\",\"@graph\":[{\"@type\":\"Article\",\"@id\":\"https:\\\/\\\/kt.gov.rs\\\/sq\\\/ne-bujanoc-ka-filluar-imunizimi-kunder-korona-virusit\\\/#article\",\"isPartOf\":{\"@id\":\"https:\\\/\\\/kt.gov.rs\\\/sq\\\/ne-bujanoc-ka-filluar-imunizimi-kunder-korona-virusit\\\/\"},\"author\":{\"name\":\"ktmin\",\"@id\":\"https:\\\/\\\/kt.gov.rs\\\/#\\\/schema\\\/person\\\/e426459ddb4173309103390602694571\"},\"headline\":\"N\u00cb BUJANOC KA FILLUAR IMUNIZIMI KUND\u00cbR KORONA VIRUSIT\",\"datePublished\":\"2021-01-21T00:00:00+00:00\",\"dateModified\":\"2024-07-30T18:02:29+00:00\",\"mainEntityOfPage\":{\"@id\":\"https:\\\/\\\/kt.gov.rs\\\/sq\\\/ne-bujanoc-ka-filluar-imunizimi-kunder-korona-virusit\\\/\"},\"wordCount\":510,\"publisher\":{\"@id\":\"https:\\\/\\\/kt.gov.rs\\\/#organization\"},\"image\":{\"@id\":\"https:\\\/\\\/kt.gov.rs\\\/sq\\\/ne-bujanoc-ka-filluar-imunizimi-kunder-korona-virusit\\\/#primaryimage\"},\"thumbnailUrl\":\"https:\\\/\\\/kt.gov.rs\\\/wp-content\\\/uploads\\\/2024\\\/07\\\/1611217958_21012021_01-5.jpg\",\"articleSection\":[\"Lajme\"],\"inLanguage\":\"sq-AL\"},{\"@type\":\"WebPage\",\"@id\":\"https:\\\/\\\/kt.gov.rs\\\/sq\\\/ne-bujanoc-ka-filluar-imunizimi-kunder-korona-virusit\\\/\",\"url\":\"https:\\\/\\\/kt.gov.rs\\\/sq\\\/ne-bujanoc-ka-filluar-imunizimi-kunder-korona-virusit\\\/\",\"name\":\"N\u00cb BUJANOC KA FILLUAR IMUNIZIMI KUND\u00cbR KORONA VIRUSIT - Republika e S\u00ebrbis\u00eb Trupi Koordinues p\u00ebr komunat Bujanoc, Preshev\u00eb dhe Medvegj\u00eb\",\"isPartOf\":{\"@id\":\"https:\\\/\\\/kt.gov.rs\\\/#website\"},\"primaryImageOfPage\":{\"@id\":\"https:\\\/\\\/kt.gov.rs\\\/sq\\\/ne-bujanoc-ka-filluar-imunizimi-kunder-korona-virusit\\\/#primaryimage\"},\"image\":{\"@id\":\"https:\\\/\\\/kt.gov.rs\\\/sq\\\/ne-bujanoc-ka-filluar-imunizimi-kunder-korona-virusit\\\/#primaryimage\"},\"thumbnailUrl\":\"https:\\\/\\\/kt.gov.rs\\\/wp-content\\\/uploads\\\/2024\\\/07\\\/1611217958_21012021_01-5.jpg\",\"datePublished\":\"2021-01-21T00:00:00+00:00\",\"dateModified\":\"2024-07-30T18:02:29+00:00\",\"breadcrumb\":{\"@id\":\"https:\\\/\\\/kt.gov.rs\\\/sq\\\/ne-bujanoc-ka-filluar-imunizimi-kunder-korona-virusit\\\/#breadcrumb\"},\"inLanguage\":\"sq-AL\",\"potentialAction\":[{\"@type\":\"ReadAction\",\"target\":[\"https:\\\/\\\/kt.gov.rs\\\/sq\\\/ne-bujanoc-ka-filluar-imunizimi-kunder-korona-virusit\\\/\"]}]},{\"@type\":\"ImageObject\",\"inLanguage\":\"sq-AL\",\"@id\":\"https:\\\/\\\/kt.gov.rs\\\/sq\\\/ne-bujanoc-ka-filluar-imunizimi-kunder-korona-virusit\\\/#primaryimage\",\"url\":\"https:\\\/\\\/kt.gov.rs\\\/wp-content\\\/uploads\\\/2024\\\/07\\\/1611217958_21012021_01-5.jpg\",\"contentUrl\":\"https:\\\/\\\/kt.gov.rs\\\/wp-content\\\/uploads\\\/2024\\\/07\\\/1611217958_21012021_01-5.jpg\",\"width\":315,\"height\":230},{\"@type\":\"BreadcrumbList\",\"@id\":\"https:\\\/\\\/kt.gov.rs\\\/sq\\\/ne-bujanoc-ka-filluar-imunizimi-kunder-korona-virusit\\\/#breadcrumb\",\"itemListElement\":[{\"@type\":\"ListItem\",\"position\":1,\"name\":\"\u041f\u043e\u0447\u0435\u0442\u043d\u0430\",\"item\":\"https:\\\/\\\/kt.gov.rs\\\/sq\\\/\"},{\"@type\":\"ListItem\",\"position\":2,\"name\":\"N\u00cb BUJANOC KA FILLUAR IMUNIZIMI KUND\u00cbR KORONA VIRUSIT\"}]},{\"@type\":\"WebSite\",\"@id\":\"https:\\\/\\\/kt.gov.rs\\\/#website\",\"url\":\"https:\\\/\\\/kt.gov.rs\\\/\",\"name\":\"\u041a\u043e\u043e\u0440\u0434\u0438\u043d\u0430\u0446\u0438\u043e\u043d\u043e \u0442\u0435\u043b\u043e \u0412\u043b\u0430\u0434\u0435 \u0420\u0435\u043f\u0443\u0431\u043b\u0438\u043a\u0435 \u0421\u0440\u0431\u0438\u0458\u0435 \u0437\u0430 \u043e\u043f\u0448\u0442\u0438\u043d\u0435 \u041f\u0440\u0435\u0448\u0435\u0432\u043e, \u0411\u0443\u0458\u0430\u043d\u043e\u0432\u0430\u0446 \u0438 \u041c\u0435\u0434\u0432\u0435\u0452a\",\"description\":\"\",\"publisher\":{\"@id\":\"https:\\\/\\\/kt.gov.rs\\\/#organization\"},\"alternateName\":\"\u041a\u043e\u043e\u0440\u0434\u0438\u043d\u0430\u0446\u0438\u043e\u043d\u043e \u0442\u0435\u043b\u043e\",\"potentialAction\":[{\"@type\":\"SearchAction\",\"target\":{\"@type\":\"EntryPoint\",\"urlTemplate\":\"https:\\\/\\\/kt.gov.rs\\\/?s={search_term_string}\"},\"query-input\":{\"@type\":\"PropertyValueSpecification\",\"valueRequired\":true,\"valueName\":\"search_term_string\"}}],\"inLanguage\":\"sq-AL\"},{\"@type\":\"Organization\",\"@id\":\"https:\\\/\\\/kt.gov.rs\\\/#organization\",\"name\":\"\u041a\u043e\u043e\u0440\u0434\u0438\u043d\u0430\u0446\u0438\u043e\u043d\u043e \u0442\u0435\u043b\u043e \u0412\u043b\u0430\u0434\u0435 \u0420\u0435\u043f\u0443\u0431\u043b\u0438\u043a\u0435 \u0421\u0440\u0431\u0438\u0458\u0435 \u0437\u0430 \u043e\u043f\u0448\u0442\u0438\u043d\u0435 \u041f\u0440\u0435\u0448\u0435\u0432\u043e, \u0411\u0443\u0458\u0430\u043d\u043e\u0432\u0430\u0446 \u0438 \u041c\u0435\u0434\u0432\u0435\u0452a\",\"alternateName\":\"\u041a\u043e\u043e\u0440\u0434\u0438\u043d\u0430\u0446\u0438\u043e\u043d\u043e \u0442\u0435\u043b\u043e\",\"url\":\"https:\\\/\\\/kt.gov.rs\\\/\",\"logo\":{\"@type\":\"ImageObject\",\"inLanguage\":\"sq-AL\",\"@id\":\"https:\\\/\\\/kt.gov.rs\\\/#\\\/schema\\\/logo\\\/image\\\/\",\"url\":\"https:\\\/\\\/kt.gov.rs\\\/wp-content\\\/uploads\\\/2024\\\/12\\\/koord2.jpg\",\"contentUrl\":\"https:\\\/\\\/kt.gov.rs\\\/wp-content\\\/uploads\\\/2024\\\/12\\\/koord2.jpg\",\"width\":640,\"height\":480,\"caption\":\"\u041a\u043e\u043e\u0440\u0434\u0438\u043d\u0430\u0446\u0438\u043e\u043d\u043e \u0442\u0435\u043b\u043e \u0412\u043b\u0430\u0434\u0435 \u0420\u0435\u043f\u0443\u0431\u043b\u0438\u043a\u0435 \u0421\u0440\u0431\u0438\u0458\u0435 \u0437\u0430 \u043e\u043f\u0448\u0442\u0438\u043d\u0435 \u041f\u0440\u0435\u0448\u0435\u0432\u043e, \u0411\u0443\u0458\u0430\u043d\u043e\u0432\u0430\u0446 \u0438 \u041c\u0435\u0434\u0432\u0435\u0452a\"},\"image\":{\"@id\":\"https:\\\/\\\/kt.gov.rs\\\/#\\\/schema\\\/logo\\\/image\\\/\"},\"sameAs\":[\"https:\\\/\\\/www.facebook.com\\\/SluzbaKoordinacionogTelaVladeRepublikeSrbije\",\"https:\\\/\\\/x.com\\\/kt_gov\",\"https:\\\/\\\/www.youtube.com\\\/@koordinacionotelo\"]},{\"@type\":\"Person\",\"@id\":\"https:\\\/\\\/kt.gov.rs\\\/#\\\/schema\\\/person\\\/e426459ddb4173309103390602694571\",\"name\":\"ktmin\",\"image\":{\"@type\":\"ImageObject\",\"inLanguage\":\"sq-AL\",\"@id\":\"https:\\\/\\\/secure.gravatar.com\\\/avatar\\\/3985c961109853010c3fbc7ba30365bfba5db3dd6c525831d9c595c7525a615a?s=96&d=mm&r=g\",\"url\":\"https:\\\/\\\/secure.gravatar.com\\\/avatar\\\/3985c961109853010c3fbc7ba30365bfba5db3dd6c525831d9c595c7525a615a?s=96&d=mm&r=g\",\"contentUrl\":\"https:\\\/\\\/secure.gravatar.com\\\/avatar\\\/3985c961109853010c3fbc7ba30365bfba5db3dd6c525831d9c595c7525a615a?s=96&d=mm&r=g\",\"caption\":\"ktmin\"},\"sameAs\":[\"https:\\\/\\\/kt.gov.rs\"],\"url\":\"https:\\\/\\\/kt.gov.rs\\\/sq\\\/author\\\/ktmin\\\/\"}]}<\/script>\n<!-- \/ Yoast SEO plugin. -->","yoast_head_json":{"title":"N\u00cb BUJANOC KA FILLUAR IMUNIZIMI KUND\u00cbR KORONA VIRUSIT - Republika e S\u00ebrbis\u00eb Trupi Koordinues p\u00ebr komunat Bujanoc, Preshev\u00eb dhe Medvegj\u00eb","robots":{"index":"index","follow":"follow","max-snippet":"max-snippet:-1","max-image-preview":"max-image-preview:large","max-video-preview":"max-video-preview:-1"},"canonical":"https:\/\/kt.gov.rs\/sq\/ne-bujanoc-ka-filluar-imunizimi-kunder-korona-virusit\/","og_locale":"sq_AL","og_type":"article","og_title":"N\u00cb BUJANOC KA FILLUAR IMUNIZIMI KUND\u00cbR KORONA VIRUSIT - Republika e S\u00ebrbis\u00eb Trupi Koordinues p\u00ebr komunat Bujanoc, Preshev\u00eb dhe Medvegj\u00eb","og_description":"Bujanoc -\u00a0Imunizimi masiv i banor\u00ebve t\u00eb Bujanocit kund\u00ebr koronavirusit ka filluar t\u00eb m\u00ebrkur\u00ebn n\u00eb m\u00ebngjes n\u00eb hap\u00ebsirat e Fakultetit Ekonomik.","og_url":"https:\/\/kt.gov.rs\/sq\/ne-bujanoc-ka-filluar-imunizimi-kunder-korona-virusit\/","og_site_name":"Republika e S\u00ebrbis\u00eb Trupi Koordinues p\u00ebr komunat Bujanoc, Preshev\u00eb dhe Medvegj\u00eb","article_publisher":"https:\/\/www.facebook.com\/SluzbaKoordinacionogTelaVladeRepublikeSrbije","article_published_time":"2021-01-21T00:00:00+00:00","article_modified_time":"2024-07-30T18:02:29+00:00","og_image":[{"width":315,"height":230,"url":"https:\/\/kt.gov.rs\/wp-content\/uploads\/2024\/07\/1611217958_21012021_01-5.jpg","type":"image\/jpeg"}],"author":"ktmin","twitter_card":"summary_large_image","twitter_creator":"@kt_gov","twitter_site":"@kt_gov","twitter_misc":{"Written by":"ktmin","Est. reading time":"3 minutes"},"schema":{"@context":"https:\/\/schema.org","@graph":[{"@type":"Article","@id":"https:\/\/kt.gov.rs\/sq\/ne-bujanoc-ka-filluar-imunizimi-kunder-korona-virusit\/#article","isPartOf":{"@id":"https:\/\/kt.gov.rs\/sq\/ne-bujanoc-ka-filluar-imunizimi-kunder-korona-virusit\/"},"author":{"name":"ktmin","@id":"https:\/\/kt.gov.rs\/#\/schema\/person\/e426459ddb4173309103390602694571"},"headline":"N\u00cb BUJANOC KA FILLUAR IMUNIZIMI KUND\u00cbR KORONA VIRUSIT","datePublished":"2021-01-21T00:00:00+00:00","dateModified":"2024-07-30T18:02:29+00:00","mainEntityOfPage":{"@id":"https:\/\/kt.gov.rs\/sq\/ne-bujanoc-ka-filluar-imunizimi-kunder-korona-virusit\/"},"wordCount":510,"publisher":{"@id":"https:\/\/kt.gov.rs\/#organization"},"image":{"@id":"https:\/\/kt.gov.rs\/sq\/ne-bujanoc-ka-filluar-imunizimi-kunder-korona-virusit\/#primaryimage"},"thumbnailUrl":"https:\/\/kt.gov.rs\/wp-content\/uploads\/2024\/07\/1611217958_21012021_01-5.jpg","articleSection":["Lajme"],"inLanguage":"sq-AL"},{"@type":"WebPage","@id":"https:\/\/kt.gov.rs\/sq\/ne-bujanoc-ka-filluar-imunizimi-kunder-korona-virusit\/","url":"https:\/\/kt.gov.rs\/sq\/ne-bujanoc-ka-filluar-imunizimi-kunder-korona-virusit\/","name":"N\u00cb BUJANOC KA FILLUAR IMUNIZIMI KUND\u00cbR KORONA VIRUSIT - Republika e S\u00ebrbis\u00eb Trupi Koordinues p\u00ebr komunat Bujanoc, Preshev\u00eb dhe Medvegj\u00eb","isPartOf":{"@id":"https:\/\/kt.gov.rs\/#website"},"primaryImageOfPage":{"@id":"https:\/\/kt.gov.rs\/sq\/ne-bujanoc-ka-filluar-imunizimi-kunder-korona-virusit\/#primaryimage"},"image":{"@id":"https:\/\/kt.gov.rs\/sq\/ne-bujanoc-ka-filluar-imunizimi-kunder-korona-virusit\/#primaryimage"},"thumbnailUrl":"https:\/\/kt.gov.rs\/wp-content\/uploads\/2024\/07\/1611217958_21012021_01-5.jpg","datePublished":"2021-01-21T00:00:00+00:00","dateModified":"2024-07-30T18:02:29+00:00","breadcrumb":{"@id":"https:\/\/kt.gov.rs\/sq\/ne-bujanoc-ka-filluar-imunizimi-kunder-korona-virusit\/#breadcrumb"},"inLanguage":"sq-AL","potentialAction":[{"@type":"ReadAction","target":["https:\/\/kt.gov.rs\/sq\/ne-bujanoc-ka-filluar-imunizimi-kunder-korona-virusit\/"]}]},{"@type":"ImageObject","inLanguage":"sq-AL","@id":"https:\/\/kt.gov.rs\/sq\/ne-bujanoc-ka-filluar-imunizimi-kunder-korona-virusit\/#primaryimage","url":"https:\/\/kt.gov.rs\/wp-content\/uploads\/2024\/07\/1611217958_21012021_01-5.jpg","contentUrl":"https:\/\/kt.gov.rs\/wp-content\/uploads\/2024\/07\/1611217958_21012021_01-5.jpg","width":315,"height":230},{"@type":"BreadcrumbList","@id":"https:\/\/kt.gov.rs\/sq\/ne-bujanoc-ka-filluar-imunizimi-kunder-korona-virusit\/#breadcrumb","itemListElement":[{"@type":"ListItem","position":1,"name":"\u041f\u043e\u0447\u0435\u0442\u043d\u0430","item":"https:\/\/kt.gov.rs\/sq\/"},{"@type":"ListItem","position":2,"name":"N\u00cb BUJANOC KA FILLUAR IMUNIZIMI KUND\u00cbR KORONA VIRUSIT"}]},{"@type":"WebSite","@id":"https:\/\/kt.gov.rs\/#website","url":"https:\/\/kt.gov.rs\/","name":"\u041a\u043e\u043e\u0440\u0434\u0438\u043d\u0430\u0446\u0438\u043e\u043d\u043e \u0442\u0435\u043b\u043e \u0412\u043b\u0430\u0434\u0435 \u0420\u0435\u043f\u0443\u0431\u043b\u0438\u043a\u0435 \u0421\u0440\u0431\u0438\u0458\u0435 \u0437\u0430 \u043e\u043f\u0448\u0442\u0438\u043d\u0435 \u041f\u0440\u0435\u0448\u0435\u0432\u043e, \u0411\u0443\u0458\u0430\u043d\u043e\u0432\u0430\u0446 \u0438 \u041c\u0435\u0434\u0432\u0435\u0452a","description":"","publisher":{"@id":"https:\/\/kt.gov.rs\/#organization"},"alternateName":"\u041a\u043e\u043e\u0440\u0434\u0438\u043d\u0430\u0446\u0438\u043e\u043d\u043e \u0442\u0435\u043b\u043e","potentialAction":[{"@type":"SearchAction","target":{"@type":"EntryPoint","urlTemplate":"https:\/\/kt.gov.rs\/?s={search_term_string}"},"query-input":{"@type":"PropertyValueSpecification","valueRequired":true,"valueName":"search_term_string"}}],"inLanguage":"sq-AL"},{"@type":"Organization","@id":"https:\/\/kt.gov.rs\/#organization","name":"\u041a\u043e\u043e\u0440\u0434\u0438\u043d\u0430\u0446\u0438\u043e\u043d\u043e \u0442\u0435\u043b\u043e \u0412\u043b\u0430\u0434\u0435 \u0420\u0435\u043f\u0443\u0431\u043b\u0438\u043a\u0435 \u0421\u0440\u0431\u0438\u0458\u0435 \u0437\u0430 \u043e\u043f\u0448\u0442\u0438\u043d\u0435 \u041f\u0440\u0435\u0448\u0435\u0432\u043e, \u0411\u0443\u0458\u0430\u043d\u043e\u0432\u0430\u0446 \u0438 \u041c\u0435\u0434\u0432\u0435\u0452a","alternateName":"\u041a\u043e\u043e\u0440\u0434\u0438\u043d\u0430\u0446\u0438\u043e\u043d\u043e \u0442\u0435\u043b\u043e","url":"https:\/\/kt.gov.rs\/","logo":{"@type":"ImageObject","inLanguage":"sq-AL","@id":"https:\/\/kt.gov.rs\/#\/schema\/logo\/image\/","url":"https:\/\/kt.gov.rs\/wp-content\/uploads\/2024\/12\/koord2.jpg","contentUrl":"https:\/\/kt.gov.rs\/wp-content\/uploads\/2024\/12\/koord2.jpg","width":640,"height":480,"caption":"\u041a\u043e\u043e\u0440\u0434\u0438\u043d\u0430\u0446\u0438\u043e\u043d\u043e \u0442\u0435\u043b\u043e \u0412\u043b\u0430\u0434\u0435 \u0420\u0435\u043f\u0443\u0431\u043b\u0438\u043a\u0435 \u0421\u0440\u0431\u0438\u0458\u0435 \u0437\u0430 \u043e\u043f\u0448\u0442\u0438\u043d\u0435 \u041f\u0440\u0435\u0448\u0435\u0432\u043e, \u0411\u0443\u0458\u0430\u043d\u043e\u0432\u0430\u0446 \u0438 \u041c\u0435\u0434\u0432\u0435\u0452a"},"image":{"@id":"https:\/\/kt.gov.rs\/#\/schema\/logo\/image\/"},"sameAs":["https:\/\/www.facebook.com\/SluzbaKoordinacionogTelaVladeRepublikeSrbije","https:\/\/x.com\/kt_gov","https:\/\/www.youtube.com\/@koordinacionotelo"]},{"@type":"Person","@id":"https:\/\/kt.gov.rs\/#\/schema\/person\/e426459ddb4173309103390602694571","name":"ktmin","image":{"@type":"ImageObject","inLanguage":"sq-AL","@id":"https:\/\/secure.gravatar.com\/avatar\/3985c961109853010c3fbc7ba30365bfba5db3dd6c525831d9c595c7525a615a?s=96&d=mm&r=g","url":"https:\/\/secure.gravatar.com\/avatar\/3985c961109853010c3fbc7ba30365bfba5db3dd6c525831d9c595c7525a615a?s=96&d=mm&r=g","contentUrl":"https:\/\/secure.gravatar.com\/avatar\/3985c961109853010c3fbc7ba30365bfba5db3dd6c525831d9c595c7525a615a?s=96&d=mm&r=g","caption":"ktmin"},"sameAs":["https:\/\/kt.gov.rs"],"url":"https:\/\/kt.gov.rs\/sq\/author\/ktmin\/"}]}},"_links":{"self":[{"href":"https:\/\/kt.gov.rs\/sq\/wp-json\/wp\/v2\/posts\/111156","targetHints":{"allow":["GET"]}}],"collection":[{"href":"https:\/\/kt.gov.rs\/sq\/wp-json\/wp\/v2\/posts"}],"about":[{"href":"https:\/\/kt.gov.rs\/sq\/wp-json\/wp\/v2\/types\/post"}],"author":[{"embeddable":true,"href":"https:\/\/kt.gov.rs\/sq\/wp-json\/wp\/v2\/users\/1"}],"replies":[{"embeddable":true,"href":"https:\/\/kt.gov.rs\/sq\/wp-json\/wp\/v2\/comments?post=111156"}],"version-history":[{"count":1,"href":"https:\/\/kt.gov.rs\/sq\/wp-json\/wp\/v2\/posts\/111156\/revisions"}],"predecessor-version":[{"id":111160,"href":"https:\/\/kt.gov.rs\/sq\/wp-json\/wp\/v2\/posts\/111156\/revisions\/111160"}],"wp:featuredmedia":[{"embeddable":true,"href":"https:\/\/kt.gov.rs\/sq\/wp-json\/wp\/v2\/media\/111161"}],"wp:attachment":[{"href":"https:\/\/kt.gov.rs\/sq\/wp-json\/wp\/v2\/media?parent=111156"}],"wp:term":[{"taxonomy":"category","embeddable":true,"href":"https:\/\/kt.gov.rs\/sq\/wp-json\/wp\/v2\/categories?post=111156"},{"taxonomy":"post_tag","embeddable":true,"href":"https:\/\/kt.gov.rs\/sq\/wp-json\/wp\/v2\/tags?post=111156"}],"curies":[{"name":"wp","href":"https:\/\/api.w.org\/{rel}","templated":true}]}}