{"id":111084,"date":"2021-01-26T00:00:00","date_gmt":"2021-01-26T00:00:00","guid":{"rendered":"http:\/\/kt.printandscreen.rs\/mbi-menaxhimin-e-karrieres-gjate-pandemise-ftese-per-ngjarjen-youth2business-afati-1-shkurt-2021\/"},"modified":"2024-07-30T18:02:23","modified_gmt":"2024-07-30T18:02:23","slug":"mbi-menaxhimin-e-karrieres-gjate-pandemise-ftese-per-ngjarjen-youth2business-afati-1-shkurt-2021","status":"publish","type":"post","link":"https:\/\/kt.gov.rs\/sq\/mbi-menaxhimin-e-karrieres-gjate-pandemise-ftese-per-ngjarjen-youth2business-afati-1-shkurt-2021\/","title":{"rendered":"MBI MENAXHIMIN E KARRIER\u00cbS GJAT\u00cb PANDEMIS\u00cb:FTES\u00cb P\u00cbR NGJARJEN YOUTH2BUSINESS (AFATI 1 SHKURT 2021)"},"content":{"rendered":"<p>\n\t<img decoding=\"async\" alt=\"\" src=\"https:\/\/kt.gov.rs\/wp-content\/uploads\/2024\/07\/1611649914_260121_1-4.jpg\" style=\"width: 315px; height: 230px; float: left;\" \/><\/p>\n<p>\n\tNgjarja e tet\u00eb Youth2Business me titull &quot;Zhvillimi i Karrier\u00ebs n\u00eb\u00a0 koh\u00ebn e pandemis\u00eb&quot; do t\u00eb mbahet m\u00eb 2 shkurt 2021 n\u00eb formatin online, duke filluar nga ora 20:00.<\/p>\n<p>\n\tNgjarja Youth2Business synon t\u00eb bashkoj\u00eb t\u00eb rinjt\u00eb dhe p\u00ebrfaq\u00ebsuesit e sektorit t\u00eb biznesit dhe k\u00ebshtu t&#39;u jap\u00eb atyre mund\u00ebsin\u00eb t\u00eb lidhen, t\u00eb m\u00ebsojn\u00eb rreth trendeve t\u00eb reja, por edhe t\u00eb d\u00ebgjojn\u00eb m\u00eb shum\u00eb p\u00ebr p\u00ebrvojat e njer\u00ebzve t\u00eb suksessh\u00ebm dhe sip\u00ebrmarrjeve t\u00eb ndryshme t\u00eb biznesit n\u00eb Serbi.<\/p>\n<p>\n\tFol\u00ebsit n\u00eb ngjarjen e k\u00ebtij viti Youth2Business do t\u00eb flasin me pjes\u00ebmarr\u00ebsit e interesuar rreth asaj se si pandemia ka prekur t\u00eb rinjt\u00eb dhe karrier\u00ebn e tyre, por gjithashtu edhe sesi ka ndikuar n\u00eb pun\u00ebsimin e t\u00eb rinjve n\u00eb kompani dhe zhvillimin e nd\u00ebrmarrjes.Duke biseduar me pjes\u00ebmarr\u00ebsit, fol\u00ebsit do t\u00eb ndajn\u00eb p\u00ebrvojat e tyre, do t&#39;i ndihmojn\u00eb ata t\u00eb zgjidhin dilemat e tyre dhe t&#39;u tregojn\u00eb atyre se si t\u00eb menaxhojn\u00eb karrier\u00ebn e tyre n\u00eb m\u00ebnyr\u00eb m\u00eb efikase n\u00eb k\u00ebt\u00eb koh\u00eb t\u00eb pasigurt. Q\u00ebllimi i ngjarjes \u00ebsht\u00eb t\u00eb inkurajoj\u00eb t\u00eb rinjt\u00eb t\u00eb vazhdojn\u00eb t\u00eb punojn\u00eb n\u00eb zhvillimin e aft\u00ebsive t\u00eb tyre t\u00eb menaxhimit t\u00eb karrier\u00ebs, pavar\u00ebsisht n\u00ebse ata e shohin fillimin e karrier\u00ebs s\u00eb tyre n\u00eb nj\u00eb kompani, kompani apo nj\u00eb kompani fillestare.<\/p>\n<p>\n\tNgjarja do t\u00eb zhvillohet p\u00ebrmes platform\u00ebs ZOOM, nd\u00ebrsa pjes\u00ebmarr\u00ebsit do t\u00eb ndahen n\u00eb kat\u00ebr grupe. Secili fol\u00ebs do t\u00eb ket\u00eb 20 minuta p\u00ebr grup. Kjo ngjarje \u00ebsht\u00eb menduar p\u00ebr student\u00ebt e t\u00eb gjitha viteve t\u00eb studimit q\u00eb duan n\u00eb nj\u00eb atmosfer\u00eb interaktive t\u00eb d\u00ebgjojn\u00eb m\u00eb shum\u00eb p\u00ebr r\u00ebnd\u00ebsin\u00eb e menaxhimit t\u00eb karrier\u00ebs dhe t\u00eb b\u00ebjn\u00eb pyetje n\u00eb lidhje me zhvillimin e karrier\u00ebs ekspert\u00ebve nga fusha t\u00eb ndryshme!<\/p>\n<p>\n\tN\u00eb at\u00eb m\u00ebnyr\u00eb t\u00eb rinjt\u00eb do t\u00eb ken\u00eb mund\u00ebsin\u00eb t\u00eb flasin me fol\u00ebsit q\u00eb vijn\u00eb nga industri dhe deg\u00eb t\u00eb ndryshme, t\u00eb cil\u00ebt me p\u00ebrvoj\u00ebn dhe pozicionin e tyre mund t\u00eb kontribuojn\u00eb m\u00eb shum\u00eb n\u00eb zhvillimin e tyre profesional, p\u00ebr t\u00eb shk\u00ebmbyer p\u00ebrvoja, por edhe p\u00ebr t\u00eb marr\u00eb m\u00eb shum\u00eb informacion n\u00eb lidhje me bizneset e suksesshme . Nga ana tjet\u00ebr, p\u00ebrfaq\u00ebsuesit e kompanive dhe organizatave do t\u00eb ken\u00eb mund\u00ebsin\u00eb t\u00eb takojn\u00eb t\u00eb rinj me t\u00eb cil\u00ebt ata potencialisht do t\u00eb bashk\u00ebpunojn\u00eb n\u00eb t\u00eb ardhmen.<\/p>\n<p>\n\tJu mund t\u00eb regjistroheni p\u00ebr t\u00eb marr\u00eb pjes\u00eb n\u00eb ngjarje duke plot\u00ebsuar pyet\u00ebsorin n\u00eb <a href=\"https:\/\/docs.google.com\/forms\/d\/e\/1FAIpQLSdtksBssh90eXzT9wXXwBpVdq5Z0nS2Gz1MORBrsgSd2SqXMQ\/viewform\">https:\/\/docs.google.com\/forms\/d\/e\/1FAIpQLSdtksBssh90eXzT9wXXwBpVdq5Z0nS2Gz1MORBrsgSd2SqXMQ\/viewform<\/a>. Ju mund t\u00eb regjistroheni p\u00ebr ngjarjen deri t\u00eb h\u00ebn\u00ebn me\u00a0 1 shkurt n\u00eb or\u00ebn 12, nd\u00ebrsa t\u00eb gjith\u00eb kandidat\u00ebt e regjistruar, n\u00eb t\u00eb nj\u00ebjt\u00ebn dit\u00eb do t\u00eb njoftohen p\u00ebr rezultatin e regjistrimit t\u00eb tyre.<\/p>\n<p>\n\tShfryt\u00ebzoni rastin p\u00ebr t\u00eb fituar aft\u00ebsi dhe njohuri t\u00eb reja p\u00ebr t\u00eb p\u00ebrmir\u00ebsuar rrug\u00ebn tuaj t\u00eb karrier\u00ebs, por edhe p\u00ebr t\u00eb takuar njer\u00ebz shum\u00eb t\u00eb suksessh\u00ebm nga t\u00eb cil\u00ebt mund t\u00eb m\u00ebsoni shum\u00eb!<\/p>\n<p>\n\t<strong>Burimi: NajStudent.com\u00a0 dhe Trupi koordinues<\/strong><\/p>\n<p>\n\t\u00a0<\/p>\n","protected":false},"excerpt":{"rendered":"<p>Ngjarja e tet\u00eb Youth2Business me titull &quot;Zhvillimi i Karrier\u00ebs n\u00eb\u00a0 koh\u00ebn e pandemis\u00eb&quot; do t\u00eb mbahet m\u00eb 2 shkurt 2021 n\u00eb formatin online, duke filluar nga ora 20:00.<\/p>\n","protected":false},"author":1,"featured_media":111089,"comment_status":"closed","ping_status":"closed","sticky":false,"template":"","format":"standard","meta":{"footnotes":""},"categories":[55],"tags":[],"class_list":["post-111084","post","type-post","status-publish","format-standard","has-post-thumbnail","hentry","category-lajme"],"yoast_head":"<!-- This site is optimized with the Yoast SEO plugin v27.5 - https:\/\/yoast.com\/product\/yoast-seo-wordpress\/ -->\n<title>MBI MENAXHIMIN E KARRIER\u00cbS GJAT\u00cb PANDEMIS\u00cb:FTES\u00cb P\u00cbR NGJARJEN YOUTH2BUSINESS (AFATI 1 SHKURT 2021) - Republika e S\u00ebrbis\u00eb Trupi Koordinues p\u00ebr komunat Bujanoc, Preshev\u00eb dhe Medvegj\u00eb<\/title>\n<meta name=\"robots\" content=\"index, follow, max-snippet:-1, max-image-preview:large, max-video-preview:-1\" \/>\n<link rel=\"canonical\" href=\"https:\/\/kt.gov.rs\/sq\/mbi-menaxhimin-e-karrieres-gjate-pandemise-ftese-per-ngjarjen-youth2business-afati-1-shkurt-2021\/\" \/>\n<meta property=\"og:locale\" content=\"sq_AL\" \/>\n<meta property=\"og:type\" content=\"article\" \/>\n<meta property=\"og:title\" content=\"MBI MENAXHIMIN E KARRIER\u00cbS GJAT\u00cb PANDEMIS\u00cb:FTES\u00cb P\u00cbR NGJARJEN YOUTH2BUSINESS (AFATI 1 SHKURT 2021) - Republika e S\u00ebrbis\u00eb Trupi Koordinues p\u00ebr komunat Bujanoc, Preshev\u00eb dhe Medvegj\u00eb\" \/>\n<meta property=\"og:description\" content=\"Ngjarja e tet\u00eb Youth2Business me titull &quot;Zhvillimi i Karrier\u00ebs n\u00eb\u00a0 koh\u00ebn e pandemis\u00eb&quot; do t\u00eb mbahet m\u00eb 2 shkurt 2021 n\u00eb formatin online, duke filluar nga ora 20:00.\" \/>\n<meta property=\"og:url\" content=\"https:\/\/kt.gov.rs\/sq\/mbi-menaxhimin-e-karrieres-gjate-pandemise-ftese-per-ngjarjen-youth2business-afati-1-shkurt-2021\/\" \/>\n<meta property=\"og:site_name\" content=\"Republika e S\u00ebrbis\u00eb Trupi Koordinues p\u00ebr komunat Bujanoc, Preshev\u00eb dhe Medvegj\u00eb\" \/>\n<meta property=\"article:publisher\" content=\"https:\/\/www.facebook.com\/SluzbaKoordinacionogTelaVladeRepublikeSrbije\" \/>\n<meta property=\"article:published_time\" content=\"2021-01-26T00:00:00+00:00\" \/>\n<meta property=\"article:modified_time\" content=\"2024-07-30T18:02:23+00:00\" \/>\n<meta property=\"og:image\" content=\"https:\/\/kt.gov.rs\/wp-content\/uploads\/2024\/07\/1611649914_260121_1-5.jpg\" \/>\n\t<meta property=\"og:image:width\" content=\"315\" \/>\n\t<meta property=\"og:image:height\" content=\"230\" \/>\n\t<meta property=\"og:image:type\" content=\"image\/jpeg\" \/>\n<meta name=\"author\" content=\"ktmin\" \/>\n<meta name=\"twitter:card\" content=\"summary_large_image\" \/>\n<meta name=\"twitter:creator\" content=\"@kt_gov\" \/>\n<meta name=\"twitter:site\" content=\"@kt_gov\" \/>\n<meta name=\"twitter:label1\" content=\"Written by\" \/>\n\t<meta name=\"twitter:data1\" content=\"ktmin\" \/>\n\t<meta name=\"twitter:label2\" content=\"Est. reading time\" \/>\n\t<meta name=\"twitter:data2\" content=\"4 minutes\" \/>\n<script type=\"application\/ld+json\" class=\"yoast-schema-graph\">{\"@context\":\"https:\\\/\\\/schema.org\",\"@graph\":[{\"@type\":\"Article\",\"@id\":\"https:\\\/\\\/kt.gov.rs\\\/sq\\\/mbi-menaxhimin-e-karrieres-gjate-pandemise-ftese-per-ngjarjen-youth2business-afati-1-shkurt-2021\\\/#article\",\"isPartOf\":{\"@id\":\"https:\\\/\\\/kt.gov.rs\\\/sq\\\/mbi-menaxhimin-e-karrieres-gjate-pandemise-ftese-per-ngjarjen-youth2business-afati-1-shkurt-2021\\\/\"},\"author\":{\"name\":\"ktmin\",\"@id\":\"https:\\\/\\\/kt.gov.rs\\\/#\\\/schema\\\/person\\\/e426459ddb4173309103390602694571\"},\"headline\":\"MBI MENAXHIMIN E KARRIER\u00cbS GJAT\u00cb PANDEMIS\u00cb:FTES\u00cb P\u00cbR NGJARJEN YOUTH2BUSINESS (AFATI 1 SHKURT 2021)\",\"datePublished\":\"2021-01-26T00:00:00+00:00\",\"dateModified\":\"2024-07-30T18:02:23+00:00\",\"mainEntityOfPage\":{\"@id\":\"https:\\\/\\\/kt.gov.rs\\\/sq\\\/mbi-menaxhimin-e-karrieres-gjate-pandemise-ftese-per-ngjarjen-youth2business-afati-1-shkurt-2021\\\/\"},\"wordCount\":807,\"publisher\":{\"@id\":\"https:\\\/\\\/kt.gov.rs\\\/#organization\"},\"image\":{\"@id\":\"https:\\\/\\\/kt.gov.rs\\\/sq\\\/mbi-menaxhimin-e-karrieres-gjate-pandemise-ftese-per-ngjarjen-youth2business-afati-1-shkurt-2021\\\/#primaryimage\"},\"thumbnailUrl\":\"https:\\\/\\\/kt.gov.rs\\\/wp-content\\\/uploads\\\/2024\\\/07\\\/1611649914_260121_1-5.jpg\",\"articleSection\":[\"Lajme\"],\"inLanguage\":\"sq-AL\"},{\"@type\":\"WebPage\",\"@id\":\"https:\\\/\\\/kt.gov.rs\\\/sq\\\/mbi-menaxhimin-e-karrieres-gjate-pandemise-ftese-per-ngjarjen-youth2business-afati-1-shkurt-2021\\\/\",\"url\":\"https:\\\/\\\/kt.gov.rs\\\/sq\\\/mbi-menaxhimin-e-karrieres-gjate-pandemise-ftese-per-ngjarjen-youth2business-afati-1-shkurt-2021\\\/\",\"name\":\"MBI MENAXHIMIN E KARRIER\u00cbS GJAT\u00cb PANDEMIS\u00cb:FTES\u00cb P\u00cbR NGJARJEN YOUTH2BUSINESS (AFATI 1 SHKURT 2021) - Republika e S\u00ebrbis\u00eb Trupi Koordinues p\u00ebr komunat Bujanoc, Preshev\u00eb dhe Medvegj\u00eb\",\"isPartOf\":{\"@id\":\"https:\\\/\\\/kt.gov.rs\\\/#website\"},\"primaryImageOfPage\":{\"@id\":\"https:\\\/\\\/kt.gov.rs\\\/sq\\\/mbi-menaxhimin-e-karrieres-gjate-pandemise-ftese-per-ngjarjen-youth2business-afati-1-shkurt-2021\\\/#primaryimage\"},\"image\":{\"@id\":\"https:\\\/\\\/kt.gov.rs\\\/sq\\\/mbi-menaxhimin-e-karrieres-gjate-pandemise-ftese-per-ngjarjen-youth2business-afati-1-shkurt-2021\\\/#primaryimage\"},\"thumbnailUrl\":\"https:\\\/\\\/kt.gov.rs\\\/wp-content\\\/uploads\\\/2024\\\/07\\\/1611649914_260121_1-5.jpg\",\"datePublished\":\"2021-01-26T00:00:00+00:00\",\"dateModified\":\"2024-07-30T18:02:23+00:00\",\"breadcrumb\":{\"@id\":\"https:\\\/\\\/kt.gov.rs\\\/sq\\\/mbi-menaxhimin-e-karrieres-gjate-pandemise-ftese-per-ngjarjen-youth2business-afati-1-shkurt-2021\\\/#breadcrumb\"},\"inLanguage\":\"sq-AL\",\"potentialAction\":[{\"@type\":\"ReadAction\",\"target\":[\"https:\\\/\\\/kt.gov.rs\\\/sq\\\/mbi-menaxhimin-e-karrieres-gjate-pandemise-ftese-per-ngjarjen-youth2business-afati-1-shkurt-2021\\\/\"]}]},{\"@type\":\"ImageObject\",\"inLanguage\":\"sq-AL\",\"@id\":\"https:\\\/\\\/kt.gov.rs\\\/sq\\\/mbi-menaxhimin-e-karrieres-gjate-pandemise-ftese-per-ngjarjen-youth2business-afati-1-shkurt-2021\\\/#primaryimage\",\"url\":\"https:\\\/\\\/kt.gov.rs\\\/wp-content\\\/uploads\\\/2024\\\/07\\\/1611649914_260121_1-5.jpg\",\"contentUrl\":\"https:\\\/\\\/kt.gov.rs\\\/wp-content\\\/uploads\\\/2024\\\/07\\\/1611649914_260121_1-5.jpg\",\"width\":315,\"height\":230},{\"@type\":\"BreadcrumbList\",\"@id\":\"https:\\\/\\\/kt.gov.rs\\\/sq\\\/mbi-menaxhimin-e-karrieres-gjate-pandemise-ftese-per-ngjarjen-youth2business-afati-1-shkurt-2021\\\/#breadcrumb\",\"itemListElement\":[{\"@type\":\"ListItem\",\"position\":1,\"name\":\"\u041f\u043e\u0447\u0435\u0442\u043d\u0430\",\"item\":\"https:\\\/\\\/kt.gov.rs\\\/sq\\\/\"},{\"@type\":\"ListItem\",\"position\":2,\"name\":\"MBI MENAXHIMIN E KARRIER\u00cbS GJAT\u00cb PANDEMIS\u00cb:FTES\u00cb P\u00cbR NGJARJEN YOUTH2BUSINESS (AFATI 1 SHKURT 2021)\"}]},{\"@type\":\"WebSite\",\"@id\":\"https:\\\/\\\/kt.gov.rs\\\/#website\",\"url\":\"https:\\\/\\\/kt.gov.rs\\\/\",\"name\":\"\u041a\u043e\u043e\u0440\u0434\u0438\u043d\u0430\u0446\u0438\u043e\u043d\u043e \u0442\u0435\u043b\u043e \u0412\u043b\u0430\u0434\u0435 \u0420\u0435\u043f\u0443\u0431\u043b\u0438\u043a\u0435 \u0421\u0440\u0431\u0438\u0458\u0435 \u0437\u0430 \u043e\u043f\u0448\u0442\u0438\u043d\u0435 \u041f\u0440\u0435\u0448\u0435\u0432\u043e, \u0411\u0443\u0458\u0430\u043d\u043e\u0432\u0430\u0446 \u0438 \u041c\u0435\u0434\u0432\u0435\u0452a\",\"description\":\"\",\"publisher\":{\"@id\":\"https:\\\/\\\/kt.gov.rs\\\/#organization\"},\"alternateName\":\"\u041a\u043e\u043e\u0440\u0434\u0438\u043d\u0430\u0446\u0438\u043e\u043d\u043e \u0442\u0435\u043b\u043e\",\"potentialAction\":[{\"@type\":\"SearchAction\",\"target\":{\"@type\":\"EntryPoint\",\"urlTemplate\":\"https:\\\/\\\/kt.gov.rs\\\/?s={search_term_string}\"},\"query-input\":{\"@type\":\"PropertyValueSpecification\",\"valueRequired\":true,\"valueName\":\"search_term_string\"}}],\"inLanguage\":\"sq-AL\"},{\"@type\":\"Organization\",\"@id\":\"https:\\\/\\\/kt.gov.rs\\\/#organization\",\"name\":\"\u041a\u043e\u043e\u0440\u0434\u0438\u043d\u0430\u0446\u0438\u043e\u043d\u043e \u0442\u0435\u043b\u043e \u0412\u043b\u0430\u0434\u0435 \u0420\u0435\u043f\u0443\u0431\u043b\u0438\u043a\u0435 \u0421\u0440\u0431\u0438\u0458\u0435 \u0437\u0430 \u043e\u043f\u0448\u0442\u0438\u043d\u0435 \u041f\u0440\u0435\u0448\u0435\u0432\u043e, \u0411\u0443\u0458\u0430\u043d\u043e\u0432\u0430\u0446 \u0438 \u041c\u0435\u0434\u0432\u0435\u0452a\",\"alternateName\":\"\u041a\u043e\u043e\u0440\u0434\u0438\u043d\u0430\u0446\u0438\u043e\u043d\u043e \u0442\u0435\u043b\u043e\",\"url\":\"https:\\\/\\\/kt.gov.rs\\\/\",\"logo\":{\"@type\":\"ImageObject\",\"inLanguage\":\"sq-AL\",\"@id\":\"https:\\\/\\\/kt.gov.rs\\\/#\\\/schema\\\/logo\\\/image\\\/\",\"url\":\"https:\\\/\\\/kt.gov.rs\\\/wp-content\\\/uploads\\\/2024\\\/12\\\/koord2.jpg\",\"contentUrl\":\"https:\\\/\\\/kt.gov.rs\\\/wp-content\\\/uploads\\\/2024\\\/12\\\/koord2.jpg\",\"width\":640,\"height\":480,\"caption\":\"\u041a\u043e\u043e\u0440\u0434\u0438\u043d\u0430\u0446\u0438\u043e\u043d\u043e \u0442\u0435\u043b\u043e \u0412\u043b\u0430\u0434\u0435 \u0420\u0435\u043f\u0443\u0431\u043b\u0438\u043a\u0435 \u0421\u0440\u0431\u0438\u0458\u0435 \u0437\u0430 \u043e\u043f\u0448\u0442\u0438\u043d\u0435 \u041f\u0440\u0435\u0448\u0435\u0432\u043e, \u0411\u0443\u0458\u0430\u043d\u043e\u0432\u0430\u0446 \u0438 \u041c\u0435\u0434\u0432\u0435\u0452a\"},\"image\":{\"@id\":\"https:\\\/\\\/kt.gov.rs\\\/#\\\/schema\\\/logo\\\/image\\\/\"},\"sameAs\":[\"https:\\\/\\\/www.facebook.com\\\/SluzbaKoordinacionogTelaVladeRepublikeSrbije\",\"https:\\\/\\\/x.com\\\/kt_gov\",\"https:\\\/\\\/www.youtube.com\\\/@koordinacionotelo\"]},{\"@type\":\"Person\",\"@id\":\"https:\\\/\\\/kt.gov.rs\\\/#\\\/schema\\\/person\\\/e426459ddb4173309103390602694571\",\"name\":\"ktmin\",\"image\":{\"@type\":\"ImageObject\",\"inLanguage\":\"sq-AL\",\"@id\":\"https:\\\/\\\/secure.gravatar.com\\\/avatar\\\/3985c961109853010c3fbc7ba30365bfba5db3dd6c525831d9c595c7525a615a?s=96&d=mm&r=g\",\"url\":\"https:\\\/\\\/secure.gravatar.com\\\/avatar\\\/3985c961109853010c3fbc7ba30365bfba5db3dd6c525831d9c595c7525a615a?s=96&d=mm&r=g\",\"contentUrl\":\"https:\\\/\\\/secure.gravatar.com\\\/avatar\\\/3985c961109853010c3fbc7ba30365bfba5db3dd6c525831d9c595c7525a615a?s=96&d=mm&r=g\",\"caption\":\"ktmin\"},\"sameAs\":[\"https:\\\/\\\/kt.gov.rs\"],\"url\":\"https:\\\/\\\/kt.gov.rs\\\/sq\\\/author\\\/ktmin\\\/\"}]}<\/script>\n<!-- \/ Yoast SEO plugin. -->","yoast_head_json":{"title":"MBI MENAXHIMIN E KARRIER\u00cbS GJAT\u00cb PANDEMIS\u00cb:FTES\u00cb P\u00cbR NGJARJEN YOUTH2BUSINESS (AFATI 1 SHKURT 2021) - Republika e S\u00ebrbis\u00eb Trupi Koordinues p\u00ebr komunat Bujanoc, Preshev\u00eb dhe Medvegj\u00eb","robots":{"index":"index","follow":"follow","max-snippet":"max-snippet:-1","max-image-preview":"max-image-preview:large","max-video-preview":"max-video-preview:-1"},"canonical":"https:\/\/kt.gov.rs\/sq\/mbi-menaxhimin-e-karrieres-gjate-pandemise-ftese-per-ngjarjen-youth2business-afati-1-shkurt-2021\/","og_locale":"sq_AL","og_type":"article","og_title":"MBI MENAXHIMIN E KARRIER\u00cbS GJAT\u00cb PANDEMIS\u00cb:FTES\u00cb P\u00cbR NGJARJEN YOUTH2BUSINESS (AFATI 1 SHKURT 2021) - Republika e S\u00ebrbis\u00eb Trupi Koordinues p\u00ebr komunat Bujanoc, Preshev\u00eb dhe Medvegj\u00eb","og_description":"Ngjarja e tet\u00eb Youth2Business me titull &quot;Zhvillimi i Karrier\u00ebs n\u00eb\u00a0 koh\u00ebn e pandemis\u00eb&quot; do t\u00eb mbahet m\u00eb 2 shkurt 2021 n\u00eb formatin online, duke filluar nga ora 20:00.","og_url":"https:\/\/kt.gov.rs\/sq\/mbi-menaxhimin-e-karrieres-gjate-pandemise-ftese-per-ngjarjen-youth2business-afati-1-shkurt-2021\/","og_site_name":"Republika e S\u00ebrbis\u00eb Trupi Koordinues p\u00ebr komunat Bujanoc, Preshev\u00eb dhe Medvegj\u00eb","article_publisher":"https:\/\/www.facebook.com\/SluzbaKoordinacionogTelaVladeRepublikeSrbije","article_published_time":"2021-01-26T00:00:00+00:00","article_modified_time":"2024-07-30T18:02:23+00:00","og_image":[{"width":315,"height":230,"url":"https:\/\/kt.gov.rs\/wp-content\/uploads\/2024\/07\/1611649914_260121_1-5.jpg","type":"image\/jpeg"}],"author":"ktmin","twitter_card":"summary_large_image","twitter_creator":"@kt_gov","twitter_site":"@kt_gov","twitter_misc":{"Written by":"ktmin","Est. reading time":"4 minutes"},"schema":{"@context":"https:\/\/schema.org","@graph":[{"@type":"Article","@id":"https:\/\/kt.gov.rs\/sq\/mbi-menaxhimin-e-karrieres-gjate-pandemise-ftese-per-ngjarjen-youth2business-afati-1-shkurt-2021\/#article","isPartOf":{"@id":"https:\/\/kt.gov.rs\/sq\/mbi-menaxhimin-e-karrieres-gjate-pandemise-ftese-per-ngjarjen-youth2business-afati-1-shkurt-2021\/"},"author":{"name":"ktmin","@id":"https:\/\/kt.gov.rs\/#\/schema\/person\/e426459ddb4173309103390602694571"},"headline":"MBI MENAXHIMIN E KARRIER\u00cbS GJAT\u00cb PANDEMIS\u00cb:FTES\u00cb P\u00cbR NGJARJEN YOUTH2BUSINESS (AFATI 1 SHKURT 2021)","datePublished":"2021-01-26T00:00:00+00:00","dateModified":"2024-07-30T18:02:23+00:00","mainEntityOfPage":{"@id":"https:\/\/kt.gov.rs\/sq\/mbi-menaxhimin-e-karrieres-gjate-pandemise-ftese-per-ngjarjen-youth2business-afati-1-shkurt-2021\/"},"wordCount":807,"publisher":{"@id":"https:\/\/kt.gov.rs\/#organization"},"image":{"@id":"https:\/\/kt.gov.rs\/sq\/mbi-menaxhimin-e-karrieres-gjate-pandemise-ftese-per-ngjarjen-youth2business-afati-1-shkurt-2021\/#primaryimage"},"thumbnailUrl":"https:\/\/kt.gov.rs\/wp-content\/uploads\/2024\/07\/1611649914_260121_1-5.jpg","articleSection":["Lajme"],"inLanguage":"sq-AL"},{"@type":"WebPage","@id":"https:\/\/kt.gov.rs\/sq\/mbi-menaxhimin-e-karrieres-gjate-pandemise-ftese-per-ngjarjen-youth2business-afati-1-shkurt-2021\/","url":"https:\/\/kt.gov.rs\/sq\/mbi-menaxhimin-e-karrieres-gjate-pandemise-ftese-per-ngjarjen-youth2business-afati-1-shkurt-2021\/","name":"MBI MENAXHIMIN E KARRIER\u00cbS GJAT\u00cb PANDEMIS\u00cb:FTES\u00cb P\u00cbR NGJARJEN YOUTH2BUSINESS (AFATI 1 SHKURT 2021) - Republika e S\u00ebrbis\u00eb Trupi Koordinues p\u00ebr komunat Bujanoc, Preshev\u00eb dhe Medvegj\u00eb","isPartOf":{"@id":"https:\/\/kt.gov.rs\/#website"},"primaryImageOfPage":{"@id":"https:\/\/kt.gov.rs\/sq\/mbi-menaxhimin-e-karrieres-gjate-pandemise-ftese-per-ngjarjen-youth2business-afati-1-shkurt-2021\/#primaryimage"},"image":{"@id":"https:\/\/kt.gov.rs\/sq\/mbi-menaxhimin-e-karrieres-gjate-pandemise-ftese-per-ngjarjen-youth2business-afati-1-shkurt-2021\/#primaryimage"},"thumbnailUrl":"https:\/\/kt.gov.rs\/wp-content\/uploads\/2024\/07\/1611649914_260121_1-5.jpg","datePublished":"2021-01-26T00:00:00+00:00","dateModified":"2024-07-30T18:02:23+00:00","breadcrumb":{"@id":"https:\/\/kt.gov.rs\/sq\/mbi-menaxhimin-e-karrieres-gjate-pandemise-ftese-per-ngjarjen-youth2business-afati-1-shkurt-2021\/#breadcrumb"},"inLanguage":"sq-AL","potentialAction":[{"@type":"ReadAction","target":["https:\/\/kt.gov.rs\/sq\/mbi-menaxhimin-e-karrieres-gjate-pandemise-ftese-per-ngjarjen-youth2business-afati-1-shkurt-2021\/"]}]},{"@type":"ImageObject","inLanguage":"sq-AL","@id":"https:\/\/kt.gov.rs\/sq\/mbi-menaxhimin-e-karrieres-gjate-pandemise-ftese-per-ngjarjen-youth2business-afati-1-shkurt-2021\/#primaryimage","url":"https:\/\/kt.gov.rs\/wp-content\/uploads\/2024\/07\/1611649914_260121_1-5.jpg","contentUrl":"https:\/\/kt.gov.rs\/wp-content\/uploads\/2024\/07\/1611649914_260121_1-5.jpg","width":315,"height":230},{"@type":"BreadcrumbList","@id":"https:\/\/kt.gov.rs\/sq\/mbi-menaxhimin-e-karrieres-gjate-pandemise-ftese-per-ngjarjen-youth2business-afati-1-shkurt-2021\/#breadcrumb","itemListElement":[{"@type":"ListItem","position":1,"name":"\u041f\u043e\u0447\u0435\u0442\u043d\u0430","item":"https:\/\/kt.gov.rs\/sq\/"},{"@type":"ListItem","position":2,"name":"MBI MENAXHIMIN E KARRIER\u00cbS GJAT\u00cb PANDEMIS\u00cb:FTES\u00cb P\u00cbR NGJARJEN YOUTH2BUSINESS (AFATI 1 SHKURT 2021)"}]},{"@type":"WebSite","@id":"https:\/\/kt.gov.rs\/#website","url":"https:\/\/kt.gov.rs\/","name":"\u041a\u043e\u043e\u0440\u0434\u0438\u043d\u0430\u0446\u0438\u043e\u043d\u043e \u0442\u0435\u043b\u043e \u0412\u043b\u0430\u0434\u0435 \u0420\u0435\u043f\u0443\u0431\u043b\u0438\u043a\u0435 \u0421\u0440\u0431\u0438\u0458\u0435 \u0437\u0430 \u043e\u043f\u0448\u0442\u0438\u043d\u0435 \u041f\u0440\u0435\u0448\u0435\u0432\u043e, \u0411\u0443\u0458\u0430\u043d\u043e\u0432\u0430\u0446 \u0438 \u041c\u0435\u0434\u0432\u0435\u0452a","description":"","publisher":{"@id":"https:\/\/kt.gov.rs\/#organization"},"alternateName":"\u041a\u043e\u043e\u0440\u0434\u0438\u043d\u0430\u0446\u0438\u043e\u043d\u043e \u0442\u0435\u043b\u043e","potentialAction":[{"@type":"SearchAction","target":{"@type":"EntryPoint","urlTemplate":"https:\/\/kt.gov.rs\/?s={search_term_string}"},"query-input":{"@type":"PropertyValueSpecification","valueRequired":true,"valueName":"search_term_string"}}],"inLanguage":"sq-AL"},{"@type":"Organization","@id":"https:\/\/kt.gov.rs\/#organization","name":"\u041a\u043e\u043e\u0440\u0434\u0438\u043d\u0430\u0446\u0438\u043e\u043d\u043e \u0442\u0435\u043b\u043e \u0412\u043b\u0430\u0434\u0435 \u0420\u0435\u043f\u0443\u0431\u043b\u0438\u043a\u0435 \u0421\u0440\u0431\u0438\u0458\u0435 \u0437\u0430 \u043e\u043f\u0448\u0442\u0438\u043d\u0435 \u041f\u0440\u0435\u0448\u0435\u0432\u043e, \u0411\u0443\u0458\u0430\u043d\u043e\u0432\u0430\u0446 \u0438 \u041c\u0435\u0434\u0432\u0435\u0452a","alternateName":"\u041a\u043e\u043e\u0440\u0434\u0438\u043d\u0430\u0446\u0438\u043e\u043d\u043e \u0442\u0435\u043b\u043e","url":"https:\/\/kt.gov.rs\/","logo":{"@type":"ImageObject","inLanguage":"sq-AL","@id":"https:\/\/kt.gov.rs\/#\/schema\/logo\/image\/","url":"https:\/\/kt.gov.rs\/wp-content\/uploads\/2024\/12\/koord2.jpg","contentUrl":"https:\/\/kt.gov.rs\/wp-content\/uploads\/2024\/12\/koord2.jpg","width":640,"height":480,"caption":"\u041a\u043e\u043e\u0440\u0434\u0438\u043d\u0430\u0446\u0438\u043e\u043d\u043e \u0442\u0435\u043b\u043e \u0412\u043b\u0430\u0434\u0435 \u0420\u0435\u043f\u0443\u0431\u043b\u0438\u043a\u0435 \u0421\u0440\u0431\u0438\u0458\u0435 \u0437\u0430 \u043e\u043f\u0448\u0442\u0438\u043d\u0435 \u041f\u0440\u0435\u0448\u0435\u0432\u043e, \u0411\u0443\u0458\u0430\u043d\u043e\u0432\u0430\u0446 \u0438 \u041c\u0435\u0434\u0432\u0435\u0452a"},"image":{"@id":"https:\/\/kt.gov.rs\/#\/schema\/logo\/image\/"},"sameAs":["https:\/\/www.facebook.com\/SluzbaKoordinacionogTelaVladeRepublikeSrbije","https:\/\/x.com\/kt_gov","https:\/\/www.youtube.com\/@koordinacionotelo"]},{"@type":"Person","@id":"https:\/\/kt.gov.rs\/#\/schema\/person\/e426459ddb4173309103390602694571","name":"ktmin","image":{"@type":"ImageObject","inLanguage":"sq-AL","@id":"https:\/\/secure.gravatar.com\/avatar\/3985c961109853010c3fbc7ba30365bfba5db3dd6c525831d9c595c7525a615a?s=96&d=mm&r=g","url":"https:\/\/secure.gravatar.com\/avatar\/3985c961109853010c3fbc7ba30365bfba5db3dd6c525831d9c595c7525a615a?s=96&d=mm&r=g","contentUrl":"https:\/\/secure.gravatar.com\/avatar\/3985c961109853010c3fbc7ba30365bfba5db3dd6c525831d9c595c7525a615a?s=96&d=mm&r=g","caption":"ktmin"},"sameAs":["https:\/\/kt.gov.rs"],"url":"https:\/\/kt.gov.rs\/sq\/author\/ktmin\/"}]}},"_links":{"self":[{"href":"https:\/\/kt.gov.rs\/sq\/wp-json\/wp\/v2\/posts\/111084","targetHints":{"allow":["GET"]}}],"collection":[{"href":"https:\/\/kt.gov.rs\/sq\/wp-json\/wp\/v2\/posts"}],"about":[{"href":"https:\/\/kt.gov.rs\/sq\/wp-json\/wp\/v2\/types\/post"}],"author":[{"embeddable":true,"href":"https:\/\/kt.gov.rs\/sq\/wp-json\/wp\/v2\/users\/1"}],"replies":[{"embeddable":true,"href":"https:\/\/kt.gov.rs\/sq\/wp-json\/wp\/v2\/comments?post=111084"}],"version-history":[{"count":1,"href":"https:\/\/kt.gov.rs\/sq\/wp-json\/wp\/v2\/posts\/111084\/revisions"}],"predecessor-version":[{"id":111088,"href":"https:\/\/kt.gov.rs\/sq\/wp-json\/wp\/v2\/posts\/111084\/revisions\/111088"}],"wp:featuredmedia":[{"embeddable":true,"href":"https:\/\/kt.gov.rs\/sq\/wp-json\/wp\/v2\/media\/111089"}],"wp:attachment":[{"href":"https:\/\/kt.gov.rs\/sq\/wp-json\/wp\/v2\/media?parent=111084"}],"wp:term":[{"taxonomy":"category","embeddable":true,"href":"https:\/\/kt.gov.rs\/sq\/wp-json\/wp\/v2\/categories?post=111084"},{"taxonomy":"post_tag","embeddable":true,"href":"https:\/\/kt.gov.rs\/sq\/wp-json\/wp\/v2\/tags?post=111084"}],"curies":[{"name":"wp","href":"https:\/\/api.w.org\/{rel}","templated":true}]}}