{"id":111068,"date":"2021-01-26T00:00:00","date_gmt":"2021-01-26T00:00:00","guid":{"rendered":"http:\/\/kt.printandscreen.rs\/ndarja-e-kontratave-ne-medvegje-per-programin\/"},"modified":"2024-07-30T18:02:21","modified_gmt":"2024-07-30T18:02:21","slug":"ndarja-e-kontratave-ne-medvegje-per-programin","status":"publish","type":"post","link":"https:\/\/kt.gov.rs\/sq\/ndarja-e-kontratave-ne-medvegje-per-programin\/","title":{"rendered":"NDARJA E KONTRATAVE N\u00cb MEDVEGJ\u00cb P\u00cbR PROGRAMIN"},"content":{"rendered":"<p>\n\t<strong><img decoding=\"async\" alt=\"\" src=\"https:\/\/kt.gov.rs\/wp-content\/uploads\/2024\/07\/1611650018_260121_3-4.jpg\" style=\"width: 315px; height: 230px; float: left;\" \/><\/strong>Medvegj\u00eb -N\u00eb Sall\u00ebn e Kuvendit t\u00eb Komun\u00ebs s\u00eb Medvegj\u00ebs, u organizua ndarja e kontratave p\u00ebr personat q\u00eb kan\u00eb ushtruar t\u00eb drejt\u00ebn t\u00eb jen\u00eb n\u00eb mesin e 13 t\u00eb cil\u00ebt<\/p>\n<p>\n\tdo t\u00eb realizojn\u00eb p\u00ebrvoj\u00ebn e tyre t\u00eb par\u00eb t\u00eb pun\u00ebs n\u00eb Administrat\u00ebn Komunale t\u00eb Komun\u00ebs s\u00eb Medvegj\u00ebs.<\/p>\n<p>\n\tPersonat e zgjedhur nga Enti p\u00ebr Pun\u00ebsim n\u00ebnshkruan nj\u00eb kontrat\u00eb trepal\u00ebshe me pun\u00ebdh\u00ebn\u00ebsin dhe EPPn\u00eb fillim t\u00eb janarit, por p\u00ebr shkak t\u00eb shpalljes s\u00eb gjendjes s\u00eb jasht\u00ebzakonshme n\u00eb komun\u00ebn e Medvedja, kontratat u dhan\u00eb disa dit\u00eb m\u00eb par\u00eb.<\/p>\n<p>\n\tProgrami i Qeveris\u00eb s\u00eb Republik\u00ebs s\u00eb Serbis\u00eb &quot;Paga ime e par\u00eb&quot;, i cili filloi\u00a0 vitin e kaluar dhe i cili zbatohet nga Enti p\u00ebr Pun\u00ebsim Republikan me mb\u00ebshtetjen e Ministris\u00eb s\u00eb Pun\u00ebs, Pun\u00ebsimit, \u00c7\u00ebshtjeve Veterane dhe Sociale,Ministris\u00eb s\u00eb Financave dhe Odes Ekonomike filloi me realizimin n\u00eb sektorin privat dhe\u00a0 publik.<\/p>\n<p>\n\t&quot;Komuna e Medvedja aplikoi\u00a0 si pun\u00ebdh\u00ebn\u00ebs i cili \u00ebsht\u00eb i interesuar t\u00eb siguroj\u00eb nj\u00eb mund\u00ebsi p\u00ebr t\u00eb rinjt\u00eb nga Medvedja t\u00eb fillojn\u00eb hapat e tyre t\u00eb par\u00eb t\u00eb pun\u00ebs pik\u00ebrisht k\u00ebtu.T\u00eb rinjt\u00eb nga territori i komun\u00ebs s\u00eb Medvegj\u00ebs ishin shum\u00eb t\u00eb interesuar p\u00ebr programin &quot;Paga ime e par\u00eb&quot;, por bazuar n\u00eb numrin e personave t\u00eb pun\u00ebsuar n\u00eb vet\u00ebqeverisjen\u00a0 lokale, Enti p\u00ebr Pun\u00ebsim miratoi vet\u00ebm 13 vende, t\u00eb cilat jan\u00eb p\u00ebr 9 persona me arsim t\u00eb mes\u00ebm, 1 person me shkoll\u00ebn t\u00eb lart\u00ebdhe 3 me fakultet.Gjat\u00eb n\u00ebnt\u00eb muajve t\u00eb trajnimit p\u00ebr pun\u00ebtor\u00ebt, ju do t\u00eb fitoni p\u00ebrvojat e para t\u00eb pun\u00ebs, t\u00eb p\u00ebrdorni njohurit\u00eb e fituara dhe t\u00eb zhvilloni aft\u00ebsi t\u00eb reja, t\u00eb p\u00ebrmir\u00ebsoni zakonet e pun\u00ebs dhe do t\u00eb paguheni p\u00ebr pun\u00ebn tuaj. Trajnimi juaj i pun\u00ebs do t\u00eb kryhet sipas nj\u00eb programi t\u00eb vendosur t\u00eb miratuar nga Enti p\u00ebr Pun\u00ebsim , me nj\u00eb mentor i cili mbik\u00ebqyr dhe ofron mb\u00ebshtetje. Pas p\u00ebrfundimit, ju do t\u00eb merrni nj\u00eb certifikat\u00eb t\u00eb trajnimit t\u00eb p\u00ebrfunduar n\u00eb pun\u00eb specifike, gj\u00eb q\u00eb rrit mund\u00ebsin\u00eb p\u00ebr t\u00eb gjetur nj\u00eb pun\u00eb p\u00ebr t\u00eb cil\u00ebn jeni arsimuar, &quot;tha kryetari i Komun\u00ebs s\u00eb Medvegj\u00ebs, Nebojsha Arsiq.<\/p>\n<p>\n\tPersonave me arsim t\u00eb mes\u00ebm t\u00eb p\u00ebrfunduar u sigurohet nj\u00eb kompensim financiar mujor n\u00eb vler\u00eb prej 20,000.00 dinar\u00eb, nd\u00ebrsa p\u00ebr ata me arsim t\u00eb lart\u00eb t\u00eb p\u00ebrfunduar 24,000.00 dinar\u00eb. Fondet do t&#39;i paguhen drejtp\u00ebrdrejt personave n\u00eb trajnim, p\u00ebrmes Entitp\u00ebr Pun\u00ebsim , nd\u00ebrsa trajnimi\u00a0 zgjat\u00a0 9 muaj. Nga 13 persona q\u00eb n\u00ebnshkruan kontratat, dy jan\u00eb me komb\u00ebsi shqiptare.<\/p>\n<p>\n\t<strong>Burimi: Media Centar 016, 4S TV,Info Qendra Jug dhe Trupi Koordinues<\/strong><\/p>\n<p>\n\t\u00a0<\/p>\n","protected":false},"excerpt":{"rendered":"<p>Medvegj\u00eb -N\u00eb Sall\u00ebn e Kuvendit t\u00eb Komun\u00ebs s\u00eb Medvegj\u00ebs, u organizua ndarja e kontratave p\u00ebr personat q\u00eb kan\u00eb ushtruar t\u00eb drejt\u00ebn t\u00eb jen\u00eb n\u00eb mesin e 13 t\u00eb cil\u00ebt\u2026<\/p>\n","protected":false},"author":1,"featured_media":111073,"comment_status":"closed","ping_status":"closed","sticky":false,"template":"","format":"standard","meta":{"footnotes":""},"categories":[55],"tags":[],"class_list":["post-111068","post","type-post","status-publish","format-standard","has-post-thumbnail","hentry","category-lajme"],"yoast_head":"<!-- This site is optimized with the Yoast SEO plugin v27.5 - https:\/\/yoast.com\/product\/yoast-seo-wordpress\/ -->\n<title>NDARJA E KONTRATAVE N\u00cb MEDVEGJ\u00cb P\u00cbR PROGRAMIN - Republika e S\u00ebrbis\u00eb Trupi Koordinues p\u00ebr komunat Bujanoc, Preshev\u00eb dhe Medvegj\u00eb<\/title>\n<meta name=\"robots\" content=\"index, follow, max-snippet:-1, max-image-preview:large, max-video-preview:-1\" \/>\n<link rel=\"canonical\" href=\"https:\/\/kt.gov.rs\/sq\/ndarja-e-kontratave-ne-medvegje-per-programin\/\" \/>\n<meta property=\"og:locale\" content=\"sq_AL\" \/>\n<meta property=\"og:type\" content=\"article\" \/>\n<meta property=\"og:title\" content=\"NDARJA E KONTRATAVE N\u00cb MEDVEGJ\u00cb P\u00cbR PROGRAMIN - Republika e S\u00ebrbis\u00eb Trupi Koordinues p\u00ebr komunat Bujanoc, Preshev\u00eb dhe Medvegj\u00eb\" \/>\n<meta property=\"og:description\" content=\"Medvegj\u00eb -N\u00eb Sall\u00ebn e Kuvendit t\u00eb Komun\u00ebs s\u00eb Medvegj\u00ebs, u organizua ndarja e kontratave p\u00ebr personat q\u00eb kan\u00eb ushtruar t\u00eb drejt\u00ebn t\u00eb jen\u00eb n\u00eb mesin e 13 t\u00eb cil\u00ebt...\" \/>\n<meta property=\"og:url\" content=\"https:\/\/kt.gov.rs\/sq\/ndarja-e-kontratave-ne-medvegje-per-programin\/\" \/>\n<meta property=\"og:site_name\" content=\"Republika e S\u00ebrbis\u00eb Trupi Koordinues p\u00ebr komunat Bujanoc, Preshev\u00eb dhe Medvegj\u00eb\" \/>\n<meta property=\"article:publisher\" content=\"https:\/\/www.facebook.com\/SluzbaKoordinacionogTelaVladeRepublikeSrbije\" \/>\n<meta property=\"article:published_time\" content=\"2021-01-26T00:00:00+00:00\" \/>\n<meta property=\"article:modified_time\" content=\"2024-07-30T18:02:21+00:00\" \/>\n<meta property=\"og:image\" content=\"https:\/\/kt.gov.rs\/wp-content\/uploads\/2024\/07\/1611650018_260121_3-5.jpg\" \/>\n\t<meta property=\"og:image:width\" content=\"315\" \/>\n\t<meta property=\"og:image:height\" content=\"230\" \/>\n\t<meta property=\"og:image:type\" content=\"image\/jpeg\" \/>\n<meta name=\"author\" content=\"ktmin\" \/>\n<meta name=\"twitter:card\" content=\"summary_large_image\" \/>\n<meta name=\"twitter:creator\" content=\"@kt_gov\" \/>\n<meta name=\"twitter:site\" content=\"@kt_gov\" \/>\n<meta name=\"twitter:label1\" content=\"Written by\" \/>\n\t<meta name=\"twitter:data1\" content=\"ktmin\" \/>\n\t<meta name=\"twitter:label2\" content=\"Est. reading time\" \/>\n\t<meta name=\"twitter:data2\" content=\"3 minutes\" \/>\n<script type=\"application\/ld+json\" class=\"yoast-schema-graph\">{\"@context\":\"https:\\\/\\\/schema.org\",\"@graph\":[{\"@type\":\"Article\",\"@id\":\"https:\\\/\\\/kt.gov.rs\\\/sq\\\/ndarja-e-kontratave-ne-medvegje-per-programin\\\/#article\",\"isPartOf\":{\"@id\":\"https:\\\/\\\/kt.gov.rs\\\/sq\\\/ndarja-e-kontratave-ne-medvegje-per-programin\\\/\"},\"author\":{\"name\":\"ktmin\",\"@id\":\"https:\\\/\\\/kt.gov.rs\\\/#\\\/schema\\\/person\\\/e426459ddb4173309103390602694571\"},\"headline\":\"NDARJA E KONTRATAVE N\u00cb MEDVEGJ\u00cb P\u00cbR PROGRAMIN\",\"datePublished\":\"2021-01-26T00:00:00+00:00\",\"dateModified\":\"2024-07-30T18:02:21+00:00\",\"mainEntityOfPage\":{\"@id\":\"https:\\\/\\\/kt.gov.rs\\\/sq\\\/ndarja-e-kontratave-ne-medvegje-per-programin\\\/\"},\"wordCount\":688,\"publisher\":{\"@id\":\"https:\\\/\\\/kt.gov.rs\\\/#organization\"},\"image\":{\"@id\":\"https:\\\/\\\/kt.gov.rs\\\/sq\\\/ndarja-e-kontratave-ne-medvegje-per-programin\\\/#primaryimage\"},\"thumbnailUrl\":\"https:\\\/\\\/kt.gov.rs\\\/wp-content\\\/uploads\\\/2024\\\/07\\\/1611650018_260121_3-5.jpg\",\"articleSection\":[\"Lajme\"],\"inLanguage\":\"sq-AL\"},{\"@type\":\"WebPage\",\"@id\":\"https:\\\/\\\/kt.gov.rs\\\/sq\\\/ndarja-e-kontratave-ne-medvegje-per-programin\\\/\",\"url\":\"https:\\\/\\\/kt.gov.rs\\\/sq\\\/ndarja-e-kontratave-ne-medvegje-per-programin\\\/\",\"name\":\"NDARJA E KONTRATAVE N\u00cb MEDVEGJ\u00cb P\u00cbR PROGRAMIN - Republika e S\u00ebrbis\u00eb Trupi Koordinues p\u00ebr komunat Bujanoc, Preshev\u00eb dhe Medvegj\u00eb\",\"isPartOf\":{\"@id\":\"https:\\\/\\\/kt.gov.rs\\\/#website\"},\"primaryImageOfPage\":{\"@id\":\"https:\\\/\\\/kt.gov.rs\\\/sq\\\/ndarja-e-kontratave-ne-medvegje-per-programin\\\/#primaryimage\"},\"image\":{\"@id\":\"https:\\\/\\\/kt.gov.rs\\\/sq\\\/ndarja-e-kontratave-ne-medvegje-per-programin\\\/#primaryimage\"},\"thumbnailUrl\":\"https:\\\/\\\/kt.gov.rs\\\/wp-content\\\/uploads\\\/2024\\\/07\\\/1611650018_260121_3-5.jpg\",\"datePublished\":\"2021-01-26T00:00:00+00:00\",\"dateModified\":\"2024-07-30T18:02:21+00:00\",\"breadcrumb\":{\"@id\":\"https:\\\/\\\/kt.gov.rs\\\/sq\\\/ndarja-e-kontratave-ne-medvegje-per-programin\\\/#breadcrumb\"},\"inLanguage\":\"sq-AL\",\"potentialAction\":[{\"@type\":\"ReadAction\",\"target\":[\"https:\\\/\\\/kt.gov.rs\\\/sq\\\/ndarja-e-kontratave-ne-medvegje-per-programin\\\/\"]}]},{\"@type\":\"ImageObject\",\"inLanguage\":\"sq-AL\",\"@id\":\"https:\\\/\\\/kt.gov.rs\\\/sq\\\/ndarja-e-kontratave-ne-medvegje-per-programin\\\/#primaryimage\",\"url\":\"https:\\\/\\\/kt.gov.rs\\\/wp-content\\\/uploads\\\/2024\\\/07\\\/1611650018_260121_3-5.jpg\",\"contentUrl\":\"https:\\\/\\\/kt.gov.rs\\\/wp-content\\\/uploads\\\/2024\\\/07\\\/1611650018_260121_3-5.jpg\",\"width\":315,\"height\":230},{\"@type\":\"BreadcrumbList\",\"@id\":\"https:\\\/\\\/kt.gov.rs\\\/sq\\\/ndarja-e-kontratave-ne-medvegje-per-programin\\\/#breadcrumb\",\"itemListElement\":[{\"@type\":\"ListItem\",\"position\":1,\"name\":\"\u041f\u043e\u0447\u0435\u0442\u043d\u0430\",\"item\":\"https:\\\/\\\/kt.gov.rs\\\/sq\\\/\"},{\"@type\":\"ListItem\",\"position\":2,\"name\":\"NDARJA E KONTRATAVE N\u00cb MEDVEGJ\u00cb P\u00cbR PROGRAMIN\"}]},{\"@type\":\"WebSite\",\"@id\":\"https:\\\/\\\/kt.gov.rs\\\/#website\",\"url\":\"https:\\\/\\\/kt.gov.rs\\\/\",\"name\":\"\u041a\u043e\u043e\u0440\u0434\u0438\u043d\u0430\u0446\u0438\u043e\u043d\u043e \u0442\u0435\u043b\u043e \u0412\u043b\u0430\u0434\u0435 \u0420\u0435\u043f\u0443\u0431\u043b\u0438\u043a\u0435 \u0421\u0440\u0431\u0438\u0458\u0435 \u0437\u0430 \u043e\u043f\u0448\u0442\u0438\u043d\u0435 \u041f\u0440\u0435\u0448\u0435\u0432\u043e, \u0411\u0443\u0458\u0430\u043d\u043e\u0432\u0430\u0446 \u0438 \u041c\u0435\u0434\u0432\u0435\u0452a\",\"description\":\"\",\"publisher\":{\"@id\":\"https:\\\/\\\/kt.gov.rs\\\/#organization\"},\"alternateName\":\"\u041a\u043e\u043e\u0440\u0434\u0438\u043d\u0430\u0446\u0438\u043e\u043d\u043e \u0442\u0435\u043b\u043e\",\"potentialAction\":[{\"@type\":\"SearchAction\",\"target\":{\"@type\":\"EntryPoint\",\"urlTemplate\":\"https:\\\/\\\/kt.gov.rs\\\/?s={search_term_string}\"},\"query-input\":{\"@type\":\"PropertyValueSpecification\",\"valueRequired\":true,\"valueName\":\"search_term_string\"}}],\"inLanguage\":\"sq-AL\"},{\"@type\":\"Organization\",\"@id\":\"https:\\\/\\\/kt.gov.rs\\\/#organization\",\"name\":\"\u041a\u043e\u043e\u0440\u0434\u0438\u043d\u0430\u0446\u0438\u043e\u043d\u043e \u0442\u0435\u043b\u043e \u0412\u043b\u0430\u0434\u0435 \u0420\u0435\u043f\u0443\u0431\u043b\u0438\u043a\u0435 \u0421\u0440\u0431\u0438\u0458\u0435 \u0437\u0430 \u043e\u043f\u0448\u0442\u0438\u043d\u0435 \u041f\u0440\u0435\u0448\u0435\u0432\u043e, \u0411\u0443\u0458\u0430\u043d\u043e\u0432\u0430\u0446 \u0438 \u041c\u0435\u0434\u0432\u0435\u0452a\",\"alternateName\":\"\u041a\u043e\u043e\u0440\u0434\u0438\u043d\u0430\u0446\u0438\u043e\u043d\u043e \u0442\u0435\u043b\u043e\",\"url\":\"https:\\\/\\\/kt.gov.rs\\\/\",\"logo\":{\"@type\":\"ImageObject\",\"inLanguage\":\"sq-AL\",\"@id\":\"https:\\\/\\\/kt.gov.rs\\\/#\\\/schema\\\/logo\\\/image\\\/\",\"url\":\"https:\\\/\\\/kt.gov.rs\\\/wp-content\\\/uploads\\\/2024\\\/12\\\/koord2.jpg\",\"contentUrl\":\"https:\\\/\\\/kt.gov.rs\\\/wp-content\\\/uploads\\\/2024\\\/12\\\/koord2.jpg\",\"width\":640,\"height\":480,\"caption\":\"\u041a\u043e\u043e\u0440\u0434\u0438\u043d\u0430\u0446\u0438\u043e\u043d\u043e \u0442\u0435\u043b\u043e \u0412\u043b\u0430\u0434\u0435 \u0420\u0435\u043f\u0443\u0431\u043b\u0438\u043a\u0435 \u0421\u0440\u0431\u0438\u0458\u0435 \u0437\u0430 \u043e\u043f\u0448\u0442\u0438\u043d\u0435 \u041f\u0440\u0435\u0448\u0435\u0432\u043e, \u0411\u0443\u0458\u0430\u043d\u043e\u0432\u0430\u0446 \u0438 \u041c\u0435\u0434\u0432\u0435\u0452a\"},\"image\":{\"@id\":\"https:\\\/\\\/kt.gov.rs\\\/#\\\/schema\\\/logo\\\/image\\\/\"},\"sameAs\":[\"https:\\\/\\\/www.facebook.com\\\/SluzbaKoordinacionogTelaVladeRepublikeSrbije\",\"https:\\\/\\\/x.com\\\/kt_gov\",\"https:\\\/\\\/www.youtube.com\\\/@koordinacionotelo\"]},{\"@type\":\"Person\",\"@id\":\"https:\\\/\\\/kt.gov.rs\\\/#\\\/schema\\\/person\\\/e426459ddb4173309103390602694571\",\"name\":\"ktmin\",\"image\":{\"@type\":\"ImageObject\",\"inLanguage\":\"sq-AL\",\"@id\":\"https:\\\/\\\/secure.gravatar.com\\\/avatar\\\/3985c961109853010c3fbc7ba30365bfba5db3dd6c525831d9c595c7525a615a?s=96&d=mm&r=g\",\"url\":\"https:\\\/\\\/secure.gravatar.com\\\/avatar\\\/3985c961109853010c3fbc7ba30365bfba5db3dd6c525831d9c595c7525a615a?s=96&d=mm&r=g\",\"contentUrl\":\"https:\\\/\\\/secure.gravatar.com\\\/avatar\\\/3985c961109853010c3fbc7ba30365bfba5db3dd6c525831d9c595c7525a615a?s=96&d=mm&r=g\",\"caption\":\"ktmin\"},\"sameAs\":[\"https:\\\/\\\/kt.gov.rs\"],\"url\":\"https:\\\/\\\/kt.gov.rs\\\/sq\\\/author\\\/ktmin\\\/\"}]}<\/script>\n<!-- \/ Yoast SEO plugin. -->","yoast_head_json":{"title":"NDARJA E KONTRATAVE N\u00cb MEDVEGJ\u00cb P\u00cbR PROGRAMIN - Republika e S\u00ebrbis\u00eb Trupi Koordinues p\u00ebr komunat Bujanoc, Preshev\u00eb dhe Medvegj\u00eb","robots":{"index":"index","follow":"follow","max-snippet":"max-snippet:-1","max-image-preview":"max-image-preview:large","max-video-preview":"max-video-preview:-1"},"canonical":"https:\/\/kt.gov.rs\/sq\/ndarja-e-kontratave-ne-medvegje-per-programin\/","og_locale":"sq_AL","og_type":"article","og_title":"NDARJA E KONTRATAVE N\u00cb MEDVEGJ\u00cb P\u00cbR PROGRAMIN - Republika e S\u00ebrbis\u00eb Trupi Koordinues p\u00ebr komunat Bujanoc, Preshev\u00eb dhe Medvegj\u00eb","og_description":"Medvegj\u00eb -N\u00eb Sall\u00ebn e Kuvendit t\u00eb Komun\u00ebs s\u00eb Medvegj\u00ebs, u organizua ndarja e kontratave p\u00ebr personat q\u00eb kan\u00eb ushtruar t\u00eb drejt\u00ebn t\u00eb jen\u00eb n\u00eb mesin e 13 t\u00eb cil\u00ebt...","og_url":"https:\/\/kt.gov.rs\/sq\/ndarja-e-kontratave-ne-medvegje-per-programin\/","og_site_name":"Republika e S\u00ebrbis\u00eb Trupi Koordinues p\u00ebr komunat Bujanoc, Preshev\u00eb dhe Medvegj\u00eb","article_publisher":"https:\/\/www.facebook.com\/SluzbaKoordinacionogTelaVladeRepublikeSrbije","article_published_time":"2021-01-26T00:00:00+00:00","article_modified_time":"2024-07-30T18:02:21+00:00","og_image":[{"width":315,"height":230,"url":"https:\/\/kt.gov.rs\/wp-content\/uploads\/2024\/07\/1611650018_260121_3-5.jpg","type":"image\/jpeg"}],"author":"ktmin","twitter_card":"summary_large_image","twitter_creator":"@kt_gov","twitter_site":"@kt_gov","twitter_misc":{"Written by":"ktmin","Est. reading time":"3 minutes"},"schema":{"@context":"https:\/\/schema.org","@graph":[{"@type":"Article","@id":"https:\/\/kt.gov.rs\/sq\/ndarja-e-kontratave-ne-medvegje-per-programin\/#article","isPartOf":{"@id":"https:\/\/kt.gov.rs\/sq\/ndarja-e-kontratave-ne-medvegje-per-programin\/"},"author":{"name":"ktmin","@id":"https:\/\/kt.gov.rs\/#\/schema\/person\/e426459ddb4173309103390602694571"},"headline":"NDARJA E KONTRATAVE N\u00cb MEDVEGJ\u00cb P\u00cbR PROGRAMIN","datePublished":"2021-01-26T00:00:00+00:00","dateModified":"2024-07-30T18:02:21+00:00","mainEntityOfPage":{"@id":"https:\/\/kt.gov.rs\/sq\/ndarja-e-kontratave-ne-medvegje-per-programin\/"},"wordCount":688,"publisher":{"@id":"https:\/\/kt.gov.rs\/#organization"},"image":{"@id":"https:\/\/kt.gov.rs\/sq\/ndarja-e-kontratave-ne-medvegje-per-programin\/#primaryimage"},"thumbnailUrl":"https:\/\/kt.gov.rs\/wp-content\/uploads\/2024\/07\/1611650018_260121_3-5.jpg","articleSection":["Lajme"],"inLanguage":"sq-AL"},{"@type":"WebPage","@id":"https:\/\/kt.gov.rs\/sq\/ndarja-e-kontratave-ne-medvegje-per-programin\/","url":"https:\/\/kt.gov.rs\/sq\/ndarja-e-kontratave-ne-medvegje-per-programin\/","name":"NDARJA E KONTRATAVE N\u00cb MEDVEGJ\u00cb P\u00cbR PROGRAMIN - Republika e S\u00ebrbis\u00eb Trupi Koordinues p\u00ebr komunat Bujanoc, Preshev\u00eb dhe Medvegj\u00eb","isPartOf":{"@id":"https:\/\/kt.gov.rs\/#website"},"primaryImageOfPage":{"@id":"https:\/\/kt.gov.rs\/sq\/ndarja-e-kontratave-ne-medvegje-per-programin\/#primaryimage"},"image":{"@id":"https:\/\/kt.gov.rs\/sq\/ndarja-e-kontratave-ne-medvegje-per-programin\/#primaryimage"},"thumbnailUrl":"https:\/\/kt.gov.rs\/wp-content\/uploads\/2024\/07\/1611650018_260121_3-5.jpg","datePublished":"2021-01-26T00:00:00+00:00","dateModified":"2024-07-30T18:02:21+00:00","breadcrumb":{"@id":"https:\/\/kt.gov.rs\/sq\/ndarja-e-kontratave-ne-medvegje-per-programin\/#breadcrumb"},"inLanguage":"sq-AL","potentialAction":[{"@type":"ReadAction","target":["https:\/\/kt.gov.rs\/sq\/ndarja-e-kontratave-ne-medvegje-per-programin\/"]}]},{"@type":"ImageObject","inLanguage":"sq-AL","@id":"https:\/\/kt.gov.rs\/sq\/ndarja-e-kontratave-ne-medvegje-per-programin\/#primaryimage","url":"https:\/\/kt.gov.rs\/wp-content\/uploads\/2024\/07\/1611650018_260121_3-5.jpg","contentUrl":"https:\/\/kt.gov.rs\/wp-content\/uploads\/2024\/07\/1611650018_260121_3-5.jpg","width":315,"height":230},{"@type":"BreadcrumbList","@id":"https:\/\/kt.gov.rs\/sq\/ndarja-e-kontratave-ne-medvegje-per-programin\/#breadcrumb","itemListElement":[{"@type":"ListItem","position":1,"name":"\u041f\u043e\u0447\u0435\u0442\u043d\u0430","item":"https:\/\/kt.gov.rs\/sq\/"},{"@type":"ListItem","position":2,"name":"NDARJA E KONTRATAVE N\u00cb MEDVEGJ\u00cb P\u00cbR PROGRAMIN"}]},{"@type":"WebSite","@id":"https:\/\/kt.gov.rs\/#website","url":"https:\/\/kt.gov.rs\/","name":"\u041a\u043e\u043e\u0440\u0434\u0438\u043d\u0430\u0446\u0438\u043e\u043d\u043e \u0442\u0435\u043b\u043e \u0412\u043b\u0430\u0434\u0435 \u0420\u0435\u043f\u0443\u0431\u043b\u0438\u043a\u0435 \u0421\u0440\u0431\u0438\u0458\u0435 \u0437\u0430 \u043e\u043f\u0448\u0442\u0438\u043d\u0435 \u041f\u0440\u0435\u0448\u0435\u0432\u043e, \u0411\u0443\u0458\u0430\u043d\u043e\u0432\u0430\u0446 \u0438 \u041c\u0435\u0434\u0432\u0435\u0452a","description":"","publisher":{"@id":"https:\/\/kt.gov.rs\/#organization"},"alternateName":"\u041a\u043e\u043e\u0440\u0434\u0438\u043d\u0430\u0446\u0438\u043e\u043d\u043e \u0442\u0435\u043b\u043e","potentialAction":[{"@type":"SearchAction","target":{"@type":"EntryPoint","urlTemplate":"https:\/\/kt.gov.rs\/?s={search_term_string}"},"query-input":{"@type":"PropertyValueSpecification","valueRequired":true,"valueName":"search_term_string"}}],"inLanguage":"sq-AL"},{"@type":"Organization","@id":"https:\/\/kt.gov.rs\/#organization","name":"\u041a\u043e\u043e\u0440\u0434\u0438\u043d\u0430\u0446\u0438\u043e\u043d\u043e \u0442\u0435\u043b\u043e \u0412\u043b\u0430\u0434\u0435 \u0420\u0435\u043f\u0443\u0431\u043b\u0438\u043a\u0435 \u0421\u0440\u0431\u0438\u0458\u0435 \u0437\u0430 \u043e\u043f\u0448\u0442\u0438\u043d\u0435 \u041f\u0440\u0435\u0448\u0435\u0432\u043e, \u0411\u0443\u0458\u0430\u043d\u043e\u0432\u0430\u0446 \u0438 \u041c\u0435\u0434\u0432\u0435\u0452a","alternateName":"\u041a\u043e\u043e\u0440\u0434\u0438\u043d\u0430\u0446\u0438\u043e\u043d\u043e \u0442\u0435\u043b\u043e","url":"https:\/\/kt.gov.rs\/","logo":{"@type":"ImageObject","inLanguage":"sq-AL","@id":"https:\/\/kt.gov.rs\/#\/schema\/logo\/image\/","url":"https:\/\/kt.gov.rs\/wp-content\/uploads\/2024\/12\/koord2.jpg","contentUrl":"https:\/\/kt.gov.rs\/wp-content\/uploads\/2024\/12\/koord2.jpg","width":640,"height":480,"caption":"\u041a\u043e\u043e\u0440\u0434\u0438\u043d\u0430\u0446\u0438\u043e\u043d\u043e \u0442\u0435\u043b\u043e \u0412\u043b\u0430\u0434\u0435 \u0420\u0435\u043f\u0443\u0431\u043b\u0438\u043a\u0435 \u0421\u0440\u0431\u0438\u0458\u0435 \u0437\u0430 \u043e\u043f\u0448\u0442\u0438\u043d\u0435 \u041f\u0440\u0435\u0448\u0435\u0432\u043e, \u0411\u0443\u0458\u0430\u043d\u043e\u0432\u0430\u0446 \u0438 \u041c\u0435\u0434\u0432\u0435\u0452a"},"image":{"@id":"https:\/\/kt.gov.rs\/#\/schema\/logo\/image\/"},"sameAs":["https:\/\/www.facebook.com\/SluzbaKoordinacionogTelaVladeRepublikeSrbije","https:\/\/x.com\/kt_gov","https:\/\/www.youtube.com\/@koordinacionotelo"]},{"@type":"Person","@id":"https:\/\/kt.gov.rs\/#\/schema\/person\/e426459ddb4173309103390602694571","name":"ktmin","image":{"@type":"ImageObject","inLanguage":"sq-AL","@id":"https:\/\/secure.gravatar.com\/avatar\/3985c961109853010c3fbc7ba30365bfba5db3dd6c525831d9c595c7525a615a?s=96&d=mm&r=g","url":"https:\/\/secure.gravatar.com\/avatar\/3985c961109853010c3fbc7ba30365bfba5db3dd6c525831d9c595c7525a615a?s=96&d=mm&r=g","contentUrl":"https:\/\/secure.gravatar.com\/avatar\/3985c961109853010c3fbc7ba30365bfba5db3dd6c525831d9c595c7525a615a?s=96&d=mm&r=g","caption":"ktmin"},"sameAs":["https:\/\/kt.gov.rs"],"url":"https:\/\/kt.gov.rs\/sq\/author\/ktmin\/"}]}},"_links":{"self":[{"href":"https:\/\/kt.gov.rs\/sq\/wp-json\/wp\/v2\/posts\/111068","targetHints":{"allow":["GET"]}}],"collection":[{"href":"https:\/\/kt.gov.rs\/sq\/wp-json\/wp\/v2\/posts"}],"about":[{"href":"https:\/\/kt.gov.rs\/sq\/wp-json\/wp\/v2\/types\/post"}],"author":[{"embeddable":true,"href":"https:\/\/kt.gov.rs\/sq\/wp-json\/wp\/v2\/users\/1"}],"replies":[{"embeddable":true,"href":"https:\/\/kt.gov.rs\/sq\/wp-json\/wp\/v2\/comments?post=111068"}],"version-history":[{"count":1,"href":"https:\/\/kt.gov.rs\/sq\/wp-json\/wp\/v2\/posts\/111068\/revisions"}],"predecessor-version":[{"id":111072,"href":"https:\/\/kt.gov.rs\/sq\/wp-json\/wp\/v2\/posts\/111068\/revisions\/111072"}],"wp:featuredmedia":[{"embeddable":true,"href":"https:\/\/kt.gov.rs\/sq\/wp-json\/wp\/v2\/media\/111073"}],"wp:attachment":[{"href":"https:\/\/kt.gov.rs\/sq\/wp-json\/wp\/v2\/media?parent=111068"}],"wp:term":[{"taxonomy":"category","embeddable":true,"href":"https:\/\/kt.gov.rs\/sq\/wp-json\/wp\/v2\/categories?post=111068"},{"taxonomy":"post_tag","embeddable":true,"href":"https:\/\/kt.gov.rs\/sq\/wp-json\/wp\/v2\/tags?post=111068"}],"curies":[{"name":"wp","href":"https:\/\/api.w.org\/{rel}","templated":true}]}}