{"id":110860,"date":"2021-02-09T00:00:00","date_gmt":"2021-02-09T00:00:00","guid":{"rendered":"http:\/\/kt.printandscreen.rs\/konkursi-per-regjistrim-ne-shkollat-ushtarake-do-te-jete-i-hapur-nga-15-shkurti\/"},"modified":"2024-07-30T18:02:01","modified_gmt":"2024-07-30T18:02:01","slug":"konkursi-per-regjistrim-ne-shkollat-ushtarake-do-te-jete-i-hapur-nga-15-shkurti","status":"publish","type":"post","link":"https:\/\/kt.gov.rs\/sq\/konkursi-per-regjistrim-ne-shkollat-ushtarake-do-te-jete-i-hapur-nga-15-shkurti\/","title":{"rendered":"KONKURSI P\u00cbR REGJISTRIM N\u00cb SHKOLLAT USHTARAKE DO T\u00cb JET\u00cb I HAPUR NGA 15 SHKURTI"},"content":{"rendered":"<p>\n\t<strong><img decoding=\"async\" alt=\"\" src=\"https:\/\/kt.gov.rs\/wp-content\/uploads\/2024\/07\/1612867216_090221_3-4.jpg\" style=\"width: 315px; height: 230px; float: left;\" \/><\/strong>Ministria e Mbrojtjes njoftoi se konkursi p\u00ebr regjistrim n\u00eb shkollat \u200b\u200bushtarake do t\u00eb hapet m\u00eb 15 shkurt t\u00eb k\u00ebtij viti. Ministria fton t\u00eb gjith\u00eb ata q\u00eb jan\u00eb t\u00eb interesuar t\u00eb regjistrohen n\u00eb shkollat \u200b\u200bushtarake t\u00eb ndjekin uebfaqen dhe urdh\u00ebrat zyrtar\u00eb t\u00eb Ministris\u00eb s\u00eb Mbrojtjes dhe Ushtris\u00eb s\u00eb Serbis\u00eb n\u00eb rrjetet sociale, ku kushtet e konkursit do t\u00eb shpallen zyrtarisht m\u00eb 15 shkurt 2021.<\/p>\n<p>\n\t<em>Nx\u00ebn\u00ebsit e e viteve t\u00eb fundit t\u00eb shkollave fillore dhe t\u00eb mesme mund t\u00eb aplikojn\u00eb p\u00ebr n\u00eb Akademin\u00eb Ushtarake, Fakultetin e Mjek\u00ebsis\u00eb\u00a0 VMA, Gjimnazin Ushtarak dhe Shkoll\u00ebn e Mesme Ushtarake Profesionale.<\/em><\/p>\n<p>\n\tArsimi n\u00eb Akademin\u00eb Ushtarake, <em>Fakultetin e Mjek\u00ebsis\u00eb\u00a0 VMA<\/em> dhe Gjimnazin Ushtarak \u00ebsht\u00eb falas. Student\u00ebve dhe kadet\u00ebve u ofrohet strehim i rehatsh\u00ebm falas, ushqim cil\u00ebsor, kujdes sh\u00ebndet\u00ebsor i lart\u00eb, libra shkollor\u00eb dhe mjete m\u00ebsimore moderne, qendra dhe fusha sportive\u00a0 t\u00eb gjitha me q\u00ebllim t\u00eb arsimit m\u00eb cil\u00ebsor.<\/p>\n<p>\n\tSipas njoftimit t\u00eb Ministris\u00eb s\u00eb Mbrojtjes, diplomat e Akademis\u00eb Ushtarake dhe <em>Fakultetit<\/em>\u00a0t\u00eb\u00a0<em>Mjek\u00ebsis\u00eb<\/em> t\u00eb VMA\u00a0 njihen dhe pranohen n\u00eb sistemin e arsimit t\u00eb lart\u00eb t\u00eb Republik\u00ebs s\u00eb Serbis\u00eb dhe student\u00ebt dhe kadet\u00ebt do t\u00eb ken\u00eb mund\u00ebsia p\u00ebr trajnim dhe avancim q\u00eb u ofrohet n\u00ebnoficer\u00ebve dhe oficer\u00ebve t\u00eb ardhsh\u00ebm.<\/p>\n<p>\n\t&quot;Kursi i stafit komandues, trajnimi komandues dhe i p\u00ebrgjithsh\u00ebm, studime t\u00eb larta t\u00eb siguris\u00eb dhe mbrojtjes, studime master dhe doktoratur\u00eb n\u00eb universitetin e mbrojtjes, kurse dhe trajnime t\u00eb shumta si brenda dhe jasht\u00eb vendit, do t\u00eb pasurojn\u00eb fondin e njohurive dhe aft\u00ebsive t\u00eb oficer\u00ebve t\u00eb Ushtris\u00eb s\u00eb Serbis\u00eb \u00a0dhe t&#39;u mund\u00ebsoj\u00eb atyre t\u00eb marrin disa nga pozicionet m\u00eb t\u00eb p\u00ebrgjegjshme n\u00eb sistemin e mbrojtjes &quot;, u tha n\u00eb deklarat\u00eb.<\/p>\n<p>\n\tAta tregojn\u00eb se fonde t\u00eb konsiderueshme jan\u00eb investuar, gjat\u00eb viteve t\u00eb fundit n\u00eb pajisjen e Ushtris\u00eb s\u00eb Serbis\u00eb me arm\u00ebt m\u00eb moderne.<\/p>\n<p>\n\t&quot;Oficer\u00ebt dhe n\u00ebnoficer\u00ebt e ardhsh\u00ebm do t\u00eb komandojn\u00eb njer\u00ebzit dhe do t\u00eb p\u00ebrdorin pajisjet me karakteristika luftarake q\u00eb jan\u00eb t\u00eb barabarta me ato n\u00eb ushtrit\u00eb m\u00eb t\u00eb fuqishme n\u00eb bot\u00eb, t\u00eb cilat n\u00eb shum\u00eb aspekte nuk kan\u00eb asnj\u00eb t\u00eb barabart\u00eb n\u00eb rajon&quot; u tha n\u00eb nj\u00eb deklarat\u00eb.<\/p>\n<p>\n\t<strong>Burimi: Politika,RTS,RTV, Ve\u00e7ernje Novosti dhe Trupi Koordinues<\/strong><\/p>\n<p>\n\t\u00a0<\/p>\n","protected":false},"excerpt":{"rendered":"<p>Ministria e Mbrojtjes njoftoi se konkursi p\u00ebr regjistrim n\u00eb shkollat \u200b\u200bushtarake do t\u00eb hapet m\u00eb 15 shkurt t\u00eb k\u00ebtij viti. Ministria fton t\u00eb gjith\u00eb ata q\u00eb jan\u00eb t\u00eb interesuar t\u00eb regjistrohen n\u00eb shkollat \u200b\u200bushtarake t\u00eb ndjekin uebfaqen dhe urdh\u00ebrat zyrtar\u00eb t\u00eb Ministris\u00eb s\u00eb Mbrojtjes\u2026<\/p>\n","protected":false},"author":1,"featured_media":110865,"comment_status":"closed","ping_status":"closed","sticky":false,"template":"","format":"standard","meta":{"footnotes":""},"categories":[55],"tags":[],"class_list":["post-110860","post","type-post","status-publish","format-standard","has-post-thumbnail","hentry","category-lajme"],"yoast_head":"<!-- This site is optimized with the Yoast SEO plugin v27.5 - https:\/\/yoast.com\/product\/yoast-seo-wordpress\/ -->\n<title>KONKURSI P\u00cbR REGJISTRIM N\u00cb SHKOLLAT USHTARAKE DO T\u00cb JET\u00cb I HAPUR NGA 15 SHKURTI - Republika e S\u00ebrbis\u00eb Trupi Koordinues p\u00ebr komunat Bujanoc, Preshev\u00eb dhe Medvegj\u00eb<\/title>\n<meta name=\"robots\" content=\"index, follow, max-snippet:-1, max-image-preview:large, max-video-preview:-1\" \/>\n<link rel=\"canonical\" href=\"https:\/\/kt.gov.rs\/sq\/konkursi-per-regjistrim-ne-shkollat-ushtarake-do-te-jete-i-hapur-nga-15-shkurti\/\" \/>\n<meta property=\"og:locale\" content=\"sq_AL\" \/>\n<meta property=\"og:type\" content=\"article\" \/>\n<meta property=\"og:title\" content=\"KONKURSI P\u00cbR REGJISTRIM N\u00cb SHKOLLAT USHTARAKE DO T\u00cb JET\u00cb I HAPUR NGA 15 SHKURTI - Republika e S\u00ebrbis\u00eb Trupi Koordinues p\u00ebr komunat Bujanoc, Preshev\u00eb dhe Medvegj\u00eb\" \/>\n<meta property=\"og:description\" content=\"Ministria e Mbrojtjes njoftoi se konkursi p\u00ebr regjistrim n\u00eb shkollat \u200b\u200bushtarake do t\u00eb hapet m\u00eb 15 shkurt t\u00eb k\u00ebtij viti. Ministria fton t\u00eb gjith\u00eb ata q\u00eb jan\u00eb t\u00eb interesuar t\u00eb regjistrohen n\u00eb shkollat \u200b\u200bushtarake t\u00eb ndjekin uebfaqen dhe urdh\u00ebrat zyrtar\u00eb t\u00eb Ministris\u00eb s\u00eb Mbrojtjes...\" \/>\n<meta property=\"og:url\" content=\"https:\/\/kt.gov.rs\/sq\/konkursi-per-regjistrim-ne-shkollat-ushtarake-do-te-jete-i-hapur-nga-15-shkurti\/\" \/>\n<meta property=\"og:site_name\" content=\"Republika e S\u00ebrbis\u00eb Trupi Koordinues p\u00ebr komunat Bujanoc, Preshev\u00eb dhe Medvegj\u00eb\" \/>\n<meta property=\"article:publisher\" content=\"https:\/\/www.facebook.com\/SluzbaKoordinacionogTelaVladeRepublikeSrbije\" \/>\n<meta property=\"article:published_time\" content=\"2021-02-09T00:00:00+00:00\" \/>\n<meta property=\"article:modified_time\" content=\"2024-07-30T18:02:01+00:00\" \/>\n<meta property=\"og:image\" content=\"https:\/\/kt.gov.rs\/wp-content\/uploads\/2024\/07\/1612867216_090221_3-5.jpg\" \/>\n\t<meta property=\"og:image:width\" content=\"315\" \/>\n\t<meta property=\"og:image:height\" content=\"230\" \/>\n\t<meta property=\"og:image:type\" content=\"image\/jpeg\" \/>\n<meta name=\"author\" content=\"ktmin\" \/>\n<meta name=\"twitter:card\" content=\"summary_large_image\" \/>\n<meta name=\"twitter:creator\" content=\"@kt_gov\" \/>\n<meta name=\"twitter:site\" content=\"@kt_gov\" \/>\n<meta name=\"twitter:label1\" content=\"Written by\" \/>\n\t<meta name=\"twitter:data1\" content=\"ktmin\" \/>\n\t<meta name=\"twitter:label2\" content=\"Est. reading time\" \/>\n\t<meta name=\"twitter:data2\" content=\"3 minutes\" \/>\n<script type=\"application\/ld+json\" class=\"yoast-schema-graph\">{\"@context\":\"https:\\\/\\\/schema.org\",\"@graph\":[{\"@type\":\"Article\",\"@id\":\"https:\\\/\\\/kt.gov.rs\\\/sq\\\/konkursi-per-regjistrim-ne-shkollat-ushtarake-do-te-jete-i-hapur-nga-15-shkurti\\\/#article\",\"isPartOf\":{\"@id\":\"https:\\\/\\\/kt.gov.rs\\\/sq\\\/konkursi-per-regjistrim-ne-shkollat-ushtarake-do-te-jete-i-hapur-nga-15-shkurti\\\/\"},\"author\":{\"name\":\"ktmin\",\"@id\":\"https:\\\/\\\/kt.gov.rs\\\/#\\\/schema\\\/person\\\/e426459ddb4173309103390602694571\"},\"headline\":\"KONKURSI P\u00cbR REGJISTRIM N\u00cb SHKOLLAT USHTARAKE DO T\u00cb JET\u00cb I HAPUR NGA 15 SHKURTI\",\"datePublished\":\"2021-02-09T00:00:00+00:00\",\"dateModified\":\"2024-07-30T18:02:01+00:00\",\"mainEntityOfPage\":{\"@id\":\"https:\\\/\\\/kt.gov.rs\\\/sq\\\/konkursi-per-regjistrim-ne-shkollat-ushtarake-do-te-jete-i-hapur-nga-15-shkurti\\\/\"},\"wordCount\":554,\"publisher\":{\"@id\":\"https:\\\/\\\/kt.gov.rs\\\/#organization\"},\"image\":{\"@id\":\"https:\\\/\\\/kt.gov.rs\\\/sq\\\/konkursi-per-regjistrim-ne-shkollat-ushtarake-do-te-jete-i-hapur-nga-15-shkurti\\\/#primaryimage\"},\"thumbnailUrl\":\"https:\\\/\\\/kt.gov.rs\\\/wp-content\\\/uploads\\\/2024\\\/07\\\/1612867216_090221_3-5.jpg\",\"articleSection\":[\"Lajme\"],\"inLanguage\":\"sq-AL\"},{\"@type\":\"WebPage\",\"@id\":\"https:\\\/\\\/kt.gov.rs\\\/sq\\\/konkursi-per-regjistrim-ne-shkollat-ushtarake-do-te-jete-i-hapur-nga-15-shkurti\\\/\",\"url\":\"https:\\\/\\\/kt.gov.rs\\\/sq\\\/konkursi-per-regjistrim-ne-shkollat-ushtarake-do-te-jete-i-hapur-nga-15-shkurti\\\/\",\"name\":\"KONKURSI P\u00cbR REGJISTRIM N\u00cb SHKOLLAT USHTARAKE DO T\u00cb JET\u00cb I HAPUR NGA 15 SHKURTI - Republika e S\u00ebrbis\u00eb Trupi Koordinues p\u00ebr komunat Bujanoc, Preshev\u00eb dhe Medvegj\u00eb\",\"isPartOf\":{\"@id\":\"https:\\\/\\\/kt.gov.rs\\\/#website\"},\"primaryImageOfPage\":{\"@id\":\"https:\\\/\\\/kt.gov.rs\\\/sq\\\/konkursi-per-regjistrim-ne-shkollat-ushtarake-do-te-jete-i-hapur-nga-15-shkurti\\\/#primaryimage\"},\"image\":{\"@id\":\"https:\\\/\\\/kt.gov.rs\\\/sq\\\/konkursi-per-regjistrim-ne-shkollat-ushtarake-do-te-jete-i-hapur-nga-15-shkurti\\\/#primaryimage\"},\"thumbnailUrl\":\"https:\\\/\\\/kt.gov.rs\\\/wp-content\\\/uploads\\\/2024\\\/07\\\/1612867216_090221_3-5.jpg\",\"datePublished\":\"2021-02-09T00:00:00+00:00\",\"dateModified\":\"2024-07-30T18:02:01+00:00\",\"breadcrumb\":{\"@id\":\"https:\\\/\\\/kt.gov.rs\\\/sq\\\/konkursi-per-regjistrim-ne-shkollat-ushtarake-do-te-jete-i-hapur-nga-15-shkurti\\\/#breadcrumb\"},\"inLanguage\":\"sq-AL\",\"potentialAction\":[{\"@type\":\"ReadAction\",\"target\":[\"https:\\\/\\\/kt.gov.rs\\\/sq\\\/konkursi-per-regjistrim-ne-shkollat-ushtarake-do-te-jete-i-hapur-nga-15-shkurti\\\/\"]}]},{\"@type\":\"ImageObject\",\"inLanguage\":\"sq-AL\",\"@id\":\"https:\\\/\\\/kt.gov.rs\\\/sq\\\/konkursi-per-regjistrim-ne-shkollat-ushtarake-do-te-jete-i-hapur-nga-15-shkurti\\\/#primaryimage\",\"url\":\"https:\\\/\\\/kt.gov.rs\\\/wp-content\\\/uploads\\\/2024\\\/07\\\/1612867216_090221_3-5.jpg\",\"contentUrl\":\"https:\\\/\\\/kt.gov.rs\\\/wp-content\\\/uploads\\\/2024\\\/07\\\/1612867216_090221_3-5.jpg\",\"width\":315,\"height\":230},{\"@type\":\"BreadcrumbList\",\"@id\":\"https:\\\/\\\/kt.gov.rs\\\/sq\\\/konkursi-per-regjistrim-ne-shkollat-ushtarake-do-te-jete-i-hapur-nga-15-shkurti\\\/#breadcrumb\",\"itemListElement\":[{\"@type\":\"ListItem\",\"position\":1,\"name\":\"\u041f\u043e\u0447\u0435\u0442\u043d\u0430\",\"item\":\"https:\\\/\\\/kt.gov.rs\\\/sq\\\/\"},{\"@type\":\"ListItem\",\"position\":2,\"name\":\"KONKURSI P\u00cbR REGJISTRIM N\u00cb SHKOLLAT USHTARAKE DO T\u00cb JET\u00cb I HAPUR NGA 15 SHKURTI\"}]},{\"@type\":\"WebSite\",\"@id\":\"https:\\\/\\\/kt.gov.rs\\\/#website\",\"url\":\"https:\\\/\\\/kt.gov.rs\\\/\",\"name\":\"\u041a\u043e\u043e\u0440\u0434\u0438\u043d\u0430\u0446\u0438\u043e\u043d\u043e \u0442\u0435\u043b\u043e \u0412\u043b\u0430\u0434\u0435 \u0420\u0435\u043f\u0443\u0431\u043b\u0438\u043a\u0435 \u0421\u0440\u0431\u0438\u0458\u0435 \u0437\u0430 \u043e\u043f\u0448\u0442\u0438\u043d\u0435 \u041f\u0440\u0435\u0448\u0435\u0432\u043e, \u0411\u0443\u0458\u0430\u043d\u043e\u0432\u0430\u0446 \u0438 \u041c\u0435\u0434\u0432\u0435\u0452a\",\"description\":\"\",\"publisher\":{\"@id\":\"https:\\\/\\\/kt.gov.rs\\\/#organization\"},\"alternateName\":\"\u041a\u043e\u043e\u0440\u0434\u0438\u043d\u0430\u0446\u0438\u043e\u043d\u043e \u0442\u0435\u043b\u043e\",\"potentialAction\":[{\"@type\":\"SearchAction\",\"target\":{\"@type\":\"EntryPoint\",\"urlTemplate\":\"https:\\\/\\\/kt.gov.rs\\\/?s={search_term_string}\"},\"query-input\":{\"@type\":\"PropertyValueSpecification\",\"valueRequired\":true,\"valueName\":\"search_term_string\"}}],\"inLanguage\":\"sq-AL\"},{\"@type\":\"Organization\",\"@id\":\"https:\\\/\\\/kt.gov.rs\\\/#organization\",\"name\":\"\u041a\u043e\u043e\u0440\u0434\u0438\u043d\u0430\u0446\u0438\u043e\u043d\u043e \u0442\u0435\u043b\u043e \u0412\u043b\u0430\u0434\u0435 \u0420\u0435\u043f\u0443\u0431\u043b\u0438\u043a\u0435 \u0421\u0440\u0431\u0438\u0458\u0435 \u0437\u0430 \u043e\u043f\u0448\u0442\u0438\u043d\u0435 \u041f\u0440\u0435\u0448\u0435\u0432\u043e, \u0411\u0443\u0458\u0430\u043d\u043e\u0432\u0430\u0446 \u0438 \u041c\u0435\u0434\u0432\u0435\u0452a\",\"alternateName\":\"\u041a\u043e\u043e\u0440\u0434\u0438\u043d\u0430\u0446\u0438\u043e\u043d\u043e \u0442\u0435\u043b\u043e\",\"url\":\"https:\\\/\\\/kt.gov.rs\\\/\",\"logo\":{\"@type\":\"ImageObject\",\"inLanguage\":\"sq-AL\",\"@id\":\"https:\\\/\\\/kt.gov.rs\\\/#\\\/schema\\\/logo\\\/image\\\/\",\"url\":\"https:\\\/\\\/kt.gov.rs\\\/wp-content\\\/uploads\\\/2024\\\/12\\\/koord2.jpg\",\"contentUrl\":\"https:\\\/\\\/kt.gov.rs\\\/wp-content\\\/uploads\\\/2024\\\/12\\\/koord2.jpg\",\"width\":640,\"height\":480,\"caption\":\"\u041a\u043e\u043e\u0440\u0434\u0438\u043d\u0430\u0446\u0438\u043e\u043d\u043e \u0442\u0435\u043b\u043e \u0412\u043b\u0430\u0434\u0435 \u0420\u0435\u043f\u0443\u0431\u043b\u0438\u043a\u0435 \u0421\u0440\u0431\u0438\u0458\u0435 \u0437\u0430 \u043e\u043f\u0448\u0442\u0438\u043d\u0435 \u041f\u0440\u0435\u0448\u0435\u0432\u043e, \u0411\u0443\u0458\u0430\u043d\u043e\u0432\u0430\u0446 \u0438 \u041c\u0435\u0434\u0432\u0435\u0452a\"},\"image\":{\"@id\":\"https:\\\/\\\/kt.gov.rs\\\/#\\\/schema\\\/logo\\\/image\\\/\"},\"sameAs\":[\"https:\\\/\\\/www.facebook.com\\\/SluzbaKoordinacionogTelaVladeRepublikeSrbije\",\"https:\\\/\\\/x.com\\\/kt_gov\",\"https:\\\/\\\/www.youtube.com\\\/@koordinacionotelo\"]},{\"@type\":\"Person\",\"@id\":\"https:\\\/\\\/kt.gov.rs\\\/#\\\/schema\\\/person\\\/e426459ddb4173309103390602694571\",\"name\":\"ktmin\",\"image\":{\"@type\":\"ImageObject\",\"inLanguage\":\"sq-AL\",\"@id\":\"https:\\\/\\\/secure.gravatar.com\\\/avatar\\\/3985c961109853010c3fbc7ba30365bfba5db3dd6c525831d9c595c7525a615a?s=96&d=mm&r=g\",\"url\":\"https:\\\/\\\/secure.gravatar.com\\\/avatar\\\/3985c961109853010c3fbc7ba30365bfba5db3dd6c525831d9c595c7525a615a?s=96&d=mm&r=g\",\"contentUrl\":\"https:\\\/\\\/secure.gravatar.com\\\/avatar\\\/3985c961109853010c3fbc7ba30365bfba5db3dd6c525831d9c595c7525a615a?s=96&d=mm&r=g\",\"caption\":\"ktmin\"},\"sameAs\":[\"https:\\\/\\\/kt.gov.rs\"],\"url\":\"https:\\\/\\\/kt.gov.rs\\\/sq\\\/author\\\/ktmin\\\/\"}]}<\/script>\n<!-- \/ Yoast SEO plugin. -->","yoast_head_json":{"title":"KONKURSI P\u00cbR REGJISTRIM N\u00cb SHKOLLAT USHTARAKE DO T\u00cb JET\u00cb I HAPUR NGA 15 SHKURTI - Republika e S\u00ebrbis\u00eb Trupi Koordinues p\u00ebr komunat Bujanoc, Preshev\u00eb dhe Medvegj\u00eb","robots":{"index":"index","follow":"follow","max-snippet":"max-snippet:-1","max-image-preview":"max-image-preview:large","max-video-preview":"max-video-preview:-1"},"canonical":"https:\/\/kt.gov.rs\/sq\/konkursi-per-regjistrim-ne-shkollat-ushtarake-do-te-jete-i-hapur-nga-15-shkurti\/","og_locale":"sq_AL","og_type":"article","og_title":"KONKURSI P\u00cbR REGJISTRIM N\u00cb SHKOLLAT USHTARAKE DO T\u00cb JET\u00cb I HAPUR NGA 15 SHKURTI - Republika e S\u00ebrbis\u00eb Trupi Koordinues p\u00ebr komunat Bujanoc, Preshev\u00eb dhe Medvegj\u00eb","og_description":"Ministria e Mbrojtjes njoftoi se konkursi p\u00ebr regjistrim n\u00eb shkollat \u200b\u200bushtarake do t\u00eb hapet m\u00eb 15 shkurt t\u00eb k\u00ebtij viti. Ministria fton t\u00eb gjith\u00eb ata q\u00eb jan\u00eb t\u00eb interesuar t\u00eb regjistrohen n\u00eb shkollat \u200b\u200bushtarake t\u00eb ndjekin uebfaqen dhe urdh\u00ebrat zyrtar\u00eb t\u00eb Ministris\u00eb s\u00eb Mbrojtjes...","og_url":"https:\/\/kt.gov.rs\/sq\/konkursi-per-regjistrim-ne-shkollat-ushtarake-do-te-jete-i-hapur-nga-15-shkurti\/","og_site_name":"Republika e S\u00ebrbis\u00eb Trupi Koordinues p\u00ebr komunat Bujanoc, Preshev\u00eb dhe Medvegj\u00eb","article_publisher":"https:\/\/www.facebook.com\/SluzbaKoordinacionogTelaVladeRepublikeSrbije","article_published_time":"2021-02-09T00:00:00+00:00","article_modified_time":"2024-07-30T18:02:01+00:00","og_image":[{"width":315,"height":230,"url":"https:\/\/kt.gov.rs\/wp-content\/uploads\/2024\/07\/1612867216_090221_3-5.jpg","type":"image\/jpeg"}],"author":"ktmin","twitter_card":"summary_large_image","twitter_creator":"@kt_gov","twitter_site":"@kt_gov","twitter_misc":{"Written by":"ktmin","Est. reading time":"3 minutes"},"schema":{"@context":"https:\/\/schema.org","@graph":[{"@type":"Article","@id":"https:\/\/kt.gov.rs\/sq\/konkursi-per-regjistrim-ne-shkollat-ushtarake-do-te-jete-i-hapur-nga-15-shkurti\/#article","isPartOf":{"@id":"https:\/\/kt.gov.rs\/sq\/konkursi-per-regjistrim-ne-shkollat-ushtarake-do-te-jete-i-hapur-nga-15-shkurti\/"},"author":{"name":"ktmin","@id":"https:\/\/kt.gov.rs\/#\/schema\/person\/e426459ddb4173309103390602694571"},"headline":"KONKURSI P\u00cbR REGJISTRIM N\u00cb SHKOLLAT USHTARAKE DO T\u00cb JET\u00cb I HAPUR NGA 15 SHKURTI","datePublished":"2021-02-09T00:00:00+00:00","dateModified":"2024-07-30T18:02:01+00:00","mainEntityOfPage":{"@id":"https:\/\/kt.gov.rs\/sq\/konkursi-per-regjistrim-ne-shkollat-ushtarake-do-te-jete-i-hapur-nga-15-shkurti\/"},"wordCount":554,"publisher":{"@id":"https:\/\/kt.gov.rs\/#organization"},"image":{"@id":"https:\/\/kt.gov.rs\/sq\/konkursi-per-regjistrim-ne-shkollat-ushtarake-do-te-jete-i-hapur-nga-15-shkurti\/#primaryimage"},"thumbnailUrl":"https:\/\/kt.gov.rs\/wp-content\/uploads\/2024\/07\/1612867216_090221_3-5.jpg","articleSection":["Lajme"],"inLanguage":"sq-AL"},{"@type":"WebPage","@id":"https:\/\/kt.gov.rs\/sq\/konkursi-per-regjistrim-ne-shkollat-ushtarake-do-te-jete-i-hapur-nga-15-shkurti\/","url":"https:\/\/kt.gov.rs\/sq\/konkursi-per-regjistrim-ne-shkollat-ushtarake-do-te-jete-i-hapur-nga-15-shkurti\/","name":"KONKURSI P\u00cbR REGJISTRIM N\u00cb SHKOLLAT USHTARAKE DO T\u00cb JET\u00cb I HAPUR NGA 15 SHKURTI - Republika e S\u00ebrbis\u00eb Trupi Koordinues p\u00ebr komunat Bujanoc, Preshev\u00eb dhe Medvegj\u00eb","isPartOf":{"@id":"https:\/\/kt.gov.rs\/#website"},"primaryImageOfPage":{"@id":"https:\/\/kt.gov.rs\/sq\/konkursi-per-regjistrim-ne-shkollat-ushtarake-do-te-jete-i-hapur-nga-15-shkurti\/#primaryimage"},"image":{"@id":"https:\/\/kt.gov.rs\/sq\/konkursi-per-regjistrim-ne-shkollat-ushtarake-do-te-jete-i-hapur-nga-15-shkurti\/#primaryimage"},"thumbnailUrl":"https:\/\/kt.gov.rs\/wp-content\/uploads\/2024\/07\/1612867216_090221_3-5.jpg","datePublished":"2021-02-09T00:00:00+00:00","dateModified":"2024-07-30T18:02:01+00:00","breadcrumb":{"@id":"https:\/\/kt.gov.rs\/sq\/konkursi-per-regjistrim-ne-shkollat-ushtarake-do-te-jete-i-hapur-nga-15-shkurti\/#breadcrumb"},"inLanguage":"sq-AL","potentialAction":[{"@type":"ReadAction","target":["https:\/\/kt.gov.rs\/sq\/konkursi-per-regjistrim-ne-shkollat-ushtarake-do-te-jete-i-hapur-nga-15-shkurti\/"]}]},{"@type":"ImageObject","inLanguage":"sq-AL","@id":"https:\/\/kt.gov.rs\/sq\/konkursi-per-regjistrim-ne-shkollat-ushtarake-do-te-jete-i-hapur-nga-15-shkurti\/#primaryimage","url":"https:\/\/kt.gov.rs\/wp-content\/uploads\/2024\/07\/1612867216_090221_3-5.jpg","contentUrl":"https:\/\/kt.gov.rs\/wp-content\/uploads\/2024\/07\/1612867216_090221_3-5.jpg","width":315,"height":230},{"@type":"BreadcrumbList","@id":"https:\/\/kt.gov.rs\/sq\/konkursi-per-regjistrim-ne-shkollat-ushtarake-do-te-jete-i-hapur-nga-15-shkurti\/#breadcrumb","itemListElement":[{"@type":"ListItem","position":1,"name":"\u041f\u043e\u0447\u0435\u0442\u043d\u0430","item":"https:\/\/kt.gov.rs\/sq\/"},{"@type":"ListItem","position":2,"name":"KONKURSI P\u00cbR REGJISTRIM N\u00cb SHKOLLAT USHTARAKE DO T\u00cb JET\u00cb I HAPUR NGA 15 SHKURTI"}]},{"@type":"WebSite","@id":"https:\/\/kt.gov.rs\/#website","url":"https:\/\/kt.gov.rs\/","name":"\u041a\u043e\u043e\u0440\u0434\u0438\u043d\u0430\u0446\u0438\u043e\u043d\u043e \u0442\u0435\u043b\u043e \u0412\u043b\u0430\u0434\u0435 \u0420\u0435\u043f\u0443\u0431\u043b\u0438\u043a\u0435 \u0421\u0440\u0431\u0438\u0458\u0435 \u0437\u0430 \u043e\u043f\u0448\u0442\u0438\u043d\u0435 \u041f\u0440\u0435\u0448\u0435\u0432\u043e, \u0411\u0443\u0458\u0430\u043d\u043e\u0432\u0430\u0446 \u0438 \u041c\u0435\u0434\u0432\u0435\u0452a","description":"","publisher":{"@id":"https:\/\/kt.gov.rs\/#organization"},"alternateName":"\u041a\u043e\u043e\u0440\u0434\u0438\u043d\u0430\u0446\u0438\u043e\u043d\u043e \u0442\u0435\u043b\u043e","potentialAction":[{"@type":"SearchAction","target":{"@type":"EntryPoint","urlTemplate":"https:\/\/kt.gov.rs\/?s={search_term_string}"},"query-input":{"@type":"PropertyValueSpecification","valueRequired":true,"valueName":"search_term_string"}}],"inLanguage":"sq-AL"},{"@type":"Organization","@id":"https:\/\/kt.gov.rs\/#organization","name":"\u041a\u043e\u043e\u0440\u0434\u0438\u043d\u0430\u0446\u0438\u043e\u043d\u043e \u0442\u0435\u043b\u043e \u0412\u043b\u0430\u0434\u0435 \u0420\u0435\u043f\u0443\u0431\u043b\u0438\u043a\u0435 \u0421\u0440\u0431\u0438\u0458\u0435 \u0437\u0430 \u043e\u043f\u0448\u0442\u0438\u043d\u0435 \u041f\u0440\u0435\u0448\u0435\u0432\u043e, \u0411\u0443\u0458\u0430\u043d\u043e\u0432\u0430\u0446 \u0438 \u041c\u0435\u0434\u0432\u0435\u0452a","alternateName":"\u041a\u043e\u043e\u0440\u0434\u0438\u043d\u0430\u0446\u0438\u043e\u043d\u043e \u0442\u0435\u043b\u043e","url":"https:\/\/kt.gov.rs\/","logo":{"@type":"ImageObject","inLanguage":"sq-AL","@id":"https:\/\/kt.gov.rs\/#\/schema\/logo\/image\/","url":"https:\/\/kt.gov.rs\/wp-content\/uploads\/2024\/12\/koord2.jpg","contentUrl":"https:\/\/kt.gov.rs\/wp-content\/uploads\/2024\/12\/koord2.jpg","width":640,"height":480,"caption":"\u041a\u043e\u043e\u0440\u0434\u0438\u043d\u0430\u0446\u0438\u043e\u043d\u043e \u0442\u0435\u043b\u043e \u0412\u043b\u0430\u0434\u0435 \u0420\u0435\u043f\u0443\u0431\u043b\u0438\u043a\u0435 \u0421\u0440\u0431\u0438\u0458\u0435 \u0437\u0430 \u043e\u043f\u0448\u0442\u0438\u043d\u0435 \u041f\u0440\u0435\u0448\u0435\u0432\u043e, \u0411\u0443\u0458\u0430\u043d\u043e\u0432\u0430\u0446 \u0438 \u041c\u0435\u0434\u0432\u0435\u0452a"},"image":{"@id":"https:\/\/kt.gov.rs\/#\/schema\/logo\/image\/"},"sameAs":["https:\/\/www.facebook.com\/SluzbaKoordinacionogTelaVladeRepublikeSrbije","https:\/\/x.com\/kt_gov","https:\/\/www.youtube.com\/@koordinacionotelo"]},{"@type":"Person","@id":"https:\/\/kt.gov.rs\/#\/schema\/person\/e426459ddb4173309103390602694571","name":"ktmin","image":{"@type":"ImageObject","inLanguage":"sq-AL","@id":"https:\/\/secure.gravatar.com\/avatar\/3985c961109853010c3fbc7ba30365bfba5db3dd6c525831d9c595c7525a615a?s=96&d=mm&r=g","url":"https:\/\/secure.gravatar.com\/avatar\/3985c961109853010c3fbc7ba30365bfba5db3dd6c525831d9c595c7525a615a?s=96&d=mm&r=g","contentUrl":"https:\/\/secure.gravatar.com\/avatar\/3985c961109853010c3fbc7ba30365bfba5db3dd6c525831d9c595c7525a615a?s=96&d=mm&r=g","caption":"ktmin"},"sameAs":["https:\/\/kt.gov.rs"],"url":"https:\/\/kt.gov.rs\/sq\/author\/ktmin\/"}]}},"_links":{"self":[{"href":"https:\/\/kt.gov.rs\/sq\/wp-json\/wp\/v2\/posts\/110860","targetHints":{"allow":["GET"]}}],"collection":[{"href":"https:\/\/kt.gov.rs\/sq\/wp-json\/wp\/v2\/posts"}],"about":[{"href":"https:\/\/kt.gov.rs\/sq\/wp-json\/wp\/v2\/types\/post"}],"author":[{"embeddable":true,"href":"https:\/\/kt.gov.rs\/sq\/wp-json\/wp\/v2\/users\/1"}],"replies":[{"embeddable":true,"href":"https:\/\/kt.gov.rs\/sq\/wp-json\/wp\/v2\/comments?post=110860"}],"version-history":[{"count":1,"href":"https:\/\/kt.gov.rs\/sq\/wp-json\/wp\/v2\/posts\/110860\/revisions"}],"predecessor-version":[{"id":110864,"href":"https:\/\/kt.gov.rs\/sq\/wp-json\/wp\/v2\/posts\/110860\/revisions\/110864"}],"wp:featuredmedia":[{"embeddable":true,"href":"https:\/\/kt.gov.rs\/sq\/wp-json\/wp\/v2\/media\/110865"}],"wp:attachment":[{"href":"https:\/\/kt.gov.rs\/sq\/wp-json\/wp\/v2\/media?parent=110860"}],"wp:term":[{"taxonomy":"category","embeddable":true,"href":"https:\/\/kt.gov.rs\/sq\/wp-json\/wp\/v2\/categories?post=110860"},{"taxonomy":"post_tag","embeddable":true,"href":"https:\/\/kt.gov.rs\/sq\/wp-json\/wp\/v2\/tags?post=110860"}],"curies":[{"name":"wp","href":"https:\/\/api.w.org\/{rel}","templated":true}]}}