{"id":110796,"date":"2021-02-12T00:00:00","date_gmt":"2021-02-12T00:00:00","guid":{"rendered":"http:\/\/kt.printandscreen.rs\/portali-i-sipermarresise-i-ministrise-se-ekonomise-edhe-nje-mbeshtetje-per-nvm\/"},"modified":"2024-07-30T18:01:56","modified_gmt":"2024-07-30T18:01:56","slug":"portali-i-sipermarresise-i-ministrise-se-ekonomise-edhe-nje-mbeshtetje-per-nvm","status":"publish","type":"post","link":"https:\/\/kt.gov.rs\/sq\/portali-i-sipermarresise-i-ministrise-se-ekonomise-edhe-nje-mbeshtetje-per-nvm\/","title":{"rendered":"PORTALI I SIP\u00cbRMARR\u00cbSIS\u00cb I MINISTRIS\u00cb S\u00cb EKONOMIS\u00cb EDHE NJ\u00cb MB\u00cbSHTETJE P\u00cbR NVM"},"content":{"rendered":"<p>\n\t<img decoding=\"async\" alt=\"\" src=\"https:\/\/kt.gov.rs\/wp-content\/uploads\/2024\/07\/1613124868_12022021_01-4.jpg\" style=\"width: 315px; height: 230px; float: left;\" \/>Ministria e Ekonomis\u00eb ka nisur Portalin e Sip\u00ebrmarr\u00ebsis\u00eb, i destinuar p\u00ebr t\u00eb gjith\u00eb sip\u00ebrmarr\u00ebsit dhe ata q\u00eb duan t\u00eb b\u00ebhen sip\u00ebrmarr\u00ebs.<\/p>\n<p>\n\tQ\u00ebllimi \u00ebsht\u00eb q\u00eb sip\u00ebrmarr\u00ebsit t\u00eb marrin informacion n\u00eb nj\u00eb vend n\u00eb lidhje me at\u00eb q\u00eb u duhet p\u00ebr t\u00eb filluar nj\u00eb biznes, si t\u00eb marrin mb\u00ebshtetje p\u00ebr zhvillimin e m\u00ebtejsh\u00ebm t\u00eb biznesit, por gjithashtu edhe m\u00ebnyr\u00ebn e arritjes s\u00eb rezultateve t\u00eb mira t\u00eb biznesit.<\/p>\n<p>\n\tN\u00eb kapitullin e faqes ofrohen informacione mbi raportet dhe studimet p\u00ebr nd\u00ebrmarrjet e vogla dhe t\u00eb mesme dhe sip\u00ebrmarr\u00ebsit (NVM), nj\u00eb p\u00ebrmbledhje t\u00eb programeve aktuale t\u00eb mb\u00ebshtetjes, informacion mbi sh\u00ebrbimet elektronike p\u00ebr NVM-t\u00eb, leht\u00ebsimet tatimore p\u00ebr punonj\u00ebsit, leht\u00ebsimet doganore p\u00ebr importin e pajisjeve, t\u00eb drejtat dhe detyrimet n\u00eb inspektimi, si dhe mb\u00ebshtetja e partner\u00ebve nd\u00ebrkomb\u00ebtar\u00eb t\u00eb zhvillimit t\u00eb cil\u00ebt ofrojn\u00eb kredi dhe grante t\u00eb favorshme. Ndihma renditet sipas q\u00ebllimit:<\/p>\n<p>\n\t1. &quot;Mb\u00ebshtetje fillestare&quot; do t\u00eb thot\u00eb programe financiare dhe jofinanciare t\u00eb mb\u00ebshtetjes t\u00eb destinuara p\u00ebr fillestar\u00ebt e biznesit.<\/p>\n<p>\n\t2. &quot;Mb\u00ebshtetje p\u00ebr rritjen dhe zhvillimin&quot;, i cili paraqet programe t\u00eb mb\u00ebshtetjes financiare, t\u00eb destinuara p\u00ebr investime n\u00eb NVM, p\u00ebrmir\u00ebsimin e biznesit dhe mb\u00ebshtetjen p\u00ebr pun\u00ebsimin e ri, si dhe programe jo-financiare t\u00eb mb\u00ebshtetjes n\u00eb form\u00ebn e sh\u00ebrbimeve k\u00ebshilluese falas.<\/p>\n<p>\n\t3. &quot;Mb\u00ebshtetje p\u00ebr inovacionin, dixhitalizimin dhe ekonomin\u00eb e gjelb\u00ebr&quot; ku prezantohen programe mb\u00ebshtet\u00ebse p\u00ebr t\u00eb gjitha NVM-t\u00eb q\u00eb duan t\u00eb rrisin konkurrenc\u00ebn e tyre n\u00eb treg duke futur inovacionin, dixhitalizimin dhe p\u00ebrdorimin e teknologjive t\u00eb reja dhe n\u00eb k\u00ebt\u00eb m\u00ebnyr\u00eb leht\u00ebsojn\u00eb dhe p\u00ebrshpejtojn\u00eb futjen e qarkoreve, ekonomia e gjelb\u00ebr, dmth ekonomia e cila ndryshon m\u00ebnyr\u00ebn e prodhimit.<\/p>\n<p>\n\tN\u00eb fund t\u00eb faqes \u00ebsht\u00eb nj\u00eb rrjet i agjencive t\u00eb akredituara t\u00eb zhvillimit rajonal dhe nj\u00eb rrjet parqesh teknologjike, inkubator\u00ebsh biznesi dhe qendra fillestare, si dhe programe t\u00eb ofruara p\u00ebr fillestar\u00ebt nga qeverit\u00eb lokale.<\/p>\n<p>\n\tIdeja e Portalit t\u00eb Sip\u00ebrmarrjes \u00ebsht\u00eb q\u00eb t\u00eb jet\u00eb nj\u00eb sh\u00ebrbim efikas p\u00ebr ekonomin\u00eb duke informuar n\u00eb koh\u00eb p\u00ebr t\u00eb gjitha masat e drejtp\u00ebrdrejta t\u00eb mb\u00ebshtetjes financiare dhe t\u00eb afirmoj\u00eb dhe inkurajoj\u00eb zhvillimin e frym\u00ebs sip\u00ebrmarr\u00ebse n\u00eb Serbi.<\/p>\n<p>\n\tForma e aplikimit p\u00ebr programet e ministrive, organeve p\u00ebrb\u00ebr\u00ebse t\u00eb tyre, organizatave speciale, agjencive publike, nj\u00ebsive t\u00eb vet\u00ebqeverisjes lokale, partner\u00ebve nd\u00ebrkomb\u00ebtar\u00eb t\u00eb zhvillimit dhe organizatave partnere mund t\u00eb shkarkohet nga portali\u00a0 <a href=\"https:\/\/preduzetnistvo.gov.rs\/\"><strong>https:\/\/preduzetnistvo.gov.rs\/<\/strong><\/a><strong>.<\/strong><br \/>\n\t\u00a0<\/p>\n<p>\n\t<strong>Burimi: Ministria e Ekonomis\u00eb dhe Trupi Koordinues<\/strong><\/p>\n<p>\n\t\u00a0<\/p>\n","protected":false},"excerpt":{"rendered":"<p>Ministria e Ekonomis\u00eb ka nisur Portalin e Sip\u00ebrmarr\u00ebsis\u00eb, i destinuar p\u00ebr t\u00eb gjith\u00eb sip\u00ebrmarr\u00ebsit dhe ata q\u00eb duan t\u00eb b\u00ebhen sip\u00ebrmarr\u00ebs.<\/p>\n","protected":false},"author":1,"featured_media":110801,"comment_status":"closed","ping_status":"closed","sticky":false,"template":"","format":"standard","meta":{"footnotes":""},"categories":[55],"tags":[],"class_list":["post-110796","post","type-post","status-publish","format-standard","has-post-thumbnail","hentry","category-lajme"],"yoast_head":"<!-- This site is optimized with the Yoast SEO plugin v27.5 - https:\/\/yoast.com\/product\/yoast-seo-wordpress\/ -->\n<title>PORTALI I SIP\u00cbRMARR\u00cbSIS\u00cb I MINISTRIS\u00cb S\u00cb EKONOMIS\u00cb EDHE NJ\u00cb MB\u00cbSHTETJE P\u00cbR NVM - Republika e S\u00ebrbis\u00eb Trupi Koordinues p\u00ebr komunat Bujanoc, Preshev\u00eb dhe Medvegj\u00eb<\/title>\n<meta name=\"robots\" content=\"index, follow, max-snippet:-1, max-image-preview:large, max-video-preview:-1\" \/>\n<link rel=\"canonical\" href=\"https:\/\/kt.gov.rs\/sq\/portali-i-sipermarresise-i-ministrise-se-ekonomise-edhe-nje-mbeshtetje-per-nvm\/\" \/>\n<meta property=\"og:locale\" content=\"sq_AL\" \/>\n<meta property=\"og:type\" content=\"article\" \/>\n<meta property=\"og:title\" content=\"PORTALI I SIP\u00cbRMARR\u00cbSIS\u00cb I MINISTRIS\u00cb S\u00cb EKONOMIS\u00cb EDHE NJ\u00cb MB\u00cbSHTETJE P\u00cbR NVM - Republika e S\u00ebrbis\u00eb Trupi Koordinues p\u00ebr komunat Bujanoc, Preshev\u00eb dhe Medvegj\u00eb\" \/>\n<meta property=\"og:description\" content=\"Ministria e Ekonomis\u00eb ka nisur Portalin e Sip\u00ebrmarr\u00ebsis\u00eb, i destinuar p\u00ebr t\u00eb gjith\u00eb sip\u00ebrmarr\u00ebsit dhe ata q\u00eb duan t\u00eb b\u00ebhen sip\u00ebrmarr\u00ebs.\" \/>\n<meta property=\"og:url\" content=\"https:\/\/kt.gov.rs\/sq\/portali-i-sipermarresise-i-ministrise-se-ekonomise-edhe-nje-mbeshtetje-per-nvm\/\" \/>\n<meta property=\"og:site_name\" content=\"Republika e S\u00ebrbis\u00eb Trupi Koordinues p\u00ebr komunat Bujanoc, Preshev\u00eb dhe Medvegj\u00eb\" \/>\n<meta property=\"article:publisher\" content=\"https:\/\/www.facebook.com\/SluzbaKoordinacionogTelaVladeRepublikeSrbije\" \/>\n<meta property=\"article:published_time\" content=\"2021-02-12T00:00:00+00:00\" \/>\n<meta property=\"article:modified_time\" content=\"2024-07-30T18:01:56+00:00\" \/>\n<meta property=\"og:image\" content=\"https:\/\/kt.gov.rs\/wp-content\/uploads\/2024\/07\/1613124868_12022021_01-5.jpg\" \/>\n\t<meta property=\"og:image:width\" content=\"315\" \/>\n\t<meta property=\"og:image:height\" content=\"230\" \/>\n\t<meta property=\"og:image:type\" content=\"image\/jpeg\" \/>\n<meta name=\"author\" content=\"ktmin\" \/>\n<meta name=\"twitter:card\" content=\"summary_large_image\" \/>\n<meta name=\"twitter:creator\" content=\"@kt_gov\" \/>\n<meta name=\"twitter:site\" content=\"@kt_gov\" \/>\n<meta name=\"twitter:label1\" content=\"Written by\" \/>\n\t<meta name=\"twitter:data1\" content=\"ktmin\" \/>\n\t<meta name=\"twitter:label2\" content=\"Est. reading time\" \/>\n\t<meta name=\"twitter:data2\" content=\"3 minutes\" \/>\n<script type=\"application\/ld+json\" class=\"yoast-schema-graph\">{\"@context\":\"https:\\\/\\\/schema.org\",\"@graph\":[{\"@type\":\"Article\",\"@id\":\"https:\\\/\\\/kt.gov.rs\\\/sq\\\/portali-i-sipermarresise-i-ministrise-se-ekonomise-edhe-nje-mbeshtetje-per-nvm\\\/#article\",\"isPartOf\":{\"@id\":\"https:\\\/\\\/kt.gov.rs\\\/sq\\\/portali-i-sipermarresise-i-ministrise-se-ekonomise-edhe-nje-mbeshtetje-per-nvm\\\/\"},\"author\":{\"name\":\"ktmin\",\"@id\":\"https:\\\/\\\/kt.gov.rs\\\/#\\\/schema\\\/person\\\/e426459ddb4173309103390602694571\"},\"headline\":\"PORTALI I SIP\u00cbRMARR\u00cbSIS\u00cb I MINISTRIS\u00cb S\u00cb EKONOMIS\u00cb EDHE NJ\u00cb MB\u00cbSHTETJE P\u00cbR NVM\",\"datePublished\":\"2021-02-12T00:00:00+00:00\",\"dateModified\":\"2024-07-30T18:01:56+00:00\",\"mainEntityOfPage\":{\"@id\":\"https:\\\/\\\/kt.gov.rs\\\/sq\\\/portali-i-sipermarresise-i-ministrise-se-ekonomise-edhe-nje-mbeshtetje-per-nvm\\\/\"},\"wordCount\":653,\"publisher\":{\"@id\":\"https:\\\/\\\/kt.gov.rs\\\/#organization\"},\"image\":{\"@id\":\"https:\\\/\\\/kt.gov.rs\\\/sq\\\/portali-i-sipermarresise-i-ministrise-se-ekonomise-edhe-nje-mbeshtetje-per-nvm\\\/#primaryimage\"},\"thumbnailUrl\":\"https:\\\/\\\/kt.gov.rs\\\/wp-content\\\/uploads\\\/2024\\\/07\\\/1613124868_12022021_01-5.jpg\",\"articleSection\":[\"Lajme\"],\"inLanguage\":\"sq-AL\"},{\"@type\":\"WebPage\",\"@id\":\"https:\\\/\\\/kt.gov.rs\\\/sq\\\/portali-i-sipermarresise-i-ministrise-se-ekonomise-edhe-nje-mbeshtetje-per-nvm\\\/\",\"url\":\"https:\\\/\\\/kt.gov.rs\\\/sq\\\/portali-i-sipermarresise-i-ministrise-se-ekonomise-edhe-nje-mbeshtetje-per-nvm\\\/\",\"name\":\"PORTALI I SIP\u00cbRMARR\u00cbSIS\u00cb I MINISTRIS\u00cb S\u00cb EKONOMIS\u00cb EDHE NJ\u00cb MB\u00cbSHTETJE P\u00cbR NVM - Republika e S\u00ebrbis\u00eb Trupi Koordinues p\u00ebr komunat Bujanoc, Preshev\u00eb dhe Medvegj\u00eb\",\"isPartOf\":{\"@id\":\"https:\\\/\\\/kt.gov.rs\\\/#website\"},\"primaryImageOfPage\":{\"@id\":\"https:\\\/\\\/kt.gov.rs\\\/sq\\\/portali-i-sipermarresise-i-ministrise-se-ekonomise-edhe-nje-mbeshtetje-per-nvm\\\/#primaryimage\"},\"image\":{\"@id\":\"https:\\\/\\\/kt.gov.rs\\\/sq\\\/portali-i-sipermarresise-i-ministrise-se-ekonomise-edhe-nje-mbeshtetje-per-nvm\\\/#primaryimage\"},\"thumbnailUrl\":\"https:\\\/\\\/kt.gov.rs\\\/wp-content\\\/uploads\\\/2024\\\/07\\\/1613124868_12022021_01-5.jpg\",\"datePublished\":\"2021-02-12T00:00:00+00:00\",\"dateModified\":\"2024-07-30T18:01:56+00:00\",\"breadcrumb\":{\"@id\":\"https:\\\/\\\/kt.gov.rs\\\/sq\\\/portali-i-sipermarresise-i-ministrise-se-ekonomise-edhe-nje-mbeshtetje-per-nvm\\\/#breadcrumb\"},\"inLanguage\":\"sq-AL\",\"potentialAction\":[{\"@type\":\"ReadAction\",\"target\":[\"https:\\\/\\\/kt.gov.rs\\\/sq\\\/portali-i-sipermarresise-i-ministrise-se-ekonomise-edhe-nje-mbeshtetje-per-nvm\\\/\"]}]},{\"@type\":\"ImageObject\",\"inLanguage\":\"sq-AL\",\"@id\":\"https:\\\/\\\/kt.gov.rs\\\/sq\\\/portali-i-sipermarresise-i-ministrise-se-ekonomise-edhe-nje-mbeshtetje-per-nvm\\\/#primaryimage\",\"url\":\"https:\\\/\\\/kt.gov.rs\\\/wp-content\\\/uploads\\\/2024\\\/07\\\/1613124868_12022021_01-5.jpg\",\"contentUrl\":\"https:\\\/\\\/kt.gov.rs\\\/wp-content\\\/uploads\\\/2024\\\/07\\\/1613124868_12022021_01-5.jpg\",\"width\":315,\"height\":230},{\"@type\":\"BreadcrumbList\",\"@id\":\"https:\\\/\\\/kt.gov.rs\\\/sq\\\/portali-i-sipermarresise-i-ministrise-se-ekonomise-edhe-nje-mbeshtetje-per-nvm\\\/#breadcrumb\",\"itemListElement\":[{\"@type\":\"ListItem\",\"position\":1,\"name\":\"\u041f\u043e\u0447\u0435\u0442\u043d\u0430\",\"item\":\"https:\\\/\\\/kt.gov.rs\\\/sq\\\/\"},{\"@type\":\"ListItem\",\"position\":2,\"name\":\"PORTALI I SIP\u00cbRMARR\u00cbSIS\u00cb I MINISTRIS\u00cb S\u00cb EKONOMIS\u00cb EDHE NJ\u00cb MB\u00cbSHTETJE P\u00cbR NVM\"}]},{\"@type\":\"WebSite\",\"@id\":\"https:\\\/\\\/kt.gov.rs\\\/#website\",\"url\":\"https:\\\/\\\/kt.gov.rs\\\/\",\"name\":\"\u041a\u043e\u043e\u0440\u0434\u0438\u043d\u0430\u0446\u0438\u043e\u043d\u043e \u0442\u0435\u043b\u043e \u0412\u043b\u0430\u0434\u0435 \u0420\u0435\u043f\u0443\u0431\u043b\u0438\u043a\u0435 \u0421\u0440\u0431\u0438\u0458\u0435 \u0437\u0430 \u043e\u043f\u0448\u0442\u0438\u043d\u0435 \u041f\u0440\u0435\u0448\u0435\u0432\u043e, \u0411\u0443\u0458\u0430\u043d\u043e\u0432\u0430\u0446 \u0438 \u041c\u0435\u0434\u0432\u0435\u0452a\",\"description\":\"\",\"publisher\":{\"@id\":\"https:\\\/\\\/kt.gov.rs\\\/#organization\"},\"alternateName\":\"\u041a\u043e\u043e\u0440\u0434\u0438\u043d\u0430\u0446\u0438\u043e\u043d\u043e \u0442\u0435\u043b\u043e\",\"potentialAction\":[{\"@type\":\"SearchAction\",\"target\":{\"@type\":\"EntryPoint\",\"urlTemplate\":\"https:\\\/\\\/kt.gov.rs\\\/?s={search_term_string}\"},\"query-input\":{\"@type\":\"PropertyValueSpecification\",\"valueRequired\":true,\"valueName\":\"search_term_string\"}}],\"inLanguage\":\"sq-AL\"},{\"@type\":\"Organization\",\"@id\":\"https:\\\/\\\/kt.gov.rs\\\/#organization\",\"name\":\"\u041a\u043e\u043e\u0440\u0434\u0438\u043d\u0430\u0446\u0438\u043e\u043d\u043e \u0442\u0435\u043b\u043e \u0412\u043b\u0430\u0434\u0435 \u0420\u0435\u043f\u0443\u0431\u043b\u0438\u043a\u0435 \u0421\u0440\u0431\u0438\u0458\u0435 \u0437\u0430 \u043e\u043f\u0448\u0442\u0438\u043d\u0435 \u041f\u0440\u0435\u0448\u0435\u0432\u043e, \u0411\u0443\u0458\u0430\u043d\u043e\u0432\u0430\u0446 \u0438 \u041c\u0435\u0434\u0432\u0435\u0452a\",\"alternateName\":\"\u041a\u043e\u043e\u0440\u0434\u0438\u043d\u0430\u0446\u0438\u043e\u043d\u043e \u0442\u0435\u043b\u043e\",\"url\":\"https:\\\/\\\/kt.gov.rs\\\/\",\"logo\":{\"@type\":\"ImageObject\",\"inLanguage\":\"sq-AL\",\"@id\":\"https:\\\/\\\/kt.gov.rs\\\/#\\\/schema\\\/logo\\\/image\\\/\",\"url\":\"https:\\\/\\\/kt.gov.rs\\\/wp-content\\\/uploads\\\/2024\\\/12\\\/koord2.jpg\",\"contentUrl\":\"https:\\\/\\\/kt.gov.rs\\\/wp-content\\\/uploads\\\/2024\\\/12\\\/koord2.jpg\",\"width\":640,\"height\":480,\"caption\":\"\u041a\u043e\u043e\u0440\u0434\u0438\u043d\u0430\u0446\u0438\u043e\u043d\u043e \u0442\u0435\u043b\u043e \u0412\u043b\u0430\u0434\u0435 \u0420\u0435\u043f\u0443\u0431\u043b\u0438\u043a\u0435 \u0421\u0440\u0431\u0438\u0458\u0435 \u0437\u0430 \u043e\u043f\u0448\u0442\u0438\u043d\u0435 \u041f\u0440\u0435\u0448\u0435\u0432\u043e, \u0411\u0443\u0458\u0430\u043d\u043e\u0432\u0430\u0446 \u0438 \u041c\u0435\u0434\u0432\u0435\u0452a\"},\"image\":{\"@id\":\"https:\\\/\\\/kt.gov.rs\\\/#\\\/schema\\\/logo\\\/image\\\/\"},\"sameAs\":[\"https:\\\/\\\/www.facebook.com\\\/SluzbaKoordinacionogTelaVladeRepublikeSrbije\",\"https:\\\/\\\/x.com\\\/kt_gov\",\"https:\\\/\\\/www.youtube.com\\\/@koordinacionotelo\"]},{\"@type\":\"Person\",\"@id\":\"https:\\\/\\\/kt.gov.rs\\\/#\\\/schema\\\/person\\\/e426459ddb4173309103390602694571\",\"name\":\"ktmin\",\"image\":{\"@type\":\"ImageObject\",\"inLanguage\":\"sq-AL\",\"@id\":\"https:\\\/\\\/secure.gravatar.com\\\/avatar\\\/3985c961109853010c3fbc7ba30365bfba5db3dd6c525831d9c595c7525a615a?s=96&d=mm&r=g\",\"url\":\"https:\\\/\\\/secure.gravatar.com\\\/avatar\\\/3985c961109853010c3fbc7ba30365bfba5db3dd6c525831d9c595c7525a615a?s=96&d=mm&r=g\",\"contentUrl\":\"https:\\\/\\\/secure.gravatar.com\\\/avatar\\\/3985c961109853010c3fbc7ba30365bfba5db3dd6c525831d9c595c7525a615a?s=96&d=mm&r=g\",\"caption\":\"ktmin\"},\"sameAs\":[\"https:\\\/\\\/kt.gov.rs\"],\"url\":\"https:\\\/\\\/kt.gov.rs\\\/sq\\\/author\\\/ktmin\\\/\"}]}<\/script>\n<!-- \/ Yoast SEO plugin. -->","yoast_head_json":{"title":"PORTALI I SIP\u00cbRMARR\u00cbSIS\u00cb I MINISTRIS\u00cb S\u00cb EKONOMIS\u00cb EDHE NJ\u00cb MB\u00cbSHTETJE P\u00cbR NVM - Republika e S\u00ebrbis\u00eb Trupi Koordinues p\u00ebr komunat Bujanoc, Preshev\u00eb dhe Medvegj\u00eb","robots":{"index":"index","follow":"follow","max-snippet":"max-snippet:-1","max-image-preview":"max-image-preview:large","max-video-preview":"max-video-preview:-1"},"canonical":"https:\/\/kt.gov.rs\/sq\/portali-i-sipermarresise-i-ministrise-se-ekonomise-edhe-nje-mbeshtetje-per-nvm\/","og_locale":"sq_AL","og_type":"article","og_title":"PORTALI I SIP\u00cbRMARR\u00cbSIS\u00cb I MINISTRIS\u00cb S\u00cb EKONOMIS\u00cb EDHE NJ\u00cb MB\u00cbSHTETJE P\u00cbR NVM - Republika e S\u00ebrbis\u00eb Trupi Koordinues p\u00ebr komunat Bujanoc, Preshev\u00eb dhe Medvegj\u00eb","og_description":"Ministria e Ekonomis\u00eb ka nisur Portalin e Sip\u00ebrmarr\u00ebsis\u00eb, i destinuar p\u00ebr t\u00eb gjith\u00eb sip\u00ebrmarr\u00ebsit dhe ata q\u00eb duan t\u00eb b\u00ebhen sip\u00ebrmarr\u00ebs.","og_url":"https:\/\/kt.gov.rs\/sq\/portali-i-sipermarresise-i-ministrise-se-ekonomise-edhe-nje-mbeshtetje-per-nvm\/","og_site_name":"Republika e S\u00ebrbis\u00eb Trupi Koordinues p\u00ebr komunat Bujanoc, Preshev\u00eb dhe Medvegj\u00eb","article_publisher":"https:\/\/www.facebook.com\/SluzbaKoordinacionogTelaVladeRepublikeSrbije","article_published_time":"2021-02-12T00:00:00+00:00","article_modified_time":"2024-07-30T18:01:56+00:00","og_image":[{"width":315,"height":230,"url":"https:\/\/kt.gov.rs\/wp-content\/uploads\/2024\/07\/1613124868_12022021_01-5.jpg","type":"image\/jpeg"}],"author":"ktmin","twitter_card":"summary_large_image","twitter_creator":"@kt_gov","twitter_site":"@kt_gov","twitter_misc":{"Written by":"ktmin","Est. reading time":"3 minutes"},"schema":{"@context":"https:\/\/schema.org","@graph":[{"@type":"Article","@id":"https:\/\/kt.gov.rs\/sq\/portali-i-sipermarresise-i-ministrise-se-ekonomise-edhe-nje-mbeshtetje-per-nvm\/#article","isPartOf":{"@id":"https:\/\/kt.gov.rs\/sq\/portali-i-sipermarresise-i-ministrise-se-ekonomise-edhe-nje-mbeshtetje-per-nvm\/"},"author":{"name":"ktmin","@id":"https:\/\/kt.gov.rs\/#\/schema\/person\/e426459ddb4173309103390602694571"},"headline":"PORTALI I SIP\u00cbRMARR\u00cbSIS\u00cb I MINISTRIS\u00cb S\u00cb EKONOMIS\u00cb EDHE NJ\u00cb MB\u00cbSHTETJE P\u00cbR NVM","datePublished":"2021-02-12T00:00:00+00:00","dateModified":"2024-07-30T18:01:56+00:00","mainEntityOfPage":{"@id":"https:\/\/kt.gov.rs\/sq\/portali-i-sipermarresise-i-ministrise-se-ekonomise-edhe-nje-mbeshtetje-per-nvm\/"},"wordCount":653,"publisher":{"@id":"https:\/\/kt.gov.rs\/#organization"},"image":{"@id":"https:\/\/kt.gov.rs\/sq\/portali-i-sipermarresise-i-ministrise-se-ekonomise-edhe-nje-mbeshtetje-per-nvm\/#primaryimage"},"thumbnailUrl":"https:\/\/kt.gov.rs\/wp-content\/uploads\/2024\/07\/1613124868_12022021_01-5.jpg","articleSection":["Lajme"],"inLanguage":"sq-AL"},{"@type":"WebPage","@id":"https:\/\/kt.gov.rs\/sq\/portali-i-sipermarresise-i-ministrise-se-ekonomise-edhe-nje-mbeshtetje-per-nvm\/","url":"https:\/\/kt.gov.rs\/sq\/portali-i-sipermarresise-i-ministrise-se-ekonomise-edhe-nje-mbeshtetje-per-nvm\/","name":"PORTALI I SIP\u00cbRMARR\u00cbSIS\u00cb I MINISTRIS\u00cb S\u00cb EKONOMIS\u00cb EDHE NJ\u00cb MB\u00cbSHTETJE P\u00cbR NVM - Republika e S\u00ebrbis\u00eb Trupi Koordinues p\u00ebr komunat Bujanoc, Preshev\u00eb dhe Medvegj\u00eb","isPartOf":{"@id":"https:\/\/kt.gov.rs\/#website"},"primaryImageOfPage":{"@id":"https:\/\/kt.gov.rs\/sq\/portali-i-sipermarresise-i-ministrise-se-ekonomise-edhe-nje-mbeshtetje-per-nvm\/#primaryimage"},"image":{"@id":"https:\/\/kt.gov.rs\/sq\/portali-i-sipermarresise-i-ministrise-se-ekonomise-edhe-nje-mbeshtetje-per-nvm\/#primaryimage"},"thumbnailUrl":"https:\/\/kt.gov.rs\/wp-content\/uploads\/2024\/07\/1613124868_12022021_01-5.jpg","datePublished":"2021-02-12T00:00:00+00:00","dateModified":"2024-07-30T18:01:56+00:00","breadcrumb":{"@id":"https:\/\/kt.gov.rs\/sq\/portali-i-sipermarresise-i-ministrise-se-ekonomise-edhe-nje-mbeshtetje-per-nvm\/#breadcrumb"},"inLanguage":"sq-AL","potentialAction":[{"@type":"ReadAction","target":["https:\/\/kt.gov.rs\/sq\/portali-i-sipermarresise-i-ministrise-se-ekonomise-edhe-nje-mbeshtetje-per-nvm\/"]}]},{"@type":"ImageObject","inLanguage":"sq-AL","@id":"https:\/\/kt.gov.rs\/sq\/portali-i-sipermarresise-i-ministrise-se-ekonomise-edhe-nje-mbeshtetje-per-nvm\/#primaryimage","url":"https:\/\/kt.gov.rs\/wp-content\/uploads\/2024\/07\/1613124868_12022021_01-5.jpg","contentUrl":"https:\/\/kt.gov.rs\/wp-content\/uploads\/2024\/07\/1613124868_12022021_01-5.jpg","width":315,"height":230},{"@type":"BreadcrumbList","@id":"https:\/\/kt.gov.rs\/sq\/portali-i-sipermarresise-i-ministrise-se-ekonomise-edhe-nje-mbeshtetje-per-nvm\/#breadcrumb","itemListElement":[{"@type":"ListItem","position":1,"name":"\u041f\u043e\u0447\u0435\u0442\u043d\u0430","item":"https:\/\/kt.gov.rs\/sq\/"},{"@type":"ListItem","position":2,"name":"PORTALI I SIP\u00cbRMARR\u00cbSIS\u00cb I MINISTRIS\u00cb S\u00cb EKONOMIS\u00cb EDHE NJ\u00cb MB\u00cbSHTETJE P\u00cbR NVM"}]},{"@type":"WebSite","@id":"https:\/\/kt.gov.rs\/#website","url":"https:\/\/kt.gov.rs\/","name":"\u041a\u043e\u043e\u0440\u0434\u0438\u043d\u0430\u0446\u0438\u043e\u043d\u043e \u0442\u0435\u043b\u043e \u0412\u043b\u0430\u0434\u0435 \u0420\u0435\u043f\u0443\u0431\u043b\u0438\u043a\u0435 \u0421\u0440\u0431\u0438\u0458\u0435 \u0437\u0430 \u043e\u043f\u0448\u0442\u0438\u043d\u0435 \u041f\u0440\u0435\u0448\u0435\u0432\u043e, \u0411\u0443\u0458\u0430\u043d\u043e\u0432\u0430\u0446 \u0438 \u041c\u0435\u0434\u0432\u0435\u0452a","description":"","publisher":{"@id":"https:\/\/kt.gov.rs\/#organization"},"alternateName":"\u041a\u043e\u043e\u0440\u0434\u0438\u043d\u0430\u0446\u0438\u043e\u043d\u043e \u0442\u0435\u043b\u043e","potentialAction":[{"@type":"SearchAction","target":{"@type":"EntryPoint","urlTemplate":"https:\/\/kt.gov.rs\/?s={search_term_string}"},"query-input":{"@type":"PropertyValueSpecification","valueRequired":true,"valueName":"search_term_string"}}],"inLanguage":"sq-AL"},{"@type":"Organization","@id":"https:\/\/kt.gov.rs\/#organization","name":"\u041a\u043e\u043e\u0440\u0434\u0438\u043d\u0430\u0446\u0438\u043e\u043d\u043e \u0442\u0435\u043b\u043e \u0412\u043b\u0430\u0434\u0435 \u0420\u0435\u043f\u0443\u0431\u043b\u0438\u043a\u0435 \u0421\u0440\u0431\u0438\u0458\u0435 \u0437\u0430 \u043e\u043f\u0448\u0442\u0438\u043d\u0435 \u041f\u0440\u0435\u0448\u0435\u0432\u043e, \u0411\u0443\u0458\u0430\u043d\u043e\u0432\u0430\u0446 \u0438 \u041c\u0435\u0434\u0432\u0435\u0452a","alternateName":"\u041a\u043e\u043e\u0440\u0434\u0438\u043d\u0430\u0446\u0438\u043e\u043d\u043e \u0442\u0435\u043b\u043e","url":"https:\/\/kt.gov.rs\/","logo":{"@type":"ImageObject","inLanguage":"sq-AL","@id":"https:\/\/kt.gov.rs\/#\/schema\/logo\/image\/","url":"https:\/\/kt.gov.rs\/wp-content\/uploads\/2024\/12\/koord2.jpg","contentUrl":"https:\/\/kt.gov.rs\/wp-content\/uploads\/2024\/12\/koord2.jpg","width":640,"height":480,"caption":"\u041a\u043e\u043e\u0440\u0434\u0438\u043d\u0430\u0446\u0438\u043e\u043d\u043e \u0442\u0435\u043b\u043e \u0412\u043b\u0430\u0434\u0435 \u0420\u0435\u043f\u0443\u0431\u043b\u0438\u043a\u0435 \u0421\u0440\u0431\u0438\u0458\u0435 \u0437\u0430 \u043e\u043f\u0448\u0442\u0438\u043d\u0435 \u041f\u0440\u0435\u0448\u0435\u0432\u043e, \u0411\u0443\u0458\u0430\u043d\u043e\u0432\u0430\u0446 \u0438 \u041c\u0435\u0434\u0432\u0435\u0452a"},"image":{"@id":"https:\/\/kt.gov.rs\/#\/schema\/logo\/image\/"},"sameAs":["https:\/\/www.facebook.com\/SluzbaKoordinacionogTelaVladeRepublikeSrbije","https:\/\/x.com\/kt_gov","https:\/\/www.youtube.com\/@koordinacionotelo"]},{"@type":"Person","@id":"https:\/\/kt.gov.rs\/#\/schema\/person\/e426459ddb4173309103390602694571","name":"ktmin","image":{"@type":"ImageObject","inLanguage":"sq-AL","@id":"https:\/\/secure.gravatar.com\/avatar\/3985c961109853010c3fbc7ba30365bfba5db3dd6c525831d9c595c7525a615a?s=96&d=mm&r=g","url":"https:\/\/secure.gravatar.com\/avatar\/3985c961109853010c3fbc7ba30365bfba5db3dd6c525831d9c595c7525a615a?s=96&d=mm&r=g","contentUrl":"https:\/\/secure.gravatar.com\/avatar\/3985c961109853010c3fbc7ba30365bfba5db3dd6c525831d9c595c7525a615a?s=96&d=mm&r=g","caption":"ktmin"},"sameAs":["https:\/\/kt.gov.rs"],"url":"https:\/\/kt.gov.rs\/sq\/author\/ktmin\/"}]}},"_links":{"self":[{"href":"https:\/\/kt.gov.rs\/sq\/wp-json\/wp\/v2\/posts\/110796","targetHints":{"allow":["GET"]}}],"collection":[{"href":"https:\/\/kt.gov.rs\/sq\/wp-json\/wp\/v2\/posts"}],"about":[{"href":"https:\/\/kt.gov.rs\/sq\/wp-json\/wp\/v2\/types\/post"}],"author":[{"embeddable":true,"href":"https:\/\/kt.gov.rs\/sq\/wp-json\/wp\/v2\/users\/1"}],"replies":[{"embeddable":true,"href":"https:\/\/kt.gov.rs\/sq\/wp-json\/wp\/v2\/comments?post=110796"}],"version-history":[{"count":1,"href":"https:\/\/kt.gov.rs\/sq\/wp-json\/wp\/v2\/posts\/110796\/revisions"}],"predecessor-version":[{"id":110800,"href":"https:\/\/kt.gov.rs\/sq\/wp-json\/wp\/v2\/posts\/110796\/revisions\/110800"}],"wp:featuredmedia":[{"embeddable":true,"href":"https:\/\/kt.gov.rs\/sq\/wp-json\/wp\/v2\/media\/110801"}],"wp:attachment":[{"href":"https:\/\/kt.gov.rs\/sq\/wp-json\/wp\/v2\/media?parent=110796"}],"wp:term":[{"taxonomy":"category","embeddable":true,"href":"https:\/\/kt.gov.rs\/sq\/wp-json\/wp\/v2\/categories?post=110796"},{"taxonomy":"post_tag","embeddable":true,"href":"https:\/\/kt.gov.rs\/sq\/wp-json\/wp\/v2\/tags?post=110796"}],"curies":[{"name":"wp","href":"https:\/\/api.w.org\/{rel}","templated":true}]}}