{"id":110748,"date":"2021-02-18T00:00:00","date_gmt":"2021-02-18T00:00:00","guid":{"rendered":"http:\/\/kt.printandscreen.rs\/eshte-hapur-konkurs-per-regjistrim-ne-shkollen-ushtarake-afati-31-mars-te-vitit-2021\/"},"modified":"2024-07-30T18:01:51","modified_gmt":"2024-07-30T18:01:51","slug":"eshte-hapur-konkurs-per-regjistrim-ne-shkollen-ushtarake-afati-31-mars-te-vitit-2021","status":"publish","type":"post","link":"https:\/\/kt.gov.rs\/sq\/eshte-hapur-konkurs-per-regjistrim-ne-shkollen-ushtarake-afati-31-mars-te-vitit-2021\/","title":{"rendered":"\u00cbSHT\u00cb HAPUR KONKURS P\u00cbR REGJISTRIM N\u00cb SHKOLL\u00cbN USHTARAKE(AFATI:31 MARS T\u00cb VITIT 2021)"},"content":{"rendered":"<p>\n\t<img decoding=\"async\" alt=\"\" src=\"https:\/\/kt.gov.rs\/wp-content\/uploads\/2024\/07\/1613644611_180221_1-4.jpg\" style=\"width: 315px; height: 230px; float: left;\" \/><\/p>\n<p>\n\tMinistria e Mbrojtjes ka shpallur konkurs p\u00ebr regjistrim n\u00eb shkollat \u200b\u200bushtarake. Konkursi \u00ebsht\u00eb i hapur nga 15 shkurt deri m\u00eb 31 Mars 2021.<\/p>\n<p>\n\tProvimi pranues p\u00ebr Akademin\u00eb ushtarake fillon me nj\u00eb provim n\u00eb matematik\u00eb, pasuar \u00a0nga njohurit nga fizika.<\/p>\n<p>\n\tP\u00ebr fakultetin e Mjek\u00ebsis\u00eb n\u00eb Akademin\u00eb mjek\u00ebsore ushtarake,fillimisht jipet selekcionimi dhe kur do t\u00eb jet\u00eb \u00a0provim qendror p\u00ebr t\u00eb gjitha fakultetet e mjek\u00ebsis\u00eb n\u00eb vend, kandidat\u00ebt japin provime n\u00eb kimi dhe biologji.<\/p>\n<p>\n\tSa i p\u00ebrket shkollave t\u00eb mesme ushtarake, provimi pranues p\u00ebr shkoll\u00ebn e mesme Ushtarake p\u00ebrfshin nj\u00eb test n\u00eb matematik\u00eb dhe gjuh\u00ebn serbe, nd\u00ebrsa p\u00ebr shkoll\u00ebn e mesme ushtarake Profesionale ka nj\u00eb test t\u00eb njohurive n\u00eb matematik\u00eb dhe fizik\u00eb.<\/p>\n<p>\n\tKonkursi i k\u00ebtij viti parashikon regjistrimin p\u00ebr 210 kandidat\u00eb t\u00eb Akademis\u00eb Ushtarake dhe 40 t\u00eb Fakultetit mjek\u00ebsor t\u00eb akademis\u00eb mjek\u00ebsore ushtarake, si dhe 90 student\u00eb t\u00eb gjimnazit Ushtarak dhe 60 student\u00eb t\u00eb shkoll\u00ebs s\u00eb mesme ushtarake profesionale.<\/p>\n<p>\n\tKonkursi mund\u00eb ta marrni n\u00eb: <a href=\"http:\/\/www.mod.gov.rs\/lat\/konkursi-za-upis-u-vojne-skole\">http:\/\/www.mod.gov.rs\/lat\/konkursi-za-upis-u-vojne-skole<\/a> .<\/p>\n<p>\n\t<strong>Burimi: Ministria e Mbrojtjes dhe Trupi koordinues \u00a0<\/strong><\/p>\n<p>\n\t\u00a0<\/p>\n","protected":false},"excerpt":{"rendered":"<p>Ministria e Mbrojtjes ka shpallur konkurs p\u00ebr regjistrim n\u00eb shkollat \u200b\u200bushtarake. Konkursi \u00ebsht\u00eb i hapur nga 15 shkurt deri m\u00eb 31 Mars 2021.<\/p>\n","protected":false},"author":1,"featured_media":110753,"comment_status":"closed","ping_status":"closed","sticky":false,"template":"","format":"standard","meta":{"footnotes":""},"categories":[55],"tags":[],"class_list":["post-110748","post","type-post","status-publish","format-standard","has-post-thumbnail","hentry","category-lajme"],"yoast_head":"<!-- This site is optimized with the Yoast SEO plugin v27.5 - https:\/\/yoast.com\/product\/yoast-seo-wordpress\/ -->\n<title>\u00cbSHT\u00cb HAPUR KONKURS P\u00cbR REGJISTRIM N\u00cb SHKOLL\u00cbN USHTARAKE(AFATI:31 MARS T\u00cb VITIT 2021) - Republika e S\u00ebrbis\u00eb Trupi Koordinues p\u00ebr komunat Bujanoc, Preshev\u00eb dhe Medvegj\u00eb<\/title>\n<meta name=\"robots\" content=\"index, follow, max-snippet:-1, max-image-preview:large, max-video-preview:-1\" \/>\n<link rel=\"canonical\" href=\"https:\/\/kt.gov.rs\/sq\/eshte-hapur-konkurs-per-regjistrim-ne-shkollen-ushtarake-afati-31-mars-te-vitit-2021\/\" \/>\n<meta property=\"og:locale\" content=\"sq_AL\" \/>\n<meta property=\"og:type\" content=\"article\" \/>\n<meta property=\"og:title\" content=\"\u00cbSHT\u00cb HAPUR KONKURS P\u00cbR REGJISTRIM N\u00cb SHKOLL\u00cbN USHTARAKE(AFATI:31 MARS T\u00cb VITIT 2021) - Republika e S\u00ebrbis\u00eb Trupi Koordinues p\u00ebr komunat Bujanoc, Preshev\u00eb dhe Medvegj\u00eb\" \/>\n<meta property=\"og:description\" content=\"Ministria e Mbrojtjes ka shpallur konkurs p\u00ebr regjistrim n\u00eb shkollat \u200b\u200bushtarake. Konkursi \u00ebsht\u00eb i hapur nga 15 shkurt deri m\u00eb 31 Mars 2021.\" \/>\n<meta property=\"og:url\" content=\"https:\/\/kt.gov.rs\/sq\/eshte-hapur-konkurs-per-regjistrim-ne-shkollen-ushtarake-afati-31-mars-te-vitit-2021\/\" \/>\n<meta property=\"og:site_name\" content=\"Republika e S\u00ebrbis\u00eb Trupi Koordinues p\u00ebr komunat Bujanoc, Preshev\u00eb dhe Medvegj\u00eb\" \/>\n<meta property=\"article:publisher\" content=\"https:\/\/www.facebook.com\/SluzbaKoordinacionogTelaVladeRepublikeSrbije\" \/>\n<meta property=\"article:published_time\" content=\"2021-02-18T00:00:00+00:00\" \/>\n<meta property=\"article:modified_time\" content=\"2024-07-30T18:01:51+00:00\" \/>\n<meta property=\"og:image\" content=\"https:\/\/kt.gov.rs\/wp-content\/uploads\/2024\/07\/1613644611_180221_1-5.jpg\" \/>\n\t<meta property=\"og:image:width\" content=\"315\" \/>\n\t<meta property=\"og:image:height\" content=\"230\" \/>\n\t<meta property=\"og:image:type\" content=\"image\/jpeg\" \/>\n<meta name=\"author\" content=\"ktmin\" \/>\n<meta name=\"twitter:card\" content=\"summary_large_image\" \/>\n<meta name=\"twitter:creator\" content=\"@kt_gov\" \/>\n<meta name=\"twitter:site\" content=\"@kt_gov\" \/>\n<meta name=\"twitter:label1\" content=\"Written by\" \/>\n\t<meta name=\"twitter:data1\" content=\"ktmin\" \/>\n\t<meta name=\"twitter:label2\" content=\"Est. reading time\" \/>\n\t<meta name=\"twitter:data2\" content=\"1 minute\" \/>\n<script type=\"application\/ld+json\" class=\"yoast-schema-graph\">{\"@context\":\"https:\\\/\\\/schema.org\",\"@graph\":[{\"@type\":\"Article\",\"@id\":\"https:\\\/\\\/kt.gov.rs\\\/sq\\\/eshte-hapur-konkurs-per-regjistrim-ne-shkollen-ushtarake-afati-31-mars-te-vitit-2021\\\/#article\",\"isPartOf\":{\"@id\":\"https:\\\/\\\/kt.gov.rs\\\/sq\\\/eshte-hapur-konkurs-per-regjistrim-ne-shkollen-ushtarake-afati-31-mars-te-vitit-2021\\\/\"},\"author\":{\"name\":\"ktmin\",\"@id\":\"https:\\\/\\\/kt.gov.rs\\\/#\\\/schema\\\/person\\\/e426459ddb4173309103390602694571\"},\"headline\":\"\u00cbSHT\u00cb HAPUR KONKURS P\u00cbR REGJISTRIM N\u00cb SHKOLL\u00cbN USHTARAKE(AFATI:31 MARS T\u00cb VITIT 2021)\",\"datePublished\":\"2021-02-18T00:00:00+00:00\",\"dateModified\":\"2024-07-30T18:01:51+00:00\",\"mainEntityOfPage\":{\"@id\":\"https:\\\/\\\/kt.gov.rs\\\/sq\\\/eshte-hapur-konkurs-per-regjistrim-ne-shkollen-ushtarake-afati-31-mars-te-vitit-2021\\\/\"},\"wordCount\":258,\"publisher\":{\"@id\":\"https:\\\/\\\/kt.gov.rs\\\/#organization\"},\"image\":{\"@id\":\"https:\\\/\\\/kt.gov.rs\\\/sq\\\/eshte-hapur-konkurs-per-regjistrim-ne-shkollen-ushtarake-afati-31-mars-te-vitit-2021\\\/#primaryimage\"},\"thumbnailUrl\":\"https:\\\/\\\/kt.gov.rs\\\/wp-content\\\/uploads\\\/2024\\\/07\\\/1613644611_180221_1-5.jpg\",\"articleSection\":[\"Lajme\"],\"inLanguage\":\"sq-AL\"},{\"@type\":\"WebPage\",\"@id\":\"https:\\\/\\\/kt.gov.rs\\\/sq\\\/eshte-hapur-konkurs-per-regjistrim-ne-shkollen-ushtarake-afati-31-mars-te-vitit-2021\\\/\",\"url\":\"https:\\\/\\\/kt.gov.rs\\\/sq\\\/eshte-hapur-konkurs-per-regjistrim-ne-shkollen-ushtarake-afati-31-mars-te-vitit-2021\\\/\",\"name\":\"\u00cbSHT\u00cb HAPUR KONKURS P\u00cbR REGJISTRIM N\u00cb SHKOLL\u00cbN USHTARAKE(AFATI:31 MARS T\u00cb VITIT 2021) - Republika e S\u00ebrbis\u00eb Trupi Koordinues p\u00ebr komunat Bujanoc, Preshev\u00eb dhe Medvegj\u00eb\",\"isPartOf\":{\"@id\":\"https:\\\/\\\/kt.gov.rs\\\/#website\"},\"primaryImageOfPage\":{\"@id\":\"https:\\\/\\\/kt.gov.rs\\\/sq\\\/eshte-hapur-konkurs-per-regjistrim-ne-shkollen-ushtarake-afati-31-mars-te-vitit-2021\\\/#primaryimage\"},\"image\":{\"@id\":\"https:\\\/\\\/kt.gov.rs\\\/sq\\\/eshte-hapur-konkurs-per-regjistrim-ne-shkollen-ushtarake-afati-31-mars-te-vitit-2021\\\/#primaryimage\"},\"thumbnailUrl\":\"https:\\\/\\\/kt.gov.rs\\\/wp-content\\\/uploads\\\/2024\\\/07\\\/1613644611_180221_1-5.jpg\",\"datePublished\":\"2021-02-18T00:00:00+00:00\",\"dateModified\":\"2024-07-30T18:01:51+00:00\",\"breadcrumb\":{\"@id\":\"https:\\\/\\\/kt.gov.rs\\\/sq\\\/eshte-hapur-konkurs-per-regjistrim-ne-shkollen-ushtarake-afati-31-mars-te-vitit-2021\\\/#breadcrumb\"},\"inLanguage\":\"sq-AL\",\"potentialAction\":[{\"@type\":\"ReadAction\",\"target\":[\"https:\\\/\\\/kt.gov.rs\\\/sq\\\/eshte-hapur-konkurs-per-regjistrim-ne-shkollen-ushtarake-afati-31-mars-te-vitit-2021\\\/\"]}]},{\"@type\":\"ImageObject\",\"inLanguage\":\"sq-AL\",\"@id\":\"https:\\\/\\\/kt.gov.rs\\\/sq\\\/eshte-hapur-konkurs-per-regjistrim-ne-shkollen-ushtarake-afati-31-mars-te-vitit-2021\\\/#primaryimage\",\"url\":\"https:\\\/\\\/kt.gov.rs\\\/wp-content\\\/uploads\\\/2024\\\/07\\\/1613644611_180221_1-5.jpg\",\"contentUrl\":\"https:\\\/\\\/kt.gov.rs\\\/wp-content\\\/uploads\\\/2024\\\/07\\\/1613644611_180221_1-5.jpg\",\"width\":315,\"height\":230},{\"@type\":\"BreadcrumbList\",\"@id\":\"https:\\\/\\\/kt.gov.rs\\\/sq\\\/eshte-hapur-konkurs-per-regjistrim-ne-shkollen-ushtarake-afati-31-mars-te-vitit-2021\\\/#breadcrumb\",\"itemListElement\":[{\"@type\":\"ListItem\",\"position\":1,\"name\":\"\u041f\u043e\u0447\u0435\u0442\u043d\u0430\",\"item\":\"https:\\\/\\\/kt.gov.rs\\\/sq\\\/\"},{\"@type\":\"ListItem\",\"position\":2,\"name\":\"\u00cbSHT\u00cb HAPUR KONKURS P\u00cbR REGJISTRIM N\u00cb SHKOLL\u00cbN USHTARAKE(AFATI:31 MARS T\u00cb VITIT 2021)\"}]},{\"@type\":\"WebSite\",\"@id\":\"https:\\\/\\\/kt.gov.rs\\\/#website\",\"url\":\"https:\\\/\\\/kt.gov.rs\\\/\",\"name\":\"\u041a\u043e\u043e\u0440\u0434\u0438\u043d\u0430\u0446\u0438\u043e\u043d\u043e \u0442\u0435\u043b\u043e \u0412\u043b\u0430\u0434\u0435 \u0420\u0435\u043f\u0443\u0431\u043b\u0438\u043a\u0435 \u0421\u0440\u0431\u0438\u0458\u0435 \u0437\u0430 \u043e\u043f\u0448\u0442\u0438\u043d\u0435 \u041f\u0440\u0435\u0448\u0435\u0432\u043e, \u0411\u0443\u0458\u0430\u043d\u043e\u0432\u0430\u0446 \u0438 \u041c\u0435\u0434\u0432\u0435\u0452a\",\"description\":\"\",\"publisher\":{\"@id\":\"https:\\\/\\\/kt.gov.rs\\\/#organization\"},\"alternateName\":\"\u041a\u043e\u043e\u0440\u0434\u0438\u043d\u0430\u0446\u0438\u043e\u043d\u043e \u0442\u0435\u043b\u043e\",\"potentialAction\":[{\"@type\":\"SearchAction\",\"target\":{\"@type\":\"EntryPoint\",\"urlTemplate\":\"https:\\\/\\\/kt.gov.rs\\\/?s={search_term_string}\"},\"query-input\":{\"@type\":\"PropertyValueSpecification\",\"valueRequired\":true,\"valueName\":\"search_term_string\"}}],\"inLanguage\":\"sq-AL\"},{\"@type\":\"Organization\",\"@id\":\"https:\\\/\\\/kt.gov.rs\\\/#organization\",\"name\":\"\u041a\u043e\u043e\u0440\u0434\u0438\u043d\u0430\u0446\u0438\u043e\u043d\u043e \u0442\u0435\u043b\u043e \u0412\u043b\u0430\u0434\u0435 \u0420\u0435\u043f\u0443\u0431\u043b\u0438\u043a\u0435 \u0421\u0440\u0431\u0438\u0458\u0435 \u0437\u0430 \u043e\u043f\u0448\u0442\u0438\u043d\u0435 \u041f\u0440\u0435\u0448\u0435\u0432\u043e, \u0411\u0443\u0458\u0430\u043d\u043e\u0432\u0430\u0446 \u0438 \u041c\u0435\u0434\u0432\u0435\u0452a\",\"alternateName\":\"\u041a\u043e\u043e\u0440\u0434\u0438\u043d\u0430\u0446\u0438\u043e\u043d\u043e \u0442\u0435\u043b\u043e\",\"url\":\"https:\\\/\\\/kt.gov.rs\\\/\",\"logo\":{\"@type\":\"ImageObject\",\"inLanguage\":\"sq-AL\",\"@id\":\"https:\\\/\\\/kt.gov.rs\\\/#\\\/schema\\\/logo\\\/image\\\/\",\"url\":\"https:\\\/\\\/kt.gov.rs\\\/wp-content\\\/uploads\\\/2024\\\/12\\\/koord2.jpg\",\"contentUrl\":\"https:\\\/\\\/kt.gov.rs\\\/wp-content\\\/uploads\\\/2024\\\/12\\\/koord2.jpg\",\"width\":640,\"height\":480,\"caption\":\"\u041a\u043e\u043e\u0440\u0434\u0438\u043d\u0430\u0446\u0438\u043e\u043d\u043e \u0442\u0435\u043b\u043e \u0412\u043b\u0430\u0434\u0435 \u0420\u0435\u043f\u0443\u0431\u043b\u0438\u043a\u0435 \u0421\u0440\u0431\u0438\u0458\u0435 \u0437\u0430 \u043e\u043f\u0448\u0442\u0438\u043d\u0435 \u041f\u0440\u0435\u0448\u0435\u0432\u043e, \u0411\u0443\u0458\u0430\u043d\u043e\u0432\u0430\u0446 \u0438 \u041c\u0435\u0434\u0432\u0435\u0452a\"},\"image\":{\"@id\":\"https:\\\/\\\/kt.gov.rs\\\/#\\\/schema\\\/logo\\\/image\\\/\"},\"sameAs\":[\"https:\\\/\\\/www.facebook.com\\\/SluzbaKoordinacionogTelaVladeRepublikeSrbije\",\"https:\\\/\\\/x.com\\\/kt_gov\",\"https:\\\/\\\/www.youtube.com\\\/@koordinacionotelo\"]},{\"@type\":\"Person\",\"@id\":\"https:\\\/\\\/kt.gov.rs\\\/#\\\/schema\\\/person\\\/e426459ddb4173309103390602694571\",\"name\":\"ktmin\",\"image\":{\"@type\":\"ImageObject\",\"inLanguage\":\"sq-AL\",\"@id\":\"https:\\\/\\\/secure.gravatar.com\\\/avatar\\\/3985c961109853010c3fbc7ba30365bfba5db3dd6c525831d9c595c7525a615a?s=96&d=mm&r=g\",\"url\":\"https:\\\/\\\/secure.gravatar.com\\\/avatar\\\/3985c961109853010c3fbc7ba30365bfba5db3dd6c525831d9c595c7525a615a?s=96&d=mm&r=g\",\"contentUrl\":\"https:\\\/\\\/secure.gravatar.com\\\/avatar\\\/3985c961109853010c3fbc7ba30365bfba5db3dd6c525831d9c595c7525a615a?s=96&d=mm&r=g\",\"caption\":\"ktmin\"},\"sameAs\":[\"https:\\\/\\\/kt.gov.rs\"],\"url\":\"https:\\\/\\\/kt.gov.rs\\\/sq\\\/author\\\/ktmin\\\/\"}]}<\/script>\n<!-- \/ Yoast SEO plugin. -->","yoast_head_json":{"title":"\u00cbSHT\u00cb HAPUR KONKURS P\u00cbR REGJISTRIM N\u00cb SHKOLL\u00cbN USHTARAKE(AFATI:31 MARS T\u00cb VITIT 2021) - Republika e S\u00ebrbis\u00eb Trupi Koordinues p\u00ebr komunat Bujanoc, Preshev\u00eb dhe Medvegj\u00eb","robots":{"index":"index","follow":"follow","max-snippet":"max-snippet:-1","max-image-preview":"max-image-preview:large","max-video-preview":"max-video-preview:-1"},"canonical":"https:\/\/kt.gov.rs\/sq\/eshte-hapur-konkurs-per-regjistrim-ne-shkollen-ushtarake-afati-31-mars-te-vitit-2021\/","og_locale":"sq_AL","og_type":"article","og_title":"\u00cbSHT\u00cb HAPUR KONKURS P\u00cbR REGJISTRIM N\u00cb SHKOLL\u00cbN USHTARAKE(AFATI:31 MARS T\u00cb VITIT 2021) - Republika e S\u00ebrbis\u00eb Trupi Koordinues p\u00ebr komunat Bujanoc, Preshev\u00eb dhe Medvegj\u00eb","og_description":"Ministria e Mbrojtjes ka shpallur konkurs p\u00ebr regjistrim n\u00eb shkollat \u200b\u200bushtarake. Konkursi \u00ebsht\u00eb i hapur nga 15 shkurt deri m\u00eb 31 Mars 2021.","og_url":"https:\/\/kt.gov.rs\/sq\/eshte-hapur-konkurs-per-regjistrim-ne-shkollen-ushtarake-afati-31-mars-te-vitit-2021\/","og_site_name":"Republika e S\u00ebrbis\u00eb Trupi Koordinues p\u00ebr komunat Bujanoc, Preshev\u00eb dhe Medvegj\u00eb","article_publisher":"https:\/\/www.facebook.com\/SluzbaKoordinacionogTelaVladeRepublikeSrbije","article_published_time":"2021-02-18T00:00:00+00:00","article_modified_time":"2024-07-30T18:01:51+00:00","og_image":[{"width":315,"height":230,"url":"https:\/\/kt.gov.rs\/wp-content\/uploads\/2024\/07\/1613644611_180221_1-5.jpg","type":"image\/jpeg"}],"author":"ktmin","twitter_card":"summary_large_image","twitter_creator":"@kt_gov","twitter_site":"@kt_gov","twitter_misc":{"Written by":"ktmin","Est. reading time":"1 minute"},"schema":{"@context":"https:\/\/schema.org","@graph":[{"@type":"Article","@id":"https:\/\/kt.gov.rs\/sq\/eshte-hapur-konkurs-per-regjistrim-ne-shkollen-ushtarake-afati-31-mars-te-vitit-2021\/#article","isPartOf":{"@id":"https:\/\/kt.gov.rs\/sq\/eshte-hapur-konkurs-per-regjistrim-ne-shkollen-ushtarake-afati-31-mars-te-vitit-2021\/"},"author":{"name":"ktmin","@id":"https:\/\/kt.gov.rs\/#\/schema\/person\/e426459ddb4173309103390602694571"},"headline":"\u00cbSHT\u00cb HAPUR KONKURS P\u00cbR REGJISTRIM N\u00cb SHKOLL\u00cbN USHTARAKE(AFATI:31 MARS T\u00cb VITIT 2021)","datePublished":"2021-02-18T00:00:00+00:00","dateModified":"2024-07-30T18:01:51+00:00","mainEntityOfPage":{"@id":"https:\/\/kt.gov.rs\/sq\/eshte-hapur-konkurs-per-regjistrim-ne-shkollen-ushtarake-afati-31-mars-te-vitit-2021\/"},"wordCount":258,"publisher":{"@id":"https:\/\/kt.gov.rs\/#organization"},"image":{"@id":"https:\/\/kt.gov.rs\/sq\/eshte-hapur-konkurs-per-regjistrim-ne-shkollen-ushtarake-afati-31-mars-te-vitit-2021\/#primaryimage"},"thumbnailUrl":"https:\/\/kt.gov.rs\/wp-content\/uploads\/2024\/07\/1613644611_180221_1-5.jpg","articleSection":["Lajme"],"inLanguage":"sq-AL"},{"@type":"WebPage","@id":"https:\/\/kt.gov.rs\/sq\/eshte-hapur-konkurs-per-regjistrim-ne-shkollen-ushtarake-afati-31-mars-te-vitit-2021\/","url":"https:\/\/kt.gov.rs\/sq\/eshte-hapur-konkurs-per-regjistrim-ne-shkollen-ushtarake-afati-31-mars-te-vitit-2021\/","name":"\u00cbSHT\u00cb HAPUR KONKURS P\u00cbR REGJISTRIM N\u00cb SHKOLL\u00cbN USHTARAKE(AFATI:31 MARS T\u00cb VITIT 2021) - Republika e S\u00ebrbis\u00eb Trupi Koordinues p\u00ebr komunat Bujanoc, Preshev\u00eb dhe Medvegj\u00eb","isPartOf":{"@id":"https:\/\/kt.gov.rs\/#website"},"primaryImageOfPage":{"@id":"https:\/\/kt.gov.rs\/sq\/eshte-hapur-konkurs-per-regjistrim-ne-shkollen-ushtarake-afati-31-mars-te-vitit-2021\/#primaryimage"},"image":{"@id":"https:\/\/kt.gov.rs\/sq\/eshte-hapur-konkurs-per-regjistrim-ne-shkollen-ushtarake-afati-31-mars-te-vitit-2021\/#primaryimage"},"thumbnailUrl":"https:\/\/kt.gov.rs\/wp-content\/uploads\/2024\/07\/1613644611_180221_1-5.jpg","datePublished":"2021-02-18T00:00:00+00:00","dateModified":"2024-07-30T18:01:51+00:00","breadcrumb":{"@id":"https:\/\/kt.gov.rs\/sq\/eshte-hapur-konkurs-per-regjistrim-ne-shkollen-ushtarake-afati-31-mars-te-vitit-2021\/#breadcrumb"},"inLanguage":"sq-AL","potentialAction":[{"@type":"ReadAction","target":["https:\/\/kt.gov.rs\/sq\/eshte-hapur-konkurs-per-regjistrim-ne-shkollen-ushtarake-afati-31-mars-te-vitit-2021\/"]}]},{"@type":"ImageObject","inLanguage":"sq-AL","@id":"https:\/\/kt.gov.rs\/sq\/eshte-hapur-konkurs-per-regjistrim-ne-shkollen-ushtarake-afati-31-mars-te-vitit-2021\/#primaryimage","url":"https:\/\/kt.gov.rs\/wp-content\/uploads\/2024\/07\/1613644611_180221_1-5.jpg","contentUrl":"https:\/\/kt.gov.rs\/wp-content\/uploads\/2024\/07\/1613644611_180221_1-5.jpg","width":315,"height":230},{"@type":"BreadcrumbList","@id":"https:\/\/kt.gov.rs\/sq\/eshte-hapur-konkurs-per-regjistrim-ne-shkollen-ushtarake-afati-31-mars-te-vitit-2021\/#breadcrumb","itemListElement":[{"@type":"ListItem","position":1,"name":"\u041f\u043e\u0447\u0435\u0442\u043d\u0430","item":"https:\/\/kt.gov.rs\/sq\/"},{"@type":"ListItem","position":2,"name":"\u00cbSHT\u00cb HAPUR KONKURS P\u00cbR REGJISTRIM N\u00cb SHKOLL\u00cbN USHTARAKE(AFATI:31 MARS T\u00cb VITIT 2021)"}]},{"@type":"WebSite","@id":"https:\/\/kt.gov.rs\/#website","url":"https:\/\/kt.gov.rs\/","name":"\u041a\u043e\u043e\u0440\u0434\u0438\u043d\u0430\u0446\u0438\u043e\u043d\u043e \u0442\u0435\u043b\u043e \u0412\u043b\u0430\u0434\u0435 \u0420\u0435\u043f\u0443\u0431\u043b\u0438\u043a\u0435 \u0421\u0440\u0431\u0438\u0458\u0435 \u0437\u0430 \u043e\u043f\u0448\u0442\u0438\u043d\u0435 \u041f\u0440\u0435\u0448\u0435\u0432\u043e, \u0411\u0443\u0458\u0430\u043d\u043e\u0432\u0430\u0446 \u0438 \u041c\u0435\u0434\u0432\u0435\u0452a","description":"","publisher":{"@id":"https:\/\/kt.gov.rs\/#organization"},"alternateName":"\u041a\u043e\u043e\u0440\u0434\u0438\u043d\u0430\u0446\u0438\u043e\u043d\u043e \u0442\u0435\u043b\u043e","potentialAction":[{"@type":"SearchAction","target":{"@type":"EntryPoint","urlTemplate":"https:\/\/kt.gov.rs\/?s={search_term_string}"},"query-input":{"@type":"PropertyValueSpecification","valueRequired":true,"valueName":"search_term_string"}}],"inLanguage":"sq-AL"},{"@type":"Organization","@id":"https:\/\/kt.gov.rs\/#organization","name":"\u041a\u043e\u043e\u0440\u0434\u0438\u043d\u0430\u0446\u0438\u043e\u043d\u043e \u0442\u0435\u043b\u043e \u0412\u043b\u0430\u0434\u0435 \u0420\u0435\u043f\u0443\u0431\u043b\u0438\u043a\u0435 \u0421\u0440\u0431\u0438\u0458\u0435 \u0437\u0430 \u043e\u043f\u0448\u0442\u0438\u043d\u0435 \u041f\u0440\u0435\u0448\u0435\u0432\u043e, \u0411\u0443\u0458\u0430\u043d\u043e\u0432\u0430\u0446 \u0438 \u041c\u0435\u0434\u0432\u0435\u0452a","alternateName":"\u041a\u043e\u043e\u0440\u0434\u0438\u043d\u0430\u0446\u0438\u043e\u043d\u043e \u0442\u0435\u043b\u043e","url":"https:\/\/kt.gov.rs\/","logo":{"@type":"ImageObject","inLanguage":"sq-AL","@id":"https:\/\/kt.gov.rs\/#\/schema\/logo\/image\/","url":"https:\/\/kt.gov.rs\/wp-content\/uploads\/2024\/12\/koord2.jpg","contentUrl":"https:\/\/kt.gov.rs\/wp-content\/uploads\/2024\/12\/koord2.jpg","width":640,"height":480,"caption":"\u041a\u043e\u043e\u0440\u0434\u0438\u043d\u0430\u0446\u0438\u043e\u043d\u043e \u0442\u0435\u043b\u043e \u0412\u043b\u0430\u0434\u0435 \u0420\u0435\u043f\u0443\u0431\u043b\u0438\u043a\u0435 \u0421\u0440\u0431\u0438\u0458\u0435 \u0437\u0430 \u043e\u043f\u0448\u0442\u0438\u043d\u0435 \u041f\u0440\u0435\u0448\u0435\u0432\u043e, \u0411\u0443\u0458\u0430\u043d\u043e\u0432\u0430\u0446 \u0438 \u041c\u0435\u0434\u0432\u0435\u0452a"},"image":{"@id":"https:\/\/kt.gov.rs\/#\/schema\/logo\/image\/"},"sameAs":["https:\/\/www.facebook.com\/SluzbaKoordinacionogTelaVladeRepublikeSrbije","https:\/\/x.com\/kt_gov","https:\/\/www.youtube.com\/@koordinacionotelo"]},{"@type":"Person","@id":"https:\/\/kt.gov.rs\/#\/schema\/person\/e426459ddb4173309103390602694571","name":"ktmin","image":{"@type":"ImageObject","inLanguage":"sq-AL","@id":"https:\/\/secure.gravatar.com\/avatar\/3985c961109853010c3fbc7ba30365bfba5db3dd6c525831d9c595c7525a615a?s=96&d=mm&r=g","url":"https:\/\/secure.gravatar.com\/avatar\/3985c961109853010c3fbc7ba30365bfba5db3dd6c525831d9c595c7525a615a?s=96&d=mm&r=g","contentUrl":"https:\/\/secure.gravatar.com\/avatar\/3985c961109853010c3fbc7ba30365bfba5db3dd6c525831d9c595c7525a615a?s=96&d=mm&r=g","caption":"ktmin"},"sameAs":["https:\/\/kt.gov.rs"],"url":"https:\/\/kt.gov.rs\/sq\/author\/ktmin\/"}]}},"_links":{"self":[{"href":"https:\/\/kt.gov.rs\/sq\/wp-json\/wp\/v2\/posts\/110748","targetHints":{"allow":["GET"]}}],"collection":[{"href":"https:\/\/kt.gov.rs\/sq\/wp-json\/wp\/v2\/posts"}],"about":[{"href":"https:\/\/kt.gov.rs\/sq\/wp-json\/wp\/v2\/types\/post"}],"author":[{"embeddable":true,"href":"https:\/\/kt.gov.rs\/sq\/wp-json\/wp\/v2\/users\/1"}],"replies":[{"embeddable":true,"href":"https:\/\/kt.gov.rs\/sq\/wp-json\/wp\/v2\/comments?post=110748"}],"version-history":[{"count":1,"href":"https:\/\/kt.gov.rs\/sq\/wp-json\/wp\/v2\/posts\/110748\/revisions"}],"predecessor-version":[{"id":110752,"href":"https:\/\/kt.gov.rs\/sq\/wp-json\/wp\/v2\/posts\/110748\/revisions\/110752"}],"wp:featuredmedia":[{"embeddable":true,"href":"https:\/\/kt.gov.rs\/sq\/wp-json\/wp\/v2\/media\/110753"}],"wp:attachment":[{"href":"https:\/\/kt.gov.rs\/sq\/wp-json\/wp\/v2\/media?parent=110748"}],"wp:term":[{"taxonomy":"category","embeddable":true,"href":"https:\/\/kt.gov.rs\/sq\/wp-json\/wp\/v2\/categories?post=110748"},{"taxonomy":"post_tag","embeddable":true,"href":"https:\/\/kt.gov.rs\/sq\/wp-json\/wp\/v2\/tags?post=110748"}],"curies":[{"name":"wp","href":"https:\/\/api.w.org\/{rel}","templated":true}]}}