{"id":110636,"date":"2021-02-24T00:00:00","date_gmt":"2021-02-24T00:00:00","guid":{"rendered":"http:\/\/kt.printandscreen.rs\/projektet-partnere-te-komunes-se-medvegjes-dhe-qendres-per-zhvillim-te-rrethin-te-jabllanices-dhe-pcinjes\/"},"modified":"2024-07-30T18:01:41","modified_gmt":"2024-07-30T18:01:41","slug":"projektet-partnere-te-komunes-se-medvegjes-dhe-qendres-per-zhvillim-te-rrethin-te-jabllanices-dhe-pcinjes","status":"publish","type":"post","link":"https:\/\/kt.gov.rs\/sq\/projektet-partnere-te-komunes-se-medvegjes-dhe-qendres-per-zhvillim-te-rrethin-te-jabllanices-dhe-pcinjes\/","title":{"rendered":"PROJEKTET PARTNERE T\u00cb KOMUN\u00cbS S\u00cb MEDVEGJ\u00cbS DHE QENDR\u00cbS P\u00cbR ZHVILLIM T\u00cb RRETHIN T\u00cb JABLLANIC\u00cbS DHE P\u00c7INJ\u00cbS"},"content":{"rendered":"<p>\n\t<strong><img decoding=\"async\" alt=\"\" src=\"https:\/\/kt.gov.rs\/wp-content\/uploads\/2024\/07\/1614161476_240221-2-4.jpg\" style=\"width: 315px; height: 230px; float: left;\" \/><\/strong><strong>Medvegj\u00eb \u2013 <\/strong>Komuna e Medvegj\u00ebs ka vite q\u00eb thekson pun\u00ebsimin e t\u00eb rinjve nga territori i komun\u00ebs. Pik\u00ebrisht p\u00ebr at\u00eb arsye, shumica e projekteve q\u00eb jan\u00eb duke u zbatuar kan\u00eb t\u00eb b\u00ebjn\u00eb me rritjen e numrit t\u00eb t\u00eb pun\u00ebsuarve n\u00eb Medvegj\u00eb.<\/p>\n<p>\n\tKoh\u00ebt e fundit, dy projekte u n\u00ebnshkruan n\u00eb zyr\u00ebn e kryetarit t\u00eb Medvegj\u00ebs nga vet\u00ebqeverisja lokale dhe Qendra p\u00ebr Zhvillimin e rrethit Jabllanic\u00ebs dhe P\u00e7inj\u00ebs. Projekti i par\u00eb i referohet Zyr\u00ebs p\u00ebr Nd\u00ebrmarr\u00ebsi dhe Rini Medvegja 2021, nd\u00ebrsa i dyti p\u00ebrqendrohet n\u00eb Mbrojtjen e Mjedisit dhe Promovimin e Turizmit 2021.<\/p>\n<p>\n\tVlera e t\u00eb dy projekteve, zbatimi i t\u00eb cilave do t\u00eb zgjas\u00eb 6 muaj, \u00ebsht\u00eb 5 milion dinar\u00eb. Pas n\u00ebnshkrimit t\u00eb projekteve, Kryetari i komun\u00ebs s\u00eb Medvedja, Nebojsha Arsiq, theksoi se Komuna e Medvegj\u00ebs vazhdon bashk\u00ebpunimin e gjat\u00eb me Qendr\u00ebn p\u00ebr Zhvillim dhe se dymb\u00ebdhjet\u00eb njer\u00ebz do t\u00eb angazhohen p\u00ebrmes projekteve.<\/p>\n<p>\n\t&quot;Ne do t\u00eb p\u00ebrpiqemi t\u00eb b\u00ebjm\u00eb m\u00eb t\u00eb mir\u00ebn n\u00eb periudh\u00ebn e ardhshme p\u00ebr t\u00eb b\u00ebr\u00eb shum\u00eb m\u00eb tep\u00ebr p\u00ebrmes sh\u00ebrbimeve tona n\u00eb m\u00ebnyr\u00eb q\u00eb t\u00eb rrisim pun\u00ebsimin dhe t\u00eb zvog\u00eblojm\u00eb migrimin e t\u00eb rinjve nga komuna jon\u00eb.&quot; N\u00eb periudh\u00ebn e m\u00ebparshme, kemi zbatuar &quot;Projektin e Politik\u00ebs s\u00eb Popullsis\u00eb&quot;, ku kemi shp\u00ebrndar\u00eb 25 grante p\u00ebr t\u00eb filluar biznesin ton\u00eb, pastaj p\u00ebrmes &quot;Zyr\u00ebs p\u00ebr Zhvillimin e Nd\u00ebrmarrjes&quot; kemi angazhuar t\u00eb rinjt\u00eb n\u00eb projekt, p\u00ebrmes &quot;Masave Aktive t\u00eb Politik\u00ebs s\u00eb Pun\u00ebsimit&quot; pun\u00ebsoi m\u00eb shum\u00eb se 250 pun\u00ebtor\u00eb koh\u00eb p\u00ebrmes pun\u00ebve publike dhe p\u00ebrmes organizat\u00ebs &quot;Ndihm\u00eb&quot; dhe projektit &quot;Forcimi i stabilitetit socio-ekonomik t\u00eb Ballkanit&quot;, 15 t\u00eb rinj filluan biznesin e tyre &quot;, tha kryetari i komun\u00ebs s\u00eb Medvegj\u00ebs.<\/p>\n<p>\n\tDrejtori i Qendr\u00ebs p\u00ebr Zhvillimin e Rrethit Jablanic\u00ebs dhe P\u00e7inj\u00ebs, Dragan Belenzada, gjithashtu iu drejtua t\u00eb pranishm\u00ebve n\u00eb Sall\u00ebn e Kuvendit, duke i fal\u00ebnderuar ata p\u00ebr bashk\u00ebpunimin e suksessh\u00ebm afatgjat\u00eb me komun\u00ebn e Medvegj\u00ebs.<\/p>\n<p>\n\t&quot;Ideja jon\u00eb ishte q\u00eb t\u00eb b\u00ebjm\u00eb nj\u00eb projekt t\u00eb p\u00ebrbashk\u00ebt p\u00ebr nevojat e vet\u00ebqeverisjes lokale t\u00eb komun\u00ebs s\u00eb Medvegj\u00ebs n\u00eb m\u00ebnyr\u00eb q\u00eb t\u00eb angazhojm\u00eb t\u00eb rinjt\u00eb n\u00eb fush\u00ebn e turizmit dhe sip\u00ebrmarrjes, dhe p\u00ebrmes edukimit t\u00eb punojm\u00eb n\u00eb gjetjen e ideve t\u00eb reja q\u00eb do t\u00eb japin rezultate n\u00eb k\u00ebto fusha &quot;. Un\u00eb pres q\u00eb ju t\u00eb ndiqni thirrjet n\u00eb projekt, t\u00eb propozoni ide t\u00eb reja dhe t\u00eb paraqisni raporte mujore, n\u00eb m\u00ebnyr\u00eb q\u00eb t\u00eb kemi komente p\u00ebr drejtimin n\u00eb t\u00eb cilin mund t\u00eb vazhdojm\u00eb t\u00eb punojm\u00eb &quot;, tha drejtori i Qendr\u00ebs.<\/p>\n<p>\n\tQ\u00ebllimi kryesor i projektit t\u00eb p\u00ebrbashk\u00ebt &quot;Zyra p\u00ebr Nd\u00ebrmarr\u00ebsi dhe Rini Medvegja 2021&quot; \u00ebsht\u00eb t&#39;i p\u00ebrgjigjet p\u00ebrmes aktiviteteve nevojave n\u00eb rritje t\u00eb nd\u00ebrmarrjeve mikro, t\u00eb vogla dhe t\u00eb mesme n\u00eb komun\u00ebn e Medvegj\u00ebs, nd\u00ebrsa q\u00ebllimi i projektit t\u00eb dyt\u00eb &quot;Mbrojtja e mjedisit dhe turizmi&quot; Promovimi 2021 &quot;\u00ebsht\u00eb p\u00ebr aktivitete t\u00eb ndryshme q\u00eb u p\u00ebrgjigjen nevojave t\u00eb mbrojtjes s\u00eb mjedisit dhe promovimit t\u00eb turizmit n\u00eb komun\u00ebn e Medvegj\u00ebs.<\/p>\n<p>\n\tPersonat e angazhuar p\u00ebrmes projektit jan\u00eb kryesisht t\u00eb rinj me arsim t\u00eb lart\u00eb dhe jan\u00eb p\u00ebrfshir\u00eb dy persona me komb\u00ebsi rome dhe shqiptare.<\/p>\n<p>\n\t<strong>Burimi: Info Qendra Jug dhe Trupi Koordinues <\/strong><\/p>\n<p>\n\t\u00a0<\/p>\n","protected":false},"excerpt":{"rendered":"<p>Medvegj\u00eb \u2013\u00a0Komuna e Medvegj\u00ebs ka vite q\u00eb thekson pun\u00ebsimin e t\u00eb rinjve nga territori i komun\u00ebs. Pik\u00ebrisht p\u00ebr at\u00eb arsye, shumica e projekteve q\u00eb jan\u00eb duke u zbatuar kan\u00eb t\u00eb b\u00ebjn\u00eb me rritjen e numrit t\u00eb t\u00eb pun\u00ebsuarve n\u00eb Medvegj\u00eb.<\/p>\n","protected":false},"author":1,"featured_media":110641,"comment_status":"closed","ping_status":"closed","sticky":false,"template":"","format":"standard","meta":{"footnotes":""},"categories":[55],"tags":[],"class_list":["post-110636","post","type-post","status-publish","format-standard","has-post-thumbnail","hentry","category-lajme"],"yoast_head":"<!-- This site is optimized with the Yoast SEO plugin v27.5 - https:\/\/yoast.com\/product\/yoast-seo-wordpress\/ -->\n<title>PROJEKTET PARTNERE T\u00cb KOMUN\u00cbS S\u00cb MEDVEGJ\u00cbS DHE QENDR\u00cbS P\u00cbR ZHVILLIM T\u00cb RRETHIN T\u00cb JABLLANIC\u00cbS DHE P\u00c7INJ\u00cbS - Republika e S\u00ebrbis\u00eb Trupi Koordinues p\u00ebr komunat Bujanoc, Preshev\u00eb dhe Medvegj\u00eb<\/title>\n<meta name=\"robots\" content=\"index, follow, max-snippet:-1, max-image-preview:large, max-video-preview:-1\" \/>\n<link rel=\"canonical\" href=\"https:\/\/kt.gov.rs\/sq\/projektet-partnere-te-komunes-se-medvegjes-dhe-qendres-per-zhvillim-te-rrethin-te-jabllanices-dhe-pcinjes\/\" \/>\n<meta property=\"og:locale\" content=\"sq_AL\" \/>\n<meta property=\"og:type\" content=\"article\" \/>\n<meta property=\"og:title\" content=\"PROJEKTET PARTNERE T\u00cb KOMUN\u00cbS S\u00cb MEDVEGJ\u00cbS DHE QENDR\u00cbS P\u00cbR ZHVILLIM T\u00cb RRETHIN T\u00cb JABLLANIC\u00cbS DHE P\u00c7INJ\u00cbS - Republika e S\u00ebrbis\u00eb Trupi Koordinues p\u00ebr komunat Bujanoc, Preshev\u00eb dhe Medvegj\u00eb\" \/>\n<meta property=\"og:description\" content=\"Medvegj\u00eb -\u00a0Komuna e Medvegj\u00ebs ka vite q\u00eb thekson pun\u00ebsimin e t\u00eb rinjve nga territori i komun\u00ebs. Pik\u00ebrisht p\u00ebr at\u00eb arsye, shumica e projekteve q\u00eb jan\u00eb duke u zbatuar kan\u00eb t\u00eb b\u00ebjn\u00eb me rritjen e numrit t\u00eb t\u00eb pun\u00ebsuarve n\u00eb Medvegj\u00eb.\" \/>\n<meta property=\"og:url\" content=\"https:\/\/kt.gov.rs\/sq\/projektet-partnere-te-komunes-se-medvegjes-dhe-qendres-per-zhvillim-te-rrethin-te-jabllanices-dhe-pcinjes\/\" \/>\n<meta property=\"og:site_name\" content=\"Republika e S\u00ebrbis\u00eb Trupi Koordinues p\u00ebr komunat Bujanoc, Preshev\u00eb dhe Medvegj\u00eb\" \/>\n<meta property=\"article:publisher\" content=\"https:\/\/www.facebook.com\/SluzbaKoordinacionogTelaVladeRepublikeSrbije\" \/>\n<meta property=\"article:published_time\" content=\"2021-02-24T00:00:00+00:00\" \/>\n<meta property=\"article:modified_time\" content=\"2024-07-30T18:01:41+00:00\" \/>\n<meta property=\"og:image\" content=\"https:\/\/kt.gov.rs\/wp-content\/uploads\/2024\/07\/1614161476_240221-2-5.jpg\" \/>\n\t<meta property=\"og:image:width\" content=\"315\" \/>\n\t<meta property=\"og:image:height\" content=\"230\" \/>\n\t<meta property=\"og:image:type\" content=\"image\/jpeg\" \/>\n<meta name=\"author\" content=\"ktmin\" \/>\n<meta name=\"twitter:card\" content=\"summary_large_image\" \/>\n<meta name=\"twitter:creator\" content=\"@kt_gov\" \/>\n<meta name=\"twitter:site\" content=\"@kt_gov\" \/>\n<meta name=\"twitter:label1\" content=\"Written by\" \/>\n\t<meta name=\"twitter:data1\" content=\"ktmin\" \/>\n\t<meta name=\"twitter:label2\" content=\"Est. reading time\" \/>\n\t<meta name=\"twitter:data2\" content=\"4 minutes\" \/>\n<script type=\"application\/ld+json\" class=\"yoast-schema-graph\">{\"@context\":\"https:\\\/\\\/schema.org\",\"@graph\":[{\"@type\":\"Article\",\"@id\":\"https:\\\/\\\/kt.gov.rs\\\/sq\\\/projektet-partnere-te-komunes-se-medvegjes-dhe-qendres-per-zhvillim-te-rrethin-te-jabllanices-dhe-pcinjes\\\/#article\",\"isPartOf\":{\"@id\":\"https:\\\/\\\/kt.gov.rs\\\/sq\\\/projektet-partnere-te-komunes-se-medvegjes-dhe-qendres-per-zhvillim-te-rrethin-te-jabllanices-dhe-pcinjes\\\/\"},\"author\":{\"name\":\"ktmin\",\"@id\":\"https:\\\/\\\/kt.gov.rs\\\/#\\\/schema\\\/person\\\/e426459ddb4173309103390602694571\"},\"headline\":\"PROJEKTET PARTNERE T\u00cb KOMUN\u00cbS S\u00cb MEDVEGJ\u00cbS DHE QENDR\u00cbS P\u00cbR ZHVILLIM T\u00cb RRETHIN T\u00cb JABLLANIC\u00cbS DHE P\u00c7INJ\u00cbS\",\"datePublished\":\"2021-02-24T00:00:00+00:00\",\"dateModified\":\"2024-07-30T18:01:41+00:00\",\"mainEntityOfPage\":{\"@id\":\"https:\\\/\\\/kt.gov.rs\\\/sq\\\/projektet-partnere-te-komunes-se-medvegjes-dhe-qendres-per-zhvillim-te-rrethin-te-jabllanices-dhe-pcinjes\\\/\"},\"wordCount\":869,\"publisher\":{\"@id\":\"https:\\\/\\\/kt.gov.rs\\\/#organization\"},\"image\":{\"@id\":\"https:\\\/\\\/kt.gov.rs\\\/sq\\\/projektet-partnere-te-komunes-se-medvegjes-dhe-qendres-per-zhvillim-te-rrethin-te-jabllanices-dhe-pcinjes\\\/#primaryimage\"},\"thumbnailUrl\":\"https:\\\/\\\/kt.gov.rs\\\/wp-content\\\/uploads\\\/2024\\\/07\\\/1614161476_240221-2-5.jpg\",\"articleSection\":[\"Lajme\"],\"inLanguage\":\"sq-AL\"},{\"@type\":\"WebPage\",\"@id\":\"https:\\\/\\\/kt.gov.rs\\\/sq\\\/projektet-partnere-te-komunes-se-medvegjes-dhe-qendres-per-zhvillim-te-rrethin-te-jabllanices-dhe-pcinjes\\\/\",\"url\":\"https:\\\/\\\/kt.gov.rs\\\/sq\\\/projektet-partnere-te-komunes-se-medvegjes-dhe-qendres-per-zhvillim-te-rrethin-te-jabllanices-dhe-pcinjes\\\/\",\"name\":\"PROJEKTET PARTNERE T\u00cb KOMUN\u00cbS S\u00cb MEDVEGJ\u00cbS DHE QENDR\u00cbS P\u00cbR ZHVILLIM T\u00cb RRETHIN T\u00cb JABLLANIC\u00cbS DHE P\u00c7INJ\u00cbS - Republika e S\u00ebrbis\u00eb Trupi Koordinues p\u00ebr komunat Bujanoc, Preshev\u00eb dhe Medvegj\u00eb\",\"isPartOf\":{\"@id\":\"https:\\\/\\\/kt.gov.rs\\\/#website\"},\"primaryImageOfPage\":{\"@id\":\"https:\\\/\\\/kt.gov.rs\\\/sq\\\/projektet-partnere-te-komunes-se-medvegjes-dhe-qendres-per-zhvillim-te-rrethin-te-jabllanices-dhe-pcinjes\\\/#primaryimage\"},\"image\":{\"@id\":\"https:\\\/\\\/kt.gov.rs\\\/sq\\\/projektet-partnere-te-komunes-se-medvegjes-dhe-qendres-per-zhvillim-te-rrethin-te-jabllanices-dhe-pcinjes\\\/#primaryimage\"},\"thumbnailUrl\":\"https:\\\/\\\/kt.gov.rs\\\/wp-content\\\/uploads\\\/2024\\\/07\\\/1614161476_240221-2-5.jpg\",\"datePublished\":\"2021-02-24T00:00:00+00:00\",\"dateModified\":\"2024-07-30T18:01:41+00:00\",\"breadcrumb\":{\"@id\":\"https:\\\/\\\/kt.gov.rs\\\/sq\\\/projektet-partnere-te-komunes-se-medvegjes-dhe-qendres-per-zhvillim-te-rrethin-te-jabllanices-dhe-pcinjes\\\/#breadcrumb\"},\"inLanguage\":\"sq-AL\",\"potentialAction\":[{\"@type\":\"ReadAction\",\"target\":[\"https:\\\/\\\/kt.gov.rs\\\/sq\\\/projektet-partnere-te-komunes-se-medvegjes-dhe-qendres-per-zhvillim-te-rrethin-te-jabllanices-dhe-pcinjes\\\/\"]}]},{\"@type\":\"ImageObject\",\"inLanguage\":\"sq-AL\",\"@id\":\"https:\\\/\\\/kt.gov.rs\\\/sq\\\/projektet-partnere-te-komunes-se-medvegjes-dhe-qendres-per-zhvillim-te-rrethin-te-jabllanices-dhe-pcinjes\\\/#primaryimage\",\"url\":\"https:\\\/\\\/kt.gov.rs\\\/wp-content\\\/uploads\\\/2024\\\/07\\\/1614161476_240221-2-5.jpg\",\"contentUrl\":\"https:\\\/\\\/kt.gov.rs\\\/wp-content\\\/uploads\\\/2024\\\/07\\\/1614161476_240221-2-5.jpg\",\"width\":315,\"height\":230},{\"@type\":\"BreadcrumbList\",\"@id\":\"https:\\\/\\\/kt.gov.rs\\\/sq\\\/projektet-partnere-te-komunes-se-medvegjes-dhe-qendres-per-zhvillim-te-rrethin-te-jabllanices-dhe-pcinjes\\\/#breadcrumb\",\"itemListElement\":[{\"@type\":\"ListItem\",\"position\":1,\"name\":\"\u041f\u043e\u0447\u0435\u0442\u043d\u0430\",\"item\":\"https:\\\/\\\/kt.gov.rs\\\/sq\\\/\"},{\"@type\":\"ListItem\",\"position\":2,\"name\":\"PROJEKTET PARTNERE T\u00cb KOMUN\u00cbS S\u00cb MEDVEGJ\u00cbS DHE QENDR\u00cbS P\u00cbR ZHVILLIM T\u00cb RRETHIN T\u00cb JABLLANIC\u00cbS DHE P\u00c7INJ\u00cbS\"}]},{\"@type\":\"WebSite\",\"@id\":\"https:\\\/\\\/kt.gov.rs\\\/#website\",\"url\":\"https:\\\/\\\/kt.gov.rs\\\/\",\"name\":\"\u041a\u043e\u043e\u0440\u0434\u0438\u043d\u0430\u0446\u0438\u043e\u043d\u043e \u0442\u0435\u043b\u043e \u0412\u043b\u0430\u0434\u0435 \u0420\u0435\u043f\u0443\u0431\u043b\u0438\u043a\u0435 \u0421\u0440\u0431\u0438\u0458\u0435 \u0437\u0430 \u043e\u043f\u0448\u0442\u0438\u043d\u0435 \u041f\u0440\u0435\u0448\u0435\u0432\u043e, \u0411\u0443\u0458\u0430\u043d\u043e\u0432\u0430\u0446 \u0438 \u041c\u0435\u0434\u0432\u0435\u0452a\",\"description\":\"\",\"publisher\":{\"@id\":\"https:\\\/\\\/kt.gov.rs\\\/#organization\"},\"alternateName\":\"\u041a\u043e\u043e\u0440\u0434\u0438\u043d\u0430\u0446\u0438\u043e\u043d\u043e \u0442\u0435\u043b\u043e\",\"potentialAction\":[{\"@type\":\"SearchAction\",\"target\":{\"@type\":\"EntryPoint\",\"urlTemplate\":\"https:\\\/\\\/kt.gov.rs\\\/?s={search_term_string}\"},\"query-input\":{\"@type\":\"PropertyValueSpecification\",\"valueRequired\":true,\"valueName\":\"search_term_string\"}}],\"inLanguage\":\"sq-AL\"},{\"@type\":\"Organization\",\"@id\":\"https:\\\/\\\/kt.gov.rs\\\/#organization\",\"name\":\"\u041a\u043e\u043e\u0440\u0434\u0438\u043d\u0430\u0446\u0438\u043e\u043d\u043e \u0442\u0435\u043b\u043e \u0412\u043b\u0430\u0434\u0435 \u0420\u0435\u043f\u0443\u0431\u043b\u0438\u043a\u0435 \u0421\u0440\u0431\u0438\u0458\u0435 \u0437\u0430 \u043e\u043f\u0448\u0442\u0438\u043d\u0435 \u041f\u0440\u0435\u0448\u0435\u0432\u043e, \u0411\u0443\u0458\u0430\u043d\u043e\u0432\u0430\u0446 \u0438 \u041c\u0435\u0434\u0432\u0435\u0452a\",\"alternateName\":\"\u041a\u043e\u043e\u0440\u0434\u0438\u043d\u0430\u0446\u0438\u043e\u043d\u043e \u0442\u0435\u043b\u043e\",\"url\":\"https:\\\/\\\/kt.gov.rs\\\/\",\"logo\":{\"@type\":\"ImageObject\",\"inLanguage\":\"sq-AL\",\"@id\":\"https:\\\/\\\/kt.gov.rs\\\/#\\\/schema\\\/logo\\\/image\\\/\",\"url\":\"https:\\\/\\\/kt.gov.rs\\\/wp-content\\\/uploads\\\/2024\\\/12\\\/koord2.jpg\",\"contentUrl\":\"https:\\\/\\\/kt.gov.rs\\\/wp-content\\\/uploads\\\/2024\\\/12\\\/koord2.jpg\",\"width\":640,\"height\":480,\"caption\":\"\u041a\u043e\u043e\u0440\u0434\u0438\u043d\u0430\u0446\u0438\u043e\u043d\u043e \u0442\u0435\u043b\u043e \u0412\u043b\u0430\u0434\u0435 \u0420\u0435\u043f\u0443\u0431\u043b\u0438\u043a\u0435 \u0421\u0440\u0431\u0438\u0458\u0435 \u0437\u0430 \u043e\u043f\u0448\u0442\u0438\u043d\u0435 \u041f\u0440\u0435\u0448\u0435\u0432\u043e, \u0411\u0443\u0458\u0430\u043d\u043e\u0432\u0430\u0446 \u0438 \u041c\u0435\u0434\u0432\u0435\u0452a\"},\"image\":{\"@id\":\"https:\\\/\\\/kt.gov.rs\\\/#\\\/schema\\\/logo\\\/image\\\/\"},\"sameAs\":[\"https:\\\/\\\/www.facebook.com\\\/SluzbaKoordinacionogTelaVladeRepublikeSrbije\",\"https:\\\/\\\/x.com\\\/kt_gov\",\"https:\\\/\\\/www.youtube.com\\\/@koordinacionotelo\"]},{\"@type\":\"Person\",\"@id\":\"https:\\\/\\\/kt.gov.rs\\\/#\\\/schema\\\/person\\\/e426459ddb4173309103390602694571\",\"name\":\"ktmin\",\"image\":{\"@type\":\"ImageObject\",\"inLanguage\":\"sq-AL\",\"@id\":\"https:\\\/\\\/secure.gravatar.com\\\/avatar\\\/3985c961109853010c3fbc7ba30365bfba5db3dd6c525831d9c595c7525a615a?s=96&d=mm&r=g\",\"url\":\"https:\\\/\\\/secure.gravatar.com\\\/avatar\\\/3985c961109853010c3fbc7ba30365bfba5db3dd6c525831d9c595c7525a615a?s=96&d=mm&r=g\",\"contentUrl\":\"https:\\\/\\\/secure.gravatar.com\\\/avatar\\\/3985c961109853010c3fbc7ba30365bfba5db3dd6c525831d9c595c7525a615a?s=96&d=mm&r=g\",\"caption\":\"ktmin\"},\"sameAs\":[\"https:\\\/\\\/kt.gov.rs\"],\"url\":\"https:\\\/\\\/kt.gov.rs\\\/sq\\\/author\\\/ktmin\\\/\"}]}<\/script>\n<!-- \/ Yoast SEO plugin. -->","yoast_head_json":{"title":"PROJEKTET PARTNERE T\u00cb KOMUN\u00cbS S\u00cb MEDVEGJ\u00cbS DHE QENDR\u00cbS P\u00cbR ZHVILLIM T\u00cb RRETHIN T\u00cb JABLLANIC\u00cbS DHE P\u00c7INJ\u00cbS - Republika e S\u00ebrbis\u00eb Trupi Koordinues p\u00ebr komunat Bujanoc, Preshev\u00eb dhe Medvegj\u00eb","robots":{"index":"index","follow":"follow","max-snippet":"max-snippet:-1","max-image-preview":"max-image-preview:large","max-video-preview":"max-video-preview:-1"},"canonical":"https:\/\/kt.gov.rs\/sq\/projektet-partnere-te-komunes-se-medvegjes-dhe-qendres-per-zhvillim-te-rrethin-te-jabllanices-dhe-pcinjes\/","og_locale":"sq_AL","og_type":"article","og_title":"PROJEKTET PARTNERE T\u00cb KOMUN\u00cbS S\u00cb MEDVEGJ\u00cbS DHE QENDR\u00cbS P\u00cbR ZHVILLIM T\u00cb RRETHIN T\u00cb JABLLANIC\u00cbS DHE P\u00c7INJ\u00cbS - Republika e S\u00ebrbis\u00eb Trupi Koordinues p\u00ebr komunat Bujanoc, Preshev\u00eb dhe Medvegj\u00eb","og_description":"Medvegj\u00eb -\u00a0Komuna e Medvegj\u00ebs ka vite q\u00eb thekson pun\u00ebsimin e t\u00eb rinjve nga territori i komun\u00ebs. Pik\u00ebrisht p\u00ebr at\u00eb arsye, shumica e projekteve q\u00eb jan\u00eb duke u zbatuar kan\u00eb t\u00eb b\u00ebjn\u00eb me rritjen e numrit t\u00eb t\u00eb pun\u00ebsuarve n\u00eb Medvegj\u00eb.","og_url":"https:\/\/kt.gov.rs\/sq\/projektet-partnere-te-komunes-se-medvegjes-dhe-qendres-per-zhvillim-te-rrethin-te-jabllanices-dhe-pcinjes\/","og_site_name":"Republika e S\u00ebrbis\u00eb Trupi Koordinues p\u00ebr komunat Bujanoc, Preshev\u00eb dhe Medvegj\u00eb","article_publisher":"https:\/\/www.facebook.com\/SluzbaKoordinacionogTelaVladeRepublikeSrbije","article_published_time":"2021-02-24T00:00:00+00:00","article_modified_time":"2024-07-30T18:01:41+00:00","og_image":[{"width":315,"height":230,"url":"https:\/\/kt.gov.rs\/wp-content\/uploads\/2024\/07\/1614161476_240221-2-5.jpg","type":"image\/jpeg"}],"author":"ktmin","twitter_card":"summary_large_image","twitter_creator":"@kt_gov","twitter_site":"@kt_gov","twitter_misc":{"Written by":"ktmin","Est. reading time":"4 minutes"},"schema":{"@context":"https:\/\/schema.org","@graph":[{"@type":"Article","@id":"https:\/\/kt.gov.rs\/sq\/projektet-partnere-te-komunes-se-medvegjes-dhe-qendres-per-zhvillim-te-rrethin-te-jabllanices-dhe-pcinjes\/#article","isPartOf":{"@id":"https:\/\/kt.gov.rs\/sq\/projektet-partnere-te-komunes-se-medvegjes-dhe-qendres-per-zhvillim-te-rrethin-te-jabllanices-dhe-pcinjes\/"},"author":{"name":"ktmin","@id":"https:\/\/kt.gov.rs\/#\/schema\/person\/e426459ddb4173309103390602694571"},"headline":"PROJEKTET PARTNERE T\u00cb KOMUN\u00cbS S\u00cb MEDVEGJ\u00cbS DHE QENDR\u00cbS P\u00cbR ZHVILLIM T\u00cb RRETHIN T\u00cb JABLLANIC\u00cbS DHE P\u00c7INJ\u00cbS","datePublished":"2021-02-24T00:00:00+00:00","dateModified":"2024-07-30T18:01:41+00:00","mainEntityOfPage":{"@id":"https:\/\/kt.gov.rs\/sq\/projektet-partnere-te-komunes-se-medvegjes-dhe-qendres-per-zhvillim-te-rrethin-te-jabllanices-dhe-pcinjes\/"},"wordCount":869,"publisher":{"@id":"https:\/\/kt.gov.rs\/#organization"},"image":{"@id":"https:\/\/kt.gov.rs\/sq\/projektet-partnere-te-komunes-se-medvegjes-dhe-qendres-per-zhvillim-te-rrethin-te-jabllanices-dhe-pcinjes\/#primaryimage"},"thumbnailUrl":"https:\/\/kt.gov.rs\/wp-content\/uploads\/2024\/07\/1614161476_240221-2-5.jpg","articleSection":["Lajme"],"inLanguage":"sq-AL"},{"@type":"WebPage","@id":"https:\/\/kt.gov.rs\/sq\/projektet-partnere-te-komunes-se-medvegjes-dhe-qendres-per-zhvillim-te-rrethin-te-jabllanices-dhe-pcinjes\/","url":"https:\/\/kt.gov.rs\/sq\/projektet-partnere-te-komunes-se-medvegjes-dhe-qendres-per-zhvillim-te-rrethin-te-jabllanices-dhe-pcinjes\/","name":"PROJEKTET PARTNERE T\u00cb KOMUN\u00cbS S\u00cb MEDVEGJ\u00cbS DHE QENDR\u00cbS P\u00cbR ZHVILLIM T\u00cb RRETHIN T\u00cb JABLLANIC\u00cbS DHE P\u00c7INJ\u00cbS - Republika e S\u00ebrbis\u00eb Trupi Koordinues p\u00ebr komunat Bujanoc, Preshev\u00eb dhe Medvegj\u00eb","isPartOf":{"@id":"https:\/\/kt.gov.rs\/#website"},"primaryImageOfPage":{"@id":"https:\/\/kt.gov.rs\/sq\/projektet-partnere-te-komunes-se-medvegjes-dhe-qendres-per-zhvillim-te-rrethin-te-jabllanices-dhe-pcinjes\/#primaryimage"},"image":{"@id":"https:\/\/kt.gov.rs\/sq\/projektet-partnere-te-komunes-se-medvegjes-dhe-qendres-per-zhvillim-te-rrethin-te-jabllanices-dhe-pcinjes\/#primaryimage"},"thumbnailUrl":"https:\/\/kt.gov.rs\/wp-content\/uploads\/2024\/07\/1614161476_240221-2-5.jpg","datePublished":"2021-02-24T00:00:00+00:00","dateModified":"2024-07-30T18:01:41+00:00","breadcrumb":{"@id":"https:\/\/kt.gov.rs\/sq\/projektet-partnere-te-komunes-se-medvegjes-dhe-qendres-per-zhvillim-te-rrethin-te-jabllanices-dhe-pcinjes\/#breadcrumb"},"inLanguage":"sq-AL","potentialAction":[{"@type":"ReadAction","target":["https:\/\/kt.gov.rs\/sq\/projektet-partnere-te-komunes-se-medvegjes-dhe-qendres-per-zhvillim-te-rrethin-te-jabllanices-dhe-pcinjes\/"]}]},{"@type":"ImageObject","inLanguage":"sq-AL","@id":"https:\/\/kt.gov.rs\/sq\/projektet-partnere-te-komunes-se-medvegjes-dhe-qendres-per-zhvillim-te-rrethin-te-jabllanices-dhe-pcinjes\/#primaryimage","url":"https:\/\/kt.gov.rs\/wp-content\/uploads\/2024\/07\/1614161476_240221-2-5.jpg","contentUrl":"https:\/\/kt.gov.rs\/wp-content\/uploads\/2024\/07\/1614161476_240221-2-5.jpg","width":315,"height":230},{"@type":"BreadcrumbList","@id":"https:\/\/kt.gov.rs\/sq\/projektet-partnere-te-komunes-se-medvegjes-dhe-qendres-per-zhvillim-te-rrethin-te-jabllanices-dhe-pcinjes\/#breadcrumb","itemListElement":[{"@type":"ListItem","position":1,"name":"\u041f\u043e\u0447\u0435\u0442\u043d\u0430","item":"https:\/\/kt.gov.rs\/sq\/"},{"@type":"ListItem","position":2,"name":"PROJEKTET PARTNERE T\u00cb KOMUN\u00cbS S\u00cb MEDVEGJ\u00cbS DHE QENDR\u00cbS P\u00cbR ZHVILLIM T\u00cb RRETHIN T\u00cb JABLLANIC\u00cbS DHE P\u00c7INJ\u00cbS"}]},{"@type":"WebSite","@id":"https:\/\/kt.gov.rs\/#website","url":"https:\/\/kt.gov.rs\/","name":"\u041a\u043e\u043e\u0440\u0434\u0438\u043d\u0430\u0446\u0438\u043e\u043d\u043e \u0442\u0435\u043b\u043e \u0412\u043b\u0430\u0434\u0435 \u0420\u0435\u043f\u0443\u0431\u043b\u0438\u043a\u0435 \u0421\u0440\u0431\u0438\u0458\u0435 \u0437\u0430 \u043e\u043f\u0448\u0442\u0438\u043d\u0435 \u041f\u0440\u0435\u0448\u0435\u0432\u043e, \u0411\u0443\u0458\u0430\u043d\u043e\u0432\u0430\u0446 \u0438 \u041c\u0435\u0434\u0432\u0435\u0452a","description":"","publisher":{"@id":"https:\/\/kt.gov.rs\/#organization"},"alternateName":"\u041a\u043e\u043e\u0440\u0434\u0438\u043d\u0430\u0446\u0438\u043e\u043d\u043e \u0442\u0435\u043b\u043e","potentialAction":[{"@type":"SearchAction","target":{"@type":"EntryPoint","urlTemplate":"https:\/\/kt.gov.rs\/?s={search_term_string}"},"query-input":{"@type":"PropertyValueSpecification","valueRequired":true,"valueName":"search_term_string"}}],"inLanguage":"sq-AL"},{"@type":"Organization","@id":"https:\/\/kt.gov.rs\/#organization","name":"\u041a\u043e\u043e\u0440\u0434\u0438\u043d\u0430\u0446\u0438\u043e\u043d\u043e \u0442\u0435\u043b\u043e \u0412\u043b\u0430\u0434\u0435 \u0420\u0435\u043f\u0443\u0431\u043b\u0438\u043a\u0435 \u0421\u0440\u0431\u0438\u0458\u0435 \u0437\u0430 \u043e\u043f\u0448\u0442\u0438\u043d\u0435 \u041f\u0440\u0435\u0448\u0435\u0432\u043e, \u0411\u0443\u0458\u0430\u043d\u043e\u0432\u0430\u0446 \u0438 \u041c\u0435\u0434\u0432\u0435\u0452a","alternateName":"\u041a\u043e\u043e\u0440\u0434\u0438\u043d\u0430\u0446\u0438\u043e\u043d\u043e \u0442\u0435\u043b\u043e","url":"https:\/\/kt.gov.rs\/","logo":{"@type":"ImageObject","inLanguage":"sq-AL","@id":"https:\/\/kt.gov.rs\/#\/schema\/logo\/image\/","url":"https:\/\/kt.gov.rs\/wp-content\/uploads\/2024\/12\/koord2.jpg","contentUrl":"https:\/\/kt.gov.rs\/wp-content\/uploads\/2024\/12\/koord2.jpg","width":640,"height":480,"caption":"\u041a\u043e\u043e\u0440\u0434\u0438\u043d\u0430\u0446\u0438\u043e\u043d\u043e \u0442\u0435\u043b\u043e \u0412\u043b\u0430\u0434\u0435 \u0420\u0435\u043f\u0443\u0431\u043b\u0438\u043a\u0435 \u0421\u0440\u0431\u0438\u0458\u0435 \u0437\u0430 \u043e\u043f\u0448\u0442\u0438\u043d\u0435 \u041f\u0440\u0435\u0448\u0435\u0432\u043e, \u0411\u0443\u0458\u0430\u043d\u043e\u0432\u0430\u0446 \u0438 \u041c\u0435\u0434\u0432\u0435\u0452a"},"image":{"@id":"https:\/\/kt.gov.rs\/#\/schema\/logo\/image\/"},"sameAs":["https:\/\/www.facebook.com\/SluzbaKoordinacionogTelaVladeRepublikeSrbije","https:\/\/x.com\/kt_gov","https:\/\/www.youtube.com\/@koordinacionotelo"]},{"@type":"Person","@id":"https:\/\/kt.gov.rs\/#\/schema\/person\/e426459ddb4173309103390602694571","name":"ktmin","image":{"@type":"ImageObject","inLanguage":"sq-AL","@id":"https:\/\/secure.gravatar.com\/avatar\/3985c961109853010c3fbc7ba30365bfba5db3dd6c525831d9c595c7525a615a?s=96&d=mm&r=g","url":"https:\/\/secure.gravatar.com\/avatar\/3985c961109853010c3fbc7ba30365bfba5db3dd6c525831d9c595c7525a615a?s=96&d=mm&r=g","contentUrl":"https:\/\/secure.gravatar.com\/avatar\/3985c961109853010c3fbc7ba30365bfba5db3dd6c525831d9c595c7525a615a?s=96&d=mm&r=g","caption":"ktmin"},"sameAs":["https:\/\/kt.gov.rs"],"url":"https:\/\/kt.gov.rs\/sq\/author\/ktmin\/"}]}},"_links":{"self":[{"href":"https:\/\/kt.gov.rs\/sq\/wp-json\/wp\/v2\/posts\/110636","targetHints":{"allow":["GET"]}}],"collection":[{"href":"https:\/\/kt.gov.rs\/sq\/wp-json\/wp\/v2\/posts"}],"about":[{"href":"https:\/\/kt.gov.rs\/sq\/wp-json\/wp\/v2\/types\/post"}],"author":[{"embeddable":true,"href":"https:\/\/kt.gov.rs\/sq\/wp-json\/wp\/v2\/users\/1"}],"replies":[{"embeddable":true,"href":"https:\/\/kt.gov.rs\/sq\/wp-json\/wp\/v2\/comments?post=110636"}],"version-history":[{"count":1,"href":"https:\/\/kt.gov.rs\/sq\/wp-json\/wp\/v2\/posts\/110636\/revisions"}],"predecessor-version":[{"id":110640,"href":"https:\/\/kt.gov.rs\/sq\/wp-json\/wp\/v2\/posts\/110636\/revisions\/110640"}],"wp:featuredmedia":[{"embeddable":true,"href":"https:\/\/kt.gov.rs\/sq\/wp-json\/wp\/v2\/media\/110641"}],"wp:attachment":[{"href":"https:\/\/kt.gov.rs\/sq\/wp-json\/wp\/v2\/media?parent=110636"}],"wp:term":[{"taxonomy":"category","embeddable":true,"href":"https:\/\/kt.gov.rs\/sq\/wp-json\/wp\/v2\/categories?post=110636"},{"taxonomy":"post_tag","embeddable":true,"href":"https:\/\/kt.gov.rs\/sq\/wp-json\/wp\/v2\/tags?post=110636"}],"curies":[{"name":"wp","href":"https:\/\/api.w.org\/{rel}","templated":true}]}}