{"id":110628,"date":"2021-02-25T00:00:00","date_gmt":"2021-02-25T00:00:00","guid":{"rendered":"http:\/\/kt.printandscreen.rs\/konkurs-publik-per-financimin-dhe-bashkefinancimin-e-programeve-dhe-projekteve-ne-fushat-e-sektorit-te-rinise-te-miratuar-nga-komisioni-evropian-permes-programit-erasmus-te-be-se-dhe-bashkepunimit-nde\/"},"modified":"2024-07-30T18:01:40","modified_gmt":"2024-07-30T18:01:40","slug":"konkurs-publik-per-financimin-dhe-bashkefinancimin-e-programeve-dhe-projekteve-ne-fushat-e-sektorit-te-rinise-te-miratuar-nga-komisioni-evropian-permes-programit-erasmus-te-be-se-dhe-bashkepunimit-nde","status":"publish","type":"post","link":"https:\/\/kt.gov.rs\/sq\/konkurs-publik-per-financimin-dhe-bashkefinancimin-e-programeve-dhe-projekteve-ne-fushat-e-sektorit-te-rinise-te-miratuar-nga-komisioni-evropian-permes-programit-erasmus-te-be-se-dhe-bashkepunimit-nde\/","title":{"rendered":"KONKURS PUBLIK P\u00cbR FINANCIMIN DHE BASHK\u00cbFINANCIMIN E PROGRAMEVE DHE PROJEKTEVE N\u00cb FUSHAT E SEKTORIT T\u00cb RINIS\u00cb T\u00cb MIRATUAR NGA KOMISIONI EVROPIAN P\u00cbRMES PROGRAMIT ERASMUS + T\u00cb BE-S\u00cb DHE BASHK\u00cbPUNIMIT ND\u00cbRKUFITAR"},"content":{"rendered":"<p>\n\t<img decoding=\"async\" alt=\"\" src=\"https:\/\/kt.gov.rs\/wp-content\/uploads\/2024\/07\/1614243886_250221_1-4.jpg\" style=\"width: 315px; height: 230px; float: left;\" \/>T\u00eb drejt\u00ebn p\u00ebr t\u00eb marr\u00eb pjes\u00eb n\u00eb konkurs e kan\u00eb shoqatat e t\u00eb rinjve dhe shoqatat e tyre q\u00eb jan\u00eb regjistruara n\u00eb territorin e Republik\u00ebs s\u00eb Serbis\u00eb: t\u00eb cil\u00ebt jan\u00eb regjistruar n\u00eb regjistrin e unifikuar t\u00eb Shoqatave t\u00eb t\u00eb Rinjve, shoqatave rinore dhe shoqatat e tyre, n\u00eb p\u00ebrputhje me rregulloren p\u00ebr p\u00ebrmbajtjen dhe m\u00ebnyr\u00ebn e mbajtjes s\u00eb regjistrave t\u00eb unifikuar t\u00eb shoqatave t\u00eb t\u00eb rinjve, shoqatave rinore dhe shoqatave t\u00eb tyre, t\u00eb mbajtura nga Ministria e Rinis\u00eb dhe Sportit\u00a0.<\/p>\n<p>\n\tAfati i fundit p\u00ebr dor\u00ebzimin e programeve dhe propozimeve t\u00eb projekteve \u00ebsht\u00eb 15 dit\u00eb nga dita e shpalljes s\u00eb konkursit, pra deri m\u00eb 9 mars 2021.<\/p>\n<p>\n\tDokumentacioni\u00a0 dor\u00ebzohet n\u00eb zyr\u00ebn e Ministris\u00eb s\u00eb Rinis\u00eb dhe Sportit\u00a0 ose d\u00ebrgohet me post\u00eb (post\u00eb e zakonshme, post\u00eb e shpejt\u00eb, d\u00ebrges\u00eb me dor\u00ebzim t\u00eb konfirmuar, sh\u00ebrbim i dor\u00ebzimit, etj.), Me kusht q\u00eb dokumentacioni <em>i konkursit<\/em>\u00a0 i d\u00ebrguar me post\u00eb t\u00eb mb\u00ebrrij\u00eb n\u00eb koh\u00eb, dmth deri m\u00eb 9 mars 2021, deri n\u00eb or\u00ebn 15:30.<\/p>\n<p>\n\tInformacionet shtes\u00eb\u00a0 mund t\u00eb merrni p\u00ebrmes telefonit +381 11 311-1966 ose p\u00ebrmes post\u00ebs elektronike <a href=\"mailto:medjunarodna.saradnja@mos.gov.rs\">medjunarodna.saradnja@mos.gov.rs<\/a><\/p>\n<p>\n\tInformacionet shtes\u00eb rreth konkursit dhe dokumentacionin tjet\u00ebr p\u00ebrcjell\u00ebs mund ta merrni n\u00eb <a href=\"https:\/\/www.mos.gov.rs\/vest\/javni-konkurs-za-finansiranje-i-sufinansiranje-programa-i-projekata-u-oblastima-omladinskog-sektora-koji-su-odobreni-od-strane-evropske-komisije-kroz-erazmus-program-eu-i-programe-prekogranicne-saradnje2\">https:\/\/www.mos.gov.rs\/vest\/javni-konkurs-za-finansiranje-i-sufinansiranje-programa-i-projekata-u-oblastima-omladinskog-sektora-koji-su-odobreni-od-strane-evropske-komisije-kroz-erazmus-program-eu-i-programe-prekogranicne-saradnje2<\/a>.<\/p>\n<p>\n\t<strong>Burimi: Ministria e Rinis\u00eb dhe Sportit dhe Trupi Koordinues<\/strong><\/p>\n<p>\n\t\u00a0<\/p>\n","protected":false},"excerpt":{"rendered":"<p>T\u00eb drejt\u00ebn p\u00ebr t\u00eb marr\u00eb pjes\u00eb n\u00eb konkurs e kan\u00eb shoqatat e t\u00eb rinjve dhe shoqatat e tyre q\u00eb jan\u00eb regjistruara n\u00eb territorin e Republik\u00ebs s\u00eb Serbis\u00eb: t\u00eb cil\u00ebt jan\u00eb regjistruar n\u00eb regjistrin e unifikuar t\u00eb Shoqatave t\u00eb t\u00eb Rinjve, shoqatave rinore\u2026<\/p>\n","protected":false},"author":1,"featured_media":110633,"comment_status":"closed","ping_status":"closed","sticky":false,"template":"","format":"standard","meta":{"footnotes":""},"categories":[55],"tags":[],"class_list":["post-110628","post","type-post","status-publish","format-standard","has-post-thumbnail","hentry","category-lajme"],"yoast_head":"<!-- This site is optimized with the Yoast SEO plugin v27.5 - https:\/\/yoast.com\/product\/yoast-seo-wordpress\/ -->\n<title>KONKURS PUBLIK P\u00cbR FINANCIMIN DHE BASHK\u00cbFINANCIMIN E PROGRAMEVE DHE PROJEKTEVE N\u00cb FUSHAT E SEKTORIT T\u00cb RINIS\u00cb T\u00cb MIRATUAR NGA KOMISIONI EVROPIAN P\u00cbRMES PROGRAMIT ERASMUS + T\u00cb BE-S\u00cb DHE BASHK\u00cbPUNIMIT ND\u00cbRKUFITAR - Republika e S\u00ebrbis\u00eb Trupi Koordinues p\u00ebr komunat Bujanoc, Preshev\u00eb dhe Medvegj\u00eb<\/title>\n<meta name=\"robots\" content=\"index, follow, max-snippet:-1, max-image-preview:large, max-video-preview:-1\" \/>\n<link rel=\"canonical\" href=\"https:\/\/kt.gov.rs\/sq\/konkurs-publik-per-financimin-dhe-bashkefinancimin-e-programeve-dhe-projekteve-ne-fushat-e-sektorit-te-rinise-te-miratuar-nga-komisioni-evropian-permes-programit-erasmus-te-be-se-dhe-bashkepunimit-nde\/\" \/>\n<meta property=\"og:locale\" content=\"sq_AL\" \/>\n<meta property=\"og:type\" content=\"article\" \/>\n<meta property=\"og:title\" content=\"KONKURS PUBLIK P\u00cbR FINANCIMIN DHE BASHK\u00cbFINANCIMIN E PROGRAMEVE DHE PROJEKTEVE N\u00cb FUSHAT E SEKTORIT T\u00cb RINIS\u00cb T\u00cb MIRATUAR NGA KOMISIONI EVROPIAN P\u00cbRMES PROGRAMIT ERASMUS + T\u00cb BE-S\u00cb DHE BASHK\u00cbPUNIMIT ND\u00cbRKUFITAR - Republika e S\u00ebrbis\u00eb Trupi Koordinues p\u00ebr komunat Bujanoc, Preshev\u00eb dhe Medvegj\u00eb\" \/>\n<meta property=\"og:description\" content=\"T\u00eb drejt\u00ebn p\u00ebr t\u00eb marr\u00eb pjes\u00eb n\u00eb konkurs e kan\u00eb shoqatat e t\u00eb rinjve dhe shoqatat e tyre q\u00eb jan\u00eb regjistruara n\u00eb territorin e Republik\u00ebs s\u00eb Serbis\u00eb: t\u00eb cil\u00ebt jan\u00eb regjistruar n\u00eb regjistrin e unifikuar t\u00eb Shoqatave t\u00eb t\u00eb Rinjve, shoqatave rinore...\" \/>\n<meta property=\"og:url\" content=\"https:\/\/kt.gov.rs\/sq\/konkurs-publik-per-financimin-dhe-bashkefinancimin-e-programeve-dhe-projekteve-ne-fushat-e-sektorit-te-rinise-te-miratuar-nga-komisioni-evropian-permes-programit-erasmus-te-be-se-dhe-bashkepunimit-nde\/\" \/>\n<meta property=\"og:site_name\" content=\"Republika e S\u00ebrbis\u00eb Trupi Koordinues p\u00ebr komunat Bujanoc, Preshev\u00eb dhe Medvegj\u00eb\" \/>\n<meta property=\"article:publisher\" content=\"https:\/\/www.facebook.com\/SluzbaKoordinacionogTelaVladeRepublikeSrbije\" \/>\n<meta property=\"article:published_time\" content=\"2021-02-25T00:00:00+00:00\" \/>\n<meta property=\"article:modified_time\" content=\"2024-07-30T18:01:40+00:00\" \/>\n<meta property=\"og:image\" content=\"https:\/\/kt.gov.rs\/wp-content\/uploads\/2024\/07\/1614243886_250221_1-5.jpg\" \/>\n\t<meta property=\"og:image:width\" content=\"315\" \/>\n\t<meta property=\"og:image:height\" content=\"230\" \/>\n\t<meta property=\"og:image:type\" content=\"image\/jpeg\" \/>\n<meta name=\"author\" content=\"ktmin\" \/>\n<meta name=\"twitter:card\" content=\"summary_large_image\" \/>\n<meta name=\"twitter:creator\" content=\"@kt_gov\" \/>\n<meta name=\"twitter:site\" content=\"@kt_gov\" \/>\n<meta name=\"twitter:label1\" content=\"Written by\" \/>\n\t<meta name=\"twitter:data1\" content=\"ktmin\" \/>\n\t<meta name=\"twitter:label2\" content=\"Est. reading time\" \/>\n\t<meta name=\"twitter:data2\" content=\"2 minutes\" \/>\n<script type=\"application\/ld+json\" class=\"yoast-schema-graph\">{\"@context\":\"https:\\\/\\\/schema.org\",\"@graph\":[{\"@type\":\"Article\",\"@id\":\"https:\\\/\\\/kt.gov.rs\\\/sq\\\/konkurs-publik-per-financimin-dhe-bashkefinancimin-e-programeve-dhe-projekteve-ne-fushat-e-sektorit-te-rinise-te-miratuar-nga-komisioni-evropian-permes-programit-erasmus-te-be-se-dhe-bashkepunimit-nde\\\/#article\",\"isPartOf\":{\"@id\":\"https:\\\/\\\/kt.gov.rs\\\/sq\\\/konkurs-publik-per-financimin-dhe-bashkefinancimin-e-programeve-dhe-projekteve-ne-fushat-e-sektorit-te-rinise-te-miratuar-nga-komisioni-evropian-permes-programit-erasmus-te-be-se-dhe-bashkepunimit-nde\\\/\"},\"author\":{\"name\":\"ktmin\",\"@id\":\"https:\\\/\\\/kt.gov.rs\\\/#\\\/schema\\\/person\\\/e426459ddb4173309103390602694571\"},\"headline\":\"KONKURS PUBLIK P\u00cbR FINANCIMIN DHE BASHK\u00cbFINANCIMIN E PROGRAMEVE DHE PROJEKTEVE N\u00cb FUSHAT E SEKTORIT T\u00cb RINIS\u00cb T\u00cb MIRATUAR NGA KOMISIONI EVROPIAN P\u00cbRMES PROGRAMIT ERASMUS + T\u00cb BE-S\u00cb DHE BASHK\u00cbPUNIMIT ND\u00cbRKUFITAR\",\"datePublished\":\"2021-02-25T00:00:00+00:00\",\"dateModified\":\"2024-07-30T18:01:40+00:00\",\"mainEntityOfPage\":{\"@id\":\"https:\\\/\\\/kt.gov.rs\\\/sq\\\/konkurs-publik-per-financimin-dhe-bashkefinancimin-e-programeve-dhe-projekteve-ne-fushat-e-sektorit-te-rinise-te-miratuar-nga-komisioni-evropian-permes-programit-erasmus-te-be-se-dhe-bashkepunimit-nde\\\/\"},\"wordCount\":347,\"publisher\":{\"@id\":\"https:\\\/\\\/kt.gov.rs\\\/#organization\"},\"image\":{\"@id\":\"https:\\\/\\\/kt.gov.rs\\\/sq\\\/konkurs-publik-per-financimin-dhe-bashkefinancimin-e-programeve-dhe-projekteve-ne-fushat-e-sektorit-te-rinise-te-miratuar-nga-komisioni-evropian-permes-programit-erasmus-te-be-se-dhe-bashkepunimit-nde\\\/#primaryimage\"},\"thumbnailUrl\":\"https:\\\/\\\/kt.gov.rs\\\/wp-content\\\/uploads\\\/2024\\\/07\\\/1614243886_250221_1-5.jpg\",\"articleSection\":[\"Lajme\"],\"inLanguage\":\"sq-AL\"},{\"@type\":\"WebPage\",\"@id\":\"https:\\\/\\\/kt.gov.rs\\\/sq\\\/konkurs-publik-per-financimin-dhe-bashkefinancimin-e-programeve-dhe-projekteve-ne-fushat-e-sektorit-te-rinise-te-miratuar-nga-komisioni-evropian-permes-programit-erasmus-te-be-se-dhe-bashkepunimit-nde\\\/\",\"url\":\"https:\\\/\\\/kt.gov.rs\\\/sq\\\/konkurs-publik-per-financimin-dhe-bashkefinancimin-e-programeve-dhe-projekteve-ne-fushat-e-sektorit-te-rinise-te-miratuar-nga-komisioni-evropian-permes-programit-erasmus-te-be-se-dhe-bashkepunimit-nde\\\/\",\"name\":\"KONKURS PUBLIK P\u00cbR FINANCIMIN DHE BASHK\u00cbFINANCIMIN E PROGRAMEVE DHE PROJEKTEVE N\u00cb FUSHAT E SEKTORIT T\u00cb RINIS\u00cb T\u00cb MIRATUAR NGA KOMISIONI EVROPIAN P\u00cbRMES PROGRAMIT ERASMUS + T\u00cb BE-S\u00cb DHE BASHK\u00cbPUNIMIT ND\u00cbRKUFITAR - Republika e S\u00ebrbis\u00eb Trupi Koordinues p\u00ebr komunat Bujanoc, Preshev\u00eb dhe Medvegj\u00eb\",\"isPartOf\":{\"@id\":\"https:\\\/\\\/kt.gov.rs\\\/#website\"},\"primaryImageOfPage\":{\"@id\":\"https:\\\/\\\/kt.gov.rs\\\/sq\\\/konkurs-publik-per-financimin-dhe-bashkefinancimin-e-programeve-dhe-projekteve-ne-fushat-e-sektorit-te-rinise-te-miratuar-nga-komisioni-evropian-permes-programit-erasmus-te-be-se-dhe-bashkepunimit-nde\\\/#primaryimage\"},\"image\":{\"@id\":\"https:\\\/\\\/kt.gov.rs\\\/sq\\\/konkurs-publik-per-financimin-dhe-bashkefinancimin-e-programeve-dhe-projekteve-ne-fushat-e-sektorit-te-rinise-te-miratuar-nga-komisioni-evropian-permes-programit-erasmus-te-be-se-dhe-bashkepunimit-nde\\\/#primaryimage\"},\"thumbnailUrl\":\"https:\\\/\\\/kt.gov.rs\\\/wp-content\\\/uploads\\\/2024\\\/07\\\/1614243886_250221_1-5.jpg\",\"datePublished\":\"2021-02-25T00:00:00+00:00\",\"dateModified\":\"2024-07-30T18:01:40+00:00\",\"breadcrumb\":{\"@id\":\"https:\\\/\\\/kt.gov.rs\\\/sq\\\/konkurs-publik-per-financimin-dhe-bashkefinancimin-e-programeve-dhe-projekteve-ne-fushat-e-sektorit-te-rinise-te-miratuar-nga-komisioni-evropian-permes-programit-erasmus-te-be-se-dhe-bashkepunimit-nde\\\/#breadcrumb\"},\"inLanguage\":\"sq-AL\",\"potentialAction\":[{\"@type\":\"ReadAction\",\"target\":[\"https:\\\/\\\/kt.gov.rs\\\/sq\\\/konkurs-publik-per-financimin-dhe-bashkefinancimin-e-programeve-dhe-projekteve-ne-fushat-e-sektorit-te-rinise-te-miratuar-nga-komisioni-evropian-permes-programit-erasmus-te-be-se-dhe-bashkepunimit-nde\\\/\"]}]},{\"@type\":\"ImageObject\",\"inLanguage\":\"sq-AL\",\"@id\":\"https:\\\/\\\/kt.gov.rs\\\/sq\\\/konkurs-publik-per-financimin-dhe-bashkefinancimin-e-programeve-dhe-projekteve-ne-fushat-e-sektorit-te-rinise-te-miratuar-nga-komisioni-evropian-permes-programit-erasmus-te-be-se-dhe-bashkepunimit-nde\\\/#primaryimage\",\"url\":\"https:\\\/\\\/kt.gov.rs\\\/wp-content\\\/uploads\\\/2024\\\/07\\\/1614243886_250221_1-5.jpg\",\"contentUrl\":\"https:\\\/\\\/kt.gov.rs\\\/wp-content\\\/uploads\\\/2024\\\/07\\\/1614243886_250221_1-5.jpg\",\"width\":315,\"height\":230},{\"@type\":\"BreadcrumbList\",\"@id\":\"https:\\\/\\\/kt.gov.rs\\\/sq\\\/konkurs-publik-per-financimin-dhe-bashkefinancimin-e-programeve-dhe-projekteve-ne-fushat-e-sektorit-te-rinise-te-miratuar-nga-komisioni-evropian-permes-programit-erasmus-te-be-se-dhe-bashkepunimit-nde\\\/#breadcrumb\",\"itemListElement\":[{\"@type\":\"ListItem\",\"position\":1,\"name\":\"\u041f\u043e\u0447\u0435\u0442\u043d\u0430\",\"item\":\"https:\\\/\\\/kt.gov.rs\\\/sq\\\/\"},{\"@type\":\"ListItem\",\"position\":2,\"name\":\"KONKURS PUBLIK P\u00cbR FINANCIMIN DHE BASHK\u00cbFINANCIMIN E PROGRAMEVE DHE PROJEKTEVE N\u00cb FUSHAT E SEKTORIT T\u00cb RINIS\u00cb T\u00cb MIRATUAR NGA KOMISIONI EVROPIAN P\u00cbRMES PROGRAMIT ERASMUS + T\u00cb BE-S\u00cb DHE BASHK\u00cbPUNIMIT ND\u00cbRKUFITAR\"}]},{\"@type\":\"WebSite\",\"@id\":\"https:\\\/\\\/kt.gov.rs\\\/#website\",\"url\":\"https:\\\/\\\/kt.gov.rs\\\/\",\"name\":\"\u041a\u043e\u043e\u0440\u0434\u0438\u043d\u0430\u0446\u0438\u043e\u043d\u043e \u0442\u0435\u043b\u043e \u0412\u043b\u0430\u0434\u0435 \u0420\u0435\u043f\u0443\u0431\u043b\u0438\u043a\u0435 \u0421\u0440\u0431\u0438\u0458\u0435 \u0437\u0430 \u043e\u043f\u0448\u0442\u0438\u043d\u0435 \u041f\u0440\u0435\u0448\u0435\u0432\u043e, \u0411\u0443\u0458\u0430\u043d\u043e\u0432\u0430\u0446 \u0438 \u041c\u0435\u0434\u0432\u0435\u0452a\",\"description\":\"\",\"publisher\":{\"@id\":\"https:\\\/\\\/kt.gov.rs\\\/#organization\"},\"alternateName\":\"\u041a\u043e\u043e\u0440\u0434\u0438\u043d\u0430\u0446\u0438\u043e\u043d\u043e \u0442\u0435\u043b\u043e\",\"potentialAction\":[{\"@type\":\"SearchAction\",\"target\":{\"@type\":\"EntryPoint\",\"urlTemplate\":\"https:\\\/\\\/kt.gov.rs\\\/?s={search_term_string}\"},\"query-input\":{\"@type\":\"PropertyValueSpecification\",\"valueRequired\":true,\"valueName\":\"search_term_string\"}}],\"inLanguage\":\"sq-AL\"},{\"@type\":\"Organization\",\"@id\":\"https:\\\/\\\/kt.gov.rs\\\/#organization\",\"name\":\"\u041a\u043e\u043e\u0440\u0434\u0438\u043d\u0430\u0446\u0438\u043e\u043d\u043e \u0442\u0435\u043b\u043e \u0412\u043b\u0430\u0434\u0435 \u0420\u0435\u043f\u0443\u0431\u043b\u0438\u043a\u0435 \u0421\u0440\u0431\u0438\u0458\u0435 \u0437\u0430 \u043e\u043f\u0448\u0442\u0438\u043d\u0435 \u041f\u0440\u0435\u0448\u0435\u0432\u043e, \u0411\u0443\u0458\u0430\u043d\u043e\u0432\u0430\u0446 \u0438 \u041c\u0435\u0434\u0432\u0435\u0452a\",\"alternateName\":\"\u041a\u043e\u043e\u0440\u0434\u0438\u043d\u0430\u0446\u0438\u043e\u043d\u043e \u0442\u0435\u043b\u043e\",\"url\":\"https:\\\/\\\/kt.gov.rs\\\/\",\"logo\":{\"@type\":\"ImageObject\",\"inLanguage\":\"sq-AL\",\"@id\":\"https:\\\/\\\/kt.gov.rs\\\/#\\\/schema\\\/logo\\\/image\\\/\",\"url\":\"https:\\\/\\\/kt.gov.rs\\\/wp-content\\\/uploads\\\/2024\\\/12\\\/koord2.jpg\",\"contentUrl\":\"https:\\\/\\\/kt.gov.rs\\\/wp-content\\\/uploads\\\/2024\\\/12\\\/koord2.jpg\",\"width\":640,\"height\":480,\"caption\":\"\u041a\u043e\u043e\u0440\u0434\u0438\u043d\u0430\u0446\u0438\u043e\u043d\u043e \u0442\u0435\u043b\u043e \u0412\u043b\u0430\u0434\u0435 \u0420\u0435\u043f\u0443\u0431\u043b\u0438\u043a\u0435 \u0421\u0440\u0431\u0438\u0458\u0435 \u0437\u0430 \u043e\u043f\u0448\u0442\u0438\u043d\u0435 \u041f\u0440\u0435\u0448\u0435\u0432\u043e, \u0411\u0443\u0458\u0430\u043d\u043e\u0432\u0430\u0446 \u0438 \u041c\u0435\u0434\u0432\u0435\u0452a\"},\"image\":{\"@id\":\"https:\\\/\\\/kt.gov.rs\\\/#\\\/schema\\\/logo\\\/image\\\/\"},\"sameAs\":[\"https:\\\/\\\/www.facebook.com\\\/SluzbaKoordinacionogTelaVladeRepublikeSrbije\",\"https:\\\/\\\/x.com\\\/kt_gov\",\"https:\\\/\\\/www.youtube.com\\\/@koordinacionotelo\"]},{\"@type\":\"Person\",\"@id\":\"https:\\\/\\\/kt.gov.rs\\\/#\\\/schema\\\/person\\\/e426459ddb4173309103390602694571\",\"name\":\"ktmin\",\"image\":{\"@type\":\"ImageObject\",\"inLanguage\":\"sq-AL\",\"@id\":\"https:\\\/\\\/secure.gravatar.com\\\/avatar\\\/3985c961109853010c3fbc7ba30365bfba5db3dd6c525831d9c595c7525a615a?s=96&d=mm&r=g\",\"url\":\"https:\\\/\\\/secure.gravatar.com\\\/avatar\\\/3985c961109853010c3fbc7ba30365bfba5db3dd6c525831d9c595c7525a615a?s=96&d=mm&r=g\",\"contentUrl\":\"https:\\\/\\\/secure.gravatar.com\\\/avatar\\\/3985c961109853010c3fbc7ba30365bfba5db3dd6c525831d9c595c7525a615a?s=96&d=mm&r=g\",\"caption\":\"ktmin\"},\"sameAs\":[\"https:\\\/\\\/kt.gov.rs\"],\"url\":\"https:\\\/\\\/kt.gov.rs\\\/sq\\\/author\\\/ktmin\\\/\"}]}<\/script>\n<!-- \/ Yoast SEO plugin. -->","yoast_head_json":{"title":"KONKURS PUBLIK P\u00cbR FINANCIMIN DHE BASHK\u00cbFINANCIMIN E PROGRAMEVE DHE PROJEKTEVE N\u00cb FUSHAT E SEKTORIT T\u00cb RINIS\u00cb T\u00cb MIRATUAR NGA KOMISIONI EVROPIAN P\u00cbRMES PROGRAMIT ERASMUS + T\u00cb BE-S\u00cb DHE BASHK\u00cbPUNIMIT ND\u00cbRKUFITAR - Republika e S\u00ebrbis\u00eb Trupi Koordinues p\u00ebr komunat Bujanoc, Preshev\u00eb dhe Medvegj\u00eb","robots":{"index":"index","follow":"follow","max-snippet":"max-snippet:-1","max-image-preview":"max-image-preview:large","max-video-preview":"max-video-preview:-1"},"canonical":"https:\/\/kt.gov.rs\/sq\/konkurs-publik-per-financimin-dhe-bashkefinancimin-e-programeve-dhe-projekteve-ne-fushat-e-sektorit-te-rinise-te-miratuar-nga-komisioni-evropian-permes-programit-erasmus-te-be-se-dhe-bashkepunimit-nde\/","og_locale":"sq_AL","og_type":"article","og_title":"KONKURS PUBLIK P\u00cbR FINANCIMIN DHE BASHK\u00cbFINANCIMIN E PROGRAMEVE DHE PROJEKTEVE N\u00cb FUSHAT E SEKTORIT T\u00cb RINIS\u00cb T\u00cb MIRATUAR NGA KOMISIONI EVROPIAN P\u00cbRMES PROGRAMIT ERASMUS + T\u00cb BE-S\u00cb DHE BASHK\u00cbPUNIMIT ND\u00cbRKUFITAR - Republika e S\u00ebrbis\u00eb Trupi Koordinues p\u00ebr komunat Bujanoc, Preshev\u00eb dhe Medvegj\u00eb","og_description":"T\u00eb drejt\u00ebn p\u00ebr t\u00eb marr\u00eb pjes\u00eb n\u00eb konkurs e kan\u00eb shoqatat e t\u00eb rinjve dhe shoqatat e tyre q\u00eb jan\u00eb regjistruara n\u00eb territorin e Republik\u00ebs s\u00eb Serbis\u00eb: t\u00eb cil\u00ebt jan\u00eb regjistruar n\u00eb regjistrin e unifikuar t\u00eb Shoqatave t\u00eb t\u00eb Rinjve, shoqatave rinore...","og_url":"https:\/\/kt.gov.rs\/sq\/konkurs-publik-per-financimin-dhe-bashkefinancimin-e-programeve-dhe-projekteve-ne-fushat-e-sektorit-te-rinise-te-miratuar-nga-komisioni-evropian-permes-programit-erasmus-te-be-se-dhe-bashkepunimit-nde\/","og_site_name":"Republika e S\u00ebrbis\u00eb Trupi Koordinues p\u00ebr komunat Bujanoc, Preshev\u00eb dhe Medvegj\u00eb","article_publisher":"https:\/\/www.facebook.com\/SluzbaKoordinacionogTelaVladeRepublikeSrbije","article_published_time":"2021-02-25T00:00:00+00:00","article_modified_time":"2024-07-30T18:01:40+00:00","og_image":[{"width":315,"height":230,"url":"https:\/\/kt.gov.rs\/wp-content\/uploads\/2024\/07\/1614243886_250221_1-5.jpg","type":"image\/jpeg"}],"author":"ktmin","twitter_card":"summary_large_image","twitter_creator":"@kt_gov","twitter_site":"@kt_gov","twitter_misc":{"Written by":"ktmin","Est. reading time":"2 minutes"},"schema":{"@context":"https:\/\/schema.org","@graph":[{"@type":"Article","@id":"https:\/\/kt.gov.rs\/sq\/konkurs-publik-per-financimin-dhe-bashkefinancimin-e-programeve-dhe-projekteve-ne-fushat-e-sektorit-te-rinise-te-miratuar-nga-komisioni-evropian-permes-programit-erasmus-te-be-se-dhe-bashkepunimit-nde\/#article","isPartOf":{"@id":"https:\/\/kt.gov.rs\/sq\/konkurs-publik-per-financimin-dhe-bashkefinancimin-e-programeve-dhe-projekteve-ne-fushat-e-sektorit-te-rinise-te-miratuar-nga-komisioni-evropian-permes-programit-erasmus-te-be-se-dhe-bashkepunimit-nde\/"},"author":{"name":"ktmin","@id":"https:\/\/kt.gov.rs\/#\/schema\/person\/e426459ddb4173309103390602694571"},"headline":"KONKURS PUBLIK P\u00cbR FINANCIMIN DHE BASHK\u00cbFINANCIMIN E PROGRAMEVE DHE PROJEKTEVE N\u00cb FUSHAT E SEKTORIT T\u00cb RINIS\u00cb T\u00cb MIRATUAR NGA KOMISIONI EVROPIAN P\u00cbRMES PROGRAMIT ERASMUS + T\u00cb BE-S\u00cb DHE BASHK\u00cbPUNIMIT ND\u00cbRKUFITAR","datePublished":"2021-02-25T00:00:00+00:00","dateModified":"2024-07-30T18:01:40+00:00","mainEntityOfPage":{"@id":"https:\/\/kt.gov.rs\/sq\/konkurs-publik-per-financimin-dhe-bashkefinancimin-e-programeve-dhe-projekteve-ne-fushat-e-sektorit-te-rinise-te-miratuar-nga-komisioni-evropian-permes-programit-erasmus-te-be-se-dhe-bashkepunimit-nde\/"},"wordCount":347,"publisher":{"@id":"https:\/\/kt.gov.rs\/#organization"},"image":{"@id":"https:\/\/kt.gov.rs\/sq\/konkurs-publik-per-financimin-dhe-bashkefinancimin-e-programeve-dhe-projekteve-ne-fushat-e-sektorit-te-rinise-te-miratuar-nga-komisioni-evropian-permes-programit-erasmus-te-be-se-dhe-bashkepunimit-nde\/#primaryimage"},"thumbnailUrl":"https:\/\/kt.gov.rs\/wp-content\/uploads\/2024\/07\/1614243886_250221_1-5.jpg","articleSection":["Lajme"],"inLanguage":"sq-AL"},{"@type":"WebPage","@id":"https:\/\/kt.gov.rs\/sq\/konkurs-publik-per-financimin-dhe-bashkefinancimin-e-programeve-dhe-projekteve-ne-fushat-e-sektorit-te-rinise-te-miratuar-nga-komisioni-evropian-permes-programit-erasmus-te-be-se-dhe-bashkepunimit-nde\/","url":"https:\/\/kt.gov.rs\/sq\/konkurs-publik-per-financimin-dhe-bashkefinancimin-e-programeve-dhe-projekteve-ne-fushat-e-sektorit-te-rinise-te-miratuar-nga-komisioni-evropian-permes-programit-erasmus-te-be-se-dhe-bashkepunimit-nde\/","name":"KONKURS PUBLIK P\u00cbR FINANCIMIN DHE BASHK\u00cbFINANCIMIN E PROGRAMEVE DHE PROJEKTEVE N\u00cb FUSHAT E SEKTORIT T\u00cb RINIS\u00cb T\u00cb MIRATUAR NGA KOMISIONI EVROPIAN P\u00cbRMES PROGRAMIT ERASMUS + T\u00cb BE-S\u00cb DHE BASHK\u00cbPUNIMIT ND\u00cbRKUFITAR - Republika e S\u00ebrbis\u00eb Trupi Koordinues p\u00ebr komunat Bujanoc, Preshev\u00eb dhe Medvegj\u00eb","isPartOf":{"@id":"https:\/\/kt.gov.rs\/#website"},"primaryImageOfPage":{"@id":"https:\/\/kt.gov.rs\/sq\/konkurs-publik-per-financimin-dhe-bashkefinancimin-e-programeve-dhe-projekteve-ne-fushat-e-sektorit-te-rinise-te-miratuar-nga-komisioni-evropian-permes-programit-erasmus-te-be-se-dhe-bashkepunimit-nde\/#primaryimage"},"image":{"@id":"https:\/\/kt.gov.rs\/sq\/konkurs-publik-per-financimin-dhe-bashkefinancimin-e-programeve-dhe-projekteve-ne-fushat-e-sektorit-te-rinise-te-miratuar-nga-komisioni-evropian-permes-programit-erasmus-te-be-se-dhe-bashkepunimit-nde\/#primaryimage"},"thumbnailUrl":"https:\/\/kt.gov.rs\/wp-content\/uploads\/2024\/07\/1614243886_250221_1-5.jpg","datePublished":"2021-02-25T00:00:00+00:00","dateModified":"2024-07-30T18:01:40+00:00","breadcrumb":{"@id":"https:\/\/kt.gov.rs\/sq\/konkurs-publik-per-financimin-dhe-bashkefinancimin-e-programeve-dhe-projekteve-ne-fushat-e-sektorit-te-rinise-te-miratuar-nga-komisioni-evropian-permes-programit-erasmus-te-be-se-dhe-bashkepunimit-nde\/#breadcrumb"},"inLanguage":"sq-AL","potentialAction":[{"@type":"ReadAction","target":["https:\/\/kt.gov.rs\/sq\/konkurs-publik-per-financimin-dhe-bashkefinancimin-e-programeve-dhe-projekteve-ne-fushat-e-sektorit-te-rinise-te-miratuar-nga-komisioni-evropian-permes-programit-erasmus-te-be-se-dhe-bashkepunimit-nde\/"]}]},{"@type":"ImageObject","inLanguage":"sq-AL","@id":"https:\/\/kt.gov.rs\/sq\/konkurs-publik-per-financimin-dhe-bashkefinancimin-e-programeve-dhe-projekteve-ne-fushat-e-sektorit-te-rinise-te-miratuar-nga-komisioni-evropian-permes-programit-erasmus-te-be-se-dhe-bashkepunimit-nde\/#primaryimage","url":"https:\/\/kt.gov.rs\/wp-content\/uploads\/2024\/07\/1614243886_250221_1-5.jpg","contentUrl":"https:\/\/kt.gov.rs\/wp-content\/uploads\/2024\/07\/1614243886_250221_1-5.jpg","width":315,"height":230},{"@type":"BreadcrumbList","@id":"https:\/\/kt.gov.rs\/sq\/konkurs-publik-per-financimin-dhe-bashkefinancimin-e-programeve-dhe-projekteve-ne-fushat-e-sektorit-te-rinise-te-miratuar-nga-komisioni-evropian-permes-programit-erasmus-te-be-se-dhe-bashkepunimit-nde\/#breadcrumb","itemListElement":[{"@type":"ListItem","position":1,"name":"\u041f\u043e\u0447\u0435\u0442\u043d\u0430","item":"https:\/\/kt.gov.rs\/sq\/"},{"@type":"ListItem","position":2,"name":"KONKURS PUBLIK P\u00cbR FINANCIMIN DHE BASHK\u00cbFINANCIMIN E PROGRAMEVE DHE PROJEKTEVE N\u00cb FUSHAT E SEKTORIT T\u00cb RINIS\u00cb T\u00cb MIRATUAR NGA KOMISIONI EVROPIAN P\u00cbRMES PROGRAMIT ERASMUS + T\u00cb BE-S\u00cb DHE BASHK\u00cbPUNIMIT ND\u00cbRKUFITAR"}]},{"@type":"WebSite","@id":"https:\/\/kt.gov.rs\/#website","url":"https:\/\/kt.gov.rs\/","name":"\u041a\u043e\u043e\u0440\u0434\u0438\u043d\u0430\u0446\u0438\u043e\u043d\u043e \u0442\u0435\u043b\u043e \u0412\u043b\u0430\u0434\u0435 \u0420\u0435\u043f\u0443\u0431\u043b\u0438\u043a\u0435 \u0421\u0440\u0431\u0438\u0458\u0435 \u0437\u0430 \u043e\u043f\u0448\u0442\u0438\u043d\u0435 \u041f\u0440\u0435\u0448\u0435\u0432\u043e, \u0411\u0443\u0458\u0430\u043d\u043e\u0432\u0430\u0446 \u0438 \u041c\u0435\u0434\u0432\u0435\u0452a","description":"","publisher":{"@id":"https:\/\/kt.gov.rs\/#organization"},"alternateName":"\u041a\u043e\u043e\u0440\u0434\u0438\u043d\u0430\u0446\u0438\u043e\u043d\u043e \u0442\u0435\u043b\u043e","potentialAction":[{"@type":"SearchAction","target":{"@type":"EntryPoint","urlTemplate":"https:\/\/kt.gov.rs\/?s={search_term_string}"},"query-input":{"@type":"PropertyValueSpecification","valueRequired":true,"valueName":"search_term_string"}}],"inLanguage":"sq-AL"},{"@type":"Organization","@id":"https:\/\/kt.gov.rs\/#organization","name":"\u041a\u043e\u043e\u0440\u0434\u0438\u043d\u0430\u0446\u0438\u043e\u043d\u043e \u0442\u0435\u043b\u043e \u0412\u043b\u0430\u0434\u0435 \u0420\u0435\u043f\u0443\u0431\u043b\u0438\u043a\u0435 \u0421\u0440\u0431\u0438\u0458\u0435 \u0437\u0430 \u043e\u043f\u0448\u0442\u0438\u043d\u0435 \u041f\u0440\u0435\u0448\u0435\u0432\u043e, \u0411\u0443\u0458\u0430\u043d\u043e\u0432\u0430\u0446 \u0438 \u041c\u0435\u0434\u0432\u0435\u0452a","alternateName":"\u041a\u043e\u043e\u0440\u0434\u0438\u043d\u0430\u0446\u0438\u043e\u043d\u043e \u0442\u0435\u043b\u043e","url":"https:\/\/kt.gov.rs\/","logo":{"@type":"ImageObject","inLanguage":"sq-AL","@id":"https:\/\/kt.gov.rs\/#\/schema\/logo\/image\/","url":"https:\/\/kt.gov.rs\/wp-content\/uploads\/2024\/12\/koord2.jpg","contentUrl":"https:\/\/kt.gov.rs\/wp-content\/uploads\/2024\/12\/koord2.jpg","width":640,"height":480,"caption":"\u041a\u043e\u043e\u0440\u0434\u0438\u043d\u0430\u0446\u0438\u043e\u043d\u043e \u0442\u0435\u043b\u043e \u0412\u043b\u0430\u0434\u0435 \u0420\u0435\u043f\u0443\u0431\u043b\u0438\u043a\u0435 \u0421\u0440\u0431\u0438\u0458\u0435 \u0437\u0430 \u043e\u043f\u0448\u0442\u0438\u043d\u0435 \u041f\u0440\u0435\u0448\u0435\u0432\u043e, \u0411\u0443\u0458\u0430\u043d\u043e\u0432\u0430\u0446 \u0438 \u041c\u0435\u0434\u0432\u0435\u0452a"},"image":{"@id":"https:\/\/kt.gov.rs\/#\/schema\/logo\/image\/"},"sameAs":["https:\/\/www.facebook.com\/SluzbaKoordinacionogTelaVladeRepublikeSrbije","https:\/\/x.com\/kt_gov","https:\/\/www.youtube.com\/@koordinacionotelo"]},{"@type":"Person","@id":"https:\/\/kt.gov.rs\/#\/schema\/person\/e426459ddb4173309103390602694571","name":"ktmin","image":{"@type":"ImageObject","inLanguage":"sq-AL","@id":"https:\/\/secure.gravatar.com\/avatar\/3985c961109853010c3fbc7ba30365bfba5db3dd6c525831d9c595c7525a615a?s=96&d=mm&r=g","url":"https:\/\/secure.gravatar.com\/avatar\/3985c961109853010c3fbc7ba30365bfba5db3dd6c525831d9c595c7525a615a?s=96&d=mm&r=g","contentUrl":"https:\/\/secure.gravatar.com\/avatar\/3985c961109853010c3fbc7ba30365bfba5db3dd6c525831d9c595c7525a615a?s=96&d=mm&r=g","caption":"ktmin"},"sameAs":["https:\/\/kt.gov.rs"],"url":"https:\/\/kt.gov.rs\/sq\/author\/ktmin\/"}]}},"_links":{"self":[{"href":"https:\/\/kt.gov.rs\/sq\/wp-json\/wp\/v2\/posts\/110628","targetHints":{"allow":["GET"]}}],"collection":[{"href":"https:\/\/kt.gov.rs\/sq\/wp-json\/wp\/v2\/posts"}],"about":[{"href":"https:\/\/kt.gov.rs\/sq\/wp-json\/wp\/v2\/types\/post"}],"author":[{"embeddable":true,"href":"https:\/\/kt.gov.rs\/sq\/wp-json\/wp\/v2\/users\/1"}],"replies":[{"embeddable":true,"href":"https:\/\/kt.gov.rs\/sq\/wp-json\/wp\/v2\/comments?post=110628"}],"version-history":[{"count":1,"href":"https:\/\/kt.gov.rs\/sq\/wp-json\/wp\/v2\/posts\/110628\/revisions"}],"predecessor-version":[{"id":110632,"href":"https:\/\/kt.gov.rs\/sq\/wp-json\/wp\/v2\/posts\/110628\/revisions\/110632"}],"wp:featuredmedia":[{"embeddable":true,"href":"https:\/\/kt.gov.rs\/sq\/wp-json\/wp\/v2\/media\/110633"}],"wp:attachment":[{"href":"https:\/\/kt.gov.rs\/sq\/wp-json\/wp\/v2\/media?parent=110628"}],"wp:term":[{"taxonomy":"category","embeddable":true,"href":"https:\/\/kt.gov.rs\/sq\/wp-json\/wp\/v2\/categories?post=110628"},{"taxonomy":"post_tag","embeddable":true,"href":"https:\/\/kt.gov.rs\/sq\/wp-json\/wp\/v2\/tags?post=110628"}],"curies":[{"name":"wp","href":"https:\/\/api.w.org\/{rel}","templated":true}]}}