{"id":110580,"date":"2021-02-26T00:00:00","date_gmt":"2021-02-26T00:00:00","guid":{"rendered":"http:\/\/kt.printandscreen.rs\/ndihmes-selektori-i-ekipit-te-grave-ne-basketbololl-te-reprezentacionit-te-serbise-i-ka-mbajtur-trajnim-vajzave-te-okk-play-017-nga-bujanoci\/"},"modified":"2024-07-30T18:01:36","modified_gmt":"2024-07-30T18:01:36","slug":"ndihmes-selektori-i-ekipit-te-grave-ne-basketbololl-te-reprezentacionit-te-serbise-i-ka-mbajtur-trajnim-vajzave-te-okk-play-017-nga-bujanoci","status":"publish","type":"post","link":"https:\/\/kt.gov.rs\/sq\/ndihmes-selektori-i-ekipit-te-grave-ne-basketbololl-te-reprezentacionit-te-serbise-i-ka-mbajtur-trajnim-vajzave-te-okk-play-017-nga-bujanoci\/","title":{"rendered":"NDIHM\u00cbS SELEKTORI I EKIPIT T\u00cb GRAVE N\u00cb BASKETBOLOLL T\u00cb REPREZENTACIONIT T\u00cb S\u00cbRBIS\u00cb I KA MBAJTUR TRAJNIM  VAJZAVE T\u00cb OKK PLAY 017 NGA BUJANOCI"},"content":{"rendered":"<p>\n\t<strong><img decoding=\"async\" alt=\"\" src=\"https:\/\/kt.gov.rs\/wp-content\/uploads\/2024\/07\/1614333400_260221_3-4.jpg\" style=\"width: 315px; height: 230px; float: left;\" \/><\/strong>Bujanoc \u2013 Trajneri Dragan Ratkoviq, i cili ishte\u00a0 p\u00ebr 8 vite ndihm\u00ebsi i par\u00eb si trajner i ekipit komb\u00ebtar t\u00eb basketbollit p\u00ebr femra t\u00eb Serbis\u00eb Marina Maljkovi\u0107, vizitoi OKK Play 017 n\u00eb Bujanoc dhe zhvilloi nj\u00eb trajnim p\u00ebr basketbollistet e reja nga Bujanoci dhe Vraja.<\/p>\n<p>\n\tBasketbollistet e reja kishin \u00e7ka p\u00ebr t\u00eb d\u00ebgjuar nga trajneri i cili ishte pjes\u00eb e stafit profesional t\u00eb ekipit komb\u00ebtar n\u00eb periudh\u00ebn m\u00eb t\u00eb suksesshme n\u00eb historin\u00eb e basketbollit Serb p\u00ebr femra, kur ata fituan nj\u00eb medalje t\u00eb art\u00eb n\u00eb Kampionatin Evropian, t\u00eb argjend n\u00eb Kampionatin bot\u00ebror dhe n\u00eb loj\u00ebrat Olimpike, thuhet n\u00eb OKK Play 017<\/p>\n<p>\n\t&quot;Traineri Ratkovi\u0107 mbajti nj\u00eb trajnim edukativ p\u00ebr lojtaret e OKK Play 017 dhe KK Panteri Vranje, dhe t\u00eb gjith\u00eb ne shijuam gati dy or\u00eb shoq\u00ebrim me legjend\u00ebn e loj\u00ebs n\u00ebn rrath\u00ebt. Lojtaret d\u00ebgjuan shum\u00eb gj\u00ebra t\u00eb mira, por edhe trajner\u00ebt q\u00eb mor\u00ebn pjes\u00eb n\u00eb realizimin e st\u00ebrvitjes \u201d, than\u00eb ata n\u00eb klubin e Bujanoc\u00ebs.<\/p>\n<p>\n\t<strong>Burimi:Bujanovacke dhe Trupi koordinues<\/strong><\/p>\n<p>\n\t\u00a0<\/p>\n","protected":false},"excerpt":{"rendered":"<p>Bujanoc \u2013 Trajneri Dragan Ratkoviq, i cili ishte\u00a0 p\u00ebr 8 vite ndihm\u00ebsi i par\u00eb si trajner i ekipit komb\u00ebtar t\u00eb basketbollit p\u00ebr femra t\u00eb Serbis\u00eb Marina Maljkovi\u0107, vizitoi OKK Play 017 n\u00eb Bujanoc dhe zhvilloi nj\u00eb trajnim p\u00ebr basketbollistet e reja nga Bujanoci dhe Vraja.<\/p>\n","protected":false},"author":1,"featured_media":110585,"comment_status":"closed","ping_status":"closed","sticky":false,"template":"","format":"standard","meta":{"footnotes":""},"categories":[55],"tags":[],"class_list":["post-110580","post","type-post","status-publish","format-standard","has-post-thumbnail","hentry","category-lajme"],"yoast_head":"<!-- This site is optimized with the Yoast SEO plugin v27.5 - https:\/\/yoast.com\/product\/yoast-seo-wordpress\/ -->\n<title>NDIHM\u00cbS SELEKTORI I EKIPIT T\u00cb GRAVE N\u00cb BASKETBOLOLL T\u00cb REPREZENTACIONIT T\u00cb S\u00cbRBIS\u00cb I KA MBAJTUR TRAJNIM VAJZAVE T\u00cb OKK PLAY 017 NGA BUJANOCI - Republika e S\u00ebrbis\u00eb Trupi Koordinues p\u00ebr komunat Bujanoc, Preshev\u00eb dhe Medvegj\u00eb<\/title>\n<meta name=\"robots\" content=\"index, follow, max-snippet:-1, max-image-preview:large, max-video-preview:-1\" \/>\n<link rel=\"canonical\" href=\"https:\/\/kt.gov.rs\/sq\/ndihmes-selektori-i-ekipit-te-grave-ne-basketbololl-te-reprezentacionit-te-serbise-i-ka-mbajtur-trajnim-vajzave-te-okk-play-017-nga-bujanoci\/\" \/>\n<meta property=\"og:locale\" content=\"sq_AL\" \/>\n<meta property=\"og:type\" content=\"article\" \/>\n<meta property=\"og:title\" content=\"NDIHM\u00cbS SELEKTORI I EKIPIT T\u00cb GRAVE N\u00cb BASKETBOLOLL T\u00cb REPREZENTACIONIT T\u00cb S\u00cbRBIS\u00cb I KA MBAJTUR TRAJNIM VAJZAVE T\u00cb OKK PLAY 017 NGA BUJANOCI - Republika e S\u00ebrbis\u00eb Trupi Koordinues p\u00ebr komunat Bujanoc, Preshev\u00eb dhe Medvegj\u00eb\" \/>\n<meta property=\"og:description\" content=\"Bujanoc - Trajneri Dragan Ratkoviq, i cili ishte\u00a0 p\u00ebr 8 vite ndihm\u00ebsi i par\u00eb si trajner i ekipit komb\u00ebtar t\u00eb basketbollit p\u00ebr femra t\u00eb Serbis\u00eb Marina Maljkovi\u0107, vizitoi OKK Play 017 n\u00eb Bujanoc dhe zhvilloi nj\u00eb trajnim p\u00ebr basketbollistet e reja nga Bujanoci dhe Vraja.\" \/>\n<meta property=\"og:url\" content=\"https:\/\/kt.gov.rs\/sq\/ndihmes-selektori-i-ekipit-te-grave-ne-basketbololl-te-reprezentacionit-te-serbise-i-ka-mbajtur-trajnim-vajzave-te-okk-play-017-nga-bujanoci\/\" \/>\n<meta property=\"og:site_name\" content=\"Republika e S\u00ebrbis\u00eb Trupi Koordinues p\u00ebr komunat Bujanoc, Preshev\u00eb dhe Medvegj\u00eb\" \/>\n<meta property=\"article:publisher\" content=\"https:\/\/www.facebook.com\/SluzbaKoordinacionogTelaVladeRepublikeSrbije\" \/>\n<meta property=\"article:published_time\" content=\"2021-02-26T00:00:00+00:00\" \/>\n<meta property=\"article:modified_time\" content=\"2024-07-30T18:01:36+00:00\" \/>\n<meta property=\"og:image\" content=\"https:\/\/kt.gov.rs\/wp-content\/uploads\/2024\/07\/1614333400_260221_3-5.jpg\" \/>\n\t<meta property=\"og:image:width\" content=\"315\" \/>\n\t<meta property=\"og:image:height\" content=\"230\" \/>\n\t<meta property=\"og:image:type\" content=\"image\/jpeg\" \/>\n<meta name=\"author\" content=\"ktmin\" \/>\n<meta name=\"twitter:card\" content=\"summary_large_image\" \/>\n<meta name=\"twitter:creator\" content=\"@kt_gov\" \/>\n<meta name=\"twitter:site\" content=\"@kt_gov\" \/>\n<meta name=\"twitter:label1\" content=\"Written by\" \/>\n\t<meta name=\"twitter:data1\" content=\"ktmin\" \/>\n\t<meta name=\"twitter:label2\" content=\"Est. reading time\" \/>\n\t<meta name=\"twitter:data2\" content=\"1 minute\" \/>\n<script type=\"application\/ld+json\" class=\"yoast-schema-graph\">{\"@context\":\"https:\\\/\\\/schema.org\",\"@graph\":[{\"@type\":\"Article\",\"@id\":\"https:\\\/\\\/kt.gov.rs\\\/sq\\\/ndihmes-selektori-i-ekipit-te-grave-ne-basketbololl-te-reprezentacionit-te-serbise-i-ka-mbajtur-trajnim-vajzave-te-okk-play-017-nga-bujanoci\\\/#article\",\"isPartOf\":{\"@id\":\"https:\\\/\\\/kt.gov.rs\\\/sq\\\/ndihmes-selektori-i-ekipit-te-grave-ne-basketbololl-te-reprezentacionit-te-serbise-i-ka-mbajtur-trajnim-vajzave-te-okk-play-017-nga-bujanoci\\\/\"},\"author\":{\"name\":\"ktmin\",\"@id\":\"https:\\\/\\\/kt.gov.rs\\\/#\\\/schema\\\/person\\\/e426459ddb4173309103390602694571\"},\"headline\":\"NDIHM\u00cbS SELEKTORI I EKIPIT T\u00cb GRAVE N\u00cb BASKETBOLOLL T\u00cb REPREZENTACIONIT T\u00cb S\u00cbRBIS\u00cb I KA MBAJTUR TRAJNIM VAJZAVE T\u00cb OKK PLAY 017 NGA BUJANOCI\",\"datePublished\":\"2021-02-26T00:00:00+00:00\",\"dateModified\":\"2024-07-30T18:01:36+00:00\",\"mainEntityOfPage\":{\"@id\":\"https:\\\/\\\/kt.gov.rs\\\/sq\\\/ndihmes-selektori-i-ekipit-te-grave-ne-basketbololl-te-reprezentacionit-te-serbise-i-ka-mbajtur-trajnim-vajzave-te-okk-play-017-nga-bujanoci\\\/\"},\"wordCount\":265,\"publisher\":{\"@id\":\"https:\\\/\\\/kt.gov.rs\\\/#organization\"},\"image\":{\"@id\":\"https:\\\/\\\/kt.gov.rs\\\/sq\\\/ndihmes-selektori-i-ekipit-te-grave-ne-basketbololl-te-reprezentacionit-te-serbise-i-ka-mbajtur-trajnim-vajzave-te-okk-play-017-nga-bujanoci\\\/#primaryimage\"},\"thumbnailUrl\":\"https:\\\/\\\/kt.gov.rs\\\/wp-content\\\/uploads\\\/2024\\\/07\\\/1614333400_260221_3-5.jpg\",\"articleSection\":[\"Lajme\"],\"inLanguage\":\"sq-AL\"},{\"@type\":\"WebPage\",\"@id\":\"https:\\\/\\\/kt.gov.rs\\\/sq\\\/ndihmes-selektori-i-ekipit-te-grave-ne-basketbololl-te-reprezentacionit-te-serbise-i-ka-mbajtur-trajnim-vajzave-te-okk-play-017-nga-bujanoci\\\/\",\"url\":\"https:\\\/\\\/kt.gov.rs\\\/sq\\\/ndihmes-selektori-i-ekipit-te-grave-ne-basketbololl-te-reprezentacionit-te-serbise-i-ka-mbajtur-trajnim-vajzave-te-okk-play-017-nga-bujanoci\\\/\",\"name\":\"NDIHM\u00cbS SELEKTORI I EKIPIT T\u00cb GRAVE N\u00cb BASKETBOLOLL T\u00cb REPREZENTACIONIT T\u00cb S\u00cbRBIS\u00cb I KA MBAJTUR TRAJNIM VAJZAVE T\u00cb OKK PLAY 017 NGA BUJANOCI - Republika e S\u00ebrbis\u00eb Trupi Koordinues p\u00ebr komunat Bujanoc, Preshev\u00eb dhe Medvegj\u00eb\",\"isPartOf\":{\"@id\":\"https:\\\/\\\/kt.gov.rs\\\/#website\"},\"primaryImageOfPage\":{\"@id\":\"https:\\\/\\\/kt.gov.rs\\\/sq\\\/ndihmes-selektori-i-ekipit-te-grave-ne-basketbololl-te-reprezentacionit-te-serbise-i-ka-mbajtur-trajnim-vajzave-te-okk-play-017-nga-bujanoci\\\/#primaryimage\"},\"image\":{\"@id\":\"https:\\\/\\\/kt.gov.rs\\\/sq\\\/ndihmes-selektori-i-ekipit-te-grave-ne-basketbololl-te-reprezentacionit-te-serbise-i-ka-mbajtur-trajnim-vajzave-te-okk-play-017-nga-bujanoci\\\/#primaryimage\"},\"thumbnailUrl\":\"https:\\\/\\\/kt.gov.rs\\\/wp-content\\\/uploads\\\/2024\\\/07\\\/1614333400_260221_3-5.jpg\",\"datePublished\":\"2021-02-26T00:00:00+00:00\",\"dateModified\":\"2024-07-30T18:01:36+00:00\",\"breadcrumb\":{\"@id\":\"https:\\\/\\\/kt.gov.rs\\\/sq\\\/ndihmes-selektori-i-ekipit-te-grave-ne-basketbololl-te-reprezentacionit-te-serbise-i-ka-mbajtur-trajnim-vajzave-te-okk-play-017-nga-bujanoci\\\/#breadcrumb\"},\"inLanguage\":\"sq-AL\",\"potentialAction\":[{\"@type\":\"ReadAction\",\"target\":[\"https:\\\/\\\/kt.gov.rs\\\/sq\\\/ndihmes-selektori-i-ekipit-te-grave-ne-basketbololl-te-reprezentacionit-te-serbise-i-ka-mbajtur-trajnim-vajzave-te-okk-play-017-nga-bujanoci\\\/\"]}]},{\"@type\":\"ImageObject\",\"inLanguage\":\"sq-AL\",\"@id\":\"https:\\\/\\\/kt.gov.rs\\\/sq\\\/ndihmes-selektori-i-ekipit-te-grave-ne-basketbololl-te-reprezentacionit-te-serbise-i-ka-mbajtur-trajnim-vajzave-te-okk-play-017-nga-bujanoci\\\/#primaryimage\",\"url\":\"https:\\\/\\\/kt.gov.rs\\\/wp-content\\\/uploads\\\/2024\\\/07\\\/1614333400_260221_3-5.jpg\",\"contentUrl\":\"https:\\\/\\\/kt.gov.rs\\\/wp-content\\\/uploads\\\/2024\\\/07\\\/1614333400_260221_3-5.jpg\",\"width\":315,\"height\":230},{\"@type\":\"BreadcrumbList\",\"@id\":\"https:\\\/\\\/kt.gov.rs\\\/sq\\\/ndihmes-selektori-i-ekipit-te-grave-ne-basketbololl-te-reprezentacionit-te-serbise-i-ka-mbajtur-trajnim-vajzave-te-okk-play-017-nga-bujanoci\\\/#breadcrumb\",\"itemListElement\":[{\"@type\":\"ListItem\",\"position\":1,\"name\":\"\u041f\u043e\u0447\u0435\u0442\u043d\u0430\",\"item\":\"https:\\\/\\\/kt.gov.rs\\\/sq\\\/\"},{\"@type\":\"ListItem\",\"position\":2,\"name\":\"NDIHM\u00cbS SELEKTORI I EKIPIT T\u00cb GRAVE N\u00cb BASKETBOLOLL T\u00cb REPREZENTACIONIT T\u00cb S\u00cbRBIS\u00cb I KA MBAJTUR TRAJNIM VAJZAVE T\u00cb OKK PLAY 017 NGA BUJANOCI\"}]},{\"@type\":\"WebSite\",\"@id\":\"https:\\\/\\\/kt.gov.rs\\\/#website\",\"url\":\"https:\\\/\\\/kt.gov.rs\\\/\",\"name\":\"\u041a\u043e\u043e\u0440\u0434\u0438\u043d\u0430\u0446\u0438\u043e\u043d\u043e \u0442\u0435\u043b\u043e \u0412\u043b\u0430\u0434\u0435 \u0420\u0435\u043f\u0443\u0431\u043b\u0438\u043a\u0435 \u0421\u0440\u0431\u0438\u0458\u0435 \u0437\u0430 \u043e\u043f\u0448\u0442\u0438\u043d\u0435 \u041f\u0440\u0435\u0448\u0435\u0432\u043e, \u0411\u0443\u0458\u0430\u043d\u043e\u0432\u0430\u0446 \u0438 \u041c\u0435\u0434\u0432\u0435\u0452a\",\"description\":\"\",\"publisher\":{\"@id\":\"https:\\\/\\\/kt.gov.rs\\\/#organization\"},\"alternateName\":\"\u041a\u043e\u043e\u0440\u0434\u0438\u043d\u0430\u0446\u0438\u043e\u043d\u043e \u0442\u0435\u043b\u043e\",\"potentialAction\":[{\"@type\":\"SearchAction\",\"target\":{\"@type\":\"EntryPoint\",\"urlTemplate\":\"https:\\\/\\\/kt.gov.rs\\\/?s={search_term_string}\"},\"query-input\":{\"@type\":\"PropertyValueSpecification\",\"valueRequired\":true,\"valueName\":\"search_term_string\"}}],\"inLanguage\":\"sq-AL\"},{\"@type\":\"Organization\",\"@id\":\"https:\\\/\\\/kt.gov.rs\\\/#organization\",\"name\":\"\u041a\u043e\u043e\u0440\u0434\u0438\u043d\u0430\u0446\u0438\u043e\u043d\u043e \u0442\u0435\u043b\u043e \u0412\u043b\u0430\u0434\u0435 \u0420\u0435\u043f\u0443\u0431\u043b\u0438\u043a\u0435 \u0421\u0440\u0431\u0438\u0458\u0435 \u0437\u0430 \u043e\u043f\u0448\u0442\u0438\u043d\u0435 \u041f\u0440\u0435\u0448\u0435\u0432\u043e, \u0411\u0443\u0458\u0430\u043d\u043e\u0432\u0430\u0446 \u0438 \u041c\u0435\u0434\u0432\u0435\u0452a\",\"alternateName\":\"\u041a\u043e\u043e\u0440\u0434\u0438\u043d\u0430\u0446\u0438\u043e\u043d\u043e \u0442\u0435\u043b\u043e\",\"url\":\"https:\\\/\\\/kt.gov.rs\\\/\",\"logo\":{\"@type\":\"ImageObject\",\"inLanguage\":\"sq-AL\",\"@id\":\"https:\\\/\\\/kt.gov.rs\\\/#\\\/schema\\\/logo\\\/image\\\/\",\"url\":\"https:\\\/\\\/kt.gov.rs\\\/wp-content\\\/uploads\\\/2024\\\/12\\\/koord2.jpg\",\"contentUrl\":\"https:\\\/\\\/kt.gov.rs\\\/wp-content\\\/uploads\\\/2024\\\/12\\\/koord2.jpg\",\"width\":640,\"height\":480,\"caption\":\"\u041a\u043e\u043e\u0440\u0434\u0438\u043d\u0430\u0446\u0438\u043e\u043d\u043e \u0442\u0435\u043b\u043e \u0412\u043b\u0430\u0434\u0435 \u0420\u0435\u043f\u0443\u0431\u043b\u0438\u043a\u0435 \u0421\u0440\u0431\u0438\u0458\u0435 \u0437\u0430 \u043e\u043f\u0448\u0442\u0438\u043d\u0435 \u041f\u0440\u0435\u0448\u0435\u0432\u043e, \u0411\u0443\u0458\u0430\u043d\u043e\u0432\u0430\u0446 \u0438 \u041c\u0435\u0434\u0432\u0435\u0452a\"},\"image\":{\"@id\":\"https:\\\/\\\/kt.gov.rs\\\/#\\\/schema\\\/logo\\\/image\\\/\"},\"sameAs\":[\"https:\\\/\\\/www.facebook.com\\\/SluzbaKoordinacionogTelaVladeRepublikeSrbije\",\"https:\\\/\\\/x.com\\\/kt_gov\",\"https:\\\/\\\/www.youtube.com\\\/@koordinacionotelo\"]},{\"@type\":\"Person\",\"@id\":\"https:\\\/\\\/kt.gov.rs\\\/#\\\/schema\\\/person\\\/e426459ddb4173309103390602694571\",\"name\":\"ktmin\",\"image\":{\"@type\":\"ImageObject\",\"inLanguage\":\"sq-AL\",\"@id\":\"https:\\\/\\\/secure.gravatar.com\\\/avatar\\\/3985c961109853010c3fbc7ba30365bfba5db3dd6c525831d9c595c7525a615a?s=96&d=mm&r=g\",\"url\":\"https:\\\/\\\/secure.gravatar.com\\\/avatar\\\/3985c961109853010c3fbc7ba30365bfba5db3dd6c525831d9c595c7525a615a?s=96&d=mm&r=g\",\"contentUrl\":\"https:\\\/\\\/secure.gravatar.com\\\/avatar\\\/3985c961109853010c3fbc7ba30365bfba5db3dd6c525831d9c595c7525a615a?s=96&d=mm&r=g\",\"caption\":\"ktmin\"},\"sameAs\":[\"https:\\\/\\\/kt.gov.rs\"],\"url\":\"https:\\\/\\\/kt.gov.rs\\\/sq\\\/author\\\/ktmin\\\/\"}]}<\/script>\n<!-- \/ Yoast SEO plugin. -->","yoast_head_json":{"title":"NDIHM\u00cbS SELEKTORI I EKIPIT T\u00cb GRAVE N\u00cb BASKETBOLOLL T\u00cb REPREZENTACIONIT T\u00cb S\u00cbRBIS\u00cb I KA MBAJTUR TRAJNIM VAJZAVE T\u00cb OKK PLAY 017 NGA BUJANOCI - Republika e S\u00ebrbis\u00eb Trupi Koordinues p\u00ebr komunat Bujanoc, Preshev\u00eb dhe Medvegj\u00eb","robots":{"index":"index","follow":"follow","max-snippet":"max-snippet:-1","max-image-preview":"max-image-preview:large","max-video-preview":"max-video-preview:-1"},"canonical":"https:\/\/kt.gov.rs\/sq\/ndihmes-selektori-i-ekipit-te-grave-ne-basketbololl-te-reprezentacionit-te-serbise-i-ka-mbajtur-trajnim-vajzave-te-okk-play-017-nga-bujanoci\/","og_locale":"sq_AL","og_type":"article","og_title":"NDIHM\u00cbS SELEKTORI I EKIPIT T\u00cb GRAVE N\u00cb BASKETBOLOLL T\u00cb REPREZENTACIONIT T\u00cb S\u00cbRBIS\u00cb I KA MBAJTUR TRAJNIM VAJZAVE T\u00cb OKK PLAY 017 NGA BUJANOCI - Republika e S\u00ebrbis\u00eb Trupi Koordinues p\u00ebr komunat Bujanoc, Preshev\u00eb dhe Medvegj\u00eb","og_description":"Bujanoc - Trajneri Dragan Ratkoviq, i cili ishte\u00a0 p\u00ebr 8 vite ndihm\u00ebsi i par\u00eb si trajner i ekipit komb\u00ebtar t\u00eb basketbollit p\u00ebr femra t\u00eb Serbis\u00eb Marina Maljkovi\u0107, vizitoi OKK Play 017 n\u00eb Bujanoc dhe zhvilloi nj\u00eb trajnim p\u00ebr basketbollistet e reja nga Bujanoci dhe Vraja.","og_url":"https:\/\/kt.gov.rs\/sq\/ndihmes-selektori-i-ekipit-te-grave-ne-basketbololl-te-reprezentacionit-te-serbise-i-ka-mbajtur-trajnim-vajzave-te-okk-play-017-nga-bujanoci\/","og_site_name":"Republika e S\u00ebrbis\u00eb Trupi Koordinues p\u00ebr komunat Bujanoc, Preshev\u00eb dhe Medvegj\u00eb","article_publisher":"https:\/\/www.facebook.com\/SluzbaKoordinacionogTelaVladeRepublikeSrbije","article_published_time":"2021-02-26T00:00:00+00:00","article_modified_time":"2024-07-30T18:01:36+00:00","og_image":[{"width":315,"height":230,"url":"https:\/\/kt.gov.rs\/wp-content\/uploads\/2024\/07\/1614333400_260221_3-5.jpg","type":"image\/jpeg"}],"author":"ktmin","twitter_card":"summary_large_image","twitter_creator":"@kt_gov","twitter_site":"@kt_gov","twitter_misc":{"Written by":"ktmin","Est. reading time":"1 minute"},"schema":{"@context":"https:\/\/schema.org","@graph":[{"@type":"Article","@id":"https:\/\/kt.gov.rs\/sq\/ndihmes-selektori-i-ekipit-te-grave-ne-basketbololl-te-reprezentacionit-te-serbise-i-ka-mbajtur-trajnim-vajzave-te-okk-play-017-nga-bujanoci\/#article","isPartOf":{"@id":"https:\/\/kt.gov.rs\/sq\/ndihmes-selektori-i-ekipit-te-grave-ne-basketbololl-te-reprezentacionit-te-serbise-i-ka-mbajtur-trajnim-vajzave-te-okk-play-017-nga-bujanoci\/"},"author":{"name":"ktmin","@id":"https:\/\/kt.gov.rs\/#\/schema\/person\/e426459ddb4173309103390602694571"},"headline":"NDIHM\u00cbS SELEKTORI I EKIPIT T\u00cb GRAVE N\u00cb BASKETBOLOLL T\u00cb REPREZENTACIONIT T\u00cb S\u00cbRBIS\u00cb I KA MBAJTUR TRAJNIM VAJZAVE T\u00cb OKK PLAY 017 NGA BUJANOCI","datePublished":"2021-02-26T00:00:00+00:00","dateModified":"2024-07-30T18:01:36+00:00","mainEntityOfPage":{"@id":"https:\/\/kt.gov.rs\/sq\/ndihmes-selektori-i-ekipit-te-grave-ne-basketbololl-te-reprezentacionit-te-serbise-i-ka-mbajtur-trajnim-vajzave-te-okk-play-017-nga-bujanoci\/"},"wordCount":265,"publisher":{"@id":"https:\/\/kt.gov.rs\/#organization"},"image":{"@id":"https:\/\/kt.gov.rs\/sq\/ndihmes-selektori-i-ekipit-te-grave-ne-basketbololl-te-reprezentacionit-te-serbise-i-ka-mbajtur-trajnim-vajzave-te-okk-play-017-nga-bujanoci\/#primaryimage"},"thumbnailUrl":"https:\/\/kt.gov.rs\/wp-content\/uploads\/2024\/07\/1614333400_260221_3-5.jpg","articleSection":["Lajme"],"inLanguage":"sq-AL"},{"@type":"WebPage","@id":"https:\/\/kt.gov.rs\/sq\/ndihmes-selektori-i-ekipit-te-grave-ne-basketbololl-te-reprezentacionit-te-serbise-i-ka-mbajtur-trajnim-vajzave-te-okk-play-017-nga-bujanoci\/","url":"https:\/\/kt.gov.rs\/sq\/ndihmes-selektori-i-ekipit-te-grave-ne-basketbololl-te-reprezentacionit-te-serbise-i-ka-mbajtur-trajnim-vajzave-te-okk-play-017-nga-bujanoci\/","name":"NDIHM\u00cbS SELEKTORI I EKIPIT T\u00cb GRAVE N\u00cb BASKETBOLOLL T\u00cb REPREZENTACIONIT T\u00cb S\u00cbRBIS\u00cb I KA MBAJTUR TRAJNIM VAJZAVE T\u00cb OKK PLAY 017 NGA BUJANOCI - Republika e S\u00ebrbis\u00eb Trupi Koordinues p\u00ebr komunat Bujanoc, Preshev\u00eb dhe Medvegj\u00eb","isPartOf":{"@id":"https:\/\/kt.gov.rs\/#website"},"primaryImageOfPage":{"@id":"https:\/\/kt.gov.rs\/sq\/ndihmes-selektori-i-ekipit-te-grave-ne-basketbololl-te-reprezentacionit-te-serbise-i-ka-mbajtur-trajnim-vajzave-te-okk-play-017-nga-bujanoci\/#primaryimage"},"image":{"@id":"https:\/\/kt.gov.rs\/sq\/ndihmes-selektori-i-ekipit-te-grave-ne-basketbololl-te-reprezentacionit-te-serbise-i-ka-mbajtur-trajnim-vajzave-te-okk-play-017-nga-bujanoci\/#primaryimage"},"thumbnailUrl":"https:\/\/kt.gov.rs\/wp-content\/uploads\/2024\/07\/1614333400_260221_3-5.jpg","datePublished":"2021-02-26T00:00:00+00:00","dateModified":"2024-07-30T18:01:36+00:00","breadcrumb":{"@id":"https:\/\/kt.gov.rs\/sq\/ndihmes-selektori-i-ekipit-te-grave-ne-basketbololl-te-reprezentacionit-te-serbise-i-ka-mbajtur-trajnim-vajzave-te-okk-play-017-nga-bujanoci\/#breadcrumb"},"inLanguage":"sq-AL","potentialAction":[{"@type":"ReadAction","target":["https:\/\/kt.gov.rs\/sq\/ndihmes-selektori-i-ekipit-te-grave-ne-basketbololl-te-reprezentacionit-te-serbise-i-ka-mbajtur-trajnim-vajzave-te-okk-play-017-nga-bujanoci\/"]}]},{"@type":"ImageObject","inLanguage":"sq-AL","@id":"https:\/\/kt.gov.rs\/sq\/ndihmes-selektori-i-ekipit-te-grave-ne-basketbololl-te-reprezentacionit-te-serbise-i-ka-mbajtur-trajnim-vajzave-te-okk-play-017-nga-bujanoci\/#primaryimage","url":"https:\/\/kt.gov.rs\/wp-content\/uploads\/2024\/07\/1614333400_260221_3-5.jpg","contentUrl":"https:\/\/kt.gov.rs\/wp-content\/uploads\/2024\/07\/1614333400_260221_3-5.jpg","width":315,"height":230},{"@type":"BreadcrumbList","@id":"https:\/\/kt.gov.rs\/sq\/ndihmes-selektori-i-ekipit-te-grave-ne-basketbololl-te-reprezentacionit-te-serbise-i-ka-mbajtur-trajnim-vajzave-te-okk-play-017-nga-bujanoci\/#breadcrumb","itemListElement":[{"@type":"ListItem","position":1,"name":"\u041f\u043e\u0447\u0435\u0442\u043d\u0430","item":"https:\/\/kt.gov.rs\/sq\/"},{"@type":"ListItem","position":2,"name":"NDIHM\u00cbS SELEKTORI I EKIPIT T\u00cb GRAVE N\u00cb BASKETBOLOLL T\u00cb REPREZENTACIONIT T\u00cb S\u00cbRBIS\u00cb I KA MBAJTUR TRAJNIM VAJZAVE T\u00cb OKK PLAY 017 NGA BUJANOCI"}]},{"@type":"WebSite","@id":"https:\/\/kt.gov.rs\/#website","url":"https:\/\/kt.gov.rs\/","name":"\u041a\u043e\u043e\u0440\u0434\u0438\u043d\u0430\u0446\u0438\u043e\u043d\u043e \u0442\u0435\u043b\u043e \u0412\u043b\u0430\u0434\u0435 \u0420\u0435\u043f\u0443\u0431\u043b\u0438\u043a\u0435 \u0421\u0440\u0431\u0438\u0458\u0435 \u0437\u0430 \u043e\u043f\u0448\u0442\u0438\u043d\u0435 \u041f\u0440\u0435\u0448\u0435\u0432\u043e, \u0411\u0443\u0458\u0430\u043d\u043e\u0432\u0430\u0446 \u0438 \u041c\u0435\u0434\u0432\u0435\u0452a","description":"","publisher":{"@id":"https:\/\/kt.gov.rs\/#organization"},"alternateName":"\u041a\u043e\u043e\u0440\u0434\u0438\u043d\u0430\u0446\u0438\u043e\u043d\u043e \u0442\u0435\u043b\u043e","potentialAction":[{"@type":"SearchAction","target":{"@type":"EntryPoint","urlTemplate":"https:\/\/kt.gov.rs\/?s={search_term_string}"},"query-input":{"@type":"PropertyValueSpecification","valueRequired":true,"valueName":"search_term_string"}}],"inLanguage":"sq-AL"},{"@type":"Organization","@id":"https:\/\/kt.gov.rs\/#organization","name":"\u041a\u043e\u043e\u0440\u0434\u0438\u043d\u0430\u0446\u0438\u043e\u043d\u043e \u0442\u0435\u043b\u043e \u0412\u043b\u0430\u0434\u0435 \u0420\u0435\u043f\u0443\u0431\u043b\u0438\u043a\u0435 \u0421\u0440\u0431\u0438\u0458\u0435 \u0437\u0430 \u043e\u043f\u0448\u0442\u0438\u043d\u0435 \u041f\u0440\u0435\u0448\u0435\u0432\u043e, \u0411\u0443\u0458\u0430\u043d\u043e\u0432\u0430\u0446 \u0438 \u041c\u0435\u0434\u0432\u0435\u0452a","alternateName":"\u041a\u043e\u043e\u0440\u0434\u0438\u043d\u0430\u0446\u0438\u043e\u043d\u043e \u0442\u0435\u043b\u043e","url":"https:\/\/kt.gov.rs\/","logo":{"@type":"ImageObject","inLanguage":"sq-AL","@id":"https:\/\/kt.gov.rs\/#\/schema\/logo\/image\/","url":"https:\/\/kt.gov.rs\/wp-content\/uploads\/2024\/12\/koord2.jpg","contentUrl":"https:\/\/kt.gov.rs\/wp-content\/uploads\/2024\/12\/koord2.jpg","width":640,"height":480,"caption":"\u041a\u043e\u043e\u0440\u0434\u0438\u043d\u0430\u0446\u0438\u043e\u043d\u043e \u0442\u0435\u043b\u043e \u0412\u043b\u0430\u0434\u0435 \u0420\u0435\u043f\u0443\u0431\u043b\u0438\u043a\u0435 \u0421\u0440\u0431\u0438\u0458\u0435 \u0437\u0430 \u043e\u043f\u0448\u0442\u0438\u043d\u0435 \u041f\u0440\u0435\u0448\u0435\u0432\u043e, \u0411\u0443\u0458\u0430\u043d\u043e\u0432\u0430\u0446 \u0438 \u041c\u0435\u0434\u0432\u0435\u0452a"},"image":{"@id":"https:\/\/kt.gov.rs\/#\/schema\/logo\/image\/"},"sameAs":["https:\/\/www.facebook.com\/SluzbaKoordinacionogTelaVladeRepublikeSrbije","https:\/\/x.com\/kt_gov","https:\/\/www.youtube.com\/@koordinacionotelo"]},{"@type":"Person","@id":"https:\/\/kt.gov.rs\/#\/schema\/person\/e426459ddb4173309103390602694571","name":"ktmin","image":{"@type":"ImageObject","inLanguage":"sq-AL","@id":"https:\/\/secure.gravatar.com\/avatar\/3985c961109853010c3fbc7ba30365bfba5db3dd6c525831d9c595c7525a615a?s=96&d=mm&r=g","url":"https:\/\/secure.gravatar.com\/avatar\/3985c961109853010c3fbc7ba30365bfba5db3dd6c525831d9c595c7525a615a?s=96&d=mm&r=g","contentUrl":"https:\/\/secure.gravatar.com\/avatar\/3985c961109853010c3fbc7ba30365bfba5db3dd6c525831d9c595c7525a615a?s=96&d=mm&r=g","caption":"ktmin"},"sameAs":["https:\/\/kt.gov.rs"],"url":"https:\/\/kt.gov.rs\/sq\/author\/ktmin\/"}]}},"_links":{"self":[{"href":"https:\/\/kt.gov.rs\/sq\/wp-json\/wp\/v2\/posts\/110580","targetHints":{"allow":["GET"]}}],"collection":[{"href":"https:\/\/kt.gov.rs\/sq\/wp-json\/wp\/v2\/posts"}],"about":[{"href":"https:\/\/kt.gov.rs\/sq\/wp-json\/wp\/v2\/types\/post"}],"author":[{"embeddable":true,"href":"https:\/\/kt.gov.rs\/sq\/wp-json\/wp\/v2\/users\/1"}],"replies":[{"embeddable":true,"href":"https:\/\/kt.gov.rs\/sq\/wp-json\/wp\/v2\/comments?post=110580"}],"version-history":[{"count":1,"href":"https:\/\/kt.gov.rs\/sq\/wp-json\/wp\/v2\/posts\/110580\/revisions"}],"predecessor-version":[{"id":110584,"href":"https:\/\/kt.gov.rs\/sq\/wp-json\/wp\/v2\/posts\/110580\/revisions\/110584"}],"wp:featuredmedia":[{"embeddable":true,"href":"https:\/\/kt.gov.rs\/sq\/wp-json\/wp\/v2\/media\/110585"}],"wp:attachment":[{"href":"https:\/\/kt.gov.rs\/sq\/wp-json\/wp\/v2\/media?parent=110580"}],"wp:term":[{"taxonomy":"category","embeddable":true,"href":"https:\/\/kt.gov.rs\/sq\/wp-json\/wp\/v2\/categories?post=110580"},{"taxonomy":"post_tag","embeddable":true,"href":"https:\/\/kt.gov.rs\/sq\/wp-json\/wp\/v2\/tags?post=110580"}],"curies":[{"name":"wp","href":"https:\/\/api.w.org\/{rel}","templated":true}]}}