{"id":110468,"date":"2021-03-04T00:00:00","date_gmt":"2021-03-04T00:00:00","guid":{"rendered":"http:\/\/kt.printandscreen.rs\/eshte-hapur-sos-telefoni-per-paraqitjen-e-rrezikimit-te-gazetareve\/"},"modified":"2024-07-30T18:01:25","modified_gmt":"2024-07-30T18:01:25","slug":"eshte-hapur-sos-telefoni-per-paraqitjen-e-rrezikimit-te-gazetareve","status":"publish","type":"post","link":"https:\/\/kt.gov.rs\/sq\/eshte-hapur-sos-telefoni-per-paraqitjen-e-rrezikimit-te-gazetareve\/","title":{"rendered":"\u00cbSHT\u00cb HAPUR \u201cSOS TELEFONI\u201d P\u00cbR PARAQITJEN E RREZIKIMIT T\u00cb GAZETAR\u00cbVE"},"content":{"rendered":"<p>\n\t<strong><img decoding=\"async\" alt=\"\" src=\"https:\/\/kt.gov.rs\/wp-content\/uploads\/2024\/07\/1614849101_040321_1-4.jpg\" style=\"width: 315px; height: 230px; float: left;\" \/><\/strong><strong>Beograd \u2013<\/strong> Gazetar\u00ebt n\u00eb Serbi q\u00eb besojn\u00eb se siguria e tyre \u00ebsht\u00eb e rrezikuar mund ta raportojn\u00eb at\u00eb falas n\u00eb &quot;SOS telefonin&quot; i cili \u00ebsht\u00eb i qasur non-stop (0800 100 115), nga 1 marsi i k\u00ebtij viti.<\/p>\n<p>\n\tQeveria e Serbis\u00eb njoftoi se jurist\u00ebt t\u00eb cil\u00ebt kan\u00eb p\u00ebrvoj\u00eb n\u00eb pun\u00ebn n\u00eb rastet e dhun\u00ebs ndaj pun\u00ebtor\u00ebve t\u00eb medias do t&#39;i p\u00ebrgjigjen thirrjeve telefonike. Gazetar\u00ebt do t\u00eb marrin informacion prej tyre n\u00eb lidhje me kontaktet n\u00eb polici dhe zyr\u00ebn e prokurorit p\u00ebrgjegj\u00ebs p\u00ebr rajonin n\u00eb t\u00eb cilin ata punojn\u00eb ose ku ka ndodhur nj\u00eb k\u00ebrc\u00ebnim ose akt i dhunsh\u00ebm.<\/p>\n<p>\n\tN\u00eb rastin e veprave q\u00eb nuk ndiqen sipas detyr\u00ebs zyrtare, por n\u00eb procese gjyq\u00ebsore private, gazetar\u00ebt do t\u00eb marrin informacion se si t\u00eb shkruajn\u00eb nj\u00eb proces gjyq\u00ebsor ose do t\u00eb referohen n\u00eb mb\u00ebshtetjen ligjore t\u00eb shoqat\u00ebs s\u00eb gazetar\u00ebve, thuhet n\u00eb njoftim.<\/p>\n<p>\n\tKy sh\u00ebrbim u prezantua si pjes\u00eb e aktiviteteve t\u00eb Grupit Punues p\u00ebr Sigurin\u00eb dhe Mbrojtjen e Gazetar\u00ebve, i cili ishte themeluar nga Qeveria e Serbis\u00eb, dhe Telekom Srbije siguroi pajisje dhe mund\u00ebsoi koordinimin me t\u00eb gjith\u00eb operator\u00ebt.<\/p>\n<p>\n\t&quot;Ky \u00ebsht\u00eb hapi i par\u00eb n\u00eb realizimin e aktiviteteve t\u00eb planifikuara p\u00ebr t\u00eb mbrojtur gazetar\u00ebt dhe p\u00ebr t\u00eb rritur sigurin\u00eb. N\u00eb k\u00ebt\u00eb m\u00ebnyr\u00eb, ne do t\u00eb thjeshtojm\u00eb raportimin e k\u00ebrc\u00ebnimeve dhe sulmeve dhe gjithashtu do t\u00eb informojm\u00eb dhe edukojm\u00eb gazetar\u00ebt p\u00ebr realizimin e t\u00eb drejtave t\u00eb tyre&quot;, tha an\u00ebtari i Grupit Punues, Veran Matiq.<\/p>\n<p>\n\t<strong>Burimi: FoNet, Danas dhe Trupi Koordinues<\/strong><\/p>\n<p>\n\t\u00a0<\/p>\n","protected":false},"excerpt":{"rendered":"<p>Beograd \u2013\u00a0Gazetar\u00ebt n\u00eb Serbi q\u00eb besojn\u00eb se siguria e tyre \u00ebsht\u00eb e rrezikuar mund ta raportojn\u00eb at\u00eb falas n\u00eb &quot;SOS telefonin&quot; i cili \u00ebsht\u00eb i qasur non-stop (0800 100 115), nga 1 marsi i k\u00ebtij viti.<\/p>\n","protected":false},"author":1,"featured_media":110473,"comment_status":"closed","ping_status":"closed","sticky":false,"template":"","format":"standard","meta":{"footnotes":""},"categories":[55],"tags":[],"class_list":["post-110468","post","type-post","status-publish","format-standard","has-post-thumbnail","hentry","category-lajme"],"yoast_head":"<!-- This site is optimized with the Yoast SEO plugin v27.5 - https:\/\/yoast.com\/product\/yoast-seo-wordpress\/ -->\n<title>\u00cbSHT\u00cb HAPUR \u201cSOS TELEFONI\u201d P\u00cbR PARAQITJEN E RREZIKIMIT T\u00cb GAZETAR\u00cbVE - Republika e S\u00ebrbis\u00eb Trupi Koordinues p\u00ebr komunat Bujanoc, Preshev\u00eb dhe Medvegj\u00eb<\/title>\n<meta name=\"robots\" content=\"index, follow, max-snippet:-1, max-image-preview:large, max-video-preview:-1\" \/>\n<link rel=\"canonical\" href=\"https:\/\/kt.gov.rs\/sq\/eshte-hapur-sos-telefoni-per-paraqitjen-e-rrezikimit-te-gazetareve\/\" \/>\n<meta property=\"og:locale\" content=\"sq_AL\" \/>\n<meta property=\"og:type\" content=\"article\" \/>\n<meta property=\"og:title\" content=\"\u00cbSHT\u00cb HAPUR \u201cSOS TELEFONI\u201d P\u00cbR PARAQITJEN E RREZIKIMIT T\u00cb GAZETAR\u00cbVE - Republika e S\u00ebrbis\u00eb Trupi Koordinues p\u00ebr komunat Bujanoc, Preshev\u00eb dhe Medvegj\u00eb\" \/>\n<meta property=\"og:description\" content=\"Beograd -\u00a0Gazetar\u00ebt n\u00eb Serbi q\u00eb besojn\u00eb se siguria e tyre \u00ebsht\u00eb e rrezikuar mund ta raportojn\u00eb at\u00eb falas n\u00eb &quot;SOS telefonin&quot; i cili \u00ebsht\u00eb i qasur non-stop (0800 100 115), nga 1 marsi i k\u00ebtij viti.\" \/>\n<meta property=\"og:url\" content=\"https:\/\/kt.gov.rs\/sq\/eshte-hapur-sos-telefoni-per-paraqitjen-e-rrezikimit-te-gazetareve\/\" \/>\n<meta property=\"og:site_name\" content=\"Republika e S\u00ebrbis\u00eb Trupi Koordinues p\u00ebr komunat Bujanoc, Preshev\u00eb dhe Medvegj\u00eb\" \/>\n<meta property=\"article:publisher\" content=\"https:\/\/www.facebook.com\/SluzbaKoordinacionogTelaVladeRepublikeSrbije\" \/>\n<meta property=\"article:published_time\" content=\"2021-03-04T00:00:00+00:00\" \/>\n<meta property=\"article:modified_time\" content=\"2024-07-30T18:01:25+00:00\" \/>\n<meta property=\"og:image\" content=\"https:\/\/kt.gov.rs\/wp-content\/uploads\/2024\/07\/1614849101_040321_1-5.jpg\" \/>\n\t<meta property=\"og:image:width\" content=\"315\" \/>\n\t<meta property=\"og:image:height\" content=\"230\" \/>\n\t<meta property=\"og:image:type\" content=\"image\/jpeg\" \/>\n<meta name=\"author\" content=\"ktmin\" \/>\n<meta name=\"twitter:card\" content=\"summary_large_image\" \/>\n<meta name=\"twitter:creator\" content=\"@kt_gov\" \/>\n<meta name=\"twitter:site\" content=\"@kt_gov\" \/>\n<meta name=\"twitter:label1\" content=\"Written by\" \/>\n\t<meta name=\"twitter:data1\" content=\"ktmin\" \/>\n\t<meta name=\"twitter:label2\" content=\"Est. reading time\" \/>\n\t<meta name=\"twitter:data2\" content=\"2 minutes\" \/>\n<script type=\"application\/ld+json\" class=\"yoast-schema-graph\">{\"@context\":\"https:\\\/\\\/schema.org\",\"@graph\":[{\"@type\":\"Article\",\"@id\":\"https:\\\/\\\/kt.gov.rs\\\/sq\\\/eshte-hapur-sos-telefoni-per-paraqitjen-e-rrezikimit-te-gazetareve\\\/#article\",\"isPartOf\":{\"@id\":\"https:\\\/\\\/kt.gov.rs\\\/sq\\\/eshte-hapur-sos-telefoni-per-paraqitjen-e-rrezikimit-te-gazetareve\\\/\"},\"author\":{\"name\":\"ktmin\",\"@id\":\"https:\\\/\\\/kt.gov.rs\\\/#\\\/schema\\\/person\\\/e426459ddb4173309103390602694571\"},\"headline\":\"\u00cbSHT\u00cb HAPUR \u201cSOS TELEFONI\u201d P\u00cbR PARAQITJEN E RREZIKIMIT T\u00cb GAZETAR\u00cbVE\",\"datePublished\":\"2021-03-04T00:00:00+00:00\",\"dateModified\":\"2024-07-30T18:01:25+00:00\",\"mainEntityOfPage\":{\"@id\":\"https:\\\/\\\/kt.gov.rs\\\/sq\\\/eshte-hapur-sos-telefoni-per-paraqitjen-e-rrezikimit-te-gazetareve\\\/\"},\"wordCount\":389,\"publisher\":{\"@id\":\"https:\\\/\\\/kt.gov.rs\\\/#organization\"},\"image\":{\"@id\":\"https:\\\/\\\/kt.gov.rs\\\/sq\\\/eshte-hapur-sos-telefoni-per-paraqitjen-e-rrezikimit-te-gazetareve\\\/#primaryimage\"},\"thumbnailUrl\":\"https:\\\/\\\/kt.gov.rs\\\/wp-content\\\/uploads\\\/2024\\\/07\\\/1614849101_040321_1-5.jpg\",\"articleSection\":[\"Lajme\"],\"inLanguage\":\"sq-AL\"},{\"@type\":\"WebPage\",\"@id\":\"https:\\\/\\\/kt.gov.rs\\\/sq\\\/eshte-hapur-sos-telefoni-per-paraqitjen-e-rrezikimit-te-gazetareve\\\/\",\"url\":\"https:\\\/\\\/kt.gov.rs\\\/sq\\\/eshte-hapur-sos-telefoni-per-paraqitjen-e-rrezikimit-te-gazetareve\\\/\",\"name\":\"\u00cbSHT\u00cb HAPUR \u201cSOS TELEFONI\u201d P\u00cbR PARAQITJEN E RREZIKIMIT T\u00cb GAZETAR\u00cbVE - Republika e S\u00ebrbis\u00eb Trupi Koordinues p\u00ebr komunat Bujanoc, Preshev\u00eb dhe Medvegj\u00eb\",\"isPartOf\":{\"@id\":\"https:\\\/\\\/kt.gov.rs\\\/#website\"},\"primaryImageOfPage\":{\"@id\":\"https:\\\/\\\/kt.gov.rs\\\/sq\\\/eshte-hapur-sos-telefoni-per-paraqitjen-e-rrezikimit-te-gazetareve\\\/#primaryimage\"},\"image\":{\"@id\":\"https:\\\/\\\/kt.gov.rs\\\/sq\\\/eshte-hapur-sos-telefoni-per-paraqitjen-e-rrezikimit-te-gazetareve\\\/#primaryimage\"},\"thumbnailUrl\":\"https:\\\/\\\/kt.gov.rs\\\/wp-content\\\/uploads\\\/2024\\\/07\\\/1614849101_040321_1-5.jpg\",\"datePublished\":\"2021-03-04T00:00:00+00:00\",\"dateModified\":\"2024-07-30T18:01:25+00:00\",\"breadcrumb\":{\"@id\":\"https:\\\/\\\/kt.gov.rs\\\/sq\\\/eshte-hapur-sos-telefoni-per-paraqitjen-e-rrezikimit-te-gazetareve\\\/#breadcrumb\"},\"inLanguage\":\"sq-AL\",\"potentialAction\":[{\"@type\":\"ReadAction\",\"target\":[\"https:\\\/\\\/kt.gov.rs\\\/sq\\\/eshte-hapur-sos-telefoni-per-paraqitjen-e-rrezikimit-te-gazetareve\\\/\"]}]},{\"@type\":\"ImageObject\",\"inLanguage\":\"sq-AL\",\"@id\":\"https:\\\/\\\/kt.gov.rs\\\/sq\\\/eshte-hapur-sos-telefoni-per-paraqitjen-e-rrezikimit-te-gazetareve\\\/#primaryimage\",\"url\":\"https:\\\/\\\/kt.gov.rs\\\/wp-content\\\/uploads\\\/2024\\\/07\\\/1614849101_040321_1-5.jpg\",\"contentUrl\":\"https:\\\/\\\/kt.gov.rs\\\/wp-content\\\/uploads\\\/2024\\\/07\\\/1614849101_040321_1-5.jpg\",\"width\":315,\"height\":230},{\"@type\":\"BreadcrumbList\",\"@id\":\"https:\\\/\\\/kt.gov.rs\\\/sq\\\/eshte-hapur-sos-telefoni-per-paraqitjen-e-rrezikimit-te-gazetareve\\\/#breadcrumb\",\"itemListElement\":[{\"@type\":\"ListItem\",\"position\":1,\"name\":\"\u041f\u043e\u0447\u0435\u0442\u043d\u0430\",\"item\":\"https:\\\/\\\/kt.gov.rs\\\/sq\\\/\"},{\"@type\":\"ListItem\",\"position\":2,\"name\":\"\u00cbSHT\u00cb HAPUR \u201cSOS TELEFONI\u201d P\u00cbR PARAQITJEN E RREZIKIMIT T\u00cb GAZETAR\u00cbVE\"}]},{\"@type\":\"WebSite\",\"@id\":\"https:\\\/\\\/kt.gov.rs\\\/#website\",\"url\":\"https:\\\/\\\/kt.gov.rs\\\/\",\"name\":\"\u041a\u043e\u043e\u0440\u0434\u0438\u043d\u0430\u0446\u0438\u043e\u043d\u043e \u0442\u0435\u043b\u043e \u0412\u043b\u0430\u0434\u0435 \u0420\u0435\u043f\u0443\u0431\u043b\u0438\u043a\u0435 \u0421\u0440\u0431\u0438\u0458\u0435 \u0437\u0430 \u043e\u043f\u0448\u0442\u0438\u043d\u0435 \u041f\u0440\u0435\u0448\u0435\u0432\u043e, \u0411\u0443\u0458\u0430\u043d\u043e\u0432\u0430\u0446 \u0438 \u041c\u0435\u0434\u0432\u0435\u0452a\",\"description\":\"\",\"publisher\":{\"@id\":\"https:\\\/\\\/kt.gov.rs\\\/#organization\"},\"alternateName\":\"\u041a\u043e\u043e\u0440\u0434\u0438\u043d\u0430\u0446\u0438\u043e\u043d\u043e \u0442\u0435\u043b\u043e\",\"potentialAction\":[{\"@type\":\"SearchAction\",\"target\":{\"@type\":\"EntryPoint\",\"urlTemplate\":\"https:\\\/\\\/kt.gov.rs\\\/?s={search_term_string}\"},\"query-input\":{\"@type\":\"PropertyValueSpecification\",\"valueRequired\":true,\"valueName\":\"search_term_string\"}}],\"inLanguage\":\"sq-AL\"},{\"@type\":\"Organization\",\"@id\":\"https:\\\/\\\/kt.gov.rs\\\/#organization\",\"name\":\"\u041a\u043e\u043e\u0440\u0434\u0438\u043d\u0430\u0446\u0438\u043e\u043d\u043e \u0442\u0435\u043b\u043e \u0412\u043b\u0430\u0434\u0435 \u0420\u0435\u043f\u0443\u0431\u043b\u0438\u043a\u0435 \u0421\u0440\u0431\u0438\u0458\u0435 \u0437\u0430 \u043e\u043f\u0448\u0442\u0438\u043d\u0435 \u041f\u0440\u0435\u0448\u0435\u0432\u043e, \u0411\u0443\u0458\u0430\u043d\u043e\u0432\u0430\u0446 \u0438 \u041c\u0435\u0434\u0432\u0435\u0452a\",\"alternateName\":\"\u041a\u043e\u043e\u0440\u0434\u0438\u043d\u0430\u0446\u0438\u043e\u043d\u043e \u0442\u0435\u043b\u043e\",\"url\":\"https:\\\/\\\/kt.gov.rs\\\/\",\"logo\":{\"@type\":\"ImageObject\",\"inLanguage\":\"sq-AL\",\"@id\":\"https:\\\/\\\/kt.gov.rs\\\/#\\\/schema\\\/logo\\\/image\\\/\",\"url\":\"https:\\\/\\\/kt.gov.rs\\\/wp-content\\\/uploads\\\/2024\\\/12\\\/koord2.jpg\",\"contentUrl\":\"https:\\\/\\\/kt.gov.rs\\\/wp-content\\\/uploads\\\/2024\\\/12\\\/koord2.jpg\",\"width\":640,\"height\":480,\"caption\":\"\u041a\u043e\u043e\u0440\u0434\u0438\u043d\u0430\u0446\u0438\u043e\u043d\u043e \u0442\u0435\u043b\u043e \u0412\u043b\u0430\u0434\u0435 \u0420\u0435\u043f\u0443\u0431\u043b\u0438\u043a\u0435 \u0421\u0440\u0431\u0438\u0458\u0435 \u0437\u0430 \u043e\u043f\u0448\u0442\u0438\u043d\u0435 \u041f\u0440\u0435\u0448\u0435\u0432\u043e, \u0411\u0443\u0458\u0430\u043d\u043e\u0432\u0430\u0446 \u0438 \u041c\u0435\u0434\u0432\u0435\u0452a\"},\"image\":{\"@id\":\"https:\\\/\\\/kt.gov.rs\\\/#\\\/schema\\\/logo\\\/image\\\/\"},\"sameAs\":[\"https:\\\/\\\/www.facebook.com\\\/SluzbaKoordinacionogTelaVladeRepublikeSrbije\",\"https:\\\/\\\/x.com\\\/kt_gov\",\"https:\\\/\\\/www.youtube.com\\\/@koordinacionotelo\"]},{\"@type\":\"Person\",\"@id\":\"https:\\\/\\\/kt.gov.rs\\\/#\\\/schema\\\/person\\\/e426459ddb4173309103390602694571\",\"name\":\"ktmin\",\"image\":{\"@type\":\"ImageObject\",\"inLanguage\":\"sq-AL\",\"@id\":\"https:\\\/\\\/secure.gravatar.com\\\/avatar\\\/3985c961109853010c3fbc7ba30365bfba5db3dd6c525831d9c595c7525a615a?s=96&d=mm&r=g\",\"url\":\"https:\\\/\\\/secure.gravatar.com\\\/avatar\\\/3985c961109853010c3fbc7ba30365bfba5db3dd6c525831d9c595c7525a615a?s=96&d=mm&r=g\",\"contentUrl\":\"https:\\\/\\\/secure.gravatar.com\\\/avatar\\\/3985c961109853010c3fbc7ba30365bfba5db3dd6c525831d9c595c7525a615a?s=96&d=mm&r=g\",\"caption\":\"ktmin\"},\"sameAs\":[\"https:\\\/\\\/kt.gov.rs\"],\"url\":\"https:\\\/\\\/kt.gov.rs\\\/sq\\\/author\\\/ktmin\\\/\"}]}<\/script>\n<!-- \/ Yoast SEO plugin. -->","yoast_head_json":{"title":"\u00cbSHT\u00cb HAPUR \u201cSOS TELEFONI\u201d P\u00cbR PARAQITJEN E RREZIKIMIT T\u00cb GAZETAR\u00cbVE - Republika e S\u00ebrbis\u00eb Trupi Koordinues p\u00ebr komunat Bujanoc, Preshev\u00eb dhe Medvegj\u00eb","robots":{"index":"index","follow":"follow","max-snippet":"max-snippet:-1","max-image-preview":"max-image-preview:large","max-video-preview":"max-video-preview:-1"},"canonical":"https:\/\/kt.gov.rs\/sq\/eshte-hapur-sos-telefoni-per-paraqitjen-e-rrezikimit-te-gazetareve\/","og_locale":"sq_AL","og_type":"article","og_title":"\u00cbSHT\u00cb HAPUR \u201cSOS TELEFONI\u201d P\u00cbR PARAQITJEN E RREZIKIMIT T\u00cb GAZETAR\u00cbVE - Republika e S\u00ebrbis\u00eb Trupi Koordinues p\u00ebr komunat Bujanoc, Preshev\u00eb dhe Medvegj\u00eb","og_description":"Beograd -\u00a0Gazetar\u00ebt n\u00eb Serbi q\u00eb besojn\u00eb se siguria e tyre \u00ebsht\u00eb e rrezikuar mund ta raportojn\u00eb at\u00eb falas n\u00eb &quot;SOS telefonin&quot; i cili \u00ebsht\u00eb i qasur non-stop (0800 100 115), nga 1 marsi i k\u00ebtij viti.","og_url":"https:\/\/kt.gov.rs\/sq\/eshte-hapur-sos-telefoni-per-paraqitjen-e-rrezikimit-te-gazetareve\/","og_site_name":"Republika e S\u00ebrbis\u00eb Trupi Koordinues p\u00ebr komunat Bujanoc, Preshev\u00eb dhe Medvegj\u00eb","article_publisher":"https:\/\/www.facebook.com\/SluzbaKoordinacionogTelaVladeRepublikeSrbije","article_published_time":"2021-03-04T00:00:00+00:00","article_modified_time":"2024-07-30T18:01:25+00:00","og_image":[{"width":315,"height":230,"url":"https:\/\/kt.gov.rs\/wp-content\/uploads\/2024\/07\/1614849101_040321_1-5.jpg","type":"image\/jpeg"}],"author":"ktmin","twitter_card":"summary_large_image","twitter_creator":"@kt_gov","twitter_site":"@kt_gov","twitter_misc":{"Written by":"ktmin","Est. reading time":"2 minutes"},"schema":{"@context":"https:\/\/schema.org","@graph":[{"@type":"Article","@id":"https:\/\/kt.gov.rs\/sq\/eshte-hapur-sos-telefoni-per-paraqitjen-e-rrezikimit-te-gazetareve\/#article","isPartOf":{"@id":"https:\/\/kt.gov.rs\/sq\/eshte-hapur-sos-telefoni-per-paraqitjen-e-rrezikimit-te-gazetareve\/"},"author":{"name":"ktmin","@id":"https:\/\/kt.gov.rs\/#\/schema\/person\/e426459ddb4173309103390602694571"},"headline":"\u00cbSHT\u00cb HAPUR \u201cSOS TELEFONI\u201d P\u00cbR PARAQITJEN E RREZIKIMIT T\u00cb GAZETAR\u00cbVE","datePublished":"2021-03-04T00:00:00+00:00","dateModified":"2024-07-30T18:01:25+00:00","mainEntityOfPage":{"@id":"https:\/\/kt.gov.rs\/sq\/eshte-hapur-sos-telefoni-per-paraqitjen-e-rrezikimit-te-gazetareve\/"},"wordCount":389,"publisher":{"@id":"https:\/\/kt.gov.rs\/#organization"},"image":{"@id":"https:\/\/kt.gov.rs\/sq\/eshte-hapur-sos-telefoni-per-paraqitjen-e-rrezikimit-te-gazetareve\/#primaryimage"},"thumbnailUrl":"https:\/\/kt.gov.rs\/wp-content\/uploads\/2024\/07\/1614849101_040321_1-5.jpg","articleSection":["Lajme"],"inLanguage":"sq-AL"},{"@type":"WebPage","@id":"https:\/\/kt.gov.rs\/sq\/eshte-hapur-sos-telefoni-per-paraqitjen-e-rrezikimit-te-gazetareve\/","url":"https:\/\/kt.gov.rs\/sq\/eshte-hapur-sos-telefoni-per-paraqitjen-e-rrezikimit-te-gazetareve\/","name":"\u00cbSHT\u00cb HAPUR \u201cSOS TELEFONI\u201d P\u00cbR PARAQITJEN E RREZIKIMIT T\u00cb GAZETAR\u00cbVE - Republika e S\u00ebrbis\u00eb Trupi Koordinues p\u00ebr komunat Bujanoc, Preshev\u00eb dhe Medvegj\u00eb","isPartOf":{"@id":"https:\/\/kt.gov.rs\/#website"},"primaryImageOfPage":{"@id":"https:\/\/kt.gov.rs\/sq\/eshte-hapur-sos-telefoni-per-paraqitjen-e-rrezikimit-te-gazetareve\/#primaryimage"},"image":{"@id":"https:\/\/kt.gov.rs\/sq\/eshte-hapur-sos-telefoni-per-paraqitjen-e-rrezikimit-te-gazetareve\/#primaryimage"},"thumbnailUrl":"https:\/\/kt.gov.rs\/wp-content\/uploads\/2024\/07\/1614849101_040321_1-5.jpg","datePublished":"2021-03-04T00:00:00+00:00","dateModified":"2024-07-30T18:01:25+00:00","breadcrumb":{"@id":"https:\/\/kt.gov.rs\/sq\/eshte-hapur-sos-telefoni-per-paraqitjen-e-rrezikimit-te-gazetareve\/#breadcrumb"},"inLanguage":"sq-AL","potentialAction":[{"@type":"ReadAction","target":["https:\/\/kt.gov.rs\/sq\/eshte-hapur-sos-telefoni-per-paraqitjen-e-rrezikimit-te-gazetareve\/"]}]},{"@type":"ImageObject","inLanguage":"sq-AL","@id":"https:\/\/kt.gov.rs\/sq\/eshte-hapur-sos-telefoni-per-paraqitjen-e-rrezikimit-te-gazetareve\/#primaryimage","url":"https:\/\/kt.gov.rs\/wp-content\/uploads\/2024\/07\/1614849101_040321_1-5.jpg","contentUrl":"https:\/\/kt.gov.rs\/wp-content\/uploads\/2024\/07\/1614849101_040321_1-5.jpg","width":315,"height":230},{"@type":"BreadcrumbList","@id":"https:\/\/kt.gov.rs\/sq\/eshte-hapur-sos-telefoni-per-paraqitjen-e-rrezikimit-te-gazetareve\/#breadcrumb","itemListElement":[{"@type":"ListItem","position":1,"name":"\u041f\u043e\u0447\u0435\u0442\u043d\u0430","item":"https:\/\/kt.gov.rs\/sq\/"},{"@type":"ListItem","position":2,"name":"\u00cbSHT\u00cb HAPUR \u201cSOS TELEFONI\u201d P\u00cbR PARAQITJEN E RREZIKIMIT T\u00cb GAZETAR\u00cbVE"}]},{"@type":"WebSite","@id":"https:\/\/kt.gov.rs\/#website","url":"https:\/\/kt.gov.rs\/","name":"\u041a\u043e\u043e\u0440\u0434\u0438\u043d\u0430\u0446\u0438\u043e\u043d\u043e \u0442\u0435\u043b\u043e \u0412\u043b\u0430\u0434\u0435 \u0420\u0435\u043f\u0443\u0431\u043b\u0438\u043a\u0435 \u0421\u0440\u0431\u0438\u0458\u0435 \u0437\u0430 \u043e\u043f\u0448\u0442\u0438\u043d\u0435 \u041f\u0440\u0435\u0448\u0435\u0432\u043e, \u0411\u0443\u0458\u0430\u043d\u043e\u0432\u0430\u0446 \u0438 \u041c\u0435\u0434\u0432\u0435\u0452a","description":"","publisher":{"@id":"https:\/\/kt.gov.rs\/#organization"},"alternateName":"\u041a\u043e\u043e\u0440\u0434\u0438\u043d\u0430\u0446\u0438\u043e\u043d\u043e \u0442\u0435\u043b\u043e","potentialAction":[{"@type":"SearchAction","target":{"@type":"EntryPoint","urlTemplate":"https:\/\/kt.gov.rs\/?s={search_term_string}"},"query-input":{"@type":"PropertyValueSpecification","valueRequired":true,"valueName":"search_term_string"}}],"inLanguage":"sq-AL"},{"@type":"Organization","@id":"https:\/\/kt.gov.rs\/#organization","name":"\u041a\u043e\u043e\u0440\u0434\u0438\u043d\u0430\u0446\u0438\u043e\u043d\u043e \u0442\u0435\u043b\u043e \u0412\u043b\u0430\u0434\u0435 \u0420\u0435\u043f\u0443\u0431\u043b\u0438\u043a\u0435 \u0421\u0440\u0431\u0438\u0458\u0435 \u0437\u0430 \u043e\u043f\u0448\u0442\u0438\u043d\u0435 \u041f\u0440\u0435\u0448\u0435\u0432\u043e, \u0411\u0443\u0458\u0430\u043d\u043e\u0432\u0430\u0446 \u0438 \u041c\u0435\u0434\u0432\u0435\u0452a","alternateName":"\u041a\u043e\u043e\u0440\u0434\u0438\u043d\u0430\u0446\u0438\u043e\u043d\u043e \u0442\u0435\u043b\u043e","url":"https:\/\/kt.gov.rs\/","logo":{"@type":"ImageObject","inLanguage":"sq-AL","@id":"https:\/\/kt.gov.rs\/#\/schema\/logo\/image\/","url":"https:\/\/kt.gov.rs\/wp-content\/uploads\/2024\/12\/koord2.jpg","contentUrl":"https:\/\/kt.gov.rs\/wp-content\/uploads\/2024\/12\/koord2.jpg","width":640,"height":480,"caption":"\u041a\u043e\u043e\u0440\u0434\u0438\u043d\u0430\u0446\u0438\u043e\u043d\u043e \u0442\u0435\u043b\u043e \u0412\u043b\u0430\u0434\u0435 \u0420\u0435\u043f\u0443\u0431\u043b\u0438\u043a\u0435 \u0421\u0440\u0431\u0438\u0458\u0435 \u0437\u0430 \u043e\u043f\u0448\u0442\u0438\u043d\u0435 \u041f\u0440\u0435\u0448\u0435\u0432\u043e, \u0411\u0443\u0458\u0430\u043d\u043e\u0432\u0430\u0446 \u0438 \u041c\u0435\u0434\u0432\u0435\u0452a"},"image":{"@id":"https:\/\/kt.gov.rs\/#\/schema\/logo\/image\/"},"sameAs":["https:\/\/www.facebook.com\/SluzbaKoordinacionogTelaVladeRepublikeSrbije","https:\/\/x.com\/kt_gov","https:\/\/www.youtube.com\/@koordinacionotelo"]},{"@type":"Person","@id":"https:\/\/kt.gov.rs\/#\/schema\/person\/e426459ddb4173309103390602694571","name":"ktmin","image":{"@type":"ImageObject","inLanguage":"sq-AL","@id":"https:\/\/secure.gravatar.com\/avatar\/3985c961109853010c3fbc7ba30365bfba5db3dd6c525831d9c595c7525a615a?s=96&d=mm&r=g","url":"https:\/\/secure.gravatar.com\/avatar\/3985c961109853010c3fbc7ba30365bfba5db3dd6c525831d9c595c7525a615a?s=96&d=mm&r=g","contentUrl":"https:\/\/secure.gravatar.com\/avatar\/3985c961109853010c3fbc7ba30365bfba5db3dd6c525831d9c595c7525a615a?s=96&d=mm&r=g","caption":"ktmin"},"sameAs":["https:\/\/kt.gov.rs"],"url":"https:\/\/kt.gov.rs\/sq\/author\/ktmin\/"}]}},"_links":{"self":[{"href":"https:\/\/kt.gov.rs\/sq\/wp-json\/wp\/v2\/posts\/110468","targetHints":{"allow":["GET"]}}],"collection":[{"href":"https:\/\/kt.gov.rs\/sq\/wp-json\/wp\/v2\/posts"}],"about":[{"href":"https:\/\/kt.gov.rs\/sq\/wp-json\/wp\/v2\/types\/post"}],"author":[{"embeddable":true,"href":"https:\/\/kt.gov.rs\/sq\/wp-json\/wp\/v2\/users\/1"}],"replies":[{"embeddable":true,"href":"https:\/\/kt.gov.rs\/sq\/wp-json\/wp\/v2\/comments?post=110468"}],"version-history":[{"count":1,"href":"https:\/\/kt.gov.rs\/sq\/wp-json\/wp\/v2\/posts\/110468\/revisions"}],"predecessor-version":[{"id":110472,"href":"https:\/\/kt.gov.rs\/sq\/wp-json\/wp\/v2\/posts\/110468\/revisions\/110472"}],"wp:featuredmedia":[{"embeddable":true,"href":"https:\/\/kt.gov.rs\/sq\/wp-json\/wp\/v2\/media\/110473"}],"wp:attachment":[{"href":"https:\/\/kt.gov.rs\/sq\/wp-json\/wp\/v2\/media?parent=110468"}],"wp:term":[{"taxonomy":"category","embeddable":true,"href":"https:\/\/kt.gov.rs\/sq\/wp-json\/wp\/v2\/categories?post=110468"},{"taxonomy":"post_tag","embeddable":true,"href":"https:\/\/kt.gov.rs\/sq\/wp-json\/wp\/v2\/tags?post=110468"}],"curies":[{"name":"wp","href":"https:\/\/api.w.org\/{rel}","templated":true}]}}