{"id":110396,"date":"2021-03-08T00:00:00","date_gmt":"2021-03-08T00:00:00","guid":{"rendered":"http:\/\/kt.printandscreen.rs\/baja-e-sijarines-qender-spa-nga-koha-e-romakeve-te-lashte\/"},"modified":"2024-07-30T18:01:18","modified_gmt":"2024-07-30T18:01:18","slug":"baja-e-sijarines-qender-spa-nga-koha-e-romakeve-te-lashte","status":"publish","type":"post","link":"https:\/\/kt.gov.rs\/sq\/baja-e-sijarines-qender-spa-nga-koha-e-romakeve-te-lashte\/","title":{"rendered":"BAJA E SIJARIN\u00cbS: QEND\u00cbR SPA NGA KOHA E ROMAK\u00cbVE T\u00cb LASHT\u00cb"},"content":{"rendered":"<p>\n\t<strong><img decoding=\"async\" alt=\"\" src=\"https:\/\/kt.gov.rs\/wp-content\/uploads\/2024\/07\/1615201021_080321_3-4.jpg\" style=\"width: 315px; height: 230px; float: left;\" \/>Medvegj\u00eb<\/strong> \u2013 N\u00ebse pandemia k\u00ebt\u00eb ver\u00eb e lejon at\u00eb, p\u00ebrve\u00e7 larjes n\u00ebn Gejzera n\u00eb Baj\u00ebn e Sijarin\u00ebs, p\u00ebr her\u00eb t\u00eb par\u00eb k\u00ebt\u00eb vit do t\u00eb jeni n\u00eb gjendje t\u00eb shijoni qendr\u00ebn moderne t\u00eb Wellness Sijarina, e cila do t&#39;ju kthej\u00eb n\u00eb Rom\u00ebn e lasht\u00eb me dizajni e saj\u00eb.<\/p>\n<p>\n\t.Zona e baj\u00ebs shtrihet me rreth 300 metra katror\u00eb. P\u00ebrb\u00ebhet nga dy pjes\u00eb, nj\u00eb zon\u00eb e lag\u00ebsht ose spa, n\u00eb t\u00eb cil\u00ebn ka nj\u00eb pishin\u00eb rekreative me uj\u00eb mineral, si dhe sauna dhe nj\u00eb mini plazh, dhe nj\u00eb pjes\u00eb t\u00eb that\u00eb, n\u00eb t\u00eb cil\u00ebn ka dhoma masazhesh, dhoma kripe, por edhe dhoma p\u00ebr trajtimet e fytyr\u00ebs dhe trupit.<\/p>\n<p>\n\tFaza e par\u00eb e nd\u00ebrtimit t\u00eb qendr\u00ebs Spa ka p\u00ebrfunduar plot\u00ebsisht, dhe faza e dyt\u00eb s\u00eb shpejti do t\u00eb p\u00ebrfundoj\u00eb, tha presidenti i komun\u00ebs s\u00eb Medvegj\u00ebs, Nebojsha Arsic.<\/p>\n<p>\n\t&quot;Faza e dyt\u00eb do t\u00eb filloj\u00eb s\u00eb shpejti, kur ne do t\u00eb vazhdojm\u00eb rind\u00ebrtimin e pishin\u00ebs q\u00eb tashm\u00eb ekziston brenda hotelit, nd\u00ebrsa hapja e qendr\u00ebs Spa varet nga situata epidemiologjike,&quot; tha Arsi\u0107.<\/p>\n<p>\n\tAi shtoi se hapja e k\u00ebsaj qendre Spa do ta b\u00ebj\u00eb q\u00eb baja e\u00a0 Sijarin\u00ebs do t\u00eb radhitet nj\u00eb nga destinacionet m\u00eb moderne t\u00eb llixhave, i cili do t\u00eb t\u00ebrheq\u00eb v\u00ebmendjen e shum\u00eb turist\u00ebve.<\/p>\n<p>\n\t\u00a0\u201cFillimi i pun\u00ebs varet nga zhvillimi i m\u00ebtejsh\u00ebm i situat\u00ebs epidemiologjike n\u00eb komun\u00ebn ton\u00eb, dhe n\u00eb fillim do t\u00eb p\u00ebrdoret nga mysafir\u00ebt e hotelit. P\u00ebrgatitjet p\u00ebr sezonin e ardhsh\u00ebm turistik kan\u00eb filluar dhe ata po punojn\u00eb p\u00ebr rregullimin e kapaciteteve akomoduese dhe fasad\u00ebs s\u00eb vet\u00eb institucionit, si dhe zonave t\u00eb parkut dhe hap\u00ebsirave p\u00ebrreth pishinave rekreative, &quot;tha Milo\u0161 Filipovi\u0107, i cili \u00ebsht\u00eb p\u00ebrgjegj\u00ebs p\u00ebr publikun mar\u00ebdh\u00ebniet n\u00eb Spitalin Special \u201cGejzer\u201d.<\/p>\n<p>\n\tFaza e par\u00eb e punimeve kushtoi 18 milion dinar\u00eb. Fondet u siguruan nga Ministria e tregtis\u00eb, turizmit dhe telekomunikacionit, e cila ve\u00e7oi 10 milion dinar\u00eb p\u00ebr k\u00ebt\u00eb projekt dhe Spitali Special p\u00ebr Rehabilitimin &quot;Gejzer&quot;, i cili financoi nd\u00ebrtimin me 8 milion dinar\u00eb nga burimet e veta. Nd\u00ebrsa 12 milion dinar\u00eb jan\u00eb caktuar p\u00ebr faz\u00ebn e dyt\u00eb.<\/p>\n<p>\n\tNj\u00eb lajm tjet\u00ebr i mir\u00eb \u00ebsht\u00eb se Ministria e ekonomis\u00eb ka miratuar 70 milion dinar\u00eb p\u00ebr rind\u00ebrtimin e baj\u00ebs romake n\u00eb Baj\u00eb t\u00eb Sijarin\u00ebs dhe punimet sipas fjal\u00ebve t\u00eb kryetarit t\u00eb Medvegj\u00ebs Arsi\u0107, do t\u00eb fillojn\u00eb k\u00ebt\u00eb vit.<\/p>\n<p>\n\t<strong>Burimi: Jugmedia dhe Trupi koordinues<\/strong><\/p>\n<p>\n\t\u00a0<\/p>\n","protected":false},"excerpt":{"rendered":"<p>Medvegj\u00eb\u00a0\u2013 N\u00ebse pandemia k\u00ebt\u00eb ver\u00eb e lejon at\u00eb, p\u00ebrve\u00e7 larjes n\u00ebn Gejzera n\u00eb Baj\u00ebn e Sijarin\u00ebs, p\u00ebr her\u00eb t\u00eb par\u00eb k\u00ebt\u00eb vit do t\u00eb jeni n\u00eb gjendje t\u00eb shijoni qendr\u00ebn moderne t\u00eb Wellness Sijarina, e cila do t&#39;ju kthej\u00eb n\u00eb Rom\u00ebn e lasht\u00eb me dizajni e saj\u00eb.<\/p>\n","protected":false},"author":1,"featured_media":110401,"comment_status":"closed","ping_status":"closed","sticky":false,"template":"","format":"standard","meta":{"footnotes":""},"categories":[55],"tags":[],"class_list":["post-110396","post","type-post","status-publish","format-standard","has-post-thumbnail","hentry","category-lajme"],"yoast_head":"<!-- This site is optimized with the Yoast SEO plugin v27.5 - https:\/\/yoast.com\/product\/yoast-seo-wordpress\/ -->\n<title>BAJA E SIJARIN\u00cbS: QEND\u00cbR SPA NGA KOHA E ROMAK\u00cbVE T\u00cb LASHT\u00cb - Republika e S\u00ebrbis\u00eb Trupi Koordinues p\u00ebr komunat Bujanoc, Preshev\u00eb dhe Medvegj\u00eb<\/title>\n<meta name=\"robots\" content=\"index, follow, max-snippet:-1, max-image-preview:large, max-video-preview:-1\" \/>\n<link rel=\"canonical\" href=\"https:\/\/kt.gov.rs\/sq\/baja-e-sijarines-qender-spa-nga-koha-e-romakeve-te-lashte\/\" \/>\n<meta property=\"og:locale\" content=\"sq_AL\" \/>\n<meta property=\"og:type\" content=\"article\" \/>\n<meta property=\"og:title\" content=\"BAJA E SIJARIN\u00cbS: QEND\u00cbR SPA NGA KOHA E ROMAK\u00cbVE T\u00cb LASHT\u00cb - Republika e S\u00ebrbis\u00eb Trupi Koordinues p\u00ebr komunat Bujanoc, Preshev\u00eb dhe Medvegj\u00eb\" \/>\n<meta property=\"og:description\" content=\"Medvegj\u00eb\u00a0- N\u00ebse pandemia k\u00ebt\u00eb ver\u00eb e lejon at\u00eb, p\u00ebrve\u00e7 larjes n\u00ebn Gejzera n\u00eb Baj\u00ebn e Sijarin\u00ebs, p\u00ebr her\u00eb t\u00eb par\u00eb k\u00ebt\u00eb vit do t\u00eb jeni n\u00eb gjendje t\u00eb shijoni qendr\u00ebn moderne t\u00eb Wellness Sijarina, e cila do t&#039;ju kthej\u00eb n\u00eb Rom\u00ebn e lasht\u00eb me dizajni e saj\u00eb.\" \/>\n<meta property=\"og:url\" content=\"https:\/\/kt.gov.rs\/sq\/baja-e-sijarines-qender-spa-nga-koha-e-romakeve-te-lashte\/\" \/>\n<meta property=\"og:site_name\" content=\"Republika e S\u00ebrbis\u00eb Trupi Koordinues p\u00ebr komunat Bujanoc, Preshev\u00eb dhe Medvegj\u00eb\" \/>\n<meta property=\"article:publisher\" content=\"https:\/\/www.facebook.com\/SluzbaKoordinacionogTelaVladeRepublikeSrbije\" \/>\n<meta property=\"article:published_time\" content=\"2021-03-08T00:00:00+00:00\" \/>\n<meta property=\"article:modified_time\" content=\"2024-07-30T18:01:18+00:00\" \/>\n<meta property=\"og:image\" content=\"https:\/\/kt.gov.rs\/wp-content\/uploads\/2024\/07\/1615201021_080321_3-5.jpg\" \/>\n\t<meta property=\"og:image:width\" content=\"315\" \/>\n\t<meta property=\"og:image:height\" content=\"230\" \/>\n\t<meta property=\"og:image:type\" content=\"image\/jpeg\" \/>\n<meta name=\"author\" content=\"ktmin\" \/>\n<meta name=\"twitter:card\" content=\"summary_large_image\" \/>\n<meta name=\"twitter:creator\" content=\"@kt_gov\" \/>\n<meta name=\"twitter:site\" content=\"@kt_gov\" \/>\n<meta name=\"twitter:label1\" content=\"Written by\" \/>\n\t<meta name=\"twitter:data1\" content=\"ktmin\" \/>\n\t<meta name=\"twitter:label2\" content=\"Est. reading time\" \/>\n\t<meta name=\"twitter:data2\" content=\"3 minutes\" \/>\n<script type=\"application\/ld+json\" class=\"yoast-schema-graph\">{\"@context\":\"https:\\\/\\\/schema.org\",\"@graph\":[{\"@type\":\"Article\",\"@id\":\"https:\\\/\\\/kt.gov.rs\\\/sq\\\/baja-e-sijarines-qender-spa-nga-koha-e-romakeve-te-lashte\\\/#article\",\"isPartOf\":{\"@id\":\"https:\\\/\\\/kt.gov.rs\\\/sq\\\/baja-e-sijarines-qender-spa-nga-koha-e-romakeve-te-lashte\\\/\"},\"author\":{\"name\":\"ktmin\",\"@id\":\"https:\\\/\\\/kt.gov.rs\\\/#\\\/schema\\\/person\\\/e426459ddb4173309103390602694571\"},\"headline\":\"BAJA E SIJARIN\u00cbS: QEND\u00cbR SPA NGA KOHA E ROMAK\u00cbVE T\u00cb LASHT\u00cb\",\"datePublished\":\"2021-03-08T00:00:00+00:00\",\"dateModified\":\"2024-07-30T18:01:18+00:00\",\"mainEntityOfPage\":{\"@id\":\"https:\\\/\\\/kt.gov.rs\\\/sq\\\/baja-e-sijarines-qender-spa-nga-koha-e-romakeve-te-lashte\\\/\"},\"wordCount\":623,\"publisher\":{\"@id\":\"https:\\\/\\\/kt.gov.rs\\\/#organization\"},\"image\":{\"@id\":\"https:\\\/\\\/kt.gov.rs\\\/sq\\\/baja-e-sijarines-qender-spa-nga-koha-e-romakeve-te-lashte\\\/#primaryimage\"},\"thumbnailUrl\":\"https:\\\/\\\/kt.gov.rs\\\/wp-content\\\/uploads\\\/2024\\\/07\\\/1615201021_080321_3-5.jpg\",\"articleSection\":[\"Lajme\"],\"inLanguage\":\"sq-AL\"},{\"@type\":\"WebPage\",\"@id\":\"https:\\\/\\\/kt.gov.rs\\\/sq\\\/baja-e-sijarines-qender-spa-nga-koha-e-romakeve-te-lashte\\\/\",\"url\":\"https:\\\/\\\/kt.gov.rs\\\/sq\\\/baja-e-sijarines-qender-spa-nga-koha-e-romakeve-te-lashte\\\/\",\"name\":\"BAJA E SIJARIN\u00cbS: QEND\u00cbR SPA NGA KOHA E ROMAK\u00cbVE T\u00cb LASHT\u00cb - Republika e S\u00ebrbis\u00eb Trupi Koordinues p\u00ebr komunat Bujanoc, Preshev\u00eb dhe Medvegj\u00eb\",\"isPartOf\":{\"@id\":\"https:\\\/\\\/kt.gov.rs\\\/#website\"},\"primaryImageOfPage\":{\"@id\":\"https:\\\/\\\/kt.gov.rs\\\/sq\\\/baja-e-sijarines-qender-spa-nga-koha-e-romakeve-te-lashte\\\/#primaryimage\"},\"image\":{\"@id\":\"https:\\\/\\\/kt.gov.rs\\\/sq\\\/baja-e-sijarines-qender-spa-nga-koha-e-romakeve-te-lashte\\\/#primaryimage\"},\"thumbnailUrl\":\"https:\\\/\\\/kt.gov.rs\\\/wp-content\\\/uploads\\\/2024\\\/07\\\/1615201021_080321_3-5.jpg\",\"datePublished\":\"2021-03-08T00:00:00+00:00\",\"dateModified\":\"2024-07-30T18:01:18+00:00\",\"breadcrumb\":{\"@id\":\"https:\\\/\\\/kt.gov.rs\\\/sq\\\/baja-e-sijarines-qender-spa-nga-koha-e-romakeve-te-lashte\\\/#breadcrumb\"},\"inLanguage\":\"sq-AL\",\"potentialAction\":[{\"@type\":\"ReadAction\",\"target\":[\"https:\\\/\\\/kt.gov.rs\\\/sq\\\/baja-e-sijarines-qender-spa-nga-koha-e-romakeve-te-lashte\\\/\"]}]},{\"@type\":\"ImageObject\",\"inLanguage\":\"sq-AL\",\"@id\":\"https:\\\/\\\/kt.gov.rs\\\/sq\\\/baja-e-sijarines-qender-spa-nga-koha-e-romakeve-te-lashte\\\/#primaryimage\",\"url\":\"https:\\\/\\\/kt.gov.rs\\\/wp-content\\\/uploads\\\/2024\\\/07\\\/1615201021_080321_3-5.jpg\",\"contentUrl\":\"https:\\\/\\\/kt.gov.rs\\\/wp-content\\\/uploads\\\/2024\\\/07\\\/1615201021_080321_3-5.jpg\",\"width\":315,\"height\":230},{\"@type\":\"BreadcrumbList\",\"@id\":\"https:\\\/\\\/kt.gov.rs\\\/sq\\\/baja-e-sijarines-qender-spa-nga-koha-e-romakeve-te-lashte\\\/#breadcrumb\",\"itemListElement\":[{\"@type\":\"ListItem\",\"position\":1,\"name\":\"\u041f\u043e\u0447\u0435\u0442\u043d\u0430\",\"item\":\"https:\\\/\\\/kt.gov.rs\\\/sq\\\/\"},{\"@type\":\"ListItem\",\"position\":2,\"name\":\"BAJA E SIJARIN\u00cbS: QEND\u00cbR SPA NGA KOHA E ROMAK\u00cbVE T\u00cb LASHT\u00cb\"}]},{\"@type\":\"WebSite\",\"@id\":\"https:\\\/\\\/kt.gov.rs\\\/#website\",\"url\":\"https:\\\/\\\/kt.gov.rs\\\/\",\"name\":\"\u041a\u043e\u043e\u0440\u0434\u0438\u043d\u0430\u0446\u0438\u043e\u043d\u043e \u0442\u0435\u043b\u043e \u0412\u043b\u0430\u0434\u0435 \u0420\u0435\u043f\u0443\u0431\u043b\u0438\u043a\u0435 \u0421\u0440\u0431\u0438\u0458\u0435 \u0437\u0430 \u043e\u043f\u0448\u0442\u0438\u043d\u0435 \u041f\u0440\u0435\u0448\u0435\u0432\u043e, \u0411\u0443\u0458\u0430\u043d\u043e\u0432\u0430\u0446 \u0438 \u041c\u0435\u0434\u0432\u0435\u0452a\",\"description\":\"\",\"publisher\":{\"@id\":\"https:\\\/\\\/kt.gov.rs\\\/#organization\"},\"alternateName\":\"\u041a\u043e\u043e\u0440\u0434\u0438\u043d\u0430\u0446\u0438\u043e\u043d\u043e \u0442\u0435\u043b\u043e\",\"potentialAction\":[{\"@type\":\"SearchAction\",\"target\":{\"@type\":\"EntryPoint\",\"urlTemplate\":\"https:\\\/\\\/kt.gov.rs\\\/?s={search_term_string}\"},\"query-input\":{\"@type\":\"PropertyValueSpecification\",\"valueRequired\":true,\"valueName\":\"search_term_string\"}}],\"inLanguage\":\"sq-AL\"},{\"@type\":\"Organization\",\"@id\":\"https:\\\/\\\/kt.gov.rs\\\/#organization\",\"name\":\"\u041a\u043e\u043e\u0440\u0434\u0438\u043d\u0430\u0446\u0438\u043e\u043d\u043e \u0442\u0435\u043b\u043e \u0412\u043b\u0430\u0434\u0435 \u0420\u0435\u043f\u0443\u0431\u043b\u0438\u043a\u0435 \u0421\u0440\u0431\u0438\u0458\u0435 \u0437\u0430 \u043e\u043f\u0448\u0442\u0438\u043d\u0435 \u041f\u0440\u0435\u0448\u0435\u0432\u043e, \u0411\u0443\u0458\u0430\u043d\u043e\u0432\u0430\u0446 \u0438 \u041c\u0435\u0434\u0432\u0435\u0452a\",\"alternateName\":\"\u041a\u043e\u043e\u0440\u0434\u0438\u043d\u0430\u0446\u0438\u043e\u043d\u043e \u0442\u0435\u043b\u043e\",\"url\":\"https:\\\/\\\/kt.gov.rs\\\/\",\"logo\":{\"@type\":\"ImageObject\",\"inLanguage\":\"sq-AL\",\"@id\":\"https:\\\/\\\/kt.gov.rs\\\/#\\\/schema\\\/logo\\\/image\\\/\",\"url\":\"https:\\\/\\\/kt.gov.rs\\\/wp-content\\\/uploads\\\/2024\\\/12\\\/koord2.jpg\",\"contentUrl\":\"https:\\\/\\\/kt.gov.rs\\\/wp-content\\\/uploads\\\/2024\\\/12\\\/koord2.jpg\",\"width\":640,\"height\":480,\"caption\":\"\u041a\u043e\u043e\u0440\u0434\u0438\u043d\u0430\u0446\u0438\u043e\u043d\u043e \u0442\u0435\u043b\u043e \u0412\u043b\u0430\u0434\u0435 \u0420\u0435\u043f\u0443\u0431\u043b\u0438\u043a\u0435 \u0421\u0440\u0431\u0438\u0458\u0435 \u0437\u0430 \u043e\u043f\u0448\u0442\u0438\u043d\u0435 \u041f\u0440\u0435\u0448\u0435\u0432\u043e, \u0411\u0443\u0458\u0430\u043d\u043e\u0432\u0430\u0446 \u0438 \u041c\u0435\u0434\u0432\u0435\u0452a\"},\"image\":{\"@id\":\"https:\\\/\\\/kt.gov.rs\\\/#\\\/schema\\\/logo\\\/image\\\/\"},\"sameAs\":[\"https:\\\/\\\/www.facebook.com\\\/SluzbaKoordinacionogTelaVladeRepublikeSrbije\",\"https:\\\/\\\/x.com\\\/kt_gov\",\"https:\\\/\\\/www.youtube.com\\\/@koordinacionotelo\"]},{\"@type\":\"Person\",\"@id\":\"https:\\\/\\\/kt.gov.rs\\\/#\\\/schema\\\/person\\\/e426459ddb4173309103390602694571\",\"name\":\"ktmin\",\"image\":{\"@type\":\"ImageObject\",\"inLanguage\":\"sq-AL\",\"@id\":\"https:\\\/\\\/secure.gravatar.com\\\/avatar\\\/3985c961109853010c3fbc7ba30365bfba5db3dd6c525831d9c595c7525a615a?s=96&d=mm&r=g\",\"url\":\"https:\\\/\\\/secure.gravatar.com\\\/avatar\\\/3985c961109853010c3fbc7ba30365bfba5db3dd6c525831d9c595c7525a615a?s=96&d=mm&r=g\",\"contentUrl\":\"https:\\\/\\\/secure.gravatar.com\\\/avatar\\\/3985c961109853010c3fbc7ba30365bfba5db3dd6c525831d9c595c7525a615a?s=96&d=mm&r=g\",\"caption\":\"ktmin\"},\"sameAs\":[\"https:\\\/\\\/kt.gov.rs\"],\"url\":\"https:\\\/\\\/kt.gov.rs\\\/sq\\\/author\\\/ktmin\\\/\"}]}<\/script>\n<!-- \/ Yoast SEO plugin. -->","yoast_head_json":{"title":"BAJA E SIJARIN\u00cbS: QEND\u00cbR SPA NGA KOHA E ROMAK\u00cbVE T\u00cb LASHT\u00cb - Republika e S\u00ebrbis\u00eb Trupi Koordinues p\u00ebr komunat Bujanoc, Preshev\u00eb dhe Medvegj\u00eb","robots":{"index":"index","follow":"follow","max-snippet":"max-snippet:-1","max-image-preview":"max-image-preview:large","max-video-preview":"max-video-preview:-1"},"canonical":"https:\/\/kt.gov.rs\/sq\/baja-e-sijarines-qender-spa-nga-koha-e-romakeve-te-lashte\/","og_locale":"sq_AL","og_type":"article","og_title":"BAJA E SIJARIN\u00cbS: QEND\u00cbR SPA NGA KOHA E ROMAK\u00cbVE T\u00cb LASHT\u00cb - Republika e S\u00ebrbis\u00eb Trupi Koordinues p\u00ebr komunat Bujanoc, Preshev\u00eb dhe Medvegj\u00eb","og_description":"Medvegj\u00eb\u00a0- N\u00ebse pandemia k\u00ebt\u00eb ver\u00eb e lejon at\u00eb, p\u00ebrve\u00e7 larjes n\u00ebn Gejzera n\u00eb Baj\u00ebn e Sijarin\u00ebs, p\u00ebr her\u00eb t\u00eb par\u00eb k\u00ebt\u00eb vit do t\u00eb jeni n\u00eb gjendje t\u00eb shijoni qendr\u00ebn moderne t\u00eb Wellness Sijarina, e cila do t&#39;ju kthej\u00eb n\u00eb Rom\u00ebn e lasht\u00eb me dizajni e saj\u00eb.","og_url":"https:\/\/kt.gov.rs\/sq\/baja-e-sijarines-qender-spa-nga-koha-e-romakeve-te-lashte\/","og_site_name":"Republika e S\u00ebrbis\u00eb Trupi Koordinues p\u00ebr komunat Bujanoc, Preshev\u00eb dhe Medvegj\u00eb","article_publisher":"https:\/\/www.facebook.com\/SluzbaKoordinacionogTelaVladeRepublikeSrbije","article_published_time":"2021-03-08T00:00:00+00:00","article_modified_time":"2024-07-30T18:01:18+00:00","og_image":[{"width":315,"height":230,"url":"https:\/\/kt.gov.rs\/wp-content\/uploads\/2024\/07\/1615201021_080321_3-5.jpg","type":"image\/jpeg"}],"author":"ktmin","twitter_card":"summary_large_image","twitter_creator":"@kt_gov","twitter_site":"@kt_gov","twitter_misc":{"Written by":"ktmin","Est. reading time":"3 minutes"},"schema":{"@context":"https:\/\/schema.org","@graph":[{"@type":"Article","@id":"https:\/\/kt.gov.rs\/sq\/baja-e-sijarines-qender-spa-nga-koha-e-romakeve-te-lashte\/#article","isPartOf":{"@id":"https:\/\/kt.gov.rs\/sq\/baja-e-sijarines-qender-spa-nga-koha-e-romakeve-te-lashte\/"},"author":{"name":"ktmin","@id":"https:\/\/kt.gov.rs\/#\/schema\/person\/e426459ddb4173309103390602694571"},"headline":"BAJA E SIJARIN\u00cbS: QEND\u00cbR SPA NGA KOHA E ROMAK\u00cbVE T\u00cb LASHT\u00cb","datePublished":"2021-03-08T00:00:00+00:00","dateModified":"2024-07-30T18:01:18+00:00","mainEntityOfPage":{"@id":"https:\/\/kt.gov.rs\/sq\/baja-e-sijarines-qender-spa-nga-koha-e-romakeve-te-lashte\/"},"wordCount":623,"publisher":{"@id":"https:\/\/kt.gov.rs\/#organization"},"image":{"@id":"https:\/\/kt.gov.rs\/sq\/baja-e-sijarines-qender-spa-nga-koha-e-romakeve-te-lashte\/#primaryimage"},"thumbnailUrl":"https:\/\/kt.gov.rs\/wp-content\/uploads\/2024\/07\/1615201021_080321_3-5.jpg","articleSection":["Lajme"],"inLanguage":"sq-AL"},{"@type":"WebPage","@id":"https:\/\/kt.gov.rs\/sq\/baja-e-sijarines-qender-spa-nga-koha-e-romakeve-te-lashte\/","url":"https:\/\/kt.gov.rs\/sq\/baja-e-sijarines-qender-spa-nga-koha-e-romakeve-te-lashte\/","name":"BAJA E SIJARIN\u00cbS: QEND\u00cbR SPA NGA KOHA E ROMAK\u00cbVE T\u00cb LASHT\u00cb - Republika e S\u00ebrbis\u00eb Trupi Koordinues p\u00ebr komunat Bujanoc, Preshev\u00eb dhe Medvegj\u00eb","isPartOf":{"@id":"https:\/\/kt.gov.rs\/#website"},"primaryImageOfPage":{"@id":"https:\/\/kt.gov.rs\/sq\/baja-e-sijarines-qender-spa-nga-koha-e-romakeve-te-lashte\/#primaryimage"},"image":{"@id":"https:\/\/kt.gov.rs\/sq\/baja-e-sijarines-qender-spa-nga-koha-e-romakeve-te-lashte\/#primaryimage"},"thumbnailUrl":"https:\/\/kt.gov.rs\/wp-content\/uploads\/2024\/07\/1615201021_080321_3-5.jpg","datePublished":"2021-03-08T00:00:00+00:00","dateModified":"2024-07-30T18:01:18+00:00","breadcrumb":{"@id":"https:\/\/kt.gov.rs\/sq\/baja-e-sijarines-qender-spa-nga-koha-e-romakeve-te-lashte\/#breadcrumb"},"inLanguage":"sq-AL","potentialAction":[{"@type":"ReadAction","target":["https:\/\/kt.gov.rs\/sq\/baja-e-sijarines-qender-spa-nga-koha-e-romakeve-te-lashte\/"]}]},{"@type":"ImageObject","inLanguage":"sq-AL","@id":"https:\/\/kt.gov.rs\/sq\/baja-e-sijarines-qender-spa-nga-koha-e-romakeve-te-lashte\/#primaryimage","url":"https:\/\/kt.gov.rs\/wp-content\/uploads\/2024\/07\/1615201021_080321_3-5.jpg","contentUrl":"https:\/\/kt.gov.rs\/wp-content\/uploads\/2024\/07\/1615201021_080321_3-5.jpg","width":315,"height":230},{"@type":"BreadcrumbList","@id":"https:\/\/kt.gov.rs\/sq\/baja-e-sijarines-qender-spa-nga-koha-e-romakeve-te-lashte\/#breadcrumb","itemListElement":[{"@type":"ListItem","position":1,"name":"\u041f\u043e\u0447\u0435\u0442\u043d\u0430","item":"https:\/\/kt.gov.rs\/sq\/"},{"@type":"ListItem","position":2,"name":"BAJA E SIJARIN\u00cbS: QEND\u00cbR SPA NGA KOHA E ROMAK\u00cbVE T\u00cb LASHT\u00cb"}]},{"@type":"WebSite","@id":"https:\/\/kt.gov.rs\/#website","url":"https:\/\/kt.gov.rs\/","name":"\u041a\u043e\u043e\u0440\u0434\u0438\u043d\u0430\u0446\u0438\u043e\u043d\u043e \u0442\u0435\u043b\u043e \u0412\u043b\u0430\u0434\u0435 \u0420\u0435\u043f\u0443\u0431\u043b\u0438\u043a\u0435 \u0421\u0440\u0431\u0438\u0458\u0435 \u0437\u0430 \u043e\u043f\u0448\u0442\u0438\u043d\u0435 \u041f\u0440\u0435\u0448\u0435\u0432\u043e, \u0411\u0443\u0458\u0430\u043d\u043e\u0432\u0430\u0446 \u0438 \u041c\u0435\u0434\u0432\u0435\u0452a","description":"","publisher":{"@id":"https:\/\/kt.gov.rs\/#organization"},"alternateName":"\u041a\u043e\u043e\u0440\u0434\u0438\u043d\u0430\u0446\u0438\u043e\u043d\u043e \u0442\u0435\u043b\u043e","potentialAction":[{"@type":"SearchAction","target":{"@type":"EntryPoint","urlTemplate":"https:\/\/kt.gov.rs\/?s={search_term_string}"},"query-input":{"@type":"PropertyValueSpecification","valueRequired":true,"valueName":"search_term_string"}}],"inLanguage":"sq-AL"},{"@type":"Organization","@id":"https:\/\/kt.gov.rs\/#organization","name":"\u041a\u043e\u043e\u0440\u0434\u0438\u043d\u0430\u0446\u0438\u043e\u043d\u043e \u0442\u0435\u043b\u043e \u0412\u043b\u0430\u0434\u0435 \u0420\u0435\u043f\u0443\u0431\u043b\u0438\u043a\u0435 \u0421\u0440\u0431\u0438\u0458\u0435 \u0437\u0430 \u043e\u043f\u0448\u0442\u0438\u043d\u0435 \u041f\u0440\u0435\u0448\u0435\u0432\u043e, \u0411\u0443\u0458\u0430\u043d\u043e\u0432\u0430\u0446 \u0438 \u041c\u0435\u0434\u0432\u0435\u0452a","alternateName":"\u041a\u043e\u043e\u0440\u0434\u0438\u043d\u0430\u0446\u0438\u043e\u043d\u043e \u0442\u0435\u043b\u043e","url":"https:\/\/kt.gov.rs\/","logo":{"@type":"ImageObject","inLanguage":"sq-AL","@id":"https:\/\/kt.gov.rs\/#\/schema\/logo\/image\/","url":"https:\/\/kt.gov.rs\/wp-content\/uploads\/2024\/12\/koord2.jpg","contentUrl":"https:\/\/kt.gov.rs\/wp-content\/uploads\/2024\/12\/koord2.jpg","width":640,"height":480,"caption":"\u041a\u043e\u043e\u0440\u0434\u0438\u043d\u0430\u0446\u0438\u043e\u043d\u043e \u0442\u0435\u043b\u043e \u0412\u043b\u0430\u0434\u0435 \u0420\u0435\u043f\u0443\u0431\u043b\u0438\u043a\u0435 \u0421\u0440\u0431\u0438\u0458\u0435 \u0437\u0430 \u043e\u043f\u0448\u0442\u0438\u043d\u0435 \u041f\u0440\u0435\u0448\u0435\u0432\u043e, \u0411\u0443\u0458\u0430\u043d\u043e\u0432\u0430\u0446 \u0438 \u041c\u0435\u0434\u0432\u0435\u0452a"},"image":{"@id":"https:\/\/kt.gov.rs\/#\/schema\/logo\/image\/"},"sameAs":["https:\/\/www.facebook.com\/SluzbaKoordinacionogTelaVladeRepublikeSrbije","https:\/\/x.com\/kt_gov","https:\/\/www.youtube.com\/@koordinacionotelo"]},{"@type":"Person","@id":"https:\/\/kt.gov.rs\/#\/schema\/person\/e426459ddb4173309103390602694571","name":"ktmin","image":{"@type":"ImageObject","inLanguage":"sq-AL","@id":"https:\/\/secure.gravatar.com\/avatar\/3985c961109853010c3fbc7ba30365bfba5db3dd6c525831d9c595c7525a615a?s=96&d=mm&r=g","url":"https:\/\/secure.gravatar.com\/avatar\/3985c961109853010c3fbc7ba30365bfba5db3dd6c525831d9c595c7525a615a?s=96&d=mm&r=g","contentUrl":"https:\/\/secure.gravatar.com\/avatar\/3985c961109853010c3fbc7ba30365bfba5db3dd6c525831d9c595c7525a615a?s=96&d=mm&r=g","caption":"ktmin"},"sameAs":["https:\/\/kt.gov.rs"],"url":"https:\/\/kt.gov.rs\/sq\/author\/ktmin\/"}]}},"_links":{"self":[{"href":"https:\/\/kt.gov.rs\/sq\/wp-json\/wp\/v2\/posts\/110396","targetHints":{"allow":["GET"]}}],"collection":[{"href":"https:\/\/kt.gov.rs\/sq\/wp-json\/wp\/v2\/posts"}],"about":[{"href":"https:\/\/kt.gov.rs\/sq\/wp-json\/wp\/v2\/types\/post"}],"author":[{"embeddable":true,"href":"https:\/\/kt.gov.rs\/sq\/wp-json\/wp\/v2\/users\/1"}],"replies":[{"embeddable":true,"href":"https:\/\/kt.gov.rs\/sq\/wp-json\/wp\/v2\/comments?post=110396"}],"version-history":[{"count":1,"href":"https:\/\/kt.gov.rs\/sq\/wp-json\/wp\/v2\/posts\/110396\/revisions"}],"predecessor-version":[{"id":110400,"href":"https:\/\/kt.gov.rs\/sq\/wp-json\/wp\/v2\/posts\/110396\/revisions\/110400"}],"wp:featuredmedia":[{"embeddable":true,"href":"https:\/\/kt.gov.rs\/sq\/wp-json\/wp\/v2\/media\/110401"}],"wp:attachment":[{"href":"https:\/\/kt.gov.rs\/sq\/wp-json\/wp\/v2\/media?parent=110396"}],"wp:term":[{"taxonomy":"category","embeddable":true,"href":"https:\/\/kt.gov.rs\/sq\/wp-json\/wp\/v2\/categories?post=110396"},{"taxonomy":"post_tag","embeddable":true,"href":"https:\/\/kt.gov.rs\/sq\/wp-json\/wp\/v2\/tags?post=110396"}],"curies":[{"name":"wp","href":"https:\/\/api.w.org\/{rel}","templated":true}]}}