{"id":110356,"date":"2021-03-09T00:00:00","date_gmt":"2021-03-09T00:00:00","guid":{"rendered":"http:\/\/kt.printandscreen.rs\/vetem-26-e-vetqeverisjve-lokale-kane-planet-strategjike-te-zhvillimit-rural\/"},"modified":"2024-07-30T18:01:15","modified_gmt":"2024-07-30T18:01:15","slug":"vetem-26-e-vetqeverisjve-lokale-kane-planet-strategjike-te-zhvillimit-rural","status":"publish","type":"post","link":"https:\/\/kt.gov.rs\/sq\/vetem-26-e-vetqeverisjve-lokale-kane-planet-strategjike-te-zhvillimit-rural\/","title":{"rendered":"VET\u00cbM 26% E VETQEVERISJVE LOKALE KAN\u00cb PLANET STRATEGJIKE T\u00cb ZHVILLIMIT RURAL"},"content":{"rendered":"<p>\n\t<strong><img decoding=\"async\" alt=\"\" src=\"https:\/\/kt.gov.rs\/wp-content\/uploads\/2024\/07\/1615280223_090321_4-4.jpg\" style=\"width: 315px; height: 230px; float: left;\" \/><\/strong><strong>Preshev\u00eb, Bujanoc, Medvegj\u00eb \u2013<\/strong> Vet\u00ebm 26 p\u00ebrqind e qyteteve dhe komunave n\u00eb Serbi kan\u00eb plane strategjike p\u00ebr zhvillimin rural dhe p\u00ebr k\u00ebt\u00eb arsye, p\u00ebrkund\u00ebr numrit t\u00eb madh t\u00eb dokumenteve q\u00eb rregullojn\u00eb k\u00ebt\u00eb zon\u00eb, situata n\u00eb k\u00ebt\u00eb zon\u00eb \u00ebsht\u00eb akoma e pak\u00ebnaqshme, sipas nj\u00eb raporti nga Institucioni Shtet\u00ebror i Auditimit (KLSH).<\/p>\n<p>\n\tISHA d\u00ebrgoi pyet\u00ebsor\u00eb n\u00eb adresat e 145 qeverive lokale dhe zbuloi se m\u00eb pak se nj\u00eb e treta e qeverive lokale kan\u00eb plane p\u00ebr t\u00eb zhvilluar zona rurale n\u00eb territoret e tyre. \u00cbsht\u00eb interesante q\u00eb qytetet dhe komunat q\u00eb ndajn\u00eb m\u00eb shum\u00eb fonde p\u00ebr masa stimuluese nuk kan\u00eb plane strategjike.<\/p>\n<p>\n\tN\u00eb Rrethet e Jabllanic\u00ebs dhe P\u00e7inj\u00ebs, kan\u00eb nj\u00eb strategji t\u00eb zhvillimit rural vet\u00ebm Leskoci dhe Vraja. N\u00eb vitin 2017, Leskoc investoi 17,753 dinar\u00eb n\u00eb k\u00ebt\u00eb zon\u00eb, 23,280 vitin e ardhsh\u00ebm dhe 29,012 dinar\u00eb n\u00eb 2019, q\u00eb \u00ebsht\u00eb nj\u00eb total prej pak m\u00eb shum\u00eb se 70,000 dinar\u00eb. N\u00eb t\u00eb nj\u00ebjt\u00ebn periudh\u00eb, Vraja ndau gjysma e t\u00eb hollave p\u00ebr k\u00ebt\u00eb zon\u00eb.<\/p>\n<p>\n\tAsnj\u00eb nga komunat n\u00eb dy rrethet e p\u00ebrmendura nuk ka nj\u00eb strategji t\u00eb zhvillimit rural, por shumica e tyre kan\u00eb planifikuar fonde p\u00ebr ato q\u00ebllime n\u00eb buxhetet e tyre. K\u00ebshtu, n\u00eb tre vitet e p\u00ebrmendura, Lebani ndau 1.000 dinar\u00eb, Medvegja 29.125 dinar\u00eb dhe Bojniku af\u00ebr 20 mij\u00eb dinar\u00eb, nd\u00ebrsa Bujanoci dhe Surdulica p\u00ebrcaktuan dyfish m\u00eb shum\u00eb fonde.<\/p>\n<p>\n\tDeri m\u00eb tani, Presheva nuk \u00ebsht\u00eb marr\u00eb me zhvillimin rural, tregon raporti.<\/p>\n<p>\n\tZonat rurale p\u00ebrballen me shum\u00eb probleme. Sipas t\u00eb dh\u00ebnave t\u00eb Byros\u00eb s\u00eb Statistikave t\u00eb Republik\u00ebs p\u00ebr vitin 2018, mosha mesatare e menaxher\u00ebve t\u00eb fermave \u00ebsht\u00eb 61 vje\u00e7, dhe vet\u00ebm gjasht\u00eb vjet para k\u00ebsaj ishte 59 vjet. Strategjia komb\u00ebtare planifikoi t\u00eb rris\u00eb p\u00ebrqindjen e pronar\u00ebve t\u00eb fermave n\u00ebn mosh\u00ebn 35 vje\u00e7 n\u00eb 20%, por n\u00eb periudh\u00ebn e v\u00ebzhguar, ajo ra nga 4.6 n\u00eb 3.1 p\u00ebrqind.<\/p>\n<p>\n\tMakinerit\u00eb bujq\u00ebsore konsiderohen t\u00eb vjetruara, pasi mbi 80 p\u00ebrqind e traktor\u00ebve dhe kombajave jan\u00eb m\u00eb t\u00eb vjet\u00ebr se 20 vjet. K\u00ebto jan\u00eb dy fusha kryesore q\u00eb duhet t\u00eb t\u00eb nd\u00ebrrimerren masa.<\/p>\n<p>\n\t<strong>Burimi: Jugpres dhe Trupi Koordinues<\/strong><\/p>\n<p>\n\t\u00a0<\/p>\n","protected":false},"excerpt":{"rendered":"<p>Preshev\u00eb, Bujanoc, Medvegj\u00eb \u2013\u00a0Vet\u00ebm 26 p\u00ebrqind e qyteteve dhe komunave n\u00eb Serbi kan\u00eb plane strategjike p\u00ebr zhvillimin rural dhe p\u00ebr k\u00ebt\u00eb arsye, p\u00ebrkund\u00ebr numrit t\u00eb madh t\u00eb dokumenteve q\u00eb rregullojn\u00eb k\u00ebt\u00eb zon\u00eb, situata n\u00eb k\u00ebt\u00eb zon\u00eb \u00ebsht\u00eb akoma e pak\u00ebnaqshme, sipas nj\u00eb raporti nga Institucioni Shtet\u00ebror i Auditimit (KLSH).<\/p>\n","protected":false},"author":1,"featured_media":110361,"comment_status":"closed","ping_status":"closed","sticky":false,"template":"","format":"standard","meta":{"footnotes":""},"categories":[55],"tags":[],"class_list":["post-110356","post","type-post","status-publish","format-standard","has-post-thumbnail","hentry","category-lajme"],"yoast_head":"<!-- This site is optimized with the Yoast SEO plugin v27.5 - https:\/\/yoast.com\/product\/yoast-seo-wordpress\/ -->\n<title>VET\u00cbM 26% E VETQEVERISJVE LOKALE KAN\u00cb PLANET STRATEGJIKE T\u00cb ZHVILLIMIT RURAL - Republika e S\u00ebrbis\u00eb Trupi Koordinues p\u00ebr komunat Bujanoc, Preshev\u00eb dhe Medvegj\u00eb<\/title>\n<meta name=\"robots\" content=\"index, follow, max-snippet:-1, max-image-preview:large, max-video-preview:-1\" \/>\n<link rel=\"canonical\" href=\"https:\/\/kt.gov.rs\/sq\/vetem-26-e-vetqeverisjve-lokale-kane-planet-strategjike-te-zhvillimit-rural\/\" \/>\n<meta property=\"og:locale\" content=\"sq_AL\" \/>\n<meta property=\"og:type\" content=\"article\" \/>\n<meta property=\"og:title\" content=\"VET\u00cbM 26% E VETQEVERISJVE LOKALE KAN\u00cb PLANET STRATEGJIKE T\u00cb ZHVILLIMIT RURAL - Republika e S\u00ebrbis\u00eb Trupi Koordinues p\u00ebr komunat Bujanoc, Preshev\u00eb dhe Medvegj\u00eb\" \/>\n<meta property=\"og:description\" content=\"Preshev\u00eb, Bujanoc, Medvegj\u00eb -\u00a0Vet\u00ebm 26 p\u00ebrqind e qyteteve dhe komunave n\u00eb Serbi kan\u00eb plane strategjike p\u00ebr zhvillimin rural dhe p\u00ebr k\u00ebt\u00eb arsye, p\u00ebrkund\u00ebr numrit t\u00eb madh t\u00eb dokumenteve q\u00eb rregullojn\u00eb k\u00ebt\u00eb zon\u00eb, situata n\u00eb k\u00ebt\u00eb zon\u00eb \u00ebsht\u00eb akoma e pak\u00ebnaqshme, sipas nj\u00eb raporti nga Institucioni Shtet\u00ebror i Auditimit (KLSH).\" \/>\n<meta property=\"og:url\" content=\"https:\/\/kt.gov.rs\/sq\/vetem-26-e-vetqeverisjve-lokale-kane-planet-strategjike-te-zhvillimit-rural\/\" \/>\n<meta property=\"og:site_name\" content=\"Republika e S\u00ebrbis\u00eb Trupi Koordinues p\u00ebr komunat Bujanoc, Preshev\u00eb dhe Medvegj\u00eb\" \/>\n<meta property=\"article:publisher\" content=\"https:\/\/www.facebook.com\/SluzbaKoordinacionogTelaVladeRepublikeSrbije\" \/>\n<meta property=\"article:published_time\" content=\"2021-03-09T00:00:00+00:00\" \/>\n<meta property=\"article:modified_time\" content=\"2024-07-30T18:01:15+00:00\" \/>\n<meta property=\"og:image\" content=\"https:\/\/kt.gov.rs\/wp-content\/uploads\/2024\/07\/1615280223_090321_4-5.jpg\" \/>\n\t<meta property=\"og:image:width\" content=\"315\" \/>\n\t<meta property=\"og:image:height\" content=\"230\" \/>\n\t<meta property=\"og:image:type\" content=\"image\/jpeg\" \/>\n<meta name=\"author\" content=\"ktmin\" \/>\n<meta name=\"twitter:card\" content=\"summary_large_image\" \/>\n<meta name=\"twitter:creator\" content=\"@kt_gov\" \/>\n<meta name=\"twitter:site\" content=\"@kt_gov\" \/>\n<meta name=\"twitter:label1\" content=\"Written by\" \/>\n\t<meta name=\"twitter:data1\" content=\"ktmin\" \/>\n\t<meta name=\"twitter:label2\" content=\"Est. reading time\" \/>\n\t<meta name=\"twitter:data2\" content=\"3 minutes\" \/>\n<script type=\"application\/ld+json\" class=\"yoast-schema-graph\">{\"@context\":\"https:\\\/\\\/schema.org\",\"@graph\":[{\"@type\":\"Article\",\"@id\":\"https:\\\/\\\/kt.gov.rs\\\/sq\\\/vetem-26-e-vetqeverisjve-lokale-kane-planet-strategjike-te-zhvillimit-rural\\\/#article\",\"isPartOf\":{\"@id\":\"https:\\\/\\\/kt.gov.rs\\\/sq\\\/vetem-26-e-vetqeverisjve-lokale-kane-planet-strategjike-te-zhvillimit-rural\\\/\"},\"author\":{\"name\":\"ktmin\",\"@id\":\"https:\\\/\\\/kt.gov.rs\\\/#\\\/schema\\\/person\\\/e426459ddb4173309103390602694571\"},\"headline\":\"VET\u00cbM 26% E VETQEVERISJVE LOKALE KAN\u00cb PLANET STRATEGJIKE T\u00cb ZHVILLIMIT RURAL\",\"datePublished\":\"2021-03-09T00:00:00+00:00\",\"dateModified\":\"2024-07-30T18:01:15+00:00\",\"mainEntityOfPage\":{\"@id\":\"https:\\\/\\\/kt.gov.rs\\\/sq\\\/vetem-26-e-vetqeverisjve-lokale-kane-planet-strategjike-te-zhvillimit-rural\\\/\"},\"wordCount\":528,\"publisher\":{\"@id\":\"https:\\\/\\\/kt.gov.rs\\\/#organization\"},\"image\":{\"@id\":\"https:\\\/\\\/kt.gov.rs\\\/sq\\\/vetem-26-e-vetqeverisjve-lokale-kane-planet-strategjike-te-zhvillimit-rural\\\/#primaryimage\"},\"thumbnailUrl\":\"https:\\\/\\\/kt.gov.rs\\\/wp-content\\\/uploads\\\/2024\\\/07\\\/1615280223_090321_4-5.jpg\",\"articleSection\":[\"Lajme\"],\"inLanguage\":\"sq-AL\"},{\"@type\":\"WebPage\",\"@id\":\"https:\\\/\\\/kt.gov.rs\\\/sq\\\/vetem-26-e-vetqeverisjve-lokale-kane-planet-strategjike-te-zhvillimit-rural\\\/\",\"url\":\"https:\\\/\\\/kt.gov.rs\\\/sq\\\/vetem-26-e-vetqeverisjve-lokale-kane-planet-strategjike-te-zhvillimit-rural\\\/\",\"name\":\"VET\u00cbM 26% E VETQEVERISJVE LOKALE KAN\u00cb PLANET STRATEGJIKE T\u00cb ZHVILLIMIT RURAL - Republika e S\u00ebrbis\u00eb Trupi Koordinues p\u00ebr komunat Bujanoc, Preshev\u00eb dhe Medvegj\u00eb\",\"isPartOf\":{\"@id\":\"https:\\\/\\\/kt.gov.rs\\\/#website\"},\"primaryImageOfPage\":{\"@id\":\"https:\\\/\\\/kt.gov.rs\\\/sq\\\/vetem-26-e-vetqeverisjve-lokale-kane-planet-strategjike-te-zhvillimit-rural\\\/#primaryimage\"},\"image\":{\"@id\":\"https:\\\/\\\/kt.gov.rs\\\/sq\\\/vetem-26-e-vetqeverisjve-lokale-kane-planet-strategjike-te-zhvillimit-rural\\\/#primaryimage\"},\"thumbnailUrl\":\"https:\\\/\\\/kt.gov.rs\\\/wp-content\\\/uploads\\\/2024\\\/07\\\/1615280223_090321_4-5.jpg\",\"datePublished\":\"2021-03-09T00:00:00+00:00\",\"dateModified\":\"2024-07-30T18:01:15+00:00\",\"breadcrumb\":{\"@id\":\"https:\\\/\\\/kt.gov.rs\\\/sq\\\/vetem-26-e-vetqeverisjve-lokale-kane-planet-strategjike-te-zhvillimit-rural\\\/#breadcrumb\"},\"inLanguage\":\"sq-AL\",\"potentialAction\":[{\"@type\":\"ReadAction\",\"target\":[\"https:\\\/\\\/kt.gov.rs\\\/sq\\\/vetem-26-e-vetqeverisjve-lokale-kane-planet-strategjike-te-zhvillimit-rural\\\/\"]}]},{\"@type\":\"ImageObject\",\"inLanguage\":\"sq-AL\",\"@id\":\"https:\\\/\\\/kt.gov.rs\\\/sq\\\/vetem-26-e-vetqeverisjve-lokale-kane-planet-strategjike-te-zhvillimit-rural\\\/#primaryimage\",\"url\":\"https:\\\/\\\/kt.gov.rs\\\/wp-content\\\/uploads\\\/2024\\\/07\\\/1615280223_090321_4-5.jpg\",\"contentUrl\":\"https:\\\/\\\/kt.gov.rs\\\/wp-content\\\/uploads\\\/2024\\\/07\\\/1615280223_090321_4-5.jpg\",\"width\":315,\"height\":230},{\"@type\":\"BreadcrumbList\",\"@id\":\"https:\\\/\\\/kt.gov.rs\\\/sq\\\/vetem-26-e-vetqeverisjve-lokale-kane-planet-strategjike-te-zhvillimit-rural\\\/#breadcrumb\",\"itemListElement\":[{\"@type\":\"ListItem\",\"position\":1,\"name\":\"\u041f\u043e\u0447\u0435\u0442\u043d\u0430\",\"item\":\"https:\\\/\\\/kt.gov.rs\\\/sq\\\/\"},{\"@type\":\"ListItem\",\"position\":2,\"name\":\"VET\u00cbM 26% E VETQEVERISJVE LOKALE KAN\u00cb PLANET STRATEGJIKE T\u00cb ZHVILLIMIT RURAL\"}]},{\"@type\":\"WebSite\",\"@id\":\"https:\\\/\\\/kt.gov.rs\\\/#website\",\"url\":\"https:\\\/\\\/kt.gov.rs\\\/\",\"name\":\"\u041a\u043e\u043e\u0440\u0434\u0438\u043d\u0430\u0446\u0438\u043e\u043d\u043e \u0442\u0435\u043b\u043e \u0412\u043b\u0430\u0434\u0435 \u0420\u0435\u043f\u0443\u0431\u043b\u0438\u043a\u0435 \u0421\u0440\u0431\u0438\u0458\u0435 \u0437\u0430 \u043e\u043f\u0448\u0442\u0438\u043d\u0435 \u041f\u0440\u0435\u0448\u0435\u0432\u043e, \u0411\u0443\u0458\u0430\u043d\u043e\u0432\u0430\u0446 \u0438 \u041c\u0435\u0434\u0432\u0435\u0452a\",\"description\":\"\",\"publisher\":{\"@id\":\"https:\\\/\\\/kt.gov.rs\\\/#organization\"},\"alternateName\":\"\u041a\u043e\u043e\u0440\u0434\u0438\u043d\u0430\u0446\u0438\u043e\u043d\u043e \u0442\u0435\u043b\u043e\",\"potentialAction\":[{\"@type\":\"SearchAction\",\"target\":{\"@type\":\"EntryPoint\",\"urlTemplate\":\"https:\\\/\\\/kt.gov.rs\\\/?s={search_term_string}\"},\"query-input\":{\"@type\":\"PropertyValueSpecification\",\"valueRequired\":true,\"valueName\":\"search_term_string\"}}],\"inLanguage\":\"sq-AL\"},{\"@type\":\"Organization\",\"@id\":\"https:\\\/\\\/kt.gov.rs\\\/#organization\",\"name\":\"\u041a\u043e\u043e\u0440\u0434\u0438\u043d\u0430\u0446\u0438\u043e\u043d\u043e \u0442\u0435\u043b\u043e \u0412\u043b\u0430\u0434\u0435 \u0420\u0435\u043f\u0443\u0431\u043b\u0438\u043a\u0435 \u0421\u0440\u0431\u0438\u0458\u0435 \u0437\u0430 \u043e\u043f\u0448\u0442\u0438\u043d\u0435 \u041f\u0440\u0435\u0448\u0435\u0432\u043e, \u0411\u0443\u0458\u0430\u043d\u043e\u0432\u0430\u0446 \u0438 \u041c\u0435\u0434\u0432\u0435\u0452a\",\"alternateName\":\"\u041a\u043e\u043e\u0440\u0434\u0438\u043d\u0430\u0446\u0438\u043e\u043d\u043e \u0442\u0435\u043b\u043e\",\"url\":\"https:\\\/\\\/kt.gov.rs\\\/\",\"logo\":{\"@type\":\"ImageObject\",\"inLanguage\":\"sq-AL\",\"@id\":\"https:\\\/\\\/kt.gov.rs\\\/#\\\/schema\\\/logo\\\/image\\\/\",\"url\":\"https:\\\/\\\/kt.gov.rs\\\/wp-content\\\/uploads\\\/2024\\\/12\\\/koord2.jpg\",\"contentUrl\":\"https:\\\/\\\/kt.gov.rs\\\/wp-content\\\/uploads\\\/2024\\\/12\\\/koord2.jpg\",\"width\":640,\"height\":480,\"caption\":\"\u041a\u043e\u043e\u0440\u0434\u0438\u043d\u0430\u0446\u0438\u043e\u043d\u043e \u0442\u0435\u043b\u043e \u0412\u043b\u0430\u0434\u0435 \u0420\u0435\u043f\u0443\u0431\u043b\u0438\u043a\u0435 \u0421\u0440\u0431\u0438\u0458\u0435 \u0437\u0430 \u043e\u043f\u0448\u0442\u0438\u043d\u0435 \u041f\u0440\u0435\u0448\u0435\u0432\u043e, \u0411\u0443\u0458\u0430\u043d\u043e\u0432\u0430\u0446 \u0438 \u041c\u0435\u0434\u0432\u0435\u0452a\"},\"image\":{\"@id\":\"https:\\\/\\\/kt.gov.rs\\\/#\\\/schema\\\/logo\\\/image\\\/\"},\"sameAs\":[\"https:\\\/\\\/www.facebook.com\\\/SluzbaKoordinacionogTelaVladeRepublikeSrbije\",\"https:\\\/\\\/x.com\\\/kt_gov\",\"https:\\\/\\\/www.youtube.com\\\/@koordinacionotelo\"]},{\"@type\":\"Person\",\"@id\":\"https:\\\/\\\/kt.gov.rs\\\/#\\\/schema\\\/person\\\/e426459ddb4173309103390602694571\",\"name\":\"ktmin\",\"image\":{\"@type\":\"ImageObject\",\"inLanguage\":\"sq-AL\",\"@id\":\"https:\\\/\\\/secure.gravatar.com\\\/avatar\\\/3985c961109853010c3fbc7ba30365bfba5db3dd6c525831d9c595c7525a615a?s=96&d=mm&r=g\",\"url\":\"https:\\\/\\\/secure.gravatar.com\\\/avatar\\\/3985c961109853010c3fbc7ba30365bfba5db3dd6c525831d9c595c7525a615a?s=96&d=mm&r=g\",\"contentUrl\":\"https:\\\/\\\/secure.gravatar.com\\\/avatar\\\/3985c961109853010c3fbc7ba30365bfba5db3dd6c525831d9c595c7525a615a?s=96&d=mm&r=g\",\"caption\":\"ktmin\"},\"sameAs\":[\"https:\\\/\\\/kt.gov.rs\"],\"url\":\"https:\\\/\\\/kt.gov.rs\\\/sq\\\/author\\\/ktmin\\\/\"}]}<\/script>\n<!-- \/ Yoast SEO plugin. -->","yoast_head_json":{"title":"VET\u00cbM 26% E VETQEVERISJVE LOKALE KAN\u00cb PLANET STRATEGJIKE T\u00cb ZHVILLIMIT RURAL - Republika e S\u00ebrbis\u00eb Trupi Koordinues p\u00ebr komunat Bujanoc, Preshev\u00eb dhe Medvegj\u00eb","robots":{"index":"index","follow":"follow","max-snippet":"max-snippet:-1","max-image-preview":"max-image-preview:large","max-video-preview":"max-video-preview:-1"},"canonical":"https:\/\/kt.gov.rs\/sq\/vetem-26-e-vetqeverisjve-lokale-kane-planet-strategjike-te-zhvillimit-rural\/","og_locale":"sq_AL","og_type":"article","og_title":"VET\u00cbM 26% E VETQEVERISJVE LOKALE KAN\u00cb PLANET STRATEGJIKE T\u00cb ZHVILLIMIT RURAL - Republika e S\u00ebrbis\u00eb Trupi Koordinues p\u00ebr komunat Bujanoc, Preshev\u00eb dhe Medvegj\u00eb","og_description":"Preshev\u00eb, Bujanoc, Medvegj\u00eb -\u00a0Vet\u00ebm 26 p\u00ebrqind e qyteteve dhe komunave n\u00eb Serbi kan\u00eb plane strategjike p\u00ebr zhvillimin rural dhe p\u00ebr k\u00ebt\u00eb arsye, p\u00ebrkund\u00ebr numrit t\u00eb madh t\u00eb dokumenteve q\u00eb rregullojn\u00eb k\u00ebt\u00eb zon\u00eb, situata n\u00eb k\u00ebt\u00eb zon\u00eb \u00ebsht\u00eb akoma e pak\u00ebnaqshme, sipas nj\u00eb raporti nga Institucioni Shtet\u00ebror i Auditimit (KLSH).","og_url":"https:\/\/kt.gov.rs\/sq\/vetem-26-e-vetqeverisjve-lokale-kane-planet-strategjike-te-zhvillimit-rural\/","og_site_name":"Republika e S\u00ebrbis\u00eb Trupi Koordinues p\u00ebr komunat Bujanoc, Preshev\u00eb dhe Medvegj\u00eb","article_publisher":"https:\/\/www.facebook.com\/SluzbaKoordinacionogTelaVladeRepublikeSrbije","article_published_time":"2021-03-09T00:00:00+00:00","article_modified_time":"2024-07-30T18:01:15+00:00","og_image":[{"width":315,"height":230,"url":"https:\/\/kt.gov.rs\/wp-content\/uploads\/2024\/07\/1615280223_090321_4-5.jpg","type":"image\/jpeg"}],"author":"ktmin","twitter_card":"summary_large_image","twitter_creator":"@kt_gov","twitter_site":"@kt_gov","twitter_misc":{"Written by":"ktmin","Est. reading time":"3 minutes"},"schema":{"@context":"https:\/\/schema.org","@graph":[{"@type":"Article","@id":"https:\/\/kt.gov.rs\/sq\/vetem-26-e-vetqeverisjve-lokale-kane-planet-strategjike-te-zhvillimit-rural\/#article","isPartOf":{"@id":"https:\/\/kt.gov.rs\/sq\/vetem-26-e-vetqeverisjve-lokale-kane-planet-strategjike-te-zhvillimit-rural\/"},"author":{"name":"ktmin","@id":"https:\/\/kt.gov.rs\/#\/schema\/person\/e426459ddb4173309103390602694571"},"headline":"VET\u00cbM 26% E VETQEVERISJVE LOKALE KAN\u00cb PLANET STRATEGJIKE T\u00cb ZHVILLIMIT RURAL","datePublished":"2021-03-09T00:00:00+00:00","dateModified":"2024-07-30T18:01:15+00:00","mainEntityOfPage":{"@id":"https:\/\/kt.gov.rs\/sq\/vetem-26-e-vetqeverisjve-lokale-kane-planet-strategjike-te-zhvillimit-rural\/"},"wordCount":528,"publisher":{"@id":"https:\/\/kt.gov.rs\/#organization"},"image":{"@id":"https:\/\/kt.gov.rs\/sq\/vetem-26-e-vetqeverisjve-lokale-kane-planet-strategjike-te-zhvillimit-rural\/#primaryimage"},"thumbnailUrl":"https:\/\/kt.gov.rs\/wp-content\/uploads\/2024\/07\/1615280223_090321_4-5.jpg","articleSection":["Lajme"],"inLanguage":"sq-AL"},{"@type":"WebPage","@id":"https:\/\/kt.gov.rs\/sq\/vetem-26-e-vetqeverisjve-lokale-kane-planet-strategjike-te-zhvillimit-rural\/","url":"https:\/\/kt.gov.rs\/sq\/vetem-26-e-vetqeverisjve-lokale-kane-planet-strategjike-te-zhvillimit-rural\/","name":"VET\u00cbM 26% E VETQEVERISJVE LOKALE KAN\u00cb PLANET STRATEGJIKE T\u00cb ZHVILLIMIT RURAL - Republika e S\u00ebrbis\u00eb Trupi Koordinues p\u00ebr komunat Bujanoc, Preshev\u00eb dhe Medvegj\u00eb","isPartOf":{"@id":"https:\/\/kt.gov.rs\/#website"},"primaryImageOfPage":{"@id":"https:\/\/kt.gov.rs\/sq\/vetem-26-e-vetqeverisjve-lokale-kane-planet-strategjike-te-zhvillimit-rural\/#primaryimage"},"image":{"@id":"https:\/\/kt.gov.rs\/sq\/vetem-26-e-vetqeverisjve-lokale-kane-planet-strategjike-te-zhvillimit-rural\/#primaryimage"},"thumbnailUrl":"https:\/\/kt.gov.rs\/wp-content\/uploads\/2024\/07\/1615280223_090321_4-5.jpg","datePublished":"2021-03-09T00:00:00+00:00","dateModified":"2024-07-30T18:01:15+00:00","breadcrumb":{"@id":"https:\/\/kt.gov.rs\/sq\/vetem-26-e-vetqeverisjve-lokale-kane-planet-strategjike-te-zhvillimit-rural\/#breadcrumb"},"inLanguage":"sq-AL","potentialAction":[{"@type":"ReadAction","target":["https:\/\/kt.gov.rs\/sq\/vetem-26-e-vetqeverisjve-lokale-kane-planet-strategjike-te-zhvillimit-rural\/"]}]},{"@type":"ImageObject","inLanguage":"sq-AL","@id":"https:\/\/kt.gov.rs\/sq\/vetem-26-e-vetqeverisjve-lokale-kane-planet-strategjike-te-zhvillimit-rural\/#primaryimage","url":"https:\/\/kt.gov.rs\/wp-content\/uploads\/2024\/07\/1615280223_090321_4-5.jpg","contentUrl":"https:\/\/kt.gov.rs\/wp-content\/uploads\/2024\/07\/1615280223_090321_4-5.jpg","width":315,"height":230},{"@type":"BreadcrumbList","@id":"https:\/\/kt.gov.rs\/sq\/vetem-26-e-vetqeverisjve-lokale-kane-planet-strategjike-te-zhvillimit-rural\/#breadcrumb","itemListElement":[{"@type":"ListItem","position":1,"name":"\u041f\u043e\u0447\u0435\u0442\u043d\u0430","item":"https:\/\/kt.gov.rs\/sq\/"},{"@type":"ListItem","position":2,"name":"VET\u00cbM 26% E VETQEVERISJVE LOKALE KAN\u00cb PLANET STRATEGJIKE T\u00cb ZHVILLIMIT RURAL"}]},{"@type":"WebSite","@id":"https:\/\/kt.gov.rs\/#website","url":"https:\/\/kt.gov.rs\/","name":"\u041a\u043e\u043e\u0440\u0434\u0438\u043d\u0430\u0446\u0438\u043e\u043d\u043e \u0442\u0435\u043b\u043e \u0412\u043b\u0430\u0434\u0435 \u0420\u0435\u043f\u0443\u0431\u043b\u0438\u043a\u0435 \u0421\u0440\u0431\u0438\u0458\u0435 \u0437\u0430 \u043e\u043f\u0448\u0442\u0438\u043d\u0435 \u041f\u0440\u0435\u0448\u0435\u0432\u043e, \u0411\u0443\u0458\u0430\u043d\u043e\u0432\u0430\u0446 \u0438 \u041c\u0435\u0434\u0432\u0435\u0452a","description":"","publisher":{"@id":"https:\/\/kt.gov.rs\/#organization"},"alternateName":"\u041a\u043e\u043e\u0440\u0434\u0438\u043d\u0430\u0446\u0438\u043e\u043d\u043e \u0442\u0435\u043b\u043e","potentialAction":[{"@type":"SearchAction","target":{"@type":"EntryPoint","urlTemplate":"https:\/\/kt.gov.rs\/?s={search_term_string}"},"query-input":{"@type":"PropertyValueSpecification","valueRequired":true,"valueName":"search_term_string"}}],"inLanguage":"sq-AL"},{"@type":"Organization","@id":"https:\/\/kt.gov.rs\/#organization","name":"\u041a\u043e\u043e\u0440\u0434\u0438\u043d\u0430\u0446\u0438\u043e\u043d\u043e \u0442\u0435\u043b\u043e \u0412\u043b\u0430\u0434\u0435 \u0420\u0435\u043f\u0443\u0431\u043b\u0438\u043a\u0435 \u0421\u0440\u0431\u0438\u0458\u0435 \u0437\u0430 \u043e\u043f\u0448\u0442\u0438\u043d\u0435 \u041f\u0440\u0435\u0448\u0435\u0432\u043e, \u0411\u0443\u0458\u0430\u043d\u043e\u0432\u0430\u0446 \u0438 \u041c\u0435\u0434\u0432\u0435\u0452a","alternateName":"\u041a\u043e\u043e\u0440\u0434\u0438\u043d\u0430\u0446\u0438\u043e\u043d\u043e \u0442\u0435\u043b\u043e","url":"https:\/\/kt.gov.rs\/","logo":{"@type":"ImageObject","inLanguage":"sq-AL","@id":"https:\/\/kt.gov.rs\/#\/schema\/logo\/image\/","url":"https:\/\/kt.gov.rs\/wp-content\/uploads\/2024\/12\/koord2.jpg","contentUrl":"https:\/\/kt.gov.rs\/wp-content\/uploads\/2024\/12\/koord2.jpg","width":640,"height":480,"caption":"\u041a\u043e\u043e\u0440\u0434\u0438\u043d\u0430\u0446\u0438\u043e\u043d\u043e \u0442\u0435\u043b\u043e \u0412\u043b\u0430\u0434\u0435 \u0420\u0435\u043f\u0443\u0431\u043b\u0438\u043a\u0435 \u0421\u0440\u0431\u0438\u0458\u0435 \u0437\u0430 \u043e\u043f\u0448\u0442\u0438\u043d\u0435 \u041f\u0440\u0435\u0448\u0435\u0432\u043e, \u0411\u0443\u0458\u0430\u043d\u043e\u0432\u0430\u0446 \u0438 \u041c\u0435\u0434\u0432\u0435\u0452a"},"image":{"@id":"https:\/\/kt.gov.rs\/#\/schema\/logo\/image\/"},"sameAs":["https:\/\/www.facebook.com\/SluzbaKoordinacionogTelaVladeRepublikeSrbije","https:\/\/x.com\/kt_gov","https:\/\/www.youtube.com\/@koordinacionotelo"]},{"@type":"Person","@id":"https:\/\/kt.gov.rs\/#\/schema\/person\/e426459ddb4173309103390602694571","name":"ktmin","image":{"@type":"ImageObject","inLanguage":"sq-AL","@id":"https:\/\/secure.gravatar.com\/avatar\/3985c961109853010c3fbc7ba30365bfba5db3dd6c525831d9c595c7525a615a?s=96&d=mm&r=g","url":"https:\/\/secure.gravatar.com\/avatar\/3985c961109853010c3fbc7ba30365bfba5db3dd6c525831d9c595c7525a615a?s=96&d=mm&r=g","contentUrl":"https:\/\/secure.gravatar.com\/avatar\/3985c961109853010c3fbc7ba30365bfba5db3dd6c525831d9c595c7525a615a?s=96&d=mm&r=g","caption":"ktmin"},"sameAs":["https:\/\/kt.gov.rs"],"url":"https:\/\/kt.gov.rs\/sq\/author\/ktmin\/"}]}},"_links":{"self":[{"href":"https:\/\/kt.gov.rs\/sq\/wp-json\/wp\/v2\/posts\/110356","targetHints":{"allow":["GET"]}}],"collection":[{"href":"https:\/\/kt.gov.rs\/sq\/wp-json\/wp\/v2\/posts"}],"about":[{"href":"https:\/\/kt.gov.rs\/sq\/wp-json\/wp\/v2\/types\/post"}],"author":[{"embeddable":true,"href":"https:\/\/kt.gov.rs\/sq\/wp-json\/wp\/v2\/users\/1"}],"replies":[{"embeddable":true,"href":"https:\/\/kt.gov.rs\/sq\/wp-json\/wp\/v2\/comments?post=110356"}],"version-history":[{"count":1,"href":"https:\/\/kt.gov.rs\/sq\/wp-json\/wp\/v2\/posts\/110356\/revisions"}],"predecessor-version":[{"id":110360,"href":"https:\/\/kt.gov.rs\/sq\/wp-json\/wp\/v2\/posts\/110356\/revisions\/110360"}],"wp:featuredmedia":[{"embeddable":true,"href":"https:\/\/kt.gov.rs\/sq\/wp-json\/wp\/v2\/media\/110361"}],"wp:attachment":[{"href":"https:\/\/kt.gov.rs\/sq\/wp-json\/wp\/v2\/media?parent=110356"}],"wp:term":[{"taxonomy":"category","embeddable":true,"href":"https:\/\/kt.gov.rs\/sq\/wp-json\/wp\/v2\/categories?post=110356"},{"taxonomy":"post_tag","embeddable":true,"href":"https:\/\/kt.gov.rs\/sq\/wp-json\/wp\/v2\/tags?post=110356"}],"curies":[{"name":"wp","href":"https:\/\/api.w.org\/{rel}","templated":true}]}}