{"id":110340,"date":"2021-03-10T00:00:00","date_gmt":"2021-03-10T00:00:00","guid":{"rendered":"http:\/\/kt.printandscreen.rs\/forcimi-i-barazise-gjinore-ne-28-qytete-dhe-komuna-ne-serbi\/"},"modified":"2024-07-30T18:01:13","modified_gmt":"2024-07-30T18:01:13","slug":"forcimi-i-barazise-gjinore-ne-28-qytete-dhe-komuna-ne-serbi","status":"publish","type":"post","link":"https:\/\/kt.gov.rs\/sq\/forcimi-i-barazise-gjinore-ne-28-qytete-dhe-komuna-ne-serbi\/","title":{"rendered":"FORCIMI I BARAZIS\u00cb GJINORE N\u00cb 28 QYTETE DHE KOMUNA N\u00cb SERBI"},"content":{"rendered":"<p>\n\t<img decoding=\"async\" alt=\"\" src=\"https:\/\/kt.gov.rs\/wp-content\/uploads\/2024\/07\/1615367524_100321_2-4.jpg\" style=\"width: 315px; height: 230px; float: left;\" \/>Programi Swiss PRO , brenda thirrjes publike &quot;Q\u00eb barazia t\u00eb b\u00ebhet realitet&quot;, mb\u00ebshteti 28 <em>vet\u00ebqeverisje <\/em>lokale p\u00ebr t\u00eb zbatuar projekte q\u00eb synojn\u00eb forcimin e mekanizmave p\u00ebr barazin\u00eb gjinore. M\u00eb shum\u00eb se 5.000 qytetar\u00eb do t\u00eb p\u00ebrfitojn\u00eb drejtp\u00ebrdrejt nga k\u00ebto projekte.<\/p>\n<p>\n\tMe mb\u00ebshtetjen e Qeveris\u00eb s\u00eb Zvicr\u00ebs me vler\u00eb m\u00eb shum\u00eb se 90.000 euro dhe kontributin e <em>vetqeverisjeve lokale <\/em>n\u00eb vler\u00eb prej 25.000 euro, do t\u00eb zbatohen aktivitete q\u00eb kontribuojn\u00eb n\u00eb rritjen e pjes\u00ebmarrjes s\u00eb grave n\u00eb vendimmarrje, duke p\u00ebrmir\u00ebsuar pozicionin e grave n\u00eb bashk\u00ebsin\u00eb lokale , ve\u00e7an\u00ebrisht grat\u00eb rurale dhe grupet e cenueshme.fuqizimi ekonomik dhe sh\u00ebndeti i grave dhe lufta kund\u00ebr dhun\u00ebs me baz\u00eb gjinore. Projektet synojn\u00eb gjithashtu n\u00eb promovimin e kart\u00ebs Evropiane p\u00ebr Barazin\u00eb Gjinore n\u00eb nivelin lokal, si dhe n\u00eb p\u00ebrmir\u00ebsimin e kompetencave t\u00eb mekanizmave lokal\u00eb.<\/p>\n<p>\n\tP\u00ebrve\u00e7 vet\u00ebqeverisjeve t\u00eb tjera, vet\u00ebqeverisja n\u00eb Bujanoc dhe <em>dhe Medvegj\u00eb <\/em>gjithashtu mori mb\u00ebshtetje p\u00ebr forcimin e barazis\u00eb komb\u00ebtare.<\/p>\n<p>\n\tProjektet u zgjodh\u00ebn p\u00ebrmes thirrjeve publike q\u00eb do t\u00eb zgjasin nga 10 shtator deri m\u00eb 23 tetor 2020 dhe ishin t\u00eb hapura p\u00ebr 96 qytete dhe komuna n\u00eb rajonin \u00a0e Shumadis\u00eb dhe Serbis\u00eb \u00a0per\u00ebndimore dhe rajonit t\u00eb Serbis\u00eb Jugore dhe Lindore.<\/p>\n<p>\n\tM\u00eb shum\u00eb informacion n\u00eb lidhje me secilin projekt \u00ebsht\u00eb n\u00eb dispozicion n\u00eb shfaqjen e rezultateve q\u00eb publikohen publikisht n\u00eb faqet e internetit t\u00eb programit\u00a0 Swiss PRO \u00a0(<a href=\"https:\/\/www.swisspro.org.rs\/uploads\/files\/234-770-sp_fs_gem_cfp_serb.pdf\">https:\/\/www.swisspro.org.rs\/uploads\/files\/234-770-sp_fs_gem_cfp_serb.pdf<\/a>).<\/p>\n<p>\n\t\u00a0<\/p>\n<p>\n\t<strong>Burimi: Programi Swiss PRO dhe Trupi koordinues<\/strong><\/p>\n<p>\n\t\u00a0<\/p>\n","protected":false},"excerpt":{"rendered":"<p>Programi Swiss PRO , brenda thirrjes publike &quot;Q\u00eb barazia t\u00eb b\u00ebhet realitet&quot;, mb\u00ebshteti 28\u00a0vet\u00ebqeverisje\u00a0lokale p\u00ebr t\u00eb zbatuar projekte q\u00eb synojn\u00eb forcimin e mekanizmave p\u00ebr barazin\u00eb gjinore. M\u00eb shum\u00eb se 5.000 qytetar\u00eb do t\u00eb p\u00ebrfitojn\u00eb drejtp\u00ebrdrejt nga k\u00ebto projekte.<\/p>\n","protected":false},"author":1,"featured_media":110345,"comment_status":"closed","ping_status":"closed","sticky":false,"template":"","format":"standard","meta":{"footnotes":""},"categories":[55],"tags":[],"class_list":["post-110340","post","type-post","status-publish","format-standard","has-post-thumbnail","hentry","category-lajme"],"yoast_head":"<!-- This site is optimized with the Yoast SEO plugin v27.5 - https:\/\/yoast.com\/product\/yoast-seo-wordpress\/ -->\n<title>FORCIMI I BARAZIS\u00cb GJINORE N\u00cb 28 QYTETE DHE KOMUNA N\u00cb SERBI - Republika e S\u00ebrbis\u00eb Trupi Koordinues p\u00ebr komunat Bujanoc, Preshev\u00eb dhe Medvegj\u00eb<\/title>\n<meta name=\"robots\" content=\"index, follow, max-snippet:-1, max-image-preview:large, max-video-preview:-1\" \/>\n<link rel=\"canonical\" href=\"https:\/\/kt.gov.rs\/sq\/forcimi-i-barazise-gjinore-ne-28-qytete-dhe-komuna-ne-serbi\/\" \/>\n<meta property=\"og:locale\" content=\"sq_AL\" \/>\n<meta property=\"og:type\" content=\"article\" \/>\n<meta property=\"og:title\" content=\"FORCIMI I BARAZIS\u00cb GJINORE N\u00cb 28 QYTETE DHE KOMUNA N\u00cb SERBI - Republika e S\u00ebrbis\u00eb Trupi Koordinues p\u00ebr komunat Bujanoc, Preshev\u00eb dhe Medvegj\u00eb\" \/>\n<meta property=\"og:description\" content=\"Programi Swiss PRO , brenda thirrjes publike &quot;Q\u00eb barazia t\u00eb b\u00ebhet realitet&quot;, mb\u00ebshteti 28\u00a0vet\u00ebqeverisje\u00a0lokale p\u00ebr t\u00eb zbatuar projekte q\u00eb synojn\u00eb forcimin e mekanizmave p\u00ebr barazin\u00eb gjinore. M\u00eb shum\u00eb se 5.000 qytetar\u00eb do t\u00eb p\u00ebrfitojn\u00eb drejtp\u00ebrdrejt nga k\u00ebto projekte.\" \/>\n<meta property=\"og:url\" content=\"https:\/\/kt.gov.rs\/sq\/forcimi-i-barazise-gjinore-ne-28-qytete-dhe-komuna-ne-serbi\/\" \/>\n<meta property=\"og:site_name\" content=\"Republika e S\u00ebrbis\u00eb Trupi Koordinues p\u00ebr komunat Bujanoc, Preshev\u00eb dhe Medvegj\u00eb\" \/>\n<meta property=\"article:publisher\" content=\"https:\/\/www.facebook.com\/SluzbaKoordinacionogTelaVladeRepublikeSrbije\" \/>\n<meta property=\"article:published_time\" content=\"2021-03-10T00:00:00+00:00\" \/>\n<meta property=\"article:modified_time\" content=\"2024-07-30T18:01:13+00:00\" \/>\n<meta property=\"og:image\" content=\"https:\/\/kt.gov.rs\/wp-content\/uploads\/2024\/07\/1615367524_100321_2-5.jpg\" \/>\n\t<meta property=\"og:image:width\" content=\"315\" \/>\n\t<meta property=\"og:image:height\" content=\"230\" \/>\n\t<meta property=\"og:image:type\" content=\"image\/jpeg\" \/>\n<meta name=\"author\" content=\"ktmin\" \/>\n<meta name=\"twitter:card\" content=\"summary_large_image\" \/>\n<meta name=\"twitter:creator\" content=\"@kt_gov\" \/>\n<meta name=\"twitter:site\" content=\"@kt_gov\" \/>\n<meta name=\"twitter:label1\" content=\"Written by\" \/>\n\t<meta name=\"twitter:data1\" content=\"ktmin\" \/>\n\t<meta name=\"twitter:label2\" content=\"Est. reading time\" \/>\n\t<meta name=\"twitter:data2\" content=\"2 minutes\" \/>\n<script type=\"application\/ld+json\" class=\"yoast-schema-graph\">{\"@context\":\"https:\\\/\\\/schema.org\",\"@graph\":[{\"@type\":\"Article\",\"@id\":\"https:\\\/\\\/kt.gov.rs\\\/sq\\\/forcimi-i-barazise-gjinore-ne-28-qytete-dhe-komuna-ne-serbi\\\/#article\",\"isPartOf\":{\"@id\":\"https:\\\/\\\/kt.gov.rs\\\/sq\\\/forcimi-i-barazise-gjinore-ne-28-qytete-dhe-komuna-ne-serbi\\\/\"},\"author\":{\"name\":\"ktmin\",\"@id\":\"https:\\\/\\\/kt.gov.rs\\\/#\\\/schema\\\/person\\\/e426459ddb4173309103390602694571\"},\"headline\":\"FORCIMI I BARAZIS\u00cb GJINORE N\u00cb 28 QYTETE DHE KOMUNA N\u00cb SERBI\",\"datePublished\":\"2021-03-10T00:00:00+00:00\",\"dateModified\":\"2024-07-30T18:01:13+00:00\",\"mainEntityOfPage\":{\"@id\":\"https:\\\/\\\/kt.gov.rs\\\/sq\\\/forcimi-i-barazise-gjinore-ne-28-qytete-dhe-komuna-ne-serbi\\\/\"},\"wordCount\":368,\"publisher\":{\"@id\":\"https:\\\/\\\/kt.gov.rs\\\/#organization\"},\"image\":{\"@id\":\"https:\\\/\\\/kt.gov.rs\\\/sq\\\/forcimi-i-barazise-gjinore-ne-28-qytete-dhe-komuna-ne-serbi\\\/#primaryimage\"},\"thumbnailUrl\":\"https:\\\/\\\/kt.gov.rs\\\/wp-content\\\/uploads\\\/2024\\\/07\\\/1615367524_100321_2-5.jpg\",\"articleSection\":[\"Lajme\"],\"inLanguage\":\"sq-AL\"},{\"@type\":\"WebPage\",\"@id\":\"https:\\\/\\\/kt.gov.rs\\\/sq\\\/forcimi-i-barazise-gjinore-ne-28-qytete-dhe-komuna-ne-serbi\\\/\",\"url\":\"https:\\\/\\\/kt.gov.rs\\\/sq\\\/forcimi-i-barazise-gjinore-ne-28-qytete-dhe-komuna-ne-serbi\\\/\",\"name\":\"FORCIMI I BARAZIS\u00cb GJINORE N\u00cb 28 QYTETE DHE KOMUNA N\u00cb SERBI - Republika e S\u00ebrbis\u00eb Trupi Koordinues p\u00ebr komunat Bujanoc, Preshev\u00eb dhe Medvegj\u00eb\",\"isPartOf\":{\"@id\":\"https:\\\/\\\/kt.gov.rs\\\/#website\"},\"primaryImageOfPage\":{\"@id\":\"https:\\\/\\\/kt.gov.rs\\\/sq\\\/forcimi-i-barazise-gjinore-ne-28-qytete-dhe-komuna-ne-serbi\\\/#primaryimage\"},\"image\":{\"@id\":\"https:\\\/\\\/kt.gov.rs\\\/sq\\\/forcimi-i-barazise-gjinore-ne-28-qytete-dhe-komuna-ne-serbi\\\/#primaryimage\"},\"thumbnailUrl\":\"https:\\\/\\\/kt.gov.rs\\\/wp-content\\\/uploads\\\/2024\\\/07\\\/1615367524_100321_2-5.jpg\",\"datePublished\":\"2021-03-10T00:00:00+00:00\",\"dateModified\":\"2024-07-30T18:01:13+00:00\",\"breadcrumb\":{\"@id\":\"https:\\\/\\\/kt.gov.rs\\\/sq\\\/forcimi-i-barazise-gjinore-ne-28-qytete-dhe-komuna-ne-serbi\\\/#breadcrumb\"},\"inLanguage\":\"sq-AL\",\"potentialAction\":[{\"@type\":\"ReadAction\",\"target\":[\"https:\\\/\\\/kt.gov.rs\\\/sq\\\/forcimi-i-barazise-gjinore-ne-28-qytete-dhe-komuna-ne-serbi\\\/\"]}]},{\"@type\":\"ImageObject\",\"inLanguage\":\"sq-AL\",\"@id\":\"https:\\\/\\\/kt.gov.rs\\\/sq\\\/forcimi-i-barazise-gjinore-ne-28-qytete-dhe-komuna-ne-serbi\\\/#primaryimage\",\"url\":\"https:\\\/\\\/kt.gov.rs\\\/wp-content\\\/uploads\\\/2024\\\/07\\\/1615367524_100321_2-5.jpg\",\"contentUrl\":\"https:\\\/\\\/kt.gov.rs\\\/wp-content\\\/uploads\\\/2024\\\/07\\\/1615367524_100321_2-5.jpg\",\"width\":315,\"height\":230},{\"@type\":\"BreadcrumbList\",\"@id\":\"https:\\\/\\\/kt.gov.rs\\\/sq\\\/forcimi-i-barazise-gjinore-ne-28-qytete-dhe-komuna-ne-serbi\\\/#breadcrumb\",\"itemListElement\":[{\"@type\":\"ListItem\",\"position\":1,\"name\":\"\u041f\u043e\u0447\u0435\u0442\u043d\u0430\",\"item\":\"https:\\\/\\\/kt.gov.rs\\\/sq\\\/\"},{\"@type\":\"ListItem\",\"position\":2,\"name\":\"FORCIMI I BARAZIS\u00cb GJINORE N\u00cb 28 QYTETE DHE KOMUNA N\u00cb SERBI\"}]},{\"@type\":\"WebSite\",\"@id\":\"https:\\\/\\\/kt.gov.rs\\\/#website\",\"url\":\"https:\\\/\\\/kt.gov.rs\\\/\",\"name\":\"\u041a\u043e\u043e\u0440\u0434\u0438\u043d\u0430\u0446\u0438\u043e\u043d\u043e \u0442\u0435\u043b\u043e \u0412\u043b\u0430\u0434\u0435 \u0420\u0435\u043f\u0443\u0431\u043b\u0438\u043a\u0435 \u0421\u0440\u0431\u0438\u0458\u0435 \u0437\u0430 \u043e\u043f\u0448\u0442\u0438\u043d\u0435 \u041f\u0440\u0435\u0448\u0435\u0432\u043e, \u0411\u0443\u0458\u0430\u043d\u043e\u0432\u0430\u0446 \u0438 \u041c\u0435\u0434\u0432\u0435\u0452a\",\"description\":\"\",\"publisher\":{\"@id\":\"https:\\\/\\\/kt.gov.rs\\\/#organization\"},\"alternateName\":\"\u041a\u043e\u043e\u0440\u0434\u0438\u043d\u0430\u0446\u0438\u043e\u043d\u043e \u0442\u0435\u043b\u043e\",\"potentialAction\":[{\"@type\":\"SearchAction\",\"target\":{\"@type\":\"EntryPoint\",\"urlTemplate\":\"https:\\\/\\\/kt.gov.rs\\\/?s={search_term_string}\"},\"query-input\":{\"@type\":\"PropertyValueSpecification\",\"valueRequired\":true,\"valueName\":\"search_term_string\"}}],\"inLanguage\":\"sq-AL\"},{\"@type\":\"Organization\",\"@id\":\"https:\\\/\\\/kt.gov.rs\\\/#organization\",\"name\":\"\u041a\u043e\u043e\u0440\u0434\u0438\u043d\u0430\u0446\u0438\u043e\u043d\u043e \u0442\u0435\u043b\u043e \u0412\u043b\u0430\u0434\u0435 \u0420\u0435\u043f\u0443\u0431\u043b\u0438\u043a\u0435 \u0421\u0440\u0431\u0438\u0458\u0435 \u0437\u0430 \u043e\u043f\u0448\u0442\u0438\u043d\u0435 \u041f\u0440\u0435\u0448\u0435\u0432\u043e, \u0411\u0443\u0458\u0430\u043d\u043e\u0432\u0430\u0446 \u0438 \u041c\u0435\u0434\u0432\u0435\u0452a\",\"alternateName\":\"\u041a\u043e\u043e\u0440\u0434\u0438\u043d\u0430\u0446\u0438\u043e\u043d\u043e \u0442\u0435\u043b\u043e\",\"url\":\"https:\\\/\\\/kt.gov.rs\\\/\",\"logo\":{\"@type\":\"ImageObject\",\"inLanguage\":\"sq-AL\",\"@id\":\"https:\\\/\\\/kt.gov.rs\\\/#\\\/schema\\\/logo\\\/image\\\/\",\"url\":\"https:\\\/\\\/kt.gov.rs\\\/wp-content\\\/uploads\\\/2024\\\/12\\\/koord2.jpg\",\"contentUrl\":\"https:\\\/\\\/kt.gov.rs\\\/wp-content\\\/uploads\\\/2024\\\/12\\\/koord2.jpg\",\"width\":640,\"height\":480,\"caption\":\"\u041a\u043e\u043e\u0440\u0434\u0438\u043d\u0430\u0446\u0438\u043e\u043d\u043e \u0442\u0435\u043b\u043e \u0412\u043b\u0430\u0434\u0435 \u0420\u0435\u043f\u0443\u0431\u043b\u0438\u043a\u0435 \u0421\u0440\u0431\u0438\u0458\u0435 \u0437\u0430 \u043e\u043f\u0448\u0442\u0438\u043d\u0435 \u041f\u0440\u0435\u0448\u0435\u0432\u043e, \u0411\u0443\u0458\u0430\u043d\u043e\u0432\u0430\u0446 \u0438 \u041c\u0435\u0434\u0432\u0435\u0452a\"},\"image\":{\"@id\":\"https:\\\/\\\/kt.gov.rs\\\/#\\\/schema\\\/logo\\\/image\\\/\"},\"sameAs\":[\"https:\\\/\\\/www.facebook.com\\\/SluzbaKoordinacionogTelaVladeRepublikeSrbije\",\"https:\\\/\\\/x.com\\\/kt_gov\",\"https:\\\/\\\/www.youtube.com\\\/@koordinacionotelo\"]},{\"@type\":\"Person\",\"@id\":\"https:\\\/\\\/kt.gov.rs\\\/#\\\/schema\\\/person\\\/e426459ddb4173309103390602694571\",\"name\":\"ktmin\",\"image\":{\"@type\":\"ImageObject\",\"inLanguage\":\"sq-AL\",\"@id\":\"https:\\\/\\\/secure.gravatar.com\\\/avatar\\\/3985c961109853010c3fbc7ba30365bfba5db3dd6c525831d9c595c7525a615a?s=96&d=mm&r=g\",\"url\":\"https:\\\/\\\/secure.gravatar.com\\\/avatar\\\/3985c961109853010c3fbc7ba30365bfba5db3dd6c525831d9c595c7525a615a?s=96&d=mm&r=g\",\"contentUrl\":\"https:\\\/\\\/secure.gravatar.com\\\/avatar\\\/3985c961109853010c3fbc7ba30365bfba5db3dd6c525831d9c595c7525a615a?s=96&d=mm&r=g\",\"caption\":\"ktmin\"},\"sameAs\":[\"https:\\\/\\\/kt.gov.rs\"],\"url\":\"https:\\\/\\\/kt.gov.rs\\\/sq\\\/author\\\/ktmin\\\/\"}]}<\/script>\n<!-- \/ Yoast SEO plugin. -->","yoast_head_json":{"title":"FORCIMI I BARAZIS\u00cb GJINORE N\u00cb 28 QYTETE DHE KOMUNA N\u00cb SERBI - Republika e S\u00ebrbis\u00eb Trupi Koordinues p\u00ebr komunat Bujanoc, Preshev\u00eb dhe Medvegj\u00eb","robots":{"index":"index","follow":"follow","max-snippet":"max-snippet:-1","max-image-preview":"max-image-preview:large","max-video-preview":"max-video-preview:-1"},"canonical":"https:\/\/kt.gov.rs\/sq\/forcimi-i-barazise-gjinore-ne-28-qytete-dhe-komuna-ne-serbi\/","og_locale":"sq_AL","og_type":"article","og_title":"FORCIMI I BARAZIS\u00cb GJINORE N\u00cb 28 QYTETE DHE KOMUNA N\u00cb SERBI - Republika e S\u00ebrbis\u00eb Trupi Koordinues p\u00ebr komunat Bujanoc, Preshev\u00eb dhe Medvegj\u00eb","og_description":"Programi Swiss PRO , brenda thirrjes publike &quot;Q\u00eb barazia t\u00eb b\u00ebhet realitet&quot;, mb\u00ebshteti 28\u00a0vet\u00ebqeverisje\u00a0lokale p\u00ebr t\u00eb zbatuar projekte q\u00eb synojn\u00eb forcimin e mekanizmave p\u00ebr barazin\u00eb gjinore. M\u00eb shum\u00eb se 5.000 qytetar\u00eb do t\u00eb p\u00ebrfitojn\u00eb drejtp\u00ebrdrejt nga k\u00ebto projekte.","og_url":"https:\/\/kt.gov.rs\/sq\/forcimi-i-barazise-gjinore-ne-28-qytete-dhe-komuna-ne-serbi\/","og_site_name":"Republika e S\u00ebrbis\u00eb Trupi Koordinues p\u00ebr komunat Bujanoc, Preshev\u00eb dhe Medvegj\u00eb","article_publisher":"https:\/\/www.facebook.com\/SluzbaKoordinacionogTelaVladeRepublikeSrbije","article_published_time":"2021-03-10T00:00:00+00:00","article_modified_time":"2024-07-30T18:01:13+00:00","og_image":[{"width":315,"height":230,"url":"https:\/\/kt.gov.rs\/wp-content\/uploads\/2024\/07\/1615367524_100321_2-5.jpg","type":"image\/jpeg"}],"author":"ktmin","twitter_card":"summary_large_image","twitter_creator":"@kt_gov","twitter_site":"@kt_gov","twitter_misc":{"Written by":"ktmin","Est. reading time":"2 minutes"},"schema":{"@context":"https:\/\/schema.org","@graph":[{"@type":"Article","@id":"https:\/\/kt.gov.rs\/sq\/forcimi-i-barazise-gjinore-ne-28-qytete-dhe-komuna-ne-serbi\/#article","isPartOf":{"@id":"https:\/\/kt.gov.rs\/sq\/forcimi-i-barazise-gjinore-ne-28-qytete-dhe-komuna-ne-serbi\/"},"author":{"name":"ktmin","@id":"https:\/\/kt.gov.rs\/#\/schema\/person\/e426459ddb4173309103390602694571"},"headline":"FORCIMI I BARAZIS\u00cb GJINORE N\u00cb 28 QYTETE DHE KOMUNA N\u00cb SERBI","datePublished":"2021-03-10T00:00:00+00:00","dateModified":"2024-07-30T18:01:13+00:00","mainEntityOfPage":{"@id":"https:\/\/kt.gov.rs\/sq\/forcimi-i-barazise-gjinore-ne-28-qytete-dhe-komuna-ne-serbi\/"},"wordCount":368,"publisher":{"@id":"https:\/\/kt.gov.rs\/#organization"},"image":{"@id":"https:\/\/kt.gov.rs\/sq\/forcimi-i-barazise-gjinore-ne-28-qytete-dhe-komuna-ne-serbi\/#primaryimage"},"thumbnailUrl":"https:\/\/kt.gov.rs\/wp-content\/uploads\/2024\/07\/1615367524_100321_2-5.jpg","articleSection":["Lajme"],"inLanguage":"sq-AL"},{"@type":"WebPage","@id":"https:\/\/kt.gov.rs\/sq\/forcimi-i-barazise-gjinore-ne-28-qytete-dhe-komuna-ne-serbi\/","url":"https:\/\/kt.gov.rs\/sq\/forcimi-i-barazise-gjinore-ne-28-qytete-dhe-komuna-ne-serbi\/","name":"FORCIMI I BARAZIS\u00cb GJINORE N\u00cb 28 QYTETE DHE KOMUNA N\u00cb SERBI - Republika e S\u00ebrbis\u00eb Trupi Koordinues p\u00ebr komunat Bujanoc, Preshev\u00eb dhe Medvegj\u00eb","isPartOf":{"@id":"https:\/\/kt.gov.rs\/#website"},"primaryImageOfPage":{"@id":"https:\/\/kt.gov.rs\/sq\/forcimi-i-barazise-gjinore-ne-28-qytete-dhe-komuna-ne-serbi\/#primaryimage"},"image":{"@id":"https:\/\/kt.gov.rs\/sq\/forcimi-i-barazise-gjinore-ne-28-qytete-dhe-komuna-ne-serbi\/#primaryimage"},"thumbnailUrl":"https:\/\/kt.gov.rs\/wp-content\/uploads\/2024\/07\/1615367524_100321_2-5.jpg","datePublished":"2021-03-10T00:00:00+00:00","dateModified":"2024-07-30T18:01:13+00:00","breadcrumb":{"@id":"https:\/\/kt.gov.rs\/sq\/forcimi-i-barazise-gjinore-ne-28-qytete-dhe-komuna-ne-serbi\/#breadcrumb"},"inLanguage":"sq-AL","potentialAction":[{"@type":"ReadAction","target":["https:\/\/kt.gov.rs\/sq\/forcimi-i-barazise-gjinore-ne-28-qytete-dhe-komuna-ne-serbi\/"]}]},{"@type":"ImageObject","inLanguage":"sq-AL","@id":"https:\/\/kt.gov.rs\/sq\/forcimi-i-barazise-gjinore-ne-28-qytete-dhe-komuna-ne-serbi\/#primaryimage","url":"https:\/\/kt.gov.rs\/wp-content\/uploads\/2024\/07\/1615367524_100321_2-5.jpg","contentUrl":"https:\/\/kt.gov.rs\/wp-content\/uploads\/2024\/07\/1615367524_100321_2-5.jpg","width":315,"height":230},{"@type":"BreadcrumbList","@id":"https:\/\/kt.gov.rs\/sq\/forcimi-i-barazise-gjinore-ne-28-qytete-dhe-komuna-ne-serbi\/#breadcrumb","itemListElement":[{"@type":"ListItem","position":1,"name":"\u041f\u043e\u0447\u0435\u0442\u043d\u0430","item":"https:\/\/kt.gov.rs\/sq\/"},{"@type":"ListItem","position":2,"name":"FORCIMI I BARAZIS\u00cb GJINORE N\u00cb 28 QYTETE DHE KOMUNA N\u00cb SERBI"}]},{"@type":"WebSite","@id":"https:\/\/kt.gov.rs\/#website","url":"https:\/\/kt.gov.rs\/","name":"\u041a\u043e\u043e\u0440\u0434\u0438\u043d\u0430\u0446\u0438\u043e\u043d\u043e \u0442\u0435\u043b\u043e \u0412\u043b\u0430\u0434\u0435 \u0420\u0435\u043f\u0443\u0431\u043b\u0438\u043a\u0435 \u0421\u0440\u0431\u0438\u0458\u0435 \u0437\u0430 \u043e\u043f\u0448\u0442\u0438\u043d\u0435 \u041f\u0440\u0435\u0448\u0435\u0432\u043e, \u0411\u0443\u0458\u0430\u043d\u043e\u0432\u0430\u0446 \u0438 \u041c\u0435\u0434\u0432\u0435\u0452a","description":"","publisher":{"@id":"https:\/\/kt.gov.rs\/#organization"},"alternateName":"\u041a\u043e\u043e\u0440\u0434\u0438\u043d\u0430\u0446\u0438\u043e\u043d\u043e \u0442\u0435\u043b\u043e","potentialAction":[{"@type":"SearchAction","target":{"@type":"EntryPoint","urlTemplate":"https:\/\/kt.gov.rs\/?s={search_term_string}"},"query-input":{"@type":"PropertyValueSpecification","valueRequired":true,"valueName":"search_term_string"}}],"inLanguage":"sq-AL"},{"@type":"Organization","@id":"https:\/\/kt.gov.rs\/#organization","name":"\u041a\u043e\u043e\u0440\u0434\u0438\u043d\u0430\u0446\u0438\u043e\u043d\u043e \u0442\u0435\u043b\u043e \u0412\u043b\u0430\u0434\u0435 \u0420\u0435\u043f\u0443\u0431\u043b\u0438\u043a\u0435 \u0421\u0440\u0431\u0438\u0458\u0435 \u0437\u0430 \u043e\u043f\u0448\u0442\u0438\u043d\u0435 \u041f\u0440\u0435\u0448\u0435\u0432\u043e, \u0411\u0443\u0458\u0430\u043d\u043e\u0432\u0430\u0446 \u0438 \u041c\u0435\u0434\u0432\u0435\u0452a","alternateName":"\u041a\u043e\u043e\u0440\u0434\u0438\u043d\u0430\u0446\u0438\u043e\u043d\u043e \u0442\u0435\u043b\u043e","url":"https:\/\/kt.gov.rs\/","logo":{"@type":"ImageObject","inLanguage":"sq-AL","@id":"https:\/\/kt.gov.rs\/#\/schema\/logo\/image\/","url":"https:\/\/kt.gov.rs\/wp-content\/uploads\/2024\/12\/koord2.jpg","contentUrl":"https:\/\/kt.gov.rs\/wp-content\/uploads\/2024\/12\/koord2.jpg","width":640,"height":480,"caption":"\u041a\u043e\u043e\u0440\u0434\u0438\u043d\u0430\u0446\u0438\u043e\u043d\u043e \u0442\u0435\u043b\u043e \u0412\u043b\u0430\u0434\u0435 \u0420\u0435\u043f\u0443\u0431\u043b\u0438\u043a\u0435 \u0421\u0440\u0431\u0438\u0458\u0435 \u0437\u0430 \u043e\u043f\u0448\u0442\u0438\u043d\u0435 \u041f\u0440\u0435\u0448\u0435\u0432\u043e, \u0411\u0443\u0458\u0430\u043d\u043e\u0432\u0430\u0446 \u0438 \u041c\u0435\u0434\u0432\u0435\u0452a"},"image":{"@id":"https:\/\/kt.gov.rs\/#\/schema\/logo\/image\/"},"sameAs":["https:\/\/www.facebook.com\/SluzbaKoordinacionogTelaVladeRepublikeSrbije","https:\/\/x.com\/kt_gov","https:\/\/www.youtube.com\/@koordinacionotelo"]},{"@type":"Person","@id":"https:\/\/kt.gov.rs\/#\/schema\/person\/e426459ddb4173309103390602694571","name":"ktmin","image":{"@type":"ImageObject","inLanguage":"sq-AL","@id":"https:\/\/secure.gravatar.com\/avatar\/3985c961109853010c3fbc7ba30365bfba5db3dd6c525831d9c595c7525a615a?s=96&d=mm&r=g","url":"https:\/\/secure.gravatar.com\/avatar\/3985c961109853010c3fbc7ba30365bfba5db3dd6c525831d9c595c7525a615a?s=96&d=mm&r=g","contentUrl":"https:\/\/secure.gravatar.com\/avatar\/3985c961109853010c3fbc7ba30365bfba5db3dd6c525831d9c595c7525a615a?s=96&d=mm&r=g","caption":"ktmin"},"sameAs":["https:\/\/kt.gov.rs"],"url":"https:\/\/kt.gov.rs\/sq\/author\/ktmin\/"}]}},"_links":{"self":[{"href":"https:\/\/kt.gov.rs\/sq\/wp-json\/wp\/v2\/posts\/110340","targetHints":{"allow":["GET"]}}],"collection":[{"href":"https:\/\/kt.gov.rs\/sq\/wp-json\/wp\/v2\/posts"}],"about":[{"href":"https:\/\/kt.gov.rs\/sq\/wp-json\/wp\/v2\/types\/post"}],"author":[{"embeddable":true,"href":"https:\/\/kt.gov.rs\/sq\/wp-json\/wp\/v2\/users\/1"}],"replies":[{"embeddable":true,"href":"https:\/\/kt.gov.rs\/sq\/wp-json\/wp\/v2\/comments?post=110340"}],"version-history":[{"count":1,"href":"https:\/\/kt.gov.rs\/sq\/wp-json\/wp\/v2\/posts\/110340\/revisions"}],"predecessor-version":[{"id":110344,"href":"https:\/\/kt.gov.rs\/sq\/wp-json\/wp\/v2\/posts\/110340\/revisions\/110344"}],"wp:featuredmedia":[{"embeddable":true,"href":"https:\/\/kt.gov.rs\/sq\/wp-json\/wp\/v2\/media\/110345"}],"wp:attachment":[{"href":"https:\/\/kt.gov.rs\/sq\/wp-json\/wp\/v2\/media?parent=110340"}],"wp:term":[{"taxonomy":"category","embeddable":true,"href":"https:\/\/kt.gov.rs\/sq\/wp-json\/wp\/v2\/categories?post=110340"},{"taxonomy":"post_tag","embeddable":true,"href":"https:\/\/kt.gov.rs\/sq\/wp-json\/wp\/v2\/tags?post=110340"}],"curies":[{"name":"wp","href":"https:\/\/api.w.org\/{rel}","templated":true}]}}