{"id":110316,"date":"2021-03-11T00:00:00","date_gmt":"2021-03-11T00:00:00","guid":{"rendered":"http:\/\/kt.printandscreen.rs\/job-fair-2021-kariera-jote-fillon-ketu\/"},"modified":"2024-07-30T18:01:11","modified_gmt":"2024-07-30T18:01:11","slug":"job-fair-2021-kariera-jote-fillon-ketu","status":"publish","type":"post","link":"https:\/\/kt.gov.rs\/sq\/job-fair-2021-kariera-jote-fillon-ketu\/","title":{"rendered":"JOB FAIR 2021 \u2013 KARIERA JOTE FILLON K\u00cbTU!"},"content":{"rendered":"<p>\n\t<img decoding=\"async\" alt=\"\" src=\"https:\/\/kt.gov.rs\/wp-content\/uploads\/2024\/07\/1615456316_110321_1-4.jpg\" style=\"width: 315px; height: 230px; float: left;\" \/>Shoqata e student\u00ebve teknik\u00eb t\u00eb Evrop\u00ebs \u2013 BEST Nish\u00a0 organizon panairin epun\u00ebs dhe praktikave profesionale &quot; Job Fair 2021 \u2013 Kariera jote fillon k\u00ebtu!<\/p>\n<p>\n\tQ\u00ebllimi i k\u00ebsaj ngjarjeje \u00ebsht\u00eb t&#39;u jap\u00eb student\u00ebve, t\u00eb diplomuar\u00ebve\u00a0 nj\u00eb shans p\u00ebr t\u00eb hyr\u00eb n\u00eb kontakt me pun\u00ebdh\u00ebn\u00ebsit dhe k\u00ebshtu t\u00eb b\u00ebhet m\u00eb\u00a0 leht\u00eb p\u00ebr ta q\u00eb t\u00eb k\u00ebrkojn\u00eb p\u00ebrvoj\u00eb\u00a0 pune. Panairi do t\u00eb mbahet m\u00eb 22 dhe 23 Mars 2021 n\u00eb platform\u00ebn q\u00eb mund ta gjeni n\u00eb faqen ton\u00eb t\u00eb posht\u00ebp\u00ebrmendur<\/p>\n<p>\n\tVizitor\u00ebve n\u00eb panair u jepet mund\u00ebsia t\u00eb hyjn\u00eb n\u00eb komunikim t\u00eb drejtp\u00ebrdrejt\u00eb me p\u00ebrfaq\u00ebsues t\u00eb kompanive, t\u00eb cil\u00ebt k\u00ebrkojn\u00eb staf t\u00eb ri, ambicioz dhe shum\u00eb t\u00eb kualifikuar, dhe personalisht t\u00eb sigurojn\u00eb q\u00eb biografia e tyre t\u00eb spikas\u00eb.<\/p>\n<p>\n\tVizitor\u00ebt n\u00eb panair do t\u00eb jen\u00eb gjithashtu n\u00eb gjendje t\u00eb marin pjes\u00eb n\u00eb pun\u00ebtori, forume dhe prezantime falas nga kompanit\u00eb pjes\u00ebmarr\u00ebse. BEST Nish po p\u00ebrpiqet t\u00eb motivoj\u00eb t\u00eb gjith\u00eb ata q\u00eb k\u00ebrkojn\u00eb nj\u00eb pun\u00eb p\u00ebr t\u00eb qen\u00eb aktiv, sepse ndoshta n\u00eb k\u00ebt\u00eb panair ata do t\u00eb marrin pun\u00ebn p\u00ebr t\u00eb cil\u00ebn jan\u00eb t\u00eb pregaditur.<\/p>\n<p>\n\tM\u00eb shum\u00eb informacion n\u00eb lidhje me panairin dhe p\u00ebrmbajtjen e tij, si dhe t\u00eb gjitha t\u00eb rejat p\u00ebr kompanit\u00eb dhe sponsor\u00ebt, mund t\u00eb gjenden n\u00eb faqen zyrtare t\u00eb panairit <a href=\"http:\/\/www.jobfairnis.rs\/\" target=\"_blank\" rel=\"noopener\"><strong>www.jobfairnis.rs<\/strong><\/a><strong><u>.<\/u><\/strong><\/p>\n<p>\n\tN\u00eb t\u00eb nj\u00ebjt\u00ebn faqe, t\u00eb gjith\u00eb t\u00eb interesuarit mund t\u00eb nd\u00ebrmarin hapat e par\u00eb drejt gjetjes s\u00eb nj\u00eb pune duke l\u00ebn\u00eb CV-n\u00eb e tyre n\u00eb baz\u00ebn e t\u00eb dh\u00ebnave elektronike. Baza e t\u00eb dh\u00ebnave do t\u00eb jet\u00eb n\u00eb dispozicion p\u00ebr t\u00eb gjitha kompanit\u00eb pjes\u00ebmar\u00ebse n\u00eb panair, pas s\u00eb cil\u00ebs ata do t\u00eb jen\u00eb n\u00eb gjendje t\u00eb zgjedhin stafin, profili i t\u00eb cilit u p\u00ebrshtatet m\u00eb shum\u00eb.<\/p>\n<p>\n\tT\u00eb gjitha t\u00eb dh\u00ebnat e mbetura n\u00eb baz\u00ebn e t\u00eb dh\u00ebnave CV do t\u00eb ruhen n\u00eb p\u00ebrputhje me Ligjin p\u00ebr mbrojtjen e t\u00eb dh\u00ebnave personale<\/p>\n<p>\n\t<strong>Burimi: NajStudent.com dhe Trupi koordinues<\/strong><\/p>\n<p>\n\t\u00a0<\/p>\n","protected":false},"excerpt":{"rendered":"<p>Shoqata e student\u00ebve teknik\u00eb t\u00eb Evrop\u00ebs \u2013 BEST Nish organizon panairin epun\u00ebs dhe praktikave profesionale &quot; Job Fair 2021 \u2013 Kariera jote fillon k\u00ebtu!<\/p>\n","protected":false},"author":1,"featured_media":110321,"comment_status":"closed","ping_status":"closed","sticky":false,"template":"","format":"standard","meta":{"footnotes":""},"categories":[55],"tags":[],"class_list":["post-110316","post","type-post","status-publish","format-standard","has-post-thumbnail","hentry","category-lajme"],"yoast_head":"<!-- This site is optimized with the Yoast SEO plugin v27.5 - https:\/\/yoast.com\/product\/yoast-seo-wordpress\/ -->\n<title>JOB FAIR 2021 \u2013 KARIERA JOTE FILLON K\u00cbTU! - Republika e S\u00ebrbis\u00eb Trupi Koordinues p\u00ebr komunat Bujanoc, Preshev\u00eb dhe Medvegj\u00eb<\/title>\n<meta name=\"robots\" content=\"index, follow, max-snippet:-1, max-image-preview:large, max-video-preview:-1\" \/>\n<link rel=\"canonical\" href=\"https:\/\/kt.gov.rs\/sq\/job-fair-2021-kariera-jote-fillon-ketu\/\" \/>\n<meta property=\"og:locale\" content=\"sq_AL\" \/>\n<meta property=\"og:type\" content=\"article\" \/>\n<meta property=\"og:title\" content=\"JOB FAIR 2021 \u2013 KARIERA JOTE FILLON K\u00cbTU! - Republika e S\u00ebrbis\u00eb Trupi Koordinues p\u00ebr komunat Bujanoc, Preshev\u00eb dhe Medvegj\u00eb\" \/>\n<meta property=\"og:description\" content=\"Shoqata e student\u00ebve teknik\u00eb t\u00eb Evrop\u00ebs - BEST Nish organizon panairin epun\u00ebs dhe praktikave profesionale &quot; Job Fair 2021 \u2013 Kariera jote fillon k\u00ebtu!\" \/>\n<meta property=\"og:url\" content=\"https:\/\/kt.gov.rs\/sq\/job-fair-2021-kariera-jote-fillon-ketu\/\" \/>\n<meta property=\"og:site_name\" content=\"Republika e S\u00ebrbis\u00eb Trupi Koordinues p\u00ebr komunat Bujanoc, Preshev\u00eb dhe Medvegj\u00eb\" \/>\n<meta property=\"article:publisher\" content=\"https:\/\/www.facebook.com\/SluzbaKoordinacionogTelaVladeRepublikeSrbije\" \/>\n<meta property=\"article:published_time\" content=\"2021-03-11T00:00:00+00:00\" \/>\n<meta property=\"article:modified_time\" content=\"2024-07-30T18:01:11+00:00\" \/>\n<meta property=\"og:image\" content=\"https:\/\/kt.gov.rs\/wp-content\/uploads\/2024\/07\/1615456316_110321_1-5.jpg\" \/>\n\t<meta property=\"og:image:width\" content=\"315\" \/>\n\t<meta property=\"og:image:height\" content=\"230\" \/>\n\t<meta property=\"og:image:type\" content=\"image\/jpeg\" \/>\n<meta name=\"author\" content=\"ktmin\" \/>\n<meta name=\"twitter:card\" content=\"summary_large_image\" \/>\n<meta name=\"twitter:creator\" content=\"@kt_gov\" \/>\n<meta name=\"twitter:site\" content=\"@kt_gov\" \/>\n<meta name=\"twitter:label1\" content=\"Written by\" \/>\n\t<meta name=\"twitter:data1\" content=\"ktmin\" \/>\n\t<meta name=\"twitter:label2\" content=\"Est. reading time\" \/>\n\t<meta name=\"twitter:data2\" content=\"3 minutes\" \/>\n<script type=\"application\/ld+json\" class=\"yoast-schema-graph\">{\"@context\":\"https:\\\/\\\/schema.org\",\"@graph\":[{\"@type\":\"Article\",\"@id\":\"https:\\\/\\\/kt.gov.rs\\\/sq\\\/job-fair-2021-kariera-jote-fillon-ketu\\\/#article\",\"isPartOf\":{\"@id\":\"https:\\\/\\\/kt.gov.rs\\\/sq\\\/job-fair-2021-kariera-jote-fillon-ketu\\\/\"},\"author\":{\"name\":\"ktmin\",\"@id\":\"https:\\\/\\\/kt.gov.rs\\\/#\\\/schema\\\/person\\\/e426459ddb4173309103390602694571\"},\"headline\":\"JOB FAIR 2021 \u2013 KARIERA JOTE FILLON K\u00cbTU!\",\"datePublished\":\"2021-03-11T00:00:00+00:00\",\"dateModified\":\"2024-07-30T18:01:11+00:00\",\"mainEntityOfPage\":{\"@id\":\"https:\\\/\\\/kt.gov.rs\\\/sq\\\/job-fair-2021-kariera-jote-fillon-ketu\\\/\"},\"wordCount\":533,\"publisher\":{\"@id\":\"https:\\\/\\\/kt.gov.rs\\\/#organization\"},\"image\":{\"@id\":\"https:\\\/\\\/kt.gov.rs\\\/sq\\\/job-fair-2021-kariera-jote-fillon-ketu\\\/#primaryimage\"},\"thumbnailUrl\":\"https:\\\/\\\/kt.gov.rs\\\/wp-content\\\/uploads\\\/2024\\\/07\\\/1615456316_110321_1-5.jpg\",\"articleSection\":[\"Lajme\"],\"inLanguage\":\"sq-AL\"},{\"@type\":\"WebPage\",\"@id\":\"https:\\\/\\\/kt.gov.rs\\\/sq\\\/job-fair-2021-kariera-jote-fillon-ketu\\\/\",\"url\":\"https:\\\/\\\/kt.gov.rs\\\/sq\\\/job-fair-2021-kariera-jote-fillon-ketu\\\/\",\"name\":\"JOB FAIR 2021 \u2013 KARIERA JOTE FILLON K\u00cbTU! - Republika e S\u00ebrbis\u00eb Trupi Koordinues p\u00ebr komunat Bujanoc, Preshev\u00eb dhe Medvegj\u00eb\",\"isPartOf\":{\"@id\":\"https:\\\/\\\/kt.gov.rs\\\/#website\"},\"primaryImageOfPage\":{\"@id\":\"https:\\\/\\\/kt.gov.rs\\\/sq\\\/job-fair-2021-kariera-jote-fillon-ketu\\\/#primaryimage\"},\"image\":{\"@id\":\"https:\\\/\\\/kt.gov.rs\\\/sq\\\/job-fair-2021-kariera-jote-fillon-ketu\\\/#primaryimage\"},\"thumbnailUrl\":\"https:\\\/\\\/kt.gov.rs\\\/wp-content\\\/uploads\\\/2024\\\/07\\\/1615456316_110321_1-5.jpg\",\"datePublished\":\"2021-03-11T00:00:00+00:00\",\"dateModified\":\"2024-07-30T18:01:11+00:00\",\"breadcrumb\":{\"@id\":\"https:\\\/\\\/kt.gov.rs\\\/sq\\\/job-fair-2021-kariera-jote-fillon-ketu\\\/#breadcrumb\"},\"inLanguage\":\"sq-AL\",\"potentialAction\":[{\"@type\":\"ReadAction\",\"target\":[\"https:\\\/\\\/kt.gov.rs\\\/sq\\\/job-fair-2021-kariera-jote-fillon-ketu\\\/\"]}]},{\"@type\":\"ImageObject\",\"inLanguage\":\"sq-AL\",\"@id\":\"https:\\\/\\\/kt.gov.rs\\\/sq\\\/job-fair-2021-kariera-jote-fillon-ketu\\\/#primaryimage\",\"url\":\"https:\\\/\\\/kt.gov.rs\\\/wp-content\\\/uploads\\\/2024\\\/07\\\/1615456316_110321_1-5.jpg\",\"contentUrl\":\"https:\\\/\\\/kt.gov.rs\\\/wp-content\\\/uploads\\\/2024\\\/07\\\/1615456316_110321_1-5.jpg\",\"width\":315,\"height\":230},{\"@type\":\"BreadcrumbList\",\"@id\":\"https:\\\/\\\/kt.gov.rs\\\/sq\\\/job-fair-2021-kariera-jote-fillon-ketu\\\/#breadcrumb\",\"itemListElement\":[{\"@type\":\"ListItem\",\"position\":1,\"name\":\"\u041f\u043e\u0447\u0435\u0442\u043d\u0430\",\"item\":\"https:\\\/\\\/kt.gov.rs\\\/sq\\\/\"},{\"@type\":\"ListItem\",\"position\":2,\"name\":\"JOB FAIR 2021 \u2013 KARIERA JOTE FILLON K\u00cbTU!\"}]},{\"@type\":\"WebSite\",\"@id\":\"https:\\\/\\\/kt.gov.rs\\\/#website\",\"url\":\"https:\\\/\\\/kt.gov.rs\\\/\",\"name\":\"\u041a\u043e\u043e\u0440\u0434\u0438\u043d\u0430\u0446\u0438\u043e\u043d\u043e \u0442\u0435\u043b\u043e \u0412\u043b\u0430\u0434\u0435 \u0420\u0435\u043f\u0443\u0431\u043b\u0438\u043a\u0435 \u0421\u0440\u0431\u0438\u0458\u0435 \u0437\u0430 \u043e\u043f\u0448\u0442\u0438\u043d\u0435 \u041f\u0440\u0435\u0448\u0435\u0432\u043e, \u0411\u0443\u0458\u0430\u043d\u043e\u0432\u0430\u0446 \u0438 \u041c\u0435\u0434\u0432\u0435\u0452a\",\"description\":\"\",\"publisher\":{\"@id\":\"https:\\\/\\\/kt.gov.rs\\\/#organization\"},\"alternateName\":\"\u041a\u043e\u043e\u0440\u0434\u0438\u043d\u0430\u0446\u0438\u043e\u043d\u043e \u0442\u0435\u043b\u043e\",\"potentialAction\":[{\"@type\":\"SearchAction\",\"target\":{\"@type\":\"EntryPoint\",\"urlTemplate\":\"https:\\\/\\\/kt.gov.rs\\\/?s={search_term_string}\"},\"query-input\":{\"@type\":\"PropertyValueSpecification\",\"valueRequired\":true,\"valueName\":\"search_term_string\"}}],\"inLanguage\":\"sq-AL\"},{\"@type\":\"Organization\",\"@id\":\"https:\\\/\\\/kt.gov.rs\\\/#organization\",\"name\":\"\u041a\u043e\u043e\u0440\u0434\u0438\u043d\u0430\u0446\u0438\u043e\u043d\u043e \u0442\u0435\u043b\u043e \u0412\u043b\u0430\u0434\u0435 \u0420\u0435\u043f\u0443\u0431\u043b\u0438\u043a\u0435 \u0421\u0440\u0431\u0438\u0458\u0435 \u0437\u0430 \u043e\u043f\u0448\u0442\u0438\u043d\u0435 \u041f\u0440\u0435\u0448\u0435\u0432\u043e, \u0411\u0443\u0458\u0430\u043d\u043e\u0432\u0430\u0446 \u0438 \u041c\u0435\u0434\u0432\u0435\u0452a\",\"alternateName\":\"\u041a\u043e\u043e\u0440\u0434\u0438\u043d\u0430\u0446\u0438\u043e\u043d\u043e \u0442\u0435\u043b\u043e\",\"url\":\"https:\\\/\\\/kt.gov.rs\\\/\",\"logo\":{\"@type\":\"ImageObject\",\"inLanguage\":\"sq-AL\",\"@id\":\"https:\\\/\\\/kt.gov.rs\\\/#\\\/schema\\\/logo\\\/image\\\/\",\"url\":\"https:\\\/\\\/kt.gov.rs\\\/wp-content\\\/uploads\\\/2024\\\/12\\\/koord2.jpg\",\"contentUrl\":\"https:\\\/\\\/kt.gov.rs\\\/wp-content\\\/uploads\\\/2024\\\/12\\\/koord2.jpg\",\"width\":640,\"height\":480,\"caption\":\"\u041a\u043e\u043e\u0440\u0434\u0438\u043d\u0430\u0446\u0438\u043e\u043d\u043e \u0442\u0435\u043b\u043e \u0412\u043b\u0430\u0434\u0435 \u0420\u0435\u043f\u0443\u0431\u043b\u0438\u043a\u0435 \u0421\u0440\u0431\u0438\u0458\u0435 \u0437\u0430 \u043e\u043f\u0448\u0442\u0438\u043d\u0435 \u041f\u0440\u0435\u0448\u0435\u0432\u043e, \u0411\u0443\u0458\u0430\u043d\u043e\u0432\u0430\u0446 \u0438 \u041c\u0435\u0434\u0432\u0435\u0452a\"},\"image\":{\"@id\":\"https:\\\/\\\/kt.gov.rs\\\/#\\\/schema\\\/logo\\\/image\\\/\"},\"sameAs\":[\"https:\\\/\\\/www.facebook.com\\\/SluzbaKoordinacionogTelaVladeRepublikeSrbije\",\"https:\\\/\\\/x.com\\\/kt_gov\",\"https:\\\/\\\/www.youtube.com\\\/@koordinacionotelo\"]},{\"@type\":\"Person\",\"@id\":\"https:\\\/\\\/kt.gov.rs\\\/#\\\/schema\\\/person\\\/e426459ddb4173309103390602694571\",\"name\":\"ktmin\",\"image\":{\"@type\":\"ImageObject\",\"inLanguage\":\"sq-AL\",\"@id\":\"https:\\\/\\\/secure.gravatar.com\\\/avatar\\\/3985c961109853010c3fbc7ba30365bfba5db3dd6c525831d9c595c7525a615a?s=96&d=mm&r=g\",\"url\":\"https:\\\/\\\/secure.gravatar.com\\\/avatar\\\/3985c961109853010c3fbc7ba30365bfba5db3dd6c525831d9c595c7525a615a?s=96&d=mm&r=g\",\"contentUrl\":\"https:\\\/\\\/secure.gravatar.com\\\/avatar\\\/3985c961109853010c3fbc7ba30365bfba5db3dd6c525831d9c595c7525a615a?s=96&d=mm&r=g\",\"caption\":\"ktmin\"},\"sameAs\":[\"https:\\\/\\\/kt.gov.rs\"],\"url\":\"https:\\\/\\\/kt.gov.rs\\\/sq\\\/author\\\/ktmin\\\/\"}]}<\/script>\n<!-- \/ Yoast SEO plugin. -->","yoast_head_json":{"title":"JOB FAIR 2021 \u2013 KARIERA JOTE FILLON K\u00cbTU! - Republika e S\u00ebrbis\u00eb Trupi Koordinues p\u00ebr komunat Bujanoc, Preshev\u00eb dhe Medvegj\u00eb","robots":{"index":"index","follow":"follow","max-snippet":"max-snippet:-1","max-image-preview":"max-image-preview:large","max-video-preview":"max-video-preview:-1"},"canonical":"https:\/\/kt.gov.rs\/sq\/job-fair-2021-kariera-jote-fillon-ketu\/","og_locale":"sq_AL","og_type":"article","og_title":"JOB FAIR 2021 \u2013 KARIERA JOTE FILLON K\u00cbTU! - Republika e S\u00ebrbis\u00eb Trupi Koordinues p\u00ebr komunat Bujanoc, Preshev\u00eb dhe Medvegj\u00eb","og_description":"Shoqata e student\u00ebve teknik\u00eb t\u00eb Evrop\u00ebs - BEST Nish organizon panairin epun\u00ebs dhe praktikave profesionale &quot; Job Fair 2021 \u2013 Kariera jote fillon k\u00ebtu!","og_url":"https:\/\/kt.gov.rs\/sq\/job-fair-2021-kariera-jote-fillon-ketu\/","og_site_name":"Republika e S\u00ebrbis\u00eb Trupi Koordinues p\u00ebr komunat Bujanoc, Preshev\u00eb dhe Medvegj\u00eb","article_publisher":"https:\/\/www.facebook.com\/SluzbaKoordinacionogTelaVladeRepublikeSrbije","article_published_time":"2021-03-11T00:00:00+00:00","article_modified_time":"2024-07-30T18:01:11+00:00","og_image":[{"width":315,"height":230,"url":"https:\/\/kt.gov.rs\/wp-content\/uploads\/2024\/07\/1615456316_110321_1-5.jpg","type":"image\/jpeg"}],"author":"ktmin","twitter_card":"summary_large_image","twitter_creator":"@kt_gov","twitter_site":"@kt_gov","twitter_misc":{"Written by":"ktmin","Est. reading time":"3 minutes"},"schema":{"@context":"https:\/\/schema.org","@graph":[{"@type":"Article","@id":"https:\/\/kt.gov.rs\/sq\/job-fair-2021-kariera-jote-fillon-ketu\/#article","isPartOf":{"@id":"https:\/\/kt.gov.rs\/sq\/job-fair-2021-kariera-jote-fillon-ketu\/"},"author":{"name":"ktmin","@id":"https:\/\/kt.gov.rs\/#\/schema\/person\/e426459ddb4173309103390602694571"},"headline":"JOB FAIR 2021 \u2013 KARIERA JOTE FILLON K\u00cbTU!","datePublished":"2021-03-11T00:00:00+00:00","dateModified":"2024-07-30T18:01:11+00:00","mainEntityOfPage":{"@id":"https:\/\/kt.gov.rs\/sq\/job-fair-2021-kariera-jote-fillon-ketu\/"},"wordCount":533,"publisher":{"@id":"https:\/\/kt.gov.rs\/#organization"},"image":{"@id":"https:\/\/kt.gov.rs\/sq\/job-fair-2021-kariera-jote-fillon-ketu\/#primaryimage"},"thumbnailUrl":"https:\/\/kt.gov.rs\/wp-content\/uploads\/2024\/07\/1615456316_110321_1-5.jpg","articleSection":["Lajme"],"inLanguage":"sq-AL"},{"@type":"WebPage","@id":"https:\/\/kt.gov.rs\/sq\/job-fair-2021-kariera-jote-fillon-ketu\/","url":"https:\/\/kt.gov.rs\/sq\/job-fair-2021-kariera-jote-fillon-ketu\/","name":"JOB FAIR 2021 \u2013 KARIERA JOTE FILLON K\u00cbTU! - Republika e S\u00ebrbis\u00eb Trupi Koordinues p\u00ebr komunat Bujanoc, Preshev\u00eb dhe Medvegj\u00eb","isPartOf":{"@id":"https:\/\/kt.gov.rs\/#website"},"primaryImageOfPage":{"@id":"https:\/\/kt.gov.rs\/sq\/job-fair-2021-kariera-jote-fillon-ketu\/#primaryimage"},"image":{"@id":"https:\/\/kt.gov.rs\/sq\/job-fair-2021-kariera-jote-fillon-ketu\/#primaryimage"},"thumbnailUrl":"https:\/\/kt.gov.rs\/wp-content\/uploads\/2024\/07\/1615456316_110321_1-5.jpg","datePublished":"2021-03-11T00:00:00+00:00","dateModified":"2024-07-30T18:01:11+00:00","breadcrumb":{"@id":"https:\/\/kt.gov.rs\/sq\/job-fair-2021-kariera-jote-fillon-ketu\/#breadcrumb"},"inLanguage":"sq-AL","potentialAction":[{"@type":"ReadAction","target":["https:\/\/kt.gov.rs\/sq\/job-fair-2021-kariera-jote-fillon-ketu\/"]}]},{"@type":"ImageObject","inLanguage":"sq-AL","@id":"https:\/\/kt.gov.rs\/sq\/job-fair-2021-kariera-jote-fillon-ketu\/#primaryimage","url":"https:\/\/kt.gov.rs\/wp-content\/uploads\/2024\/07\/1615456316_110321_1-5.jpg","contentUrl":"https:\/\/kt.gov.rs\/wp-content\/uploads\/2024\/07\/1615456316_110321_1-5.jpg","width":315,"height":230},{"@type":"BreadcrumbList","@id":"https:\/\/kt.gov.rs\/sq\/job-fair-2021-kariera-jote-fillon-ketu\/#breadcrumb","itemListElement":[{"@type":"ListItem","position":1,"name":"\u041f\u043e\u0447\u0435\u0442\u043d\u0430","item":"https:\/\/kt.gov.rs\/sq\/"},{"@type":"ListItem","position":2,"name":"JOB FAIR 2021 \u2013 KARIERA JOTE FILLON K\u00cbTU!"}]},{"@type":"WebSite","@id":"https:\/\/kt.gov.rs\/#website","url":"https:\/\/kt.gov.rs\/","name":"\u041a\u043e\u043e\u0440\u0434\u0438\u043d\u0430\u0446\u0438\u043e\u043d\u043e \u0442\u0435\u043b\u043e \u0412\u043b\u0430\u0434\u0435 \u0420\u0435\u043f\u0443\u0431\u043b\u0438\u043a\u0435 \u0421\u0440\u0431\u0438\u0458\u0435 \u0437\u0430 \u043e\u043f\u0448\u0442\u0438\u043d\u0435 \u041f\u0440\u0435\u0448\u0435\u0432\u043e, \u0411\u0443\u0458\u0430\u043d\u043e\u0432\u0430\u0446 \u0438 \u041c\u0435\u0434\u0432\u0435\u0452a","description":"","publisher":{"@id":"https:\/\/kt.gov.rs\/#organization"},"alternateName":"\u041a\u043e\u043e\u0440\u0434\u0438\u043d\u0430\u0446\u0438\u043e\u043d\u043e \u0442\u0435\u043b\u043e","potentialAction":[{"@type":"SearchAction","target":{"@type":"EntryPoint","urlTemplate":"https:\/\/kt.gov.rs\/?s={search_term_string}"},"query-input":{"@type":"PropertyValueSpecification","valueRequired":true,"valueName":"search_term_string"}}],"inLanguage":"sq-AL"},{"@type":"Organization","@id":"https:\/\/kt.gov.rs\/#organization","name":"\u041a\u043e\u043e\u0440\u0434\u0438\u043d\u0430\u0446\u0438\u043e\u043d\u043e \u0442\u0435\u043b\u043e \u0412\u043b\u0430\u0434\u0435 \u0420\u0435\u043f\u0443\u0431\u043b\u0438\u043a\u0435 \u0421\u0440\u0431\u0438\u0458\u0435 \u0437\u0430 \u043e\u043f\u0448\u0442\u0438\u043d\u0435 \u041f\u0440\u0435\u0448\u0435\u0432\u043e, \u0411\u0443\u0458\u0430\u043d\u043e\u0432\u0430\u0446 \u0438 \u041c\u0435\u0434\u0432\u0435\u0452a","alternateName":"\u041a\u043e\u043e\u0440\u0434\u0438\u043d\u0430\u0446\u0438\u043e\u043d\u043e \u0442\u0435\u043b\u043e","url":"https:\/\/kt.gov.rs\/","logo":{"@type":"ImageObject","inLanguage":"sq-AL","@id":"https:\/\/kt.gov.rs\/#\/schema\/logo\/image\/","url":"https:\/\/kt.gov.rs\/wp-content\/uploads\/2024\/12\/koord2.jpg","contentUrl":"https:\/\/kt.gov.rs\/wp-content\/uploads\/2024\/12\/koord2.jpg","width":640,"height":480,"caption":"\u041a\u043e\u043e\u0440\u0434\u0438\u043d\u0430\u0446\u0438\u043e\u043d\u043e \u0442\u0435\u043b\u043e \u0412\u043b\u0430\u0434\u0435 \u0420\u0435\u043f\u0443\u0431\u043b\u0438\u043a\u0435 \u0421\u0440\u0431\u0438\u0458\u0435 \u0437\u0430 \u043e\u043f\u0448\u0442\u0438\u043d\u0435 \u041f\u0440\u0435\u0448\u0435\u0432\u043e, \u0411\u0443\u0458\u0430\u043d\u043e\u0432\u0430\u0446 \u0438 \u041c\u0435\u0434\u0432\u0435\u0452a"},"image":{"@id":"https:\/\/kt.gov.rs\/#\/schema\/logo\/image\/"},"sameAs":["https:\/\/www.facebook.com\/SluzbaKoordinacionogTelaVladeRepublikeSrbije","https:\/\/x.com\/kt_gov","https:\/\/www.youtube.com\/@koordinacionotelo"]},{"@type":"Person","@id":"https:\/\/kt.gov.rs\/#\/schema\/person\/e426459ddb4173309103390602694571","name":"ktmin","image":{"@type":"ImageObject","inLanguage":"sq-AL","@id":"https:\/\/secure.gravatar.com\/avatar\/3985c961109853010c3fbc7ba30365bfba5db3dd6c525831d9c595c7525a615a?s=96&d=mm&r=g","url":"https:\/\/secure.gravatar.com\/avatar\/3985c961109853010c3fbc7ba30365bfba5db3dd6c525831d9c595c7525a615a?s=96&d=mm&r=g","contentUrl":"https:\/\/secure.gravatar.com\/avatar\/3985c961109853010c3fbc7ba30365bfba5db3dd6c525831d9c595c7525a615a?s=96&d=mm&r=g","caption":"ktmin"},"sameAs":["https:\/\/kt.gov.rs"],"url":"https:\/\/kt.gov.rs\/sq\/author\/ktmin\/"}]}},"_links":{"self":[{"href":"https:\/\/kt.gov.rs\/sq\/wp-json\/wp\/v2\/posts\/110316","targetHints":{"allow":["GET"]}}],"collection":[{"href":"https:\/\/kt.gov.rs\/sq\/wp-json\/wp\/v2\/posts"}],"about":[{"href":"https:\/\/kt.gov.rs\/sq\/wp-json\/wp\/v2\/types\/post"}],"author":[{"embeddable":true,"href":"https:\/\/kt.gov.rs\/sq\/wp-json\/wp\/v2\/users\/1"}],"replies":[{"embeddable":true,"href":"https:\/\/kt.gov.rs\/sq\/wp-json\/wp\/v2\/comments?post=110316"}],"version-history":[{"count":1,"href":"https:\/\/kt.gov.rs\/sq\/wp-json\/wp\/v2\/posts\/110316\/revisions"}],"predecessor-version":[{"id":110320,"href":"https:\/\/kt.gov.rs\/sq\/wp-json\/wp\/v2\/posts\/110316\/revisions\/110320"}],"wp:featuredmedia":[{"embeddable":true,"href":"https:\/\/kt.gov.rs\/sq\/wp-json\/wp\/v2\/media\/110321"}],"wp:attachment":[{"href":"https:\/\/kt.gov.rs\/sq\/wp-json\/wp\/v2\/media?parent=110316"}],"wp:term":[{"taxonomy":"category","embeddable":true,"href":"https:\/\/kt.gov.rs\/sq\/wp-json\/wp\/v2\/categories?post=110316"},{"taxonomy":"post_tag","embeddable":true,"href":"https:\/\/kt.gov.rs\/sq\/wp-json\/wp\/v2\/tags?post=110316"}],"curies":[{"name":"wp","href":"https:\/\/api.w.org\/{rel}","templated":true}]}}