{"id":110268,"date":"2021-03-12T00:00:00","date_gmt":"2021-03-12T00:00:00","guid":{"rendered":"http:\/\/kt.printandscreen.rs\/ore-promovuese-falas-me-temen-rendesia-e-marketingut-dixhital-afati-14-mars-2021\/"},"modified":"2024-07-30T18:01:07","modified_gmt":"2024-07-30T18:01:07","slug":"ore-promovuese-falas-me-temen-rendesia-e-marketingut-dixhital-afati-14-mars-2021","status":"publish","type":"post","link":"https:\/\/kt.gov.rs\/sq\/ore-promovuese-falas-me-temen-rendesia-e-marketingut-dixhital-afati-14-mars-2021\/","title":{"rendered":"OR\u00cb PROMOVUESE FALAS ME TEM\u00cbN \u201cR\u00cbND\u00cbSIA E MARKETINGUT DIXHITAL\u201d(AFATI: 14 MARS 2021)"},"content":{"rendered":"<p>\n\t<img decoding=\"async\" alt=\"\" src=\"https:\/\/kt.gov.rs\/wp-content\/uploads\/2024\/07\/1615547101_120321_3-4.jpg\" style=\"width: 315px; height: 230px; float: left;\" \/>T\u00eb diel\u00ebn, 14 mars, Himera IT Academy organizon nj\u00eb or\u00eb promovuese falas me tem\u00ebn &quot;R\u00ebnd\u00ebsia e marketingut dixhital&quot;.<\/p>\n<p>\n\tN\u00eb k\u00ebt\u00eb leksion, t\u00eb interesuarit mund t\u00eb njihen me r\u00ebnd\u00ebsin\u00eb e marketingut dixhital, shkall\u00ebn n\u00eb t\u00eb cil\u00ebn \u00ebsht\u00eb i pranish\u00ebm dhe m\u00ebnyrat n\u00eb t\u00eb cilat p\u00ebrdoret nga biznese t\u00eb ndryshme, dhe do t\u00eb keni mund\u00ebsin\u00eb t\u00eb njiheni me nj\u00eb kurs dixhital dy-mujor t\u00eb marketingut.<\/p>\n<p>\n\tLigj\u00ebrues \u00ebsht\u00eb Strahinja Tirnani\u0107 menaxher i diplomuar dhe \u00a0themelues i agjencis\u00eb &quot;Proman Consulting&quot;, e cila operon nd\u00ebrkomb\u00ebtarisht me fillestar\u00eb, industri t\u00eb tregtis\u00eb elektronike, por edhe sip\u00ebrmarr\u00ebs t\u00eb vegj\u00ebl vendas t\u00eb cil\u00ebt d\u00ebshirojn\u00eb t\u00eb zhvillojn\u00eb strategjin\u00eb dhe shitjet e tyre dixhitale.<\/p>\n<p>\n\tLeksioni do t\u00eb organizohet n\u00eb internet, <strong>p\u00ebrmes platform\u00ebs ZOOM.<\/strong><\/p>\n<p>\n\tAplikimet p\u00ebrmes post\u00ebs elektronike: itakademija@himera.rs (R\u00ebnd\u00ebsia e marketingut dixhital, or\u00eb falas), dhe \u00ebsht\u00eb e nevojshme t\u00eb lini emrin dhe mbiemrin tuaj dhe numrin e telefonit t\u00eb kontaktit n\u00eb k\u00ebt\u00eb e-mail.<\/p>\n<p>\n\tParaqitjet mund t\u00eb d\u00ebrgohen nga <strong>14 marsi n\u00eb ora 16.<\/strong><\/p>\n<p>\n\t<strong>Burimi: NajStudent.com dhe Trupi Koordinues<\/strong><\/p>\n<p>\n\t\u00a0<\/p>\n","protected":false},"excerpt":{"rendered":"<p>T\u00eb diel\u00ebn, 14 mars, Himera IT Academy organizon nj\u00eb or\u00eb promovuese falas me tem\u00ebn &quot;R\u00ebnd\u00ebsia e marketingut dixhital&quot;.<\/p>\n","protected":false},"author":1,"featured_media":110273,"comment_status":"closed","ping_status":"closed","sticky":false,"template":"","format":"standard","meta":{"footnotes":""},"categories":[55],"tags":[],"class_list":["post-110268","post","type-post","status-publish","format-standard","has-post-thumbnail","hentry","category-lajme"],"yoast_head":"<!-- This site is optimized with the Yoast SEO plugin v27.5 - https:\/\/yoast.com\/product\/yoast-seo-wordpress\/ -->\n<title>OR\u00cb PROMOVUESE FALAS ME TEM\u00cbN &quot;R\u00cbND\u00cbSIA E MARKETINGUT DIXHITAL&quot;(AFATI: 14 MARS 2021) - Republika e S\u00ebrbis\u00eb Trupi Koordinues p\u00ebr komunat Bujanoc, Preshev\u00eb dhe Medvegj\u00eb<\/title>\n<meta name=\"robots\" content=\"index, follow, max-snippet:-1, max-image-preview:large, max-video-preview:-1\" \/>\n<link rel=\"canonical\" href=\"https:\/\/kt.gov.rs\/sq\/ore-promovuese-falas-me-temen-rendesia-e-marketingut-dixhital-afati-14-mars-2021\/\" \/>\n<meta property=\"og:locale\" content=\"sq_AL\" \/>\n<meta property=\"og:type\" content=\"article\" \/>\n<meta property=\"og:title\" content=\"OR\u00cb PROMOVUESE FALAS ME TEM\u00cbN &quot;R\u00cbND\u00cbSIA E MARKETINGUT DIXHITAL&quot;(AFATI: 14 MARS 2021) - Republika e S\u00ebrbis\u00eb Trupi Koordinues p\u00ebr komunat Bujanoc, Preshev\u00eb dhe Medvegj\u00eb\" \/>\n<meta property=\"og:description\" content=\"T\u00eb diel\u00ebn, 14 mars, Himera IT Academy organizon nj\u00eb or\u00eb promovuese falas me tem\u00ebn &quot;R\u00ebnd\u00ebsia e marketingut dixhital&quot;.\" \/>\n<meta property=\"og:url\" content=\"https:\/\/kt.gov.rs\/sq\/ore-promovuese-falas-me-temen-rendesia-e-marketingut-dixhital-afati-14-mars-2021\/\" \/>\n<meta property=\"og:site_name\" content=\"Republika e S\u00ebrbis\u00eb Trupi Koordinues p\u00ebr komunat Bujanoc, Preshev\u00eb dhe Medvegj\u00eb\" \/>\n<meta property=\"article:publisher\" content=\"https:\/\/www.facebook.com\/SluzbaKoordinacionogTelaVladeRepublikeSrbije\" \/>\n<meta property=\"article:published_time\" content=\"2021-03-12T00:00:00+00:00\" \/>\n<meta property=\"article:modified_time\" content=\"2024-07-30T18:01:07+00:00\" \/>\n<meta property=\"og:image\" content=\"https:\/\/kt.gov.rs\/wp-content\/uploads\/2024\/07\/1615547101_120321_3-5.jpg\" \/>\n\t<meta property=\"og:image:width\" content=\"315\" \/>\n\t<meta property=\"og:image:height\" content=\"230\" \/>\n\t<meta property=\"og:image:type\" content=\"image\/jpeg\" \/>\n<meta name=\"author\" content=\"ktmin\" \/>\n<meta name=\"twitter:card\" content=\"summary_large_image\" \/>\n<meta name=\"twitter:creator\" content=\"@kt_gov\" \/>\n<meta name=\"twitter:site\" content=\"@kt_gov\" \/>\n<meta name=\"twitter:label1\" content=\"Written by\" \/>\n\t<meta name=\"twitter:data1\" content=\"ktmin\" \/>\n\t<meta name=\"twitter:label2\" content=\"Est. reading time\" \/>\n\t<meta name=\"twitter:data2\" content=\"1 minute\" \/>\n<script type=\"application\/ld+json\" class=\"yoast-schema-graph\">{\"@context\":\"https:\\\/\\\/schema.org\",\"@graph\":[{\"@type\":\"Article\",\"@id\":\"https:\\\/\\\/kt.gov.rs\\\/sq\\\/ore-promovuese-falas-me-temen-rendesia-e-marketingut-dixhital-afati-14-mars-2021\\\/#article\",\"isPartOf\":{\"@id\":\"https:\\\/\\\/kt.gov.rs\\\/sq\\\/ore-promovuese-falas-me-temen-rendesia-e-marketingut-dixhital-afati-14-mars-2021\\\/\"},\"author\":{\"name\":\"ktmin\",\"@id\":\"https:\\\/\\\/kt.gov.rs\\\/#\\\/schema\\\/person\\\/e426459ddb4173309103390602694571\"},\"headline\":\"OR\u00cb PROMOVUESE FALAS ME TEM\u00cbN \u201cR\u00cbND\u00cbSIA E MARKETINGUT DIXHITAL\u201d(AFATI: 14 MARS 2021)\",\"datePublished\":\"2021-03-12T00:00:00+00:00\",\"dateModified\":\"2024-07-30T18:01:07+00:00\",\"mainEntityOfPage\":{\"@id\":\"https:\\\/\\\/kt.gov.rs\\\/sq\\\/ore-promovuese-falas-me-temen-rendesia-e-marketingut-dixhital-afati-14-mars-2021\\\/\"},\"wordCount\":277,\"publisher\":{\"@id\":\"https:\\\/\\\/kt.gov.rs\\\/#organization\"},\"image\":{\"@id\":\"https:\\\/\\\/kt.gov.rs\\\/sq\\\/ore-promovuese-falas-me-temen-rendesia-e-marketingut-dixhital-afati-14-mars-2021\\\/#primaryimage\"},\"thumbnailUrl\":\"https:\\\/\\\/kt.gov.rs\\\/wp-content\\\/uploads\\\/2024\\\/07\\\/1615547101_120321_3-5.jpg\",\"articleSection\":[\"Lajme\"],\"inLanguage\":\"sq-AL\"},{\"@type\":\"WebPage\",\"@id\":\"https:\\\/\\\/kt.gov.rs\\\/sq\\\/ore-promovuese-falas-me-temen-rendesia-e-marketingut-dixhital-afati-14-mars-2021\\\/\",\"url\":\"https:\\\/\\\/kt.gov.rs\\\/sq\\\/ore-promovuese-falas-me-temen-rendesia-e-marketingut-dixhital-afati-14-mars-2021\\\/\",\"name\":\"OR\u00cb PROMOVUESE FALAS ME TEM\u00cbN \\\"R\u00cbND\u00cbSIA E MARKETINGUT DIXHITAL\\\"(AFATI: 14 MARS 2021) - Republika e S\u00ebrbis\u00eb Trupi Koordinues p\u00ebr komunat Bujanoc, Preshev\u00eb dhe Medvegj\u00eb\",\"isPartOf\":{\"@id\":\"https:\\\/\\\/kt.gov.rs\\\/#website\"},\"primaryImageOfPage\":{\"@id\":\"https:\\\/\\\/kt.gov.rs\\\/sq\\\/ore-promovuese-falas-me-temen-rendesia-e-marketingut-dixhital-afati-14-mars-2021\\\/#primaryimage\"},\"image\":{\"@id\":\"https:\\\/\\\/kt.gov.rs\\\/sq\\\/ore-promovuese-falas-me-temen-rendesia-e-marketingut-dixhital-afati-14-mars-2021\\\/#primaryimage\"},\"thumbnailUrl\":\"https:\\\/\\\/kt.gov.rs\\\/wp-content\\\/uploads\\\/2024\\\/07\\\/1615547101_120321_3-5.jpg\",\"datePublished\":\"2021-03-12T00:00:00+00:00\",\"dateModified\":\"2024-07-30T18:01:07+00:00\",\"breadcrumb\":{\"@id\":\"https:\\\/\\\/kt.gov.rs\\\/sq\\\/ore-promovuese-falas-me-temen-rendesia-e-marketingut-dixhital-afati-14-mars-2021\\\/#breadcrumb\"},\"inLanguage\":\"sq-AL\",\"potentialAction\":[{\"@type\":\"ReadAction\",\"target\":[\"https:\\\/\\\/kt.gov.rs\\\/sq\\\/ore-promovuese-falas-me-temen-rendesia-e-marketingut-dixhital-afati-14-mars-2021\\\/\"]}]},{\"@type\":\"ImageObject\",\"inLanguage\":\"sq-AL\",\"@id\":\"https:\\\/\\\/kt.gov.rs\\\/sq\\\/ore-promovuese-falas-me-temen-rendesia-e-marketingut-dixhital-afati-14-mars-2021\\\/#primaryimage\",\"url\":\"https:\\\/\\\/kt.gov.rs\\\/wp-content\\\/uploads\\\/2024\\\/07\\\/1615547101_120321_3-5.jpg\",\"contentUrl\":\"https:\\\/\\\/kt.gov.rs\\\/wp-content\\\/uploads\\\/2024\\\/07\\\/1615547101_120321_3-5.jpg\",\"width\":315,\"height\":230},{\"@type\":\"BreadcrumbList\",\"@id\":\"https:\\\/\\\/kt.gov.rs\\\/sq\\\/ore-promovuese-falas-me-temen-rendesia-e-marketingut-dixhital-afati-14-mars-2021\\\/#breadcrumb\",\"itemListElement\":[{\"@type\":\"ListItem\",\"position\":1,\"name\":\"\u041f\u043e\u0447\u0435\u0442\u043d\u0430\",\"item\":\"https:\\\/\\\/kt.gov.rs\\\/sq\\\/\"},{\"@type\":\"ListItem\",\"position\":2,\"name\":\"OR\u00cb PROMOVUESE FALAS ME TEM\u00cbN \u201cR\u00cbND\u00cbSIA E MARKETINGUT DIXHITAL\u201d(AFATI: 14 MARS 2021)\"}]},{\"@type\":\"WebSite\",\"@id\":\"https:\\\/\\\/kt.gov.rs\\\/#website\",\"url\":\"https:\\\/\\\/kt.gov.rs\\\/\",\"name\":\"\u041a\u043e\u043e\u0440\u0434\u0438\u043d\u0430\u0446\u0438\u043e\u043d\u043e \u0442\u0435\u043b\u043e \u0412\u043b\u0430\u0434\u0435 \u0420\u0435\u043f\u0443\u0431\u043b\u0438\u043a\u0435 \u0421\u0440\u0431\u0438\u0458\u0435 \u0437\u0430 \u043e\u043f\u0448\u0442\u0438\u043d\u0435 \u041f\u0440\u0435\u0448\u0435\u0432\u043e, \u0411\u0443\u0458\u0430\u043d\u043e\u0432\u0430\u0446 \u0438 \u041c\u0435\u0434\u0432\u0435\u0452a\",\"description\":\"\",\"publisher\":{\"@id\":\"https:\\\/\\\/kt.gov.rs\\\/#organization\"},\"alternateName\":\"\u041a\u043e\u043e\u0440\u0434\u0438\u043d\u0430\u0446\u0438\u043e\u043d\u043e \u0442\u0435\u043b\u043e\",\"potentialAction\":[{\"@type\":\"SearchAction\",\"target\":{\"@type\":\"EntryPoint\",\"urlTemplate\":\"https:\\\/\\\/kt.gov.rs\\\/?s={search_term_string}\"},\"query-input\":{\"@type\":\"PropertyValueSpecification\",\"valueRequired\":true,\"valueName\":\"search_term_string\"}}],\"inLanguage\":\"sq-AL\"},{\"@type\":\"Organization\",\"@id\":\"https:\\\/\\\/kt.gov.rs\\\/#organization\",\"name\":\"\u041a\u043e\u043e\u0440\u0434\u0438\u043d\u0430\u0446\u0438\u043e\u043d\u043e \u0442\u0435\u043b\u043e \u0412\u043b\u0430\u0434\u0435 \u0420\u0435\u043f\u0443\u0431\u043b\u0438\u043a\u0435 \u0421\u0440\u0431\u0438\u0458\u0435 \u0437\u0430 \u043e\u043f\u0448\u0442\u0438\u043d\u0435 \u041f\u0440\u0435\u0448\u0435\u0432\u043e, \u0411\u0443\u0458\u0430\u043d\u043e\u0432\u0430\u0446 \u0438 \u041c\u0435\u0434\u0432\u0435\u0452a\",\"alternateName\":\"\u041a\u043e\u043e\u0440\u0434\u0438\u043d\u0430\u0446\u0438\u043e\u043d\u043e \u0442\u0435\u043b\u043e\",\"url\":\"https:\\\/\\\/kt.gov.rs\\\/\",\"logo\":{\"@type\":\"ImageObject\",\"inLanguage\":\"sq-AL\",\"@id\":\"https:\\\/\\\/kt.gov.rs\\\/#\\\/schema\\\/logo\\\/image\\\/\",\"url\":\"https:\\\/\\\/kt.gov.rs\\\/wp-content\\\/uploads\\\/2024\\\/12\\\/koord2.jpg\",\"contentUrl\":\"https:\\\/\\\/kt.gov.rs\\\/wp-content\\\/uploads\\\/2024\\\/12\\\/koord2.jpg\",\"width\":640,\"height\":480,\"caption\":\"\u041a\u043e\u043e\u0440\u0434\u0438\u043d\u0430\u0446\u0438\u043e\u043d\u043e \u0442\u0435\u043b\u043e \u0412\u043b\u0430\u0434\u0435 \u0420\u0435\u043f\u0443\u0431\u043b\u0438\u043a\u0435 \u0421\u0440\u0431\u0438\u0458\u0435 \u0437\u0430 \u043e\u043f\u0448\u0442\u0438\u043d\u0435 \u041f\u0440\u0435\u0448\u0435\u0432\u043e, \u0411\u0443\u0458\u0430\u043d\u043e\u0432\u0430\u0446 \u0438 \u041c\u0435\u0434\u0432\u0435\u0452a\"},\"image\":{\"@id\":\"https:\\\/\\\/kt.gov.rs\\\/#\\\/schema\\\/logo\\\/image\\\/\"},\"sameAs\":[\"https:\\\/\\\/www.facebook.com\\\/SluzbaKoordinacionogTelaVladeRepublikeSrbije\",\"https:\\\/\\\/x.com\\\/kt_gov\",\"https:\\\/\\\/www.youtube.com\\\/@koordinacionotelo\"]},{\"@type\":\"Person\",\"@id\":\"https:\\\/\\\/kt.gov.rs\\\/#\\\/schema\\\/person\\\/e426459ddb4173309103390602694571\",\"name\":\"ktmin\",\"image\":{\"@type\":\"ImageObject\",\"inLanguage\":\"sq-AL\",\"@id\":\"https:\\\/\\\/secure.gravatar.com\\\/avatar\\\/3985c961109853010c3fbc7ba30365bfba5db3dd6c525831d9c595c7525a615a?s=96&d=mm&r=g\",\"url\":\"https:\\\/\\\/secure.gravatar.com\\\/avatar\\\/3985c961109853010c3fbc7ba30365bfba5db3dd6c525831d9c595c7525a615a?s=96&d=mm&r=g\",\"contentUrl\":\"https:\\\/\\\/secure.gravatar.com\\\/avatar\\\/3985c961109853010c3fbc7ba30365bfba5db3dd6c525831d9c595c7525a615a?s=96&d=mm&r=g\",\"caption\":\"ktmin\"},\"sameAs\":[\"https:\\\/\\\/kt.gov.rs\"],\"url\":\"https:\\\/\\\/kt.gov.rs\\\/sq\\\/author\\\/ktmin\\\/\"}]}<\/script>\n<!-- \/ Yoast SEO plugin. -->","yoast_head_json":{"title":"OR\u00cb PROMOVUESE FALAS ME TEM\u00cbN \"R\u00cbND\u00cbSIA E MARKETINGUT DIXHITAL\"(AFATI: 14 MARS 2021) - Republika e S\u00ebrbis\u00eb Trupi Koordinues p\u00ebr komunat Bujanoc, Preshev\u00eb dhe Medvegj\u00eb","robots":{"index":"index","follow":"follow","max-snippet":"max-snippet:-1","max-image-preview":"max-image-preview:large","max-video-preview":"max-video-preview:-1"},"canonical":"https:\/\/kt.gov.rs\/sq\/ore-promovuese-falas-me-temen-rendesia-e-marketingut-dixhital-afati-14-mars-2021\/","og_locale":"sq_AL","og_type":"article","og_title":"OR\u00cb PROMOVUESE FALAS ME TEM\u00cbN \"R\u00cbND\u00cbSIA E MARKETINGUT DIXHITAL\"(AFATI: 14 MARS 2021) - Republika e S\u00ebrbis\u00eb Trupi Koordinues p\u00ebr komunat Bujanoc, Preshev\u00eb dhe Medvegj\u00eb","og_description":"T\u00eb diel\u00ebn, 14 mars, Himera IT Academy organizon nj\u00eb or\u00eb promovuese falas me tem\u00ebn &quot;R\u00ebnd\u00ebsia e marketingut dixhital&quot;.","og_url":"https:\/\/kt.gov.rs\/sq\/ore-promovuese-falas-me-temen-rendesia-e-marketingut-dixhital-afati-14-mars-2021\/","og_site_name":"Republika e S\u00ebrbis\u00eb Trupi Koordinues p\u00ebr komunat Bujanoc, Preshev\u00eb dhe Medvegj\u00eb","article_publisher":"https:\/\/www.facebook.com\/SluzbaKoordinacionogTelaVladeRepublikeSrbije","article_published_time":"2021-03-12T00:00:00+00:00","article_modified_time":"2024-07-30T18:01:07+00:00","og_image":[{"width":315,"height":230,"url":"https:\/\/kt.gov.rs\/wp-content\/uploads\/2024\/07\/1615547101_120321_3-5.jpg","type":"image\/jpeg"}],"author":"ktmin","twitter_card":"summary_large_image","twitter_creator":"@kt_gov","twitter_site":"@kt_gov","twitter_misc":{"Written by":"ktmin","Est. reading time":"1 minute"},"schema":{"@context":"https:\/\/schema.org","@graph":[{"@type":"Article","@id":"https:\/\/kt.gov.rs\/sq\/ore-promovuese-falas-me-temen-rendesia-e-marketingut-dixhital-afati-14-mars-2021\/#article","isPartOf":{"@id":"https:\/\/kt.gov.rs\/sq\/ore-promovuese-falas-me-temen-rendesia-e-marketingut-dixhital-afati-14-mars-2021\/"},"author":{"name":"ktmin","@id":"https:\/\/kt.gov.rs\/#\/schema\/person\/e426459ddb4173309103390602694571"},"headline":"OR\u00cb PROMOVUESE FALAS ME TEM\u00cbN \u201cR\u00cbND\u00cbSIA E MARKETINGUT DIXHITAL\u201d(AFATI: 14 MARS 2021)","datePublished":"2021-03-12T00:00:00+00:00","dateModified":"2024-07-30T18:01:07+00:00","mainEntityOfPage":{"@id":"https:\/\/kt.gov.rs\/sq\/ore-promovuese-falas-me-temen-rendesia-e-marketingut-dixhital-afati-14-mars-2021\/"},"wordCount":277,"publisher":{"@id":"https:\/\/kt.gov.rs\/#organization"},"image":{"@id":"https:\/\/kt.gov.rs\/sq\/ore-promovuese-falas-me-temen-rendesia-e-marketingut-dixhital-afati-14-mars-2021\/#primaryimage"},"thumbnailUrl":"https:\/\/kt.gov.rs\/wp-content\/uploads\/2024\/07\/1615547101_120321_3-5.jpg","articleSection":["Lajme"],"inLanguage":"sq-AL"},{"@type":"WebPage","@id":"https:\/\/kt.gov.rs\/sq\/ore-promovuese-falas-me-temen-rendesia-e-marketingut-dixhital-afati-14-mars-2021\/","url":"https:\/\/kt.gov.rs\/sq\/ore-promovuese-falas-me-temen-rendesia-e-marketingut-dixhital-afati-14-mars-2021\/","name":"OR\u00cb PROMOVUESE FALAS ME TEM\u00cbN \"R\u00cbND\u00cbSIA E MARKETINGUT DIXHITAL\"(AFATI: 14 MARS 2021) - Republika e S\u00ebrbis\u00eb Trupi Koordinues p\u00ebr komunat Bujanoc, Preshev\u00eb dhe Medvegj\u00eb","isPartOf":{"@id":"https:\/\/kt.gov.rs\/#website"},"primaryImageOfPage":{"@id":"https:\/\/kt.gov.rs\/sq\/ore-promovuese-falas-me-temen-rendesia-e-marketingut-dixhital-afati-14-mars-2021\/#primaryimage"},"image":{"@id":"https:\/\/kt.gov.rs\/sq\/ore-promovuese-falas-me-temen-rendesia-e-marketingut-dixhital-afati-14-mars-2021\/#primaryimage"},"thumbnailUrl":"https:\/\/kt.gov.rs\/wp-content\/uploads\/2024\/07\/1615547101_120321_3-5.jpg","datePublished":"2021-03-12T00:00:00+00:00","dateModified":"2024-07-30T18:01:07+00:00","breadcrumb":{"@id":"https:\/\/kt.gov.rs\/sq\/ore-promovuese-falas-me-temen-rendesia-e-marketingut-dixhital-afati-14-mars-2021\/#breadcrumb"},"inLanguage":"sq-AL","potentialAction":[{"@type":"ReadAction","target":["https:\/\/kt.gov.rs\/sq\/ore-promovuese-falas-me-temen-rendesia-e-marketingut-dixhital-afati-14-mars-2021\/"]}]},{"@type":"ImageObject","inLanguage":"sq-AL","@id":"https:\/\/kt.gov.rs\/sq\/ore-promovuese-falas-me-temen-rendesia-e-marketingut-dixhital-afati-14-mars-2021\/#primaryimage","url":"https:\/\/kt.gov.rs\/wp-content\/uploads\/2024\/07\/1615547101_120321_3-5.jpg","contentUrl":"https:\/\/kt.gov.rs\/wp-content\/uploads\/2024\/07\/1615547101_120321_3-5.jpg","width":315,"height":230},{"@type":"BreadcrumbList","@id":"https:\/\/kt.gov.rs\/sq\/ore-promovuese-falas-me-temen-rendesia-e-marketingut-dixhital-afati-14-mars-2021\/#breadcrumb","itemListElement":[{"@type":"ListItem","position":1,"name":"\u041f\u043e\u0447\u0435\u0442\u043d\u0430","item":"https:\/\/kt.gov.rs\/sq\/"},{"@type":"ListItem","position":2,"name":"OR\u00cb PROMOVUESE FALAS ME TEM\u00cbN \u201cR\u00cbND\u00cbSIA E MARKETINGUT DIXHITAL\u201d(AFATI: 14 MARS 2021)"}]},{"@type":"WebSite","@id":"https:\/\/kt.gov.rs\/#website","url":"https:\/\/kt.gov.rs\/","name":"\u041a\u043e\u043e\u0440\u0434\u0438\u043d\u0430\u0446\u0438\u043e\u043d\u043e \u0442\u0435\u043b\u043e \u0412\u043b\u0430\u0434\u0435 \u0420\u0435\u043f\u0443\u0431\u043b\u0438\u043a\u0435 \u0421\u0440\u0431\u0438\u0458\u0435 \u0437\u0430 \u043e\u043f\u0448\u0442\u0438\u043d\u0435 \u041f\u0440\u0435\u0448\u0435\u0432\u043e, \u0411\u0443\u0458\u0430\u043d\u043e\u0432\u0430\u0446 \u0438 \u041c\u0435\u0434\u0432\u0435\u0452a","description":"","publisher":{"@id":"https:\/\/kt.gov.rs\/#organization"},"alternateName":"\u041a\u043e\u043e\u0440\u0434\u0438\u043d\u0430\u0446\u0438\u043e\u043d\u043e \u0442\u0435\u043b\u043e","potentialAction":[{"@type":"SearchAction","target":{"@type":"EntryPoint","urlTemplate":"https:\/\/kt.gov.rs\/?s={search_term_string}"},"query-input":{"@type":"PropertyValueSpecification","valueRequired":true,"valueName":"search_term_string"}}],"inLanguage":"sq-AL"},{"@type":"Organization","@id":"https:\/\/kt.gov.rs\/#organization","name":"\u041a\u043e\u043e\u0440\u0434\u0438\u043d\u0430\u0446\u0438\u043e\u043d\u043e \u0442\u0435\u043b\u043e \u0412\u043b\u0430\u0434\u0435 \u0420\u0435\u043f\u0443\u0431\u043b\u0438\u043a\u0435 \u0421\u0440\u0431\u0438\u0458\u0435 \u0437\u0430 \u043e\u043f\u0448\u0442\u0438\u043d\u0435 \u041f\u0440\u0435\u0448\u0435\u0432\u043e, \u0411\u0443\u0458\u0430\u043d\u043e\u0432\u0430\u0446 \u0438 \u041c\u0435\u0434\u0432\u0435\u0452a","alternateName":"\u041a\u043e\u043e\u0440\u0434\u0438\u043d\u0430\u0446\u0438\u043e\u043d\u043e \u0442\u0435\u043b\u043e","url":"https:\/\/kt.gov.rs\/","logo":{"@type":"ImageObject","inLanguage":"sq-AL","@id":"https:\/\/kt.gov.rs\/#\/schema\/logo\/image\/","url":"https:\/\/kt.gov.rs\/wp-content\/uploads\/2024\/12\/koord2.jpg","contentUrl":"https:\/\/kt.gov.rs\/wp-content\/uploads\/2024\/12\/koord2.jpg","width":640,"height":480,"caption":"\u041a\u043e\u043e\u0440\u0434\u0438\u043d\u0430\u0446\u0438\u043e\u043d\u043e \u0442\u0435\u043b\u043e \u0412\u043b\u0430\u0434\u0435 \u0420\u0435\u043f\u0443\u0431\u043b\u0438\u043a\u0435 \u0421\u0440\u0431\u0438\u0458\u0435 \u0437\u0430 \u043e\u043f\u0448\u0442\u0438\u043d\u0435 \u041f\u0440\u0435\u0448\u0435\u0432\u043e, \u0411\u0443\u0458\u0430\u043d\u043e\u0432\u0430\u0446 \u0438 \u041c\u0435\u0434\u0432\u0435\u0452a"},"image":{"@id":"https:\/\/kt.gov.rs\/#\/schema\/logo\/image\/"},"sameAs":["https:\/\/www.facebook.com\/SluzbaKoordinacionogTelaVladeRepublikeSrbije","https:\/\/x.com\/kt_gov","https:\/\/www.youtube.com\/@koordinacionotelo"]},{"@type":"Person","@id":"https:\/\/kt.gov.rs\/#\/schema\/person\/e426459ddb4173309103390602694571","name":"ktmin","image":{"@type":"ImageObject","inLanguage":"sq-AL","@id":"https:\/\/secure.gravatar.com\/avatar\/3985c961109853010c3fbc7ba30365bfba5db3dd6c525831d9c595c7525a615a?s=96&d=mm&r=g","url":"https:\/\/secure.gravatar.com\/avatar\/3985c961109853010c3fbc7ba30365bfba5db3dd6c525831d9c595c7525a615a?s=96&d=mm&r=g","contentUrl":"https:\/\/secure.gravatar.com\/avatar\/3985c961109853010c3fbc7ba30365bfba5db3dd6c525831d9c595c7525a615a?s=96&d=mm&r=g","caption":"ktmin"},"sameAs":["https:\/\/kt.gov.rs"],"url":"https:\/\/kt.gov.rs\/sq\/author\/ktmin\/"}]}},"_links":{"self":[{"href":"https:\/\/kt.gov.rs\/sq\/wp-json\/wp\/v2\/posts\/110268","targetHints":{"allow":["GET"]}}],"collection":[{"href":"https:\/\/kt.gov.rs\/sq\/wp-json\/wp\/v2\/posts"}],"about":[{"href":"https:\/\/kt.gov.rs\/sq\/wp-json\/wp\/v2\/types\/post"}],"author":[{"embeddable":true,"href":"https:\/\/kt.gov.rs\/sq\/wp-json\/wp\/v2\/users\/1"}],"replies":[{"embeddable":true,"href":"https:\/\/kt.gov.rs\/sq\/wp-json\/wp\/v2\/comments?post=110268"}],"version-history":[{"count":1,"href":"https:\/\/kt.gov.rs\/sq\/wp-json\/wp\/v2\/posts\/110268\/revisions"}],"predecessor-version":[{"id":110272,"href":"https:\/\/kt.gov.rs\/sq\/wp-json\/wp\/v2\/posts\/110268\/revisions\/110272"}],"wp:featuredmedia":[{"embeddable":true,"href":"https:\/\/kt.gov.rs\/sq\/wp-json\/wp\/v2\/media\/110273"}],"wp:attachment":[{"href":"https:\/\/kt.gov.rs\/sq\/wp-json\/wp\/v2\/media?parent=110268"}],"wp:term":[{"taxonomy":"category","embeddable":true,"href":"https:\/\/kt.gov.rs\/sq\/wp-json\/wp\/v2\/categories?post=110268"},{"taxonomy":"post_tag","embeddable":true,"href":"https:\/\/kt.gov.rs\/sq\/wp-json\/wp\/v2\/tags?post=110268"}],"curies":[{"name":"wp","href":"https:\/\/api.w.org\/{rel}","templated":true}]}}