{"id":110244,"date":"2021-03-15T00:00:00","date_gmt":"2021-03-15T00:00:00","guid":{"rendered":"http:\/\/kt.printandscreen.rs\/banja-e-bujanocit-e-vecante-ne-ballkan\/"},"modified":"2024-07-30T18:01:04","modified_gmt":"2024-07-30T18:01:04","slug":"banja-e-bujanocit-e-vecante-ne-ballkan","status":"publish","type":"post","link":"https:\/\/kt.gov.rs\/sq\/banja-e-bujanocit-e-vecante-ne-ballkan\/","title":{"rendered":"BANJA E BUJANOCIT-E VE\u00c7ANT\u00cb N\u00cb BALLKAN"},"content":{"rendered":"<p>\n\t<strong><img decoding=\"async\" alt=\"\" src=\"https:\/\/kt.gov.rs\/wp-content\/uploads\/2024\/07\/1615801806_150321_2-4.jpg\" style=\"width: 315px; height: 230px; float: left;\" \/><\/strong>Bujanoc \u2013 Pandemia e koronavirusit u ka dh\u00ebn\u00eb shum\u00eb qytetar\u00ebve t\u00eb Serbis\u00eb mund\u00ebsin\u00eb p\u00ebr t\u00eb m\u00ebsuar n\u00eb lidhje me p\u00ebrfitimet e vendit t\u00eb tyre. Sidoqoft\u00eb\u00a0 p\u00ebr shumic\u00ebn Baja e Bujanocit\u00a0i vetmi destinacion sh\u00ebrues n\u00eb Ballkan, ku vizitor\u00ebt trajtohen me injeksione gaz-dioksid karboni, ka mbetur nj\u00eb sekret i mbajtur mir\u00eb.<\/p>\n<p>\n\tDy kilometra nga Bujanoci dhe 20 km nga Vranja, ata q\u00eb kan\u00eb probleme me qarkullimin, nd\u00ebrlikimet e shkaktuara nga diabeti, reumatizma, steriliteti mund t\u00eb k\u00ebrkojn\u00eb shp\u00ebtimin.<\/p>\n<p>\n\tTekniku mjek\u00ebsor Branisllav Filipoviq thot\u00eb se \u00ebsht\u00eb CO2 natyrale q\u00eb del me uj\u00eb dhe se certifikata \u00ebsht\u00eb marr\u00eb nga Sllovakia dhe se di\u00e7ka e ngjashme ekziston vet\u00ebm n\u00eb Republik\u00ebn \u00c7eke.<\/p>\n<p>\n\t\u00a0\u201cJepet n\u00ebn l\u00ebkur\u00eb dhe mund ta shihni duke u p\u00ebrhapur n\u00ebn l\u00ebkur\u00eb. Past\u00ebrtia \u00ebsht\u00eb e jasht\u00ebzakonshme\u00a0 nga 96 n\u00eb 99 p\u00ebrqind, dhemb pak, n\u00eb t\u00eb v\u00ebrtet\u00eb \u00ebsht\u00eb nj\u00eb ndjenj\u00eb e pak\u00ebndshme\u00a0 por nuk \u00ebsht\u00eb e tmerrshme &quot;, shpjegoi Fillipoviq.<\/p>\n<p>\n\tSe sa i dobish\u00ebm \u00ebsht\u00eb aplikimi i gazit natyror shihet m\u00eb s\u00eb miri nga shembulli i nj\u00eb pacienti i cili erdhi me s\u00ebmundjen e Birger.<\/p>\n<p>\n\t&quot;Ky \u00ebsht\u00eb nj\u00eb bllokim i en\u00ebve t\u00eb gjakut n\u00eb k\u00ebmb\u00eb, i ashtuquajturi k\u00ebmb\u00eb pirja e duhanit. Esht\u00eb nj\u00eb proces inflamator n\u00eb p\u00ebrgjigje t\u00eb nikotin\u00ebs. Burri kishte nj\u00eb dhimbje t\u00eb tmerrshme dhe nuk mund t\u00eb ecte m\u00eb shum\u00eb se dhjet\u00eb metra. Pas aplikimit t\u00eb gazit Co2\u00a0 pas vet\u00ebm dy ose tre dit\u00ebsh, ai eci me shpejt\u00ebsi me kryeinfermierin p\u00ebr rreth 200 metra pushoi atje p\u00ebr pak koh\u00eb dhe u kthye. Si mjek i p\u00ebrgjithsh\u00ebm, nuk mund t\u00eb besoja se gazi natyror mund t\u00eb funksiononte ashtu, &quot;tha drejtori i\u00a0Banj\u00ebs s\u00eb Bujanocit, Dr. Goran Nedelkoviq.<\/p>\n<p>\n\tAi shpjegon se thelbi i gjith\u00e7kaje \u00ebsht\u00eb zgjerimi i en\u00ebve t\u00eb gjakut, gj\u00eb q\u00eb kontribuon q\u00eb shpejt\u00ebsia e rrjedhjes s\u00eb gjakut t\u00eb jet\u00eb m\u00eb e lart\u00eb dhe t\u00eb eleminoj\u00eb t\u00eb gjitha produktet metabolike, toksike q\u00eb shkaktojn\u00eb dhimbje si\u00e7 jan\u00eb acidi laktik dhe produkte t\u00eb tjera, dhe k\u00ebshtu t\u00eb zvog\u00ebloj\u00eb dhimbjen.<\/p>\n<p>\n\tN\u00eb banj\u00ebn e Bujanocit\u00a0 ekzistojn\u00eb gjithashtu banja me gaz p\u00ebr trajtimin e s\u00ebmundjeve t\u00eb l\u00ebkur\u00ebs, pishina me uj\u00eb mineral t\u00eb nxeht\u00eb prej 43 grad\u00eb dhe balt\u00eb sh\u00ebruese.<\/p>\n<p>\n\tE vetmja gj\u00eb q\u00eb ju nevojitet \u00ebsht\u00eb tre jav\u00eb pushim dhe do t\u00eb jeni si i ri.<\/p>\n<p>\n\t<strong>Burimi: Kurir.rs dhe Trupi Koordinues<\/strong><\/p>\n<p>\n\t\u00a0<\/p>\n","protected":false},"excerpt":{"rendered":"<p>Bujanoc \u2013 Pandemia e koronavirusit u ka dh\u00ebn\u00eb shum\u00eb qytetar\u00ebve t\u00eb Serbis\u00eb mund\u00ebsin\u00eb p\u00ebr t\u00eb m\u00ebsuar n\u00eb lidhje me p\u00ebrfitimet e vendit t\u00eb tyre. Sidoqoft\u00eb\u00a0 p\u00ebr shumic\u00ebn\u00a0Baja e\u00a0Bujanocit\u00a0i vetmi destinacion sh\u00ebrues n\u00eb Ballkan, ku vizitor\u00ebt trajtohen me injeksione gaz-dioksid karboni, ka mbetur nj\u00eb sekret i mbajtur mir\u00eb.<\/p>\n","protected":false},"author":1,"featured_media":110249,"comment_status":"closed","ping_status":"closed","sticky":false,"template":"","format":"standard","meta":{"footnotes":""},"categories":[55],"tags":[],"class_list":["post-110244","post","type-post","status-publish","format-standard","has-post-thumbnail","hentry","category-lajme"],"yoast_head":"<!-- This site is optimized with the Yoast SEO plugin v27.5 - https:\/\/yoast.com\/product\/yoast-seo-wordpress\/ -->\n<title>BANJA E BUJANOCIT-E VE\u00c7ANT\u00cb N\u00cb BALLKAN - Republika e S\u00ebrbis\u00eb Trupi Koordinues p\u00ebr komunat Bujanoc, Preshev\u00eb dhe Medvegj\u00eb<\/title>\n<meta name=\"robots\" content=\"index, follow, max-snippet:-1, max-image-preview:large, max-video-preview:-1\" \/>\n<link rel=\"canonical\" href=\"https:\/\/kt.gov.rs\/sq\/banja-e-bujanocit-e-vecante-ne-ballkan\/\" \/>\n<meta property=\"og:locale\" content=\"sq_AL\" \/>\n<meta property=\"og:type\" content=\"article\" \/>\n<meta property=\"og:title\" content=\"BANJA E BUJANOCIT-E VE\u00c7ANT\u00cb N\u00cb BALLKAN - Republika e S\u00ebrbis\u00eb Trupi Koordinues p\u00ebr komunat Bujanoc, Preshev\u00eb dhe Medvegj\u00eb\" \/>\n<meta property=\"og:description\" content=\"Bujanoc - Pandemia e koronavirusit u ka dh\u00ebn\u00eb shum\u00eb qytetar\u00ebve t\u00eb Serbis\u00eb mund\u00ebsin\u00eb p\u00ebr t\u00eb m\u00ebsuar n\u00eb lidhje me p\u00ebrfitimet e vendit t\u00eb tyre. Sidoqoft\u00eb\u00a0 p\u00ebr shumic\u00ebn\u00a0Baja e\u00a0Bujanocit\u00a0i vetmi destinacion sh\u00ebrues n\u00eb Ballkan, ku vizitor\u00ebt trajtohen me injeksione gaz-dioksid karboni, ka mbetur nj\u00eb sekret i mbajtur mir\u00eb.\" \/>\n<meta property=\"og:url\" content=\"https:\/\/kt.gov.rs\/sq\/banja-e-bujanocit-e-vecante-ne-ballkan\/\" \/>\n<meta property=\"og:site_name\" content=\"Republika e S\u00ebrbis\u00eb Trupi Koordinues p\u00ebr komunat Bujanoc, Preshev\u00eb dhe Medvegj\u00eb\" \/>\n<meta property=\"article:publisher\" content=\"https:\/\/www.facebook.com\/SluzbaKoordinacionogTelaVladeRepublikeSrbije\" \/>\n<meta property=\"article:published_time\" content=\"2021-03-15T00:00:00+00:00\" \/>\n<meta property=\"article:modified_time\" content=\"2024-07-30T18:01:04+00:00\" \/>\n<meta property=\"og:image\" content=\"https:\/\/kt.gov.rs\/wp-content\/uploads\/2024\/07\/1615801806_150321_2-5.jpg\" \/>\n\t<meta property=\"og:image:width\" content=\"315\" \/>\n\t<meta property=\"og:image:height\" content=\"230\" \/>\n\t<meta property=\"og:image:type\" content=\"image\/jpeg\" \/>\n<meta name=\"author\" content=\"ktmin\" \/>\n<meta name=\"twitter:card\" content=\"summary_large_image\" \/>\n<meta name=\"twitter:creator\" content=\"@kt_gov\" \/>\n<meta name=\"twitter:site\" content=\"@kt_gov\" \/>\n<meta name=\"twitter:label1\" content=\"Written by\" \/>\n\t<meta name=\"twitter:data1\" content=\"ktmin\" \/>\n\t<meta name=\"twitter:label2\" content=\"Est. reading time\" \/>\n\t<meta name=\"twitter:data2\" content=\"3 minutes\" \/>\n<script type=\"application\/ld+json\" class=\"yoast-schema-graph\">{\"@context\":\"https:\\\/\\\/schema.org\",\"@graph\":[{\"@type\":\"Article\",\"@id\":\"https:\\\/\\\/kt.gov.rs\\\/sq\\\/banja-e-bujanocit-e-vecante-ne-ballkan\\\/#article\",\"isPartOf\":{\"@id\":\"https:\\\/\\\/kt.gov.rs\\\/sq\\\/banja-e-bujanocit-e-vecante-ne-ballkan\\\/\"},\"author\":{\"name\":\"ktmin\",\"@id\":\"https:\\\/\\\/kt.gov.rs\\\/#\\\/schema\\\/person\\\/e426459ddb4173309103390602694571\"},\"headline\":\"BANJA E BUJANOCIT-E VE\u00c7ANT\u00cb N\u00cb BALLKAN\",\"datePublished\":\"2021-03-15T00:00:00+00:00\",\"dateModified\":\"2024-07-30T18:01:04+00:00\",\"mainEntityOfPage\":{\"@id\":\"https:\\\/\\\/kt.gov.rs\\\/sq\\\/banja-e-bujanocit-e-vecante-ne-ballkan\\\/\"},\"wordCount\":585,\"publisher\":{\"@id\":\"https:\\\/\\\/kt.gov.rs\\\/#organization\"},\"image\":{\"@id\":\"https:\\\/\\\/kt.gov.rs\\\/sq\\\/banja-e-bujanocit-e-vecante-ne-ballkan\\\/#primaryimage\"},\"thumbnailUrl\":\"https:\\\/\\\/kt.gov.rs\\\/wp-content\\\/uploads\\\/2024\\\/07\\\/1615801806_150321_2-5.jpg\",\"articleSection\":[\"Lajme\"],\"inLanguage\":\"sq-AL\"},{\"@type\":\"WebPage\",\"@id\":\"https:\\\/\\\/kt.gov.rs\\\/sq\\\/banja-e-bujanocit-e-vecante-ne-ballkan\\\/\",\"url\":\"https:\\\/\\\/kt.gov.rs\\\/sq\\\/banja-e-bujanocit-e-vecante-ne-ballkan\\\/\",\"name\":\"BANJA E BUJANOCIT-E VE\u00c7ANT\u00cb N\u00cb BALLKAN - Republika e S\u00ebrbis\u00eb Trupi Koordinues p\u00ebr komunat Bujanoc, Preshev\u00eb dhe Medvegj\u00eb\",\"isPartOf\":{\"@id\":\"https:\\\/\\\/kt.gov.rs\\\/#website\"},\"primaryImageOfPage\":{\"@id\":\"https:\\\/\\\/kt.gov.rs\\\/sq\\\/banja-e-bujanocit-e-vecante-ne-ballkan\\\/#primaryimage\"},\"image\":{\"@id\":\"https:\\\/\\\/kt.gov.rs\\\/sq\\\/banja-e-bujanocit-e-vecante-ne-ballkan\\\/#primaryimage\"},\"thumbnailUrl\":\"https:\\\/\\\/kt.gov.rs\\\/wp-content\\\/uploads\\\/2024\\\/07\\\/1615801806_150321_2-5.jpg\",\"datePublished\":\"2021-03-15T00:00:00+00:00\",\"dateModified\":\"2024-07-30T18:01:04+00:00\",\"breadcrumb\":{\"@id\":\"https:\\\/\\\/kt.gov.rs\\\/sq\\\/banja-e-bujanocit-e-vecante-ne-ballkan\\\/#breadcrumb\"},\"inLanguage\":\"sq-AL\",\"potentialAction\":[{\"@type\":\"ReadAction\",\"target\":[\"https:\\\/\\\/kt.gov.rs\\\/sq\\\/banja-e-bujanocit-e-vecante-ne-ballkan\\\/\"]}]},{\"@type\":\"ImageObject\",\"inLanguage\":\"sq-AL\",\"@id\":\"https:\\\/\\\/kt.gov.rs\\\/sq\\\/banja-e-bujanocit-e-vecante-ne-ballkan\\\/#primaryimage\",\"url\":\"https:\\\/\\\/kt.gov.rs\\\/wp-content\\\/uploads\\\/2024\\\/07\\\/1615801806_150321_2-5.jpg\",\"contentUrl\":\"https:\\\/\\\/kt.gov.rs\\\/wp-content\\\/uploads\\\/2024\\\/07\\\/1615801806_150321_2-5.jpg\",\"width\":315,\"height\":230},{\"@type\":\"BreadcrumbList\",\"@id\":\"https:\\\/\\\/kt.gov.rs\\\/sq\\\/banja-e-bujanocit-e-vecante-ne-ballkan\\\/#breadcrumb\",\"itemListElement\":[{\"@type\":\"ListItem\",\"position\":1,\"name\":\"\u041f\u043e\u0447\u0435\u0442\u043d\u0430\",\"item\":\"https:\\\/\\\/kt.gov.rs\\\/sq\\\/\"},{\"@type\":\"ListItem\",\"position\":2,\"name\":\"BANJA E BUJANOCIT-E VE\u00c7ANT\u00cb N\u00cb BALLKAN\"}]},{\"@type\":\"WebSite\",\"@id\":\"https:\\\/\\\/kt.gov.rs\\\/#website\",\"url\":\"https:\\\/\\\/kt.gov.rs\\\/\",\"name\":\"\u041a\u043e\u043e\u0440\u0434\u0438\u043d\u0430\u0446\u0438\u043e\u043d\u043e \u0442\u0435\u043b\u043e \u0412\u043b\u0430\u0434\u0435 \u0420\u0435\u043f\u0443\u0431\u043b\u0438\u043a\u0435 \u0421\u0440\u0431\u0438\u0458\u0435 \u0437\u0430 \u043e\u043f\u0448\u0442\u0438\u043d\u0435 \u041f\u0440\u0435\u0448\u0435\u0432\u043e, \u0411\u0443\u0458\u0430\u043d\u043e\u0432\u0430\u0446 \u0438 \u041c\u0435\u0434\u0432\u0435\u0452a\",\"description\":\"\",\"publisher\":{\"@id\":\"https:\\\/\\\/kt.gov.rs\\\/#organization\"},\"alternateName\":\"\u041a\u043e\u043e\u0440\u0434\u0438\u043d\u0430\u0446\u0438\u043e\u043d\u043e \u0442\u0435\u043b\u043e\",\"potentialAction\":[{\"@type\":\"SearchAction\",\"target\":{\"@type\":\"EntryPoint\",\"urlTemplate\":\"https:\\\/\\\/kt.gov.rs\\\/?s={search_term_string}\"},\"query-input\":{\"@type\":\"PropertyValueSpecification\",\"valueRequired\":true,\"valueName\":\"search_term_string\"}}],\"inLanguage\":\"sq-AL\"},{\"@type\":\"Organization\",\"@id\":\"https:\\\/\\\/kt.gov.rs\\\/#organization\",\"name\":\"\u041a\u043e\u043e\u0440\u0434\u0438\u043d\u0430\u0446\u0438\u043e\u043d\u043e \u0442\u0435\u043b\u043e \u0412\u043b\u0430\u0434\u0435 \u0420\u0435\u043f\u0443\u0431\u043b\u0438\u043a\u0435 \u0421\u0440\u0431\u0438\u0458\u0435 \u0437\u0430 \u043e\u043f\u0448\u0442\u0438\u043d\u0435 \u041f\u0440\u0435\u0448\u0435\u0432\u043e, \u0411\u0443\u0458\u0430\u043d\u043e\u0432\u0430\u0446 \u0438 \u041c\u0435\u0434\u0432\u0435\u0452a\",\"alternateName\":\"\u041a\u043e\u043e\u0440\u0434\u0438\u043d\u0430\u0446\u0438\u043e\u043d\u043e \u0442\u0435\u043b\u043e\",\"url\":\"https:\\\/\\\/kt.gov.rs\\\/\",\"logo\":{\"@type\":\"ImageObject\",\"inLanguage\":\"sq-AL\",\"@id\":\"https:\\\/\\\/kt.gov.rs\\\/#\\\/schema\\\/logo\\\/image\\\/\",\"url\":\"https:\\\/\\\/kt.gov.rs\\\/wp-content\\\/uploads\\\/2024\\\/12\\\/koord2.jpg\",\"contentUrl\":\"https:\\\/\\\/kt.gov.rs\\\/wp-content\\\/uploads\\\/2024\\\/12\\\/koord2.jpg\",\"width\":640,\"height\":480,\"caption\":\"\u041a\u043e\u043e\u0440\u0434\u0438\u043d\u0430\u0446\u0438\u043e\u043d\u043e \u0442\u0435\u043b\u043e \u0412\u043b\u0430\u0434\u0435 \u0420\u0435\u043f\u0443\u0431\u043b\u0438\u043a\u0435 \u0421\u0440\u0431\u0438\u0458\u0435 \u0437\u0430 \u043e\u043f\u0448\u0442\u0438\u043d\u0435 \u041f\u0440\u0435\u0448\u0435\u0432\u043e, \u0411\u0443\u0458\u0430\u043d\u043e\u0432\u0430\u0446 \u0438 \u041c\u0435\u0434\u0432\u0435\u0452a\"},\"image\":{\"@id\":\"https:\\\/\\\/kt.gov.rs\\\/#\\\/schema\\\/logo\\\/image\\\/\"},\"sameAs\":[\"https:\\\/\\\/www.facebook.com\\\/SluzbaKoordinacionogTelaVladeRepublikeSrbije\",\"https:\\\/\\\/x.com\\\/kt_gov\",\"https:\\\/\\\/www.youtube.com\\\/@koordinacionotelo\"]},{\"@type\":\"Person\",\"@id\":\"https:\\\/\\\/kt.gov.rs\\\/#\\\/schema\\\/person\\\/e426459ddb4173309103390602694571\",\"name\":\"ktmin\",\"image\":{\"@type\":\"ImageObject\",\"inLanguage\":\"sq-AL\",\"@id\":\"https:\\\/\\\/secure.gravatar.com\\\/avatar\\\/3985c961109853010c3fbc7ba30365bfba5db3dd6c525831d9c595c7525a615a?s=96&d=mm&r=g\",\"url\":\"https:\\\/\\\/secure.gravatar.com\\\/avatar\\\/3985c961109853010c3fbc7ba30365bfba5db3dd6c525831d9c595c7525a615a?s=96&d=mm&r=g\",\"contentUrl\":\"https:\\\/\\\/secure.gravatar.com\\\/avatar\\\/3985c961109853010c3fbc7ba30365bfba5db3dd6c525831d9c595c7525a615a?s=96&d=mm&r=g\",\"caption\":\"ktmin\"},\"sameAs\":[\"https:\\\/\\\/kt.gov.rs\"],\"url\":\"https:\\\/\\\/kt.gov.rs\\\/sq\\\/author\\\/ktmin\\\/\"}]}<\/script>\n<!-- \/ Yoast SEO plugin. -->","yoast_head_json":{"title":"BANJA E BUJANOCIT-E VE\u00c7ANT\u00cb N\u00cb BALLKAN - Republika e S\u00ebrbis\u00eb Trupi Koordinues p\u00ebr komunat Bujanoc, Preshev\u00eb dhe Medvegj\u00eb","robots":{"index":"index","follow":"follow","max-snippet":"max-snippet:-1","max-image-preview":"max-image-preview:large","max-video-preview":"max-video-preview:-1"},"canonical":"https:\/\/kt.gov.rs\/sq\/banja-e-bujanocit-e-vecante-ne-ballkan\/","og_locale":"sq_AL","og_type":"article","og_title":"BANJA E BUJANOCIT-E VE\u00c7ANT\u00cb N\u00cb BALLKAN - Republika e S\u00ebrbis\u00eb Trupi Koordinues p\u00ebr komunat Bujanoc, Preshev\u00eb dhe Medvegj\u00eb","og_description":"Bujanoc - Pandemia e koronavirusit u ka dh\u00ebn\u00eb shum\u00eb qytetar\u00ebve t\u00eb Serbis\u00eb mund\u00ebsin\u00eb p\u00ebr t\u00eb m\u00ebsuar n\u00eb lidhje me p\u00ebrfitimet e vendit t\u00eb tyre. Sidoqoft\u00eb\u00a0 p\u00ebr shumic\u00ebn\u00a0Baja e\u00a0Bujanocit\u00a0i vetmi destinacion sh\u00ebrues n\u00eb Ballkan, ku vizitor\u00ebt trajtohen me injeksione gaz-dioksid karboni, ka mbetur nj\u00eb sekret i mbajtur mir\u00eb.","og_url":"https:\/\/kt.gov.rs\/sq\/banja-e-bujanocit-e-vecante-ne-ballkan\/","og_site_name":"Republika e S\u00ebrbis\u00eb Trupi Koordinues p\u00ebr komunat Bujanoc, Preshev\u00eb dhe Medvegj\u00eb","article_publisher":"https:\/\/www.facebook.com\/SluzbaKoordinacionogTelaVladeRepublikeSrbije","article_published_time":"2021-03-15T00:00:00+00:00","article_modified_time":"2024-07-30T18:01:04+00:00","og_image":[{"width":315,"height":230,"url":"https:\/\/kt.gov.rs\/wp-content\/uploads\/2024\/07\/1615801806_150321_2-5.jpg","type":"image\/jpeg"}],"author":"ktmin","twitter_card":"summary_large_image","twitter_creator":"@kt_gov","twitter_site":"@kt_gov","twitter_misc":{"Written by":"ktmin","Est. reading time":"3 minutes"},"schema":{"@context":"https:\/\/schema.org","@graph":[{"@type":"Article","@id":"https:\/\/kt.gov.rs\/sq\/banja-e-bujanocit-e-vecante-ne-ballkan\/#article","isPartOf":{"@id":"https:\/\/kt.gov.rs\/sq\/banja-e-bujanocit-e-vecante-ne-ballkan\/"},"author":{"name":"ktmin","@id":"https:\/\/kt.gov.rs\/#\/schema\/person\/e426459ddb4173309103390602694571"},"headline":"BANJA E BUJANOCIT-E VE\u00c7ANT\u00cb N\u00cb BALLKAN","datePublished":"2021-03-15T00:00:00+00:00","dateModified":"2024-07-30T18:01:04+00:00","mainEntityOfPage":{"@id":"https:\/\/kt.gov.rs\/sq\/banja-e-bujanocit-e-vecante-ne-ballkan\/"},"wordCount":585,"publisher":{"@id":"https:\/\/kt.gov.rs\/#organization"},"image":{"@id":"https:\/\/kt.gov.rs\/sq\/banja-e-bujanocit-e-vecante-ne-ballkan\/#primaryimage"},"thumbnailUrl":"https:\/\/kt.gov.rs\/wp-content\/uploads\/2024\/07\/1615801806_150321_2-5.jpg","articleSection":["Lajme"],"inLanguage":"sq-AL"},{"@type":"WebPage","@id":"https:\/\/kt.gov.rs\/sq\/banja-e-bujanocit-e-vecante-ne-ballkan\/","url":"https:\/\/kt.gov.rs\/sq\/banja-e-bujanocit-e-vecante-ne-ballkan\/","name":"BANJA E BUJANOCIT-E VE\u00c7ANT\u00cb N\u00cb BALLKAN - Republika e S\u00ebrbis\u00eb Trupi Koordinues p\u00ebr komunat Bujanoc, Preshev\u00eb dhe Medvegj\u00eb","isPartOf":{"@id":"https:\/\/kt.gov.rs\/#website"},"primaryImageOfPage":{"@id":"https:\/\/kt.gov.rs\/sq\/banja-e-bujanocit-e-vecante-ne-ballkan\/#primaryimage"},"image":{"@id":"https:\/\/kt.gov.rs\/sq\/banja-e-bujanocit-e-vecante-ne-ballkan\/#primaryimage"},"thumbnailUrl":"https:\/\/kt.gov.rs\/wp-content\/uploads\/2024\/07\/1615801806_150321_2-5.jpg","datePublished":"2021-03-15T00:00:00+00:00","dateModified":"2024-07-30T18:01:04+00:00","breadcrumb":{"@id":"https:\/\/kt.gov.rs\/sq\/banja-e-bujanocit-e-vecante-ne-ballkan\/#breadcrumb"},"inLanguage":"sq-AL","potentialAction":[{"@type":"ReadAction","target":["https:\/\/kt.gov.rs\/sq\/banja-e-bujanocit-e-vecante-ne-ballkan\/"]}]},{"@type":"ImageObject","inLanguage":"sq-AL","@id":"https:\/\/kt.gov.rs\/sq\/banja-e-bujanocit-e-vecante-ne-ballkan\/#primaryimage","url":"https:\/\/kt.gov.rs\/wp-content\/uploads\/2024\/07\/1615801806_150321_2-5.jpg","contentUrl":"https:\/\/kt.gov.rs\/wp-content\/uploads\/2024\/07\/1615801806_150321_2-5.jpg","width":315,"height":230},{"@type":"BreadcrumbList","@id":"https:\/\/kt.gov.rs\/sq\/banja-e-bujanocit-e-vecante-ne-ballkan\/#breadcrumb","itemListElement":[{"@type":"ListItem","position":1,"name":"\u041f\u043e\u0447\u0435\u0442\u043d\u0430","item":"https:\/\/kt.gov.rs\/sq\/"},{"@type":"ListItem","position":2,"name":"BANJA E BUJANOCIT-E VE\u00c7ANT\u00cb N\u00cb BALLKAN"}]},{"@type":"WebSite","@id":"https:\/\/kt.gov.rs\/#website","url":"https:\/\/kt.gov.rs\/","name":"\u041a\u043e\u043e\u0440\u0434\u0438\u043d\u0430\u0446\u0438\u043e\u043d\u043e \u0442\u0435\u043b\u043e \u0412\u043b\u0430\u0434\u0435 \u0420\u0435\u043f\u0443\u0431\u043b\u0438\u043a\u0435 \u0421\u0440\u0431\u0438\u0458\u0435 \u0437\u0430 \u043e\u043f\u0448\u0442\u0438\u043d\u0435 \u041f\u0440\u0435\u0448\u0435\u0432\u043e, \u0411\u0443\u0458\u0430\u043d\u043e\u0432\u0430\u0446 \u0438 \u041c\u0435\u0434\u0432\u0435\u0452a","description":"","publisher":{"@id":"https:\/\/kt.gov.rs\/#organization"},"alternateName":"\u041a\u043e\u043e\u0440\u0434\u0438\u043d\u0430\u0446\u0438\u043e\u043d\u043e \u0442\u0435\u043b\u043e","potentialAction":[{"@type":"SearchAction","target":{"@type":"EntryPoint","urlTemplate":"https:\/\/kt.gov.rs\/?s={search_term_string}"},"query-input":{"@type":"PropertyValueSpecification","valueRequired":true,"valueName":"search_term_string"}}],"inLanguage":"sq-AL"},{"@type":"Organization","@id":"https:\/\/kt.gov.rs\/#organization","name":"\u041a\u043e\u043e\u0440\u0434\u0438\u043d\u0430\u0446\u0438\u043e\u043d\u043e \u0442\u0435\u043b\u043e \u0412\u043b\u0430\u0434\u0435 \u0420\u0435\u043f\u0443\u0431\u043b\u0438\u043a\u0435 \u0421\u0440\u0431\u0438\u0458\u0435 \u0437\u0430 \u043e\u043f\u0448\u0442\u0438\u043d\u0435 \u041f\u0440\u0435\u0448\u0435\u0432\u043e, \u0411\u0443\u0458\u0430\u043d\u043e\u0432\u0430\u0446 \u0438 \u041c\u0435\u0434\u0432\u0435\u0452a","alternateName":"\u041a\u043e\u043e\u0440\u0434\u0438\u043d\u0430\u0446\u0438\u043e\u043d\u043e \u0442\u0435\u043b\u043e","url":"https:\/\/kt.gov.rs\/","logo":{"@type":"ImageObject","inLanguage":"sq-AL","@id":"https:\/\/kt.gov.rs\/#\/schema\/logo\/image\/","url":"https:\/\/kt.gov.rs\/wp-content\/uploads\/2024\/12\/koord2.jpg","contentUrl":"https:\/\/kt.gov.rs\/wp-content\/uploads\/2024\/12\/koord2.jpg","width":640,"height":480,"caption":"\u041a\u043e\u043e\u0440\u0434\u0438\u043d\u0430\u0446\u0438\u043e\u043d\u043e \u0442\u0435\u043b\u043e \u0412\u043b\u0430\u0434\u0435 \u0420\u0435\u043f\u0443\u0431\u043b\u0438\u043a\u0435 \u0421\u0440\u0431\u0438\u0458\u0435 \u0437\u0430 \u043e\u043f\u0448\u0442\u0438\u043d\u0435 \u041f\u0440\u0435\u0448\u0435\u0432\u043e, \u0411\u0443\u0458\u0430\u043d\u043e\u0432\u0430\u0446 \u0438 \u041c\u0435\u0434\u0432\u0435\u0452a"},"image":{"@id":"https:\/\/kt.gov.rs\/#\/schema\/logo\/image\/"},"sameAs":["https:\/\/www.facebook.com\/SluzbaKoordinacionogTelaVladeRepublikeSrbije","https:\/\/x.com\/kt_gov","https:\/\/www.youtube.com\/@koordinacionotelo"]},{"@type":"Person","@id":"https:\/\/kt.gov.rs\/#\/schema\/person\/e426459ddb4173309103390602694571","name":"ktmin","image":{"@type":"ImageObject","inLanguage":"sq-AL","@id":"https:\/\/secure.gravatar.com\/avatar\/3985c961109853010c3fbc7ba30365bfba5db3dd6c525831d9c595c7525a615a?s=96&d=mm&r=g","url":"https:\/\/secure.gravatar.com\/avatar\/3985c961109853010c3fbc7ba30365bfba5db3dd6c525831d9c595c7525a615a?s=96&d=mm&r=g","contentUrl":"https:\/\/secure.gravatar.com\/avatar\/3985c961109853010c3fbc7ba30365bfba5db3dd6c525831d9c595c7525a615a?s=96&d=mm&r=g","caption":"ktmin"},"sameAs":["https:\/\/kt.gov.rs"],"url":"https:\/\/kt.gov.rs\/sq\/author\/ktmin\/"}]}},"_links":{"self":[{"href":"https:\/\/kt.gov.rs\/sq\/wp-json\/wp\/v2\/posts\/110244","targetHints":{"allow":["GET"]}}],"collection":[{"href":"https:\/\/kt.gov.rs\/sq\/wp-json\/wp\/v2\/posts"}],"about":[{"href":"https:\/\/kt.gov.rs\/sq\/wp-json\/wp\/v2\/types\/post"}],"author":[{"embeddable":true,"href":"https:\/\/kt.gov.rs\/sq\/wp-json\/wp\/v2\/users\/1"}],"replies":[{"embeddable":true,"href":"https:\/\/kt.gov.rs\/sq\/wp-json\/wp\/v2\/comments?post=110244"}],"version-history":[{"count":1,"href":"https:\/\/kt.gov.rs\/sq\/wp-json\/wp\/v2\/posts\/110244\/revisions"}],"predecessor-version":[{"id":110248,"href":"https:\/\/kt.gov.rs\/sq\/wp-json\/wp\/v2\/posts\/110244\/revisions\/110248"}],"wp:featuredmedia":[{"embeddable":true,"href":"https:\/\/kt.gov.rs\/sq\/wp-json\/wp\/v2\/media\/110249"}],"wp:attachment":[{"href":"https:\/\/kt.gov.rs\/sq\/wp-json\/wp\/v2\/media?parent=110244"}],"wp:term":[{"taxonomy":"category","embeddable":true,"href":"https:\/\/kt.gov.rs\/sq\/wp-json\/wp\/v2\/categories?post=110244"},{"taxonomy":"post_tag","embeddable":true,"href":"https:\/\/kt.gov.rs\/sq\/wp-json\/wp\/v2\/tags?post=110244"}],"curies":[{"name":"wp","href":"https:\/\/api.w.org\/{rel}","templated":true}]}}