{"id":110228,"date":"2021-03-16T00:00:00","date_gmt":"2021-03-16T00:00:00","guid":{"rendered":"http:\/\/kt.printandscreen.rs\/arrin-edhe-nje-pako-ndihme\/"},"modified":"2024-07-30T18:01:03","modified_gmt":"2024-07-30T18:01:03","slug":"arrin-edhe-nje-pako-ndihme","status":"publish","type":"post","link":"https:\/\/kt.gov.rs\/sq\/arrin-edhe-nje-pako-ndihme\/","title":{"rendered":"ARRIN EDHE NJ\u00cb PAKO NDIHME!"},"content":{"rendered":"<p>\n\t<strong><img decoding=\"async\" alt=\"\" src=\"https:\/\/kt.gov.rs\/wp-content\/uploads\/2024\/07\/1615900127_160321_1-4.jpg\" style=\"width: 315px; height: 230px; float: left;\" \/><\/strong><\/p>\n<div>\n\t<strong>Beograd<\/strong> \u2013 P\u00ebrve\u00e7 60 eurove, aq sa t\u00eb gjith\u00eb qytetar\u00ebt e rritur do t\u00eb marrin nga shteti, q\u00eb do t\u00eb lajm\u00ebrohen, t\u00eb papun\u00ebt n\u00eb Serbi gjithashtu mund t\u00eb mb\u00ebshteten n\u00eb ndihm\u00eb shtes\u00eb. Tani p\u00ebr tani, \u00ebsht\u00eb e qart\u00eb q\u00eb njer\u00ebzit q\u00eb kan\u00eb humbur pun\u00ebn gjat\u00eb koron\u00ebs do t\u00eb marrin ndihm\u00eb, rreth 50,000 prej tyre, por gjithashtu q\u00eb lista mund t\u00eb jet\u00eb m\u00eb e gjer\u00eb.<\/div>\n<div>\n\t\u00a0<\/div>\n<div>\n\tMinistri i Financave, Sinisha Mali, njoftoi se nj\u00eb model p\u00ebr t\u00eb ndihmuar t\u00eb papun\u00ebt n\u00eb territorin e Serbis\u00eb do t\u00eb njihet p\u00ebr disa dit\u00eb.<\/div>\n<div>\n\tAjo q\u00eb aktualisht \u00ebsht\u00eb e pasigurt \u00ebsht\u00eb n\u00ebse t\u00eb gjith\u00eb njer\u00ebzit e regjistruar n\u00eb qendr\u00ebn p\u00ebr pun\u00ebsim do t\u00eb marrin para shtes\u00eb.<\/div>\n<div>\n\t\u00a0<\/div>\n<div>\n\tSipas t\u00eb dh\u00ebnave t\u00eb fundit zyrtare dhe sondazhit t\u00eb fuqis\u00eb pun\u00ebtore, 321,000 njer\u00ebz jan\u00eb t\u00eb papun\u00eb n\u00eb Serbi. Shum\u00eb prej tyre jan\u00eb\u00a0 p\u00ebr vite me radh\u00eb n\u00eb qendr\u00ebn p\u00ebr pun\u00eb sociale, disa madje me dekada dhe arsyeja e tyre e vetme p\u00ebr t\u00eb qen\u00eb atje \u00ebsht\u00eb sigurimi sh\u00ebndet\u00ebsor. Ata kurr\u00eb nuk\u00a0 k\u00ebrkuan dhe nuk e pranuan pun\u00ebn e ofruar n\u00eb zyrja p\u00ebr pun\u00ebsim.<\/div>\n<div>\n\t\u00a0<\/div>\n<div>\n\tNga ana tjet\u00ebr, ka shum\u00eb njer\u00ebz q\u00eb humb\u00ebn pun\u00ebn dhe jan\u00eb t\u00eb paraqitur n\u00eb\u00a0 qendr\u00ebn p\u00ebr pun\u00eb sociale, dhe vet\u00ebm gjat\u00eb koron\u00ebs\u00a0 rreth 50,000 njer\u00ebz humb\u00ebn pun\u00ebn e tyre. Ka edhe m\u00eb shum\u00eb qytetar\u00eb n\u00eb list\u00ebn e Sh\u00ebrbimit komb\u00ebtar t\u00eb pun\u00ebsimit, p\u00ebr t\u00eb cil\u00ebt qendra p\u00ebr pun\u00eb sociale u sh\u00ebrben si nj\u00eb vend q\u00eb do t&#39;i sjell\u00eb tek pun\u00ebdh\u00ebn\u00ebsi.<\/div>\n<div>\n\t\u00a0<\/div>\n<div>\n\tRreth 50,000 njer\u00ebz humb\u00ebn pun\u00ebn e tyre n\u00eb Serbi gjat\u00eb koron\u00ebs, shkalla e papun\u00ebsis\u00eb tani \u00ebsht\u00eb pothuajse 10 p\u00ebrqind, dhe nj\u00eb total prej 2.9 milion njer\u00ebz jan\u00eb t\u00eb pun\u00ebsuar. T\u00eb gjith\u00eb t\u00eb papun\u00ebt, si qytetar\u00ebt e tjer\u00eb, do t\u00eb marrin 60 euro nga shteti. Paraqitja p\u00ebr k\u00ebt\u00eb ndihm\u00eb financiare nga shteti fillon n\u00eb 28 prill.<\/div>\n<div>\n\t\u00a0<\/div>\n<div>\n\tRreth 30 eurot e para mb\u00ebrrijn\u00eb n\u00eb jav\u00ebn e par\u00eb t\u00eb majit dhe 30 euro t\u00eb tjera n\u00eb n\u00ebntor. Kushdo q\u00eb mbush 18 vje\u00e7 nga maji deri n\u00eb n\u00ebntor \u2013 nuk mund t\u00eb aplikoj\u00eb.<\/div>\n<div>\n\t\u00a0<\/div>\n<div>\n\tPensionist\u00ebt nuk kan\u00eb nevoj\u00eb t\u00eb regjistrohen. Ata do t\u00eb marrin 30 euro secili n\u00eb maj dhe n\u00ebntor dhe 50 euro shtes\u00eb n\u00eb shtator.<\/div>\n<div>\n\t\u00a0<\/div>\n<div>\n\t<strong>Burimi: Blic, Republika, OK Radio dhe Trupi koordinues<\/strong><\/div>\n<div>\n\t\u00a0<\/div>\n","protected":false},"excerpt":{"rendered":"<p>Beograd\u00a0\u2013 P\u00ebrve\u00e7 60 eurove, aq sa t\u00eb gjith\u00eb qytetar\u00ebt e rritur do t\u00eb marrin nga shteti, q\u00eb do t\u00eb lajm\u00ebrohen, t\u00eb papun\u00ebt n\u00eb Serbi gjithashtu mund t\u00eb mb\u00ebshteten n\u00eb ndihm\u00eb shtes\u00eb. Tani p\u00ebr tani, \u00ebsht\u00eb e qart\u00eb q\u00eb njer\u00ebzit q\u00eb kan\u00eb humbur pun\u00ebn gjat\u00eb koron\u00ebs do t\u00eb marrin ndihm\u00eb, rreth 50,000 prej tyre, por gjithashtu q\u00eb lista mund t\u00eb jet\u00eb m\u00eb e gjer\u00eb.<\/p>\n","protected":false},"author":1,"featured_media":110233,"comment_status":"closed","ping_status":"closed","sticky":false,"template":"","format":"standard","meta":{"footnotes":""},"categories":[55],"tags":[],"class_list":["post-110228","post","type-post","status-publish","format-standard","has-post-thumbnail","hentry","category-lajme"],"yoast_head":"<!-- This site is optimized with the Yoast SEO plugin v27.5 - https:\/\/yoast.com\/product\/yoast-seo-wordpress\/ -->\n<title>ARRIN EDHE NJ\u00cb PAKO NDIHME! - Republika e S\u00ebrbis\u00eb Trupi Koordinues p\u00ebr komunat Bujanoc, Preshev\u00eb dhe Medvegj\u00eb<\/title>\n<meta name=\"robots\" content=\"index, follow, max-snippet:-1, max-image-preview:large, max-video-preview:-1\" \/>\n<link rel=\"canonical\" href=\"https:\/\/kt.gov.rs\/sq\/arrin-edhe-nje-pako-ndihme\/\" \/>\n<meta property=\"og:locale\" content=\"sq_AL\" \/>\n<meta property=\"og:type\" content=\"article\" \/>\n<meta property=\"og:title\" content=\"ARRIN EDHE NJ\u00cb PAKO NDIHME! - Republika e S\u00ebrbis\u00eb Trupi Koordinues p\u00ebr komunat Bujanoc, Preshev\u00eb dhe Medvegj\u00eb\" \/>\n<meta property=\"og:description\" content=\"Beograd\u00a0- P\u00ebrve\u00e7 60 eurove, aq sa t\u00eb gjith\u00eb qytetar\u00ebt e rritur do t\u00eb marrin nga shteti, q\u00eb do t\u00eb lajm\u00ebrohen, t\u00eb papun\u00ebt n\u00eb Serbi gjithashtu mund t\u00eb mb\u00ebshteten n\u00eb ndihm\u00eb shtes\u00eb. Tani p\u00ebr tani, \u00ebsht\u00eb e qart\u00eb q\u00eb njer\u00ebzit q\u00eb kan\u00eb humbur pun\u00ebn gjat\u00eb koron\u00ebs do t\u00eb marrin ndihm\u00eb, rreth 50,000 prej tyre, por gjithashtu q\u00eb lista mund t\u00eb jet\u00eb m\u00eb e gjer\u00eb.\" \/>\n<meta property=\"og:url\" content=\"https:\/\/kt.gov.rs\/sq\/arrin-edhe-nje-pako-ndihme\/\" \/>\n<meta property=\"og:site_name\" content=\"Republika e S\u00ebrbis\u00eb Trupi Koordinues p\u00ebr komunat Bujanoc, Preshev\u00eb dhe Medvegj\u00eb\" \/>\n<meta property=\"article:publisher\" content=\"https:\/\/www.facebook.com\/SluzbaKoordinacionogTelaVladeRepublikeSrbije\" \/>\n<meta property=\"article:published_time\" content=\"2021-03-16T00:00:00+00:00\" \/>\n<meta property=\"article:modified_time\" content=\"2024-07-30T18:01:03+00:00\" \/>\n<meta property=\"og:image\" content=\"https:\/\/kt.gov.rs\/wp-content\/uploads\/2024\/07\/1615900127_160321_1-5.jpg\" \/>\n\t<meta property=\"og:image:width\" content=\"315\" \/>\n\t<meta property=\"og:image:height\" content=\"230\" \/>\n\t<meta property=\"og:image:type\" content=\"image\/jpeg\" \/>\n<meta name=\"author\" content=\"ktmin\" \/>\n<meta name=\"twitter:card\" content=\"summary_large_image\" \/>\n<meta name=\"twitter:creator\" content=\"@kt_gov\" \/>\n<meta name=\"twitter:site\" content=\"@kt_gov\" \/>\n<meta name=\"twitter:label1\" content=\"Written by\" \/>\n\t<meta name=\"twitter:data1\" content=\"ktmin\" \/>\n\t<meta name=\"twitter:label2\" content=\"Est. reading time\" \/>\n\t<meta name=\"twitter:data2\" content=\"3 minutes\" \/>\n<script type=\"application\/ld+json\" class=\"yoast-schema-graph\">{\"@context\":\"https:\\\/\\\/schema.org\",\"@graph\":[{\"@type\":\"Article\",\"@id\":\"https:\\\/\\\/kt.gov.rs\\\/sq\\\/arrin-edhe-nje-pako-ndihme\\\/#article\",\"isPartOf\":{\"@id\":\"https:\\\/\\\/kt.gov.rs\\\/sq\\\/arrin-edhe-nje-pako-ndihme\\\/\"},\"author\":{\"name\":\"ktmin\",\"@id\":\"https:\\\/\\\/kt.gov.rs\\\/#\\\/schema\\\/person\\\/e426459ddb4173309103390602694571\"},\"headline\":\"ARRIN EDHE NJ\u00cb PAKO NDIHME!\",\"datePublished\":\"2021-03-16T00:00:00+00:00\",\"dateModified\":\"2024-07-30T18:01:03+00:00\",\"mainEntityOfPage\":{\"@id\":\"https:\\\/\\\/kt.gov.rs\\\/sq\\\/arrin-edhe-nje-pako-ndihme\\\/\"},\"wordCount\":609,\"publisher\":{\"@id\":\"https:\\\/\\\/kt.gov.rs\\\/#organization\"},\"image\":{\"@id\":\"https:\\\/\\\/kt.gov.rs\\\/sq\\\/arrin-edhe-nje-pako-ndihme\\\/#primaryimage\"},\"thumbnailUrl\":\"https:\\\/\\\/kt.gov.rs\\\/wp-content\\\/uploads\\\/2024\\\/07\\\/1615900127_160321_1-5.jpg\",\"articleSection\":[\"Lajme\"],\"inLanguage\":\"sq-AL\"},{\"@type\":\"WebPage\",\"@id\":\"https:\\\/\\\/kt.gov.rs\\\/sq\\\/arrin-edhe-nje-pako-ndihme\\\/\",\"url\":\"https:\\\/\\\/kt.gov.rs\\\/sq\\\/arrin-edhe-nje-pako-ndihme\\\/\",\"name\":\"ARRIN EDHE NJ\u00cb PAKO NDIHME! - Republika e S\u00ebrbis\u00eb Trupi Koordinues p\u00ebr komunat Bujanoc, Preshev\u00eb dhe Medvegj\u00eb\",\"isPartOf\":{\"@id\":\"https:\\\/\\\/kt.gov.rs\\\/#website\"},\"primaryImageOfPage\":{\"@id\":\"https:\\\/\\\/kt.gov.rs\\\/sq\\\/arrin-edhe-nje-pako-ndihme\\\/#primaryimage\"},\"image\":{\"@id\":\"https:\\\/\\\/kt.gov.rs\\\/sq\\\/arrin-edhe-nje-pako-ndihme\\\/#primaryimage\"},\"thumbnailUrl\":\"https:\\\/\\\/kt.gov.rs\\\/wp-content\\\/uploads\\\/2024\\\/07\\\/1615900127_160321_1-5.jpg\",\"datePublished\":\"2021-03-16T00:00:00+00:00\",\"dateModified\":\"2024-07-30T18:01:03+00:00\",\"breadcrumb\":{\"@id\":\"https:\\\/\\\/kt.gov.rs\\\/sq\\\/arrin-edhe-nje-pako-ndihme\\\/#breadcrumb\"},\"inLanguage\":\"sq-AL\",\"potentialAction\":[{\"@type\":\"ReadAction\",\"target\":[\"https:\\\/\\\/kt.gov.rs\\\/sq\\\/arrin-edhe-nje-pako-ndihme\\\/\"]}]},{\"@type\":\"ImageObject\",\"inLanguage\":\"sq-AL\",\"@id\":\"https:\\\/\\\/kt.gov.rs\\\/sq\\\/arrin-edhe-nje-pako-ndihme\\\/#primaryimage\",\"url\":\"https:\\\/\\\/kt.gov.rs\\\/wp-content\\\/uploads\\\/2024\\\/07\\\/1615900127_160321_1-5.jpg\",\"contentUrl\":\"https:\\\/\\\/kt.gov.rs\\\/wp-content\\\/uploads\\\/2024\\\/07\\\/1615900127_160321_1-5.jpg\",\"width\":315,\"height\":230},{\"@type\":\"BreadcrumbList\",\"@id\":\"https:\\\/\\\/kt.gov.rs\\\/sq\\\/arrin-edhe-nje-pako-ndihme\\\/#breadcrumb\",\"itemListElement\":[{\"@type\":\"ListItem\",\"position\":1,\"name\":\"\u041f\u043e\u0447\u0435\u0442\u043d\u0430\",\"item\":\"https:\\\/\\\/kt.gov.rs\\\/sq\\\/\"},{\"@type\":\"ListItem\",\"position\":2,\"name\":\"ARRIN EDHE NJ\u00cb PAKO NDIHME!\"}]},{\"@type\":\"WebSite\",\"@id\":\"https:\\\/\\\/kt.gov.rs\\\/#website\",\"url\":\"https:\\\/\\\/kt.gov.rs\\\/\",\"name\":\"\u041a\u043e\u043e\u0440\u0434\u0438\u043d\u0430\u0446\u0438\u043e\u043d\u043e \u0442\u0435\u043b\u043e \u0412\u043b\u0430\u0434\u0435 \u0420\u0435\u043f\u0443\u0431\u043b\u0438\u043a\u0435 \u0421\u0440\u0431\u0438\u0458\u0435 \u0437\u0430 \u043e\u043f\u0448\u0442\u0438\u043d\u0435 \u041f\u0440\u0435\u0448\u0435\u0432\u043e, \u0411\u0443\u0458\u0430\u043d\u043e\u0432\u0430\u0446 \u0438 \u041c\u0435\u0434\u0432\u0435\u0452a\",\"description\":\"\",\"publisher\":{\"@id\":\"https:\\\/\\\/kt.gov.rs\\\/#organization\"},\"alternateName\":\"\u041a\u043e\u043e\u0440\u0434\u0438\u043d\u0430\u0446\u0438\u043e\u043d\u043e \u0442\u0435\u043b\u043e\",\"potentialAction\":[{\"@type\":\"SearchAction\",\"target\":{\"@type\":\"EntryPoint\",\"urlTemplate\":\"https:\\\/\\\/kt.gov.rs\\\/?s={search_term_string}\"},\"query-input\":{\"@type\":\"PropertyValueSpecification\",\"valueRequired\":true,\"valueName\":\"search_term_string\"}}],\"inLanguage\":\"sq-AL\"},{\"@type\":\"Organization\",\"@id\":\"https:\\\/\\\/kt.gov.rs\\\/#organization\",\"name\":\"\u041a\u043e\u043e\u0440\u0434\u0438\u043d\u0430\u0446\u0438\u043e\u043d\u043e \u0442\u0435\u043b\u043e \u0412\u043b\u0430\u0434\u0435 \u0420\u0435\u043f\u0443\u0431\u043b\u0438\u043a\u0435 \u0421\u0440\u0431\u0438\u0458\u0435 \u0437\u0430 \u043e\u043f\u0448\u0442\u0438\u043d\u0435 \u041f\u0440\u0435\u0448\u0435\u0432\u043e, \u0411\u0443\u0458\u0430\u043d\u043e\u0432\u0430\u0446 \u0438 \u041c\u0435\u0434\u0432\u0435\u0452a\",\"alternateName\":\"\u041a\u043e\u043e\u0440\u0434\u0438\u043d\u0430\u0446\u0438\u043e\u043d\u043e \u0442\u0435\u043b\u043e\",\"url\":\"https:\\\/\\\/kt.gov.rs\\\/\",\"logo\":{\"@type\":\"ImageObject\",\"inLanguage\":\"sq-AL\",\"@id\":\"https:\\\/\\\/kt.gov.rs\\\/#\\\/schema\\\/logo\\\/image\\\/\",\"url\":\"https:\\\/\\\/kt.gov.rs\\\/wp-content\\\/uploads\\\/2024\\\/12\\\/koord2.jpg\",\"contentUrl\":\"https:\\\/\\\/kt.gov.rs\\\/wp-content\\\/uploads\\\/2024\\\/12\\\/koord2.jpg\",\"width\":640,\"height\":480,\"caption\":\"\u041a\u043e\u043e\u0440\u0434\u0438\u043d\u0430\u0446\u0438\u043e\u043d\u043e \u0442\u0435\u043b\u043e \u0412\u043b\u0430\u0434\u0435 \u0420\u0435\u043f\u0443\u0431\u043b\u0438\u043a\u0435 \u0421\u0440\u0431\u0438\u0458\u0435 \u0437\u0430 \u043e\u043f\u0448\u0442\u0438\u043d\u0435 \u041f\u0440\u0435\u0448\u0435\u0432\u043e, \u0411\u0443\u0458\u0430\u043d\u043e\u0432\u0430\u0446 \u0438 \u041c\u0435\u0434\u0432\u0435\u0452a\"},\"image\":{\"@id\":\"https:\\\/\\\/kt.gov.rs\\\/#\\\/schema\\\/logo\\\/image\\\/\"},\"sameAs\":[\"https:\\\/\\\/www.facebook.com\\\/SluzbaKoordinacionogTelaVladeRepublikeSrbije\",\"https:\\\/\\\/x.com\\\/kt_gov\",\"https:\\\/\\\/www.youtube.com\\\/@koordinacionotelo\"]},{\"@type\":\"Person\",\"@id\":\"https:\\\/\\\/kt.gov.rs\\\/#\\\/schema\\\/person\\\/e426459ddb4173309103390602694571\",\"name\":\"ktmin\",\"image\":{\"@type\":\"ImageObject\",\"inLanguage\":\"sq-AL\",\"@id\":\"https:\\\/\\\/secure.gravatar.com\\\/avatar\\\/3985c961109853010c3fbc7ba30365bfba5db3dd6c525831d9c595c7525a615a?s=96&d=mm&r=g\",\"url\":\"https:\\\/\\\/secure.gravatar.com\\\/avatar\\\/3985c961109853010c3fbc7ba30365bfba5db3dd6c525831d9c595c7525a615a?s=96&d=mm&r=g\",\"contentUrl\":\"https:\\\/\\\/secure.gravatar.com\\\/avatar\\\/3985c961109853010c3fbc7ba30365bfba5db3dd6c525831d9c595c7525a615a?s=96&d=mm&r=g\",\"caption\":\"ktmin\"},\"sameAs\":[\"https:\\\/\\\/kt.gov.rs\"],\"url\":\"https:\\\/\\\/kt.gov.rs\\\/sq\\\/author\\\/ktmin\\\/\"}]}<\/script>\n<!-- \/ Yoast SEO plugin. -->","yoast_head_json":{"title":"ARRIN EDHE NJ\u00cb PAKO NDIHME! - Republika e S\u00ebrbis\u00eb Trupi Koordinues p\u00ebr komunat Bujanoc, Preshev\u00eb dhe Medvegj\u00eb","robots":{"index":"index","follow":"follow","max-snippet":"max-snippet:-1","max-image-preview":"max-image-preview:large","max-video-preview":"max-video-preview:-1"},"canonical":"https:\/\/kt.gov.rs\/sq\/arrin-edhe-nje-pako-ndihme\/","og_locale":"sq_AL","og_type":"article","og_title":"ARRIN EDHE NJ\u00cb PAKO NDIHME! - Republika e S\u00ebrbis\u00eb Trupi Koordinues p\u00ebr komunat Bujanoc, Preshev\u00eb dhe Medvegj\u00eb","og_description":"Beograd\u00a0- P\u00ebrve\u00e7 60 eurove, aq sa t\u00eb gjith\u00eb qytetar\u00ebt e rritur do t\u00eb marrin nga shteti, q\u00eb do t\u00eb lajm\u00ebrohen, t\u00eb papun\u00ebt n\u00eb Serbi gjithashtu mund t\u00eb mb\u00ebshteten n\u00eb ndihm\u00eb shtes\u00eb. Tani p\u00ebr tani, \u00ebsht\u00eb e qart\u00eb q\u00eb njer\u00ebzit q\u00eb kan\u00eb humbur pun\u00ebn gjat\u00eb koron\u00ebs do t\u00eb marrin ndihm\u00eb, rreth 50,000 prej tyre, por gjithashtu q\u00eb lista mund t\u00eb jet\u00eb m\u00eb e gjer\u00eb.","og_url":"https:\/\/kt.gov.rs\/sq\/arrin-edhe-nje-pako-ndihme\/","og_site_name":"Republika e S\u00ebrbis\u00eb Trupi Koordinues p\u00ebr komunat Bujanoc, Preshev\u00eb dhe Medvegj\u00eb","article_publisher":"https:\/\/www.facebook.com\/SluzbaKoordinacionogTelaVladeRepublikeSrbije","article_published_time":"2021-03-16T00:00:00+00:00","article_modified_time":"2024-07-30T18:01:03+00:00","og_image":[{"width":315,"height":230,"url":"https:\/\/kt.gov.rs\/wp-content\/uploads\/2024\/07\/1615900127_160321_1-5.jpg","type":"image\/jpeg"}],"author":"ktmin","twitter_card":"summary_large_image","twitter_creator":"@kt_gov","twitter_site":"@kt_gov","twitter_misc":{"Written by":"ktmin","Est. reading time":"3 minutes"},"schema":{"@context":"https:\/\/schema.org","@graph":[{"@type":"Article","@id":"https:\/\/kt.gov.rs\/sq\/arrin-edhe-nje-pako-ndihme\/#article","isPartOf":{"@id":"https:\/\/kt.gov.rs\/sq\/arrin-edhe-nje-pako-ndihme\/"},"author":{"name":"ktmin","@id":"https:\/\/kt.gov.rs\/#\/schema\/person\/e426459ddb4173309103390602694571"},"headline":"ARRIN EDHE NJ\u00cb PAKO NDIHME!","datePublished":"2021-03-16T00:00:00+00:00","dateModified":"2024-07-30T18:01:03+00:00","mainEntityOfPage":{"@id":"https:\/\/kt.gov.rs\/sq\/arrin-edhe-nje-pako-ndihme\/"},"wordCount":609,"publisher":{"@id":"https:\/\/kt.gov.rs\/#organization"},"image":{"@id":"https:\/\/kt.gov.rs\/sq\/arrin-edhe-nje-pako-ndihme\/#primaryimage"},"thumbnailUrl":"https:\/\/kt.gov.rs\/wp-content\/uploads\/2024\/07\/1615900127_160321_1-5.jpg","articleSection":["Lajme"],"inLanguage":"sq-AL"},{"@type":"WebPage","@id":"https:\/\/kt.gov.rs\/sq\/arrin-edhe-nje-pako-ndihme\/","url":"https:\/\/kt.gov.rs\/sq\/arrin-edhe-nje-pako-ndihme\/","name":"ARRIN EDHE NJ\u00cb PAKO NDIHME! - Republika e S\u00ebrbis\u00eb Trupi Koordinues p\u00ebr komunat Bujanoc, Preshev\u00eb dhe Medvegj\u00eb","isPartOf":{"@id":"https:\/\/kt.gov.rs\/#website"},"primaryImageOfPage":{"@id":"https:\/\/kt.gov.rs\/sq\/arrin-edhe-nje-pako-ndihme\/#primaryimage"},"image":{"@id":"https:\/\/kt.gov.rs\/sq\/arrin-edhe-nje-pako-ndihme\/#primaryimage"},"thumbnailUrl":"https:\/\/kt.gov.rs\/wp-content\/uploads\/2024\/07\/1615900127_160321_1-5.jpg","datePublished":"2021-03-16T00:00:00+00:00","dateModified":"2024-07-30T18:01:03+00:00","breadcrumb":{"@id":"https:\/\/kt.gov.rs\/sq\/arrin-edhe-nje-pako-ndihme\/#breadcrumb"},"inLanguage":"sq-AL","potentialAction":[{"@type":"ReadAction","target":["https:\/\/kt.gov.rs\/sq\/arrin-edhe-nje-pako-ndihme\/"]}]},{"@type":"ImageObject","inLanguage":"sq-AL","@id":"https:\/\/kt.gov.rs\/sq\/arrin-edhe-nje-pako-ndihme\/#primaryimage","url":"https:\/\/kt.gov.rs\/wp-content\/uploads\/2024\/07\/1615900127_160321_1-5.jpg","contentUrl":"https:\/\/kt.gov.rs\/wp-content\/uploads\/2024\/07\/1615900127_160321_1-5.jpg","width":315,"height":230},{"@type":"BreadcrumbList","@id":"https:\/\/kt.gov.rs\/sq\/arrin-edhe-nje-pako-ndihme\/#breadcrumb","itemListElement":[{"@type":"ListItem","position":1,"name":"\u041f\u043e\u0447\u0435\u0442\u043d\u0430","item":"https:\/\/kt.gov.rs\/sq\/"},{"@type":"ListItem","position":2,"name":"ARRIN EDHE NJ\u00cb PAKO NDIHME!"}]},{"@type":"WebSite","@id":"https:\/\/kt.gov.rs\/#website","url":"https:\/\/kt.gov.rs\/","name":"\u041a\u043e\u043e\u0440\u0434\u0438\u043d\u0430\u0446\u0438\u043e\u043d\u043e \u0442\u0435\u043b\u043e \u0412\u043b\u0430\u0434\u0435 \u0420\u0435\u043f\u0443\u0431\u043b\u0438\u043a\u0435 \u0421\u0440\u0431\u0438\u0458\u0435 \u0437\u0430 \u043e\u043f\u0448\u0442\u0438\u043d\u0435 \u041f\u0440\u0435\u0448\u0435\u0432\u043e, \u0411\u0443\u0458\u0430\u043d\u043e\u0432\u0430\u0446 \u0438 \u041c\u0435\u0434\u0432\u0435\u0452a","description":"","publisher":{"@id":"https:\/\/kt.gov.rs\/#organization"},"alternateName":"\u041a\u043e\u043e\u0440\u0434\u0438\u043d\u0430\u0446\u0438\u043e\u043d\u043e \u0442\u0435\u043b\u043e","potentialAction":[{"@type":"SearchAction","target":{"@type":"EntryPoint","urlTemplate":"https:\/\/kt.gov.rs\/?s={search_term_string}"},"query-input":{"@type":"PropertyValueSpecification","valueRequired":true,"valueName":"search_term_string"}}],"inLanguage":"sq-AL"},{"@type":"Organization","@id":"https:\/\/kt.gov.rs\/#organization","name":"\u041a\u043e\u043e\u0440\u0434\u0438\u043d\u0430\u0446\u0438\u043e\u043d\u043e \u0442\u0435\u043b\u043e \u0412\u043b\u0430\u0434\u0435 \u0420\u0435\u043f\u0443\u0431\u043b\u0438\u043a\u0435 \u0421\u0440\u0431\u0438\u0458\u0435 \u0437\u0430 \u043e\u043f\u0448\u0442\u0438\u043d\u0435 \u041f\u0440\u0435\u0448\u0435\u0432\u043e, \u0411\u0443\u0458\u0430\u043d\u043e\u0432\u0430\u0446 \u0438 \u041c\u0435\u0434\u0432\u0435\u0452a","alternateName":"\u041a\u043e\u043e\u0440\u0434\u0438\u043d\u0430\u0446\u0438\u043e\u043d\u043e \u0442\u0435\u043b\u043e","url":"https:\/\/kt.gov.rs\/","logo":{"@type":"ImageObject","inLanguage":"sq-AL","@id":"https:\/\/kt.gov.rs\/#\/schema\/logo\/image\/","url":"https:\/\/kt.gov.rs\/wp-content\/uploads\/2024\/12\/koord2.jpg","contentUrl":"https:\/\/kt.gov.rs\/wp-content\/uploads\/2024\/12\/koord2.jpg","width":640,"height":480,"caption":"\u041a\u043e\u043e\u0440\u0434\u0438\u043d\u0430\u0446\u0438\u043e\u043d\u043e \u0442\u0435\u043b\u043e \u0412\u043b\u0430\u0434\u0435 \u0420\u0435\u043f\u0443\u0431\u043b\u0438\u043a\u0435 \u0421\u0440\u0431\u0438\u0458\u0435 \u0437\u0430 \u043e\u043f\u0448\u0442\u0438\u043d\u0435 \u041f\u0440\u0435\u0448\u0435\u0432\u043e, \u0411\u0443\u0458\u0430\u043d\u043e\u0432\u0430\u0446 \u0438 \u041c\u0435\u0434\u0432\u0435\u0452a"},"image":{"@id":"https:\/\/kt.gov.rs\/#\/schema\/logo\/image\/"},"sameAs":["https:\/\/www.facebook.com\/SluzbaKoordinacionogTelaVladeRepublikeSrbije","https:\/\/x.com\/kt_gov","https:\/\/www.youtube.com\/@koordinacionotelo"]},{"@type":"Person","@id":"https:\/\/kt.gov.rs\/#\/schema\/person\/e426459ddb4173309103390602694571","name":"ktmin","image":{"@type":"ImageObject","inLanguage":"sq-AL","@id":"https:\/\/secure.gravatar.com\/avatar\/3985c961109853010c3fbc7ba30365bfba5db3dd6c525831d9c595c7525a615a?s=96&d=mm&r=g","url":"https:\/\/secure.gravatar.com\/avatar\/3985c961109853010c3fbc7ba30365bfba5db3dd6c525831d9c595c7525a615a?s=96&d=mm&r=g","contentUrl":"https:\/\/secure.gravatar.com\/avatar\/3985c961109853010c3fbc7ba30365bfba5db3dd6c525831d9c595c7525a615a?s=96&d=mm&r=g","caption":"ktmin"},"sameAs":["https:\/\/kt.gov.rs"],"url":"https:\/\/kt.gov.rs\/sq\/author\/ktmin\/"}]}},"_links":{"self":[{"href":"https:\/\/kt.gov.rs\/sq\/wp-json\/wp\/v2\/posts\/110228","targetHints":{"allow":["GET"]}}],"collection":[{"href":"https:\/\/kt.gov.rs\/sq\/wp-json\/wp\/v2\/posts"}],"about":[{"href":"https:\/\/kt.gov.rs\/sq\/wp-json\/wp\/v2\/types\/post"}],"author":[{"embeddable":true,"href":"https:\/\/kt.gov.rs\/sq\/wp-json\/wp\/v2\/users\/1"}],"replies":[{"embeddable":true,"href":"https:\/\/kt.gov.rs\/sq\/wp-json\/wp\/v2\/comments?post=110228"}],"version-history":[{"count":1,"href":"https:\/\/kt.gov.rs\/sq\/wp-json\/wp\/v2\/posts\/110228\/revisions"}],"predecessor-version":[{"id":110232,"href":"https:\/\/kt.gov.rs\/sq\/wp-json\/wp\/v2\/posts\/110228\/revisions\/110232"}],"wp:featuredmedia":[{"embeddable":true,"href":"https:\/\/kt.gov.rs\/sq\/wp-json\/wp\/v2\/media\/110233"}],"wp:attachment":[{"href":"https:\/\/kt.gov.rs\/sq\/wp-json\/wp\/v2\/media?parent=110228"}],"wp:term":[{"taxonomy":"category","embeddable":true,"href":"https:\/\/kt.gov.rs\/sq\/wp-json\/wp\/v2\/categories?post=110228"},{"taxonomy":"post_tag","embeddable":true,"href":"https:\/\/kt.gov.rs\/sq\/wp-json\/wp\/v2\/tags?post=110228"}],"curies":[{"name":"wp","href":"https:\/\/api.w.org\/{rel}","templated":true}]}}