{"id":110188,"date":"2021-03-17T00:00:00","date_gmt":"2021-03-17T00:00:00","guid":{"rendered":"http:\/\/kt.printandscreen.rs\/shtabi-i-krizave-ka-sqaruar-se-cka-do-te-mbyllet-deri-te-henen\/"},"modified":"2024-07-30T18:01:00","modified_gmt":"2024-07-30T18:01:00","slug":"shtabi-i-krizave-ka-sqaruar-se-cka-do-te-mbyllet-deri-te-henen","status":"publish","type":"post","link":"https:\/\/kt.gov.rs\/sq\/shtabi-i-krizave-ka-sqaruar-se-cka-do-te-mbyllet-deri-te-henen\/","title":{"rendered":"SHTABI I KRIZAVE KA SQARUAR SE \u00c7KA DO T\u00cb MBYLLET DERI T\u00cb H\u00cbN\u00cbN"},"content":{"rendered":"<p>\n\t<strong><img decoding=\"async\" alt=\"\" src=\"https:\/\/kt.gov.rs\/wp-content\/uploads\/2024\/07\/1615974121_170321_2-4.jpg\" style=\"width: 315px; height: 230px; float: left;\" \/><\/strong><strong>Bujanoc, Preshev\u00eb, Medvegj\u00eb \u2013 <\/strong>Q\u00eb nga mbr\u00ebm\u00eb n\u00eb or\u00ebn 20, gjegj\u00ebsisht nga ora 21:00, t\u00eb gjitha objektet hotelierike (kafenet\u00eb, restorantet, baret), qendrat tregtare, t\u00eb gjitha dyqanet (p\u00ebrve\u00e7 shitoreve ushqimore), kinema, muze, galeri, kozmetik\u00eb dhe parukeri, sallone bukurie, kazino, salla loj\u00ebrash p\u00ebr f\u00ebmij\u00eb, palestra, qendra fitnesi, pishinat, balona sportive\u2026<\/p>\n<p>\n\t\u00cbsht\u00eb e r\u00ebnd\u00ebsishme t\u00eb theksohet se masat e mbylljes nuk zbatohen p\u00ebr kompanit\u00eb, fabrikat dhe organizimin e tyre t\u00eb brendsh\u00ebm t\u00eb pun\u00ebs dhe aktiviteteve t\u00eb biznesit, njoftoi Qeveria e Serbis\u00eb.<\/p>\n<p>\n\tGjithashtu, gjat\u00eb orarit normal t\u00eb pun\u00ebs, t\u00eb gjith\u00eb sportelet e administrat\u00ebs shtet\u00ebrore, zyra postare, bankat, kompanit\u00eb e sigurimeve, zyrat e k\u00ebmbimit do t\u00eb hapen, njoftoi Zyra p\u00ebr Bashk\u00ebpunim me Mediat e Qeveris\u00eb s\u00eb Serbis\u00eb.<\/p>\n<p>\n\tObjektet p\u00ebr t\u00eb cilat nuk zbatohet ky kufizim i pun\u00ebs n\u00eb dit\u00ebt n\u00eb vijim dhe t\u00eb cilat lejohen t\u00eb punojn\u00eb gjat\u00eb fundjav\u00ebs jan\u00eb si m\u00eb posht\u00eb:<\/p>\n<p>\n\t\u2022 Farmacit\u00eb, ordinancat, laborator\u00ebt, ordinancat dentare dhe veterinare, farmacit\u00eb veterinare.<\/p>\n<p>\n\t\u2022 Objekte tregtare q\u00eb shesin produkte ushqimore, tregje e gjelb\u00ebrta, shitoret p\u00ebr kafsh\u00eb, pet shopet\u2026<\/p>\n<p>\n\t\u2022 Objekte t\u00eb pavarura t\u00eb shitjes me pakic\u00eb ku b\u00ebhet pazar pa hyr\u00eb n\u00eb objekt \u2013 kioska dhe trafikat.<\/p>\n<p>\n\t\u2022 Objektet dhe pun\u00ebtorit\u00eb q\u00eb ofrojn\u00eb sh\u00ebrbime q\u00eb nuk k\u00ebrkojn\u00eb prezenc\u00eb afatgjat\u00eb t\u00eb p\u00ebrdoruesve dhe ku kontakti \u00ebsht\u00eb i kufizuar, t\u00eb tilla si k\u00ebpucar\u00eb, gjamprer\u00ebs, rrobaqep\u00ebs, dyqane zdrukthtari, vullkanizues, inspektime teknike, larje makinash, pastrim kimik<\/p>\n<p>\n\t\u2022 Pompat e benzin\u00ebs n\u00eb kryerjen e aktiviteteve t\u00eb shitjes s\u00eb karburantit.<\/p>\n<p>\n\t\u2022 Restorante dhe baret brenda hotelit dhe akomodime t\u00eb tjera t\u00eb kategorizuara ekskluzivisht p\u00ebr mysafir\u00ebt q\u00eb kan\u00eb nj\u00eb q\u00ebndrim t\u00eb regjistruar n\u00eb at\u00eb hotel.<\/p>\n<p>\n\t\u2022 Mjedise sportive p\u00ebr p\u00ebrgatitjen dhe mbajtjen e garave t\u00eb regjistruara brenda federatave komb\u00ebtare sportive kompetente.<\/p>\n<p>\n\tAutoritetet kompetente, sh\u00ebrbimet e inspektimit dhe policia komunale do t\u00eb kontrollojn\u00eb rrept\u00ebsisht respektimin e masave epidemike n\u00eb dit\u00ebt n\u00eb vijim, dhe Qeveria e Serbis\u00eb edhe nj\u00eb her\u00eb b\u00ebn thirrje p\u00ebr respektimin e t\u00eb gjitha masave epidemike dhe b\u00ebn thirrje p\u00ebr p\u00ebrgjegj\u00ebsin\u00eb personale t\u00eb t\u00eb gjith\u00eb qytetar\u00ebve.<\/p>\n<p>\n\t<strong>Vaksinimi kund\u00ebr s\u00ebmundjes infektive kovid 19 do t\u00eb b\u00ebhet pa nd\u00ebrprerje sipas nj\u00eb plani t\u00eb paracaktuar n\u00eb dit\u00ebt n\u00eb vijim, n\u00eb m\u00ebnyr\u00eb q\u00eb masat e reja t\u00eb mos rrezikojn\u00eb n\u00eb asnj\u00eb m\u00ebnyr\u00eb procesin e imunizimit.<\/strong><\/p>\n<p>\n\t<strong>Burimi: Beta, B92, Bujanova\u00e7ke dhe Trupi Koordinues<\/strong><\/p>\n<p>\n\t\u00a0<\/p>\n","protected":false},"excerpt":{"rendered":"<p>Bujanoc, Preshev\u00eb, Medvegj\u00eb \u2013\u00a0Q\u00eb nga mbr\u00ebm\u00eb n\u00eb or\u00ebn 20, gjegj\u00ebsisht nga ora 21:00, t\u00eb gjitha objektet hotelierike (kafenet\u00eb, restorantet, baret), qendrat tregtare, t\u00eb gjitha dyqanet (p\u00ebrve\u00e7 shitoreve ushqimore), kinema, muze, galeri\u2026<\/p>\n","protected":false},"author":1,"featured_media":110193,"comment_status":"closed","ping_status":"closed","sticky":false,"template":"","format":"standard","meta":{"footnotes":""},"categories":[55],"tags":[],"class_list":["post-110188","post","type-post","status-publish","format-standard","has-post-thumbnail","hentry","category-lajme"],"yoast_head":"<!-- This site is optimized with the Yoast SEO plugin v27.5 - https:\/\/yoast.com\/product\/yoast-seo-wordpress\/ -->\n<title>SHTABI I KRIZAVE KA SQARUAR SE \u00c7KA DO T\u00cb MBYLLET DERI T\u00cb H\u00cbN\u00cbN - Republika e S\u00ebrbis\u00eb Trupi Koordinues p\u00ebr komunat Bujanoc, Preshev\u00eb dhe Medvegj\u00eb<\/title>\n<meta name=\"robots\" content=\"index, follow, max-snippet:-1, max-image-preview:large, max-video-preview:-1\" \/>\n<link rel=\"canonical\" href=\"https:\/\/kt.gov.rs\/sq\/shtabi-i-krizave-ka-sqaruar-se-cka-do-te-mbyllet-deri-te-henen\/\" \/>\n<meta property=\"og:locale\" content=\"sq_AL\" \/>\n<meta property=\"og:type\" content=\"article\" \/>\n<meta property=\"og:title\" content=\"SHTABI I KRIZAVE KA SQARUAR SE \u00c7KA DO T\u00cb MBYLLET DERI T\u00cb H\u00cbN\u00cbN - Republika e S\u00ebrbis\u00eb Trupi Koordinues p\u00ebr komunat Bujanoc, Preshev\u00eb dhe Medvegj\u00eb\" \/>\n<meta property=\"og:description\" content=\"Bujanoc, Preshev\u00eb, Medvegj\u00eb -\u00a0Q\u00eb nga mbr\u00ebm\u00eb n\u00eb or\u00ebn 20, gjegj\u00ebsisht nga ora 21:00, t\u00eb gjitha objektet hotelierike (kafenet\u00eb, restorantet, baret), qendrat tregtare, t\u00eb gjitha dyqanet (p\u00ebrve\u00e7 shitoreve ushqimore), kinema, muze, galeri...\" \/>\n<meta property=\"og:url\" content=\"https:\/\/kt.gov.rs\/sq\/shtabi-i-krizave-ka-sqaruar-se-cka-do-te-mbyllet-deri-te-henen\/\" \/>\n<meta property=\"og:site_name\" content=\"Republika e S\u00ebrbis\u00eb Trupi Koordinues p\u00ebr komunat Bujanoc, Preshev\u00eb dhe Medvegj\u00eb\" \/>\n<meta property=\"article:publisher\" content=\"https:\/\/www.facebook.com\/SluzbaKoordinacionogTelaVladeRepublikeSrbije\" \/>\n<meta property=\"article:published_time\" content=\"2021-03-17T00:00:00+00:00\" \/>\n<meta property=\"article:modified_time\" content=\"2024-07-30T18:01:00+00:00\" \/>\n<meta property=\"og:image\" content=\"https:\/\/kt.gov.rs\/wp-content\/uploads\/2024\/07\/1615974121_170321_2-5.jpg\" \/>\n\t<meta property=\"og:image:width\" content=\"315\" \/>\n\t<meta property=\"og:image:height\" content=\"230\" \/>\n\t<meta property=\"og:image:type\" content=\"image\/jpeg\" \/>\n<meta name=\"author\" content=\"ktmin\" \/>\n<meta name=\"twitter:card\" content=\"summary_large_image\" \/>\n<meta name=\"twitter:creator\" content=\"@kt_gov\" \/>\n<meta name=\"twitter:site\" content=\"@kt_gov\" \/>\n<meta name=\"twitter:label1\" content=\"Written by\" \/>\n\t<meta name=\"twitter:data1\" content=\"ktmin\" \/>\n\t<meta name=\"twitter:label2\" content=\"Est. reading time\" \/>\n\t<meta name=\"twitter:data2\" content=\"3 minutes\" \/>\n<script type=\"application\/ld+json\" class=\"yoast-schema-graph\">{\"@context\":\"https:\\\/\\\/schema.org\",\"@graph\":[{\"@type\":\"Article\",\"@id\":\"https:\\\/\\\/kt.gov.rs\\\/sq\\\/shtabi-i-krizave-ka-sqaruar-se-cka-do-te-mbyllet-deri-te-henen\\\/#article\",\"isPartOf\":{\"@id\":\"https:\\\/\\\/kt.gov.rs\\\/sq\\\/shtabi-i-krizave-ka-sqaruar-se-cka-do-te-mbyllet-deri-te-henen\\\/\"},\"author\":{\"name\":\"ktmin\",\"@id\":\"https:\\\/\\\/kt.gov.rs\\\/#\\\/schema\\\/person\\\/e426459ddb4173309103390602694571\"},\"headline\":\"SHTABI I KRIZAVE KA SQARUAR SE \u00c7KA DO T\u00cb MBYLLET DERI T\u00cb H\u00cbN\u00cbN\",\"datePublished\":\"2021-03-17T00:00:00+00:00\",\"dateModified\":\"2024-07-30T18:01:00+00:00\",\"mainEntityOfPage\":{\"@id\":\"https:\\\/\\\/kt.gov.rs\\\/sq\\\/shtabi-i-krizave-ka-sqaruar-se-cka-do-te-mbyllet-deri-te-henen\\\/\"},\"wordCount\":582,\"publisher\":{\"@id\":\"https:\\\/\\\/kt.gov.rs\\\/#organization\"},\"image\":{\"@id\":\"https:\\\/\\\/kt.gov.rs\\\/sq\\\/shtabi-i-krizave-ka-sqaruar-se-cka-do-te-mbyllet-deri-te-henen\\\/#primaryimage\"},\"thumbnailUrl\":\"https:\\\/\\\/kt.gov.rs\\\/wp-content\\\/uploads\\\/2024\\\/07\\\/1615974121_170321_2-5.jpg\",\"articleSection\":[\"Lajme\"],\"inLanguage\":\"sq-AL\"},{\"@type\":\"WebPage\",\"@id\":\"https:\\\/\\\/kt.gov.rs\\\/sq\\\/shtabi-i-krizave-ka-sqaruar-se-cka-do-te-mbyllet-deri-te-henen\\\/\",\"url\":\"https:\\\/\\\/kt.gov.rs\\\/sq\\\/shtabi-i-krizave-ka-sqaruar-se-cka-do-te-mbyllet-deri-te-henen\\\/\",\"name\":\"SHTABI I KRIZAVE KA SQARUAR SE \u00c7KA DO T\u00cb MBYLLET DERI T\u00cb H\u00cbN\u00cbN - Republika e S\u00ebrbis\u00eb Trupi Koordinues p\u00ebr komunat Bujanoc, Preshev\u00eb dhe Medvegj\u00eb\",\"isPartOf\":{\"@id\":\"https:\\\/\\\/kt.gov.rs\\\/#website\"},\"primaryImageOfPage\":{\"@id\":\"https:\\\/\\\/kt.gov.rs\\\/sq\\\/shtabi-i-krizave-ka-sqaruar-se-cka-do-te-mbyllet-deri-te-henen\\\/#primaryimage\"},\"image\":{\"@id\":\"https:\\\/\\\/kt.gov.rs\\\/sq\\\/shtabi-i-krizave-ka-sqaruar-se-cka-do-te-mbyllet-deri-te-henen\\\/#primaryimage\"},\"thumbnailUrl\":\"https:\\\/\\\/kt.gov.rs\\\/wp-content\\\/uploads\\\/2024\\\/07\\\/1615974121_170321_2-5.jpg\",\"datePublished\":\"2021-03-17T00:00:00+00:00\",\"dateModified\":\"2024-07-30T18:01:00+00:00\",\"breadcrumb\":{\"@id\":\"https:\\\/\\\/kt.gov.rs\\\/sq\\\/shtabi-i-krizave-ka-sqaruar-se-cka-do-te-mbyllet-deri-te-henen\\\/#breadcrumb\"},\"inLanguage\":\"sq-AL\",\"potentialAction\":[{\"@type\":\"ReadAction\",\"target\":[\"https:\\\/\\\/kt.gov.rs\\\/sq\\\/shtabi-i-krizave-ka-sqaruar-se-cka-do-te-mbyllet-deri-te-henen\\\/\"]}]},{\"@type\":\"ImageObject\",\"inLanguage\":\"sq-AL\",\"@id\":\"https:\\\/\\\/kt.gov.rs\\\/sq\\\/shtabi-i-krizave-ka-sqaruar-se-cka-do-te-mbyllet-deri-te-henen\\\/#primaryimage\",\"url\":\"https:\\\/\\\/kt.gov.rs\\\/wp-content\\\/uploads\\\/2024\\\/07\\\/1615974121_170321_2-5.jpg\",\"contentUrl\":\"https:\\\/\\\/kt.gov.rs\\\/wp-content\\\/uploads\\\/2024\\\/07\\\/1615974121_170321_2-5.jpg\",\"width\":315,\"height\":230},{\"@type\":\"BreadcrumbList\",\"@id\":\"https:\\\/\\\/kt.gov.rs\\\/sq\\\/shtabi-i-krizave-ka-sqaruar-se-cka-do-te-mbyllet-deri-te-henen\\\/#breadcrumb\",\"itemListElement\":[{\"@type\":\"ListItem\",\"position\":1,\"name\":\"\u041f\u043e\u0447\u0435\u0442\u043d\u0430\",\"item\":\"https:\\\/\\\/kt.gov.rs\\\/sq\\\/\"},{\"@type\":\"ListItem\",\"position\":2,\"name\":\"SHTABI I KRIZAVE KA SQARUAR SE \u00c7KA DO T\u00cb MBYLLET DERI T\u00cb H\u00cbN\u00cbN\"}]},{\"@type\":\"WebSite\",\"@id\":\"https:\\\/\\\/kt.gov.rs\\\/#website\",\"url\":\"https:\\\/\\\/kt.gov.rs\\\/\",\"name\":\"\u041a\u043e\u043e\u0440\u0434\u0438\u043d\u0430\u0446\u0438\u043e\u043d\u043e \u0442\u0435\u043b\u043e \u0412\u043b\u0430\u0434\u0435 \u0420\u0435\u043f\u0443\u0431\u043b\u0438\u043a\u0435 \u0421\u0440\u0431\u0438\u0458\u0435 \u0437\u0430 \u043e\u043f\u0448\u0442\u0438\u043d\u0435 \u041f\u0440\u0435\u0448\u0435\u0432\u043e, \u0411\u0443\u0458\u0430\u043d\u043e\u0432\u0430\u0446 \u0438 \u041c\u0435\u0434\u0432\u0435\u0452a\",\"description\":\"\",\"publisher\":{\"@id\":\"https:\\\/\\\/kt.gov.rs\\\/#organization\"},\"alternateName\":\"\u041a\u043e\u043e\u0440\u0434\u0438\u043d\u0430\u0446\u0438\u043e\u043d\u043e \u0442\u0435\u043b\u043e\",\"potentialAction\":[{\"@type\":\"SearchAction\",\"target\":{\"@type\":\"EntryPoint\",\"urlTemplate\":\"https:\\\/\\\/kt.gov.rs\\\/?s={search_term_string}\"},\"query-input\":{\"@type\":\"PropertyValueSpecification\",\"valueRequired\":true,\"valueName\":\"search_term_string\"}}],\"inLanguage\":\"sq-AL\"},{\"@type\":\"Organization\",\"@id\":\"https:\\\/\\\/kt.gov.rs\\\/#organization\",\"name\":\"\u041a\u043e\u043e\u0440\u0434\u0438\u043d\u0430\u0446\u0438\u043e\u043d\u043e \u0442\u0435\u043b\u043e \u0412\u043b\u0430\u0434\u0435 \u0420\u0435\u043f\u0443\u0431\u043b\u0438\u043a\u0435 \u0421\u0440\u0431\u0438\u0458\u0435 \u0437\u0430 \u043e\u043f\u0448\u0442\u0438\u043d\u0435 \u041f\u0440\u0435\u0448\u0435\u0432\u043e, \u0411\u0443\u0458\u0430\u043d\u043e\u0432\u0430\u0446 \u0438 \u041c\u0435\u0434\u0432\u0435\u0452a\",\"alternateName\":\"\u041a\u043e\u043e\u0440\u0434\u0438\u043d\u0430\u0446\u0438\u043e\u043d\u043e \u0442\u0435\u043b\u043e\",\"url\":\"https:\\\/\\\/kt.gov.rs\\\/\",\"logo\":{\"@type\":\"ImageObject\",\"inLanguage\":\"sq-AL\",\"@id\":\"https:\\\/\\\/kt.gov.rs\\\/#\\\/schema\\\/logo\\\/image\\\/\",\"url\":\"https:\\\/\\\/kt.gov.rs\\\/wp-content\\\/uploads\\\/2024\\\/12\\\/koord2.jpg\",\"contentUrl\":\"https:\\\/\\\/kt.gov.rs\\\/wp-content\\\/uploads\\\/2024\\\/12\\\/koord2.jpg\",\"width\":640,\"height\":480,\"caption\":\"\u041a\u043e\u043e\u0440\u0434\u0438\u043d\u0430\u0446\u0438\u043e\u043d\u043e \u0442\u0435\u043b\u043e \u0412\u043b\u0430\u0434\u0435 \u0420\u0435\u043f\u0443\u0431\u043b\u0438\u043a\u0435 \u0421\u0440\u0431\u0438\u0458\u0435 \u0437\u0430 \u043e\u043f\u0448\u0442\u0438\u043d\u0435 \u041f\u0440\u0435\u0448\u0435\u0432\u043e, \u0411\u0443\u0458\u0430\u043d\u043e\u0432\u0430\u0446 \u0438 \u041c\u0435\u0434\u0432\u0435\u0452a\"},\"image\":{\"@id\":\"https:\\\/\\\/kt.gov.rs\\\/#\\\/schema\\\/logo\\\/image\\\/\"},\"sameAs\":[\"https:\\\/\\\/www.facebook.com\\\/SluzbaKoordinacionogTelaVladeRepublikeSrbije\",\"https:\\\/\\\/x.com\\\/kt_gov\",\"https:\\\/\\\/www.youtube.com\\\/@koordinacionotelo\"]},{\"@type\":\"Person\",\"@id\":\"https:\\\/\\\/kt.gov.rs\\\/#\\\/schema\\\/person\\\/e426459ddb4173309103390602694571\",\"name\":\"ktmin\",\"image\":{\"@type\":\"ImageObject\",\"inLanguage\":\"sq-AL\",\"@id\":\"https:\\\/\\\/secure.gravatar.com\\\/avatar\\\/3985c961109853010c3fbc7ba30365bfba5db3dd6c525831d9c595c7525a615a?s=96&d=mm&r=g\",\"url\":\"https:\\\/\\\/secure.gravatar.com\\\/avatar\\\/3985c961109853010c3fbc7ba30365bfba5db3dd6c525831d9c595c7525a615a?s=96&d=mm&r=g\",\"contentUrl\":\"https:\\\/\\\/secure.gravatar.com\\\/avatar\\\/3985c961109853010c3fbc7ba30365bfba5db3dd6c525831d9c595c7525a615a?s=96&d=mm&r=g\",\"caption\":\"ktmin\"},\"sameAs\":[\"https:\\\/\\\/kt.gov.rs\"],\"url\":\"https:\\\/\\\/kt.gov.rs\\\/sq\\\/author\\\/ktmin\\\/\"}]}<\/script>\n<!-- \/ Yoast SEO plugin. -->","yoast_head_json":{"title":"SHTABI I KRIZAVE KA SQARUAR SE \u00c7KA DO T\u00cb MBYLLET DERI T\u00cb H\u00cbN\u00cbN - Republika e S\u00ebrbis\u00eb Trupi Koordinues p\u00ebr komunat Bujanoc, Preshev\u00eb dhe Medvegj\u00eb","robots":{"index":"index","follow":"follow","max-snippet":"max-snippet:-1","max-image-preview":"max-image-preview:large","max-video-preview":"max-video-preview:-1"},"canonical":"https:\/\/kt.gov.rs\/sq\/shtabi-i-krizave-ka-sqaruar-se-cka-do-te-mbyllet-deri-te-henen\/","og_locale":"sq_AL","og_type":"article","og_title":"SHTABI I KRIZAVE KA SQARUAR SE \u00c7KA DO T\u00cb MBYLLET DERI T\u00cb H\u00cbN\u00cbN - Republika e S\u00ebrbis\u00eb Trupi Koordinues p\u00ebr komunat Bujanoc, Preshev\u00eb dhe Medvegj\u00eb","og_description":"Bujanoc, Preshev\u00eb, Medvegj\u00eb -\u00a0Q\u00eb nga mbr\u00ebm\u00eb n\u00eb or\u00ebn 20, gjegj\u00ebsisht nga ora 21:00, t\u00eb gjitha objektet hotelierike (kafenet\u00eb, restorantet, baret), qendrat tregtare, t\u00eb gjitha dyqanet (p\u00ebrve\u00e7 shitoreve ushqimore), kinema, muze, galeri...","og_url":"https:\/\/kt.gov.rs\/sq\/shtabi-i-krizave-ka-sqaruar-se-cka-do-te-mbyllet-deri-te-henen\/","og_site_name":"Republika e S\u00ebrbis\u00eb Trupi Koordinues p\u00ebr komunat Bujanoc, Preshev\u00eb dhe Medvegj\u00eb","article_publisher":"https:\/\/www.facebook.com\/SluzbaKoordinacionogTelaVladeRepublikeSrbije","article_published_time":"2021-03-17T00:00:00+00:00","article_modified_time":"2024-07-30T18:01:00+00:00","og_image":[{"width":315,"height":230,"url":"https:\/\/kt.gov.rs\/wp-content\/uploads\/2024\/07\/1615974121_170321_2-5.jpg","type":"image\/jpeg"}],"author":"ktmin","twitter_card":"summary_large_image","twitter_creator":"@kt_gov","twitter_site":"@kt_gov","twitter_misc":{"Written by":"ktmin","Est. reading time":"3 minutes"},"schema":{"@context":"https:\/\/schema.org","@graph":[{"@type":"Article","@id":"https:\/\/kt.gov.rs\/sq\/shtabi-i-krizave-ka-sqaruar-se-cka-do-te-mbyllet-deri-te-henen\/#article","isPartOf":{"@id":"https:\/\/kt.gov.rs\/sq\/shtabi-i-krizave-ka-sqaruar-se-cka-do-te-mbyllet-deri-te-henen\/"},"author":{"name":"ktmin","@id":"https:\/\/kt.gov.rs\/#\/schema\/person\/e426459ddb4173309103390602694571"},"headline":"SHTABI I KRIZAVE KA SQARUAR SE \u00c7KA DO T\u00cb MBYLLET DERI T\u00cb H\u00cbN\u00cbN","datePublished":"2021-03-17T00:00:00+00:00","dateModified":"2024-07-30T18:01:00+00:00","mainEntityOfPage":{"@id":"https:\/\/kt.gov.rs\/sq\/shtabi-i-krizave-ka-sqaruar-se-cka-do-te-mbyllet-deri-te-henen\/"},"wordCount":582,"publisher":{"@id":"https:\/\/kt.gov.rs\/#organization"},"image":{"@id":"https:\/\/kt.gov.rs\/sq\/shtabi-i-krizave-ka-sqaruar-se-cka-do-te-mbyllet-deri-te-henen\/#primaryimage"},"thumbnailUrl":"https:\/\/kt.gov.rs\/wp-content\/uploads\/2024\/07\/1615974121_170321_2-5.jpg","articleSection":["Lajme"],"inLanguage":"sq-AL"},{"@type":"WebPage","@id":"https:\/\/kt.gov.rs\/sq\/shtabi-i-krizave-ka-sqaruar-se-cka-do-te-mbyllet-deri-te-henen\/","url":"https:\/\/kt.gov.rs\/sq\/shtabi-i-krizave-ka-sqaruar-se-cka-do-te-mbyllet-deri-te-henen\/","name":"SHTABI I KRIZAVE KA SQARUAR SE \u00c7KA DO T\u00cb MBYLLET DERI T\u00cb H\u00cbN\u00cbN - Republika e S\u00ebrbis\u00eb Trupi Koordinues p\u00ebr komunat Bujanoc, Preshev\u00eb dhe Medvegj\u00eb","isPartOf":{"@id":"https:\/\/kt.gov.rs\/#website"},"primaryImageOfPage":{"@id":"https:\/\/kt.gov.rs\/sq\/shtabi-i-krizave-ka-sqaruar-se-cka-do-te-mbyllet-deri-te-henen\/#primaryimage"},"image":{"@id":"https:\/\/kt.gov.rs\/sq\/shtabi-i-krizave-ka-sqaruar-se-cka-do-te-mbyllet-deri-te-henen\/#primaryimage"},"thumbnailUrl":"https:\/\/kt.gov.rs\/wp-content\/uploads\/2024\/07\/1615974121_170321_2-5.jpg","datePublished":"2021-03-17T00:00:00+00:00","dateModified":"2024-07-30T18:01:00+00:00","breadcrumb":{"@id":"https:\/\/kt.gov.rs\/sq\/shtabi-i-krizave-ka-sqaruar-se-cka-do-te-mbyllet-deri-te-henen\/#breadcrumb"},"inLanguage":"sq-AL","potentialAction":[{"@type":"ReadAction","target":["https:\/\/kt.gov.rs\/sq\/shtabi-i-krizave-ka-sqaruar-se-cka-do-te-mbyllet-deri-te-henen\/"]}]},{"@type":"ImageObject","inLanguage":"sq-AL","@id":"https:\/\/kt.gov.rs\/sq\/shtabi-i-krizave-ka-sqaruar-se-cka-do-te-mbyllet-deri-te-henen\/#primaryimage","url":"https:\/\/kt.gov.rs\/wp-content\/uploads\/2024\/07\/1615974121_170321_2-5.jpg","contentUrl":"https:\/\/kt.gov.rs\/wp-content\/uploads\/2024\/07\/1615974121_170321_2-5.jpg","width":315,"height":230},{"@type":"BreadcrumbList","@id":"https:\/\/kt.gov.rs\/sq\/shtabi-i-krizave-ka-sqaruar-se-cka-do-te-mbyllet-deri-te-henen\/#breadcrumb","itemListElement":[{"@type":"ListItem","position":1,"name":"\u041f\u043e\u0447\u0435\u0442\u043d\u0430","item":"https:\/\/kt.gov.rs\/sq\/"},{"@type":"ListItem","position":2,"name":"SHTABI I KRIZAVE KA SQARUAR SE \u00c7KA DO T\u00cb MBYLLET DERI T\u00cb H\u00cbN\u00cbN"}]},{"@type":"WebSite","@id":"https:\/\/kt.gov.rs\/#website","url":"https:\/\/kt.gov.rs\/","name":"\u041a\u043e\u043e\u0440\u0434\u0438\u043d\u0430\u0446\u0438\u043e\u043d\u043e \u0442\u0435\u043b\u043e \u0412\u043b\u0430\u0434\u0435 \u0420\u0435\u043f\u0443\u0431\u043b\u0438\u043a\u0435 \u0421\u0440\u0431\u0438\u0458\u0435 \u0437\u0430 \u043e\u043f\u0448\u0442\u0438\u043d\u0435 \u041f\u0440\u0435\u0448\u0435\u0432\u043e, \u0411\u0443\u0458\u0430\u043d\u043e\u0432\u0430\u0446 \u0438 \u041c\u0435\u0434\u0432\u0435\u0452a","description":"","publisher":{"@id":"https:\/\/kt.gov.rs\/#organization"},"alternateName":"\u041a\u043e\u043e\u0440\u0434\u0438\u043d\u0430\u0446\u0438\u043e\u043d\u043e \u0442\u0435\u043b\u043e","potentialAction":[{"@type":"SearchAction","target":{"@type":"EntryPoint","urlTemplate":"https:\/\/kt.gov.rs\/?s={search_term_string}"},"query-input":{"@type":"PropertyValueSpecification","valueRequired":true,"valueName":"search_term_string"}}],"inLanguage":"sq-AL"},{"@type":"Organization","@id":"https:\/\/kt.gov.rs\/#organization","name":"\u041a\u043e\u043e\u0440\u0434\u0438\u043d\u0430\u0446\u0438\u043e\u043d\u043e \u0442\u0435\u043b\u043e \u0412\u043b\u0430\u0434\u0435 \u0420\u0435\u043f\u0443\u0431\u043b\u0438\u043a\u0435 \u0421\u0440\u0431\u0438\u0458\u0435 \u0437\u0430 \u043e\u043f\u0448\u0442\u0438\u043d\u0435 \u041f\u0440\u0435\u0448\u0435\u0432\u043e, \u0411\u0443\u0458\u0430\u043d\u043e\u0432\u0430\u0446 \u0438 \u041c\u0435\u0434\u0432\u0435\u0452a","alternateName":"\u041a\u043e\u043e\u0440\u0434\u0438\u043d\u0430\u0446\u0438\u043e\u043d\u043e \u0442\u0435\u043b\u043e","url":"https:\/\/kt.gov.rs\/","logo":{"@type":"ImageObject","inLanguage":"sq-AL","@id":"https:\/\/kt.gov.rs\/#\/schema\/logo\/image\/","url":"https:\/\/kt.gov.rs\/wp-content\/uploads\/2024\/12\/koord2.jpg","contentUrl":"https:\/\/kt.gov.rs\/wp-content\/uploads\/2024\/12\/koord2.jpg","width":640,"height":480,"caption":"\u041a\u043e\u043e\u0440\u0434\u0438\u043d\u0430\u0446\u0438\u043e\u043d\u043e \u0442\u0435\u043b\u043e \u0412\u043b\u0430\u0434\u0435 \u0420\u0435\u043f\u0443\u0431\u043b\u0438\u043a\u0435 \u0421\u0440\u0431\u0438\u0458\u0435 \u0437\u0430 \u043e\u043f\u0448\u0442\u0438\u043d\u0435 \u041f\u0440\u0435\u0448\u0435\u0432\u043e, \u0411\u0443\u0458\u0430\u043d\u043e\u0432\u0430\u0446 \u0438 \u041c\u0435\u0434\u0432\u0435\u0452a"},"image":{"@id":"https:\/\/kt.gov.rs\/#\/schema\/logo\/image\/"},"sameAs":["https:\/\/www.facebook.com\/SluzbaKoordinacionogTelaVladeRepublikeSrbije","https:\/\/x.com\/kt_gov","https:\/\/www.youtube.com\/@koordinacionotelo"]},{"@type":"Person","@id":"https:\/\/kt.gov.rs\/#\/schema\/person\/e426459ddb4173309103390602694571","name":"ktmin","image":{"@type":"ImageObject","inLanguage":"sq-AL","@id":"https:\/\/secure.gravatar.com\/avatar\/3985c961109853010c3fbc7ba30365bfba5db3dd6c525831d9c595c7525a615a?s=96&d=mm&r=g","url":"https:\/\/secure.gravatar.com\/avatar\/3985c961109853010c3fbc7ba30365bfba5db3dd6c525831d9c595c7525a615a?s=96&d=mm&r=g","contentUrl":"https:\/\/secure.gravatar.com\/avatar\/3985c961109853010c3fbc7ba30365bfba5db3dd6c525831d9c595c7525a615a?s=96&d=mm&r=g","caption":"ktmin"},"sameAs":["https:\/\/kt.gov.rs"],"url":"https:\/\/kt.gov.rs\/sq\/author\/ktmin\/"}]}},"_links":{"self":[{"href":"https:\/\/kt.gov.rs\/sq\/wp-json\/wp\/v2\/posts\/110188","targetHints":{"allow":["GET"]}}],"collection":[{"href":"https:\/\/kt.gov.rs\/sq\/wp-json\/wp\/v2\/posts"}],"about":[{"href":"https:\/\/kt.gov.rs\/sq\/wp-json\/wp\/v2\/types\/post"}],"author":[{"embeddable":true,"href":"https:\/\/kt.gov.rs\/sq\/wp-json\/wp\/v2\/users\/1"}],"replies":[{"embeddable":true,"href":"https:\/\/kt.gov.rs\/sq\/wp-json\/wp\/v2\/comments?post=110188"}],"version-history":[{"count":1,"href":"https:\/\/kt.gov.rs\/sq\/wp-json\/wp\/v2\/posts\/110188\/revisions"}],"predecessor-version":[{"id":110192,"href":"https:\/\/kt.gov.rs\/sq\/wp-json\/wp\/v2\/posts\/110188\/revisions\/110192"}],"wp:featuredmedia":[{"embeddable":true,"href":"https:\/\/kt.gov.rs\/sq\/wp-json\/wp\/v2\/media\/110193"}],"wp:attachment":[{"href":"https:\/\/kt.gov.rs\/sq\/wp-json\/wp\/v2\/media?parent=110188"}],"wp:term":[{"taxonomy":"category","embeddable":true,"href":"https:\/\/kt.gov.rs\/sq\/wp-json\/wp\/v2\/categories?post=110188"},{"taxonomy":"post_tag","embeddable":true,"href":"https:\/\/kt.gov.rs\/sq\/wp-json\/wp\/v2\/tags?post=110188"}],"curies":[{"name":"wp","href":"https:\/\/api.w.org\/{rel}","templated":true}]}}