{"id":110156,"date":"2021-03-18T00:00:00","date_gmt":"2021-03-18T00:00:00","guid":{"rendered":"http:\/\/kt.printandscreen.rs\/vullnetarizmi-nje-vjecar-ne-zvicer-ne-nje-fshat-eko-nje-shkolle-ne-natyre-dhe-nje-shtepize-malore\/"},"modified":"2024-07-30T18:00:57","modified_gmt":"2024-07-30T18:00:57","slug":"vullnetarizmi-nje-vjecar-ne-zvicer-ne-nje-fshat-eko-nje-shkolle-ne-natyre-dhe-nje-shtepize-malore","status":"publish","type":"post","link":"https:\/\/kt.gov.rs\/sq\/vullnetarizmi-nje-vjecar-ne-zvicer-ne-nje-fshat-eko-nje-shkolle-ne-natyre-dhe-nje-shtepize-malore\/","title":{"rendered":"VULLNETARIZMI NJ\u00cb VJE\u00c7AR N\u00cb ZVIC\u00cbR N\u00cb NJ\u00cb FSHAT EKO, NJ\u00cb SHKOLL\u00cb N\u00cb NATYR\u00cb DHE NJ\u00cb SHT\u00cbPIZ\u00cb MALORE"},"content":{"rendered":"<p>\n\t<img decoding=\"async\" alt=\"\" src=\"https:\/\/kt.gov.rs\/wp-content\/uploads\/2024\/07\/1616060087_180321_2-4.jpg\" style=\"width: 315px; height: 230px; float: left;\" \/>Tre vende t\u00eb shk\u00eblqyera &quot;t\u00eb gjelb\u00ebrta&quot; n\u00eb Zvic\u00ebr hapin mund\u00ebsi vullnetarizmi p\u00ebr t\u00eb rinjt\u00eb e mosh\u00ebs 18 deri 30 vje\u00e7 nga Serbia k\u00ebt\u00eb ver\u00eb!<\/p>\n<p>\n\tT\u00eb gjitha informacionet jan\u00eb n\u00eb dispozicion n\u00eb volontiraj.rs Aplikimet jan\u00eb t\u00eb hapura derisa vendet t\u00eb plot\u00ebsohen, dhe secili projekt do t\u00eb pranoj\u00eb vet\u00ebm nj\u00eb person nga Serbia, n\u00eb m\u00ebnyr\u00eb q\u00eb ekipi i vullnetar\u00ebve t\u00eb jet\u00eb sa m\u00eb i gjall\u00eb dhe i larmish\u00ebm. Prandaj, n\u00ebse jeni t\u00eb interesuar, aplikoni sa m\u00eb shpejt n\u00eb vcv.ltv@gmail.com!<\/p>\n<p>\n\tProjektet zbatohen brenda programit Evropian ESC dhe jan\u00eb falas p\u00ebr t\u00eb gjith\u00eb pjes\u00ebmarr\u00ebsit.<\/p>\n<p>\n\tInformacioni shtes\u00eb \u00ebsht\u00eb n\u00eb dispozicion n\u00eb <a href=\"https:\/\/rc.gradjanske.org\/wp-content\/uploads\/2021\/03\/ilovepdf_merged-23.pdf\">https:\/\/rc.gradjanske.org\/wp-content\/uploads\/2021\/03\/ilovepdf_merged-23.pdf<\/a><\/p>\n<div>\n<p>\n\t\t<strong>Burimi: Iniciativat e Qytetar\u00ebve dhe Trupi Koordinues <\/strong><\/p>\n<\/div>\n<p>\n\t\u00a0<\/p>\n","protected":false},"excerpt":{"rendered":"<p>Tre vende t\u00eb shk\u00eblqyera &quot;t\u00eb gjelb\u00ebrta&quot; n\u00eb Zvic\u00ebr hapin mund\u00ebsi vullnetarizmi p\u00ebr t\u00eb rinjt\u00eb e mosh\u00ebs 18 deri 30 vje\u00e7 nga Serbia k\u00ebt\u00eb ver\u00eb!<\/p>\n","protected":false},"author":1,"featured_media":110161,"comment_status":"closed","ping_status":"closed","sticky":false,"template":"","format":"standard","meta":{"footnotes":""},"categories":[55],"tags":[],"class_list":["post-110156","post","type-post","status-publish","format-standard","has-post-thumbnail","hentry","category-lajme"],"yoast_head":"<!-- This site is optimized with the Yoast SEO plugin v27.5 - https:\/\/yoast.com\/product\/yoast-seo-wordpress\/ -->\n<title>VULLNETARIZMI NJ\u00cb VJE\u00c7AR N\u00cb ZVIC\u00cbR N\u00cb NJ\u00cb FSHAT EKO, NJ\u00cb SHKOLL\u00cb N\u00cb NATYR\u00cb DHE NJ\u00cb SHT\u00cbPIZ\u00cb MALORE - Republika e S\u00ebrbis\u00eb Trupi Koordinues p\u00ebr komunat Bujanoc, Preshev\u00eb dhe Medvegj\u00eb<\/title>\n<meta name=\"robots\" content=\"index, follow, max-snippet:-1, max-image-preview:large, max-video-preview:-1\" \/>\n<link rel=\"canonical\" href=\"https:\/\/kt.gov.rs\/sq\/vullnetarizmi-nje-vjecar-ne-zvicer-ne-nje-fshat-eko-nje-shkolle-ne-natyre-dhe-nje-shtepize-malore\/\" \/>\n<meta property=\"og:locale\" content=\"sq_AL\" \/>\n<meta property=\"og:type\" content=\"article\" \/>\n<meta property=\"og:title\" content=\"VULLNETARIZMI NJ\u00cb VJE\u00c7AR N\u00cb ZVIC\u00cbR N\u00cb NJ\u00cb FSHAT EKO, NJ\u00cb SHKOLL\u00cb N\u00cb NATYR\u00cb DHE NJ\u00cb SHT\u00cbPIZ\u00cb MALORE - Republika e S\u00ebrbis\u00eb Trupi Koordinues p\u00ebr komunat Bujanoc, Preshev\u00eb dhe Medvegj\u00eb\" \/>\n<meta property=\"og:description\" content=\"Tre vende t\u00eb shk\u00eblqyera &quot;t\u00eb gjelb\u00ebrta&quot; n\u00eb Zvic\u00ebr hapin mund\u00ebsi vullnetarizmi p\u00ebr t\u00eb rinjt\u00eb e mosh\u00ebs 18 deri 30 vje\u00e7 nga Serbia k\u00ebt\u00eb ver\u00eb!\" \/>\n<meta property=\"og:url\" content=\"https:\/\/kt.gov.rs\/sq\/vullnetarizmi-nje-vjecar-ne-zvicer-ne-nje-fshat-eko-nje-shkolle-ne-natyre-dhe-nje-shtepize-malore\/\" \/>\n<meta property=\"og:site_name\" content=\"Republika e S\u00ebrbis\u00eb Trupi Koordinues p\u00ebr komunat Bujanoc, Preshev\u00eb dhe Medvegj\u00eb\" \/>\n<meta property=\"article:publisher\" content=\"https:\/\/www.facebook.com\/SluzbaKoordinacionogTelaVladeRepublikeSrbije\" \/>\n<meta property=\"article:published_time\" content=\"2021-03-18T00:00:00+00:00\" \/>\n<meta property=\"article:modified_time\" content=\"2024-07-30T18:00:57+00:00\" \/>\n<meta property=\"og:image\" content=\"https:\/\/kt.gov.rs\/wp-content\/uploads\/2024\/07\/1616060087_180321_2-5.jpg\" \/>\n\t<meta property=\"og:image:width\" content=\"315\" \/>\n\t<meta property=\"og:image:height\" content=\"230\" \/>\n\t<meta property=\"og:image:type\" content=\"image\/jpeg\" \/>\n<meta name=\"author\" content=\"ktmin\" \/>\n<meta name=\"twitter:card\" content=\"summary_large_image\" \/>\n<meta name=\"twitter:creator\" content=\"@kt_gov\" \/>\n<meta name=\"twitter:site\" content=\"@kt_gov\" \/>\n<meta name=\"twitter:label1\" content=\"Written by\" \/>\n\t<meta name=\"twitter:data1\" content=\"ktmin\" \/>\n\t<meta name=\"twitter:label2\" content=\"Est. reading time\" \/>\n\t<meta name=\"twitter:data2\" content=\"1 minute\" \/>\n<script type=\"application\/ld+json\" class=\"yoast-schema-graph\">{\"@context\":\"https:\\\/\\\/schema.org\",\"@graph\":[{\"@type\":\"Article\",\"@id\":\"https:\\\/\\\/kt.gov.rs\\\/sq\\\/vullnetarizmi-nje-vjecar-ne-zvicer-ne-nje-fshat-eko-nje-shkolle-ne-natyre-dhe-nje-shtepize-malore\\\/#article\",\"isPartOf\":{\"@id\":\"https:\\\/\\\/kt.gov.rs\\\/sq\\\/vullnetarizmi-nje-vjecar-ne-zvicer-ne-nje-fshat-eko-nje-shkolle-ne-natyre-dhe-nje-shtepize-malore\\\/\"},\"author\":{\"name\":\"ktmin\",\"@id\":\"https:\\\/\\\/kt.gov.rs\\\/#\\\/schema\\\/person\\\/e426459ddb4173309103390602694571\"},\"headline\":\"VULLNETARIZMI NJ\u00cb VJE\u00c7AR N\u00cb ZVIC\u00cbR N\u00cb NJ\u00cb FSHAT EKO, NJ\u00cb SHKOLL\u00cb N\u00cb NATYR\u00cb DHE NJ\u00cb SHT\u00cbPIZ\u00cb MALORE\",\"datePublished\":\"2021-03-18T00:00:00+00:00\",\"dateModified\":\"2024-07-30T18:00:57+00:00\",\"mainEntityOfPage\":{\"@id\":\"https:\\\/\\\/kt.gov.rs\\\/sq\\\/vullnetarizmi-nje-vjecar-ne-zvicer-ne-nje-fshat-eko-nje-shkolle-ne-natyre-dhe-nje-shtepize-malore\\\/\"},\"wordCount\":207,\"publisher\":{\"@id\":\"https:\\\/\\\/kt.gov.rs\\\/#organization\"},\"image\":{\"@id\":\"https:\\\/\\\/kt.gov.rs\\\/sq\\\/vullnetarizmi-nje-vjecar-ne-zvicer-ne-nje-fshat-eko-nje-shkolle-ne-natyre-dhe-nje-shtepize-malore\\\/#primaryimage\"},\"thumbnailUrl\":\"https:\\\/\\\/kt.gov.rs\\\/wp-content\\\/uploads\\\/2024\\\/07\\\/1616060087_180321_2-5.jpg\",\"articleSection\":[\"Lajme\"],\"inLanguage\":\"sq-AL\"},{\"@type\":\"WebPage\",\"@id\":\"https:\\\/\\\/kt.gov.rs\\\/sq\\\/vullnetarizmi-nje-vjecar-ne-zvicer-ne-nje-fshat-eko-nje-shkolle-ne-natyre-dhe-nje-shtepize-malore\\\/\",\"url\":\"https:\\\/\\\/kt.gov.rs\\\/sq\\\/vullnetarizmi-nje-vjecar-ne-zvicer-ne-nje-fshat-eko-nje-shkolle-ne-natyre-dhe-nje-shtepize-malore\\\/\",\"name\":\"VULLNETARIZMI NJ\u00cb VJE\u00c7AR N\u00cb ZVIC\u00cbR N\u00cb NJ\u00cb FSHAT EKO, NJ\u00cb SHKOLL\u00cb N\u00cb NATYR\u00cb DHE NJ\u00cb SHT\u00cbPIZ\u00cb MALORE - Republika e S\u00ebrbis\u00eb Trupi Koordinues p\u00ebr komunat Bujanoc, Preshev\u00eb dhe Medvegj\u00eb\",\"isPartOf\":{\"@id\":\"https:\\\/\\\/kt.gov.rs\\\/#website\"},\"primaryImageOfPage\":{\"@id\":\"https:\\\/\\\/kt.gov.rs\\\/sq\\\/vullnetarizmi-nje-vjecar-ne-zvicer-ne-nje-fshat-eko-nje-shkolle-ne-natyre-dhe-nje-shtepize-malore\\\/#primaryimage\"},\"image\":{\"@id\":\"https:\\\/\\\/kt.gov.rs\\\/sq\\\/vullnetarizmi-nje-vjecar-ne-zvicer-ne-nje-fshat-eko-nje-shkolle-ne-natyre-dhe-nje-shtepize-malore\\\/#primaryimage\"},\"thumbnailUrl\":\"https:\\\/\\\/kt.gov.rs\\\/wp-content\\\/uploads\\\/2024\\\/07\\\/1616060087_180321_2-5.jpg\",\"datePublished\":\"2021-03-18T00:00:00+00:00\",\"dateModified\":\"2024-07-30T18:00:57+00:00\",\"breadcrumb\":{\"@id\":\"https:\\\/\\\/kt.gov.rs\\\/sq\\\/vullnetarizmi-nje-vjecar-ne-zvicer-ne-nje-fshat-eko-nje-shkolle-ne-natyre-dhe-nje-shtepize-malore\\\/#breadcrumb\"},\"inLanguage\":\"sq-AL\",\"potentialAction\":[{\"@type\":\"ReadAction\",\"target\":[\"https:\\\/\\\/kt.gov.rs\\\/sq\\\/vullnetarizmi-nje-vjecar-ne-zvicer-ne-nje-fshat-eko-nje-shkolle-ne-natyre-dhe-nje-shtepize-malore\\\/\"]}]},{\"@type\":\"ImageObject\",\"inLanguage\":\"sq-AL\",\"@id\":\"https:\\\/\\\/kt.gov.rs\\\/sq\\\/vullnetarizmi-nje-vjecar-ne-zvicer-ne-nje-fshat-eko-nje-shkolle-ne-natyre-dhe-nje-shtepize-malore\\\/#primaryimage\",\"url\":\"https:\\\/\\\/kt.gov.rs\\\/wp-content\\\/uploads\\\/2024\\\/07\\\/1616060087_180321_2-5.jpg\",\"contentUrl\":\"https:\\\/\\\/kt.gov.rs\\\/wp-content\\\/uploads\\\/2024\\\/07\\\/1616060087_180321_2-5.jpg\",\"width\":315,\"height\":230},{\"@type\":\"BreadcrumbList\",\"@id\":\"https:\\\/\\\/kt.gov.rs\\\/sq\\\/vullnetarizmi-nje-vjecar-ne-zvicer-ne-nje-fshat-eko-nje-shkolle-ne-natyre-dhe-nje-shtepize-malore\\\/#breadcrumb\",\"itemListElement\":[{\"@type\":\"ListItem\",\"position\":1,\"name\":\"\u041f\u043e\u0447\u0435\u0442\u043d\u0430\",\"item\":\"https:\\\/\\\/kt.gov.rs\\\/sq\\\/\"},{\"@type\":\"ListItem\",\"position\":2,\"name\":\"VULLNETARIZMI NJ\u00cb VJE\u00c7AR N\u00cb ZVIC\u00cbR N\u00cb NJ\u00cb FSHAT EKO, NJ\u00cb SHKOLL\u00cb N\u00cb NATYR\u00cb DHE NJ\u00cb SHT\u00cbPIZ\u00cb MALORE\"}]},{\"@type\":\"WebSite\",\"@id\":\"https:\\\/\\\/kt.gov.rs\\\/#website\",\"url\":\"https:\\\/\\\/kt.gov.rs\\\/\",\"name\":\"\u041a\u043e\u043e\u0440\u0434\u0438\u043d\u0430\u0446\u0438\u043e\u043d\u043e \u0442\u0435\u043b\u043e \u0412\u043b\u0430\u0434\u0435 \u0420\u0435\u043f\u0443\u0431\u043b\u0438\u043a\u0435 \u0421\u0440\u0431\u0438\u0458\u0435 \u0437\u0430 \u043e\u043f\u0448\u0442\u0438\u043d\u0435 \u041f\u0440\u0435\u0448\u0435\u0432\u043e, \u0411\u0443\u0458\u0430\u043d\u043e\u0432\u0430\u0446 \u0438 \u041c\u0435\u0434\u0432\u0435\u0452a\",\"description\":\"\",\"publisher\":{\"@id\":\"https:\\\/\\\/kt.gov.rs\\\/#organization\"},\"alternateName\":\"\u041a\u043e\u043e\u0440\u0434\u0438\u043d\u0430\u0446\u0438\u043e\u043d\u043e \u0442\u0435\u043b\u043e\",\"potentialAction\":[{\"@type\":\"SearchAction\",\"target\":{\"@type\":\"EntryPoint\",\"urlTemplate\":\"https:\\\/\\\/kt.gov.rs\\\/?s={search_term_string}\"},\"query-input\":{\"@type\":\"PropertyValueSpecification\",\"valueRequired\":true,\"valueName\":\"search_term_string\"}}],\"inLanguage\":\"sq-AL\"},{\"@type\":\"Organization\",\"@id\":\"https:\\\/\\\/kt.gov.rs\\\/#organization\",\"name\":\"\u041a\u043e\u043e\u0440\u0434\u0438\u043d\u0430\u0446\u0438\u043e\u043d\u043e \u0442\u0435\u043b\u043e \u0412\u043b\u0430\u0434\u0435 \u0420\u0435\u043f\u0443\u0431\u043b\u0438\u043a\u0435 \u0421\u0440\u0431\u0438\u0458\u0435 \u0437\u0430 \u043e\u043f\u0448\u0442\u0438\u043d\u0435 \u041f\u0440\u0435\u0448\u0435\u0432\u043e, \u0411\u0443\u0458\u0430\u043d\u043e\u0432\u0430\u0446 \u0438 \u041c\u0435\u0434\u0432\u0435\u0452a\",\"alternateName\":\"\u041a\u043e\u043e\u0440\u0434\u0438\u043d\u0430\u0446\u0438\u043e\u043d\u043e \u0442\u0435\u043b\u043e\",\"url\":\"https:\\\/\\\/kt.gov.rs\\\/\",\"logo\":{\"@type\":\"ImageObject\",\"inLanguage\":\"sq-AL\",\"@id\":\"https:\\\/\\\/kt.gov.rs\\\/#\\\/schema\\\/logo\\\/image\\\/\",\"url\":\"https:\\\/\\\/kt.gov.rs\\\/wp-content\\\/uploads\\\/2024\\\/12\\\/koord2.jpg\",\"contentUrl\":\"https:\\\/\\\/kt.gov.rs\\\/wp-content\\\/uploads\\\/2024\\\/12\\\/koord2.jpg\",\"width\":640,\"height\":480,\"caption\":\"\u041a\u043e\u043e\u0440\u0434\u0438\u043d\u0430\u0446\u0438\u043e\u043d\u043e \u0442\u0435\u043b\u043e \u0412\u043b\u0430\u0434\u0435 \u0420\u0435\u043f\u0443\u0431\u043b\u0438\u043a\u0435 \u0421\u0440\u0431\u0438\u0458\u0435 \u0437\u0430 \u043e\u043f\u0448\u0442\u0438\u043d\u0435 \u041f\u0440\u0435\u0448\u0435\u0432\u043e, \u0411\u0443\u0458\u0430\u043d\u043e\u0432\u0430\u0446 \u0438 \u041c\u0435\u0434\u0432\u0435\u0452a\"},\"image\":{\"@id\":\"https:\\\/\\\/kt.gov.rs\\\/#\\\/schema\\\/logo\\\/image\\\/\"},\"sameAs\":[\"https:\\\/\\\/www.facebook.com\\\/SluzbaKoordinacionogTelaVladeRepublikeSrbije\",\"https:\\\/\\\/x.com\\\/kt_gov\",\"https:\\\/\\\/www.youtube.com\\\/@koordinacionotelo\"]},{\"@type\":\"Person\",\"@id\":\"https:\\\/\\\/kt.gov.rs\\\/#\\\/schema\\\/person\\\/e426459ddb4173309103390602694571\",\"name\":\"ktmin\",\"image\":{\"@type\":\"ImageObject\",\"inLanguage\":\"sq-AL\",\"@id\":\"https:\\\/\\\/secure.gravatar.com\\\/avatar\\\/3985c961109853010c3fbc7ba30365bfba5db3dd6c525831d9c595c7525a615a?s=96&d=mm&r=g\",\"url\":\"https:\\\/\\\/secure.gravatar.com\\\/avatar\\\/3985c961109853010c3fbc7ba30365bfba5db3dd6c525831d9c595c7525a615a?s=96&d=mm&r=g\",\"contentUrl\":\"https:\\\/\\\/secure.gravatar.com\\\/avatar\\\/3985c961109853010c3fbc7ba30365bfba5db3dd6c525831d9c595c7525a615a?s=96&d=mm&r=g\",\"caption\":\"ktmin\"},\"sameAs\":[\"https:\\\/\\\/kt.gov.rs\"],\"url\":\"https:\\\/\\\/kt.gov.rs\\\/sq\\\/author\\\/ktmin\\\/\"}]}<\/script>\n<!-- \/ Yoast SEO plugin. -->","yoast_head_json":{"title":"VULLNETARIZMI NJ\u00cb VJE\u00c7AR N\u00cb ZVIC\u00cbR N\u00cb NJ\u00cb FSHAT EKO, NJ\u00cb SHKOLL\u00cb N\u00cb NATYR\u00cb DHE NJ\u00cb SHT\u00cbPIZ\u00cb MALORE - Republika e S\u00ebrbis\u00eb Trupi Koordinues p\u00ebr komunat Bujanoc, Preshev\u00eb dhe Medvegj\u00eb","robots":{"index":"index","follow":"follow","max-snippet":"max-snippet:-1","max-image-preview":"max-image-preview:large","max-video-preview":"max-video-preview:-1"},"canonical":"https:\/\/kt.gov.rs\/sq\/vullnetarizmi-nje-vjecar-ne-zvicer-ne-nje-fshat-eko-nje-shkolle-ne-natyre-dhe-nje-shtepize-malore\/","og_locale":"sq_AL","og_type":"article","og_title":"VULLNETARIZMI NJ\u00cb VJE\u00c7AR N\u00cb ZVIC\u00cbR N\u00cb NJ\u00cb FSHAT EKO, NJ\u00cb SHKOLL\u00cb N\u00cb NATYR\u00cb DHE NJ\u00cb SHT\u00cbPIZ\u00cb MALORE - Republika e S\u00ebrbis\u00eb Trupi Koordinues p\u00ebr komunat Bujanoc, Preshev\u00eb dhe Medvegj\u00eb","og_description":"Tre vende t\u00eb shk\u00eblqyera &quot;t\u00eb gjelb\u00ebrta&quot; n\u00eb Zvic\u00ebr hapin mund\u00ebsi vullnetarizmi p\u00ebr t\u00eb rinjt\u00eb e mosh\u00ebs 18 deri 30 vje\u00e7 nga Serbia k\u00ebt\u00eb ver\u00eb!","og_url":"https:\/\/kt.gov.rs\/sq\/vullnetarizmi-nje-vjecar-ne-zvicer-ne-nje-fshat-eko-nje-shkolle-ne-natyre-dhe-nje-shtepize-malore\/","og_site_name":"Republika e S\u00ebrbis\u00eb Trupi Koordinues p\u00ebr komunat Bujanoc, Preshev\u00eb dhe Medvegj\u00eb","article_publisher":"https:\/\/www.facebook.com\/SluzbaKoordinacionogTelaVladeRepublikeSrbije","article_published_time":"2021-03-18T00:00:00+00:00","article_modified_time":"2024-07-30T18:00:57+00:00","og_image":[{"width":315,"height":230,"url":"https:\/\/kt.gov.rs\/wp-content\/uploads\/2024\/07\/1616060087_180321_2-5.jpg","type":"image\/jpeg"}],"author":"ktmin","twitter_card":"summary_large_image","twitter_creator":"@kt_gov","twitter_site":"@kt_gov","twitter_misc":{"Written by":"ktmin","Est. reading time":"1 minute"},"schema":{"@context":"https:\/\/schema.org","@graph":[{"@type":"Article","@id":"https:\/\/kt.gov.rs\/sq\/vullnetarizmi-nje-vjecar-ne-zvicer-ne-nje-fshat-eko-nje-shkolle-ne-natyre-dhe-nje-shtepize-malore\/#article","isPartOf":{"@id":"https:\/\/kt.gov.rs\/sq\/vullnetarizmi-nje-vjecar-ne-zvicer-ne-nje-fshat-eko-nje-shkolle-ne-natyre-dhe-nje-shtepize-malore\/"},"author":{"name":"ktmin","@id":"https:\/\/kt.gov.rs\/#\/schema\/person\/e426459ddb4173309103390602694571"},"headline":"VULLNETARIZMI NJ\u00cb VJE\u00c7AR N\u00cb ZVIC\u00cbR N\u00cb NJ\u00cb FSHAT EKO, NJ\u00cb SHKOLL\u00cb N\u00cb NATYR\u00cb DHE NJ\u00cb SHT\u00cbPIZ\u00cb MALORE","datePublished":"2021-03-18T00:00:00+00:00","dateModified":"2024-07-30T18:00:57+00:00","mainEntityOfPage":{"@id":"https:\/\/kt.gov.rs\/sq\/vullnetarizmi-nje-vjecar-ne-zvicer-ne-nje-fshat-eko-nje-shkolle-ne-natyre-dhe-nje-shtepize-malore\/"},"wordCount":207,"publisher":{"@id":"https:\/\/kt.gov.rs\/#organization"},"image":{"@id":"https:\/\/kt.gov.rs\/sq\/vullnetarizmi-nje-vjecar-ne-zvicer-ne-nje-fshat-eko-nje-shkolle-ne-natyre-dhe-nje-shtepize-malore\/#primaryimage"},"thumbnailUrl":"https:\/\/kt.gov.rs\/wp-content\/uploads\/2024\/07\/1616060087_180321_2-5.jpg","articleSection":["Lajme"],"inLanguage":"sq-AL"},{"@type":"WebPage","@id":"https:\/\/kt.gov.rs\/sq\/vullnetarizmi-nje-vjecar-ne-zvicer-ne-nje-fshat-eko-nje-shkolle-ne-natyre-dhe-nje-shtepize-malore\/","url":"https:\/\/kt.gov.rs\/sq\/vullnetarizmi-nje-vjecar-ne-zvicer-ne-nje-fshat-eko-nje-shkolle-ne-natyre-dhe-nje-shtepize-malore\/","name":"VULLNETARIZMI NJ\u00cb VJE\u00c7AR N\u00cb ZVIC\u00cbR N\u00cb NJ\u00cb FSHAT EKO, NJ\u00cb SHKOLL\u00cb N\u00cb NATYR\u00cb DHE NJ\u00cb SHT\u00cbPIZ\u00cb MALORE - Republika e S\u00ebrbis\u00eb Trupi Koordinues p\u00ebr komunat Bujanoc, Preshev\u00eb dhe Medvegj\u00eb","isPartOf":{"@id":"https:\/\/kt.gov.rs\/#website"},"primaryImageOfPage":{"@id":"https:\/\/kt.gov.rs\/sq\/vullnetarizmi-nje-vjecar-ne-zvicer-ne-nje-fshat-eko-nje-shkolle-ne-natyre-dhe-nje-shtepize-malore\/#primaryimage"},"image":{"@id":"https:\/\/kt.gov.rs\/sq\/vullnetarizmi-nje-vjecar-ne-zvicer-ne-nje-fshat-eko-nje-shkolle-ne-natyre-dhe-nje-shtepize-malore\/#primaryimage"},"thumbnailUrl":"https:\/\/kt.gov.rs\/wp-content\/uploads\/2024\/07\/1616060087_180321_2-5.jpg","datePublished":"2021-03-18T00:00:00+00:00","dateModified":"2024-07-30T18:00:57+00:00","breadcrumb":{"@id":"https:\/\/kt.gov.rs\/sq\/vullnetarizmi-nje-vjecar-ne-zvicer-ne-nje-fshat-eko-nje-shkolle-ne-natyre-dhe-nje-shtepize-malore\/#breadcrumb"},"inLanguage":"sq-AL","potentialAction":[{"@type":"ReadAction","target":["https:\/\/kt.gov.rs\/sq\/vullnetarizmi-nje-vjecar-ne-zvicer-ne-nje-fshat-eko-nje-shkolle-ne-natyre-dhe-nje-shtepize-malore\/"]}]},{"@type":"ImageObject","inLanguage":"sq-AL","@id":"https:\/\/kt.gov.rs\/sq\/vullnetarizmi-nje-vjecar-ne-zvicer-ne-nje-fshat-eko-nje-shkolle-ne-natyre-dhe-nje-shtepize-malore\/#primaryimage","url":"https:\/\/kt.gov.rs\/wp-content\/uploads\/2024\/07\/1616060087_180321_2-5.jpg","contentUrl":"https:\/\/kt.gov.rs\/wp-content\/uploads\/2024\/07\/1616060087_180321_2-5.jpg","width":315,"height":230},{"@type":"BreadcrumbList","@id":"https:\/\/kt.gov.rs\/sq\/vullnetarizmi-nje-vjecar-ne-zvicer-ne-nje-fshat-eko-nje-shkolle-ne-natyre-dhe-nje-shtepize-malore\/#breadcrumb","itemListElement":[{"@type":"ListItem","position":1,"name":"\u041f\u043e\u0447\u0435\u0442\u043d\u0430","item":"https:\/\/kt.gov.rs\/sq\/"},{"@type":"ListItem","position":2,"name":"VULLNETARIZMI NJ\u00cb VJE\u00c7AR N\u00cb ZVIC\u00cbR N\u00cb NJ\u00cb FSHAT EKO, NJ\u00cb SHKOLL\u00cb N\u00cb NATYR\u00cb DHE NJ\u00cb SHT\u00cbPIZ\u00cb MALORE"}]},{"@type":"WebSite","@id":"https:\/\/kt.gov.rs\/#website","url":"https:\/\/kt.gov.rs\/","name":"\u041a\u043e\u043e\u0440\u0434\u0438\u043d\u0430\u0446\u0438\u043e\u043d\u043e \u0442\u0435\u043b\u043e \u0412\u043b\u0430\u0434\u0435 \u0420\u0435\u043f\u0443\u0431\u043b\u0438\u043a\u0435 \u0421\u0440\u0431\u0438\u0458\u0435 \u0437\u0430 \u043e\u043f\u0448\u0442\u0438\u043d\u0435 \u041f\u0440\u0435\u0448\u0435\u0432\u043e, \u0411\u0443\u0458\u0430\u043d\u043e\u0432\u0430\u0446 \u0438 \u041c\u0435\u0434\u0432\u0435\u0452a","description":"","publisher":{"@id":"https:\/\/kt.gov.rs\/#organization"},"alternateName":"\u041a\u043e\u043e\u0440\u0434\u0438\u043d\u0430\u0446\u0438\u043e\u043d\u043e \u0442\u0435\u043b\u043e","potentialAction":[{"@type":"SearchAction","target":{"@type":"EntryPoint","urlTemplate":"https:\/\/kt.gov.rs\/?s={search_term_string}"},"query-input":{"@type":"PropertyValueSpecification","valueRequired":true,"valueName":"search_term_string"}}],"inLanguage":"sq-AL"},{"@type":"Organization","@id":"https:\/\/kt.gov.rs\/#organization","name":"\u041a\u043e\u043e\u0440\u0434\u0438\u043d\u0430\u0446\u0438\u043e\u043d\u043e \u0442\u0435\u043b\u043e \u0412\u043b\u0430\u0434\u0435 \u0420\u0435\u043f\u0443\u0431\u043b\u0438\u043a\u0435 \u0421\u0440\u0431\u0438\u0458\u0435 \u0437\u0430 \u043e\u043f\u0448\u0442\u0438\u043d\u0435 \u041f\u0440\u0435\u0448\u0435\u0432\u043e, \u0411\u0443\u0458\u0430\u043d\u043e\u0432\u0430\u0446 \u0438 \u041c\u0435\u0434\u0432\u0435\u0452a","alternateName":"\u041a\u043e\u043e\u0440\u0434\u0438\u043d\u0430\u0446\u0438\u043e\u043d\u043e \u0442\u0435\u043b\u043e","url":"https:\/\/kt.gov.rs\/","logo":{"@type":"ImageObject","inLanguage":"sq-AL","@id":"https:\/\/kt.gov.rs\/#\/schema\/logo\/image\/","url":"https:\/\/kt.gov.rs\/wp-content\/uploads\/2024\/12\/koord2.jpg","contentUrl":"https:\/\/kt.gov.rs\/wp-content\/uploads\/2024\/12\/koord2.jpg","width":640,"height":480,"caption":"\u041a\u043e\u043e\u0440\u0434\u0438\u043d\u0430\u0446\u0438\u043e\u043d\u043e \u0442\u0435\u043b\u043e \u0412\u043b\u0430\u0434\u0435 \u0420\u0435\u043f\u0443\u0431\u043b\u0438\u043a\u0435 \u0421\u0440\u0431\u0438\u0458\u0435 \u0437\u0430 \u043e\u043f\u0448\u0442\u0438\u043d\u0435 \u041f\u0440\u0435\u0448\u0435\u0432\u043e, \u0411\u0443\u0458\u0430\u043d\u043e\u0432\u0430\u0446 \u0438 \u041c\u0435\u0434\u0432\u0435\u0452a"},"image":{"@id":"https:\/\/kt.gov.rs\/#\/schema\/logo\/image\/"},"sameAs":["https:\/\/www.facebook.com\/SluzbaKoordinacionogTelaVladeRepublikeSrbije","https:\/\/x.com\/kt_gov","https:\/\/www.youtube.com\/@koordinacionotelo"]},{"@type":"Person","@id":"https:\/\/kt.gov.rs\/#\/schema\/person\/e426459ddb4173309103390602694571","name":"ktmin","image":{"@type":"ImageObject","inLanguage":"sq-AL","@id":"https:\/\/secure.gravatar.com\/avatar\/3985c961109853010c3fbc7ba30365bfba5db3dd6c525831d9c595c7525a615a?s=96&d=mm&r=g","url":"https:\/\/secure.gravatar.com\/avatar\/3985c961109853010c3fbc7ba30365bfba5db3dd6c525831d9c595c7525a615a?s=96&d=mm&r=g","contentUrl":"https:\/\/secure.gravatar.com\/avatar\/3985c961109853010c3fbc7ba30365bfba5db3dd6c525831d9c595c7525a615a?s=96&d=mm&r=g","caption":"ktmin"},"sameAs":["https:\/\/kt.gov.rs"],"url":"https:\/\/kt.gov.rs\/sq\/author\/ktmin\/"}]}},"_links":{"self":[{"href":"https:\/\/kt.gov.rs\/sq\/wp-json\/wp\/v2\/posts\/110156","targetHints":{"allow":["GET"]}}],"collection":[{"href":"https:\/\/kt.gov.rs\/sq\/wp-json\/wp\/v2\/posts"}],"about":[{"href":"https:\/\/kt.gov.rs\/sq\/wp-json\/wp\/v2\/types\/post"}],"author":[{"embeddable":true,"href":"https:\/\/kt.gov.rs\/sq\/wp-json\/wp\/v2\/users\/1"}],"replies":[{"embeddable":true,"href":"https:\/\/kt.gov.rs\/sq\/wp-json\/wp\/v2\/comments?post=110156"}],"version-history":[{"count":1,"href":"https:\/\/kt.gov.rs\/sq\/wp-json\/wp\/v2\/posts\/110156\/revisions"}],"predecessor-version":[{"id":110160,"href":"https:\/\/kt.gov.rs\/sq\/wp-json\/wp\/v2\/posts\/110156\/revisions\/110160"}],"wp:featuredmedia":[{"embeddable":true,"href":"https:\/\/kt.gov.rs\/sq\/wp-json\/wp\/v2\/media\/110161"}],"wp:attachment":[{"href":"https:\/\/kt.gov.rs\/sq\/wp-json\/wp\/v2\/media?parent=110156"}],"wp:term":[{"taxonomy":"category","embeddable":true,"href":"https:\/\/kt.gov.rs\/sq\/wp-json\/wp\/v2\/categories?post=110156"},{"taxonomy":"post_tag","embeddable":true,"href":"https:\/\/kt.gov.rs\/sq\/wp-json\/wp\/v2\/tags?post=110156"}],"curies":[{"name":"wp","href":"https:\/\/api.w.org\/{rel}","templated":true}]}}