{"id":110148,"date":"2021-03-18T00:00:00","date_gmt":"2021-03-18T00:00:00","guid":{"rendered":"http:\/\/kt.printandscreen.rs\/gjyshja-jella-eshte-nje-hero-91-vjecare-dhe-ajo-arriti-te-mposhte-virusin-corona\/"},"modified":"2024-07-30T18:00:57","modified_gmt":"2024-07-30T18:00:57","slug":"gjyshja-jella-eshte-nje-hero-91-vjecare-dhe-ajo-arriti-te-mposhte-virusin-corona","status":"publish","type":"post","link":"https:\/\/kt.gov.rs\/sq\/gjyshja-jella-eshte-nje-hero-91-vjecare-dhe-ajo-arriti-te-mposhte-virusin-corona\/","title":{"rendered":"GJYSHJA JELLA \u00cbSHT\u00cb NJ\u00cb HERO 91-VJE\u00c7ARE DHE AJO ARRITI T\u00cb MPOSHT\u00cb VIRUSIN CORONA"},"content":{"rendered":"<p>\n\t<strong><img decoding=\"async\" alt=\"\" src=\"https:\/\/kt.gov.rs\/wp-content\/uploads\/2024\/07\/1616060129_180321_3-4.jpg\" style=\"width: 315px; height: 230px; float: left;\" \/><\/strong>Vraj\u00eb- Znj. Jellka Stankoviq (91) \u00ebsht\u00eb banorja m\u00eb e vjet\u00ebr e rrethit t\u00eb\u00a0<em>P\u00e7inj\u00ebs<\/em>, e cila arriti t\u00eb mposht\u00eb virusin corona.<\/p>\n<p>\n\tGjyshja Jela \u00ebsht\u00eb nj\u00eb hero 91-vje\u00e7are dhe ajo arriti t\u00eb mposht\u00eb virusin corona<\/p>\n<p>\n\t\u00a0Gjyshja Jellka, e cila ka lindur n\u00eb fshatin Ushevce t\u00eb Polanic\u00ebs, jeton <em>n\u00eb Sht\u00ebpin\u00eb<\/em>\u00a0p\u00ebr t\u00eb moshuarit dhe t\u00eb braktisur u shtrua n\u00eb spital n\u00eb fund t\u00eb shkurtit, dhe m\u00eb 13 mars ajo u largua nga spitali Covid sh\u00ebruar nga kjo s\u00ebmundje.<\/p>\n<p>\n\tSi\u00e7 njoftoi Administrata e Qytetit t\u00eb Vranj\u00ebs ajo tani po ndihet mir\u00eb dhe mezi pret t\u00eb kthehet n\u00eb mjedisin e saj t\u00eb njohur.<\/p>\n<p>\n\tP\u00ebrndryshe ajo nuk e mori vaksin\u00ebn p\u00ebr shkak t\u00eb gjendjes s\u00eb saj sh\u00ebndet\u00ebsore, sepse ky ishte vler\u00ebsimi i mjekut.<\/p>\n<p>\n\tP\u00ebr fat t\u00eb mir\u00eb, pavar\u00ebsisht mosh\u00ebs, ajo kishte nj\u00eb pamje m\u00eb t\u00eb but\u00eb klinike.<\/p>\n<p>\n\tN\u00eb k\u00ebt\u00eb moment, tre p\u00ebrdorues t\u00eb tjer\u00eb <em>\u00eb sht\u00ebpis\u00eb<\/em>\u00a0s\u00eb\u00a0<em>t\u00eb moshuarve <\/em>jan\u00eb pozitiv\u00eb dhe po trajtohen n\u00eb spital.<\/p>\n<p>\n\t<strong>Burimi:OK Radio, Bujanovacke dhe Trupi koordinues\u00a0<\/strong><\/p>\n<p>\n\t\u00a0<\/p>\n","protected":false},"excerpt":{"rendered":"<p>Vraj\u00eb- Znj. Jellka Stankoviq (91) \u00ebsht\u00eb banorja m\u00eb e vjet\u00ebr e rrethit t\u00eb\u00a0P\u00e7inj\u00ebs, e cila arriti t\u00eb mposht\u00eb virusin corona.<\/p>\n","protected":false},"author":1,"featured_media":110153,"comment_status":"closed","ping_status":"closed","sticky":false,"template":"","format":"standard","meta":{"footnotes":""},"categories":[55],"tags":[],"class_list":["post-110148","post","type-post","status-publish","format-standard","has-post-thumbnail","hentry","category-lajme"],"yoast_head":"<!-- This site is optimized with the Yoast SEO plugin v27.5 - https:\/\/yoast.com\/product\/yoast-seo-wordpress\/ -->\n<title>GJYSHJA JELLA \u00cbSHT\u00cb NJ\u00cb HERO 91-VJE\u00c7ARE DHE AJO ARRITI T\u00cb MPOSHT\u00cb VIRUSIN CORONA - Republika e S\u00ebrbis\u00eb Trupi Koordinues p\u00ebr komunat Bujanoc, Preshev\u00eb dhe Medvegj\u00eb<\/title>\n<meta name=\"robots\" content=\"index, follow, max-snippet:-1, max-image-preview:large, max-video-preview:-1\" \/>\n<link rel=\"canonical\" href=\"https:\/\/kt.gov.rs\/sq\/gjyshja-jella-eshte-nje-hero-91-vjecare-dhe-ajo-arriti-te-mposhte-virusin-corona\/\" \/>\n<meta property=\"og:locale\" content=\"sq_AL\" \/>\n<meta property=\"og:type\" content=\"article\" \/>\n<meta property=\"og:title\" content=\"GJYSHJA JELLA \u00cbSHT\u00cb NJ\u00cb HERO 91-VJE\u00c7ARE DHE AJO ARRITI T\u00cb MPOSHT\u00cb VIRUSIN CORONA - Republika e S\u00ebrbis\u00eb Trupi Koordinues p\u00ebr komunat Bujanoc, Preshev\u00eb dhe Medvegj\u00eb\" \/>\n<meta property=\"og:description\" content=\"Vraj\u00eb- Znj. Jellka Stankoviq (91) \u00ebsht\u00eb banorja m\u00eb e vjet\u00ebr e rrethit t\u00eb\u00a0P\u00e7inj\u00ebs, e cila arriti t\u00eb mposht\u00eb virusin corona.\" \/>\n<meta property=\"og:url\" content=\"https:\/\/kt.gov.rs\/sq\/gjyshja-jella-eshte-nje-hero-91-vjecare-dhe-ajo-arriti-te-mposhte-virusin-corona\/\" \/>\n<meta property=\"og:site_name\" content=\"Republika e S\u00ebrbis\u00eb Trupi Koordinues p\u00ebr komunat Bujanoc, Preshev\u00eb dhe Medvegj\u00eb\" \/>\n<meta property=\"article:publisher\" content=\"https:\/\/www.facebook.com\/SluzbaKoordinacionogTelaVladeRepublikeSrbije\" \/>\n<meta property=\"article:published_time\" content=\"2021-03-18T00:00:00+00:00\" \/>\n<meta property=\"article:modified_time\" content=\"2024-07-30T18:00:57+00:00\" \/>\n<meta property=\"og:image\" content=\"https:\/\/kt.gov.rs\/wp-content\/uploads\/2024\/07\/1616060129_180321_3-5.jpg\" \/>\n\t<meta property=\"og:image:width\" content=\"315\" \/>\n\t<meta property=\"og:image:height\" content=\"230\" \/>\n\t<meta property=\"og:image:type\" content=\"image\/jpeg\" \/>\n<meta name=\"author\" content=\"ktmin\" \/>\n<meta name=\"twitter:card\" content=\"summary_large_image\" \/>\n<meta name=\"twitter:creator\" content=\"@kt_gov\" \/>\n<meta name=\"twitter:site\" content=\"@kt_gov\" \/>\n<meta name=\"twitter:label1\" content=\"Written by\" \/>\n\t<meta name=\"twitter:data1\" content=\"ktmin\" \/>\n\t<meta name=\"twitter:label2\" content=\"Est. reading time\" \/>\n\t<meta name=\"twitter:data2\" content=\"1 minute\" \/>\n<script type=\"application\/ld+json\" class=\"yoast-schema-graph\">{\"@context\":\"https:\\\/\\\/schema.org\",\"@graph\":[{\"@type\":\"Article\",\"@id\":\"https:\\\/\\\/kt.gov.rs\\\/sq\\\/gjyshja-jella-eshte-nje-hero-91-vjecare-dhe-ajo-arriti-te-mposhte-virusin-corona\\\/#article\",\"isPartOf\":{\"@id\":\"https:\\\/\\\/kt.gov.rs\\\/sq\\\/gjyshja-jella-eshte-nje-hero-91-vjecare-dhe-ajo-arriti-te-mposhte-virusin-corona\\\/\"},\"author\":{\"name\":\"ktmin\",\"@id\":\"https:\\\/\\\/kt.gov.rs\\\/#\\\/schema\\\/person\\\/e426459ddb4173309103390602694571\"},\"headline\":\"GJYSHJA JELLA \u00cbSHT\u00cb NJ\u00cb HERO 91-VJE\u00c7ARE DHE AJO ARRITI T\u00cb MPOSHT\u00cb VIRUSIN CORONA\",\"datePublished\":\"2021-03-18T00:00:00+00:00\",\"dateModified\":\"2024-07-30T18:00:57+00:00\",\"mainEntityOfPage\":{\"@id\":\"https:\\\/\\\/kt.gov.rs\\\/sq\\\/gjyshja-jella-eshte-nje-hero-91-vjecare-dhe-ajo-arriti-te-mposhte-virusin-corona\\\/\"},\"wordCount\":268,\"publisher\":{\"@id\":\"https:\\\/\\\/kt.gov.rs\\\/#organization\"},\"image\":{\"@id\":\"https:\\\/\\\/kt.gov.rs\\\/sq\\\/gjyshja-jella-eshte-nje-hero-91-vjecare-dhe-ajo-arriti-te-mposhte-virusin-corona\\\/#primaryimage\"},\"thumbnailUrl\":\"https:\\\/\\\/kt.gov.rs\\\/wp-content\\\/uploads\\\/2024\\\/07\\\/1616060129_180321_3-5.jpg\",\"articleSection\":[\"Lajme\"],\"inLanguage\":\"sq-AL\"},{\"@type\":\"WebPage\",\"@id\":\"https:\\\/\\\/kt.gov.rs\\\/sq\\\/gjyshja-jella-eshte-nje-hero-91-vjecare-dhe-ajo-arriti-te-mposhte-virusin-corona\\\/\",\"url\":\"https:\\\/\\\/kt.gov.rs\\\/sq\\\/gjyshja-jella-eshte-nje-hero-91-vjecare-dhe-ajo-arriti-te-mposhte-virusin-corona\\\/\",\"name\":\"GJYSHJA JELLA \u00cbSHT\u00cb NJ\u00cb HERO 91-VJE\u00c7ARE DHE AJO ARRITI T\u00cb MPOSHT\u00cb VIRUSIN CORONA - Republika e S\u00ebrbis\u00eb Trupi Koordinues p\u00ebr komunat Bujanoc, Preshev\u00eb dhe Medvegj\u00eb\",\"isPartOf\":{\"@id\":\"https:\\\/\\\/kt.gov.rs\\\/#website\"},\"primaryImageOfPage\":{\"@id\":\"https:\\\/\\\/kt.gov.rs\\\/sq\\\/gjyshja-jella-eshte-nje-hero-91-vjecare-dhe-ajo-arriti-te-mposhte-virusin-corona\\\/#primaryimage\"},\"image\":{\"@id\":\"https:\\\/\\\/kt.gov.rs\\\/sq\\\/gjyshja-jella-eshte-nje-hero-91-vjecare-dhe-ajo-arriti-te-mposhte-virusin-corona\\\/#primaryimage\"},\"thumbnailUrl\":\"https:\\\/\\\/kt.gov.rs\\\/wp-content\\\/uploads\\\/2024\\\/07\\\/1616060129_180321_3-5.jpg\",\"datePublished\":\"2021-03-18T00:00:00+00:00\",\"dateModified\":\"2024-07-30T18:00:57+00:00\",\"breadcrumb\":{\"@id\":\"https:\\\/\\\/kt.gov.rs\\\/sq\\\/gjyshja-jella-eshte-nje-hero-91-vjecare-dhe-ajo-arriti-te-mposhte-virusin-corona\\\/#breadcrumb\"},\"inLanguage\":\"sq-AL\",\"potentialAction\":[{\"@type\":\"ReadAction\",\"target\":[\"https:\\\/\\\/kt.gov.rs\\\/sq\\\/gjyshja-jella-eshte-nje-hero-91-vjecare-dhe-ajo-arriti-te-mposhte-virusin-corona\\\/\"]}]},{\"@type\":\"ImageObject\",\"inLanguage\":\"sq-AL\",\"@id\":\"https:\\\/\\\/kt.gov.rs\\\/sq\\\/gjyshja-jella-eshte-nje-hero-91-vjecare-dhe-ajo-arriti-te-mposhte-virusin-corona\\\/#primaryimage\",\"url\":\"https:\\\/\\\/kt.gov.rs\\\/wp-content\\\/uploads\\\/2024\\\/07\\\/1616060129_180321_3-5.jpg\",\"contentUrl\":\"https:\\\/\\\/kt.gov.rs\\\/wp-content\\\/uploads\\\/2024\\\/07\\\/1616060129_180321_3-5.jpg\",\"width\":315,\"height\":230},{\"@type\":\"BreadcrumbList\",\"@id\":\"https:\\\/\\\/kt.gov.rs\\\/sq\\\/gjyshja-jella-eshte-nje-hero-91-vjecare-dhe-ajo-arriti-te-mposhte-virusin-corona\\\/#breadcrumb\",\"itemListElement\":[{\"@type\":\"ListItem\",\"position\":1,\"name\":\"\u041f\u043e\u0447\u0435\u0442\u043d\u0430\",\"item\":\"https:\\\/\\\/kt.gov.rs\\\/sq\\\/\"},{\"@type\":\"ListItem\",\"position\":2,\"name\":\"GJYSHJA JELLA \u00cbSHT\u00cb NJ\u00cb HERO 91-VJE\u00c7ARE DHE AJO ARRITI T\u00cb MPOSHT\u00cb VIRUSIN CORONA\"}]},{\"@type\":\"WebSite\",\"@id\":\"https:\\\/\\\/kt.gov.rs\\\/#website\",\"url\":\"https:\\\/\\\/kt.gov.rs\\\/\",\"name\":\"\u041a\u043e\u043e\u0440\u0434\u0438\u043d\u0430\u0446\u0438\u043e\u043d\u043e \u0442\u0435\u043b\u043e \u0412\u043b\u0430\u0434\u0435 \u0420\u0435\u043f\u0443\u0431\u043b\u0438\u043a\u0435 \u0421\u0440\u0431\u0438\u0458\u0435 \u0437\u0430 \u043e\u043f\u0448\u0442\u0438\u043d\u0435 \u041f\u0440\u0435\u0448\u0435\u0432\u043e, \u0411\u0443\u0458\u0430\u043d\u043e\u0432\u0430\u0446 \u0438 \u041c\u0435\u0434\u0432\u0435\u0452a\",\"description\":\"\",\"publisher\":{\"@id\":\"https:\\\/\\\/kt.gov.rs\\\/#organization\"},\"alternateName\":\"\u041a\u043e\u043e\u0440\u0434\u0438\u043d\u0430\u0446\u0438\u043e\u043d\u043e \u0442\u0435\u043b\u043e\",\"potentialAction\":[{\"@type\":\"SearchAction\",\"target\":{\"@type\":\"EntryPoint\",\"urlTemplate\":\"https:\\\/\\\/kt.gov.rs\\\/?s={search_term_string}\"},\"query-input\":{\"@type\":\"PropertyValueSpecification\",\"valueRequired\":true,\"valueName\":\"search_term_string\"}}],\"inLanguage\":\"sq-AL\"},{\"@type\":\"Organization\",\"@id\":\"https:\\\/\\\/kt.gov.rs\\\/#organization\",\"name\":\"\u041a\u043e\u043e\u0440\u0434\u0438\u043d\u0430\u0446\u0438\u043e\u043d\u043e \u0442\u0435\u043b\u043e \u0412\u043b\u0430\u0434\u0435 \u0420\u0435\u043f\u0443\u0431\u043b\u0438\u043a\u0435 \u0421\u0440\u0431\u0438\u0458\u0435 \u0437\u0430 \u043e\u043f\u0448\u0442\u0438\u043d\u0435 \u041f\u0440\u0435\u0448\u0435\u0432\u043e, \u0411\u0443\u0458\u0430\u043d\u043e\u0432\u0430\u0446 \u0438 \u041c\u0435\u0434\u0432\u0435\u0452a\",\"alternateName\":\"\u041a\u043e\u043e\u0440\u0434\u0438\u043d\u0430\u0446\u0438\u043e\u043d\u043e \u0442\u0435\u043b\u043e\",\"url\":\"https:\\\/\\\/kt.gov.rs\\\/\",\"logo\":{\"@type\":\"ImageObject\",\"inLanguage\":\"sq-AL\",\"@id\":\"https:\\\/\\\/kt.gov.rs\\\/#\\\/schema\\\/logo\\\/image\\\/\",\"url\":\"https:\\\/\\\/kt.gov.rs\\\/wp-content\\\/uploads\\\/2024\\\/12\\\/koord2.jpg\",\"contentUrl\":\"https:\\\/\\\/kt.gov.rs\\\/wp-content\\\/uploads\\\/2024\\\/12\\\/koord2.jpg\",\"width\":640,\"height\":480,\"caption\":\"\u041a\u043e\u043e\u0440\u0434\u0438\u043d\u0430\u0446\u0438\u043e\u043d\u043e \u0442\u0435\u043b\u043e \u0412\u043b\u0430\u0434\u0435 \u0420\u0435\u043f\u0443\u0431\u043b\u0438\u043a\u0435 \u0421\u0440\u0431\u0438\u0458\u0435 \u0437\u0430 \u043e\u043f\u0448\u0442\u0438\u043d\u0435 \u041f\u0440\u0435\u0448\u0435\u0432\u043e, \u0411\u0443\u0458\u0430\u043d\u043e\u0432\u0430\u0446 \u0438 \u041c\u0435\u0434\u0432\u0435\u0452a\"},\"image\":{\"@id\":\"https:\\\/\\\/kt.gov.rs\\\/#\\\/schema\\\/logo\\\/image\\\/\"},\"sameAs\":[\"https:\\\/\\\/www.facebook.com\\\/SluzbaKoordinacionogTelaVladeRepublikeSrbije\",\"https:\\\/\\\/x.com\\\/kt_gov\",\"https:\\\/\\\/www.youtube.com\\\/@koordinacionotelo\"]},{\"@type\":\"Person\",\"@id\":\"https:\\\/\\\/kt.gov.rs\\\/#\\\/schema\\\/person\\\/e426459ddb4173309103390602694571\",\"name\":\"ktmin\",\"image\":{\"@type\":\"ImageObject\",\"inLanguage\":\"sq-AL\",\"@id\":\"https:\\\/\\\/secure.gravatar.com\\\/avatar\\\/3985c961109853010c3fbc7ba30365bfba5db3dd6c525831d9c595c7525a615a?s=96&d=mm&r=g\",\"url\":\"https:\\\/\\\/secure.gravatar.com\\\/avatar\\\/3985c961109853010c3fbc7ba30365bfba5db3dd6c525831d9c595c7525a615a?s=96&d=mm&r=g\",\"contentUrl\":\"https:\\\/\\\/secure.gravatar.com\\\/avatar\\\/3985c961109853010c3fbc7ba30365bfba5db3dd6c525831d9c595c7525a615a?s=96&d=mm&r=g\",\"caption\":\"ktmin\"},\"sameAs\":[\"https:\\\/\\\/kt.gov.rs\"],\"url\":\"https:\\\/\\\/kt.gov.rs\\\/sq\\\/author\\\/ktmin\\\/\"}]}<\/script>\n<!-- \/ Yoast SEO plugin. -->","yoast_head_json":{"title":"GJYSHJA JELLA \u00cbSHT\u00cb NJ\u00cb HERO 91-VJE\u00c7ARE DHE AJO ARRITI T\u00cb MPOSHT\u00cb VIRUSIN CORONA - Republika e S\u00ebrbis\u00eb Trupi Koordinues p\u00ebr komunat Bujanoc, Preshev\u00eb dhe Medvegj\u00eb","robots":{"index":"index","follow":"follow","max-snippet":"max-snippet:-1","max-image-preview":"max-image-preview:large","max-video-preview":"max-video-preview:-1"},"canonical":"https:\/\/kt.gov.rs\/sq\/gjyshja-jella-eshte-nje-hero-91-vjecare-dhe-ajo-arriti-te-mposhte-virusin-corona\/","og_locale":"sq_AL","og_type":"article","og_title":"GJYSHJA JELLA \u00cbSHT\u00cb NJ\u00cb HERO 91-VJE\u00c7ARE DHE AJO ARRITI T\u00cb MPOSHT\u00cb VIRUSIN CORONA - Republika e S\u00ebrbis\u00eb Trupi Koordinues p\u00ebr komunat Bujanoc, Preshev\u00eb dhe Medvegj\u00eb","og_description":"Vraj\u00eb- Znj. Jellka Stankoviq (91) \u00ebsht\u00eb banorja m\u00eb e vjet\u00ebr e rrethit t\u00eb\u00a0P\u00e7inj\u00ebs, e cila arriti t\u00eb mposht\u00eb virusin corona.","og_url":"https:\/\/kt.gov.rs\/sq\/gjyshja-jella-eshte-nje-hero-91-vjecare-dhe-ajo-arriti-te-mposhte-virusin-corona\/","og_site_name":"Republika e S\u00ebrbis\u00eb Trupi Koordinues p\u00ebr komunat Bujanoc, Preshev\u00eb dhe Medvegj\u00eb","article_publisher":"https:\/\/www.facebook.com\/SluzbaKoordinacionogTelaVladeRepublikeSrbije","article_published_time":"2021-03-18T00:00:00+00:00","article_modified_time":"2024-07-30T18:00:57+00:00","og_image":[{"width":315,"height":230,"url":"https:\/\/kt.gov.rs\/wp-content\/uploads\/2024\/07\/1616060129_180321_3-5.jpg","type":"image\/jpeg"}],"author":"ktmin","twitter_card":"summary_large_image","twitter_creator":"@kt_gov","twitter_site":"@kt_gov","twitter_misc":{"Written by":"ktmin","Est. reading time":"1 minute"},"schema":{"@context":"https:\/\/schema.org","@graph":[{"@type":"Article","@id":"https:\/\/kt.gov.rs\/sq\/gjyshja-jella-eshte-nje-hero-91-vjecare-dhe-ajo-arriti-te-mposhte-virusin-corona\/#article","isPartOf":{"@id":"https:\/\/kt.gov.rs\/sq\/gjyshja-jella-eshte-nje-hero-91-vjecare-dhe-ajo-arriti-te-mposhte-virusin-corona\/"},"author":{"name":"ktmin","@id":"https:\/\/kt.gov.rs\/#\/schema\/person\/e426459ddb4173309103390602694571"},"headline":"GJYSHJA JELLA \u00cbSHT\u00cb NJ\u00cb HERO 91-VJE\u00c7ARE DHE AJO ARRITI T\u00cb MPOSHT\u00cb VIRUSIN CORONA","datePublished":"2021-03-18T00:00:00+00:00","dateModified":"2024-07-30T18:00:57+00:00","mainEntityOfPage":{"@id":"https:\/\/kt.gov.rs\/sq\/gjyshja-jella-eshte-nje-hero-91-vjecare-dhe-ajo-arriti-te-mposhte-virusin-corona\/"},"wordCount":268,"publisher":{"@id":"https:\/\/kt.gov.rs\/#organization"},"image":{"@id":"https:\/\/kt.gov.rs\/sq\/gjyshja-jella-eshte-nje-hero-91-vjecare-dhe-ajo-arriti-te-mposhte-virusin-corona\/#primaryimage"},"thumbnailUrl":"https:\/\/kt.gov.rs\/wp-content\/uploads\/2024\/07\/1616060129_180321_3-5.jpg","articleSection":["Lajme"],"inLanguage":"sq-AL"},{"@type":"WebPage","@id":"https:\/\/kt.gov.rs\/sq\/gjyshja-jella-eshte-nje-hero-91-vjecare-dhe-ajo-arriti-te-mposhte-virusin-corona\/","url":"https:\/\/kt.gov.rs\/sq\/gjyshja-jella-eshte-nje-hero-91-vjecare-dhe-ajo-arriti-te-mposhte-virusin-corona\/","name":"GJYSHJA JELLA \u00cbSHT\u00cb NJ\u00cb HERO 91-VJE\u00c7ARE DHE AJO ARRITI T\u00cb MPOSHT\u00cb VIRUSIN CORONA - Republika e S\u00ebrbis\u00eb Trupi Koordinues p\u00ebr komunat Bujanoc, Preshev\u00eb dhe Medvegj\u00eb","isPartOf":{"@id":"https:\/\/kt.gov.rs\/#website"},"primaryImageOfPage":{"@id":"https:\/\/kt.gov.rs\/sq\/gjyshja-jella-eshte-nje-hero-91-vjecare-dhe-ajo-arriti-te-mposhte-virusin-corona\/#primaryimage"},"image":{"@id":"https:\/\/kt.gov.rs\/sq\/gjyshja-jella-eshte-nje-hero-91-vjecare-dhe-ajo-arriti-te-mposhte-virusin-corona\/#primaryimage"},"thumbnailUrl":"https:\/\/kt.gov.rs\/wp-content\/uploads\/2024\/07\/1616060129_180321_3-5.jpg","datePublished":"2021-03-18T00:00:00+00:00","dateModified":"2024-07-30T18:00:57+00:00","breadcrumb":{"@id":"https:\/\/kt.gov.rs\/sq\/gjyshja-jella-eshte-nje-hero-91-vjecare-dhe-ajo-arriti-te-mposhte-virusin-corona\/#breadcrumb"},"inLanguage":"sq-AL","potentialAction":[{"@type":"ReadAction","target":["https:\/\/kt.gov.rs\/sq\/gjyshja-jella-eshte-nje-hero-91-vjecare-dhe-ajo-arriti-te-mposhte-virusin-corona\/"]}]},{"@type":"ImageObject","inLanguage":"sq-AL","@id":"https:\/\/kt.gov.rs\/sq\/gjyshja-jella-eshte-nje-hero-91-vjecare-dhe-ajo-arriti-te-mposhte-virusin-corona\/#primaryimage","url":"https:\/\/kt.gov.rs\/wp-content\/uploads\/2024\/07\/1616060129_180321_3-5.jpg","contentUrl":"https:\/\/kt.gov.rs\/wp-content\/uploads\/2024\/07\/1616060129_180321_3-5.jpg","width":315,"height":230},{"@type":"BreadcrumbList","@id":"https:\/\/kt.gov.rs\/sq\/gjyshja-jella-eshte-nje-hero-91-vjecare-dhe-ajo-arriti-te-mposhte-virusin-corona\/#breadcrumb","itemListElement":[{"@type":"ListItem","position":1,"name":"\u041f\u043e\u0447\u0435\u0442\u043d\u0430","item":"https:\/\/kt.gov.rs\/sq\/"},{"@type":"ListItem","position":2,"name":"GJYSHJA JELLA \u00cbSHT\u00cb NJ\u00cb HERO 91-VJE\u00c7ARE DHE AJO ARRITI T\u00cb MPOSHT\u00cb VIRUSIN CORONA"}]},{"@type":"WebSite","@id":"https:\/\/kt.gov.rs\/#website","url":"https:\/\/kt.gov.rs\/","name":"\u041a\u043e\u043e\u0440\u0434\u0438\u043d\u0430\u0446\u0438\u043e\u043d\u043e \u0442\u0435\u043b\u043e \u0412\u043b\u0430\u0434\u0435 \u0420\u0435\u043f\u0443\u0431\u043b\u0438\u043a\u0435 \u0421\u0440\u0431\u0438\u0458\u0435 \u0437\u0430 \u043e\u043f\u0448\u0442\u0438\u043d\u0435 \u041f\u0440\u0435\u0448\u0435\u0432\u043e, \u0411\u0443\u0458\u0430\u043d\u043e\u0432\u0430\u0446 \u0438 \u041c\u0435\u0434\u0432\u0435\u0452a","description":"","publisher":{"@id":"https:\/\/kt.gov.rs\/#organization"},"alternateName":"\u041a\u043e\u043e\u0440\u0434\u0438\u043d\u0430\u0446\u0438\u043e\u043d\u043e \u0442\u0435\u043b\u043e","potentialAction":[{"@type":"SearchAction","target":{"@type":"EntryPoint","urlTemplate":"https:\/\/kt.gov.rs\/?s={search_term_string}"},"query-input":{"@type":"PropertyValueSpecification","valueRequired":true,"valueName":"search_term_string"}}],"inLanguage":"sq-AL"},{"@type":"Organization","@id":"https:\/\/kt.gov.rs\/#organization","name":"\u041a\u043e\u043e\u0440\u0434\u0438\u043d\u0430\u0446\u0438\u043e\u043d\u043e \u0442\u0435\u043b\u043e \u0412\u043b\u0430\u0434\u0435 \u0420\u0435\u043f\u0443\u0431\u043b\u0438\u043a\u0435 \u0421\u0440\u0431\u0438\u0458\u0435 \u0437\u0430 \u043e\u043f\u0448\u0442\u0438\u043d\u0435 \u041f\u0440\u0435\u0448\u0435\u0432\u043e, \u0411\u0443\u0458\u0430\u043d\u043e\u0432\u0430\u0446 \u0438 \u041c\u0435\u0434\u0432\u0435\u0452a","alternateName":"\u041a\u043e\u043e\u0440\u0434\u0438\u043d\u0430\u0446\u0438\u043e\u043d\u043e \u0442\u0435\u043b\u043e","url":"https:\/\/kt.gov.rs\/","logo":{"@type":"ImageObject","inLanguage":"sq-AL","@id":"https:\/\/kt.gov.rs\/#\/schema\/logo\/image\/","url":"https:\/\/kt.gov.rs\/wp-content\/uploads\/2024\/12\/koord2.jpg","contentUrl":"https:\/\/kt.gov.rs\/wp-content\/uploads\/2024\/12\/koord2.jpg","width":640,"height":480,"caption":"\u041a\u043e\u043e\u0440\u0434\u0438\u043d\u0430\u0446\u0438\u043e\u043d\u043e \u0442\u0435\u043b\u043e \u0412\u043b\u0430\u0434\u0435 \u0420\u0435\u043f\u0443\u0431\u043b\u0438\u043a\u0435 \u0421\u0440\u0431\u0438\u0458\u0435 \u0437\u0430 \u043e\u043f\u0448\u0442\u0438\u043d\u0435 \u041f\u0440\u0435\u0448\u0435\u0432\u043e, \u0411\u0443\u0458\u0430\u043d\u043e\u0432\u0430\u0446 \u0438 \u041c\u0435\u0434\u0432\u0435\u0452a"},"image":{"@id":"https:\/\/kt.gov.rs\/#\/schema\/logo\/image\/"},"sameAs":["https:\/\/www.facebook.com\/SluzbaKoordinacionogTelaVladeRepublikeSrbije","https:\/\/x.com\/kt_gov","https:\/\/www.youtube.com\/@koordinacionotelo"]},{"@type":"Person","@id":"https:\/\/kt.gov.rs\/#\/schema\/person\/e426459ddb4173309103390602694571","name":"ktmin","image":{"@type":"ImageObject","inLanguage":"sq-AL","@id":"https:\/\/secure.gravatar.com\/avatar\/3985c961109853010c3fbc7ba30365bfba5db3dd6c525831d9c595c7525a615a?s=96&d=mm&r=g","url":"https:\/\/secure.gravatar.com\/avatar\/3985c961109853010c3fbc7ba30365bfba5db3dd6c525831d9c595c7525a615a?s=96&d=mm&r=g","contentUrl":"https:\/\/secure.gravatar.com\/avatar\/3985c961109853010c3fbc7ba30365bfba5db3dd6c525831d9c595c7525a615a?s=96&d=mm&r=g","caption":"ktmin"},"sameAs":["https:\/\/kt.gov.rs"],"url":"https:\/\/kt.gov.rs\/sq\/author\/ktmin\/"}]}},"_links":{"self":[{"href":"https:\/\/kt.gov.rs\/sq\/wp-json\/wp\/v2\/posts\/110148","targetHints":{"allow":["GET"]}}],"collection":[{"href":"https:\/\/kt.gov.rs\/sq\/wp-json\/wp\/v2\/posts"}],"about":[{"href":"https:\/\/kt.gov.rs\/sq\/wp-json\/wp\/v2\/types\/post"}],"author":[{"embeddable":true,"href":"https:\/\/kt.gov.rs\/sq\/wp-json\/wp\/v2\/users\/1"}],"replies":[{"embeddable":true,"href":"https:\/\/kt.gov.rs\/sq\/wp-json\/wp\/v2\/comments?post=110148"}],"version-history":[{"count":1,"href":"https:\/\/kt.gov.rs\/sq\/wp-json\/wp\/v2\/posts\/110148\/revisions"}],"predecessor-version":[{"id":110152,"href":"https:\/\/kt.gov.rs\/sq\/wp-json\/wp\/v2\/posts\/110148\/revisions\/110152"}],"wp:featuredmedia":[{"embeddable":true,"href":"https:\/\/kt.gov.rs\/sq\/wp-json\/wp\/v2\/media\/110153"}],"wp:attachment":[{"href":"https:\/\/kt.gov.rs\/sq\/wp-json\/wp\/v2\/media?parent=110148"}],"wp:term":[{"taxonomy":"category","embeddable":true,"href":"https:\/\/kt.gov.rs\/sq\/wp-json\/wp\/v2\/categories?post=110148"},{"taxonomy":"post_tag","embeddable":true,"href":"https:\/\/kt.gov.rs\/sq\/wp-json\/wp\/v2\/tags?post=110148"}],"curies":[{"name":"wp","href":"https:\/\/api.w.org\/{rel}","templated":true}]}}