{"id":110084,"date":"2021-03-22T00:00:00","date_gmt":"2021-03-22T00:00:00","guid":{"rendered":"http:\/\/kt.printandscreen.rs\/automjetet-e-reja-sanitare-per-medvegjen-bujanocin-dhe-18-institucione-tjera-shendetesore-ne-serbi\/"},"modified":"2024-07-30T18:00:51","modified_gmt":"2024-07-30T18:00:51","slug":"automjetet-e-reja-sanitare-per-medvegjen-bujanocin-dhe-18-institucione-tjera-shendetesore-ne-serbi","status":"publish","type":"post","link":"https:\/\/kt.gov.rs\/sq\/automjetet-e-reja-sanitare-per-medvegjen-bujanocin-dhe-18-institucione-tjera-shendetesore-ne-serbi\/","title":{"rendered":"AUTOMJETET E REJA SANITARE P\u00cbR MEDVEGJ\u00cbN, BUJANOCIN DHE 18 INSTITUCIONE TJERA SH\u00cbNDET\u00cbSORE N\u00cb SERBI"},"content":{"rendered":"<p>\n\t<strong><img decoding=\"async\" alt=\"\" src=\"https:\/\/kt.gov.rs\/wp-content\/uploads\/2024\/07\/1616405510_220321_3-4.jpg\" style=\"width: 315px; height: 230px; float: left;\" \/><\/strong><strong>Beograd, Medvegj\u00eb, Bujanoc \u2013<\/strong> T\u00eb premten, presidenti i Republik\u00ebs s\u00eb Serbis\u00eb, Aleksandar Vu\u00e7iq, mori pjes\u00eb n\u00eb dor\u00ebzimin e ambulancave t\u00eb prokuruara p\u00ebrmes programit t\u00eb donacioneve t\u00eb BE-s\u00eb me nd\u00ebrmjet\u00ebsimin e UNOPS, p\u00ebr 20 institucione sh\u00ebndet\u00ebsore nga e gjith\u00eb Serbia dhe tha se jan\u00eb pajisje shum\u00eb t\u00eb r\u00ebnd\u00ebsishme, ve\u00e7an\u00ebrisht gjat\u00eb pandemis\u00eb, dhe se donacioni vlen m\u00eb shum\u00eb se 800,000 euro.<\/p>\n<p>\n\t&quot;Dua t\u00eb fal\u00ebnderoj Bashkimin Evropian. Ne mor\u00ebm 20 automjete sanitare t\u00eb pajisura mir\u00eb p\u00ebr 20 vende n\u00eb Serbi \u2013 nga Bujanoci, Medvegja, Novi Pazari, Loznica, Bori, Zhagubica. Ne jemi sinqerisht mir\u00ebnjoh\u00ebs p\u00ebr k\u00ebt\u00eb ndihm\u00eb. Serbia \u00ebsht\u00eb n\u00eb rrug\u00ebn evropiane dhe \u00ebsht\u00eb e r\u00ebnd\u00ebsishme p\u00ebr ne q\u00eb t\u00eb mos harrojm\u00eb kurr\u00eb nj\u00eb nga vlerat e p\u00ebrhapura nga BE, dhe kjo \u00ebsht\u00eb solidariteti. K\u00ebto jan\u00eb automjetet m\u00eb t\u00eb pajisura n\u00eb m\u00ebnyr\u00eb moderne, dhe kjo \u00ebsht\u00eb ajo q\u00eb \u00ebsht\u00eb e r\u00ebnd\u00ebsishme p\u00ebr jet\u00ebn e njer\u00ebzve tan\u00eb, &quot;tha presidenti Vu\u00e7iq dhe kujtoi pajisjet mjek\u00ebsore q\u00eb arrit\u00ebn n\u00eb Serbi n\u00eb periudh\u00ebn e m\u00ebparshme. Ai theksoi se gj\u00ebrat m\u00eb t\u00eb r\u00ebnd\u00ebsishme p\u00ebr Serbin\u00eb jan\u00eb forcimi i kapaciteteve sh\u00ebndet\u00ebsore dhe vaksinimet, sepse kjo \u00ebsht\u00eb m\u00ebnyra e vetme p\u00ebr ta mposhtur s\u00ebmundjen, e cila rrezikon jet\u00ebn e njer\u00ebzve m\u00eb shum\u00eb se kurr\u00eb.<\/p>\n<p>\n\t\u201cUn\u00eb i k\u00ebrkoj t\u00eb gjith\u00ebve q\u00eb t\u00eb vaksinohen dhe t\u00eb tregojn\u00eb p\u00ebrgjegj\u00ebsi. Un\u00eb i uroj t\u00eb gjith\u00ebve sh\u00ebndet dhe nj\u00eb vit m\u00eb t\u00eb mir\u00eb, dhe jam i bindur se me p\u00ebrpjekje t\u00eb p\u00ebrbashk\u00ebta do t\u00eb kemi sukses n\u00eb mposhtjen e virusit korona &quot;, tha presidenti Vu\u00e7iq.<\/p>\n<p>\n\tKreu i Delegacionit t\u00eb Bashkimit Evropian, Ambasadori Sam Fabrizi, vuri n\u00eb dukje se kjo \u00ebsht\u00eb nj\u00eb ndihm\u00eb m\u00eb e gjer\u00eb solidariteti q\u00eb BE i ka ofruar Serbis\u00eb q\u00eb nga fillimi i pandemis\u00eb s\u00eb virusit korona, dhe se automjetet do t\u00eb shp\u00ebrndahen n\u00eb t\u00eb gjith\u00eb Serbin\u00eb, ku jan\u00eb m\u00eb e nevojshme.<\/p>\n<p>\n\t<strong>Burimi: Info Qendra Jug dhe Trupi Koordinues<\/strong><\/p>\n<p>\n\t\u00a0<\/p>\n","protected":false},"excerpt":{"rendered":"<p>Beograd, Medvegj\u00eb, Bujanoc \u2013\u00a0T\u00eb premten, presidenti i Republik\u00ebs s\u00eb Serbis\u00eb, Aleksandar Vu\u00e7iq, mori pjes\u00eb n\u00eb dor\u00ebzimin e ambulancave t\u00eb prokuruara p\u00ebrmes programit t\u00eb donacioneve t\u00eb BE-s\u00eb me nd\u00ebrmjet\u00ebsimin e UNOPS\u2026<\/p>\n","protected":false},"author":1,"featured_media":110089,"comment_status":"closed","ping_status":"closed","sticky":false,"template":"","format":"standard","meta":{"footnotes":""},"categories":[55],"tags":[],"class_list":["post-110084","post","type-post","status-publish","format-standard","has-post-thumbnail","hentry","category-lajme"],"yoast_head":"<!-- This site is optimized with the Yoast SEO plugin v27.5 - https:\/\/yoast.com\/product\/yoast-seo-wordpress\/ -->\n<title>AUTOMJETET E REJA SANITARE P\u00cbR MEDVEGJ\u00cbN, BUJANOCIN DHE 18 INSTITUCIONE TJERA SH\u00cbNDET\u00cbSORE N\u00cb SERBI - Republika e S\u00ebrbis\u00eb Trupi Koordinues p\u00ebr komunat Bujanoc, Preshev\u00eb dhe Medvegj\u00eb<\/title>\n<meta name=\"robots\" content=\"index, follow, max-snippet:-1, max-image-preview:large, max-video-preview:-1\" \/>\n<link rel=\"canonical\" href=\"https:\/\/kt.gov.rs\/sq\/automjetet-e-reja-sanitare-per-medvegjen-bujanocin-dhe-18-institucione-tjera-shendetesore-ne-serbi\/\" \/>\n<meta property=\"og:locale\" content=\"sq_AL\" \/>\n<meta property=\"og:type\" content=\"article\" \/>\n<meta property=\"og:title\" content=\"AUTOMJETET E REJA SANITARE P\u00cbR MEDVEGJ\u00cbN, BUJANOCIN DHE 18 INSTITUCIONE TJERA SH\u00cbNDET\u00cbSORE N\u00cb SERBI - Republika e S\u00ebrbis\u00eb Trupi Koordinues p\u00ebr komunat Bujanoc, Preshev\u00eb dhe Medvegj\u00eb\" \/>\n<meta property=\"og:description\" content=\"Beograd, Medvegj\u00eb, Bujanoc -\u00a0T\u00eb premten, presidenti i Republik\u00ebs s\u00eb Serbis\u00eb, Aleksandar Vu\u00e7iq, mori pjes\u00eb n\u00eb dor\u00ebzimin e ambulancave t\u00eb prokuruara p\u00ebrmes programit t\u00eb donacioneve t\u00eb BE-s\u00eb me nd\u00ebrmjet\u00ebsimin e UNOPS...\" \/>\n<meta property=\"og:url\" content=\"https:\/\/kt.gov.rs\/sq\/automjetet-e-reja-sanitare-per-medvegjen-bujanocin-dhe-18-institucione-tjera-shendetesore-ne-serbi\/\" \/>\n<meta property=\"og:site_name\" content=\"Republika e S\u00ebrbis\u00eb Trupi Koordinues p\u00ebr komunat Bujanoc, Preshev\u00eb dhe Medvegj\u00eb\" \/>\n<meta property=\"article:publisher\" content=\"https:\/\/www.facebook.com\/SluzbaKoordinacionogTelaVladeRepublikeSrbije\" \/>\n<meta property=\"article:published_time\" content=\"2021-03-22T00:00:00+00:00\" \/>\n<meta property=\"article:modified_time\" content=\"2024-07-30T18:00:51+00:00\" \/>\n<meta property=\"og:image\" content=\"https:\/\/kt.gov.rs\/wp-content\/uploads\/2024\/07\/1616405510_220321_3-5.jpg\" \/>\n\t<meta property=\"og:image:width\" content=\"315\" \/>\n\t<meta property=\"og:image:height\" content=\"230\" \/>\n\t<meta property=\"og:image:type\" content=\"image\/jpeg\" \/>\n<meta name=\"author\" content=\"ktmin\" \/>\n<meta name=\"twitter:card\" content=\"summary_large_image\" \/>\n<meta name=\"twitter:creator\" content=\"@kt_gov\" \/>\n<meta name=\"twitter:site\" content=\"@kt_gov\" \/>\n<meta name=\"twitter:label1\" content=\"Written by\" \/>\n\t<meta name=\"twitter:data1\" content=\"ktmin\" \/>\n\t<meta name=\"twitter:label2\" content=\"Est. reading time\" \/>\n\t<meta name=\"twitter:data2\" content=\"3 minutes\" \/>\n<script type=\"application\/ld+json\" class=\"yoast-schema-graph\">{\"@context\":\"https:\\\/\\\/schema.org\",\"@graph\":[{\"@type\":\"Article\",\"@id\":\"https:\\\/\\\/kt.gov.rs\\\/sq\\\/automjetet-e-reja-sanitare-per-medvegjen-bujanocin-dhe-18-institucione-tjera-shendetesore-ne-serbi\\\/#article\",\"isPartOf\":{\"@id\":\"https:\\\/\\\/kt.gov.rs\\\/sq\\\/automjetet-e-reja-sanitare-per-medvegjen-bujanocin-dhe-18-institucione-tjera-shendetesore-ne-serbi\\\/\"},\"author\":{\"name\":\"ktmin\",\"@id\":\"https:\\\/\\\/kt.gov.rs\\\/#\\\/schema\\\/person\\\/e426459ddb4173309103390602694571\"},\"headline\":\"AUTOMJETET E REJA SANITARE P\u00cbR MEDVEGJ\u00cbN, BUJANOCIN DHE 18 INSTITUCIONE TJERA SH\u00cbNDET\u00cbSORE N\u00cb SERBI\",\"datePublished\":\"2021-03-22T00:00:00+00:00\",\"dateModified\":\"2024-07-30T18:00:51+00:00\",\"mainEntityOfPage\":{\"@id\":\"https:\\\/\\\/kt.gov.rs\\\/sq\\\/automjetet-e-reja-sanitare-per-medvegjen-bujanocin-dhe-18-institucione-tjera-shendetesore-ne-serbi\\\/\"},\"wordCount\":525,\"publisher\":{\"@id\":\"https:\\\/\\\/kt.gov.rs\\\/#organization\"},\"image\":{\"@id\":\"https:\\\/\\\/kt.gov.rs\\\/sq\\\/automjetet-e-reja-sanitare-per-medvegjen-bujanocin-dhe-18-institucione-tjera-shendetesore-ne-serbi\\\/#primaryimage\"},\"thumbnailUrl\":\"https:\\\/\\\/kt.gov.rs\\\/wp-content\\\/uploads\\\/2024\\\/07\\\/1616405510_220321_3-5.jpg\",\"articleSection\":[\"Lajme\"],\"inLanguage\":\"sq-AL\"},{\"@type\":\"WebPage\",\"@id\":\"https:\\\/\\\/kt.gov.rs\\\/sq\\\/automjetet-e-reja-sanitare-per-medvegjen-bujanocin-dhe-18-institucione-tjera-shendetesore-ne-serbi\\\/\",\"url\":\"https:\\\/\\\/kt.gov.rs\\\/sq\\\/automjetet-e-reja-sanitare-per-medvegjen-bujanocin-dhe-18-institucione-tjera-shendetesore-ne-serbi\\\/\",\"name\":\"AUTOMJETET E REJA SANITARE P\u00cbR MEDVEGJ\u00cbN, BUJANOCIN DHE 18 INSTITUCIONE TJERA SH\u00cbNDET\u00cbSORE N\u00cb SERBI - Republika e S\u00ebrbis\u00eb Trupi Koordinues p\u00ebr komunat Bujanoc, Preshev\u00eb dhe Medvegj\u00eb\",\"isPartOf\":{\"@id\":\"https:\\\/\\\/kt.gov.rs\\\/#website\"},\"primaryImageOfPage\":{\"@id\":\"https:\\\/\\\/kt.gov.rs\\\/sq\\\/automjetet-e-reja-sanitare-per-medvegjen-bujanocin-dhe-18-institucione-tjera-shendetesore-ne-serbi\\\/#primaryimage\"},\"image\":{\"@id\":\"https:\\\/\\\/kt.gov.rs\\\/sq\\\/automjetet-e-reja-sanitare-per-medvegjen-bujanocin-dhe-18-institucione-tjera-shendetesore-ne-serbi\\\/#primaryimage\"},\"thumbnailUrl\":\"https:\\\/\\\/kt.gov.rs\\\/wp-content\\\/uploads\\\/2024\\\/07\\\/1616405510_220321_3-5.jpg\",\"datePublished\":\"2021-03-22T00:00:00+00:00\",\"dateModified\":\"2024-07-30T18:00:51+00:00\",\"breadcrumb\":{\"@id\":\"https:\\\/\\\/kt.gov.rs\\\/sq\\\/automjetet-e-reja-sanitare-per-medvegjen-bujanocin-dhe-18-institucione-tjera-shendetesore-ne-serbi\\\/#breadcrumb\"},\"inLanguage\":\"sq-AL\",\"potentialAction\":[{\"@type\":\"ReadAction\",\"target\":[\"https:\\\/\\\/kt.gov.rs\\\/sq\\\/automjetet-e-reja-sanitare-per-medvegjen-bujanocin-dhe-18-institucione-tjera-shendetesore-ne-serbi\\\/\"]}]},{\"@type\":\"ImageObject\",\"inLanguage\":\"sq-AL\",\"@id\":\"https:\\\/\\\/kt.gov.rs\\\/sq\\\/automjetet-e-reja-sanitare-per-medvegjen-bujanocin-dhe-18-institucione-tjera-shendetesore-ne-serbi\\\/#primaryimage\",\"url\":\"https:\\\/\\\/kt.gov.rs\\\/wp-content\\\/uploads\\\/2024\\\/07\\\/1616405510_220321_3-5.jpg\",\"contentUrl\":\"https:\\\/\\\/kt.gov.rs\\\/wp-content\\\/uploads\\\/2024\\\/07\\\/1616405510_220321_3-5.jpg\",\"width\":315,\"height\":230},{\"@type\":\"BreadcrumbList\",\"@id\":\"https:\\\/\\\/kt.gov.rs\\\/sq\\\/automjetet-e-reja-sanitare-per-medvegjen-bujanocin-dhe-18-institucione-tjera-shendetesore-ne-serbi\\\/#breadcrumb\",\"itemListElement\":[{\"@type\":\"ListItem\",\"position\":1,\"name\":\"\u041f\u043e\u0447\u0435\u0442\u043d\u0430\",\"item\":\"https:\\\/\\\/kt.gov.rs\\\/sq\\\/\"},{\"@type\":\"ListItem\",\"position\":2,\"name\":\"AUTOMJETET E REJA SANITARE P\u00cbR MEDVEGJ\u00cbN, BUJANOCIN DHE 18 INSTITUCIONE TJERA SH\u00cbNDET\u00cbSORE N\u00cb SERBI\"}]},{\"@type\":\"WebSite\",\"@id\":\"https:\\\/\\\/kt.gov.rs\\\/#website\",\"url\":\"https:\\\/\\\/kt.gov.rs\\\/\",\"name\":\"\u041a\u043e\u043e\u0440\u0434\u0438\u043d\u0430\u0446\u0438\u043e\u043d\u043e \u0442\u0435\u043b\u043e \u0412\u043b\u0430\u0434\u0435 \u0420\u0435\u043f\u0443\u0431\u043b\u0438\u043a\u0435 \u0421\u0440\u0431\u0438\u0458\u0435 \u0437\u0430 \u043e\u043f\u0448\u0442\u0438\u043d\u0435 \u041f\u0440\u0435\u0448\u0435\u0432\u043e, \u0411\u0443\u0458\u0430\u043d\u043e\u0432\u0430\u0446 \u0438 \u041c\u0435\u0434\u0432\u0435\u0452a\",\"description\":\"\",\"publisher\":{\"@id\":\"https:\\\/\\\/kt.gov.rs\\\/#organization\"},\"alternateName\":\"\u041a\u043e\u043e\u0440\u0434\u0438\u043d\u0430\u0446\u0438\u043e\u043d\u043e \u0442\u0435\u043b\u043e\",\"potentialAction\":[{\"@type\":\"SearchAction\",\"target\":{\"@type\":\"EntryPoint\",\"urlTemplate\":\"https:\\\/\\\/kt.gov.rs\\\/?s={search_term_string}\"},\"query-input\":{\"@type\":\"PropertyValueSpecification\",\"valueRequired\":true,\"valueName\":\"search_term_string\"}}],\"inLanguage\":\"sq-AL\"},{\"@type\":\"Organization\",\"@id\":\"https:\\\/\\\/kt.gov.rs\\\/#organization\",\"name\":\"\u041a\u043e\u043e\u0440\u0434\u0438\u043d\u0430\u0446\u0438\u043e\u043d\u043e \u0442\u0435\u043b\u043e \u0412\u043b\u0430\u0434\u0435 \u0420\u0435\u043f\u0443\u0431\u043b\u0438\u043a\u0435 \u0421\u0440\u0431\u0438\u0458\u0435 \u0437\u0430 \u043e\u043f\u0448\u0442\u0438\u043d\u0435 \u041f\u0440\u0435\u0448\u0435\u0432\u043e, \u0411\u0443\u0458\u0430\u043d\u043e\u0432\u0430\u0446 \u0438 \u041c\u0435\u0434\u0432\u0435\u0452a\",\"alternateName\":\"\u041a\u043e\u043e\u0440\u0434\u0438\u043d\u0430\u0446\u0438\u043e\u043d\u043e \u0442\u0435\u043b\u043e\",\"url\":\"https:\\\/\\\/kt.gov.rs\\\/\",\"logo\":{\"@type\":\"ImageObject\",\"inLanguage\":\"sq-AL\",\"@id\":\"https:\\\/\\\/kt.gov.rs\\\/#\\\/schema\\\/logo\\\/image\\\/\",\"url\":\"https:\\\/\\\/kt.gov.rs\\\/wp-content\\\/uploads\\\/2024\\\/12\\\/koord2.jpg\",\"contentUrl\":\"https:\\\/\\\/kt.gov.rs\\\/wp-content\\\/uploads\\\/2024\\\/12\\\/koord2.jpg\",\"width\":640,\"height\":480,\"caption\":\"\u041a\u043e\u043e\u0440\u0434\u0438\u043d\u0430\u0446\u0438\u043e\u043d\u043e \u0442\u0435\u043b\u043e \u0412\u043b\u0430\u0434\u0435 \u0420\u0435\u043f\u0443\u0431\u043b\u0438\u043a\u0435 \u0421\u0440\u0431\u0438\u0458\u0435 \u0437\u0430 \u043e\u043f\u0448\u0442\u0438\u043d\u0435 \u041f\u0440\u0435\u0448\u0435\u0432\u043e, \u0411\u0443\u0458\u0430\u043d\u043e\u0432\u0430\u0446 \u0438 \u041c\u0435\u0434\u0432\u0435\u0452a\"},\"image\":{\"@id\":\"https:\\\/\\\/kt.gov.rs\\\/#\\\/schema\\\/logo\\\/image\\\/\"},\"sameAs\":[\"https:\\\/\\\/www.facebook.com\\\/SluzbaKoordinacionogTelaVladeRepublikeSrbije\",\"https:\\\/\\\/x.com\\\/kt_gov\",\"https:\\\/\\\/www.youtube.com\\\/@koordinacionotelo\"]},{\"@type\":\"Person\",\"@id\":\"https:\\\/\\\/kt.gov.rs\\\/#\\\/schema\\\/person\\\/e426459ddb4173309103390602694571\",\"name\":\"ktmin\",\"image\":{\"@type\":\"ImageObject\",\"inLanguage\":\"sq-AL\",\"@id\":\"https:\\\/\\\/secure.gravatar.com\\\/avatar\\\/3985c961109853010c3fbc7ba30365bfba5db3dd6c525831d9c595c7525a615a?s=96&d=mm&r=g\",\"url\":\"https:\\\/\\\/secure.gravatar.com\\\/avatar\\\/3985c961109853010c3fbc7ba30365bfba5db3dd6c525831d9c595c7525a615a?s=96&d=mm&r=g\",\"contentUrl\":\"https:\\\/\\\/secure.gravatar.com\\\/avatar\\\/3985c961109853010c3fbc7ba30365bfba5db3dd6c525831d9c595c7525a615a?s=96&d=mm&r=g\",\"caption\":\"ktmin\"},\"sameAs\":[\"https:\\\/\\\/kt.gov.rs\"],\"url\":\"https:\\\/\\\/kt.gov.rs\\\/sq\\\/author\\\/ktmin\\\/\"}]}<\/script>\n<!-- \/ Yoast SEO plugin. -->","yoast_head_json":{"title":"AUTOMJETET E REJA SANITARE P\u00cbR MEDVEGJ\u00cbN, BUJANOCIN DHE 18 INSTITUCIONE TJERA SH\u00cbNDET\u00cbSORE N\u00cb SERBI - Republika e S\u00ebrbis\u00eb Trupi Koordinues p\u00ebr komunat Bujanoc, Preshev\u00eb dhe Medvegj\u00eb","robots":{"index":"index","follow":"follow","max-snippet":"max-snippet:-1","max-image-preview":"max-image-preview:large","max-video-preview":"max-video-preview:-1"},"canonical":"https:\/\/kt.gov.rs\/sq\/automjetet-e-reja-sanitare-per-medvegjen-bujanocin-dhe-18-institucione-tjera-shendetesore-ne-serbi\/","og_locale":"sq_AL","og_type":"article","og_title":"AUTOMJETET E REJA SANITARE P\u00cbR MEDVEGJ\u00cbN, BUJANOCIN DHE 18 INSTITUCIONE TJERA SH\u00cbNDET\u00cbSORE N\u00cb SERBI - Republika e S\u00ebrbis\u00eb Trupi Koordinues p\u00ebr komunat Bujanoc, Preshev\u00eb dhe Medvegj\u00eb","og_description":"Beograd, Medvegj\u00eb, Bujanoc -\u00a0T\u00eb premten, presidenti i Republik\u00ebs s\u00eb Serbis\u00eb, Aleksandar Vu\u00e7iq, mori pjes\u00eb n\u00eb dor\u00ebzimin e ambulancave t\u00eb prokuruara p\u00ebrmes programit t\u00eb donacioneve t\u00eb BE-s\u00eb me nd\u00ebrmjet\u00ebsimin e UNOPS...","og_url":"https:\/\/kt.gov.rs\/sq\/automjetet-e-reja-sanitare-per-medvegjen-bujanocin-dhe-18-institucione-tjera-shendetesore-ne-serbi\/","og_site_name":"Republika e S\u00ebrbis\u00eb Trupi Koordinues p\u00ebr komunat Bujanoc, Preshev\u00eb dhe Medvegj\u00eb","article_publisher":"https:\/\/www.facebook.com\/SluzbaKoordinacionogTelaVladeRepublikeSrbije","article_published_time":"2021-03-22T00:00:00+00:00","article_modified_time":"2024-07-30T18:00:51+00:00","og_image":[{"width":315,"height":230,"url":"https:\/\/kt.gov.rs\/wp-content\/uploads\/2024\/07\/1616405510_220321_3-5.jpg","type":"image\/jpeg"}],"author":"ktmin","twitter_card":"summary_large_image","twitter_creator":"@kt_gov","twitter_site":"@kt_gov","twitter_misc":{"Written by":"ktmin","Est. reading time":"3 minutes"},"schema":{"@context":"https:\/\/schema.org","@graph":[{"@type":"Article","@id":"https:\/\/kt.gov.rs\/sq\/automjetet-e-reja-sanitare-per-medvegjen-bujanocin-dhe-18-institucione-tjera-shendetesore-ne-serbi\/#article","isPartOf":{"@id":"https:\/\/kt.gov.rs\/sq\/automjetet-e-reja-sanitare-per-medvegjen-bujanocin-dhe-18-institucione-tjera-shendetesore-ne-serbi\/"},"author":{"name":"ktmin","@id":"https:\/\/kt.gov.rs\/#\/schema\/person\/e426459ddb4173309103390602694571"},"headline":"AUTOMJETET E REJA SANITARE P\u00cbR MEDVEGJ\u00cbN, BUJANOCIN DHE 18 INSTITUCIONE TJERA SH\u00cbNDET\u00cbSORE N\u00cb SERBI","datePublished":"2021-03-22T00:00:00+00:00","dateModified":"2024-07-30T18:00:51+00:00","mainEntityOfPage":{"@id":"https:\/\/kt.gov.rs\/sq\/automjetet-e-reja-sanitare-per-medvegjen-bujanocin-dhe-18-institucione-tjera-shendetesore-ne-serbi\/"},"wordCount":525,"publisher":{"@id":"https:\/\/kt.gov.rs\/#organization"},"image":{"@id":"https:\/\/kt.gov.rs\/sq\/automjetet-e-reja-sanitare-per-medvegjen-bujanocin-dhe-18-institucione-tjera-shendetesore-ne-serbi\/#primaryimage"},"thumbnailUrl":"https:\/\/kt.gov.rs\/wp-content\/uploads\/2024\/07\/1616405510_220321_3-5.jpg","articleSection":["Lajme"],"inLanguage":"sq-AL"},{"@type":"WebPage","@id":"https:\/\/kt.gov.rs\/sq\/automjetet-e-reja-sanitare-per-medvegjen-bujanocin-dhe-18-institucione-tjera-shendetesore-ne-serbi\/","url":"https:\/\/kt.gov.rs\/sq\/automjetet-e-reja-sanitare-per-medvegjen-bujanocin-dhe-18-institucione-tjera-shendetesore-ne-serbi\/","name":"AUTOMJETET E REJA SANITARE P\u00cbR MEDVEGJ\u00cbN, BUJANOCIN DHE 18 INSTITUCIONE TJERA SH\u00cbNDET\u00cbSORE N\u00cb SERBI - Republika e S\u00ebrbis\u00eb Trupi Koordinues p\u00ebr komunat Bujanoc, Preshev\u00eb dhe Medvegj\u00eb","isPartOf":{"@id":"https:\/\/kt.gov.rs\/#website"},"primaryImageOfPage":{"@id":"https:\/\/kt.gov.rs\/sq\/automjetet-e-reja-sanitare-per-medvegjen-bujanocin-dhe-18-institucione-tjera-shendetesore-ne-serbi\/#primaryimage"},"image":{"@id":"https:\/\/kt.gov.rs\/sq\/automjetet-e-reja-sanitare-per-medvegjen-bujanocin-dhe-18-institucione-tjera-shendetesore-ne-serbi\/#primaryimage"},"thumbnailUrl":"https:\/\/kt.gov.rs\/wp-content\/uploads\/2024\/07\/1616405510_220321_3-5.jpg","datePublished":"2021-03-22T00:00:00+00:00","dateModified":"2024-07-30T18:00:51+00:00","breadcrumb":{"@id":"https:\/\/kt.gov.rs\/sq\/automjetet-e-reja-sanitare-per-medvegjen-bujanocin-dhe-18-institucione-tjera-shendetesore-ne-serbi\/#breadcrumb"},"inLanguage":"sq-AL","potentialAction":[{"@type":"ReadAction","target":["https:\/\/kt.gov.rs\/sq\/automjetet-e-reja-sanitare-per-medvegjen-bujanocin-dhe-18-institucione-tjera-shendetesore-ne-serbi\/"]}]},{"@type":"ImageObject","inLanguage":"sq-AL","@id":"https:\/\/kt.gov.rs\/sq\/automjetet-e-reja-sanitare-per-medvegjen-bujanocin-dhe-18-institucione-tjera-shendetesore-ne-serbi\/#primaryimage","url":"https:\/\/kt.gov.rs\/wp-content\/uploads\/2024\/07\/1616405510_220321_3-5.jpg","contentUrl":"https:\/\/kt.gov.rs\/wp-content\/uploads\/2024\/07\/1616405510_220321_3-5.jpg","width":315,"height":230},{"@type":"BreadcrumbList","@id":"https:\/\/kt.gov.rs\/sq\/automjetet-e-reja-sanitare-per-medvegjen-bujanocin-dhe-18-institucione-tjera-shendetesore-ne-serbi\/#breadcrumb","itemListElement":[{"@type":"ListItem","position":1,"name":"\u041f\u043e\u0447\u0435\u0442\u043d\u0430","item":"https:\/\/kt.gov.rs\/sq\/"},{"@type":"ListItem","position":2,"name":"AUTOMJETET E REJA SANITARE P\u00cbR MEDVEGJ\u00cbN, BUJANOCIN DHE 18 INSTITUCIONE TJERA SH\u00cbNDET\u00cbSORE N\u00cb SERBI"}]},{"@type":"WebSite","@id":"https:\/\/kt.gov.rs\/#website","url":"https:\/\/kt.gov.rs\/","name":"\u041a\u043e\u043e\u0440\u0434\u0438\u043d\u0430\u0446\u0438\u043e\u043d\u043e \u0442\u0435\u043b\u043e \u0412\u043b\u0430\u0434\u0435 \u0420\u0435\u043f\u0443\u0431\u043b\u0438\u043a\u0435 \u0421\u0440\u0431\u0438\u0458\u0435 \u0437\u0430 \u043e\u043f\u0448\u0442\u0438\u043d\u0435 \u041f\u0440\u0435\u0448\u0435\u0432\u043e, \u0411\u0443\u0458\u0430\u043d\u043e\u0432\u0430\u0446 \u0438 \u041c\u0435\u0434\u0432\u0435\u0452a","description":"","publisher":{"@id":"https:\/\/kt.gov.rs\/#organization"},"alternateName":"\u041a\u043e\u043e\u0440\u0434\u0438\u043d\u0430\u0446\u0438\u043e\u043d\u043e \u0442\u0435\u043b\u043e","potentialAction":[{"@type":"SearchAction","target":{"@type":"EntryPoint","urlTemplate":"https:\/\/kt.gov.rs\/?s={search_term_string}"},"query-input":{"@type":"PropertyValueSpecification","valueRequired":true,"valueName":"search_term_string"}}],"inLanguage":"sq-AL"},{"@type":"Organization","@id":"https:\/\/kt.gov.rs\/#organization","name":"\u041a\u043e\u043e\u0440\u0434\u0438\u043d\u0430\u0446\u0438\u043e\u043d\u043e \u0442\u0435\u043b\u043e \u0412\u043b\u0430\u0434\u0435 \u0420\u0435\u043f\u0443\u0431\u043b\u0438\u043a\u0435 \u0421\u0440\u0431\u0438\u0458\u0435 \u0437\u0430 \u043e\u043f\u0448\u0442\u0438\u043d\u0435 \u041f\u0440\u0435\u0448\u0435\u0432\u043e, \u0411\u0443\u0458\u0430\u043d\u043e\u0432\u0430\u0446 \u0438 \u041c\u0435\u0434\u0432\u0435\u0452a","alternateName":"\u041a\u043e\u043e\u0440\u0434\u0438\u043d\u0430\u0446\u0438\u043e\u043d\u043e \u0442\u0435\u043b\u043e","url":"https:\/\/kt.gov.rs\/","logo":{"@type":"ImageObject","inLanguage":"sq-AL","@id":"https:\/\/kt.gov.rs\/#\/schema\/logo\/image\/","url":"https:\/\/kt.gov.rs\/wp-content\/uploads\/2024\/12\/koord2.jpg","contentUrl":"https:\/\/kt.gov.rs\/wp-content\/uploads\/2024\/12\/koord2.jpg","width":640,"height":480,"caption":"\u041a\u043e\u043e\u0440\u0434\u0438\u043d\u0430\u0446\u0438\u043e\u043d\u043e \u0442\u0435\u043b\u043e \u0412\u043b\u0430\u0434\u0435 \u0420\u0435\u043f\u0443\u0431\u043b\u0438\u043a\u0435 \u0421\u0440\u0431\u0438\u0458\u0435 \u0437\u0430 \u043e\u043f\u0448\u0442\u0438\u043d\u0435 \u041f\u0440\u0435\u0448\u0435\u0432\u043e, \u0411\u0443\u0458\u0430\u043d\u043e\u0432\u0430\u0446 \u0438 \u041c\u0435\u0434\u0432\u0435\u0452a"},"image":{"@id":"https:\/\/kt.gov.rs\/#\/schema\/logo\/image\/"},"sameAs":["https:\/\/www.facebook.com\/SluzbaKoordinacionogTelaVladeRepublikeSrbije","https:\/\/x.com\/kt_gov","https:\/\/www.youtube.com\/@koordinacionotelo"]},{"@type":"Person","@id":"https:\/\/kt.gov.rs\/#\/schema\/person\/e426459ddb4173309103390602694571","name":"ktmin","image":{"@type":"ImageObject","inLanguage":"sq-AL","@id":"https:\/\/secure.gravatar.com\/avatar\/3985c961109853010c3fbc7ba30365bfba5db3dd6c525831d9c595c7525a615a?s=96&d=mm&r=g","url":"https:\/\/secure.gravatar.com\/avatar\/3985c961109853010c3fbc7ba30365bfba5db3dd6c525831d9c595c7525a615a?s=96&d=mm&r=g","contentUrl":"https:\/\/secure.gravatar.com\/avatar\/3985c961109853010c3fbc7ba30365bfba5db3dd6c525831d9c595c7525a615a?s=96&d=mm&r=g","caption":"ktmin"},"sameAs":["https:\/\/kt.gov.rs"],"url":"https:\/\/kt.gov.rs\/sq\/author\/ktmin\/"}]}},"_links":{"self":[{"href":"https:\/\/kt.gov.rs\/sq\/wp-json\/wp\/v2\/posts\/110084","targetHints":{"allow":["GET"]}}],"collection":[{"href":"https:\/\/kt.gov.rs\/sq\/wp-json\/wp\/v2\/posts"}],"about":[{"href":"https:\/\/kt.gov.rs\/sq\/wp-json\/wp\/v2\/types\/post"}],"author":[{"embeddable":true,"href":"https:\/\/kt.gov.rs\/sq\/wp-json\/wp\/v2\/users\/1"}],"replies":[{"embeddable":true,"href":"https:\/\/kt.gov.rs\/sq\/wp-json\/wp\/v2\/comments?post=110084"}],"version-history":[{"count":1,"href":"https:\/\/kt.gov.rs\/sq\/wp-json\/wp\/v2\/posts\/110084\/revisions"}],"predecessor-version":[{"id":110088,"href":"https:\/\/kt.gov.rs\/sq\/wp-json\/wp\/v2\/posts\/110084\/revisions\/110088"}],"wp:featuredmedia":[{"embeddable":true,"href":"https:\/\/kt.gov.rs\/sq\/wp-json\/wp\/v2\/media\/110089"}],"wp:attachment":[{"href":"https:\/\/kt.gov.rs\/sq\/wp-json\/wp\/v2\/media?parent=110084"}],"wp:term":[{"taxonomy":"category","embeddable":true,"href":"https:\/\/kt.gov.rs\/sq\/wp-json\/wp\/v2\/categories?post=110084"},{"taxonomy":"post_tag","embeddable":true,"href":"https:\/\/kt.gov.rs\/sq\/wp-json\/wp\/v2\/tags?post=110084"}],"curies":[{"name":"wp","href":"https:\/\/api.w.org\/{rel}","templated":true}]}}