{"id":110060,"date":"2021-03-23T00:00:00","date_gmt":"2021-03-23T00:00:00","guid":{"rendered":"http:\/\/kt.printandscreen.rs\/objektet-e-hotelierise-mbeten-te-mbyllura-dyqanet-e-ushqimit-institucionet-kulturore-palestrat-sallonet-mund-te-punojne\/"},"modified":"2024-07-30T18:00:49","modified_gmt":"2024-07-30T18:00:49","slug":"objektet-e-hotelierise-mbeten-te-mbyllura-dyqanet-e-ushqimit-institucionet-kulturore-palestrat-sallonet-mund-te-punojne","status":"publish","type":"post","link":"https:\/\/kt.gov.rs\/sq\/objektet-e-hotelierise-mbeten-te-mbyllura-dyqanet-e-ushqimit-institucionet-kulturore-palestrat-sallonet-mund-te-punojne\/","title":{"rendered":"OBJEKTET E HOTELIERIS\u00cb MBETEN T\u00cb MBYLLURA, DYQANET E USHQIMIT, INSTITUCIONET KULTURORE, PALESTRAT, SALLONET MUND T\u00cb PUNOJN\u00cb"},"content":{"rendered":"<p>\n\t<img decoding=\"async\" alt=\"\" src=\"https:\/\/kt.gov.rs\/wp-content\/uploads\/2024\/07\/1616489958_230321_2-4.jpg\" style=\"width: 315px; height: 230px; float: left;\" \/>Shtabi i Krizave propozoi dhe Qeveria e Republik\u00ebs s\u00eb Serbis\u00eb miratoi, masa t\u00eb reja p\u00ebr t\u00eb shtypur epidemin\u00eb, t\u00eb cilat jan\u00eb t\u00eb vlefshme nga 22 mars. Objektet e hotelieris\u00eb mbeten t\u00eb mbyllura \u2013 kafenet\u00eb, restorantet, baret si dhe qendrat tregtare.<\/p>\n<p>\n\tT\u00eb gjitha objektet e shitjes s\u00eb ushqimit dhe institucionet kulturore, t\u00eb tilla si kinema, teatro, galeri dhe biblioteka, mund t\u00eb jen\u00eb t\u00eb hapura deri n\u00eb or\u00ebn 21, dhe t\u00eb gjitha objektet e tjera deri n\u00eb or\u00ebn 20 me kushtet e m\u00ebposhtme:<\/p>\n<p>\n\tT\u00eb gjitha objektet e hapura duhet t\u00eb sigurojn\u00eb pajtueshm\u00ebri me nj\u00eb mas\u00eb prej t\u00eb pakt\u00ebn n\u00ebnt\u00eb metra katror\u00eb p\u00ebr person ose vizitor. P\u00ebrjashtim b\u00ebjn\u00eb klubet e fitnesit t\u00eb cilat duhet t\u00eb sigurojn\u00eb gjasht\u00ebmb\u00ebdhjet\u00eb metra katror\u00eb p\u00ebr person. Kjo do t\u00eb thot\u00eb q\u00eb n\u00ebse nj\u00eb dyqan ose\u00a0 p\u00ebr shembull, nj\u00eb sallon flok\u00ebsh ka 90 metra katror\u00eb, maksimumi 10 persona mund t\u00eb q\u00ebndrojn\u00eb brenda atij objekti. I nj\u00ebjti rregull vlen p\u00ebr klubet e fitnesit \u2013 jo m\u00eb shum\u00eb se 10 persona mund t\u00eb q\u00ebndrojn\u00eb n\u00eb nj\u00eb qend\u00ebr fitnesi 160 metra katror\u00eb. Numri i njer\u00ebzve t\u00eb pranish\u00ebm n\u00eb objektin p\u00ebrfshin t\u00eb pun\u00ebsuar.<\/p>\n<p>\n\tQeveria e Republik\u00ebs s\u00eb Serbis\u00eb p\u00ebrmend se mbik\u00ebqyrja inspektuese e mas\u00ebs s\u00eb respektimit t\u00eb hap\u00ebsir\u00ebs s\u00eb lejuar p\u00ebr person do t\u00eb intensifikohet.<\/p>\n<p>\n\t\u0423\u0433\u043e\u0441\u0442\u0438\u0442\u0435\u0459\u0441\u043a\u0438\u043c \u043e\u0431\u0458\u0435\u043a\u0442\u0438\u043c\u0430 \u0458\u0435 \u0434\u043e\u0437\u0432\u043e\u0459\u0435\u043d\u0430 \u0448\u0430\u043b\u0442\u0435\u0440\u0441\u043a\u0430 \u043f\u0440\u043e\u0434\u0430\u0458\u0430 \u0445\u0440\u0430\u043d\u0435 \u0438 \u043f\u0438\u045b\u0430, \u0434\u043e\u043a \u0434\u043e\u0441\u0442\u0430\u0432\u0430 \u043c\u043e\u0436\u0435 \u0434\u0430 \u0441\u0435 \u0432\u0440\u0448\u0438 \u0442\u043e\u043a\u043e\u043c \u0447\u0438\u0442\u0430\u0432\u043e\u0433 \u0434\u0430\u043d\u0430. \u0425\u043e\u0442\u0435\u043b\u0441\u043a\u0438 \u0440\u0435\u0441\u0442\u043e\u0440\u0430\u043d\u0438 \u0438 \u043a\u0430\u0444\u0435\u0438 \u043c\u043e\u0433\u0443 \u0434\u043e 21 \u0447\u0430\u0441 \u0434\u0430 \u0443\u0441\u043b\u0443\u0436\u0443\u0458\u0443 \u0441\u0430\u043c\u043e \u0433\u043e\u0441\u0442\u0435 \u0445\u043e\u0442\u0435\u043b\u0430 \u0441\u0430 \u043f\u0440\u0438\u0458\u0430\u0432\u0459\u0435\u043d\u0438\u043c \u0431\u043e\u0440\u0430\u0432\u043a\u043e\u043c.<\/p>\n<p>\n\tObjektet e hotelieris\u00eb lejohen t\u00eb shesin ushqime dhe pije p\u00ebr tu marr\u00eb, nd\u00ebrsa shp\u00ebrndarja mund t\u00eb b\u00ebhet gjat\u00eb gjith\u00eb dit\u00ebs.Restorantet dhe kafenet\u00eb e hotelit mund t&#39;u sh\u00ebrbejn\u00eb mysafir\u00ebve t\u00eb hotelit vet\u00ebm me nj\u00eb q\u00ebndrim t\u00eb regjistruar deri n\u00eb or\u00ebn 21:00.<\/p>\n<p>\n\tQeveria e Republik\u00ebs s\u00eb Serbis\u00eb edhe nj\u00eb her\u00eb b\u00ebri thirrje p\u00ebr respektimin e t\u00eb gjitha masave epidemiologjike dhe b\u00ebri thirrje p\u00ebr p\u00ebrgjegj\u00ebsin\u00eb personale t\u00eb t\u00eb gjith\u00eb qytetar\u00ebve. T\u00eb gjitha masat jan\u00eb futur p\u00ebr t\u00eb mbrojtur sh\u00ebndetin e popullat\u00ebs dhe p\u00ebr t\u00eb minimizuar kontaktet sociale.<\/p>\n<p>\n\t<strong>Burimi:Srbia danas dhe Trupi Koordinues<\/strong><\/p>\n<p>\n\t\u00a0<\/p>\n","protected":false},"excerpt":{"rendered":"<p>Shtabi i Krizave propozoi dhe Qeveria e Republik\u00ebs s\u00eb Serbis\u00eb miratoi, masa t\u00eb reja p\u00ebr t\u00eb shtypur epidemin\u00eb, t\u00eb cilat jan\u00eb t\u00eb vlefshme nga 22 mars. Objektet e hotelieris\u00eb mbeten t\u00eb mbyllura \u2013 kafenet\u00eb, restorantet, baret si dhe qendrat tregtare.<\/p>\n","protected":false},"author":1,"featured_media":110065,"comment_status":"closed","ping_status":"closed","sticky":false,"template":"","format":"standard","meta":{"footnotes":""},"categories":[55],"tags":[],"class_list":["post-110060","post","type-post","status-publish","format-standard","has-post-thumbnail","hentry","category-lajme"],"yoast_head":"<!-- This site is optimized with the Yoast SEO plugin v27.5 - https:\/\/yoast.com\/product\/yoast-seo-wordpress\/ -->\n<title>OBJEKTET E HOTELIERIS\u00cb MBETEN T\u00cb MBYLLURA, DYQANET E USHQIMIT, INSTITUCIONET KULTURORE, PALESTRAT, SALLONET MUND T\u00cb PUNOJN\u00cb - Republika e S\u00ebrbis\u00eb Trupi Koordinues p\u00ebr komunat Bujanoc, Preshev\u00eb dhe Medvegj\u00eb<\/title>\n<meta name=\"robots\" content=\"index, follow, max-snippet:-1, max-image-preview:large, max-video-preview:-1\" \/>\n<link rel=\"canonical\" href=\"https:\/\/kt.gov.rs\/sq\/objektet-e-hotelierise-mbeten-te-mbyllura-dyqanet-e-ushqimit-institucionet-kulturore-palestrat-sallonet-mund-te-punojne\/\" \/>\n<meta property=\"og:locale\" content=\"sq_AL\" \/>\n<meta property=\"og:type\" content=\"article\" \/>\n<meta property=\"og:title\" content=\"OBJEKTET E HOTELIERIS\u00cb MBETEN T\u00cb MBYLLURA, DYQANET E USHQIMIT, INSTITUCIONET KULTURORE, PALESTRAT, SALLONET MUND T\u00cb PUNOJN\u00cb - Republika e S\u00ebrbis\u00eb Trupi Koordinues p\u00ebr komunat Bujanoc, Preshev\u00eb dhe Medvegj\u00eb\" \/>\n<meta property=\"og:description\" content=\"Shtabi i Krizave propozoi dhe Qeveria e Republik\u00ebs s\u00eb Serbis\u00eb miratoi, masa t\u00eb reja p\u00ebr t\u00eb shtypur epidemin\u00eb, t\u00eb cilat jan\u00eb t\u00eb vlefshme nga 22 mars. Objektet e hotelieris\u00eb mbeten t\u00eb mbyllura - kafenet\u00eb, restorantet, baret si dhe qendrat tregtare.\" \/>\n<meta property=\"og:url\" content=\"https:\/\/kt.gov.rs\/sq\/objektet-e-hotelierise-mbeten-te-mbyllura-dyqanet-e-ushqimit-institucionet-kulturore-palestrat-sallonet-mund-te-punojne\/\" \/>\n<meta property=\"og:site_name\" content=\"Republika e S\u00ebrbis\u00eb Trupi Koordinues p\u00ebr komunat Bujanoc, Preshev\u00eb dhe Medvegj\u00eb\" \/>\n<meta property=\"article:publisher\" content=\"https:\/\/www.facebook.com\/SluzbaKoordinacionogTelaVladeRepublikeSrbije\" \/>\n<meta property=\"article:published_time\" content=\"2021-03-23T00:00:00+00:00\" \/>\n<meta property=\"article:modified_time\" content=\"2024-07-30T18:00:49+00:00\" \/>\n<meta property=\"og:image\" content=\"https:\/\/kt.gov.rs\/wp-content\/uploads\/2024\/07\/1616489958_230321_2-5.jpg\" \/>\n\t<meta property=\"og:image:width\" content=\"315\" \/>\n\t<meta property=\"og:image:height\" content=\"230\" \/>\n\t<meta property=\"og:image:type\" content=\"image\/jpeg\" \/>\n<meta name=\"author\" content=\"ktmin\" \/>\n<meta name=\"twitter:card\" content=\"summary_large_image\" \/>\n<meta name=\"twitter:creator\" content=\"@kt_gov\" \/>\n<meta name=\"twitter:site\" content=\"@kt_gov\" \/>\n<meta name=\"twitter:label1\" content=\"Written by\" \/>\n\t<meta name=\"twitter:data1\" content=\"ktmin\" \/>\n\t<meta name=\"twitter:label2\" content=\"Est. reading time\" \/>\n\t<meta name=\"twitter:data2\" content=\"2 minutes\" \/>\n<script type=\"application\/ld+json\" class=\"yoast-schema-graph\">{\"@context\":\"https:\\\/\\\/schema.org\",\"@graph\":[{\"@type\":\"Article\",\"@id\":\"https:\\\/\\\/kt.gov.rs\\\/sq\\\/objektet-e-hotelierise-mbeten-te-mbyllura-dyqanet-e-ushqimit-institucionet-kulturore-palestrat-sallonet-mund-te-punojne\\\/#article\",\"isPartOf\":{\"@id\":\"https:\\\/\\\/kt.gov.rs\\\/sq\\\/objektet-e-hotelierise-mbeten-te-mbyllura-dyqanet-e-ushqimit-institucionet-kulturore-palestrat-sallonet-mund-te-punojne\\\/\"},\"author\":{\"name\":\"ktmin\",\"@id\":\"https:\\\/\\\/kt.gov.rs\\\/#\\\/schema\\\/person\\\/e426459ddb4173309103390602694571\"},\"headline\":\"OBJEKTET E HOTELIERIS\u00cb MBETEN T\u00cb MBYLLURA, DYQANET E USHQIMIT, INSTITUCIONET KULTURORE, PALESTRAT, SALLONET MUND T\u00cb PUNOJN\u00cb\",\"datePublished\":\"2021-03-23T00:00:00+00:00\",\"dateModified\":\"2024-07-30T18:00:49+00:00\",\"mainEntityOfPage\":{\"@id\":\"https:\\\/\\\/kt.gov.rs\\\/sq\\\/objektet-e-hotelierise-mbeten-te-mbyllura-dyqanet-e-ushqimit-institucionet-kulturore-palestrat-sallonet-mund-te-punojne\\\/\"},\"wordCount\":530,\"publisher\":{\"@id\":\"https:\\\/\\\/kt.gov.rs\\\/#organization\"},\"image\":{\"@id\":\"https:\\\/\\\/kt.gov.rs\\\/sq\\\/objektet-e-hotelierise-mbeten-te-mbyllura-dyqanet-e-ushqimit-institucionet-kulturore-palestrat-sallonet-mund-te-punojne\\\/#primaryimage\"},\"thumbnailUrl\":\"https:\\\/\\\/kt.gov.rs\\\/wp-content\\\/uploads\\\/2024\\\/07\\\/1616489958_230321_2-5.jpg\",\"articleSection\":[\"Lajme\"],\"inLanguage\":\"sq-AL\"},{\"@type\":\"WebPage\",\"@id\":\"https:\\\/\\\/kt.gov.rs\\\/sq\\\/objektet-e-hotelierise-mbeten-te-mbyllura-dyqanet-e-ushqimit-institucionet-kulturore-palestrat-sallonet-mund-te-punojne\\\/\",\"url\":\"https:\\\/\\\/kt.gov.rs\\\/sq\\\/objektet-e-hotelierise-mbeten-te-mbyllura-dyqanet-e-ushqimit-institucionet-kulturore-palestrat-sallonet-mund-te-punojne\\\/\",\"name\":\"OBJEKTET E HOTELIERIS\u00cb MBETEN T\u00cb MBYLLURA, DYQANET E USHQIMIT, INSTITUCIONET KULTURORE, PALESTRAT, SALLONET MUND T\u00cb PUNOJN\u00cb - Republika e S\u00ebrbis\u00eb Trupi Koordinues p\u00ebr komunat Bujanoc, Preshev\u00eb dhe Medvegj\u00eb\",\"isPartOf\":{\"@id\":\"https:\\\/\\\/kt.gov.rs\\\/#website\"},\"primaryImageOfPage\":{\"@id\":\"https:\\\/\\\/kt.gov.rs\\\/sq\\\/objektet-e-hotelierise-mbeten-te-mbyllura-dyqanet-e-ushqimit-institucionet-kulturore-palestrat-sallonet-mund-te-punojne\\\/#primaryimage\"},\"image\":{\"@id\":\"https:\\\/\\\/kt.gov.rs\\\/sq\\\/objektet-e-hotelierise-mbeten-te-mbyllura-dyqanet-e-ushqimit-institucionet-kulturore-palestrat-sallonet-mund-te-punojne\\\/#primaryimage\"},\"thumbnailUrl\":\"https:\\\/\\\/kt.gov.rs\\\/wp-content\\\/uploads\\\/2024\\\/07\\\/1616489958_230321_2-5.jpg\",\"datePublished\":\"2021-03-23T00:00:00+00:00\",\"dateModified\":\"2024-07-30T18:00:49+00:00\",\"breadcrumb\":{\"@id\":\"https:\\\/\\\/kt.gov.rs\\\/sq\\\/objektet-e-hotelierise-mbeten-te-mbyllura-dyqanet-e-ushqimit-institucionet-kulturore-palestrat-sallonet-mund-te-punojne\\\/#breadcrumb\"},\"inLanguage\":\"sq-AL\",\"potentialAction\":[{\"@type\":\"ReadAction\",\"target\":[\"https:\\\/\\\/kt.gov.rs\\\/sq\\\/objektet-e-hotelierise-mbeten-te-mbyllura-dyqanet-e-ushqimit-institucionet-kulturore-palestrat-sallonet-mund-te-punojne\\\/\"]}]},{\"@type\":\"ImageObject\",\"inLanguage\":\"sq-AL\",\"@id\":\"https:\\\/\\\/kt.gov.rs\\\/sq\\\/objektet-e-hotelierise-mbeten-te-mbyllura-dyqanet-e-ushqimit-institucionet-kulturore-palestrat-sallonet-mund-te-punojne\\\/#primaryimage\",\"url\":\"https:\\\/\\\/kt.gov.rs\\\/wp-content\\\/uploads\\\/2024\\\/07\\\/1616489958_230321_2-5.jpg\",\"contentUrl\":\"https:\\\/\\\/kt.gov.rs\\\/wp-content\\\/uploads\\\/2024\\\/07\\\/1616489958_230321_2-5.jpg\",\"width\":315,\"height\":230},{\"@type\":\"BreadcrumbList\",\"@id\":\"https:\\\/\\\/kt.gov.rs\\\/sq\\\/objektet-e-hotelierise-mbeten-te-mbyllura-dyqanet-e-ushqimit-institucionet-kulturore-palestrat-sallonet-mund-te-punojne\\\/#breadcrumb\",\"itemListElement\":[{\"@type\":\"ListItem\",\"position\":1,\"name\":\"\u041f\u043e\u0447\u0435\u0442\u043d\u0430\",\"item\":\"https:\\\/\\\/kt.gov.rs\\\/sq\\\/\"},{\"@type\":\"ListItem\",\"position\":2,\"name\":\"OBJEKTET E HOTELIERIS\u00cb MBETEN T\u00cb MBYLLURA, DYQANET E USHQIMIT, INSTITUCIONET KULTURORE, PALESTRAT, SALLONET MUND T\u00cb PUNOJN\u00cb\"}]},{\"@type\":\"WebSite\",\"@id\":\"https:\\\/\\\/kt.gov.rs\\\/#website\",\"url\":\"https:\\\/\\\/kt.gov.rs\\\/\",\"name\":\"\u041a\u043e\u043e\u0440\u0434\u0438\u043d\u0430\u0446\u0438\u043e\u043d\u043e \u0442\u0435\u043b\u043e \u0412\u043b\u0430\u0434\u0435 \u0420\u0435\u043f\u0443\u0431\u043b\u0438\u043a\u0435 \u0421\u0440\u0431\u0438\u0458\u0435 \u0437\u0430 \u043e\u043f\u0448\u0442\u0438\u043d\u0435 \u041f\u0440\u0435\u0448\u0435\u0432\u043e, \u0411\u0443\u0458\u0430\u043d\u043e\u0432\u0430\u0446 \u0438 \u041c\u0435\u0434\u0432\u0435\u0452a\",\"description\":\"\",\"publisher\":{\"@id\":\"https:\\\/\\\/kt.gov.rs\\\/#organization\"},\"alternateName\":\"\u041a\u043e\u043e\u0440\u0434\u0438\u043d\u0430\u0446\u0438\u043e\u043d\u043e \u0442\u0435\u043b\u043e\",\"potentialAction\":[{\"@type\":\"SearchAction\",\"target\":{\"@type\":\"EntryPoint\",\"urlTemplate\":\"https:\\\/\\\/kt.gov.rs\\\/?s={search_term_string}\"},\"query-input\":{\"@type\":\"PropertyValueSpecification\",\"valueRequired\":true,\"valueName\":\"search_term_string\"}}],\"inLanguage\":\"sq-AL\"},{\"@type\":\"Organization\",\"@id\":\"https:\\\/\\\/kt.gov.rs\\\/#organization\",\"name\":\"\u041a\u043e\u043e\u0440\u0434\u0438\u043d\u0430\u0446\u0438\u043e\u043d\u043e \u0442\u0435\u043b\u043e \u0412\u043b\u0430\u0434\u0435 \u0420\u0435\u043f\u0443\u0431\u043b\u0438\u043a\u0435 \u0421\u0440\u0431\u0438\u0458\u0435 \u0437\u0430 \u043e\u043f\u0448\u0442\u0438\u043d\u0435 \u041f\u0440\u0435\u0448\u0435\u0432\u043e, \u0411\u0443\u0458\u0430\u043d\u043e\u0432\u0430\u0446 \u0438 \u041c\u0435\u0434\u0432\u0435\u0452a\",\"alternateName\":\"\u041a\u043e\u043e\u0440\u0434\u0438\u043d\u0430\u0446\u0438\u043e\u043d\u043e \u0442\u0435\u043b\u043e\",\"url\":\"https:\\\/\\\/kt.gov.rs\\\/\",\"logo\":{\"@type\":\"ImageObject\",\"inLanguage\":\"sq-AL\",\"@id\":\"https:\\\/\\\/kt.gov.rs\\\/#\\\/schema\\\/logo\\\/image\\\/\",\"url\":\"https:\\\/\\\/kt.gov.rs\\\/wp-content\\\/uploads\\\/2024\\\/12\\\/koord2.jpg\",\"contentUrl\":\"https:\\\/\\\/kt.gov.rs\\\/wp-content\\\/uploads\\\/2024\\\/12\\\/koord2.jpg\",\"width\":640,\"height\":480,\"caption\":\"\u041a\u043e\u043e\u0440\u0434\u0438\u043d\u0430\u0446\u0438\u043e\u043d\u043e \u0442\u0435\u043b\u043e \u0412\u043b\u0430\u0434\u0435 \u0420\u0435\u043f\u0443\u0431\u043b\u0438\u043a\u0435 \u0421\u0440\u0431\u0438\u0458\u0435 \u0437\u0430 \u043e\u043f\u0448\u0442\u0438\u043d\u0435 \u041f\u0440\u0435\u0448\u0435\u0432\u043e, \u0411\u0443\u0458\u0430\u043d\u043e\u0432\u0430\u0446 \u0438 \u041c\u0435\u0434\u0432\u0435\u0452a\"},\"image\":{\"@id\":\"https:\\\/\\\/kt.gov.rs\\\/#\\\/schema\\\/logo\\\/image\\\/\"},\"sameAs\":[\"https:\\\/\\\/www.facebook.com\\\/SluzbaKoordinacionogTelaVladeRepublikeSrbije\",\"https:\\\/\\\/x.com\\\/kt_gov\",\"https:\\\/\\\/www.youtube.com\\\/@koordinacionotelo\"]},{\"@type\":\"Person\",\"@id\":\"https:\\\/\\\/kt.gov.rs\\\/#\\\/schema\\\/person\\\/e426459ddb4173309103390602694571\",\"name\":\"ktmin\",\"image\":{\"@type\":\"ImageObject\",\"inLanguage\":\"sq-AL\",\"@id\":\"https:\\\/\\\/secure.gravatar.com\\\/avatar\\\/3985c961109853010c3fbc7ba30365bfba5db3dd6c525831d9c595c7525a615a?s=96&d=mm&r=g\",\"url\":\"https:\\\/\\\/secure.gravatar.com\\\/avatar\\\/3985c961109853010c3fbc7ba30365bfba5db3dd6c525831d9c595c7525a615a?s=96&d=mm&r=g\",\"contentUrl\":\"https:\\\/\\\/secure.gravatar.com\\\/avatar\\\/3985c961109853010c3fbc7ba30365bfba5db3dd6c525831d9c595c7525a615a?s=96&d=mm&r=g\",\"caption\":\"ktmin\"},\"sameAs\":[\"https:\\\/\\\/kt.gov.rs\"],\"url\":\"https:\\\/\\\/kt.gov.rs\\\/sq\\\/author\\\/ktmin\\\/\"}]}<\/script>\n<!-- \/ Yoast SEO plugin. -->","yoast_head_json":{"title":"OBJEKTET E HOTELIERIS\u00cb MBETEN T\u00cb MBYLLURA, DYQANET E USHQIMIT, INSTITUCIONET KULTURORE, PALESTRAT, SALLONET MUND T\u00cb PUNOJN\u00cb - Republika e S\u00ebrbis\u00eb Trupi Koordinues p\u00ebr komunat Bujanoc, Preshev\u00eb dhe Medvegj\u00eb","robots":{"index":"index","follow":"follow","max-snippet":"max-snippet:-1","max-image-preview":"max-image-preview:large","max-video-preview":"max-video-preview:-1"},"canonical":"https:\/\/kt.gov.rs\/sq\/objektet-e-hotelierise-mbeten-te-mbyllura-dyqanet-e-ushqimit-institucionet-kulturore-palestrat-sallonet-mund-te-punojne\/","og_locale":"sq_AL","og_type":"article","og_title":"OBJEKTET E HOTELIERIS\u00cb MBETEN T\u00cb MBYLLURA, DYQANET E USHQIMIT, INSTITUCIONET KULTURORE, PALESTRAT, SALLONET MUND T\u00cb PUNOJN\u00cb - Republika e S\u00ebrbis\u00eb Trupi Koordinues p\u00ebr komunat Bujanoc, Preshev\u00eb dhe Medvegj\u00eb","og_description":"Shtabi i Krizave propozoi dhe Qeveria e Republik\u00ebs s\u00eb Serbis\u00eb miratoi, masa t\u00eb reja p\u00ebr t\u00eb shtypur epidemin\u00eb, t\u00eb cilat jan\u00eb t\u00eb vlefshme nga 22 mars. Objektet e hotelieris\u00eb mbeten t\u00eb mbyllura - kafenet\u00eb, restorantet, baret si dhe qendrat tregtare.","og_url":"https:\/\/kt.gov.rs\/sq\/objektet-e-hotelierise-mbeten-te-mbyllura-dyqanet-e-ushqimit-institucionet-kulturore-palestrat-sallonet-mund-te-punojne\/","og_site_name":"Republika e S\u00ebrbis\u00eb Trupi Koordinues p\u00ebr komunat Bujanoc, Preshev\u00eb dhe Medvegj\u00eb","article_publisher":"https:\/\/www.facebook.com\/SluzbaKoordinacionogTelaVladeRepublikeSrbije","article_published_time":"2021-03-23T00:00:00+00:00","article_modified_time":"2024-07-30T18:00:49+00:00","og_image":[{"width":315,"height":230,"url":"https:\/\/kt.gov.rs\/wp-content\/uploads\/2024\/07\/1616489958_230321_2-5.jpg","type":"image\/jpeg"}],"author":"ktmin","twitter_card":"summary_large_image","twitter_creator":"@kt_gov","twitter_site":"@kt_gov","twitter_misc":{"Written by":"ktmin","Est. reading time":"2 minutes"},"schema":{"@context":"https:\/\/schema.org","@graph":[{"@type":"Article","@id":"https:\/\/kt.gov.rs\/sq\/objektet-e-hotelierise-mbeten-te-mbyllura-dyqanet-e-ushqimit-institucionet-kulturore-palestrat-sallonet-mund-te-punojne\/#article","isPartOf":{"@id":"https:\/\/kt.gov.rs\/sq\/objektet-e-hotelierise-mbeten-te-mbyllura-dyqanet-e-ushqimit-institucionet-kulturore-palestrat-sallonet-mund-te-punojne\/"},"author":{"name":"ktmin","@id":"https:\/\/kt.gov.rs\/#\/schema\/person\/e426459ddb4173309103390602694571"},"headline":"OBJEKTET E HOTELIERIS\u00cb MBETEN T\u00cb MBYLLURA, DYQANET E USHQIMIT, INSTITUCIONET KULTURORE, PALESTRAT, SALLONET MUND T\u00cb PUNOJN\u00cb","datePublished":"2021-03-23T00:00:00+00:00","dateModified":"2024-07-30T18:00:49+00:00","mainEntityOfPage":{"@id":"https:\/\/kt.gov.rs\/sq\/objektet-e-hotelierise-mbeten-te-mbyllura-dyqanet-e-ushqimit-institucionet-kulturore-palestrat-sallonet-mund-te-punojne\/"},"wordCount":530,"publisher":{"@id":"https:\/\/kt.gov.rs\/#organization"},"image":{"@id":"https:\/\/kt.gov.rs\/sq\/objektet-e-hotelierise-mbeten-te-mbyllura-dyqanet-e-ushqimit-institucionet-kulturore-palestrat-sallonet-mund-te-punojne\/#primaryimage"},"thumbnailUrl":"https:\/\/kt.gov.rs\/wp-content\/uploads\/2024\/07\/1616489958_230321_2-5.jpg","articleSection":["Lajme"],"inLanguage":"sq-AL"},{"@type":"WebPage","@id":"https:\/\/kt.gov.rs\/sq\/objektet-e-hotelierise-mbeten-te-mbyllura-dyqanet-e-ushqimit-institucionet-kulturore-palestrat-sallonet-mund-te-punojne\/","url":"https:\/\/kt.gov.rs\/sq\/objektet-e-hotelierise-mbeten-te-mbyllura-dyqanet-e-ushqimit-institucionet-kulturore-palestrat-sallonet-mund-te-punojne\/","name":"OBJEKTET E HOTELIERIS\u00cb MBETEN T\u00cb MBYLLURA, DYQANET E USHQIMIT, INSTITUCIONET KULTURORE, PALESTRAT, SALLONET MUND T\u00cb PUNOJN\u00cb - Republika e S\u00ebrbis\u00eb Trupi Koordinues p\u00ebr komunat Bujanoc, Preshev\u00eb dhe Medvegj\u00eb","isPartOf":{"@id":"https:\/\/kt.gov.rs\/#website"},"primaryImageOfPage":{"@id":"https:\/\/kt.gov.rs\/sq\/objektet-e-hotelierise-mbeten-te-mbyllura-dyqanet-e-ushqimit-institucionet-kulturore-palestrat-sallonet-mund-te-punojne\/#primaryimage"},"image":{"@id":"https:\/\/kt.gov.rs\/sq\/objektet-e-hotelierise-mbeten-te-mbyllura-dyqanet-e-ushqimit-institucionet-kulturore-palestrat-sallonet-mund-te-punojne\/#primaryimage"},"thumbnailUrl":"https:\/\/kt.gov.rs\/wp-content\/uploads\/2024\/07\/1616489958_230321_2-5.jpg","datePublished":"2021-03-23T00:00:00+00:00","dateModified":"2024-07-30T18:00:49+00:00","breadcrumb":{"@id":"https:\/\/kt.gov.rs\/sq\/objektet-e-hotelierise-mbeten-te-mbyllura-dyqanet-e-ushqimit-institucionet-kulturore-palestrat-sallonet-mund-te-punojne\/#breadcrumb"},"inLanguage":"sq-AL","potentialAction":[{"@type":"ReadAction","target":["https:\/\/kt.gov.rs\/sq\/objektet-e-hotelierise-mbeten-te-mbyllura-dyqanet-e-ushqimit-institucionet-kulturore-palestrat-sallonet-mund-te-punojne\/"]}]},{"@type":"ImageObject","inLanguage":"sq-AL","@id":"https:\/\/kt.gov.rs\/sq\/objektet-e-hotelierise-mbeten-te-mbyllura-dyqanet-e-ushqimit-institucionet-kulturore-palestrat-sallonet-mund-te-punojne\/#primaryimage","url":"https:\/\/kt.gov.rs\/wp-content\/uploads\/2024\/07\/1616489958_230321_2-5.jpg","contentUrl":"https:\/\/kt.gov.rs\/wp-content\/uploads\/2024\/07\/1616489958_230321_2-5.jpg","width":315,"height":230},{"@type":"BreadcrumbList","@id":"https:\/\/kt.gov.rs\/sq\/objektet-e-hotelierise-mbeten-te-mbyllura-dyqanet-e-ushqimit-institucionet-kulturore-palestrat-sallonet-mund-te-punojne\/#breadcrumb","itemListElement":[{"@type":"ListItem","position":1,"name":"\u041f\u043e\u0447\u0435\u0442\u043d\u0430","item":"https:\/\/kt.gov.rs\/sq\/"},{"@type":"ListItem","position":2,"name":"OBJEKTET E HOTELIERIS\u00cb MBETEN T\u00cb MBYLLURA, DYQANET E USHQIMIT, INSTITUCIONET KULTURORE, PALESTRAT, SALLONET MUND T\u00cb PUNOJN\u00cb"}]},{"@type":"WebSite","@id":"https:\/\/kt.gov.rs\/#website","url":"https:\/\/kt.gov.rs\/","name":"\u041a\u043e\u043e\u0440\u0434\u0438\u043d\u0430\u0446\u0438\u043e\u043d\u043e \u0442\u0435\u043b\u043e \u0412\u043b\u0430\u0434\u0435 \u0420\u0435\u043f\u0443\u0431\u043b\u0438\u043a\u0435 \u0421\u0440\u0431\u0438\u0458\u0435 \u0437\u0430 \u043e\u043f\u0448\u0442\u0438\u043d\u0435 \u041f\u0440\u0435\u0448\u0435\u0432\u043e, \u0411\u0443\u0458\u0430\u043d\u043e\u0432\u0430\u0446 \u0438 \u041c\u0435\u0434\u0432\u0435\u0452a","description":"","publisher":{"@id":"https:\/\/kt.gov.rs\/#organization"},"alternateName":"\u041a\u043e\u043e\u0440\u0434\u0438\u043d\u0430\u0446\u0438\u043e\u043d\u043e \u0442\u0435\u043b\u043e","potentialAction":[{"@type":"SearchAction","target":{"@type":"EntryPoint","urlTemplate":"https:\/\/kt.gov.rs\/?s={search_term_string}"},"query-input":{"@type":"PropertyValueSpecification","valueRequired":true,"valueName":"search_term_string"}}],"inLanguage":"sq-AL"},{"@type":"Organization","@id":"https:\/\/kt.gov.rs\/#organization","name":"\u041a\u043e\u043e\u0440\u0434\u0438\u043d\u0430\u0446\u0438\u043e\u043d\u043e \u0442\u0435\u043b\u043e \u0412\u043b\u0430\u0434\u0435 \u0420\u0435\u043f\u0443\u0431\u043b\u0438\u043a\u0435 \u0421\u0440\u0431\u0438\u0458\u0435 \u0437\u0430 \u043e\u043f\u0448\u0442\u0438\u043d\u0435 \u041f\u0440\u0435\u0448\u0435\u0432\u043e, \u0411\u0443\u0458\u0430\u043d\u043e\u0432\u0430\u0446 \u0438 \u041c\u0435\u0434\u0432\u0435\u0452a","alternateName":"\u041a\u043e\u043e\u0440\u0434\u0438\u043d\u0430\u0446\u0438\u043e\u043d\u043e \u0442\u0435\u043b\u043e","url":"https:\/\/kt.gov.rs\/","logo":{"@type":"ImageObject","inLanguage":"sq-AL","@id":"https:\/\/kt.gov.rs\/#\/schema\/logo\/image\/","url":"https:\/\/kt.gov.rs\/wp-content\/uploads\/2024\/12\/koord2.jpg","contentUrl":"https:\/\/kt.gov.rs\/wp-content\/uploads\/2024\/12\/koord2.jpg","width":640,"height":480,"caption":"\u041a\u043e\u043e\u0440\u0434\u0438\u043d\u0430\u0446\u0438\u043e\u043d\u043e \u0442\u0435\u043b\u043e \u0412\u043b\u0430\u0434\u0435 \u0420\u0435\u043f\u0443\u0431\u043b\u0438\u043a\u0435 \u0421\u0440\u0431\u0438\u0458\u0435 \u0437\u0430 \u043e\u043f\u0448\u0442\u0438\u043d\u0435 \u041f\u0440\u0435\u0448\u0435\u0432\u043e, \u0411\u0443\u0458\u0430\u043d\u043e\u0432\u0430\u0446 \u0438 \u041c\u0435\u0434\u0432\u0435\u0452a"},"image":{"@id":"https:\/\/kt.gov.rs\/#\/schema\/logo\/image\/"},"sameAs":["https:\/\/www.facebook.com\/SluzbaKoordinacionogTelaVladeRepublikeSrbije","https:\/\/x.com\/kt_gov","https:\/\/www.youtube.com\/@koordinacionotelo"]},{"@type":"Person","@id":"https:\/\/kt.gov.rs\/#\/schema\/person\/e426459ddb4173309103390602694571","name":"ktmin","image":{"@type":"ImageObject","inLanguage":"sq-AL","@id":"https:\/\/secure.gravatar.com\/avatar\/3985c961109853010c3fbc7ba30365bfba5db3dd6c525831d9c595c7525a615a?s=96&d=mm&r=g","url":"https:\/\/secure.gravatar.com\/avatar\/3985c961109853010c3fbc7ba30365bfba5db3dd6c525831d9c595c7525a615a?s=96&d=mm&r=g","contentUrl":"https:\/\/secure.gravatar.com\/avatar\/3985c961109853010c3fbc7ba30365bfba5db3dd6c525831d9c595c7525a615a?s=96&d=mm&r=g","caption":"ktmin"},"sameAs":["https:\/\/kt.gov.rs"],"url":"https:\/\/kt.gov.rs\/sq\/author\/ktmin\/"}]}},"_links":{"self":[{"href":"https:\/\/kt.gov.rs\/sq\/wp-json\/wp\/v2\/posts\/110060","targetHints":{"allow":["GET"]}}],"collection":[{"href":"https:\/\/kt.gov.rs\/sq\/wp-json\/wp\/v2\/posts"}],"about":[{"href":"https:\/\/kt.gov.rs\/sq\/wp-json\/wp\/v2\/types\/post"}],"author":[{"embeddable":true,"href":"https:\/\/kt.gov.rs\/sq\/wp-json\/wp\/v2\/users\/1"}],"replies":[{"embeddable":true,"href":"https:\/\/kt.gov.rs\/sq\/wp-json\/wp\/v2\/comments?post=110060"}],"version-history":[{"count":1,"href":"https:\/\/kt.gov.rs\/sq\/wp-json\/wp\/v2\/posts\/110060\/revisions"}],"predecessor-version":[{"id":110064,"href":"https:\/\/kt.gov.rs\/sq\/wp-json\/wp\/v2\/posts\/110060\/revisions\/110064"}],"wp:featuredmedia":[{"embeddable":true,"href":"https:\/\/kt.gov.rs\/sq\/wp-json\/wp\/v2\/media\/110065"}],"wp:attachment":[{"href":"https:\/\/kt.gov.rs\/sq\/wp-json\/wp\/v2\/media?parent=110060"}],"wp:term":[{"taxonomy":"category","embeddable":true,"href":"https:\/\/kt.gov.rs\/sq\/wp-json\/wp\/v2\/categories?post=110060"},{"taxonomy":"post_tag","embeddable":true,"href":"https:\/\/kt.gov.rs\/sq\/wp-json\/wp\/v2\/tags?post=110060"}],"curies":[{"name":"wp","href":"https:\/\/api.w.org\/{rel}","templated":true}]}}