{"id":110044,"date":"2021-03-23T00:00:00","date_gmt":"2021-03-23T00:00:00","guid":{"rendered":"http:\/\/kt.printandscreen.rs\/bora-solli-probleme-te-reja-per-banoret-e-komunes-se-medvegjes\/"},"modified":"2024-07-30T18:00:48","modified_gmt":"2024-07-30T18:00:48","slug":"bora-solli-probleme-te-reja-per-banoret-e-komunes-se-medvegjes","status":"publish","type":"post","link":"https:\/\/kt.gov.rs\/sq\/bora-solli-probleme-te-reja-per-banoret-e-komunes-se-medvegjes\/","title":{"rendered":"BORA SOLLI PROBLEME T\u00cb REJA P\u00cbR BANOR\u00cbT E KOMUN\u00cbS S\u00cb MEDVEGJ\u00cbS"},"content":{"rendered":"<p>\n\t<strong><img decoding=\"async\" alt=\"\" src=\"https:\/\/kt.gov.rs\/wp-content\/uploads\/2024\/07\/1616490039_230321_4-4.jpg\" style=\"width: 315px; height: 230px; float: left;\" \/><\/strong>Medvegj\u00eb \u2013 P\u00ebr shkak t\u00eb bor\u00ebs q\u00eb nuk ka ndaluar p\u00ebr 48 or\u00eb n\u00eb <em>Medvegj\u00eb<\/em> dhe <em>Banj\u00eb<\/em>\u00a0t\u00eb\u00a0<em>Sijarin\u00ebs<\/em>, shumica e popullsis\u00eb ka qen\u00eb pa energji elektrike dhe sinjal mobil q\u00eb nga dje n\u00eb m\u00ebngjes dhe pem\u00ebt dhe deg\u00ebt e thyera mund t\u00eb shihen n\u00eb rrug\u00eb.<\/p>\n<p>\n\tEkipet &quot;Obnova&quot; jan\u00eb n\u00eb terren, nd\u00ebrsa n\u00eb pjes\u00ebt malore t\u00eb komun\u00ebs bora ka arritur 50 centimetra e m\u00eb shum\u00eb. Nuk kishte energji elektrike gjith\u00eb nat\u00ebn, dhe madje nuk kishim sinjal p\u00ebr mobil deri n\u00eb or\u00ebn 9 t\u00eb m\u00ebngjesit. &quot;Medvegja tani ka edhe sinjal dhe energji elektrike, por banor\u00ebt e <em>Banj\u00ebs s\u00eb Sijarin\u00ebs<\/em>\u00a0 jan\u00eb ende pa energji elektrike,&quot; tha <em>kryetari<\/em>\u00a0i\u00a0<em>komun\u00ebs<\/em>, Nebojsha Arsiq.<\/p>\n<p>\n\tAi shtoi se \u00ebsht\u00eb n\u00eb kontakt t\u00eb vazhduesh\u00ebm me autoritetet dhe se shpreson q\u00eb koha t\u00eb jet\u00eb n\u00eb an\u00ebn e tyre, n\u00eb m\u00ebnyr\u00eb q\u00eb t\u00eb gjith\u00eb banor\u00ebt e k\u00ebsaj komune t\u00eb marrin nj\u00eb sinjal dhe energji elektrike.<\/p>\n<p>\n\tVet\u00ebm gjasht\u00eb dit\u00eb m\u00eb par\u00eb, <em>Shtabi p\u00ebr situata t\u00eb jasht\u00ebzakonshme<\/em>\u00a0i\u00a0<em>komun\u00ebs\u00a0<\/em> s\u00eb Medvegj\u00ebs mori nj\u00eb vendim p\u00ebr heqjen e situat\u00ebs emergjente, e cila u shpall n\u00eb k\u00ebt\u00eb komun\u00eb p\u00ebr shkak t\u00eb sanimit t\u00eb pasojave t\u00eb shkaktuara nga shiu i madh dhe p\u00ebrmbytjet. Shiu, i cili ra p\u00ebr tre dit\u00eb n\u00eb janar, shkaktoi tejmbushjen e lumenjve Jabllanica <em>dhe<\/em><em> <em>Banja\u00a0 <\/em><\/em>dhe deri n\u00eb 50 p\u00ebrqind e popullsis\u00eb mbeti pa energji elektrike n\u00eb at\u00eb koh\u00eb.<\/p>\n<p>\n\tLajmi i mir\u00eb \u00ebsht\u00eb se, sipas njoftimeve t\u00eb meteorolog\u00ebve reshjet do t\u00eb ndalen t\u00eb enjten k\u00ebshtu q\u00eb banor\u00ebt e komun\u00ebs s\u00eb Medvegj\u00ebs shpresojn\u00eb se do t\u00eb ken\u00eb m\u00eb pak probleme me energjin\u00eb elektrike.<\/p>\n<p>\n\t<strong>Burimi:Jugpres dhe Trupi koordinues\u00a0<\/strong><\/p>\n<p>\n\t\u00a0<\/p>\n","protected":false},"excerpt":{"rendered":"<p>Medvegj\u00eb \u2013 P\u00ebr shkak t\u00eb bor\u00ebs q\u00eb nuk ka ndaluar p\u00ebr 48 or\u00eb n\u00eb\u00a0Medvegj\u00eb\u00a0dhe\u00a0Banj\u00eb\u00a0t\u00eb\u00a0Sijarin\u00ebs, shumica e popullsis\u00eb ka qen\u00eb pa energji elektrike dhe sinjal mobil q\u00eb nga dje n\u00eb m\u00ebngjes dhe pem\u00ebt dhe deg\u00ebt e thyera mund t\u00eb shihen n\u00eb rrug\u00eb.<\/p>\n","protected":false},"author":1,"featured_media":110049,"comment_status":"closed","ping_status":"closed","sticky":false,"template":"","format":"standard","meta":{"footnotes":""},"categories":[55],"tags":[],"class_list":["post-110044","post","type-post","status-publish","format-standard","has-post-thumbnail","hentry","category-lajme"],"yoast_head":"<!-- This site is optimized with the Yoast SEO plugin v27.5 - https:\/\/yoast.com\/product\/yoast-seo-wordpress\/ -->\n<title>BORA SOLLI PROBLEME T\u00cb REJA P\u00cbR BANOR\u00cbT E KOMUN\u00cbS S\u00cb MEDVEGJ\u00cbS - Republika e S\u00ebrbis\u00eb Trupi Koordinues p\u00ebr komunat Bujanoc, Preshev\u00eb dhe Medvegj\u00eb<\/title>\n<meta name=\"robots\" content=\"index, follow, max-snippet:-1, max-image-preview:large, max-video-preview:-1\" \/>\n<link rel=\"canonical\" href=\"https:\/\/kt.gov.rs\/sq\/bora-solli-probleme-te-reja-per-banoret-e-komunes-se-medvegjes\/\" \/>\n<meta property=\"og:locale\" content=\"sq_AL\" \/>\n<meta property=\"og:type\" content=\"article\" \/>\n<meta property=\"og:title\" content=\"BORA SOLLI PROBLEME T\u00cb REJA P\u00cbR BANOR\u00cbT E KOMUN\u00cbS S\u00cb MEDVEGJ\u00cbS - Republika e S\u00ebrbis\u00eb Trupi Koordinues p\u00ebr komunat Bujanoc, Preshev\u00eb dhe Medvegj\u00eb\" \/>\n<meta property=\"og:description\" content=\"Medvegj\u00eb - P\u00ebr shkak t\u00eb bor\u00ebs q\u00eb nuk ka ndaluar p\u00ebr 48 or\u00eb n\u00eb\u00a0Medvegj\u00eb\u00a0dhe\u00a0Banj\u00eb\u00a0t\u00eb\u00a0Sijarin\u00ebs, shumica e popullsis\u00eb ka qen\u00eb pa energji elektrike dhe sinjal mobil q\u00eb nga dje n\u00eb m\u00ebngjes dhe pem\u00ebt dhe deg\u00ebt e thyera mund t\u00eb shihen n\u00eb rrug\u00eb.\" \/>\n<meta property=\"og:url\" content=\"https:\/\/kt.gov.rs\/sq\/bora-solli-probleme-te-reja-per-banoret-e-komunes-se-medvegjes\/\" \/>\n<meta property=\"og:site_name\" content=\"Republika e S\u00ebrbis\u00eb Trupi Koordinues p\u00ebr komunat Bujanoc, Preshev\u00eb dhe Medvegj\u00eb\" \/>\n<meta property=\"article:publisher\" content=\"https:\/\/www.facebook.com\/SluzbaKoordinacionogTelaVladeRepublikeSrbije\" \/>\n<meta property=\"article:published_time\" content=\"2021-03-23T00:00:00+00:00\" \/>\n<meta property=\"article:modified_time\" content=\"2024-07-30T18:00:48+00:00\" \/>\n<meta property=\"og:image\" content=\"https:\/\/kt.gov.rs\/wp-content\/uploads\/2024\/07\/1616490039_230321_4-5.jpg\" \/>\n\t<meta property=\"og:image:width\" content=\"315\" \/>\n\t<meta property=\"og:image:height\" content=\"230\" \/>\n\t<meta property=\"og:image:type\" content=\"image\/jpeg\" \/>\n<meta name=\"author\" content=\"ktmin\" \/>\n<meta name=\"twitter:card\" content=\"summary_large_image\" \/>\n<meta name=\"twitter:creator\" content=\"@kt_gov\" \/>\n<meta name=\"twitter:site\" content=\"@kt_gov\" \/>\n<meta name=\"twitter:label1\" content=\"Written by\" \/>\n\t<meta name=\"twitter:data1\" content=\"ktmin\" \/>\n\t<meta name=\"twitter:label2\" content=\"Est. reading time\" \/>\n\t<meta name=\"twitter:data2\" content=\"2 minutes\" \/>\n<script type=\"application\/ld+json\" class=\"yoast-schema-graph\">{\"@context\":\"https:\\\/\\\/schema.org\",\"@graph\":[{\"@type\":\"Article\",\"@id\":\"https:\\\/\\\/kt.gov.rs\\\/sq\\\/bora-solli-probleme-te-reja-per-banoret-e-komunes-se-medvegjes\\\/#article\",\"isPartOf\":{\"@id\":\"https:\\\/\\\/kt.gov.rs\\\/sq\\\/bora-solli-probleme-te-reja-per-banoret-e-komunes-se-medvegjes\\\/\"},\"author\":{\"name\":\"ktmin\",\"@id\":\"https:\\\/\\\/kt.gov.rs\\\/#\\\/schema\\\/person\\\/e426459ddb4173309103390602694571\"},\"headline\":\"BORA SOLLI PROBLEME T\u00cb REJA P\u00cbR BANOR\u00cbT E KOMUN\u00cbS S\u00cb MEDVEGJ\u00cbS\",\"datePublished\":\"2021-03-23T00:00:00+00:00\",\"dateModified\":\"2024-07-30T18:00:48+00:00\",\"mainEntityOfPage\":{\"@id\":\"https:\\\/\\\/kt.gov.rs\\\/sq\\\/bora-solli-probleme-te-reja-per-banoret-e-komunes-se-medvegjes\\\/\"},\"wordCount\":437,\"publisher\":{\"@id\":\"https:\\\/\\\/kt.gov.rs\\\/#organization\"},\"image\":{\"@id\":\"https:\\\/\\\/kt.gov.rs\\\/sq\\\/bora-solli-probleme-te-reja-per-banoret-e-komunes-se-medvegjes\\\/#primaryimage\"},\"thumbnailUrl\":\"https:\\\/\\\/kt.gov.rs\\\/wp-content\\\/uploads\\\/2024\\\/07\\\/1616490039_230321_4-5.jpg\",\"articleSection\":[\"Lajme\"],\"inLanguage\":\"sq-AL\"},{\"@type\":\"WebPage\",\"@id\":\"https:\\\/\\\/kt.gov.rs\\\/sq\\\/bora-solli-probleme-te-reja-per-banoret-e-komunes-se-medvegjes\\\/\",\"url\":\"https:\\\/\\\/kt.gov.rs\\\/sq\\\/bora-solli-probleme-te-reja-per-banoret-e-komunes-se-medvegjes\\\/\",\"name\":\"BORA SOLLI PROBLEME T\u00cb REJA P\u00cbR BANOR\u00cbT E KOMUN\u00cbS S\u00cb MEDVEGJ\u00cbS - Republika e S\u00ebrbis\u00eb Trupi Koordinues p\u00ebr komunat Bujanoc, Preshev\u00eb dhe Medvegj\u00eb\",\"isPartOf\":{\"@id\":\"https:\\\/\\\/kt.gov.rs\\\/#website\"},\"primaryImageOfPage\":{\"@id\":\"https:\\\/\\\/kt.gov.rs\\\/sq\\\/bora-solli-probleme-te-reja-per-banoret-e-komunes-se-medvegjes\\\/#primaryimage\"},\"image\":{\"@id\":\"https:\\\/\\\/kt.gov.rs\\\/sq\\\/bora-solli-probleme-te-reja-per-banoret-e-komunes-se-medvegjes\\\/#primaryimage\"},\"thumbnailUrl\":\"https:\\\/\\\/kt.gov.rs\\\/wp-content\\\/uploads\\\/2024\\\/07\\\/1616490039_230321_4-5.jpg\",\"datePublished\":\"2021-03-23T00:00:00+00:00\",\"dateModified\":\"2024-07-30T18:00:48+00:00\",\"breadcrumb\":{\"@id\":\"https:\\\/\\\/kt.gov.rs\\\/sq\\\/bora-solli-probleme-te-reja-per-banoret-e-komunes-se-medvegjes\\\/#breadcrumb\"},\"inLanguage\":\"sq-AL\",\"potentialAction\":[{\"@type\":\"ReadAction\",\"target\":[\"https:\\\/\\\/kt.gov.rs\\\/sq\\\/bora-solli-probleme-te-reja-per-banoret-e-komunes-se-medvegjes\\\/\"]}]},{\"@type\":\"ImageObject\",\"inLanguage\":\"sq-AL\",\"@id\":\"https:\\\/\\\/kt.gov.rs\\\/sq\\\/bora-solli-probleme-te-reja-per-banoret-e-komunes-se-medvegjes\\\/#primaryimage\",\"url\":\"https:\\\/\\\/kt.gov.rs\\\/wp-content\\\/uploads\\\/2024\\\/07\\\/1616490039_230321_4-5.jpg\",\"contentUrl\":\"https:\\\/\\\/kt.gov.rs\\\/wp-content\\\/uploads\\\/2024\\\/07\\\/1616490039_230321_4-5.jpg\",\"width\":315,\"height\":230},{\"@type\":\"BreadcrumbList\",\"@id\":\"https:\\\/\\\/kt.gov.rs\\\/sq\\\/bora-solli-probleme-te-reja-per-banoret-e-komunes-se-medvegjes\\\/#breadcrumb\",\"itemListElement\":[{\"@type\":\"ListItem\",\"position\":1,\"name\":\"\u041f\u043e\u0447\u0435\u0442\u043d\u0430\",\"item\":\"https:\\\/\\\/kt.gov.rs\\\/sq\\\/\"},{\"@type\":\"ListItem\",\"position\":2,\"name\":\"BORA SOLLI PROBLEME T\u00cb REJA P\u00cbR BANOR\u00cbT E KOMUN\u00cbS S\u00cb MEDVEGJ\u00cbS\"}]},{\"@type\":\"WebSite\",\"@id\":\"https:\\\/\\\/kt.gov.rs\\\/#website\",\"url\":\"https:\\\/\\\/kt.gov.rs\\\/\",\"name\":\"\u041a\u043e\u043e\u0440\u0434\u0438\u043d\u0430\u0446\u0438\u043e\u043d\u043e \u0442\u0435\u043b\u043e \u0412\u043b\u0430\u0434\u0435 \u0420\u0435\u043f\u0443\u0431\u043b\u0438\u043a\u0435 \u0421\u0440\u0431\u0438\u0458\u0435 \u0437\u0430 \u043e\u043f\u0448\u0442\u0438\u043d\u0435 \u041f\u0440\u0435\u0448\u0435\u0432\u043e, \u0411\u0443\u0458\u0430\u043d\u043e\u0432\u0430\u0446 \u0438 \u041c\u0435\u0434\u0432\u0435\u0452a\",\"description\":\"\",\"publisher\":{\"@id\":\"https:\\\/\\\/kt.gov.rs\\\/#organization\"},\"alternateName\":\"\u041a\u043e\u043e\u0440\u0434\u0438\u043d\u0430\u0446\u0438\u043e\u043d\u043e \u0442\u0435\u043b\u043e\",\"potentialAction\":[{\"@type\":\"SearchAction\",\"target\":{\"@type\":\"EntryPoint\",\"urlTemplate\":\"https:\\\/\\\/kt.gov.rs\\\/?s={search_term_string}\"},\"query-input\":{\"@type\":\"PropertyValueSpecification\",\"valueRequired\":true,\"valueName\":\"search_term_string\"}}],\"inLanguage\":\"sq-AL\"},{\"@type\":\"Organization\",\"@id\":\"https:\\\/\\\/kt.gov.rs\\\/#organization\",\"name\":\"\u041a\u043e\u043e\u0440\u0434\u0438\u043d\u0430\u0446\u0438\u043e\u043d\u043e \u0442\u0435\u043b\u043e \u0412\u043b\u0430\u0434\u0435 \u0420\u0435\u043f\u0443\u0431\u043b\u0438\u043a\u0435 \u0421\u0440\u0431\u0438\u0458\u0435 \u0437\u0430 \u043e\u043f\u0448\u0442\u0438\u043d\u0435 \u041f\u0440\u0435\u0448\u0435\u0432\u043e, \u0411\u0443\u0458\u0430\u043d\u043e\u0432\u0430\u0446 \u0438 \u041c\u0435\u0434\u0432\u0435\u0452a\",\"alternateName\":\"\u041a\u043e\u043e\u0440\u0434\u0438\u043d\u0430\u0446\u0438\u043e\u043d\u043e \u0442\u0435\u043b\u043e\",\"url\":\"https:\\\/\\\/kt.gov.rs\\\/\",\"logo\":{\"@type\":\"ImageObject\",\"inLanguage\":\"sq-AL\",\"@id\":\"https:\\\/\\\/kt.gov.rs\\\/#\\\/schema\\\/logo\\\/image\\\/\",\"url\":\"https:\\\/\\\/kt.gov.rs\\\/wp-content\\\/uploads\\\/2024\\\/12\\\/koord2.jpg\",\"contentUrl\":\"https:\\\/\\\/kt.gov.rs\\\/wp-content\\\/uploads\\\/2024\\\/12\\\/koord2.jpg\",\"width\":640,\"height\":480,\"caption\":\"\u041a\u043e\u043e\u0440\u0434\u0438\u043d\u0430\u0446\u0438\u043e\u043d\u043e \u0442\u0435\u043b\u043e \u0412\u043b\u0430\u0434\u0435 \u0420\u0435\u043f\u0443\u0431\u043b\u0438\u043a\u0435 \u0421\u0440\u0431\u0438\u0458\u0435 \u0437\u0430 \u043e\u043f\u0448\u0442\u0438\u043d\u0435 \u041f\u0440\u0435\u0448\u0435\u0432\u043e, \u0411\u0443\u0458\u0430\u043d\u043e\u0432\u0430\u0446 \u0438 \u041c\u0435\u0434\u0432\u0435\u0452a\"},\"image\":{\"@id\":\"https:\\\/\\\/kt.gov.rs\\\/#\\\/schema\\\/logo\\\/image\\\/\"},\"sameAs\":[\"https:\\\/\\\/www.facebook.com\\\/SluzbaKoordinacionogTelaVladeRepublikeSrbije\",\"https:\\\/\\\/x.com\\\/kt_gov\",\"https:\\\/\\\/www.youtube.com\\\/@koordinacionotelo\"]},{\"@type\":\"Person\",\"@id\":\"https:\\\/\\\/kt.gov.rs\\\/#\\\/schema\\\/person\\\/e426459ddb4173309103390602694571\",\"name\":\"ktmin\",\"image\":{\"@type\":\"ImageObject\",\"inLanguage\":\"sq-AL\",\"@id\":\"https:\\\/\\\/secure.gravatar.com\\\/avatar\\\/3985c961109853010c3fbc7ba30365bfba5db3dd6c525831d9c595c7525a615a?s=96&d=mm&r=g\",\"url\":\"https:\\\/\\\/secure.gravatar.com\\\/avatar\\\/3985c961109853010c3fbc7ba30365bfba5db3dd6c525831d9c595c7525a615a?s=96&d=mm&r=g\",\"contentUrl\":\"https:\\\/\\\/secure.gravatar.com\\\/avatar\\\/3985c961109853010c3fbc7ba30365bfba5db3dd6c525831d9c595c7525a615a?s=96&d=mm&r=g\",\"caption\":\"ktmin\"},\"sameAs\":[\"https:\\\/\\\/kt.gov.rs\"],\"url\":\"https:\\\/\\\/kt.gov.rs\\\/sq\\\/author\\\/ktmin\\\/\"}]}<\/script>\n<!-- \/ Yoast SEO plugin. -->","yoast_head_json":{"title":"BORA SOLLI PROBLEME T\u00cb REJA P\u00cbR BANOR\u00cbT E KOMUN\u00cbS S\u00cb MEDVEGJ\u00cbS - Republika e S\u00ebrbis\u00eb Trupi Koordinues p\u00ebr komunat Bujanoc, Preshev\u00eb dhe Medvegj\u00eb","robots":{"index":"index","follow":"follow","max-snippet":"max-snippet:-1","max-image-preview":"max-image-preview:large","max-video-preview":"max-video-preview:-1"},"canonical":"https:\/\/kt.gov.rs\/sq\/bora-solli-probleme-te-reja-per-banoret-e-komunes-se-medvegjes\/","og_locale":"sq_AL","og_type":"article","og_title":"BORA SOLLI PROBLEME T\u00cb REJA P\u00cbR BANOR\u00cbT E KOMUN\u00cbS S\u00cb MEDVEGJ\u00cbS - Republika e S\u00ebrbis\u00eb Trupi Koordinues p\u00ebr komunat Bujanoc, Preshev\u00eb dhe Medvegj\u00eb","og_description":"Medvegj\u00eb - P\u00ebr shkak t\u00eb bor\u00ebs q\u00eb nuk ka ndaluar p\u00ebr 48 or\u00eb n\u00eb\u00a0Medvegj\u00eb\u00a0dhe\u00a0Banj\u00eb\u00a0t\u00eb\u00a0Sijarin\u00ebs, shumica e popullsis\u00eb ka qen\u00eb pa energji elektrike dhe sinjal mobil q\u00eb nga dje n\u00eb m\u00ebngjes dhe pem\u00ebt dhe deg\u00ebt e thyera mund t\u00eb shihen n\u00eb rrug\u00eb.","og_url":"https:\/\/kt.gov.rs\/sq\/bora-solli-probleme-te-reja-per-banoret-e-komunes-se-medvegjes\/","og_site_name":"Republika e S\u00ebrbis\u00eb Trupi Koordinues p\u00ebr komunat Bujanoc, Preshev\u00eb dhe Medvegj\u00eb","article_publisher":"https:\/\/www.facebook.com\/SluzbaKoordinacionogTelaVladeRepublikeSrbije","article_published_time":"2021-03-23T00:00:00+00:00","article_modified_time":"2024-07-30T18:00:48+00:00","og_image":[{"width":315,"height":230,"url":"https:\/\/kt.gov.rs\/wp-content\/uploads\/2024\/07\/1616490039_230321_4-5.jpg","type":"image\/jpeg"}],"author":"ktmin","twitter_card":"summary_large_image","twitter_creator":"@kt_gov","twitter_site":"@kt_gov","twitter_misc":{"Written by":"ktmin","Est. reading time":"2 minutes"},"schema":{"@context":"https:\/\/schema.org","@graph":[{"@type":"Article","@id":"https:\/\/kt.gov.rs\/sq\/bora-solli-probleme-te-reja-per-banoret-e-komunes-se-medvegjes\/#article","isPartOf":{"@id":"https:\/\/kt.gov.rs\/sq\/bora-solli-probleme-te-reja-per-banoret-e-komunes-se-medvegjes\/"},"author":{"name":"ktmin","@id":"https:\/\/kt.gov.rs\/#\/schema\/person\/e426459ddb4173309103390602694571"},"headline":"BORA SOLLI PROBLEME T\u00cb REJA P\u00cbR BANOR\u00cbT E KOMUN\u00cbS S\u00cb MEDVEGJ\u00cbS","datePublished":"2021-03-23T00:00:00+00:00","dateModified":"2024-07-30T18:00:48+00:00","mainEntityOfPage":{"@id":"https:\/\/kt.gov.rs\/sq\/bora-solli-probleme-te-reja-per-banoret-e-komunes-se-medvegjes\/"},"wordCount":437,"publisher":{"@id":"https:\/\/kt.gov.rs\/#organization"},"image":{"@id":"https:\/\/kt.gov.rs\/sq\/bora-solli-probleme-te-reja-per-banoret-e-komunes-se-medvegjes\/#primaryimage"},"thumbnailUrl":"https:\/\/kt.gov.rs\/wp-content\/uploads\/2024\/07\/1616490039_230321_4-5.jpg","articleSection":["Lajme"],"inLanguage":"sq-AL"},{"@type":"WebPage","@id":"https:\/\/kt.gov.rs\/sq\/bora-solli-probleme-te-reja-per-banoret-e-komunes-se-medvegjes\/","url":"https:\/\/kt.gov.rs\/sq\/bora-solli-probleme-te-reja-per-banoret-e-komunes-se-medvegjes\/","name":"BORA SOLLI PROBLEME T\u00cb REJA P\u00cbR BANOR\u00cbT E KOMUN\u00cbS S\u00cb MEDVEGJ\u00cbS - Republika e S\u00ebrbis\u00eb Trupi Koordinues p\u00ebr komunat Bujanoc, Preshev\u00eb dhe Medvegj\u00eb","isPartOf":{"@id":"https:\/\/kt.gov.rs\/#website"},"primaryImageOfPage":{"@id":"https:\/\/kt.gov.rs\/sq\/bora-solli-probleme-te-reja-per-banoret-e-komunes-se-medvegjes\/#primaryimage"},"image":{"@id":"https:\/\/kt.gov.rs\/sq\/bora-solli-probleme-te-reja-per-banoret-e-komunes-se-medvegjes\/#primaryimage"},"thumbnailUrl":"https:\/\/kt.gov.rs\/wp-content\/uploads\/2024\/07\/1616490039_230321_4-5.jpg","datePublished":"2021-03-23T00:00:00+00:00","dateModified":"2024-07-30T18:00:48+00:00","breadcrumb":{"@id":"https:\/\/kt.gov.rs\/sq\/bora-solli-probleme-te-reja-per-banoret-e-komunes-se-medvegjes\/#breadcrumb"},"inLanguage":"sq-AL","potentialAction":[{"@type":"ReadAction","target":["https:\/\/kt.gov.rs\/sq\/bora-solli-probleme-te-reja-per-banoret-e-komunes-se-medvegjes\/"]}]},{"@type":"ImageObject","inLanguage":"sq-AL","@id":"https:\/\/kt.gov.rs\/sq\/bora-solli-probleme-te-reja-per-banoret-e-komunes-se-medvegjes\/#primaryimage","url":"https:\/\/kt.gov.rs\/wp-content\/uploads\/2024\/07\/1616490039_230321_4-5.jpg","contentUrl":"https:\/\/kt.gov.rs\/wp-content\/uploads\/2024\/07\/1616490039_230321_4-5.jpg","width":315,"height":230},{"@type":"BreadcrumbList","@id":"https:\/\/kt.gov.rs\/sq\/bora-solli-probleme-te-reja-per-banoret-e-komunes-se-medvegjes\/#breadcrumb","itemListElement":[{"@type":"ListItem","position":1,"name":"\u041f\u043e\u0447\u0435\u0442\u043d\u0430","item":"https:\/\/kt.gov.rs\/sq\/"},{"@type":"ListItem","position":2,"name":"BORA SOLLI PROBLEME T\u00cb REJA P\u00cbR BANOR\u00cbT E KOMUN\u00cbS S\u00cb MEDVEGJ\u00cbS"}]},{"@type":"WebSite","@id":"https:\/\/kt.gov.rs\/#website","url":"https:\/\/kt.gov.rs\/","name":"\u041a\u043e\u043e\u0440\u0434\u0438\u043d\u0430\u0446\u0438\u043e\u043d\u043e \u0442\u0435\u043b\u043e \u0412\u043b\u0430\u0434\u0435 \u0420\u0435\u043f\u0443\u0431\u043b\u0438\u043a\u0435 \u0421\u0440\u0431\u0438\u0458\u0435 \u0437\u0430 \u043e\u043f\u0448\u0442\u0438\u043d\u0435 \u041f\u0440\u0435\u0448\u0435\u0432\u043e, \u0411\u0443\u0458\u0430\u043d\u043e\u0432\u0430\u0446 \u0438 \u041c\u0435\u0434\u0432\u0435\u0452a","description":"","publisher":{"@id":"https:\/\/kt.gov.rs\/#organization"},"alternateName":"\u041a\u043e\u043e\u0440\u0434\u0438\u043d\u0430\u0446\u0438\u043e\u043d\u043e \u0442\u0435\u043b\u043e","potentialAction":[{"@type":"SearchAction","target":{"@type":"EntryPoint","urlTemplate":"https:\/\/kt.gov.rs\/?s={search_term_string}"},"query-input":{"@type":"PropertyValueSpecification","valueRequired":true,"valueName":"search_term_string"}}],"inLanguage":"sq-AL"},{"@type":"Organization","@id":"https:\/\/kt.gov.rs\/#organization","name":"\u041a\u043e\u043e\u0440\u0434\u0438\u043d\u0430\u0446\u0438\u043e\u043d\u043e \u0442\u0435\u043b\u043e \u0412\u043b\u0430\u0434\u0435 \u0420\u0435\u043f\u0443\u0431\u043b\u0438\u043a\u0435 \u0421\u0440\u0431\u0438\u0458\u0435 \u0437\u0430 \u043e\u043f\u0448\u0442\u0438\u043d\u0435 \u041f\u0440\u0435\u0448\u0435\u0432\u043e, \u0411\u0443\u0458\u0430\u043d\u043e\u0432\u0430\u0446 \u0438 \u041c\u0435\u0434\u0432\u0435\u0452a","alternateName":"\u041a\u043e\u043e\u0440\u0434\u0438\u043d\u0430\u0446\u0438\u043e\u043d\u043e \u0442\u0435\u043b\u043e","url":"https:\/\/kt.gov.rs\/","logo":{"@type":"ImageObject","inLanguage":"sq-AL","@id":"https:\/\/kt.gov.rs\/#\/schema\/logo\/image\/","url":"https:\/\/kt.gov.rs\/wp-content\/uploads\/2024\/12\/koord2.jpg","contentUrl":"https:\/\/kt.gov.rs\/wp-content\/uploads\/2024\/12\/koord2.jpg","width":640,"height":480,"caption":"\u041a\u043e\u043e\u0440\u0434\u0438\u043d\u0430\u0446\u0438\u043e\u043d\u043e \u0442\u0435\u043b\u043e \u0412\u043b\u0430\u0434\u0435 \u0420\u0435\u043f\u0443\u0431\u043b\u0438\u043a\u0435 \u0421\u0440\u0431\u0438\u0458\u0435 \u0437\u0430 \u043e\u043f\u0448\u0442\u0438\u043d\u0435 \u041f\u0440\u0435\u0448\u0435\u0432\u043e, \u0411\u0443\u0458\u0430\u043d\u043e\u0432\u0430\u0446 \u0438 \u041c\u0435\u0434\u0432\u0435\u0452a"},"image":{"@id":"https:\/\/kt.gov.rs\/#\/schema\/logo\/image\/"},"sameAs":["https:\/\/www.facebook.com\/SluzbaKoordinacionogTelaVladeRepublikeSrbije","https:\/\/x.com\/kt_gov","https:\/\/www.youtube.com\/@koordinacionotelo"]},{"@type":"Person","@id":"https:\/\/kt.gov.rs\/#\/schema\/person\/e426459ddb4173309103390602694571","name":"ktmin","image":{"@type":"ImageObject","inLanguage":"sq-AL","@id":"https:\/\/secure.gravatar.com\/avatar\/3985c961109853010c3fbc7ba30365bfba5db3dd6c525831d9c595c7525a615a?s=96&d=mm&r=g","url":"https:\/\/secure.gravatar.com\/avatar\/3985c961109853010c3fbc7ba30365bfba5db3dd6c525831d9c595c7525a615a?s=96&d=mm&r=g","contentUrl":"https:\/\/secure.gravatar.com\/avatar\/3985c961109853010c3fbc7ba30365bfba5db3dd6c525831d9c595c7525a615a?s=96&d=mm&r=g","caption":"ktmin"},"sameAs":["https:\/\/kt.gov.rs"],"url":"https:\/\/kt.gov.rs\/sq\/author\/ktmin\/"}]}},"_links":{"self":[{"href":"https:\/\/kt.gov.rs\/sq\/wp-json\/wp\/v2\/posts\/110044","targetHints":{"allow":["GET"]}}],"collection":[{"href":"https:\/\/kt.gov.rs\/sq\/wp-json\/wp\/v2\/posts"}],"about":[{"href":"https:\/\/kt.gov.rs\/sq\/wp-json\/wp\/v2\/types\/post"}],"author":[{"embeddable":true,"href":"https:\/\/kt.gov.rs\/sq\/wp-json\/wp\/v2\/users\/1"}],"replies":[{"embeddable":true,"href":"https:\/\/kt.gov.rs\/sq\/wp-json\/wp\/v2\/comments?post=110044"}],"version-history":[{"count":1,"href":"https:\/\/kt.gov.rs\/sq\/wp-json\/wp\/v2\/posts\/110044\/revisions"}],"predecessor-version":[{"id":110048,"href":"https:\/\/kt.gov.rs\/sq\/wp-json\/wp\/v2\/posts\/110044\/revisions\/110048"}],"wp:featuredmedia":[{"embeddable":true,"href":"https:\/\/kt.gov.rs\/sq\/wp-json\/wp\/v2\/media\/110049"}],"wp:attachment":[{"href":"https:\/\/kt.gov.rs\/sq\/wp-json\/wp\/v2\/media?parent=110044"}],"wp:term":[{"taxonomy":"category","embeddable":true,"href":"https:\/\/kt.gov.rs\/sq\/wp-json\/wp\/v2\/categories?post=110044"},{"taxonomy":"post_tag","embeddable":true,"href":"https:\/\/kt.gov.rs\/sq\/wp-json\/wp\/v2\/tags?post=110044"}],"curies":[{"name":"wp","href":"https:\/\/api.w.org\/{rel}","templated":true}]}}