{"id":109932,"date":"2021-03-30T00:00:00","date_gmt":"2021-03-30T00:00:00","guid":{"rendered":"http:\/\/kt.printandscreen.rs\/ne-det-ne-greqi-me-secilen-vaksince-apo-test-negatic\/"},"modified":"2024-07-30T18:00:38","modified_gmt":"2024-07-30T18:00:38","slug":"ne-det-ne-greqi-me-secilen-vaksince-apo-test-negatic","status":"publish","type":"post","link":"https:\/\/kt.gov.rs\/sq\/ne-det-ne-greqi-me-secilen-vaksince-apo-test-negatic\/","title":{"rendered":"N\u00cb DET N\u00cb GREQI ME SECIL\u00cbN VAKSINC\u00cb APO TEST NEGATIC"},"content":{"rendered":"<p>\n\t<strong><img decoding=\"async\" alt=\"\" src=\"https:\/\/kt.gov.rs\/wp-content\/uploads\/2024\/07\/1617093154_300321_1-4.jpg\" style=\"width: 315px; height: 230px; float: left;\" \/><\/strong><strong>Beograd \u2013<\/strong> Ministri i turizmit i Greqis\u00eb, Harris Teoharis, tha dje n\u00eb Beograd se t\u00eb gjitha vaksinat kund\u00ebr kovid-19 do t\u00eb pranohen p\u00ebr udh\u00ebtime nga Serbia n\u00eb at\u00eb vend, si dhe do t\u00eb njihen PCR dhe testet e antigjenit.<\/p>\n<p>\n\t&quot;Nj\u00eb pjes\u00eb e madhe e serb\u00ebve u vaksinuan me vaksina q\u00eb nuk njihen n\u00eb BE. Sidoqoft\u00eb, nuk ka rrezik t\u00eb rritur t\u00eb ndonj\u00eb vaksine. &quot;T\u00eb gjitha vaksinat pranohen n\u00eb Greqi,&quot; tha ministri grek.<\/p>\n<p>\n\tMinistri i turizmit t\u00eb Greqis\u00eb, i cili po viziton Beogradin, dhe ministrja e tregtis\u00eb, turizmit dhe telekomunikacionit, Tatjana Mati\u0107, deklaruan se kur thuhet se t\u00eb gjitha vaksinat do t\u00eb pranohen, kjo do t\u00eb thot\u00eb edhe kineze edhe ruse, p\u00ebrve\u00e7 atyre vaksinave tashm\u00eb t\u00eb pranuar n\u00eb Bashkimin Evropian. Sezoni turistik fillon n\u00eb 14 maj, p\u00ebrkat\u00ebsisht at\u00ebher\u00eb edhe hapen kufijt\u00eb, tha Teoharis.<\/p>\n<p>\n\tMati\u0107 dhe Teoharis n\u00ebnshkruan nj\u00eb deklarat\u00eb t\u00eb p\u00ebrbashk\u00ebt n\u00eb Beograd mbi bashk\u00ebpunimin midis dy ministrive gjat\u00eb dhe pas pandemis\u00eb.<\/p>\n<p>\n\tSipas fjal\u00ebve t\u00eb ministres s\u00eb turizmit t\u00eb Serbis\u00eb, q\u00ebllimi \u00ebsht\u00eb q\u00eb qytetar\u00ebve t\u00eb Serbis\u00eb t&#39;u mund\u00ebsohet hyrja n\u00eb Greqi dhe njohja e nd\u00ebrsjellt\u00eb e \u00e7ertifikatave dixhitale dhe theksoi se shpreson q\u00eb kjo t\u00eb ndodh\u00eb s\u00eb shpejti, p\u00ebrkat\u00ebsisht q\u00eb turist\u00ebt nga Serbia s\u00eb shpejti t\u00eb jet\u00eb n\u00eb gjendje t\u00eb hyj\u00eb n\u00eb Greqi.<\/p>\n<p>\n\tTeoharis shtoi se f\u00ebmij\u00ebt n\u00ebn mosh\u00ebn 10 vje\u00e7 nuk do t\u00eb ken\u00eb nevoj\u00eb p\u00ebr teste kufitare, nd\u00ebrsa f\u00ebmij\u00ebt mbi mosh\u00ebn 10 vje\u00e7, t\u00eb cil\u00ebt nuk do t\u00eb vaksinohen, do t\u00eb ken\u00eb nevoj\u00eb p\u00ebr nj\u00eb test negativ.<\/p>\n<p>\n\tAi shtoi se sezoni turistik n\u00eb Greqi fillon n\u00eb 14 maj, por ka nj\u00eb mund\u00ebsi q\u00eb turist\u00ebt serb\u00eb do t\u00eb lejohen t\u00eb hyjn\u00eb n\u00eb mes t\u00eb prillit.<\/p>\n<p>\n\tNj\u00eb vendkalim kufitar me Bullgarin\u00eb do t\u00eb hapet p\u00ebr pasagjer\u00ebt nga Serbia, si dhe dy me Maqedonin\u00eb e Veriut, shtoi Teoharis.<\/p>\n<p>\n\t<strong>Burimi: Beta, Danas, Jugmedia dhe Trupi Koordinues<\/strong><\/p>\n<p>\n\t\u00a0<\/p>\n","protected":false},"excerpt":{"rendered":"<p>Beograd \u2013\u00a0Ministri i turizmit i Greqis\u00eb, Harris Teoharis, tha dje n\u00eb Beograd se t\u00eb gjitha vaksinat kund\u00ebr kovid-19 do t\u00eb pranohen p\u00ebr udh\u00ebtime nga Serbia n\u00eb at\u00eb vend, si dhe do t\u00eb njihen PCR dhe testet e antigjenit.<\/p>\n","protected":false},"author":1,"featured_media":109937,"comment_status":"closed","ping_status":"closed","sticky":false,"template":"","format":"standard","meta":{"footnotes":""},"categories":[55],"tags":[],"class_list":["post-109932","post","type-post","status-publish","format-standard","has-post-thumbnail","hentry","category-lajme"],"yoast_head":"<!-- This site is optimized with the Yoast SEO plugin v27.5 - https:\/\/yoast.com\/product\/yoast-seo-wordpress\/ -->\n<title>N\u00cb DET N\u00cb GREQI ME SECIL\u00cbN VAKSINC\u00cb APO TEST NEGATIC - Republika e S\u00ebrbis\u00eb Trupi Koordinues p\u00ebr komunat Bujanoc, Preshev\u00eb dhe Medvegj\u00eb<\/title>\n<meta name=\"robots\" content=\"index, follow, max-snippet:-1, max-image-preview:large, max-video-preview:-1\" \/>\n<link rel=\"canonical\" href=\"https:\/\/kt.gov.rs\/sq\/ne-det-ne-greqi-me-secilen-vaksince-apo-test-negatic\/\" \/>\n<meta property=\"og:locale\" content=\"sq_AL\" \/>\n<meta property=\"og:type\" content=\"article\" \/>\n<meta property=\"og:title\" content=\"N\u00cb DET N\u00cb GREQI ME SECIL\u00cbN VAKSINC\u00cb APO TEST NEGATIC - Republika e S\u00ebrbis\u00eb Trupi Koordinues p\u00ebr komunat Bujanoc, Preshev\u00eb dhe Medvegj\u00eb\" \/>\n<meta property=\"og:description\" content=\"Beograd -\u00a0Ministri i turizmit i Greqis\u00eb, Harris Teoharis, tha dje n\u00eb Beograd se t\u00eb gjitha vaksinat kund\u00ebr kovid-19 do t\u00eb pranohen p\u00ebr udh\u00ebtime nga Serbia n\u00eb at\u00eb vend, si dhe do t\u00eb njihen PCR dhe testet e antigjenit.\" \/>\n<meta property=\"og:url\" content=\"https:\/\/kt.gov.rs\/sq\/ne-det-ne-greqi-me-secilen-vaksince-apo-test-negatic\/\" \/>\n<meta property=\"og:site_name\" content=\"Republika e S\u00ebrbis\u00eb Trupi Koordinues p\u00ebr komunat Bujanoc, Preshev\u00eb dhe Medvegj\u00eb\" \/>\n<meta property=\"article:publisher\" content=\"https:\/\/www.facebook.com\/SluzbaKoordinacionogTelaVladeRepublikeSrbije\" \/>\n<meta property=\"article:published_time\" content=\"2021-03-30T00:00:00+00:00\" \/>\n<meta property=\"article:modified_time\" content=\"2024-07-30T18:00:38+00:00\" \/>\n<meta property=\"og:image\" content=\"https:\/\/kt.gov.rs\/wp-content\/uploads\/2024\/07\/1617093154_300321_1-5.jpg\" \/>\n\t<meta property=\"og:image:width\" content=\"315\" \/>\n\t<meta property=\"og:image:height\" content=\"230\" \/>\n\t<meta property=\"og:image:type\" content=\"image\/jpeg\" \/>\n<meta name=\"author\" content=\"ktmin\" \/>\n<meta name=\"twitter:card\" content=\"summary_large_image\" \/>\n<meta name=\"twitter:creator\" content=\"@kt_gov\" \/>\n<meta name=\"twitter:site\" content=\"@kt_gov\" \/>\n<meta name=\"twitter:label1\" content=\"Written by\" \/>\n\t<meta name=\"twitter:data1\" content=\"ktmin\" \/>\n\t<meta name=\"twitter:label2\" content=\"Est. reading time\" \/>\n\t<meta name=\"twitter:data2\" content=\"2 minutes\" \/>\n<script type=\"application\/ld+json\" class=\"yoast-schema-graph\">{\"@context\":\"https:\\\/\\\/schema.org\",\"@graph\":[{\"@type\":\"Article\",\"@id\":\"https:\\\/\\\/kt.gov.rs\\\/sq\\\/ne-det-ne-greqi-me-secilen-vaksince-apo-test-negatic\\\/#article\",\"isPartOf\":{\"@id\":\"https:\\\/\\\/kt.gov.rs\\\/sq\\\/ne-det-ne-greqi-me-secilen-vaksince-apo-test-negatic\\\/\"},\"author\":{\"name\":\"ktmin\",\"@id\":\"https:\\\/\\\/kt.gov.rs\\\/#\\\/schema\\\/person\\\/e426459ddb4173309103390602694571\"},\"headline\":\"N\u00cb DET N\u00cb GREQI ME SECIL\u00cbN VAKSINC\u00cb APO TEST NEGATIC\",\"datePublished\":\"2021-03-30T00:00:00+00:00\",\"dateModified\":\"2024-07-30T18:00:38+00:00\",\"mainEntityOfPage\":{\"@id\":\"https:\\\/\\\/kt.gov.rs\\\/sq\\\/ne-det-ne-greqi-me-secilen-vaksince-apo-test-negatic\\\/\"},\"wordCount\":461,\"publisher\":{\"@id\":\"https:\\\/\\\/kt.gov.rs\\\/#organization\"},\"image\":{\"@id\":\"https:\\\/\\\/kt.gov.rs\\\/sq\\\/ne-det-ne-greqi-me-secilen-vaksince-apo-test-negatic\\\/#primaryimage\"},\"thumbnailUrl\":\"https:\\\/\\\/kt.gov.rs\\\/wp-content\\\/uploads\\\/2024\\\/07\\\/1617093154_300321_1-5.jpg\",\"articleSection\":[\"Lajme\"],\"inLanguage\":\"sq-AL\"},{\"@type\":\"WebPage\",\"@id\":\"https:\\\/\\\/kt.gov.rs\\\/sq\\\/ne-det-ne-greqi-me-secilen-vaksince-apo-test-negatic\\\/\",\"url\":\"https:\\\/\\\/kt.gov.rs\\\/sq\\\/ne-det-ne-greqi-me-secilen-vaksince-apo-test-negatic\\\/\",\"name\":\"N\u00cb DET N\u00cb GREQI ME SECIL\u00cbN VAKSINC\u00cb APO TEST NEGATIC - Republika e S\u00ebrbis\u00eb Trupi Koordinues p\u00ebr komunat Bujanoc, Preshev\u00eb dhe Medvegj\u00eb\",\"isPartOf\":{\"@id\":\"https:\\\/\\\/kt.gov.rs\\\/#website\"},\"primaryImageOfPage\":{\"@id\":\"https:\\\/\\\/kt.gov.rs\\\/sq\\\/ne-det-ne-greqi-me-secilen-vaksince-apo-test-negatic\\\/#primaryimage\"},\"image\":{\"@id\":\"https:\\\/\\\/kt.gov.rs\\\/sq\\\/ne-det-ne-greqi-me-secilen-vaksince-apo-test-negatic\\\/#primaryimage\"},\"thumbnailUrl\":\"https:\\\/\\\/kt.gov.rs\\\/wp-content\\\/uploads\\\/2024\\\/07\\\/1617093154_300321_1-5.jpg\",\"datePublished\":\"2021-03-30T00:00:00+00:00\",\"dateModified\":\"2024-07-30T18:00:38+00:00\",\"breadcrumb\":{\"@id\":\"https:\\\/\\\/kt.gov.rs\\\/sq\\\/ne-det-ne-greqi-me-secilen-vaksince-apo-test-negatic\\\/#breadcrumb\"},\"inLanguage\":\"sq-AL\",\"potentialAction\":[{\"@type\":\"ReadAction\",\"target\":[\"https:\\\/\\\/kt.gov.rs\\\/sq\\\/ne-det-ne-greqi-me-secilen-vaksince-apo-test-negatic\\\/\"]}]},{\"@type\":\"ImageObject\",\"inLanguage\":\"sq-AL\",\"@id\":\"https:\\\/\\\/kt.gov.rs\\\/sq\\\/ne-det-ne-greqi-me-secilen-vaksince-apo-test-negatic\\\/#primaryimage\",\"url\":\"https:\\\/\\\/kt.gov.rs\\\/wp-content\\\/uploads\\\/2024\\\/07\\\/1617093154_300321_1-5.jpg\",\"contentUrl\":\"https:\\\/\\\/kt.gov.rs\\\/wp-content\\\/uploads\\\/2024\\\/07\\\/1617093154_300321_1-5.jpg\",\"width\":315,\"height\":230},{\"@type\":\"BreadcrumbList\",\"@id\":\"https:\\\/\\\/kt.gov.rs\\\/sq\\\/ne-det-ne-greqi-me-secilen-vaksince-apo-test-negatic\\\/#breadcrumb\",\"itemListElement\":[{\"@type\":\"ListItem\",\"position\":1,\"name\":\"\u041f\u043e\u0447\u0435\u0442\u043d\u0430\",\"item\":\"https:\\\/\\\/kt.gov.rs\\\/sq\\\/\"},{\"@type\":\"ListItem\",\"position\":2,\"name\":\"N\u00cb DET N\u00cb GREQI ME SECIL\u00cbN VAKSINC\u00cb APO TEST NEGATIC\"}]},{\"@type\":\"WebSite\",\"@id\":\"https:\\\/\\\/kt.gov.rs\\\/#website\",\"url\":\"https:\\\/\\\/kt.gov.rs\\\/\",\"name\":\"\u041a\u043e\u043e\u0440\u0434\u0438\u043d\u0430\u0446\u0438\u043e\u043d\u043e \u0442\u0435\u043b\u043e \u0412\u043b\u0430\u0434\u0435 \u0420\u0435\u043f\u0443\u0431\u043b\u0438\u043a\u0435 \u0421\u0440\u0431\u0438\u0458\u0435 \u0437\u0430 \u043e\u043f\u0448\u0442\u0438\u043d\u0435 \u041f\u0440\u0435\u0448\u0435\u0432\u043e, \u0411\u0443\u0458\u0430\u043d\u043e\u0432\u0430\u0446 \u0438 \u041c\u0435\u0434\u0432\u0435\u0452a\",\"description\":\"\",\"publisher\":{\"@id\":\"https:\\\/\\\/kt.gov.rs\\\/#organization\"},\"alternateName\":\"\u041a\u043e\u043e\u0440\u0434\u0438\u043d\u0430\u0446\u0438\u043e\u043d\u043e \u0442\u0435\u043b\u043e\",\"potentialAction\":[{\"@type\":\"SearchAction\",\"target\":{\"@type\":\"EntryPoint\",\"urlTemplate\":\"https:\\\/\\\/kt.gov.rs\\\/?s={search_term_string}\"},\"query-input\":{\"@type\":\"PropertyValueSpecification\",\"valueRequired\":true,\"valueName\":\"search_term_string\"}}],\"inLanguage\":\"sq-AL\"},{\"@type\":\"Organization\",\"@id\":\"https:\\\/\\\/kt.gov.rs\\\/#organization\",\"name\":\"\u041a\u043e\u043e\u0440\u0434\u0438\u043d\u0430\u0446\u0438\u043e\u043d\u043e \u0442\u0435\u043b\u043e \u0412\u043b\u0430\u0434\u0435 \u0420\u0435\u043f\u0443\u0431\u043b\u0438\u043a\u0435 \u0421\u0440\u0431\u0438\u0458\u0435 \u0437\u0430 \u043e\u043f\u0448\u0442\u0438\u043d\u0435 \u041f\u0440\u0435\u0448\u0435\u0432\u043e, \u0411\u0443\u0458\u0430\u043d\u043e\u0432\u0430\u0446 \u0438 \u041c\u0435\u0434\u0432\u0435\u0452a\",\"alternateName\":\"\u041a\u043e\u043e\u0440\u0434\u0438\u043d\u0430\u0446\u0438\u043e\u043d\u043e \u0442\u0435\u043b\u043e\",\"url\":\"https:\\\/\\\/kt.gov.rs\\\/\",\"logo\":{\"@type\":\"ImageObject\",\"inLanguage\":\"sq-AL\",\"@id\":\"https:\\\/\\\/kt.gov.rs\\\/#\\\/schema\\\/logo\\\/image\\\/\",\"url\":\"https:\\\/\\\/kt.gov.rs\\\/wp-content\\\/uploads\\\/2024\\\/12\\\/koord2.jpg\",\"contentUrl\":\"https:\\\/\\\/kt.gov.rs\\\/wp-content\\\/uploads\\\/2024\\\/12\\\/koord2.jpg\",\"width\":640,\"height\":480,\"caption\":\"\u041a\u043e\u043e\u0440\u0434\u0438\u043d\u0430\u0446\u0438\u043e\u043d\u043e \u0442\u0435\u043b\u043e \u0412\u043b\u0430\u0434\u0435 \u0420\u0435\u043f\u0443\u0431\u043b\u0438\u043a\u0435 \u0421\u0440\u0431\u0438\u0458\u0435 \u0437\u0430 \u043e\u043f\u0448\u0442\u0438\u043d\u0435 \u041f\u0440\u0435\u0448\u0435\u0432\u043e, \u0411\u0443\u0458\u0430\u043d\u043e\u0432\u0430\u0446 \u0438 \u041c\u0435\u0434\u0432\u0435\u0452a\"},\"image\":{\"@id\":\"https:\\\/\\\/kt.gov.rs\\\/#\\\/schema\\\/logo\\\/image\\\/\"},\"sameAs\":[\"https:\\\/\\\/www.facebook.com\\\/SluzbaKoordinacionogTelaVladeRepublikeSrbije\",\"https:\\\/\\\/x.com\\\/kt_gov\",\"https:\\\/\\\/www.youtube.com\\\/@koordinacionotelo\"]},{\"@type\":\"Person\",\"@id\":\"https:\\\/\\\/kt.gov.rs\\\/#\\\/schema\\\/person\\\/e426459ddb4173309103390602694571\",\"name\":\"ktmin\",\"image\":{\"@type\":\"ImageObject\",\"inLanguage\":\"sq-AL\",\"@id\":\"https:\\\/\\\/secure.gravatar.com\\\/avatar\\\/3985c961109853010c3fbc7ba30365bfba5db3dd6c525831d9c595c7525a615a?s=96&d=mm&r=g\",\"url\":\"https:\\\/\\\/secure.gravatar.com\\\/avatar\\\/3985c961109853010c3fbc7ba30365bfba5db3dd6c525831d9c595c7525a615a?s=96&d=mm&r=g\",\"contentUrl\":\"https:\\\/\\\/secure.gravatar.com\\\/avatar\\\/3985c961109853010c3fbc7ba30365bfba5db3dd6c525831d9c595c7525a615a?s=96&d=mm&r=g\",\"caption\":\"ktmin\"},\"sameAs\":[\"https:\\\/\\\/kt.gov.rs\"],\"url\":\"https:\\\/\\\/kt.gov.rs\\\/sq\\\/author\\\/ktmin\\\/\"}]}<\/script>\n<!-- \/ Yoast SEO plugin. -->","yoast_head_json":{"title":"N\u00cb DET N\u00cb GREQI ME SECIL\u00cbN VAKSINC\u00cb APO TEST NEGATIC - Republika e S\u00ebrbis\u00eb Trupi Koordinues p\u00ebr komunat Bujanoc, Preshev\u00eb dhe Medvegj\u00eb","robots":{"index":"index","follow":"follow","max-snippet":"max-snippet:-1","max-image-preview":"max-image-preview:large","max-video-preview":"max-video-preview:-1"},"canonical":"https:\/\/kt.gov.rs\/sq\/ne-det-ne-greqi-me-secilen-vaksince-apo-test-negatic\/","og_locale":"sq_AL","og_type":"article","og_title":"N\u00cb DET N\u00cb GREQI ME SECIL\u00cbN VAKSINC\u00cb APO TEST NEGATIC - Republika e S\u00ebrbis\u00eb Trupi Koordinues p\u00ebr komunat Bujanoc, Preshev\u00eb dhe Medvegj\u00eb","og_description":"Beograd -\u00a0Ministri i turizmit i Greqis\u00eb, Harris Teoharis, tha dje n\u00eb Beograd se t\u00eb gjitha vaksinat kund\u00ebr kovid-19 do t\u00eb pranohen p\u00ebr udh\u00ebtime nga Serbia n\u00eb at\u00eb vend, si dhe do t\u00eb njihen PCR dhe testet e antigjenit.","og_url":"https:\/\/kt.gov.rs\/sq\/ne-det-ne-greqi-me-secilen-vaksince-apo-test-negatic\/","og_site_name":"Republika e S\u00ebrbis\u00eb Trupi Koordinues p\u00ebr komunat Bujanoc, Preshev\u00eb dhe Medvegj\u00eb","article_publisher":"https:\/\/www.facebook.com\/SluzbaKoordinacionogTelaVladeRepublikeSrbije","article_published_time":"2021-03-30T00:00:00+00:00","article_modified_time":"2024-07-30T18:00:38+00:00","og_image":[{"width":315,"height":230,"url":"https:\/\/kt.gov.rs\/wp-content\/uploads\/2024\/07\/1617093154_300321_1-5.jpg","type":"image\/jpeg"}],"author":"ktmin","twitter_card":"summary_large_image","twitter_creator":"@kt_gov","twitter_site":"@kt_gov","twitter_misc":{"Written by":"ktmin","Est. reading time":"2 minutes"},"schema":{"@context":"https:\/\/schema.org","@graph":[{"@type":"Article","@id":"https:\/\/kt.gov.rs\/sq\/ne-det-ne-greqi-me-secilen-vaksince-apo-test-negatic\/#article","isPartOf":{"@id":"https:\/\/kt.gov.rs\/sq\/ne-det-ne-greqi-me-secilen-vaksince-apo-test-negatic\/"},"author":{"name":"ktmin","@id":"https:\/\/kt.gov.rs\/#\/schema\/person\/e426459ddb4173309103390602694571"},"headline":"N\u00cb DET N\u00cb GREQI ME SECIL\u00cbN VAKSINC\u00cb APO TEST NEGATIC","datePublished":"2021-03-30T00:00:00+00:00","dateModified":"2024-07-30T18:00:38+00:00","mainEntityOfPage":{"@id":"https:\/\/kt.gov.rs\/sq\/ne-det-ne-greqi-me-secilen-vaksince-apo-test-negatic\/"},"wordCount":461,"publisher":{"@id":"https:\/\/kt.gov.rs\/#organization"},"image":{"@id":"https:\/\/kt.gov.rs\/sq\/ne-det-ne-greqi-me-secilen-vaksince-apo-test-negatic\/#primaryimage"},"thumbnailUrl":"https:\/\/kt.gov.rs\/wp-content\/uploads\/2024\/07\/1617093154_300321_1-5.jpg","articleSection":["Lajme"],"inLanguage":"sq-AL"},{"@type":"WebPage","@id":"https:\/\/kt.gov.rs\/sq\/ne-det-ne-greqi-me-secilen-vaksince-apo-test-negatic\/","url":"https:\/\/kt.gov.rs\/sq\/ne-det-ne-greqi-me-secilen-vaksince-apo-test-negatic\/","name":"N\u00cb DET N\u00cb GREQI ME SECIL\u00cbN VAKSINC\u00cb APO TEST NEGATIC - Republika e S\u00ebrbis\u00eb Trupi Koordinues p\u00ebr komunat Bujanoc, Preshev\u00eb dhe Medvegj\u00eb","isPartOf":{"@id":"https:\/\/kt.gov.rs\/#website"},"primaryImageOfPage":{"@id":"https:\/\/kt.gov.rs\/sq\/ne-det-ne-greqi-me-secilen-vaksince-apo-test-negatic\/#primaryimage"},"image":{"@id":"https:\/\/kt.gov.rs\/sq\/ne-det-ne-greqi-me-secilen-vaksince-apo-test-negatic\/#primaryimage"},"thumbnailUrl":"https:\/\/kt.gov.rs\/wp-content\/uploads\/2024\/07\/1617093154_300321_1-5.jpg","datePublished":"2021-03-30T00:00:00+00:00","dateModified":"2024-07-30T18:00:38+00:00","breadcrumb":{"@id":"https:\/\/kt.gov.rs\/sq\/ne-det-ne-greqi-me-secilen-vaksince-apo-test-negatic\/#breadcrumb"},"inLanguage":"sq-AL","potentialAction":[{"@type":"ReadAction","target":["https:\/\/kt.gov.rs\/sq\/ne-det-ne-greqi-me-secilen-vaksince-apo-test-negatic\/"]}]},{"@type":"ImageObject","inLanguage":"sq-AL","@id":"https:\/\/kt.gov.rs\/sq\/ne-det-ne-greqi-me-secilen-vaksince-apo-test-negatic\/#primaryimage","url":"https:\/\/kt.gov.rs\/wp-content\/uploads\/2024\/07\/1617093154_300321_1-5.jpg","contentUrl":"https:\/\/kt.gov.rs\/wp-content\/uploads\/2024\/07\/1617093154_300321_1-5.jpg","width":315,"height":230},{"@type":"BreadcrumbList","@id":"https:\/\/kt.gov.rs\/sq\/ne-det-ne-greqi-me-secilen-vaksince-apo-test-negatic\/#breadcrumb","itemListElement":[{"@type":"ListItem","position":1,"name":"\u041f\u043e\u0447\u0435\u0442\u043d\u0430","item":"https:\/\/kt.gov.rs\/sq\/"},{"@type":"ListItem","position":2,"name":"N\u00cb DET N\u00cb GREQI ME SECIL\u00cbN VAKSINC\u00cb APO TEST NEGATIC"}]},{"@type":"WebSite","@id":"https:\/\/kt.gov.rs\/#website","url":"https:\/\/kt.gov.rs\/","name":"\u041a\u043e\u043e\u0440\u0434\u0438\u043d\u0430\u0446\u0438\u043e\u043d\u043e \u0442\u0435\u043b\u043e \u0412\u043b\u0430\u0434\u0435 \u0420\u0435\u043f\u0443\u0431\u043b\u0438\u043a\u0435 \u0421\u0440\u0431\u0438\u0458\u0435 \u0437\u0430 \u043e\u043f\u0448\u0442\u0438\u043d\u0435 \u041f\u0440\u0435\u0448\u0435\u0432\u043e, \u0411\u0443\u0458\u0430\u043d\u043e\u0432\u0430\u0446 \u0438 \u041c\u0435\u0434\u0432\u0435\u0452a","description":"","publisher":{"@id":"https:\/\/kt.gov.rs\/#organization"},"alternateName":"\u041a\u043e\u043e\u0440\u0434\u0438\u043d\u0430\u0446\u0438\u043e\u043d\u043e \u0442\u0435\u043b\u043e","potentialAction":[{"@type":"SearchAction","target":{"@type":"EntryPoint","urlTemplate":"https:\/\/kt.gov.rs\/?s={search_term_string}"},"query-input":{"@type":"PropertyValueSpecification","valueRequired":true,"valueName":"search_term_string"}}],"inLanguage":"sq-AL"},{"@type":"Organization","@id":"https:\/\/kt.gov.rs\/#organization","name":"\u041a\u043e\u043e\u0440\u0434\u0438\u043d\u0430\u0446\u0438\u043e\u043d\u043e \u0442\u0435\u043b\u043e \u0412\u043b\u0430\u0434\u0435 \u0420\u0435\u043f\u0443\u0431\u043b\u0438\u043a\u0435 \u0421\u0440\u0431\u0438\u0458\u0435 \u0437\u0430 \u043e\u043f\u0448\u0442\u0438\u043d\u0435 \u041f\u0440\u0435\u0448\u0435\u0432\u043e, \u0411\u0443\u0458\u0430\u043d\u043e\u0432\u0430\u0446 \u0438 \u041c\u0435\u0434\u0432\u0435\u0452a","alternateName":"\u041a\u043e\u043e\u0440\u0434\u0438\u043d\u0430\u0446\u0438\u043e\u043d\u043e \u0442\u0435\u043b\u043e","url":"https:\/\/kt.gov.rs\/","logo":{"@type":"ImageObject","inLanguage":"sq-AL","@id":"https:\/\/kt.gov.rs\/#\/schema\/logo\/image\/","url":"https:\/\/kt.gov.rs\/wp-content\/uploads\/2024\/12\/koord2.jpg","contentUrl":"https:\/\/kt.gov.rs\/wp-content\/uploads\/2024\/12\/koord2.jpg","width":640,"height":480,"caption":"\u041a\u043e\u043e\u0440\u0434\u0438\u043d\u0430\u0446\u0438\u043e\u043d\u043e \u0442\u0435\u043b\u043e \u0412\u043b\u0430\u0434\u0435 \u0420\u0435\u043f\u0443\u0431\u043b\u0438\u043a\u0435 \u0421\u0440\u0431\u0438\u0458\u0435 \u0437\u0430 \u043e\u043f\u0448\u0442\u0438\u043d\u0435 \u041f\u0440\u0435\u0448\u0435\u0432\u043e, \u0411\u0443\u0458\u0430\u043d\u043e\u0432\u0430\u0446 \u0438 \u041c\u0435\u0434\u0432\u0435\u0452a"},"image":{"@id":"https:\/\/kt.gov.rs\/#\/schema\/logo\/image\/"},"sameAs":["https:\/\/www.facebook.com\/SluzbaKoordinacionogTelaVladeRepublikeSrbije","https:\/\/x.com\/kt_gov","https:\/\/www.youtube.com\/@koordinacionotelo"]},{"@type":"Person","@id":"https:\/\/kt.gov.rs\/#\/schema\/person\/e426459ddb4173309103390602694571","name":"ktmin","image":{"@type":"ImageObject","inLanguage":"sq-AL","@id":"https:\/\/secure.gravatar.com\/avatar\/3985c961109853010c3fbc7ba30365bfba5db3dd6c525831d9c595c7525a615a?s=96&d=mm&r=g","url":"https:\/\/secure.gravatar.com\/avatar\/3985c961109853010c3fbc7ba30365bfba5db3dd6c525831d9c595c7525a615a?s=96&d=mm&r=g","contentUrl":"https:\/\/secure.gravatar.com\/avatar\/3985c961109853010c3fbc7ba30365bfba5db3dd6c525831d9c595c7525a615a?s=96&d=mm&r=g","caption":"ktmin"},"sameAs":["https:\/\/kt.gov.rs"],"url":"https:\/\/kt.gov.rs\/sq\/author\/ktmin\/"}]}},"_links":{"self":[{"href":"https:\/\/kt.gov.rs\/sq\/wp-json\/wp\/v2\/posts\/109932","targetHints":{"allow":["GET"]}}],"collection":[{"href":"https:\/\/kt.gov.rs\/sq\/wp-json\/wp\/v2\/posts"}],"about":[{"href":"https:\/\/kt.gov.rs\/sq\/wp-json\/wp\/v2\/types\/post"}],"author":[{"embeddable":true,"href":"https:\/\/kt.gov.rs\/sq\/wp-json\/wp\/v2\/users\/1"}],"replies":[{"embeddable":true,"href":"https:\/\/kt.gov.rs\/sq\/wp-json\/wp\/v2\/comments?post=109932"}],"version-history":[{"count":1,"href":"https:\/\/kt.gov.rs\/sq\/wp-json\/wp\/v2\/posts\/109932\/revisions"}],"predecessor-version":[{"id":109936,"href":"https:\/\/kt.gov.rs\/sq\/wp-json\/wp\/v2\/posts\/109932\/revisions\/109936"}],"wp:featuredmedia":[{"embeddable":true,"href":"https:\/\/kt.gov.rs\/sq\/wp-json\/wp\/v2\/media\/109937"}],"wp:attachment":[{"href":"https:\/\/kt.gov.rs\/sq\/wp-json\/wp\/v2\/media?parent=109932"}],"wp:term":[{"taxonomy":"category","embeddable":true,"href":"https:\/\/kt.gov.rs\/sq\/wp-json\/wp\/v2\/categories?post=109932"},{"taxonomy":"post_tag","embeddable":true,"href":"https:\/\/kt.gov.rs\/sq\/wp-json\/wp\/v2\/tags?post=109932"}],"curies":[{"name":"wp","href":"https:\/\/api.w.org\/{rel}","templated":true}]}}