{"id":109876,"date":"2021-03-31T00:00:00","date_gmt":"2021-03-31T00:00:00","guid":{"rendered":"http:\/\/kt.printandscreen.rs\/pagat-mesatare-ne-medvegje-dhe-crna-trava-jane-me-te-larta-se-ne-leskovc\/"},"modified":"2024-07-30T18:00:33","modified_gmt":"2024-07-30T18:00:33","slug":"pagat-mesatare-ne-medvegje-dhe-crna-trava-jane-me-te-larta-se-ne-leskovc","status":"publish","type":"post","link":"https:\/\/kt.gov.rs\/sq\/pagat-mesatare-ne-medvegje-dhe-crna-trava-jane-me-te-larta-se-ne-leskovc\/","title":{"rendered":"PAGAT MESATARE N\u00cb MEDVEGJ\u00cb DHE CRNA TRAVA JAN\u00cb M\u00cb T\u00cb LARTA SE N\u00cb LESKOVC"},"content":{"rendered":"<p>\n\t<strong><img decoding=\"async\" alt=\"\" src=\"https:\/\/kt.gov.rs\/wp-content\/uploads\/2024\/07\/1617184955_31032021_04-4.jpg\" style=\"width: 315px; height: 230px; float: left;\" \/><\/strong>Medvegj\u00eb\u00a0-Nga t\u00eb dh\u00ebnat zyrtare statistikore mbi fitimet neto n\u00eb janar t\u00eb k\u00ebtij viti, mund t\u00eb thuhet se \u00ebsht\u00eb m\u00eb fitimprur\u00ebse t\u00eb jetosh n\u00eb Medvegj\u00eb ose Crna Trava sesa n\u00eb Leskovc, sepse pagat n\u00eb ato dy komuna ekonomikisht t\u00eb pazhvilluara ishin m\u00eb t\u00eb larta se n\u00eb qytetin n\u00eb Veternic, ku vet\u00ebm fabrikat pun\u00ebsuan rreth 10,000 njer\u00ebz.<\/p>\n<p>\n\tPagat n\u00eb janar ishin m\u00eb t\u00eb ul\u00ebta n\u00eb pothuajse t\u00eb gjitha qytetet dhe komunat n\u00eb Serbi sesa n\u00eb dhjetor t\u00eb vitit t\u00eb kaluar \u00a0dhe n\u00eb rrethin e Jablanic\u00ebs ato ishin m\u00eb t\u00eb larta vet\u00ebm n\u00eb dy komunat e lartp\u00ebrmendura.<\/p>\n<p>\n\tPaga mesatare neto n\u00eb Serbi n\u00eb janar 2021 arriti n\u00eb 63,108 dinar\u00eb, 5.3 p\u00ebrqind m\u00eb pak se nj\u00eb muaj m\u00eb par\u00eb.<\/p>\n<p>\n\tN\u00eb komun\u00ebn e Medvegj\u00ebs, paga mesatare neto n\u00eb janar 2021 ishte 55.143 dinar\u00eb, 1.4 p\u00ebrqind m\u00eb shum\u00eb se nj\u00eb muaj m\u00eb par\u00eb, dhe n\u00eb Crna Trava 49.968 dinar\u00eb, 0.7 m\u00eb shum\u00eb se n\u00eb dhjetor 2020.<\/p>\n<p>\n\tKjo pag\u00eb n\u00eb zon\u00ebn e qytetit t\u00eb Leskovcit arriti n\u00eb 49.488 dinar\u00eb, 3.1 p\u00ebrqind m\u00eb pak se muajin e kaluar<\/p>\n<p>\n\tAjo \u00ebsht\u00eb e njohur p\u00ebr Medvegj\u00ebn q\u00eb pagat e minator\u00ebve n\u00eb minier\u00ebn &quot;Lece&quot; rrisin mesataren, dhe p\u00ebr Crna Trava \u00ebsht\u00eb e paqart\u00eb, duke marr\u00eb parasysh q\u00eb shumica e punonj\u00ebsve punojn\u00eb n\u00eb vet\u00ebqeverisjen lokale me nj\u00eb buxhet modest.<\/p>\n<p>\n\tP\u00ebrndryshe, rrethi i Jablanic\u00ebs \u00ebsht\u00eb ende n\u00eb nj\u00eb sfond fam\u00ebkeq mbi k\u00ebt\u00eb baz\u00eb, si dhe qyteti i Leskovcit, qendra e tij ekonomike dhe administrative.<\/p>\n<p>\n\t<strong>Burimi: Jugmedia dhe Trupi Koordinues<\/strong><\/p>\n<p>\n\t\u00a0<\/p>\n","protected":false},"excerpt":{"rendered":"<p>Medvegj\u00eb\u00a0-Nga t\u00eb dh\u00ebnat zyrtare statistikore mbi fitimet neto n\u00eb janar t\u00eb k\u00ebtij viti, mund t\u00eb thuhet se \u00ebsht\u00eb m\u00eb fitimprur\u00ebse t\u00eb jetosh n\u00eb Medvegj\u00eb ose Crna Trava sesa n\u00eb Leskovc, sepse pagat n\u00eb ato dy komuna ekonomikisht t\u00eb pazhvilluara ishin m\u00eb t\u00eb larta se n\u00eb qytetin n\u00eb Veternic, ku vet\u00ebm fabrikat pun\u00ebsuan rreth 10,000 njer\u00ebz.<\/p>\n","protected":false},"author":1,"featured_media":109881,"comment_status":"closed","ping_status":"closed","sticky":false,"template":"","format":"standard","meta":{"footnotes":""},"categories":[55],"tags":[],"class_list":["post-109876","post","type-post","status-publish","format-standard","has-post-thumbnail","hentry","category-lajme"],"yoast_head":"<!-- This site is optimized with the Yoast SEO plugin v27.5 - https:\/\/yoast.com\/product\/yoast-seo-wordpress\/ -->\n<title>PAGAT MESATARE N\u00cb MEDVEGJ\u00cb DHE CRNA TRAVA JAN\u00cb M\u00cb T\u00cb LARTA SE N\u00cb LESKOVC - Republika e S\u00ebrbis\u00eb Trupi Koordinues p\u00ebr komunat Bujanoc, Preshev\u00eb dhe Medvegj\u00eb<\/title>\n<meta name=\"robots\" content=\"index, follow, max-snippet:-1, max-image-preview:large, max-video-preview:-1\" \/>\n<link rel=\"canonical\" href=\"https:\/\/kt.gov.rs\/sq\/pagat-mesatare-ne-medvegje-dhe-crna-trava-jane-me-te-larta-se-ne-leskovc\/\" \/>\n<meta property=\"og:locale\" content=\"sq_AL\" \/>\n<meta property=\"og:type\" content=\"article\" \/>\n<meta property=\"og:title\" content=\"PAGAT MESATARE N\u00cb MEDVEGJ\u00cb DHE CRNA TRAVA JAN\u00cb M\u00cb T\u00cb LARTA SE N\u00cb LESKOVC - Republika e S\u00ebrbis\u00eb Trupi Koordinues p\u00ebr komunat Bujanoc, Preshev\u00eb dhe Medvegj\u00eb\" \/>\n<meta property=\"og:description\" content=\"Medvegj\u00eb\u00a0-Nga t\u00eb dh\u00ebnat zyrtare statistikore mbi fitimet neto n\u00eb janar t\u00eb k\u00ebtij viti, mund t\u00eb thuhet se \u00ebsht\u00eb m\u00eb fitimprur\u00ebse t\u00eb jetosh n\u00eb Medvegj\u00eb ose Crna Trava sesa n\u00eb Leskovc, sepse pagat n\u00eb ato dy komuna ekonomikisht t\u00eb pazhvilluara ishin m\u00eb t\u00eb larta se n\u00eb qytetin n\u00eb Veternic, ku vet\u00ebm fabrikat pun\u00ebsuan rreth 10,000 njer\u00ebz.\" \/>\n<meta property=\"og:url\" content=\"https:\/\/kt.gov.rs\/sq\/pagat-mesatare-ne-medvegje-dhe-crna-trava-jane-me-te-larta-se-ne-leskovc\/\" \/>\n<meta property=\"og:site_name\" content=\"Republika e S\u00ebrbis\u00eb Trupi Koordinues p\u00ebr komunat Bujanoc, Preshev\u00eb dhe Medvegj\u00eb\" \/>\n<meta property=\"article:publisher\" content=\"https:\/\/www.facebook.com\/SluzbaKoordinacionogTelaVladeRepublikeSrbije\" \/>\n<meta property=\"article:published_time\" content=\"2021-03-31T00:00:00+00:00\" \/>\n<meta property=\"article:modified_time\" content=\"2024-07-30T18:00:33+00:00\" \/>\n<meta property=\"og:image\" content=\"https:\/\/kt.gov.rs\/wp-content\/uploads\/2024\/07\/1617184955_31032021_04-5.jpg\" \/>\n\t<meta property=\"og:image:width\" content=\"315\" \/>\n\t<meta property=\"og:image:height\" content=\"230\" \/>\n\t<meta property=\"og:image:type\" content=\"image\/jpeg\" \/>\n<meta name=\"author\" content=\"ktmin\" \/>\n<meta name=\"twitter:card\" content=\"summary_large_image\" \/>\n<meta name=\"twitter:creator\" content=\"@kt_gov\" \/>\n<meta name=\"twitter:site\" content=\"@kt_gov\" \/>\n<meta name=\"twitter:label1\" content=\"Written by\" \/>\n\t<meta name=\"twitter:data1\" content=\"ktmin\" \/>\n\t<meta name=\"twitter:label2\" content=\"Est. reading time\" \/>\n\t<meta name=\"twitter:data2\" content=\"2 minutes\" \/>\n<script type=\"application\/ld+json\" class=\"yoast-schema-graph\">{\"@context\":\"https:\\\/\\\/schema.org\",\"@graph\":[{\"@type\":\"Article\",\"@id\":\"https:\\\/\\\/kt.gov.rs\\\/sq\\\/pagat-mesatare-ne-medvegje-dhe-crna-trava-jane-me-te-larta-se-ne-leskovc\\\/#article\",\"isPartOf\":{\"@id\":\"https:\\\/\\\/kt.gov.rs\\\/sq\\\/pagat-mesatare-ne-medvegje-dhe-crna-trava-jane-me-te-larta-se-ne-leskovc\\\/\"},\"author\":{\"name\":\"ktmin\",\"@id\":\"https:\\\/\\\/kt.gov.rs\\\/#\\\/schema\\\/person\\\/e426459ddb4173309103390602694571\"},\"headline\":\"PAGAT MESATARE N\u00cb MEDVEGJ\u00cb DHE CRNA TRAVA JAN\u00cb M\u00cb T\u00cb LARTA SE N\u00cb LESKOVC\",\"datePublished\":\"2021-03-31T00:00:00+00:00\",\"dateModified\":\"2024-07-30T18:00:33+00:00\",\"mainEntityOfPage\":{\"@id\":\"https:\\\/\\\/kt.gov.rs\\\/sq\\\/pagat-mesatare-ne-medvegje-dhe-crna-trava-jane-me-te-larta-se-ne-leskovc\\\/\"},\"wordCount\":374,\"publisher\":{\"@id\":\"https:\\\/\\\/kt.gov.rs\\\/#organization\"},\"image\":{\"@id\":\"https:\\\/\\\/kt.gov.rs\\\/sq\\\/pagat-mesatare-ne-medvegje-dhe-crna-trava-jane-me-te-larta-se-ne-leskovc\\\/#primaryimage\"},\"thumbnailUrl\":\"https:\\\/\\\/kt.gov.rs\\\/wp-content\\\/uploads\\\/2024\\\/07\\\/1617184955_31032021_04-5.jpg\",\"articleSection\":[\"Lajme\"],\"inLanguage\":\"sq-AL\"},{\"@type\":\"WebPage\",\"@id\":\"https:\\\/\\\/kt.gov.rs\\\/sq\\\/pagat-mesatare-ne-medvegje-dhe-crna-trava-jane-me-te-larta-se-ne-leskovc\\\/\",\"url\":\"https:\\\/\\\/kt.gov.rs\\\/sq\\\/pagat-mesatare-ne-medvegje-dhe-crna-trava-jane-me-te-larta-se-ne-leskovc\\\/\",\"name\":\"PAGAT MESATARE N\u00cb MEDVEGJ\u00cb DHE CRNA TRAVA JAN\u00cb M\u00cb T\u00cb LARTA SE N\u00cb LESKOVC - Republika e S\u00ebrbis\u00eb Trupi Koordinues p\u00ebr komunat Bujanoc, Preshev\u00eb dhe Medvegj\u00eb\",\"isPartOf\":{\"@id\":\"https:\\\/\\\/kt.gov.rs\\\/#website\"},\"primaryImageOfPage\":{\"@id\":\"https:\\\/\\\/kt.gov.rs\\\/sq\\\/pagat-mesatare-ne-medvegje-dhe-crna-trava-jane-me-te-larta-se-ne-leskovc\\\/#primaryimage\"},\"image\":{\"@id\":\"https:\\\/\\\/kt.gov.rs\\\/sq\\\/pagat-mesatare-ne-medvegje-dhe-crna-trava-jane-me-te-larta-se-ne-leskovc\\\/#primaryimage\"},\"thumbnailUrl\":\"https:\\\/\\\/kt.gov.rs\\\/wp-content\\\/uploads\\\/2024\\\/07\\\/1617184955_31032021_04-5.jpg\",\"datePublished\":\"2021-03-31T00:00:00+00:00\",\"dateModified\":\"2024-07-30T18:00:33+00:00\",\"breadcrumb\":{\"@id\":\"https:\\\/\\\/kt.gov.rs\\\/sq\\\/pagat-mesatare-ne-medvegje-dhe-crna-trava-jane-me-te-larta-se-ne-leskovc\\\/#breadcrumb\"},\"inLanguage\":\"sq-AL\",\"potentialAction\":[{\"@type\":\"ReadAction\",\"target\":[\"https:\\\/\\\/kt.gov.rs\\\/sq\\\/pagat-mesatare-ne-medvegje-dhe-crna-trava-jane-me-te-larta-se-ne-leskovc\\\/\"]}]},{\"@type\":\"ImageObject\",\"inLanguage\":\"sq-AL\",\"@id\":\"https:\\\/\\\/kt.gov.rs\\\/sq\\\/pagat-mesatare-ne-medvegje-dhe-crna-trava-jane-me-te-larta-se-ne-leskovc\\\/#primaryimage\",\"url\":\"https:\\\/\\\/kt.gov.rs\\\/wp-content\\\/uploads\\\/2024\\\/07\\\/1617184955_31032021_04-5.jpg\",\"contentUrl\":\"https:\\\/\\\/kt.gov.rs\\\/wp-content\\\/uploads\\\/2024\\\/07\\\/1617184955_31032021_04-5.jpg\",\"width\":315,\"height\":230},{\"@type\":\"BreadcrumbList\",\"@id\":\"https:\\\/\\\/kt.gov.rs\\\/sq\\\/pagat-mesatare-ne-medvegje-dhe-crna-trava-jane-me-te-larta-se-ne-leskovc\\\/#breadcrumb\",\"itemListElement\":[{\"@type\":\"ListItem\",\"position\":1,\"name\":\"\u041f\u043e\u0447\u0435\u0442\u043d\u0430\",\"item\":\"https:\\\/\\\/kt.gov.rs\\\/sq\\\/\"},{\"@type\":\"ListItem\",\"position\":2,\"name\":\"PAGAT MESATARE N\u00cb MEDVEGJ\u00cb DHE CRNA TRAVA JAN\u00cb M\u00cb T\u00cb LARTA SE N\u00cb LESKOVC\"}]},{\"@type\":\"WebSite\",\"@id\":\"https:\\\/\\\/kt.gov.rs\\\/#website\",\"url\":\"https:\\\/\\\/kt.gov.rs\\\/\",\"name\":\"\u041a\u043e\u043e\u0440\u0434\u0438\u043d\u0430\u0446\u0438\u043e\u043d\u043e \u0442\u0435\u043b\u043e \u0412\u043b\u0430\u0434\u0435 \u0420\u0435\u043f\u0443\u0431\u043b\u0438\u043a\u0435 \u0421\u0440\u0431\u0438\u0458\u0435 \u0437\u0430 \u043e\u043f\u0448\u0442\u0438\u043d\u0435 \u041f\u0440\u0435\u0448\u0435\u0432\u043e, \u0411\u0443\u0458\u0430\u043d\u043e\u0432\u0430\u0446 \u0438 \u041c\u0435\u0434\u0432\u0435\u0452a\",\"description\":\"\",\"publisher\":{\"@id\":\"https:\\\/\\\/kt.gov.rs\\\/#organization\"},\"alternateName\":\"\u041a\u043e\u043e\u0440\u0434\u0438\u043d\u0430\u0446\u0438\u043e\u043d\u043e \u0442\u0435\u043b\u043e\",\"potentialAction\":[{\"@type\":\"SearchAction\",\"target\":{\"@type\":\"EntryPoint\",\"urlTemplate\":\"https:\\\/\\\/kt.gov.rs\\\/?s={search_term_string}\"},\"query-input\":{\"@type\":\"PropertyValueSpecification\",\"valueRequired\":true,\"valueName\":\"search_term_string\"}}],\"inLanguage\":\"sq-AL\"},{\"@type\":\"Organization\",\"@id\":\"https:\\\/\\\/kt.gov.rs\\\/#organization\",\"name\":\"\u041a\u043e\u043e\u0440\u0434\u0438\u043d\u0430\u0446\u0438\u043e\u043d\u043e \u0442\u0435\u043b\u043e \u0412\u043b\u0430\u0434\u0435 \u0420\u0435\u043f\u0443\u0431\u043b\u0438\u043a\u0435 \u0421\u0440\u0431\u0438\u0458\u0435 \u0437\u0430 \u043e\u043f\u0448\u0442\u0438\u043d\u0435 \u041f\u0440\u0435\u0448\u0435\u0432\u043e, \u0411\u0443\u0458\u0430\u043d\u043e\u0432\u0430\u0446 \u0438 \u041c\u0435\u0434\u0432\u0435\u0452a\",\"alternateName\":\"\u041a\u043e\u043e\u0440\u0434\u0438\u043d\u0430\u0446\u0438\u043e\u043d\u043e \u0442\u0435\u043b\u043e\",\"url\":\"https:\\\/\\\/kt.gov.rs\\\/\",\"logo\":{\"@type\":\"ImageObject\",\"inLanguage\":\"sq-AL\",\"@id\":\"https:\\\/\\\/kt.gov.rs\\\/#\\\/schema\\\/logo\\\/image\\\/\",\"url\":\"https:\\\/\\\/kt.gov.rs\\\/wp-content\\\/uploads\\\/2024\\\/12\\\/koord2.jpg\",\"contentUrl\":\"https:\\\/\\\/kt.gov.rs\\\/wp-content\\\/uploads\\\/2024\\\/12\\\/koord2.jpg\",\"width\":640,\"height\":480,\"caption\":\"\u041a\u043e\u043e\u0440\u0434\u0438\u043d\u0430\u0446\u0438\u043e\u043d\u043e \u0442\u0435\u043b\u043e \u0412\u043b\u0430\u0434\u0435 \u0420\u0435\u043f\u0443\u0431\u043b\u0438\u043a\u0435 \u0421\u0440\u0431\u0438\u0458\u0435 \u0437\u0430 \u043e\u043f\u0448\u0442\u0438\u043d\u0435 \u041f\u0440\u0435\u0448\u0435\u0432\u043e, \u0411\u0443\u0458\u0430\u043d\u043e\u0432\u0430\u0446 \u0438 \u041c\u0435\u0434\u0432\u0435\u0452a\"},\"image\":{\"@id\":\"https:\\\/\\\/kt.gov.rs\\\/#\\\/schema\\\/logo\\\/image\\\/\"},\"sameAs\":[\"https:\\\/\\\/www.facebook.com\\\/SluzbaKoordinacionogTelaVladeRepublikeSrbije\",\"https:\\\/\\\/x.com\\\/kt_gov\",\"https:\\\/\\\/www.youtube.com\\\/@koordinacionotelo\"]},{\"@type\":\"Person\",\"@id\":\"https:\\\/\\\/kt.gov.rs\\\/#\\\/schema\\\/person\\\/e426459ddb4173309103390602694571\",\"name\":\"ktmin\",\"image\":{\"@type\":\"ImageObject\",\"inLanguage\":\"sq-AL\",\"@id\":\"https:\\\/\\\/secure.gravatar.com\\\/avatar\\\/3985c961109853010c3fbc7ba30365bfba5db3dd6c525831d9c595c7525a615a?s=96&d=mm&r=g\",\"url\":\"https:\\\/\\\/secure.gravatar.com\\\/avatar\\\/3985c961109853010c3fbc7ba30365bfba5db3dd6c525831d9c595c7525a615a?s=96&d=mm&r=g\",\"contentUrl\":\"https:\\\/\\\/secure.gravatar.com\\\/avatar\\\/3985c961109853010c3fbc7ba30365bfba5db3dd6c525831d9c595c7525a615a?s=96&d=mm&r=g\",\"caption\":\"ktmin\"},\"sameAs\":[\"https:\\\/\\\/kt.gov.rs\"],\"url\":\"https:\\\/\\\/kt.gov.rs\\\/sq\\\/author\\\/ktmin\\\/\"}]}<\/script>\n<!-- \/ Yoast SEO plugin. -->","yoast_head_json":{"title":"PAGAT MESATARE N\u00cb MEDVEGJ\u00cb DHE CRNA TRAVA JAN\u00cb M\u00cb T\u00cb LARTA SE N\u00cb LESKOVC - Republika e S\u00ebrbis\u00eb Trupi Koordinues p\u00ebr komunat Bujanoc, Preshev\u00eb dhe Medvegj\u00eb","robots":{"index":"index","follow":"follow","max-snippet":"max-snippet:-1","max-image-preview":"max-image-preview:large","max-video-preview":"max-video-preview:-1"},"canonical":"https:\/\/kt.gov.rs\/sq\/pagat-mesatare-ne-medvegje-dhe-crna-trava-jane-me-te-larta-se-ne-leskovc\/","og_locale":"sq_AL","og_type":"article","og_title":"PAGAT MESATARE N\u00cb MEDVEGJ\u00cb DHE CRNA TRAVA JAN\u00cb M\u00cb T\u00cb LARTA SE N\u00cb LESKOVC - Republika e S\u00ebrbis\u00eb Trupi Koordinues p\u00ebr komunat Bujanoc, Preshev\u00eb dhe Medvegj\u00eb","og_description":"Medvegj\u00eb\u00a0-Nga t\u00eb dh\u00ebnat zyrtare statistikore mbi fitimet neto n\u00eb janar t\u00eb k\u00ebtij viti, mund t\u00eb thuhet se \u00ebsht\u00eb m\u00eb fitimprur\u00ebse t\u00eb jetosh n\u00eb Medvegj\u00eb ose Crna Trava sesa n\u00eb Leskovc, sepse pagat n\u00eb ato dy komuna ekonomikisht t\u00eb pazhvilluara ishin m\u00eb t\u00eb larta se n\u00eb qytetin n\u00eb Veternic, ku vet\u00ebm fabrikat pun\u00ebsuan rreth 10,000 njer\u00ebz.","og_url":"https:\/\/kt.gov.rs\/sq\/pagat-mesatare-ne-medvegje-dhe-crna-trava-jane-me-te-larta-se-ne-leskovc\/","og_site_name":"Republika e S\u00ebrbis\u00eb Trupi Koordinues p\u00ebr komunat Bujanoc, Preshev\u00eb dhe Medvegj\u00eb","article_publisher":"https:\/\/www.facebook.com\/SluzbaKoordinacionogTelaVladeRepublikeSrbije","article_published_time":"2021-03-31T00:00:00+00:00","article_modified_time":"2024-07-30T18:00:33+00:00","og_image":[{"width":315,"height":230,"url":"https:\/\/kt.gov.rs\/wp-content\/uploads\/2024\/07\/1617184955_31032021_04-5.jpg","type":"image\/jpeg"}],"author":"ktmin","twitter_card":"summary_large_image","twitter_creator":"@kt_gov","twitter_site":"@kt_gov","twitter_misc":{"Written by":"ktmin","Est. reading time":"2 minutes"},"schema":{"@context":"https:\/\/schema.org","@graph":[{"@type":"Article","@id":"https:\/\/kt.gov.rs\/sq\/pagat-mesatare-ne-medvegje-dhe-crna-trava-jane-me-te-larta-se-ne-leskovc\/#article","isPartOf":{"@id":"https:\/\/kt.gov.rs\/sq\/pagat-mesatare-ne-medvegje-dhe-crna-trava-jane-me-te-larta-se-ne-leskovc\/"},"author":{"name":"ktmin","@id":"https:\/\/kt.gov.rs\/#\/schema\/person\/e426459ddb4173309103390602694571"},"headline":"PAGAT MESATARE N\u00cb MEDVEGJ\u00cb DHE CRNA TRAVA JAN\u00cb M\u00cb T\u00cb LARTA SE N\u00cb LESKOVC","datePublished":"2021-03-31T00:00:00+00:00","dateModified":"2024-07-30T18:00:33+00:00","mainEntityOfPage":{"@id":"https:\/\/kt.gov.rs\/sq\/pagat-mesatare-ne-medvegje-dhe-crna-trava-jane-me-te-larta-se-ne-leskovc\/"},"wordCount":374,"publisher":{"@id":"https:\/\/kt.gov.rs\/#organization"},"image":{"@id":"https:\/\/kt.gov.rs\/sq\/pagat-mesatare-ne-medvegje-dhe-crna-trava-jane-me-te-larta-se-ne-leskovc\/#primaryimage"},"thumbnailUrl":"https:\/\/kt.gov.rs\/wp-content\/uploads\/2024\/07\/1617184955_31032021_04-5.jpg","articleSection":["Lajme"],"inLanguage":"sq-AL"},{"@type":"WebPage","@id":"https:\/\/kt.gov.rs\/sq\/pagat-mesatare-ne-medvegje-dhe-crna-trava-jane-me-te-larta-se-ne-leskovc\/","url":"https:\/\/kt.gov.rs\/sq\/pagat-mesatare-ne-medvegje-dhe-crna-trava-jane-me-te-larta-se-ne-leskovc\/","name":"PAGAT MESATARE N\u00cb MEDVEGJ\u00cb DHE CRNA TRAVA JAN\u00cb M\u00cb T\u00cb LARTA SE N\u00cb LESKOVC - Republika e S\u00ebrbis\u00eb Trupi Koordinues p\u00ebr komunat Bujanoc, Preshev\u00eb dhe Medvegj\u00eb","isPartOf":{"@id":"https:\/\/kt.gov.rs\/#website"},"primaryImageOfPage":{"@id":"https:\/\/kt.gov.rs\/sq\/pagat-mesatare-ne-medvegje-dhe-crna-trava-jane-me-te-larta-se-ne-leskovc\/#primaryimage"},"image":{"@id":"https:\/\/kt.gov.rs\/sq\/pagat-mesatare-ne-medvegje-dhe-crna-trava-jane-me-te-larta-se-ne-leskovc\/#primaryimage"},"thumbnailUrl":"https:\/\/kt.gov.rs\/wp-content\/uploads\/2024\/07\/1617184955_31032021_04-5.jpg","datePublished":"2021-03-31T00:00:00+00:00","dateModified":"2024-07-30T18:00:33+00:00","breadcrumb":{"@id":"https:\/\/kt.gov.rs\/sq\/pagat-mesatare-ne-medvegje-dhe-crna-trava-jane-me-te-larta-se-ne-leskovc\/#breadcrumb"},"inLanguage":"sq-AL","potentialAction":[{"@type":"ReadAction","target":["https:\/\/kt.gov.rs\/sq\/pagat-mesatare-ne-medvegje-dhe-crna-trava-jane-me-te-larta-se-ne-leskovc\/"]}]},{"@type":"ImageObject","inLanguage":"sq-AL","@id":"https:\/\/kt.gov.rs\/sq\/pagat-mesatare-ne-medvegje-dhe-crna-trava-jane-me-te-larta-se-ne-leskovc\/#primaryimage","url":"https:\/\/kt.gov.rs\/wp-content\/uploads\/2024\/07\/1617184955_31032021_04-5.jpg","contentUrl":"https:\/\/kt.gov.rs\/wp-content\/uploads\/2024\/07\/1617184955_31032021_04-5.jpg","width":315,"height":230},{"@type":"BreadcrumbList","@id":"https:\/\/kt.gov.rs\/sq\/pagat-mesatare-ne-medvegje-dhe-crna-trava-jane-me-te-larta-se-ne-leskovc\/#breadcrumb","itemListElement":[{"@type":"ListItem","position":1,"name":"\u041f\u043e\u0447\u0435\u0442\u043d\u0430","item":"https:\/\/kt.gov.rs\/sq\/"},{"@type":"ListItem","position":2,"name":"PAGAT MESATARE N\u00cb MEDVEGJ\u00cb DHE CRNA TRAVA JAN\u00cb M\u00cb T\u00cb LARTA SE N\u00cb LESKOVC"}]},{"@type":"WebSite","@id":"https:\/\/kt.gov.rs\/#website","url":"https:\/\/kt.gov.rs\/","name":"\u041a\u043e\u043e\u0440\u0434\u0438\u043d\u0430\u0446\u0438\u043e\u043d\u043e \u0442\u0435\u043b\u043e \u0412\u043b\u0430\u0434\u0435 \u0420\u0435\u043f\u0443\u0431\u043b\u0438\u043a\u0435 \u0421\u0440\u0431\u0438\u0458\u0435 \u0437\u0430 \u043e\u043f\u0448\u0442\u0438\u043d\u0435 \u041f\u0440\u0435\u0448\u0435\u0432\u043e, \u0411\u0443\u0458\u0430\u043d\u043e\u0432\u0430\u0446 \u0438 \u041c\u0435\u0434\u0432\u0435\u0452a","description":"","publisher":{"@id":"https:\/\/kt.gov.rs\/#organization"},"alternateName":"\u041a\u043e\u043e\u0440\u0434\u0438\u043d\u0430\u0446\u0438\u043e\u043d\u043e \u0442\u0435\u043b\u043e","potentialAction":[{"@type":"SearchAction","target":{"@type":"EntryPoint","urlTemplate":"https:\/\/kt.gov.rs\/?s={search_term_string}"},"query-input":{"@type":"PropertyValueSpecification","valueRequired":true,"valueName":"search_term_string"}}],"inLanguage":"sq-AL"},{"@type":"Organization","@id":"https:\/\/kt.gov.rs\/#organization","name":"\u041a\u043e\u043e\u0440\u0434\u0438\u043d\u0430\u0446\u0438\u043e\u043d\u043e \u0442\u0435\u043b\u043e \u0412\u043b\u0430\u0434\u0435 \u0420\u0435\u043f\u0443\u0431\u043b\u0438\u043a\u0435 \u0421\u0440\u0431\u0438\u0458\u0435 \u0437\u0430 \u043e\u043f\u0448\u0442\u0438\u043d\u0435 \u041f\u0440\u0435\u0448\u0435\u0432\u043e, \u0411\u0443\u0458\u0430\u043d\u043e\u0432\u0430\u0446 \u0438 \u041c\u0435\u0434\u0432\u0435\u0452a","alternateName":"\u041a\u043e\u043e\u0440\u0434\u0438\u043d\u0430\u0446\u0438\u043e\u043d\u043e \u0442\u0435\u043b\u043e","url":"https:\/\/kt.gov.rs\/","logo":{"@type":"ImageObject","inLanguage":"sq-AL","@id":"https:\/\/kt.gov.rs\/#\/schema\/logo\/image\/","url":"https:\/\/kt.gov.rs\/wp-content\/uploads\/2024\/12\/koord2.jpg","contentUrl":"https:\/\/kt.gov.rs\/wp-content\/uploads\/2024\/12\/koord2.jpg","width":640,"height":480,"caption":"\u041a\u043e\u043e\u0440\u0434\u0438\u043d\u0430\u0446\u0438\u043e\u043d\u043e \u0442\u0435\u043b\u043e \u0412\u043b\u0430\u0434\u0435 \u0420\u0435\u043f\u0443\u0431\u043b\u0438\u043a\u0435 \u0421\u0440\u0431\u0438\u0458\u0435 \u0437\u0430 \u043e\u043f\u0448\u0442\u0438\u043d\u0435 \u041f\u0440\u0435\u0448\u0435\u0432\u043e, \u0411\u0443\u0458\u0430\u043d\u043e\u0432\u0430\u0446 \u0438 \u041c\u0435\u0434\u0432\u0435\u0452a"},"image":{"@id":"https:\/\/kt.gov.rs\/#\/schema\/logo\/image\/"},"sameAs":["https:\/\/www.facebook.com\/SluzbaKoordinacionogTelaVladeRepublikeSrbije","https:\/\/x.com\/kt_gov","https:\/\/www.youtube.com\/@koordinacionotelo"]},{"@type":"Person","@id":"https:\/\/kt.gov.rs\/#\/schema\/person\/e426459ddb4173309103390602694571","name":"ktmin","image":{"@type":"ImageObject","inLanguage":"sq-AL","@id":"https:\/\/secure.gravatar.com\/avatar\/3985c961109853010c3fbc7ba30365bfba5db3dd6c525831d9c595c7525a615a?s=96&d=mm&r=g","url":"https:\/\/secure.gravatar.com\/avatar\/3985c961109853010c3fbc7ba30365bfba5db3dd6c525831d9c595c7525a615a?s=96&d=mm&r=g","contentUrl":"https:\/\/secure.gravatar.com\/avatar\/3985c961109853010c3fbc7ba30365bfba5db3dd6c525831d9c595c7525a615a?s=96&d=mm&r=g","caption":"ktmin"},"sameAs":["https:\/\/kt.gov.rs"],"url":"https:\/\/kt.gov.rs\/sq\/author\/ktmin\/"}]}},"_links":{"self":[{"href":"https:\/\/kt.gov.rs\/sq\/wp-json\/wp\/v2\/posts\/109876","targetHints":{"allow":["GET"]}}],"collection":[{"href":"https:\/\/kt.gov.rs\/sq\/wp-json\/wp\/v2\/posts"}],"about":[{"href":"https:\/\/kt.gov.rs\/sq\/wp-json\/wp\/v2\/types\/post"}],"author":[{"embeddable":true,"href":"https:\/\/kt.gov.rs\/sq\/wp-json\/wp\/v2\/users\/1"}],"replies":[{"embeddable":true,"href":"https:\/\/kt.gov.rs\/sq\/wp-json\/wp\/v2\/comments?post=109876"}],"version-history":[{"count":1,"href":"https:\/\/kt.gov.rs\/sq\/wp-json\/wp\/v2\/posts\/109876\/revisions"}],"predecessor-version":[{"id":109880,"href":"https:\/\/kt.gov.rs\/sq\/wp-json\/wp\/v2\/posts\/109876\/revisions\/109880"}],"wp:featuredmedia":[{"embeddable":true,"href":"https:\/\/kt.gov.rs\/sq\/wp-json\/wp\/v2\/media\/109881"}],"wp:attachment":[{"href":"https:\/\/kt.gov.rs\/sq\/wp-json\/wp\/v2\/media?parent=109876"}],"wp:term":[{"taxonomy":"category","embeddable":true,"href":"https:\/\/kt.gov.rs\/sq\/wp-json\/wp\/v2\/categories?post=109876"},{"taxonomy":"post_tag","embeddable":true,"href":"https:\/\/kt.gov.rs\/sq\/wp-json\/wp\/v2\/tags?post=109876"}],"curies":[{"name":"wp","href":"https:\/\/api.w.org\/{rel}","templated":true}]}}