{"id":109844,"date":"2021-04-14T00:00:00","date_gmt":"2021-04-14T00:00:00","guid":{"rendered":"http:\/\/kt.printandscreen.rs\/terapia-e-poezise-e-gazetares-jelena-stojkoviq-fitoi-cmimin-lulja-e-barazise\/"},"modified":"2024-07-30T18:00:30","modified_gmt":"2024-07-30T18:00:30","slug":"terapia-e-poezise-e-gazetares-jelena-stojkoviq-fitoi-cmimin-lulja-e-barazise","status":"publish","type":"post","link":"https:\/\/kt.gov.rs\/sq\/terapia-e-poezise-e-gazetares-jelena-stojkoviq-fitoi-cmimin-lulja-e-barazise\/","title":{"rendered":"\u201cTERAPIA E POEZIS\u00cb\u201d E GAZETARES JELENA STOJKOVIQ FITOI \u00c7MIMIN LULJA E BARAZIS\u00cb"},"content":{"rendered":"<p>\n\t<strong><img decoding=\"async\" alt=\"\" src=\"https:\/\/kt.gov.rs\/wp-content\/uploads\/2024\/07\/1618482571_150421_1-2.jpg\" style=\"width: 315px; height: 230px; float: left;\" \/><\/strong><\/p>\n<p>\n\tBeograd \u2013 Bujanoc \u2013 Tregimi &quot;Terapia e Poezis\u00eb&quot;, nga gazetarja Jelena Stojkovi\u0107 nga Vranja, botuar n\u00eb Ve\u010dernji novosti, fitoi konkursin p\u00ebr \u00e7mimin gazetaresk &quot;Lule e Barazis\u00eb&quot; n\u00eb kategorin\u00eb e mediave t\u00eb shkruara.<\/p>\n<p>\n\tKonkursi mori 13 punime gazetareske, dy n\u00eb kategorin\u00eb e reportazheve n\u00eb radio, dy n\u00eb kategorin\u00eb e shtypur, gjasht\u00eb n\u00eb kategorin\u00eb e Internetit dhe tre n\u00eb kategorin\u00eb e reportazheve televizive. Punimet u vler\u00ebsuan nga nj\u00eb juri e p\u00ebrb\u00ebr\u00eb nga: Ljiljana Bukvi\u0107 (Danas) dhe Tatjana Dimitri\u0107 Mijailovi\u0107 (RTS Shabac).<\/p>\n<p>\n\t\u2013 N\u00eb kategorin\u00eb e medias s\u00eb shkruar bie n\u00eb sy tregimi \u201cTerapia e Poezis\u00eb\u201d nga gazetarja Jelena Stojkovikov. Vullneti dhe imagjinata e marketingut t\u00eb vajz\u00ebs p\u00ebr t\u00eb gjetur rrug\u00ebn e saj tek lexuesit me vargjet e saj dhe n\u00eb t\u00eb nj\u00ebjt\u00ebn koh\u00eb t&#39;i siguroj\u00eb vetes mb\u00ebshtetje financiare, me shkatht\u00ebsi dhe pa patetik\u00eb. &quot;Gazetarisht i qart\u00eb dhe konciz&quot;, shpjegoi juria.<\/p>\n<p>\n\t\u00c7mimi &quot;Lulja e Barazis\u00eb&quot; jepet p\u00ebr raportet e mediave q\u00eb kan\u00eb t\u00eb b\u00ebjn\u00eb me \u00e7\u00ebshtje t\u00eb invaliditetit. Aktivitetet, do t\u00eb publikohen t\u00eb drejtat dhe arritjet e personave me aft\u00ebsi t\u00eb kufizuara, t\u00eb cilat publikohen n\u00eb media t\u00eb shkruara, elektronike ose n\u00eb internet me r\u00ebnd\u00ebsi komb\u00ebtare, rajonale dhe lokale. \u00c7mimi afirmon modelin shoq\u00ebror t\u00eb aft\u00ebsis\u00eb s\u00eb kufizuar dhe aktivizmin e personave me aft\u00ebsi t\u00eb kufizuara, promovon potencialin, t\u00eb drejtat, qasjen gjith\u00ebp\u00ebrfshir\u00ebse dhe kreativitetin e tyre.<\/p>\n<p>\n\t<strong>Burimi: Bujanova\u00e7ke dhe Trupi Koordinues<\/strong><\/p>\n<p>\n\t\u00a0<\/p>\n","protected":false},"excerpt":{"rendered":"<p>Beograd \u2013 Bujanoc \u2013 Tregimi &quot;Terapia e Poezis\u00eb&quot;, nga gazetarja Jelena Stojkovi\u0107 nga Vranja, botuar n\u00eb Ve\u010dernji novosti, fitoi konkursin p\u00ebr \u00e7mimin gazetaresk &quot;Lule e Barazis\u00eb&quot; n\u00eb kategorin\u00eb e mediave t\u00eb shkruara.<\/p>\n","protected":false},"author":1,"featured_media":109849,"comment_status":"closed","ping_status":"closed","sticky":false,"template":"","format":"standard","meta":{"footnotes":""},"categories":[55],"tags":[],"class_list":["post-109844","post","type-post","status-publish","format-standard","has-post-thumbnail","hentry","category-lajme"],"yoast_head":"<!-- This site is optimized with the Yoast SEO plugin v27.5 - https:\/\/yoast.com\/product\/yoast-seo-wordpress\/ -->\n<title>&quot;TERAPIA E POEZIS\u00cb&quot; E GAZETARES JELENA STOJKOVIQ FITOI \u00c7MIMIN LULJA E BARAZIS\u00cb - Republika e S\u00ebrbis\u00eb Trupi Koordinues p\u00ebr komunat Bujanoc, Preshev\u00eb dhe Medvegj\u00eb<\/title>\n<meta name=\"robots\" content=\"index, follow, max-snippet:-1, max-image-preview:large, max-video-preview:-1\" \/>\n<link rel=\"canonical\" href=\"https:\/\/kt.gov.rs\/sq\/terapia-e-poezise-e-gazetares-jelena-stojkoviq-fitoi-cmimin-lulja-e-barazise\/\" \/>\n<meta property=\"og:locale\" content=\"sq_AL\" \/>\n<meta property=\"og:type\" content=\"article\" \/>\n<meta property=\"og:title\" content=\"&quot;TERAPIA E POEZIS\u00cb&quot; E GAZETARES JELENA STOJKOVIQ FITOI \u00c7MIMIN LULJA E BARAZIS\u00cb - Republika e S\u00ebrbis\u00eb Trupi Koordinues p\u00ebr komunat Bujanoc, Preshev\u00eb dhe Medvegj\u00eb\" \/>\n<meta property=\"og:description\" content=\"Beograd - Bujanoc - Tregimi &quot;Terapia e Poezis\u00eb&quot;, nga gazetarja Jelena Stojkovi\u0107 nga Vranja, botuar n\u00eb Ve\u010dernji novosti, fitoi konkursin p\u00ebr \u00e7mimin gazetaresk &quot;Lule e Barazis\u00eb&quot; n\u00eb kategorin\u00eb e mediave t\u00eb shkruara.\" \/>\n<meta property=\"og:url\" content=\"https:\/\/kt.gov.rs\/sq\/terapia-e-poezise-e-gazetares-jelena-stojkoviq-fitoi-cmimin-lulja-e-barazise\/\" \/>\n<meta property=\"og:site_name\" content=\"Republika e S\u00ebrbis\u00eb Trupi Koordinues p\u00ebr komunat Bujanoc, Preshev\u00eb dhe Medvegj\u00eb\" \/>\n<meta property=\"article:publisher\" content=\"https:\/\/www.facebook.com\/SluzbaKoordinacionogTelaVladeRepublikeSrbije\" \/>\n<meta property=\"article:published_time\" content=\"2021-04-14T00:00:00+00:00\" \/>\n<meta property=\"article:modified_time\" content=\"2024-07-30T18:00:30+00:00\" \/>\n<meta property=\"og:image\" content=\"https:\/\/kt.gov.rs\/wp-content\/uploads\/2024\/07\/1618482571_150421_1-3.jpg\" \/>\n\t<meta property=\"og:image:width\" content=\"315\" \/>\n\t<meta property=\"og:image:height\" content=\"230\" \/>\n\t<meta property=\"og:image:type\" content=\"image\/jpeg\" \/>\n<meta name=\"author\" content=\"ktmin\" \/>\n<meta name=\"twitter:card\" content=\"summary_large_image\" \/>\n<meta name=\"twitter:creator\" content=\"@kt_gov\" \/>\n<meta name=\"twitter:site\" content=\"@kt_gov\" \/>\n<meta name=\"twitter:label1\" content=\"Written by\" \/>\n\t<meta name=\"twitter:data1\" content=\"ktmin\" \/>\n\t<meta name=\"twitter:label2\" content=\"Est. reading time\" \/>\n\t<meta name=\"twitter:data2\" content=\"2 minutes\" \/>\n<script type=\"application\/ld+json\" class=\"yoast-schema-graph\">{\"@context\":\"https:\\\/\\\/schema.org\",\"@graph\":[{\"@type\":\"Article\",\"@id\":\"https:\\\/\\\/kt.gov.rs\\\/sq\\\/terapia-e-poezise-e-gazetares-jelena-stojkoviq-fitoi-cmimin-lulja-e-barazise\\\/#article\",\"isPartOf\":{\"@id\":\"https:\\\/\\\/kt.gov.rs\\\/sq\\\/terapia-e-poezise-e-gazetares-jelena-stojkoviq-fitoi-cmimin-lulja-e-barazise\\\/\"},\"author\":{\"name\":\"ktmin\",\"@id\":\"https:\\\/\\\/kt.gov.rs\\\/#\\\/schema\\\/person\\\/e426459ddb4173309103390602694571\"},\"headline\":\"\u201cTERAPIA E POEZIS\u00cb\u201d E GAZETARES JELENA STOJKOVIQ FITOI \u00c7MIMIN LULJA E BARAZIS\u00cb\",\"datePublished\":\"2021-04-14T00:00:00+00:00\",\"dateModified\":\"2024-07-30T18:00:30+00:00\",\"mainEntityOfPage\":{\"@id\":\"https:\\\/\\\/kt.gov.rs\\\/sq\\\/terapia-e-poezise-e-gazetares-jelena-stojkoviq-fitoi-cmimin-lulja-e-barazise\\\/\"},\"wordCount\":343,\"publisher\":{\"@id\":\"https:\\\/\\\/kt.gov.rs\\\/#organization\"},\"image\":{\"@id\":\"https:\\\/\\\/kt.gov.rs\\\/sq\\\/terapia-e-poezise-e-gazetares-jelena-stojkoviq-fitoi-cmimin-lulja-e-barazise\\\/#primaryimage\"},\"thumbnailUrl\":\"https:\\\/\\\/kt.gov.rs\\\/wp-content\\\/uploads\\\/2024\\\/07\\\/1618482571_150421_1-3.jpg\",\"articleSection\":[\"Lajme\"],\"inLanguage\":\"sq-AL\"},{\"@type\":\"WebPage\",\"@id\":\"https:\\\/\\\/kt.gov.rs\\\/sq\\\/terapia-e-poezise-e-gazetares-jelena-stojkoviq-fitoi-cmimin-lulja-e-barazise\\\/\",\"url\":\"https:\\\/\\\/kt.gov.rs\\\/sq\\\/terapia-e-poezise-e-gazetares-jelena-stojkoviq-fitoi-cmimin-lulja-e-barazise\\\/\",\"name\":\"\\\"TERAPIA E POEZIS\u00cb\\\" E GAZETARES JELENA STOJKOVIQ FITOI \u00c7MIMIN LULJA E BARAZIS\u00cb - Republika e S\u00ebrbis\u00eb Trupi Koordinues p\u00ebr komunat Bujanoc, Preshev\u00eb dhe Medvegj\u00eb\",\"isPartOf\":{\"@id\":\"https:\\\/\\\/kt.gov.rs\\\/#website\"},\"primaryImageOfPage\":{\"@id\":\"https:\\\/\\\/kt.gov.rs\\\/sq\\\/terapia-e-poezise-e-gazetares-jelena-stojkoviq-fitoi-cmimin-lulja-e-barazise\\\/#primaryimage\"},\"image\":{\"@id\":\"https:\\\/\\\/kt.gov.rs\\\/sq\\\/terapia-e-poezise-e-gazetares-jelena-stojkoviq-fitoi-cmimin-lulja-e-barazise\\\/#primaryimage\"},\"thumbnailUrl\":\"https:\\\/\\\/kt.gov.rs\\\/wp-content\\\/uploads\\\/2024\\\/07\\\/1618482571_150421_1-3.jpg\",\"datePublished\":\"2021-04-14T00:00:00+00:00\",\"dateModified\":\"2024-07-30T18:00:30+00:00\",\"breadcrumb\":{\"@id\":\"https:\\\/\\\/kt.gov.rs\\\/sq\\\/terapia-e-poezise-e-gazetares-jelena-stojkoviq-fitoi-cmimin-lulja-e-barazise\\\/#breadcrumb\"},\"inLanguage\":\"sq-AL\",\"potentialAction\":[{\"@type\":\"ReadAction\",\"target\":[\"https:\\\/\\\/kt.gov.rs\\\/sq\\\/terapia-e-poezise-e-gazetares-jelena-stojkoviq-fitoi-cmimin-lulja-e-barazise\\\/\"]}]},{\"@type\":\"ImageObject\",\"inLanguage\":\"sq-AL\",\"@id\":\"https:\\\/\\\/kt.gov.rs\\\/sq\\\/terapia-e-poezise-e-gazetares-jelena-stojkoviq-fitoi-cmimin-lulja-e-barazise\\\/#primaryimage\",\"url\":\"https:\\\/\\\/kt.gov.rs\\\/wp-content\\\/uploads\\\/2024\\\/07\\\/1618482571_150421_1-3.jpg\",\"contentUrl\":\"https:\\\/\\\/kt.gov.rs\\\/wp-content\\\/uploads\\\/2024\\\/07\\\/1618482571_150421_1-3.jpg\",\"width\":315,\"height\":230},{\"@type\":\"BreadcrumbList\",\"@id\":\"https:\\\/\\\/kt.gov.rs\\\/sq\\\/terapia-e-poezise-e-gazetares-jelena-stojkoviq-fitoi-cmimin-lulja-e-barazise\\\/#breadcrumb\",\"itemListElement\":[{\"@type\":\"ListItem\",\"position\":1,\"name\":\"\u041f\u043e\u0447\u0435\u0442\u043d\u0430\",\"item\":\"https:\\\/\\\/kt.gov.rs\\\/sq\\\/\"},{\"@type\":\"ListItem\",\"position\":2,\"name\":\"\u201cTERAPIA E POEZIS\u00cb\u201d E GAZETARES JELENA STOJKOVIQ FITOI \u00c7MIMIN LULJA E BARAZIS\u00cb\"}]},{\"@type\":\"WebSite\",\"@id\":\"https:\\\/\\\/kt.gov.rs\\\/#website\",\"url\":\"https:\\\/\\\/kt.gov.rs\\\/\",\"name\":\"\u041a\u043e\u043e\u0440\u0434\u0438\u043d\u0430\u0446\u0438\u043e\u043d\u043e \u0442\u0435\u043b\u043e \u0412\u043b\u0430\u0434\u0435 \u0420\u0435\u043f\u0443\u0431\u043b\u0438\u043a\u0435 \u0421\u0440\u0431\u0438\u0458\u0435 \u0437\u0430 \u043e\u043f\u0448\u0442\u0438\u043d\u0435 \u041f\u0440\u0435\u0448\u0435\u0432\u043e, \u0411\u0443\u0458\u0430\u043d\u043e\u0432\u0430\u0446 \u0438 \u041c\u0435\u0434\u0432\u0435\u0452a\",\"description\":\"\",\"publisher\":{\"@id\":\"https:\\\/\\\/kt.gov.rs\\\/#organization\"},\"alternateName\":\"\u041a\u043e\u043e\u0440\u0434\u0438\u043d\u0430\u0446\u0438\u043e\u043d\u043e \u0442\u0435\u043b\u043e\",\"potentialAction\":[{\"@type\":\"SearchAction\",\"target\":{\"@type\":\"EntryPoint\",\"urlTemplate\":\"https:\\\/\\\/kt.gov.rs\\\/?s={search_term_string}\"},\"query-input\":{\"@type\":\"PropertyValueSpecification\",\"valueRequired\":true,\"valueName\":\"search_term_string\"}}],\"inLanguage\":\"sq-AL\"},{\"@type\":\"Organization\",\"@id\":\"https:\\\/\\\/kt.gov.rs\\\/#organization\",\"name\":\"\u041a\u043e\u043e\u0440\u0434\u0438\u043d\u0430\u0446\u0438\u043e\u043d\u043e \u0442\u0435\u043b\u043e \u0412\u043b\u0430\u0434\u0435 \u0420\u0435\u043f\u0443\u0431\u043b\u0438\u043a\u0435 \u0421\u0440\u0431\u0438\u0458\u0435 \u0437\u0430 \u043e\u043f\u0448\u0442\u0438\u043d\u0435 \u041f\u0440\u0435\u0448\u0435\u0432\u043e, \u0411\u0443\u0458\u0430\u043d\u043e\u0432\u0430\u0446 \u0438 \u041c\u0435\u0434\u0432\u0435\u0452a\",\"alternateName\":\"\u041a\u043e\u043e\u0440\u0434\u0438\u043d\u0430\u0446\u0438\u043e\u043d\u043e \u0442\u0435\u043b\u043e\",\"url\":\"https:\\\/\\\/kt.gov.rs\\\/\",\"logo\":{\"@type\":\"ImageObject\",\"inLanguage\":\"sq-AL\",\"@id\":\"https:\\\/\\\/kt.gov.rs\\\/#\\\/schema\\\/logo\\\/image\\\/\",\"url\":\"https:\\\/\\\/kt.gov.rs\\\/wp-content\\\/uploads\\\/2024\\\/12\\\/koord2.jpg\",\"contentUrl\":\"https:\\\/\\\/kt.gov.rs\\\/wp-content\\\/uploads\\\/2024\\\/12\\\/koord2.jpg\",\"width\":640,\"height\":480,\"caption\":\"\u041a\u043e\u043e\u0440\u0434\u0438\u043d\u0430\u0446\u0438\u043e\u043d\u043e \u0442\u0435\u043b\u043e \u0412\u043b\u0430\u0434\u0435 \u0420\u0435\u043f\u0443\u0431\u043b\u0438\u043a\u0435 \u0421\u0440\u0431\u0438\u0458\u0435 \u0437\u0430 \u043e\u043f\u0448\u0442\u0438\u043d\u0435 \u041f\u0440\u0435\u0448\u0435\u0432\u043e, \u0411\u0443\u0458\u0430\u043d\u043e\u0432\u0430\u0446 \u0438 \u041c\u0435\u0434\u0432\u0435\u0452a\"},\"image\":{\"@id\":\"https:\\\/\\\/kt.gov.rs\\\/#\\\/schema\\\/logo\\\/image\\\/\"},\"sameAs\":[\"https:\\\/\\\/www.facebook.com\\\/SluzbaKoordinacionogTelaVladeRepublikeSrbije\",\"https:\\\/\\\/x.com\\\/kt_gov\",\"https:\\\/\\\/www.youtube.com\\\/@koordinacionotelo\"]},{\"@type\":\"Person\",\"@id\":\"https:\\\/\\\/kt.gov.rs\\\/#\\\/schema\\\/person\\\/e426459ddb4173309103390602694571\",\"name\":\"ktmin\",\"image\":{\"@type\":\"ImageObject\",\"inLanguage\":\"sq-AL\",\"@id\":\"https:\\\/\\\/secure.gravatar.com\\\/avatar\\\/3985c961109853010c3fbc7ba30365bfba5db3dd6c525831d9c595c7525a615a?s=96&d=mm&r=g\",\"url\":\"https:\\\/\\\/secure.gravatar.com\\\/avatar\\\/3985c961109853010c3fbc7ba30365bfba5db3dd6c525831d9c595c7525a615a?s=96&d=mm&r=g\",\"contentUrl\":\"https:\\\/\\\/secure.gravatar.com\\\/avatar\\\/3985c961109853010c3fbc7ba30365bfba5db3dd6c525831d9c595c7525a615a?s=96&d=mm&r=g\",\"caption\":\"ktmin\"},\"sameAs\":[\"https:\\\/\\\/kt.gov.rs\"],\"url\":\"https:\\\/\\\/kt.gov.rs\\\/sq\\\/author\\\/ktmin\\\/\"}]}<\/script>\n<!-- \/ Yoast SEO plugin. -->","yoast_head_json":{"title":"\"TERAPIA E POEZIS\u00cb\" E GAZETARES JELENA STOJKOVIQ FITOI \u00c7MIMIN LULJA E BARAZIS\u00cb - Republika e S\u00ebrbis\u00eb Trupi Koordinues p\u00ebr komunat Bujanoc, Preshev\u00eb dhe Medvegj\u00eb","robots":{"index":"index","follow":"follow","max-snippet":"max-snippet:-1","max-image-preview":"max-image-preview:large","max-video-preview":"max-video-preview:-1"},"canonical":"https:\/\/kt.gov.rs\/sq\/terapia-e-poezise-e-gazetares-jelena-stojkoviq-fitoi-cmimin-lulja-e-barazise\/","og_locale":"sq_AL","og_type":"article","og_title":"\"TERAPIA E POEZIS\u00cb\" E GAZETARES JELENA STOJKOVIQ FITOI \u00c7MIMIN LULJA E BARAZIS\u00cb - Republika e S\u00ebrbis\u00eb Trupi Koordinues p\u00ebr komunat Bujanoc, Preshev\u00eb dhe Medvegj\u00eb","og_description":"Beograd - Bujanoc - Tregimi &quot;Terapia e Poezis\u00eb&quot;, nga gazetarja Jelena Stojkovi\u0107 nga Vranja, botuar n\u00eb Ve\u010dernji novosti, fitoi konkursin p\u00ebr \u00e7mimin gazetaresk &quot;Lule e Barazis\u00eb&quot; n\u00eb kategorin\u00eb e mediave t\u00eb shkruara.","og_url":"https:\/\/kt.gov.rs\/sq\/terapia-e-poezise-e-gazetares-jelena-stojkoviq-fitoi-cmimin-lulja-e-barazise\/","og_site_name":"Republika e S\u00ebrbis\u00eb Trupi Koordinues p\u00ebr komunat Bujanoc, Preshev\u00eb dhe Medvegj\u00eb","article_publisher":"https:\/\/www.facebook.com\/SluzbaKoordinacionogTelaVladeRepublikeSrbije","article_published_time":"2021-04-14T00:00:00+00:00","article_modified_time":"2024-07-30T18:00:30+00:00","og_image":[{"width":315,"height":230,"url":"https:\/\/kt.gov.rs\/wp-content\/uploads\/2024\/07\/1618482571_150421_1-3.jpg","type":"image\/jpeg"}],"author":"ktmin","twitter_card":"summary_large_image","twitter_creator":"@kt_gov","twitter_site":"@kt_gov","twitter_misc":{"Written by":"ktmin","Est. reading time":"2 minutes"},"schema":{"@context":"https:\/\/schema.org","@graph":[{"@type":"Article","@id":"https:\/\/kt.gov.rs\/sq\/terapia-e-poezise-e-gazetares-jelena-stojkoviq-fitoi-cmimin-lulja-e-barazise\/#article","isPartOf":{"@id":"https:\/\/kt.gov.rs\/sq\/terapia-e-poezise-e-gazetares-jelena-stojkoviq-fitoi-cmimin-lulja-e-barazise\/"},"author":{"name":"ktmin","@id":"https:\/\/kt.gov.rs\/#\/schema\/person\/e426459ddb4173309103390602694571"},"headline":"\u201cTERAPIA E POEZIS\u00cb\u201d E GAZETARES JELENA STOJKOVIQ FITOI \u00c7MIMIN LULJA E BARAZIS\u00cb","datePublished":"2021-04-14T00:00:00+00:00","dateModified":"2024-07-30T18:00:30+00:00","mainEntityOfPage":{"@id":"https:\/\/kt.gov.rs\/sq\/terapia-e-poezise-e-gazetares-jelena-stojkoviq-fitoi-cmimin-lulja-e-barazise\/"},"wordCount":343,"publisher":{"@id":"https:\/\/kt.gov.rs\/#organization"},"image":{"@id":"https:\/\/kt.gov.rs\/sq\/terapia-e-poezise-e-gazetares-jelena-stojkoviq-fitoi-cmimin-lulja-e-barazise\/#primaryimage"},"thumbnailUrl":"https:\/\/kt.gov.rs\/wp-content\/uploads\/2024\/07\/1618482571_150421_1-3.jpg","articleSection":["Lajme"],"inLanguage":"sq-AL"},{"@type":"WebPage","@id":"https:\/\/kt.gov.rs\/sq\/terapia-e-poezise-e-gazetares-jelena-stojkoviq-fitoi-cmimin-lulja-e-barazise\/","url":"https:\/\/kt.gov.rs\/sq\/terapia-e-poezise-e-gazetares-jelena-stojkoviq-fitoi-cmimin-lulja-e-barazise\/","name":"\"TERAPIA E POEZIS\u00cb\" E GAZETARES JELENA STOJKOVIQ FITOI \u00c7MIMIN LULJA E BARAZIS\u00cb - Republika e S\u00ebrbis\u00eb Trupi Koordinues p\u00ebr komunat Bujanoc, Preshev\u00eb dhe Medvegj\u00eb","isPartOf":{"@id":"https:\/\/kt.gov.rs\/#website"},"primaryImageOfPage":{"@id":"https:\/\/kt.gov.rs\/sq\/terapia-e-poezise-e-gazetares-jelena-stojkoviq-fitoi-cmimin-lulja-e-barazise\/#primaryimage"},"image":{"@id":"https:\/\/kt.gov.rs\/sq\/terapia-e-poezise-e-gazetares-jelena-stojkoviq-fitoi-cmimin-lulja-e-barazise\/#primaryimage"},"thumbnailUrl":"https:\/\/kt.gov.rs\/wp-content\/uploads\/2024\/07\/1618482571_150421_1-3.jpg","datePublished":"2021-04-14T00:00:00+00:00","dateModified":"2024-07-30T18:00:30+00:00","breadcrumb":{"@id":"https:\/\/kt.gov.rs\/sq\/terapia-e-poezise-e-gazetares-jelena-stojkoviq-fitoi-cmimin-lulja-e-barazise\/#breadcrumb"},"inLanguage":"sq-AL","potentialAction":[{"@type":"ReadAction","target":["https:\/\/kt.gov.rs\/sq\/terapia-e-poezise-e-gazetares-jelena-stojkoviq-fitoi-cmimin-lulja-e-barazise\/"]}]},{"@type":"ImageObject","inLanguage":"sq-AL","@id":"https:\/\/kt.gov.rs\/sq\/terapia-e-poezise-e-gazetares-jelena-stojkoviq-fitoi-cmimin-lulja-e-barazise\/#primaryimage","url":"https:\/\/kt.gov.rs\/wp-content\/uploads\/2024\/07\/1618482571_150421_1-3.jpg","contentUrl":"https:\/\/kt.gov.rs\/wp-content\/uploads\/2024\/07\/1618482571_150421_1-3.jpg","width":315,"height":230},{"@type":"BreadcrumbList","@id":"https:\/\/kt.gov.rs\/sq\/terapia-e-poezise-e-gazetares-jelena-stojkoviq-fitoi-cmimin-lulja-e-barazise\/#breadcrumb","itemListElement":[{"@type":"ListItem","position":1,"name":"\u041f\u043e\u0447\u0435\u0442\u043d\u0430","item":"https:\/\/kt.gov.rs\/sq\/"},{"@type":"ListItem","position":2,"name":"\u201cTERAPIA E POEZIS\u00cb\u201d E GAZETARES JELENA STOJKOVIQ FITOI \u00c7MIMIN LULJA E BARAZIS\u00cb"}]},{"@type":"WebSite","@id":"https:\/\/kt.gov.rs\/#website","url":"https:\/\/kt.gov.rs\/","name":"\u041a\u043e\u043e\u0440\u0434\u0438\u043d\u0430\u0446\u0438\u043e\u043d\u043e \u0442\u0435\u043b\u043e \u0412\u043b\u0430\u0434\u0435 \u0420\u0435\u043f\u0443\u0431\u043b\u0438\u043a\u0435 \u0421\u0440\u0431\u0438\u0458\u0435 \u0437\u0430 \u043e\u043f\u0448\u0442\u0438\u043d\u0435 \u041f\u0440\u0435\u0448\u0435\u0432\u043e, \u0411\u0443\u0458\u0430\u043d\u043e\u0432\u0430\u0446 \u0438 \u041c\u0435\u0434\u0432\u0435\u0452a","description":"","publisher":{"@id":"https:\/\/kt.gov.rs\/#organization"},"alternateName":"\u041a\u043e\u043e\u0440\u0434\u0438\u043d\u0430\u0446\u0438\u043e\u043d\u043e \u0442\u0435\u043b\u043e","potentialAction":[{"@type":"SearchAction","target":{"@type":"EntryPoint","urlTemplate":"https:\/\/kt.gov.rs\/?s={search_term_string}"},"query-input":{"@type":"PropertyValueSpecification","valueRequired":true,"valueName":"search_term_string"}}],"inLanguage":"sq-AL"},{"@type":"Organization","@id":"https:\/\/kt.gov.rs\/#organization","name":"\u041a\u043e\u043e\u0440\u0434\u0438\u043d\u0430\u0446\u0438\u043e\u043d\u043e \u0442\u0435\u043b\u043e \u0412\u043b\u0430\u0434\u0435 \u0420\u0435\u043f\u0443\u0431\u043b\u0438\u043a\u0435 \u0421\u0440\u0431\u0438\u0458\u0435 \u0437\u0430 \u043e\u043f\u0448\u0442\u0438\u043d\u0435 \u041f\u0440\u0435\u0448\u0435\u0432\u043e, \u0411\u0443\u0458\u0430\u043d\u043e\u0432\u0430\u0446 \u0438 \u041c\u0435\u0434\u0432\u0435\u0452a","alternateName":"\u041a\u043e\u043e\u0440\u0434\u0438\u043d\u0430\u0446\u0438\u043e\u043d\u043e \u0442\u0435\u043b\u043e","url":"https:\/\/kt.gov.rs\/","logo":{"@type":"ImageObject","inLanguage":"sq-AL","@id":"https:\/\/kt.gov.rs\/#\/schema\/logo\/image\/","url":"https:\/\/kt.gov.rs\/wp-content\/uploads\/2024\/12\/koord2.jpg","contentUrl":"https:\/\/kt.gov.rs\/wp-content\/uploads\/2024\/12\/koord2.jpg","width":640,"height":480,"caption":"\u041a\u043e\u043e\u0440\u0434\u0438\u043d\u0430\u0446\u0438\u043e\u043d\u043e \u0442\u0435\u043b\u043e \u0412\u043b\u0430\u0434\u0435 \u0420\u0435\u043f\u0443\u0431\u043b\u0438\u043a\u0435 \u0421\u0440\u0431\u0438\u0458\u0435 \u0437\u0430 \u043e\u043f\u0448\u0442\u0438\u043d\u0435 \u041f\u0440\u0435\u0448\u0435\u0432\u043e, \u0411\u0443\u0458\u0430\u043d\u043e\u0432\u0430\u0446 \u0438 \u041c\u0435\u0434\u0432\u0435\u0452a"},"image":{"@id":"https:\/\/kt.gov.rs\/#\/schema\/logo\/image\/"},"sameAs":["https:\/\/www.facebook.com\/SluzbaKoordinacionogTelaVladeRepublikeSrbije","https:\/\/x.com\/kt_gov","https:\/\/www.youtube.com\/@koordinacionotelo"]},{"@type":"Person","@id":"https:\/\/kt.gov.rs\/#\/schema\/person\/e426459ddb4173309103390602694571","name":"ktmin","image":{"@type":"ImageObject","inLanguage":"sq-AL","@id":"https:\/\/secure.gravatar.com\/avatar\/3985c961109853010c3fbc7ba30365bfba5db3dd6c525831d9c595c7525a615a?s=96&d=mm&r=g","url":"https:\/\/secure.gravatar.com\/avatar\/3985c961109853010c3fbc7ba30365bfba5db3dd6c525831d9c595c7525a615a?s=96&d=mm&r=g","contentUrl":"https:\/\/secure.gravatar.com\/avatar\/3985c961109853010c3fbc7ba30365bfba5db3dd6c525831d9c595c7525a615a?s=96&d=mm&r=g","caption":"ktmin"},"sameAs":["https:\/\/kt.gov.rs"],"url":"https:\/\/kt.gov.rs\/sq\/author\/ktmin\/"}]}},"_links":{"self":[{"href":"https:\/\/kt.gov.rs\/sq\/wp-json\/wp\/v2\/posts\/109844","targetHints":{"allow":["GET"]}}],"collection":[{"href":"https:\/\/kt.gov.rs\/sq\/wp-json\/wp\/v2\/posts"}],"about":[{"href":"https:\/\/kt.gov.rs\/sq\/wp-json\/wp\/v2\/types\/post"}],"author":[{"embeddable":true,"href":"https:\/\/kt.gov.rs\/sq\/wp-json\/wp\/v2\/users\/1"}],"replies":[{"embeddable":true,"href":"https:\/\/kt.gov.rs\/sq\/wp-json\/wp\/v2\/comments?post=109844"}],"version-history":[{"count":1,"href":"https:\/\/kt.gov.rs\/sq\/wp-json\/wp\/v2\/posts\/109844\/revisions"}],"predecessor-version":[{"id":109848,"href":"https:\/\/kt.gov.rs\/sq\/wp-json\/wp\/v2\/posts\/109844\/revisions\/109848"}],"wp:featuredmedia":[{"embeddable":true,"href":"https:\/\/kt.gov.rs\/sq\/wp-json\/wp\/v2\/media\/109849"}],"wp:attachment":[{"href":"https:\/\/kt.gov.rs\/sq\/wp-json\/wp\/v2\/media?parent=109844"}],"wp:term":[{"taxonomy":"category","embeddable":true,"href":"https:\/\/kt.gov.rs\/sq\/wp-json\/wp\/v2\/categories?post=109844"},{"taxonomy":"post_tag","embeddable":true,"href":"https:\/\/kt.gov.rs\/sq\/wp-json\/wp\/v2\/tags?post=109844"}],"curies":[{"name":"wp","href":"https:\/\/api.w.org\/{rel}","templated":true}]}}