{"id":109785,"date":"2021-05-12T00:00:00","date_gmt":"2021-05-12T00:00:00","guid":{"rendered":"http:\/\/kt.printandscreen.rs\/eshte-shpallur-konkurs-per-trajnim-te-zjarrefikesve-ne-jug-pune-per-49-kandidate\/"},"modified":"2024-07-30T18:00:24","modified_gmt":"2024-07-30T18:00:24","slug":"eshte-shpallur-konkurs-per-trajnim-te-zjarrefikesve-ne-jug-pune-per-49-kandidate","status":"publish","type":"post","link":"https:\/\/kt.gov.rs\/sq\/eshte-shpallur-konkurs-per-trajnim-te-zjarrefikesve-ne-jug-pune-per-49-kandidate\/","title":{"rendered":"\u00cbSHT\u00cb SHPALLUR KONKURS P\u00cbR TRAJNIM T\u00cb ZJARR\u00cbFIK\u00cbSVE \u2013 N\u00cb JUG PUN\u00cb P\u00cbR 49 KANDIDAT\u00cb"},"content":{"rendered":"<p>\n\t<strong><img decoding=\"async\" alt=\"\" src=\"https:\/\/kt.gov.rs\/wp-content\/uploads\/2024\/07\/1620823440_120521_3-2.jpg\" style=\"width: 315px; height: 230px; float: left;\" \/><\/strong><strong>Beograd-<\/strong> Konkursi p\u00ebr trajnimin baz\u00eb p\u00ebr t\u00eb rinjt\u00eb dhe t\u00eb rejat e interesuara t\u00eb mosh\u00ebs 19 deri 30 vje\u00e7 p\u00ebr pun\u00ebn e zjarrfik\u00ebsit-shp\u00ebtimtarit u shpall nga Ministria e Pun\u00ebve t\u00eb Brendshme dhe 49 kandidat\u00eb nga jugu i Serbis\u00eb do t\u00eb ken\u00eb mund\u00ebsin\u00eb p\u00ebr t\u00eb punuar n\u00eb nj\u00ebsit\u00eb e zjarr\u00ebfik\u00ebsve. Afati i fundit p\u00ebr aplikim \u00ebsht\u00eb deri m\u00eb 25 maj.<\/p>\n<p>\n\tNga 300 kandidat\u00eb q\u00eb do t\u00eb pranohen p\u00ebr trajnim n\u00eb t\u00eb gjith\u00eb vendin, 14 do t\u00eb fitojn\u00eb pun\u00eb n\u00eb brigadat e zjarrfik\u00ebsve n\u00eb rrethin e Nishav\u00ebs \u2013 4 kandidat\u00eb secili n\u00eb Nish dhe Gaxhin Han, dhe nga 3 n\u00eb Sv\u00ebrljig dhe Dolevac.<\/p>\n<p>\n\tK\u00ebrkohen 11 kandidat\u00eb n\u00eb rrethin e Jablanic\u00ebs \u2013 4 n\u00eb Leskoc, 3 n\u00eb Bojnik dhe 2 n\u00eb Leban dhe Medvegj\u00eb, nd\u00ebrsa 10 kandidat\u00eb do t\u00eb pranohen nga territori i Rrethit Pc\u00e7nj\u00ebs \u2013 3 nga Bujanoc, 2 nga Vraja, Bosilegrado dhe Presheva dhe nj\u00eb nga T\u00ebrgovishtja .<\/p>\n<p>\n\tGjithsej 10 kandidat\u00eb nga Rrethi Pirotit do t\u00eb pranohen p\u00ebr trajnim, m\u00eb s\u00eb shumti nga Pirot \u2013 5, nd\u00ebrsa k\u00ebrkohen 3 kandidat\u00eb nga Babushnica dhe nga 1 Bela Palanka dhe Dimitrovgradi.<\/p>\n<p>\n\tK\u00ebrkohet numri m\u00eb i vog\u00ebl i kandidat\u00ebve n\u00eb rajonin e Toplic\u00ebs \u2013 4, 2 secili nga Prokuplje dhe Blace.<\/p>\n<p>\n\tKushtet, si\u00e7 thuhet n\u00eb konkurs, jan\u00eb q\u00eb personat q\u00eb aplikojn\u00eb t\u00eb jen\u00eb nga Republika e Serbis\u00eb dhe se ata kan\u00eb banuar n\u00eb territorin e vendit p\u00ebr t\u00eb cilin \u00ebsht\u00eb shpallur konkursi p\u00ebr t\u00eb pakt\u00ebn nj\u00eb vit, si dhe q\u00eb ata t\u00eb ken\u00eb mbaruar shkoll\u00ebn e mesme.<\/p>\n<p>\n\tM\u00eb tej k\u00ebrkohet q\u00eb t\u00eb mos ket\u00eb pengesa t\u00eb siguris\u00eb q\u00eb kandidati t\u00eb krijoj\u00eb nj\u00eb marr\u00ebdh\u00ebnie pune n\u00eb Ministrin\u00eb e Brendshme, t\u00eb ket\u00eb nj\u00eb patent\u00eb shoferi t\u00eb vlefshme p\u00ebr t\u00eb drejtuar nj\u00eb automjet t\u00eb kategoris\u00eb C, t\u00eb p\u00ebrmbushin k\u00ebrkesat e ve\u00e7anta n\u00eb lidhje me sh\u00ebndetin, psiko-fizik dhe aft\u00ebsit\u00eb themelore motorike \u2013 shkruan n\u00eb konkurs.<\/p>\n<p>\n\tT\u00eb drejt\u00eb pjes\u00ebmarrje kan\u00eb edhe personat q\u00eb kan\u00eb licenc\u00eb p\u00ebr kategorin\u00eb B, me detyrimin p\u00ebr t\u00eb kaluar provimin p\u00ebr kategorin\u00eb C brenda nj\u00eb viti e gjysm\u00eb nga p\u00ebrfundimi i trajnimit.<\/p>\n<p>\n\tAplikimet dor\u00ebzohen n\u00eb stacionin policor n\u00eb vendbanimin e kandidatit, dhe t\u00eb gjitha detajet e konkursit dhe dokumentacioni i nevojsh\u00ebm mund t\u00eb gjenden n\u00eb faqen e internetit t\u00eb Ministris\u00eb s\u00eb Pun\u00ebve t\u00eb Brendshme t\u00eb Republik\u00ebs s\u00eb Serbis\u00eb.<\/p>\n<p>\n\t<strong>Burimi: Juzhne Vesti dhe Trupi Koordinues<\/strong><\/p>\n<p>\n\t\u00a0<\/p>\n","protected":false},"excerpt":{"rendered":"<p>Beograd-\u00a0Konkursi p\u00ebr trajnimin baz\u00eb p\u00ebr t\u00eb rinjt\u00eb dhe t\u00eb rejat e interesuara t\u00eb mosh\u00ebs 19 deri 30 vje\u00e7 p\u00ebr pun\u00ebn e zjarrfik\u00ebsit-shp\u00ebtimtarit u shpall nga Ministria e Pun\u00ebve t\u00eb Brendshme dhe 49 kandidat\u00eb nga jugu i Serbis\u00eb do t\u00eb ken\u00eb mund\u00ebsin\u00eb p\u00ebr t\u00eb punuar n\u00eb nj\u00ebsit\u00eb e zjarr\u00ebfik\u00ebsve. Afati i fundit p\u00ebr aplikim \u00ebsht\u00eb deri m\u00eb 25 maj.<\/p>\n","protected":false},"author":1,"featured_media":109790,"comment_status":"closed","ping_status":"closed","sticky":false,"template":"","format":"standard","meta":{"footnotes":""},"categories":[55],"tags":[],"class_list":["post-109785","post","type-post","status-publish","format-standard","has-post-thumbnail","hentry","category-lajme"],"yoast_head":"<!-- This site is optimized with the Yoast SEO plugin v27.5 - https:\/\/yoast.com\/product\/yoast-seo-wordpress\/ -->\n<title>\u00cbSHT\u00cb SHPALLUR KONKURS P\u00cbR TRAJNIM T\u00cb ZJARR\u00cbFIK\u00cbSVE \u2013 N\u00cb JUG PUN\u00cb P\u00cbR 49 KANDIDAT\u00cb - Republika e S\u00ebrbis\u00eb Trupi Koordinues p\u00ebr komunat Bujanoc, Preshev\u00eb dhe Medvegj\u00eb<\/title>\n<meta name=\"robots\" content=\"index, follow, max-snippet:-1, max-image-preview:large, max-video-preview:-1\" \/>\n<link rel=\"canonical\" href=\"https:\/\/kt.gov.rs\/sq\/eshte-shpallur-konkurs-per-trajnim-te-zjarrefikesve-ne-jug-pune-per-49-kandidate\/\" \/>\n<meta property=\"og:locale\" content=\"sq_AL\" \/>\n<meta property=\"og:type\" content=\"article\" \/>\n<meta property=\"og:title\" content=\"\u00cbSHT\u00cb SHPALLUR KONKURS P\u00cbR TRAJNIM T\u00cb ZJARR\u00cbFIK\u00cbSVE \u2013 N\u00cb JUG PUN\u00cb P\u00cbR 49 KANDIDAT\u00cb - Republika e S\u00ebrbis\u00eb Trupi Koordinues p\u00ebr komunat Bujanoc, Preshev\u00eb dhe Medvegj\u00eb\" \/>\n<meta property=\"og:description\" content=\"Beograd-\u00a0Konkursi p\u00ebr trajnimin baz\u00eb p\u00ebr t\u00eb rinjt\u00eb dhe t\u00eb rejat e interesuara t\u00eb mosh\u00ebs 19 deri 30 vje\u00e7 p\u00ebr pun\u00ebn e zjarrfik\u00ebsit-shp\u00ebtimtarit u shpall nga Ministria e Pun\u00ebve t\u00eb Brendshme dhe 49 kandidat\u00eb nga jugu i Serbis\u00eb do t\u00eb ken\u00eb mund\u00ebsin\u00eb p\u00ebr t\u00eb punuar n\u00eb nj\u00ebsit\u00eb e zjarr\u00ebfik\u00ebsve. Afati i fundit p\u00ebr aplikim \u00ebsht\u00eb deri m\u00eb 25 maj.\" \/>\n<meta property=\"og:url\" content=\"https:\/\/kt.gov.rs\/sq\/eshte-shpallur-konkurs-per-trajnim-te-zjarrefikesve-ne-jug-pune-per-49-kandidate\/\" \/>\n<meta property=\"og:site_name\" content=\"Republika e S\u00ebrbis\u00eb Trupi Koordinues p\u00ebr komunat Bujanoc, Preshev\u00eb dhe Medvegj\u00eb\" \/>\n<meta property=\"article:publisher\" content=\"https:\/\/www.facebook.com\/SluzbaKoordinacionogTelaVladeRepublikeSrbije\" \/>\n<meta property=\"article:published_time\" content=\"2021-05-12T00:00:00+00:00\" \/>\n<meta property=\"article:modified_time\" content=\"2024-07-30T18:00:24+00:00\" \/>\n<meta property=\"og:image\" content=\"https:\/\/kt.gov.rs\/wp-content\/uploads\/2024\/07\/1620823440_120521_3-3.jpg\" \/>\n\t<meta property=\"og:image:width\" content=\"315\" \/>\n\t<meta property=\"og:image:height\" content=\"230\" \/>\n\t<meta property=\"og:image:type\" content=\"image\/jpeg\" \/>\n<meta name=\"author\" content=\"ktmin\" \/>\n<meta name=\"twitter:card\" content=\"summary_large_image\" \/>\n<meta name=\"twitter:creator\" content=\"@kt_gov\" \/>\n<meta name=\"twitter:site\" content=\"@kt_gov\" \/>\n<meta name=\"twitter:label1\" content=\"Written by\" \/>\n\t<meta name=\"twitter:data1\" content=\"ktmin\" \/>\n\t<meta name=\"twitter:label2\" content=\"Est. reading time\" \/>\n\t<meta name=\"twitter:data2\" content=\"3 minutes\" \/>\n<script type=\"application\/ld+json\" class=\"yoast-schema-graph\">{\"@context\":\"https:\\\/\\\/schema.org\",\"@graph\":[{\"@type\":\"Article\",\"@id\":\"https:\\\/\\\/kt.gov.rs\\\/sq\\\/eshte-shpallur-konkurs-per-trajnim-te-zjarrefikesve-ne-jug-pune-per-49-kandidate\\\/#article\",\"isPartOf\":{\"@id\":\"https:\\\/\\\/kt.gov.rs\\\/sq\\\/eshte-shpallur-konkurs-per-trajnim-te-zjarrefikesve-ne-jug-pune-per-49-kandidate\\\/\"},\"author\":{\"name\":\"ktmin\",\"@id\":\"https:\\\/\\\/kt.gov.rs\\\/#\\\/schema\\\/person\\\/e426459ddb4173309103390602694571\"},\"headline\":\"\u00cbSHT\u00cb SHPALLUR KONKURS P\u00cbR TRAJNIM T\u00cb ZJARR\u00cbFIK\u00cbSVE \u2013 N\u00cb JUG PUN\u00cb P\u00cbR 49 KANDIDAT\u00cb\",\"datePublished\":\"2021-05-12T00:00:00+00:00\",\"dateModified\":\"2024-07-30T18:00:24+00:00\",\"mainEntityOfPage\":{\"@id\":\"https:\\\/\\\/kt.gov.rs\\\/sq\\\/eshte-shpallur-konkurs-per-trajnim-te-zjarrefikesve-ne-jug-pune-per-49-kandidate\\\/\"},\"wordCount\":585,\"publisher\":{\"@id\":\"https:\\\/\\\/kt.gov.rs\\\/#organization\"},\"image\":{\"@id\":\"https:\\\/\\\/kt.gov.rs\\\/sq\\\/eshte-shpallur-konkurs-per-trajnim-te-zjarrefikesve-ne-jug-pune-per-49-kandidate\\\/#primaryimage\"},\"thumbnailUrl\":\"https:\\\/\\\/kt.gov.rs\\\/wp-content\\\/uploads\\\/2024\\\/07\\\/1620823440_120521_3-3.jpg\",\"articleSection\":[\"Lajme\"],\"inLanguage\":\"sq-AL\"},{\"@type\":\"WebPage\",\"@id\":\"https:\\\/\\\/kt.gov.rs\\\/sq\\\/eshte-shpallur-konkurs-per-trajnim-te-zjarrefikesve-ne-jug-pune-per-49-kandidate\\\/\",\"url\":\"https:\\\/\\\/kt.gov.rs\\\/sq\\\/eshte-shpallur-konkurs-per-trajnim-te-zjarrefikesve-ne-jug-pune-per-49-kandidate\\\/\",\"name\":\"\u00cbSHT\u00cb SHPALLUR KONKURS P\u00cbR TRAJNIM T\u00cb ZJARR\u00cbFIK\u00cbSVE \u2013 N\u00cb JUG PUN\u00cb P\u00cbR 49 KANDIDAT\u00cb - Republika e S\u00ebrbis\u00eb Trupi Koordinues p\u00ebr komunat Bujanoc, Preshev\u00eb dhe Medvegj\u00eb\",\"isPartOf\":{\"@id\":\"https:\\\/\\\/kt.gov.rs\\\/#website\"},\"primaryImageOfPage\":{\"@id\":\"https:\\\/\\\/kt.gov.rs\\\/sq\\\/eshte-shpallur-konkurs-per-trajnim-te-zjarrefikesve-ne-jug-pune-per-49-kandidate\\\/#primaryimage\"},\"image\":{\"@id\":\"https:\\\/\\\/kt.gov.rs\\\/sq\\\/eshte-shpallur-konkurs-per-trajnim-te-zjarrefikesve-ne-jug-pune-per-49-kandidate\\\/#primaryimage\"},\"thumbnailUrl\":\"https:\\\/\\\/kt.gov.rs\\\/wp-content\\\/uploads\\\/2024\\\/07\\\/1620823440_120521_3-3.jpg\",\"datePublished\":\"2021-05-12T00:00:00+00:00\",\"dateModified\":\"2024-07-30T18:00:24+00:00\",\"breadcrumb\":{\"@id\":\"https:\\\/\\\/kt.gov.rs\\\/sq\\\/eshte-shpallur-konkurs-per-trajnim-te-zjarrefikesve-ne-jug-pune-per-49-kandidate\\\/#breadcrumb\"},\"inLanguage\":\"sq-AL\",\"potentialAction\":[{\"@type\":\"ReadAction\",\"target\":[\"https:\\\/\\\/kt.gov.rs\\\/sq\\\/eshte-shpallur-konkurs-per-trajnim-te-zjarrefikesve-ne-jug-pune-per-49-kandidate\\\/\"]}]},{\"@type\":\"ImageObject\",\"inLanguage\":\"sq-AL\",\"@id\":\"https:\\\/\\\/kt.gov.rs\\\/sq\\\/eshte-shpallur-konkurs-per-trajnim-te-zjarrefikesve-ne-jug-pune-per-49-kandidate\\\/#primaryimage\",\"url\":\"https:\\\/\\\/kt.gov.rs\\\/wp-content\\\/uploads\\\/2024\\\/07\\\/1620823440_120521_3-3.jpg\",\"contentUrl\":\"https:\\\/\\\/kt.gov.rs\\\/wp-content\\\/uploads\\\/2024\\\/07\\\/1620823440_120521_3-3.jpg\",\"width\":315,\"height\":230},{\"@type\":\"BreadcrumbList\",\"@id\":\"https:\\\/\\\/kt.gov.rs\\\/sq\\\/eshte-shpallur-konkurs-per-trajnim-te-zjarrefikesve-ne-jug-pune-per-49-kandidate\\\/#breadcrumb\",\"itemListElement\":[{\"@type\":\"ListItem\",\"position\":1,\"name\":\"\u041f\u043e\u0447\u0435\u0442\u043d\u0430\",\"item\":\"https:\\\/\\\/kt.gov.rs\\\/sq\\\/\"},{\"@type\":\"ListItem\",\"position\":2,\"name\":\"\u00cbSHT\u00cb SHPALLUR KONKURS P\u00cbR TRAJNIM T\u00cb ZJARR\u00cbFIK\u00cbSVE \u2013 N\u00cb JUG PUN\u00cb P\u00cbR 49 KANDIDAT\u00cb\"}]},{\"@type\":\"WebSite\",\"@id\":\"https:\\\/\\\/kt.gov.rs\\\/#website\",\"url\":\"https:\\\/\\\/kt.gov.rs\\\/\",\"name\":\"\u041a\u043e\u043e\u0440\u0434\u0438\u043d\u0430\u0446\u0438\u043e\u043d\u043e \u0442\u0435\u043b\u043e \u0412\u043b\u0430\u0434\u0435 \u0420\u0435\u043f\u0443\u0431\u043b\u0438\u043a\u0435 \u0421\u0440\u0431\u0438\u0458\u0435 \u0437\u0430 \u043e\u043f\u0448\u0442\u0438\u043d\u0435 \u041f\u0440\u0435\u0448\u0435\u0432\u043e, \u0411\u0443\u0458\u0430\u043d\u043e\u0432\u0430\u0446 \u0438 \u041c\u0435\u0434\u0432\u0435\u0452a\",\"description\":\"\",\"publisher\":{\"@id\":\"https:\\\/\\\/kt.gov.rs\\\/#organization\"},\"alternateName\":\"\u041a\u043e\u043e\u0440\u0434\u0438\u043d\u0430\u0446\u0438\u043e\u043d\u043e \u0442\u0435\u043b\u043e\",\"potentialAction\":[{\"@type\":\"SearchAction\",\"target\":{\"@type\":\"EntryPoint\",\"urlTemplate\":\"https:\\\/\\\/kt.gov.rs\\\/?s={search_term_string}\"},\"query-input\":{\"@type\":\"PropertyValueSpecification\",\"valueRequired\":true,\"valueName\":\"search_term_string\"}}],\"inLanguage\":\"sq-AL\"},{\"@type\":\"Organization\",\"@id\":\"https:\\\/\\\/kt.gov.rs\\\/#organization\",\"name\":\"\u041a\u043e\u043e\u0440\u0434\u0438\u043d\u0430\u0446\u0438\u043e\u043d\u043e \u0442\u0435\u043b\u043e \u0412\u043b\u0430\u0434\u0435 \u0420\u0435\u043f\u0443\u0431\u043b\u0438\u043a\u0435 \u0421\u0440\u0431\u0438\u0458\u0435 \u0437\u0430 \u043e\u043f\u0448\u0442\u0438\u043d\u0435 \u041f\u0440\u0435\u0448\u0435\u0432\u043e, \u0411\u0443\u0458\u0430\u043d\u043e\u0432\u0430\u0446 \u0438 \u041c\u0435\u0434\u0432\u0435\u0452a\",\"alternateName\":\"\u041a\u043e\u043e\u0440\u0434\u0438\u043d\u0430\u0446\u0438\u043e\u043d\u043e \u0442\u0435\u043b\u043e\",\"url\":\"https:\\\/\\\/kt.gov.rs\\\/\",\"logo\":{\"@type\":\"ImageObject\",\"inLanguage\":\"sq-AL\",\"@id\":\"https:\\\/\\\/kt.gov.rs\\\/#\\\/schema\\\/logo\\\/image\\\/\",\"url\":\"https:\\\/\\\/kt.gov.rs\\\/wp-content\\\/uploads\\\/2024\\\/12\\\/koord2.jpg\",\"contentUrl\":\"https:\\\/\\\/kt.gov.rs\\\/wp-content\\\/uploads\\\/2024\\\/12\\\/koord2.jpg\",\"width\":640,\"height\":480,\"caption\":\"\u041a\u043e\u043e\u0440\u0434\u0438\u043d\u0430\u0446\u0438\u043e\u043d\u043e \u0442\u0435\u043b\u043e \u0412\u043b\u0430\u0434\u0435 \u0420\u0435\u043f\u0443\u0431\u043b\u0438\u043a\u0435 \u0421\u0440\u0431\u0438\u0458\u0435 \u0437\u0430 \u043e\u043f\u0448\u0442\u0438\u043d\u0435 \u041f\u0440\u0435\u0448\u0435\u0432\u043e, \u0411\u0443\u0458\u0430\u043d\u043e\u0432\u0430\u0446 \u0438 \u041c\u0435\u0434\u0432\u0435\u0452a\"},\"image\":{\"@id\":\"https:\\\/\\\/kt.gov.rs\\\/#\\\/schema\\\/logo\\\/image\\\/\"},\"sameAs\":[\"https:\\\/\\\/www.facebook.com\\\/SluzbaKoordinacionogTelaVladeRepublikeSrbije\",\"https:\\\/\\\/x.com\\\/kt_gov\",\"https:\\\/\\\/www.youtube.com\\\/@koordinacionotelo\"]},{\"@type\":\"Person\",\"@id\":\"https:\\\/\\\/kt.gov.rs\\\/#\\\/schema\\\/person\\\/e426459ddb4173309103390602694571\",\"name\":\"ktmin\",\"image\":{\"@type\":\"ImageObject\",\"inLanguage\":\"sq-AL\",\"@id\":\"https:\\\/\\\/secure.gravatar.com\\\/avatar\\\/3985c961109853010c3fbc7ba30365bfba5db3dd6c525831d9c595c7525a615a?s=96&d=mm&r=g\",\"url\":\"https:\\\/\\\/secure.gravatar.com\\\/avatar\\\/3985c961109853010c3fbc7ba30365bfba5db3dd6c525831d9c595c7525a615a?s=96&d=mm&r=g\",\"contentUrl\":\"https:\\\/\\\/secure.gravatar.com\\\/avatar\\\/3985c961109853010c3fbc7ba30365bfba5db3dd6c525831d9c595c7525a615a?s=96&d=mm&r=g\",\"caption\":\"ktmin\"},\"sameAs\":[\"https:\\\/\\\/kt.gov.rs\"],\"url\":\"https:\\\/\\\/kt.gov.rs\\\/sq\\\/author\\\/ktmin\\\/\"}]}<\/script>\n<!-- \/ Yoast SEO plugin. -->","yoast_head_json":{"title":"\u00cbSHT\u00cb SHPALLUR KONKURS P\u00cbR TRAJNIM T\u00cb ZJARR\u00cbFIK\u00cbSVE \u2013 N\u00cb JUG PUN\u00cb P\u00cbR 49 KANDIDAT\u00cb - Republika e S\u00ebrbis\u00eb Trupi Koordinues p\u00ebr komunat Bujanoc, Preshev\u00eb dhe Medvegj\u00eb","robots":{"index":"index","follow":"follow","max-snippet":"max-snippet:-1","max-image-preview":"max-image-preview:large","max-video-preview":"max-video-preview:-1"},"canonical":"https:\/\/kt.gov.rs\/sq\/eshte-shpallur-konkurs-per-trajnim-te-zjarrefikesve-ne-jug-pune-per-49-kandidate\/","og_locale":"sq_AL","og_type":"article","og_title":"\u00cbSHT\u00cb SHPALLUR KONKURS P\u00cbR TRAJNIM T\u00cb ZJARR\u00cbFIK\u00cbSVE \u2013 N\u00cb JUG PUN\u00cb P\u00cbR 49 KANDIDAT\u00cb - Republika e S\u00ebrbis\u00eb Trupi Koordinues p\u00ebr komunat Bujanoc, Preshev\u00eb dhe Medvegj\u00eb","og_description":"Beograd-\u00a0Konkursi p\u00ebr trajnimin baz\u00eb p\u00ebr t\u00eb rinjt\u00eb dhe t\u00eb rejat e interesuara t\u00eb mosh\u00ebs 19 deri 30 vje\u00e7 p\u00ebr pun\u00ebn e zjarrfik\u00ebsit-shp\u00ebtimtarit u shpall nga Ministria e Pun\u00ebve t\u00eb Brendshme dhe 49 kandidat\u00eb nga jugu i Serbis\u00eb do t\u00eb ken\u00eb mund\u00ebsin\u00eb p\u00ebr t\u00eb punuar n\u00eb nj\u00ebsit\u00eb e zjarr\u00ebfik\u00ebsve. Afati i fundit p\u00ebr aplikim \u00ebsht\u00eb deri m\u00eb 25 maj.","og_url":"https:\/\/kt.gov.rs\/sq\/eshte-shpallur-konkurs-per-trajnim-te-zjarrefikesve-ne-jug-pune-per-49-kandidate\/","og_site_name":"Republika e S\u00ebrbis\u00eb Trupi Koordinues p\u00ebr komunat Bujanoc, Preshev\u00eb dhe Medvegj\u00eb","article_publisher":"https:\/\/www.facebook.com\/SluzbaKoordinacionogTelaVladeRepublikeSrbije","article_published_time":"2021-05-12T00:00:00+00:00","article_modified_time":"2024-07-30T18:00:24+00:00","og_image":[{"width":315,"height":230,"url":"https:\/\/kt.gov.rs\/wp-content\/uploads\/2024\/07\/1620823440_120521_3-3.jpg","type":"image\/jpeg"}],"author":"ktmin","twitter_card":"summary_large_image","twitter_creator":"@kt_gov","twitter_site":"@kt_gov","twitter_misc":{"Written by":"ktmin","Est. reading time":"3 minutes"},"schema":{"@context":"https:\/\/schema.org","@graph":[{"@type":"Article","@id":"https:\/\/kt.gov.rs\/sq\/eshte-shpallur-konkurs-per-trajnim-te-zjarrefikesve-ne-jug-pune-per-49-kandidate\/#article","isPartOf":{"@id":"https:\/\/kt.gov.rs\/sq\/eshte-shpallur-konkurs-per-trajnim-te-zjarrefikesve-ne-jug-pune-per-49-kandidate\/"},"author":{"name":"ktmin","@id":"https:\/\/kt.gov.rs\/#\/schema\/person\/e426459ddb4173309103390602694571"},"headline":"\u00cbSHT\u00cb SHPALLUR KONKURS P\u00cbR TRAJNIM T\u00cb ZJARR\u00cbFIK\u00cbSVE \u2013 N\u00cb JUG PUN\u00cb P\u00cbR 49 KANDIDAT\u00cb","datePublished":"2021-05-12T00:00:00+00:00","dateModified":"2024-07-30T18:00:24+00:00","mainEntityOfPage":{"@id":"https:\/\/kt.gov.rs\/sq\/eshte-shpallur-konkurs-per-trajnim-te-zjarrefikesve-ne-jug-pune-per-49-kandidate\/"},"wordCount":585,"publisher":{"@id":"https:\/\/kt.gov.rs\/#organization"},"image":{"@id":"https:\/\/kt.gov.rs\/sq\/eshte-shpallur-konkurs-per-trajnim-te-zjarrefikesve-ne-jug-pune-per-49-kandidate\/#primaryimage"},"thumbnailUrl":"https:\/\/kt.gov.rs\/wp-content\/uploads\/2024\/07\/1620823440_120521_3-3.jpg","articleSection":["Lajme"],"inLanguage":"sq-AL"},{"@type":"WebPage","@id":"https:\/\/kt.gov.rs\/sq\/eshte-shpallur-konkurs-per-trajnim-te-zjarrefikesve-ne-jug-pune-per-49-kandidate\/","url":"https:\/\/kt.gov.rs\/sq\/eshte-shpallur-konkurs-per-trajnim-te-zjarrefikesve-ne-jug-pune-per-49-kandidate\/","name":"\u00cbSHT\u00cb SHPALLUR KONKURS P\u00cbR TRAJNIM T\u00cb ZJARR\u00cbFIK\u00cbSVE \u2013 N\u00cb JUG PUN\u00cb P\u00cbR 49 KANDIDAT\u00cb - Republika e S\u00ebrbis\u00eb Trupi Koordinues p\u00ebr komunat Bujanoc, Preshev\u00eb dhe Medvegj\u00eb","isPartOf":{"@id":"https:\/\/kt.gov.rs\/#website"},"primaryImageOfPage":{"@id":"https:\/\/kt.gov.rs\/sq\/eshte-shpallur-konkurs-per-trajnim-te-zjarrefikesve-ne-jug-pune-per-49-kandidate\/#primaryimage"},"image":{"@id":"https:\/\/kt.gov.rs\/sq\/eshte-shpallur-konkurs-per-trajnim-te-zjarrefikesve-ne-jug-pune-per-49-kandidate\/#primaryimage"},"thumbnailUrl":"https:\/\/kt.gov.rs\/wp-content\/uploads\/2024\/07\/1620823440_120521_3-3.jpg","datePublished":"2021-05-12T00:00:00+00:00","dateModified":"2024-07-30T18:00:24+00:00","breadcrumb":{"@id":"https:\/\/kt.gov.rs\/sq\/eshte-shpallur-konkurs-per-trajnim-te-zjarrefikesve-ne-jug-pune-per-49-kandidate\/#breadcrumb"},"inLanguage":"sq-AL","potentialAction":[{"@type":"ReadAction","target":["https:\/\/kt.gov.rs\/sq\/eshte-shpallur-konkurs-per-trajnim-te-zjarrefikesve-ne-jug-pune-per-49-kandidate\/"]}]},{"@type":"ImageObject","inLanguage":"sq-AL","@id":"https:\/\/kt.gov.rs\/sq\/eshte-shpallur-konkurs-per-trajnim-te-zjarrefikesve-ne-jug-pune-per-49-kandidate\/#primaryimage","url":"https:\/\/kt.gov.rs\/wp-content\/uploads\/2024\/07\/1620823440_120521_3-3.jpg","contentUrl":"https:\/\/kt.gov.rs\/wp-content\/uploads\/2024\/07\/1620823440_120521_3-3.jpg","width":315,"height":230},{"@type":"BreadcrumbList","@id":"https:\/\/kt.gov.rs\/sq\/eshte-shpallur-konkurs-per-trajnim-te-zjarrefikesve-ne-jug-pune-per-49-kandidate\/#breadcrumb","itemListElement":[{"@type":"ListItem","position":1,"name":"\u041f\u043e\u0447\u0435\u0442\u043d\u0430","item":"https:\/\/kt.gov.rs\/sq\/"},{"@type":"ListItem","position":2,"name":"\u00cbSHT\u00cb SHPALLUR KONKURS P\u00cbR TRAJNIM T\u00cb ZJARR\u00cbFIK\u00cbSVE \u2013 N\u00cb JUG PUN\u00cb P\u00cbR 49 KANDIDAT\u00cb"}]},{"@type":"WebSite","@id":"https:\/\/kt.gov.rs\/#website","url":"https:\/\/kt.gov.rs\/","name":"\u041a\u043e\u043e\u0440\u0434\u0438\u043d\u0430\u0446\u0438\u043e\u043d\u043e \u0442\u0435\u043b\u043e \u0412\u043b\u0430\u0434\u0435 \u0420\u0435\u043f\u0443\u0431\u043b\u0438\u043a\u0435 \u0421\u0440\u0431\u0438\u0458\u0435 \u0437\u0430 \u043e\u043f\u0448\u0442\u0438\u043d\u0435 \u041f\u0440\u0435\u0448\u0435\u0432\u043e, \u0411\u0443\u0458\u0430\u043d\u043e\u0432\u0430\u0446 \u0438 \u041c\u0435\u0434\u0432\u0435\u0452a","description":"","publisher":{"@id":"https:\/\/kt.gov.rs\/#organization"},"alternateName":"\u041a\u043e\u043e\u0440\u0434\u0438\u043d\u0430\u0446\u0438\u043e\u043d\u043e \u0442\u0435\u043b\u043e","potentialAction":[{"@type":"SearchAction","target":{"@type":"EntryPoint","urlTemplate":"https:\/\/kt.gov.rs\/?s={search_term_string}"},"query-input":{"@type":"PropertyValueSpecification","valueRequired":true,"valueName":"search_term_string"}}],"inLanguage":"sq-AL"},{"@type":"Organization","@id":"https:\/\/kt.gov.rs\/#organization","name":"\u041a\u043e\u043e\u0440\u0434\u0438\u043d\u0430\u0446\u0438\u043e\u043d\u043e \u0442\u0435\u043b\u043e \u0412\u043b\u0430\u0434\u0435 \u0420\u0435\u043f\u0443\u0431\u043b\u0438\u043a\u0435 \u0421\u0440\u0431\u0438\u0458\u0435 \u0437\u0430 \u043e\u043f\u0448\u0442\u0438\u043d\u0435 \u041f\u0440\u0435\u0448\u0435\u0432\u043e, \u0411\u0443\u0458\u0430\u043d\u043e\u0432\u0430\u0446 \u0438 \u041c\u0435\u0434\u0432\u0435\u0452a","alternateName":"\u041a\u043e\u043e\u0440\u0434\u0438\u043d\u0430\u0446\u0438\u043e\u043d\u043e \u0442\u0435\u043b\u043e","url":"https:\/\/kt.gov.rs\/","logo":{"@type":"ImageObject","inLanguage":"sq-AL","@id":"https:\/\/kt.gov.rs\/#\/schema\/logo\/image\/","url":"https:\/\/kt.gov.rs\/wp-content\/uploads\/2024\/12\/koord2.jpg","contentUrl":"https:\/\/kt.gov.rs\/wp-content\/uploads\/2024\/12\/koord2.jpg","width":640,"height":480,"caption":"\u041a\u043e\u043e\u0440\u0434\u0438\u043d\u0430\u0446\u0438\u043e\u043d\u043e \u0442\u0435\u043b\u043e \u0412\u043b\u0430\u0434\u0435 \u0420\u0435\u043f\u0443\u0431\u043b\u0438\u043a\u0435 \u0421\u0440\u0431\u0438\u0458\u0435 \u0437\u0430 \u043e\u043f\u0448\u0442\u0438\u043d\u0435 \u041f\u0440\u0435\u0448\u0435\u0432\u043e, \u0411\u0443\u0458\u0430\u043d\u043e\u0432\u0430\u0446 \u0438 \u041c\u0435\u0434\u0432\u0435\u0452a"},"image":{"@id":"https:\/\/kt.gov.rs\/#\/schema\/logo\/image\/"},"sameAs":["https:\/\/www.facebook.com\/SluzbaKoordinacionogTelaVladeRepublikeSrbije","https:\/\/x.com\/kt_gov","https:\/\/www.youtube.com\/@koordinacionotelo"]},{"@type":"Person","@id":"https:\/\/kt.gov.rs\/#\/schema\/person\/e426459ddb4173309103390602694571","name":"ktmin","image":{"@type":"ImageObject","inLanguage":"sq-AL","@id":"https:\/\/secure.gravatar.com\/avatar\/3985c961109853010c3fbc7ba30365bfba5db3dd6c525831d9c595c7525a615a?s=96&d=mm&r=g","url":"https:\/\/secure.gravatar.com\/avatar\/3985c961109853010c3fbc7ba30365bfba5db3dd6c525831d9c595c7525a615a?s=96&d=mm&r=g","contentUrl":"https:\/\/secure.gravatar.com\/avatar\/3985c961109853010c3fbc7ba30365bfba5db3dd6c525831d9c595c7525a615a?s=96&d=mm&r=g","caption":"ktmin"},"sameAs":["https:\/\/kt.gov.rs"],"url":"https:\/\/kt.gov.rs\/sq\/author\/ktmin\/"}]}},"_links":{"self":[{"href":"https:\/\/kt.gov.rs\/sq\/wp-json\/wp\/v2\/posts\/109785","targetHints":{"allow":["GET"]}}],"collection":[{"href":"https:\/\/kt.gov.rs\/sq\/wp-json\/wp\/v2\/posts"}],"about":[{"href":"https:\/\/kt.gov.rs\/sq\/wp-json\/wp\/v2\/types\/post"}],"author":[{"embeddable":true,"href":"https:\/\/kt.gov.rs\/sq\/wp-json\/wp\/v2\/users\/1"}],"replies":[{"embeddable":true,"href":"https:\/\/kt.gov.rs\/sq\/wp-json\/wp\/v2\/comments?post=109785"}],"version-history":[{"count":1,"href":"https:\/\/kt.gov.rs\/sq\/wp-json\/wp\/v2\/posts\/109785\/revisions"}],"predecessor-version":[{"id":109789,"href":"https:\/\/kt.gov.rs\/sq\/wp-json\/wp\/v2\/posts\/109785\/revisions\/109789"}],"wp:featuredmedia":[{"embeddable":true,"href":"https:\/\/kt.gov.rs\/sq\/wp-json\/wp\/v2\/media\/109790"}],"wp:attachment":[{"href":"https:\/\/kt.gov.rs\/sq\/wp-json\/wp\/v2\/media?parent=109785"}],"wp:term":[{"taxonomy":"category","embeddable":true,"href":"https:\/\/kt.gov.rs\/sq\/wp-json\/wp\/v2\/categories?post=109785"},{"taxonomy":"post_tag","embeddable":true,"href":"https:\/\/kt.gov.rs\/sq\/wp-json\/wp\/v2\/tags?post=109785"}],"curies":[{"name":"wp","href":"https:\/\/api.w.org\/{rel}","templated":true}]}}