{"id":109777,"date":"2021-05-13T00:00:00","date_gmt":"2021-05-13T00:00:00","guid":{"rendered":"http:\/\/kt.printandscreen.rs\/ne-presheve-per-here-te-pare-eshte-shfaqur-nje-magpine-me-bisht-te-gjate-lloji-i-ri-i-shpendit-ne-serbi\/"},"modified":"2024-07-30T18:00:24","modified_gmt":"2024-07-30T18:00:24","slug":"ne-presheve-per-here-te-pare-eshte-shfaqur-nje-magpine-me-bisht-te-gjate-lloji-i-ri-i-shpendit-ne-serbi","status":"publish","type":"post","link":"https:\/\/kt.gov.rs\/sq\/ne-presheve-per-here-te-pare-eshte-shfaqur-nje-magpine-me-bisht-te-gjate-lloji-i-ri-i-shpendit-ne-serbi\/","title":{"rendered":"N\u00cb PRESHEV\u00cb P\u00cbR HER\u00cb T\u00cb PAR\u00cb \u00cbSHT\u00cb SHFAQUR NJ\u00cb MAGPIN\u00cb ME BISHT T\u00cb GJAT\u00cb \u2013 LLOJI I RI I SHPENDIT N\u00cb SERBI"},"content":{"rendered":"<p>\n\t<strong><img decoding=\"async\" alt=\"\" src=\"https:\/\/kt.gov.rs\/wp-content\/uploads\/2024\/07\/1620900415_130521_1-2.jpg\" style=\"width: 315px; height: 230px; float: left;\" \/><\/strong><\/p>\n<p>\n\t<strong>Preshev\u00eb \u2013 Beograd \u2013<\/strong> Nj\u00eb specie e re e zogjve, e par\u00eb p\u00ebr her\u00eb t\u00eb par\u00eb n\u00eb Serbi \u2013 magpina me bisht t\u00eb gjat\u00eb, u vu re nga ornitolog\u00ebt n\u00eb komun\u00ebn e Preshev\u00ebs, af\u00ebr kufirit me Maqedonin\u00eb Veriore, ku u fotografua nj\u00eb \u00e7ift n\u00eb fole e k\u00ebsaj specie t\u00eb vog\u00ebl t\u00eb llojit t\u00eb shpendit.<\/p>\n<p>\n\tN\u00eb fillim t\u00eb muajit maj, ornitolog\u00ebt nga Qendra p\u00ebr K\u00ebrkime t\u00eb Biodiversitetit nga Novi Sad dhe Muzeu i Historis\u00eb Natyrore nga Beogradi q\u00ebndruan n\u00eb Bujanoc dhe Preshev\u00eb n\u00eb nj\u00eb ekspedit\u00eb shum\u00eb ditore, dhe sipas Drazhenko Rajkoviq nga Qendra p\u00ebr K\u00ebrkimin e Biodiversitetit, speciet e reja t\u00eb zogjve u regjistruan pothuajse rast\u00ebsisht.<\/p>\n<p>\n\t&quot;Ishte mesdit\u00eb dhe sapo po mbaronim terrenin kur nj\u00eb zog i vog\u00ebl me ngjyr\u00eb t\u00eb zez\u00eb dhe t\u00eb bardh\u00eb erdhi n\u00eb syt\u00eb e mi. Pas nj\u00eb v\u00ebzhgimi t\u00eb shkurt\u00ebr me dylbi, un\u00eb isha shum\u00eb i lumtur sepse njoha magpin me bisht t\u00eb gjat\u00eb. Pak m\u00eb von\u00eb, kemi v\u00ebrejtur edhe llojin e njet\u00eb t\u00eb gjinis\u00eb fem\u00ebr \u201d, thot\u00eb Rajkoviq.<\/p>\n<p>\n\tMagpia me bisht t\u00eb gjat\u00eb (Lanius nubicus), si\u00e7 shpjegojn\u00eb ornitolog\u00ebt, banon n\u00eb habitate mesdhetare me bar t\u00eb that\u00eb me ka\u00e7ube dhe pem\u00eb, n\u00eb ekstremin juglindor t\u00eb Evrop\u00ebs dhe pjes\u00eb t\u00eb Lindjes s\u00eb Mesme. \u00cbsht\u00eb nj\u00eb migrant q\u00eb kalon dimrin n\u00eb zon\u00ebn e Afrik\u00ebs Verilindore, dhe e gjith\u00eb popullsia bot\u00ebrore \u00ebsht\u00eb relativisht e vog\u00ebl, nd\u00ebrsa n\u00eb Ballkan kjo specie \u00ebsht\u00eb e rrall\u00eb dhe e studiuar dob\u00ebt, dhe jeton n\u00eb pjes\u00eb t\u00eb Maqedonis\u00eb, Shqip\u00ebris\u00eb, Bullgaris\u00eb dhe Greqis\u00eb .<\/p>\n<p>\n\t&quot;Kjo \u00ebsht\u00eb hera e par\u00eb q\u00eb kjo specie \u00ebsht\u00eb par\u00eb n\u00eb Serbi dhe duke marr\u00eb parasysh se disa zogj jan\u00eb v\u00ebrejtur gjat\u00eb periudh\u00ebs s\u00eb folezimit, ne kemi arsye t\u00eb besojm\u00eb se kemi gjetur nj\u00eb zog t\u00eb ri folezues t\u00eb vendit ton\u00eb,&quot; shpjegon ornitologu .<\/p>\n<p>\n\tP\u00ebrve\u00e7 magpin\u00ebs me bisht t\u00eb gjat\u00eb gjat\u00eb ekspedit\u00ebs, u sh\u00ebnuan zogj t\u00eb tjer\u00eb t\u00eb rrall\u00eb dhe disa tjera t\u00eb tilla si harabeli prej gur dhe disa tjera, gj\u00eb q\u00eb tregon, shpjegojn\u00eb ornitolog\u00ebt, vler\u00ebn e lart\u00eb ekologjike t\u00eb zon\u00ebs s\u00eb hulumtuar.<\/p>\n<p>\n\tP\u00ebrndryshe, k\u00ebrkimi ornitologjik n\u00eb jug t\u00eb t\u00eb Serbis\u00eb u krye brenda projekteve t\u00eb krijimit t\u00eb Rrjetit Ekologjik Komb\u00ebtar dhe rrjetit NATURA 2000 t\u00eb zonave t\u00eb mbrojtura t\u00eb Bashkimit Evropian, t\u00eb cilat mb\u00ebshteten nga Ministria e Mbrojtjes s\u00eb Mjedisit dhe Instituti p\u00ebr Mbrojtjen e Natyr\u00ebs t\u00eb Serbis\u00eb.<\/p>\n<p>\n\t<strong>Burimi: Juzhne Vesti, Trupi Koordinues<\/strong><\/p>\n<p>\n\t\u00a0<\/p>\n","protected":false},"excerpt":{"rendered":"<p>Preshev\u00eb \u2013 Beograd \u2013\u00a0Nj\u00eb specie e re e zogjve, e par\u00eb p\u00ebr her\u00eb t\u00eb par\u00eb n\u00eb Serbi \u2013 magpina me bisht t\u00eb gjat\u00eb, u vu re nga ornitolog\u00ebt n\u00eb komun\u00ebn e Preshev\u00ebs, af\u00ebr kufirit me Maqedonin\u00eb Veriore, ku u fotografua nj\u00eb \u00e7ift n\u00eb fole e k\u00ebsaj specie t\u00eb vog\u00ebl t\u00eb llojit t\u00eb shpendit.<\/p>\n","protected":false},"author":1,"featured_media":109782,"comment_status":"closed","ping_status":"closed","sticky":false,"template":"","format":"standard","meta":{"footnotes":""},"categories":[55],"tags":[],"class_list":["post-109777","post","type-post","status-publish","format-standard","has-post-thumbnail","hentry","category-lajme"],"yoast_head":"<!-- This site is optimized with the Yoast SEO plugin v27.5 - https:\/\/yoast.com\/product\/yoast-seo-wordpress\/ -->\n<title>N\u00cb PRESHEV\u00cb P\u00cbR HER\u00cb T\u00cb PAR\u00cb \u00cbSHT\u00cb SHFAQUR NJ\u00cb MAGPIN\u00cb ME BISHT T\u00cb GJAT\u00cb \u2013 LLOJI I RI I SHPENDIT N\u00cb SERBI - Republika e S\u00ebrbis\u00eb Trupi Koordinues p\u00ebr komunat Bujanoc, Preshev\u00eb dhe Medvegj\u00eb<\/title>\n<meta name=\"robots\" content=\"index, follow, max-snippet:-1, max-image-preview:large, max-video-preview:-1\" \/>\n<link rel=\"canonical\" href=\"https:\/\/kt.gov.rs\/sq\/ne-presheve-per-here-te-pare-eshte-shfaqur-nje-magpine-me-bisht-te-gjate-lloji-i-ri-i-shpendit-ne-serbi\/\" \/>\n<meta property=\"og:locale\" content=\"sq_AL\" \/>\n<meta property=\"og:type\" content=\"article\" \/>\n<meta property=\"og:title\" content=\"N\u00cb PRESHEV\u00cb P\u00cbR HER\u00cb T\u00cb PAR\u00cb \u00cbSHT\u00cb SHFAQUR NJ\u00cb MAGPIN\u00cb ME BISHT T\u00cb GJAT\u00cb \u2013 LLOJI I RI I SHPENDIT N\u00cb SERBI - Republika e S\u00ebrbis\u00eb Trupi Koordinues p\u00ebr komunat Bujanoc, Preshev\u00eb dhe Medvegj\u00eb\" \/>\n<meta property=\"og:description\" content=\"Preshev\u00eb - Beograd -\u00a0Nj\u00eb specie e re e zogjve, e par\u00eb p\u00ebr her\u00eb t\u00eb par\u00eb n\u00eb Serbi - magpina me bisht t\u00eb gjat\u00eb, u vu re nga ornitolog\u00ebt n\u00eb komun\u00ebn e Preshev\u00ebs, af\u00ebr kufirit me Maqedonin\u00eb Veriore, ku u fotografua nj\u00eb \u00e7ift n\u00eb fole e k\u00ebsaj specie t\u00eb vog\u00ebl t\u00eb llojit t\u00eb shpendit.\" \/>\n<meta property=\"og:url\" content=\"https:\/\/kt.gov.rs\/sq\/ne-presheve-per-here-te-pare-eshte-shfaqur-nje-magpine-me-bisht-te-gjate-lloji-i-ri-i-shpendit-ne-serbi\/\" \/>\n<meta property=\"og:site_name\" content=\"Republika e S\u00ebrbis\u00eb Trupi Koordinues p\u00ebr komunat Bujanoc, Preshev\u00eb dhe Medvegj\u00eb\" \/>\n<meta property=\"article:publisher\" content=\"https:\/\/www.facebook.com\/SluzbaKoordinacionogTelaVladeRepublikeSrbije\" \/>\n<meta property=\"article:published_time\" content=\"2021-05-13T00:00:00+00:00\" \/>\n<meta property=\"article:modified_time\" content=\"2024-07-30T18:00:24+00:00\" \/>\n<meta property=\"og:image\" content=\"https:\/\/kt.gov.rs\/wp-content\/uploads\/2024\/07\/1620900415_130521_1-3.jpg\" \/>\n\t<meta property=\"og:image:width\" content=\"315\" \/>\n\t<meta property=\"og:image:height\" content=\"230\" \/>\n\t<meta property=\"og:image:type\" content=\"image\/jpeg\" \/>\n<meta name=\"author\" content=\"ktmin\" \/>\n<meta name=\"twitter:card\" content=\"summary_large_image\" \/>\n<meta name=\"twitter:creator\" content=\"@kt_gov\" \/>\n<meta name=\"twitter:site\" content=\"@kt_gov\" \/>\n<meta name=\"twitter:label1\" content=\"Written by\" \/>\n\t<meta name=\"twitter:data1\" content=\"ktmin\" \/>\n\t<meta name=\"twitter:label2\" content=\"Est. reading time\" \/>\n\t<meta name=\"twitter:data2\" content=\"3 minutes\" \/>\n<script type=\"application\/ld+json\" class=\"yoast-schema-graph\">{\"@context\":\"https:\\\/\\\/schema.org\",\"@graph\":[{\"@type\":\"Article\",\"@id\":\"https:\\\/\\\/kt.gov.rs\\\/sq\\\/ne-presheve-per-here-te-pare-eshte-shfaqur-nje-magpine-me-bisht-te-gjate-lloji-i-ri-i-shpendit-ne-serbi\\\/#article\",\"isPartOf\":{\"@id\":\"https:\\\/\\\/kt.gov.rs\\\/sq\\\/ne-presheve-per-here-te-pare-eshte-shfaqur-nje-magpine-me-bisht-te-gjate-lloji-i-ri-i-shpendit-ne-serbi\\\/\"},\"author\":{\"name\":\"ktmin\",\"@id\":\"https:\\\/\\\/kt.gov.rs\\\/#\\\/schema\\\/person\\\/e426459ddb4173309103390602694571\"},\"headline\":\"N\u00cb PRESHEV\u00cb P\u00cbR HER\u00cb T\u00cb PAR\u00cb \u00cbSHT\u00cb SHFAQUR NJ\u00cb MAGPIN\u00cb ME BISHT T\u00cb GJAT\u00cb \u2013 LLOJI I RI I SHPENDIT N\u00cb SERBI\",\"datePublished\":\"2021-05-13T00:00:00+00:00\",\"dateModified\":\"2024-07-30T18:00:24+00:00\",\"mainEntityOfPage\":{\"@id\":\"https:\\\/\\\/kt.gov.rs\\\/sq\\\/ne-presheve-per-here-te-pare-eshte-shfaqur-nje-magpine-me-bisht-te-gjate-lloji-i-ri-i-shpendit-ne-serbi\\\/\"},\"wordCount\":612,\"publisher\":{\"@id\":\"https:\\\/\\\/kt.gov.rs\\\/#organization\"},\"image\":{\"@id\":\"https:\\\/\\\/kt.gov.rs\\\/sq\\\/ne-presheve-per-here-te-pare-eshte-shfaqur-nje-magpine-me-bisht-te-gjate-lloji-i-ri-i-shpendit-ne-serbi\\\/#primaryimage\"},\"thumbnailUrl\":\"https:\\\/\\\/kt.gov.rs\\\/wp-content\\\/uploads\\\/2024\\\/07\\\/1620900415_130521_1-3.jpg\",\"articleSection\":[\"Lajme\"],\"inLanguage\":\"sq-AL\"},{\"@type\":\"WebPage\",\"@id\":\"https:\\\/\\\/kt.gov.rs\\\/sq\\\/ne-presheve-per-here-te-pare-eshte-shfaqur-nje-magpine-me-bisht-te-gjate-lloji-i-ri-i-shpendit-ne-serbi\\\/\",\"url\":\"https:\\\/\\\/kt.gov.rs\\\/sq\\\/ne-presheve-per-here-te-pare-eshte-shfaqur-nje-magpine-me-bisht-te-gjate-lloji-i-ri-i-shpendit-ne-serbi\\\/\",\"name\":\"N\u00cb PRESHEV\u00cb P\u00cbR HER\u00cb T\u00cb PAR\u00cb \u00cbSHT\u00cb SHFAQUR NJ\u00cb MAGPIN\u00cb ME BISHT T\u00cb GJAT\u00cb \u2013 LLOJI I RI I SHPENDIT N\u00cb SERBI - Republika e S\u00ebrbis\u00eb Trupi Koordinues p\u00ebr komunat Bujanoc, Preshev\u00eb dhe Medvegj\u00eb\",\"isPartOf\":{\"@id\":\"https:\\\/\\\/kt.gov.rs\\\/#website\"},\"primaryImageOfPage\":{\"@id\":\"https:\\\/\\\/kt.gov.rs\\\/sq\\\/ne-presheve-per-here-te-pare-eshte-shfaqur-nje-magpine-me-bisht-te-gjate-lloji-i-ri-i-shpendit-ne-serbi\\\/#primaryimage\"},\"image\":{\"@id\":\"https:\\\/\\\/kt.gov.rs\\\/sq\\\/ne-presheve-per-here-te-pare-eshte-shfaqur-nje-magpine-me-bisht-te-gjate-lloji-i-ri-i-shpendit-ne-serbi\\\/#primaryimage\"},\"thumbnailUrl\":\"https:\\\/\\\/kt.gov.rs\\\/wp-content\\\/uploads\\\/2024\\\/07\\\/1620900415_130521_1-3.jpg\",\"datePublished\":\"2021-05-13T00:00:00+00:00\",\"dateModified\":\"2024-07-30T18:00:24+00:00\",\"breadcrumb\":{\"@id\":\"https:\\\/\\\/kt.gov.rs\\\/sq\\\/ne-presheve-per-here-te-pare-eshte-shfaqur-nje-magpine-me-bisht-te-gjate-lloji-i-ri-i-shpendit-ne-serbi\\\/#breadcrumb\"},\"inLanguage\":\"sq-AL\",\"potentialAction\":[{\"@type\":\"ReadAction\",\"target\":[\"https:\\\/\\\/kt.gov.rs\\\/sq\\\/ne-presheve-per-here-te-pare-eshte-shfaqur-nje-magpine-me-bisht-te-gjate-lloji-i-ri-i-shpendit-ne-serbi\\\/\"]}]},{\"@type\":\"ImageObject\",\"inLanguage\":\"sq-AL\",\"@id\":\"https:\\\/\\\/kt.gov.rs\\\/sq\\\/ne-presheve-per-here-te-pare-eshte-shfaqur-nje-magpine-me-bisht-te-gjate-lloji-i-ri-i-shpendit-ne-serbi\\\/#primaryimage\",\"url\":\"https:\\\/\\\/kt.gov.rs\\\/wp-content\\\/uploads\\\/2024\\\/07\\\/1620900415_130521_1-3.jpg\",\"contentUrl\":\"https:\\\/\\\/kt.gov.rs\\\/wp-content\\\/uploads\\\/2024\\\/07\\\/1620900415_130521_1-3.jpg\",\"width\":315,\"height\":230},{\"@type\":\"BreadcrumbList\",\"@id\":\"https:\\\/\\\/kt.gov.rs\\\/sq\\\/ne-presheve-per-here-te-pare-eshte-shfaqur-nje-magpine-me-bisht-te-gjate-lloji-i-ri-i-shpendit-ne-serbi\\\/#breadcrumb\",\"itemListElement\":[{\"@type\":\"ListItem\",\"position\":1,\"name\":\"\u041f\u043e\u0447\u0435\u0442\u043d\u0430\",\"item\":\"https:\\\/\\\/kt.gov.rs\\\/sq\\\/\"},{\"@type\":\"ListItem\",\"position\":2,\"name\":\"N\u00cb PRESHEV\u00cb P\u00cbR HER\u00cb T\u00cb PAR\u00cb \u00cbSHT\u00cb SHFAQUR NJ\u00cb MAGPIN\u00cb ME BISHT T\u00cb GJAT\u00cb \u2013 LLOJI I RI I SHPENDIT N\u00cb SERBI\"}]},{\"@type\":\"WebSite\",\"@id\":\"https:\\\/\\\/kt.gov.rs\\\/#website\",\"url\":\"https:\\\/\\\/kt.gov.rs\\\/\",\"name\":\"\u041a\u043e\u043e\u0440\u0434\u0438\u043d\u0430\u0446\u0438\u043e\u043d\u043e \u0442\u0435\u043b\u043e \u0412\u043b\u0430\u0434\u0435 \u0420\u0435\u043f\u0443\u0431\u043b\u0438\u043a\u0435 \u0421\u0440\u0431\u0438\u0458\u0435 \u0437\u0430 \u043e\u043f\u0448\u0442\u0438\u043d\u0435 \u041f\u0440\u0435\u0448\u0435\u0432\u043e, \u0411\u0443\u0458\u0430\u043d\u043e\u0432\u0430\u0446 \u0438 \u041c\u0435\u0434\u0432\u0435\u0452a\",\"description\":\"\",\"publisher\":{\"@id\":\"https:\\\/\\\/kt.gov.rs\\\/#organization\"},\"alternateName\":\"\u041a\u043e\u043e\u0440\u0434\u0438\u043d\u0430\u0446\u0438\u043e\u043d\u043e \u0442\u0435\u043b\u043e\",\"potentialAction\":[{\"@type\":\"SearchAction\",\"target\":{\"@type\":\"EntryPoint\",\"urlTemplate\":\"https:\\\/\\\/kt.gov.rs\\\/?s={search_term_string}\"},\"query-input\":{\"@type\":\"PropertyValueSpecification\",\"valueRequired\":true,\"valueName\":\"search_term_string\"}}],\"inLanguage\":\"sq-AL\"},{\"@type\":\"Organization\",\"@id\":\"https:\\\/\\\/kt.gov.rs\\\/#organization\",\"name\":\"\u041a\u043e\u043e\u0440\u0434\u0438\u043d\u0430\u0446\u0438\u043e\u043d\u043e \u0442\u0435\u043b\u043e \u0412\u043b\u0430\u0434\u0435 \u0420\u0435\u043f\u0443\u0431\u043b\u0438\u043a\u0435 \u0421\u0440\u0431\u0438\u0458\u0435 \u0437\u0430 \u043e\u043f\u0448\u0442\u0438\u043d\u0435 \u041f\u0440\u0435\u0448\u0435\u0432\u043e, \u0411\u0443\u0458\u0430\u043d\u043e\u0432\u0430\u0446 \u0438 \u041c\u0435\u0434\u0432\u0435\u0452a\",\"alternateName\":\"\u041a\u043e\u043e\u0440\u0434\u0438\u043d\u0430\u0446\u0438\u043e\u043d\u043e \u0442\u0435\u043b\u043e\",\"url\":\"https:\\\/\\\/kt.gov.rs\\\/\",\"logo\":{\"@type\":\"ImageObject\",\"inLanguage\":\"sq-AL\",\"@id\":\"https:\\\/\\\/kt.gov.rs\\\/#\\\/schema\\\/logo\\\/image\\\/\",\"url\":\"https:\\\/\\\/kt.gov.rs\\\/wp-content\\\/uploads\\\/2024\\\/12\\\/koord2.jpg\",\"contentUrl\":\"https:\\\/\\\/kt.gov.rs\\\/wp-content\\\/uploads\\\/2024\\\/12\\\/koord2.jpg\",\"width\":640,\"height\":480,\"caption\":\"\u041a\u043e\u043e\u0440\u0434\u0438\u043d\u0430\u0446\u0438\u043e\u043d\u043e \u0442\u0435\u043b\u043e \u0412\u043b\u0430\u0434\u0435 \u0420\u0435\u043f\u0443\u0431\u043b\u0438\u043a\u0435 \u0421\u0440\u0431\u0438\u0458\u0435 \u0437\u0430 \u043e\u043f\u0448\u0442\u0438\u043d\u0435 \u041f\u0440\u0435\u0448\u0435\u0432\u043e, \u0411\u0443\u0458\u0430\u043d\u043e\u0432\u0430\u0446 \u0438 \u041c\u0435\u0434\u0432\u0435\u0452a\"},\"image\":{\"@id\":\"https:\\\/\\\/kt.gov.rs\\\/#\\\/schema\\\/logo\\\/image\\\/\"},\"sameAs\":[\"https:\\\/\\\/www.facebook.com\\\/SluzbaKoordinacionogTelaVladeRepublikeSrbije\",\"https:\\\/\\\/x.com\\\/kt_gov\",\"https:\\\/\\\/www.youtube.com\\\/@koordinacionotelo\"]},{\"@type\":\"Person\",\"@id\":\"https:\\\/\\\/kt.gov.rs\\\/#\\\/schema\\\/person\\\/e426459ddb4173309103390602694571\",\"name\":\"ktmin\",\"image\":{\"@type\":\"ImageObject\",\"inLanguage\":\"sq-AL\",\"@id\":\"https:\\\/\\\/secure.gravatar.com\\\/avatar\\\/3985c961109853010c3fbc7ba30365bfba5db3dd6c525831d9c595c7525a615a?s=96&d=mm&r=g\",\"url\":\"https:\\\/\\\/secure.gravatar.com\\\/avatar\\\/3985c961109853010c3fbc7ba30365bfba5db3dd6c525831d9c595c7525a615a?s=96&d=mm&r=g\",\"contentUrl\":\"https:\\\/\\\/secure.gravatar.com\\\/avatar\\\/3985c961109853010c3fbc7ba30365bfba5db3dd6c525831d9c595c7525a615a?s=96&d=mm&r=g\",\"caption\":\"ktmin\"},\"sameAs\":[\"https:\\\/\\\/kt.gov.rs\"],\"url\":\"https:\\\/\\\/kt.gov.rs\\\/sq\\\/author\\\/ktmin\\\/\"}]}<\/script>\n<!-- \/ Yoast SEO plugin. -->","yoast_head_json":{"title":"N\u00cb PRESHEV\u00cb P\u00cbR HER\u00cb T\u00cb PAR\u00cb \u00cbSHT\u00cb SHFAQUR NJ\u00cb MAGPIN\u00cb ME BISHT T\u00cb GJAT\u00cb \u2013 LLOJI I RI I SHPENDIT N\u00cb SERBI - Republika e S\u00ebrbis\u00eb Trupi Koordinues p\u00ebr komunat Bujanoc, Preshev\u00eb dhe Medvegj\u00eb","robots":{"index":"index","follow":"follow","max-snippet":"max-snippet:-1","max-image-preview":"max-image-preview:large","max-video-preview":"max-video-preview:-1"},"canonical":"https:\/\/kt.gov.rs\/sq\/ne-presheve-per-here-te-pare-eshte-shfaqur-nje-magpine-me-bisht-te-gjate-lloji-i-ri-i-shpendit-ne-serbi\/","og_locale":"sq_AL","og_type":"article","og_title":"N\u00cb PRESHEV\u00cb P\u00cbR HER\u00cb T\u00cb PAR\u00cb \u00cbSHT\u00cb SHFAQUR NJ\u00cb MAGPIN\u00cb ME BISHT T\u00cb GJAT\u00cb \u2013 LLOJI I RI I SHPENDIT N\u00cb SERBI - Republika e S\u00ebrbis\u00eb Trupi Koordinues p\u00ebr komunat Bujanoc, Preshev\u00eb dhe Medvegj\u00eb","og_description":"Preshev\u00eb - Beograd -\u00a0Nj\u00eb specie e re e zogjve, e par\u00eb p\u00ebr her\u00eb t\u00eb par\u00eb n\u00eb Serbi - magpina me bisht t\u00eb gjat\u00eb, u vu re nga ornitolog\u00ebt n\u00eb komun\u00ebn e Preshev\u00ebs, af\u00ebr kufirit me Maqedonin\u00eb Veriore, ku u fotografua nj\u00eb \u00e7ift n\u00eb fole e k\u00ebsaj specie t\u00eb vog\u00ebl t\u00eb llojit t\u00eb shpendit.","og_url":"https:\/\/kt.gov.rs\/sq\/ne-presheve-per-here-te-pare-eshte-shfaqur-nje-magpine-me-bisht-te-gjate-lloji-i-ri-i-shpendit-ne-serbi\/","og_site_name":"Republika e S\u00ebrbis\u00eb Trupi Koordinues p\u00ebr komunat Bujanoc, Preshev\u00eb dhe Medvegj\u00eb","article_publisher":"https:\/\/www.facebook.com\/SluzbaKoordinacionogTelaVladeRepublikeSrbije","article_published_time":"2021-05-13T00:00:00+00:00","article_modified_time":"2024-07-30T18:00:24+00:00","og_image":[{"width":315,"height":230,"url":"https:\/\/kt.gov.rs\/wp-content\/uploads\/2024\/07\/1620900415_130521_1-3.jpg","type":"image\/jpeg"}],"author":"ktmin","twitter_card":"summary_large_image","twitter_creator":"@kt_gov","twitter_site":"@kt_gov","twitter_misc":{"Written by":"ktmin","Est. reading time":"3 minutes"},"schema":{"@context":"https:\/\/schema.org","@graph":[{"@type":"Article","@id":"https:\/\/kt.gov.rs\/sq\/ne-presheve-per-here-te-pare-eshte-shfaqur-nje-magpine-me-bisht-te-gjate-lloji-i-ri-i-shpendit-ne-serbi\/#article","isPartOf":{"@id":"https:\/\/kt.gov.rs\/sq\/ne-presheve-per-here-te-pare-eshte-shfaqur-nje-magpine-me-bisht-te-gjate-lloji-i-ri-i-shpendit-ne-serbi\/"},"author":{"name":"ktmin","@id":"https:\/\/kt.gov.rs\/#\/schema\/person\/e426459ddb4173309103390602694571"},"headline":"N\u00cb PRESHEV\u00cb P\u00cbR HER\u00cb T\u00cb PAR\u00cb \u00cbSHT\u00cb SHFAQUR NJ\u00cb MAGPIN\u00cb ME BISHT T\u00cb GJAT\u00cb \u2013 LLOJI I RI I SHPENDIT N\u00cb SERBI","datePublished":"2021-05-13T00:00:00+00:00","dateModified":"2024-07-30T18:00:24+00:00","mainEntityOfPage":{"@id":"https:\/\/kt.gov.rs\/sq\/ne-presheve-per-here-te-pare-eshte-shfaqur-nje-magpine-me-bisht-te-gjate-lloji-i-ri-i-shpendit-ne-serbi\/"},"wordCount":612,"publisher":{"@id":"https:\/\/kt.gov.rs\/#organization"},"image":{"@id":"https:\/\/kt.gov.rs\/sq\/ne-presheve-per-here-te-pare-eshte-shfaqur-nje-magpine-me-bisht-te-gjate-lloji-i-ri-i-shpendit-ne-serbi\/#primaryimage"},"thumbnailUrl":"https:\/\/kt.gov.rs\/wp-content\/uploads\/2024\/07\/1620900415_130521_1-3.jpg","articleSection":["Lajme"],"inLanguage":"sq-AL"},{"@type":"WebPage","@id":"https:\/\/kt.gov.rs\/sq\/ne-presheve-per-here-te-pare-eshte-shfaqur-nje-magpine-me-bisht-te-gjate-lloji-i-ri-i-shpendit-ne-serbi\/","url":"https:\/\/kt.gov.rs\/sq\/ne-presheve-per-here-te-pare-eshte-shfaqur-nje-magpine-me-bisht-te-gjate-lloji-i-ri-i-shpendit-ne-serbi\/","name":"N\u00cb PRESHEV\u00cb P\u00cbR HER\u00cb T\u00cb PAR\u00cb \u00cbSHT\u00cb SHFAQUR NJ\u00cb MAGPIN\u00cb ME BISHT T\u00cb GJAT\u00cb \u2013 LLOJI I RI I SHPENDIT N\u00cb SERBI - Republika e S\u00ebrbis\u00eb Trupi Koordinues p\u00ebr komunat Bujanoc, Preshev\u00eb dhe Medvegj\u00eb","isPartOf":{"@id":"https:\/\/kt.gov.rs\/#website"},"primaryImageOfPage":{"@id":"https:\/\/kt.gov.rs\/sq\/ne-presheve-per-here-te-pare-eshte-shfaqur-nje-magpine-me-bisht-te-gjate-lloji-i-ri-i-shpendit-ne-serbi\/#primaryimage"},"image":{"@id":"https:\/\/kt.gov.rs\/sq\/ne-presheve-per-here-te-pare-eshte-shfaqur-nje-magpine-me-bisht-te-gjate-lloji-i-ri-i-shpendit-ne-serbi\/#primaryimage"},"thumbnailUrl":"https:\/\/kt.gov.rs\/wp-content\/uploads\/2024\/07\/1620900415_130521_1-3.jpg","datePublished":"2021-05-13T00:00:00+00:00","dateModified":"2024-07-30T18:00:24+00:00","breadcrumb":{"@id":"https:\/\/kt.gov.rs\/sq\/ne-presheve-per-here-te-pare-eshte-shfaqur-nje-magpine-me-bisht-te-gjate-lloji-i-ri-i-shpendit-ne-serbi\/#breadcrumb"},"inLanguage":"sq-AL","potentialAction":[{"@type":"ReadAction","target":["https:\/\/kt.gov.rs\/sq\/ne-presheve-per-here-te-pare-eshte-shfaqur-nje-magpine-me-bisht-te-gjate-lloji-i-ri-i-shpendit-ne-serbi\/"]}]},{"@type":"ImageObject","inLanguage":"sq-AL","@id":"https:\/\/kt.gov.rs\/sq\/ne-presheve-per-here-te-pare-eshte-shfaqur-nje-magpine-me-bisht-te-gjate-lloji-i-ri-i-shpendit-ne-serbi\/#primaryimage","url":"https:\/\/kt.gov.rs\/wp-content\/uploads\/2024\/07\/1620900415_130521_1-3.jpg","contentUrl":"https:\/\/kt.gov.rs\/wp-content\/uploads\/2024\/07\/1620900415_130521_1-3.jpg","width":315,"height":230},{"@type":"BreadcrumbList","@id":"https:\/\/kt.gov.rs\/sq\/ne-presheve-per-here-te-pare-eshte-shfaqur-nje-magpine-me-bisht-te-gjate-lloji-i-ri-i-shpendit-ne-serbi\/#breadcrumb","itemListElement":[{"@type":"ListItem","position":1,"name":"\u041f\u043e\u0447\u0435\u0442\u043d\u0430","item":"https:\/\/kt.gov.rs\/sq\/"},{"@type":"ListItem","position":2,"name":"N\u00cb PRESHEV\u00cb P\u00cbR HER\u00cb T\u00cb PAR\u00cb \u00cbSHT\u00cb SHFAQUR NJ\u00cb MAGPIN\u00cb ME BISHT T\u00cb GJAT\u00cb \u2013 LLOJI I RI I SHPENDIT N\u00cb SERBI"}]},{"@type":"WebSite","@id":"https:\/\/kt.gov.rs\/#website","url":"https:\/\/kt.gov.rs\/","name":"\u041a\u043e\u043e\u0440\u0434\u0438\u043d\u0430\u0446\u0438\u043e\u043d\u043e \u0442\u0435\u043b\u043e \u0412\u043b\u0430\u0434\u0435 \u0420\u0435\u043f\u0443\u0431\u043b\u0438\u043a\u0435 \u0421\u0440\u0431\u0438\u0458\u0435 \u0437\u0430 \u043e\u043f\u0448\u0442\u0438\u043d\u0435 \u041f\u0440\u0435\u0448\u0435\u0432\u043e, \u0411\u0443\u0458\u0430\u043d\u043e\u0432\u0430\u0446 \u0438 \u041c\u0435\u0434\u0432\u0435\u0452a","description":"","publisher":{"@id":"https:\/\/kt.gov.rs\/#organization"},"alternateName":"\u041a\u043e\u043e\u0440\u0434\u0438\u043d\u0430\u0446\u0438\u043e\u043d\u043e \u0442\u0435\u043b\u043e","potentialAction":[{"@type":"SearchAction","target":{"@type":"EntryPoint","urlTemplate":"https:\/\/kt.gov.rs\/?s={search_term_string}"},"query-input":{"@type":"PropertyValueSpecification","valueRequired":true,"valueName":"search_term_string"}}],"inLanguage":"sq-AL"},{"@type":"Organization","@id":"https:\/\/kt.gov.rs\/#organization","name":"\u041a\u043e\u043e\u0440\u0434\u0438\u043d\u0430\u0446\u0438\u043e\u043d\u043e \u0442\u0435\u043b\u043e \u0412\u043b\u0430\u0434\u0435 \u0420\u0435\u043f\u0443\u0431\u043b\u0438\u043a\u0435 \u0421\u0440\u0431\u0438\u0458\u0435 \u0437\u0430 \u043e\u043f\u0448\u0442\u0438\u043d\u0435 \u041f\u0440\u0435\u0448\u0435\u0432\u043e, \u0411\u0443\u0458\u0430\u043d\u043e\u0432\u0430\u0446 \u0438 \u041c\u0435\u0434\u0432\u0435\u0452a","alternateName":"\u041a\u043e\u043e\u0440\u0434\u0438\u043d\u0430\u0446\u0438\u043e\u043d\u043e \u0442\u0435\u043b\u043e","url":"https:\/\/kt.gov.rs\/","logo":{"@type":"ImageObject","inLanguage":"sq-AL","@id":"https:\/\/kt.gov.rs\/#\/schema\/logo\/image\/","url":"https:\/\/kt.gov.rs\/wp-content\/uploads\/2024\/12\/koord2.jpg","contentUrl":"https:\/\/kt.gov.rs\/wp-content\/uploads\/2024\/12\/koord2.jpg","width":640,"height":480,"caption":"\u041a\u043e\u043e\u0440\u0434\u0438\u043d\u0430\u0446\u0438\u043e\u043d\u043e \u0442\u0435\u043b\u043e \u0412\u043b\u0430\u0434\u0435 \u0420\u0435\u043f\u0443\u0431\u043b\u0438\u043a\u0435 \u0421\u0440\u0431\u0438\u0458\u0435 \u0437\u0430 \u043e\u043f\u0448\u0442\u0438\u043d\u0435 \u041f\u0440\u0435\u0448\u0435\u0432\u043e, \u0411\u0443\u0458\u0430\u043d\u043e\u0432\u0430\u0446 \u0438 \u041c\u0435\u0434\u0432\u0435\u0452a"},"image":{"@id":"https:\/\/kt.gov.rs\/#\/schema\/logo\/image\/"},"sameAs":["https:\/\/www.facebook.com\/SluzbaKoordinacionogTelaVladeRepublikeSrbije","https:\/\/x.com\/kt_gov","https:\/\/www.youtube.com\/@koordinacionotelo"]},{"@type":"Person","@id":"https:\/\/kt.gov.rs\/#\/schema\/person\/e426459ddb4173309103390602694571","name":"ktmin","image":{"@type":"ImageObject","inLanguage":"sq-AL","@id":"https:\/\/secure.gravatar.com\/avatar\/3985c961109853010c3fbc7ba30365bfba5db3dd6c525831d9c595c7525a615a?s=96&d=mm&r=g","url":"https:\/\/secure.gravatar.com\/avatar\/3985c961109853010c3fbc7ba30365bfba5db3dd6c525831d9c595c7525a615a?s=96&d=mm&r=g","contentUrl":"https:\/\/secure.gravatar.com\/avatar\/3985c961109853010c3fbc7ba30365bfba5db3dd6c525831d9c595c7525a615a?s=96&d=mm&r=g","caption":"ktmin"},"sameAs":["https:\/\/kt.gov.rs"],"url":"https:\/\/kt.gov.rs\/sq\/author\/ktmin\/"}]}},"_links":{"self":[{"href":"https:\/\/kt.gov.rs\/sq\/wp-json\/wp\/v2\/posts\/109777","targetHints":{"allow":["GET"]}}],"collection":[{"href":"https:\/\/kt.gov.rs\/sq\/wp-json\/wp\/v2\/posts"}],"about":[{"href":"https:\/\/kt.gov.rs\/sq\/wp-json\/wp\/v2\/types\/post"}],"author":[{"embeddable":true,"href":"https:\/\/kt.gov.rs\/sq\/wp-json\/wp\/v2\/users\/1"}],"replies":[{"embeddable":true,"href":"https:\/\/kt.gov.rs\/sq\/wp-json\/wp\/v2\/comments?post=109777"}],"version-history":[{"count":1,"href":"https:\/\/kt.gov.rs\/sq\/wp-json\/wp\/v2\/posts\/109777\/revisions"}],"predecessor-version":[{"id":109781,"href":"https:\/\/kt.gov.rs\/sq\/wp-json\/wp\/v2\/posts\/109777\/revisions\/109781"}],"wp:featuredmedia":[{"embeddable":true,"href":"https:\/\/kt.gov.rs\/sq\/wp-json\/wp\/v2\/media\/109782"}],"wp:attachment":[{"href":"https:\/\/kt.gov.rs\/sq\/wp-json\/wp\/v2\/media?parent=109777"}],"wp:term":[{"taxonomy":"category","embeddable":true,"href":"https:\/\/kt.gov.rs\/sq\/wp-json\/wp\/v2\/categories?post=109777"},{"taxonomy":"post_tag","embeddable":true,"href":"https:\/\/kt.gov.rs\/sq\/wp-json\/wp\/v2\/tags?post=109777"}],"curies":[{"name":"wp","href":"https:\/\/api.w.org\/{rel}","templated":true}]}}