{"id":109745,"date":"2021-05-26T00:00:00","date_gmt":"2021-05-26T00:00:00","guid":{"rendered":"http:\/\/kt.printandscreen.rs\/shtepia-e-solidaritetit-ne-park-merrni-aq-sa-keni-nevoje-dhe-sillni-cfare-te-mundeni\/"},"modified":"2024-07-30T18:00:21","modified_gmt":"2024-07-30T18:00:21","slug":"shtepia-e-solidaritetit-ne-park-merrni-aq-sa-keni-nevoje-dhe-sillni-cfare-te-mundeni","status":"publish","type":"post","link":"https:\/\/kt.gov.rs\/sq\/shtepia-e-solidaritetit-ne-park-merrni-aq-sa-keni-nevoje-dhe-sillni-cfare-te-mundeni\/","title":{"rendered":"SHT\u00cbPIA E SOLIDARITETIT N\u00cb PARK: \u201cMERRNI AQ SA KENI NEVOJ\u00cb DHE SILLNI \u00c7FAR\u00cb T\u00cb MUNDENI\u201d"},"content":{"rendered":"<p>\n\t<strong><img decoding=\"async\" alt=\"\" src=\"https:\/\/kt.gov.rs\/wp-content\/uploads\/2024\/07\/1622019029_260521_2-2.jpg\" style=\"width: 315px; height: 230px; float: left;\" \/>Bujanoc \u2013 Beograd<\/strong> \u2013 N\u00eb parkun e qytetit n\u00eb Bujanoc, me mb\u00ebshtetjen e Nismave Qytetare dhe bashk\u00ebpunimin me t\u00eb rinjt\u00eb, u themelua &quot;Sht\u00ebpia e Solidaritetit&quot;, nj\u00eb vend ku njer\u00ebzit n\u00eb nevoj\u00eb mund t\u00eb marrin ushqim.<\/p>\n<p>\n\tMotoja &quot;Merrni aq sa keni nevoj\u00eb dhe sillni \u00e7far\u00eb t\u00eb mundeni&quot; duhet t\u00eb jet\u00eb nj\u00eb ftes\u00eb p\u00ebr bashk\u00ebqytetar\u00ebt tan\u00eb, si dhe nj\u00eb p\u00ebrshkrim i kuptimit t\u00eb veprimtaris\u00eb son\u00eb. Dua t\u00eb fal\u00ebnderoj qytetar\u00ebt tan\u00eb q\u00eb e mb\u00ebshtet\u00ebn aktivitetin dhe e mbush\u00ebn sht\u00ebpin\u00eb me ushqim, &quot;tha Tuba Avdiji, koordinator i organizat\u00ebs p\u00ebr Bujanoc dhe Preshev\u00eb.<\/p>\n<p>\n\t&quot;Kur ndihmojm\u00eb t\u00eb tjer\u00ebt, kjo na b\u00ebn t\u00eb lumtur,&quot; tha Bogdan Matic, nj\u00eb nga aktivist\u00ebt, duke u b\u00ebr\u00eb thirrje t\u00eb gjith\u00eb bashk\u00ebqytetar\u00ebve t\u00eb kontribuojn\u00eb sa m\u00eb shum\u00eb q\u00eb t\u00eb munden. &quot;Me organizimin e Nism\u00ebs Qytetare, ne vendos\u00ebm t\u00eb krijojm\u00eb nj\u00eb Sht\u00ebpi t\u00eb Solidaritetit n\u00eb qytetin ton\u00eb, ku do t&#39;u l\u00ebm\u00eb ushqime \u00e7do dit\u00eb njer\u00ebzve q\u00eb, p\u00ebr fat t\u00eb keq, nuk jan\u00eb n\u00eb nj\u00eb gjendje financiare p\u00ebr t&#39;i p\u00ebrballuar ato.&quot; Kur ndihmon t\u00eb tjer\u00ebt, kjo t\u00eb b\u00ebn t\u00eb lumtur. Njer\u00ebzimi dhe lumturia jan\u00eb dy gj\u00ebra t\u00eb lidhura. &quot;Kur t\u00eb shihni nj\u00eb buz\u00ebqeshje n\u00eb fytyr\u00ebn e personit q\u00eb po ndihmoni, dijeni se keni b\u00ebr\u00eb nj\u00eb vep\u00ebr t\u00eb mir\u00eb dhe krenohuni me veten tuaj,&quot; shtoi Matiq.<\/p>\n<p>\n\tOrganizator\u00ebt ftojn\u00eb bashk\u00ebqytetar\u00ebt e tyre t\u00eb l\u00ebn\u00eb \u00e7do dit\u00eb sende ushqimore n\u00eb sht\u00ebpi, n\u00eb parkun e qytetit, sepse, si\u00e7 thon\u00eb ata, e vogla jon\u00eb do t\u00eb thot\u00eb shum\u00eb p\u00ebr dik\u00eb.<\/p>\n<p>\n\t<strong>Burimi: Bujanova\u00e7ke dhe Trupi Koordinues<\/strong><\/p>\n<p>\n\t\u00a0<\/p>\n","protected":false},"excerpt":{"rendered":"<p>Bujanoc \u2013 Beograd\u00a0\u2013 N\u00eb parkun e qytetit n\u00eb Bujanoc, me mb\u00ebshtetjen e Nismave Qytetare dhe bashk\u00ebpunimin me t\u00eb rinjt\u00eb, u themelua &quot;Sht\u00ebpia e Solidaritetit&quot;, nj\u00eb vend ku njer\u00ebzit n\u00eb nevoj\u00eb mund t\u00eb marrin ushqim.<\/p>\n","protected":false},"author":1,"featured_media":109750,"comment_status":"closed","ping_status":"closed","sticky":false,"template":"","format":"standard","meta":{"footnotes":""},"categories":[55],"tags":[],"class_list":["post-109745","post","type-post","status-publish","format-standard","has-post-thumbnail","hentry","category-lajme"],"yoast_head":"<!-- This site is optimized with the Yoast SEO plugin v27.5 - https:\/\/yoast.com\/product\/yoast-seo-wordpress\/ -->\n<title>SHT\u00cbPIA E SOLIDARITETIT N\u00cb PARK: &quot;MERRNI AQ SA KENI NEVOJ\u00cb DHE SILLNI \u00c7FAR\u00cb T\u00cb MUNDENI&quot; - Republika e S\u00ebrbis\u00eb Trupi Koordinues p\u00ebr komunat Bujanoc, Preshev\u00eb dhe Medvegj\u00eb<\/title>\n<meta name=\"robots\" content=\"index, follow, max-snippet:-1, max-image-preview:large, max-video-preview:-1\" \/>\n<link rel=\"canonical\" href=\"https:\/\/kt.gov.rs\/sq\/shtepia-e-solidaritetit-ne-park-merrni-aq-sa-keni-nevoje-dhe-sillni-cfare-te-mundeni\/\" \/>\n<meta property=\"og:locale\" content=\"sq_AL\" \/>\n<meta property=\"og:type\" content=\"article\" \/>\n<meta property=\"og:title\" content=\"SHT\u00cbPIA E SOLIDARITETIT N\u00cb PARK: &quot;MERRNI AQ SA KENI NEVOJ\u00cb DHE SILLNI \u00c7FAR\u00cb T\u00cb MUNDENI&quot; - Republika e S\u00ebrbis\u00eb Trupi Koordinues p\u00ebr komunat Bujanoc, Preshev\u00eb dhe Medvegj\u00eb\" \/>\n<meta property=\"og:description\" content=\"Bujanoc - Beograd\u00a0- N\u00eb parkun e qytetit n\u00eb Bujanoc, me mb\u00ebshtetjen e Nismave Qytetare dhe bashk\u00ebpunimin me t\u00eb rinjt\u00eb, u themelua &quot;Sht\u00ebpia e Solidaritetit&quot;, nj\u00eb vend ku njer\u00ebzit n\u00eb nevoj\u00eb mund t\u00eb marrin ushqim.\" \/>\n<meta property=\"og:url\" content=\"https:\/\/kt.gov.rs\/sq\/shtepia-e-solidaritetit-ne-park-merrni-aq-sa-keni-nevoje-dhe-sillni-cfare-te-mundeni\/\" \/>\n<meta property=\"og:site_name\" content=\"Republika e S\u00ebrbis\u00eb Trupi Koordinues p\u00ebr komunat Bujanoc, Preshev\u00eb dhe Medvegj\u00eb\" \/>\n<meta property=\"article:publisher\" content=\"https:\/\/www.facebook.com\/SluzbaKoordinacionogTelaVladeRepublikeSrbije\" \/>\n<meta property=\"article:published_time\" content=\"2021-05-26T00:00:00+00:00\" \/>\n<meta property=\"article:modified_time\" content=\"2024-07-30T18:00:21+00:00\" \/>\n<meta property=\"og:image\" content=\"https:\/\/kt.gov.rs\/wp-content\/uploads\/2024\/07\/1622019029_260521_2-3.jpg\" \/>\n\t<meta property=\"og:image:width\" content=\"315\" \/>\n\t<meta property=\"og:image:height\" content=\"230\" \/>\n\t<meta property=\"og:image:type\" content=\"image\/jpeg\" \/>\n<meta name=\"author\" content=\"ktmin\" \/>\n<meta name=\"twitter:card\" content=\"summary_large_image\" \/>\n<meta name=\"twitter:creator\" content=\"@kt_gov\" \/>\n<meta name=\"twitter:site\" content=\"@kt_gov\" \/>\n<meta name=\"twitter:label1\" content=\"Written by\" \/>\n\t<meta name=\"twitter:data1\" content=\"ktmin\" \/>\n\t<meta name=\"twitter:label2\" content=\"Est. reading time\" \/>\n\t<meta name=\"twitter:data2\" content=\"2 minutes\" \/>\n<script type=\"application\/ld+json\" class=\"yoast-schema-graph\">{\"@context\":\"https:\\\/\\\/schema.org\",\"@graph\":[{\"@type\":\"Article\",\"@id\":\"https:\\\/\\\/kt.gov.rs\\\/sq\\\/shtepia-e-solidaritetit-ne-park-merrni-aq-sa-keni-nevoje-dhe-sillni-cfare-te-mundeni\\\/#article\",\"isPartOf\":{\"@id\":\"https:\\\/\\\/kt.gov.rs\\\/sq\\\/shtepia-e-solidaritetit-ne-park-merrni-aq-sa-keni-nevoje-dhe-sillni-cfare-te-mundeni\\\/\"},\"author\":{\"name\":\"ktmin\",\"@id\":\"https:\\\/\\\/kt.gov.rs\\\/#\\\/schema\\\/person\\\/e426459ddb4173309103390602694571\"},\"headline\":\"SHT\u00cbPIA E SOLIDARITETIT N\u00cb PARK: \u201cMERRNI AQ SA KENI NEVOJ\u00cb DHE SILLNI \u00c7FAR\u00cb T\u00cb MUNDENI\u201d\",\"datePublished\":\"2021-05-26T00:00:00+00:00\",\"dateModified\":\"2024-07-30T18:00:21+00:00\",\"mainEntityOfPage\":{\"@id\":\"https:\\\/\\\/kt.gov.rs\\\/sq\\\/shtepia-e-solidaritetit-ne-park-merrni-aq-sa-keni-nevoje-dhe-sillni-cfare-te-mundeni\\\/\"},\"wordCount\":436,\"publisher\":{\"@id\":\"https:\\\/\\\/kt.gov.rs\\\/#organization\"},\"image\":{\"@id\":\"https:\\\/\\\/kt.gov.rs\\\/sq\\\/shtepia-e-solidaritetit-ne-park-merrni-aq-sa-keni-nevoje-dhe-sillni-cfare-te-mundeni\\\/#primaryimage\"},\"thumbnailUrl\":\"https:\\\/\\\/kt.gov.rs\\\/wp-content\\\/uploads\\\/2024\\\/07\\\/1622019029_260521_2-3.jpg\",\"articleSection\":[\"Lajme\"],\"inLanguage\":\"sq-AL\"},{\"@type\":\"WebPage\",\"@id\":\"https:\\\/\\\/kt.gov.rs\\\/sq\\\/shtepia-e-solidaritetit-ne-park-merrni-aq-sa-keni-nevoje-dhe-sillni-cfare-te-mundeni\\\/\",\"url\":\"https:\\\/\\\/kt.gov.rs\\\/sq\\\/shtepia-e-solidaritetit-ne-park-merrni-aq-sa-keni-nevoje-dhe-sillni-cfare-te-mundeni\\\/\",\"name\":\"SHT\u00cbPIA E SOLIDARITETIT N\u00cb PARK: \\\"MERRNI AQ SA KENI NEVOJ\u00cb DHE SILLNI \u00c7FAR\u00cb T\u00cb MUNDENI\\\" - Republika e S\u00ebrbis\u00eb Trupi Koordinues p\u00ebr komunat Bujanoc, Preshev\u00eb dhe Medvegj\u00eb\",\"isPartOf\":{\"@id\":\"https:\\\/\\\/kt.gov.rs\\\/#website\"},\"primaryImageOfPage\":{\"@id\":\"https:\\\/\\\/kt.gov.rs\\\/sq\\\/shtepia-e-solidaritetit-ne-park-merrni-aq-sa-keni-nevoje-dhe-sillni-cfare-te-mundeni\\\/#primaryimage\"},\"image\":{\"@id\":\"https:\\\/\\\/kt.gov.rs\\\/sq\\\/shtepia-e-solidaritetit-ne-park-merrni-aq-sa-keni-nevoje-dhe-sillni-cfare-te-mundeni\\\/#primaryimage\"},\"thumbnailUrl\":\"https:\\\/\\\/kt.gov.rs\\\/wp-content\\\/uploads\\\/2024\\\/07\\\/1622019029_260521_2-3.jpg\",\"datePublished\":\"2021-05-26T00:00:00+00:00\",\"dateModified\":\"2024-07-30T18:00:21+00:00\",\"breadcrumb\":{\"@id\":\"https:\\\/\\\/kt.gov.rs\\\/sq\\\/shtepia-e-solidaritetit-ne-park-merrni-aq-sa-keni-nevoje-dhe-sillni-cfare-te-mundeni\\\/#breadcrumb\"},\"inLanguage\":\"sq-AL\",\"potentialAction\":[{\"@type\":\"ReadAction\",\"target\":[\"https:\\\/\\\/kt.gov.rs\\\/sq\\\/shtepia-e-solidaritetit-ne-park-merrni-aq-sa-keni-nevoje-dhe-sillni-cfare-te-mundeni\\\/\"]}]},{\"@type\":\"ImageObject\",\"inLanguage\":\"sq-AL\",\"@id\":\"https:\\\/\\\/kt.gov.rs\\\/sq\\\/shtepia-e-solidaritetit-ne-park-merrni-aq-sa-keni-nevoje-dhe-sillni-cfare-te-mundeni\\\/#primaryimage\",\"url\":\"https:\\\/\\\/kt.gov.rs\\\/wp-content\\\/uploads\\\/2024\\\/07\\\/1622019029_260521_2-3.jpg\",\"contentUrl\":\"https:\\\/\\\/kt.gov.rs\\\/wp-content\\\/uploads\\\/2024\\\/07\\\/1622019029_260521_2-3.jpg\",\"width\":315,\"height\":230},{\"@type\":\"BreadcrumbList\",\"@id\":\"https:\\\/\\\/kt.gov.rs\\\/sq\\\/shtepia-e-solidaritetit-ne-park-merrni-aq-sa-keni-nevoje-dhe-sillni-cfare-te-mundeni\\\/#breadcrumb\",\"itemListElement\":[{\"@type\":\"ListItem\",\"position\":1,\"name\":\"\u041f\u043e\u0447\u0435\u0442\u043d\u0430\",\"item\":\"https:\\\/\\\/kt.gov.rs\\\/sq\\\/\"},{\"@type\":\"ListItem\",\"position\":2,\"name\":\"SHT\u00cbPIA E SOLIDARITETIT N\u00cb PARK: \u201cMERRNI AQ SA KENI NEVOJ\u00cb DHE SILLNI \u00c7FAR\u00cb T\u00cb MUNDENI\u201d\"}]},{\"@type\":\"WebSite\",\"@id\":\"https:\\\/\\\/kt.gov.rs\\\/#website\",\"url\":\"https:\\\/\\\/kt.gov.rs\\\/\",\"name\":\"\u041a\u043e\u043e\u0440\u0434\u0438\u043d\u0430\u0446\u0438\u043e\u043d\u043e \u0442\u0435\u043b\u043e \u0412\u043b\u0430\u0434\u0435 \u0420\u0435\u043f\u0443\u0431\u043b\u0438\u043a\u0435 \u0421\u0440\u0431\u0438\u0458\u0435 \u0437\u0430 \u043e\u043f\u0448\u0442\u0438\u043d\u0435 \u041f\u0440\u0435\u0448\u0435\u0432\u043e, \u0411\u0443\u0458\u0430\u043d\u043e\u0432\u0430\u0446 \u0438 \u041c\u0435\u0434\u0432\u0435\u0452a\",\"description\":\"\",\"publisher\":{\"@id\":\"https:\\\/\\\/kt.gov.rs\\\/#organization\"},\"alternateName\":\"\u041a\u043e\u043e\u0440\u0434\u0438\u043d\u0430\u0446\u0438\u043e\u043d\u043e \u0442\u0435\u043b\u043e\",\"potentialAction\":[{\"@type\":\"SearchAction\",\"target\":{\"@type\":\"EntryPoint\",\"urlTemplate\":\"https:\\\/\\\/kt.gov.rs\\\/?s={search_term_string}\"},\"query-input\":{\"@type\":\"PropertyValueSpecification\",\"valueRequired\":true,\"valueName\":\"search_term_string\"}}],\"inLanguage\":\"sq-AL\"},{\"@type\":\"Organization\",\"@id\":\"https:\\\/\\\/kt.gov.rs\\\/#organization\",\"name\":\"\u041a\u043e\u043e\u0440\u0434\u0438\u043d\u0430\u0446\u0438\u043e\u043d\u043e \u0442\u0435\u043b\u043e \u0412\u043b\u0430\u0434\u0435 \u0420\u0435\u043f\u0443\u0431\u043b\u0438\u043a\u0435 \u0421\u0440\u0431\u0438\u0458\u0435 \u0437\u0430 \u043e\u043f\u0448\u0442\u0438\u043d\u0435 \u041f\u0440\u0435\u0448\u0435\u0432\u043e, \u0411\u0443\u0458\u0430\u043d\u043e\u0432\u0430\u0446 \u0438 \u041c\u0435\u0434\u0432\u0435\u0452a\",\"alternateName\":\"\u041a\u043e\u043e\u0440\u0434\u0438\u043d\u0430\u0446\u0438\u043e\u043d\u043e \u0442\u0435\u043b\u043e\",\"url\":\"https:\\\/\\\/kt.gov.rs\\\/\",\"logo\":{\"@type\":\"ImageObject\",\"inLanguage\":\"sq-AL\",\"@id\":\"https:\\\/\\\/kt.gov.rs\\\/#\\\/schema\\\/logo\\\/image\\\/\",\"url\":\"https:\\\/\\\/kt.gov.rs\\\/wp-content\\\/uploads\\\/2024\\\/12\\\/koord2.jpg\",\"contentUrl\":\"https:\\\/\\\/kt.gov.rs\\\/wp-content\\\/uploads\\\/2024\\\/12\\\/koord2.jpg\",\"width\":640,\"height\":480,\"caption\":\"\u041a\u043e\u043e\u0440\u0434\u0438\u043d\u0430\u0446\u0438\u043e\u043d\u043e \u0442\u0435\u043b\u043e \u0412\u043b\u0430\u0434\u0435 \u0420\u0435\u043f\u0443\u0431\u043b\u0438\u043a\u0435 \u0421\u0440\u0431\u0438\u0458\u0435 \u0437\u0430 \u043e\u043f\u0448\u0442\u0438\u043d\u0435 \u041f\u0440\u0435\u0448\u0435\u0432\u043e, \u0411\u0443\u0458\u0430\u043d\u043e\u0432\u0430\u0446 \u0438 \u041c\u0435\u0434\u0432\u0435\u0452a\"},\"image\":{\"@id\":\"https:\\\/\\\/kt.gov.rs\\\/#\\\/schema\\\/logo\\\/image\\\/\"},\"sameAs\":[\"https:\\\/\\\/www.facebook.com\\\/SluzbaKoordinacionogTelaVladeRepublikeSrbije\",\"https:\\\/\\\/x.com\\\/kt_gov\",\"https:\\\/\\\/www.youtube.com\\\/@koordinacionotelo\"]},{\"@type\":\"Person\",\"@id\":\"https:\\\/\\\/kt.gov.rs\\\/#\\\/schema\\\/person\\\/e426459ddb4173309103390602694571\",\"name\":\"ktmin\",\"image\":{\"@type\":\"ImageObject\",\"inLanguage\":\"sq-AL\",\"@id\":\"https:\\\/\\\/secure.gravatar.com\\\/avatar\\\/3985c961109853010c3fbc7ba30365bfba5db3dd6c525831d9c595c7525a615a?s=96&d=mm&r=g\",\"url\":\"https:\\\/\\\/secure.gravatar.com\\\/avatar\\\/3985c961109853010c3fbc7ba30365bfba5db3dd6c525831d9c595c7525a615a?s=96&d=mm&r=g\",\"contentUrl\":\"https:\\\/\\\/secure.gravatar.com\\\/avatar\\\/3985c961109853010c3fbc7ba30365bfba5db3dd6c525831d9c595c7525a615a?s=96&d=mm&r=g\",\"caption\":\"ktmin\"},\"sameAs\":[\"https:\\\/\\\/kt.gov.rs\"],\"url\":\"https:\\\/\\\/kt.gov.rs\\\/sq\\\/author\\\/ktmin\\\/\"}]}<\/script>\n<!-- \/ Yoast SEO plugin. -->","yoast_head_json":{"title":"SHT\u00cbPIA E SOLIDARITETIT N\u00cb PARK: \"MERRNI AQ SA KENI NEVOJ\u00cb DHE SILLNI \u00c7FAR\u00cb T\u00cb MUNDENI\" - Republika e S\u00ebrbis\u00eb Trupi Koordinues p\u00ebr komunat Bujanoc, Preshev\u00eb dhe Medvegj\u00eb","robots":{"index":"index","follow":"follow","max-snippet":"max-snippet:-1","max-image-preview":"max-image-preview:large","max-video-preview":"max-video-preview:-1"},"canonical":"https:\/\/kt.gov.rs\/sq\/shtepia-e-solidaritetit-ne-park-merrni-aq-sa-keni-nevoje-dhe-sillni-cfare-te-mundeni\/","og_locale":"sq_AL","og_type":"article","og_title":"SHT\u00cbPIA E SOLIDARITETIT N\u00cb PARK: \"MERRNI AQ SA KENI NEVOJ\u00cb DHE SILLNI \u00c7FAR\u00cb T\u00cb MUNDENI\" - Republika e S\u00ebrbis\u00eb Trupi Koordinues p\u00ebr komunat Bujanoc, Preshev\u00eb dhe Medvegj\u00eb","og_description":"Bujanoc - Beograd\u00a0- N\u00eb parkun e qytetit n\u00eb Bujanoc, me mb\u00ebshtetjen e Nismave Qytetare dhe bashk\u00ebpunimin me t\u00eb rinjt\u00eb, u themelua &quot;Sht\u00ebpia e Solidaritetit&quot;, nj\u00eb vend ku njer\u00ebzit n\u00eb nevoj\u00eb mund t\u00eb marrin ushqim.","og_url":"https:\/\/kt.gov.rs\/sq\/shtepia-e-solidaritetit-ne-park-merrni-aq-sa-keni-nevoje-dhe-sillni-cfare-te-mundeni\/","og_site_name":"Republika e S\u00ebrbis\u00eb Trupi Koordinues p\u00ebr komunat Bujanoc, Preshev\u00eb dhe Medvegj\u00eb","article_publisher":"https:\/\/www.facebook.com\/SluzbaKoordinacionogTelaVladeRepublikeSrbije","article_published_time":"2021-05-26T00:00:00+00:00","article_modified_time":"2024-07-30T18:00:21+00:00","og_image":[{"width":315,"height":230,"url":"https:\/\/kt.gov.rs\/wp-content\/uploads\/2024\/07\/1622019029_260521_2-3.jpg","type":"image\/jpeg"}],"author":"ktmin","twitter_card":"summary_large_image","twitter_creator":"@kt_gov","twitter_site":"@kt_gov","twitter_misc":{"Written by":"ktmin","Est. reading time":"2 minutes"},"schema":{"@context":"https:\/\/schema.org","@graph":[{"@type":"Article","@id":"https:\/\/kt.gov.rs\/sq\/shtepia-e-solidaritetit-ne-park-merrni-aq-sa-keni-nevoje-dhe-sillni-cfare-te-mundeni\/#article","isPartOf":{"@id":"https:\/\/kt.gov.rs\/sq\/shtepia-e-solidaritetit-ne-park-merrni-aq-sa-keni-nevoje-dhe-sillni-cfare-te-mundeni\/"},"author":{"name":"ktmin","@id":"https:\/\/kt.gov.rs\/#\/schema\/person\/e426459ddb4173309103390602694571"},"headline":"SHT\u00cbPIA E SOLIDARITETIT N\u00cb PARK: \u201cMERRNI AQ SA KENI NEVOJ\u00cb DHE SILLNI \u00c7FAR\u00cb T\u00cb MUNDENI\u201d","datePublished":"2021-05-26T00:00:00+00:00","dateModified":"2024-07-30T18:00:21+00:00","mainEntityOfPage":{"@id":"https:\/\/kt.gov.rs\/sq\/shtepia-e-solidaritetit-ne-park-merrni-aq-sa-keni-nevoje-dhe-sillni-cfare-te-mundeni\/"},"wordCount":436,"publisher":{"@id":"https:\/\/kt.gov.rs\/#organization"},"image":{"@id":"https:\/\/kt.gov.rs\/sq\/shtepia-e-solidaritetit-ne-park-merrni-aq-sa-keni-nevoje-dhe-sillni-cfare-te-mundeni\/#primaryimage"},"thumbnailUrl":"https:\/\/kt.gov.rs\/wp-content\/uploads\/2024\/07\/1622019029_260521_2-3.jpg","articleSection":["Lajme"],"inLanguage":"sq-AL"},{"@type":"WebPage","@id":"https:\/\/kt.gov.rs\/sq\/shtepia-e-solidaritetit-ne-park-merrni-aq-sa-keni-nevoje-dhe-sillni-cfare-te-mundeni\/","url":"https:\/\/kt.gov.rs\/sq\/shtepia-e-solidaritetit-ne-park-merrni-aq-sa-keni-nevoje-dhe-sillni-cfare-te-mundeni\/","name":"SHT\u00cbPIA E SOLIDARITETIT N\u00cb PARK: \"MERRNI AQ SA KENI NEVOJ\u00cb DHE SILLNI \u00c7FAR\u00cb T\u00cb MUNDENI\" - Republika e S\u00ebrbis\u00eb Trupi Koordinues p\u00ebr komunat Bujanoc, Preshev\u00eb dhe Medvegj\u00eb","isPartOf":{"@id":"https:\/\/kt.gov.rs\/#website"},"primaryImageOfPage":{"@id":"https:\/\/kt.gov.rs\/sq\/shtepia-e-solidaritetit-ne-park-merrni-aq-sa-keni-nevoje-dhe-sillni-cfare-te-mundeni\/#primaryimage"},"image":{"@id":"https:\/\/kt.gov.rs\/sq\/shtepia-e-solidaritetit-ne-park-merrni-aq-sa-keni-nevoje-dhe-sillni-cfare-te-mundeni\/#primaryimage"},"thumbnailUrl":"https:\/\/kt.gov.rs\/wp-content\/uploads\/2024\/07\/1622019029_260521_2-3.jpg","datePublished":"2021-05-26T00:00:00+00:00","dateModified":"2024-07-30T18:00:21+00:00","breadcrumb":{"@id":"https:\/\/kt.gov.rs\/sq\/shtepia-e-solidaritetit-ne-park-merrni-aq-sa-keni-nevoje-dhe-sillni-cfare-te-mundeni\/#breadcrumb"},"inLanguage":"sq-AL","potentialAction":[{"@type":"ReadAction","target":["https:\/\/kt.gov.rs\/sq\/shtepia-e-solidaritetit-ne-park-merrni-aq-sa-keni-nevoje-dhe-sillni-cfare-te-mundeni\/"]}]},{"@type":"ImageObject","inLanguage":"sq-AL","@id":"https:\/\/kt.gov.rs\/sq\/shtepia-e-solidaritetit-ne-park-merrni-aq-sa-keni-nevoje-dhe-sillni-cfare-te-mundeni\/#primaryimage","url":"https:\/\/kt.gov.rs\/wp-content\/uploads\/2024\/07\/1622019029_260521_2-3.jpg","contentUrl":"https:\/\/kt.gov.rs\/wp-content\/uploads\/2024\/07\/1622019029_260521_2-3.jpg","width":315,"height":230},{"@type":"BreadcrumbList","@id":"https:\/\/kt.gov.rs\/sq\/shtepia-e-solidaritetit-ne-park-merrni-aq-sa-keni-nevoje-dhe-sillni-cfare-te-mundeni\/#breadcrumb","itemListElement":[{"@type":"ListItem","position":1,"name":"\u041f\u043e\u0447\u0435\u0442\u043d\u0430","item":"https:\/\/kt.gov.rs\/sq\/"},{"@type":"ListItem","position":2,"name":"SHT\u00cbPIA E SOLIDARITETIT N\u00cb PARK: \u201cMERRNI AQ SA KENI NEVOJ\u00cb DHE SILLNI \u00c7FAR\u00cb T\u00cb MUNDENI\u201d"}]},{"@type":"WebSite","@id":"https:\/\/kt.gov.rs\/#website","url":"https:\/\/kt.gov.rs\/","name":"\u041a\u043e\u043e\u0440\u0434\u0438\u043d\u0430\u0446\u0438\u043e\u043d\u043e \u0442\u0435\u043b\u043e \u0412\u043b\u0430\u0434\u0435 \u0420\u0435\u043f\u0443\u0431\u043b\u0438\u043a\u0435 \u0421\u0440\u0431\u0438\u0458\u0435 \u0437\u0430 \u043e\u043f\u0448\u0442\u0438\u043d\u0435 \u041f\u0440\u0435\u0448\u0435\u0432\u043e, \u0411\u0443\u0458\u0430\u043d\u043e\u0432\u0430\u0446 \u0438 \u041c\u0435\u0434\u0432\u0435\u0452a","description":"","publisher":{"@id":"https:\/\/kt.gov.rs\/#organization"},"alternateName":"\u041a\u043e\u043e\u0440\u0434\u0438\u043d\u0430\u0446\u0438\u043e\u043d\u043e \u0442\u0435\u043b\u043e","potentialAction":[{"@type":"SearchAction","target":{"@type":"EntryPoint","urlTemplate":"https:\/\/kt.gov.rs\/?s={search_term_string}"},"query-input":{"@type":"PropertyValueSpecification","valueRequired":true,"valueName":"search_term_string"}}],"inLanguage":"sq-AL"},{"@type":"Organization","@id":"https:\/\/kt.gov.rs\/#organization","name":"\u041a\u043e\u043e\u0440\u0434\u0438\u043d\u0430\u0446\u0438\u043e\u043d\u043e \u0442\u0435\u043b\u043e \u0412\u043b\u0430\u0434\u0435 \u0420\u0435\u043f\u0443\u0431\u043b\u0438\u043a\u0435 \u0421\u0440\u0431\u0438\u0458\u0435 \u0437\u0430 \u043e\u043f\u0448\u0442\u0438\u043d\u0435 \u041f\u0440\u0435\u0448\u0435\u0432\u043e, \u0411\u0443\u0458\u0430\u043d\u043e\u0432\u0430\u0446 \u0438 \u041c\u0435\u0434\u0432\u0435\u0452a","alternateName":"\u041a\u043e\u043e\u0440\u0434\u0438\u043d\u0430\u0446\u0438\u043e\u043d\u043e \u0442\u0435\u043b\u043e","url":"https:\/\/kt.gov.rs\/","logo":{"@type":"ImageObject","inLanguage":"sq-AL","@id":"https:\/\/kt.gov.rs\/#\/schema\/logo\/image\/","url":"https:\/\/kt.gov.rs\/wp-content\/uploads\/2024\/12\/koord2.jpg","contentUrl":"https:\/\/kt.gov.rs\/wp-content\/uploads\/2024\/12\/koord2.jpg","width":640,"height":480,"caption":"\u041a\u043e\u043e\u0440\u0434\u0438\u043d\u0430\u0446\u0438\u043e\u043d\u043e \u0442\u0435\u043b\u043e \u0412\u043b\u0430\u0434\u0435 \u0420\u0435\u043f\u0443\u0431\u043b\u0438\u043a\u0435 \u0421\u0440\u0431\u0438\u0458\u0435 \u0437\u0430 \u043e\u043f\u0448\u0442\u0438\u043d\u0435 \u041f\u0440\u0435\u0448\u0435\u0432\u043e, \u0411\u0443\u0458\u0430\u043d\u043e\u0432\u0430\u0446 \u0438 \u041c\u0435\u0434\u0432\u0435\u0452a"},"image":{"@id":"https:\/\/kt.gov.rs\/#\/schema\/logo\/image\/"},"sameAs":["https:\/\/www.facebook.com\/SluzbaKoordinacionogTelaVladeRepublikeSrbije","https:\/\/x.com\/kt_gov","https:\/\/www.youtube.com\/@koordinacionotelo"]},{"@type":"Person","@id":"https:\/\/kt.gov.rs\/#\/schema\/person\/e426459ddb4173309103390602694571","name":"ktmin","image":{"@type":"ImageObject","inLanguage":"sq-AL","@id":"https:\/\/secure.gravatar.com\/avatar\/3985c961109853010c3fbc7ba30365bfba5db3dd6c525831d9c595c7525a615a?s=96&d=mm&r=g","url":"https:\/\/secure.gravatar.com\/avatar\/3985c961109853010c3fbc7ba30365bfba5db3dd6c525831d9c595c7525a615a?s=96&d=mm&r=g","contentUrl":"https:\/\/secure.gravatar.com\/avatar\/3985c961109853010c3fbc7ba30365bfba5db3dd6c525831d9c595c7525a615a?s=96&d=mm&r=g","caption":"ktmin"},"sameAs":["https:\/\/kt.gov.rs"],"url":"https:\/\/kt.gov.rs\/sq\/author\/ktmin\/"}]}},"_links":{"self":[{"href":"https:\/\/kt.gov.rs\/sq\/wp-json\/wp\/v2\/posts\/109745","targetHints":{"allow":["GET"]}}],"collection":[{"href":"https:\/\/kt.gov.rs\/sq\/wp-json\/wp\/v2\/posts"}],"about":[{"href":"https:\/\/kt.gov.rs\/sq\/wp-json\/wp\/v2\/types\/post"}],"author":[{"embeddable":true,"href":"https:\/\/kt.gov.rs\/sq\/wp-json\/wp\/v2\/users\/1"}],"replies":[{"embeddable":true,"href":"https:\/\/kt.gov.rs\/sq\/wp-json\/wp\/v2\/comments?post=109745"}],"version-history":[{"count":1,"href":"https:\/\/kt.gov.rs\/sq\/wp-json\/wp\/v2\/posts\/109745\/revisions"}],"predecessor-version":[{"id":109749,"href":"https:\/\/kt.gov.rs\/sq\/wp-json\/wp\/v2\/posts\/109745\/revisions\/109749"}],"wp:featuredmedia":[{"embeddable":true,"href":"https:\/\/kt.gov.rs\/sq\/wp-json\/wp\/v2\/media\/109750"}],"wp:attachment":[{"href":"https:\/\/kt.gov.rs\/sq\/wp-json\/wp\/v2\/media?parent=109745"}],"wp:term":[{"taxonomy":"category","embeddable":true,"href":"https:\/\/kt.gov.rs\/sq\/wp-json\/wp\/v2\/categories?post=109745"},{"taxonomy":"post_tag","embeddable":true,"href":"https:\/\/kt.gov.rs\/sq\/wp-json\/wp\/v2\/tags?post=109745"}],"curies":[{"name":"wp","href":"https:\/\/api.w.org\/{rel}","templated":true}]}}