{"id":109702,"date":"2021-06-01T00:00:00","date_gmt":"2021-06-01T00:00:00","guid":{"rendered":"http:\/\/kt.printandscreen.rs\/kryqi-i-kuq-ne-bujanoc-shperndan-mjete-materiale-familjeve-te-rrezikuara\/"},"modified":"2024-07-30T18:00:16","modified_gmt":"2024-07-30T18:00:16","slug":"kryqi-i-kuq-ne-bujanoc-shperndan-mjete-materiale-familjeve-te-rrezikuara","status":"publish","type":"post","link":"https:\/\/kt.gov.rs\/sq\/kryqi-i-kuq-ne-bujanoc-shperndan-mjete-materiale-familjeve-te-rrezikuara\/","title":{"rendered":"KRYQI I KUQ N\u00cb BUJANOC SHP\u00cbRNDAN MJETE MATERIALE FAMILJEVE T\u00cb RREZIKUARA"},"content":{"rendered":"<p>\n\t<strong><img decoding=\"async\" alt=\"\" src=\"https:\/\/kt.gov.rs\/wp-content\/uploads\/2024\/07\/1622547519_010621_5-2.jpg\" style=\"float: left; width: 315px; height: 230px;\" \/>Bujanovac \u2013 Beograd<\/strong> \u2013 Kryqi i kuq n\u00eb \u00a0Bujanovac po shp\u00ebrndan ndihm\u00eb financiare p\u00ebr 234 familje m\u00eb t\u00eb rrezikuara n\u00eb komun\u00eb, tha Bratislav Lazarevic, sekretar i Kryqit t\u00eb kuq.<\/p>\n<p>\n\tNdihm\u00eb n\u00eb shuma t\u00eb ndryshme nga 20,692 deri n\u00eb 63,668 dinar\u00eb do t&#39;u jepet familjeve me f\u00ebmij\u00eb n\u00ebn mosh\u00ebn 18 vje\u00e7, t\u00eb cilat n\u00eb 6 muajt e kaluar u refuzuan nga Qendra p\u00ebr pun\u00eb sociale p\u00ebr ndihm\u00eb financiare, u mohua ndihma e f\u00ebmij\u00ebve, ose, si\u00e7 thot\u00eb Lazarevic,q\u00eb nuk kan\u00eb t\u00eb ardhura m\u00eb t\u00eb m\u00ebdha se 30,000 dinar\u00eb.<\/p>\n<p>\n\t&quot;B\u00ebhet fjal\u00eb, pra, p\u00ebr familjet me f\u00ebmij\u00eb q\u00eb jan\u00eb p\u00ebrfitues t\u00eb ndihm\u00ebs s\u00eb Kryqit t\u00eb kuq. Ne i kushtonim v\u00ebmendje t\u00eb ve\u00e7ant\u00eb prind\u00ebrve t\u00eb vet\u00ebm. Se sa do t\u00eb marrin ata varet nga struktura e familjes \u2013 nj\u00eb familje me nj\u00eb prind dhe nj\u00eb f\u00ebmij\u00eb\u00a0 merr\u00eb rreth 20,000 dinar\u00eb, dhe m\u00eb s\u00eb shumti, 63,668 dinar\u00eb, nj\u00eb familje me nj\u00eb prind dhe dhjet\u00eb f\u00ebmij\u00eb. Nj\u00eb familje me t\u00eb dy prind\u00ebrit dhe gjasht\u00eb f\u00ebmij\u00eb, p\u00ebr shembull, merr 43,772 dinar\u00eb &quot;, shpjegon Lazarevi\u0107.<\/p>\n<p>\n\tSipas tij, ka disa familje n\u00eb komun\u00eb q\u00eb plot\u00ebsojn\u00eb kriteret p\u00ebr ndihm\u00eb, por kuota prej 234 amvis\u00ebrive \u00ebsht\u00eb caktuar p\u00ebr Bujanocin.<\/p>\n<p>\n\t&quot;Dhe ne luftuam p\u00ebr at\u00eb num\u00ebr. Fillimisht, ne \u00ebsht\u00eb dashur t\u00eb marrim ndihm\u00eb financiare p\u00ebr 98 familje, por kemi arritur t\u00eb marrim fonde p\u00ebr 234 &quot;, thot\u00eb Lazareviq.<\/p>\n<p>\n\tP\u00ebrcaktimi se cilat familje do t\u00eb marrin ndihm\u00eb \u00ebsht\u00eb b\u00ebr\u00eb n\u00eb baz\u00eb t\u00eb t\u00eb dh\u00ebnave ekzistuese nga Kryqi i kuq, Qendra p\u00ebr pun\u00eb sociale dhe vet\u00ebqeverisja lokale.<\/p>\n<p>\n\tDuke folur p\u00ebr m\u00ebnyr\u00ebn e pages\u00ebs s\u00eb ndihm\u00ebs, Lazarevic shpjegoi se p\u00ebrfituesit marrin karta bankare me t\u00eb cilat ata mund t\u00eb tregtojn\u00eb, t\u00eb paguajn\u00eb fatura p\u00ebr energji elektrike, uj\u00eb dhe gj\u00ebra t\u00eb tjera.<\/p>\n<p>\n\tFondet e paguara mund t\u00eb p\u00ebrdoren ekskluzivisht p\u00ebr blerjen e ushqimit, produkteve t\u00eb higjien\u00ebs, ila\u00e7eve ose pagimin e kostove t\u00eb sh\u00ebrbimeve.<\/p>\n<p>\n\t&quot;Nga fundi i qershorit, ne do t\u00eb fillojm\u00eb t\u00eb vler\u00ebsojm\u00eb, p\u00ebr t\u00eb par\u00eb se si i kan\u00eb shpenzuar fondet,&quot; thot\u00eb sekretari i k\u00ebsaj organizate.<\/p>\n<p>\n\tProgrami i ndihm\u00ebs filloi n\u00eb p\u00ebrgjigje t\u00eb kriz\u00ebs Kovid 19 dhe parat\u00eb u siguruan nga USAID dhe UNICEF.Nd\u00ebrsa Kryqi i kuq i\u00a0 S\u00ebrbis\u00eb \u00ebsht\u00eb p\u00ebrgjegj\u00ebs p\u00ebr realizimin e programit.<\/p>\n<p>\n\tNj\u00eb total prej 2,000 amvis\u00ebrish n\u00eb 32 komuna n\u00eb Serbi \u00ebsht\u00eb planifikuar t\u00eb ndihmohen.<\/p>\n<p>\n\t<strong>Burimi: Bujanovacke dhe Trupi koordinues<\/strong><\/p>\n<p>\n\t\u00a0<\/p>\n","protected":false},"excerpt":{"rendered":"<p>Bujanovac \u2013 Beograd\u00a0\u2013 Kryqi i kuq n\u00eb \u00a0Bujanovac po shp\u00ebrndan ndihm\u00eb financiare p\u00ebr 234 familje m\u00eb t\u00eb rrezikuara n\u00eb komun\u00eb, tha Bratislav Lazarevic, sekretar i Kryqit t\u00eb kuq.<\/p>\n","protected":false},"author":1,"featured_media":109707,"comment_status":"closed","ping_status":"closed","sticky":false,"template":"","format":"standard","meta":{"footnotes":""},"categories":[55],"tags":[],"class_list":["post-109702","post","type-post","status-publish","format-standard","has-post-thumbnail","hentry","category-lajme"],"yoast_head":"<!-- This site is optimized with the Yoast SEO plugin v27.5 - https:\/\/yoast.com\/product\/yoast-seo-wordpress\/ -->\n<title>KRYQI I KUQ N\u00cb BUJANOC SHP\u00cbRNDAN MJETE MATERIALE FAMILJEVE T\u00cb RREZIKUARA - Republika e S\u00ebrbis\u00eb Trupi Koordinues p\u00ebr komunat Bujanoc, Preshev\u00eb dhe Medvegj\u00eb<\/title>\n<meta name=\"robots\" content=\"index, follow, max-snippet:-1, max-image-preview:large, max-video-preview:-1\" \/>\n<link rel=\"canonical\" href=\"https:\/\/kt.gov.rs\/sq\/kryqi-i-kuq-ne-bujanoc-shperndan-mjete-materiale-familjeve-te-rrezikuara\/\" \/>\n<meta property=\"og:locale\" content=\"sq_AL\" \/>\n<meta property=\"og:type\" content=\"article\" \/>\n<meta property=\"og:title\" content=\"KRYQI I KUQ N\u00cb BUJANOC SHP\u00cbRNDAN MJETE MATERIALE FAMILJEVE T\u00cb RREZIKUARA - Republika e S\u00ebrbis\u00eb Trupi Koordinues p\u00ebr komunat Bujanoc, Preshev\u00eb dhe Medvegj\u00eb\" \/>\n<meta property=\"og:description\" content=\"Bujanovac - Beograd\u00a0- Kryqi i kuq n\u00eb \u00a0Bujanovac po shp\u00ebrndan ndihm\u00eb financiare p\u00ebr 234 familje m\u00eb t\u00eb rrezikuara n\u00eb komun\u00eb, tha Bratislav Lazarevic, sekretar i Kryqit t\u00eb kuq.\" \/>\n<meta property=\"og:url\" content=\"https:\/\/kt.gov.rs\/sq\/kryqi-i-kuq-ne-bujanoc-shperndan-mjete-materiale-familjeve-te-rrezikuara\/\" \/>\n<meta property=\"og:site_name\" content=\"Republika e S\u00ebrbis\u00eb Trupi Koordinues p\u00ebr komunat Bujanoc, Preshev\u00eb dhe Medvegj\u00eb\" \/>\n<meta property=\"article:publisher\" content=\"https:\/\/www.facebook.com\/SluzbaKoordinacionogTelaVladeRepublikeSrbije\" \/>\n<meta property=\"article:published_time\" content=\"2021-06-01T00:00:00+00:00\" \/>\n<meta property=\"article:modified_time\" content=\"2024-07-30T18:00:16+00:00\" \/>\n<meta property=\"og:image\" content=\"https:\/\/kt.gov.rs\/wp-content\/uploads\/2024\/07\/1622547519_010621_5-3.jpg\" \/>\n\t<meta property=\"og:image:width\" content=\"315\" \/>\n\t<meta property=\"og:image:height\" content=\"230\" \/>\n\t<meta property=\"og:image:type\" content=\"image\/jpeg\" \/>\n<meta name=\"author\" content=\"ktmin\" \/>\n<meta name=\"twitter:card\" content=\"summary_large_image\" \/>\n<meta name=\"twitter:creator\" content=\"@kt_gov\" \/>\n<meta name=\"twitter:site\" content=\"@kt_gov\" \/>\n<meta name=\"twitter:label1\" content=\"Written by\" \/>\n\t<meta name=\"twitter:data1\" content=\"ktmin\" \/>\n\t<meta name=\"twitter:label2\" content=\"Est. reading time\" \/>\n\t<meta name=\"twitter:data2\" content=\"3 minutes\" \/>\n<script type=\"application\/ld+json\" class=\"yoast-schema-graph\">{\"@context\":\"https:\\\/\\\/schema.org\",\"@graph\":[{\"@type\":\"Article\",\"@id\":\"https:\\\/\\\/kt.gov.rs\\\/sq\\\/kryqi-i-kuq-ne-bujanoc-shperndan-mjete-materiale-familjeve-te-rrezikuara\\\/#article\",\"isPartOf\":{\"@id\":\"https:\\\/\\\/kt.gov.rs\\\/sq\\\/kryqi-i-kuq-ne-bujanoc-shperndan-mjete-materiale-familjeve-te-rrezikuara\\\/\"},\"author\":{\"name\":\"ktmin\",\"@id\":\"https:\\\/\\\/kt.gov.rs\\\/#\\\/schema\\\/person\\\/e426459ddb4173309103390602694571\"},\"headline\":\"KRYQI I KUQ N\u00cb BUJANOC SHP\u00cbRNDAN MJETE MATERIALE FAMILJEVE T\u00cb RREZIKUARA\",\"datePublished\":\"2021-06-01T00:00:00+00:00\",\"dateModified\":\"2024-07-30T18:00:16+00:00\",\"mainEntityOfPage\":{\"@id\":\"https:\\\/\\\/kt.gov.rs\\\/sq\\\/kryqi-i-kuq-ne-bujanoc-shperndan-mjete-materiale-familjeve-te-rrezikuara\\\/\"},\"wordCount\":610,\"publisher\":{\"@id\":\"https:\\\/\\\/kt.gov.rs\\\/#organization\"},\"image\":{\"@id\":\"https:\\\/\\\/kt.gov.rs\\\/sq\\\/kryqi-i-kuq-ne-bujanoc-shperndan-mjete-materiale-familjeve-te-rrezikuara\\\/#primaryimage\"},\"thumbnailUrl\":\"https:\\\/\\\/kt.gov.rs\\\/wp-content\\\/uploads\\\/2024\\\/07\\\/1622547519_010621_5-3.jpg\",\"articleSection\":[\"Lajme\"],\"inLanguage\":\"sq-AL\"},{\"@type\":\"WebPage\",\"@id\":\"https:\\\/\\\/kt.gov.rs\\\/sq\\\/kryqi-i-kuq-ne-bujanoc-shperndan-mjete-materiale-familjeve-te-rrezikuara\\\/\",\"url\":\"https:\\\/\\\/kt.gov.rs\\\/sq\\\/kryqi-i-kuq-ne-bujanoc-shperndan-mjete-materiale-familjeve-te-rrezikuara\\\/\",\"name\":\"KRYQI I KUQ N\u00cb BUJANOC SHP\u00cbRNDAN MJETE MATERIALE FAMILJEVE T\u00cb RREZIKUARA - Republika e S\u00ebrbis\u00eb Trupi Koordinues p\u00ebr komunat Bujanoc, Preshev\u00eb dhe Medvegj\u00eb\",\"isPartOf\":{\"@id\":\"https:\\\/\\\/kt.gov.rs\\\/#website\"},\"primaryImageOfPage\":{\"@id\":\"https:\\\/\\\/kt.gov.rs\\\/sq\\\/kryqi-i-kuq-ne-bujanoc-shperndan-mjete-materiale-familjeve-te-rrezikuara\\\/#primaryimage\"},\"image\":{\"@id\":\"https:\\\/\\\/kt.gov.rs\\\/sq\\\/kryqi-i-kuq-ne-bujanoc-shperndan-mjete-materiale-familjeve-te-rrezikuara\\\/#primaryimage\"},\"thumbnailUrl\":\"https:\\\/\\\/kt.gov.rs\\\/wp-content\\\/uploads\\\/2024\\\/07\\\/1622547519_010621_5-3.jpg\",\"datePublished\":\"2021-06-01T00:00:00+00:00\",\"dateModified\":\"2024-07-30T18:00:16+00:00\",\"breadcrumb\":{\"@id\":\"https:\\\/\\\/kt.gov.rs\\\/sq\\\/kryqi-i-kuq-ne-bujanoc-shperndan-mjete-materiale-familjeve-te-rrezikuara\\\/#breadcrumb\"},\"inLanguage\":\"sq-AL\",\"potentialAction\":[{\"@type\":\"ReadAction\",\"target\":[\"https:\\\/\\\/kt.gov.rs\\\/sq\\\/kryqi-i-kuq-ne-bujanoc-shperndan-mjete-materiale-familjeve-te-rrezikuara\\\/\"]}]},{\"@type\":\"ImageObject\",\"inLanguage\":\"sq-AL\",\"@id\":\"https:\\\/\\\/kt.gov.rs\\\/sq\\\/kryqi-i-kuq-ne-bujanoc-shperndan-mjete-materiale-familjeve-te-rrezikuara\\\/#primaryimage\",\"url\":\"https:\\\/\\\/kt.gov.rs\\\/wp-content\\\/uploads\\\/2024\\\/07\\\/1622547519_010621_5-3.jpg\",\"contentUrl\":\"https:\\\/\\\/kt.gov.rs\\\/wp-content\\\/uploads\\\/2024\\\/07\\\/1622547519_010621_5-3.jpg\",\"width\":315,\"height\":230},{\"@type\":\"BreadcrumbList\",\"@id\":\"https:\\\/\\\/kt.gov.rs\\\/sq\\\/kryqi-i-kuq-ne-bujanoc-shperndan-mjete-materiale-familjeve-te-rrezikuara\\\/#breadcrumb\",\"itemListElement\":[{\"@type\":\"ListItem\",\"position\":1,\"name\":\"\u041f\u043e\u0447\u0435\u0442\u043d\u0430\",\"item\":\"https:\\\/\\\/kt.gov.rs\\\/sq\\\/\"},{\"@type\":\"ListItem\",\"position\":2,\"name\":\"KRYQI I KUQ N\u00cb BUJANOC SHP\u00cbRNDAN MJETE MATERIALE FAMILJEVE T\u00cb RREZIKUARA\"}]},{\"@type\":\"WebSite\",\"@id\":\"https:\\\/\\\/kt.gov.rs\\\/#website\",\"url\":\"https:\\\/\\\/kt.gov.rs\\\/\",\"name\":\"\u041a\u043e\u043e\u0440\u0434\u0438\u043d\u0430\u0446\u0438\u043e\u043d\u043e \u0442\u0435\u043b\u043e \u0412\u043b\u0430\u0434\u0435 \u0420\u0435\u043f\u0443\u0431\u043b\u0438\u043a\u0435 \u0421\u0440\u0431\u0438\u0458\u0435 \u0437\u0430 \u043e\u043f\u0448\u0442\u0438\u043d\u0435 \u041f\u0440\u0435\u0448\u0435\u0432\u043e, \u0411\u0443\u0458\u0430\u043d\u043e\u0432\u0430\u0446 \u0438 \u041c\u0435\u0434\u0432\u0435\u0452a\",\"description\":\"\",\"publisher\":{\"@id\":\"https:\\\/\\\/kt.gov.rs\\\/#organization\"},\"alternateName\":\"\u041a\u043e\u043e\u0440\u0434\u0438\u043d\u0430\u0446\u0438\u043e\u043d\u043e \u0442\u0435\u043b\u043e\",\"potentialAction\":[{\"@type\":\"SearchAction\",\"target\":{\"@type\":\"EntryPoint\",\"urlTemplate\":\"https:\\\/\\\/kt.gov.rs\\\/?s={search_term_string}\"},\"query-input\":{\"@type\":\"PropertyValueSpecification\",\"valueRequired\":true,\"valueName\":\"search_term_string\"}}],\"inLanguage\":\"sq-AL\"},{\"@type\":\"Organization\",\"@id\":\"https:\\\/\\\/kt.gov.rs\\\/#organization\",\"name\":\"\u041a\u043e\u043e\u0440\u0434\u0438\u043d\u0430\u0446\u0438\u043e\u043d\u043e \u0442\u0435\u043b\u043e \u0412\u043b\u0430\u0434\u0435 \u0420\u0435\u043f\u0443\u0431\u043b\u0438\u043a\u0435 \u0421\u0440\u0431\u0438\u0458\u0435 \u0437\u0430 \u043e\u043f\u0448\u0442\u0438\u043d\u0435 \u041f\u0440\u0435\u0448\u0435\u0432\u043e, \u0411\u0443\u0458\u0430\u043d\u043e\u0432\u0430\u0446 \u0438 \u041c\u0435\u0434\u0432\u0435\u0452a\",\"alternateName\":\"\u041a\u043e\u043e\u0440\u0434\u0438\u043d\u0430\u0446\u0438\u043e\u043d\u043e \u0442\u0435\u043b\u043e\",\"url\":\"https:\\\/\\\/kt.gov.rs\\\/\",\"logo\":{\"@type\":\"ImageObject\",\"inLanguage\":\"sq-AL\",\"@id\":\"https:\\\/\\\/kt.gov.rs\\\/#\\\/schema\\\/logo\\\/image\\\/\",\"url\":\"https:\\\/\\\/kt.gov.rs\\\/wp-content\\\/uploads\\\/2024\\\/12\\\/koord2.jpg\",\"contentUrl\":\"https:\\\/\\\/kt.gov.rs\\\/wp-content\\\/uploads\\\/2024\\\/12\\\/koord2.jpg\",\"width\":640,\"height\":480,\"caption\":\"\u041a\u043e\u043e\u0440\u0434\u0438\u043d\u0430\u0446\u0438\u043e\u043d\u043e \u0442\u0435\u043b\u043e \u0412\u043b\u0430\u0434\u0435 \u0420\u0435\u043f\u0443\u0431\u043b\u0438\u043a\u0435 \u0421\u0440\u0431\u0438\u0458\u0435 \u0437\u0430 \u043e\u043f\u0448\u0442\u0438\u043d\u0435 \u041f\u0440\u0435\u0448\u0435\u0432\u043e, \u0411\u0443\u0458\u0430\u043d\u043e\u0432\u0430\u0446 \u0438 \u041c\u0435\u0434\u0432\u0435\u0452a\"},\"image\":{\"@id\":\"https:\\\/\\\/kt.gov.rs\\\/#\\\/schema\\\/logo\\\/image\\\/\"},\"sameAs\":[\"https:\\\/\\\/www.facebook.com\\\/SluzbaKoordinacionogTelaVladeRepublikeSrbije\",\"https:\\\/\\\/x.com\\\/kt_gov\",\"https:\\\/\\\/www.youtube.com\\\/@koordinacionotelo\"]},{\"@type\":\"Person\",\"@id\":\"https:\\\/\\\/kt.gov.rs\\\/#\\\/schema\\\/person\\\/e426459ddb4173309103390602694571\",\"name\":\"ktmin\",\"image\":{\"@type\":\"ImageObject\",\"inLanguage\":\"sq-AL\",\"@id\":\"https:\\\/\\\/secure.gravatar.com\\\/avatar\\\/3985c961109853010c3fbc7ba30365bfba5db3dd6c525831d9c595c7525a615a?s=96&d=mm&r=g\",\"url\":\"https:\\\/\\\/secure.gravatar.com\\\/avatar\\\/3985c961109853010c3fbc7ba30365bfba5db3dd6c525831d9c595c7525a615a?s=96&d=mm&r=g\",\"contentUrl\":\"https:\\\/\\\/secure.gravatar.com\\\/avatar\\\/3985c961109853010c3fbc7ba30365bfba5db3dd6c525831d9c595c7525a615a?s=96&d=mm&r=g\",\"caption\":\"ktmin\"},\"sameAs\":[\"https:\\\/\\\/kt.gov.rs\"],\"url\":\"https:\\\/\\\/kt.gov.rs\\\/sq\\\/author\\\/ktmin\\\/\"}]}<\/script>\n<!-- \/ Yoast SEO plugin. -->","yoast_head_json":{"title":"KRYQI I KUQ N\u00cb BUJANOC SHP\u00cbRNDAN MJETE MATERIALE FAMILJEVE T\u00cb RREZIKUARA - Republika e S\u00ebrbis\u00eb Trupi Koordinues p\u00ebr komunat Bujanoc, Preshev\u00eb dhe Medvegj\u00eb","robots":{"index":"index","follow":"follow","max-snippet":"max-snippet:-1","max-image-preview":"max-image-preview:large","max-video-preview":"max-video-preview:-1"},"canonical":"https:\/\/kt.gov.rs\/sq\/kryqi-i-kuq-ne-bujanoc-shperndan-mjete-materiale-familjeve-te-rrezikuara\/","og_locale":"sq_AL","og_type":"article","og_title":"KRYQI I KUQ N\u00cb BUJANOC SHP\u00cbRNDAN MJETE MATERIALE FAMILJEVE T\u00cb RREZIKUARA - Republika e S\u00ebrbis\u00eb Trupi Koordinues p\u00ebr komunat Bujanoc, Preshev\u00eb dhe Medvegj\u00eb","og_description":"Bujanovac - Beograd\u00a0- Kryqi i kuq n\u00eb \u00a0Bujanovac po shp\u00ebrndan ndihm\u00eb financiare p\u00ebr 234 familje m\u00eb t\u00eb rrezikuara n\u00eb komun\u00eb, tha Bratislav Lazarevic, sekretar i Kryqit t\u00eb kuq.","og_url":"https:\/\/kt.gov.rs\/sq\/kryqi-i-kuq-ne-bujanoc-shperndan-mjete-materiale-familjeve-te-rrezikuara\/","og_site_name":"Republika e S\u00ebrbis\u00eb Trupi Koordinues p\u00ebr komunat Bujanoc, Preshev\u00eb dhe Medvegj\u00eb","article_publisher":"https:\/\/www.facebook.com\/SluzbaKoordinacionogTelaVladeRepublikeSrbije","article_published_time":"2021-06-01T00:00:00+00:00","article_modified_time":"2024-07-30T18:00:16+00:00","og_image":[{"width":315,"height":230,"url":"https:\/\/kt.gov.rs\/wp-content\/uploads\/2024\/07\/1622547519_010621_5-3.jpg","type":"image\/jpeg"}],"author":"ktmin","twitter_card":"summary_large_image","twitter_creator":"@kt_gov","twitter_site":"@kt_gov","twitter_misc":{"Written by":"ktmin","Est. reading time":"3 minutes"},"schema":{"@context":"https:\/\/schema.org","@graph":[{"@type":"Article","@id":"https:\/\/kt.gov.rs\/sq\/kryqi-i-kuq-ne-bujanoc-shperndan-mjete-materiale-familjeve-te-rrezikuara\/#article","isPartOf":{"@id":"https:\/\/kt.gov.rs\/sq\/kryqi-i-kuq-ne-bujanoc-shperndan-mjete-materiale-familjeve-te-rrezikuara\/"},"author":{"name":"ktmin","@id":"https:\/\/kt.gov.rs\/#\/schema\/person\/e426459ddb4173309103390602694571"},"headline":"KRYQI I KUQ N\u00cb BUJANOC SHP\u00cbRNDAN MJETE MATERIALE FAMILJEVE T\u00cb RREZIKUARA","datePublished":"2021-06-01T00:00:00+00:00","dateModified":"2024-07-30T18:00:16+00:00","mainEntityOfPage":{"@id":"https:\/\/kt.gov.rs\/sq\/kryqi-i-kuq-ne-bujanoc-shperndan-mjete-materiale-familjeve-te-rrezikuara\/"},"wordCount":610,"publisher":{"@id":"https:\/\/kt.gov.rs\/#organization"},"image":{"@id":"https:\/\/kt.gov.rs\/sq\/kryqi-i-kuq-ne-bujanoc-shperndan-mjete-materiale-familjeve-te-rrezikuara\/#primaryimage"},"thumbnailUrl":"https:\/\/kt.gov.rs\/wp-content\/uploads\/2024\/07\/1622547519_010621_5-3.jpg","articleSection":["Lajme"],"inLanguage":"sq-AL"},{"@type":"WebPage","@id":"https:\/\/kt.gov.rs\/sq\/kryqi-i-kuq-ne-bujanoc-shperndan-mjete-materiale-familjeve-te-rrezikuara\/","url":"https:\/\/kt.gov.rs\/sq\/kryqi-i-kuq-ne-bujanoc-shperndan-mjete-materiale-familjeve-te-rrezikuara\/","name":"KRYQI I KUQ N\u00cb BUJANOC SHP\u00cbRNDAN MJETE MATERIALE FAMILJEVE T\u00cb RREZIKUARA - Republika e S\u00ebrbis\u00eb Trupi Koordinues p\u00ebr komunat Bujanoc, Preshev\u00eb dhe Medvegj\u00eb","isPartOf":{"@id":"https:\/\/kt.gov.rs\/#website"},"primaryImageOfPage":{"@id":"https:\/\/kt.gov.rs\/sq\/kryqi-i-kuq-ne-bujanoc-shperndan-mjete-materiale-familjeve-te-rrezikuara\/#primaryimage"},"image":{"@id":"https:\/\/kt.gov.rs\/sq\/kryqi-i-kuq-ne-bujanoc-shperndan-mjete-materiale-familjeve-te-rrezikuara\/#primaryimage"},"thumbnailUrl":"https:\/\/kt.gov.rs\/wp-content\/uploads\/2024\/07\/1622547519_010621_5-3.jpg","datePublished":"2021-06-01T00:00:00+00:00","dateModified":"2024-07-30T18:00:16+00:00","breadcrumb":{"@id":"https:\/\/kt.gov.rs\/sq\/kryqi-i-kuq-ne-bujanoc-shperndan-mjete-materiale-familjeve-te-rrezikuara\/#breadcrumb"},"inLanguage":"sq-AL","potentialAction":[{"@type":"ReadAction","target":["https:\/\/kt.gov.rs\/sq\/kryqi-i-kuq-ne-bujanoc-shperndan-mjete-materiale-familjeve-te-rrezikuara\/"]}]},{"@type":"ImageObject","inLanguage":"sq-AL","@id":"https:\/\/kt.gov.rs\/sq\/kryqi-i-kuq-ne-bujanoc-shperndan-mjete-materiale-familjeve-te-rrezikuara\/#primaryimage","url":"https:\/\/kt.gov.rs\/wp-content\/uploads\/2024\/07\/1622547519_010621_5-3.jpg","contentUrl":"https:\/\/kt.gov.rs\/wp-content\/uploads\/2024\/07\/1622547519_010621_5-3.jpg","width":315,"height":230},{"@type":"BreadcrumbList","@id":"https:\/\/kt.gov.rs\/sq\/kryqi-i-kuq-ne-bujanoc-shperndan-mjete-materiale-familjeve-te-rrezikuara\/#breadcrumb","itemListElement":[{"@type":"ListItem","position":1,"name":"\u041f\u043e\u0447\u0435\u0442\u043d\u0430","item":"https:\/\/kt.gov.rs\/sq\/"},{"@type":"ListItem","position":2,"name":"KRYQI I KUQ N\u00cb BUJANOC SHP\u00cbRNDAN MJETE MATERIALE FAMILJEVE T\u00cb RREZIKUARA"}]},{"@type":"WebSite","@id":"https:\/\/kt.gov.rs\/#website","url":"https:\/\/kt.gov.rs\/","name":"\u041a\u043e\u043e\u0440\u0434\u0438\u043d\u0430\u0446\u0438\u043e\u043d\u043e \u0442\u0435\u043b\u043e \u0412\u043b\u0430\u0434\u0435 \u0420\u0435\u043f\u0443\u0431\u043b\u0438\u043a\u0435 \u0421\u0440\u0431\u0438\u0458\u0435 \u0437\u0430 \u043e\u043f\u0448\u0442\u0438\u043d\u0435 \u041f\u0440\u0435\u0448\u0435\u0432\u043e, \u0411\u0443\u0458\u0430\u043d\u043e\u0432\u0430\u0446 \u0438 \u041c\u0435\u0434\u0432\u0435\u0452a","description":"","publisher":{"@id":"https:\/\/kt.gov.rs\/#organization"},"alternateName":"\u041a\u043e\u043e\u0440\u0434\u0438\u043d\u0430\u0446\u0438\u043e\u043d\u043e \u0442\u0435\u043b\u043e","potentialAction":[{"@type":"SearchAction","target":{"@type":"EntryPoint","urlTemplate":"https:\/\/kt.gov.rs\/?s={search_term_string}"},"query-input":{"@type":"PropertyValueSpecification","valueRequired":true,"valueName":"search_term_string"}}],"inLanguage":"sq-AL"},{"@type":"Organization","@id":"https:\/\/kt.gov.rs\/#organization","name":"\u041a\u043e\u043e\u0440\u0434\u0438\u043d\u0430\u0446\u0438\u043e\u043d\u043e \u0442\u0435\u043b\u043e \u0412\u043b\u0430\u0434\u0435 \u0420\u0435\u043f\u0443\u0431\u043b\u0438\u043a\u0435 \u0421\u0440\u0431\u0438\u0458\u0435 \u0437\u0430 \u043e\u043f\u0448\u0442\u0438\u043d\u0435 \u041f\u0440\u0435\u0448\u0435\u0432\u043e, \u0411\u0443\u0458\u0430\u043d\u043e\u0432\u0430\u0446 \u0438 \u041c\u0435\u0434\u0432\u0435\u0452a","alternateName":"\u041a\u043e\u043e\u0440\u0434\u0438\u043d\u0430\u0446\u0438\u043e\u043d\u043e \u0442\u0435\u043b\u043e","url":"https:\/\/kt.gov.rs\/","logo":{"@type":"ImageObject","inLanguage":"sq-AL","@id":"https:\/\/kt.gov.rs\/#\/schema\/logo\/image\/","url":"https:\/\/kt.gov.rs\/wp-content\/uploads\/2024\/12\/koord2.jpg","contentUrl":"https:\/\/kt.gov.rs\/wp-content\/uploads\/2024\/12\/koord2.jpg","width":640,"height":480,"caption":"\u041a\u043e\u043e\u0440\u0434\u0438\u043d\u0430\u0446\u0438\u043e\u043d\u043e \u0442\u0435\u043b\u043e \u0412\u043b\u0430\u0434\u0435 \u0420\u0435\u043f\u0443\u0431\u043b\u0438\u043a\u0435 \u0421\u0440\u0431\u0438\u0458\u0435 \u0437\u0430 \u043e\u043f\u0448\u0442\u0438\u043d\u0435 \u041f\u0440\u0435\u0448\u0435\u0432\u043e, \u0411\u0443\u0458\u0430\u043d\u043e\u0432\u0430\u0446 \u0438 \u041c\u0435\u0434\u0432\u0435\u0452a"},"image":{"@id":"https:\/\/kt.gov.rs\/#\/schema\/logo\/image\/"},"sameAs":["https:\/\/www.facebook.com\/SluzbaKoordinacionogTelaVladeRepublikeSrbije","https:\/\/x.com\/kt_gov","https:\/\/www.youtube.com\/@koordinacionotelo"]},{"@type":"Person","@id":"https:\/\/kt.gov.rs\/#\/schema\/person\/e426459ddb4173309103390602694571","name":"ktmin","image":{"@type":"ImageObject","inLanguage":"sq-AL","@id":"https:\/\/secure.gravatar.com\/avatar\/3985c961109853010c3fbc7ba30365bfba5db3dd6c525831d9c595c7525a615a?s=96&d=mm&r=g","url":"https:\/\/secure.gravatar.com\/avatar\/3985c961109853010c3fbc7ba30365bfba5db3dd6c525831d9c595c7525a615a?s=96&d=mm&r=g","contentUrl":"https:\/\/secure.gravatar.com\/avatar\/3985c961109853010c3fbc7ba30365bfba5db3dd6c525831d9c595c7525a615a?s=96&d=mm&r=g","caption":"ktmin"},"sameAs":["https:\/\/kt.gov.rs"],"url":"https:\/\/kt.gov.rs\/sq\/author\/ktmin\/"}]}},"_links":{"self":[{"href":"https:\/\/kt.gov.rs\/sq\/wp-json\/wp\/v2\/posts\/109702","targetHints":{"allow":["GET"]}}],"collection":[{"href":"https:\/\/kt.gov.rs\/sq\/wp-json\/wp\/v2\/posts"}],"about":[{"href":"https:\/\/kt.gov.rs\/sq\/wp-json\/wp\/v2\/types\/post"}],"author":[{"embeddable":true,"href":"https:\/\/kt.gov.rs\/sq\/wp-json\/wp\/v2\/users\/1"}],"replies":[{"embeddable":true,"href":"https:\/\/kt.gov.rs\/sq\/wp-json\/wp\/v2\/comments?post=109702"}],"version-history":[{"count":1,"href":"https:\/\/kt.gov.rs\/sq\/wp-json\/wp\/v2\/posts\/109702\/revisions"}],"predecessor-version":[{"id":109706,"href":"https:\/\/kt.gov.rs\/sq\/wp-json\/wp\/v2\/posts\/109702\/revisions\/109706"}],"wp:featuredmedia":[{"embeddable":true,"href":"https:\/\/kt.gov.rs\/sq\/wp-json\/wp\/v2\/media\/109707"}],"wp:attachment":[{"href":"https:\/\/kt.gov.rs\/sq\/wp-json\/wp\/v2\/media?parent=109702"}],"wp:term":[{"taxonomy":"category","embeddable":true,"href":"https:\/\/kt.gov.rs\/sq\/wp-json\/wp\/v2\/categories?post=109702"},{"taxonomy":"post_tag","embeddable":true,"href":"https:\/\/kt.gov.rs\/sq\/wp-json\/wp\/v2\/tags?post=109702"}],"curies":[{"name":"wp","href":"https:\/\/api.w.org\/{rel}","templated":true}]}}